{"id":47212,"date":"2024-04-29T09:09:05","date_gmt":"2024-04-29T08:09:05","guid":{"rendered":"https:\/\/ihedn.fr\/?p=47212"},"modified":"2025-09-04T17:12:49","modified_gmt":"2025-09-04T16:12:49","slug":"le-satcen-carrefour-europeen-du-renseignement-geospatial","status":"publish","type":"post","link":"https:\/\/ihedn.fr\/en\/notre-selection\/le-satcen-carrefour-europeen-du-renseignement-geospatial\/","title":{"rendered":"SatCen, the European crossroads for geospatial intelligence"},"content":{"rendered":"\t\t<div data-elementor-type=\"wp-post\" data-elementor-id=\"47212\" class=\"elementor elementor-47212\" data-elementor-post-type=\"post\">\n\t\t\t\t<div data-particle_enable=\"false\" data-particle-mobile-disabled=\"false\" class=\"elementor-element elementor-element-f8609d4 e-flex e-con-boxed e-con e-parent\" data-id=\"f8609d4\" data-element_type=\"container\" data-e-type=\"container\">\n\t\t\t\t\t<div class=\"e-con-inner\">\n\t\t\t\t<div class=\"elementor-element elementor-element-0bbc456 elementor-widget elementor-widget-text-editor\" data-id=\"0bbc456\" data-element_type=\"widget\" data-e-type=\"widget\" data-widget_type=\"text-editor.default\">\n\t\t\t\t<div class=\"elementor-widget-container\">\n\t\t\t\t\t\t\t\t\t<p style=\"text-align: left;\">Inconnu du grand public, le Centre satellitaire de l\u2019Union europ\u00e9enne (en anglais\u00a0<em>EU Satellite Centre<\/em>, en abr\u00e9g\u00e9 SatCen) est pourtant un outil majeur de la\u00a0<a href=\"https:\/\/ihedn.fr\/2024\/04\/22\/la-politique-europeenne-de-defense-un-chantier-toujours-en-cours\/\">politique de s\u00e9curit\u00e9 et de d\u00e9fense commune\u00a0<\/a>(PSDC) de l\u2019UE. Le 29 ao\u00fbt dernier, \u00e0 l\u2019occasion d\u2019un conseil d\u2019administration de l\u2019institution bas\u00e9e \u00e0 Madrid, Josep Borrell, vice-pr\u00e9sident de la Commission europ\u00e9enne et Haut repr\u00e9sentant de l&rsquo;Union pour les affaires \u00e9trang\u00e8res et la politique de s\u00e9curit\u00e9 (donc en charge de la PSDC), l\u2019a clairement d\u00e9clar\u00e9\u00a0: \u00ab\u00a0Le Centre satellitaire de l\u2019UE est l\u2019\u0153il de l\u2019Union europ\u00e9enne dans le ciel et un \u00e9l\u00e9ment tr\u00e8s important de la s\u00e9curit\u00e9 de l\u2019UE. Il sert litt\u00e9ralement \u00e0 l\u2019UE \u00e0 obtenir un meilleur panorama des \u00e9volutions la concernant ou des crises dans le monde [&#8230;] Le SatCen doit conserver sa position de centre d\u2019excellence de l\u2019UE pour l\u2019analyse du renseignement g\u00e9ospatial.\u00a0\u00bb La ministre espagnole de la D\u00e9fense, Margarita Robles, ajoutait le m\u00eame jour\u00a0: \u00ab\u00a0L\u2019Espagne est tr\u00e8s fi\u00e8re d\u2019\u00eatre le pays h\u00f4te de ce Centre, qui constitue un magnifique exemple de ce que nous, Europ\u00e9ens, pouvons r\u00e9aliser gr\u00e2ce \u00e0 notre coop\u00e9ration en mati\u00e8re de s\u00e9curit\u00e9 et de d\u00e9fense.\u00a0\u00bb<\/p><p style=\"text-align: left;\">Depuis juin 2019, le SatCen est dirig\u00e9 par l\u2019ambassadeur Sorin Ducaru, diplomate roumain. La semaine derni\u00e8re, il \u00e9tait pr\u00e9sent \u00e0 Paris pour un module du 19e Cours de haut niveau de la PSDC, organis\u00e9 par le Coll\u00e8ge europ\u00e9en de s\u00e9curit\u00e9 et de d\u00e9fense et accueilli par l\u2019IHEDN. Avant son remplacement, le 1er juin prochain, par son adjoint depuis 2021, le capitaine de vaisseau fran\u00e7ais Louis Tillier, Sorin Ducaru revient sur le r\u00f4le et les missions de cette agence europ\u00e9enne.<\/p>\t\t\t\t\t\t\t\t<\/div>\n\t\t\t\t<\/div>\n\t\t\t\t<div class=\"elementor-element elementor-element-dc207c5 elementor-widget elementor-widget-heading\" data-id=\"dc207c5\" data-element_type=\"widget\" data-e-type=\"widget\" data-widget_type=\"heading.default\">\n\t\t\t\t<div class=\"elementor-widget-container\">\n\t\t\t\t\t<h2 class=\"elementor-heading-title elementor-size-default\">QU\u2019EST-CE QUE LE CENTRE SATELLITAIRE DE L\u2019UNION EUROP\u00c9ENNE ?<\/h2>\t\t\t\t<\/div>\n\t\t\t\t<\/div>\n\t\t\t\t<div class=\"elementor-element elementor-element-dcb3601 elementor-widget-divider--view-line elementor-widget elementor-widget-divider\" data-id=\"dcb3601\" data-element_type=\"widget\" data-e-type=\"widget\" data-widget_type=\"divider.default\">\n\t\t\t\t<div class=\"elementor-widget-container\">\n\t\t\t\t\t\t\t<div class=\"elementor-divider\">\n\t\t\t<span class=\"elementor-divider-separator\">\n\t\t\t\t\t\t<\/span>\n\t\t<\/div>\n\t\t\t\t\t\t<\/div>\n\t\t\t\t<\/div>\n\t\t\t\t<div class=\"elementor-element elementor-element-5cc112b elementor-widget elementor-widget-text-editor\" data-id=\"5cc112b\" data-element_type=\"widget\" data-e-type=\"widget\" data-widget_type=\"text-editor.default\">\n\t\t\t\t<div class=\"elementor-widget-container\">\n\t\t\t\t\t\t\t\t\t<p style=\"text-align: left;\">Le Centre satellitaire de l\u2019Union europ\u00e9enne est l\u2019agence autonome d\u2019analyse du renseignement g\u00e9ospatial de l\u2019UE et de ses \u00c9tats membres. Fond\u00e9e en 1992 au sein de l\u2019Union de l\u2019Europe occidentale, devenue en 2002 une agence de l\u2019UE par d\u00e9cision du Conseil europ\u00e9en, elle a donc plus de 30 ans d\u2019exp\u00e9rience op\u00e9rationnelle. Elle est sp\u00e9cialis\u00e9e dans les services d\u2019analyse g\u00e9ospatiale, \u00e0 partir d\u2019imagerie satellitaire principalement, mais aussi de donn\u00e9es issues d\u2019autres sources.<\/p><p style=\"text-align: left;\">Le SatCen adapte ses services pour l\u2019UE, ses \u00c9tats membres et, en leur nom, pour des partenaires internationaux tels que l\u2019ONU, l\u2019Organisation pour l\u2019interdiction des armes chimiques (en anglais\u00a0: OPCW), et l\u2019Organisation pour la s\u00e9curit\u00e9 et la coop\u00e9ration en Europe (OSCE). Son analyse appuie la prise de d\u00e9cision politique et soutient des op\u00e9rations civiles comme militaires men\u00e9es dans le cadre de la politique \u00e9trang\u00e8re et de s\u00e9curit\u00e9 commune (PESC) et de la politique de s\u00e9curit\u00e9 et de d\u00e9fense commune (PSDC).<\/p><p style=\"text-align: left;\">De plus, le centre favorise synergies et compl\u00e9mentarit\u00e9s avec d\u2019autres initiatives europ\u00e9ennes dans l\u2019espace et la s\u00e9curit\u00e9, dont des projets de recherche et d\u00e9veloppement financ\u00e9s en commun. Le SatCen joue aussi un r\u00f4le crucial en tant qu\u2019entit\u00e9 de confiance pour le\u00a0<a href=\"https:\/\/sesa.security.copernicus.eu\/\">Service Copernicus en soutien \u00e0 l\u2019action ext\u00e9rieure et de s\u00e9curit\u00e9<\/a>.<\/p>\t\t\t\t\t\t\t\t<\/div>\n\t\t\t\t<\/div>\n\t\t\t\t<div class=\"elementor-element elementor-element-c62ebd3 elementor-widget elementor-widget-image\" data-id=\"c62ebd3\" data-element_type=\"widget\" data-e-type=\"widget\" data-widget_type=\"image.default\">\n\t\t\t\t<div class=\"elementor-widget-container\">\n\t\t\t\t\t\t\t\t\t\t\t\t\t\t\t<img fetchpriority=\"high\" decoding=\"async\" width=\"1920\" height=\"960\" src=\"https:\/\/ihedn.fr\/wp-content\/uploads\/2024\/04\/Bandeau_SORIN_DUCARU.jpg\" class=\"attachment-full size-full wp-image-47215\" alt=\"l&#039;Ambassadeur Sorin DUCARU, directeur du Centre satelitaire de l&#039;Union europ\u00e9enne\" srcset=\"https:\/\/ihedn.fr\/wp-content\/uploads\/2024\/04\/Bandeau_SORIN_DUCARU.jpg 1920w, https:\/\/ihedn.fr\/wp-content\/uploads\/2024\/04\/Bandeau_SORIN_DUCARU-1536x768.jpg 1536w, https:\/\/ihedn.fr\/wp-content\/uploads\/2024\/04\/Bandeau_SORIN_DUCARU-18x9.jpg 18w\" sizes=\"(max-width: 1920px) 100vw, 1920px\" \/>\t\t\t\t\t\t\t\t\t\t\t\t\t\t\t<\/div>\n\t\t\t\t<\/div>\n\t\t\t\t<div class=\"elementor-element elementor-element-e4bf244 elementor-widget elementor-widget-text-editor\" data-id=\"e4bf244\" data-element_type=\"widget\" data-e-type=\"widget\" data-widget_type=\"text-editor.default\">\n\t\t\t\t<div class=\"elementor-widget-container\">\n\t\t\t\t\t\t\t\t\t<p style=\"text-align: left;\">\u00c0 l\u2019occasion du conseil d\u2019administration de niveau minist\u00e9riel du SatCen en ao\u00fbt 2023, les \u00c9tats membres ont confirm\u00e9 leur intention d\u2019aligner les futures \u00e9volutions de notre agence avec les ambitions croissantes de l\u2019UE en termes de s\u00e9curit\u00e9 et de d\u00e9fense. Ceci peut \u00eatre vu comme une r\u00e9ponse directe aux d\u00e9fis toujours plus nombreux dans le champ de la s\u00e9curit\u00e9 europ\u00e9enne et internationale, comme l\u2019invasion massive de l\u2019Ukraine par la Russie, entre autres crises.<\/p><p style=\"text-align: left;\">Le centre d\u00e9veloppe ses activit\u00e9s dans le cadre de la\u00a0<a href=\"https:\/\/www.eeas.europa.eu\/eeas\/2024-progress-report-implementation-strategic-compass-security-and-defence_en\">Boussole strat\u00e9gique<\/a>, qui appelle \u00e0 renforcer notre capacit\u00e9 de renseignement g\u00e9ospatial autonome d\u2019ici \u00e0 2025, comme d\u00e9taill\u00e9 dans la\u00a0<a href=\"https:\/\/www.eeas.europa.eu\/node\/428071_fr\">strat\u00e9gie spatiale de l\u2019UE pour la s\u00e9curit\u00e9 et la d\u00e9fense<\/a>, ainsi que dans la nouvelle\u00a0<a href=\"https:\/\/ec.europa.eu\/commission\/presscorner\/detail\/fr\/ip_23_1483\">strat\u00e9gie europ\u00e9enne de s\u00fbret\u00e9 maritime<\/a>.<\/p><p style=\"text-align: left;\">La vision du SatCen est d\u2019\u00eatre le \u00ab\u00a0hub\u00a0\u00bb de l\u2019UE pour des prestations de s\u00e9curit\u00e9 et de d\u00e9fense dernier cri, \u00e0 partir de ressources spatiales, en soutien \u00e0 la prise de d\u00e9cision et aux actions men\u00e9es dans le cadre PESC\/PSDC et des politiques spatiales et de s\u00e9curit\u00e9, tout en maximisant les synergies avec les entit\u00e9s comp\u00e9tentes de l\u2019Union ou des \u00c9tats membres.<\/p>\t\t\t\t\t\t\t\t<\/div>\n\t\t\t\t<\/div>\n\t\t\t\t<div class=\"elementor-element elementor-element-df994cb elementor-widget elementor-widget-heading\" data-id=\"df994cb\" data-element_type=\"widget\" data-e-type=\"widget\" data-widget_type=\"heading.default\">\n\t\t\t\t<div class=\"elementor-widget-container\">\n\t\t\t\t\t<h2 class=\"elementor-heading-title elementor-size-default\">QUELLES SONT VOS RESSOURCES ?<\/h2>\t\t\t\t<\/div>\n\t\t\t\t<\/div>\n\t\t\t\t<div class=\"elementor-element elementor-element-4dd5219 elementor-widget-divider--view-line elementor-widget elementor-widget-divider\" data-id=\"4dd5219\" data-element_type=\"widget\" data-e-type=\"widget\" data-widget_type=\"divider.default\">\n\t\t\t\t<div class=\"elementor-widget-container\">\n\t\t\t\t\t\t\t<div class=\"elementor-divider\">\n\t\t\t<span class=\"elementor-divider-separator\">\n\t\t\t\t\t\t<\/span>\n\t\t<\/div>\n\t\t\t\t\t\t<\/div>\n\t\t\t\t<\/div>\n\t\t\t\t<div class=\"elementor-element elementor-element-6a7245f elementor-widget elementor-widget-text-editor\" data-id=\"6a7245f\" data-element_type=\"widget\" data-e-type=\"widget\" data-widget_type=\"text-editor.default\">\n\t\t\t\t<div class=\"elementor-widget-container\">\n\t\t\t\t\t\t\t\t\t<p style=\"text-align: left;\">En ce qui concerne les donn\u00e9es satellitaires, nous nous appuyons sur des prestataires priv\u00e9s, sachant que plus de 85% de ces donn\u00e9es commerciales proviennent de donn\u00e9es satellitaires europ\u00e9ennes. Nous utilisons aussi la constellation de satellites \u00ab\u00a0Sentinel\u00a0\u00bb de Copernicus, le programme europ\u00e9en d\u2019observation de la Terre. Enfin, nous nous appuyons sur les donn\u00e9es issues de satellites gouvernementaux de cinq \u00c9tats membres (France, Allemagne, Italie, Espagne et Luxembourg), qui ont sign\u00e9 l\u2019an dernier un accord-cadre \u00e0 cet effet.<\/p><p style=\"text-align: left;\">En termes de types de capteurs, les donn\u00e9es optiques et les donn\u00e9es des radars \u00e0 synth\u00e8se d\u2019ouverture (RSO) sont principalement utilis\u00e9es pour l&rsquo;analyse, mais nous d\u00e9veloppons depuis peu des applications utilisant l&rsquo;analyse multispectrale et une gamme plus large de donn\u00e9es collat\u00e9rales (donn\u00e9es de g\u00e9olocalisation, donn\u00e9es de radiofr\u00e9quence ou informations en sources ouvertes).<\/p><p style=\"text-align: left;\">En termes de traitement des donn\u00e9es, le SatCen s\u2019est engag\u00e9 ces derni\u00e8res ann\u00e9es dans l\u2019utilisation d\u2019outils informatiques modernes pour le traitement du big data et d&rsquo;outils utilisant l\u2019intelligence artificielle pour la d\u00e9tection automatique et l&rsquo;analyse partielle, dans le but d\u2019outiller l\u2019analyste humain et ainsi augmenter l\u2019efficacit\u00e9, la qualit\u00e9 et la rapidit\u00e9 d\u2019analyse.<\/p><p style=\"text-align: left;\">Le SatCen a \u00e9galement d\u00e9velopp\u00e9 une infrastructure de plateforme informatique s\u00e9curis\u00e9e pour une utilisation rapide, efficace et interactive par ses utilisateurs accr\u00e9dit\u00e9s, \u00e0 savoir les \u00c9tats membres, les organismes accr\u00e9dit\u00e9s de l&rsquo;UE ou les quartiers g\u00e9n\u00e9raux des missions et op\u00e9rations de l&rsquo;UE.<\/p>\t\t\t\t\t\t\t\t<\/div>\n\t\t\t\t<\/div>\n\t\t\t\t<div class=\"elementor-element elementor-element-d194c9e elementor-widget elementor-widget-heading\" data-id=\"d194c9e\" data-element_type=\"widget\" data-e-type=\"widget\" data-widget_type=\"heading.default\">\n\t\t\t\t<div class=\"elementor-widget-container\">\n\t\t\t\t\t<h2 class=\"elementor-heading-title elementor-size-default\">POUR QUELLES MISSIONS LES \u00c9TATS MEMBRES ET INSTITUTIONS EUROP\u00c9ENNES FONT-ILS APPEL \u00c0 VOS SERVICES ?<\/h2>\t\t\t\t<\/div>\n\t\t\t\t<\/div>\n\t\t\t\t<div class=\"elementor-element elementor-element-4bb5b99 elementor-widget-divider--view-line elementor-widget elementor-widget-divider\" data-id=\"4bb5b99\" data-element_type=\"widget\" data-e-type=\"widget\" data-widget_type=\"divider.default\">\n\t\t\t\t<div class=\"elementor-widget-container\">\n\t\t\t\t\t\t\t<div class=\"elementor-divider\">\n\t\t\t<span class=\"elementor-divider-separator\">\n\t\t\t\t\t\t<\/span>\n\t\t<\/div>\n\t\t\t\t\t\t<\/div>\n\t\t\t\t<\/div>\n\t\t\t\t<div class=\"elementor-element elementor-element-c7bc42d elementor-widget elementor-widget-text-editor\" data-id=\"c7bc42d\" data-element_type=\"widget\" data-e-type=\"widget\" data-widget_type=\"text-editor.default\">\n\t\t\t\t<div class=\"elementor-widget-container\">\n\t\t\t\t\t\t\t\t\t<p style=\"text-align: left;\">Gr\u00e2ce \u00e0 ses services de renseignement g\u00e9ospatial, le centre soutient l&rsquo;ensemble des activit\u00e9s de l&rsquo;UE en mati\u00e8re de politique \u00e9trang\u00e8re, de s\u00e9curit\u00e9 et de d\u00e9fense. Les options d&rsquo;analyse couvrent un large \u00e9ventail\u00a0: cela va de l&rsquo;aide humanitaire, des plans d&rsquo;urgence et des pr\u00e9paratifs d&rsquo;\u00e9vacuation, aux questions de non-prolif\u00e9ration des armes de destruction massive et de leur technologie vectorielle, en passant par la surveillance g\u00e9n\u00e9rale s\u00e9curitaire et l&rsquo;analyse sp\u00e9cialis\u00e9e des capacit\u00e9s militaires, des infrastructures critiques ou des installations industrielles. En r\u00e8gle g\u00e9n\u00e9rale, les services du Centre sont ax\u00e9s sur les t\u00e2ches et soutiennent la prise de d\u00e9cision et les actions de ses utilisateurs, renfor\u00e7ant ainsi l\u2019autonomie de l\u2019UE et de ses \u00c9tats membres en mati\u00e8re de connaissance d\u2019une situation sp\u00e9cifique.\u00a0<\/p><p style=\"text-align: left;\">Le Centre soutient \u00e9galement les missions et op\u00e9rations de l&rsquo;UE dans le monde entier (comme les op\u00e9rations Aspide, Irini et Atalante, ou la mission d\u2019observation en G\u00e9orgie). La part de nos services a d\u2019ailleurs quadrupl\u00e9 au cours des trois derni\u00e8res ann\u00e9es, ce qui d\u00e9montre notre r\u00f4le croissant dans les op\u00e9rations de terrain.<\/p><p style=\"text-align: left;\">Dans le cadre de ses activit\u00e9s Copernicus, le SatCen collabore directement avec l&rsquo;Agence europ\u00e9enne de garde-fronti\u00e8res et de garde-c\u00f4tes (Frontex), renfor\u00e7ant ainsi les efforts de l&rsquo;UE en mati\u00e8re de connaissance de la situation, de suivi de la migration irr\u00e9guli\u00e8re et de pr\u00e9vention de la criminalit\u00e9 transfrontali\u00e8re le long des fronti\u00e8res ext\u00e9rieures de l&rsquo;UE.<\/p>\t\t\t\t\t\t\t\t<\/div>\n\t\t\t\t<\/div>\n\t\t\t\t<div class=\"elementor-element elementor-element-b42393a elementor-widget elementor-widget-heading\" data-id=\"b42393a\" data-element_type=\"widget\" data-e-type=\"widget\" data-widget_type=\"heading.default\">\n\t\t\t\t<div class=\"elementor-widget-container\">\n\t\t\t\t\t<h2 class=\"elementor-heading-title elementor-size-default\">POUVEZ-VOUS D\u00c9TAILLER UNE MISSION MEN\u00c9E R\u00c9CEMMENT PAR LE CENTRE ?<\/h2>\t\t\t\t<\/div>\n\t\t\t\t<\/div>\n\t\t\t\t<div class=\"elementor-element elementor-element-7d9f618 elementor-widget-divider--view-line elementor-widget elementor-widget-divider\" data-id=\"7d9f618\" data-element_type=\"widget\" data-e-type=\"widget\" data-widget_type=\"divider.default\">\n\t\t\t\t<div class=\"elementor-widget-container\">\n\t\t\t\t\t\t\t<div class=\"elementor-divider\">\n\t\t\t<span class=\"elementor-divider-separator\">\n\t\t\t\t\t\t<\/span>\n\t\t<\/div>\n\t\t\t\t\t\t<\/div>\n\t\t\t\t<\/div>\n\t\t\t\t<div class=\"elementor-element elementor-element-b3804be elementor-widget elementor-widget-text-editor\" data-id=\"b3804be\" data-element_type=\"widget\" data-e-type=\"widget\" data-widget_type=\"text-editor.default\">\n\t\t\t\t<div class=\"elementor-widget-container\">\n\t\t\t\t\t\t\t\t\t<p style=\"text-align: left;\">Un exemple r\u00e9cent d\u2019une des missions du SatCen, qui visait \u00e0 sauver des vies et \u00e0 ramener les citoyens des pays de l\u2019UE chez eux en toute s\u00e9curit\u00e9, a \u00e9t\u00e9 le soutien \u00e0 la planification de l\u2019\u00e9vacuation de Khartoum (Soudan) l\u2019ann\u00e9e derni\u00e8re. Compte tenu des caract\u00e9ristiques de notre travail, nous ne parlons g\u00e9n\u00e9ralement pas des d\u00e9tails de notre activit\u00e9 op\u00e9rationnelle. Mais en g\u00e9n\u00e9ral, le SatCen effectue plus de 100 analyses chaque semaine, chacune avec un degr\u00e9 \u00e9lev\u00e9 d\u2019urgence et d\u2019importance. \u00c9tant donn\u00e9 que la demande des utilisateurs pour l\u2019analyse SatCen a consid\u00e9rablement augment\u00e9 r\u00e9cemment (la production annuelle a doubl\u00e9 au cours des quatre derni\u00e8res ann\u00e9es), nous avons un processus continu de priorisation des missions de nos utilisateurs.<\/p><p style=\"text-align: left;\">En outre, le Centre a pr\u00e9par\u00e9 des analyses pr\u00e9cises, fiables et en temps r\u00e9el dans le contexte de la guerre d&rsquo;agression russe en Ukraine et de la crise de Gaza.<\/p><p style=\"text-align: left;\">Ces services mettent en \u00e9vidence le poids du SatCen en tant que fournisseur de renseignements g\u00e9ospatiaux de l\u2019UE, et son un r\u00f4le essentiel de facilitateur d\u2019une compr\u00e9hension commune de la s\u00e9curit\u00e9 et de la d\u00e9fense, gr\u00e2ce au partage de connaissance et d\u2019analyse d\u2019une situation.<\/p>\t\t\t\t\t\t\t\t<\/div>\n\t\t\t\t<\/div>\n\t\t\t\t\t<\/div>\n\t\t\t\t<\/div>\n\t\t\t\t<\/div>\n\t\t","protected":false},"excerpt":{"rendered":"<p>Based in Madrid, this little-known institution is the European Union's eye in the sky. Visiting Paris last week, its director, Romanian Sorin Ducaru, explains how it works and what is at stake. Interview.<\/p>","protected":false},"author":10,"featured_media":47213,"comment_status":"closed","ping_status":"closed","sticky":false,"template":"","format":"standard","meta":{"footnotes":""},"categories":[41,171,209],"tags":[],"class_list":["post-47212","post","type-post","status-publish","format-standard","has-post-thumbnail","hentry","category-lundis-de-lihedn","category-notre-selection","category-securite-internationale"],"yoast_head":"<!-- This site is optimized with the Yoast SEO plugin v27.5 - https:\/\/yoast.com\/product\/yoast-seo-wordpress\/ -->\n<title>Le SatCen, carrefour europ\u00e9en du renseignement g\u00e9ospatial - L&#039;IHEDN : Institut des hautes \u00e9tudes de d\u00e9fense nationale<\/title>\n<meta name=\"description\" content=\"Bas\u00e9e \u00e0 Madrid, cette institution m\u00e9connue est l\u2019\u0153il de l\u2019Union europ\u00e9enne dans le ciel. En visite la semaine derni\u00e8re \u00e0 Paris, son directeur, le Roumain Sorin Ducaru, en d\u00e9taille le fonctionnement et les enjeux. Interview.\" \/>\n<meta name=\"robots\" content=\"index, follow, max-snippet:-1, max-image-preview:large, max-video-preview:-1\" \/>\n<link rel=\"canonical\" href=\"https:\/\/ihedn.fr\/en\/notre-selection\/le-satcen-carrefour-europeen-du-renseignement-geospatial\/\" \/>\n<meta property=\"og:locale\" content=\"en_GB\" \/>\n<meta property=\"og:type\" content=\"article\" \/>\n<meta property=\"og:title\" content=\"Le SatCen, carrefour europ\u00e9en du renseignement g\u00e9ospatial\" \/>\n<meta property=\"og:description\" content=\"Bas\u00e9e \u00e0 Madrid, cette institution m\u00e9connue est l\u2019\u0153il de l\u2019Union europ\u00e9enne dans le ciel. En visite la semaine derni\u00e8re \u00e0 Paris, son directeur, le Roumain Sorin Ducaru, en d\u00e9taille le fonctionnement et les enjeux. Interview.\" \/>\n<meta property=\"og:url\" content=\"https:\/\/ihedn.fr\/en\/notre-selection\/le-satcen-carrefour-europeen-du-renseignement-geospatial\/\" \/>\n<meta property=\"og:site_name\" content=\"L&#039;IHEDN : Institut des hautes \u00e9tudes de d\u00e9fense nationale\" \/>\n<meta property=\"article:publisher\" content=\"https:\/\/www.facebook.com\/ihedn\/\" \/>\n<meta property=\"article:published_time\" content=\"2024-04-29T08:09:05+00:00\" \/>\n<meta property=\"article:modified_time\" content=\"2025-09-04T16:12:49+00:00\" \/>\n<meta property=\"og:image\" content=\"https:\/\/ihedn.fr\/wp-content\/uploads\/2024\/04\/VISUEL_SATCEN.jpg\" \/>\n\t<meta property=\"og:image:width\" content=\"1920\" \/>\n\t<meta property=\"og:image:height\" content=\"1080\" \/>\n\t<meta property=\"og:image:type\" content=\"image\/jpeg\" \/>\n<meta name=\"author\" content=\"tanguy.morel@ihedn.fr\" \/>\n<meta name=\"twitter:card\" content=\"summary_large_image\" \/>\n<meta name=\"twitter:title\" content=\"Le SatCen, carrefour europ\u00e9en du renseignement g\u00e9ospatial\" \/>\n<meta name=\"twitter:description\" content=\"Bas\u00e9e \u00e0 Madrid, cette institution m\u00e9connue est l\u2019\u0153il de l\u2019Union europ\u00e9enne dans le ciel. En visite la semaine derni\u00e8re \u00e0 Paris, son directeur, le Roumain Sorin Ducaru, en d\u00e9taille le fonctionnement et les enjeux. Interview.\" \/>\n<meta name=\"twitter:image\" content=\"https:\/\/ihedn.fr\/wp-content\/uploads\/2024\/04\/VISUEL_SATCEN.jpg\" \/>\n<meta name=\"twitter:creator\" content=\"@IHEDN\" \/>\n<meta name=\"twitter:site\" content=\"@IHEDN\" \/>\n<meta name=\"twitter:label1\" content=\"Written by\" \/>\n\t<meta name=\"twitter:data1\" content=\"tanguy.morel@ihedn.fr\" \/>\n\t<meta name=\"twitter:label2\" content=\"Estimated reading time\" \/>\n\t<meta name=\"twitter:data2\" content=\"8 minutes\" \/>\n<script type=\"application\/ld+json\" class=\"yoast-schema-graph\">{\"@context\":\"https:\\\/\\\/schema.org\",\"@graph\":[{\"@type\":\"Article\",\"@id\":\"https:\\\/\\\/ihedn.fr\\\/notre-selection\\\/le-satcen-carrefour-europeen-du-renseignement-geospatial\\\/#article\",\"isPartOf\":{\"@id\":\"https:\\\/\\\/ihedn.fr\\\/notre-selection\\\/le-satcen-carrefour-europeen-du-renseignement-geospatial\\\/\"},\"author\":{\"name\":\"tanguy.morel@ihedn.fr\",\"@id\":\"https:\\\/\\\/ihedn.fr\\\/#\\\/schema\\\/person\\\/ed217a37104b27a246b200e65b827cc7\"},\"headline\":\"Le SatCen, carrefour europ\u00e9en du renseignement g\u00e9ospatial\",\"datePublished\":\"2024-04-29T08:09:05+00:00\",\"dateModified\":\"2025-09-04T16:12:49+00:00\",\"mainEntityOfPage\":{\"@id\":\"https:\\\/\\\/ihedn.fr\\\/notre-selection\\\/le-satcen-carrefour-europeen-du-renseignement-geospatial\\\/\"},\"wordCount\":1597,\"publisher\":{\"@id\":\"https:\\\/\\\/ihedn.fr\\\/#organization\"},\"image\":{\"@id\":\"https:\\\/\\\/ihedn.fr\\\/notre-selection\\\/le-satcen-carrefour-europeen-du-renseignement-geospatial\\\/#primaryimage\"},\"thumbnailUrl\":\"https:\\\/\\\/ihedn.fr\\\/wp-content\\\/uploads\\\/2024\\\/04\\\/VISUEL_SATCEN.jpg\",\"articleSection\":[\"Lundis de l'IHEDN\",\"Notre s\u00e9lection\",\"s\u00e9curit\u00e9 internationale\"],\"inLanguage\":\"en-GB\"},{\"@type\":\"WebPage\",\"@id\":\"https:\\\/\\\/ihedn.fr\\\/notre-selection\\\/le-satcen-carrefour-europeen-du-renseignement-geospatial\\\/\",\"url\":\"https:\\\/\\\/ihedn.fr\\\/notre-selection\\\/le-satcen-carrefour-europeen-du-renseignement-geospatial\\\/\",\"name\":\"Le SatCen, carrefour europ\u00e9en du renseignement g\u00e9ospatial - L&#039;IHEDN : Institut des hautes \u00e9tudes de d\u00e9fense nationale\",\"isPartOf\":{\"@id\":\"https:\\\/\\\/ihedn.fr\\\/#website\"},\"primaryImageOfPage\":{\"@id\":\"https:\\\/\\\/ihedn.fr\\\/notre-selection\\\/le-satcen-carrefour-europeen-du-renseignement-geospatial\\\/#primaryimage\"},\"image\":{\"@id\":\"https:\\\/\\\/ihedn.fr\\\/notre-selection\\\/le-satcen-carrefour-europeen-du-renseignement-geospatial\\\/#primaryimage\"},\"thumbnailUrl\":\"https:\\\/\\\/ihedn.fr\\\/wp-content\\\/uploads\\\/2024\\\/04\\\/VISUEL_SATCEN.jpg\",\"datePublished\":\"2024-04-29T08:09:05+00:00\",\"dateModified\":\"2025-09-04T16:12:49+00:00\",\"description\":\"Bas\u00e9e \u00e0 Madrid, cette institution m\u00e9connue est l\u2019\u0153il de l\u2019Union europ\u00e9enne dans le ciel. En visite la semaine derni\u00e8re \u00e0 Paris, son directeur, le Roumain Sorin Ducaru, en d\u00e9taille le fonctionnement et les enjeux. Interview.\",\"breadcrumb\":{\"@id\":\"https:\\\/\\\/ihedn.fr\\\/notre-selection\\\/le-satcen-carrefour-europeen-du-renseignement-geospatial\\\/#breadcrumb\"},\"inLanguage\":\"en-GB\",\"potentialAction\":[{\"@type\":\"ReadAction\",\"target\":[\"https:\\\/\\\/ihedn.fr\\\/notre-selection\\\/le-satcen-carrefour-europeen-du-renseignement-geospatial\\\/\"]}]},{\"@type\":\"ImageObject\",\"inLanguage\":\"en-GB\",\"@id\":\"https:\\\/\\\/ihedn.fr\\\/notre-selection\\\/le-satcen-carrefour-europeen-du-renseignement-geospatial\\\/#primaryimage\",\"url\":\"https:\\\/\\\/ihedn.fr\\\/wp-content\\\/uploads\\\/2024\\\/04\\\/VISUEL_SATCEN.jpg\",\"contentUrl\":\"https:\\\/\\\/ihedn.fr\\\/wp-content\\\/uploads\\\/2024\\\/04\\\/VISUEL_SATCEN.jpg\",\"width\":1920,\"height\":1080,\"caption\":\"Le SatCen, carrefour europ\u00e9en du renseignement g\u00e9ospatial\"},{\"@type\":\"BreadcrumbList\",\"@id\":\"https:\\\/\\\/ihedn.fr\\\/notre-selection\\\/le-satcen-carrefour-europeen-du-renseignement-geospatial\\\/#breadcrumb\",\"itemListElement\":[{\"@type\":\"ListItem\",\"position\":1,\"name\":\"Accueil\",\"item\":\"https:\\\/\\\/ihedn.fr\\\/\"},{\"@type\":\"ListItem\",\"position\":2,\"name\":\"Le SatCen, carrefour europ\u00e9en du renseignement g\u00e9ospatial\"}]},{\"@type\":\"WebSite\",\"@id\":\"https:\\\/\\\/ihedn.fr\\\/#website\",\"url\":\"https:\\\/\\\/ihedn.fr\\\/\",\"name\":\"IHEDN : Institut des hautes \u00e9tudes de d\u00e9fense nationale |\",\"description\":\"Site officiel de l&#039;IHEDN plac\u00e9 sous la tutelle du Premier ministre.\",\"publisher\":{\"@id\":\"https:\\\/\\\/ihedn.fr\\\/#organization\"},\"potentialAction\":[{\"@type\":\"SearchAction\",\"target\":{\"@type\":\"EntryPoint\",\"urlTemplate\":\"https:\\\/\\\/ihedn.fr\\\/?s={search_term_string}\"},\"query-input\":{\"@type\":\"PropertyValueSpecification\",\"valueRequired\":true,\"valueName\":\"search_term_string\"}}],\"inLanguage\":\"en-GB\"},{\"@type\":\"Organization\",\"@id\":\"https:\\\/\\\/ihedn.fr\\\/#organization\",\"name\":\"IHEDN - Institut des Hautes Etudes de D\u00e9fense Nationale\",\"url\":\"https:\\\/\\\/ihedn.fr\\\/\",\"logo\":{\"@type\":\"ImageObject\",\"inLanguage\":\"en-GB\",\"@id\":\"https:\\\/\\\/ihedn.fr\\\/#\\\/schema\\\/logo\\\/image\\\/\",\"url\":\"https:\\\/\\\/ihedn.fr\\\/wp-content\\\/uploads\\\/2020\\\/11\\\/BLOC_RF_IHEDN_WEB.png\",\"contentUrl\":\"https:\\\/\\\/ihedn.fr\\\/wp-content\\\/uploads\\\/2020\\\/11\\\/BLOC_RF_IHEDN_WEB.png\",\"width\":500,\"height\":237,\"caption\":\"IHEDN - Institut des Hautes Etudes de D\u00e9fense Nationale\"},\"image\":{\"@id\":\"https:\\\/\\\/ihedn.fr\\\/#\\\/schema\\\/logo\\\/image\\\/\"},\"sameAs\":[\"https:\\\/\\\/www.facebook.com\\\/ihedn\\\/\",\"https:\\\/\\\/x.com\\\/IHEDN\",\"https:\\\/\\\/www.instagram.com\\\/ihedn\\\/\",\"https:\\\/\\\/www.linkedin.com\\\/school\\\/ihedn\\\/\",\"https:\\\/\\\/fr.wikipedia.org\\\/wiki\\\/Institut_des_hautes_\u00e9tudes_de_D\u00e9fense_nationale\"]},{\"@type\":\"Person\",\"@id\":\"https:\\\/\\\/ihedn.fr\\\/#\\\/schema\\\/person\\\/ed217a37104b27a246b200e65b827cc7\",\"name\":\"tanguy.morel@ihedn.fr\",\"image\":{\"@type\":\"ImageObject\",\"inLanguage\":\"en-GB\",\"@id\":\"https:\\\/\\\/secure.gravatar.com\\\/avatar\\\/36877cd30919fafddf1f9da45f4154aa468a64328452f2ceaff0968772207348?s=96&d=mm&r=g\",\"url\":\"https:\\\/\\\/secure.gravatar.com\\\/avatar\\\/36877cd30919fafddf1f9da45f4154aa468a64328452f2ceaff0968772207348?s=96&d=mm&r=g\",\"contentUrl\":\"https:\\\/\\\/secure.gravatar.com\\\/avatar\\\/36877cd30919fafddf1f9da45f4154aa468a64328452f2ceaff0968772207348?s=96&d=mm&r=g\",\"caption\":\"tanguy.morel@ihedn.fr\"},\"url\":\"https:\\\/\\\/ihedn.fr\\\/en\\\/author\\\/tanguy-morelihedn-fr\\\/\"}]}<\/script>\n<!-- \/ Yoast SEO plugin. -->","yoast_head_json":{"title":"SatCen, the European crossroads for geospatial intelligence - IHEDN: Institut des hautes \u00e9tudes de d\u00e9fense nationale (French Institute for Higher National Defence Studies)","description":"Based in Madrid, this little-known institution is the European Union's eye in the sky. Visiting Paris last week, its director, Romanian Sorin Ducaru, explains how it works and what is at stake. Interview.","robots":{"index":"index","follow":"follow","max-snippet":"max-snippet:-1","max-image-preview":"max-image-preview:large","max-video-preview":"max-video-preview:-1"},"canonical":"https:\/\/ihedn.fr\/en\/notre-selection\/le-satcen-carrefour-europeen-du-renseignement-geospatial\/","og_locale":"en_GB","og_type":"article","og_title":"Le SatCen, carrefour europ\u00e9en du renseignement g\u00e9ospatial","og_description":"Bas\u00e9e \u00e0 Madrid, cette institution m\u00e9connue est l\u2019\u0153il de l\u2019Union europ\u00e9enne dans le ciel. En visite la semaine derni\u00e8re \u00e0 Paris, son directeur, le Roumain Sorin Ducaru, en d\u00e9taille le fonctionnement et les enjeux. Interview.","og_url":"https:\/\/ihedn.fr\/en\/notre-selection\/le-satcen-carrefour-europeen-du-renseignement-geospatial\/","og_site_name":"L&#039;IHEDN : Institut des hautes \u00e9tudes de d\u00e9fense nationale","article_publisher":"https:\/\/www.facebook.com\/ihedn\/","article_published_time":"2024-04-29T08:09:05+00:00","article_modified_time":"2025-09-04T16:12:49+00:00","og_image":[{"width":1920,"height":1080,"url":"https:\/\/ihedn.fr\/wp-content\/uploads\/2024\/04\/VISUEL_SATCEN.jpg","type":"image\/jpeg"}],"author":"tanguy.morel@ihedn.fr","twitter_card":"summary_large_image","twitter_title":"Le SatCen, carrefour europ\u00e9en du renseignement g\u00e9ospatial","twitter_description":"Bas\u00e9e \u00e0 Madrid, cette institution m\u00e9connue est l\u2019\u0153il de l\u2019Union europ\u00e9enne dans le ciel. En visite la semaine derni\u00e8re \u00e0 Paris, son directeur, le Roumain Sorin Ducaru, en d\u00e9taille le fonctionnement et les enjeux. Interview.","twitter_image":"https:\/\/ihedn.fr\/wp-content\/uploads\/2024\/04\/VISUEL_SATCEN.jpg","twitter_creator":"@IHEDN","twitter_site":"@IHEDN","twitter_misc":{"Written by":"tanguy.morel@ihedn.fr","Estimated reading time":"8 minutes"},"schema":{"@context":"https:\/\/schema.org","@graph":[{"@type":"Article","@id":"https:\/\/ihedn.fr\/notre-selection\/le-satcen-carrefour-europeen-du-renseignement-geospatial\/#article","isPartOf":{"@id":"https:\/\/ihedn.fr\/notre-selection\/le-satcen-carrefour-europeen-du-renseignement-geospatial\/"},"author":{"name":"tanguy.morel@ihedn.fr","@id":"https:\/\/ihedn.fr\/#\/schema\/person\/ed217a37104b27a246b200e65b827cc7"},"headline":"Le SatCen, carrefour europ\u00e9en du renseignement g\u00e9ospatial","datePublished":"2024-04-29T08:09:05+00:00","dateModified":"2025-09-04T16:12:49+00:00","mainEntityOfPage":{"@id":"https:\/\/ihedn.fr\/notre-selection\/le-satcen-carrefour-europeen-du-renseignement-geospatial\/"},"wordCount":1597,"publisher":{"@id":"https:\/\/ihedn.fr\/#organization"},"image":{"@id":"https:\/\/ihedn.fr\/notre-selection\/le-satcen-carrefour-europeen-du-renseignement-geospatial\/#primaryimage"},"thumbnailUrl":"https:\/\/ihedn.fr\/wp-content\/uploads\/2024\/04\/VISUEL_SATCEN.jpg","articleSection":["Lundis de l'IHEDN","Notre s\u00e9lection","s\u00e9curit\u00e9 internationale"],"inLanguage":"en-GB"},{"@type":"WebPage","@id":"https:\/\/ihedn.fr\/notre-selection\/le-satcen-carrefour-europeen-du-renseignement-geospatial\/","url":"https:\/\/ihedn.fr\/notre-selection\/le-satcen-carrefour-europeen-du-renseignement-geospatial\/","name":"SatCen, the European crossroads for geospatial intelligence - IHEDN: Institut des hautes \u00e9tudes de d\u00e9fense nationale (French Institute for Higher National Defence Studies)","isPartOf":{"@id":"https:\/\/ihedn.fr\/#website"},"primaryImageOfPage":{"@id":"https:\/\/ihedn.fr\/notre-selection\/le-satcen-carrefour-europeen-du-renseignement-geospatial\/#primaryimage"},"image":{"@id":"https:\/\/ihedn.fr\/notre-selection\/le-satcen-carrefour-europeen-du-renseignement-geospatial\/#primaryimage"},"thumbnailUrl":"https:\/\/ihedn.fr\/wp-content\/uploads\/2024\/04\/VISUEL_SATCEN.jpg","datePublished":"2024-04-29T08:09:05+00:00","dateModified":"2025-09-04T16:12:49+00:00","description":"Based in Madrid, this little-known institution is the European Union's eye in the sky. Visiting Paris last week, its director, Romanian Sorin Ducaru, explains how it works and what is at stake. Interview.","breadcrumb":{"@id":"https:\/\/ihedn.fr\/notre-selection\/le-satcen-carrefour-europeen-du-renseignement-geospatial\/#breadcrumb"},"inLanguage":"en-GB","potentialAction":[{"@type":"ReadAction","target":["https:\/\/ihedn.fr\/notre-selection\/le-satcen-carrefour-europeen-du-renseignement-geospatial\/"]}]},{"@type":"ImageObject","inLanguage":"en-GB","@id":"https:\/\/ihedn.fr\/notre-selection\/le-satcen-carrefour-europeen-du-renseignement-geospatial\/#primaryimage","url":"https:\/\/ihedn.fr\/wp-content\/uploads\/2024\/04\/VISUEL_SATCEN.jpg","contentUrl":"https:\/\/ihedn.fr\/wp-content\/uploads\/2024\/04\/VISUEL_SATCEN.jpg","width":1920,"height":1080,"caption":"Le SatCen, carrefour europ\u00e9en du renseignement g\u00e9ospatial"},{"@type":"BreadcrumbList","@id":"https:\/\/ihedn.fr\/notre-selection\/le-satcen-carrefour-europeen-du-renseignement-geospatial\/#breadcrumb","itemListElement":[{"@type":"ListItem","position":1,"name":"Accueil","item":"https:\/\/ihedn.fr\/"},{"@type":"ListItem","position":2,"name":"Le SatCen, carrefour europ\u00e9en du renseignement g\u00e9ospatial"}]},{"@type":"WebSite","@id":"https:\/\/ihedn.fr\/#website","url":"https:\/\/ihedn.fr\/","name":"IHEDN: Institut des hautes \u00e9tudes de d\u00e9fense nationale (Institute for Higher National Defence Studies)","description":"Official website of the IHEDN under the supervision of the Prime Minister.","publisher":{"@id":"https:\/\/ihedn.fr\/#organization"},"potentialAction":[{"@type":"SearchAction","target":{"@type":"EntryPoint","urlTemplate":"https:\/\/ihedn.fr\/?s={search_term_string}"},"query-input":{"@type":"PropertyValueSpecification","valueRequired":true,"valueName":"search_term_string"}}],"inLanguage":"en-GB"},{"@type":"Organization","@id":"https:\/\/ihedn.fr\/#organization","name":"IHEDN - Institute for Higher National Defence Studies","url":"https:\/\/ihedn.fr\/","logo":{"@type":"ImageObject","inLanguage":"en-GB","@id":"https:\/\/ihedn.fr\/#\/schema\/logo\/image\/","url":"https:\/\/ihedn.fr\/wp-content\/uploads\/2020\/11\/BLOC_RF_IHEDN_WEB.png","contentUrl":"https:\/\/ihedn.fr\/wp-content\/uploads\/2020\/11\/BLOC_RF_IHEDN_WEB.png","width":500,"height":237,"caption":"IHEDN - Institut des Hautes Etudes de D\u00e9fense Nationale"},"image":{"@id":"https:\/\/ihedn.fr\/#\/schema\/logo\/image\/"},"sameAs":["https:\/\/www.facebook.com\/ihedn\/","https:\/\/x.com\/IHEDN","https:\/\/www.instagram.com\/ihedn\/","https:\/\/www.linkedin.com\/school\/ihedn\/","https:\/\/fr.wikipedia.org\/wiki\/Institut_des_hautes_\u00e9tudes_de_D\u00e9fense_nationale"]},{"@type":"Person","@id":"https:\/\/ihedn.fr\/#\/schema\/person\/ed217a37104b27a246b200e65b827cc7","name":"tanguy.morel@ihedn.fr","image":{"@type":"ImageObject","inLanguage":"en-GB","@id":"https:\/\/secure.gravatar.com\/avatar\/36877cd30919fafddf1f9da45f4154aa468a64328452f2ceaff0968772207348?s=96&d=mm&r=g","url":"https:\/\/secure.gravatar.com\/avatar\/36877cd30919fafddf1f9da45f4154aa468a64328452f2ceaff0968772207348?s=96&d=mm&r=g","contentUrl":"https:\/\/secure.gravatar.com\/avatar\/36877cd30919fafddf1f9da45f4154aa468a64328452f2ceaff0968772207348?s=96&d=mm&r=g","caption":"tanguy.morel@ihedn.fr"},"url":"https:\/\/ihedn.fr\/en\/author\/tanguy-morelihedn-fr\/"}]}},"publishpress_future_action":{"enabled":false,"date":"2026-05-07 00:26:27","action":"change-status","newStatus":"draft","terms":[],"taxonomy":"category","extraData":[]},"publishpress_future_workflow_manual_trigger":{"enabledWorkflows":[]},"_links":{"self":[{"href":"https:\/\/ihedn.fr\/en\/wp-json\/wp\/v2\/posts\/47212","targetHints":{"allow":["GET"]}}],"collection":[{"href":"https:\/\/ihedn.fr\/en\/wp-json\/wp\/v2\/posts"}],"about":[{"href":"https:\/\/ihedn.fr\/en\/wp-json\/wp\/v2\/types\/post"}],"author":[{"embeddable":true,"href":"https:\/\/ihedn.fr\/en\/wp-json\/wp\/v2\/users\/10"}],"replies":[{"embeddable":true,"href":"https:\/\/ihedn.fr\/en\/wp-json\/wp\/v2\/comments?post=47212"}],"version-history":[{"count":12,"href":"https:\/\/ihedn.fr\/en\/wp-json\/wp\/v2\/posts\/47212\/revisions"}],"predecessor-version":[{"id":53813,"href":"https:\/\/ihedn.fr\/en\/wp-json\/wp\/v2\/posts\/47212\/revisions\/53813"}],"wp:featuredmedia":[{"embeddable":true,"href":"https:\/\/ihedn.fr\/en\/wp-json\/wp\/v2\/media\/47213"}],"wp:attachment":[{"href":"https:\/\/ihedn.fr\/en\/wp-json\/wp\/v2\/media?parent=47212"}],"wp:term":[{"taxonomy":"category","embeddable":true,"href":"https:\/\/ihedn.fr\/en\/wp-json\/wp\/v2\/categories?post=47212"},{"taxonomy":"post_tag","embeddable":true,"href":"https:\/\/ihedn.fr\/en\/wp-json\/wp\/v2\/tags?post=47212"}],"curies":[{"name":"wp","href":"https:\/\/api.w.org\/{rel}","templated":true}]}}