{"id":47253,"date":"2024-05-03T11:40:30","date_gmt":"2024-05-03T10:40:30","guid":{"rendered":"https:\/\/ihedn.fr\/?p=47253"},"modified":"2024-05-07T08:30:03","modified_gmt":"2024-05-07T07:30:03","slug":"la-majeure-armement-et-economie-de-defense-explore-le-secteur-aeronautique-et-spatial","status":"publish","type":"post","link":"https:\/\/ihedn.fr\/en\/uncategorized\/la-majeure-armement-et-economie-de-defense-explore-le-secteur-aeronautique-et-spatial\/","title":{"rendered":"The Armaments and Defence Economics major explores the aeronautics and space sector"},"content":{"rendered":"<div data-elementor-type=\"wp-post\" data-elementor-id=\"47253\" class=\"elementor elementor-47253\" data-elementor-post-type=\"post\">\n\t\t\t\t<div data-particle_enable=\"false\" data-particle-mobile-disabled=\"false\" class=\"elementor-element elementor-element-93a82e0 e-con-full e-flex e-con e-parent\" data-id=\"93a82e0\" data-element_type=\"container\" data-e-type=\"container\">\n\t\t\t\t<div class=\"elementor-element elementor-element-79a2a8c elementor-widget elementor-widget-text-editor\" data-id=\"79a2a8c\" data-element_type=\"widget\" data-e-type=\"widget\" data-widget_type=\"text-editor.default\">\n\t\t\t\t<div class=\"elementor-widget-container\">\n\t\t\t\t\t\t\t\t\t<p>The first visit was to CNES, where the auditors were given joint presentations by CNES and the Space Command, which served as a reminder of CNES's major contribution to the influence of French space policy and put the Space Command's missions into perspective.<\/p><p>Then, thanks to various visits and workshops at the Earth Observation Laboratory, the Pleiades satellite control centre and the non-magnetic laboratory, participants were able to get an overview of CNES's civil and military space activities.<\/p><p>Later, the auditors discovered a DTIB SME by visiting AGENIUM, an integrator of complex solutions, which brings together different areas of expertise, ranging from simulation to embedded Artificial Intelligence, including obsolescence management and SSA (Space Surveillance).<\/p><p>Finally, the following day, the IHEDN delegation visited Airbus Defence &amp; Space, Europe's space industrial champion, and Safran Power Units, a leader in auxiliary power systems and turbojet engines. They were able to appreciate the reality of a real ramp-up in production to meet the needs of a war economy.<\/p><p>The IHEDN delegation appreciated the warm welcome they received at the various sites.<\/p>\t\t\t\t\t\t\t\t<\/div>\n\t\t\t\t<\/div>\n\t\t\t\t<div class=\"elementor-element elementor-element-69e3022 gallery-spacing-custom elementor-widget elementor-widget-image-gallery\" data-id=\"69e3022\" data-element_type=\"widget\" data-e-type=\"widget\" data-widget_type=\"image-gallery.default\">\n\t\t\t\t<div class=\"elementor-widget-container\">\n\t\t\t\t\t\t\t<div class=\"elementor-image-gallery\">\n\t\t\t<div id='gallery-1' class='gallery galleryid-47253 gallery-columns-4 gallery-size-medium'><figure class='gallery-item'>\n\t\t\t<div class='gallery-icon landscape'>\n\t\t\t\t<a data-elementor-open-lightbox=\"yes\" data-elementor-lightbox-slideshow=\"69e3022\" data-e-action-hash=\"#elementor-action%3Aaction%3Dlightbox%26settings%3DeyJpZCI6NDcyNTcsInVybCI6Imh0dHBzOlwvXC9paGVkbi5mclwvd3AtY29udGVudFwvdXBsb2Fkc1wvMjAyNFwvMDVcL0FFRC0yLmpwZyIsInNsaWRlc2hvdyI6IjY5ZTMwMjIifQ%3D%3D\" href='https:\/\/ihedn.fr\/wp-content\/uploads\/2024\/05\/AED-2.jpg'><img fetchpriority=\"high\" decoding=\"async\" width=\"300\" height=\"300\" src=\"https:\/\/ihedn.fr\/wp-content\/uploads\/2024\/05\/AED-2-300x300.jpg\" class=\"attachment-medium size-medium\" alt=\"\" aria-describedby=\"gallery-1-47257\" srcset=\"https:\/\/ihedn.fr\/wp-content\/uploads\/2024\/05\/AED-2-300x300.jpg 300w, https:\/\/ihedn.fr\/wp-content\/uploads\/2024\/05\/AED-2-150x150.jpg 150w\" sizes=\"(max-width: 300px) 100vw, 300px\" \/><\/a>\n\t\t\t<\/div>\n\t\t\t\t<figcaption class='wp-caption-text gallery-caption' id='gallery-1-47257'>\n\t\t\t\tJo\u00ebl Castets, Chairman of AGENIUM, and Engineer General of Armaments (2S) Etienne Paris, Head of the AED Major at IHEDN.\n\t\t\t\t<\/figcaption><\/figure><figure class='gallery-item'>\n\t\t\t<div class='gallery-icon portrait'>\n\t\t\t\t<a data-elementor-open-lightbox=\"yes\" data-elementor-lightbox-slideshow=\"69e3022\" data-e-action-hash=\"#elementor-action%3Aaction%3Dlightbox%26settings%3DeyJpZCI6NDcyNTgsInVybCI6Imh0dHBzOlwvXC9paGVkbi5mclwvd3AtY29udGVudFwvdXBsb2Fkc1wvMjAyNFwvMDVcL0FFRC0zLmpwZyIsInNsaWRlc2hvdyI6IjY5ZTMwMjIifQ%3D%3D\" href='https:\/\/ihedn.fr\/wp-content\/uploads\/2024\/05\/AED-3.jpg'><img decoding=\"async\" width=\"300\" height=\"300\" src=\"https:\/\/ihedn.fr\/wp-content\/uploads\/2024\/05\/AED-3-300x300.jpg\" class=\"attachment-medium size-medium\" alt=\"\" aria-describedby=\"gallery-1-47258\" srcset=\"https:\/\/ihedn.fr\/wp-content\/uploads\/2024\/05\/AED-3-300x300.jpg 300w, https:\/\/ihedn.fr\/wp-content\/uploads\/2024\/05\/AED-3-150x150.jpg 150w\" sizes=\"(max-width: 300px) 100vw, 300px\" \/><\/a>\n\t\t\t<\/div>\n\t\t\t\t<figcaption class='wp-caption-text gallery-caption' id='gallery-1-47258'>\n\t\t\t\tTraining simulator at AGENIUM\n\t\t\t\t<\/figcaption><\/figure><figure class='gallery-item'>\n\t\t\t<div class='gallery-icon landscape'>\n\t\t\t\t<a data-elementor-open-lightbox=\"yes\" data-elementor-lightbox-slideshow=\"69e3022\" data-e-action-hash=\"#elementor-action%3Aaction%3Dlightbox%26settings%3DeyJpZCI6NDcyNTksInVybCI6Imh0dHBzOlwvXC9paGVkbi5mclwvd3AtY29udGVudFwvdXBsb2Fkc1wvMjAyNFwvMDVcL0FFRC00LmpwZyIsInNsaWRlc2hvdyI6IjY5ZTMwMjIifQ%3D%3D\" href='https:\/\/ihedn.fr\/wp-content\/uploads\/2024\/05\/AED-4.jpg'><img decoding=\"async\" width=\"300\" height=\"300\" src=\"https:\/\/ihedn.fr\/wp-content\/uploads\/2024\/05\/AED-4-300x300.jpg\" class=\"attachment-medium size-medium\" alt=\"\" aria-describedby=\"gallery-1-47259\" srcset=\"https:\/\/ihedn.fr\/wp-content\/uploads\/2024\/05\/AED-4-300x300.jpg 300w, https:\/\/ihedn.fr\/wp-content\/uploads\/2024\/05\/AED-4-150x150.jpg 150w, https:\/\/ihedn.fr\/wp-content\/uploads\/2024\/05\/AED-4-768x768.jpg 768w\" sizes=\"(max-width: 300px) 100vw, 300px\" \/><\/a>\n\t\t\t<\/div>\n\t\t\t\t<figcaption class='wp-caption-text gallery-caption' id='gallery-1-47259'>\n\t\t\t\tThe AED major at SAFRAN Power Units\n\t\t\t\t<\/figcaption><\/figure><figure class='gallery-item'>\n\t\t\t<div class='gallery-icon landscape'>\n\t\t\t\t<a data-elementor-open-lightbox=\"yes\" data-elementor-lightbox-slideshow=\"69e3022\" data-e-action-hash=\"#elementor-action%3Aaction%3Dlightbox%26settings%3DeyJpZCI6NDcyNjAsInVybCI6Imh0dHBzOlwvXC9paGVkbi5mclwvd3AtY29udGVudFwvdXBsb2Fkc1wvMjAyNFwvMDVcL0FFRC01LmpwZyIsInNsaWRlc2hvdyI6IjY5ZTMwMjIifQ%3D%3D\" href='https:\/\/ihedn.fr\/wp-content\/uploads\/2024\/05\/AED-5.jpg'><img loading=\"lazy\" decoding=\"async\" width=\"300\" height=\"300\" src=\"https:\/\/ihedn.fr\/wp-content\/uploads\/2024\/05\/AED-5-300x300.jpg\" class=\"attachment-medium size-medium\" alt=\"\" aria-describedby=\"gallery-1-47260\" srcset=\"https:\/\/ihedn.fr\/wp-content\/uploads\/2024\/05\/AED-5-300x300.jpg 300w, https:\/\/ihedn.fr\/wp-content\/uploads\/2024\/05\/AED-5-150x150.jpg 150w, https:\/\/ihedn.fr\/wp-content\/uploads\/2024\/05\/AED-5-768x768.jpg 768w\" sizes=\"(max-width: 300px) 100vw, 300px\" \/><\/a>\n\t\t\t<\/div>\n\t\t\t\t<figcaption class='wp-caption-text gallery-caption' id='gallery-1-47260'>\n\t\t\t\tThe AED major at SAFRAN Power Units\n\t\t\t\t<\/figcaption><\/figure>\n\t\t<\/div>\n\t\t<\/div>\n\t\t\t\t\t\t<\/div>\n\t\t\t\t<\/div>\n\t\t\t\t<\/div>\n\t\t\t\t<\/div>","protected":false},"excerpt":{"rendered":"<p>On 25 and 26 April, the 60th class of the \"Armaments and Defence Economics\" major of the IHEDN national session travelled to Toulouse for a study mission devoted to the aeronautics and space sector.<\/p>","protected":false},"author":12,"featured_media":47254,"comment_status":"closed","ping_status":"closed","sticky":false,"template":"","format":"standard","meta":{"footnotes":""},"categories":[172,1],"tags":[],"class_list":["post-47253","post","type-post","status-publish","format-standard","has-post-thumbnail","hentry","category-notre-actualite","category-uncategorized"],"yoast_head":"<!-- This site is optimized with the Yoast SEO plugin v27.5 - https:\/\/yoast.com\/product\/yoast-seo-wordpress\/ -->\n<title>La majeure Armement et \u00e9conomie de d\u00e9fense explore le secteur a\u00e9ronautique et spatial - L&#039;IHEDN : Institut des hautes \u00e9tudes de d\u00e9fense nationale<\/title>\n<meta name=\"description\" content=\"Les 25 et 26 avril la 60\u00e8 promotion de la majeure \u00ab Armement et Economie de d\u00e9fense \u00bb de la session nationale de l\u2019IHEDN s\u2019est rendue \u00e0 Toulouse pour une mission d\u2019\u00e9tude consacr\u00e9e au secteur a\u00e9ronautique et spatial.\" \/>\n<meta name=\"robots\" content=\"index, follow, max-snippet:-1, max-image-preview:large, max-video-preview:-1\" \/>\n<link rel=\"canonical\" href=\"https:\/\/ihedn.fr\/en\/uncategorized\/la-majeure-armement-et-economie-de-defense-explore-le-secteur-aeronautique-et-spatial\/\" \/>\n<meta property=\"og:locale\" content=\"en_GB\" \/>\n<meta property=\"og:type\" content=\"article\" \/>\n<meta property=\"og:title\" content=\"La majeure Armement et \u00e9conomie de d\u00e9fense explore le secteur a\u00e9ronautique et spatial La majeure Armement et \u00e9conomie de d\u00e9fense explore le secteur a\u00e9ronautique et spatial\" \/>\n<meta property=\"og:description\" content=\"Les 25 et 26 avril la 60\u00e8 promotion de la majeure \u00ab Armement et Economie de d\u00e9fense \u00bb de l\u2019IHEDN s\u2019est rendue \u00e0 Toulouse pour une mission d\u2019\u00e9tude consacr\u00e9e au secteur a\u00e9ronautique et spatial.\" \/>\n<meta property=\"og:url\" content=\"https:\/\/ihedn.fr\/en\/uncategorized\/la-majeure-armement-et-economie-de-defense-explore-le-secteur-aeronautique-et-spatial\/\" \/>\n<meta property=\"og:site_name\" content=\"L&#039;IHEDN : Institut des hautes \u00e9tudes de d\u00e9fense nationale\" \/>\n<meta property=\"article:publisher\" content=\"https:\/\/www.facebook.com\/ihedn\/\" \/>\n<meta property=\"article:published_time\" content=\"2024-05-03T10:40:30+00:00\" \/>\n<meta property=\"article:modified_time\" content=\"2024-05-07T07:30:03+00:00\" \/>\n<meta property=\"og:image\" content=\"https:\/\/ihedn.fr\/wp-content\/uploads\/2024\/05\/AED-1.png\" \/>\n\t<meta property=\"og:image:width\" content=\"1195\" \/>\n\t<meta property=\"og:image:height\" content=\"606\" \/>\n\t<meta property=\"og:image:type\" content=\"image\/png\" \/>\n<meta name=\"author\" content=\"Ad\u00e8le Thoumieux\" \/>\n<meta name=\"twitter:card\" content=\"summary_large_image\" \/>\n<meta name=\"twitter:title\" content=\"La majeure Armement et \u00e9conomie de d\u00e9fense explore le secteur a\u00e9ronautique et spatial La majeure Armement et \u00e9conomie de d\u00e9fense explore le secteur a\u00e9ronautique et spatial\" \/>\n<meta name=\"twitter:description\" content=\"Les 25 et 26 avril la 60\u00e8 promotion de la majeure \u00ab Armement et Economie de d\u00e9fense \u00bb de l\u2019IHEDN s\u2019est rendue \u00e0 Toulouse pour une mission d\u2019\u00e9tude consacr\u00e9e au secteur a\u00e9ronautique et spatial.\" \/>\n<meta name=\"twitter:image\" content=\"https:\/\/ihedn.fr\/wp-content\/uploads\/2024\/05\/AED-1.png\" \/>\n<meta name=\"twitter:creator\" content=\"@IHEDN\" \/>\n<meta name=\"twitter:site\" content=\"@IHEDN\" \/>\n<meta name=\"twitter:label1\" content=\"Written by\" \/>\n\t<meta name=\"twitter:data1\" content=\"Ad\u00e8le Thoumieux\" \/>\n\t<meta name=\"twitter:label2\" content=\"Estimated reading time\" \/>\n\t<meta name=\"twitter:data2\" content=\"3 minutes\" \/>\n<script type=\"application\/ld+json\" class=\"yoast-schema-graph\">{\"@context\":\"https:\\\/\\\/schema.org\",\"@graph\":[{\"@type\":\"Article\",\"@id\":\"https:\\\/\\\/ihedn.fr\\\/uncategorized\\\/la-majeure-armement-et-economie-de-defense-explore-le-secteur-aeronautique-et-spatial\\\/#article\",\"isPartOf\":{\"@id\":\"https:\\\/\\\/ihedn.fr\\\/uncategorized\\\/la-majeure-armement-et-economie-de-defense-explore-le-secteur-aeronautique-et-spatial\\\/\"},\"author\":{\"name\":\"Ad\u00e8le Thoumieux\",\"@id\":\"https:\\\/\\\/ihedn.fr\\\/#\\\/schema\\\/person\\\/16d49c2bd0121499ea9b9023ce89826c\"},\"headline\":\"La majeure Armement et \u00e9conomie de d\u00e9fense explore le secteur a\u00e9ronautique et spatial\",\"datePublished\":\"2024-05-03T10:40:30+00:00\",\"dateModified\":\"2024-05-07T07:30:03+00:00\",\"mainEntityOfPage\":{\"@id\":\"https:\\\/\\\/ihedn.fr\\\/uncategorized\\\/la-majeure-armement-et-economie-de-defense-explore-le-secteur-aeronautique-et-spatial\\\/\"},\"wordCount\":333,\"publisher\":{\"@id\":\"https:\\\/\\\/ihedn.fr\\\/#organization\"},\"image\":{\"@id\":\"https:\\\/\\\/ihedn.fr\\\/uncategorized\\\/la-majeure-armement-et-economie-de-defense-explore-le-secteur-aeronautique-et-spatial\\\/#primaryimage\"},\"thumbnailUrl\":\"https:\\\/\\\/ihedn.fr\\\/wp-content\\\/uploads\\\/2024\\\/05\\\/AED-1.png\",\"articleSection\":[\"Notre actualit\u00e9\",\"Uncategorized\"],\"inLanguage\":\"en-GB\"},{\"@type\":\"WebPage\",\"@id\":\"https:\\\/\\\/ihedn.fr\\\/uncategorized\\\/la-majeure-armement-et-economie-de-defense-explore-le-secteur-aeronautique-et-spatial\\\/\",\"url\":\"https:\\\/\\\/ihedn.fr\\\/uncategorized\\\/la-majeure-armement-et-economie-de-defense-explore-le-secteur-aeronautique-et-spatial\\\/\",\"name\":\"La majeure Armement et \u00e9conomie de d\u00e9fense explore le secteur a\u00e9ronautique et spatial - L&#039;IHEDN : Institut des hautes \u00e9tudes de d\u00e9fense nationale\",\"isPartOf\":{\"@id\":\"https:\\\/\\\/ihedn.fr\\\/#website\"},\"primaryImageOfPage\":{\"@id\":\"https:\\\/\\\/ihedn.fr\\\/uncategorized\\\/la-majeure-armement-et-economie-de-defense-explore-le-secteur-aeronautique-et-spatial\\\/#primaryimage\"},\"image\":{\"@id\":\"https:\\\/\\\/ihedn.fr\\\/uncategorized\\\/la-majeure-armement-et-economie-de-defense-explore-le-secteur-aeronautique-et-spatial\\\/#primaryimage\"},\"thumbnailUrl\":\"https:\\\/\\\/ihedn.fr\\\/wp-content\\\/uploads\\\/2024\\\/05\\\/AED-1.png\",\"datePublished\":\"2024-05-03T10:40:30+00:00\",\"dateModified\":\"2024-05-07T07:30:03+00:00\",\"description\":\"Les 25 et 26 avril la 60\u00e8 promotion de la majeure \u00ab Armement et Economie de d\u00e9fense \u00bb de la session nationale de l\u2019IHEDN s\u2019est rendue \u00e0 Toulouse pour une mission d\u2019\u00e9tude consacr\u00e9e au secteur a\u00e9ronautique et spatial.\",\"breadcrumb\":{\"@id\":\"https:\\\/\\\/ihedn.fr\\\/uncategorized\\\/la-majeure-armement-et-economie-de-defense-explore-le-secteur-aeronautique-et-spatial\\\/#breadcrumb\"},\"inLanguage\":\"en-GB\",\"potentialAction\":[{\"@type\":\"ReadAction\",\"target\":[\"https:\\\/\\\/ihedn.fr\\\/uncategorized\\\/la-majeure-armement-et-economie-de-defense-explore-le-secteur-aeronautique-et-spatial\\\/\"]}]},{\"@type\":\"ImageObject\",\"inLanguage\":\"en-GB\",\"@id\":\"https:\\\/\\\/ihedn.fr\\\/uncategorized\\\/la-majeure-armement-et-economie-de-defense-explore-le-secteur-aeronautique-et-spatial\\\/#primaryimage\",\"url\":\"https:\\\/\\\/ihedn.fr\\\/wp-content\\\/uploads\\\/2024\\\/05\\\/AED-1.png\",\"contentUrl\":\"https:\\\/\\\/ihedn.fr\\\/wp-content\\\/uploads\\\/2024\\\/05\\\/AED-1.png\",\"width\":1195,\"height\":606},{\"@type\":\"BreadcrumbList\",\"@id\":\"https:\\\/\\\/ihedn.fr\\\/uncategorized\\\/la-majeure-armement-et-economie-de-defense-explore-le-secteur-aeronautique-et-spatial\\\/#breadcrumb\",\"itemListElement\":[{\"@type\":\"ListItem\",\"position\":1,\"name\":\"Accueil\",\"item\":\"https:\\\/\\\/ihedn.fr\\\/\"},{\"@type\":\"ListItem\",\"position\":2,\"name\":\"La majeure Armement et \u00e9conomie de d\u00e9fense explore le secteur a\u00e9ronautique et spatial\"}]},{\"@type\":\"WebSite\",\"@id\":\"https:\\\/\\\/ihedn.fr\\\/#website\",\"url\":\"https:\\\/\\\/ihedn.fr\\\/\",\"name\":\"IHEDN : Institut des hautes \u00e9tudes de d\u00e9fense nationale |\",\"description\":\"Site officiel de l&#039;IHEDN plac\u00e9 sous la tutelle du Premier ministre.\",\"publisher\":{\"@id\":\"https:\\\/\\\/ihedn.fr\\\/#organization\"},\"potentialAction\":[{\"@type\":\"SearchAction\",\"target\":{\"@type\":\"EntryPoint\",\"urlTemplate\":\"https:\\\/\\\/ihedn.fr\\\/?s={search_term_string}\"},\"query-input\":{\"@type\":\"PropertyValueSpecification\",\"valueRequired\":true,\"valueName\":\"search_term_string\"}}],\"inLanguage\":\"en-GB\"},{\"@type\":\"Organization\",\"@id\":\"https:\\\/\\\/ihedn.fr\\\/#organization\",\"name\":\"IHEDN - Institut des Hautes Etudes de D\u00e9fense Nationale\",\"url\":\"https:\\\/\\\/ihedn.fr\\\/\",\"logo\":{\"@type\":\"ImageObject\",\"inLanguage\":\"en-GB\",\"@id\":\"https:\\\/\\\/ihedn.fr\\\/#\\\/schema\\\/logo\\\/image\\\/\",\"url\":\"https:\\\/\\\/ihedn.fr\\\/wp-content\\\/uploads\\\/2020\\\/11\\\/BLOC_RF_IHEDN_WEB.png\",\"contentUrl\":\"https:\\\/\\\/ihedn.fr\\\/wp-content\\\/uploads\\\/2020\\\/11\\\/BLOC_RF_IHEDN_WEB.png\",\"width\":500,\"height\":237,\"caption\":\"IHEDN - Institut des Hautes Etudes de D\u00e9fense Nationale\"},\"image\":{\"@id\":\"https:\\\/\\\/ihedn.fr\\\/#\\\/schema\\\/logo\\\/image\\\/\"},\"sameAs\":[\"https:\\\/\\\/www.facebook.com\\\/ihedn\\\/\",\"https:\\\/\\\/x.com\\\/IHEDN\",\"https:\\\/\\\/www.instagram.com\\\/ihedn\\\/\",\"https:\\\/\\\/www.linkedin.com\\\/school\\\/ihedn\\\/\",\"https:\\\/\\\/fr.wikipedia.org\\\/wiki\\\/Institut_des_hautes_\u00e9tudes_de_D\u00e9fense_nationale\"]},{\"@type\":\"Person\",\"@id\":\"https:\\\/\\\/ihedn.fr\\\/#\\\/schema\\\/person\\\/16d49c2bd0121499ea9b9023ce89826c\",\"name\":\"Ad\u00e8le Thoumieux\",\"image\":{\"@type\":\"ImageObject\",\"inLanguage\":\"en-GB\",\"@id\":\"https:\\\/\\\/secure.gravatar.com\\\/avatar\\\/64fc58d14679bdd185946349bcb229b06e37d30d6290c2bec15f1daa8f8e0ece?s=96&d=mm&r=g\",\"url\":\"https:\\\/\\\/secure.gravatar.com\\\/avatar\\\/64fc58d14679bdd185946349bcb229b06e37d30d6290c2bec15f1daa8f8e0ece?s=96&d=mm&r=g\",\"contentUrl\":\"https:\\\/\\\/secure.gravatar.com\\\/avatar\\\/64fc58d14679bdd185946349bcb229b06e37d30d6290c2bec15f1daa8f8e0ece?s=96&d=mm&r=g\",\"caption\":\"Ad\u00e8le Thoumieux\"},\"sameAs\":[\"http:\\\/\\\/ihedn.fr\"],\"url\":\"https:\\\/\\\/ihedn.fr\\\/en\\\/author\\\/thoumieux\\\/\"}]}<\/script>\n<!-- \/ Yoast SEO plugin. -->","yoast_head_json":{"title":"The Armaments and Defence Economics major explores the aerospace sector - L'IHEDN : Institut des hautes \u00e9tudes de d\u00e9fense nationale","description":"On 25 and 26 April, the 60th class of the \"Armaments and Defence Economics\" major of the IHEDN national session travelled to Toulouse for a study mission devoted to the aeronautics and space sector.","robots":{"index":"index","follow":"follow","max-snippet":"max-snippet:-1","max-image-preview":"max-image-preview:large","max-video-preview":"max-video-preview:-1"},"canonical":"https:\/\/ihedn.fr\/en\/uncategorized\/la-majeure-armement-et-economie-de-defense-explore-le-secteur-aeronautique-et-spatial\/","og_locale":"en_GB","og_type":"article","og_title":"La majeure Armement et \u00e9conomie de d\u00e9fense explore le secteur a\u00e9ronautique et spatial La majeure Armement et \u00e9conomie de d\u00e9fense explore le secteur a\u00e9ronautique et spatial","og_description":"Les 25 et 26 avril la 60\u00e8 promotion de la majeure \u00ab Armement et Economie de d\u00e9fense \u00bb de l\u2019IHEDN s\u2019est rendue \u00e0 Toulouse pour une mission d\u2019\u00e9tude consacr\u00e9e au secteur a\u00e9ronautique et spatial.","og_url":"https:\/\/ihedn.fr\/en\/uncategorized\/la-majeure-armement-et-economie-de-defense-explore-le-secteur-aeronautique-et-spatial\/","og_site_name":"L&#039;IHEDN : Institut des hautes \u00e9tudes de d\u00e9fense nationale","article_publisher":"https:\/\/www.facebook.com\/ihedn\/","article_published_time":"2024-05-03T10:40:30+00:00","article_modified_time":"2024-05-07T07:30:03+00:00","og_image":[{"width":1195,"height":606,"url":"https:\/\/ihedn.fr\/wp-content\/uploads\/2024\/05\/AED-1.png","type":"image\/png"}],"author":"Ad\u00e8le Thoumieux","twitter_card":"summary_large_image","twitter_title":"La majeure Armement et \u00e9conomie de d\u00e9fense explore le secteur a\u00e9ronautique et spatial La majeure Armement et \u00e9conomie de d\u00e9fense explore le secteur a\u00e9ronautique et spatial","twitter_description":"Les 25 et 26 avril la 60\u00e8 promotion de la majeure \u00ab Armement et Economie de d\u00e9fense \u00bb de l\u2019IHEDN s\u2019est rendue \u00e0 Toulouse pour une mission d\u2019\u00e9tude consacr\u00e9e au secteur a\u00e9ronautique et spatial.","twitter_image":"https:\/\/ihedn.fr\/wp-content\/uploads\/2024\/05\/AED-1.png","twitter_creator":"@IHEDN","twitter_site":"@IHEDN","twitter_misc":{"Written by":"Ad\u00e8le Thoumieux","Estimated reading time":"3 minutes"},"schema":{"@context":"https:\/\/schema.org","@graph":[{"@type":"Article","@id":"https:\/\/ihedn.fr\/uncategorized\/la-majeure-armement-et-economie-de-defense-explore-le-secteur-aeronautique-et-spatial\/#article","isPartOf":{"@id":"https:\/\/ihedn.fr\/uncategorized\/la-majeure-armement-et-economie-de-defense-explore-le-secteur-aeronautique-et-spatial\/"},"author":{"name":"Ad\u00e8le Thoumieux","@id":"https:\/\/ihedn.fr\/#\/schema\/person\/16d49c2bd0121499ea9b9023ce89826c"},"headline":"La majeure Armement et \u00e9conomie de d\u00e9fense explore le secteur a\u00e9ronautique et spatial","datePublished":"2024-05-03T10:40:30+00:00","dateModified":"2024-05-07T07:30:03+00:00","mainEntityOfPage":{"@id":"https:\/\/ihedn.fr\/uncategorized\/la-majeure-armement-et-economie-de-defense-explore-le-secteur-aeronautique-et-spatial\/"},"wordCount":333,"publisher":{"@id":"https:\/\/ihedn.fr\/#organization"},"image":{"@id":"https:\/\/ihedn.fr\/uncategorized\/la-majeure-armement-et-economie-de-defense-explore-le-secteur-aeronautique-et-spatial\/#primaryimage"},"thumbnailUrl":"https:\/\/ihedn.fr\/wp-content\/uploads\/2024\/05\/AED-1.png","articleSection":["Notre actualit\u00e9","Uncategorized"],"inLanguage":"en-GB"},{"@type":"WebPage","@id":"https:\/\/ihedn.fr\/uncategorized\/la-majeure-armement-et-economie-de-defense-explore-le-secteur-aeronautique-et-spatial\/","url":"https:\/\/ihedn.fr\/uncategorized\/la-majeure-armement-et-economie-de-defense-explore-le-secteur-aeronautique-et-spatial\/","name":"The Armaments and Defence Economics major explores the aerospace sector - L'IHEDN : Institut des hautes \u00e9tudes de d\u00e9fense nationale","isPartOf":{"@id":"https:\/\/ihedn.fr\/#website"},"primaryImageOfPage":{"@id":"https:\/\/ihedn.fr\/uncategorized\/la-majeure-armement-et-economie-de-defense-explore-le-secteur-aeronautique-et-spatial\/#primaryimage"},"image":{"@id":"https:\/\/ihedn.fr\/uncategorized\/la-majeure-armement-et-economie-de-defense-explore-le-secteur-aeronautique-et-spatial\/#primaryimage"},"thumbnailUrl":"https:\/\/ihedn.fr\/wp-content\/uploads\/2024\/05\/AED-1.png","datePublished":"2024-05-03T10:40:30+00:00","dateModified":"2024-05-07T07:30:03+00:00","description":"On 25 and 26 April, the 60th class of the \"Armaments and Defence Economics\" major of the IHEDN national session travelled to Toulouse for a study mission devoted to the aeronautics and space sector.","breadcrumb":{"@id":"https:\/\/ihedn.fr\/uncategorized\/la-majeure-armement-et-economie-de-defense-explore-le-secteur-aeronautique-et-spatial\/#breadcrumb"},"inLanguage":"en-GB","potentialAction":[{"@type":"ReadAction","target":["https:\/\/ihedn.fr\/uncategorized\/la-majeure-armement-et-economie-de-defense-explore-le-secteur-aeronautique-et-spatial\/"]}]},{"@type":"ImageObject","inLanguage":"en-GB","@id":"https:\/\/ihedn.fr\/uncategorized\/la-majeure-armement-et-economie-de-defense-explore-le-secteur-aeronautique-et-spatial\/#primaryimage","url":"https:\/\/ihedn.fr\/wp-content\/uploads\/2024\/05\/AED-1.png","contentUrl":"https:\/\/ihedn.fr\/wp-content\/uploads\/2024\/05\/AED-1.png","width":1195,"height":606},{"@type":"BreadcrumbList","@id":"https:\/\/ihedn.fr\/uncategorized\/la-majeure-armement-et-economie-de-defense-explore-le-secteur-aeronautique-et-spatial\/#breadcrumb","itemListElement":[{"@type":"ListItem","position":1,"name":"Accueil","item":"https:\/\/ihedn.fr\/"},{"@type":"ListItem","position":2,"name":"La majeure Armement et \u00e9conomie de d\u00e9fense explore le secteur a\u00e9ronautique et spatial"}]},{"@type":"WebSite","@id":"https:\/\/ihedn.fr\/#website","url":"https:\/\/ihedn.fr\/","name":"IHEDN: Institut des hautes \u00e9tudes de d\u00e9fense nationale (Institute for Higher National Defence Studies)","description":"Official website of the IHEDN under the supervision of the Prime Minister.","publisher":{"@id":"https:\/\/ihedn.fr\/#organization"},"potentialAction":[{"@type":"SearchAction","target":{"@type":"EntryPoint","urlTemplate":"https:\/\/ihedn.fr\/?s={search_term_string}"},"query-input":{"@type":"PropertyValueSpecification","valueRequired":true,"valueName":"search_term_string"}}],"inLanguage":"en-GB"},{"@type":"Organization","@id":"https:\/\/ihedn.fr\/#organization","name":"IHEDN - Institute for Higher National Defence Studies","url":"https:\/\/ihedn.fr\/","logo":{"@type":"ImageObject","inLanguage":"en-GB","@id":"https:\/\/ihedn.fr\/#\/schema\/logo\/image\/","url":"https:\/\/ihedn.fr\/wp-content\/uploads\/2020\/11\/BLOC_RF_IHEDN_WEB.png","contentUrl":"https:\/\/ihedn.fr\/wp-content\/uploads\/2020\/11\/BLOC_RF_IHEDN_WEB.png","width":500,"height":237,"caption":"IHEDN - Institut des Hautes Etudes de D\u00e9fense Nationale"},"image":{"@id":"https:\/\/ihedn.fr\/#\/schema\/logo\/image\/"},"sameAs":["https:\/\/www.facebook.com\/ihedn\/","https:\/\/x.com\/IHEDN","https:\/\/www.instagram.com\/ihedn\/","https:\/\/www.linkedin.com\/school\/ihedn\/","https:\/\/fr.wikipedia.org\/wiki\/Institut_des_hautes_\u00e9tudes_de_D\u00e9fense_nationale"]},{"@type":"Person","@id":"https:\/\/ihedn.fr\/#\/schema\/person\/16d49c2bd0121499ea9b9023ce89826c","name":"Ad\u00e8le Thoumieux","image":{"@type":"ImageObject","inLanguage":"en-GB","@id":"https:\/\/secure.gravatar.com\/avatar\/64fc58d14679bdd185946349bcb229b06e37d30d6290c2bec15f1daa8f8e0ece?s=96&d=mm&r=g","url":"https:\/\/secure.gravatar.com\/avatar\/64fc58d14679bdd185946349bcb229b06e37d30d6290c2bec15f1daa8f8e0ece?s=96&d=mm&r=g","contentUrl":"https:\/\/secure.gravatar.com\/avatar\/64fc58d14679bdd185946349bcb229b06e37d30d6290c2bec15f1daa8f8e0ece?s=96&d=mm&r=g","caption":"Ad\u00e8le Thoumieux"},"sameAs":["http:\/\/ihedn.fr"],"url":"https:\/\/ihedn.fr\/en\/author\/thoumieux\/"}]}},"publishpress_future_action":{"enabled":false,"date":"2026-05-06 12:56:25","action":"change-status","newStatus":"draft","terms":[],"taxonomy":"category","extraData":[]},"publishpress_future_workflow_manual_trigger":{"enabledWorkflows":[]},"_links":{"self":[{"href":"https:\/\/ihedn.fr\/en\/wp-json\/wp\/v2\/posts\/47253","targetHints":{"allow":["GET"]}}],"collection":[{"href":"https:\/\/ihedn.fr\/en\/wp-json\/wp\/v2\/posts"}],"about":[{"href":"https:\/\/ihedn.fr\/en\/wp-json\/wp\/v2\/types\/post"}],"author":[{"embeddable":true,"href":"https:\/\/ihedn.fr\/en\/wp-json\/wp\/v2\/users\/12"}],"replies":[{"embeddable":true,"href":"https:\/\/ihedn.fr\/en\/wp-json\/wp\/v2\/comments?post=47253"}],"version-history":[{"count":14,"href":"https:\/\/ihedn.fr\/en\/wp-json\/wp\/v2\/posts\/47253\/revisions"}],"predecessor-version":[{"id":47273,"href":"https:\/\/ihedn.fr\/en\/wp-json\/wp\/v2\/posts\/47253\/revisions\/47273"}],"wp:featuredmedia":[{"embeddable":true,"href":"https:\/\/ihedn.fr\/en\/wp-json\/wp\/v2\/media\/47254"}],"wp:attachment":[{"href":"https:\/\/ihedn.fr\/en\/wp-json\/wp\/v2\/media?parent=47253"}],"wp:term":[{"taxonomy":"category","embeddable":true,"href":"https:\/\/ihedn.fr\/en\/wp-json\/wp\/v2\/categories?post=47253"},{"taxonomy":"post_tag","embeddable":true,"href":"https:\/\/ihedn.fr\/en\/wp-json\/wp\/v2\/tags?post=47253"}],"curies":[{"name":"wp","href":"https:\/\/api.w.org\/{rel}","templated":true}]}}