{"id":47606,"date":"2024-05-24T10:25:48","date_gmt":"2024-05-24T09:25:48","guid":{"rendered":"https:\/\/ihedn.fr\/?p=47606"},"modified":"2025-09-04T17:09:39","modified_gmt":"2025-09-04T16:09:39","slug":"resistance-larmee-des-ombres-prend-la-lumiere","status":"publish","type":"post","link":"https:\/\/ihedn.fr\/en\/notre-selection\/resistance-larmee-des-ombres-prend-la-lumiere\/","title":{"rendered":"Resistance: the army of shadows catches the light"},"content":{"rendered":"<div data-elementor-type=\"wp-post\" data-elementor-id=\"47606\" class=\"elementor elementor-47606\" data-elementor-post-type=\"post\">\n\t\t\t\t<div data-particle_enable=\"false\" data-particle-mobile-disabled=\"false\" class=\"elementor-element elementor-element-f8609d4 e-flex e-con-boxed e-con e-parent\" data-id=\"f8609d4\" data-element_type=\"container\" data-e-type=\"container\">\n\t\t\t\t\t<div class=\"e-con-inner\">\n\t\t<div data-particle_enable=\"false\" data-particle-mobile-disabled=\"false\" class=\"elementor-element elementor-element-f0849e4 e-flex e-con-boxed e-con e-child\" data-id=\"f0849e4\" data-element_type=\"container\" data-e-type=\"container\">\n\t\t\t\t\t<div class=\"e-con-inner\">\n\t\t\t\t<div class=\"elementor-element elementor-element-7f8fb04 elementor-widget elementor-widget-heading\" data-id=\"7f8fb04\" data-element_type=\"widget\" data-e-type=\"widget\" data-widget_type=\"heading.default\">\n\t\t\t\t<div class=\"elementor-widget-container\">\n\t\t\t\t\t<h2 class=\"elementor-heading-title elementor-size-default\">FROM 1944 TO 2024, SHARING THE SPIRIT OF DEFENCE<\/h2>\t\t\t\t<\/div>\n\t\t\t\t<\/div>\n\t\t\t\t<div class=\"elementor-element elementor-element-9434266 elementor-widget-divider--view-line elementor-widget elementor-widget-divider\" data-id=\"9434266\" data-element_type=\"widget\" data-e-type=\"widget\" data-widget_type=\"divider.default\">\n\t\t\t\t<div class=\"elementor-widget-container\">\n\t\t\t\t\t\t\t<div class=\"elementor-divider\">\n\t\t\t<span class=\"elementor-divider-separator\">\n\t\t\t\t\t\t<\/span>\n\t\t<\/div>\n\t\t\t\t\t\t<\/div>\n\t\t\t\t<\/div>\n\t\t\t\t\t<\/div>\n\t\t\t\t<\/div>\n\t\t\t\t<div class=\"elementor-element elementor-element-93000bd elementor-widget elementor-widget-text-editor\" data-id=\"93000bd\" data-element_type=\"widget\" data-e-type=\"widget\" data-widget_type=\"text-editor.default\">\n\t\t\t\t<div class=\"elementor-widget-container\">\n\t\t\t\t\t\t\t\t\t<p>By exploring these Resistance figures and episodes, we can better understand how these men and women sought to strengthen French national cohesion, which had been damaged by the German invasion and the collaboration of part of the country with the enemy. To do this, they contributed to the strategic thinking led by the leader of the Free French, General de Gaulle. Eight decades later, their courageous exploits are still part of the defence culture that the IHEDN is tasked with promoting.<\/p>\t\t\t\t\t\t\t\t<\/div>\n\t\t\t\t<\/div>\n\t\t\t\t<div class=\"elementor-element elementor-element-43cc22a elementor-widget elementor-widget-menu-anchor\" data-id=\"43cc22a\" data-element_type=\"widget\" data-e-type=\"widget\" data-widget_type=\"menu-anchor.default\">\n\t\t\t\t<div class=\"elementor-widget-container\">\n\t\t\t\t\t\t\t<div class=\"elementor-menu-anchor\" id=\"bingen\"><\/div>\n\t\t\t\t\t\t<\/div>\n\t\t\t\t<\/div>\n\t\t\t\t<div class=\"elementor-element elementor-element-dc207c5 elementor-widget elementor-widget-heading\" data-id=\"dc207c5\" data-element_type=\"widget\" data-e-type=\"widget\" data-widget_type=\"heading.default\">\n\t\t\t\t<div class=\"elementor-widget-container\">\n\t\t\t\t\t<h2 class=\"elementor-heading-title elementor-size-default\">JACQUES BINGEN, A FORGOTTEN HERO OF THE LIBERATION<\/h2>\t\t\t\t<\/div>\n\t\t\t\t<\/div>\n\t\t\t\t<div class=\"elementor-element elementor-element-dcb3601 elementor-widget-divider--view-line elementor-widget elementor-widget-divider\" data-id=\"dcb3601\" data-element_type=\"widget\" data-e-type=\"widget\" data-widget_type=\"divider.default\">\n\t\t\t\t<div class=\"elementor-widget-container\">\n\t\t\t\t\t\t\t<div class=\"elementor-divider\">\n\t\t\t<span class=\"elementor-divider-separator\">\n\t\t\t\t\t\t<\/span>\n\t\t<\/div>\n\t\t\t\t\t\t<\/div>\n\t\t\t\t<\/div>\n\t\t<div data-particle_enable=\"false\" data-particle-mobile-disabled=\"false\" class=\"elementor-element elementor-element-832e40c e-flex e-con-boxed e-con e-child\" data-id=\"832e40c\" data-element_type=\"container\" data-e-type=\"container\">\n\t\t\t\t\t<div class=\"e-con-inner\">\n\t\t<div data-particle_enable=\"false\" data-particle-mobile-disabled=\"false\" class=\"elementor-element elementor-element-dbb7b5b e-flex e-con-boxed e-con e-child\" data-id=\"dbb7b5b\" data-element_type=\"container\" data-e-type=\"container\">\n\t\t\t\t\t<div class=\"e-con-inner\">\n\t\t\t\t<div class=\"elementor-element elementor-element-cd3b3f5 elementor-widget__width-initial elementor-widget-tablet__width-initial elementor-widget-mobile__width-initial elementor-widget elementor-widget-image\" data-id=\"cd3b3f5\" data-element_type=\"widget\" data-e-type=\"widget\" data-widget_type=\"image.default\">\n\t\t\t\t<div class=\"elementor-widget-container\">\n\t\t\t\t\t\t\t\t\t\t\t\t\t\t\t<img fetchpriority=\"high\" decoding=\"async\" width=\"268\" height=\"448\" src=\"https:\/\/ihedn.fr\/wp-content\/uploads\/2024\/05\/Bingen.jpg\" class=\"attachment-full size-full wp-image-47608\" alt=\"Jacques Bingen\" srcset=\"https:\/\/ihedn.fr\/wp-content\/uploads\/2024\/05\/Bingen.jpg 268w, https:\/\/ihedn.fr\/wp-content\/uploads\/2024\/05\/Bingen-7x12.jpg 7w\" sizes=\"(max-width: 268px) 100vw, 268px\" \/>\t\t\t\t\t\t\t\t\t\t\t\t\t\t\t<\/div>\n\t\t\t\t<\/div>\n\t\t\t\t<div class=\"elementor-element elementor-element-4440ac5 elementor-widget elementor-widget-text-editor\" data-id=\"4440ac5\" data-element_type=\"widget\" data-e-type=\"widget\" data-widget_type=\"text-editor.default\">\n\t\t\t\t<div class=\"elementor-widget-container\">\n\t\t\t\t\t\t\t\t\t<p style=\"text-align: left;\">Although the landings and fighting in the summer of 1944 were supported by the silent work of the \"stokers of glory\" (Pierre Brossolette) and the \"army of shadows\" (Joseph Kessel), Jacques Bingen is undoubtedly one of those for whom posterity has been the least generous. He died at the age of 34, on 12 May 1944, and did not live to see the \"great, bloody and marvellous adventure\" for which he had worked so hard, nor will he be able to take part in the reconstruction of the country, on which he was working so hard at the time of his death. However, among the martyrs of the Resistance, his aura is eclipsed by that of Pierre Brossolette or Jean Moulin, of whom he was a friend and one of the men they trusted during the few months they spent together. \u00a0\u00a0<\/p>\t\t\t\t\t\t\t\t<\/div>\n\t\t\t\t<\/div>\n\t\t\t\t\t<\/div>\n\t\t\t\t<\/div>\n\t\t\t\t\t<\/div>\n\t\t\t\t<\/div>\n\t\t<div data-particle_enable=\"false\" data-particle-mobile-disabled=\"false\" class=\"elementor-element elementor-element-f1c44e1 e-flex e-con-boxed e-con e-child\" data-id=\"f1c44e1\" data-element_type=\"container\" data-e-type=\"container\">\n\t\t\t\t\t<div class=\"e-con-inner\">\n\t\t\t\t<div class=\"elementor-element elementor-element-d20d9bb elementor-widget elementor-widget-heading\" data-id=\"d20d9bb\" data-element_type=\"widget\" data-e-type=\"widget\" data-widget_type=\"heading.default\">\n\t\t\t\t<div class=\"elementor-widget-container\">\n\t\t\t\t\t<h2 class=\"elementor-heading-title elementor-size-default\">From the arms industry to London<\/h2>\t\t\t\t<\/div>\n\t\t\t\t<\/div>\n\t\t\t\t<div class=\"elementor-element elementor-element-5cc112b elementor-widget elementor-widget-text-editor\" data-id=\"5cc112b\" data-element_type=\"widget\" data-e-type=\"widget\" data-widget_type=\"text-editor.default\">\n\t\t\t\t<div class=\"elementor-widget-container\">\n\t\t\t\t\t\t\t\t\t<p style=\"text-align: left;\">Jacques Bingen was born in 1908 into a Jewish family of Italian origin. A graduate of the Ecole Libre des Sciences Politiques and the Ecole des Mines, he turned to a career in business in the 1930s: brother-in-law of carmaker Andr\u00e9 Citro\u00ebn, with whom he worked, he was also an important figure in the arms industry. He was mobilised and wounded at Saint-Val\u00e9ry-en-Caux at the height of the debacle in June 1940, and made his way to Gibraltar where, with his friend Claude Bouchinet-Serreulles, the choice was obvious: London rather than New York, because \"we won't sleep peacefully as long as we know our country is under the enemy's boot\". There were not many administrators among the first Free French, so Bingen's contribution was invaluable. Presented to General de Gaulle on 23 July, he took charge of the Free French merchant navy in September 1940, implementing the De Gaulle\/Churchill agreements in this area.\u00a0<\/p>\t\t\t\t\t\t\t\t<\/div>\n\t\t\t\t<\/div>\n\t\t\t\t<div class=\"elementor-element elementor-element-13532a9 elementor-widget elementor-widget-heading\" data-id=\"13532a9\" data-element_type=\"widget\" data-e-type=\"widget\" data-widget_type=\"heading.default\">\n\t\t\t\t<div class=\"elementor-widget-container\">\n\t\t\t\t\t<h2 class=\"elementor-heading-title elementor-size-default\">At the origins of the CNR, alongside Jean Moulin<\/h2>\t\t\t\t<\/div>\n\t\t\t\t<\/div>\n\t\t\t\t<div class=\"elementor-element elementor-element-fc0c71a elementor-widget elementor-widget-text-editor\" data-id=\"fc0c71a\" data-element_type=\"widget\" data-e-type=\"widget\" data-widget_type=\"text-editor.default\">\n\t\t\t\t<div class=\"elementor-widget-container\">\n\t\t\t\t\t\t\t\t\t<p style=\"text-align: left;\">However, from June 1942, Bingen wanted to \"serve dangerously\" and joined the \"non-military\" section of BCRA, the Gaullist intelligence service. His task was to receive and direct the mass of information coming from mainland France: it was in this context that he made contact with Jean Moulin, and began to think about a way of uniting the various components of the Resistance. From early 1943, the two men came together to devise a Resistance steering committee, which would become the Conseil national de la R\u00e9sistance (CNR) on 27 May 1943. Bingen's work did not stop there: involved in drafting the CNR programme, he gave an idea of his vision of a France to be rebuilt for the post-war period, based on solidarity and led by an efficient state.\u00a0<\/p>\t\t\t\t\t\t\t\t<\/div>\n\t\t\t\t<\/div>\n\t\t\t\t<div class=\"elementor-element elementor-element-847aef1 elementor-widget elementor-widget-heading\" data-id=\"847aef1\" data-element_type=\"widget\" data-e-type=\"widget\" data-widget_type=\"heading.default\">\n\t\t\t\t<div class=\"elementor-widget-container\">\n\t\t\t\t\t<h2 class=\"elementor-heading-title elementor-size-default\">\"My happy vision of this heavenly period of hell\".<\/h2>\t\t\t\t<\/div>\n\t\t\t\t<\/div>\n\t\t\t\t<div class=\"elementor-element elementor-element-684a40a elementor-widget elementor-widget-text-editor\" data-id=\"684a40a\" data-element_type=\"widget\" data-e-type=\"widget\" data-widget_type=\"text-editor.default\">\n\t\t\t\t<div class=\"elementor-widget-container\">\n\t\t\t\t\t\t\t\t\t<p style=\"text-align: left;\">Parachuted into metropolitan France on 16 August 1943, after Moulin's arrest, Bingen accomplished a Herculean task: delegate for the southern zone, then general delegate for the Resistance in the early months of 1944, he managed to provide the Resistance with essential bodies (including the financial committee and the committee for immediate action, essential for coordinating the sabotage that made the landings possible) and encouraged the regrouping of the armed components into the Forces fran\u00e7aises de l'int\u00e9rieur (FFI) in February 1944. During these months, during which he would write that he experienced \"unprecedented happiness, a feeling of fulfilment and accomplishment\" despite the daily risks, he rubbed shoulders with the future leaders of the reconstruction movement, Michel Debr\u00e9, Jacques Chaban-Delmas and Gaston Deferre, all of whom would testify to the painful nature of his early death, \"contrary to his destiny\".\u00a0<\/p><p style=\"text-align: left;\">Made a Companion of the Liberation on 31 March (De Gaulle insisted on \"all the extensions contained in the word and the thing\"), Bingen was betrayed and caught near Clermont Ferrand on 12 May. To \"run no risk\", he swallowed a cyanide pill.  In one of his last letters, when he sensed that his end was near, he accepted this choice in advance (\"No suffering can ever prevail over the joy that I have known for so long\"), before paying tribute to his comrades in arms, \"who have greatly contributed to my happy vision of this paradisiacal period of hell\".\u00a0<\/p>\t\t\t\t\t\t\t\t<\/div>\n\t\t\t\t<\/div>\n\t\t\t\t\t<\/div>\n\t\t\t\t<\/div>\n\t\t\t\t<div class=\"elementor-element elementor-element-560fa0c elementor-widget elementor-widget-menu-anchor\" data-id=\"560fa0c\" data-element_type=\"widget\" data-e-type=\"widget\" data-widget_type=\"menu-anchor.default\">\n\t\t\t\t<div class=\"elementor-widget-container\">\n\t\t\t\t\t\t\t<div class=\"elementor-menu-anchor\" id=\"miribel\"><\/div>\n\t\t\t\t\t\t<\/div>\n\t\t\t\t<\/div>\n\t\t\t\t<div class=\"elementor-element elementor-element-df994cb elementor-widget elementor-widget-heading\" data-id=\"df994cb\" data-element_type=\"widget\" data-e-type=\"widget\" data-widget_type=\"heading.default\">\n\t\t\t\t<div class=\"elementor-widget-container\">\n\t\t\t\t\t<h2 class=\"elementor-heading-title elementor-size-default\">\u00c9LISABETH DE MIRIBEL, GENERAL LECLERC AND THE LIBERATION OF PARIS<\/h2>\t\t\t\t<\/div>\n\t\t\t\t<\/div>\n\t\t\t\t<div class=\"elementor-element elementor-element-4dd5219 elementor-widget-divider--view-line elementor-widget elementor-widget-divider\" data-id=\"4dd5219\" data-element_type=\"widget\" data-e-type=\"widget\" data-widget_type=\"divider.default\">\n\t\t\t\t<div class=\"elementor-widget-container\">\n\t\t\t\t\t\t\t<div class=\"elementor-divider\">\n\t\t\t<span class=\"elementor-divider-separator\">\n\t\t\t\t\t\t<\/span>\n\t\t<\/div>\n\t\t\t\t\t\t<\/div>\n\t\t\t\t<\/div>\n\t\t<div data-particle_enable=\"false\" data-particle-mobile-disabled=\"false\" class=\"elementor-element elementor-element-50b102d e-flex e-con-boxed e-con e-child\" data-id=\"50b102d\" data-element_type=\"container\" data-e-type=\"container\">\n\t\t\t\t\t<div class=\"e-con-inner\">\n\t\t<div data-particle_enable=\"false\" data-particle-mobile-disabled=\"false\" class=\"elementor-element elementor-element-7af808e e-flex e-con-boxed e-con e-child\" data-id=\"7af808e\" data-element_type=\"container\" data-e-type=\"container\">\n\t\t\t\t\t<div class=\"e-con-inner\">\n\t\t\t\t<div class=\"elementor-element elementor-element-ff5ec7a elementor-widget__width-initial elementor-widget-tablet__width-initial elementor-widget-mobile__width-initial elementor-widget elementor-widget-image\" data-id=\"ff5ec7a\" data-element_type=\"widget\" data-e-type=\"widget\" data-widget_type=\"image.default\">\n\t\t\t\t<div class=\"elementor-widget-container\">\n\t\t\t\t\t\t\t\t\t\t\t\t<figure class=\"wp-caption\">\n\t\t\t\t\t\t\t\t\t\t<img decoding=\"async\" width=\"496\" height=\"519\" src=\"https:\/\/ihedn.fr\/wp-content\/uploads\/2024\/05\/Miribel.jpg\" class=\"attachment-full size-full wp-image-47609\" alt=\"\u00c9lisabeth De Miribel\" srcset=\"https:\/\/ihedn.fr\/wp-content\/uploads\/2024\/05\/Miribel.jpg 496w, https:\/\/ihedn.fr\/wp-content\/uploads\/2024\/05\/Miribel-11x12.jpg 11w\" sizes=\"(max-width: 496px) 100vw, 496px\" \/>\t\t\t\t\t\t\t\t\t\t\t<figcaption class=\"widget-image-caption wp-caption-text\">Th\u00e9r\u00e8se Bonney, \u00a9 The Regents of the University of California, The Bancroft Library, University of California, Berkeley.<\/figcaption>\n\t\t\t\t\t\t\t\t\t\t<\/figure>\n\t\t\t\t\t\t\t\t\t<\/div>\n\t\t\t\t<\/div>\n\t\t\t\t<div class=\"elementor-element elementor-element-502d75a elementor-widget elementor-widget-text-editor\" data-id=\"502d75a\" data-element_type=\"widget\" data-e-type=\"widget\" data-widget_type=\"text-editor.default\">\n\t\t\t\t<div class=\"elementor-widget-container\">\n\t\t\t\t\t\t\t\t\t<p style=\"text-align: left;\">\u00c9lisabeth de Miribel was one of those French women whose lives were transformed by the war. Employed in London at the embassy's economic mission at the start of the conflict, she refused to return to France when the armistice was announced on 17 June. That same day, she was contacted by a childhood friend, Geoffroy de Courcel, General de Gaulle's orderly. Joining the two men in their small flat in Saint-Stephen's House, she had the historic task of typing on her English typewriter the pages on which the appeal of 18 June was drawn up, with the \"obscure premonition of taking part in an exceptional event\". \u00c9lisabeth de Miribel's destiny was mapped out: she became the General's private secretary, before being sent to Quebec in 1942 to rally Canadians to the Free French cause.\u00a0<\/p>\t\t\t\t\t\t\t\t<\/div>\n\t\t\t\t<\/div>\n\t\t\t\t\t<\/div>\n\t\t\t\t<\/div>\n\t\t\t\t\t<\/div>\n\t\t\t\t<\/div>\n\t\t<div data-particle_enable=\"false\" data-particle-mobile-disabled=\"false\" class=\"elementor-element elementor-element-01d5aec e-flex e-con-boxed e-con e-child\" data-id=\"01d5aec\" data-element_type=\"container\" data-e-type=\"container\">\n\t\t\t\t\t<div class=\"e-con-inner\">\n\t\t\t\t<div class=\"elementor-element elementor-element-591894c elementor-widget elementor-widget-heading\" data-id=\"591894c\" data-element_type=\"widget\" data-e-type=\"widget\" data-widget_type=\"heading.default\">\n\t\t\t\t<div class=\"elementor-widget-container\">\n\t\t\t\t\t<h2 class=\"elementor-heading-title elementor-size-default\">A woman on a mission, from Canada to Algiers <\/h2>\t\t\t\t<\/div>\n\t\t\t\t<\/div>\n\t\t\t\t<div class=\"elementor-element elementor-element-fadb414 elementor-widget elementor-widget-text-editor\" data-id=\"fadb414\" data-element_type=\"widget\" data-e-type=\"widget\" data-widget_type=\"text-editor.default\">\n\t\t\t\t<div class=\"elementor-widget-container\">\n\t\t\t\t\t\t\t\t\t<p style=\"text-align: left;\">\u00c9lisabeth de Miribel maintained a direct and personal relationship with the General, who told her how much he appreciated her \"noble and useful efforts\" at a time when you had to \"carry the mountain on your back\". Eager \"to get closer to the action\", as \"the dawn began to whiten over France\", she went to Algiers in September 1943, then to the Italian front where, as a war correspondent, she covered the terrible fighting at Monte Cassino.\u00a0<\/p>\t\t\t\t\t\t\t\t<\/div>\n\t\t\t\t<\/div>\n\t\t\t\t<div class=\"elementor-element elementor-element-8175d84 elementor-widget elementor-widget-heading\" data-id=\"8175d84\" data-element_type=\"widget\" data-e-type=\"widget\" data-widget_type=\"heading.default\">\n\t\t\t\t<div class=\"elementor-widget-container\">\n\t\t\t\t\t<h2 class=\"elementor-heading-title elementor-size-default\">General Leclerc's challenge<\/h2>\t\t\t\t<\/div>\n\t\t\t\t<\/div>\n\t\t\t\t<div class=\"elementor-element elementor-element-de67e94 elementor-widget elementor-widget-text-editor\" data-id=\"de67e94\" data-element_type=\"widget\" data-e-type=\"widget\" data-widget_type=\"text-editor.default\">\n\t\t\t\t<div class=\"elementor-widget-container\">\n\t\t\t\t\t\t\t\t\t<p style=\"text-align: left;\">When she came across General Leclerc, she asked him to follow her division, the 2nd armoured division. \"I don't want to be bothered with journalists, let alone women\", he replied, \"but we'll make a bet: if you manage to join me in France, I'll keep you\". To keep her bet, \u00c9lisabeth de Miribel pulled out all the stops and asked General de Gaulle to intervene. Her audacity paid off: on 30 July, she flew to London, then to France with Maurice Schuman. In this \"rediscovered\" country, where downed aircraft and shell craters rubbed shoulders with farmers returning from harvest, she met up with Leclerc in the gardens of the Alen\u00e7on prefecture. \"It was a gamble,\" the general conceded. As \u00c9lisabeth de Miribel's writings did not have American approval for publication, they did not enjoy the same worldwide circulation as those of her colleagues. However, no other press correspondent followed the Liberation of Paris so closely.\u00a0<\/p>\t\t\t\t\t\t\t\t<\/div>\n\t\t\t\t<\/div>\n\t\t\t\t<div class=\"elementor-element elementor-element-4c3a1e2 elementor-widget elementor-widget-heading\" data-id=\"4c3a1e2\" data-element_type=\"widget\" data-e-type=\"widget\" data-widget_type=\"heading.default\">\n\t\t\t\t<div class=\"elementor-widget-container\">\n\t\t\t\t\t<h2 class=\"elementor-heading-title elementor-size-default\"> A look at the Liberation of Paris  <\/h2>\t\t\t\t<\/div>\n\t\t\t\t<\/div>\n\t\t\t\t<div class=\"elementor-element elementor-element-cfa524b elementor-widget elementor-widget-text-editor\" data-id=\"cfa524b\" data-element_type=\"widget\" data-e-type=\"widget\" data-widget_type=\"text-editor.default\">\n\t\t\t\t<div class=\"elementor-widget-container\">\n\t\t\t\t\t\t\t\t\t<p style=\"text-align: left;\">From 16 to 25 August, \u00c9lisabeth de Miribel followed the 2nd armoured division \"relentlessly\" on its way to Paris, \"a mixture of war and 14 July\". Joy and tragedy mingled: as they entered Antony, a young girl recognised her brother standing on a tank. She rushes to embrace him, but a German shot from a window kills her. Two young soldiers were shot dead by ambushers a hundred metres from the place where the crowd had carried them in triumph a few minutes earlier. It was not until two days later that \u00c9lisabeth de Miribel reported on the \"tears rolling down the cheeks of the old warriors from Chad and the feverish people who had waited so long for them\". \"It was the unforgettable encounter between France and its soldiers\", she concluded, \"the dark complexion of the soldiers contrasted with the emaciated faces of the resistance fighters, but the same fire animated their gazes\". However, nothing is over yet: many of the soldiers who experienced these moments in history would lose their lives a few days or weeks later, during the fighting in Eastern France.\u00a0<\/p>\t\t\t\t\t\t\t\t<\/div>\n\t\t\t\t<\/div>\n\t\t\t\t\t<\/div>\n\t\t\t\t<\/div>\n\t\t\t\t<div class=\"elementor-element elementor-element-be770af elementor-widget elementor-widget-menu-anchor\" data-id=\"be770af\" data-element_type=\"widget\" data-e-type=\"widget\" data-widget_type=\"menu-anchor.default\">\n\t\t\t\t<div class=\"elementor-widget-container\">\n\t\t\t\t\t\t\t<div class=\"elementor-menu-anchor\" id=\"vercors\"><\/div>\n\t\t\t\t\t\t<\/div>\n\t\t\t\t<\/div>\n\t\t\t\t<div class=\"elementor-element elementor-element-d194c9e elementor-widget elementor-widget-heading\" data-id=\"d194c9e\" data-element_type=\"widget\" data-e-type=\"widget\" data-widget_type=\"heading.default\">\n\t\t\t\t<div class=\"elementor-widget-container\">\n\t\t\t\t\t<h2 class=\"elementor-heading-title elementor-size-default\">THE TRAGEDY OF THE VERCORS MAQUIS <\/h2>\t\t\t\t<\/div>\n\t\t\t\t<\/div>\n\t\t\t\t<div class=\"elementor-element elementor-element-4bb5b99 elementor-widget-divider--view-line elementor-widget elementor-widget-divider\" data-id=\"4bb5b99\" data-element_type=\"widget\" data-e-type=\"widget\" data-widget_type=\"divider.default\">\n\t\t\t\t<div class=\"elementor-widget-container\">\n\t\t\t\t\t\t\t<div class=\"elementor-divider\">\n\t\t\t<span class=\"elementor-divider-separator\">\n\t\t\t\t\t\t<\/span>\n\t\t<\/div>\n\t\t\t\t\t\t<\/div>\n\t\t\t\t<\/div>\n\t\t<div data-particle_enable=\"false\" data-particle-mobile-disabled=\"false\" class=\"elementor-element elementor-element-d03542e e-flex e-con-boxed e-con e-child\" data-id=\"d03542e\" data-element_type=\"container\" data-e-type=\"container\">\n\t\t\t\t\t<div class=\"e-con-inner\">\n\t\t<div data-particle_enable=\"false\" data-particle-mobile-disabled=\"false\" class=\"elementor-element elementor-element-4f889b4 e-flex e-con-boxed e-con e-child\" data-id=\"4f889b4\" data-element_type=\"container\" data-e-type=\"container\">\n\t\t\t\t\t<div class=\"e-con-inner\">\n\t\t\t\t<div class=\"elementor-element elementor-element-3ac16b4 elementor-widget__width-initial elementor-widget-tablet__width-initial elementor-widget-mobile__width-initial elementor-widget elementor-widget-image\" data-id=\"3ac16b4\" data-element_type=\"widget\" data-e-type=\"widget\" data-widget_type=\"image.default\">\n\t\t\t\t<div class=\"elementor-widget-container\">\n\t\t\t\t\t\t\t\t\t\t\t\t<figure class=\"wp-caption\">\n\t\t\t\t\t\t\t\t\t\t<img decoding=\"async\" width=\"963\" height=\"717\" src=\"https:\/\/ihedn.fr\/wp-content\/uploads\/2024\/05\/illu-3.jpg\" class=\"attachment-full size-full wp-image-47611\" alt=\"\" srcset=\"https:\/\/ihedn.fr\/wp-content\/uploads\/2024\/05\/illu-3.jpg 963w, https:\/\/ihedn.fr\/wp-content\/uploads\/2024\/05\/illu-3-16x12.jpg 16w\" sizes=\"(max-width: 963px) 100vw, 963px\" \/>\t\t\t\t\t\t\t\t\t\t\t<figcaption class=\"widget-image-caption wp-caption-text\"><\/figcaption>\n\t\t\t\t\t\t\t\t\t\t<\/figure>\n\t\t\t\t\t\t\t\t\t<\/div>\n\t\t\t\t<\/div>\n\t\t\t\t<div class=\"elementor-element elementor-element-936601c elementor-widget elementor-widget-text-editor\" data-id=\"936601c\" data-element_type=\"widget\" data-e-type=\"widget\" data-widget_type=\"text-editor.default\">\n\t\t\t\t<div class=\"elementor-widget-container\">\n\t\t\t\t\t\t\t\t\t<p style=\"text-align: left;\">Behind the term \"maquis\", several realities of civil and military resistance succeeded one another throughout the war. In 1940, the less easily accessible areas of France (mountainous, rural) were used as places of retreat, particularly for persecuted minorities, but the introduction of the STO (Obligatory Labour Service) changed all that. As historian Fabrice Grenard points out, the influx of draft dodgers from the spring of 1943 led Resistance leaders to consider the possibility of turning them into armed combatants. After complex debates, it was in the summer of 1943 that a structure was put in place and resources and weapons began to flow into the maquis.\u00a0<\/p>\t\t\t\t\t\t\t\t<\/div>\n\t\t\t\t<\/div>\n\t\t\t\t\t<\/div>\n\t\t\t\t<\/div>\n\t\t<div data-particle_enable=\"false\" data-particle-mobile-disabled=\"false\" class=\"elementor-element elementor-element-cd9bacc e-flex e-con-boxed e-con e-child\" data-id=\"cd9bacc\" data-element_type=\"container\" data-e-type=\"container\">\n\t\t\t\t\t<div class=\"e-con-inner\">\n\t\t\t\t<div class=\"elementor-element elementor-element-338a3db elementor-widget elementor-widget-heading\" data-id=\"338a3db\" data-element_type=\"widget\" data-e-type=\"widget\" data-widget_type=\"heading.default\">\n\t\t\t\t<div class=\"elementor-widget-container\">\n\t\t\t\t\t<h2 class=\"elementor-heading-title elementor-size-default\"> The Vercors, a French fortress<\/h2>\t\t\t\t<\/div>\n\t\t\t\t<\/div>\n\t\t\t\t<div class=\"elementor-element elementor-element-6a0c052 elementor-widget elementor-widget-text-editor\" data-id=\"6a0c052\" data-element_type=\"widget\" data-e-type=\"widget\" data-widget_type=\"text-editor.default\">\n\t\t\t\t<div class=\"elementor-widget-container\">\n\t\t\t\t\t\t\t\t\t<p style=\"text-align: left;\">Undoubtedly one of the most impenetrable areas of mainland France, the Vercors served as a place of retreat from the summer of 1940, mainly for Jewish populations fleeing Paris and schools that took over the tourist infrastructure. A military organisation began to take shape in the spring of 1942, based around \"francs-tireurs\" groups and political circles close to the underground SFIO. The reception structure was therefore already in place when many young people who had refused to leave for Germany as part of the STO. From early 1943, the establishment of scattered camps and the \"Montagnards\" project to militarise the plateau, in particular with airstrips, made the Vercors a structured area, breaking with the more flexible and reticular tactics of other maquis.\u00a0<\/p>\t\t\t\t\t\t\t\t<\/div>\n\t\t\t\t<\/div>\n\t\t\t\t<div class=\"elementor-element elementor-element-d108851 elementor-widget elementor-widget-heading\" data-id=\"d108851\" data-element_type=\"widget\" data-e-type=\"widget\" data-widget_type=\"heading.default\">\n\t\t\t\t<div class=\"elementor-widget-container\">\n\t\t\t\t\t<h2 class=\"elementor-heading-title elementor-size-default\"> The role of the maquis in the landings<\/h2>\t\t\t\t<\/div>\n\t\t\t\t<\/div>\n\t\t\t\t<div class=\"elementor-element elementor-element-ca9894e elementor-widget elementor-widget-text-editor\" data-id=\"ca9894e\" data-element_type=\"widget\" data-e-type=\"widget\" data-widget_type=\"text-editor.default\">\n\t\t\t\t<div class=\"elementor-widget-container\">\n\t\t\t\t\t\t\t\t\t<p style=\"text-align: left;\">With the link established with London, as part of the Secret Army, the maquis embodied a local political legitimacy that was an alternative to that of the Vichy regime. Clashes with German troops and, above all, the Milice began in January 1944. But there was also the question of their military role in the landings: the aim was to increase the number of places of uprising, to distract the German forces and prevent them from concentrating in Normandy. At the same time, this role gave Free France military, and therefore political, clout with the Allies. On 5 June, Radio Londres broadcast the message: \"The Chamois of the Alps is on the move\". The maquisards, joined by a large number of volunteers, took over the plateau and liberated it, setting up an administration in the \"Provisional Republic of the Vercors\", which enjoyed widespread support from the local population.\u00a0<\/p>\t\t\t\t\t\t\t\t<\/div>\n\t\t\t\t<\/div>\n\t\t\t\t<div class=\"elementor-element elementor-element-5c9d948 elementor-widget elementor-widget-heading\" data-id=\"5c9d948\" data-element_type=\"widget\" data-e-type=\"widget\" data-widget_type=\"heading.default\">\n\t\t\t\t<div class=\"elementor-widget-container\">\n\t\t\t\t\t<h2 class=\"elementor-heading-title elementor-size-default\">A tragic outcome, but one that will help ensure ultimate success<\/h2>\t\t\t\t<\/div>\n\t\t\t\t<\/div>\n\t\t\t\t<div class=\"elementor-element elementor-element-83cd262 elementor-widget elementor-widget-text-editor\" data-id=\"83cd262\" data-element_type=\"widget\" data-e-type=\"widget\" data-widget_type=\"text-editor.default\">\n\t\t\t\t<div class=\"elementor-widget-container\">\n\t\t\t\t\t\t\t\t\t<p style=\"text-align: left;\">However, arms were in short supply and Allied parachute drops were insufficient, just as preparations were underway for the Provence landings. The German offensive, the most massive ever launched against the Resistance, began in mid-July: bombing raids, parachute and Alpine fighter offensives, two days of fighting marked by atrocities affecting civilians in particular, and the maquis was forced to disperse. The fighting claimed the lives of almost 1,000 Maquis and civilians alike. Although the strategy of an early \"anchor point\" was debated, as the Free French had no air resources of their own to support the Vercors, General de Gaulle made the commune at the heart of the maquis, Vassieux-en-Vercors, a Companion of the Liberation on 4 August 1945, in recognition of the price of its sacrifice and the part played by French combatants in the liberation of the region.\u00a0\u00a0\u00a0<\/p>\t\t\t\t\t\t\t\t<\/div>\n\t\t\t\t<\/div>\n\t\t\t\t\t<\/div>\n\t\t\t\t<\/div>\n\t\t\t\t\t<\/div>\n\t\t\t\t<\/div>\n\t\t\t\t\t<\/div>\n\t\t\t\t<\/div>\n\t\t\t\t<\/div>","protected":false},"excerpt":{"rendered":"<p>The first episode of our \"Esprit 44\" series in partnership with the Charles-de-Gaulle Foundation. Let's explore the Resistance, through two little-known figures, Jacques Bingen and \u00c9lisabeth de Miribel, as well as an epic and tragic episode: the Vercors maquis.<\/p>","protected":false},"author":10,"featured_media":47682,"comment_status":"closed","ping_status":"closed","sticky":false,"template":"","format":"standard","meta":{"footnotes":""},"categories":[207,41,171],"tags":[229],"class_list":["post-47606","post","type-post","status-publish","format-standard","has-post-thumbnail","hentry","category-defense-militaire","category-lundis-de-lihedn","category-notre-selection","tag-esprit44"],"yoast_head":"<!-- This site is optimized with the Yoast SEO plugin v27.5 - https:\/\/yoast.com\/product\/yoast-seo-wordpress\/ -->\n<title>R\u00e9sistance : l\u2019arm\u00e9e des ombres prend la lumi\u00e8re - L&#039;IHEDN : Institut des hautes \u00e9tudes de d\u00e9fense nationale<\/title>\n<meta name=\"description\" content=\"\u00c0 l\u2019occasion d\u2019une mission de la majeure Souverainet\u00e9 num\u00e9rique et cybers\u00e9curit\u00e9 de la session nationale de l\u2019IHEDN, zoom sur le plus petit des pays baltes, devenu un acteur mondial du domaine digital, en cyberd\u00e9fense notamment.\" \/>\n<meta name=\"robots\" content=\"index, follow, max-snippet:-1, max-image-preview:large, max-video-preview:-1\" \/>\n<link rel=\"canonical\" href=\"https:\/\/ihedn.fr\/en\/notre-selection\/resistance-larmee-des-ombres-prend-la-lumiere\/\" \/>\n<meta property=\"og:locale\" content=\"en_GB\" \/>\n<meta property=\"og:type\" content=\"article\" \/>\n<meta property=\"og:title\" content=\"R\u00e9sistance : l\u2019arm\u00e9e des ombres prend la lumi\u00e8re\" \/>\n<meta property=\"og:description\" content=\"Premier \u00e9pisode de notre s\u00e9rie \u00ab Esprit 44 \u00bb en partenariat avec la Fondation Charles-de-Gaulle.\" \/>\n<meta property=\"og:url\" content=\"https:\/\/ihedn.fr\/en\/notre-selection\/resistance-larmee-des-ombres-prend-la-lumiere\/\" \/>\n<meta property=\"og:site_name\" content=\"L&#039;IHEDN : Institut des hautes \u00e9tudes de d\u00e9fense nationale\" \/>\n<meta property=\"article:publisher\" content=\"https:\/\/www.facebook.com\/ihedn\/\" \/>\n<meta property=\"article:published_time\" content=\"2024-05-24T09:25:48+00:00\" \/>\n<meta property=\"article:modified_time\" content=\"2025-09-04T16:09:39+00:00\" \/>\n<meta property=\"og:image\" content=\"https:\/\/ihedn.fr\/wp-content\/uploads\/2024\/05\/RESISTANCE_ESPRIT443-1.jpg\" \/>\n\t<meta property=\"og:image:width\" content=\"1920\" \/>\n\t<meta property=\"og:image:height\" content=\"1080\" \/>\n\t<meta property=\"og:image:type\" content=\"image\/jpeg\" \/>\n<meta name=\"author\" content=\"tanguy.morel@ihedn.fr\" \/>\n<meta name=\"twitter:card\" content=\"summary_large_image\" \/>\n<meta name=\"twitter:title\" content=\"R\u00e9sistance : l\u2019arm\u00e9e des ombres prend la lumi\u00e8re\" \/>\n<meta name=\"twitter:description\" content=\"Premier \u00e9pisode de notre s\u00e9rie \u00ab Esprit 44 \u00bb en partenariat avec la Fondation Charles-de-Gaulle.\" \/>\n<meta name=\"twitter:image\" content=\"https:\/\/ihedn.fr\/wp-content\/uploads\/2024\/05\/RESISTANCE_ESPRIT443-1.jpg\" \/>\n<meta name=\"twitter:creator\" content=\"@IHEDN\" \/>\n<meta name=\"twitter:site\" content=\"@IHEDN\" \/>\n<meta name=\"twitter:label1\" content=\"Written by\" \/>\n\t<meta name=\"twitter:data1\" content=\"tanguy.morel@ihedn.fr\" \/>\n\t<meta name=\"twitter:label2\" content=\"Estimated reading time\" \/>\n\t<meta name=\"twitter:data2\" content=\"11 minutes\" \/>\n<script type=\"application\/ld+json\" class=\"yoast-schema-graph\">{\"@context\":\"https:\\\/\\\/schema.org\",\"@graph\":[{\"@type\":\"Article\",\"@id\":\"https:\\\/\\\/ihedn.fr\\\/notre-selection\\\/resistance-larmee-des-ombres-prend-la-lumiere\\\/#article\",\"isPartOf\":{\"@id\":\"https:\\\/\\\/ihedn.fr\\\/notre-selection\\\/resistance-larmee-des-ombres-prend-la-lumiere\\\/\"},\"author\":{\"name\":\"tanguy.morel@ihedn.fr\",\"@id\":\"https:\\\/\\\/ihedn.fr\\\/#\\\/schema\\\/person\\\/ed217a37104b27a246b200e65b827cc7\"},\"headline\":\"R\u00e9sistance : l\u2019arm\u00e9e des ombres prend la lumi\u00e8re\",\"datePublished\":\"2024-05-24T09:25:48+00:00\",\"dateModified\":\"2025-09-04T16:09:39+00:00\",\"mainEntityOfPage\":{\"@id\":\"https:\\\/\\\/ihedn.fr\\\/notre-selection\\\/resistance-larmee-des-ombres-prend-la-lumiere\\\/\"},\"wordCount\":2108,\"publisher\":{\"@id\":\"https:\\\/\\\/ihedn.fr\\\/#organization\"},\"image\":{\"@id\":\"https:\\\/\\\/ihedn.fr\\\/notre-selection\\\/resistance-larmee-des-ombres-prend-la-lumiere\\\/#primaryimage\"},\"thumbnailUrl\":\"https:\\\/\\\/ihedn.fr\\\/wp-content\\\/uploads\\\/2024\\\/05\\\/RESISTANCE_ESPRIT443-1.jpg\",\"keywords\":[\"esprit44\"],\"articleSection\":[\"d\u00e9fense militaire\",\"Lundis de l'IHEDN\",\"Notre s\u00e9lection\"],\"inLanguage\":\"en-GB\"},{\"@type\":\"WebPage\",\"@id\":\"https:\\\/\\\/ihedn.fr\\\/notre-selection\\\/resistance-larmee-des-ombres-prend-la-lumiere\\\/\",\"url\":\"https:\\\/\\\/ihedn.fr\\\/notre-selection\\\/resistance-larmee-des-ombres-prend-la-lumiere\\\/\",\"name\":\"R\u00e9sistance : l\u2019arm\u00e9e des ombres prend la lumi\u00e8re - L&#039;IHEDN : Institut des hautes \u00e9tudes de d\u00e9fense nationale\",\"isPartOf\":{\"@id\":\"https:\\\/\\\/ihedn.fr\\\/#website\"},\"primaryImageOfPage\":{\"@id\":\"https:\\\/\\\/ihedn.fr\\\/notre-selection\\\/resistance-larmee-des-ombres-prend-la-lumiere\\\/#primaryimage\"},\"image\":{\"@id\":\"https:\\\/\\\/ihedn.fr\\\/notre-selection\\\/resistance-larmee-des-ombres-prend-la-lumiere\\\/#primaryimage\"},\"thumbnailUrl\":\"https:\\\/\\\/ihedn.fr\\\/wp-content\\\/uploads\\\/2024\\\/05\\\/RESISTANCE_ESPRIT443-1.jpg\",\"datePublished\":\"2024-05-24T09:25:48+00:00\",\"dateModified\":\"2025-09-04T16:09:39+00:00\",\"description\":\"\u00c0 l\u2019occasion d\u2019une mission de la majeure Souverainet\u00e9 num\u00e9rique et cybers\u00e9curit\u00e9 de la session nationale de l\u2019IHEDN, zoom sur le plus petit des pays baltes, devenu un acteur mondial du domaine digital, en cyberd\u00e9fense notamment.\",\"breadcrumb\":{\"@id\":\"https:\\\/\\\/ihedn.fr\\\/notre-selection\\\/resistance-larmee-des-ombres-prend-la-lumiere\\\/#breadcrumb\"},\"inLanguage\":\"en-GB\",\"potentialAction\":[{\"@type\":\"ReadAction\",\"target\":[\"https:\\\/\\\/ihedn.fr\\\/notre-selection\\\/resistance-larmee-des-ombres-prend-la-lumiere\\\/\"]}]},{\"@type\":\"ImageObject\",\"inLanguage\":\"en-GB\",\"@id\":\"https:\\\/\\\/ihedn.fr\\\/notre-selection\\\/resistance-larmee-des-ombres-prend-la-lumiere\\\/#primaryimage\",\"url\":\"https:\\\/\\\/ihedn.fr\\\/wp-content\\\/uploads\\\/2024\\\/05\\\/RESISTANCE_ESPRIT443-1.jpg\",\"contentUrl\":\"https:\\\/\\\/ihedn.fr\\\/wp-content\\\/uploads\\\/2024\\\/05\\\/RESISTANCE_ESPRIT443-1.jpg\",\"width\":1920,\"height\":1080,\"caption\":\"visuel de \\\"R\u00e9sistance : l'arm\u00e9e des ombres prend la lumi\u00e8re\\\"\"},{\"@type\":\"BreadcrumbList\",\"@id\":\"https:\\\/\\\/ihedn.fr\\\/notre-selection\\\/resistance-larmee-des-ombres-prend-la-lumiere\\\/#breadcrumb\",\"itemListElement\":[{\"@type\":\"ListItem\",\"position\":1,\"name\":\"Accueil\",\"item\":\"https:\\\/\\\/ihedn.fr\\\/\"},{\"@type\":\"ListItem\",\"position\":2,\"name\":\"R\u00e9sistance : l\u2019arm\u00e9e des ombres prend la lumi\u00e8re\"}]},{\"@type\":\"WebSite\",\"@id\":\"https:\\\/\\\/ihedn.fr\\\/#website\",\"url\":\"https:\\\/\\\/ihedn.fr\\\/\",\"name\":\"IHEDN : Institut des hautes \u00e9tudes de d\u00e9fense nationale |\",\"description\":\"Site officiel de l&#039;IHEDN plac\u00e9 sous la tutelle du Premier ministre.\",\"publisher\":{\"@id\":\"https:\\\/\\\/ihedn.fr\\\/#organization\"},\"potentialAction\":[{\"@type\":\"SearchAction\",\"target\":{\"@type\":\"EntryPoint\",\"urlTemplate\":\"https:\\\/\\\/ihedn.fr\\\/?s={search_term_string}\"},\"query-input\":{\"@type\":\"PropertyValueSpecification\",\"valueRequired\":true,\"valueName\":\"search_term_string\"}}],\"inLanguage\":\"en-GB\"},{\"@type\":\"Organization\",\"@id\":\"https:\\\/\\\/ihedn.fr\\\/#organization\",\"name\":\"IHEDN - Institut des Hautes Etudes de D\u00e9fense Nationale\",\"url\":\"https:\\\/\\\/ihedn.fr\\\/\",\"logo\":{\"@type\":\"ImageObject\",\"inLanguage\":\"en-GB\",\"@id\":\"https:\\\/\\\/ihedn.fr\\\/#\\\/schema\\\/logo\\\/image\\\/\",\"url\":\"https:\\\/\\\/ihedn.fr\\\/wp-content\\\/uploads\\\/2020\\\/11\\\/BLOC_RF_IHEDN_WEB.png\",\"contentUrl\":\"https:\\\/\\\/ihedn.fr\\\/wp-content\\\/uploads\\\/2020\\\/11\\\/BLOC_RF_IHEDN_WEB.png\",\"width\":500,\"height\":237,\"caption\":\"IHEDN - Institut des Hautes Etudes de D\u00e9fense Nationale\"},\"image\":{\"@id\":\"https:\\\/\\\/ihedn.fr\\\/#\\\/schema\\\/logo\\\/image\\\/\"},\"sameAs\":[\"https:\\\/\\\/www.facebook.com\\\/ihedn\\\/\",\"https:\\\/\\\/x.com\\\/IHEDN\",\"https:\\\/\\\/www.instagram.com\\\/ihedn\\\/\",\"https:\\\/\\\/www.linkedin.com\\\/school\\\/ihedn\\\/\",\"https:\\\/\\\/fr.wikipedia.org\\\/wiki\\\/Institut_des_hautes_\u00e9tudes_de_D\u00e9fense_nationale\"]},{\"@type\":\"Person\",\"@id\":\"https:\\\/\\\/ihedn.fr\\\/#\\\/schema\\\/person\\\/ed217a37104b27a246b200e65b827cc7\",\"name\":\"tanguy.morel@ihedn.fr\",\"image\":{\"@type\":\"ImageObject\",\"inLanguage\":\"en-GB\",\"@id\":\"https:\\\/\\\/secure.gravatar.com\\\/avatar\\\/36877cd30919fafddf1f9da45f4154aa468a64328452f2ceaff0968772207348?s=96&d=mm&r=g\",\"url\":\"https:\\\/\\\/secure.gravatar.com\\\/avatar\\\/36877cd30919fafddf1f9da45f4154aa468a64328452f2ceaff0968772207348?s=96&d=mm&r=g\",\"contentUrl\":\"https:\\\/\\\/secure.gravatar.com\\\/avatar\\\/36877cd30919fafddf1f9da45f4154aa468a64328452f2ceaff0968772207348?s=96&d=mm&r=g\",\"caption\":\"tanguy.morel@ihedn.fr\"},\"url\":\"https:\\\/\\\/ihedn.fr\\\/en\\\/author\\\/tanguy-morelihedn-fr\\\/\"}]}<\/script>\n<!-- \/ Yoast SEO plugin. -->","yoast_head_json":{"title":"Resistance: the army of shadows steps into the light - L'IHEDN : Institut des hautes \u00e9tudes de d\u00e9fense nationale (Institute for Advanced Studies in National Defence)","description":"During a mission by the Digital Sovereignty and Cybersecurity major at the IHEDN national session, we take a closer look at the smallest of the Baltic States, which has become a global player in the digital field, particularly in cyber defence.","robots":{"index":"index","follow":"follow","max-snippet":"max-snippet:-1","max-image-preview":"max-image-preview:large","max-video-preview":"max-video-preview:-1"},"canonical":"https:\/\/ihedn.fr\/en\/notre-selection\/resistance-larmee-des-ombres-prend-la-lumiere\/","og_locale":"en_GB","og_type":"article","og_title":"R\u00e9sistance : l\u2019arm\u00e9e des ombres prend la lumi\u00e8re","og_description":"Premier \u00e9pisode de notre s\u00e9rie \u00ab Esprit 44 \u00bb en partenariat avec la Fondation Charles-de-Gaulle.","og_url":"https:\/\/ihedn.fr\/en\/notre-selection\/resistance-larmee-des-ombres-prend-la-lumiere\/","og_site_name":"L&#039;IHEDN : Institut des hautes \u00e9tudes de d\u00e9fense nationale","article_publisher":"https:\/\/www.facebook.com\/ihedn\/","article_published_time":"2024-05-24T09:25:48+00:00","article_modified_time":"2025-09-04T16:09:39+00:00","og_image":[{"width":1920,"height":1080,"url":"https:\/\/ihedn.fr\/wp-content\/uploads\/2024\/05\/RESISTANCE_ESPRIT443-1.jpg","type":"image\/jpeg"}],"author":"tanguy.morel@ihedn.fr","twitter_card":"summary_large_image","twitter_title":"R\u00e9sistance : l\u2019arm\u00e9e des ombres prend la lumi\u00e8re","twitter_description":"Premier \u00e9pisode de notre s\u00e9rie \u00ab Esprit 44 \u00bb en partenariat avec la Fondation Charles-de-Gaulle.","twitter_image":"https:\/\/ihedn.fr\/wp-content\/uploads\/2024\/05\/RESISTANCE_ESPRIT443-1.jpg","twitter_creator":"@IHEDN","twitter_site":"@IHEDN","twitter_misc":{"Written by":"tanguy.morel@ihedn.fr","Estimated reading time":"11 minutes"},"schema":{"@context":"https:\/\/schema.org","@graph":[{"@type":"Article","@id":"https:\/\/ihedn.fr\/notre-selection\/resistance-larmee-des-ombres-prend-la-lumiere\/#article","isPartOf":{"@id":"https:\/\/ihedn.fr\/notre-selection\/resistance-larmee-des-ombres-prend-la-lumiere\/"},"author":{"name":"tanguy.morel@ihedn.fr","@id":"https:\/\/ihedn.fr\/#\/schema\/person\/ed217a37104b27a246b200e65b827cc7"},"headline":"R\u00e9sistance : l\u2019arm\u00e9e des ombres prend la lumi\u00e8re","datePublished":"2024-05-24T09:25:48+00:00","dateModified":"2025-09-04T16:09:39+00:00","mainEntityOfPage":{"@id":"https:\/\/ihedn.fr\/notre-selection\/resistance-larmee-des-ombres-prend-la-lumiere\/"},"wordCount":2108,"publisher":{"@id":"https:\/\/ihedn.fr\/#organization"},"image":{"@id":"https:\/\/ihedn.fr\/notre-selection\/resistance-larmee-des-ombres-prend-la-lumiere\/#primaryimage"},"thumbnailUrl":"https:\/\/ihedn.fr\/wp-content\/uploads\/2024\/05\/RESISTANCE_ESPRIT443-1.jpg","keywords":["esprit44"],"articleSection":["d\u00e9fense militaire","Lundis de l'IHEDN","Notre s\u00e9lection"],"inLanguage":"en-GB"},{"@type":"WebPage","@id":"https:\/\/ihedn.fr\/notre-selection\/resistance-larmee-des-ombres-prend-la-lumiere\/","url":"https:\/\/ihedn.fr\/notre-selection\/resistance-larmee-des-ombres-prend-la-lumiere\/","name":"Resistance: the army of shadows steps into the light - L'IHEDN : Institut des hautes \u00e9tudes de d\u00e9fense nationale (Institute for Advanced Studies in National Defence)","isPartOf":{"@id":"https:\/\/ihedn.fr\/#website"},"primaryImageOfPage":{"@id":"https:\/\/ihedn.fr\/notre-selection\/resistance-larmee-des-ombres-prend-la-lumiere\/#primaryimage"},"image":{"@id":"https:\/\/ihedn.fr\/notre-selection\/resistance-larmee-des-ombres-prend-la-lumiere\/#primaryimage"},"thumbnailUrl":"https:\/\/ihedn.fr\/wp-content\/uploads\/2024\/05\/RESISTANCE_ESPRIT443-1.jpg","datePublished":"2024-05-24T09:25:48+00:00","dateModified":"2025-09-04T16:09:39+00:00","description":"During a mission by the Digital Sovereignty and Cybersecurity major at the IHEDN national session, we take a closer look at the smallest of the Baltic States, which has become a global player in the digital field, particularly in cyber defence.","breadcrumb":{"@id":"https:\/\/ihedn.fr\/notre-selection\/resistance-larmee-des-ombres-prend-la-lumiere\/#breadcrumb"},"inLanguage":"en-GB","potentialAction":[{"@type":"ReadAction","target":["https:\/\/ihedn.fr\/notre-selection\/resistance-larmee-des-ombres-prend-la-lumiere\/"]}]},{"@type":"ImageObject","inLanguage":"en-GB","@id":"https:\/\/ihedn.fr\/notre-selection\/resistance-larmee-des-ombres-prend-la-lumiere\/#primaryimage","url":"https:\/\/ihedn.fr\/wp-content\/uploads\/2024\/05\/RESISTANCE_ESPRIT443-1.jpg","contentUrl":"https:\/\/ihedn.fr\/wp-content\/uploads\/2024\/05\/RESISTANCE_ESPRIT443-1.jpg","width":1920,"height":1080,"caption":"visuel de \"R\u00e9sistance : l'arm\u00e9e des ombres prend la lumi\u00e8re\""},{"@type":"BreadcrumbList","@id":"https:\/\/ihedn.fr\/notre-selection\/resistance-larmee-des-ombres-prend-la-lumiere\/#breadcrumb","itemListElement":[{"@type":"ListItem","position":1,"name":"Accueil","item":"https:\/\/ihedn.fr\/"},{"@type":"ListItem","position":2,"name":"R\u00e9sistance : l\u2019arm\u00e9e des ombres prend la lumi\u00e8re"}]},{"@type":"WebSite","@id":"https:\/\/ihedn.fr\/#website","url":"https:\/\/ihedn.fr\/","name":"IHEDN: Institut des hautes \u00e9tudes de d\u00e9fense nationale (Institute for Higher National Defence Studies)","description":"Official website of the IHEDN under the supervision of the Prime Minister.","publisher":{"@id":"https:\/\/ihedn.fr\/#organization"},"potentialAction":[{"@type":"SearchAction","target":{"@type":"EntryPoint","urlTemplate":"https:\/\/ihedn.fr\/?s={search_term_string}"},"query-input":{"@type":"PropertyValueSpecification","valueRequired":true,"valueName":"search_term_string"}}],"inLanguage":"en-GB"},{"@type":"Organization","@id":"https:\/\/ihedn.fr\/#organization","name":"IHEDN - Institute for Higher National Defence Studies","url":"https:\/\/ihedn.fr\/","logo":{"@type":"ImageObject","inLanguage":"en-GB","@id":"https:\/\/ihedn.fr\/#\/schema\/logo\/image\/","url":"https:\/\/ihedn.fr\/wp-content\/uploads\/2020\/11\/BLOC_RF_IHEDN_WEB.png","contentUrl":"https:\/\/ihedn.fr\/wp-content\/uploads\/2020\/11\/BLOC_RF_IHEDN_WEB.png","width":500,"height":237,"caption":"IHEDN - Institut des Hautes Etudes de D\u00e9fense Nationale"},"image":{"@id":"https:\/\/ihedn.fr\/#\/schema\/logo\/image\/"},"sameAs":["https:\/\/www.facebook.com\/ihedn\/","https:\/\/x.com\/IHEDN","https:\/\/www.instagram.com\/ihedn\/","https:\/\/www.linkedin.com\/school\/ihedn\/","https:\/\/fr.wikipedia.org\/wiki\/Institut_des_hautes_\u00e9tudes_de_D\u00e9fense_nationale"]},{"@type":"Person","@id":"https:\/\/ihedn.fr\/#\/schema\/person\/ed217a37104b27a246b200e65b827cc7","name":"tanguy.morel@ihedn.fr","image":{"@type":"ImageObject","inLanguage":"en-GB","@id":"https:\/\/secure.gravatar.com\/avatar\/36877cd30919fafddf1f9da45f4154aa468a64328452f2ceaff0968772207348?s=96&d=mm&r=g","url":"https:\/\/secure.gravatar.com\/avatar\/36877cd30919fafddf1f9da45f4154aa468a64328452f2ceaff0968772207348?s=96&d=mm&r=g","contentUrl":"https:\/\/secure.gravatar.com\/avatar\/36877cd30919fafddf1f9da45f4154aa468a64328452f2ceaff0968772207348?s=96&d=mm&r=g","caption":"tanguy.morel@ihedn.fr"},"url":"https:\/\/ihedn.fr\/en\/author\/tanguy-morelihedn-fr\/"}]}},"publishpress_future_action":{"enabled":false,"date":"2026-05-07 00:21:33","action":"change-status","newStatus":"draft","terms":[],"taxonomy":"category","extraData":[]},"publishpress_future_workflow_manual_trigger":{"enabledWorkflows":[]},"_links":{"self":[{"href":"https:\/\/ihedn.fr\/en\/wp-json\/wp\/v2\/posts\/47606","targetHints":{"allow":["GET"]}}],"collection":[{"href":"https:\/\/ihedn.fr\/en\/wp-json\/wp\/v2\/posts"}],"about":[{"href":"https:\/\/ihedn.fr\/en\/wp-json\/wp\/v2\/types\/post"}],"author":[{"embeddable":true,"href":"https:\/\/ihedn.fr\/en\/wp-json\/wp\/v2\/users\/10"}],"replies":[{"embeddable":true,"href":"https:\/\/ihedn.fr\/en\/wp-json\/wp\/v2\/comments?post=47606"}],"version-history":[{"count":73,"href":"https:\/\/ihedn.fr\/en\/wp-json\/wp\/v2\/posts\/47606\/revisions"}],"predecessor-version":[{"id":48138,"href":"https:\/\/ihedn.fr\/en\/wp-json\/wp\/v2\/posts\/47606\/revisions\/48138"}],"wp:featuredmedia":[{"embeddable":true,"href":"https:\/\/ihedn.fr\/en\/wp-json\/wp\/v2\/media\/47682"}],"wp:attachment":[{"href":"https:\/\/ihedn.fr\/en\/wp-json\/wp\/v2\/media?parent=47606"}],"wp:term":[{"taxonomy":"category","embeddable":true,"href":"https:\/\/ihedn.fr\/en\/wp-json\/wp\/v2\/categories?post=47606"},{"taxonomy":"post_tag","embeddable":true,"href":"https:\/\/ihedn.fr\/en\/wp-json\/wp\/v2\/tags?post=47606"}],"curies":[{"name":"wp","href":"https:\/\/api.w.org\/{rel}","templated":true}]}}