{"id":47850,"date":"2024-05-31T15:36:57","date_gmt":"2024-05-31T14:36:57","guid":{"rendered":"https:\/\/ihedn.fr\/?p=47850"},"modified":"2024-05-31T15:37:58","modified_gmt":"2024-05-31T14:37:58","slug":"lobligation-de-loyaute-envers-la-constitution-des-soldats-de-la-bundeswehr-et-lobligation-de-reserve-des-soldats-francais-deux-mecanismes-dencadrement-des-comportements-antidemocratiques-au-sein-des-f","status":"publish","type":"post","link":"https:\/\/ihedn.fr\/en\/veille-strategique\/lobligation-de-loyaute-envers-la-constitution-des-soldats-de-la-bundeswehr-et-lobligation-de-reserve-des-soldats-francais-deux-mecanismes-dencadrement-des-comportements-antidemocratiques-au-sein-des-f\/","title":{"rendered":"\"L'obligation de loyaut\u00e9 envers la constitution des soldats de la Bundeswehr et l'obligation de r\u00e9serve des soldats fran\u00e7ais : Deux m\u00e9canismes d'encadrement des comportements antid\u00e9mocratiques au sein des forces arm\u00e9es\"."},"content":{"rendered":"<div data-elementor-type=\"wp-post\" data-elementor-id=\"47850\" class=\"elementor elementor-47850\" data-elementor-post-type=\"post\">\n\t\t\t\t\t\t<section data-particle_enable=\"false\" data-particle-mobile-disabled=\"false\" class=\"elementor-section elementor-top-section elementor-element elementor-element-25cf675 elementor-section-boxed elementor-section-height-default elementor-section-height-default\" data-id=\"25cf675\" data-element_type=\"section\" data-e-type=\"section\">\n\t\t\t\t\t\t<div class=\"elementor-container elementor-column-gap-default\">\n\t\t\t\t\t<div class=\"elementor-column elementor-col-100 elementor-top-column elementor-element elementor-element-f3ba09f\" data-id=\"f3ba09f\" data-element_type=\"column\" data-e-type=\"column\">\n\t\t\t<div class=\"elementor-widget-wrap elementor-element-populated\">\n\t\t\t\t\t\t<div class=\"elementor-element elementor-element-254228e elementor-widget elementor-widget-text-editor\" data-id=\"254228e\" data-element_type=\"widget\" data-e-type=\"widget\" data-widget_type=\"text-editor.default\">\n\t\t\t\t<div class=\"elementor-widget-container\">\n\t\t\t\t\t\t\t\t\t<p>Against a backdrop of rising populism in Europe, this note sheds light on the origins of the anti-democratic acts recorded within the French and German armies. The author compares the obligation of loyalty to the Constitution of German soldiers with the obligation of reserve of French soldiers, and the disciplinary consequences of violating these obligations.<\/p>\t\t\t\t\t\t\t\t<\/div>\n\t\t\t\t<\/div>\n\t\t\t\t\t<\/div>\n\t\t<\/div>\n\t\t\t\t\t<\/div>\n\t\t<\/section>\n\t\t\t\t<section data-particle_enable=\"false\" data-particle-mobile-disabled=\"false\" class=\"elementor-section elementor-top-section elementor-element elementor-element-56cf714 elementor-section-boxed elementor-section-height-default elementor-section-height-default\" data-id=\"56cf714\" data-element_type=\"section\" data-e-type=\"section\">\n\t\t\t\t\t\t<div class=\"elementor-container elementor-column-gap-default\">\n\t\t\t\t\t<div class=\"elementor-column elementor-col-50 elementor-top-column elementor-element elementor-element-8a23d72\" data-id=\"8a23d72\" data-element_type=\"column\" data-e-type=\"column\">\n\t\t\t<div class=\"elementor-widget-wrap elementor-element-populated\">\n\t\t\t\t\t\t<div class=\"elementor-element elementor-element-1d5cb98 elementor-widget elementor-widget-text-editor\" data-id=\"1d5cb98\" data-element_type=\"widget\" data-e-type=\"widget\" data-widget_type=\"text-editor.default\">\n\t\t\t\t<div class=\"elementor-widget-container\">\n\t\t\t\t\t\t\t\t\t<p><em><strong><span style=\"color: #000000; font-family: Marianne; font-size: medium;\">Leonie BELK, IRSEM, Research Report 143, 8 April 2024<\/span><\/strong><\/em><\/p>\t\t\t\t\t\t\t\t<\/div>\n\t\t\t\t<\/div>\n\t\t\t\t\t<\/div>\n\t\t<\/div>\n\t\t\t\t<div class=\"elementor-column elementor-col-50 elementor-top-column elementor-element elementor-element-b25c284\" data-id=\"b25c284\" data-element_type=\"column\" data-e-type=\"column\">\n\t\t\t<div class=\"elementor-widget-wrap elementor-element-populated\">\n\t\t\t\t\t\t<div class=\"elementor-element elementor-element-d6cca6f elementor-align-right elementor-mobile-align-center elementor-widget-mobile__width-inherit elementor-invisible elementor-widget elementor-widget-button\" data-id=\"d6cca6f\" data-element_type=\"widget\" data-e-type=\"widget\" data-settings=\"{&quot;_animation&quot;:&quot;fadeInUp&quot;}\" data-widget_type=\"button.default\">\n\t\t\t\t<div class=\"elementor-widget-container\">\n\t\t\t\t\t\t\t\t\t<div class=\"elementor-button-wrapper\">\n\t\t\t\t\t<a class=\"elementor-button elementor-button-link elementor-size-xs\" href=\"https:\/\/www.irsem.fr\/media\/nr-irsem-143-belk-obligation.pdf\" target=\"_blank\">\n\t\t\t\t\t\t<span class=\"elementor-button-content-wrapper\">\n\t\t\t\t\t\t<span class=\"elementor-button-icon\">\n\t\t\t\t<svg aria-hidden=\"true\" class=\"e-font-icon-svg e-fas-arrow-alt-circle-right\" viewbox=\"0 0 512 512\" xmlns=\"http:\/\/www.w3.org\/2000\/svg\"><path d=\"M256 8c137 0 248 111 248 248S393 504 256 504 8 393 8 256 119 8 256 8zM140 300h116v70.9c0 10.7 13 16.1 20.5 8.5l114.3-114.9c4.7-4.7 4.7-12.2 0-16.9l-114.3-115c-7.6-7.6-20.5-2.2-20.5 8.5V212H140c-6.6 0-12 5.4-12 12v64c0 6.6 5.4 12 12 12z\"><\/path><\/svg>\t\t\t<\/span>\n\t\t\t\t\t\t\t\t\t<span class=\"elementor-button-text\">Visit<\/span>\n\t\t\t\t\t<\/span>\n\t\t\t\t\t<\/a>\n\t\t\t\t<\/div>\n\t\t\t\t\t\t\t\t<\/div>\n\t\t\t\t<\/div>\n\t\t\t\t\t<\/div>\n\t\t<\/div>\n\t\t\t\t\t<\/div>\n\t\t<\/section>\n\t\t\t\t<\/div>","protected":false},"excerpt":{"rendered":"<p>Dans un contexte de flamb\u00e9e populiste en Europe, cette note met en lumi\u00e8re les origines des actes antid\u00e9mocratiques r\u00e9pertori\u00e9s au sein de l\u2019arm\u00e9e en France et en Allemagne. L\u2019auteure compare l\u2019obligation de loyaut\u00e9 envers la Constitution des soldats allemands \u00e0 l\u2019obligation de r\u00e9serve des militaires fran\u00e7ais ainsi que les cons\u00e9quences disciplinaires en cas de violation [&hellip;]<\/p>\n","protected":false},"author":12,"featured_media":0,"comment_status":"closed","ping_status":"closed","sticky":false,"template":"","format":"standard","meta":{"footnotes":""},"categories":[175],"tags":[],"class_list":["post-47850","post","type-post","status-publish","format-standard","hentry","category-veille-strategique"],"yoast_head":"<!-- This site is optimized with the Yoast SEO plugin v27.5 - https:\/\/yoast.com\/product\/yoast-seo-wordpress\/ -->\n<title>\u00ab L\u2019obligation de loyaut\u00e9 envers la constitution des soldats de la Bundeswehr et l\u2019obligation de r\u00e9serve des soldats fran\u00e7ais : Deux m\u00e9canismes d\u2019encadrement des comportements antid\u00e9mocratiques au sein des forces arm\u00e9es \u00bb - L&#039;IHEDN : Institut des hautes \u00e9tudes de d\u00e9fense nationale<\/title>\n<meta name=\"description\" content=\"Au travers d\u2019une \u00e9tude chiffr\u00e9e, l\u2019auteur pr\u00e9sente l\u2019\u00e9volution de l\u2019\u00e9conomie de l\u2019armement de la Russie depuis deux ans.\" \/>\n<meta name=\"robots\" content=\"index, follow, max-snippet:-1, max-image-preview:large, max-video-preview:-1\" \/>\n<link rel=\"canonical\" href=\"https:\/\/ihedn.fr\/en\/comprendre\/veille-strategique\/lobligation-de-loyaute-envers-la-constitution-des-soldats-de-la-bundeswehr-et-lobligation-de-reserve-des-soldats-francais-deux-mecanismes-dencadrement-des-comportements-antidemocratiques-au-sein-des-f\/\" \/>\n<meta property=\"og:locale\" content=\"en_GB\" \/>\n<meta property=\"og:type\" content=\"article\" \/>\n<meta property=\"og:title\" content=\"\u00ab L\u2019obligation de loyaut\u00e9 envers la constitution des soldats de la Bundeswehr et l\u2019obligation de r\u00e9serve des soldats fran\u00e7ais : Deux m\u00e9canismes d\u2019encadrement des comportements antid\u00e9mocratiques au sein des forces arm\u00e9es \u00bb\" \/>\n<meta property=\"og:description\" content=\"Au travers d\u2019une \u00e9tude chiffr\u00e9e, l\u2019auteur pr\u00e9sente l\u2019\u00e9volution de l\u2019\u00e9conomie de l\u2019armement de la Russie depuis deux ans.\" \/>\n<meta property=\"og:url\" content=\"https:\/\/ihedn.fr\/en\/comprendre\/veille-strategique\/lobligation-de-loyaute-envers-la-constitution-des-soldats-de-la-bundeswehr-et-lobligation-de-reserve-des-soldats-francais-deux-mecanismes-dencadrement-des-comportements-antidemocratiques-au-sein-des-f\/\" \/>\n<meta property=\"og:site_name\" content=\"L&#039;IHEDN : Institut des hautes \u00e9tudes de d\u00e9fense nationale\" \/>\n<meta property=\"article:publisher\" content=\"https:\/\/www.facebook.com\/ihedn\/\" \/>\n<meta property=\"article:published_time\" content=\"2024-05-31T14:36:57+00:00\" \/>\n<meta property=\"article:modified_time\" content=\"2024-05-31T14:37:58+00:00\" \/>\n<meta name=\"author\" content=\"Ad\u00e8le Thoumieux\" \/>\n<meta name=\"twitter:card\" content=\"summary_large_image\" \/>\n<meta name=\"twitter:title\" content=\"\u00ab L\u2019obligation de loyaut\u00e9 envers la constitution des soldats de la Bundeswehr et l\u2019obligation de r\u00e9serve des soldats fran\u00e7ais : Deux m\u00e9canismes d\u2019encadrement des comportements antid\u00e9mocratiques au sein des forces arm\u00e9es \u00bb\" \/>\n<meta name=\"twitter:description\" content=\"Au travers d\u2019une \u00e9tude chiffr\u00e9e, l\u2019auteur pr\u00e9sente l\u2019\u00e9volution de l\u2019\u00e9conomie de l\u2019armement de la Russie depuis deux ans.\" \/>\n<meta name=\"twitter:creator\" content=\"@IHEDN\" \/>\n<meta name=\"twitter:site\" content=\"@IHEDN\" \/>\n<meta name=\"twitter:label1\" content=\"Written by\" \/>\n\t<meta name=\"twitter:data1\" content=\"Ad\u00e8le Thoumieux\" \/>\n\t<meta name=\"twitter:label2\" content=\"Estimated reading time\" \/>\n\t<meta name=\"twitter:data2\" content=\"1 minute\" \/>\n<script type=\"application\/ld+json\" class=\"yoast-schema-graph\">{\"@context\":\"https:\\\/\\\/schema.org\",\"@graph\":[{\"@type\":\"Article\",\"@id\":\"https:\\\/\\\/ihedn.fr\\\/comprendre\\\/veille-strategique\\\/lobligation-de-loyaute-envers-la-constitution-des-soldats-de-la-bundeswehr-et-lobligation-de-reserve-des-soldats-francais-deux-mecanismes-dencadrement-des-comportements-antidemocratiques-au-sein-des-f\\\/#article\",\"isPartOf\":{\"@id\":\"https:\\\/\\\/ihedn.fr\\\/comprendre\\\/veille-strategique\\\/lobligation-de-loyaute-envers-la-constitution-des-soldats-de-la-bundeswehr-et-lobligation-de-reserve-des-soldats-francais-deux-mecanismes-dencadrement-des-comportements-antidemocratiques-au-sein-des-f\\\/\"},\"author\":{\"name\":\"Ad\u00e8le Thoumieux\",\"@id\":\"https:\\\/\\\/ihedn.fr\\\/#\\\/schema\\\/person\\\/16d49c2bd0121499ea9b9023ce89826c\"},\"headline\":\"\u00ab L\u2019obligation de loyaut\u00e9 envers la constitution des soldats de la Bundeswehr et l\u2019obligation de r\u00e9serve des soldats fran\u00e7ais : Deux m\u00e9canismes d\u2019encadrement des comportements antid\u00e9mocratiques au sein des forces arm\u00e9es \u00bb\",\"datePublished\":\"2024-05-31T14:36:57+00:00\",\"dateModified\":\"2024-05-31T14:37:58+00:00\",\"mainEntityOfPage\":{\"@id\":\"https:\\\/\\\/ihedn.fr\\\/comprendre\\\/veille-strategique\\\/lobligation-de-loyaute-envers-la-constitution-des-soldats-de-la-bundeswehr-et-lobligation-de-reserve-des-soldats-francais-deux-mecanismes-dencadrement-des-comportements-antidemocratiques-au-sein-des-f\\\/\"},\"wordCount\":115,\"publisher\":{\"@id\":\"https:\\\/\\\/ihedn.fr\\\/#organization\"},\"articleSection\":[\"Veille strat\u00e9gique\"],\"inLanguage\":\"en-GB\"},{\"@type\":\"WebPage\",\"@id\":\"https:\\\/\\\/ihedn.fr\\\/comprendre\\\/veille-strategique\\\/lobligation-de-loyaute-envers-la-constitution-des-soldats-de-la-bundeswehr-et-lobligation-de-reserve-des-soldats-francais-deux-mecanismes-dencadrement-des-comportements-antidemocratiques-au-sein-des-f\\\/\",\"url\":\"https:\\\/\\\/ihedn.fr\\\/comprendre\\\/veille-strategique\\\/lobligation-de-loyaute-envers-la-constitution-des-soldats-de-la-bundeswehr-et-lobligation-de-reserve-des-soldats-francais-deux-mecanismes-dencadrement-des-comportements-antidemocratiques-au-sein-des-f\\\/\",\"name\":\"\u00ab L\u2019obligation de loyaut\u00e9 envers la constitution des soldats de la Bundeswehr et l\u2019obligation de r\u00e9serve des soldats fran\u00e7ais : Deux m\u00e9canismes d\u2019encadrement des comportements antid\u00e9mocratiques au sein des forces arm\u00e9es \u00bb - L&#039;IHEDN : Institut des hautes \u00e9tudes de d\u00e9fense nationale\",\"isPartOf\":{\"@id\":\"https:\\\/\\\/ihedn.fr\\\/#website\"},\"datePublished\":\"2024-05-31T14:36:57+00:00\",\"dateModified\":\"2024-05-31T14:37:58+00:00\",\"description\":\"Au travers d\u2019une \u00e9tude chiffr\u00e9e, l\u2019auteur pr\u00e9sente l\u2019\u00e9volution de l\u2019\u00e9conomie de l\u2019armement de la Russie depuis deux ans.\",\"breadcrumb\":{\"@id\":\"https:\\\/\\\/ihedn.fr\\\/comprendre\\\/veille-strategique\\\/lobligation-de-loyaute-envers-la-constitution-des-soldats-de-la-bundeswehr-et-lobligation-de-reserve-des-soldats-francais-deux-mecanismes-dencadrement-des-comportements-antidemocratiques-au-sein-des-f\\\/#breadcrumb\"},\"inLanguage\":\"en-GB\",\"potentialAction\":[{\"@type\":\"ReadAction\",\"target\":[\"https:\\\/\\\/ihedn.fr\\\/comprendre\\\/veille-strategique\\\/lobligation-de-loyaute-envers-la-constitution-des-soldats-de-la-bundeswehr-et-lobligation-de-reserve-des-soldats-francais-deux-mecanismes-dencadrement-des-comportements-antidemocratiques-au-sein-des-f\\\/\"]}]},{\"@type\":\"BreadcrumbList\",\"@id\":\"https:\\\/\\\/ihedn.fr\\\/comprendre\\\/veille-strategique\\\/lobligation-de-loyaute-envers-la-constitution-des-soldats-de-la-bundeswehr-et-lobligation-de-reserve-des-soldats-francais-deux-mecanismes-dencadrement-des-comportements-antidemocratiques-au-sein-des-f\\\/#breadcrumb\",\"itemListElement\":[{\"@type\":\"ListItem\",\"position\":1,\"name\":\"Accueil\",\"item\":\"https:\\\/\\\/ihedn.fr\\\/\"},{\"@type\":\"ListItem\",\"position\":2,\"name\":\"\u00ab L\u2019obligation de loyaut\u00e9 envers la constitution des soldats de la Bundeswehr et l\u2019obligation de r\u00e9serve des soldats fran\u00e7ais : Deux m\u00e9canismes d\u2019encadrement des comportements antid\u00e9mocratiques au sein des forces arm\u00e9es \u00bb\"}]},{\"@type\":\"WebSite\",\"@id\":\"https:\\\/\\\/ihedn.fr\\\/#website\",\"url\":\"https:\\\/\\\/ihedn.fr\\\/\",\"name\":\"IHEDN : Institut des hautes \u00e9tudes de d\u00e9fense nationale |\",\"description\":\"Site officiel de l&#039;IHEDN plac\u00e9 sous la tutelle du Premier ministre.\",\"publisher\":{\"@id\":\"https:\\\/\\\/ihedn.fr\\\/#organization\"},\"potentialAction\":[{\"@type\":\"SearchAction\",\"target\":{\"@type\":\"EntryPoint\",\"urlTemplate\":\"https:\\\/\\\/ihedn.fr\\\/?s={search_term_string}\"},\"query-input\":{\"@type\":\"PropertyValueSpecification\",\"valueRequired\":true,\"valueName\":\"search_term_string\"}}],\"inLanguage\":\"en-GB\"},{\"@type\":\"Organization\",\"@id\":\"https:\\\/\\\/ihedn.fr\\\/#organization\",\"name\":\"IHEDN - Institut des Hautes Etudes de D\u00e9fense Nationale\",\"url\":\"https:\\\/\\\/ihedn.fr\\\/\",\"logo\":{\"@type\":\"ImageObject\",\"inLanguage\":\"en-GB\",\"@id\":\"https:\\\/\\\/ihedn.fr\\\/#\\\/schema\\\/logo\\\/image\\\/\",\"url\":\"https:\\\/\\\/ihedn.fr\\\/wp-content\\\/uploads\\\/2020\\\/11\\\/BLOC_RF_IHEDN_WEB.png\",\"contentUrl\":\"https:\\\/\\\/ihedn.fr\\\/wp-content\\\/uploads\\\/2020\\\/11\\\/BLOC_RF_IHEDN_WEB.png\",\"width\":500,\"height\":237,\"caption\":\"IHEDN - Institut des Hautes Etudes de D\u00e9fense Nationale\"},\"image\":{\"@id\":\"https:\\\/\\\/ihedn.fr\\\/#\\\/schema\\\/logo\\\/image\\\/\"},\"sameAs\":[\"https:\\\/\\\/www.facebook.com\\\/ihedn\\\/\",\"https:\\\/\\\/x.com\\\/IHEDN\",\"https:\\\/\\\/www.instagram.com\\\/ihedn\\\/\",\"https:\\\/\\\/www.linkedin.com\\\/school\\\/ihedn\\\/\",\"https:\\\/\\\/fr.wikipedia.org\\\/wiki\\\/Institut_des_hautes_\u00e9tudes_de_D\u00e9fense_nationale\"]},{\"@type\":\"Person\",\"@id\":\"https:\\\/\\\/ihedn.fr\\\/#\\\/schema\\\/person\\\/16d49c2bd0121499ea9b9023ce89826c\",\"name\":\"Ad\u00e8le Thoumieux\",\"image\":{\"@type\":\"ImageObject\",\"inLanguage\":\"en-GB\",\"@id\":\"https:\\\/\\\/secure.gravatar.com\\\/avatar\\\/64fc58d14679bdd185946349bcb229b06e37d30d6290c2bec15f1daa8f8e0ece?s=96&d=mm&r=g\",\"url\":\"https:\\\/\\\/secure.gravatar.com\\\/avatar\\\/64fc58d14679bdd185946349bcb229b06e37d30d6290c2bec15f1daa8f8e0ece?s=96&d=mm&r=g\",\"contentUrl\":\"https:\\\/\\\/secure.gravatar.com\\\/avatar\\\/64fc58d14679bdd185946349bcb229b06e37d30d6290c2bec15f1daa8f8e0ece?s=96&d=mm&r=g\",\"caption\":\"Ad\u00e8le Thoumieux\"},\"sameAs\":[\"http:\\\/\\\/ihedn.fr\"],\"url\":\"https:\\\/\\\/ihedn.fr\\\/en\\\/author\\\/thoumieux\\\/\"}]}<\/script>\n<!-- \/ Yoast SEO plugin. -->","yoast_head_json":{"title":"\"L'obligation de loyaut\u00e9 envers la constitution des soldats de la Bundeswehr et l'obligation de r\u00e9serve des soldats fran\u00e7ais : Deux m\u00e9canismes d'encadrement des comportements antid\u00e9mocratiques au sein des forces arm\u00e9es\" - IHEDN: Institute for Advanced Studies in National Defence","description":"Using figures, the author presents the evolution of Russia's arms economy over the last two years.","robots":{"index":"index","follow":"follow","max-snippet":"max-snippet:-1","max-image-preview":"max-image-preview:large","max-video-preview":"max-video-preview:-1"},"canonical":"https:\/\/ihedn.fr\/en\/comprendre\/veille-strategique\/lobligation-de-loyaute-envers-la-constitution-des-soldats-de-la-bundeswehr-et-lobligation-de-reserve-des-soldats-francais-deux-mecanismes-dencadrement-des-comportements-antidemocratiques-au-sein-des-f\/","og_locale":"en_GB","og_type":"article","og_title":"\u00ab L\u2019obligation de loyaut\u00e9 envers la constitution des soldats de la Bundeswehr et l\u2019obligation de r\u00e9serve des soldats fran\u00e7ais : Deux m\u00e9canismes d\u2019encadrement des comportements antid\u00e9mocratiques au sein des forces arm\u00e9es \u00bb","og_description":"Au travers d\u2019une \u00e9tude chiffr\u00e9e, l\u2019auteur pr\u00e9sente l\u2019\u00e9volution de l\u2019\u00e9conomie de l\u2019armement de la Russie depuis deux ans.","og_url":"https:\/\/ihedn.fr\/en\/comprendre\/veille-strategique\/lobligation-de-loyaute-envers-la-constitution-des-soldats-de-la-bundeswehr-et-lobligation-de-reserve-des-soldats-francais-deux-mecanismes-dencadrement-des-comportements-antidemocratiques-au-sein-des-f\/","og_site_name":"L&#039;IHEDN : Institut des hautes \u00e9tudes de d\u00e9fense nationale","article_publisher":"https:\/\/www.facebook.com\/ihedn\/","article_published_time":"2024-05-31T14:36:57+00:00","article_modified_time":"2024-05-31T14:37:58+00:00","author":"Ad\u00e8le Thoumieux","twitter_card":"summary_large_image","twitter_title":"\u00ab L\u2019obligation de loyaut\u00e9 envers la constitution des soldats de la Bundeswehr et l\u2019obligation de r\u00e9serve des soldats fran\u00e7ais : Deux m\u00e9canismes d\u2019encadrement des comportements antid\u00e9mocratiques au sein des forces arm\u00e9es \u00bb","twitter_description":"Au travers d\u2019une \u00e9tude chiffr\u00e9e, l\u2019auteur pr\u00e9sente l\u2019\u00e9volution de l\u2019\u00e9conomie de l\u2019armement de la Russie depuis deux ans.","twitter_creator":"@IHEDN","twitter_site":"@IHEDN","twitter_misc":{"Written by":"Ad\u00e8le Thoumieux","Estimated reading time":"1 minute"},"schema":{"@context":"https:\/\/schema.org","@graph":[{"@type":"Article","@id":"https:\/\/ihedn.fr\/comprendre\/veille-strategique\/lobligation-de-loyaute-envers-la-constitution-des-soldats-de-la-bundeswehr-et-lobligation-de-reserve-des-soldats-francais-deux-mecanismes-dencadrement-des-comportements-antidemocratiques-au-sein-des-f\/#article","isPartOf":{"@id":"https:\/\/ihedn.fr\/comprendre\/veille-strategique\/lobligation-de-loyaute-envers-la-constitution-des-soldats-de-la-bundeswehr-et-lobligation-de-reserve-des-soldats-francais-deux-mecanismes-dencadrement-des-comportements-antidemocratiques-au-sein-des-f\/"},"author":{"name":"Ad\u00e8le Thoumieux","@id":"https:\/\/ihedn.fr\/#\/schema\/person\/16d49c2bd0121499ea9b9023ce89826c"},"headline":"\u00ab L\u2019obligation de loyaut\u00e9 envers la constitution des soldats de la Bundeswehr et l\u2019obligation de r\u00e9serve des soldats fran\u00e7ais : Deux m\u00e9canismes d\u2019encadrement des comportements antid\u00e9mocratiques au sein des forces arm\u00e9es \u00bb","datePublished":"2024-05-31T14:36:57+00:00","dateModified":"2024-05-31T14:37:58+00:00","mainEntityOfPage":{"@id":"https:\/\/ihedn.fr\/comprendre\/veille-strategique\/lobligation-de-loyaute-envers-la-constitution-des-soldats-de-la-bundeswehr-et-lobligation-de-reserve-des-soldats-francais-deux-mecanismes-dencadrement-des-comportements-antidemocratiques-au-sein-des-f\/"},"wordCount":115,"publisher":{"@id":"https:\/\/ihedn.fr\/#organization"},"articleSection":["Veille strat\u00e9gique"],"inLanguage":"en-GB"},{"@type":"WebPage","@id":"https:\/\/ihedn.fr\/comprendre\/veille-strategique\/lobligation-de-loyaute-envers-la-constitution-des-soldats-de-la-bundeswehr-et-lobligation-de-reserve-des-soldats-francais-deux-mecanismes-dencadrement-des-comportements-antidemocratiques-au-sein-des-f\/","url":"https:\/\/ihedn.fr\/comprendre\/veille-strategique\/lobligation-de-loyaute-envers-la-constitution-des-soldats-de-la-bundeswehr-et-lobligation-de-reserve-des-soldats-francais-deux-mecanismes-dencadrement-des-comportements-antidemocratiques-au-sein-des-f\/","name":"\"L'obligation de loyaut\u00e9 envers la constitution des soldats de la Bundeswehr et l'obligation de r\u00e9serve des soldats fran\u00e7ais : Deux m\u00e9canismes d'encadrement des comportements antid\u00e9mocratiques au sein des forces arm\u00e9es\" - IHEDN: Institute for Advanced Studies in National Defence","isPartOf":{"@id":"https:\/\/ihedn.fr\/#website"},"datePublished":"2024-05-31T14:36:57+00:00","dateModified":"2024-05-31T14:37:58+00:00","description":"Using figures, the author presents the evolution of Russia's arms economy over the last two years.","breadcrumb":{"@id":"https:\/\/ihedn.fr\/comprendre\/veille-strategique\/lobligation-de-loyaute-envers-la-constitution-des-soldats-de-la-bundeswehr-et-lobligation-de-reserve-des-soldats-francais-deux-mecanismes-dencadrement-des-comportements-antidemocratiques-au-sein-des-f\/#breadcrumb"},"inLanguage":"en-GB","potentialAction":[{"@type":"ReadAction","target":["https:\/\/ihedn.fr\/comprendre\/veille-strategique\/lobligation-de-loyaute-envers-la-constitution-des-soldats-de-la-bundeswehr-et-lobligation-de-reserve-des-soldats-francais-deux-mecanismes-dencadrement-des-comportements-antidemocratiques-au-sein-des-f\/"]}]},{"@type":"BreadcrumbList","@id":"https:\/\/ihedn.fr\/comprendre\/veille-strategique\/lobligation-de-loyaute-envers-la-constitution-des-soldats-de-la-bundeswehr-et-lobligation-de-reserve-des-soldats-francais-deux-mecanismes-dencadrement-des-comportements-antidemocratiques-au-sein-des-f\/#breadcrumb","itemListElement":[{"@type":"ListItem","position":1,"name":"Accueil","item":"https:\/\/ihedn.fr\/"},{"@type":"ListItem","position":2,"name":"\u00ab L\u2019obligation de loyaut\u00e9 envers la constitution des soldats de la Bundeswehr et l\u2019obligation de r\u00e9serve des soldats fran\u00e7ais : Deux m\u00e9canismes d\u2019encadrement des comportements antid\u00e9mocratiques au sein des forces arm\u00e9es \u00bb"}]},{"@type":"WebSite","@id":"https:\/\/ihedn.fr\/#website","url":"https:\/\/ihedn.fr\/","name":"IHEDN: Institut des hautes \u00e9tudes de d\u00e9fense nationale (Institute for Higher National Defence Studies)","description":"Official website of the IHEDN under the supervision of the Prime Minister.","publisher":{"@id":"https:\/\/ihedn.fr\/#organization"},"potentialAction":[{"@type":"SearchAction","target":{"@type":"EntryPoint","urlTemplate":"https:\/\/ihedn.fr\/?s={search_term_string}"},"query-input":{"@type":"PropertyValueSpecification","valueRequired":true,"valueName":"search_term_string"}}],"inLanguage":"en-GB"},{"@type":"Organization","@id":"https:\/\/ihedn.fr\/#organization","name":"IHEDN - Institute for Higher National Defence Studies","url":"https:\/\/ihedn.fr\/","logo":{"@type":"ImageObject","inLanguage":"en-GB","@id":"https:\/\/ihedn.fr\/#\/schema\/logo\/image\/","url":"https:\/\/ihedn.fr\/wp-content\/uploads\/2020\/11\/BLOC_RF_IHEDN_WEB.png","contentUrl":"https:\/\/ihedn.fr\/wp-content\/uploads\/2020\/11\/BLOC_RF_IHEDN_WEB.png","width":500,"height":237,"caption":"IHEDN - Institut des Hautes Etudes de D\u00e9fense Nationale"},"image":{"@id":"https:\/\/ihedn.fr\/#\/schema\/logo\/image\/"},"sameAs":["https:\/\/www.facebook.com\/ihedn\/","https:\/\/x.com\/IHEDN","https:\/\/www.instagram.com\/ihedn\/","https:\/\/www.linkedin.com\/school\/ihedn\/","https:\/\/fr.wikipedia.org\/wiki\/Institut_des_hautes_\u00e9tudes_de_D\u00e9fense_nationale"]},{"@type":"Person","@id":"https:\/\/ihedn.fr\/#\/schema\/person\/16d49c2bd0121499ea9b9023ce89826c","name":"Ad\u00e8le Thoumieux","image":{"@type":"ImageObject","inLanguage":"en-GB","@id":"https:\/\/secure.gravatar.com\/avatar\/64fc58d14679bdd185946349bcb229b06e37d30d6290c2bec15f1daa8f8e0ece?s=96&d=mm&r=g","url":"https:\/\/secure.gravatar.com\/avatar\/64fc58d14679bdd185946349bcb229b06e37d30d6290c2bec15f1daa8f8e0ece?s=96&d=mm&r=g","contentUrl":"https:\/\/secure.gravatar.com\/avatar\/64fc58d14679bdd185946349bcb229b06e37d30d6290c2bec15f1daa8f8e0ece?s=96&d=mm&r=g","caption":"Ad\u00e8le Thoumieux"},"sameAs":["http:\/\/ihedn.fr"],"url":"https:\/\/ihedn.fr\/en\/author\/thoumieux\/"}]}},"publishpress_future_action":{"enabled":false,"date":"2026-05-08 15:12:57","action":"change-status","newStatus":"draft","terms":[],"taxonomy":"category","extraData":[]},"publishpress_future_workflow_manual_trigger":{"enabledWorkflows":[]},"_links":{"self":[{"href":"https:\/\/ihedn.fr\/en\/wp-json\/wp\/v2\/posts\/47850","targetHints":{"allow":["GET"]}}],"collection":[{"href":"https:\/\/ihedn.fr\/en\/wp-json\/wp\/v2\/posts"}],"about":[{"href":"https:\/\/ihedn.fr\/en\/wp-json\/wp\/v2\/types\/post"}],"author":[{"embeddable":true,"href":"https:\/\/ihedn.fr\/en\/wp-json\/wp\/v2\/users\/12"}],"replies":[{"embeddable":true,"href":"https:\/\/ihedn.fr\/en\/wp-json\/wp\/v2\/comments?post=47850"}],"version-history":[{"count":4,"href":"https:\/\/ihedn.fr\/en\/wp-json\/wp\/v2\/posts\/47850\/revisions"}],"predecessor-version":[{"id":47854,"href":"https:\/\/ihedn.fr\/en\/wp-json\/wp\/v2\/posts\/47850\/revisions\/47854"}],"wp:attachment":[{"href":"https:\/\/ihedn.fr\/en\/wp-json\/wp\/v2\/media?parent=47850"}],"wp:term":[{"taxonomy":"category","embeddable":true,"href":"https:\/\/ihedn.fr\/en\/wp-json\/wp\/v2\/categories?post=47850"},{"taxonomy":"post_tag","embeddable":true,"href":"https:\/\/ihedn.fr\/en\/wp-json\/wp\/v2\/tags?post=47850"}],"curies":[{"name":"wp","href":"https:\/\/api.w.org\/{rel}","templated":true}]}}