{"id":47860,"date":"2024-05-31T15:40:33","date_gmt":"2024-05-31T14:40:33","guid":{"rendered":"https:\/\/ihedn.fr\/?p=47860"},"modified":"2024-05-31T15:41:35","modified_gmt":"2024-05-31T14:41:35","slug":"conclusion-des-travaux-dune-mission-dinformation-sur-lindustrie-de-defense-pourvoyeuse-dautonomie-strategique-en-europe","status":"publish","type":"post","link":"https:\/\/ihedn.fr\/en\/veille-strategique\/conclusion-des-travaux-dune-mission-dinformation-sur-lindustrie-de-defense-pourvoyeuse-dautonomie-strategique-en-europe\/","title":{"rendered":"\"Conclusion of the work of a fact-finding mission on the defence industry, a provider of strategic autonomy in Europe\"."},"content":{"rendered":"<div data-elementor-type=\"wp-post\" data-elementor-id=\"47860\" class=\"elementor elementor-47860\" data-elementor-post-type=\"post\">\n\t\t\t\t\t\t<section data-particle_enable=\"false\" data-particle-mobile-disabled=\"false\" class=\"elementor-section elementor-top-section elementor-element elementor-element-25cf675 elementor-section-boxed elementor-section-height-default elementor-section-height-default\" data-id=\"25cf675\" data-element_type=\"section\" data-e-type=\"section\">\n\t\t\t\t\t\t<div class=\"elementor-container elementor-column-gap-default\">\n\t\t\t\t\t<div class=\"elementor-column elementor-col-100 elementor-top-column elementor-element elementor-element-f3ba09f\" data-id=\"f3ba09f\" data-element_type=\"column\" data-e-type=\"column\">\n\t\t\t<div class=\"elementor-widget-wrap elementor-element-populated\">\n\t\t\t\t\t\t<div class=\"elementor-element elementor-element-254228e elementor-widget elementor-widget-text-editor\" data-id=\"254228e\" data-element_type=\"widget\" data-e-type=\"widget\" data-widget_type=\"text-editor.default\">\n\t\t\t\t<div class=\"elementor-widget-container\">\n\t\t\t\t\t\t\t\t\t<p>This information report was submitted by the Committee on National Defence and Armed Forces to conclude the work of a fact-finding mission on the defence industry as a provider of strategic autonomy in Europe. The report begins by outlining the structural weaknesses of the European defence industry and then sets out a number of recommendations for transforming the European defence technological and industrial base. At European level, for example, the report recommends combating discriminatory practices by private players and modifying the lending policy of the European Investment Bank. At national level, the report proposes adapting equipment programmes to take account of exportability criteria.<\/p>\t\t\t\t\t\t\t\t<\/div>\n\t\t\t\t<\/div>\n\t\t\t\t\t<\/div>\n\t\t<\/div>\n\t\t\t\t\t<\/div>\n\t\t<\/section>\n\t\t\t\t<section data-particle_enable=\"false\" data-particle-mobile-disabled=\"false\" class=\"elementor-section elementor-top-section elementor-element elementor-element-56cf714 elementor-section-boxed elementor-section-height-default elementor-section-height-default\" data-id=\"56cf714\" data-element_type=\"section\" data-e-type=\"section\">\n\t\t\t\t\t\t<div class=\"elementor-container elementor-column-gap-default\">\n\t\t\t\t\t<div class=\"elementor-column elementor-col-50 elementor-top-column elementor-element elementor-element-8a23d72\" data-id=\"8a23d72\" data-element_type=\"column\" data-e-type=\"column\">\n\t\t\t<div class=\"elementor-widget-wrap elementor-element-populated\">\n\t\t\t\t\t\t<div class=\"elementor-element elementor-element-1d5cb98 elementor-widget elementor-widget-text-editor\" data-id=\"1d5cb98\" data-element_type=\"widget\" data-e-type=\"widget\" data-widget_type=\"text-editor.default\">\n\t\t\t\t<div class=\"elementor-widget-container\">\n\t\t\t\t\t\t\t\t\t<p><strong>NATIONAL DEFENCE AND ARMED FORCES COMMITTEE, <em>National Assembly, Information report<\/em> <em>n\u00b02625<\/em>15 May 2024<\/strong><\/p>\t\t\t\t\t\t\t\t<\/div>\n\t\t\t\t<\/div>\n\t\t\t\t\t<\/div>\n\t\t<\/div>\n\t\t\t\t<div class=\"elementor-column elementor-col-50 elementor-top-column elementor-element elementor-element-b25c284\" data-id=\"b25c284\" data-element_type=\"column\" data-e-type=\"column\">\n\t\t\t<div class=\"elementor-widget-wrap elementor-element-populated\">\n\t\t\t\t\t\t<div class=\"elementor-element elementor-element-d6cca6f elementor-align-right elementor-mobile-align-center elementor-widget-mobile__width-inherit elementor-invisible elementor-widget elementor-widget-button\" data-id=\"d6cca6f\" data-element_type=\"widget\" data-e-type=\"widget\" data-settings=\"{&quot;_animation&quot;:&quot;fadeInUp&quot;}\" data-widget_type=\"button.default\">\n\t\t\t\t<div class=\"elementor-widget-container\">\n\t\t\t\t\t\t\t\t\t<div class=\"elementor-button-wrapper\">\n\t\t\t\t\t<a class=\"elementor-button elementor-button-link elementor-size-xs\" href=\"https:\/\/www.assemblee-nationale.fr\/dyn\/16\/rapports\/cion_def\/l16b2625_rapport-information\" target=\"_blank\">\n\t\t\t\t\t\t<span class=\"elementor-button-content-wrapper\">\n\t\t\t\t\t\t<span class=\"elementor-button-icon\">\n\t\t\t\t<svg aria-hidden=\"true\" class=\"e-font-icon-svg e-fas-arrow-alt-circle-right\" viewbox=\"0 0 512 512\" xmlns=\"http:\/\/www.w3.org\/2000\/svg\"><path d=\"M256 8c137 0 248 111 248 248S393 504 256 504 8 393 8 256 119 8 256 8zM140 300h116v70.9c0 10.7 13 16.1 20.5 8.5l114.3-114.9c4.7-4.7 4.7-12.2 0-16.9l-114.3-115c-7.6-7.6-20.5-2.2-20.5 8.5V212H140c-6.6 0-12 5.4-12 12v64c0 6.6 5.4 12 12 12z\"><\/path><\/svg>\t\t\t<\/span>\n\t\t\t\t\t\t\t\t\t<span class=\"elementor-button-text\">Visit<\/span>\n\t\t\t\t\t<\/span>\n\t\t\t\t\t<\/a>\n\t\t\t\t<\/div>\n\t\t\t\t\t\t\t\t<\/div>\n\t\t\t\t<\/div>\n\t\t\t\t\t<\/div>\n\t\t<\/div>\n\t\t\t\t\t<\/div>\n\t\t<\/section>\n\t\t\t\t<\/div>","protected":false},"excerpt":{"rendered":"<p>Ce rapport d&rsquo;information a \u00e9t\u00e9 d\u00e9pos\u00e9 par la commission de la d\u00e9fense nationale et des forces arm\u00e9es, en conclusion des travaux d&rsquo;une mission d&rsquo;information sur l\u2019industrie de d\u00e9fense, pourvoyeuse d\u2019autonomie strat\u00e9gique en Europe. Le texte fait d\u2019abord \u00e9tat des faiblesses structurelles de l\u2019industrie de d\u00e9fense europ\u00e9enne et pr\u00e9sente ensuite diff\u00e9rentes recommandations pour transformer la base [&hellip;]<\/p>\n","protected":false},"author":12,"featured_media":0,"comment_status":"closed","ping_status":"closed","sticky":false,"template":"","format":"standard","meta":{"footnotes":""},"categories":[177,175],"tags":[],"class_list":["post-47860","post","type-post","status-publish","format-standard","hentry","category-doc-institutionnel","category-veille-strategique"],"yoast_head":"<!-- This site is optimized with the Yoast SEO plugin v27.5 - https:\/\/yoast.com\/product\/yoast-seo-wordpress\/ -->\n<title>\u00ab Conclusion des travaux d\u2019une mission d\u2019information sur l\u2019industrie de d\u00e9fense, pourvoyeuse d\u2019autonomie strat\u00e9gique en Europe ? \u00bb - L&#039;IHEDN : Institut des hautes \u00e9tudes de d\u00e9fense nationale<\/title>\n<meta name=\"description\" content=\"En 2023, comme les ann\u00e9es pr\u00e9c\u00e9dentes, l\u2019OTAN a r\u00e9alis\u00e9 un sondage pour savoir quel regard les citoyens des pays de l\u2019Alliance portaient sur les questions de d\u00e9fense et de s\u00e9curit\u00e9.\" \/>\n<meta name=\"robots\" content=\"index, follow, max-snippet:-1, max-image-preview:large, max-video-preview:-1\" \/>\n<link rel=\"canonical\" href=\"https:\/\/ihedn.fr\/en\/comprendre\/veille-strategique\/conclusion-des-travaux-dune-mission-dinformation-sur-lindustrie-de-defense-pourvoyeuse-dautonomie-strategique-en-europe\/\" \/>\n<meta property=\"og:locale\" content=\"en_GB\" \/>\n<meta property=\"og:type\" content=\"article\" \/>\n<meta property=\"og:title\" content=\"\u00ab Conclusion des travaux d\u2019une mission d\u2019information sur l\u2019industrie de d\u00e9fense, pourvoyeuse d\u2019autonomie strat\u00e9gique en Europe ? \u00bb\" \/>\n<meta property=\"og:description\" content=\"En 2023, comme les ann\u00e9es pr\u00e9c\u00e9dentes, l\u2019OTAN a r\u00e9alis\u00e9 un sondage pour savoir quel regard les citoyens des pays de l\u2019Alliance portaient sur les questions de d\u00e9fense et de s\u00e9curit\u00e9.\" \/>\n<meta property=\"og:url\" content=\"https:\/\/ihedn.fr\/en\/comprendre\/veille-strategique\/conclusion-des-travaux-dune-mission-dinformation-sur-lindustrie-de-defense-pourvoyeuse-dautonomie-strategique-en-europe\/\" \/>\n<meta property=\"og:site_name\" content=\"L&#039;IHEDN : Institut des hautes \u00e9tudes de d\u00e9fense nationale\" \/>\n<meta property=\"article:publisher\" content=\"https:\/\/www.facebook.com\/ihedn\/\" \/>\n<meta property=\"article:published_time\" content=\"2024-05-31T14:40:33+00:00\" \/>\n<meta property=\"article:modified_time\" content=\"2024-05-31T14:41:35+00:00\" \/>\n<meta name=\"author\" content=\"Ad\u00e8le Thoumieux\" \/>\n<meta name=\"twitter:card\" content=\"summary_large_image\" \/>\n<meta name=\"twitter:title\" content=\"\u00ab Conclusion des travaux d\u2019une mission d\u2019information sur l\u2019industrie de d\u00e9fense, pourvoyeuse d\u2019autonomie strat\u00e9gique en Europe ? \u00bb\" \/>\n<meta name=\"twitter:description\" content=\"En 2023, comme les ann\u00e9es pr\u00e9c\u00e9dentes, l\u2019OTAN a r\u00e9alis\u00e9 un sondage pour savoir quel regard les citoyens des pays de l\u2019Alliance portaient sur les questions de d\u00e9fense et de s\u00e9curit\u00e9.\" \/>\n<meta name=\"twitter:creator\" content=\"@IHEDN\" \/>\n<meta name=\"twitter:site\" content=\"@IHEDN\" \/>\n<meta name=\"twitter:label1\" content=\"Written by\" \/>\n\t<meta name=\"twitter:data1\" content=\"Ad\u00e8le Thoumieux\" \/>\n\t<meta name=\"twitter:label2\" content=\"Estimated reading time\" \/>\n\t<meta name=\"twitter:data2\" content=\"1 minute\" \/>\n<script type=\"application\/ld+json\" class=\"yoast-schema-graph\">{\"@context\":\"https:\\\/\\\/schema.org\",\"@graph\":[{\"@type\":\"Article\",\"@id\":\"https:\\\/\\\/ihedn.fr\\\/comprendre\\\/veille-strategique\\\/conclusion-des-travaux-dune-mission-dinformation-sur-lindustrie-de-defense-pourvoyeuse-dautonomie-strategique-en-europe\\\/#article\",\"isPartOf\":{\"@id\":\"https:\\\/\\\/ihedn.fr\\\/comprendre\\\/veille-strategique\\\/conclusion-des-travaux-dune-mission-dinformation-sur-lindustrie-de-defense-pourvoyeuse-dautonomie-strategique-en-europe\\\/\"},\"author\":{\"name\":\"Ad\u00e8le Thoumieux\",\"@id\":\"https:\\\/\\\/ihedn.fr\\\/#\\\/schema\\\/person\\\/16d49c2bd0121499ea9b9023ce89826c\"},\"headline\":\"\u00ab Conclusion des travaux d\u2019une mission d\u2019information sur l\u2019industrie de d\u00e9fense, pourvoyeuse d\u2019autonomie strat\u00e9gique en Europe ? \u00bb\",\"datePublished\":\"2024-05-31T14:40:33+00:00\",\"dateModified\":\"2024-05-31T14:41:35+00:00\",\"mainEntityOfPage\":{\"@id\":\"https:\\\/\\\/ihedn.fr\\\/comprendre\\\/veille-strategique\\\/conclusion-des-travaux-dune-mission-dinformation-sur-lindustrie-de-defense-pourvoyeuse-dautonomie-strategique-en-europe\\\/\"},\"wordCount\":171,\"publisher\":{\"@id\":\"https:\\\/\\\/ihedn.fr\\\/#organization\"},\"articleSection\":[\"doc-institutionnel\",\"Veille strat\u00e9gique\"],\"inLanguage\":\"en-GB\"},{\"@type\":\"WebPage\",\"@id\":\"https:\\\/\\\/ihedn.fr\\\/comprendre\\\/veille-strategique\\\/conclusion-des-travaux-dune-mission-dinformation-sur-lindustrie-de-defense-pourvoyeuse-dautonomie-strategique-en-europe\\\/\",\"url\":\"https:\\\/\\\/ihedn.fr\\\/comprendre\\\/veille-strategique\\\/conclusion-des-travaux-dune-mission-dinformation-sur-lindustrie-de-defense-pourvoyeuse-dautonomie-strategique-en-europe\\\/\",\"name\":\"\u00ab Conclusion des travaux d\u2019une mission d\u2019information sur l\u2019industrie de d\u00e9fense, pourvoyeuse d\u2019autonomie strat\u00e9gique en Europe ? \u00bb - L&#039;IHEDN : Institut des hautes \u00e9tudes de d\u00e9fense nationale\",\"isPartOf\":{\"@id\":\"https:\\\/\\\/ihedn.fr\\\/#website\"},\"datePublished\":\"2024-05-31T14:40:33+00:00\",\"dateModified\":\"2024-05-31T14:41:35+00:00\",\"description\":\"En 2023, comme les ann\u00e9es pr\u00e9c\u00e9dentes, l\u2019OTAN a r\u00e9alis\u00e9 un sondage pour savoir quel regard les citoyens des pays de l\u2019Alliance portaient sur les questions de d\u00e9fense et de s\u00e9curit\u00e9.\",\"breadcrumb\":{\"@id\":\"https:\\\/\\\/ihedn.fr\\\/comprendre\\\/veille-strategique\\\/conclusion-des-travaux-dune-mission-dinformation-sur-lindustrie-de-defense-pourvoyeuse-dautonomie-strategique-en-europe\\\/#breadcrumb\"},\"inLanguage\":\"en-GB\",\"potentialAction\":[{\"@type\":\"ReadAction\",\"target\":[\"https:\\\/\\\/ihedn.fr\\\/comprendre\\\/veille-strategique\\\/conclusion-des-travaux-dune-mission-dinformation-sur-lindustrie-de-defense-pourvoyeuse-dautonomie-strategique-en-europe\\\/\"]}]},{\"@type\":\"BreadcrumbList\",\"@id\":\"https:\\\/\\\/ihedn.fr\\\/comprendre\\\/veille-strategique\\\/conclusion-des-travaux-dune-mission-dinformation-sur-lindustrie-de-defense-pourvoyeuse-dautonomie-strategique-en-europe\\\/#breadcrumb\",\"itemListElement\":[{\"@type\":\"ListItem\",\"position\":1,\"name\":\"Accueil\",\"item\":\"https:\\\/\\\/ihedn.fr\\\/\"},{\"@type\":\"ListItem\",\"position\":2,\"name\":\"\u00ab Conclusion des travaux d\u2019une mission d\u2019information sur l\u2019industrie de d\u00e9fense, pourvoyeuse d\u2019autonomie strat\u00e9gique en Europe ? \u00bb\"}]},{\"@type\":\"WebSite\",\"@id\":\"https:\\\/\\\/ihedn.fr\\\/#website\",\"url\":\"https:\\\/\\\/ihedn.fr\\\/\",\"name\":\"IHEDN : Institut des hautes \u00e9tudes de d\u00e9fense nationale |\",\"description\":\"Site officiel de l&#039;IHEDN plac\u00e9 sous la tutelle du Premier ministre.\",\"publisher\":{\"@id\":\"https:\\\/\\\/ihedn.fr\\\/#organization\"},\"potentialAction\":[{\"@type\":\"SearchAction\",\"target\":{\"@type\":\"EntryPoint\",\"urlTemplate\":\"https:\\\/\\\/ihedn.fr\\\/?s={search_term_string}\"},\"query-input\":{\"@type\":\"PropertyValueSpecification\",\"valueRequired\":true,\"valueName\":\"search_term_string\"}}],\"inLanguage\":\"en-GB\"},{\"@type\":\"Organization\",\"@id\":\"https:\\\/\\\/ihedn.fr\\\/#organization\",\"name\":\"IHEDN - Institut des Hautes Etudes de D\u00e9fense Nationale\",\"url\":\"https:\\\/\\\/ihedn.fr\\\/\",\"logo\":{\"@type\":\"ImageObject\",\"inLanguage\":\"en-GB\",\"@id\":\"https:\\\/\\\/ihedn.fr\\\/#\\\/schema\\\/logo\\\/image\\\/\",\"url\":\"https:\\\/\\\/ihedn.fr\\\/wp-content\\\/uploads\\\/2020\\\/11\\\/BLOC_RF_IHEDN_WEB.png\",\"contentUrl\":\"https:\\\/\\\/ihedn.fr\\\/wp-content\\\/uploads\\\/2020\\\/11\\\/BLOC_RF_IHEDN_WEB.png\",\"width\":500,\"height\":237,\"caption\":\"IHEDN - Institut des Hautes Etudes de D\u00e9fense Nationale\"},\"image\":{\"@id\":\"https:\\\/\\\/ihedn.fr\\\/#\\\/schema\\\/logo\\\/image\\\/\"},\"sameAs\":[\"https:\\\/\\\/www.facebook.com\\\/ihedn\\\/\",\"https:\\\/\\\/x.com\\\/IHEDN\",\"https:\\\/\\\/www.instagram.com\\\/ihedn\\\/\",\"https:\\\/\\\/www.linkedin.com\\\/school\\\/ihedn\\\/\",\"https:\\\/\\\/fr.wikipedia.org\\\/wiki\\\/Institut_des_hautes_\u00e9tudes_de_D\u00e9fense_nationale\"]},{\"@type\":\"Person\",\"@id\":\"https:\\\/\\\/ihedn.fr\\\/#\\\/schema\\\/person\\\/16d49c2bd0121499ea9b9023ce89826c\",\"name\":\"Ad\u00e8le Thoumieux\",\"image\":{\"@type\":\"ImageObject\",\"inLanguage\":\"en-GB\",\"@id\":\"https:\\\/\\\/secure.gravatar.com\\\/avatar\\\/64fc58d14679bdd185946349bcb229b06e37d30d6290c2bec15f1daa8f8e0ece?s=96&d=mm&r=g\",\"url\":\"https:\\\/\\\/secure.gravatar.com\\\/avatar\\\/64fc58d14679bdd185946349bcb229b06e37d30d6290c2bec15f1daa8f8e0ece?s=96&d=mm&r=g\",\"contentUrl\":\"https:\\\/\\\/secure.gravatar.com\\\/avatar\\\/64fc58d14679bdd185946349bcb229b06e37d30d6290c2bec15f1daa8f8e0ece?s=96&d=mm&r=g\",\"caption\":\"Ad\u00e8le Thoumieux\"},\"sameAs\":[\"http:\\\/\\\/ihedn.fr\"],\"url\":\"https:\\\/\\\/ihedn.fr\\\/en\\\/author\\\/thoumieux\\\/\"}]}<\/script>\n<!-- \/ Yoast SEO plugin. -->","yoast_head_json":{"title":"\"Conclusion of the work of a fact-finding mission on the defence industry, a source of strategic autonomy in Europe\". - IHEDN: Institute for Advanced National Defence Studies","description":"In 2023, as in previous years, NATO conducted a survey to find out how the citizens of Alliance countries view defence and security issues.","robots":{"index":"index","follow":"follow","max-snippet":"max-snippet:-1","max-image-preview":"max-image-preview:large","max-video-preview":"max-video-preview:-1"},"canonical":"https:\/\/ihedn.fr\/en\/comprendre\/veille-strategique\/conclusion-des-travaux-dune-mission-dinformation-sur-lindustrie-de-defense-pourvoyeuse-dautonomie-strategique-en-europe\/","og_locale":"en_GB","og_type":"article","og_title":"\u00ab Conclusion des travaux d\u2019une mission d\u2019information sur l\u2019industrie de d\u00e9fense, pourvoyeuse d\u2019autonomie strat\u00e9gique en Europe ? \u00bb","og_description":"En 2023, comme les ann\u00e9es pr\u00e9c\u00e9dentes, l\u2019OTAN a r\u00e9alis\u00e9 un sondage pour savoir quel regard les citoyens des pays de l\u2019Alliance portaient sur les questions de d\u00e9fense et de s\u00e9curit\u00e9.","og_url":"https:\/\/ihedn.fr\/en\/comprendre\/veille-strategique\/conclusion-des-travaux-dune-mission-dinformation-sur-lindustrie-de-defense-pourvoyeuse-dautonomie-strategique-en-europe\/","og_site_name":"L&#039;IHEDN : Institut des hautes \u00e9tudes de d\u00e9fense nationale","article_publisher":"https:\/\/www.facebook.com\/ihedn\/","article_published_time":"2024-05-31T14:40:33+00:00","article_modified_time":"2024-05-31T14:41:35+00:00","author":"Ad\u00e8le Thoumieux","twitter_card":"summary_large_image","twitter_title":"\u00ab Conclusion des travaux d\u2019une mission d\u2019information sur l\u2019industrie de d\u00e9fense, pourvoyeuse d\u2019autonomie strat\u00e9gique en Europe ? \u00bb","twitter_description":"En 2023, comme les ann\u00e9es pr\u00e9c\u00e9dentes, l\u2019OTAN a r\u00e9alis\u00e9 un sondage pour savoir quel regard les citoyens des pays de l\u2019Alliance portaient sur les questions de d\u00e9fense et de s\u00e9curit\u00e9.","twitter_creator":"@IHEDN","twitter_site":"@IHEDN","twitter_misc":{"Written by":"Ad\u00e8le Thoumieux","Estimated reading time":"1 minute"},"schema":{"@context":"https:\/\/schema.org","@graph":[{"@type":"Article","@id":"https:\/\/ihedn.fr\/comprendre\/veille-strategique\/conclusion-des-travaux-dune-mission-dinformation-sur-lindustrie-de-defense-pourvoyeuse-dautonomie-strategique-en-europe\/#article","isPartOf":{"@id":"https:\/\/ihedn.fr\/comprendre\/veille-strategique\/conclusion-des-travaux-dune-mission-dinformation-sur-lindustrie-de-defense-pourvoyeuse-dautonomie-strategique-en-europe\/"},"author":{"name":"Ad\u00e8le Thoumieux","@id":"https:\/\/ihedn.fr\/#\/schema\/person\/16d49c2bd0121499ea9b9023ce89826c"},"headline":"\u00ab Conclusion des travaux d\u2019une mission d\u2019information sur l\u2019industrie de d\u00e9fense, pourvoyeuse d\u2019autonomie strat\u00e9gique en Europe ? \u00bb","datePublished":"2024-05-31T14:40:33+00:00","dateModified":"2024-05-31T14:41:35+00:00","mainEntityOfPage":{"@id":"https:\/\/ihedn.fr\/comprendre\/veille-strategique\/conclusion-des-travaux-dune-mission-dinformation-sur-lindustrie-de-defense-pourvoyeuse-dautonomie-strategique-en-europe\/"},"wordCount":171,"publisher":{"@id":"https:\/\/ihedn.fr\/#organization"},"articleSection":["doc-institutionnel","Veille strat\u00e9gique"],"inLanguage":"en-GB"},{"@type":"WebPage","@id":"https:\/\/ihedn.fr\/comprendre\/veille-strategique\/conclusion-des-travaux-dune-mission-dinformation-sur-lindustrie-de-defense-pourvoyeuse-dautonomie-strategique-en-europe\/","url":"https:\/\/ihedn.fr\/comprendre\/veille-strategique\/conclusion-des-travaux-dune-mission-dinformation-sur-lindustrie-de-defense-pourvoyeuse-dautonomie-strategique-en-europe\/","name":"\"Conclusion of the work of a fact-finding mission on the defence industry, a source of strategic autonomy in Europe\". - IHEDN: Institute for Advanced National Defence Studies","isPartOf":{"@id":"https:\/\/ihedn.fr\/#website"},"datePublished":"2024-05-31T14:40:33+00:00","dateModified":"2024-05-31T14:41:35+00:00","description":"In 2023, as in previous years, NATO conducted a survey to find out how the citizens of Alliance countries view defence and security issues.","breadcrumb":{"@id":"https:\/\/ihedn.fr\/comprendre\/veille-strategique\/conclusion-des-travaux-dune-mission-dinformation-sur-lindustrie-de-defense-pourvoyeuse-dautonomie-strategique-en-europe\/#breadcrumb"},"inLanguage":"en-GB","potentialAction":[{"@type":"ReadAction","target":["https:\/\/ihedn.fr\/comprendre\/veille-strategique\/conclusion-des-travaux-dune-mission-dinformation-sur-lindustrie-de-defense-pourvoyeuse-dautonomie-strategique-en-europe\/"]}]},{"@type":"BreadcrumbList","@id":"https:\/\/ihedn.fr\/comprendre\/veille-strategique\/conclusion-des-travaux-dune-mission-dinformation-sur-lindustrie-de-defense-pourvoyeuse-dautonomie-strategique-en-europe\/#breadcrumb","itemListElement":[{"@type":"ListItem","position":1,"name":"Accueil","item":"https:\/\/ihedn.fr\/"},{"@type":"ListItem","position":2,"name":"\u00ab Conclusion des travaux d\u2019une mission d\u2019information sur l\u2019industrie de d\u00e9fense, pourvoyeuse d\u2019autonomie strat\u00e9gique en Europe ? \u00bb"}]},{"@type":"WebSite","@id":"https:\/\/ihedn.fr\/#website","url":"https:\/\/ihedn.fr\/","name":"IHEDN: Institut des hautes \u00e9tudes de d\u00e9fense nationale (Institute for Higher National Defence Studies)","description":"Official website of the IHEDN under the supervision of the Prime Minister.","publisher":{"@id":"https:\/\/ihedn.fr\/#organization"},"potentialAction":[{"@type":"SearchAction","target":{"@type":"EntryPoint","urlTemplate":"https:\/\/ihedn.fr\/?s={search_term_string}"},"query-input":{"@type":"PropertyValueSpecification","valueRequired":true,"valueName":"search_term_string"}}],"inLanguage":"en-GB"},{"@type":"Organization","@id":"https:\/\/ihedn.fr\/#organization","name":"IHEDN - Institute for Higher National Defence Studies","url":"https:\/\/ihedn.fr\/","logo":{"@type":"ImageObject","inLanguage":"en-GB","@id":"https:\/\/ihedn.fr\/#\/schema\/logo\/image\/","url":"https:\/\/ihedn.fr\/wp-content\/uploads\/2020\/11\/BLOC_RF_IHEDN_WEB.png","contentUrl":"https:\/\/ihedn.fr\/wp-content\/uploads\/2020\/11\/BLOC_RF_IHEDN_WEB.png","width":500,"height":237,"caption":"IHEDN - Institut des Hautes Etudes de D\u00e9fense Nationale"},"image":{"@id":"https:\/\/ihedn.fr\/#\/schema\/logo\/image\/"},"sameAs":["https:\/\/www.facebook.com\/ihedn\/","https:\/\/x.com\/IHEDN","https:\/\/www.instagram.com\/ihedn\/","https:\/\/www.linkedin.com\/school\/ihedn\/","https:\/\/fr.wikipedia.org\/wiki\/Institut_des_hautes_\u00e9tudes_de_D\u00e9fense_nationale"]},{"@type":"Person","@id":"https:\/\/ihedn.fr\/#\/schema\/person\/16d49c2bd0121499ea9b9023ce89826c","name":"Ad\u00e8le Thoumieux","image":{"@type":"ImageObject","inLanguage":"en-GB","@id":"https:\/\/secure.gravatar.com\/avatar\/64fc58d14679bdd185946349bcb229b06e37d30d6290c2bec15f1daa8f8e0ece?s=96&d=mm&r=g","url":"https:\/\/secure.gravatar.com\/avatar\/64fc58d14679bdd185946349bcb229b06e37d30d6290c2bec15f1daa8f8e0ece?s=96&d=mm&r=g","contentUrl":"https:\/\/secure.gravatar.com\/avatar\/64fc58d14679bdd185946349bcb229b06e37d30d6290c2bec15f1daa8f8e0ece?s=96&d=mm&r=g","caption":"Ad\u00e8le Thoumieux"},"sameAs":["http:\/\/ihedn.fr"],"url":"https:\/\/ihedn.fr\/en\/author\/thoumieux\/"}]}},"publishpress_future_action":{"enabled":false,"date":"2026-05-09 12:54:23","action":"change-status","newStatus":"draft","terms":[],"taxonomy":"category","extraData":[]},"publishpress_future_workflow_manual_trigger":{"enabledWorkflows":[]},"_links":{"self":[{"href":"https:\/\/ihedn.fr\/en\/wp-json\/wp\/v2\/posts\/47860","targetHints":{"allow":["GET"]}}],"collection":[{"href":"https:\/\/ihedn.fr\/en\/wp-json\/wp\/v2\/posts"}],"about":[{"href":"https:\/\/ihedn.fr\/en\/wp-json\/wp\/v2\/types\/post"}],"author":[{"embeddable":true,"href":"https:\/\/ihedn.fr\/en\/wp-json\/wp\/v2\/users\/12"}],"replies":[{"embeddable":true,"href":"https:\/\/ihedn.fr\/en\/wp-json\/wp\/v2\/comments?post=47860"}],"version-history":[{"count":4,"href":"https:\/\/ihedn.fr\/en\/wp-json\/wp\/v2\/posts\/47860\/revisions"}],"predecessor-version":[{"id":47864,"href":"https:\/\/ihedn.fr\/en\/wp-json\/wp\/v2\/posts\/47860\/revisions\/47864"}],"wp:attachment":[{"href":"https:\/\/ihedn.fr\/en\/wp-json\/wp\/v2\/media?parent=47860"}],"wp:term":[{"taxonomy":"category","embeddable":true,"href":"https:\/\/ihedn.fr\/en\/wp-json\/wp\/v2\/categories?post=47860"},{"taxonomy":"post_tag","embeddable":true,"href":"https:\/\/ihedn.fr\/en\/wp-json\/wp\/v2\/tags?post=47860"}],"curies":[{"name":"wp","href":"https:\/\/api.w.org\/{rel}","templated":true}]}}