{"id":47902,"date":"2024-06-04T15:40:33","date_gmt":"2024-06-04T14:40:33","guid":{"rendered":"https:\/\/ihedn.fr\/?p=47902"},"modified":"2024-06-04T15:40:33","modified_gmt":"2024-06-04T14:40:33","slug":"visite-majeure-enjeux-strategies-maritimes-saint-nazaire-nantes","status":"publish","type":"post","link":"https:\/\/ihedn.fr\/en\/notre-actualite\/visite-majeure-enjeux-strategies-maritimes-saint-nazaire-nantes\/","title":{"rendered":"Visit to the \"Maritime issues and strategies\" major in Saint-Nazaire and Nantes"},"content":{"rendered":"<div data-elementor-type=\"wp-post\" data-elementor-id=\"47902\" class=\"elementor elementor-47902\" data-elementor-post-type=\"post\">\n\t\t\t\t<div data-particle_enable=\"false\" data-particle-mobile-disabled=\"false\" class=\"elementor-element elementor-element-f8609d4 e-flex e-con-boxed e-con e-parent\" data-id=\"f8609d4\" data-element_type=\"container\" data-e-type=\"container\">\n\t\t\t\t\t<div class=\"e-con-inner\">\n\t\t\t\t<div class=\"elementor-element elementor-element-0bbc456 elementor-widget elementor-widget-text-editor\" data-id=\"0bbc456\" data-element_type=\"widget\" data-e-type=\"widget\" data-widget_type=\"text-editor.default\">\n\t\t\t\t<div class=\"elementor-widget-container\">\n\t\t\t\t\t\t\t\t\t<p style=\"text-align: left;\">The naval industry, the technological and scientific challenges posed by MREs, a look at the missions of government players at sea and an exchange with maritime pilots on French port strategy were all on the agenda at the seminar in Saint-Nazaire and Nantes for students in the 'Maritime Challenges and Strategies' major.<\/p><p style=\"text-align: left;\">After a late arrival in Saint Nazaire on Wednesday 22 May, the audience had a short night's rest before starting the day with a general presentation of the \"Chantiers de l'Atlantique\" by Laurent Castaing, Managing Director of the Chantiers.<\/p>\t\t\t\t\t\t\t\t<\/div>\n\t\t\t\t<\/div>\n\t\t\t\t<div class=\"elementor-element elementor-element-84aab94 elementor-widget elementor-widget-image\" data-id=\"84aab94\" data-element_type=\"widget\" data-e-type=\"widget\" data-widget_type=\"image.default\">\n\t\t\t\t<div class=\"elementor-widget-container\">\n\t\t\t\t\t\t\t\t\t\t\t\t<figure class=\"wp-caption\">\n\t\t\t\t\t\t\t\t\t\t<img fetchpriority=\"high\" decoding=\"async\" width=\"904\" height=\"603\" src=\"https:\/\/ihedn.fr\/wp-content\/uploads\/2024\/06\/ESM-001.jpg\" class=\"attachment-full size-full wp-image-47905\" alt=\"Echange entre les auditeurs et Laurent Castaing apr\u00e8s sa pr\u00e9sentation\" srcset=\"https:\/\/ihedn.fr\/wp-content\/uploads\/2024\/06\/ESM-001.jpg 904w, https:\/\/ihedn.fr\/wp-content\/uploads\/2024\/06\/ESM-001-18x12.jpg 18w\" sizes=\"(max-width: 904px) 100vw, 904px\" \/>\t\t\t\t\t\t\t\t\t\t\t<figcaption class=\"widget-image-caption wp-caption-text\">Exchange between listeners and Laurent Castaing after his presentation<\/figcaption>\n\t\t\t\t\t\t\t\t\t\t<\/figure>\n\t\t\t\t\t\t\t\t\t<\/div>\n\t\t\t\t<\/div>\n\t\t\t\t<div class=\"elementor-element elementor-element-5cc112b elementor-widget elementor-widget-text-editor\" data-id=\"5cc112b\" data-element_type=\"widget\" data-e-type=\"widget\" data-widget_type=\"text-editor.default\">\n\t\t\t\t<div class=\"elementor-widget-container\">\n\t\t\t\t\t\t\t\t\t<p style=\"text-align: left;\">La matin\u00e9e s\u2019est poursuivie par une intervention sur le porte-avions de nouvelle g\u00e9n\u00e9ration effectu\u00e9e par le tandem Olivier de Saint Julien (Naval Group) et Hugues Martel (Chantiers de l\u2019Atlantique), de la soci\u00e9t\u00e9 commune \u00ab\u00a0MO Porte-avions\u00a0\u00bb (65% NG, 35%CA)<span style=\"text-decoration: line-through;\">,<\/span> before concluding with a round-table discussion on marine renewable energy with experts Fr\u00e9d\u00e9ric Grizaud (CA offshore energy) and Yves P\u00e9rignon (OPEN-C). The lunch that followed allowed the audience to continue their discussions with the various speakers.<\/p>\t\t\t\t\t\t\t\t<\/div>\n\t\t\t\t<\/div>\n\t\t\t\t<div class=\"elementor-element elementor-element-5a0c41a elementor-widget elementor-widget-image\" data-id=\"5a0c41a\" data-element_type=\"widget\" data-e-type=\"widget\" data-widget_type=\"image.default\">\n\t\t\t\t<div class=\"elementor-widget-container\">\n\t\t\t\t\t\t\t\t\t\t\t\t<figure class=\"wp-caption\">\n\t\t\t\t\t\t\t\t\t\t<img decoding=\"async\" width=\"852\" height=\"569\" src=\"https:\/\/ihedn.fr\/wp-content\/uploads\/2024\/06\/ESM-002.jpg\" class=\"attachment-full size-full wp-image-47906\" alt=\"Pr\u00e9sentation de Yves P\u00e9rignon (OPEN-C)\" srcset=\"https:\/\/ihedn.fr\/wp-content\/uploads\/2024\/06\/ESM-002.jpg 852w, https:\/\/ihedn.fr\/wp-content\/uploads\/2024\/06\/ESM-002-18x12.jpg 18w\" sizes=\"(max-width: 852px) 100vw, 852px\" \/>\t\t\t\t\t\t\t\t\t\t\t<figcaption class=\"widget-image-caption wp-caption-text\">Presentation by Yves P\u00e9rignon (OPEN-C)<\/figcaption>\n\t\t\t\t\t\t\t\t\t\t<\/figure>\n\t\t\t\t\t\t\t\t\t<\/div>\n\t\t\t\t<\/div>\n\t\t\t\t<div class=\"elementor-element elementor-element-e4bf244 elementor-widget elementor-widget-text-editor\" data-id=\"e4bf244\" data-element_type=\"widget\" data-e-type=\"widget\" data-widget_type=\"text-editor.default\">\n\t\t\t\t<div class=\"elementor-widget-container\">\n\t\t\t\t\t\t\t\t\t<p style=\"text-align: left;\">After lunch, the audience continued their tour of the shipbuilding industry with a visit to Chantiers de l'Atlantique, firstly to see the manufacturing process, then to the slipway housing the brand new BRF (force replenishment ship) being built for the French Navy, and finally to the cruise ship Utopia of the Seas, due to be delivered to Royal Carribean International in mid-June.\u00a0<\/p>\t\t\t\t\t\t\t\t<\/div>\n\t\t\t\t<\/div>\n\t\t\t\t<div class=\"elementor-element elementor-element-ad2653a elementor-widget elementor-widget-image\" data-id=\"ad2653a\" data-element_type=\"widget\" data-e-type=\"widget\" data-widget_type=\"image.default\">\n\t\t\t\t<div class=\"elementor-widget-container\">\n\t\t\t\t\t\t\t\t\t\t\t\t<figure class=\"wp-caption\">\n\t\t\t\t\t\t\t\t\t\t<img decoding=\"async\" width=\"933\" height=\"565\" src=\"https:\/\/ihedn.fr\/wp-content\/uploads\/2024\/06\/ESM-003.jpg\" class=\"attachment-full size-full wp-image-47907\" alt=\"Visite du chantier du nouveau BRF\" srcset=\"https:\/\/ihedn.fr\/wp-content\/uploads\/2024\/06\/ESM-003.jpg 933w, https:\/\/ihedn.fr\/wp-content\/uploads\/2024\/06\/ESM-003-18x12.jpg 18w\" sizes=\"(max-width: 933px) 100vw, 933px\" \/>\t\t\t\t\t\t\t\t\t\t\t<figcaption class=\"widget-image-caption wp-caption-text\"> Visit to the site of the new BRF<\/figcaption>\n\t\t\t\t\t\t\t\t\t\t<\/figure>\n\t\t\t\t\t\t\t\t\t<\/div>\n\t\t\t\t<\/div>\n\t\t\t\t<div class=\"elementor-element elementor-element-6a7245f elementor-widget elementor-widget-text-editor\" data-id=\"6a7245f\" data-element_type=\"widget\" data-e-type=\"widget\" data-widget_type=\"text-editor.default\">\n\t\t\t\t<div class=\"elementor-widget-container\">\n\t\t\t\t\t\t\t\t\t<p style=\"text-align: left;\">The major then headed for the SNSM training centre, where they were welcomed by Didier Moreau, Director of Training, who gave a general presentation of the SNSM and the volunteer training process, before giving a tour of the simulator. The day then ended with a presentation by the Manche-Nord Sea-Atlantic customs coastguards and one of their launches.<\/p>\t\t\t\t\t\t\t\t<\/div>\n\t\t\t\t<\/div>\n\t\t\t\t<div class=\"elementor-element elementor-element-b6cc432 elementor-widget elementor-widget-image\" data-id=\"b6cc432\" data-element_type=\"widget\" data-e-type=\"widget\" data-widget_type=\"image.default\">\n\t\t\t\t<div class=\"elementor-widget-container\">\n\t\t\t\t\t\t\t\t\t\t\t\t<figure class=\"wp-caption\">\n\t\t\t\t\t\t\t\t\t\t<img loading=\"lazy\" decoding=\"async\" width=\"894\" height=\"597\" src=\"https:\/\/ihedn.fr\/wp-content\/uploads\/2024\/06\/ESM-004.jpg\" class=\"attachment-full size-full wp-image-47908\" alt=\"Pr\u00e9sentation SNSM par Didier Moreau\" srcset=\"https:\/\/ihedn.fr\/wp-content\/uploads\/2024\/06\/ESM-004.jpg 894w, https:\/\/ihedn.fr\/wp-content\/uploads\/2024\/06\/ESM-004-18x12.jpg 18w\" sizes=\"(max-width: 894px) 100vw, 894px\" \/>\t\t\t\t\t\t\t\t\t\t\t<figcaption class=\"widget-image-caption wp-caption-text\">SNSM presentation by Didier Moreau <\/figcaption>\n\t\t\t\t\t\t\t\t\t\t<\/figure>\n\t\t\t\t\t\t\t\t\t<\/div>\n\t\t\t\t<\/div>\n\t\t\t\t<div class=\"elementor-element elementor-element-fd22af6 elementor-widget elementor-widget-image\" data-id=\"fd22af6\" data-element_type=\"widget\" data-e-type=\"widget\" data-widget_type=\"image.default\">\n\t\t\t\t<div class=\"elementor-widget-container\">\n\t\t\t\t\t\t\t\t\t\t\t\t<figure class=\"wp-caption\">\n\t\t\t\t\t\t\t\t\t\t<img loading=\"lazy\" decoding=\"async\" width=\"820\" height=\"547\" src=\"https:\/\/ihedn.fr\/wp-content\/uploads\/2024\/06\/ESM-005.jpg\" class=\"attachment-full size-full wp-image-47909\" alt=\"\" srcset=\"https:\/\/ihedn.fr\/wp-content\/uploads\/2024\/06\/ESM-005.jpg 820w, https:\/\/ihedn.fr\/wp-content\/uploads\/2024\/06\/ESM-005-18x12.jpg 18w\" sizes=\"(max-width: 820px) 100vw, 820px\" \/>\t\t\t\t\t\t\t\t\t\t\t<figcaption class=\"widget-image-caption wp-caption-text\">Visit from a customs coastal patrol boat <\/figcaption>\n\t\t\t\t\t\t\t\t\t\t<\/figure>\n\t\t\t\t\t\t\t\t\t<\/div>\n\t\t\t\t<\/div>\n\t\t\t\t<div class=\"elementor-element elementor-element-b3804be elementor-widget elementor-widget-text-editor\" data-id=\"b3804be\" data-element_type=\"widget\" data-e-type=\"widget\" data-widget_type=\"text-editor.default\">\n\t\t\t\t<div class=\"elementor-widget-container\">\n\t\t\t\t\t\t\t\t\t<p style=\"text-align: left;\">The following day, the auditors met as a committee at IFREMER to make the final changes to their committee reports and prepare for the presentations, which will take place on 13 June in Paris.<\/p>\t\t\t\t\t\t\t\t<\/div>\n\t\t\t\t<\/div>\n\t\t\t\t<div class=\"elementor-element elementor-element-1f7bcb8 elementor-widget elementor-widget-image\" data-id=\"1f7bcb8\" data-element_type=\"widget\" data-e-type=\"widget\" data-widget_type=\"image.default\">\n\t\t\t\t<div class=\"elementor-widget-container\">\n\t\t\t\t\t\t\t\t\t\t\t\t<figure class=\"wp-caption\">\n\t\t\t\t\t\t\t\t\t\t<img loading=\"lazy\" decoding=\"async\" width=\"1000\" height=\"668\" src=\"https:\/\/ihedn.fr\/wp-content\/uploads\/2024\/06\/ESM-006.jpg\" class=\"attachment-full size-full wp-image-47910\" alt=\"Travail sur les rapports de comit\u00e9s\" srcset=\"https:\/\/ihedn.fr\/wp-content\/uploads\/2024\/06\/ESM-006.jpg 1000w, https:\/\/ihedn.fr\/wp-content\/uploads\/2024\/06\/ESM-006-18x12.jpg 18w\" sizes=\"(max-width: 1000px) 100vw, 1000px\" \/>\t\t\t\t\t\t\t\t\t\t\t<figcaption class=\"widget-image-caption wp-caption-text\">Working on committee reports  <\/figcaption>\n\t\t\t\t\t\t\t\t\t\t<\/figure>\n\t\t\t\t\t\t\t\t\t<\/div>\n\t\t\t\t<\/div>\n\t\t\t\t<div class=\"elementor-element elementor-element-c0c9341 elementor-widget elementor-widget-text-editor\" data-id=\"c0c9341\" data-element_type=\"widget\" data-e-type=\"widget\" data-widget_type=\"text-editor.default\">\n\t\t\t\t<div class=\"elementor-widget-container\">\n\t\t\t\t\t\t\t\t\t<p style=\"text-align: left;\">The seminar then moved to the Work'In Salorges premises of the Nantes Saint Nazaire Chamber of Commerce and Industry, where the audience was treated to two presentations, the first on the national port strategy, by Nicolas Trift, deputy director of the DGITM, and the second on the role of maritime pilots, by Andr\u00e9 Gaillard, newly elected president of the French federation of port pilots. The seminar then ended with a visit to the SPSA simulator used to train harbour pilots, followed by a demonstration.<\/p>\t\t\t\t\t\t\t\t<\/div>\n\t\t\t\t<\/div>\n\t\t\t\t<div class=\"elementor-element elementor-element-66a4655 elementor-widget elementor-widget-image\" data-id=\"66a4655\" data-element_type=\"widget\" data-e-type=\"widget\" data-widget_type=\"image.default\">\n\t\t\t\t<div class=\"elementor-widget-container\">\n\t\t\t\t\t\t\t\t\t\t\t\t<figure class=\"wp-caption\">\n\t\t\t\t\t\t\t\t\t\t<img loading=\"lazy\" decoding=\"async\" width=\"834\" height=\"626\" src=\"https:\/\/ihedn.fr\/wp-content\/uploads\/2024\/06\/ESM-007.jpg\" class=\"attachment-full size-full wp-image-47911\" alt=\"Visite du simulateur SPSA\" srcset=\"https:\/\/ihedn.fr\/wp-content\/uploads\/2024\/06\/ESM-007.jpg 834w, https:\/\/ihedn.fr\/wp-content\/uploads\/2024\/06\/ESM-007-16x12.jpg 16w\" sizes=\"(max-width: 834px) 100vw, 834px\" \/>\t\t\t\t\t\t\t\t\t\t\t<figcaption class=\"widget-image-caption wp-caption-text\">Visit the SPSA simulator<\/figcaption>\n\t\t\t\t\t\t\t\t\t\t<\/figure>\n\t\t\t\t\t\t\t\t\t<\/div>\n\t\t\t\t<\/div>\n\t\t\t\t<div class=\"elementor-element elementor-element-47692b5 elementor-widget elementor-widget-text-editor\" data-id=\"47692b5\" data-element_type=\"widget\" data-e-type=\"widget\" data-widget_type=\"text-editor.default\">\n\t\t\t\t<div class=\"elementor-widget-container\">\n\t\t\t\t\t\t\t\t\t<p style=\"text-align: left;\">In addition to the knowledge acquired and the enriching exchanges at the seminar, these two days were also an opportunity to establish links with several students from previous sessions of the major, who are still volunteering to organise visits for the current session, thus illustrating the perfect dynamic of mutual aid that prevails among students of the ESM major, all sessions included.<\/p>\t\t\t\t\t\t\t\t<\/div>\n\t\t\t\t<\/div>\n\t\t\t\t\t<\/div>\n\t\t\t\t<\/div>\n\t\t\t\t<\/div>","protected":false},"excerpt":{"rendered":"<p>To deepen their understanding of maritime issues, students in the \"Maritime Issues and Strategies\" major at the national session spent two days in Saint-Nazaire and Nantes.<\/p>","protected":false},"author":10,"featured_media":47907,"comment_status":"closed","ping_status":"closed","sticky":false,"template":"","format":"standard","meta":{"footnotes":""},"categories":[172],"tags":[],"class_list":["post-47902","post","type-post","status-publish","format-standard","has-post-thumbnail","hentry","category-notre-actualite"],"yoast_head":"<!-- This site is optimized with the Yoast SEO plugin v27.5 - https:\/\/yoast.com\/product\/yoast-seo-wordpress\/ -->\n<title>Visite de la majeure \u00ab Enjeux et strat\u00e9gies maritimes \u00bb \u00e0 Saint-Nazaire et Nantes - L&#039;IHEDN : Institut des hautes \u00e9tudes de d\u00e9fense nationale<\/title>\n<meta name=\"description\" content=\"Pour approfondir leur connaissance des enjeux maritimes, les auditeurs de la majeure \u00ab Enjeux et strat\u00e9gies maritimes \u00bb de la session nationale se sont rendus pendant deux jours \u00e0 Saint-Nazaire et Nantes.\" \/>\n<meta name=\"robots\" content=\"index, follow, max-snippet:-1, max-image-preview:large, max-video-preview:-1\" \/>\n<link rel=\"canonical\" href=\"https:\/\/ihedn.fr\/en\/notre-actualite\/visite-majeure-enjeux-strategies-maritimes-saint-nazaire-nantes\/\" \/>\n<meta property=\"og:locale\" content=\"en_GB\" \/>\n<meta property=\"og:type\" content=\"article\" \/>\n<meta property=\"og:title\" content=\"Visite de la majeure \u00ab Enjeux et strat\u00e9gies maritimes \u00bb \u00e0 Saint-Nazaire et Nantes\" \/>\n<meta property=\"og:description\" content=\"Pour approfondir leur connaissance des enjeux maritimes, les auditeurs de la majeure \u00ab Enjeux et strat\u00e9gies maritimes \u00bb de la session nationale se sont rendus pendant deux jours \u00e0 Saint-Nazaire et Nantes.\" \/>\n<meta property=\"og:url\" content=\"https:\/\/ihedn.fr\/en\/notre-actualite\/visite-majeure-enjeux-strategies-maritimes-saint-nazaire-nantes\/\" \/>\n<meta property=\"og:site_name\" content=\"L&#039;IHEDN : Institut des hautes \u00e9tudes de d\u00e9fense nationale\" \/>\n<meta property=\"article:publisher\" content=\"https:\/\/www.facebook.com\/ihedn\/\" \/>\n<meta property=\"article:published_time\" content=\"2024-06-04T14:40:33+00:00\" \/>\n<meta property=\"og:image\" content=\"https:\/\/ihedn.fr\/wp-content\/uploads\/2024\/06\/ESM-003.jpg\" \/>\n\t<meta property=\"og:image:width\" content=\"933\" \/>\n\t<meta property=\"og:image:height\" content=\"565\" \/>\n\t<meta property=\"og:image:type\" content=\"image\/jpeg\" \/>\n<meta name=\"author\" content=\"tanguy.morel@ihedn.fr\" \/>\n<meta name=\"twitter:card\" content=\"summary_large_image\" \/>\n<meta name=\"twitter:title\" content=\"Visite de la majeure \u00ab Enjeux et strat\u00e9gies maritimes \u00bb \u00e0 Saint-Nazaire et Nantes\" \/>\n<meta name=\"twitter:description\" content=\"Pour approfondir leur connaissance des enjeux maritimes, les auditeurs de la majeure \u00ab Enjeux et strat\u00e9gies maritimes \u00bb de la session nationale se sont rendus pendant deux jours \u00e0 Saint-Nazaire et Nantes.\" \/>\n<meta name=\"twitter:image\" content=\"https:\/\/ihedn.fr\/wp-content\/uploads\/2024\/06\/ESM-003.jpg\" \/>\n<meta name=\"twitter:creator\" content=\"@IHEDN\" \/>\n<meta name=\"twitter:site\" content=\"@IHEDN\" \/>\n<meta name=\"twitter:label1\" content=\"Written by\" \/>\n\t<meta name=\"twitter:data1\" content=\"tanguy.morel@ihedn.fr\" \/>\n\t<meta name=\"twitter:label2\" content=\"Estimated reading time\" \/>\n\t<meta name=\"twitter:data2\" content=\"5 minutes\" \/>\n<script type=\"application\/ld+json\" class=\"yoast-schema-graph\">{\"@context\":\"https:\\\/\\\/schema.org\",\"@graph\":[{\"@type\":\"Article\",\"@id\":\"https:\\\/\\\/ihedn.fr\\\/notre-actualite\\\/visite-majeure-enjeux-strategies-maritimes-saint-nazaire-nantes\\\/#article\",\"isPartOf\":{\"@id\":\"https:\\\/\\\/ihedn.fr\\\/notre-actualite\\\/visite-majeure-enjeux-strategies-maritimes-saint-nazaire-nantes\\\/\"},\"author\":{\"name\":\"tanguy.morel@ihedn.fr\",\"@id\":\"https:\\\/\\\/ihedn.fr\\\/#\\\/schema\\\/person\\\/ed217a37104b27a246b200e65b827cc7\"},\"headline\":\"Visite de la majeure \u00ab Enjeux et strat\u00e9gies maritimes \u00bb \u00e0 Saint-Nazaire et Nantes\",\"datePublished\":\"2024-06-04T14:40:33+00:00\",\"mainEntityOfPage\":{\"@id\":\"https:\\\/\\\/ihedn.fr\\\/notre-actualite\\\/visite-majeure-enjeux-strategies-maritimes-saint-nazaire-nantes\\\/\"},\"wordCount\":623,\"publisher\":{\"@id\":\"https:\\\/\\\/ihedn.fr\\\/#organization\"},\"image\":{\"@id\":\"https:\\\/\\\/ihedn.fr\\\/notre-actualite\\\/visite-majeure-enjeux-strategies-maritimes-saint-nazaire-nantes\\\/#primaryimage\"},\"thumbnailUrl\":\"https:\\\/\\\/ihedn.fr\\\/wp-content\\\/uploads\\\/2024\\\/06\\\/ESM-003.jpg\",\"articleSection\":[\"Notre actualit\u00e9\"],\"inLanguage\":\"en-GB\"},{\"@type\":\"WebPage\",\"@id\":\"https:\\\/\\\/ihedn.fr\\\/notre-actualite\\\/visite-majeure-enjeux-strategies-maritimes-saint-nazaire-nantes\\\/\",\"url\":\"https:\\\/\\\/ihedn.fr\\\/notre-actualite\\\/visite-majeure-enjeux-strategies-maritimes-saint-nazaire-nantes\\\/\",\"name\":\"Visite de la majeure \u00ab Enjeux et strat\u00e9gies maritimes \u00bb \u00e0 Saint-Nazaire et Nantes - L&#039;IHEDN : Institut des hautes \u00e9tudes de d\u00e9fense nationale\",\"isPartOf\":{\"@id\":\"https:\\\/\\\/ihedn.fr\\\/#website\"},\"primaryImageOfPage\":{\"@id\":\"https:\\\/\\\/ihedn.fr\\\/notre-actualite\\\/visite-majeure-enjeux-strategies-maritimes-saint-nazaire-nantes\\\/#primaryimage\"},\"image\":{\"@id\":\"https:\\\/\\\/ihedn.fr\\\/notre-actualite\\\/visite-majeure-enjeux-strategies-maritimes-saint-nazaire-nantes\\\/#primaryimage\"},\"thumbnailUrl\":\"https:\\\/\\\/ihedn.fr\\\/wp-content\\\/uploads\\\/2024\\\/06\\\/ESM-003.jpg\",\"datePublished\":\"2024-06-04T14:40:33+00:00\",\"description\":\"Pour approfondir leur connaissance des enjeux maritimes, les auditeurs de la majeure \u00ab Enjeux et strat\u00e9gies maritimes \u00bb de la session nationale se sont rendus pendant deux jours \u00e0 Saint-Nazaire et Nantes.\",\"breadcrumb\":{\"@id\":\"https:\\\/\\\/ihedn.fr\\\/notre-actualite\\\/visite-majeure-enjeux-strategies-maritimes-saint-nazaire-nantes\\\/#breadcrumb\"},\"inLanguage\":\"en-GB\",\"potentialAction\":[{\"@type\":\"ReadAction\",\"target\":[\"https:\\\/\\\/ihedn.fr\\\/notre-actualite\\\/visite-majeure-enjeux-strategies-maritimes-saint-nazaire-nantes\\\/\"]}]},{\"@type\":\"ImageObject\",\"inLanguage\":\"en-GB\",\"@id\":\"https:\\\/\\\/ihedn.fr\\\/notre-actualite\\\/visite-majeure-enjeux-strategies-maritimes-saint-nazaire-nantes\\\/#primaryimage\",\"url\":\"https:\\\/\\\/ihedn.fr\\\/wp-content\\\/uploads\\\/2024\\\/06\\\/ESM-003.jpg\",\"contentUrl\":\"https:\\\/\\\/ihedn.fr\\\/wp-content\\\/uploads\\\/2024\\\/06\\\/ESM-003.jpg\",\"width\":933,\"height\":565,\"caption\":\"Visite du chantier du nouveau BRF\"},{\"@type\":\"BreadcrumbList\",\"@id\":\"https:\\\/\\\/ihedn.fr\\\/notre-actualite\\\/visite-majeure-enjeux-strategies-maritimes-saint-nazaire-nantes\\\/#breadcrumb\",\"itemListElement\":[{\"@type\":\"ListItem\",\"position\":1,\"name\":\"Accueil\",\"item\":\"https:\\\/\\\/ihedn.fr\\\/\"},{\"@type\":\"ListItem\",\"position\":2,\"name\":\"Visite de la majeure \u00ab Enjeux et strat\u00e9gies maritimes \u00bb \u00e0 Saint-Nazaire et Nantes\"}]},{\"@type\":\"WebSite\",\"@id\":\"https:\\\/\\\/ihedn.fr\\\/#website\",\"url\":\"https:\\\/\\\/ihedn.fr\\\/\",\"name\":\"IHEDN : Institut des hautes \u00e9tudes de d\u00e9fense nationale |\",\"description\":\"Site officiel de l&#039;IHEDN plac\u00e9 sous la tutelle du Premier ministre.\",\"publisher\":{\"@id\":\"https:\\\/\\\/ihedn.fr\\\/#organization\"},\"potentialAction\":[{\"@type\":\"SearchAction\",\"target\":{\"@type\":\"EntryPoint\",\"urlTemplate\":\"https:\\\/\\\/ihedn.fr\\\/?s={search_term_string}\"},\"query-input\":{\"@type\":\"PropertyValueSpecification\",\"valueRequired\":true,\"valueName\":\"search_term_string\"}}],\"inLanguage\":\"en-GB\"},{\"@type\":\"Organization\",\"@id\":\"https:\\\/\\\/ihedn.fr\\\/#organization\",\"name\":\"IHEDN - Institut des Hautes Etudes de D\u00e9fense Nationale\",\"url\":\"https:\\\/\\\/ihedn.fr\\\/\",\"logo\":{\"@type\":\"ImageObject\",\"inLanguage\":\"en-GB\",\"@id\":\"https:\\\/\\\/ihedn.fr\\\/#\\\/schema\\\/logo\\\/image\\\/\",\"url\":\"https:\\\/\\\/ihedn.fr\\\/wp-content\\\/uploads\\\/2020\\\/11\\\/BLOC_RF_IHEDN_WEB.png\",\"contentUrl\":\"https:\\\/\\\/ihedn.fr\\\/wp-content\\\/uploads\\\/2020\\\/11\\\/BLOC_RF_IHEDN_WEB.png\",\"width\":500,\"height\":237,\"caption\":\"IHEDN - Institut des Hautes Etudes de D\u00e9fense Nationale\"},\"image\":{\"@id\":\"https:\\\/\\\/ihedn.fr\\\/#\\\/schema\\\/logo\\\/image\\\/\"},\"sameAs\":[\"https:\\\/\\\/www.facebook.com\\\/ihedn\\\/\",\"https:\\\/\\\/x.com\\\/IHEDN\",\"https:\\\/\\\/www.instagram.com\\\/ihedn\\\/\",\"https:\\\/\\\/www.linkedin.com\\\/school\\\/ihedn\\\/\",\"https:\\\/\\\/fr.wikipedia.org\\\/wiki\\\/Institut_des_hautes_\u00e9tudes_de_D\u00e9fense_nationale\"]},{\"@type\":\"Person\",\"@id\":\"https:\\\/\\\/ihedn.fr\\\/#\\\/schema\\\/person\\\/ed217a37104b27a246b200e65b827cc7\",\"name\":\"tanguy.morel@ihedn.fr\",\"image\":{\"@type\":\"ImageObject\",\"inLanguage\":\"en-GB\",\"@id\":\"https:\\\/\\\/secure.gravatar.com\\\/avatar\\\/36877cd30919fafddf1f9da45f4154aa468a64328452f2ceaff0968772207348?s=96&d=mm&r=g\",\"url\":\"https:\\\/\\\/secure.gravatar.com\\\/avatar\\\/36877cd30919fafddf1f9da45f4154aa468a64328452f2ceaff0968772207348?s=96&d=mm&r=g\",\"contentUrl\":\"https:\\\/\\\/secure.gravatar.com\\\/avatar\\\/36877cd30919fafddf1f9da45f4154aa468a64328452f2ceaff0968772207348?s=96&d=mm&r=g\",\"caption\":\"tanguy.morel@ihedn.fr\"},\"url\":\"https:\\\/\\\/ihedn.fr\\\/en\\\/author\\\/tanguy-morelihedn-fr\\\/\"}]}<\/script>\n<!-- \/ Yoast SEO plugin. -->","yoast_head_json":{"title":"Visit to the \"Maritime issues and strategies\" major in Saint-Nazaire and Nantes - L'IHEDN : Institut des hautes \u00e9tudes de d\u00e9fense nationale (Graduate Institute of National Defence)","description":"To deepen their understanding of maritime issues, students in the \"Maritime Issues and Strategies\" major at the national session spent two days in Saint-Nazaire and Nantes.","robots":{"index":"index","follow":"follow","max-snippet":"max-snippet:-1","max-image-preview":"max-image-preview:large","max-video-preview":"max-video-preview:-1"},"canonical":"https:\/\/ihedn.fr\/en\/notre-actualite\/visite-majeure-enjeux-strategies-maritimes-saint-nazaire-nantes\/","og_locale":"en_GB","og_type":"article","og_title":"Visite de la majeure \u00ab Enjeux et strat\u00e9gies maritimes \u00bb \u00e0 Saint-Nazaire et Nantes","og_description":"Pour approfondir leur connaissance des enjeux maritimes, les auditeurs de la majeure \u00ab Enjeux et strat\u00e9gies maritimes \u00bb de la session nationale se sont rendus pendant deux jours \u00e0 Saint-Nazaire et Nantes.","og_url":"https:\/\/ihedn.fr\/en\/notre-actualite\/visite-majeure-enjeux-strategies-maritimes-saint-nazaire-nantes\/","og_site_name":"L&#039;IHEDN : Institut des hautes \u00e9tudes de d\u00e9fense nationale","article_publisher":"https:\/\/www.facebook.com\/ihedn\/","article_published_time":"2024-06-04T14:40:33+00:00","og_image":[{"width":933,"height":565,"url":"https:\/\/ihedn.fr\/wp-content\/uploads\/2024\/06\/ESM-003.jpg","type":"image\/jpeg"}],"author":"tanguy.morel@ihedn.fr","twitter_card":"summary_large_image","twitter_title":"Visite de la majeure \u00ab Enjeux et strat\u00e9gies maritimes \u00bb \u00e0 Saint-Nazaire et Nantes","twitter_description":"Pour approfondir leur connaissance des enjeux maritimes, les auditeurs de la majeure \u00ab Enjeux et strat\u00e9gies maritimes \u00bb de la session nationale se sont rendus pendant deux jours \u00e0 Saint-Nazaire et Nantes.","twitter_image":"https:\/\/ihedn.fr\/wp-content\/uploads\/2024\/06\/ESM-003.jpg","twitter_creator":"@IHEDN","twitter_site":"@IHEDN","twitter_misc":{"Written by":"tanguy.morel@ihedn.fr","Estimated reading time":"5 minutes"},"schema":{"@context":"https:\/\/schema.org","@graph":[{"@type":"Article","@id":"https:\/\/ihedn.fr\/notre-actualite\/visite-majeure-enjeux-strategies-maritimes-saint-nazaire-nantes\/#article","isPartOf":{"@id":"https:\/\/ihedn.fr\/notre-actualite\/visite-majeure-enjeux-strategies-maritimes-saint-nazaire-nantes\/"},"author":{"name":"tanguy.morel@ihedn.fr","@id":"https:\/\/ihedn.fr\/#\/schema\/person\/ed217a37104b27a246b200e65b827cc7"},"headline":"Visite de la majeure \u00ab Enjeux et strat\u00e9gies maritimes \u00bb \u00e0 Saint-Nazaire et Nantes","datePublished":"2024-06-04T14:40:33+00:00","mainEntityOfPage":{"@id":"https:\/\/ihedn.fr\/notre-actualite\/visite-majeure-enjeux-strategies-maritimes-saint-nazaire-nantes\/"},"wordCount":623,"publisher":{"@id":"https:\/\/ihedn.fr\/#organization"},"image":{"@id":"https:\/\/ihedn.fr\/notre-actualite\/visite-majeure-enjeux-strategies-maritimes-saint-nazaire-nantes\/#primaryimage"},"thumbnailUrl":"https:\/\/ihedn.fr\/wp-content\/uploads\/2024\/06\/ESM-003.jpg","articleSection":["Notre actualit\u00e9"],"inLanguage":"en-GB"},{"@type":"WebPage","@id":"https:\/\/ihedn.fr\/notre-actualite\/visite-majeure-enjeux-strategies-maritimes-saint-nazaire-nantes\/","url":"https:\/\/ihedn.fr\/notre-actualite\/visite-majeure-enjeux-strategies-maritimes-saint-nazaire-nantes\/","name":"Visit to the \"Maritime issues and strategies\" major in Saint-Nazaire and Nantes - L'IHEDN : Institut des hautes \u00e9tudes de d\u00e9fense nationale (Graduate Institute of National Defence)","isPartOf":{"@id":"https:\/\/ihedn.fr\/#website"},"primaryImageOfPage":{"@id":"https:\/\/ihedn.fr\/notre-actualite\/visite-majeure-enjeux-strategies-maritimes-saint-nazaire-nantes\/#primaryimage"},"image":{"@id":"https:\/\/ihedn.fr\/notre-actualite\/visite-majeure-enjeux-strategies-maritimes-saint-nazaire-nantes\/#primaryimage"},"thumbnailUrl":"https:\/\/ihedn.fr\/wp-content\/uploads\/2024\/06\/ESM-003.jpg","datePublished":"2024-06-04T14:40:33+00:00","description":"To deepen their understanding of maritime issues, students in the \"Maritime Issues and Strategies\" major at the national session spent two days in Saint-Nazaire and Nantes.","breadcrumb":{"@id":"https:\/\/ihedn.fr\/notre-actualite\/visite-majeure-enjeux-strategies-maritimes-saint-nazaire-nantes\/#breadcrumb"},"inLanguage":"en-GB","potentialAction":[{"@type":"ReadAction","target":["https:\/\/ihedn.fr\/notre-actualite\/visite-majeure-enjeux-strategies-maritimes-saint-nazaire-nantes\/"]}]},{"@type":"ImageObject","inLanguage":"en-GB","@id":"https:\/\/ihedn.fr\/notre-actualite\/visite-majeure-enjeux-strategies-maritimes-saint-nazaire-nantes\/#primaryimage","url":"https:\/\/ihedn.fr\/wp-content\/uploads\/2024\/06\/ESM-003.jpg","contentUrl":"https:\/\/ihedn.fr\/wp-content\/uploads\/2024\/06\/ESM-003.jpg","width":933,"height":565,"caption":"Visite du chantier du nouveau BRF"},{"@type":"BreadcrumbList","@id":"https:\/\/ihedn.fr\/notre-actualite\/visite-majeure-enjeux-strategies-maritimes-saint-nazaire-nantes\/#breadcrumb","itemListElement":[{"@type":"ListItem","position":1,"name":"Accueil","item":"https:\/\/ihedn.fr\/"},{"@type":"ListItem","position":2,"name":"Visite de la majeure \u00ab Enjeux et strat\u00e9gies maritimes \u00bb \u00e0 Saint-Nazaire et Nantes"}]},{"@type":"WebSite","@id":"https:\/\/ihedn.fr\/#website","url":"https:\/\/ihedn.fr\/","name":"IHEDN: Institut des hautes \u00e9tudes de d\u00e9fense nationale (Institute for Higher National Defence Studies)","description":"Official website of the IHEDN under the supervision of the Prime Minister.","publisher":{"@id":"https:\/\/ihedn.fr\/#organization"},"potentialAction":[{"@type":"SearchAction","target":{"@type":"EntryPoint","urlTemplate":"https:\/\/ihedn.fr\/?s={search_term_string}"},"query-input":{"@type":"PropertyValueSpecification","valueRequired":true,"valueName":"search_term_string"}}],"inLanguage":"en-GB"},{"@type":"Organization","@id":"https:\/\/ihedn.fr\/#organization","name":"IHEDN - Institute for Higher National Defence Studies","url":"https:\/\/ihedn.fr\/","logo":{"@type":"ImageObject","inLanguage":"en-GB","@id":"https:\/\/ihedn.fr\/#\/schema\/logo\/image\/","url":"https:\/\/ihedn.fr\/wp-content\/uploads\/2020\/11\/BLOC_RF_IHEDN_WEB.png","contentUrl":"https:\/\/ihedn.fr\/wp-content\/uploads\/2020\/11\/BLOC_RF_IHEDN_WEB.png","width":500,"height":237,"caption":"IHEDN - Institut des Hautes Etudes de D\u00e9fense Nationale"},"image":{"@id":"https:\/\/ihedn.fr\/#\/schema\/logo\/image\/"},"sameAs":["https:\/\/www.facebook.com\/ihedn\/","https:\/\/x.com\/IHEDN","https:\/\/www.instagram.com\/ihedn\/","https:\/\/www.linkedin.com\/school\/ihedn\/","https:\/\/fr.wikipedia.org\/wiki\/Institut_des_hautes_\u00e9tudes_de_D\u00e9fense_nationale"]},{"@type":"Person","@id":"https:\/\/ihedn.fr\/#\/schema\/person\/ed217a37104b27a246b200e65b827cc7","name":"tanguy.morel@ihedn.fr","image":{"@type":"ImageObject","inLanguage":"en-GB","@id":"https:\/\/secure.gravatar.com\/avatar\/36877cd30919fafddf1f9da45f4154aa468a64328452f2ceaff0968772207348?s=96&d=mm&r=g","url":"https:\/\/secure.gravatar.com\/avatar\/36877cd30919fafddf1f9da45f4154aa468a64328452f2ceaff0968772207348?s=96&d=mm&r=g","contentUrl":"https:\/\/secure.gravatar.com\/avatar\/36877cd30919fafddf1f9da45f4154aa468a64328452f2ceaff0968772207348?s=96&d=mm&r=g","caption":"tanguy.morel@ihedn.fr"},"url":"https:\/\/ihedn.fr\/en\/author\/tanguy-morelihedn-fr\/"}]}},"publishpress_future_action":{"enabled":false,"date":"2026-05-09 01:03:23","action":"change-status","newStatus":"draft","terms":[],"taxonomy":"category","extraData":[]},"publishpress_future_workflow_manual_trigger":{"enabledWorkflows":[]},"_links":{"self":[{"href":"https:\/\/ihedn.fr\/en\/wp-json\/wp\/v2\/posts\/47902","targetHints":{"allow":["GET"]}}],"collection":[{"href":"https:\/\/ihedn.fr\/en\/wp-json\/wp\/v2\/posts"}],"about":[{"href":"https:\/\/ihedn.fr\/en\/wp-json\/wp\/v2\/types\/post"}],"author":[{"embeddable":true,"href":"https:\/\/ihedn.fr\/en\/wp-json\/wp\/v2\/users\/10"}],"replies":[{"embeddable":true,"href":"https:\/\/ihedn.fr\/en\/wp-json\/wp\/v2\/comments?post=47902"}],"version-history":[{"count":7,"href":"https:\/\/ihedn.fr\/en\/wp-json\/wp\/v2\/posts\/47902\/revisions"}],"predecessor-version":[{"id":47916,"href":"https:\/\/ihedn.fr\/en\/wp-json\/wp\/v2\/posts\/47902\/revisions\/47916"}],"wp:featuredmedia":[{"embeddable":true,"href":"https:\/\/ihedn.fr\/en\/wp-json\/wp\/v2\/media\/47907"}],"wp:attachment":[{"href":"https:\/\/ihedn.fr\/en\/wp-json\/wp\/v2\/media?parent=47902"}],"wp:term":[{"taxonomy":"category","embeddable":true,"href":"https:\/\/ihedn.fr\/en\/wp-json\/wp\/v2\/categories?post=47902"},{"taxonomy":"post_tag","embeddable":true,"href":"https:\/\/ihedn.fr\/en\/wp-json\/wp\/v2\/tags?post=47902"}],"curies":[{"name":"wp","href":"https:\/\/api.w.org\/{rel}","templated":true}]}}