{"id":48059,"date":"2024-06-07T08:40:18","date_gmt":"2024-06-07T07:40:18","guid":{"rendered":"https:\/\/ihedn.fr\/?p=48059"},"modified":"2024-06-07T08:42:47","modified_gmt":"2024-06-07T07:42:47","slug":"ouverture-du-144supe-sup-cycle-ihedn-jeunes-a-troyes","status":"publish","type":"post","link":"https:\/\/ihedn.fr\/en\/notre-actualite\/ouverture-du-144supe-sup-cycle-ihedn-jeunes-a-troyes\/","title":{"rendered":"Opening of 144<sup>e<\/sup> IHEDN-Youth cycle in Troyes"},"content":{"rendered":"<div data-elementor-type=\"wp-post\" data-elementor-id=\"48059\" class=\"elementor elementor-48059\" data-elementor-post-type=\"post\">\n\t\t\t\t<div data-particle_enable=\"false\" data-particle-mobile-disabled=\"false\" class=\"elementor-element elementor-element-93a82e0 e-con-full e-flex e-con e-parent\" data-id=\"93a82e0\" data-element_type=\"container\" data-e-type=\"container\">\n\t\t\t\t<div class=\"elementor-element elementor-element-79a2a8c elementor-widget elementor-widget-text-editor\" data-id=\"79a2a8c\" data-element_type=\"widget\" data-e-type=\"widget\" data-widget_type=\"text-editor.default\">\n\t\t\t\t<div class=\"elementor-widget-container\">\n\t\t\t\t\t\t\t\t\t<p style=\"text-align: left;\">The course is based on three modules:<\/p><ul><li style=\"text-align: left;\">Strategic issues<\/li><li style=\"text-align: left;\">Knowledge of defence and the armed forces<\/li><li style=\"text-align: left;\">\u00a0International cooperation and conflict<\/li><\/ul><p>\u00a0<\/p><p>On the programme:<\/p><p><br \/>\ud83d\udccc presentation of the armed forces and feedback from external operations ;<br \/>\ud83d\udccc artificial intelligence: a strategic challenge for France ;<br \/>\ud83d\udccc defence industry;<br \/>\ud83d\udccc the China-Taiwan relationship;<br \/>\ud83d\udccc presentations and visits to the Latitude company and the Mailly le Camp combat training centre<\/p>\t\t\t\t\t\t\t\t<\/div>\n\t\t\t\t<\/div>\n\t\t\t\t<\/div>\n\t\t\t\t<\/div>","protected":false},"excerpt":{"rendered":"<p>For the 144th IHEDN-Jeunes cycle in Troyes, 73 students and young professionals gathered for 1 week to learn about the major issues in national defence and international security.<\/p>","protected":false},"author":10,"featured_media":48060,"comment_status":"closed","ping_status":"closed","sticky":false,"template":"","format":"standard","meta":{"footnotes":""},"categories":[172],"tags":[],"class_list":["post-48059","post","type-post","status-publish","format-standard","has-post-thumbnail","hentry","category-notre-actualite"],"yoast_head":"<!-- This site is optimized with the Yoast SEO plugin v27.5 - https:\/\/yoast.com\/product\/yoast-seo-wordpress\/ -->\n<title>Ouverture du 144e cycle IHEDN-Jeunes \u00e0 Troyes - L&#039;IHEDN : Institut des hautes \u00e9tudes de d\u00e9fense nationale<\/title>\n<meta name=\"description\" content=\"\u00c0 l&#039;occasion du 144e cycle IHEDN-Jeunes \u00e0 Troyes, 73 \u00e9tudiants et jeunes actifs sont r\u00e9unis pendant 1 semaine afin appr\u00e9hender les grands enjeux de d\u00e9fense nationale et de s\u00e9curit\u00e9 internationale.\" \/>\n<meta name=\"robots\" content=\"index, follow, max-snippet:-1, max-image-preview:large, max-video-preview:-1\" \/>\n<link rel=\"canonical\" href=\"https:\/\/ihedn.fr\/en\/notre-actualite\/ouverture-du-144supe-sup-cycle-ihedn-jeunes-a-troyes\/\" \/>\n<meta property=\"og:locale\" content=\"en_GB\" \/>\n<meta property=\"og:type\" content=\"article\" \/>\n<meta property=\"og:title\" content=\"Ouverture du 144e cycle IHEDN-Jeunes \u00e0 Troyes\" \/>\n<meta property=\"og:description\" content=\"\u00c0 l&#039;occasion du 144e cycle IHEDN-Jeunes \u00e0 Troyes, 73 \u00e9tudiants et jeunes actifs sont r\u00e9unis pendant 1 semaine afin appr\u00e9hender les grands enjeux de d\u00e9fense nationale et de s\u00e9curit\u00e9 internationale.\" \/>\n<meta property=\"og:url\" content=\"https:\/\/ihedn.fr\/en\/notre-actualite\/ouverture-du-144supe-sup-cycle-ihedn-jeunes-a-troyes\/\" \/>\n<meta property=\"og:site_name\" content=\"L&#039;IHEDN : Institut des hautes \u00e9tudes de d\u00e9fense nationale\" \/>\n<meta property=\"article:publisher\" content=\"https:\/\/www.facebook.com\/ihedn\/\" \/>\n<meta property=\"article:published_time\" content=\"2024-06-07T07:40:18+00:00\" \/>\n<meta property=\"article:modified_time\" content=\"2024-06-07T07:42:47+00:00\" \/>\n<meta property=\"og:image\" content=\"https:\/\/ihedn.fr\/wp-content\/uploads\/2024\/06\/ihedn-jeunes-troyes.jpg\" \/>\n\t<meta property=\"og:image:width\" content=\"1600\" \/>\n\t<meta property=\"og:image:height\" content=\"1200\" \/>\n\t<meta property=\"og:image:type\" content=\"image\/jpeg\" \/>\n<meta name=\"author\" content=\"tanguy.morel@ihedn.fr\" \/>\n<meta name=\"twitter:card\" content=\"summary_large_image\" \/>\n<meta name=\"twitter:title\" content=\"Ouverture du 144&lt;sup&gt;e&lt;\/sup&gt; cycle IHEDN-Jeunes \u00e0 Troyes\" \/>\n<meta name=\"twitter:description\" content=\"\u00c0 l&#039;occasion du 144e cycle IHEDN-Jeunes \u00e0 Troyes, 73 \u00e9tudiants et jeunes actifs sont r\u00e9unis pendant 1 semaine afin appr\u00e9hender les grands enjeux de d\u00e9fense nationale et de s\u00e9curit\u00e9 internationale.\" \/>\n<meta name=\"twitter:image\" content=\"https:\/\/ihedn.fr\/wp-content\/uploads\/2024\/06\/ihedn-jeunes-troyes.jpg\" \/>\n<meta name=\"twitter:creator\" content=\"@IHEDN\" \/>\n<meta name=\"twitter:site\" content=\"@IHEDN\" \/>\n<meta name=\"twitter:label1\" content=\"Written by\" \/>\n\t<meta name=\"twitter:data1\" content=\"tanguy.morel@ihedn.fr\" \/>\n\t<meta name=\"twitter:label2\" content=\"Estimated reading time\" \/>\n\t<meta name=\"twitter:data2\" content=\"2 minutes\" \/>\n<script type=\"application\/ld+json\" class=\"yoast-schema-graph\">{\"@context\":\"https:\\\/\\\/schema.org\",\"@graph\":[{\"@type\":\"Article\",\"@id\":\"https:\\\/\\\/ihedn.fr\\\/notre-actualite\\\/ouverture-du-144supe-sup-cycle-ihedn-jeunes-a-troyes\\\/#article\",\"isPartOf\":{\"@id\":\"https:\\\/\\\/ihedn.fr\\\/notre-actualite\\\/ouverture-du-144supe-sup-cycle-ihedn-jeunes-a-troyes\\\/\"},\"author\":{\"name\":\"tanguy.morel@ihedn.fr\",\"@id\":\"https:\\\/\\\/ihedn.fr\\\/#\\\/schema\\\/person\\\/ed217a37104b27a246b200e65b827cc7\"},\"headline\":\"Ouverture du 144e cycle IHEDN-Jeunes \u00e0 Troyes\",\"datePublished\":\"2024-06-07T07:40:18+00:00\",\"dateModified\":\"2024-06-07T07:42:47+00:00\",\"mainEntityOfPage\":{\"@id\":\"https:\\\/\\\/ihedn.fr\\\/notre-actualite\\\/ouverture-du-144supe-sup-cycle-ihedn-jeunes-a-troyes\\\/\"},\"wordCount\":88,\"publisher\":{\"@id\":\"https:\\\/\\\/ihedn.fr\\\/#organization\"},\"image\":{\"@id\":\"https:\\\/\\\/ihedn.fr\\\/notre-actualite\\\/ouverture-du-144supe-sup-cycle-ihedn-jeunes-a-troyes\\\/#primaryimage\"},\"thumbnailUrl\":\"https:\\\/\\\/ihedn.fr\\\/wp-content\\\/uploads\\\/2024\\\/06\\\/ihedn-jeunes-troyes.jpg\",\"articleSection\":[\"Notre actualit\u00e9\"],\"inLanguage\":\"en-GB\"},{\"@type\":\"WebPage\",\"@id\":\"https:\\\/\\\/ihedn.fr\\\/notre-actualite\\\/ouverture-du-144supe-sup-cycle-ihedn-jeunes-a-troyes\\\/\",\"url\":\"https:\\\/\\\/ihedn.fr\\\/notre-actualite\\\/ouverture-du-144supe-sup-cycle-ihedn-jeunes-a-troyes\\\/\",\"name\":\"Ouverture du 144e cycle IHEDN-Jeunes \u00e0 Troyes - L&#039;IHEDN : Institut des hautes \u00e9tudes de d\u00e9fense nationale\",\"isPartOf\":{\"@id\":\"https:\\\/\\\/ihedn.fr\\\/#website\"},\"primaryImageOfPage\":{\"@id\":\"https:\\\/\\\/ihedn.fr\\\/notre-actualite\\\/ouverture-du-144supe-sup-cycle-ihedn-jeunes-a-troyes\\\/#primaryimage\"},\"image\":{\"@id\":\"https:\\\/\\\/ihedn.fr\\\/notre-actualite\\\/ouverture-du-144supe-sup-cycle-ihedn-jeunes-a-troyes\\\/#primaryimage\"},\"thumbnailUrl\":\"https:\\\/\\\/ihedn.fr\\\/wp-content\\\/uploads\\\/2024\\\/06\\\/ihedn-jeunes-troyes.jpg\",\"datePublished\":\"2024-06-07T07:40:18+00:00\",\"dateModified\":\"2024-06-07T07:42:47+00:00\",\"description\":\"\u00c0 l'occasion du 144e cycle IHEDN-Jeunes \u00e0 Troyes, 73 \u00e9tudiants et jeunes actifs sont r\u00e9unis pendant 1 semaine afin appr\u00e9hender les grands enjeux de d\u00e9fense nationale et de s\u00e9curit\u00e9 internationale.\",\"breadcrumb\":{\"@id\":\"https:\\\/\\\/ihedn.fr\\\/notre-actualite\\\/ouverture-du-144supe-sup-cycle-ihedn-jeunes-a-troyes\\\/#breadcrumb\"},\"inLanguage\":\"en-GB\",\"potentialAction\":[{\"@type\":\"ReadAction\",\"target\":[\"https:\\\/\\\/ihedn.fr\\\/notre-actualite\\\/ouverture-du-144supe-sup-cycle-ihedn-jeunes-a-troyes\\\/\"]}]},{\"@type\":\"ImageObject\",\"inLanguage\":\"en-GB\",\"@id\":\"https:\\\/\\\/ihedn.fr\\\/notre-actualite\\\/ouverture-du-144supe-sup-cycle-ihedn-jeunes-a-troyes\\\/#primaryimage\",\"url\":\"https:\\\/\\\/ihedn.fr\\\/wp-content\\\/uploads\\\/2024\\\/06\\\/ihedn-jeunes-troyes.jpg\",\"contentUrl\":\"https:\\\/\\\/ihedn.fr\\\/wp-content\\\/uploads\\\/2024\\\/06\\\/ihedn-jeunes-troyes.jpg\",\"width\":1600,\"height\":1200,\"caption\":\"Ouverture du 144e cycle IHEDN-Jeunes \u00e0 Troyes\"},{\"@type\":\"BreadcrumbList\",\"@id\":\"https:\\\/\\\/ihedn.fr\\\/notre-actualite\\\/ouverture-du-144supe-sup-cycle-ihedn-jeunes-a-troyes\\\/#breadcrumb\",\"itemListElement\":[{\"@type\":\"ListItem\",\"position\":1,\"name\":\"Accueil\",\"item\":\"https:\\\/\\\/ihedn.fr\\\/\"},{\"@type\":\"ListItem\",\"position\":2,\"name\":\"Ouverture du 144e cycle IHEDN-Jeunes \u00e0 Troyes\"}]},{\"@type\":\"WebSite\",\"@id\":\"https:\\\/\\\/ihedn.fr\\\/#website\",\"url\":\"https:\\\/\\\/ihedn.fr\\\/\",\"name\":\"IHEDN : Institut des hautes \u00e9tudes de d\u00e9fense nationale |\",\"description\":\"Site officiel de l&#039;IHEDN plac\u00e9 sous la tutelle du Premier ministre.\",\"publisher\":{\"@id\":\"https:\\\/\\\/ihedn.fr\\\/#organization\"},\"potentialAction\":[{\"@type\":\"SearchAction\",\"target\":{\"@type\":\"EntryPoint\",\"urlTemplate\":\"https:\\\/\\\/ihedn.fr\\\/?s={search_term_string}\"},\"query-input\":{\"@type\":\"PropertyValueSpecification\",\"valueRequired\":true,\"valueName\":\"search_term_string\"}}],\"inLanguage\":\"en-GB\"},{\"@type\":\"Organization\",\"@id\":\"https:\\\/\\\/ihedn.fr\\\/#organization\",\"name\":\"IHEDN - Institut des Hautes Etudes de D\u00e9fense Nationale\",\"url\":\"https:\\\/\\\/ihedn.fr\\\/\",\"logo\":{\"@type\":\"ImageObject\",\"inLanguage\":\"en-GB\",\"@id\":\"https:\\\/\\\/ihedn.fr\\\/#\\\/schema\\\/logo\\\/image\\\/\",\"url\":\"https:\\\/\\\/ihedn.fr\\\/wp-content\\\/uploads\\\/2020\\\/11\\\/BLOC_RF_IHEDN_WEB.png\",\"contentUrl\":\"https:\\\/\\\/ihedn.fr\\\/wp-content\\\/uploads\\\/2020\\\/11\\\/BLOC_RF_IHEDN_WEB.png\",\"width\":500,\"height\":237,\"caption\":\"IHEDN - Institut des Hautes Etudes de D\u00e9fense Nationale\"},\"image\":{\"@id\":\"https:\\\/\\\/ihedn.fr\\\/#\\\/schema\\\/logo\\\/image\\\/\"},\"sameAs\":[\"https:\\\/\\\/www.facebook.com\\\/ihedn\\\/\",\"https:\\\/\\\/x.com\\\/IHEDN\",\"https:\\\/\\\/www.instagram.com\\\/ihedn\\\/\",\"https:\\\/\\\/www.linkedin.com\\\/school\\\/ihedn\\\/\",\"https:\\\/\\\/fr.wikipedia.org\\\/wiki\\\/Institut_des_hautes_\u00e9tudes_de_D\u00e9fense_nationale\"]},{\"@type\":\"Person\",\"@id\":\"https:\\\/\\\/ihedn.fr\\\/#\\\/schema\\\/person\\\/ed217a37104b27a246b200e65b827cc7\",\"name\":\"tanguy.morel@ihedn.fr\",\"image\":{\"@type\":\"ImageObject\",\"inLanguage\":\"en-GB\",\"@id\":\"https:\\\/\\\/secure.gravatar.com\\\/avatar\\\/36877cd30919fafddf1f9da45f4154aa468a64328452f2ceaff0968772207348?s=96&d=mm&r=g\",\"url\":\"https:\\\/\\\/secure.gravatar.com\\\/avatar\\\/36877cd30919fafddf1f9da45f4154aa468a64328452f2ceaff0968772207348?s=96&d=mm&r=g\",\"contentUrl\":\"https:\\\/\\\/secure.gravatar.com\\\/avatar\\\/36877cd30919fafddf1f9da45f4154aa468a64328452f2ceaff0968772207348?s=96&d=mm&r=g\",\"caption\":\"tanguy.morel@ihedn.fr\"},\"url\":\"https:\\\/\\\/ihedn.fr\\\/en\\\/author\\\/tanguy-morelihedn-fr\\\/\"}]}<\/script>\n<!-- \/ Yoast SEO plugin. -->","yoast_head_json":{"title":"Opening of the 144th IHEDN-Jeunes cycle in Troyes - L'IHEDN : Institut des hautes \u00e9tudes de d\u00e9fense nationale (France)","description":"For the 144th IHEDN-Jeunes cycle in Troyes, 73 students and young professionals gathered for 1 week to learn about the major issues in national defence and international security.","robots":{"index":"index","follow":"follow","max-snippet":"max-snippet:-1","max-image-preview":"max-image-preview:large","max-video-preview":"max-video-preview:-1"},"canonical":"https:\/\/ihedn.fr\/en\/notre-actualite\/ouverture-du-144supe-sup-cycle-ihedn-jeunes-a-troyes\/","og_locale":"en_GB","og_type":"article","og_title":"Ouverture du 144e cycle IHEDN-Jeunes \u00e0 Troyes","og_description":"\u00c0 l'occasion du 144e cycle IHEDN-Jeunes \u00e0 Troyes, 73 \u00e9tudiants et jeunes actifs sont r\u00e9unis pendant 1 semaine afin appr\u00e9hender les grands enjeux de d\u00e9fense nationale et de s\u00e9curit\u00e9 internationale.","og_url":"https:\/\/ihedn.fr\/en\/notre-actualite\/ouverture-du-144supe-sup-cycle-ihedn-jeunes-a-troyes\/","og_site_name":"L&#039;IHEDN : Institut des hautes \u00e9tudes de d\u00e9fense nationale","article_publisher":"https:\/\/www.facebook.com\/ihedn\/","article_published_time":"2024-06-07T07:40:18+00:00","article_modified_time":"2024-06-07T07:42:47+00:00","og_image":[{"width":1600,"height":1200,"url":"https:\/\/ihedn.fr\/wp-content\/uploads\/2024\/06\/ihedn-jeunes-troyes.jpg","type":"image\/jpeg"}],"author":"tanguy.morel@ihedn.fr","twitter_card":"summary_large_image","twitter_title":"Ouverture du 144<sup>e<\/sup> cycle IHEDN-Jeunes \u00e0 Troyes","twitter_description":"\u00c0 l'occasion du 144e cycle IHEDN-Jeunes \u00e0 Troyes, 73 \u00e9tudiants et jeunes actifs sont r\u00e9unis pendant 1 semaine afin appr\u00e9hender les grands enjeux de d\u00e9fense nationale et de s\u00e9curit\u00e9 internationale.","twitter_image":"https:\/\/ihedn.fr\/wp-content\/uploads\/2024\/06\/ihedn-jeunes-troyes.jpg","twitter_creator":"@IHEDN","twitter_site":"@IHEDN","twitter_misc":{"Written by":"tanguy.morel@ihedn.fr","Estimated reading time":"2 minutes"},"schema":{"@context":"https:\/\/schema.org","@graph":[{"@type":"Article","@id":"https:\/\/ihedn.fr\/notre-actualite\/ouverture-du-144supe-sup-cycle-ihedn-jeunes-a-troyes\/#article","isPartOf":{"@id":"https:\/\/ihedn.fr\/notre-actualite\/ouverture-du-144supe-sup-cycle-ihedn-jeunes-a-troyes\/"},"author":{"name":"tanguy.morel@ihedn.fr","@id":"https:\/\/ihedn.fr\/#\/schema\/person\/ed217a37104b27a246b200e65b827cc7"},"headline":"Ouverture du 144e cycle IHEDN-Jeunes \u00e0 Troyes","datePublished":"2024-06-07T07:40:18+00:00","dateModified":"2024-06-07T07:42:47+00:00","mainEntityOfPage":{"@id":"https:\/\/ihedn.fr\/notre-actualite\/ouverture-du-144supe-sup-cycle-ihedn-jeunes-a-troyes\/"},"wordCount":88,"publisher":{"@id":"https:\/\/ihedn.fr\/#organization"},"image":{"@id":"https:\/\/ihedn.fr\/notre-actualite\/ouverture-du-144supe-sup-cycle-ihedn-jeunes-a-troyes\/#primaryimage"},"thumbnailUrl":"https:\/\/ihedn.fr\/wp-content\/uploads\/2024\/06\/ihedn-jeunes-troyes.jpg","articleSection":["Notre actualit\u00e9"],"inLanguage":"en-GB"},{"@type":"WebPage","@id":"https:\/\/ihedn.fr\/notre-actualite\/ouverture-du-144supe-sup-cycle-ihedn-jeunes-a-troyes\/","url":"https:\/\/ihedn.fr\/notre-actualite\/ouverture-du-144supe-sup-cycle-ihedn-jeunes-a-troyes\/","name":"Opening of the 144th IHEDN-Jeunes cycle in Troyes - L'IHEDN : Institut des hautes \u00e9tudes de d\u00e9fense nationale (France)","isPartOf":{"@id":"https:\/\/ihedn.fr\/#website"},"primaryImageOfPage":{"@id":"https:\/\/ihedn.fr\/notre-actualite\/ouverture-du-144supe-sup-cycle-ihedn-jeunes-a-troyes\/#primaryimage"},"image":{"@id":"https:\/\/ihedn.fr\/notre-actualite\/ouverture-du-144supe-sup-cycle-ihedn-jeunes-a-troyes\/#primaryimage"},"thumbnailUrl":"https:\/\/ihedn.fr\/wp-content\/uploads\/2024\/06\/ihedn-jeunes-troyes.jpg","datePublished":"2024-06-07T07:40:18+00:00","dateModified":"2024-06-07T07:42:47+00:00","description":"For the 144th IHEDN-Jeunes cycle in Troyes, 73 students and young professionals gathered for 1 week to learn about the major issues in national defence and international security.","breadcrumb":{"@id":"https:\/\/ihedn.fr\/notre-actualite\/ouverture-du-144supe-sup-cycle-ihedn-jeunes-a-troyes\/#breadcrumb"},"inLanguage":"en-GB","potentialAction":[{"@type":"ReadAction","target":["https:\/\/ihedn.fr\/notre-actualite\/ouverture-du-144supe-sup-cycle-ihedn-jeunes-a-troyes\/"]}]},{"@type":"ImageObject","inLanguage":"en-GB","@id":"https:\/\/ihedn.fr\/notre-actualite\/ouverture-du-144supe-sup-cycle-ihedn-jeunes-a-troyes\/#primaryimage","url":"https:\/\/ihedn.fr\/wp-content\/uploads\/2024\/06\/ihedn-jeunes-troyes.jpg","contentUrl":"https:\/\/ihedn.fr\/wp-content\/uploads\/2024\/06\/ihedn-jeunes-troyes.jpg","width":1600,"height":1200,"caption":"Ouverture du 144e cycle IHEDN-Jeunes \u00e0 Troyes"},{"@type":"BreadcrumbList","@id":"https:\/\/ihedn.fr\/notre-actualite\/ouverture-du-144supe-sup-cycle-ihedn-jeunes-a-troyes\/#breadcrumb","itemListElement":[{"@type":"ListItem","position":1,"name":"Accueil","item":"https:\/\/ihedn.fr\/"},{"@type":"ListItem","position":2,"name":"Ouverture du 144e cycle IHEDN-Jeunes \u00e0 Troyes"}]},{"@type":"WebSite","@id":"https:\/\/ihedn.fr\/#website","url":"https:\/\/ihedn.fr\/","name":"IHEDN: Institut des hautes \u00e9tudes de d\u00e9fense nationale (Institute for Higher National Defence Studies)","description":"Official website of the IHEDN under the supervision of the Prime Minister.","publisher":{"@id":"https:\/\/ihedn.fr\/#organization"},"potentialAction":[{"@type":"SearchAction","target":{"@type":"EntryPoint","urlTemplate":"https:\/\/ihedn.fr\/?s={search_term_string}"},"query-input":{"@type":"PropertyValueSpecification","valueRequired":true,"valueName":"search_term_string"}}],"inLanguage":"en-GB"},{"@type":"Organization","@id":"https:\/\/ihedn.fr\/#organization","name":"IHEDN - Institute for Higher National Defence Studies","url":"https:\/\/ihedn.fr\/","logo":{"@type":"ImageObject","inLanguage":"en-GB","@id":"https:\/\/ihedn.fr\/#\/schema\/logo\/image\/","url":"https:\/\/ihedn.fr\/wp-content\/uploads\/2020\/11\/BLOC_RF_IHEDN_WEB.png","contentUrl":"https:\/\/ihedn.fr\/wp-content\/uploads\/2020\/11\/BLOC_RF_IHEDN_WEB.png","width":500,"height":237,"caption":"IHEDN - Institut des Hautes Etudes de D\u00e9fense Nationale"},"image":{"@id":"https:\/\/ihedn.fr\/#\/schema\/logo\/image\/"},"sameAs":["https:\/\/www.facebook.com\/ihedn\/","https:\/\/x.com\/IHEDN","https:\/\/www.instagram.com\/ihedn\/","https:\/\/www.linkedin.com\/school\/ihedn\/","https:\/\/fr.wikipedia.org\/wiki\/Institut_des_hautes_\u00e9tudes_de_D\u00e9fense_nationale"]},{"@type":"Person","@id":"https:\/\/ihedn.fr\/#\/schema\/person\/ed217a37104b27a246b200e65b827cc7","name":"tanguy.morel@ihedn.fr","image":{"@type":"ImageObject","inLanguage":"en-GB","@id":"https:\/\/secure.gravatar.com\/avatar\/36877cd30919fafddf1f9da45f4154aa468a64328452f2ceaff0968772207348?s=96&d=mm&r=g","url":"https:\/\/secure.gravatar.com\/avatar\/36877cd30919fafddf1f9da45f4154aa468a64328452f2ceaff0968772207348?s=96&d=mm&r=g","contentUrl":"https:\/\/secure.gravatar.com\/avatar\/36877cd30919fafddf1f9da45f4154aa468a64328452f2ceaff0968772207348?s=96&d=mm&r=g","caption":"tanguy.morel@ihedn.fr"},"url":"https:\/\/ihedn.fr\/en\/author\/tanguy-morelihedn-fr\/"}]}},"publishpress_future_action":{"enabled":false,"date":"2026-05-09 01:05:50","action":"change-status","newStatus":"draft","terms":[],"taxonomy":"category","extraData":[]},"publishpress_future_workflow_manual_trigger":{"enabledWorkflows":[]},"_links":{"self":[{"href":"https:\/\/ihedn.fr\/en\/wp-json\/wp\/v2\/posts\/48059","targetHints":{"allow":["GET"]}}],"collection":[{"href":"https:\/\/ihedn.fr\/en\/wp-json\/wp\/v2\/posts"}],"about":[{"href":"https:\/\/ihedn.fr\/en\/wp-json\/wp\/v2\/types\/post"}],"author":[{"embeddable":true,"href":"https:\/\/ihedn.fr\/en\/wp-json\/wp\/v2\/users\/10"}],"replies":[{"embeddable":true,"href":"https:\/\/ihedn.fr\/en\/wp-json\/wp\/v2\/comments?post=48059"}],"version-history":[{"count":9,"href":"https:\/\/ihedn.fr\/en\/wp-json\/wp\/v2\/posts\/48059\/revisions"}],"predecessor-version":[{"id":48070,"href":"https:\/\/ihedn.fr\/en\/wp-json\/wp\/v2\/posts\/48059\/revisions\/48070"}],"wp:featuredmedia":[{"embeddable":true,"href":"https:\/\/ihedn.fr\/en\/wp-json\/wp\/v2\/media\/48060"}],"wp:attachment":[{"href":"https:\/\/ihedn.fr\/en\/wp-json\/wp\/v2\/media?parent=48059"}],"wp:term":[{"taxonomy":"category","embeddable":true,"href":"https:\/\/ihedn.fr\/en\/wp-json\/wp\/v2\/categories?post=48059"},{"taxonomy":"post_tag","embeddable":true,"href":"https:\/\/ihedn.fr\/en\/wp-json\/wp\/v2\/tags?post=48059"}],"curies":[{"name":"wp","href":"https:\/\/api.w.org\/{rel}","templated":true}]}}