{"id":48158,"date":"2024-06-12T09:37:22","date_gmt":"2024-06-12T08:37:22","guid":{"rendered":"https:\/\/ihedn.fr\/?p=48158"},"modified":"2024-06-12T10:14:19","modified_gmt":"2024-06-12T09:14:19","slug":"bourges-accueille-la-238supe-sup-session-en-region-centre-val-de-loire","status":"publish","type":"post","link":"https:\/\/ihedn.fr\/en\/notre-actualite\/bourges-accueille-la-238supe-sup-session-en-region-centre-val-de-loire\/","title":{"rendered":"Bourges hosts the 238<sup>e<\/sup> session in the Centre-Val de Loire region"},"content":{"rendered":"<div data-elementor-type=\"wp-post\" data-elementor-id=\"48158\" class=\"elementor elementor-48158\" data-elementor-post-type=\"post\">\n\t\t\t\t<div data-particle_enable=\"false\" data-particle-mobile-disabled=\"false\" class=\"elementor-element elementor-element-93a82e0 e-con-full e-flex e-con e-parent\" data-id=\"93a82e0\" data-element_type=\"container\" data-e-type=\"container\">\n\t\t\t\t<div class=\"elementor-element elementor-element-79a2a8c elementor-widget elementor-widget-text-editor\" data-id=\"79a2a8c\" data-element_type=\"widget\" data-e-type=\"widget\" data-widget_type=\"text-editor.default\">\n\t\t\t\t<div class=\"elementor-widget-container\">\n\t\t\t\t\t\t\t\t\t<p style=\"margin: 0cm 0cm 0.0001pt; text-align: left;\">From the very first day, the 49 listeners attended various conferences on the French armed forces: nuclear doctrine, the strategies of the French Army and new challenges such as collaborative combat and cyber-combatants. These talks provided an overview of doctrinal and technological developments, illustrating the need for constant adaptation in the face of threats.<\/p>\t\t\t\t\t\t\t\t<\/div>\n\t\t\t\t<\/div>\n\t\t<div data-particle_enable=\"false\" data-particle-mobile-disabled=\"false\" class=\"elementor-element elementor-element-b0f6864 e-con-full e-flex e-con e-child\" data-id=\"b0f6864\" data-element_type=\"container\" data-e-type=\"container\">\n\t\t<div data-particle_enable=\"false\" data-particle-mobile-disabled=\"false\" class=\"elementor-element elementor-element-e087b24 e-con-full e-flex e-con e-child\" data-id=\"e087b24\" data-element_type=\"container\" data-e-type=\"container\">\n\t\t\t\t<div class=\"elementor-element elementor-element-9fb1854 elementor-widget elementor-widget-image\" data-id=\"9fb1854\" data-element_type=\"widget\" data-e-type=\"widget\" data-widget_type=\"image.default\">\n\t\t\t\t<div class=\"elementor-widget-container\">\n\t\t\t\t\t\t\t\t\t\t\t\t\t\t\t<img fetchpriority=\"high\" decoding=\"async\" width=\"800\" height=\"800\" src=\"https:\/\/ihedn.fr\/wp-content\/uploads\/2024\/06\/WhatsApp-Image-2024-06-12-at-09.50.381-1024x1024.jpeg\" class=\"attachment-large size-large wp-image-48161\" alt=\"Les auditeurs en conf\u00e9rence\" srcset=\"https:\/\/ihedn.fr\/wp-content\/uploads\/2024\/06\/WhatsApp-Image-2024-06-12-at-09.50.381-1024x1024.jpeg 1024w, https:\/\/ihedn.fr\/wp-content\/uploads\/2024\/06\/WhatsApp-Image-2024-06-12-at-09.50.381-300x300.jpeg 300w, https:\/\/ihedn.fr\/wp-content\/uploads\/2024\/06\/WhatsApp-Image-2024-06-12-at-09.50.381-150x150.jpeg 150w, https:\/\/ihedn.fr\/wp-content\/uploads\/2024\/06\/WhatsApp-Image-2024-06-12-at-09.50.381-768x768.jpeg 768w\" sizes=\"(max-width: 800px) 100vw, 800px\" \/>\t\t\t\t\t\t\t\t\t\t\t\t\t\t\t<\/div>\n\t\t\t\t<\/div>\n\t\t\t\t<\/div>\n\t\t<div data-particle_enable=\"false\" data-particle-mobile-disabled=\"false\" class=\"elementor-element elementor-element-04962e7 e-con-full e-flex e-con e-child\" data-id=\"04962e7\" data-element_type=\"container\" data-e-type=\"container\">\n\t\t\t\t<div class=\"elementor-element elementor-element-da56900 elementor-widget elementor-widget-image\" data-id=\"da56900\" data-element_type=\"widget\" data-e-type=\"widget\" data-widget_type=\"image.default\">\n\t\t\t\t<div class=\"elementor-widget-container\">\n\t\t\t\t\t\t\t\t\t\t\t\t\t\t\t<img decoding=\"async\" width=\"800\" height=\"800\" src=\"https:\/\/ihedn.fr\/wp-content\/uploads\/2024\/06\/WhatsApp-Image-2024-06-12-at-09.50.384-1024x1024.jpeg\" class=\"attachment-large size-large wp-image-48162\" alt=\"Les auditeurs en conf\u00e9rence\" srcset=\"https:\/\/ihedn.fr\/wp-content\/uploads\/2024\/06\/WhatsApp-Image-2024-06-12-at-09.50.384-1024x1024.jpeg 1024w, https:\/\/ihedn.fr\/wp-content\/uploads\/2024\/06\/WhatsApp-Image-2024-06-12-at-09.50.384-300x300.jpeg 300w, https:\/\/ihedn.fr\/wp-content\/uploads\/2024\/06\/WhatsApp-Image-2024-06-12-at-09.50.384-150x150.jpeg 150w, https:\/\/ihedn.fr\/wp-content\/uploads\/2024\/06\/WhatsApp-Image-2024-06-12-at-09.50.384-768x768.jpeg 768w\" sizes=\"(max-width: 800px) 100vw, 800px\" \/>\t\t\t\t\t\t\t\t\t\t\t\t\t\t\t<\/div>\n\t\t\t\t<\/div>\n\t\t\t\t<\/div>\n\t\t\t\t<\/div>\n\t\t\t\t<div class=\"elementor-element elementor-element-a59142f elementor-widget elementor-widget-text-editor\" data-id=\"a59142f\" data-element_type=\"widget\" data-e-type=\"widget\" data-widget_type=\"text-editor.default\">\n\t\t\t\t<div class=\"elementor-widget-container\">\n\t\t\t\t\t\t\t\t\t<p style=\"margin: 0cm 0cm 0.0001pt; text-align: left;\">A visit to the military schools in Bourges gave the audience an opportunity to immerse themselves in the process of preparing and training soldiers. The presentation of the train and equipment arm museums retraced the history of these specialities and highlighted their crucial role in the conduct of contemporary operations. The wide-ranging activities of the Air Force and the Space Agency were discussed during the session's visit to the 702 air base at Avord.<\/p>\t\t\t\t\t\t\t\t<\/div>\n\t\t\t\t<\/div>\n\t\t<div data-particle_enable=\"false\" data-particle-mobile-disabled=\"false\" class=\"elementor-element elementor-element-ea6266f e-con-full e-flex e-con e-child\" data-id=\"ea6266f\" data-element_type=\"container\" data-e-type=\"container\">\n\t\t<div data-particle_enable=\"false\" data-particle-mobile-disabled=\"false\" class=\"elementor-element elementor-element-fa21364 e-con-full e-flex e-con e-child\" data-id=\"fa21364\" data-element_type=\"container\" data-e-type=\"container\">\n\t\t\t\t<div class=\"elementor-element elementor-element-64a5fce elementor-widget elementor-widget-image\" data-id=\"64a5fce\" data-element_type=\"widget\" data-e-type=\"widget\" data-widget_type=\"image.default\">\n\t\t\t\t<div class=\"elementor-widget-container\">\n\t\t\t\t\t\t\t\t\t\t\t\t\t\t\t<img decoding=\"async\" width=\"800\" height=\"670\" src=\"https:\/\/ihedn.fr\/wp-content\/uploads\/2024\/06\/WhatsApp-Image-2024-06-12-at-09.50.385-1024x858.jpeg\" class=\"attachment-large size-large wp-image-48163\" alt=\"Les visitent les \u00e9coles militaires de Bourges\" \/>\t\t\t\t\t\t\t\t\t\t\t\t\t\t\t<\/div>\n\t\t\t\t<\/div>\n\t\t\t\t<\/div>\n\t\t<div data-particle_enable=\"false\" data-particle-mobile-disabled=\"false\" class=\"elementor-element elementor-element-c74012b e-con-full e-flex e-con e-child\" data-id=\"c74012b\" data-element_type=\"container\" data-e-type=\"container\">\n\t\t\t\t<div class=\"elementor-element elementor-element-e931289 elementor-widget elementor-widget-image\" data-id=\"e931289\" data-element_type=\"widget\" data-e-type=\"widget\" data-widget_type=\"image.default\">\n\t\t\t\t<div class=\"elementor-widget-container\">\n\t\t\t\t\t\t\t\t\t\t\t\t\t\t\t<img loading=\"lazy\" decoding=\"async\" width=\"800\" height=\"800\" src=\"https:\/\/ihedn.fr\/wp-content\/uploads\/2024\/06\/WhatsApp-Image-2024-06-12-at-09.50.382-1024x1024.jpeg\" class=\"attachment-large size-large wp-image-48164\" alt=\"Les auditeurs visitent les \u00e9coles militaires de Bourges\" srcset=\"https:\/\/ihedn.fr\/wp-content\/uploads\/2024\/06\/WhatsApp-Image-2024-06-12-at-09.50.382-1024x1024.jpeg 1024w, https:\/\/ihedn.fr\/wp-content\/uploads\/2024\/06\/WhatsApp-Image-2024-06-12-at-09.50.382-300x300.jpeg 300w, https:\/\/ihedn.fr\/wp-content\/uploads\/2024\/06\/WhatsApp-Image-2024-06-12-at-09.50.382-150x150.jpeg 150w, https:\/\/ihedn.fr\/wp-content\/uploads\/2024\/06\/WhatsApp-Image-2024-06-12-at-09.50.382-768x768.jpeg 768w\" sizes=\"(max-width: 800px) 100vw, 800px\" \/>\t\t\t\t\t\t\t\t\t\t\t\t\t\t\t<\/div>\n\t\t\t\t<\/div>\n\t\t\t\t<\/div>\n\t\t\t\t<\/div>\n\t\t\t\t<div class=\"elementor-element elementor-element-a86167b elementor-widget elementor-widget-text-editor\" data-id=\"a86167b\" data-element_type=\"widget\" data-e-type=\"widget\" data-widget_type=\"text-editor.default\">\n\t\t\t\t<div class=\"elementor-widget-container\">\n\t\t\t\t\t\t\t\t\t<p style=\"margin: 0cm 0cm 0.0001pt; text-align: left;\">Visits to national defence-related sites in Bourges gave the auditors a better understanding of the importance of cooperation between the various players in the military and industrial sectors. Visits to the D\u00e9l\u00e9gation g\u00e9n\u00e9rale de l'armement (DGA) and KNDS and presentations of their respective roles in the implementation and monitoring of weapons programmes enabled the auditors to understand the relationships between the major players in the French defence technological and industrial base (DTIB).<\/p>\t\t\t\t\t\t\t\t<\/div>\n\t\t\t\t<\/div>\n\t\t<div data-particle_enable=\"false\" data-particle-mobile-disabled=\"false\" class=\"elementor-element elementor-element-ec3e8f2 e-con-full e-flex e-con e-child\" data-id=\"ec3e8f2\" data-element_type=\"container\" data-e-type=\"container\">\n\t\t<div data-particle_enable=\"false\" data-particle-mobile-disabled=\"false\" class=\"elementor-element elementor-element-add3312 e-con-full e-flex e-con e-child\" data-id=\"add3312\" data-element_type=\"container\" data-e-type=\"container\">\n\t\t\t\t<div class=\"elementor-element elementor-element-976bb3a elementor-widget elementor-widget-image\" data-id=\"976bb3a\" data-element_type=\"widget\" data-e-type=\"widget\" data-widget_type=\"image.default\">\n\t\t\t\t<div class=\"elementor-widget-container\">\n\t\t\t\t\t\t\t\t\t\t\t\t\t\t\t<img loading=\"lazy\" decoding=\"async\" width=\"800\" height=\"800\" src=\"https:\/\/ihedn.fr\/wp-content\/uploads\/2024\/06\/WhatsApp-Image-2024-06-12-at-09.50.39-1024x1024.jpeg\" class=\"attachment-large size-large wp-image-48165\" alt=\"Les auditeurs visitent des sites li\u00e9s \u00e0 la d\u00e9fense nationale \u00e0 Bourges\" srcset=\"https:\/\/ihedn.fr\/wp-content\/uploads\/2024\/06\/WhatsApp-Image-2024-06-12-at-09.50.39-1024x1024.jpeg 1024w, https:\/\/ihedn.fr\/wp-content\/uploads\/2024\/06\/WhatsApp-Image-2024-06-12-at-09.50.39-300x300.jpeg 300w, https:\/\/ihedn.fr\/wp-content\/uploads\/2024\/06\/WhatsApp-Image-2024-06-12-at-09.50.39-150x150.jpeg 150w, https:\/\/ihedn.fr\/wp-content\/uploads\/2024\/06\/WhatsApp-Image-2024-06-12-at-09.50.39-768x768.jpeg 768w\" sizes=\"(max-width: 800px) 100vw, 800px\" \/>\t\t\t\t\t\t\t\t\t\t\t\t\t\t\t<\/div>\n\t\t\t\t<\/div>\n\t\t\t\t<\/div>\n\t\t<div data-particle_enable=\"false\" data-particle-mobile-disabled=\"false\" class=\"elementor-element elementor-element-398f060 e-con-full e-flex e-con e-child\" data-id=\"398f060\" data-element_type=\"container\" data-e-type=\"container\">\n\t\t\t\t<div class=\"elementor-element elementor-element-0f22834 elementor-widget elementor-widget-image\" data-id=\"0f22834\" data-element_type=\"widget\" data-e-type=\"widget\" data-widget_type=\"image.default\">\n\t\t\t\t<div class=\"elementor-widget-container\">\n\t\t\t\t\t\t\t\t\t\t\t\t\t\t\t<img loading=\"lazy\" decoding=\"async\" width=\"800\" height=\"800\" src=\"https:\/\/ihedn.fr\/wp-content\/uploads\/2024\/06\/WhatsApp-Image-2024-06-12-at-09.50.403-1024x1024.jpeg\" class=\"attachment-large size-large wp-image-48166\" alt=\"Les auditeurs visitent des sites li\u00e9s \u00e0 la d\u00e9fense nationale \u00e0 Bourges\" srcset=\"https:\/\/ihedn.fr\/wp-content\/uploads\/2024\/06\/WhatsApp-Image-2024-06-12-at-09.50.403-1024x1024.jpeg 1024w, https:\/\/ihedn.fr\/wp-content\/uploads\/2024\/06\/WhatsApp-Image-2024-06-12-at-09.50.403-300x300.jpeg 300w, https:\/\/ihedn.fr\/wp-content\/uploads\/2024\/06\/WhatsApp-Image-2024-06-12-at-09.50.403-150x150.jpeg 150w, https:\/\/ihedn.fr\/wp-content\/uploads\/2024\/06\/WhatsApp-Image-2024-06-12-at-09.50.403-768x768.jpeg 768w\" sizes=\"(max-width: 800px) 100vw, 800px\" \/>\t\t\t\t\t\t\t\t\t\t\t\t\t\t\t<\/div>\n\t\t\t\t<\/div>\n\t\t\t\t<\/div>\n\t\t\t\t<\/div>\n\t\t\t\t<div class=\"elementor-element elementor-element-24467a2 elementor-widget elementor-widget-text-editor\" data-id=\"24467a2\" data-element_type=\"widget\" data-e-type=\"widget\" data-widget_type=\"text-editor.default\">\n\t\t\t\t<div class=\"elementor-widget-container\">\n\t\t\t\t\t\t\t\t\t<p style=\"margin: 0cm 0cm 0.0001pt; text-align: left;\">Visits and conferences have contributed to the work of the various committees, preparing the auditors for the collective preparation of strategic recommendations.<\/p><p>\u00a0<\/p><p style=\"margin: 0cm 0cm 0.0001pt; text-align: left;\">After a week's break, the auditors will meet again during the 3rd week in Tours to tackle regional challenges and crisis management, continuing their training with a sharpened eye on current defence issues.\u00a0<\/p>\t\t\t\t\t\t\t\t<\/div>\n\t\t\t\t<\/div>\n\t\t<div data-particle_enable=\"false\" data-particle-mobile-disabled=\"false\" class=\"elementor-element elementor-element-69a1412 e-con-full e-flex e-con e-child\" data-id=\"69a1412\" data-element_type=\"container\" data-e-type=\"container\">\n\t\t<div data-particle_enable=\"false\" data-particle-mobile-disabled=\"false\" class=\"elementor-element elementor-element-6cfa490 e-con-full e-flex e-con e-child\" data-id=\"6cfa490\" data-element_type=\"container\" data-e-type=\"container\">\n\t\t\t\t<div class=\"elementor-element elementor-element-560804a elementor-widget elementor-widget-image\" data-id=\"560804a\" data-element_type=\"widget\" data-e-type=\"widget\" data-widget_type=\"image.default\">\n\t\t\t\t<div class=\"elementor-widget-container\">\n\t\t\t\t\t\t\t\t\t\t\t\t\t\t\t<img loading=\"lazy\" decoding=\"async\" width=\"1600\" height=\"1200\" src=\"https:\/\/ihedn.fr\/wp-content\/uploads\/2024\/06\/WhatsApp-Image-2024-06-12-at-09.50.402.jpeg\" class=\"attachment-full size-full wp-image-48172\" alt=\"Les auditeurs visitent des sites li\u00e9s \u00e0 la d\u00e9fense nationale \u00e0 Bourges\" srcset=\"https:\/\/ihedn.fr\/wp-content\/uploads\/2024\/06\/WhatsApp-Image-2024-06-12-at-09.50.402.jpeg 1600w, https:\/\/ihedn.fr\/wp-content\/uploads\/2024\/06\/WhatsApp-Image-2024-06-12-at-09.50.402-1536x1152.jpeg 1536w, https:\/\/ihedn.fr\/wp-content\/uploads\/2024\/06\/WhatsApp-Image-2024-06-12-at-09.50.402-16x12.jpeg 16w\" sizes=\"(max-width: 1600px) 100vw, 1600px\" \/>\t\t\t\t\t\t\t\t\t\t\t\t\t\t\t<\/div>\n\t\t\t\t<\/div>\n\t\t\t\t<div class=\"elementor-element elementor-element-e249edb elementor-widget elementor-widget-image\" data-id=\"e249edb\" data-element_type=\"widget\" data-e-type=\"widget\" data-widget_type=\"image.default\">\n\t\t\t\t<div class=\"elementor-widget-container\">\n\t\t\t\t\t\t\t\t\t\t\t\t\t\t\t<img loading=\"lazy\" decoding=\"async\" width=\"1600\" height=\"1200\" src=\"https:\/\/ihedn.fr\/wp-content\/uploads\/2024\/06\/WhatsApp-Image-2024-06-12-at-09.50.391.jpeg\" class=\"attachment-full size-full wp-image-48171\" alt=\"Les auditeurs visitent des sites li\u00e9s \u00e0 la d\u00e9fense nationale \u00e0 Bourges\" srcset=\"https:\/\/ihedn.fr\/wp-content\/uploads\/2024\/06\/WhatsApp-Image-2024-06-12-at-09.50.391.jpeg 1600w, https:\/\/ihedn.fr\/wp-content\/uploads\/2024\/06\/WhatsApp-Image-2024-06-12-at-09.50.391-1536x1152.jpeg 1536w, https:\/\/ihedn.fr\/wp-content\/uploads\/2024\/06\/WhatsApp-Image-2024-06-12-at-09.50.391-16x12.jpeg 16w\" sizes=\"(max-width: 1600px) 100vw, 1600px\" \/>\t\t\t\t\t\t\t\t\t\t\t\t\t\t\t<\/div>\n\t\t\t\t<\/div>\n\t\t\t\t<\/div>\n\t\t<div data-particle_enable=\"false\" data-particle-mobile-disabled=\"false\" class=\"elementor-element elementor-element-b7bb54b e-con-full e-flex e-con e-child\" data-id=\"b7bb54b\" data-element_type=\"container\" data-e-type=\"container\">\n\t\t\t\t<div class=\"elementor-element elementor-element-92cb353 elementor-widget elementor-widget-image\" data-id=\"92cb353\" data-element_type=\"widget\" data-e-type=\"widget\" data-widget_type=\"image.default\">\n\t\t\t\t<div class=\"elementor-widget-container\">\n\t\t\t\t\t\t\t\t\t\t\t\t\t\t\t<img loading=\"lazy\" decoding=\"async\" width=\"1200\" height=\"1600\" src=\"https:\/\/ihedn.fr\/wp-content\/uploads\/2024\/06\/WhatsApp-Image-2024-06-12-at-09.50.401.jpeg\" class=\"attachment-full size-full wp-image-48173\" alt=\"Les auditeurs visitent des sites li\u00e9s \u00e0 la d\u00e9fense nationale \u00e0 Bourges\" srcset=\"https:\/\/ihedn.fr\/wp-content\/uploads\/2024\/06\/WhatsApp-Image-2024-06-12-at-09.50.401.jpeg 1200w, https:\/\/ihedn.fr\/wp-content\/uploads\/2024\/06\/WhatsApp-Image-2024-06-12-at-09.50.401-1152x1536.jpeg 1152w, https:\/\/ihedn.fr\/wp-content\/uploads\/2024\/06\/WhatsApp-Image-2024-06-12-at-09.50.401-9x12.jpeg 9w\" sizes=\"(max-width: 1200px) 100vw, 1200px\" \/>\t\t\t\t\t\t\t\t\t\t\t\t\t\t\t<\/div>\n\t\t\t\t<\/div>\n\t\t\t\t<\/div>\n\t\t\t\t<\/div>\n\t\t\t\t<\/div>\n\t\t\t\t<\/div>","protected":false},"excerpt":{"rendered":"<p>From 28 to 31 May, the town of Bourges hosted the second week of training for the 238th session in the Centre-Val de Loire region, a unique opportunity for the 49 auditors to enhance their knowledge and understanding of contemporary defence issues. <\/p>","protected":false},"author":10,"featured_media":48167,"comment_status":"closed","ping_status":"closed","sticky":false,"template":"","format":"standard","meta":{"footnotes":""},"categories":[172],"tags":[],"class_list":["post-48158","post","type-post","status-publish","format-standard","has-post-thumbnail","hentry","category-notre-actualite"],"yoast_head":"<!-- This site is optimized with the Yoast SEO plugin v27.5 - https:\/\/yoast.com\/product\/yoast-seo-wordpress\/ -->\n<title>Bourges accueille la 238e session en r\u00e9gion Centre-Val de Loire - L&#039;IHEDN : Institut des hautes \u00e9tudes de d\u00e9fense nationale<\/title>\n<meta name=\"description\" content=\"Du 28 au 31 mai, la ville de Bourges a accueilli la deuxi\u00e8me semaine de formation de la 238e session en r\u00e9gion Centre-Val de Loire, une opportunit\u00e9 unique pour les 49 auditeurs d&#039;enrichir leurs connaissances et leur compr\u00e9hension des probl\u00e9matiques de d\u00e9fense contemporaines.\" \/>\n<meta name=\"robots\" content=\"index, follow, max-snippet:-1, max-image-preview:large, max-video-preview:-1\" \/>\n<link rel=\"canonical\" href=\"https:\/\/ihedn.fr\/en\/notre-actualite\/bourges-accueille-la-238supe-sup-session-en-region-centre-val-de-loire\/\" \/>\n<meta property=\"og:locale\" content=\"en_GB\" \/>\n<meta property=\"og:type\" content=\"article\" \/>\n<meta property=\"og:title\" content=\"Bourges accueille la 238e session en r\u00e9gion Centre-Val de Loire\" \/>\n<meta property=\"og:description\" content=\"Du 28 au 31 mai, la ville de Bourges a accueilli la deuxi\u00e8me semaine de formation de la 238e session en r\u00e9gion Centre-Val de Loire, une opportunit\u00e9 unique pour les 49 auditeurs d&#039;enrichir leurs connaissances et leur compr\u00e9hension des probl\u00e9matiques de d\u00e9fense contemporaines.\" \/>\n<meta property=\"og:url\" content=\"https:\/\/ihedn.fr\/en\/notre-actualite\/bourges-accueille-la-238supe-sup-session-en-region-centre-val-de-loire\/\" \/>\n<meta property=\"og:site_name\" content=\"L&#039;IHEDN : Institut des hautes \u00e9tudes de d\u00e9fense nationale\" \/>\n<meta property=\"article:publisher\" content=\"https:\/\/www.facebook.com\/ihedn\/\" \/>\n<meta property=\"article:published_time\" content=\"2024-06-12T08:37:22+00:00\" \/>\n<meta property=\"article:modified_time\" content=\"2024-06-12T09:14:19+00:00\" \/>\n<meta property=\"og:image\" content=\"https:\/\/ihedn.fr\/wp-content\/uploads\/2024\/06\/WhatsApp-Image-2024-06-12-at-09.50.38.jpeg\" \/>\n\t<meta property=\"og:image:width\" content=\"2040\" \/>\n\t<meta property=\"og:image:height\" content=\"1530\" \/>\n\t<meta property=\"og:image:type\" content=\"image\/jpeg\" \/>\n<meta name=\"author\" content=\"tanguy.morel@ihedn.fr\" \/>\n<meta name=\"twitter:card\" content=\"summary_large_image\" \/>\n<meta name=\"twitter:title\" content=\"Bourges accueille la 238&lt;sup&gt;e&lt;\/sup&gt; session en r\u00e9gion Centre-Val de Loire\" \/>\n<meta name=\"twitter:description\" content=\"Du 28 au 31 mai, la ville de Bourges a accueilli la deuxi\u00e8me semaine de formation de la 238e session en r\u00e9gion Centre-Val de Loire, une opportunit\u00e9 unique pour les 49 auditeurs d&#039;enrichir leurs connaissances et leur compr\u00e9hension des probl\u00e9matiques de d\u00e9fense contemporaines.\" \/>\n<meta name=\"twitter:image\" content=\"https:\/\/ihedn.fr\/wp-content\/uploads\/2024\/06\/WhatsApp-Image-2024-06-12-at-09.50.38.jpeg\" \/>\n<meta name=\"twitter:creator\" content=\"@IHEDN\" \/>\n<meta name=\"twitter:site\" content=\"@IHEDN\" \/>\n<meta name=\"twitter:label1\" content=\"Written by\" \/>\n\t<meta name=\"twitter:data1\" content=\"tanguy.morel@ihedn.fr\" \/>\n\t<meta name=\"twitter:label2\" content=\"Estimated reading time\" \/>\n\t<meta name=\"twitter:data2\" content=\"4 minutes\" \/>\n<script type=\"application\/ld+json\" class=\"yoast-schema-graph\">{\"@context\":\"https:\\\/\\\/schema.org\",\"@graph\":[{\"@type\":\"Article\",\"@id\":\"https:\\\/\\\/ihedn.fr\\\/notre-actualite\\\/bourges-accueille-la-238supe-sup-session-en-region-centre-val-de-loire\\\/#article\",\"isPartOf\":{\"@id\":\"https:\\\/\\\/ihedn.fr\\\/notre-actualite\\\/bourges-accueille-la-238supe-sup-session-en-region-centre-val-de-loire\\\/\"},\"author\":{\"name\":\"tanguy.morel@ihedn.fr\",\"@id\":\"https:\\\/\\\/ihedn.fr\\\/#\\\/schema\\\/person\\\/ed217a37104b27a246b200e65b827cc7\"},\"headline\":\"Bourges accueille la 238e session en r\u00e9gion Centre-Val de Loire\",\"datePublished\":\"2024-06-12T08:37:22+00:00\",\"dateModified\":\"2024-06-12T09:14:19+00:00\",\"mainEntityOfPage\":{\"@id\":\"https:\\\/\\\/ihedn.fr\\\/notre-actualite\\\/bourges-accueille-la-238supe-sup-session-en-region-centre-val-de-loire\\\/\"},\"wordCount\":354,\"publisher\":{\"@id\":\"https:\\\/\\\/ihedn.fr\\\/#organization\"},\"image\":{\"@id\":\"https:\\\/\\\/ihedn.fr\\\/notre-actualite\\\/bourges-accueille-la-238supe-sup-session-en-region-centre-val-de-loire\\\/#primaryimage\"},\"thumbnailUrl\":\"https:\\\/\\\/ihedn.fr\\\/wp-content\\\/uploads\\\/2024\\\/06\\\/WhatsApp-Image-2024-06-12-at-09.50.38.jpeg\",\"articleSection\":[\"Notre actualit\u00e9\"],\"inLanguage\":\"en-GB\"},{\"@type\":\"WebPage\",\"@id\":\"https:\\\/\\\/ihedn.fr\\\/notre-actualite\\\/bourges-accueille-la-238supe-sup-session-en-region-centre-val-de-loire\\\/\",\"url\":\"https:\\\/\\\/ihedn.fr\\\/notre-actualite\\\/bourges-accueille-la-238supe-sup-session-en-region-centre-val-de-loire\\\/\",\"name\":\"Bourges accueille la 238e session en r\u00e9gion Centre-Val de Loire - L&#039;IHEDN : Institut des hautes \u00e9tudes de d\u00e9fense nationale\",\"isPartOf\":{\"@id\":\"https:\\\/\\\/ihedn.fr\\\/#website\"},\"primaryImageOfPage\":{\"@id\":\"https:\\\/\\\/ihedn.fr\\\/notre-actualite\\\/bourges-accueille-la-238supe-sup-session-en-region-centre-val-de-loire\\\/#primaryimage\"},\"image\":{\"@id\":\"https:\\\/\\\/ihedn.fr\\\/notre-actualite\\\/bourges-accueille-la-238supe-sup-session-en-region-centre-val-de-loire\\\/#primaryimage\"},\"thumbnailUrl\":\"https:\\\/\\\/ihedn.fr\\\/wp-content\\\/uploads\\\/2024\\\/06\\\/WhatsApp-Image-2024-06-12-at-09.50.38.jpeg\",\"datePublished\":\"2024-06-12T08:37:22+00:00\",\"dateModified\":\"2024-06-12T09:14:19+00:00\",\"description\":\"Du 28 au 31 mai, la ville de Bourges a accueilli la deuxi\u00e8me semaine de formation de la 238e session en r\u00e9gion Centre-Val de Loire, une opportunit\u00e9 unique pour les 49 auditeurs d'enrichir leurs connaissances et leur compr\u00e9hension des probl\u00e9matiques de d\u00e9fense contemporaines.\",\"breadcrumb\":{\"@id\":\"https:\\\/\\\/ihedn.fr\\\/notre-actualite\\\/bourges-accueille-la-238supe-sup-session-en-region-centre-val-de-loire\\\/#breadcrumb\"},\"inLanguage\":\"en-GB\",\"potentialAction\":[{\"@type\":\"ReadAction\",\"target\":[\"https:\\\/\\\/ihedn.fr\\\/notre-actualite\\\/bourges-accueille-la-238supe-sup-session-en-region-centre-val-de-loire\\\/\"]}]},{\"@type\":\"ImageObject\",\"inLanguage\":\"en-GB\",\"@id\":\"https:\\\/\\\/ihedn.fr\\\/notre-actualite\\\/bourges-accueille-la-238supe-sup-session-en-region-centre-val-de-loire\\\/#primaryimage\",\"url\":\"https:\\\/\\\/ihedn.fr\\\/wp-content\\\/uploads\\\/2024\\\/06\\\/WhatsApp-Image-2024-06-12-at-09.50.38.jpeg\",\"contentUrl\":\"https:\\\/\\\/ihedn.fr\\\/wp-content\\\/uploads\\\/2024\\\/06\\\/WhatsApp-Image-2024-06-12-at-09.50.38.jpeg\",\"width\":2040,\"height\":1530,\"caption\":\"Les auditeurs visitent les \u00e9coles militaires de Bourges\"},{\"@type\":\"BreadcrumbList\",\"@id\":\"https:\\\/\\\/ihedn.fr\\\/notre-actualite\\\/bourges-accueille-la-238supe-sup-session-en-region-centre-val-de-loire\\\/#breadcrumb\",\"itemListElement\":[{\"@type\":\"ListItem\",\"position\":1,\"name\":\"Accueil\",\"item\":\"https:\\\/\\\/ihedn.fr\\\/\"},{\"@type\":\"ListItem\",\"position\":2,\"name\":\"Bourges accueille la 238e session en r\u00e9gion Centre-Val de Loire\"}]},{\"@type\":\"WebSite\",\"@id\":\"https:\\\/\\\/ihedn.fr\\\/#website\",\"url\":\"https:\\\/\\\/ihedn.fr\\\/\",\"name\":\"IHEDN : Institut des hautes \u00e9tudes de d\u00e9fense nationale |\",\"description\":\"Site officiel de l&#039;IHEDN plac\u00e9 sous la tutelle du Premier ministre.\",\"publisher\":{\"@id\":\"https:\\\/\\\/ihedn.fr\\\/#organization\"},\"potentialAction\":[{\"@type\":\"SearchAction\",\"target\":{\"@type\":\"EntryPoint\",\"urlTemplate\":\"https:\\\/\\\/ihedn.fr\\\/?s={search_term_string}\"},\"query-input\":{\"@type\":\"PropertyValueSpecification\",\"valueRequired\":true,\"valueName\":\"search_term_string\"}}],\"inLanguage\":\"en-GB\"},{\"@type\":\"Organization\",\"@id\":\"https:\\\/\\\/ihedn.fr\\\/#organization\",\"name\":\"IHEDN - Institut des Hautes Etudes de D\u00e9fense Nationale\",\"url\":\"https:\\\/\\\/ihedn.fr\\\/\",\"logo\":{\"@type\":\"ImageObject\",\"inLanguage\":\"en-GB\",\"@id\":\"https:\\\/\\\/ihedn.fr\\\/#\\\/schema\\\/logo\\\/image\\\/\",\"url\":\"https:\\\/\\\/ihedn.fr\\\/wp-content\\\/uploads\\\/2020\\\/11\\\/BLOC_RF_IHEDN_WEB.png\",\"contentUrl\":\"https:\\\/\\\/ihedn.fr\\\/wp-content\\\/uploads\\\/2020\\\/11\\\/BLOC_RF_IHEDN_WEB.png\",\"width\":500,\"height\":237,\"caption\":\"IHEDN - Institut des Hautes Etudes de D\u00e9fense Nationale\"},\"image\":{\"@id\":\"https:\\\/\\\/ihedn.fr\\\/#\\\/schema\\\/logo\\\/image\\\/\"},\"sameAs\":[\"https:\\\/\\\/www.facebook.com\\\/ihedn\\\/\",\"https:\\\/\\\/x.com\\\/IHEDN\",\"https:\\\/\\\/www.instagram.com\\\/ihedn\\\/\",\"https:\\\/\\\/www.linkedin.com\\\/school\\\/ihedn\\\/\",\"https:\\\/\\\/fr.wikipedia.org\\\/wiki\\\/Institut_des_hautes_\u00e9tudes_de_D\u00e9fense_nationale\"]},{\"@type\":\"Person\",\"@id\":\"https:\\\/\\\/ihedn.fr\\\/#\\\/schema\\\/person\\\/ed217a37104b27a246b200e65b827cc7\",\"name\":\"tanguy.morel@ihedn.fr\",\"image\":{\"@type\":\"ImageObject\",\"inLanguage\":\"en-GB\",\"@id\":\"https:\\\/\\\/secure.gravatar.com\\\/avatar\\\/36877cd30919fafddf1f9da45f4154aa468a64328452f2ceaff0968772207348?s=96&d=mm&r=g\",\"url\":\"https:\\\/\\\/secure.gravatar.com\\\/avatar\\\/36877cd30919fafddf1f9da45f4154aa468a64328452f2ceaff0968772207348?s=96&d=mm&r=g\",\"contentUrl\":\"https:\\\/\\\/secure.gravatar.com\\\/avatar\\\/36877cd30919fafddf1f9da45f4154aa468a64328452f2ceaff0968772207348?s=96&d=mm&r=g\",\"caption\":\"tanguy.morel@ihedn.fr\"},\"url\":\"https:\\\/\\\/ihedn.fr\\\/en\\\/author\\\/tanguy-morelihedn-fr\\\/\"}]}<\/script>\n<!-- \/ Yoast SEO plugin. -->","yoast_head_json":{"title":"Bourges hosts the 238th session in the Centre-Val de Loire region - L'IHEDN : Institut des hautes \u00e9tudes de d\u00e9fense nationale (French Institute for Advanced National Defence Studies)","description":"From 28 to 31 May, the town of Bourges hosted the second week of training for the 238th session in the Centre-Val de Loire region, a unique opportunity for the 49 auditors to enhance their knowledge and understanding of contemporary defence issues.","robots":{"index":"index","follow":"follow","max-snippet":"max-snippet:-1","max-image-preview":"max-image-preview:large","max-video-preview":"max-video-preview:-1"},"canonical":"https:\/\/ihedn.fr\/en\/notre-actualite\/bourges-accueille-la-238supe-sup-session-en-region-centre-val-de-loire\/","og_locale":"en_GB","og_type":"article","og_title":"Bourges accueille la 238e session en r\u00e9gion Centre-Val de Loire","og_description":"Du 28 au 31 mai, la ville de Bourges a accueilli la deuxi\u00e8me semaine de formation de la 238e session en r\u00e9gion Centre-Val de Loire, une opportunit\u00e9 unique pour les 49 auditeurs d'enrichir leurs connaissances et leur compr\u00e9hension des probl\u00e9matiques de d\u00e9fense contemporaines.","og_url":"https:\/\/ihedn.fr\/en\/notre-actualite\/bourges-accueille-la-238supe-sup-session-en-region-centre-val-de-loire\/","og_site_name":"L&#039;IHEDN : Institut des hautes \u00e9tudes de d\u00e9fense nationale","article_publisher":"https:\/\/www.facebook.com\/ihedn\/","article_published_time":"2024-06-12T08:37:22+00:00","article_modified_time":"2024-06-12T09:14:19+00:00","og_image":[{"width":2040,"height":1530,"url":"https:\/\/ihedn.fr\/wp-content\/uploads\/2024\/06\/WhatsApp-Image-2024-06-12-at-09.50.38.jpeg","type":"image\/jpeg"}],"author":"tanguy.morel@ihedn.fr","twitter_card":"summary_large_image","twitter_title":"Bourges accueille la 238<sup>e<\/sup> session en r\u00e9gion Centre-Val de Loire","twitter_description":"Du 28 au 31 mai, la ville de Bourges a accueilli la deuxi\u00e8me semaine de formation de la 238e session en r\u00e9gion Centre-Val de Loire, une opportunit\u00e9 unique pour les 49 auditeurs d'enrichir leurs connaissances et leur compr\u00e9hension des probl\u00e9matiques de d\u00e9fense contemporaines.","twitter_image":"https:\/\/ihedn.fr\/wp-content\/uploads\/2024\/06\/WhatsApp-Image-2024-06-12-at-09.50.38.jpeg","twitter_creator":"@IHEDN","twitter_site":"@IHEDN","twitter_misc":{"Written by":"tanguy.morel@ihedn.fr","Estimated reading time":"4 minutes"},"schema":{"@context":"https:\/\/schema.org","@graph":[{"@type":"Article","@id":"https:\/\/ihedn.fr\/notre-actualite\/bourges-accueille-la-238supe-sup-session-en-region-centre-val-de-loire\/#article","isPartOf":{"@id":"https:\/\/ihedn.fr\/notre-actualite\/bourges-accueille-la-238supe-sup-session-en-region-centre-val-de-loire\/"},"author":{"name":"tanguy.morel@ihedn.fr","@id":"https:\/\/ihedn.fr\/#\/schema\/person\/ed217a37104b27a246b200e65b827cc7"},"headline":"Bourges accueille la 238e session en r\u00e9gion Centre-Val de Loire","datePublished":"2024-06-12T08:37:22+00:00","dateModified":"2024-06-12T09:14:19+00:00","mainEntityOfPage":{"@id":"https:\/\/ihedn.fr\/notre-actualite\/bourges-accueille-la-238supe-sup-session-en-region-centre-val-de-loire\/"},"wordCount":354,"publisher":{"@id":"https:\/\/ihedn.fr\/#organization"},"image":{"@id":"https:\/\/ihedn.fr\/notre-actualite\/bourges-accueille-la-238supe-sup-session-en-region-centre-val-de-loire\/#primaryimage"},"thumbnailUrl":"https:\/\/ihedn.fr\/wp-content\/uploads\/2024\/06\/WhatsApp-Image-2024-06-12-at-09.50.38.jpeg","articleSection":["Notre actualit\u00e9"],"inLanguage":"en-GB"},{"@type":"WebPage","@id":"https:\/\/ihedn.fr\/notre-actualite\/bourges-accueille-la-238supe-sup-session-en-region-centre-val-de-loire\/","url":"https:\/\/ihedn.fr\/notre-actualite\/bourges-accueille-la-238supe-sup-session-en-region-centre-val-de-loire\/","name":"Bourges hosts the 238th session in the Centre-Val de Loire region - L'IHEDN : Institut des hautes \u00e9tudes de d\u00e9fense nationale (French Institute for Advanced National Defence Studies)","isPartOf":{"@id":"https:\/\/ihedn.fr\/#website"},"primaryImageOfPage":{"@id":"https:\/\/ihedn.fr\/notre-actualite\/bourges-accueille-la-238supe-sup-session-en-region-centre-val-de-loire\/#primaryimage"},"image":{"@id":"https:\/\/ihedn.fr\/notre-actualite\/bourges-accueille-la-238supe-sup-session-en-region-centre-val-de-loire\/#primaryimage"},"thumbnailUrl":"https:\/\/ihedn.fr\/wp-content\/uploads\/2024\/06\/WhatsApp-Image-2024-06-12-at-09.50.38.jpeg","datePublished":"2024-06-12T08:37:22+00:00","dateModified":"2024-06-12T09:14:19+00:00","description":"From 28 to 31 May, the town of Bourges hosted the second week of training for the 238th session in the Centre-Val de Loire region, a unique opportunity for the 49 auditors to enhance their knowledge and understanding of contemporary defence issues.","breadcrumb":{"@id":"https:\/\/ihedn.fr\/notre-actualite\/bourges-accueille-la-238supe-sup-session-en-region-centre-val-de-loire\/#breadcrumb"},"inLanguage":"en-GB","potentialAction":[{"@type":"ReadAction","target":["https:\/\/ihedn.fr\/notre-actualite\/bourges-accueille-la-238supe-sup-session-en-region-centre-val-de-loire\/"]}]},{"@type":"ImageObject","inLanguage":"en-GB","@id":"https:\/\/ihedn.fr\/notre-actualite\/bourges-accueille-la-238supe-sup-session-en-region-centre-val-de-loire\/#primaryimage","url":"https:\/\/ihedn.fr\/wp-content\/uploads\/2024\/06\/WhatsApp-Image-2024-06-12-at-09.50.38.jpeg","contentUrl":"https:\/\/ihedn.fr\/wp-content\/uploads\/2024\/06\/WhatsApp-Image-2024-06-12-at-09.50.38.jpeg","width":2040,"height":1530,"caption":"Les auditeurs visitent les \u00e9coles militaires de Bourges"},{"@type":"BreadcrumbList","@id":"https:\/\/ihedn.fr\/notre-actualite\/bourges-accueille-la-238supe-sup-session-en-region-centre-val-de-loire\/#breadcrumb","itemListElement":[{"@type":"ListItem","position":1,"name":"Accueil","item":"https:\/\/ihedn.fr\/"},{"@type":"ListItem","position":2,"name":"Bourges accueille la 238e session en r\u00e9gion Centre-Val de Loire"}]},{"@type":"WebSite","@id":"https:\/\/ihedn.fr\/#website","url":"https:\/\/ihedn.fr\/","name":"IHEDN: Institut des hautes \u00e9tudes de d\u00e9fense nationale (Institute for Higher National Defence Studies)","description":"Official website of the IHEDN under the supervision of the Prime Minister.","publisher":{"@id":"https:\/\/ihedn.fr\/#organization"},"potentialAction":[{"@type":"SearchAction","target":{"@type":"EntryPoint","urlTemplate":"https:\/\/ihedn.fr\/?s={search_term_string}"},"query-input":{"@type":"PropertyValueSpecification","valueRequired":true,"valueName":"search_term_string"}}],"inLanguage":"en-GB"},{"@type":"Organization","@id":"https:\/\/ihedn.fr\/#organization","name":"IHEDN - Institute for Higher National Defence Studies","url":"https:\/\/ihedn.fr\/","logo":{"@type":"ImageObject","inLanguage":"en-GB","@id":"https:\/\/ihedn.fr\/#\/schema\/logo\/image\/","url":"https:\/\/ihedn.fr\/wp-content\/uploads\/2020\/11\/BLOC_RF_IHEDN_WEB.png","contentUrl":"https:\/\/ihedn.fr\/wp-content\/uploads\/2020\/11\/BLOC_RF_IHEDN_WEB.png","width":500,"height":237,"caption":"IHEDN - Institut des Hautes Etudes de D\u00e9fense Nationale"},"image":{"@id":"https:\/\/ihedn.fr\/#\/schema\/logo\/image\/"},"sameAs":["https:\/\/www.facebook.com\/ihedn\/","https:\/\/x.com\/IHEDN","https:\/\/www.instagram.com\/ihedn\/","https:\/\/www.linkedin.com\/school\/ihedn\/","https:\/\/fr.wikipedia.org\/wiki\/Institut_des_hautes_\u00e9tudes_de_D\u00e9fense_nationale"]},{"@type":"Person","@id":"https:\/\/ihedn.fr\/#\/schema\/person\/ed217a37104b27a246b200e65b827cc7","name":"tanguy.morel@ihedn.fr","image":{"@type":"ImageObject","inLanguage":"en-GB","@id":"https:\/\/secure.gravatar.com\/avatar\/36877cd30919fafddf1f9da45f4154aa468a64328452f2ceaff0968772207348?s=96&d=mm&r=g","url":"https:\/\/secure.gravatar.com\/avatar\/36877cd30919fafddf1f9da45f4154aa468a64328452f2ceaff0968772207348?s=96&d=mm&r=g","contentUrl":"https:\/\/secure.gravatar.com\/avatar\/36877cd30919fafddf1f9da45f4154aa468a64328452f2ceaff0968772207348?s=96&d=mm&r=g","caption":"tanguy.morel@ihedn.fr"},"url":"https:\/\/ihedn.fr\/en\/author\/tanguy-morelihedn-fr\/"}]}},"publishpress_future_action":{"enabled":false,"date":"2026-05-09 01:03:23","action":"change-status","newStatus":"draft","terms":[],"taxonomy":"category","extraData":[]},"publishpress_future_workflow_manual_trigger":{"enabledWorkflows":[]},"_links":{"self":[{"href":"https:\/\/ihedn.fr\/en\/wp-json\/wp\/v2\/posts\/48158","targetHints":{"allow":["GET"]}}],"collection":[{"href":"https:\/\/ihedn.fr\/en\/wp-json\/wp\/v2\/posts"}],"about":[{"href":"https:\/\/ihedn.fr\/en\/wp-json\/wp\/v2\/types\/post"}],"author":[{"embeddable":true,"href":"https:\/\/ihedn.fr\/en\/wp-json\/wp\/v2\/users\/10"}],"replies":[{"embeddable":true,"href":"https:\/\/ihedn.fr\/en\/wp-json\/wp\/v2\/comments?post=48158"}],"version-history":[{"count":15,"href":"https:\/\/ihedn.fr\/en\/wp-json\/wp\/v2\/posts\/48158\/revisions"}],"predecessor-version":[{"id":48183,"href":"https:\/\/ihedn.fr\/en\/wp-json\/wp\/v2\/posts\/48158\/revisions\/48183"}],"wp:featuredmedia":[{"embeddable":true,"href":"https:\/\/ihedn.fr\/en\/wp-json\/wp\/v2\/media\/48167"}],"wp:attachment":[{"href":"https:\/\/ihedn.fr\/en\/wp-json\/wp\/v2\/media?parent=48158"}],"wp:term":[{"taxonomy":"category","embeddable":true,"href":"https:\/\/ihedn.fr\/en\/wp-json\/wp\/v2\/categories?post=48158"},{"taxonomy":"post_tag","embeddable":true,"href":"https:\/\/ihedn.fr\/en\/wp-json\/wp\/v2\/tags?post=48158"}],"curies":[{"name":"wp","href":"https:\/\/api.w.org\/{rel}","templated":true}]}}