{"id":48216,"date":"2024-06-21T09:10:42","date_gmt":"2024-06-21T08:10:42","guid":{"rendered":"https:\/\/ihedn.fr\/?p=48216"},"modified":"2024-06-26T14:58:47","modified_gmt":"2024-06-26T13:58:47","slug":"cloture-de-la-3supe-sup-session-nationale-pour-les-282-auditeurs","status":"publish","type":"post","link":"https:\/\/ihedn.fr\/en\/notre-actualite\/cloture-de-la-3supe-sup-session-nationale-pour-les-282-auditeurs\/","title":{"rendered":"Closing of the 3<sup>e<\/sup> national session for 282 auditors"},"content":{"rendered":"<div data-elementor-type=\"wp-post\" data-elementor-id=\"48216\" class=\"elementor elementor-48216\" data-elementor-post-type=\"post\">\n\t\t\t\t<div data-particle_enable=\"false\" data-particle-mobile-disabled=\"false\" class=\"elementor-element elementor-element-93a82e0 e-con-full e-flex e-con e-parent\" data-id=\"93a82e0\" data-element_type=\"container\" data-e-type=\"container\">\n\t\t\t\t<div class=\"elementor-element elementor-element-79a2a8c elementor-widget elementor-widget-text-editor\" data-id=\"79a2a8c\" data-element_type=\"widget\" data-e-type=\"widget\" data-widget_type=\"text-editor.default\">\n\t\t\t\t<div class=\"elementor-widget-container\">\n\t\t\t\t\t\t\t\t\t<p style=\"margin: 0cm 0cm 0.0001pt; text-align: left;\">On Friday 14 June, the Foch amphitheatre at the \u00c9cole Militaire welcomed the auditors of the 3rd national session to mark the end of an emotional year. The auditors of the 2023-2024 national session celebrated the end of their year of training with a presentation of their work, a graduation ceremony, master classes and, to conclude, a gala evening.<\/p><p style=\"margin: 0cm 0cm 0.0001pt; text-align: left;\">\u00a0<\/p><p style=\"margin: 0cm 0cm 0.0001pt; text-align: left;\">This year, the 282 auditors, who came from a variety of professional and geographical backgrounds, were joined by six auditors from overseas France, thanks to an agreement signed with the Ministry of Overseas France, marking a first for the IHEDN national session.<\/p><p style=\"margin: 0cm 0cm 0.0001pt; text-align: left;\">\u00a0<\/p><p style=\"margin: 0cm 0cm 0.0001pt; text-align: left;\">\u00a0Spread over forty to fifty days throughout the year, depending on their major - Armaments and Defence Economics (AED), Economic Defence and Security (DSE), Defence Policy (PolDef), Maritime Challenges and Strategies (ESM) or Digital Sovereignty and Cybersecurity (SNC) - the auditors met with high-level players from the defence sector and visited strategic sites in mainland France, French Guiana and abroad, notably in India, the United Arab Emirates, Romania, Estonia and Finland.<\/p><p style=\"margin: 0cm 0cm 0.0001pt; text-align: left;\">\u00a0<\/p><p style=\"margin: 0cm 0cm 0.0001pt; text-align: left;\">The major events of this year, such as the Russian-Ukrainian conflict, which is entering its third year, the conflict between Israel and Hamas, and the situation in New Caledonia, have reinforced the need for this in-depth reflection. Combining theory and practice, the work of the auditors will be forwarded to the Prime Minister's office, the supervisory authority of the IHEDN, thus contributing to the development of national defence policies.<\/p>\t\t\t\t\t\t\t\t<\/div>\n\t\t\t\t<\/div>\n\t\t<div data-particle_enable=\"false\" data-particle-mobile-disabled=\"false\" class=\"elementor-element elementor-element-759dd13 e-flex e-con-boxed e-con e-child\" data-id=\"759dd13\" data-element_type=\"container\" data-e-type=\"container\">\n\t\t\t\t\t<div class=\"e-con-inner\">\n\t\t\t\t<div class=\"elementor-element elementor-element-d1b0c1c elementor-arrows-position-inside elementor-pagination-position-outside elementor-widget elementor-widget-image-carousel\" data-id=\"d1b0c1c\" data-element_type=\"widget\" data-e-type=\"widget\" data-settings=\"{&quot;navigation&quot;:&quot;both&quot;,&quot;autoplay&quot;:&quot;yes&quot;,&quot;pause_on_hover&quot;:&quot;yes&quot;,&quot;pause_on_interaction&quot;:&quot;yes&quot;,&quot;autoplay_speed&quot;:5000,&quot;infinite&quot;:&quot;yes&quot;,&quot;speed&quot;:500,&quot;image_spacing_custom&quot;:{&quot;unit&quot;:&quot;px&quot;,&quot;size&quot;:20,&quot;sizes&quot;:[]},&quot;image_spacing_custom_tablet&quot;:{&quot;unit&quot;:&quot;px&quot;,&quot;size&quot;:&quot;&quot;,&quot;sizes&quot;:[]},&quot;image_spacing_custom_mobile&quot;:{&quot;unit&quot;:&quot;px&quot;,&quot;size&quot;:&quot;&quot;,&quot;sizes&quot;:[]}}\" data-widget_type=\"image-carousel.default\">\n\t\t\t\t<div class=\"elementor-widget-container\">\n\t\t\t\t\t\t\t<div class=\"elementor-image-carousel-wrapper swiper\" role=\"region\" aria-roledescription=\"carousel\" aria-label=\"Image Carousel\" dir=\"ltr\">\n\t\t\t<div class=\"elementor-image-carousel swiper-wrapper\" aria-live=\"off\">\n\t\t\t\t\t\t\t\t<div class=\"swiper-slide\" role=\"group\" aria-roledescription=\"slide\" aria-label=\"1 of 9\"><figure class=\"swiper-slide-inner\"><img decoding=\"async\" class=\"swiper-slide-image\" src=\"https:\/\/ihedn.fr\/wp-content\/uploads\/2024\/06\/DSC_6848-768x768.jpg\" alt=\"Intervention de Thierry Breton\" \/><figcaption class=\"elementor-image-carousel-caption\">Speech by Thierry Breton, European Commissioner for the Internal Market<\/figcaption><\/figure><\/div><div class=\"swiper-slide\" role=\"group\" aria-roledescription=\"slide\" aria-label=\"2 of 9\"><figure class=\"swiper-slide-inner\"><img decoding=\"async\" class=\"swiper-slide-image\" src=\"https:\/\/ihedn.fr\/wp-content\/uploads\/2024\/06\/DSC_4202-768x768.jpg\" alt=\"Intervention du g\u00e9n\u00e9ral Beno\u00eet Durieux, directeur de l&#039;IHEDN\" \/><figcaption class=\"elementor-image-carousel-caption\">Speech by General Beno\u00eet Durieux, Director of IHEDN <\/figcaption><\/figure><\/div><div class=\"swiper-slide\" role=\"group\" aria-roledescription=\"slide\" aria-label=\"3 of 9\"><figure class=\"swiper-slide-inner\"><img decoding=\"async\" class=\"swiper-slide-image\" src=\"https:\/\/ihedn.fr\/wp-content\/uploads\/2024\/06\/DSC_4112-768x768.jpg\" alt=\"Intervention du g\u00e9n\u00e9ral Florence Plessix, chef du d\u00e9partement de la session nationale\" \/><figcaption class=\"elementor-image-carousel-caption\">Speech by General Florence Plessix, Head of the National Session Department<\/figcaption><\/figure><\/div><div class=\"swiper-slide\" role=\"group\" aria-roledescription=\"slide\" aria-label=\"4 of 9\"><figure class=\"swiper-slide-inner\"><img decoding=\"async\" class=\"swiper-slide-image\" src=\"https:\/\/ihedn.fr\/wp-content\/uploads\/2024\/06\/DSC_4148-768x768.jpg\" alt=\"Table ronde n\u00b01\" \/><figcaption class=\"elementor-image-carousel-caption\">Round table 1<\/figcaption><\/figure><\/div><div class=\"swiper-slide\" role=\"group\" aria-roledescription=\"slide\" aria-label=\"5 of 9\"><figure class=\"swiper-slide-inner\"><img decoding=\"async\" class=\"swiper-slide-image\" src=\"https:\/\/ihedn.fr\/wp-content\/uploads\/2024\/06\/DSC_4163-768x768.jpg\" alt=\"Table ronde n\u00b02\" \/><figcaption class=\"elementor-image-carousel-caption\">Round table 2<\/figcaption><\/figure><\/div><div class=\"swiper-slide\" role=\"group\" aria-roledescription=\"slide\" aria-label=\"6 of 9\"><figure class=\"swiper-slide-inner\"><img decoding=\"async\" class=\"swiper-slide-image\" src=\"https:\/\/ihedn.fr\/wp-content\/uploads\/2024\/06\/DSC_6802-768x768.jpg\" alt=\"Table ronde n\u00b03\" \/><figcaption class=\"elementor-image-carousel-caption\">Round table 3<\/figcaption><\/figure><\/div><div class=\"swiper-slide\" role=\"group\" aria-roledescription=\"slide\" aria-label=\"7 of 9\"><figure class=\"swiper-slide-inner\"><img decoding=\"async\" class=\"swiper-slide-image\" src=\"https:\/\/ihedn.fr\/wp-content\/uploads\/2024\/06\/DSC_6811-768x768.jpg\" alt=\"Table ronde n\u00b04\" \/><figcaption class=\"elementor-image-carousel-caption\">Round table 4<\/figcaption><\/figure><\/div><div class=\"swiper-slide\" role=\"group\" aria-roledescription=\"slide\" aria-label=\"8 of 9\"><figure class=\"swiper-slide-inner\"><img decoding=\"async\" class=\"swiper-slide-image\" src=\"https:\/\/ihedn.fr\/wp-content\/uploads\/2024\/06\/DSC_6839-768x768.jpg\" alt=\"Intervention de J\u00e9r\u00f4me de Labriffe, pr\u00e9sident de l&#039;Union IHEDN\" \/><figcaption class=\"elementor-image-carousel-caption\">Speech by J\u00e9r\u00f4me de Labriffe, President of Union IHEDN<\/figcaption><\/figure><\/div><div class=\"swiper-slide\" role=\"group\" aria-roledescription=\"slide\" aria-label=\"9 of 9\"><figure class=\"swiper-slide-inner\"><img decoding=\"async\" class=\"swiper-slide-image\" src=\"https:\/\/ihedn.fr\/wp-content\/uploads\/2024\/06\/DSC_4650-150dpi-768x768.jpg\" alt=\"Les auditeurs de la 3e session nationale de l&#039;IHEDN\" \/><figcaption class=\"elementor-image-carousel-caption\">Auditors of the 3rd national session of the IHEDN<\/figcaption><\/figure><\/div>\t\t\t<\/div>\n\t\t\t\t\t\t\t\t\t\t\t\t<div class=\"elementor-swiper-button elementor-swiper-button-prev\" role=\"button\" tabindex=\"0\">\n\t\t\t\t\t\t<svg aria-hidden=\"true\" class=\"e-font-icon-svg e-eicon-chevron-left\" viewbox=\"0 0 1000 1000\" xmlns=\"http:\/\/www.w3.org\/2000\/svg\"><path d=\"M646 125C629 125 613 133 604 142L308 442C296 454 292 471 292 487 292 504 296 521 308 533L604 854C617 867 629 875 646 875 663 875 679 871 692 858 704 846 713 829 713 812 713 796 708 779 692 767L438 487 692 225C700 217 708 204 708 187 708 171 704 154 692 142 675 129 663 125 646 125Z\"><\/path><\/svg>\t\t\t\t\t<\/div>\n\t\t\t\t\t<div class=\"elementor-swiper-button elementor-swiper-button-next\" role=\"button\" tabindex=\"0\">\n\t\t\t\t\t\t<svg aria-hidden=\"true\" class=\"e-font-icon-svg e-eicon-chevron-right\" viewbox=\"0 0 1000 1000\" xmlns=\"http:\/\/www.w3.org\/2000\/svg\"><path d=\"M696 533C708 521 713 504 713 487 713 471 708 454 696 446L400 146C388 133 375 125 354 125 338 125 325 129 313 142 300 154 292 171 292 187 292 204 296 221 308 233L563 492 304 771C292 783 288 800 288 817 288 833 296 850 308 863 321 871 338 875 354 875 371 875 388 867 400 854L696 533Z\"><\/path><\/svg>\t\t\t\t\t<\/div>\n\t\t\t\t\n\t\t\t\t\t\t\t\t\t<div class=\"swiper-pagination\"><\/div>\n\t\t\t\t\t\t\t\t\t<\/div>\n\t\t\t\t\t\t<\/div>\n\t\t\t\t<\/div>\n\t\t\t\t<div class=\"elementor-element elementor-element-af26a29 elementor-widget elementor-widget-image\" data-id=\"af26a29\" data-element_type=\"widget\" data-e-type=\"widget\" data-widget_type=\"image.default\">\n\t\t\t\t<div class=\"elementor-widget-container\">\n\t\t\t\t\t\t\t\t\t\t\t\t<figure class=\"wp-caption\">\n\t\t\t\t\t\t\t\t\t\t<img fetchpriority=\"high\" decoding=\"async\" width=\"1920\" height=\"1280\" src=\"https:\/\/ihedn.fr\/wp-content\/uploads\/2024\/06\/DSC_4636.jpg\" class=\"attachment-full size-full wp-image-48288\" alt=\"Auditeurs de la majeure souverainet\u00e9 num\u00e9rique et cybers\u00e9curit\u00e9 de la session nationale de l&#039;IHEDN\" srcset=\"https:\/\/ihedn.fr\/wp-content\/uploads\/2024\/06\/DSC_4636.jpg 1920w, https:\/\/ihedn.fr\/wp-content\/uploads\/2024\/06\/DSC_4636-1536x1024.jpg 1536w, https:\/\/ihedn.fr\/wp-content\/uploads\/2024\/06\/DSC_4636-18x12.jpg 18w\" sizes=\"(max-width: 1920px) 100vw, 1920px\" \/>\t\t\t\t\t\t\t\t\t\t\t<figcaption class=\"widget-image-caption wp-caption-text\">Auditors of the Digital Sovereignty and Cybersecurity major <\/figcaption>\n\t\t\t\t\t\t\t\t\t\t<\/figure>\n\t\t\t\t\t\t\t\t\t<\/div>\n\t\t\t\t<\/div>\n\t\t\t\t<div class=\"elementor-element elementor-element-7d66dd3 elementor-widget elementor-widget-image\" data-id=\"7d66dd3\" data-element_type=\"widget\" data-e-type=\"widget\" data-widget_type=\"image.default\">\n\t\t\t\t<div class=\"elementor-widget-container\">\n\t\t\t\t\t\t\t\t\t\t\t\t<figure class=\"wp-caption\">\n\t\t\t\t\t\t\t\t\t\t<img decoding=\"async\" width=\"1920\" height=\"1215\" src=\"https:\/\/ihedn.fr\/wp-content\/uploads\/2024\/06\/DSC_3924-2.jpg\" class=\"attachment-full size-full wp-image-48289\" alt=\"\" srcset=\"https:\/\/ihedn.fr\/wp-content\/uploads\/2024\/06\/DSC_3924-2.jpg 1920w, https:\/\/ihedn.fr\/wp-content\/uploads\/2024\/06\/DSC_3924-2-1536x972.jpg 1536w, https:\/\/ihedn.fr\/wp-content\/uploads\/2024\/06\/DSC_3924-2-18x12.jpg 18w\" sizes=\"(max-width: 1920px) 100vw, 1920px\" \/>\t\t\t\t\t\t\t\t\t\t\t<figcaption class=\"widget-image-caption wp-caption-text\">Auditors of the Defence Policy major <\/figcaption>\n\t\t\t\t\t\t\t\t\t\t<\/figure>\n\t\t\t\t\t\t\t\t\t<\/div>\n\t\t\t\t<\/div>\n\t\t\t\t<div class=\"elementor-element elementor-element-f6da072 elementor-widget elementor-widget-image\" data-id=\"f6da072\" data-element_type=\"widget\" data-e-type=\"widget\" data-widget_type=\"image.default\">\n\t\t\t\t<div class=\"elementor-widget-container\">\n\t\t\t\t\t\t\t\t\t\t\t\t<figure class=\"wp-caption\">\n\t\t\t\t\t\t\t\t\t\t<img decoding=\"async\" width=\"1920\" height=\"1280\" src=\"https:\/\/ihedn.fr\/wp-content\/uploads\/2024\/06\/DSC_3840.jpg\" class=\"attachment-full size-full wp-image-48290\" alt=\"Auditeurs de la majeure Enjeux et strat\u00e9gie maritime de la session nationale de l&#039;IHEDN\" srcset=\"https:\/\/ihedn.fr\/wp-content\/uploads\/2024\/06\/DSC_3840.jpg 1920w, https:\/\/ihedn.fr\/wp-content\/uploads\/2024\/06\/DSC_3840-1536x1024.jpg 1536w, https:\/\/ihedn.fr\/wp-content\/uploads\/2024\/06\/DSC_3840-18x12.jpg 18w\" sizes=\"(max-width: 1920px) 100vw, 1920px\" \/>\t\t\t\t\t\t\t\t\t\t\t<figcaption class=\"widget-image-caption wp-caption-text\">Auditors of the Maritime Issues and Strategies Major<\/figcaption>\n\t\t\t\t\t\t\t\t\t\t<\/figure>\n\t\t\t\t\t\t\t\t\t<\/div>\n\t\t\t\t<\/div>\n\t\t\t\t<div class=\"elementor-element elementor-element-9ebe063 elementor-widget elementor-widget-image\" data-id=\"9ebe063\" data-element_type=\"widget\" data-e-type=\"widget\" data-widget_type=\"image.default\">\n\t\t\t\t<div class=\"elementor-widget-container\">\n\t\t\t\t\t\t\t\t\t\t\t\t<figure class=\"wp-caption\">\n\t\t\t\t\t\t\t\t\t\t<img loading=\"lazy\" decoding=\"async\" width=\"1920\" height=\"1280\" src=\"https:\/\/ihedn.fr\/wp-content\/uploads\/2024\/06\/DSC_3854.jpg\" class=\"attachment-full size-full wp-image-48291\" alt=\"Auditeurs de la majeure D\u00e9fense et s\u00e9curit\u00e9 \u00e9conomiques de la session nationale de l&#039;IHEDN\" srcset=\"https:\/\/ihedn.fr\/wp-content\/uploads\/2024\/06\/DSC_3854.jpg 1920w, https:\/\/ihedn.fr\/wp-content\/uploads\/2024\/06\/DSC_3854-1536x1024.jpg 1536w, https:\/\/ihedn.fr\/wp-content\/uploads\/2024\/06\/DSC_3854-18x12.jpg 18w\" sizes=\"(max-width: 1920px) 100vw, 1920px\" \/>\t\t\t\t\t\t\t\t\t\t\t<figcaption class=\"widget-image-caption wp-caption-text\">Auditors of the Economic Defence and Security major<\/figcaption>\n\t\t\t\t\t\t\t\t\t\t<\/figure>\n\t\t\t\t\t\t\t\t\t<\/div>\n\t\t\t\t<\/div>\n\t\t\t\t<div class=\"elementor-element elementor-element-55df248 elementor-widget elementor-widget-image\" data-id=\"55df248\" data-element_type=\"widget\" data-e-type=\"widget\" data-widget_type=\"image.default\">\n\t\t\t\t<div class=\"elementor-widget-container\">\n\t\t\t\t\t\t\t\t\t\t\t\t<figure class=\"wp-caption\">\n\t\t\t\t\t\t\t\t\t\t<img loading=\"lazy\" decoding=\"async\" width=\"1920\" height=\"1210\" src=\"https:\/\/ihedn.fr\/wp-content\/uploads\/2024\/06\/DSC_4059-2.jpg\" class=\"attachment-full size-full wp-image-48292\" alt=\"Auditeurs de la majeure Armement et \u00e9conomie de d\u00e9fense de la session nationale de l&#039;IHEDN\" srcset=\"https:\/\/ihedn.fr\/wp-content\/uploads\/2024\/06\/DSC_4059-2.jpg 1920w, https:\/\/ihedn.fr\/wp-content\/uploads\/2024\/06\/DSC_4059-2-1536x968.jpg 1536w, https:\/\/ihedn.fr\/wp-content\/uploads\/2024\/06\/DSC_4059-2-18x12.jpg 18w\" sizes=\"(max-width: 1920px) 100vw, 1920px\" \/>\t\t\t\t\t\t\t\t\t\t\t<figcaption class=\"widget-image-caption wp-caption-text\">Auditors of the Armaments and Defence Economics major<\/figcaption>\n\t\t\t\t\t\t\t\t\t\t<\/figure>\n\t\t\t\t\t\t\t\t\t<\/div>\n\t\t\t\t<\/div>\n\t\t\t\t\t<\/div>\n\t\t\t\t<\/div>\n\t\t\t\t<\/div>\n\t\t\t\t<\/div>","protected":false},"excerpt":{"rendered":"<p>After a year of work and visits, the 282 auditors of the 3rd national session of the IHEDN came together for a closing day rich in meetings and events, with a notable speech by Thierry Breton, European Commissioner for the Internal Market.<\/p>","protected":false},"author":10,"featured_media":48235,"comment_status":"closed","ping_status":"closed","sticky":false,"template":"","format":"standard","meta":{"footnotes":""},"categories":[172],"tags":[],"class_list":["post-48216","post","type-post","status-publish","format-standard","has-post-thumbnail","hentry","category-notre-actualite"],"yoast_head":"<!-- This site is optimized with the Yoast SEO plugin v27.5 - https:\/\/yoast.com\/product\/yoast-seo-wordpress\/ -->\n<title>Cl\u00f4ture de la 3e session nationale pour les 282 auditeurs - L&#039;IHEDN : Institut des hautes \u00e9tudes de d\u00e9fense nationale<\/title>\n<meta name=\"description\" content=\"Apr\u00e8s un an de travaux et de visites, les 282 auditeurs de la 3e session nationale de l\u2019IHEDN se sont retrouv\u00e9s pour une journ\u00e9e de cl\u00f4ture riche en rencontres et \u00e9v\u00e9nements, avec une intervention remarqu\u00e9e de Thierry Breton, Commissaire europ\u00e9en au march\u00e9 int\u00e9rieur.\" \/>\n<meta name=\"robots\" content=\"index, follow, max-snippet:-1, max-image-preview:large, max-video-preview:-1\" \/>\n<link rel=\"canonical\" href=\"https:\/\/ihedn.fr\/en\/notre-actualite\/cloture-de-la-3supe-sup-session-nationale-pour-les-282-auditeurs\/\" \/>\n<meta property=\"og:locale\" content=\"en_GB\" \/>\n<meta property=\"og:type\" content=\"article\" \/>\n<meta property=\"og:title\" content=\"Cl\u00f4ture de la 3e session nationale pour les 282 auditeurs\" \/>\n<meta property=\"og:description\" content=\"Apr\u00e8s un an de travaux et de visites, les 282 auditeurs de la 3e session nationale de l\u2019IHEDN se sont retrouv\u00e9s pour une journ\u00e9e de cl\u00f4ture riche en rencontres et \u00e9v\u00e9nements, avec une intervention remarqu\u00e9e de Thierry Breton, Commissaire europ\u00e9en au march\u00e9 int\u00e9rieur.\" \/>\n<meta property=\"og:url\" content=\"https:\/\/ihedn.fr\/en\/notre-actualite\/cloture-de-la-3supe-sup-session-nationale-pour-les-282-auditeurs\/\" \/>\n<meta property=\"og:site_name\" content=\"L&#039;IHEDN : Institut des hautes \u00e9tudes de d\u00e9fense nationale\" \/>\n<meta property=\"article:publisher\" content=\"https:\/\/www.facebook.com\/ihedn\/\" \/>\n<meta property=\"article:published_time\" content=\"2024-06-21T08:10:42+00:00\" \/>\n<meta property=\"article:modified_time\" content=\"2024-06-26T13:58:47+00:00\" \/>\n<meta property=\"og:image\" content=\"https:\/\/ihedn.fr\/wp-content\/uploads\/2024\/06\/DSC_4650-150dpi.jpg\" \/>\n\t<meta property=\"og:image:width\" content=\"1844\" \/>\n\t<meta property=\"og:image:height\" content=\"1061\" \/>\n\t<meta property=\"og:image:type\" content=\"image\/jpeg\" \/>\n<meta name=\"author\" content=\"tanguy.morel@ihedn.fr\" \/>\n<meta name=\"twitter:card\" content=\"summary_large_image\" \/>\n<meta name=\"twitter:title\" content=\"Cl\u00f4ture de la 3&lt;sup&gt;e&lt;\/sup&gt; session nationale pour les 282 auditeurs\" \/>\n<meta name=\"twitter:description\" content=\"Apr\u00e8s un an de travaux et de visites, les 282 auditeurs de la 3e session nationale de l\u2019IHEDN se sont retrouv\u00e9s pour une journ\u00e9e de cl\u00f4ture riche en rencontres et \u00e9v\u00e9nements, avec une intervention remarqu\u00e9e de Thierry Breton, Commissaire europ\u00e9en au march\u00e9 int\u00e9rieur.\" \/>\n<meta name=\"twitter:image\" content=\"https:\/\/ihedn.fr\/wp-content\/uploads\/2024\/06\/DSC_4650-150dpi.jpg\" \/>\n<meta name=\"twitter:creator\" content=\"@IHEDN\" \/>\n<meta name=\"twitter:site\" content=\"@IHEDN\" \/>\n<meta name=\"twitter:label1\" content=\"Written by\" \/>\n\t<meta name=\"twitter:data1\" content=\"tanguy.morel@ihedn.fr\" \/>\n\t<meta name=\"twitter:label2\" content=\"Estimated reading time\" \/>\n\t<meta name=\"twitter:data2\" content=\"7 minutes\" \/>\n<script type=\"application\/ld+json\" class=\"yoast-schema-graph\">{\"@context\":\"https:\\\/\\\/schema.org\",\"@graph\":[{\"@type\":\"Article\",\"@id\":\"https:\\\/\\\/ihedn.fr\\\/notre-actualite\\\/cloture-de-la-3supe-sup-session-nationale-pour-les-282-auditeurs\\\/#article\",\"isPartOf\":{\"@id\":\"https:\\\/\\\/ihedn.fr\\\/notre-actualite\\\/cloture-de-la-3supe-sup-session-nationale-pour-les-282-auditeurs\\\/\"},\"author\":{\"name\":\"tanguy.morel@ihedn.fr\",\"@id\":\"https:\\\/\\\/ihedn.fr\\\/#\\\/schema\\\/person\\\/ed217a37104b27a246b200e65b827cc7\"},\"headline\":\"Cl\u00f4ture de la 3e session nationale pour les 282 auditeurs\",\"datePublished\":\"2024-06-21T08:10:42+00:00\",\"dateModified\":\"2024-06-26T13:58:47+00:00\",\"mainEntityOfPage\":{\"@id\":\"https:\\\/\\\/ihedn.fr\\\/notre-actualite\\\/cloture-de-la-3supe-sup-session-nationale-pour-les-282-auditeurs\\\/\"},\"wordCount\":417,\"publisher\":{\"@id\":\"https:\\\/\\\/ihedn.fr\\\/#organization\"},\"image\":{\"@id\":\"https:\\\/\\\/ihedn.fr\\\/notre-actualite\\\/cloture-de-la-3supe-sup-session-nationale-pour-les-282-auditeurs\\\/#primaryimage\"},\"thumbnailUrl\":\"https:\\\/\\\/ihedn.fr\\\/wp-content\\\/uploads\\\/2024\\\/06\\\/DSC_4650-150dpi.jpg\",\"articleSection\":[\"Notre actualit\u00e9\"],\"inLanguage\":\"en-GB\"},{\"@type\":\"WebPage\",\"@id\":\"https:\\\/\\\/ihedn.fr\\\/notre-actualite\\\/cloture-de-la-3supe-sup-session-nationale-pour-les-282-auditeurs\\\/\",\"url\":\"https:\\\/\\\/ihedn.fr\\\/notre-actualite\\\/cloture-de-la-3supe-sup-session-nationale-pour-les-282-auditeurs\\\/\",\"name\":\"Cl\u00f4ture de la 3e session nationale pour les 282 auditeurs - L&#039;IHEDN : Institut des hautes \u00e9tudes de d\u00e9fense nationale\",\"isPartOf\":{\"@id\":\"https:\\\/\\\/ihedn.fr\\\/#website\"},\"primaryImageOfPage\":{\"@id\":\"https:\\\/\\\/ihedn.fr\\\/notre-actualite\\\/cloture-de-la-3supe-sup-session-nationale-pour-les-282-auditeurs\\\/#primaryimage\"},\"image\":{\"@id\":\"https:\\\/\\\/ihedn.fr\\\/notre-actualite\\\/cloture-de-la-3supe-sup-session-nationale-pour-les-282-auditeurs\\\/#primaryimage\"},\"thumbnailUrl\":\"https:\\\/\\\/ihedn.fr\\\/wp-content\\\/uploads\\\/2024\\\/06\\\/DSC_4650-150dpi.jpg\",\"datePublished\":\"2024-06-21T08:10:42+00:00\",\"dateModified\":\"2024-06-26T13:58:47+00:00\",\"description\":\"Apr\u00e8s un an de travaux et de visites, les 282 auditeurs de la 3e session nationale de l\u2019IHEDN se sont retrouv\u00e9s pour une journ\u00e9e de cl\u00f4ture riche en rencontres et \u00e9v\u00e9nements, avec une intervention remarqu\u00e9e de Thierry Breton, Commissaire europ\u00e9en au march\u00e9 int\u00e9rieur.\",\"breadcrumb\":{\"@id\":\"https:\\\/\\\/ihedn.fr\\\/notre-actualite\\\/cloture-de-la-3supe-sup-session-nationale-pour-les-282-auditeurs\\\/#breadcrumb\"},\"inLanguage\":\"en-GB\",\"potentialAction\":[{\"@type\":\"ReadAction\",\"target\":[\"https:\\\/\\\/ihedn.fr\\\/notre-actualite\\\/cloture-de-la-3supe-sup-session-nationale-pour-les-282-auditeurs\\\/\"]}]},{\"@type\":\"ImageObject\",\"inLanguage\":\"en-GB\",\"@id\":\"https:\\\/\\\/ihedn.fr\\\/notre-actualite\\\/cloture-de-la-3supe-sup-session-nationale-pour-les-282-auditeurs\\\/#primaryimage\",\"url\":\"https:\\\/\\\/ihedn.fr\\\/wp-content\\\/uploads\\\/2024\\\/06\\\/DSC_4650-150dpi.jpg\",\"contentUrl\":\"https:\\\/\\\/ihedn.fr\\\/wp-content\\\/uploads\\\/2024\\\/06\\\/DSC_4650-150dpi.jpg\",\"width\":1844,\"height\":1061,\"caption\":\"Auditeurs de la 3e session nationale de l'IHEDN\"},{\"@type\":\"BreadcrumbList\",\"@id\":\"https:\\\/\\\/ihedn.fr\\\/notre-actualite\\\/cloture-de-la-3supe-sup-session-nationale-pour-les-282-auditeurs\\\/#breadcrumb\",\"itemListElement\":[{\"@type\":\"ListItem\",\"position\":1,\"name\":\"Accueil\",\"item\":\"https:\\\/\\\/ihedn.fr\\\/\"},{\"@type\":\"ListItem\",\"position\":2,\"name\":\"Cl\u00f4ture de la 3e session nationale pour les 282 auditeurs\"}]},{\"@type\":\"WebSite\",\"@id\":\"https:\\\/\\\/ihedn.fr\\\/#website\",\"url\":\"https:\\\/\\\/ihedn.fr\\\/\",\"name\":\"IHEDN : Institut des hautes \u00e9tudes de d\u00e9fense nationale |\",\"description\":\"Site officiel de l&#039;IHEDN plac\u00e9 sous la tutelle du Premier ministre.\",\"publisher\":{\"@id\":\"https:\\\/\\\/ihedn.fr\\\/#organization\"},\"potentialAction\":[{\"@type\":\"SearchAction\",\"target\":{\"@type\":\"EntryPoint\",\"urlTemplate\":\"https:\\\/\\\/ihedn.fr\\\/?s={search_term_string}\"},\"query-input\":{\"@type\":\"PropertyValueSpecification\",\"valueRequired\":true,\"valueName\":\"search_term_string\"}}],\"inLanguage\":\"en-GB\"},{\"@type\":\"Organization\",\"@id\":\"https:\\\/\\\/ihedn.fr\\\/#organization\",\"name\":\"IHEDN - Institut des Hautes Etudes de D\u00e9fense Nationale\",\"url\":\"https:\\\/\\\/ihedn.fr\\\/\",\"logo\":{\"@type\":\"ImageObject\",\"inLanguage\":\"en-GB\",\"@id\":\"https:\\\/\\\/ihedn.fr\\\/#\\\/schema\\\/logo\\\/image\\\/\",\"url\":\"https:\\\/\\\/ihedn.fr\\\/wp-content\\\/uploads\\\/2020\\\/11\\\/BLOC_RF_IHEDN_WEB.png\",\"contentUrl\":\"https:\\\/\\\/ihedn.fr\\\/wp-content\\\/uploads\\\/2020\\\/11\\\/BLOC_RF_IHEDN_WEB.png\",\"width\":500,\"height\":237,\"caption\":\"IHEDN - Institut des Hautes Etudes de D\u00e9fense Nationale\"},\"image\":{\"@id\":\"https:\\\/\\\/ihedn.fr\\\/#\\\/schema\\\/logo\\\/image\\\/\"},\"sameAs\":[\"https:\\\/\\\/www.facebook.com\\\/ihedn\\\/\",\"https:\\\/\\\/x.com\\\/IHEDN\",\"https:\\\/\\\/www.instagram.com\\\/ihedn\\\/\",\"https:\\\/\\\/www.linkedin.com\\\/school\\\/ihedn\\\/\",\"https:\\\/\\\/fr.wikipedia.org\\\/wiki\\\/Institut_des_hautes_\u00e9tudes_de_D\u00e9fense_nationale\"]},{\"@type\":\"Person\",\"@id\":\"https:\\\/\\\/ihedn.fr\\\/#\\\/schema\\\/person\\\/ed217a37104b27a246b200e65b827cc7\",\"name\":\"tanguy.morel@ihedn.fr\",\"image\":{\"@type\":\"ImageObject\",\"inLanguage\":\"en-GB\",\"@id\":\"https:\\\/\\\/secure.gravatar.com\\\/avatar\\\/36877cd30919fafddf1f9da45f4154aa468a64328452f2ceaff0968772207348?s=96&d=mm&r=g\",\"url\":\"https:\\\/\\\/secure.gravatar.com\\\/avatar\\\/36877cd30919fafddf1f9da45f4154aa468a64328452f2ceaff0968772207348?s=96&d=mm&r=g\",\"contentUrl\":\"https:\\\/\\\/secure.gravatar.com\\\/avatar\\\/36877cd30919fafddf1f9da45f4154aa468a64328452f2ceaff0968772207348?s=96&d=mm&r=g\",\"caption\":\"tanguy.morel@ihedn.fr\"},\"url\":\"https:\\\/\\\/ihedn.fr\\\/en\\\/author\\\/tanguy-morelihedn-fr\\\/\"}]}<\/script>\n<!-- \/ Yoast SEO plugin. -->","yoast_head_json":{"title":"Closure of the 3rd national session for the 282 auditors - L'IHEDN : Institut des hautes \u00e9tudes de d\u00e9fense nationale","description":"After a year of work and visits, the 282 auditors of the 3rd national session of the IHEDN came together for a closing day rich in meetings and events, with a notable speech by Thierry Breton, European Commissioner for the Internal Market.","robots":{"index":"index","follow":"follow","max-snippet":"max-snippet:-1","max-image-preview":"max-image-preview:large","max-video-preview":"max-video-preview:-1"},"canonical":"https:\/\/ihedn.fr\/en\/notre-actualite\/cloture-de-la-3supe-sup-session-nationale-pour-les-282-auditeurs\/","og_locale":"en_GB","og_type":"article","og_title":"Cl\u00f4ture de la 3e session nationale pour les 282 auditeurs","og_description":"Apr\u00e8s un an de travaux et de visites, les 282 auditeurs de la 3e session nationale de l\u2019IHEDN se sont retrouv\u00e9s pour une journ\u00e9e de cl\u00f4ture riche en rencontres et \u00e9v\u00e9nements, avec une intervention remarqu\u00e9e de Thierry Breton, Commissaire europ\u00e9en au march\u00e9 int\u00e9rieur.","og_url":"https:\/\/ihedn.fr\/en\/notre-actualite\/cloture-de-la-3supe-sup-session-nationale-pour-les-282-auditeurs\/","og_site_name":"L&#039;IHEDN : Institut des hautes \u00e9tudes de d\u00e9fense nationale","article_publisher":"https:\/\/www.facebook.com\/ihedn\/","article_published_time":"2024-06-21T08:10:42+00:00","article_modified_time":"2024-06-26T13:58:47+00:00","og_image":[{"width":1844,"height":1061,"url":"https:\/\/ihedn.fr\/wp-content\/uploads\/2024\/06\/DSC_4650-150dpi.jpg","type":"image\/jpeg"}],"author":"tanguy.morel@ihedn.fr","twitter_card":"summary_large_image","twitter_title":"Cl\u00f4ture de la 3<sup>e<\/sup> session nationale pour les 282 auditeurs","twitter_description":"Apr\u00e8s un an de travaux et de visites, les 282 auditeurs de la 3e session nationale de l\u2019IHEDN se sont retrouv\u00e9s pour une journ\u00e9e de cl\u00f4ture riche en rencontres et \u00e9v\u00e9nements, avec une intervention remarqu\u00e9e de Thierry Breton, Commissaire europ\u00e9en au march\u00e9 int\u00e9rieur.","twitter_image":"https:\/\/ihedn.fr\/wp-content\/uploads\/2024\/06\/DSC_4650-150dpi.jpg","twitter_creator":"@IHEDN","twitter_site":"@IHEDN","twitter_misc":{"Written by":"tanguy.morel@ihedn.fr","Estimated reading time":"7 minutes"},"schema":{"@context":"https:\/\/schema.org","@graph":[{"@type":"Article","@id":"https:\/\/ihedn.fr\/notre-actualite\/cloture-de-la-3supe-sup-session-nationale-pour-les-282-auditeurs\/#article","isPartOf":{"@id":"https:\/\/ihedn.fr\/notre-actualite\/cloture-de-la-3supe-sup-session-nationale-pour-les-282-auditeurs\/"},"author":{"name":"tanguy.morel@ihedn.fr","@id":"https:\/\/ihedn.fr\/#\/schema\/person\/ed217a37104b27a246b200e65b827cc7"},"headline":"Cl\u00f4ture de la 3e session nationale pour les 282 auditeurs","datePublished":"2024-06-21T08:10:42+00:00","dateModified":"2024-06-26T13:58:47+00:00","mainEntityOfPage":{"@id":"https:\/\/ihedn.fr\/notre-actualite\/cloture-de-la-3supe-sup-session-nationale-pour-les-282-auditeurs\/"},"wordCount":417,"publisher":{"@id":"https:\/\/ihedn.fr\/#organization"},"image":{"@id":"https:\/\/ihedn.fr\/notre-actualite\/cloture-de-la-3supe-sup-session-nationale-pour-les-282-auditeurs\/#primaryimage"},"thumbnailUrl":"https:\/\/ihedn.fr\/wp-content\/uploads\/2024\/06\/DSC_4650-150dpi.jpg","articleSection":["Notre actualit\u00e9"],"inLanguage":"en-GB"},{"@type":"WebPage","@id":"https:\/\/ihedn.fr\/notre-actualite\/cloture-de-la-3supe-sup-session-nationale-pour-les-282-auditeurs\/","url":"https:\/\/ihedn.fr\/notre-actualite\/cloture-de-la-3supe-sup-session-nationale-pour-les-282-auditeurs\/","name":"Closure of the 3rd national session for the 282 auditors - L'IHEDN : Institut des hautes \u00e9tudes de d\u00e9fense nationale","isPartOf":{"@id":"https:\/\/ihedn.fr\/#website"},"primaryImageOfPage":{"@id":"https:\/\/ihedn.fr\/notre-actualite\/cloture-de-la-3supe-sup-session-nationale-pour-les-282-auditeurs\/#primaryimage"},"image":{"@id":"https:\/\/ihedn.fr\/notre-actualite\/cloture-de-la-3supe-sup-session-nationale-pour-les-282-auditeurs\/#primaryimage"},"thumbnailUrl":"https:\/\/ihedn.fr\/wp-content\/uploads\/2024\/06\/DSC_4650-150dpi.jpg","datePublished":"2024-06-21T08:10:42+00:00","dateModified":"2024-06-26T13:58:47+00:00","description":"After a year of work and visits, the 282 auditors of the 3rd national session of the IHEDN came together for a closing day rich in meetings and events, with a notable speech by Thierry Breton, European Commissioner for the Internal Market.","breadcrumb":{"@id":"https:\/\/ihedn.fr\/notre-actualite\/cloture-de-la-3supe-sup-session-nationale-pour-les-282-auditeurs\/#breadcrumb"},"inLanguage":"en-GB","potentialAction":[{"@type":"ReadAction","target":["https:\/\/ihedn.fr\/notre-actualite\/cloture-de-la-3supe-sup-session-nationale-pour-les-282-auditeurs\/"]}]},{"@type":"ImageObject","inLanguage":"en-GB","@id":"https:\/\/ihedn.fr\/notre-actualite\/cloture-de-la-3supe-sup-session-nationale-pour-les-282-auditeurs\/#primaryimage","url":"https:\/\/ihedn.fr\/wp-content\/uploads\/2024\/06\/DSC_4650-150dpi.jpg","contentUrl":"https:\/\/ihedn.fr\/wp-content\/uploads\/2024\/06\/DSC_4650-150dpi.jpg","width":1844,"height":1061,"caption":"Auditeurs de la 3e session nationale de l'IHEDN"},{"@type":"BreadcrumbList","@id":"https:\/\/ihedn.fr\/notre-actualite\/cloture-de-la-3supe-sup-session-nationale-pour-les-282-auditeurs\/#breadcrumb","itemListElement":[{"@type":"ListItem","position":1,"name":"Accueil","item":"https:\/\/ihedn.fr\/"},{"@type":"ListItem","position":2,"name":"Cl\u00f4ture de la 3e session nationale pour les 282 auditeurs"}]},{"@type":"WebSite","@id":"https:\/\/ihedn.fr\/#website","url":"https:\/\/ihedn.fr\/","name":"IHEDN: Institut des hautes \u00e9tudes de d\u00e9fense nationale (Institute for Higher National Defence Studies)","description":"Official website of the IHEDN under the supervision of the Prime Minister.","publisher":{"@id":"https:\/\/ihedn.fr\/#organization"},"potentialAction":[{"@type":"SearchAction","target":{"@type":"EntryPoint","urlTemplate":"https:\/\/ihedn.fr\/?s={search_term_string}"},"query-input":{"@type":"PropertyValueSpecification","valueRequired":true,"valueName":"search_term_string"}}],"inLanguage":"en-GB"},{"@type":"Organization","@id":"https:\/\/ihedn.fr\/#organization","name":"IHEDN - Institute for Higher National Defence Studies","url":"https:\/\/ihedn.fr\/","logo":{"@type":"ImageObject","inLanguage":"en-GB","@id":"https:\/\/ihedn.fr\/#\/schema\/logo\/image\/","url":"https:\/\/ihedn.fr\/wp-content\/uploads\/2020\/11\/BLOC_RF_IHEDN_WEB.png","contentUrl":"https:\/\/ihedn.fr\/wp-content\/uploads\/2020\/11\/BLOC_RF_IHEDN_WEB.png","width":500,"height":237,"caption":"IHEDN - Institut des Hautes Etudes de D\u00e9fense Nationale"},"image":{"@id":"https:\/\/ihedn.fr\/#\/schema\/logo\/image\/"},"sameAs":["https:\/\/www.facebook.com\/ihedn\/","https:\/\/x.com\/IHEDN","https:\/\/www.instagram.com\/ihedn\/","https:\/\/www.linkedin.com\/school\/ihedn\/","https:\/\/fr.wikipedia.org\/wiki\/Institut_des_hautes_\u00e9tudes_de_D\u00e9fense_nationale"]},{"@type":"Person","@id":"https:\/\/ihedn.fr\/#\/schema\/person\/ed217a37104b27a246b200e65b827cc7","name":"tanguy.morel@ihedn.fr","image":{"@type":"ImageObject","inLanguage":"en-GB","@id":"https:\/\/secure.gravatar.com\/avatar\/36877cd30919fafddf1f9da45f4154aa468a64328452f2ceaff0968772207348?s=96&d=mm&r=g","url":"https:\/\/secure.gravatar.com\/avatar\/36877cd30919fafddf1f9da45f4154aa468a64328452f2ceaff0968772207348?s=96&d=mm&r=g","contentUrl":"https:\/\/secure.gravatar.com\/avatar\/36877cd30919fafddf1f9da45f4154aa468a64328452f2ceaff0968772207348?s=96&d=mm&r=g","caption":"tanguy.morel@ihedn.fr"},"url":"https:\/\/ihedn.fr\/en\/author\/tanguy-morelihedn-fr\/"}]}},"publishpress_future_action":{"enabled":false,"date":"2026-05-09 01:06:26","action":"change-status","newStatus":"draft","terms":[],"taxonomy":"category","extraData":[]},"publishpress_future_workflow_manual_trigger":{"enabledWorkflows":[]},"_links":{"self":[{"href":"https:\/\/ihedn.fr\/en\/wp-json\/wp\/v2\/posts\/48216","targetHints":{"allow":["GET"]}}],"collection":[{"href":"https:\/\/ihedn.fr\/en\/wp-json\/wp\/v2\/posts"}],"about":[{"href":"https:\/\/ihedn.fr\/en\/wp-json\/wp\/v2\/types\/post"}],"author":[{"embeddable":true,"href":"https:\/\/ihedn.fr\/en\/wp-json\/wp\/v2\/users\/10"}],"replies":[{"embeddable":true,"href":"https:\/\/ihedn.fr\/en\/wp-json\/wp\/v2\/comments?post=48216"}],"version-history":[{"count":21,"href":"https:\/\/ihedn.fr\/en\/wp-json\/wp\/v2\/posts\/48216\/revisions"}],"predecessor-version":[{"id":48362,"href":"https:\/\/ihedn.fr\/en\/wp-json\/wp\/v2\/posts\/48216\/revisions\/48362"}],"wp:featuredmedia":[{"embeddable":true,"href":"https:\/\/ihedn.fr\/en\/wp-json\/wp\/v2\/media\/48235"}],"wp:attachment":[{"href":"https:\/\/ihedn.fr\/en\/wp-json\/wp\/v2\/media?parent=48216"}],"wp:term":[{"taxonomy":"category","embeddable":true,"href":"https:\/\/ihedn.fr\/en\/wp-json\/wp\/v2\/categories?post=48216"},{"taxonomy":"post_tag","embeddable":true,"href":"https:\/\/ihedn.fr\/en\/wp-json\/wp\/v2\/tags?post=48216"}],"curies":[{"name":"wp","href":"https:\/\/api.w.org\/{rel}","templated":true}]}}