{"id":48300,"date":"2024-06-24T08:27:50","date_gmt":"2024-06-24T07:27:50","guid":{"rendered":"https:\/\/ihedn.fr\/?p=48300"},"modified":"2025-09-03T15:52:43","modified_gmt":"2025-09-03T14:52:43","slug":"le-temps-des-batailles-combattre-sur-tous-les-fronts","status":"publish","type":"post","link":"https:\/\/ihedn.fr\/en\/lundis-de-lihedn\/le-temps-des-batailles-combattre-sur-tous-les-fronts\/","title":{"rendered":"A time for battles: fighting on all fronts"},"content":{"rendered":"<div data-elementor-type=\"wp-post\" data-elementor-id=\"48300\" class=\"elementor elementor-48300\" data-elementor-post-type=\"post\">\n\t\t\t\t<div data-particle_enable=\"false\" data-particle-mobile-disabled=\"false\" class=\"elementor-element elementor-element-f8609d4 e-con-full e-flex e-con e-parent\" data-id=\"f8609d4\" data-element_type=\"container\" data-e-type=\"container\">\n\t\t\t\t<div class=\"elementor-element elementor-element-df994cb elementor-widget elementor-widget-heading\" data-id=\"df994cb\" data-element_type=\"widget\" data-e-type=\"widget\" data-widget_type=\"heading.default\">\n\t\t\t\t<div class=\"elementor-widget-container\">\n\t\t\t\t\t<h2 class=\"elementor-heading-title elementor-size-default\">FROM 1944 TO 2024, SHARING THE SPIRIT OF DEFENCE<\/h2>\t\t\t\t<\/div>\n\t\t\t\t<\/div>\n\t\t\t\t<div class=\"elementor-element elementor-element-4dd5219 elementor-widget-divider--view-line elementor-widget elementor-widget-divider\" data-id=\"4dd5219\" data-element_type=\"widget\" data-e-type=\"widget\" data-widget_type=\"divider.default\">\n\t\t\t\t<div class=\"elementor-widget-container\">\n\t\t\t\t\t\t\t<div class=\"elementor-divider\">\n\t\t\t<span class=\"elementor-divider-separator\">\n\t\t\t\t\t\t<\/span>\n\t\t<\/div>\n\t\t\t\t\t\t<\/div>\n\t\t\t\t<\/div>\n\t\t\t\t<div class=\"elementor-element elementor-element-0bbc456 elementor-widget elementor-widget-text-editor\" data-id=\"0bbc456\" data-element_type=\"widget\" data-e-type=\"widget\" data-widget_type=\"text-editor.default\">\n\t\t\t\t<div class=\"elementor-widget-container\">\n\t\t\t\t\t\t\t\t\t<p style=\"text-align: left;\">If we look at the long campaigns conducted on several fronts from the spring of 1944, we can understand how the leader of Free France, Charles de Gaulle, and the men and women who followed him, were able to restore the country. Internally, on the one hand, by liberating towns and villages by forced march. But also externally, by showing the Allied nations that the French Committee for National Liberation (CFLN) was solid and credible.<\/p><p style=\"text-align: left;\">It became the Provisional Government of the French Republic (GPRF) on 3 June 1944, leading France to victory and enabling it to regain its place on the world stage. Eight decades later, these battles fought on all fronts are part of the defence culture that the IHEDN aims to promote.<\/p>\t\t\t\t\t\t\t\t<\/div>\n\t\t\t\t<\/div>\n\t\t\t\t<\/div>\n\t\t<div data-particle_enable=\"false\" data-particle-mobile-disabled=\"false\" class=\"elementor-element elementor-element-7bf256b e-con-full e-flex e-con e-parent\" data-id=\"7bf256b\" data-element_type=\"container\" data-e-type=\"container\">\n\t\t\t\t<div class=\"elementor-element elementor-element-618c98c elementor-widget elementor-widget-heading\" data-id=\"618c98c\" data-element_type=\"widget\" data-e-type=\"widget\" data-widget_type=\"heading.default\">\n\t\t\t\t<div class=\"elementor-widget-container\">\n\t\t\t\t\t<h2 class=\"elementor-heading-title elementor-size-default\">FROM ITALY TO STRASBOURG, THE REBIRTH OF THE FRENCH ARMIES <\/h2>\t\t\t\t<\/div>\n\t\t\t\t<\/div>\n\t\t\t\t<div class=\"elementor-element elementor-element-ef9351b elementor-widget-divider--view-line elementor-widget elementor-widget-divider\" data-id=\"ef9351b\" data-element_type=\"widget\" data-e-type=\"widget\" data-widget_type=\"divider.default\">\n\t\t\t\t<div class=\"elementor-widget-container\">\n\t\t\t\t\t\t\t<div class=\"elementor-divider\">\n\t\t\t<span class=\"elementor-divider-separator\">\n\t\t\t\t\t\t<\/span>\n\t\t<\/div>\n\t\t\t\t\t\t<\/div>\n\t\t\t\t<\/div>\n\t\t<div data-particle_enable=\"false\" data-particle-mobile-disabled=\"false\" class=\"elementor-element elementor-element-916e219 e-con-full e-flex e-con e-child\" data-id=\"916e219\" data-element_type=\"container\" data-e-type=\"container\">\n\t\t\t\t<div class=\"elementor-element elementor-element-ac5323e elementor-widget__width-initial elementor-widget elementor-widget-text-editor\" data-id=\"ac5323e\" data-element_type=\"widget\" data-e-type=\"widget\" data-widget_type=\"text-editor.default\">\n\t\t\t\t<div class=\"elementor-widget-container\">\n\t\t\t\t\t\t\t\t\t<p style=\"text-align: left;\">Even before the spring of 1944, with the liberation of mainland France on the horizon, Charles de Gaulle had a plan: to commit his troops, albeit limited in number and dependent in terms of capabilities, to all the theatres of the Second World War. He felt this was essential to ensure that Free France was on the winning side, and also to strengthen the CFLN's legitimacy in the eyes of the Allies.<\/p><p style=\"text-align: left;\">The Liberation of mainland France was, of course, the central objective, since it involved re-establishing the State and republican legality, by creating a link between Free France and the Resistance. But the diversification of engagements (Normandy, Provence, the Eastern Front, Indochina) had a strategic leverage effect: through their commitments and their decisive advances, including in distant theatres, the French troops gave weight to the General's words and legitimised the installation of the GPRF.<\/p>\t\t\t\t\t\t\t\t<\/div>\n\t\t\t\t<\/div>\n\t\t\t\t<div class=\"elementor-element elementor-element-1248c0f elementor-widget__width-initial elementor-widget-tablet__width-initial elementor-widget elementor-widget-image\" data-id=\"1248c0f\" data-element_type=\"widget\" data-e-type=\"widget\" data-widget_type=\"image.default\">\n\t\t\t\t<div class=\"elementor-widget-container\">\n\t\t\t\t\t\t\t\t\t\t\t\t<figure class=\"wp-caption\">\n\t\t\t\t\t\t\t\t\t\t<img fetchpriority=\"high\" decoding=\"async\" width=\"1920\" height=\"1527\" src=\"https:\/\/ihedn.fr\/wp-content\/uploads\/2024\/06\/The_ruins_of_Cassino_May_1944-_a_wrecked_Sherman_tank_and_Bailey_bridge_in_the_foreground_with_Monastery_Ridge_and_Castle_Hill_in_the_background._TR1799_wikipedia.jpeg\" class=\"attachment-full size-full wp-image-48302\" alt=\"bataille de Monte Cassino, mai 1944\" srcset=\"https:\/\/ihedn.fr\/wp-content\/uploads\/2024\/06\/The_ruins_of_Cassino_May_1944-_a_wrecked_Sherman_tank_and_Bailey_bridge_in_the_foreground_with_Monastery_Ridge_and_Castle_Hill_in_the_background._TR1799_wikipedia.jpeg 1920w, https:\/\/ihedn.fr\/wp-content\/uploads\/2024\/06\/The_ruins_of_Cassino_May_1944-_a_wrecked_Sherman_tank_and_Bailey_bridge_in_the_foreground_with_Monastery_Ridge_and_Castle_Hill_in_the_background._TR1799_wikipedia-1536x1222.jpeg 1536w, https:\/\/ihedn.fr\/wp-content\/uploads\/2024\/06\/The_ruins_of_Cassino_May_1944-_a_wrecked_Sherman_tank_and_Bailey_bridge_in_the_foreground_with_Monastery_Ridge_and_Castle_Hill_in_the_background._TR1799_wikipedia-15x12.jpeg 15w\" sizes=\"(max-width: 1920px) 100vw, 1920px\" \/>\t\t\t\t\t\t\t\t\t\t\t<figcaption class=\"widget-image-caption wp-caption-text\">Battle of Monte Cassino, May 1944<\/figcaption>\n\t\t\t\t\t\t\t\t\t\t<\/figure>\n\t\t\t\t\t\t\t\t\t<\/div>\n\t\t\t\t<\/div>\n\t\t\t\t<\/div>\n\t\t<div data-particle_enable=\"false\" data-particle-mobile-disabled=\"false\" class=\"elementor-element elementor-element-87820b8 e-con-full e-flex e-con e-child\" data-id=\"87820b8\" data-element_type=\"container\" data-e-type=\"container\">\n\t\t\t\t<div class=\"elementor-element elementor-element-29cad00 elementor-widget__width-initial elementor-widget elementor-widget-text-editor\" data-id=\"29cad00\" data-element_type=\"widget\" data-e-type=\"widget\" data-widget_type=\"text-editor.default\">\n\t\t\t\t<div class=\"elementor-widget-container\">\n\t\t\t\t\t\t\t\t\t<p style=\"text-align: left;\">\"As De Gaulle lamented, \"As the battle begins, how short is the sword of France! However, the spring of 1944 saw a military renaissance for the French armies. Equipped and organised by the Americans, and fed by a massive influx of troops from the Empire (particularly North Africa), the French troops, between the campaigns of Juin in Italy, Monsabert and Larminat in Marseille and Toulon, and the 2<sup>e<\/sup> Leclerc's Armoured Division (DB) from Alen\u00e7on to Strasbourg, earned the respect of the Allies by playing an often decisive spearhead role.<\/p><p style=\"text-align: left;\">The failure of the defensive strategy of 1940 was thus met by a renewed offensive impetus, a form of <em>furia francese<\/em> whose contribution to the final victory against Nazism should not be overlooked. The breakthrough by the Moroccan goumiers and spahis at Monte Cassino (May 1944), which broke the Gustav Line and opened the road to Rome, was a military exploit that was hailed by the German Marshal Kesselring, and facilitated the landing of German troops. \u00a0\u00a0<\/p>\t\t\t\t\t\t\t\t<\/div>\n\t\t\t\t<\/div>\n\t\t\t\t<\/div>\n\t\t\t\t<\/div>\n\t\t<div data-particle_enable=\"false\" data-particle-mobile-disabled=\"false\" class=\"elementor-element elementor-element-fde4645 e-con-full e-flex e-con e-parent\" data-id=\"fde4645\" data-element_type=\"container\" data-e-type=\"container\">\n\t\t\t\t<div class=\"elementor-element elementor-element-e6f7008 elementor-widget elementor-widget-heading\" data-id=\"e6f7008\" data-element_type=\"widget\" data-e-type=\"widget\" data-widget_type=\"heading.default\">\n\t\t\t\t<div class=\"elementor-widget-container\">\n\t\t\t\t\t<h2 class=\"elementor-heading-title elementor-size-default\">NORMANDY, PROVENCE: TWO COMPLEMENTARY LANDINGS<\/h2>\t\t\t\t<\/div>\n\t\t\t\t<\/div>\n\t\t\t\t<div class=\"elementor-element elementor-element-141a941 elementor-widget-divider--view-line elementor-widget elementor-widget-divider\" data-id=\"141a941\" data-element_type=\"widget\" data-e-type=\"widget\" data-widget_type=\"divider.default\">\n\t\t\t\t<div class=\"elementor-widget-container\">\n\t\t\t\t\t\t\t<div class=\"elementor-divider\">\n\t\t\t<span class=\"elementor-divider-separator\">\n\t\t\t\t\t\t<\/span>\n\t\t<\/div>\n\t\t\t\t\t\t<\/div>\n\t\t\t\t<\/div>\n\t\t\t\t<\/div>\n\t\t<div data-particle_enable=\"false\" data-particle-mobile-disabled=\"false\" class=\"elementor-element elementor-element-e5ff8ab e-flex e-con-boxed e-con e-parent\" data-id=\"e5ff8ab\" data-element_type=\"container\" data-e-type=\"container\">\n\t\t\t\t\t<div class=\"e-con-inner\">\n\t\t<div data-particle_enable=\"false\" data-particle-mobile-disabled=\"false\" class=\"elementor-element elementor-element-5972130 e-flex e-con-boxed e-con e-child\" data-id=\"5972130\" data-element_type=\"container\" data-e-type=\"container\">\n\t\t\t\t\t<div class=\"e-con-inner\">\n\t\t\t\t<div class=\"elementor-element elementor-element-83f4027 elementor-widget elementor-widget-image\" data-id=\"83f4027\" data-element_type=\"widget\" data-e-type=\"widget\" data-widget_type=\"image.default\">\n\t\t\t\t<div class=\"elementor-widget-container\">\n\t\t\t\t\t\t\t\t\t\t\t\t<figure class=\"wp-caption\">\n\t\t\t\t\t\t\t\t\t\t<img decoding=\"async\" width=\"1280\" height=\"661\" src=\"https:\/\/ihedn.fr\/wp-content\/uploads\/2024\/06\/Operation_Dragoon_invasion_fleet_1944.jpg\" class=\"attachment-full size-full wp-image-48303\" alt=\"\" srcset=\"https:\/\/ihedn.fr\/wp-content\/uploads\/2024\/06\/Operation_Dragoon_invasion_fleet_1944.jpg 1280w, https:\/\/ihedn.fr\/wp-content\/uploads\/2024\/06\/Operation_Dragoon_invasion_fleet_1944-18x9.jpg 18w\" sizes=\"(max-width: 1280px) 100vw, 1280px\" \/>\t\t\t\t\t\t\t\t\t\t\t<figcaption class=\"widget-image-caption wp-caption-text\">Landing in Provence, August 1944<\/figcaption>\n\t\t\t\t\t\t\t\t\t\t<\/figure>\n\t\t\t\t\t\t\t\t\t<\/div>\n\t\t\t\t<\/div>\n\t\t\t\t<div class=\"elementor-element elementor-element-aeba9a2 elementor-widget elementor-widget-text-editor\" data-id=\"aeba9a2\" data-element_type=\"widget\" data-e-type=\"widget\" data-widget_type=\"text-editor.default\">\n\t\t\t\t<div class=\"elementor-widget-container\">\n\t\t\t\t\t\t\t\t\t<p style=\"text-align: left;\">The amphibious operation is undoubtedly one of the most complex operations in military history. It requires sophisticated technical and logistical coordination, mastery of the sea and air, and the ability to quickly gain a foothold in the territory.<\/p><p style=\"text-align: left;\">The two operations carried out in Normandy on 6 June and in Provence on 15 August are not always considered to be of equal importance, as if at Omaha Beach an inevitable liberation had been initiated, and that in Provence an already weakened enemy had quickly given up. Yet military progress was slow, and the two operations proved complementary.<\/p><p style=\"text-align: left;\">The Normandy landings were a complex operation, and De Gaulle was kept out of it for a long time. The involvement of French forces remained limited: the Kieffer commando (177 men) landed near Ouistreham, while the Free French Naval Forces (FNFL) and around a hundred airmen from the French Air Force (FAFL) helped to secure the theatre. The 2nd<sup>e<\/sup> DB under General Leclerc, chosen at the end of 1943 to take part in the operation, was still stationed in Yorkshire (England), in the preparation and training phase: it would not land in Normandy until the 1st.<sup>er<\/sup> August 1944.<\/p><p style=\"text-align: left;\">But by then, the Allied advance was still slow: Caen had been liberated on 20 July, and the breakthrough did not come until Avranches (Manche) at the end of July. Leclerc had the opportunity to distinguish himself at the head of his troops in the fighting at Alen\u00e7on and then around Argentan (two towns in the Orne department), by practising an all-out offensive, well ahead of American General Patton's Third Army. At De Gaulle's insistence, this daring tactic was rewarded with the launch of the Guillebon detachment towards Versailles and the liberation of Paris. American General Eisenhower, supreme commander of the Allied forces, was pursuing German troops but did not consider the capital to be a priority strategic objective (he feared violent and deadly fighting in an urban environment).<\/p>\t\t\t\t\t\t\t\t<\/div>\n\t\t\t\t<\/div>\n\t\t\t\t<div class=\"elementor-element elementor-element-19d8b9d elementor-widget elementor-widget-heading\" data-id=\"19d8b9d\" data-element_type=\"widget\" data-e-type=\"widget\" data-widget_type=\"heading.default\">\n\t\t\t\t<div class=\"elementor-widget-container\">\n\t\t\t\t\t<h2 class=\"elementor-heading-title elementor-size-default\">TWO-THIRDS OF THE SOLDIERS AT THE PROVENCE LANDING WERE FRENCH<\/h2>\t\t\t\t<\/div>\n\t\t\t\t<\/div>\n\t\t\t\t<div class=\"elementor-element elementor-element-8ed610e elementor-widget elementor-widget-text-editor\" data-id=\"8ed610e\" data-element_type=\"widget\" data-e-type=\"widget\" data-widget_type=\"text-editor.default\">\n\t\t\t\t<div class=\"elementor-widget-container\">\n\t\t\t\t\t\t\t\t\t<p style=\"text-align: left;\">The breakthrough towards Paris accelerated decisively after 15 and 16 August, the date of Operation Anvil, the Provence landings. It involved 350,000 men, including around 230,000 French soldiers, mostly from the B army (the future First French Army), under the orders of General de Lattre de Tassigny and the FNFL, who controlled the theatre.<\/p><p style=\"text-align: left;\">While the operational command was American (General Patch), French troops were used as spearheads, and sent to attack Toulon (General de Larminat) and Marseilles (General de Monsabert, at the head of the 3<sup>e<\/sup> Algerian Infantry Division). In both cases, the urban fighting was fierce, with Toulon in particular being fiercely defended by German troops. The rapid capture of these two towns (between one and two weeks ahead of schedule), concomitant with the liberation of Paris, opened the way for a major breakthrough in the Rhone valley.<\/p><p style=\"text-align: left;\">The ascent of the Rh\u00f4ne and then the Sa\u00f4ne was rapid, guided by the insurrections of the maquis: from 12 September, the armies of Provence and the 2<sup>e<\/sup> DB met up at Montbard (C\u00f4te-d'Or). On 23 September, the Forces fran\u00e7aises de l'Int\u00e9rieur were attached to the 1st Army, partly replacing the African troops. The link-up proved tricky, with De Lattre having difficulty accepting the operational freedom that Leclerc was demanding.<\/p><p style=\"text-align: left;\">Thereafter, after a period of shared fighting, tasks were divided between Leclerc and the 2<sup>e<\/sup> DB the liberation of Metz and Strasbourg (where the General honoured his Koufra oath) and the breakthrough towards Adolf Hitler's eagle's nest at Berchtesgaden (Bavaria); De Lattre and the 1st Army were given the task of rapidly crossing the Rhine and rapidly ensuring a French presence in the German theatre, marked in particular by the capture of Karlsruhe at the beginning of April 1945.<\/p>\t\t\t\t\t\t\t\t<\/div>\n\t\t\t\t<\/div>\n\t\t\t\t\t<\/div>\n\t\t\t\t<\/div>\n\t\t\t\t\t<\/div>\n\t\t\t\t<\/div>\n\t\t<div data-particle_enable=\"false\" data-particle-mobile-disabled=\"false\" class=\"elementor-element elementor-element-1f0ad1e e-con-full e-flex e-con e-parent\" data-id=\"1f0ad1e\" data-element_type=\"container\" data-e-type=\"container\">\n\t\t\t\t<div class=\"elementor-element elementor-element-d5225a1 elementor-widget elementor-widget-heading\" data-id=\"d5225a1\" data-element_type=\"widget\" data-e-type=\"widget\" data-widget_type=\"heading.default\">\n\t\t\t\t<div class=\"elementor-widget-container\">\n\t\t\t\t\t<h2 class=\"elementor-heading-title elementor-size-default\">THE FIRST FRENCH SOLDIERS ENTER GERMANY FROM THE EAST<\/h2>\t\t\t\t<\/div>\n\t\t\t\t<\/div>\n\t\t\t\t<div class=\"elementor-element elementor-element-5dd7832 elementor-widget-divider--view-line elementor-widget elementor-widget-divider\" data-id=\"5dd7832\" data-element_type=\"widget\" data-e-type=\"widget\" data-widget_type=\"divider.default\">\n\t\t\t\t<div class=\"elementor-widget-container\">\n\t\t\t\t\t\t\t<div class=\"elementor-divider\">\n\t\t\t<span class=\"elementor-divider-separator\">\n\t\t\t\t\t\t<\/span>\n\t\t<\/div>\n\t\t\t\t\t\t<\/div>\n\t\t\t\t<\/div>\n\t\t<div data-particle_enable=\"false\" data-particle-mobile-disabled=\"false\" class=\"elementor-element elementor-element-9d2b595 e-con-full e-flex e-con e-child\" data-id=\"9d2b595\" data-element_type=\"container\" data-e-type=\"container\">\n\t\t\t\t<div class=\"elementor-element elementor-element-ce9e690 elementor-widget__width-initial elementor-widget elementor-widget-text-editor\" data-id=\"ce9e690\" data-element_type=\"widget\" data-e-type=\"widget\" data-widget_type=\"text-editor.default\">\n\t\t\t\t<div class=\"elementor-widget-container\">\n\t\t\t\t\t\t\t\t\t<p style=\"text-align: left;\">The convergence that enabled General de Lattre de Tassigny to be one of those who received the German surrender on 8 May 1945, and Leclerc to receive that of Japan on 2 September 1945, would not be complete if we forgot the commitment of French troops in Asia and on the Eastern Front.<\/p><p style=\"text-align: left;\">Of course, this commitment was much more modest in numerical terms. At the end of 1942, a squadron of around sixty French fighters, christened \"Normandie\", headed for the Russian front. Based near Moscow, it entered combat at the end of March 1943, in the wake of the German failure at Stalingrad. From reconnaissance missions to bombing protection, the summer of 1943 was full of victories, but also losses: the emblematic leader, Major Jean Tulasne, was shot down on 17 July 1943, during the battle of Kursk.<\/p>\t\t\t\t\t\t\t\t<\/div>\n\t\t\t\t<\/div>\n\t\t\t\t<div class=\"elementor-element elementor-element-5a46b01 elementor-widget__width-initial elementor-widget-tablet__width-initial elementor-widget elementor-widget-image\" data-id=\"5a46b01\" data-element_type=\"widget\" data-e-type=\"widget\" data-widget_type=\"image.default\">\n\t\t\t\t<div class=\"elementor-widget-container\">\n\t\t\t\t\t\t\t\t\t\t\t\t<figure class=\"wp-caption\">\n\t\t\t\t\t\t\t\t\t\t<img decoding=\"async\" width=\"671\" height=\"450\" src=\"https:\/\/ihedn.fr\/wp-content\/uploads\/2024\/06\/Kursk_Soviet_machineguns_wikipedia.jpeg\" class=\"attachment-full size-full wp-image-48304\" alt=\"\" srcset=\"https:\/\/ihedn.fr\/wp-content\/uploads\/2024\/06\/Kursk_Soviet_machineguns_wikipedia.jpeg 671w, https:\/\/ihedn.fr\/wp-content\/uploads\/2024\/06\/Kursk_Soviet_machineguns_wikipedia-18x12.jpeg 18w\" sizes=\"(max-width: 671px) 100vw, 671px\" \/>\t\t\t\t\t\t\t\t\t\t\t<figcaption class=\"widget-image-caption wp-caption-text\">Battle of Monte Cassino, May 1944<\/figcaption>\n\t\t\t\t\t\t\t\t\t\t<\/figure>\n\t\t\t\t\t\t\t\t\t<\/div>\n\t\t\t\t<\/div>\n\t\t\t\t<\/div>\n\t\t<div data-particle_enable=\"false\" data-particle-mobile-disabled=\"false\" class=\"elementor-element elementor-element-b50d271 e-con-full e-flex e-con e-child\" data-id=\"b50d271\" data-element_type=\"container\" data-e-type=\"container\">\n\t\t\t\t<div class=\"elementor-element elementor-element-276b1d2 elementor-widget elementor-widget-text-editor\" data-id=\"276b1d2\" data-element_type=\"widget\" data-e-type=\"widget\" data-widget_type=\"text-editor.default\">\n\t\t\t\t<div class=\"elementor-widget-container\">\n\t\t\t\t\t\t\t\t\t<p style=\"text-align: left;\">In preparation for the massive Red Army effort in Belarus and Lithuania, known as \"Operation Bagration\", launched at the end of June 1944, the reorganised and regenerated squadron, flying Yak 3s, played a protective role during the crossing of the River Niemen, which gave it its definitive name: in November, the airmen were the first French soldiers to penetrate German territory, playing a spearhead role in the campaign. The entire squadron was present in Moscow on 6 December 1944: during his visit, General de Gaulle decorated its pennant with the Liberation Cross.<\/p><p style=\"text-align: left;\">All in all, these battles, which involved all of France's capabilities (the role of the FNFL in securing the landing theatres and then in controlling the Mediterranean cannot be underestimated), validated Gaull's strategy. They also made a decisive contribution to the recognition of the GPRF by the Allies, and to France's place at the table of the victors.<\/p><p style=\"text-align: left;\">But this massive effort, this \"unforgettable encounter between France and her soldiers\", in the words of<strong><span style=\"text-decoration: underline;\"><a href=\"https:\/\/ihedn.fr\/en\/2024\/05\/24\/resistance-larmee-des-ombres-prend-la-lumiere\/\">\u00c9lisabeth de Miribel<\/a><\/span><\/strong>In January 1946, the \"Juin Plan\" envisaged new missions and a capability adapted to the resources of a country in need of rebuilding.<\/p>\t\t\t\t\t\t\t\t<\/div>\n\t\t\t\t<\/div>\n\t\t\t\t<\/div>\n\t\t\t\t<\/div>\n\t\t\t\t<\/div>","protected":false},"excerpt":{"rendered":"<p>This is the second episode in our \"Esprit 44\" series in partnership with the Charles-de-Gaulle Foundation. This time we explore the involvement of Free French troops in various theatres of operation. This was a crucial stage in the legitimisation of Free France in the eyes of the French and the Allies.<\/p>","protected":false},"author":10,"featured_media":48322,"comment_status":"closed","ping_status":"closed","sticky":false,"template":"","format":"standard","meta":{"footnotes":""},"categories":[208,41,171],"tags":[229],"class_list":["post-48300","post","type-post","status-publish","format-standard","has-post-thumbnail","hentry","category-defense-nationale","category-lundis-de-lihedn","category-notre-selection","tag-esprit44"],"yoast_head":"<!-- This site is optimized with the Yoast SEO plugin v27.5 - https:\/\/yoast.com\/product\/yoast-seo-wordpress\/ -->\n<title>Le temps des batailles : combattre, sur tous les fronts - L&#039;IHEDN : Institut des hautes \u00e9tudes de d\u00e9fense nationale<\/title>\n<meta name=\"description\" content=\"Deuxi\u00e8me \u00e9pisode de notre s\u00e9rie \u00ab Esprit 44 \u00bb en partenariat avec la Fondation Charles-de-Gaulle. Nous explorons cette fois l\u2019engagement, sur diff\u00e9rents th\u00e9\u00e2tres d\u2019op\u00e9ration, de troupes de la France libre.\" \/>\n<meta name=\"robots\" content=\"index, follow, max-snippet:-1, max-image-preview:large, max-video-preview:-1\" \/>\n<link rel=\"canonical\" href=\"https:\/\/ihedn.fr\/en\/lundis-de-lihedn\/le-temps-des-batailles-combattre-sur-tous-les-fronts\/\" \/>\n<meta property=\"og:locale\" content=\"en_GB\" \/>\n<meta property=\"og:type\" content=\"article\" \/>\n<meta property=\"og:title\" content=\"Le temps des batailles : combattre, sur tous les fronts\" \/>\n<meta property=\"og:description\" content=\"Deuxi\u00e8me \u00e9pisode de notre s\u00e9rie \u00ab Esprit 44 \u00bb en partenariat avec la Fondation Charles-de-Gaulle. Nous explorons cette fois l\u2019engagement, sur diff\u00e9rents th\u00e9\u00e2tres d\u2019op\u00e9ration, de troupes de la France libre.\" \/>\n<meta property=\"og:url\" content=\"https:\/\/ihedn.fr\/en\/lundis-de-lihedn\/le-temps-des-batailles-combattre-sur-tous-les-fronts\/\" \/>\n<meta property=\"og:site_name\" content=\"L&#039;IHEDN : Institut des hautes \u00e9tudes de d\u00e9fense nationale\" \/>\n<meta property=\"article:publisher\" content=\"https:\/\/www.facebook.com\/ihedn\/\" \/>\n<meta property=\"article:published_time\" content=\"2024-06-24T07:27:50+00:00\" \/>\n<meta property=\"article:modified_time\" content=\"2025-09-03T14:52:43+00:00\" \/>\n<meta property=\"og:image\" content=\"https:\/\/ihedn.fr\/wp-content\/uploads\/2024\/06\/Esprit-44-bandeau.jpg\" \/>\n\t<meta property=\"og:image:width\" content=\"1920\" \/>\n\t<meta property=\"og:image:height\" content=\"1080\" \/>\n\t<meta property=\"og:image:type\" content=\"image\/jpeg\" \/>\n<meta name=\"author\" content=\"tanguy.morel@ihedn.fr\" \/>\n<meta name=\"twitter:card\" content=\"summary_large_image\" \/>\n<meta name=\"twitter:title\" content=\"Le temps des batailles : combattre, sur tous les fronts\" \/>\n<meta name=\"twitter:description\" content=\"Deuxi\u00e8me \u00e9pisode de notre s\u00e9rie \u00ab Esprit 44 \u00bb en partenariat avec la Fondation Charles-de-Gaulle. Nous explorons cette fois l\u2019engagement, sur diff\u00e9rents th\u00e9\u00e2tres d\u2019op\u00e9ration, de troupes de la France libre.\" \/>\n<meta name=\"twitter:image\" content=\"https:\/\/ihedn.fr\/wp-content\/uploads\/2024\/06\/Esprit-44-bandeau.jpg\" \/>\n<meta name=\"twitter:creator\" content=\"@IHEDN\" \/>\n<meta name=\"twitter:site\" content=\"@IHEDN\" \/>\n<meta name=\"twitter:label1\" content=\"Written by\" \/>\n\t<meta name=\"twitter:data1\" content=\"tanguy.morel@ihedn.fr\" \/>\n\t<meta name=\"twitter:label2\" content=\"Estimated reading time\" \/>\n\t<meta name=\"twitter:data2\" content=\"9 minutes\" \/>\n<script type=\"application\/ld+json\" class=\"yoast-schema-graph\">{\"@context\":\"https:\\\/\\\/schema.org\",\"@graph\":[{\"@type\":\"Article\",\"@id\":\"https:\\\/\\\/ihedn.fr\\\/lundis-de-lihedn\\\/le-temps-des-batailles-combattre-sur-tous-les-fronts\\\/#article\",\"isPartOf\":{\"@id\":\"https:\\\/\\\/ihedn.fr\\\/lundis-de-lihedn\\\/le-temps-des-batailles-combattre-sur-tous-les-fronts\\\/\"},\"author\":{\"name\":\"tanguy.morel@ihedn.fr\",\"@id\":\"https:\\\/\\\/ihedn.fr\\\/#\\\/schema\\\/person\\\/ed217a37104b27a246b200e65b827cc7\"},\"headline\":\"Le temps des batailles : combattre, sur tous les fronts\",\"datePublished\":\"2024-06-24T07:27:50+00:00\",\"dateModified\":\"2025-09-03T14:52:43+00:00\",\"mainEntityOfPage\":{\"@id\":\"https:\\\/\\\/ihedn.fr\\\/lundis-de-lihedn\\\/le-temps-des-batailles-combattre-sur-tous-les-fronts\\\/\"},\"wordCount\":1708,\"publisher\":{\"@id\":\"https:\\\/\\\/ihedn.fr\\\/#organization\"},\"image\":{\"@id\":\"https:\\\/\\\/ihedn.fr\\\/lundis-de-lihedn\\\/le-temps-des-batailles-combattre-sur-tous-les-fronts\\\/#primaryimage\"},\"thumbnailUrl\":\"https:\\\/\\\/ihedn.fr\\\/wp-content\\\/uploads\\\/2024\\\/06\\\/Esprit-44-bandeau.jpg\",\"keywords\":[\"esprit44\"],\"articleSection\":[\"d\u00e9fense nationale\",\"Lundis de l'IHEDN\",\"Notre s\u00e9lection\"],\"inLanguage\":\"en-GB\"},{\"@type\":\"WebPage\",\"@id\":\"https:\\\/\\\/ihedn.fr\\\/lundis-de-lihedn\\\/le-temps-des-batailles-combattre-sur-tous-les-fronts\\\/\",\"url\":\"https:\\\/\\\/ihedn.fr\\\/lundis-de-lihedn\\\/le-temps-des-batailles-combattre-sur-tous-les-fronts\\\/\",\"name\":\"Le temps des batailles : combattre, sur tous les fronts - L&#039;IHEDN : Institut des hautes \u00e9tudes de d\u00e9fense nationale\",\"isPartOf\":{\"@id\":\"https:\\\/\\\/ihedn.fr\\\/#website\"},\"primaryImageOfPage\":{\"@id\":\"https:\\\/\\\/ihedn.fr\\\/lundis-de-lihedn\\\/le-temps-des-batailles-combattre-sur-tous-les-fronts\\\/#primaryimage\"},\"image\":{\"@id\":\"https:\\\/\\\/ihedn.fr\\\/lundis-de-lihedn\\\/le-temps-des-batailles-combattre-sur-tous-les-fronts\\\/#primaryimage\"},\"thumbnailUrl\":\"https:\\\/\\\/ihedn.fr\\\/wp-content\\\/uploads\\\/2024\\\/06\\\/Esprit-44-bandeau.jpg\",\"datePublished\":\"2024-06-24T07:27:50+00:00\",\"dateModified\":\"2025-09-03T14:52:43+00:00\",\"description\":\"Deuxi\u00e8me \u00e9pisode de notre s\u00e9rie \u00ab Esprit 44 \u00bb en partenariat avec la Fondation Charles-de-Gaulle. Nous explorons cette fois l\u2019engagement, sur diff\u00e9rents th\u00e9\u00e2tres d\u2019op\u00e9ration, de troupes de la France libre.\",\"breadcrumb\":{\"@id\":\"https:\\\/\\\/ihedn.fr\\\/lundis-de-lihedn\\\/le-temps-des-batailles-combattre-sur-tous-les-fronts\\\/#breadcrumb\"},\"inLanguage\":\"en-GB\",\"potentialAction\":[{\"@type\":\"ReadAction\",\"target\":[\"https:\\\/\\\/ihedn.fr\\\/lundis-de-lihedn\\\/le-temps-des-batailles-combattre-sur-tous-les-fronts\\\/\"]}]},{\"@type\":\"ImageObject\",\"inLanguage\":\"en-GB\",\"@id\":\"https:\\\/\\\/ihedn.fr\\\/lundis-de-lihedn\\\/le-temps-des-batailles-combattre-sur-tous-les-fronts\\\/#primaryimage\",\"url\":\"https:\\\/\\\/ihedn.fr\\\/wp-content\\\/uploads\\\/2024\\\/06\\\/Esprit-44-bandeau.jpg\",\"contentUrl\":\"https:\\\/\\\/ihedn.fr\\\/wp-content\\\/uploads\\\/2024\\\/06\\\/Esprit-44-bandeau.jpg\",\"width\":1920,\"height\":1080,\"caption\":\"Lundis de l'IHEDN | Le temps des batailles : combattre, sur tous les fronts\"},{\"@type\":\"BreadcrumbList\",\"@id\":\"https:\\\/\\\/ihedn.fr\\\/lundis-de-lihedn\\\/le-temps-des-batailles-combattre-sur-tous-les-fronts\\\/#breadcrumb\",\"itemListElement\":[{\"@type\":\"ListItem\",\"position\":1,\"name\":\"Accueil\",\"item\":\"https:\\\/\\\/ihedn.fr\\\/\"},{\"@type\":\"ListItem\",\"position\":2,\"name\":\"Le temps des batailles : combattre, sur tous les fronts\"}]},{\"@type\":\"WebSite\",\"@id\":\"https:\\\/\\\/ihedn.fr\\\/#website\",\"url\":\"https:\\\/\\\/ihedn.fr\\\/\",\"name\":\"IHEDN : Institut des hautes \u00e9tudes de d\u00e9fense nationale |\",\"description\":\"Site officiel de l&#039;IHEDN plac\u00e9 sous la tutelle du Premier ministre.\",\"publisher\":{\"@id\":\"https:\\\/\\\/ihedn.fr\\\/#organization\"},\"potentialAction\":[{\"@type\":\"SearchAction\",\"target\":{\"@type\":\"EntryPoint\",\"urlTemplate\":\"https:\\\/\\\/ihedn.fr\\\/?s={search_term_string}\"},\"query-input\":{\"@type\":\"PropertyValueSpecification\",\"valueRequired\":true,\"valueName\":\"search_term_string\"}}],\"inLanguage\":\"en-GB\"},{\"@type\":\"Organization\",\"@id\":\"https:\\\/\\\/ihedn.fr\\\/#organization\",\"name\":\"IHEDN - Institut des Hautes Etudes de D\u00e9fense Nationale\",\"url\":\"https:\\\/\\\/ihedn.fr\\\/\",\"logo\":{\"@type\":\"ImageObject\",\"inLanguage\":\"en-GB\",\"@id\":\"https:\\\/\\\/ihedn.fr\\\/#\\\/schema\\\/logo\\\/image\\\/\",\"url\":\"https:\\\/\\\/ihedn.fr\\\/wp-content\\\/uploads\\\/2020\\\/11\\\/BLOC_RF_IHEDN_WEB.png\",\"contentUrl\":\"https:\\\/\\\/ihedn.fr\\\/wp-content\\\/uploads\\\/2020\\\/11\\\/BLOC_RF_IHEDN_WEB.png\",\"width\":500,\"height\":237,\"caption\":\"IHEDN - Institut des Hautes Etudes de D\u00e9fense Nationale\"},\"image\":{\"@id\":\"https:\\\/\\\/ihedn.fr\\\/#\\\/schema\\\/logo\\\/image\\\/\"},\"sameAs\":[\"https:\\\/\\\/www.facebook.com\\\/ihedn\\\/\",\"https:\\\/\\\/x.com\\\/IHEDN\",\"https:\\\/\\\/www.instagram.com\\\/ihedn\\\/\",\"https:\\\/\\\/www.linkedin.com\\\/school\\\/ihedn\\\/\",\"https:\\\/\\\/fr.wikipedia.org\\\/wiki\\\/Institut_des_hautes_\u00e9tudes_de_D\u00e9fense_nationale\"]},{\"@type\":\"Person\",\"@id\":\"https:\\\/\\\/ihedn.fr\\\/#\\\/schema\\\/person\\\/ed217a37104b27a246b200e65b827cc7\",\"name\":\"tanguy.morel@ihedn.fr\",\"image\":{\"@type\":\"ImageObject\",\"inLanguage\":\"en-GB\",\"@id\":\"https:\\\/\\\/secure.gravatar.com\\\/avatar\\\/36877cd30919fafddf1f9da45f4154aa468a64328452f2ceaff0968772207348?s=96&d=mm&r=g\",\"url\":\"https:\\\/\\\/secure.gravatar.com\\\/avatar\\\/36877cd30919fafddf1f9da45f4154aa468a64328452f2ceaff0968772207348?s=96&d=mm&r=g\",\"contentUrl\":\"https:\\\/\\\/secure.gravatar.com\\\/avatar\\\/36877cd30919fafddf1f9da45f4154aa468a64328452f2ceaff0968772207348?s=96&d=mm&r=g\",\"caption\":\"tanguy.morel@ihedn.fr\"},\"url\":\"https:\\\/\\\/ihedn.fr\\\/en\\\/author\\\/tanguy-morelihedn-fr\\\/\"}]}<\/script>\n<!-- \/ Yoast SEO plugin. -->","yoast_head_json":{"title":"A time for battles: fighting on all fronts - L'IHEDN : Institut des hautes \u00e9tudes de d\u00e9fense nationale (Graduate Institute of National Defence)","description":"This is the second episode in our \"Esprit 44\" series in partnership with the Charles-de-Gaulle Foundation. This time we explore the involvement of Free French troops in various theatres of operation.","robots":{"index":"index","follow":"follow","max-snippet":"max-snippet:-1","max-image-preview":"max-image-preview:large","max-video-preview":"max-video-preview:-1"},"canonical":"https:\/\/ihedn.fr\/en\/lundis-de-lihedn\/le-temps-des-batailles-combattre-sur-tous-les-fronts\/","og_locale":"en_GB","og_type":"article","og_title":"Le temps des batailles : combattre, sur tous les fronts","og_description":"Deuxi\u00e8me \u00e9pisode de notre s\u00e9rie \u00ab Esprit 44 \u00bb en partenariat avec la Fondation Charles-de-Gaulle. Nous explorons cette fois l\u2019engagement, sur diff\u00e9rents th\u00e9\u00e2tres d\u2019op\u00e9ration, de troupes de la France libre.","og_url":"https:\/\/ihedn.fr\/en\/lundis-de-lihedn\/le-temps-des-batailles-combattre-sur-tous-les-fronts\/","og_site_name":"L&#039;IHEDN : Institut des hautes \u00e9tudes de d\u00e9fense nationale","article_publisher":"https:\/\/www.facebook.com\/ihedn\/","article_published_time":"2024-06-24T07:27:50+00:00","article_modified_time":"2025-09-03T14:52:43+00:00","og_image":[{"width":1920,"height":1080,"url":"https:\/\/ihedn.fr\/wp-content\/uploads\/2024\/06\/Esprit-44-bandeau.jpg","type":"image\/jpeg"}],"author":"tanguy.morel@ihedn.fr","twitter_card":"summary_large_image","twitter_title":"Le temps des batailles : combattre, sur tous les fronts","twitter_description":"Deuxi\u00e8me \u00e9pisode de notre s\u00e9rie \u00ab Esprit 44 \u00bb en partenariat avec la Fondation Charles-de-Gaulle. Nous explorons cette fois l\u2019engagement, sur diff\u00e9rents th\u00e9\u00e2tres d\u2019op\u00e9ration, de troupes de la France libre.","twitter_image":"https:\/\/ihedn.fr\/wp-content\/uploads\/2024\/06\/Esprit-44-bandeau.jpg","twitter_creator":"@IHEDN","twitter_site":"@IHEDN","twitter_misc":{"Written by":"tanguy.morel@ihedn.fr","Estimated reading time":"9 minutes"},"schema":{"@context":"https:\/\/schema.org","@graph":[{"@type":"Article","@id":"https:\/\/ihedn.fr\/lundis-de-lihedn\/le-temps-des-batailles-combattre-sur-tous-les-fronts\/#article","isPartOf":{"@id":"https:\/\/ihedn.fr\/lundis-de-lihedn\/le-temps-des-batailles-combattre-sur-tous-les-fronts\/"},"author":{"name":"tanguy.morel@ihedn.fr","@id":"https:\/\/ihedn.fr\/#\/schema\/person\/ed217a37104b27a246b200e65b827cc7"},"headline":"Le temps des batailles : combattre, sur tous les fronts","datePublished":"2024-06-24T07:27:50+00:00","dateModified":"2025-09-03T14:52:43+00:00","mainEntityOfPage":{"@id":"https:\/\/ihedn.fr\/lundis-de-lihedn\/le-temps-des-batailles-combattre-sur-tous-les-fronts\/"},"wordCount":1708,"publisher":{"@id":"https:\/\/ihedn.fr\/#organization"},"image":{"@id":"https:\/\/ihedn.fr\/lundis-de-lihedn\/le-temps-des-batailles-combattre-sur-tous-les-fronts\/#primaryimage"},"thumbnailUrl":"https:\/\/ihedn.fr\/wp-content\/uploads\/2024\/06\/Esprit-44-bandeau.jpg","keywords":["esprit44"],"articleSection":["d\u00e9fense nationale","Lundis de l'IHEDN","Notre s\u00e9lection"],"inLanguage":"en-GB"},{"@type":"WebPage","@id":"https:\/\/ihedn.fr\/lundis-de-lihedn\/le-temps-des-batailles-combattre-sur-tous-les-fronts\/","url":"https:\/\/ihedn.fr\/lundis-de-lihedn\/le-temps-des-batailles-combattre-sur-tous-les-fronts\/","name":"A time for battles: fighting on all fronts - L'IHEDN : Institut des hautes \u00e9tudes de d\u00e9fense nationale (Graduate Institute of National Defence)","isPartOf":{"@id":"https:\/\/ihedn.fr\/#website"},"primaryImageOfPage":{"@id":"https:\/\/ihedn.fr\/lundis-de-lihedn\/le-temps-des-batailles-combattre-sur-tous-les-fronts\/#primaryimage"},"image":{"@id":"https:\/\/ihedn.fr\/lundis-de-lihedn\/le-temps-des-batailles-combattre-sur-tous-les-fronts\/#primaryimage"},"thumbnailUrl":"https:\/\/ihedn.fr\/wp-content\/uploads\/2024\/06\/Esprit-44-bandeau.jpg","datePublished":"2024-06-24T07:27:50+00:00","dateModified":"2025-09-03T14:52:43+00:00","description":"This is the second episode in our \"Esprit 44\" series in partnership with the Charles-de-Gaulle Foundation. This time we explore the involvement of Free French troops in various theatres of operation.","breadcrumb":{"@id":"https:\/\/ihedn.fr\/lundis-de-lihedn\/le-temps-des-batailles-combattre-sur-tous-les-fronts\/#breadcrumb"},"inLanguage":"en-GB","potentialAction":[{"@type":"ReadAction","target":["https:\/\/ihedn.fr\/lundis-de-lihedn\/le-temps-des-batailles-combattre-sur-tous-les-fronts\/"]}]},{"@type":"ImageObject","inLanguage":"en-GB","@id":"https:\/\/ihedn.fr\/lundis-de-lihedn\/le-temps-des-batailles-combattre-sur-tous-les-fronts\/#primaryimage","url":"https:\/\/ihedn.fr\/wp-content\/uploads\/2024\/06\/Esprit-44-bandeau.jpg","contentUrl":"https:\/\/ihedn.fr\/wp-content\/uploads\/2024\/06\/Esprit-44-bandeau.jpg","width":1920,"height":1080,"caption":"Lundis de l'IHEDN | Le temps des batailles : combattre, sur tous les fronts"},{"@type":"BreadcrumbList","@id":"https:\/\/ihedn.fr\/lundis-de-lihedn\/le-temps-des-batailles-combattre-sur-tous-les-fronts\/#breadcrumb","itemListElement":[{"@type":"ListItem","position":1,"name":"Accueil","item":"https:\/\/ihedn.fr\/"},{"@type":"ListItem","position":2,"name":"Le temps des batailles : combattre, sur tous les fronts"}]},{"@type":"WebSite","@id":"https:\/\/ihedn.fr\/#website","url":"https:\/\/ihedn.fr\/","name":"IHEDN: Institut des hautes \u00e9tudes de d\u00e9fense nationale (Institute for Higher National Defence Studies)","description":"Official website of the IHEDN under the supervision of the Prime Minister.","publisher":{"@id":"https:\/\/ihedn.fr\/#organization"},"potentialAction":[{"@type":"SearchAction","target":{"@type":"EntryPoint","urlTemplate":"https:\/\/ihedn.fr\/?s={search_term_string}"},"query-input":{"@type":"PropertyValueSpecification","valueRequired":true,"valueName":"search_term_string"}}],"inLanguage":"en-GB"},{"@type":"Organization","@id":"https:\/\/ihedn.fr\/#organization","name":"IHEDN - Institute for Higher National Defence Studies","url":"https:\/\/ihedn.fr\/","logo":{"@type":"ImageObject","inLanguage":"en-GB","@id":"https:\/\/ihedn.fr\/#\/schema\/logo\/image\/","url":"https:\/\/ihedn.fr\/wp-content\/uploads\/2020\/11\/BLOC_RF_IHEDN_WEB.png","contentUrl":"https:\/\/ihedn.fr\/wp-content\/uploads\/2020\/11\/BLOC_RF_IHEDN_WEB.png","width":500,"height":237,"caption":"IHEDN - Institut des Hautes Etudes de D\u00e9fense Nationale"},"image":{"@id":"https:\/\/ihedn.fr\/#\/schema\/logo\/image\/"},"sameAs":["https:\/\/www.facebook.com\/ihedn\/","https:\/\/x.com\/IHEDN","https:\/\/www.instagram.com\/ihedn\/","https:\/\/www.linkedin.com\/school\/ihedn\/","https:\/\/fr.wikipedia.org\/wiki\/Institut_des_hautes_\u00e9tudes_de_D\u00e9fense_nationale"]},{"@type":"Person","@id":"https:\/\/ihedn.fr\/#\/schema\/person\/ed217a37104b27a246b200e65b827cc7","name":"tanguy.morel@ihedn.fr","image":{"@type":"ImageObject","inLanguage":"en-GB","@id":"https:\/\/secure.gravatar.com\/avatar\/36877cd30919fafddf1f9da45f4154aa468a64328452f2ceaff0968772207348?s=96&d=mm&r=g","url":"https:\/\/secure.gravatar.com\/avatar\/36877cd30919fafddf1f9da45f4154aa468a64328452f2ceaff0968772207348?s=96&d=mm&r=g","contentUrl":"https:\/\/secure.gravatar.com\/avatar\/36877cd30919fafddf1f9da45f4154aa468a64328452f2ceaff0968772207348?s=96&d=mm&r=g","caption":"tanguy.morel@ihedn.fr"},"url":"https:\/\/ihedn.fr\/en\/author\/tanguy-morelihedn-fr\/"}]}},"publishpress_future_action":{"enabled":false,"date":"2026-05-06 22:54:29","action":"change-status","newStatus":"draft","terms":[],"taxonomy":"category","extraData":[]},"publishpress_future_workflow_manual_trigger":{"enabledWorkflows":[]},"_links":{"self":[{"href":"https:\/\/ihedn.fr\/en\/wp-json\/wp\/v2\/posts\/48300","targetHints":{"allow":["GET"]}}],"collection":[{"href":"https:\/\/ihedn.fr\/en\/wp-json\/wp\/v2\/posts"}],"about":[{"href":"https:\/\/ihedn.fr\/en\/wp-json\/wp\/v2\/types\/post"}],"author":[{"embeddable":true,"href":"https:\/\/ihedn.fr\/en\/wp-json\/wp\/v2\/users\/10"}],"replies":[{"embeddable":true,"href":"https:\/\/ihedn.fr\/en\/wp-json\/wp\/v2\/comments?post=48300"}],"version-history":[{"count":16,"href":"https:\/\/ihedn.fr\/en\/wp-json\/wp\/v2\/posts\/48300\/revisions"}],"predecessor-version":[{"id":48323,"href":"https:\/\/ihedn.fr\/en\/wp-json\/wp\/v2\/posts\/48300\/revisions\/48323"}],"wp:featuredmedia":[{"embeddable":true,"href":"https:\/\/ihedn.fr\/en\/wp-json\/wp\/v2\/media\/48322"}],"wp:attachment":[{"href":"https:\/\/ihedn.fr\/en\/wp-json\/wp\/v2\/media?parent=48300"}],"wp:term":[{"taxonomy":"category","embeddable":true,"href":"https:\/\/ihedn.fr\/en\/wp-json\/wp\/v2\/categories?post=48300"},{"taxonomy":"post_tag","embeddable":true,"href":"https:\/\/ihedn.fr\/en\/wp-json\/wp\/v2\/tags?post=48300"}],"curies":[{"name":"wp","href":"https:\/\/api.w.org\/{rel}","templated":true}]}}