{"id":48371,"date":"2024-06-27T10:51:47","date_gmt":"2024-06-27T09:51:47","guid":{"rendered":"https:\/\/ihedn.fr\/?p=48371"},"modified":"2024-06-27T10:55:02","modified_gmt":"2024-06-27T09:55:02","slug":"tours-accueille-la-238supe-sup-session-en-region-centre-val-de-loire","status":"publish","type":"post","link":"https:\/\/ihedn.fr\/en\/notre-actualite\/tours-accueille-la-238supe-sup-session-en-region-centre-val-de-loire\/","title":{"rendered":"Tours hosts the 238<sup>e<\/sup> session in the Centre-Val de Loire region"},"content":{"rendered":"<div data-elementor-type=\"wp-post\" data-elementor-id=\"48371\" class=\"elementor elementor-48371\" data-elementor-post-type=\"post\">\n\t\t\t\t<div data-particle_enable=\"false\" data-particle-mobile-disabled=\"false\" class=\"elementor-element elementor-element-93a82e0 e-con-full e-flex e-con e-parent\" data-id=\"93a82e0\" data-element_type=\"container\" data-e-type=\"container\">\n\t\t\t\t<div class=\"elementor-element elementor-element-a59142f elementor-widget elementor-widget-text-editor\" data-id=\"a59142f\" data-element_type=\"widget\" data-e-type=\"widget\" data-widget_type=\"text-editor.default\">\n\t\t\t\t<div class=\"elementor-widget-container\">\n\t\t\t\t\t\t\t\t\t<p>Prefect Herv\u00e9 Tourmente, Delegate Prefect for Defence and Security for the West Zone, and Lieutenant General Laurent Michon, General Officer for the West Zone of Defence and Security (OGZDS), provided valuable insights into the strategies and measures in place. In addition, Fran\u00e7ois-Pierre Gitton, Director of Insee Centre-Val de Loire, gave a numerical overview of the region's demographics, its peculiarities and contrasts, providing listeners with an essential database for measuring specific regional issues.<\/p><p>The week was interspersed with a reception at the H\u00f4tel du Grand Commandement in Tours. Organised by Major General Jean-Marc Ch\u00e2tillon in the presence of the departmental prefect, Patrice Latron, and General Michon, this reception gave the audience a valuable opportunity to meet key players in crisis management.<\/p><p>Visits to the Chinon nuclear power plant and the Indre-et-Loire gendarmerie group were organised with the same aim of understanding security issues. They enabled the auditors to grasp the operational and logistical challenges associated with the security of these critical infrastructures. The regional and national importance of this type of infrastructure was also demonstrated during the visit to the Cinq-Mars-la-Pile air traffic control centre, which supervises the smooth movement of aircraft throughout France.<\/p><p>For several committees, the programme for this week, which focused on national security, proved to be crucial for refining the objectives and identifying the results expected at the feedback meeting scheduled for 21 June in Orl\u00e9ans.<\/p>\t\t\t\t\t\t\t\t<\/div>\n\t\t\t\t<\/div>\n\t\t\t\t<\/div>\n\t\t<div data-particle_enable=\"false\" data-particle-mobile-disabled=\"false\" class=\"elementor-element elementor-element-3efdabf e-grid e-con-boxed e-con e-parent\" data-id=\"3efdabf\" data-element_type=\"container\" data-e-type=\"container\">\n\t\t\t\t\t<div class=\"e-con-inner\">\n\t\t\t\t<div class=\"elementor-element elementor-element-53abc4a elementor-widget elementor-widget-image\" data-id=\"53abc4a\" data-element_type=\"widget\" data-e-type=\"widget\" data-widget_type=\"image.default\">\n\t\t\t\t<div class=\"elementor-widget-container\">\n\t\t\t\t\t\t\t\t\t\t\t\t\t\t\t<img fetchpriority=\"high\" decoding=\"async\" width=\"1600\" height=\"1200\" src=\"https:\/\/ihedn.fr\/wp-content\/uploads\/2024\/06\/WhatsApp-Image-2024-06-27-at-11.48.421.jpeg\" class=\"attachment-full size-full wp-image-48374\" alt=\"\" srcset=\"https:\/\/ihedn.fr\/wp-content\/uploads\/2024\/06\/WhatsApp-Image-2024-06-27-at-11.48.421.jpeg 1600w, https:\/\/ihedn.fr\/wp-content\/uploads\/2024\/06\/WhatsApp-Image-2024-06-27-at-11.48.421-1536x1152.jpeg 1536w, https:\/\/ihedn.fr\/wp-content\/uploads\/2024\/06\/WhatsApp-Image-2024-06-27-at-11.48.421-16x12.jpeg 16w\" sizes=\"(max-width: 1600px) 100vw, 1600px\" \/>\t\t\t\t\t\t\t\t\t\t\t\t\t\t\t<\/div>\n\t\t\t\t<\/div>\n\t\t\t\t<div class=\"elementor-element elementor-element-8df52d7 elementor-widget elementor-widget-image\" data-id=\"8df52d7\" data-element_type=\"widget\" data-e-type=\"widget\" data-widget_type=\"image.default\">\n\t\t\t\t<div class=\"elementor-widget-container\">\n\t\t\t\t\t\t\t\t\t\t\t\t\t\t\t<img decoding=\"async\" width=\"1600\" height=\"1200\" src=\"https:\/\/ihedn.fr\/wp-content\/uploads\/2024\/06\/WhatsApp-Image-2024-06-27-at-11.48.422.jpeg\" class=\"attachment-full size-full wp-image-48375\" alt=\"\" srcset=\"https:\/\/ihedn.fr\/wp-content\/uploads\/2024\/06\/WhatsApp-Image-2024-06-27-at-11.48.422.jpeg 1600w, https:\/\/ihedn.fr\/wp-content\/uploads\/2024\/06\/WhatsApp-Image-2024-06-27-at-11.48.422-1536x1152.jpeg 1536w, https:\/\/ihedn.fr\/wp-content\/uploads\/2024\/06\/WhatsApp-Image-2024-06-27-at-11.48.422-16x12.jpeg 16w\" sizes=\"(max-width: 1600px) 100vw, 1600px\" \/>\t\t\t\t\t\t\t\t\t\t\t\t\t\t\t<\/div>\n\t\t\t\t<\/div>\n\t\t\t\t<div class=\"elementor-element elementor-element-451dadc elementor-widget elementor-widget-image\" data-id=\"451dadc\" data-element_type=\"widget\" data-e-type=\"widget\" data-widget_type=\"image.default\">\n\t\t\t\t<div class=\"elementor-widget-container\">\n\t\t\t\t\t\t\t\t\t\t\t\t\t\t\t<img decoding=\"async\" width=\"1600\" height=\"1200\" src=\"https:\/\/ihedn.fr\/wp-content\/uploads\/2024\/06\/WhatsApp-Image-2024-06-27-at-11.48.423.jpeg\" class=\"attachment-full size-full wp-image-48376\" alt=\"\" srcset=\"https:\/\/ihedn.fr\/wp-content\/uploads\/2024\/06\/WhatsApp-Image-2024-06-27-at-11.48.423.jpeg 1600w, https:\/\/ihedn.fr\/wp-content\/uploads\/2024\/06\/WhatsApp-Image-2024-06-27-at-11.48.423-1536x1152.jpeg 1536w, https:\/\/ihedn.fr\/wp-content\/uploads\/2024\/06\/WhatsApp-Image-2024-06-27-at-11.48.423-16x12.jpeg 16w\" sizes=\"(max-width: 1600px) 100vw, 1600px\" \/>\t\t\t\t\t\t\t\t\t\t\t\t\t\t\t<\/div>\n\t\t\t\t<\/div>\n\t\t\t\t\t<\/div>\n\t\t\t\t<\/div>\n\t\t\t\t<\/div>","protected":false},"excerpt":{"rendered":"<p>From 11 to 14 June, the 238th session in the Centre-Val de Loire region brought together experts and managers to explore the challenges of risk prevention and crisis management. The meeting was marked by high-level conferences, visits to critical infrastructures and in-depth strategic discussions.<\/p>","protected":false},"author":12,"featured_media":48372,"comment_status":"closed","ping_status":"closed","sticky":false,"template":"","format":"standard","meta":{"footnotes":""},"categories":[172],"tags":[],"class_list":["post-48371","post","type-post","status-publish","format-standard","has-post-thumbnail","hentry","category-notre-actualite"],"yoast_head":"<!-- This site is optimized with the Yoast SEO plugin v27.5 - https:\/\/yoast.com\/product\/yoast-seo-wordpress\/ -->\n<title>Tours accueille la 238e session en r\u00e9gion Centre-Val de Loire - L&#039;IHEDN : Institut des hautes \u00e9tudes de d\u00e9fense nationale<\/title>\n<meta name=\"description\" content=\"Du 11 au 14 juin, la 238e session en r\u00e9gion Centre-Val de Loire a r\u00e9uni experts et responsables afin d&#039;explorer les enjeux li\u00e9s \u00e0 la pr\u00e9vention des risques et \u00e0 la gestion de crises. Cette rencontre a \u00e9t\u00e9 marqu\u00e9e par des conf\u00e9rences de haut niveau, des visites d&#039;infrastructures critiques et des \u00e9changes strat\u00e9giques approfondis.\" \/>\n<meta name=\"robots\" content=\"index, follow, max-snippet:-1, max-image-preview:large, max-video-preview:-1\" \/>\n<link rel=\"canonical\" href=\"https:\/\/ihedn.fr\/en\/notre-actualite\/tours-accueille-la-238supe-sup-session-en-region-centre-val-de-loire\/\" \/>\n<meta property=\"og:locale\" content=\"en_GB\" \/>\n<meta property=\"og:type\" content=\"article\" \/>\n<meta property=\"og:title\" content=\"Tours accueille la 238e session en r\u00e9gion Centre-Val de Loire\" \/>\n<meta property=\"og:description\" content=\"Du 11 au 14 juin, la 238e session en r\u00e9gion Centre-Val de Loire a r\u00e9uni experts et responsables afin d&#039;explorer les enjeux li\u00e9s \u00e0 la pr\u00e9vention des risques et \u00e0 la gestion de crises. Cette rencontre a \u00e9t\u00e9 marqu\u00e9e par des conf\u00e9rences de haut niveau, des visites d&#039;infrastructures critiques et des \u00e9changes strat\u00e9giques approfondis.\" \/>\n<meta property=\"og:url\" content=\"https:\/\/ihedn.fr\/en\/notre-actualite\/tours-accueille-la-238supe-sup-session-en-region-centre-val-de-loire\/\" \/>\n<meta property=\"og:site_name\" content=\"L&#039;IHEDN : Institut des hautes \u00e9tudes de d\u00e9fense nationale\" \/>\n<meta property=\"article:publisher\" content=\"https:\/\/www.facebook.com\/ihedn\/\" \/>\n<meta property=\"article:published_time\" content=\"2024-06-27T09:51:47+00:00\" \/>\n<meta property=\"article:modified_time\" content=\"2024-06-27T09:55:02+00:00\" \/>\n<meta property=\"og:image\" content=\"https:\/\/ihedn.fr\/wp-content\/uploads\/2024\/06\/WhatsApp-Image-2024-06-27-at-11.48.431.jpeg\" \/>\n\t<meta property=\"og:image:width\" content=\"1600\" \/>\n\t<meta property=\"og:image:height\" content=\"1200\" \/>\n\t<meta property=\"og:image:type\" content=\"image\/jpeg\" \/>\n<meta name=\"author\" content=\"Ad\u00e8le Thoumieux\" \/>\n<meta name=\"twitter:card\" content=\"summary_large_image\" \/>\n<meta name=\"twitter:title\" content=\"Tours accueille la 238&lt;sup&gt;e&lt;\/sup&gt; session en r\u00e9gion Centre-Val de Loire\" \/>\n<meta name=\"twitter:description\" content=\"Du 28 au 31 mai, la ville de Bourges a accueilli la deuxi\u00e8me semaine de formation de la 238e session en r\u00e9gion Centre-Val de Loire, une opportunit\u00e9 unique pour les 49 auditeurs d&#039;enrichir leurs connaissances et leur compr\u00e9hension des probl\u00e9matiques de d\u00e9fense contemporaines.\" \/>\n<meta name=\"twitter:image\" content=\"https:\/\/ihedn.fr\/wp-content\/uploads\/2024\/06\/WhatsApp-Image-2024-06-27-at-11.48.431.jpeg\" \/>\n<meta name=\"twitter:creator\" content=\"@IHEDN\" \/>\n<meta name=\"twitter:site\" content=\"@IHEDN\" \/>\n<meta name=\"twitter:label1\" content=\"Written by\" \/>\n\t<meta name=\"twitter:data1\" content=\"Ad\u00e8le Thoumieux\" \/>\n\t<meta name=\"twitter:label2\" content=\"Estimated reading time\" \/>\n\t<meta name=\"twitter:data2\" content=\"2 minutes\" \/>\n<script type=\"application\/ld+json\" class=\"yoast-schema-graph\">{\"@context\":\"https:\\\/\\\/schema.org\",\"@graph\":[{\"@type\":\"Article\",\"@id\":\"https:\\\/\\\/ihedn.fr\\\/notre-actualite\\\/tours-accueille-la-238supe-sup-session-en-region-centre-val-de-loire\\\/#article\",\"isPartOf\":{\"@id\":\"https:\\\/\\\/ihedn.fr\\\/notre-actualite\\\/tours-accueille-la-238supe-sup-session-en-region-centre-val-de-loire\\\/\"},\"author\":{\"name\":\"Ad\u00e8le Thoumieux\",\"@id\":\"https:\\\/\\\/ihedn.fr\\\/#\\\/schema\\\/person\\\/16d49c2bd0121499ea9b9023ce89826c\"},\"headline\":\"Tours accueille la 238e session en r\u00e9gion Centre-Val de Loire\",\"datePublished\":\"2024-06-27T09:51:47+00:00\",\"dateModified\":\"2024-06-27T09:55:02+00:00\",\"mainEntityOfPage\":{\"@id\":\"https:\\\/\\\/ihedn.fr\\\/notre-actualite\\\/tours-accueille-la-238supe-sup-session-en-region-centre-val-de-loire\\\/\"},\"wordCount\":331,\"publisher\":{\"@id\":\"https:\\\/\\\/ihedn.fr\\\/#organization\"},\"image\":{\"@id\":\"https:\\\/\\\/ihedn.fr\\\/notre-actualite\\\/tours-accueille-la-238supe-sup-session-en-region-centre-val-de-loire\\\/#primaryimage\"},\"thumbnailUrl\":\"https:\\\/\\\/ihedn.fr\\\/wp-content\\\/uploads\\\/2024\\\/06\\\/WhatsApp-Image-2024-06-27-at-11.48.431.jpeg\",\"articleSection\":[\"Notre actualit\u00e9\"],\"inLanguage\":\"en-GB\"},{\"@type\":\"WebPage\",\"@id\":\"https:\\\/\\\/ihedn.fr\\\/notre-actualite\\\/tours-accueille-la-238supe-sup-session-en-region-centre-val-de-loire\\\/\",\"url\":\"https:\\\/\\\/ihedn.fr\\\/notre-actualite\\\/tours-accueille-la-238supe-sup-session-en-region-centre-val-de-loire\\\/\",\"name\":\"Tours accueille la 238e session en r\u00e9gion Centre-Val de Loire - L&#039;IHEDN : Institut des hautes \u00e9tudes de d\u00e9fense nationale\",\"isPartOf\":{\"@id\":\"https:\\\/\\\/ihedn.fr\\\/#website\"},\"primaryImageOfPage\":{\"@id\":\"https:\\\/\\\/ihedn.fr\\\/notre-actualite\\\/tours-accueille-la-238supe-sup-session-en-region-centre-val-de-loire\\\/#primaryimage\"},\"image\":{\"@id\":\"https:\\\/\\\/ihedn.fr\\\/notre-actualite\\\/tours-accueille-la-238supe-sup-session-en-region-centre-val-de-loire\\\/#primaryimage\"},\"thumbnailUrl\":\"https:\\\/\\\/ihedn.fr\\\/wp-content\\\/uploads\\\/2024\\\/06\\\/WhatsApp-Image-2024-06-27-at-11.48.431.jpeg\",\"datePublished\":\"2024-06-27T09:51:47+00:00\",\"dateModified\":\"2024-06-27T09:55:02+00:00\",\"description\":\"Du 11 au 14 juin, la 238e session en r\u00e9gion Centre-Val de Loire a r\u00e9uni experts et responsables afin d'explorer les enjeux li\u00e9s \u00e0 la pr\u00e9vention des risques et \u00e0 la gestion de crises. Cette rencontre a \u00e9t\u00e9 marqu\u00e9e par des conf\u00e9rences de haut niveau, des visites d'infrastructures critiques et des \u00e9changes strat\u00e9giques approfondis.\",\"breadcrumb\":{\"@id\":\"https:\\\/\\\/ihedn.fr\\\/notre-actualite\\\/tours-accueille-la-238supe-sup-session-en-region-centre-val-de-loire\\\/#breadcrumb\"},\"inLanguage\":\"en-GB\",\"potentialAction\":[{\"@type\":\"ReadAction\",\"target\":[\"https:\\\/\\\/ihedn.fr\\\/notre-actualite\\\/tours-accueille-la-238supe-sup-session-en-region-centre-val-de-loire\\\/\"]}]},{\"@type\":\"ImageObject\",\"inLanguage\":\"en-GB\",\"@id\":\"https:\\\/\\\/ihedn.fr\\\/notre-actualite\\\/tours-accueille-la-238supe-sup-session-en-region-centre-val-de-loire\\\/#primaryimage\",\"url\":\"https:\\\/\\\/ihedn.fr\\\/wp-content\\\/uploads\\\/2024\\\/06\\\/WhatsApp-Image-2024-06-27-at-11.48.431.jpeg\",\"contentUrl\":\"https:\\\/\\\/ihedn.fr\\\/wp-content\\\/uploads\\\/2024\\\/06\\\/WhatsApp-Image-2024-06-27-at-11.48.431.jpeg\",\"width\":1600,\"height\":1200},{\"@type\":\"BreadcrumbList\",\"@id\":\"https:\\\/\\\/ihedn.fr\\\/notre-actualite\\\/tours-accueille-la-238supe-sup-session-en-region-centre-val-de-loire\\\/#breadcrumb\",\"itemListElement\":[{\"@type\":\"ListItem\",\"position\":1,\"name\":\"Accueil\",\"item\":\"https:\\\/\\\/ihedn.fr\\\/\"},{\"@type\":\"ListItem\",\"position\":2,\"name\":\"Tours accueille la 238e session en r\u00e9gion Centre-Val de Loire\"}]},{\"@type\":\"WebSite\",\"@id\":\"https:\\\/\\\/ihedn.fr\\\/#website\",\"url\":\"https:\\\/\\\/ihedn.fr\\\/\",\"name\":\"IHEDN : Institut des hautes \u00e9tudes de d\u00e9fense nationale |\",\"description\":\"Site officiel de l&#039;IHEDN plac\u00e9 sous la tutelle du Premier ministre.\",\"publisher\":{\"@id\":\"https:\\\/\\\/ihedn.fr\\\/#organization\"},\"potentialAction\":[{\"@type\":\"SearchAction\",\"target\":{\"@type\":\"EntryPoint\",\"urlTemplate\":\"https:\\\/\\\/ihedn.fr\\\/?s={search_term_string}\"},\"query-input\":{\"@type\":\"PropertyValueSpecification\",\"valueRequired\":true,\"valueName\":\"search_term_string\"}}],\"inLanguage\":\"en-GB\"},{\"@type\":\"Organization\",\"@id\":\"https:\\\/\\\/ihedn.fr\\\/#organization\",\"name\":\"IHEDN - Institut des Hautes Etudes de D\u00e9fense Nationale\",\"url\":\"https:\\\/\\\/ihedn.fr\\\/\",\"logo\":{\"@type\":\"ImageObject\",\"inLanguage\":\"en-GB\",\"@id\":\"https:\\\/\\\/ihedn.fr\\\/#\\\/schema\\\/logo\\\/image\\\/\",\"url\":\"https:\\\/\\\/ihedn.fr\\\/wp-content\\\/uploads\\\/2020\\\/11\\\/BLOC_RF_IHEDN_WEB.png\",\"contentUrl\":\"https:\\\/\\\/ihedn.fr\\\/wp-content\\\/uploads\\\/2020\\\/11\\\/BLOC_RF_IHEDN_WEB.png\",\"width\":500,\"height\":237,\"caption\":\"IHEDN - Institut des Hautes Etudes de D\u00e9fense Nationale\"},\"image\":{\"@id\":\"https:\\\/\\\/ihedn.fr\\\/#\\\/schema\\\/logo\\\/image\\\/\"},\"sameAs\":[\"https:\\\/\\\/www.facebook.com\\\/ihedn\\\/\",\"https:\\\/\\\/x.com\\\/IHEDN\",\"https:\\\/\\\/www.instagram.com\\\/ihedn\\\/\",\"https:\\\/\\\/www.linkedin.com\\\/school\\\/ihedn\\\/\",\"https:\\\/\\\/fr.wikipedia.org\\\/wiki\\\/Institut_des_hautes_\u00e9tudes_de_D\u00e9fense_nationale\"]},{\"@type\":\"Person\",\"@id\":\"https:\\\/\\\/ihedn.fr\\\/#\\\/schema\\\/person\\\/16d49c2bd0121499ea9b9023ce89826c\",\"name\":\"Ad\u00e8le Thoumieux\",\"image\":{\"@type\":\"ImageObject\",\"inLanguage\":\"en-GB\",\"@id\":\"https:\\\/\\\/secure.gravatar.com\\\/avatar\\\/64fc58d14679bdd185946349bcb229b06e37d30d6290c2bec15f1daa8f8e0ece?s=96&d=mm&r=g\",\"url\":\"https:\\\/\\\/secure.gravatar.com\\\/avatar\\\/64fc58d14679bdd185946349bcb229b06e37d30d6290c2bec15f1daa8f8e0ece?s=96&d=mm&r=g\",\"contentUrl\":\"https:\\\/\\\/secure.gravatar.com\\\/avatar\\\/64fc58d14679bdd185946349bcb229b06e37d30d6290c2bec15f1daa8f8e0ece?s=96&d=mm&r=g\",\"caption\":\"Ad\u00e8le Thoumieux\"},\"sameAs\":[\"http:\\\/\\\/ihedn.fr\"],\"url\":\"https:\\\/\\\/ihedn.fr\\\/en\\\/author\\\/thoumieux\\\/\"}]}<\/script>\n<!-- \/ Yoast SEO plugin. -->","yoast_head_json":{"title":"Tours hosts the 238th session in the Centre-Val de Loire region - L'IHEDN : Institut des hautes \u00e9tudes de d\u00e9fense nationale (French Institute for Advanced National Defence Studies)","description":"From 11 to 14 June, the 238th session in the Centre-Val de Loire region brought together experts and managers to explore the challenges of risk prevention and crisis management. The meeting was marked by high-level conferences, visits to critical infrastructures and in-depth strategic discussions.","robots":{"index":"index","follow":"follow","max-snippet":"max-snippet:-1","max-image-preview":"max-image-preview:large","max-video-preview":"max-video-preview:-1"},"canonical":"https:\/\/ihedn.fr\/en\/notre-actualite\/tours-accueille-la-238supe-sup-session-en-region-centre-val-de-loire\/","og_locale":"en_GB","og_type":"article","og_title":"Tours accueille la 238e session en r\u00e9gion Centre-Val de Loire","og_description":"Du 11 au 14 juin, la 238e session en r\u00e9gion Centre-Val de Loire a r\u00e9uni experts et responsables afin d'explorer les enjeux li\u00e9s \u00e0 la pr\u00e9vention des risques et \u00e0 la gestion de crises. Cette rencontre a \u00e9t\u00e9 marqu\u00e9e par des conf\u00e9rences de haut niveau, des visites d'infrastructures critiques et des \u00e9changes strat\u00e9giques approfondis.","og_url":"https:\/\/ihedn.fr\/en\/notre-actualite\/tours-accueille-la-238supe-sup-session-en-region-centre-val-de-loire\/","og_site_name":"L&#039;IHEDN : Institut des hautes \u00e9tudes de d\u00e9fense nationale","article_publisher":"https:\/\/www.facebook.com\/ihedn\/","article_published_time":"2024-06-27T09:51:47+00:00","article_modified_time":"2024-06-27T09:55:02+00:00","og_image":[{"width":1600,"height":1200,"url":"https:\/\/ihedn.fr\/wp-content\/uploads\/2024\/06\/WhatsApp-Image-2024-06-27-at-11.48.431.jpeg","type":"image\/jpeg"}],"author":"Ad\u00e8le Thoumieux","twitter_card":"summary_large_image","twitter_title":"Tours accueille la 238<sup>e<\/sup> session en r\u00e9gion Centre-Val de Loire","twitter_description":"Du 28 au 31 mai, la ville de Bourges a accueilli la deuxi\u00e8me semaine de formation de la 238e session en r\u00e9gion Centre-Val de Loire, une opportunit\u00e9 unique pour les 49 auditeurs d'enrichir leurs connaissances et leur compr\u00e9hension des probl\u00e9matiques de d\u00e9fense contemporaines.","twitter_image":"https:\/\/ihedn.fr\/wp-content\/uploads\/2024\/06\/WhatsApp-Image-2024-06-27-at-11.48.431.jpeg","twitter_creator":"@IHEDN","twitter_site":"@IHEDN","twitter_misc":{"Written by":"Ad\u00e8le Thoumieux","Estimated reading time":"2 minutes"},"schema":{"@context":"https:\/\/schema.org","@graph":[{"@type":"Article","@id":"https:\/\/ihedn.fr\/notre-actualite\/tours-accueille-la-238supe-sup-session-en-region-centre-val-de-loire\/#article","isPartOf":{"@id":"https:\/\/ihedn.fr\/notre-actualite\/tours-accueille-la-238supe-sup-session-en-region-centre-val-de-loire\/"},"author":{"name":"Ad\u00e8le Thoumieux","@id":"https:\/\/ihedn.fr\/#\/schema\/person\/16d49c2bd0121499ea9b9023ce89826c"},"headline":"Tours accueille la 238e session en r\u00e9gion Centre-Val de Loire","datePublished":"2024-06-27T09:51:47+00:00","dateModified":"2024-06-27T09:55:02+00:00","mainEntityOfPage":{"@id":"https:\/\/ihedn.fr\/notre-actualite\/tours-accueille-la-238supe-sup-session-en-region-centre-val-de-loire\/"},"wordCount":331,"publisher":{"@id":"https:\/\/ihedn.fr\/#organization"},"image":{"@id":"https:\/\/ihedn.fr\/notre-actualite\/tours-accueille-la-238supe-sup-session-en-region-centre-val-de-loire\/#primaryimage"},"thumbnailUrl":"https:\/\/ihedn.fr\/wp-content\/uploads\/2024\/06\/WhatsApp-Image-2024-06-27-at-11.48.431.jpeg","articleSection":["Notre actualit\u00e9"],"inLanguage":"en-GB"},{"@type":"WebPage","@id":"https:\/\/ihedn.fr\/notre-actualite\/tours-accueille-la-238supe-sup-session-en-region-centre-val-de-loire\/","url":"https:\/\/ihedn.fr\/notre-actualite\/tours-accueille-la-238supe-sup-session-en-region-centre-val-de-loire\/","name":"Tours hosts the 238th session in the Centre-Val de Loire region - L'IHEDN : Institut des hautes \u00e9tudes de d\u00e9fense nationale (French Institute for Advanced National Defence Studies)","isPartOf":{"@id":"https:\/\/ihedn.fr\/#website"},"primaryImageOfPage":{"@id":"https:\/\/ihedn.fr\/notre-actualite\/tours-accueille-la-238supe-sup-session-en-region-centre-val-de-loire\/#primaryimage"},"image":{"@id":"https:\/\/ihedn.fr\/notre-actualite\/tours-accueille-la-238supe-sup-session-en-region-centre-val-de-loire\/#primaryimage"},"thumbnailUrl":"https:\/\/ihedn.fr\/wp-content\/uploads\/2024\/06\/WhatsApp-Image-2024-06-27-at-11.48.431.jpeg","datePublished":"2024-06-27T09:51:47+00:00","dateModified":"2024-06-27T09:55:02+00:00","description":"From 11 to 14 June, the 238th session in the Centre-Val de Loire region brought together experts and managers to explore the challenges of risk prevention and crisis management. The meeting was marked by high-level conferences, visits to critical infrastructures and in-depth strategic discussions.","breadcrumb":{"@id":"https:\/\/ihedn.fr\/notre-actualite\/tours-accueille-la-238supe-sup-session-en-region-centre-val-de-loire\/#breadcrumb"},"inLanguage":"en-GB","potentialAction":[{"@type":"ReadAction","target":["https:\/\/ihedn.fr\/notre-actualite\/tours-accueille-la-238supe-sup-session-en-region-centre-val-de-loire\/"]}]},{"@type":"ImageObject","inLanguage":"en-GB","@id":"https:\/\/ihedn.fr\/notre-actualite\/tours-accueille-la-238supe-sup-session-en-region-centre-val-de-loire\/#primaryimage","url":"https:\/\/ihedn.fr\/wp-content\/uploads\/2024\/06\/WhatsApp-Image-2024-06-27-at-11.48.431.jpeg","contentUrl":"https:\/\/ihedn.fr\/wp-content\/uploads\/2024\/06\/WhatsApp-Image-2024-06-27-at-11.48.431.jpeg","width":1600,"height":1200},{"@type":"BreadcrumbList","@id":"https:\/\/ihedn.fr\/notre-actualite\/tours-accueille-la-238supe-sup-session-en-region-centre-val-de-loire\/#breadcrumb","itemListElement":[{"@type":"ListItem","position":1,"name":"Accueil","item":"https:\/\/ihedn.fr\/"},{"@type":"ListItem","position":2,"name":"Tours accueille la 238e session en r\u00e9gion Centre-Val de Loire"}]},{"@type":"WebSite","@id":"https:\/\/ihedn.fr\/#website","url":"https:\/\/ihedn.fr\/","name":"IHEDN: Institut des hautes \u00e9tudes de d\u00e9fense nationale (Institute for Higher National Defence Studies)","description":"Official website of the IHEDN under the supervision of the Prime Minister.","publisher":{"@id":"https:\/\/ihedn.fr\/#organization"},"potentialAction":[{"@type":"SearchAction","target":{"@type":"EntryPoint","urlTemplate":"https:\/\/ihedn.fr\/?s={search_term_string}"},"query-input":{"@type":"PropertyValueSpecification","valueRequired":true,"valueName":"search_term_string"}}],"inLanguage":"en-GB"},{"@type":"Organization","@id":"https:\/\/ihedn.fr\/#organization","name":"IHEDN - Institute for Higher National Defence Studies","url":"https:\/\/ihedn.fr\/","logo":{"@type":"ImageObject","inLanguage":"en-GB","@id":"https:\/\/ihedn.fr\/#\/schema\/logo\/image\/","url":"https:\/\/ihedn.fr\/wp-content\/uploads\/2020\/11\/BLOC_RF_IHEDN_WEB.png","contentUrl":"https:\/\/ihedn.fr\/wp-content\/uploads\/2020\/11\/BLOC_RF_IHEDN_WEB.png","width":500,"height":237,"caption":"IHEDN - Institut des Hautes Etudes de D\u00e9fense Nationale"},"image":{"@id":"https:\/\/ihedn.fr\/#\/schema\/logo\/image\/"},"sameAs":["https:\/\/www.facebook.com\/ihedn\/","https:\/\/x.com\/IHEDN","https:\/\/www.instagram.com\/ihedn\/","https:\/\/www.linkedin.com\/school\/ihedn\/","https:\/\/fr.wikipedia.org\/wiki\/Institut_des_hautes_\u00e9tudes_de_D\u00e9fense_nationale"]},{"@type":"Person","@id":"https:\/\/ihedn.fr\/#\/schema\/person\/16d49c2bd0121499ea9b9023ce89826c","name":"Ad\u00e8le Thoumieux","image":{"@type":"ImageObject","inLanguage":"en-GB","@id":"https:\/\/secure.gravatar.com\/avatar\/64fc58d14679bdd185946349bcb229b06e37d30d6290c2bec15f1daa8f8e0ece?s=96&d=mm&r=g","url":"https:\/\/secure.gravatar.com\/avatar\/64fc58d14679bdd185946349bcb229b06e37d30d6290c2bec15f1daa8f8e0ece?s=96&d=mm&r=g","contentUrl":"https:\/\/secure.gravatar.com\/avatar\/64fc58d14679bdd185946349bcb229b06e37d30d6290c2bec15f1daa8f8e0ece?s=96&d=mm&r=g","caption":"Ad\u00e8le Thoumieux"},"sameAs":["http:\/\/ihedn.fr"],"url":"https:\/\/ihedn.fr\/en\/author\/thoumieux\/"}]}},"publishpress_future_action":{"enabled":false,"date":"2026-05-09 01:05:50","action":"change-status","newStatus":"draft","terms":[],"taxonomy":"category","extraData":[]},"publishpress_future_workflow_manual_trigger":{"enabledWorkflows":[]},"_links":{"self":[{"href":"https:\/\/ihedn.fr\/en\/wp-json\/wp\/v2\/posts\/48371","targetHints":{"allow":["GET"]}}],"collection":[{"href":"https:\/\/ihedn.fr\/en\/wp-json\/wp\/v2\/posts"}],"about":[{"href":"https:\/\/ihedn.fr\/en\/wp-json\/wp\/v2\/types\/post"}],"author":[{"embeddable":true,"href":"https:\/\/ihedn.fr\/en\/wp-json\/wp\/v2\/users\/12"}],"replies":[{"embeddable":true,"href":"https:\/\/ihedn.fr\/en\/wp-json\/wp\/v2\/comments?post=48371"}],"version-history":[{"count":4,"href":"https:\/\/ihedn.fr\/en\/wp-json\/wp\/v2\/posts\/48371\/revisions"}],"predecessor-version":[{"id":48379,"href":"https:\/\/ihedn.fr\/en\/wp-json\/wp\/v2\/posts\/48371\/revisions\/48379"}],"wp:featuredmedia":[{"embeddable":true,"href":"https:\/\/ihedn.fr\/en\/wp-json\/wp\/v2\/media\/48372"}],"wp:attachment":[{"href":"https:\/\/ihedn.fr\/en\/wp-json\/wp\/v2\/media?parent=48371"}],"wp:term":[{"taxonomy":"category","embeddable":true,"href":"https:\/\/ihedn.fr\/en\/wp-json\/wp\/v2\/categories?post=48371"},{"taxonomy":"post_tag","embeddable":true,"href":"https:\/\/ihedn.fr\/en\/wp-json\/wp\/v2\/tags?post=48371"}],"curies":[{"name":"wp","href":"https:\/\/api.w.org\/{rel}","templated":true}]}}