{"id":48387,"date":"2024-07-03T08:58:08","date_gmt":"2024-07-03T07:58:08","guid":{"rendered":"https:\/\/ihedn.fr\/?p=48387"},"modified":"2024-08-01T16:10:13","modified_gmt":"2024-08-01T15:10:13","slug":"les-lectures-athena-pour-le-mois-de-juillet","status":"publish","type":"post","link":"https:\/\/ihedn.fr\/en\/notre-selection\/les-lectures-athena-pour-le-mois-de-juillet\/","title":{"rendered":"Ath\u00e9na's readings for July"},"content":{"rendered":"<div data-elementor-type=\"wp-post\" data-elementor-id=\"48387\" class=\"elementor elementor-48387\" data-elementor-post-type=\"post\">\n\t\t\t\t<div data-particle_enable=\"false\" data-particle-mobile-disabled=\"false\" class=\"elementor-element elementor-element-fde4645 e-con-full e-flex e-con e-parent\" data-id=\"fde4645\" data-element_type=\"container\" data-e-type=\"container\">\n\t\t\t\t<div class=\"elementor-element elementor-element-e6f7008 elementor-widget elementor-widget-heading\" data-id=\"e6f7008\" data-element_type=\"widget\" data-e-type=\"widget\" data-widget_type=\"heading.default\">\n\t\t\t\t<div class=\"elementor-widget-container\">\n\t\t\t\t\t<h2 class=\"elementor-heading-title elementor-size-default\">PIERRE MESSMER, NATO'S TIGER<\/h2>\t\t\t\t<\/div>\n\t\t\t\t<\/div>\n\t\t\t\t<div class=\"elementor-element elementor-element-141a941 elementor-widget-divider--view-line elementor-widget elementor-widget-divider\" data-id=\"141a941\" data-element_type=\"widget\" data-e-type=\"widget\" data-widget_type=\"divider.default\">\n\t\t\t\t<div class=\"elementor-widget-container\">\n\t\t\t\t\t\t\t<div class=\"elementor-divider\">\n\t\t\t<span class=\"elementor-divider-separator\">\n\t\t\t\t\t\t<\/span>\n\t\t<\/div>\n\t\t\t\t\t\t<\/div>\n\t\t\t\t<\/div>\n\t\t\t\t<\/div>\n\t\t<div data-particle_enable=\"false\" data-particle-mobile-disabled=\"false\" class=\"elementor-element elementor-element-77a073d e-con-full e-flex e-con e-parent\" data-id=\"77a073d\" data-element_type=\"container\" data-e-type=\"container\">\n\t\t<div data-particle_enable=\"false\" data-particle-mobile-disabled=\"false\" class=\"elementor-element elementor-element-cf5b9e1 e-con-full e-flex e-con e-child\" data-id=\"cf5b9e1\" data-element_type=\"container\" data-e-type=\"container\">\n\t\t<div data-particle_enable=\"false\" data-particle-mobile-disabled=\"false\" class=\"elementor-element elementor-element-f22969c e-con-full e-flex e-con e-child\" data-id=\"f22969c\" data-element_type=\"container\" data-e-type=\"container\">\n\t\t\t\t<div class=\"elementor-element elementor-element-59cf1d2 elementor-widget elementor-widget-text-editor\" data-id=\"59cf1d2\" data-element_type=\"widget\" data-e-type=\"widget\" data-widget_type=\"text-editor.default\">\n\t\t\t\t<div class=\"elementor-widget-container\">\n\t\t\t\t\t\t\t\t\t<p style=\"text-align: left;\">\u00a0AMAT Jean-Paul,\u00a0<strong>The forests of the Great War from 1815 to the present day<\/strong>2nd edition, Paris, Sorbonne Universit\u00e9 Presses, 2024.<\/p><p style=\"text-align: left;\">A specialist in the historical geography of forests, Jean-Paul Amat uses a multidisciplinary approach in this book to analyse the role of forests in French history. This detailed study, enriched by specific examples, examines the relationship between man and these forested areas, particularly from a military and memorial point of view, but also from the perspective of conservation and preservation. This book has been awarded the Mission du Centenaire label.<\/p>\t\t\t\t\t\t\t\t<\/div>\n\t\t\t\t<\/div>\n\t\t\t\t<div class=\"elementor-element elementor-element-0e02120 elementor-widget elementor-widget-button\" data-id=\"0e02120\" data-element_type=\"widget\" data-e-type=\"widget\" data-widget_type=\"button.default\">\n\t\t\t\t<div class=\"elementor-widget-container\">\n\t\t\t\t\t\t\t\t\t<div class=\"elementor-button-wrapper\">\n\t\t\t\t\t<a class=\"elementor-button elementor-button-link elementor-size-sm\" href=\"https:\/\/www.sorbonne-universite.fr\/parutions\/les-forets-de-la-grande-guerre\">\n\t\t\t\t\t\t<span class=\"elementor-button-content-wrapper\">\n\t\t\t\t\t\t\t\t\t<span class=\"elementor-button-text\">More information<\/span>\n\t\t\t\t\t<\/span>\n\t\t\t\t\t<\/a>\n\t\t\t\t<\/div>\n\t\t\t\t\t\t\t\t<\/div>\n\t\t\t\t<\/div>\n\t\t\t\t<\/div>\n\t\t\t\t<div class=\"elementor-element elementor-element-5e79a66 elementor-widget-tablet__width-initial elementor-widget elementor-widget-image\" data-id=\"5e79a66\" data-element_type=\"widget\" data-e-type=\"widget\" data-widget_type=\"image.default\">\n\t\t\t\t<div class=\"elementor-widget-container\">\n\t\t\t\t\t\t\t\t\t\t\t\t\t\t\t<img decoding=\"async\" src=\"https:\/\/www.sorbonne-universite.fr\/sites\/default\/files\/styles\/930xauto\/public\/media\/2024-02\/couverture_foret_de_la_grande_guerre.png?itok=kqnWQt9R\" title=\"\" alt=\"Couverture du livre &quot;Les for\u00eats de la grande guerre&quot;\" loading=\"lazy\" \/>\t\t\t\t\t\t\t\t\t\t\t\t\t\t\t<\/div>\n\t\t\t\t<\/div>\n\t\t\t\t<\/div>\n\t\t<div data-particle_enable=\"false\" data-particle-mobile-disabled=\"false\" class=\"elementor-element elementor-element-73f4f74 e-con-full e-flex e-con e-child\" data-id=\"73f4f74\" data-element_type=\"container\" data-e-type=\"container\">\n\t\t<div data-particle_enable=\"false\" data-particle-mobile-disabled=\"false\" class=\"elementor-element elementor-element-5e604a6 e-con-full e-flex e-con e-child\" data-id=\"5e604a6\" data-element_type=\"container\" data-e-type=\"container\">\n\t\t\t\t<div class=\"elementor-element elementor-element-7eb5a2a elementor-widget elementor-widget-text-editor\" data-id=\"7eb5a2a\" data-element_type=\"widget\" data-e-type=\"widget\" data-widget_type=\"text-editor.default\">\n\t\t\t\t<div class=\"elementor-widget-container\">\n\t\t\t\t\t\t\t\t\t<p style=\"text-align: left;\">AUBIN Lukas, GUEGAN Jean-Baptiste,\u00a0<strong>The war on sport - a new geopolitics<\/strong>Paris, Tallandier, 2024.\u00a0<\/p><p style=\"text-align: left;\">At first sight, sport and geopolitics seem to be two antagonistic concepts, but Lukas Aubin and Jean-Baptiste Gu\u00e9gan propose to go beyond traditional conceptions by studying the role played by sport in international rivalries. The irruption of sport into the geopolitical circle seems to be broadening the tools of influence put in place by state powers. The book is illuminated by specific examples such as the sporting rivalries between Russia and Ukraine and between China and the United States in the context of major contemporary conflicts. This analysis offers a new way of looking at these conflicts, going beyond the traditional themes of analysis.<\/p>\t\t\t\t\t\t\t\t<\/div>\n\t\t\t\t<\/div>\n\t\t\t\t<div class=\"elementor-element elementor-element-d92e21f elementor-widget elementor-widget-button\" data-id=\"d92e21f\" data-element_type=\"widget\" data-e-type=\"widget\" data-widget_type=\"button.default\">\n\t\t\t\t<div class=\"elementor-widget-container\">\n\t\t\t\t\t\t\t\t\t<div class=\"elementor-button-wrapper\">\n\t\t\t\t\t<a class=\"elementor-button elementor-button-link elementor-size-sm\" href=\"https:\/\/www.tallandier.com\/livre\/la-guerre-du-sport\/\">\n\t\t\t\t\t\t<span class=\"elementor-button-content-wrapper\">\n\t\t\t\t\t\t\t\t\t<span class=\"elementor-button-text\">more information<\/span>\n\t\t\t\t\t<\/span>\n\t\t\t\t\t<\/a>\n\t\t\t\t<\/div>\n\t\t\t\t\t\t\t\t<\/div>\n\t\t\t\t<\/div>\n\t\t\t\t<\/div>\n\t\t\t\t<div class=\"elementor-element elementor-element-26086f0 elementor-widget__width-initial elementor-widget-mobile__width-initial elementor-widget elementor-widget-image\" data-id=\"26086f0\" data-element_type=\"widget\" data-e-type=\"widget\" data-widget_type=\"image.default\">\n\t\t\t\t<div class=\"elementor-widget-container\">\n\t\t\t\t\t\t\t\t\t\t\t\t\t\t\t<img decoding=\"async\" src=\"https:\/\/www.tallandier.com\/wp-content\/uploads\/2024\/03\/la-guerre-du-sport-crg.jpg\" title=\"\" alt=\"Couverture du livre &quot;la Guerre du sport&quot;\" loading=\"lazy\" \/>\t\t\t\t\t\t\t\t\t\t\t\t\t\t\t<\/div>\n\t\t\t\t<\/div>\n\t\t\t\t<\/div>\n\t\t<div data-particle_enable=\"false\" data-particle-mobile-disabled=\"false\" class=\"elementor-element elementor-element-5d156b2 e-con-full e-flex e-con e-child\" data-id=\"5d156b2\" data-element_type=\"container\" data-e-type=\"container\">\n\t\t<div data-particle_enable=\"false\" data-particle-mobile-disabled=\"false\" class=\"elementor-element elementor-element-83f0702 e-con-full e-flex e-con e-child\" data-id=\"83f0702\" data-element_type=\"container\" data-e-type=\"container\">\n\t\t\t\t<div class=\"elementor-element elementor-element-8b81c2a elementor-widget elementor-widget-text-editor\" data-id=\"8b81c2a\" data-element_type=\"widget\" data-e-type=\"widget\" data-widget_type=\"text-editor.default\">\n\t\t\t\t<div class=\"elementor-widget-container\">\n\t\t\t\t\t\t\t\t\t<p style=\"text-align: left;\">BELL Jason,\u00a0<strong>Cracking the Nazi Code: The Untold Story of Canada's Greatest Spy<\/strong>New York, HarperCollins, 2023.<\/p><p style=\"text-align: left;\">This book traces the career of Winthrop Pickard Bell, a Canadian academic affiliated with the UK's foreign intelligence services under the code name A12. From 1919 onwards, he provided numerous reports on the rise and dangers of Nazism, constituting the first official warnings of Nationalist Germany's expansionist drive in Europe.<\/p>\t\t\t\t\t\t\t\t<\/div>\n\t\t\t\t<\/div>\n\t\t\t\t<div class=\"elementor-element elementor-element-77b0acf elementor-widget elementor-widget-button\" data-id=\"77b0acf\" data-element_type=\"widget\" data-e-type=\"widget\" data-widget_type=\"button.default\">\n\t\t\t\t<div class=\"elementor-widget-container\">\n\t\t\t\t\t\t\t\t\t<div class=\"elementor-button-wrapper\">\n\t\t\t\t\t<a class=\"elementor-button elementor-button-link elementor-size-sm\" href=\"https:\/\/www.harpercollins.ca\/9781443466745\/cracking-the-nazi-code\/\">\n\t\t\t\t\t\t<span class=\"elementor-button-content-wrapper\">\n\t\t\t\t\t\t\t\t\t<span class=\"elementor-button-text\">more information<\/span>\n\t\t\t\t\t<\/span>\n\t\t\t\t\t<\/a>\n\t\t\t\t<\/div>\n\t\t\t\t\t\t\t\t<\/div>\n\t\t\t\t<\/div>\n\t\t\t\t<\/div>\n\t\t\t\t<div class=\"elementor-element elementor-element-54e37d5 elementor-widget__width-initial elementor-widget-mobile__width-initial elementor-widget elementor-widget-image\" data-id=\"54e37d5\" data-element_type=\"widget\" data-e-type=\"widget\" data-widget_type=\"image.default\">\n\t\t\t\t<div class=\"elementor-widget-container\">\n\t\t\t\t\t\t\t\t\t\t\t\t\t\t\t<img decoding=\"async\" src=\"https:\/\/i.harperapps.com\/covers\/9781443466745\/y450-274.jpg\" title=\"\" alt=\"Couverture du livre &quot;Cracking the nazi code&quot;\" loading=\"lazy\" \/>\t\t\t\t\t\t\t\t\t\t\t\t\t\t\t<\/div>\n\t\t\t\t<\/div>\n\t\t\t\t<\/div>\n\t\t<div data-particle_enable=\"false\" data-particle-mobile-disabled=\"false\" class=\"elementor-element elementor-element-fa96bfc e-con-full e-flex e-con e-child\" data-id=\"fa96bfc\" data-element_type=\"container\" data-e-type=\"container\">\n\t\t<div data-particle_enable=\"false\" data-particle-mobile-disabled=\"false\" class=\"elementor-element elementor-element-f378b08 e-con-full e-flex e-con e-child\" data-id=\"f378b08\" data-element_type=\"container\" data-e-type=\"container\">\n\t\t\t\t<div class=\"elementor-element elementor-element-f1cbebf elementor-widget elementor-widget-text-editor\" data-id=\"f1cbebf\" data-element_type=\"widget\" data-e-type=\"widget\" data-widget_type=\"text-editor.default\">\n\t\t\t\t<div class=\"elementor-widget-container\">\n\t\t\t\t\t\t\t\t\t<p style=\"text-align: left;\">\u00a0DUCLOS Michel,\u00a0<strong>French diplomacy<\/strong>Paris, Alpha, 2024.<\/p><p style=\"text-align: left;\">In this book, Michel Duclos examines France's role on the international stage and how it should position itself in terms of its foreign policy. His recommendations are highlighted by a detailed study of the global geopolitical context, such as the Covid-19 crisis, the return of war to Europe and Emmanuel Macron's foreign policy.<\/p>\t\t\t\t\t\t\t\t<\/div>\n\t\t\t\t<\/div>\n\t\t\t\t<div class=\"elementor-element elementor-element-9c0fff3 elementor-widget elementor-widget-button\" data-id=\"9c0fff3\" data-element_type=\"widget\" data-e-type=\"widget\" data-widget_type=\"button.default\">\n\t\t\t\t<div class=\"elementor-widget-container\">\n\t\t\t\t\t\t\t\t\t<div class=\"elementor-button-wrapper\">\n\t\t\t\t\t<a class=\"elementor-button elementor-button-link elementor-size-sm\" href=\"https:\/\/www.lgdj.fr\/diplomatie-francaise-9782383880752.html\">\n\t\t\t\t\t\t<span class=\"elementor-button-content-wrapper\">\n\t\t\t\t\t\t\t\t\t<span class=\"elementor-button-text\">more information<\/span>\n\t\t\t\t\t<\/span>\n\t\t\t\t\t<\/a>\n\t\t\t\t<\/div>\n\t\t\t\t\t\t\t\t<\/div>\n\t\t\t\t<\/div>\n\t\t\t\t<\/div>\n\t\t\t\t<div class=\"elementor-element elementor-element-373e9ab elementor-widget__width-initial elementor-widget-mobile__width-initial elementor-widget elementor-widget-image\" data-id=\"373e9ab\" data-element_type=\"widget\" data-e-type=\"widget\" data-widget_type=\"image.default\">\n\t\t\t\t<div class=\"elementor-widget-container\">\n\t\t\t\t\t\t\t\t\t\t\t\t\t\t\t<img decoding=\"async\" src=\"https:\/\/www.lgdj.fr\/103530-home_default\/diplomatie-francaise.jpg\" title=\"\" alt=\"Couverture du livre &quot;Diplomatie fran\u00e7aise&quot;\" loading=\"lazy\" \/>\t\t\t\t\t\t\t\t\t\t\t\t\t\t\t<\/div>\n\t\t\t\t<\/div>\n\t\t\t\t<\/div>\n\t\t<div data-particle_enable=\"false\" data-particle-mobile-disabled=\"false\" class=\"elementor-element elementor-element-2f10af0 e-con-full e-flex e-con e-child\" data-id=\"2f10af0\" data-element_type=\"container\" data-e-type=\"container\">\n\t\t<div data-particle_enable=\"false\" data-particle-mobile-disabled=\"false\" class=\"elementor-element elementor-element-c23cca0 e-con-full e-flex e-con e-child\" data-id=\"c23cca0\" data-element_type=\"container\" data-e-type=\"container\">\n\t\t\t\t<div class=\"elementor-element elementor-element-0d807bc elementor-widget elementor-widget-text-editor\" data-id=\"0d807bc\" data-element_type=\"widget\" data-e-type=\"widget\" data-widget_type=\"text-editor.default\">\n\t\t\t\t<div class=\"elementor-widget-container\">\n\t\t\t\t\t\t\t\t\t<p style=\"text-align: left;\">\u00a0KAHN Sylvain,\u00a0<strong>Europe and Ukraine<\/strong>Paris, PUF, 2024.<\/p><p style=\"text-align: left;\">This book examines the new challenges facing institutional Europe and highlights the upheavals in the principles on which it is founded, particularly its relationship with power. A professor at Sciences Po Paris, the author provides a detailed analysis of the impact of the renewed Russian-Ukrainian war on the nature of the European Union and the difficulties facing the 'historically appeased Europeans', who are expected by the international community to take a stand against Moscow.<\/p>\t\t\t\t\t\t\t\t<\/div>\n\t\t\t\t<\/div>\n\t\t\t\t<div class=\"elementor-element elementor-element-fba2f86 elementor-widget elementor-widget-button\" data-id=\"fba2f86\" data-element_type=\"widget\" data-e-type=\"widget\" data-widget_type=\"button.default\">\n\t\t\t\t<div class=\"elementor-widget-container\">\n\t\t\t\t\t\t\t\t\t<div class=\"elementor-button-wrapper\">\n\t\t\t\t\t<a class=\"elementor-button elementor-button-link elementor-size-sm\" href=\"https:\/\/www.puf.com\/leurope-face-lukraine\">\n\t\t\t\t\t\t<span class=\"elementor-button-content-wrapper\">\n\t\t\t\t\t\t\t\t\t<span class=\"elementor-button-text\">more information<\/span>\n\t\t\t\t\t<\/span>\n\t\t\t\t\t<\/a>\n\t\t\t\t<\/div>\n\t\t\t\t\t\t\t\t<\/div>\n\t\t\t\t<\/div>\n\t\t\t\t<\/div>\n\t\t\t\t<div class=\"elementor-element elementor-element-e209c02 elementor-widget__width-initial elementor-widget-mobile__width-initial elementor-widget elementor-widget-image\" data-id=\"e209c02\" data-element_type=\"widget\" data-e-type=\"widget\" data-widget_type=\"image.default\">\n\t\t\t\t<div class=\"elementor-widget-container\">\n\t\t\t\t\t\t\t\t\t\t\t\t\t\t\t<img decoding=\"async\" src=\"https:\/\/static.fnac-static.com\/multimedia\/PE\/Images\/FR\/NR\/d5\/0b\/f6\/16124885\/1507-1\/tsp20240620084311\/L-Europe-face-a-l-Ukraine.jpg\" title=\"\" alt=\"Couverture du livre &quot;L&#039;europe face \u00e0 l&#039;Ukraine&quot;\" loading=\"lazy\" \/>\t\t\t\t\t\t\t\t\t\t\t\t\t\t\t<\/div>\n\t\t\t\t<\/div>\n\t\t\t\t<\/div>\n\t\t<div data-particle_enable=\"false\" data-particle-mobile-disabled=\"false\" class=\"elementor-element elementor-element-a70c8ab e-con-full e-flex e-con e-child\" data-id=\"a70c8ab\" data-element_type=\"container\" data-e-type=\"container\">\n\t\t<div data-particle_enable=\"false\" data-particle-mobile-disabled=\"false\" class=\"elementor-element elementor-element-b34d720 e-con-full e-flex e-con e-child\" data-id=\"b34d720\" data-element_type=\"container\" data-e-type=\"container\">\n\t\t\t\t<div class=\"elementor-element elementor-element-5db1889 elementor-widget elementor-widget-text-editor\" data-id=\"5db1889\" data-element_type=\"widget\" data-e-type=\"widget\" data-widget_type=\"text-editor.default\">\n\t\t\t\t<div class=\"elementor-widget-container\">\n\t\t\t\t\t\t\t\t\t<p style=\"text-align: left;\">POPOVA Maria, SHEVEL Oxana,\u00a0<strong>Russia and Ukraine: Entangled Histories, Diverging States<\/strong>Cambridge, Polity, 2024.<\/p><p style=\"text-align: left;\">Starting with Russia's invasion of Ukraine in February 2022, this book traces relations between Russia and Ukraine since the collapse of the Soviet Union in 1991. Their independence has given rise to two opposing trajectories, particularly in political terms, which the authors attempt to describe and explain. This analysis also provides a better understanding of the current geopolitical tensions between Russia and Western Europe.<\/p>\t\t\t\t\t\t\t\t<\/div>\n\t\t\t\t<\/div>\n\t\t\t\t<div class=\"elementor-element elementor-element-7b44db2 elementor-widget elementor-widget-button\" data-id=\"7b44db2\" data-element_type=\"widget\" data-e-type=\"widget\" data-widget_type=\"button.default\">\n\t\t\t\t<div class=\"elementor-widget-container\">\n\t\t\t\t\t\t\t\t\t<div class=\"elementor-button-wrapper\">\n\t\t\t\t\t<a class=\"elementor-button elementor-button-link elementor-size-sm\" href=\"https:\/\/www.wiley.com\/en-us\/Russia+and+Ukraine%3A+Entangled+Histories%2C+Diverging+States-p-9781509557370\">\n\t\t\t\t\t\t<span class=\"elementor-button-content-wrapper\">\n\t\t\t\t\t\t\t\t\t<span class=\"elementor-button-text\">more information<\/span>\n\t\t\t\t\t<\/span>\n\t\t\t\t\t<\/a>\n\t\t\t\t<\/div>\n\t\t\t\t\t\t\t\t<\/div>\n\t\t\t\t<\/div>\n\t\t\t\t<\/div>\n\t\t\t\t<div class=\"elementor-element elementor-element-1d01c07 elementor-widget__width-initial elementor-widget-mobile__width-initial elementor-widget elementor-widget-image\" data-id=\"1d01c07\" data-element_type=\"widget\" data-e-type=\"widget\" data-widget_type=\"image.default\">\n\t\t\t\t<div class=\"elementor-widget-container\">\n\t\t\t\t\t\t\t\t\t\t\t\t\t\t\t<img decoding=\"async\" src=\"https:\/\/www.wiley.com\/storefront-pdp-assets\/_next\/image?url=https%3A%2F%2Fmedia.wiley.com%2Fproduct_data%2FcoverImage300%2F69%2F15095573%2F1509557369.jpg&#038;w=384&#038;q=75\" title=\"\" alt=\"Couverture du livre &quot;Russia and Ukraine&quot;\" loading=\"lazy\" \/>\t\t\t\t\t\t\t\t\t\t\t\t\t\t\t<\/div>\n\t\t\t\t<\/div>\n\t\t\t\t<\/div>\n\t\t<div data-particle_enable=\"false\" data-particle-mobile-disabled=\"false\" class=\"elementor-element elementor-element-53d904b e-con-full e-flex e-con e-child\" data-id=\"53d904b\" data-element_type=\"container\" data-e-type=\"container\">\n\t\t<div data-particle_enable=\"false\" data-particle-mobile-disabled=\"false\" class=\"elementor-element elementor-element-6338f80 e-con-full e-flex e-con e-child\" data-id=\"6338f80\" data-element_type=\"container\" data-e-type=\"container\">\n\t\t\t\t<div class=\"elementor-element elementor-element-371f720 elementor-widget elementor-widget-text-editor\" data-id=\"371f720\" data-element_type=\"widget\" data-e-type=\"widget\" data-widget_type=\"text-editor.default\">\n\t\t\t\t<div class=\"elementor-widget-container\">\n\t\t\t\t\t\t\t\t\t<p style=\"text-align: left;\">HARRIS Robert, <strong>Munich<\/strong>Pocket, 2019.<\/p><p style=\"text-align: left;\">In September 1938, Europe was obsessed with the Sudetenland, a small territory in Czechoslovakia that the German Chancellor ardently coveted. European leaders were faced with a dilemma: give in to his demands to preserve the peace or risk a war by maintaining the existing agreements. Hugh Legat, Private Secretary to the British Prime Minister, and Paul von Hartmann, a Reich diplomat and former Oxford classmates, meet in Munich. They have four days to try to change the course of history.<\/p>\t\t\t\t\t\t\t\t<\/div>\n\t\t\t\t<\/div>\n\t\t\t\t<div class=\"elementor-element elementor-element-05214ea elementor-widget elementor-widget-button\" data-id=\"05214ea\" data-element_type=\"widget\" data-e-type=\"widget\" data-widget_type=\"button.default\">\n\t\t\t\t<div class=\"elementor-widget-container\">\n\t\t\t\t\t\t\t\t\t<div class=\"elementor-button-wrapper\">\n\t\t\t\t\t<a class=\"elementor-button elementor-button-link elementor-size-sm\" href=\"https:\/\/www.lisez.com\/livre-de-poche\/munich\/9782266291842\">\n\t\t\t\t\t\t<span class=\"elementor-button-content-wrapper\">\n\t\t\t\t\t\t\t\t\t<span class=\"elementor-button-text\">more information<\/span>\n\t\t\t\t\t<\/span>\n\t\t\t\t\t<\/a>\n\t\t\t\t<\/div>\n\t\t\t\t\t\t\t\t<\/div>\n\t\t\t\t<\/div>\n\t\t\t\t<\/div>\n\t\t\t\t<div class=\"elementor-element elementor-element-419d18e elementor-widget__width-initial elementor-widget-mobile__width-initial elementor-widget elementor-widget-image\" data-id=\"419d18e\" data-element_type=\"widget\" data-e-type=\"widget\" data-widget_type=\"image.default\">\n\t\t\t\t<div class=\"elementor-widget-container\">\n\t\t\t\t\t\t\t\t\t\t\t\t\t\t\t<img decoding=\"async\" src=\"https:\/\/m.media-amazon.com\/images\/I\/419Ks71UMiL._SY445_SX342_.jpg\" title=\"\" alt=\"Couverture du livre &quot;Munich&quot;\" loading=\"lazy\" \/>\t\t\t\t\t\t\t\t\t\t\t\t\t\t\t<\/div>\n\t\t\t\t<\/div>\n\t\t\t\t<\/div>\n\t\t<div data-particle_enable=\"false\" data-particle-mobile-disabled=\"false\" class=\"elementor-element elementor-element-92239f9 e-con-full e-flex e-con e-child\" data-id=\"92239f9\" data-element_type=\"container\" data-e-type=\"container\">\n\t\t<div data-particle_enable=\"false\" data-particle-mobile-disabled=\"false\" class=\"elementor-element elementor-element-bbc9531 e-con-full e-flex e-con e-child\" data-id=\"bbc9531\" data-element_type=\"container\" data-e-type=\"container\">\n\t\t\t\t<div class=\"elementor-element elementor-element-ae14f30 elementor-widget elementor-widget-text-editor\" data-id=\"ae14f30\" data-element_type=\"widget\" data-e-type=\"widget\" data-widget_type=\"text-editor.default\">\n\t\t\t\t<div class=\"elementor-widget-container\">\n\t\t\t\t\t\t\t\t\t<p style=\"text-align: left;\">HARTER H\u00e9l\u00e8ne, <strong>Eisenhower: The war leader turned president<\/strong>Tallandier, 2024.<\/p><p style=\"text-align: left;\">Dwight David Eisenhower, nicknamed \"Ike\", is an iconic figure of the 20th century. A five-star general, he orchestrated the crucial landings of the Second World War, liberating France and Western Europe. Returning to civilian life, he became the 34th President of the United States. His presidency, although marked by international crises, brought eight years of peace to the United States. In this book, H\u00e9l\u00e8ne Harter presents a never-before-published biography in French of this moderate and popular man, revealing his contributions to American history.<\/p>\t\t\t\t\t\t\t\t<\/div>\n\t\t\t\t<\/div>\n\t\t\t\t<div class=\"elementor-element elementor-element-96472f0 elementor-widget elementor-widget-button\" data-id=\"96472f0\" data-element_type=\"widget\" data-e-type=\"widget\" data-widget_type=\"button.default\">\n\t\t\t\t<div class=\"elementor-widget-container\">\n\t\t\t\t\t\t\t\t\t<div class=\"elementor-button-wrapper\">\n\t\t\t\t\t<a class=\"elementor-button elementor-button-link elementor-size-sm\" href=\"https:\/\/www.tallandier.com\/livre\/eisenhower\/\">\n\t\t\t\t\t\t<span class=\"elementor-button-content-wrapper\">\n\t\t\t\t\t\t\t\t\t<span class=\"elementor-button-text\">more information<\/span>\n\t\t\t\t\t<\/span>\n\t\t\t\t\t<\/a>\n\t\t\t\t<\/div>\n\t\t\t\t\t\t\t\t<\/div>\n\t\t\t\t<\/div>\n\t\t\t\t<\/div>\n\t\t\t\t<div class=\"elementor-element elementor-element-196c0a4 elementor-widget__width-initial elementor-widget-mobile__width-initial elementor-widget elementor-widget-image\" data-id=\"196c0a4\" data-element_type=\"widget\" data-e-type=\"widget\" data-widget_type=\"image.default\">\n\t\t\t\t<div class=\"elementor-widget-container\">\n\t\t\t\t\t\t\t\t\t\t\t\t\t\t\t<img decoding=\"async\" src=\"https:\/\/static.fnac-static.com\/multimedia\/PE\/Images\/FR\/NR\/9e\/fc\/f5\/16120990\/1507-1\/tsp20240213102229\/Eisenhower.jpg\" title=\"\" alt=\"Couverture du livre &quot;Eisenhower, le chef de guerre devenu pr\u00e9sident&quot;\" loading=\"lazy\" \/>\t\t\t\t\t\t\t\t\t\t\t\t\t\t\t<\/div>\n\t\t\t\t<\/div>\n\t\t\t\t<\/div>\n\t\t<div data-particle_enable=\"false\" data-particle-mobile-disabled=\"false\" class=\"elementor-element elementor-element-e8f5799 e-con-full e-flex e-con e-child\" data-id=\"e8f5799\" data-element_type=\"container\" data-e-type=\"container\">\n\t\t<div data-particle_enable=\"false\" data-particle-mobile-disabled=\"false\" class=\"elementor-element elementor-element-030dff4 e-con-full e-flex e-con e-child\" data-id=\"030dff4\" data-element_type=\"container\" data-e-type=\"container\">\n\t\t\t\t<div class=\"elementor-element elementor-element-ce48b44 elementor-widget elementor-widget-text-editor\" data-id=\"ce48b44\" data-element_type=\"widget\" data-e-type=\"widget\" data-widget_type=\"text-editor.default\">\n\t\t\t\t<div class=\"elementor-widget-container\">\n\t\t\t\t\t\t\t\t\t<p style=\"text-align: left;\">STARGART Nicholas, <strong>The German war: Portrait of a people at war 1939-1945<\/strong>Tallandier, 2024.<\/p><p style=\"text-align: left;\">In 1939, still haunted by memories of the First World War, the Germans were not looking forward to a new conflict. Yet their unfailing determination kept them at war until 1945, despite bombing, deprivation and defeat. How did they hold out? Were they aware of the genocidal aspect of this war? Nicholas Stargardt examines the Second World War from the Germans' point of view, using diaries, letters and surveillance reports to reveal the thoughts and motivations of a people at war, fighting for a desperate cause.<\/p>\t\t\t\t\t\t\t\t<\/div>\n\t\t\t\t<\/div>\n\t\t\t\t<div class=\"elementor-element elementor-element-abffa0c elementor-widget elementor-widget-button\" data-id=\"abffa0c\" data-element_type=\"widget\" data-e-type=\"widget\" data-widget_type=\"button.default\">\n\t\t\t\t<div class=\"elementor-widget-container\">\n\t\t\t\t\t\t\t\t\t<div class=\"elementor-button-wrapper\">\n\t\t\t\t\t<a class=\"elementor-button elementor-button-link elementor-size-sm\" href=\"https:\/\/www.tallandier.com\/livre\/la-guerre-allemande\/\">\n\t\t\t\t\t\t<span class=\"elementor-button-content-wrapper\">\n\t\t\t\t\t\t\t\t\t<span class=\"elementor-button-text\">more information<\/span>\n\t\t\t\t\t<\/span>\n\t\t\t\t\t<\/a>\n\t\t\t\t<\/div>\n\t\t\t\t\t\t\t\t<\/div>\n\t\t\t\t<\/div>\n\t\t\t\t<\/div>\n\t\t\t\t<div class=\"elementor-element elementor-element-a0efc58 elementor-widget__width-initial elementor-widget-mobile__width-initial elementor-widget elementor-widget-image\" data-id=\"a0efc58\" data-element_type=\"widget\" data-e-type=\"widget\" data-widget_type=\"image.default\">\n\t\t\t\t<div class=\"elementor-widget-container\">\n\t\t\t\t\t\t\t\t\t\t\t\t\t\t\t<img decoding=\"async\" src=\"https:\/\/static.fnac-static.com\/multimedia\/PE\/Images\/FR\/NR\/d5\/1f\/86\/8789973\/1507-1\/tsp20231220073946\/La-Guerre-allemande.jpg\" title=\"\" alt=\"Couverture du livre &quot;La guerre allemande&quot;\" loading=\"lazy\" \/>\t\t\t\t\t\t\t\t\t\t\t\t\t\t\t<\/div>\n\t\t\t\t<\/div>\n\t\t\t\t<\/div>\n\t\t<div data-particle_enable=\"false\" data-particle-mobile-disabled=\"false\" class=\"elementor-element elementor-element-ab645c0 e-con-full e-flex e-con e-child\" data-id=\"ab645c0\" data-element_type=\"container\" data-e-type=\"container\">\n\t\t<div data-particle_enable=\"false\" data-particle-mobile-disabled=\"false\" class=\"elementor-element elementor-element-68ab79e e-con-full e-flex e-con e-child\" data-id=\"68ab79e\" data-element_type=\"container\" data-e-type=\"container\">\n\t\t\t\t<div class=\"elementor-element elementor-element-3f65fff elementor-widget elementor-widget-text-editor\" data-id=\"3f65fff\" data-element_type=\"widget\" data-e-type=\"widget\" data-widget_type=\"text-editor.default\">\n\t\t\t\t<div class=\"elementor-widget-container\">\n\t\t\t\t\t\t\t\t\t<p style=\"text-align: left;\">NIQUET Val\u00e9rie, PARON-DOISE Marianne,\u00a0<strong>The Indo-Pacific - New centre of the world<\/strong>Paris, Tallandier, 2024.<\/p><p style=\"text-align: left;\">At the heart of the geopolitical and strategic rivalries of the 21st century, the Indo-Pacific is analysed here in all its complexity, and in the various ways in which it is used by the great powers of our time, whether economically, militarily or culturally, for example. The book analyses not only the area as such, but also the various regional and international players involved, including France, which is the subject of a more detailed study.<\/p>\t\t\t\t\t\t\t\t<\/div>\n\t\t\t\t<\/div>\n\t\t\t\t<div class=\"elementor-element elementor-element-f09a374 elementor-widget elementor-widget-button\" data-id=\"f09a374\" data-element_type=\"widget\" data-e-type=\"widget\" data-widget_type=\"button.default\">\n\t\t\t\t<div class=\"elementor-widget-container\">\n\t\t\t\t\t\t\t\t\t<div class=\"elementor-button-wrapper\">\n\t\t\t\t\t<a class=\"elementor-button elementor-button-link elementor-size-sm\" href=\"https:\/\/www.tallandier.com\/livre\/lindo-pacifique\/\">\n\t\t\t\t\t\t<span class=\"elementor-button-content-wrapper\">\n\t\t\t\t\t\t\t\t\t<span class=\"elementor-button-text\">more information<\/span>\n\t\t\t\t\t<\/span>\n\t\t\t\t\t<\/a>\n\t\t\t\t<\/div>\n\t\t\t\t\t\t\t\t<\/div>\n\t\t\t\t<\/div>\n\t\t\t\t<\/div>\n\t\t\t\t<div class=\"elementor-element elementor-element-286315c elementor-widget__width-initial elementor-widget-mobile__width-initial elementor-widget elementor-widget-image\" data-id=\"286315c\" data-element_type=\"widget\" data-e-type=\"widget\" data-widget_type=\"image.default\">\n\t\t\t\t<div class=\"elementor-widget-container\">\n\t\t\t\t\t\t\t\t\t\t\t\t\t\t\t<img decoding=\"async\" src=\"https:\/\/www.tallandier.com\/wp-content\/uploads\/2024\/04\/tallandier-indo-pacifique-crg.jpg\" title=\"\" alt=\"Couverture du livre &quot;L&#039;indo-pacifique, nouveau centre du monde&quot;\" loading=\"lazy\" \/>\t\t\t\t\t\t\t\t\t\t\t\t\t\t\t<\/div>\n\t\t\t\t<\/div>\n\t\t\t\t<\/div>\n\t\t\t\t<\/div>\n\t\t\t\t<\/div>","protected":false},"excerpt":{"rendered":"<p>This summer, we're turning our strategic intelligence into reading advice! The war on sport, France's role on the international stage, the Russian-Ukrainian war, the Indopacific... Here are Athena's literary recommendations for July. Read with your feet in the water!<\/p>","protected":false},"author":10,"featured_media":48965,"comment_status":"closed","ping_status":"closed","sticky":false,"template":"","format":"standard","meta":{"footnotes":""},"categories":[41,171],"tags":[],"class_list":["post-48387","post","type-post","status-publish","format-standard","has-post-thumbnail","hentry","category-lundis-de-lihedn","category-notre-selection"],"yoast_head":"<!-- This site is optimized with the Yoast SEO plugin v27.5 - https:\/\/yoast.com\/product\/yoast-seo-wordpress\/ -->\n<title>Les lectures d&#039;Ath\u00e9na pour le mois de juillet - L&#039;IHEDN : Institut des hautes \u00e9tudes de d\u00e9fense nationale<\/title>\n<meta name=\"description\" content=\"Cet \u00e9t\u00e9, notre veille strat\u00e9gique se transforme en conseil de lecture ! La guerre du sport, le r\u00f4le de la France sur la sc\u00e8ne internationale, la guerre russo-ukrainienne, l&#039;Indopacifique\u2026 Voici les recommandations litt\u00e9raires d&#039;Ath\u00e9na pour le mois de juillet. \u00c0 lire les pieds dans l\u2019eau !\" \/>\n<meta name=\"robots\" content=\"index, follow, max-snippet:-1, max-image-preview:large, max-video-preview:-1\" \/>\n<link rel=\"canonical\" href=\"https:\/\/ihedn.fr\/en\/notre-selection\/les-lectures-athena-pour-le-mois-de-juillet\/\" \/>\n<meta property=\"og:locale\" content=\"en_GB\" \/>\n<meta property=\"og:type\" content=\"article\" \/>\n<meta property=\"og:title\" content=\"Les lectures d&#039;Ath\u00e9na pour le mois de juillet\" \/>\n<meta property=\"og:description\" content=\"Cet \u00e9t\u00e9, notre veille strat\u00e9gique se transforme en conseil de lecture ! La guerre du sport, le r\u00f4le de la France sur la sc\u00e8ne internationale, la guerre russo-ukrainienne, l&#039;Indopacifique\u2026 Voici les recommandations litt\u00e9raires d&#039;Ath\u00e9na pour le mois de juillet. \u00c0 lire les pieds dans l\u2019eau !\" \/>\n<meta property=\"og:url\" content=\"https:\/\/ihedn.fr\/en\/notre-selection\/les-lectures-athena-pour-le-mois-de-juillet\/\" \/>\n<meta property=\"og:site_name\" content=\"L&#039;IHEDN : Institut des hautes \u00e9tudes de d\u00e9fense nationale\" \/>\n<meta property=\"article:publisher\" content=\"https:\/\/www.facebook.com\/ihedn\/\" \/>\n<meta property=\"article:published_time\" content=\"2024-07-03T07:58:08+00:00\" \/>\n<meta property=\"article:modified_time\" content=\"2024-08-01T15:10:13+00:00\" \/>\n<meta property=\"og:image\" content=\"https:\/\/ihedn.fr\/wp-content\/uploads\/2024\/07\/LECTURES_DATHENA.jpg\" \/>\n\t<meta property=\"og:image:width\" content=\"1920\" \/>\n\t<meta property=\"og:image:height\" content=\"958\" \/>\n\t<meta property=\"og:image:type\" content=\"image\/jpeg\" \/>\n<meta name=\"author\" content=\"tanguy.morel@ihedn.fr\" \/>\n<meta name=\"twitter:card\" content=\"summary_large_image\" \/>\n<meta name=\"twitter:title\" content=\"Les lectures d&#039;Ath\u00e9na pour le mois de juillet\" \/>\n<meta name=\"twitter:description\" content=\"Cet \u00e9t\u00e9, notre veille strat\u00e9gique se transforme en conseil de lecture ! La guerre du sport, le r\u00f4le de la France sur la sc\u00e8ne internationale, la guerre russo-ukrainienne, l&#039;Indopacifique\u2026 Voici les recommandations litt\u00e9raires d&#039;Ath\u00e9na pour le mois de juillet. \u00c0 lire les pieds dans l\u2019eau !\" \/>\n<meta name=\"twitter:image\" content=\"https:\/\/ihedn.fr\/wp-content\/uploads\/2024\/07\/LECTURES_DATHENA.jpg\" \/>\n<meta name=\"twitter:creator\" content=\"@IHEDN\" \/>\n<meta name=\"twitter:site\" content=\"@IHEDN\" \/>\n<meta name=\"twitter:label1\" content=\"Written by\" \/>\n\t<meta name=\"twitter:data1\" content=\"tanguy.morel@ihedn.fr\" \/>\n\t<meta name=\"twitter:label2\" content=\"Estimated reading time\" \/>\n\t<meta name=\"twitter:data2\" content=\"7 minutes\" \/>\n<script type=\"application\/ld+json\" class=\"yoast-schema-graph\">{\"@context\":\"https:\\\/\\\/schema.org\",\"@graph\":[{\"@type\":\"Article\",\"@id\":\"https:\\\/\\\/ihedn.fr\\\/notre-selection\\\/les-lectures-athena-pour-le-mois-de-juillet\\\/#article\",\"isPartOf\":{\"@id\":\"https:\\\/\\\/ihedn.fr\\\/notre-selection\\\/les-lectures-athena-pour-le-mois-de-juillet\\\/\"},\"author\":{\"name\":\"tanguy.morel@ihedn.fr\",\"@id\":\"https:\\\/\\\/ihedn.fr\\\/#\\\/schema\\\/person\\\/ed217a37104b27a246b200e65b827cc7\"},\"headline\":\"Les lectures d&rsquo;Ath\u00e9na pour le mois de juillet\",\"datePublished\":\"2024-07-03T07:58:08+00:00\",\"dateModified\":\"2024-08-01T15:10:13+00:00\",\"mainEntityOfPage\":{\"@id\":\"https:\\\/\\\/ihedn.fr\\\/notre-selection\\\/les-lectures-athena-pour-le-mois-de-juillet\\\/\"},\"wordCount\":1062,\"publisher\":{\"@id\":\"https:\\\/\\\/ihedn.fr\\\/#organization\"},\"image\":{\"@id\":\"https:\\\/\\\/ihedn.fr\\\/notre-selection\\\/les-lectures-athena-pour-le-mois-de-juillet\\\/#primaryimage\"},\"thumbnailUrl\":\"https:\\\/\\\/ihedn.fr\\\/wp-content\\\/uploads\\\/2024\\\/07\\\/LECTURES_DATHENA-1.jpg\",\"articleSection\":[\"Lundis de l'IHEDN\",\"Notre s\u00e9lection\"],\"inLanguage\":\"en-GB\"},{\"@type\":\"WebPage\",\"@id\":\"https:\\\/\\\/ihedn.fr\\\/notre-selection\\\/les-lectures-athena-pour-le-mois-de-juillet\\\/\",\"url\":\"https:\\\/\\\/ihedn.fr\\\/notre-selection\\\/les-lectures-athena-pour-le-mois-de-juillet\\\/\",\"name\":\"Les lectures d'Ath\u00e9na pour le mois de juillet - L&#039;IHEDN : Institut des hautes \u00e9tudes de d\u00e9fense nationale\",\"isPartOf\":{\"@id\":\"https:\\\/\\\/ihedn.fr\\\/#website\"},\"primaryImageOfPage\":{\"@id\":\"https:\\\/\\\/ihedn.fr\\\/notre-selection\\\/les-lectures-athena-pour-le-mois-de-juillet\\\/#primaryimage\"},\"image\":{\"@id\":\"https:\\\/\\\/ihedn.fr\\\/notre-selection\\\/les-lectures-athena-pour-le-mois-de-juillet\\\/#primaryimage\"},\"thumbnailUrl\":\"https:\\\/\\\/ihedn.fr\\\/wp-content\\\/uploads\\\/2024\\\/07\\\/LECTURES_DATHENA-1.jpg\",\"datePublished\":\"2024-07-03T07:58:08+00:00\",\"dateModified\":\"2024-08-01T15:10:13+00:00\",\"description\":\"Cet \u00e9t\u00e9, notre veille strat\u00e9gique se transforme en conseil de lecture ! La guerre du sport, le r\u00f4le de la France sur la sc\u00e8ne internationale, la guerre russo-ukrainienne, l'Indopacifique\u2026 Voici les recommandations litt\u00e9raires d'Ath\u00e9na pour le mois de juillet. \u00c0 lire les pieds dans l\u2019eau !\",\"breadcrumb\":{\"@id\":\"https:\\\/\\\/ihedn.fr\\\/notre-selection\\\/les-lectures-athena-pour-le-mois-de-juillet\\\/#breadcrumb\"},\"inLanguage\":\"en-GB\",\"potentialAction\":[{\"@type\":\"ReadAction\",\"target\":[\"https:\\\/\\\/ihedn.fr\\\/notre-selection\\\/les-lectures-athena-pour-le-mois-de-juillet\\\/\"]}]},{\"@type\":\"ImageObject\",\"inLanguage\":\"en-GB\",\"@id\":\"https:\\\/\\\/ihedn.fr\\\/notre-selection\\\/les-lectures-athena-pour-le-mois-de-juillet\\\/#primaryimage\",\"url\":\"https:\\\/\\\/ihedn.fr\\\/wp-content\\\/uploads\\\/2024\\\/07\\\/LECTURES_DATHENA-1.jpg\",\"contentUrl\":\"https:\\\/\\\/ihedn.fr\\\/wp-content\\\/uploads\\\/2024\\\/07\\\/LECTURES_DATHENA-1.jpg\",\"width\":1920,\"height\":958},{\"@type\":\"BreadcrumbList\",\"@id\":\"https:\\\/\\\/ihedn.fr\\\/notre-selection\\\/les-lectures-athena-pour-le-mois-de-juillet\\\/#breadcrumb\",\"itemListElement\":[{\"@type\":\"ListItem\",\"position\":1,\"name\":\"Accueil\",\"item\":\"https:\\\/\\\/ihedn.fr\\\/\"},{\"@type\":\"ListItem\",\"position\":2,\"name\":\"Les lectures d&rsquo;Ath\u00e9na pour le mois de juillet\"}]},{\"@type\":\"WebSite\",\"@id\":\"https:\\\/\\\/ihedn.fr\\\/#website\",\"url\":\"https:\\\/\\\/ihedn.fr\\\/\",\"name\":\"IHEDN : Institut des hautes \u00e9tudes de d\u00e9fense nationale |\",\"description\":\"Site officiel de l&#039;IHEDN plac\u00e9 sous la tutelle du Premier ministre.\",\"publisher\":{\"@id\":\"https:\\\/\\\/ihedn.fr\\\/#organization\"},\"potentialAction\":[{\"@type\":\"SearchAction\",\"target\":{\"@type\":\"EntryPoint\",\"urlTemplate\":\"https:\\\/\\\/ihedn.fr\\\/?s={search_term_string}\"},\"query-input\":{\"@type\":\"PropertyValueSpecification\",\"valueRequired\":true,\"valueName\":\"search_term_string\"}}],\"inLanguage\":\"en-GB\"},{\"@type\":\"Organization\",\"@id\":\"https:\\\/\\\/ihedn.fr\\\/#organization\",\"name\":\"IHEDN - Institut des Hautes Etudes de D\u00e9fense Nationale\",\"url\":\"https:\\\/\\\/ihedn.fr\\\/\",\"logo\":{\"@type\":\"ImageObject\",\"inLanguage\":\"en-GB\",\"@id\":\"https:\\\/\\\/ihedn.fr\\\/#\\\/schema\\\/logo\\\/image\\\/\",\"url\":\"https:\\\/\\\/ihedn.fr\\\/wp-content\\\/uploads\\\/2020\\\/11\\\/BLOC_RF_IHEDN_WEB.png\",\"contentUrl\":\"https:\\\/\\\/ihedn.fr\\\/wp-content\\\/uploads\\\/2020\\\/11\\\/BLOC_RF_IHEDN_WEB.png\",\"width\":500,\"height\":237,\"caption\":\"IHEDN - Institut des Hautes Etudes de D\u00e9fense Nationale\"},\"image\":{\"@id\":\"https:\\\/\\\/ihedn.fr\\\/#\\\/schema\\\/logo\\\/image\\\/\"},\"sameAs\":[\"https:\\\/\\\/www.facebook.com\\\/ihedn\\\/\",\"https:\\\/\\\/x.com\\\/IHEDN\",\"https:\\\/\\\/www.instagram.com\\\/ihedn\\\/\",\"https:\\\/\\\/www.linkedin.com\\\/school\\\/ihedn\\\/\",\"https:\\\/\\\/fr.wikipedia.org\\\/wiki\\\/Institut_des_hautes_\u00e9tudes_de_D\u00e9fense_nationale\"]},{\"@type\":\"Person\",\"@id\":\"https:\\\/\\\/ihedn.fr\\\/#\\\/schema\\\/person\\\/ed217a37104b27a246b200e65b827cc7\",\"name\":\"tanguy.morel@ihedn.fr\",\"image\":{\"@type\":\"ImageObject\",\"inLanguage\":\"en-GB\",\"@id\":\"https:\\\/\\\/secure.gravatar.com\\\/avatar\\\/36877cd30919fafddf1f9da45f4154aa468a64328452f2ceaff0968772207348?s=96&d=mm&r=g\",\"url\":\"https:\\\/\\\/secure.gravatar.com\\\/avatar\\\/36877cd30919fafddf1f9da45f4154aa468a64328452f2ceaff0968772207348?s=96&d=mm&r=g\",\"contentUrl\":\"https:\\\/\\\/secure.gravatar.com\\\/avatar\\\/36877cd30919fafddf1f9da45f4154aa468a64328452f2ceaff0968772207348?s=96&d=mm&r=g\",\"caption\":\"tanguy.morel@ihedn.fr\"},\"url\":\"https:\\\/\\\/ihedn.fr\\\/en\\\/author\\\/tanguy-morelihedn-fr\\\/\"}]}<\/script>\n<!-- \/ Yoast SEO plugin. -->","yoast_head_json":{"title":"Athena's readings for July - L'IHEDN: Institut des hautes \u00e9tudes de d\u00e9fense nationale (Institute for Higher National Defence Studies)","description":"This summer, we're turning our strategic intelligence into reading advice! The war on sport, France's role on the international stage, the Russian-Ukrainian war, the Indopacific... Here are Athena's literary recommendations for July. Read with your feet in the water!","robots":{"index":"index","follow":"follow","max-snippet":"max-snippet:-1","max-image-preview":"max-image-preview:large","max-video-preview":"max-video-preview:-1"},"canonical":"https:\/\/ihedn.fr\/en\/notre-selection\/les-lectures-athena-pour-le-mois-de-juillet\/","og_locale":"en_GB","og_type":"article","og_title":"Les lectures d'Ath\u00e9na pour le mois de juillet","og_description":"Cet \u00e9t\u00e9, notre veille strat\u00e9gique se transforme en conseil de lecture ! La guerre du sport, le r\u00f4le de la France sur la sc\u00e8ne internationale, la guerre russo-ukrainienne, l'Indopacifique\u2026 Voici les recommandations litt\u00e9raires d'Ath\u00e9na pour le mois de juillet. \u00c0 lire les pieds dans l\u2019eau !","og_url":"https:\/\/ihedn.fr\/en\/notre-selection\/les-lectures-athena-pour-le-mois-de-juillet\/","og_site_name":"L&#039;IHEDN : Institut des hautes \u00e9tudes de d\u00e9fense nationale","article_publisher":"https:\/\/www.facebook.com\/ihedn\/","article_published_time":"2024-07-03T07:58:08+00:00","article_modified_time":"2024-08-01T15:10:13+00:00","og_image":[{"width":1920,"height":958,"url":"https:\/\/ihedn.fr\/wp-content\/uploads\/2024\/07\/LECTURES_DATHENA.jpg","type":"image\/jpeg"}],"author":"tanguy.morel@ihedn.fr","twitter_card":"summary_large_image","twitter_title":"Les lectures d'Ath\u00e9na pour le mois de juillet","twitter_description":"Cet \u00e9t\u00e9, notre veille strat\u00e9gique se transforme en conseil de lecture ! La guerre du sport, le r\u00f4le de la France sur la sc\u00e8ne internationale, la guerre russo-ukrainienne, l'Indopacifique\u2026 Voici les recommandations litt\u00e9raires d'Ath\u00e9na pour le mois de juillet. \u00c0 lire les pieds dans l\u2019eau !","twitter_image":"https:\/\/ihedn.fr\/wp-content\/uploads\/2024\/07\/LECTURES_DATHENA.jpg","twitter_creator":"@IHEDN","twitter_site":"@IHEDN","twitter_misc":{"Written by":"tanguy.morel@ihedn.fr","Estimated reading time":"7 minutes"},"schema":{"@context":"https:\/\/schema.org","@graph":[{"@type":"Article","@id":"https:\/\/ihedn.fr\/notre-selection\/les-lectures-athena-pour-le-mois-de-juillet\/#article","isPartOf":{"@id":"https:\/\/ihedn.fr\/notre-selection\/les-lectures-athena-pour-le-mois-de-juillet\/"},"author":{"name":"tanguy.morel@ihedn.fr","@id":"https:\/\/ihedn.fr\/#\/schema\/person\/ed217a37104b27a246b200e65b827cc7"},"headline":"Les lectures d&rsquo;Ath\u00e9na pour le mois de juillet","datePublished":"2024-07-03T07:58:08+00:00","dateModified":"2024-08-01T15:10:13+00:00","mainEntityOfPage":{"@id":"https:\/\/ihedn.fr\/notre-selection\/les-lectures-athena-pour-le-mois-de-juillet\/"},"wordCount":1062,"publisher":{"@id":"https:\/\/ihedn.fr\/#organization"},"image":{"@id":"https:\/\/ihedn.fr\/notre-selection\/les-lectures-athena-pour-le-mois-de-juillet\/#primaryimage"},"thumbnailUrl":"https:\/\/ihedn.fr\/wp-content\/uploads\/2024\/07\/LECTURES_DATHENA-1.jpg","articleSection":["Lundis de l'IHEDN","Notre s\u00e9lection"],"inLanguage":"en-GB"},{"@type":"WebPage","@id":"https:\/\/ihedn.fr\/notre-selection\/les-lectures-athena-pour-le-mois-de-juillet\/","url":"https:\/\/ihedn.fr\/notre-selection\/les-lectures-athena-pour-le-mois-de-juillet\/","name":"Athena's readings for July - L'IHEDN: Institut des hautes \u00e9tudes de d\u00e9fense nationale (Institute for Higher National Defence Studies)","isPartOf":{"@id":"https:\/\/ihedn.fr\/#website"},"primaryImageOfPage":{"@id":"https:\/\/ihedn.fr\/notre-selection\/les-lectures-athena-pour-le-mois-de-juillet\/#primaryimage"},"image":{"@id":"https:\/\/ihedn.fr\/notre-selection\/les-lectures-athena-pour-le-mois-de-juillet\/#primaryimage"},"thumbnailUrl":"https:\/\/ihedn.fr\/wp-content\/uploads\/2024\/07\/LECTURES_DATHENA-1.jpg","datePublished":"2024-07-03T07:58:08+00:00","dateModified":"2024-08-01T15:10:13+00:00","description":"This summer, we're turning our strategic intelligence into reading advice! The war on sport, France's role on the international stage, the Russian-Ukrainian war, the Indopacific... Here are Athena's literary recommendations for July. Read with your feet in the water!","breadcrumb":{"@id":"https:\/\/ihedn.fr\/notre-selection\/les-lectures-athena-pour-le-mois-de-juillet\/#breadcrumb"},"inLanguage":"en-GB","potentialAction":[{"@type":"ReadAction","target":["https:\/\/ihedn.fr\/notre-selection\/les-lectures-athena-pour-le-mois-de-juillet\/"]}]},{"@type":"ImageObject","inLanguage":"en-GB","@id":"https:\/\/ihedn.fr\/notre-selection\/les-lectures-athena-pour-le-mois-de-juillet\/#primaryimage","url":"https:\/\/ihedn.fr\/wp-content\/uploads\/2024\/07\/LECTURES_DATHENA-1.jpg","contentUrl":"https:\/\/ihedn.fr\/wp-content\/uploads\/2024\/07\/LECTURES_DATHENA-1.jpg","width":1920,"height":958},{"@type":"BreadcrumbList","@id":"https:\/\/ihedn.fr\/notre-selection\/les-lectures-athena-pour-le-mois-de-juillet\/#breadcrumb","itemListElement":[{"@type":"ListItem","position":1,"name":"Accueil","item":"https:\/\/ihedn.fr\/"},{"@type":"ListItem","position":2,"name":"Les lectures d&rsquo;Ath\u00e9na pour le mois de juillet"}]},{"@type":"WebSite","@id":"https:\/\/ihedn.fr\/#website","url":"https:\/\/ihedn.fr\/","name":"IHEDN: Institut des hautes \u00e9tudes de d\u00e9fense nationale (Institute for Higher National Defence Studies)","description":"Official website of the IHEDN under the supervision of the Prime Minister.","publisher":{"@id":"https:\/\/ihedn.fr\/#organization"},"potentialAction":[{"@type":"SearchAction","target":{"@type":"EntryPoint","urlTemplate":"https:\/\/ihedn.fr\/?s={search_term_string}"},"query-input":{"@type":"PropertyValueSpecification","valueRequired":true,"valueName":"search_term_string"}}],"inLanguage":"en-GB"},{"@type":"Organization","@id":"https:\/\/ihedn.fr\/#organization","name":"IHEDN - Institute for Higher National Defence Studies","url":"https:\/\/ihedn.fr\/","logo":{"@type":"ImageObject","inLanguage":"en-GB","@id":"https:\/\/ihedn.fr\/#\/schema\/logo\/image\/","url":"https:\/\/ihedn.fr\/wp-content\/uploads\/2020\/11\/BLOC_RF_IHEDN_WEB.png","contentUrl":"https:\/\/ihedn.fr\/wp-content\/uploads\/2020\/11\/BLOC_RF_IHEDN_WEB.png","width":500,"height":237,"caption":"IHEDN - Institut des Hautes Etudes de D\u00e9fense Nationale"},"image":{"@id":"https:\/\/ihedn.fr\/#\/schema\/logo\/image\/"},"sameAs":["https:\/\/www.facebook.com\/ihedn\/","https:\/\/x.com\/IHEDN","https:\/\/www.instagram.com\/ihedn\/","https:\/\/www.linkedin.com\/school\/ihedn\/","https:\/\/fr.wikipedia.org\/wiki\/Institut_des_hautes_\u00e9tudes_de_D\u00e9fense_nationale"]},{"@type":"Person","@id":"https:\/\/ihedn.fr\/#\/schema\/person\/ed217a37104b27a246b200e65b827cc7","name":"tanguy.morel@ihedn.fr","image":{"@type":"ImageObject","inLanguage":"en-GB","@id":"https:\/\/secure.gravatar.com\/avatar\/36877cd30919fafddf1f9da45f4154aa468a64328452f2ceaff0968772207348?s=96&d=mm&r=g","url":"https:\/\/secure.gravatar.com\/avatar\/36877cd30919fafddf1f9da45f4154aa468a64328452f2ceaff0968772207348?s=96&d=mm&r=g","contentUrl":"https:\/\/secure.gravatar.com\/avatar\/36877cd30919fafddf1f9da45f4154aa468a64328452f2ceaff0968772207348?s=96&d=mm&r=g","caption":"tanguy.morel@ihedn.fr"},"url":"https:\/\/ihedn.fr\/en\/author\/tanguy-morelihedn-fr\/"}]}},"publishpress_future_action":{"enabled":false,"date":"2026-05-07 13:34:04","action":"change-status","newStatus":"draft","terms":[],"taxonomy":"category","extraData":[]},"publishpress_future_workflow_manual_trigger":{"enabledWorkflows":[]},"_links":{"self":[{"href":"https:\/\/ihedn.fr\/en\/wp-json\/wp\/v2\/posts\/48387","targetHints":{"allow":["GET"]}}],"collection":[{"href":"https:\/\/ihedn.fr\/en\/wp-json\/wp\/v2\/posts"}],"about":[{"href":"https:\/\/ihedn.fr\/en\/wp-json\/wp\/v2\/types\/post"}],"author":[{"embeddable":true,"href":"https:\/\/ihedn.fr\/en\/wp-json\/wp\/v2\/users\/10"}],"replies":[{"embeddable":true,"href":"https:\/\/ihedn.fr\/en\/wp-json\/wp\/v2\/comments?post=48387"}],"version-history":[{"count":27,"href":"https:\/\/ihedn.fr\/en\/wp-json\/wp\/v2\/posts\/48387\/revisions"}],"predecessor-version":[{"id":49605,"href":"https:\/\/ihedn.fr\/en\/wp-json\/wp\/v2\/posts\/48387\/revisions\/49605"}],"wp:featuredmedia":[{"embeddable":true,"href":"https:\/\/ihedn.fr\/en\/wp-json\/wp\/v2\/media\/48965"}],"wp:attachment":[{"href":"https:\/\/ihedn.fr\/en\/wp-json\/wp\/v2\/media?parent=48387"}],"wp:term":[{"taxonomy":"category","embeddable":true,"href":"https:\/\/ihedn.fr\/en\/wp-json\/wp\/v2\/categories?post=48387"},{"taxonomy":"post_tag","embeddable":true,"href":"https:\/\/ihedn.fr\/en\/wp-json\/wp\/v2\/tags?post=48387"}],"curies":[{"name":"wp","href":"https:\/\/api.w.org\/{rel}","templated":true}]}}