{"id":48565,"date":"2024-07-02T16:28:42","date_gmt":"2024-07-02T15:28:42","guid":{"rendered":"https:\/\/ihedn.fr\/?p=48565"},"modified":"2024-07-02T16:29:32","modified_gmt":"2024-07-02T15:29:32","slug":"des-diplomates-en-seminaire-a-marseille-avec-lihedn","status":"publish","type":"post","link":"https:\/\/ihedn.fr\/en\/notre-actualite\/des-diplomates-en-seminaire-a-marseille-avec-lihedn\/","title":{"rendered":"Diplomats attend seminar in Marseille with IHEDN"},"content":{"rendered":"<div data-elementor-type=\"wp-post\" data-elementor-id=\"48565\" class=\"elementor elementor-48565\" data-elementor-post-type=\"post\">\n\t\t\t\t<div data-particle_enable=\"false\" data-particle-mobile-disabled=\"false\" class=\"elementor-element elementor-element-93a82e0 e-con-full e-flex e-con e-parent\" data-id=\"93a82e0\" data-element_type=\"container\" data-e-type=\"container\">\n\t\t\t\t<div class=\"elementor-element elementor-element-a59142f elementor-widget elementor-widget-text-editor\" data-id=\"a59142f\" data-element_type=\"widget\" data-e-type=\"widget\" data-widget_type=\"text-editor.default\">\n\t\t\t\t<div class=\"elementor-widget-container\">\n\t\t\t\t\t\t\t\t\t<p style=\"text-align: left;\">Over the course of two days, eight participants were given presentations and field trips to learn more about the challenges facing the southern defence and security zone. Among the sites visited were the Centre zonal op\u00e9rationnel de crise, the Service garde-c\u00f4tes des douanes de M\u00e9diterran\u00e9e, the Grand Port Maritime de Marseille and the Command of the L\u00e9gion \u00e9trang\u00e8re.<\/p>\t\t\t\t\t\t\t\t<\/div>\n\t\t\t\t<\/div>\n\t\t\t\t<\/div>\n\t\t<div data-particle_enable=\"false\" data-particle-mobile-disabled=\"false\" class=\"elementor-element elementor-element-26952ac e-flex e-con-boxed e-con e-parent\" data-id=\"26952ac\" data-element_type=\"container\" data-e-type=\"container\">\n\t\t\t\t\t<div class=\"e-con-inner\">\n\t\t\t\t<div class=\"elementor-element elementor-element-9e00012 gallery-spacing-custom elementor-widget elementor-widget-image-gallery\" data-id=\"9e00012\" data-element_type=\"widget\" data-e-type=\"widget\" data-widget_type=\"image-gallery.default\">\n\t\t\t\t<div class=\"elementor-widget-container\">\n\t\t\t\t\t\t\t<div class=\"elementor-image-gallery\">\n\t\t\t<div id='gallery-1' class='gallery galleryid-48565 gallery-columns-3 gallery-size-medium_large'><figure class='gallery-item'>\n\t\t\t<div class='gallery-icon landscape'>\n\t\t\t\t<a data-elementor-open-lightbox=\"yes\" data-elementor-lightbox-slideshow=\"9e00012\" data-e-action-hash=\"#elementor-action%3Aaction%3Dlightbox%26settings%3DeyJpZCI6NDg1NzAsInVybCI6Imh0dHBzOlwvXC9paGVkbi5mclwvd3AtY29udGVudFwvdXBsb2Fkc1wvMjAyNFwvMDdcL1NhbnMtdGl0cmUuanBnIiwic2xpZGVzaG93IjoiOWUwMDAxMiJ9\" href='https:\/\/ihedn.fr\/wp-content\/uploads\/2024\/07\/Sans-titre.jpg'><img fetchpriority=\"high\" decoding=\"async\" width=\"768\" height=\"768\" src=\"https:\/\/ihedn.fr\/wp-content\/uploads\/2024\/07\/Sans-titre-768x768.jpg\" class=\"attachment-medium_large size-medium_large\" alt=\"\" srcset=\"https:\/\/ihedn.fr\/wp-content\/uploads\/2024\/07\/Sans-titre-768x768.jpg 768w, https:\/\/ihedn.fr\/wp-content\/uploads\/2024\/07\/Sans-titre-300x300.jpg 300w, https:\/\/ihedn.fr\/wp-content\/uploads\/2024\/07\/Sans-titre-1024x1024.jpg 1024w, https:\/\/ihedn.fr\/wp-content\/uploads\/2024\/07\/Sans-titre-150x150.jpg 150w, https:\/\/ihedn.fr\/wp-content\/uploads\/2024\/07\/Sans-titre-12x12.jpg 12w\" sizes=\"(max-width: 768px) 100vw, 768px\" \/><\/a>\n\t\t\t<\/div><\/figure><figure class='gallery-item'>\n\t\t\t<div class='gallery-icon landscape'>\n\t\t\t\t<a data-elementor-open-lightbox=\"yes\" data-elementor-lightbox-slideshow=\"9e00012\" data-e-action-hash=\"#elementor-action%3Aaction%3Dlightbox%26settings%3DeyJpZCI6NDg1NjksInVybCI6Imh0dHBzOlwvXC9paGVkbi5mclwvd3AtY29udGVudFwvdXBsb2Fkc1wvMjAyNFwvMDdcL1doYXRzQXBwLUltYWdlLTIwMjQtMDctMDItYXQtMTcuMDcuNDQuanBlZyIsInNsaWRlc2hvdyI6IjllMDAwMTIifQ%3D%3D\" href='https:\/\/ihedn.fr\/wp-content\/uploads\/2024\/07\/WhatsApp-Image-2024-07-02-at-17.07.44.jpeg'><img decoding=\"async\" width=\"768\" height=\"768\" src=\"https:\/\/ihedn.fr\/wp-content\/uploads\/2024\/07\/WhatsApp-Image-2024-07-02-at-17.07.44-768x768.jpeg\" class=\"attachment-medium_large size-medium_large\" alt=\"\" srcset=\"https:\/\/ihedn.fr\/wp-content\/uploads\/2024\/07\/WhatsApp-Image-2024-07-02-at-17.07.44-768x768.jpeg 768w, https:\/\/ihedn.fr\/wp-content\/uploads\/2024\/07\/WhatsApp-Image-2024-07-02-at-17.07.44-300x300.jpeg 300w, https:\/\/ihedn.fr\/wp-content\/uploads\/2024\/07\/WhatsApp-Image-2024-07-02-at-17.07.44-1024x1024.jpeg 1024w, https:\/\/ihedn.fr\/wp-content\/uploads\/2024\/07\/WhatsApp-Image-2024-07-02-at-17.07.44-150x150.jpeg 150w\" sizes=\"(max-width: 768px) 100vw, 768px\" \/><\/a>\n\t\t\t<\/div><\/figure><figure class='gallery-item'>\n\t\t\t<div class='gallery-icon landscape'>\n\t\t\t\t<a data-elementor-open-lightbox=\"yes\" data-elementor-lightbox-slideshow=\"9e00012\" data-e-action-hash=\"#elementor-action%3Aaction%3Dlightbox%26settings%3DeyJpZCI6NDg1NjgsInVybCI6Imh0dHBzOlwvXC9paGVkbi5mclwvd3AtY29udGVudFwvdXBsb2Fkc1wvMjAyNFwvMDdcL1doYXRzQXBwLUltYWdlLTIwMjQtMDctMDItYXQtMTcuMDcuNDMxLmpwZWciLCJzbGlkZXNob3ciOiI5ZTAwMDEyIn0%3D\" href='https:\/\/ihedn.fr\/wp-content\/uploads\/2024\/07\/WhatsApp-Image-2024-07-02-at-17.07.431.jpeg'><img decoding=\"async\" width=\"768\" height=\"768\" src=\"https:\/\/ihedn.fr\/wp-content\/uploads\/2024\/07\/WhatsApp-Image-2024-07-02-at-17.07.431-768x768.jpeg\" class=\"attachment-medium_large size-medium_large\" alt=\"\" srcset=\"https:\/\/ihedn.fr\/wp-content\/uploads\/2024\/07\/WhatsApp-Image-2024-07-02-at-17.07.431-768x768.jpeg 768w, https:\/\/ihedn.fr\/wp-content\/uploads\/2024\/07\/WhatsApp-Image-2024-07-02-at-17.07.431-300x300.jpeg 300w, https:\/\/ihedn.fr\/wp-content\/uploads\/2024\/07\/WhatsApp-Image-2024-07-02-at-17.07.431-1024x1024.jpeg 1024w, https:\/\/ihedn.fr\/wp-content\/uploads\/2024\/07\/WhatsApp-Image-2024-07-02-at-17.07.431-150x150.jpeg 150w\" sizes=\"(max-width: 768px) 100vw, 768px\" \/><\/a>\n\t\t\t<\/div><\/figure>\n\t\t<\/div>\n\t\t<\/div>\n\t\t\t\t\t\t<\/div>\n\t\t\t\t<\/div>\n\t\t\t\t\t<\/div>\n\t\t\t\t<\/div>\n\t\t\t\t<\/div>","protected":false},"excerpt":{"rendered":"<p>On 20 and 21 June, the city of Marseille hosted a seminar organised by the IHEDN for the \u00c9cole pratique des m\u00e9tiers de la diplomatie (EDI) of the Ministry of Europe and Foreign Affairs.<\/p>","protected":false},"author":10,"featured_media":48566,"comment_status":"closed","ping_status":"closed","sticky":false,"template":"","format":"standard","meta":{"footnotes":""},"categories":[172],"tags":[],"class_list":["post-48565","post","type-post","status-publish","format-standard","has-post-thumbnail","hentry","category-notre-actualite"],"yoast_head":"<!-- This site is optimized with the Yoast SEO plugin v27.5 - https:\/\/yoast.com\/product\/yoast-seo-wordpress\/ -->\n<title>Des diplomates en s\u00e9minaire \u00e0 Marseille avec l\u2019IHEDN - L&#039;IHEDN : Institut des hautes \u00e9tudes de d\u00e9fense nationale<\/title>\n<meta name=\"description\" content=\"Les 20 et 21 juin, la ville de Marseille a accueilli un s\u00e9minaire organis\u00e9 par l&#039;IHEDN, au profit de l&#039;\u00c9cole pratique des m\u00e9tiers de la diplomatie (EDI) du minist\u00e8re de l&#039;Europe et des Affaires \u00e9trang\u00e8res.\" \/>\n<meta name=\"robots\" content=\"index, follow, max-snippet:-1, max-image-preview:large, max-video-preview:-1\" \/>\n<link rel=\"canonical\" href=\"https:\/\/ihedn.fr\/en\/notre-actualite\/des-diplomates-en-seminaire-a-marseille-avec-lihedn\/\" \/>\n<meta property=\"og:locale\" content=\"en_GB\" \/>\n<meta property=\"og:type\" content=\"article\" \/>\n<meta property=\"og:title\" content=\"Des diplomates en s\u00e9minaire \u00e0 Marseille avec l\u2019IHEDN\" \/>\n<meta property=\"og:description\" content=\"Les 20 et 21 juin, la ville de Marseille a accueilli un s\u00e9minaire organis\u00e9 par l&#039;IHEDN, au profit de l&#039;\u00c9cole pratique des m\u00e9tiers de la diplomatie (EDI) du minist\u00e8re de l&#039;Europe et des Affaires \u00e9trang\u00e8res.\" \/>\n<meta property=\"og:url\" content=\"https:\/\/ihedn.fr\/en\/notre-actualite\/des-diplomates-en-seminaire-a-marseille-avec-lihedn\/\" \/>\n<meta property=\"og:site_name\" content=\"L&#039;IHEDN : Institut des hautes \u00e9tudes de d\u00e9fense nationale\" \/>\n<meta property=\"article:publisher\" content=\"https:\/\/www.facebook.com\/ihedn\/\" \/>\n<meta property=\"article:published_time\" content=\"2024-07-02T15:28:42+00:00\" \/>\n<meta property=\"article:modified_time\" content=\"2024-07-02T15:29:32+00:00\" \/>\n<meta property=\"og:image\" content=\"https:\/\/ihedn.fr\/wp-content\/uploads\/2024\/07\/WhatsApp-Image-2024-07-02-at-17.07.442.jpeg\" \/>\n\t<meta property=\"og:image:width\" content=\"1920\" \/>\n\t<meta property=\"og:image:height\" content=\"1455\" \/>\n\t<meta property=\"og:image:type\" content=\"image\/jpeg\" \/>\n<meta name=\"author\" content=\"tanguy.morel@ihedn.fr\" \/>\n<meta name=\"twitter:card\" content=\"summary_large_image\" \/>\n<meta name=\"twitter:title\" content=\"Des diplomates en s\u00e9minaire \u00e0 Marseille avec l\u2019IHEDN\" \/>\n<meta name=\"twitter:description\" content=\"Les 20 et 21 juin, la ville de Marseille a accueilli un s\u00e9minaire organis\u00e9 par l&#039;IHEDN, au profit de l&#039;\u00c9cole pratique des m\u00e9tiers de la diplomatie (EDI) du minist\u00e8re de l&#039;Europe et des Affaires \u00e9trang\u00e8res.\" \/>\n<meta name=\"twitter:image\" content=\"https:\/\/ihedn.fr\/wp-content\/uploads\/2024\/07\/WhatsApp-Image-2024-07-02-at-17.07.442.jpeg\" \/>\n<meta name=\"twitter:creator\" content=\"@IHEDN\" \/>\n<meta name=\"twitter:site\" content=\"@IHEDN\" \/>\n<meta name=\"twitter:label1\" content=\"Written by\" \/>\n\t<meta name=\"twitter:data1\" content=\"tanguy.morel@ihedn.fr\" \/>\n\t<meta name=\"twitter:label2\" content=\"Estimated reading time\" \/>\n\t<meta name=\"twitter:data2\" content=\"1 minute\" \/>\n<script type=\"application\/ld+json\" class=\"yoast-schema-graph\">{\"@context\":\"https:\\\/\\\/schema.org\",\"@graph\":[{\"@type\":\"Article\",\"@id\":\"https:\\\/\\\/ihedn.fr\\\/notre-actualite\\\/des-diplomates-en-seminaire-a-marseille-avec-lihedn\\\/#article\",\"isPartOf\":{\"@id\":\"https:\\\/\\\/ihedn.fr\\\/notre-actualite\\\/des-diplomates-en-seminaire-a-marseille-avec-lihedn\\\/\"},\"author\":{\"name\":\"tanguy.morel@ihedn.fr\",\"@id\":\"https:\\\/\\\/ihedn.fr\\\/#\\\/schema\\\/person\\\/ed217a37104b27a246b200e65b827cc7\"},\"headline\":\"Des diplomates en s\u00e9minaire \u00e0 Marseille avec l\u2019IHEDN\",\"datePublished\":\"2024-07-02T15:28:42+00:00\",\"dateModified\":\"2024-07-02T15:29:32+00:00\",\"mainEntityOfPage\":{\"@id\":\"https:\\\/\\\/ihedn.fr\\\/notre-actualite\\\/des-diplomates-en-seminaire-a-marseille-avec-lihedn\\\/\"},\"wordCount\":80,\"publisher\":{\"@id\":\"https:\\\/\\\/ihedn.fr\\\/#organization\"},\"image\":{\"@id\":\"https:\\\/\\\/ihedn.fr\\\/notre-actualite\\\/des-diplomates-en-seminaire-a-marseille-avec-lihedn\\\/#primaryimage\"},\"thumbnailUrl\":\"https:\\\/\\\/ihedn.fr\\\/wp-content\\\/uploads\\\/2024\\\/07\\\/WhatsApp-Image-2024-07-02-at-17.07.442.jpeg\",\"articleSection\":[\"Notre actualit\u00e9\"],\"inLanguage\":\"en-GB\"},{\"@type\":\"WebPage\",\"@id\":\"https:\\\/\\\/ihedn.fr\\\/notre-actualite\\\/des-diplomates-en-seminaire-a-marseille-avec-lihedn\\\/\",\"url\":\"https:\\\/\\\/ihedn.fr\\\/notre-actualite\\\/des-diplomates-en-seminaire-a-marseille-avec-lihedn\\\/\",\"name\":\"Des diplomates en s\u00e9minaire \u00e0 Marseille avec l\u2019IHEDN - L&#039;IHEDN : Institut des hautes \u00e9tudes de d\u00e9fense nationale\",\"isPartOf\":{\"@id\":\"https:\\\/\\\/ihedn.fr\\\/#website\"},\"primaryImageOfPage\":{\"@id\":\"https:\\\/\\\/ihedn.fr\\\/notre-actualite\\\/des-diplomates-en-seminaire-a-marseille-avec-lihedn\\\/#primaryimage\"},\"image\":{\"@id\":\"https:\\\/\\\/ihedn.fr\\\/notre-actualite\\\/des-diplomates-en-seminaire-a-marseille-avec-lihedn\\\/#primaryimage\"},\"thumbnailUrl\":\"https:\\\/\\\/ihedn.fr\\\/wp-content\\\/uploads\\\/2024\\\/07\\\/WhatsApp-Image-2024-07-02-at-17.07.442.jpeg\",\"datePublished\":\"2024-07-02T15:28:42+00:00\",\"dateModified\":\"2024-07-02T15:29:32+00:00\",\"description\":\"Les 20 et 21 juin, la ville de Marseille a accueilli un s\u00e9minaire organis\u00e9 par l'IHEDN, au profit de l'\u00c9cole pratique des m\u00e9tiers de la diplomatie (EDI) du minist\u00e8re de l'Europe et des Affaires \u00e9trang\u00e8res.\",\"breadcrumb\":{\"@id\":\"https:\\\/\\\/ihedn.fr\\\/notre-actualite\\\/des-diplomates-en-seminaire-a-marseille-avec-lihedn\\\/#breadcrumb\"},\"inLanguage\":\"en-GB\",\"potentialAction\":[{\"@type\":\"ReadAction\",\"target\":[\"https:\\\/\\\/ihedn.fr\\\/notre-actualite\\\/des-diplomates-en-seminaire-a-marseille-avec-lihedn\\\/\"]}]},{\"@type\":\"ImageObject\",\"inLanguage\":\"en-GB\",\"@id\":\"https:\\\/\\\/ihedn.fr\\\/notre-actualite\\\/des-diplomates-en-seminaire-a-marseille-avec-lihedn\\\/#primaryimage\",\"url\":\"https:\\\/\\\/ihedn.fr\\\/wp-content\\\/uploads\\\/2024\\\/07\\\/WhatsApp-Image-2024-07-02-at-17.07.442.jpeg\",\"contentUrl\":\"https:\\\/\\\/ihedn.fr\\\/wp-content\\\/uploads\\\/2024\\\/07\\\/WhatsApp-Image-2024-07-02-at-17.07.442.jpeg\",\"width\":1920,\"height\":1455},{\"@type\":\"BreadcrumbList\",\"@id\":\"https:\\\/\\\/ihedn.fr\\\/notre-actualite\\\/des-diplomates-en-seminaire-a-marseille-avec-lihedn\\\/#breadcrumb\",\"itemListElement\":[{\"@type\":\"ListItem\",\"position\":1,\"name\":\"Accueil\",\"item\":\"https:\\\/\\\/ihedn.fr\\\/\"},{\"@type\":\"ListItem\",\"position\":2,\"name\":\"Des diplomates en s\u00e9minaire \u00e0 Marseille avec l\u2019IHEDN\"}]},{\"@type\":\"WebSite\",\"@id\":\"https:\\\/\\\/ihedn.fr\\\/#website\",\"url\":\"https:\\\/\\\/ihedn.fr\\\/\",\"name\":\"IHEDN : Institut des hautes \u00e9tudes de d\u00e9fense nationale |\",\"description\":\"Site officiel de l&#039;IHEDN plac\u00e9 sous la tutelle du Premier ministre.\",\"publisher\":{\"@id\":\"https:\\\/\\\/ihedn.fr\\\/#organization\"},\"potentialAction\":[{\"@type\":\"SearchAction\",\"target\":{\"@type\":\"EntryPoint\",\"urlTemplate\":\"https:\\\/\\\/ihedn.fr\\\/?s={search_term_string}\"},\"query-input\":{\"@type\":\"PropertyValueSpecification\",\"valueRequired\":true,\"valueName\":\"search_term_string\"}}],\"inLanguage\":\"en-GB\"},{\"@type\":\"Organization\",\"@id\":\"https:\\\/\\\/ihedn.fr\\\/#organization\",\"name\":\"IHEDN - Institut des Hautes Etudes de D\u00e9fense Nationale\",\"url\":\"https:\\\/\\\/ihedn.fr\\\/\",\"logo\":{\"@type\":\"ImageObject\",\"inLanguage\":\"en-GB\",\"@id\":\"https:\\\/\\\/ihedn.fr\\\/#\\\/schema\\\/logo\\\/image\\\/\",\"url\":\"https:\\\/\\\/ihedn.fr\\\/wp-content\\\/uploads\\\/2020\\\/11\\\/BLOC_RF_IHEDN_WEB.png\",\"contentUrl\":\"https:\\\/\\\/ihedn.fr\\\/wp-content\\\/uploads\\\/2020\\\/11\\\/BLOC_RF_IHEDN_WEB.png\",\"width\":500,\"height\":237,\"caption\":\"IHEDN - Institut des Hautes Etudes de D\u00e9fense Nationale\"},\"image\":{\"@id\":\"https:\\\/\\\/ihedn.fr\\\/#\\\/schema\\\/logo\\\/image\\\/\"},\"sameAs\":[\"https:\\\/\\\/www.facebook.com\\\/ihedn\\\/\",\"https:\\\/\\\/x.com\\\/IHEDN\",\"https:\\\/\\\/www.instagram.com\\\/ihedn\\\/\",\"https:\\\/\\\/www.linkedin.com\\\/school\\\/ihedn\\\/\",\"https:\\\/\\\/fr.wikipedia.org\\\/wiki\\\/Institut_des_hautes_\u00e9tudes_de_D\u00e9fense_nationale\"]},{\"@type\":\"Person\",\"@id\":\"https:\\\/\\\/ihedn.fr\\\/#\\\/schema\\\/person\\\/ed217a37104b27a246b200e65b827cc7\",\"name\":\"tanguy.morel@ihedn.fr\",\"image\":{\"@type\":\"ImageObject\",\"inLanguage\":\"en-GB\",\"@id\":\"https:\\\/\\\/secure.gravatar.com\\\/avatar\\\/36877cd30919fafddf1f9da45f4154aa468a64328452f2ceaff0968772207348?s=96&d=mm&r=g\",\"url\":\"https:\\\/\\\/secure.gravatar.com\\\/avatar\\\/36877cd30919fafddf1f9da45f4154aa468a64328452f2ceaff0968772207348?s=96&d=mm&r=g\",\"contentUrl\":\"https:\\\/\\\/secure.gravatar.com\\\/avatar\\\/36877cd30919fafddf1f9da45f4154aa468a64328452f2ceaff0968772207348?s=96&d=mm&r=g\",\"caption\":\"tanguy.morel@ihedn.fr\"},\"url\":\"https:\\\/\\\/ihedn.fr\\\/en\\\/author\\\/tanguy-morelihedn-fr\\\/\"}]}<\/script>\n<!-- \/ Yoast SEO plugin. -->","yoast_head_json":{"title":"Diplomats at a seminar in Marseille with IHEDN - L'IHEDN : Institut des hautes \u00e9tudes de d\u00e9fense nationale (French Institute for Higher National Defence Studies)","description":"On 20 and 21 June, the city of Marseille hosted a seminar organised by the IHEDN for the \u00c9cole pratique des m\u00e9tiers de la diplomatie (EDI) of the Ministry of Europe and Foreign Affairs.","robots":{"index":"index","follow":"follow","max-snippet":"max-snippet:-1","max-image-preview":"max-image-preview:large","max-video-preview":"max-video-preview:-1"},"canonical":"https:\/\/ihedn.fr\/en\/notre-actualite\/des-diplomates-en-seminaire-a-marseille-avec-lihedn\/","og_locale":"en_GB","og_type":"article","og_title":"Des diplomates en s\u00e9minaire \u00e0 Marseille avec l\u2019IHEDN","og_description":"Les 20 et 21 juin, la ville de Marseille a accueilli un s\u00e9minaire organis\u00e9 par l'IHEDN, au profit de l'\u00c9cole pratique des m\u00e9tiers de la diplomatie (EDI) du minist\u00e8re de l'Europe et des Affaires \u00e9trang\u00e8res.","og_url":"https:\/\/ihedn.fr\/en\/notre-actualite\/des-diplomates-en-seminaire-a-marseille-avec-lihedn\/","og_site_name":"L&#039;IHEDN : Institut des hautes \u00e9tudes de d\u00e9fense nationale","article_publisher":"https:\/\/www.facebook.com\/ihedn\/","article_published_time":"2024-07-02T15:28:42+00:00","article_modified_time":"2024-07-02T15:29:32+00:00","og_image":[{"width":1920,"height":1455,"url":"https:\/\/ihedn.fr\/wp-content\/uploads\/2024\/07\/WhatsApp-Image-2024-07-02-at-17.07.442.jpeg","type":"image\/jpeg"}],"author":"tanguy.morel@ihedn.fr","twitter_card":"summary_large_image","twitter_title":"Des diplomates en s\u00e9minaire \u00e0 Marseille avec l\u2019IHEDN","twitter_description":"Les 20 et 21 juin, la ville de Marseille a accueilli un s\u00e9minaire organis\u00e9 par l'IHEDN, au profit de l'\u00c9cole pratique des m\u00e9tiers de la diplomatie (EDI) du minist\u00e8re de l'Europe et des Affaires \u00e9trang\u00e8res.","twitter_image":"https:\/\/ihedn.fr\/wp-content\/uploads\/2024\/07\/WhatsApp-Image-2024-07-02-at-17.07.442.jpeg","twitter_creator":"@IHEDN","twitter_site":"@IHEDN","twitter_misc":{"Written by":"tanguy.morel@ihedn.fr","Estimated reading time":"1 minute"},"schema":{"@context":"https:\/\/schema.org","@graph":[{"@type":"Article","@id":"https:\/\/ihedn.fr\/notre-actualite\/des-diplomates-en-seminaire-a-marseille-avec-lihedn\/#article","isPartOf":{"@id":"https:\/\/ihedn.fr\/notre-actualite\/des-diplomates-en-seminaire-a-marseille-avec-lihedn\/"},"author":{"name":"tanguy.morel@ihedn.fr","@id":"https:\/\/ihedn.fr\/#\/schema\/person\/ed217a37104b27a246b200e65b827cc7"},"headline":"Des diplomates en s\u00e9minaire \u00e0 Marseille avec l\u2019IHEDN","datePublished":"2024-07-02T15:28:42+00:00","dateModified":"2024-07-02T15:29:32+00:00","mainEntityOfPage":{"@id":"https:\/\/ihedn.fr\/notre-actualite\/des-diplomates-en-seminaire-a-marseille-avec-lihedn\/"},"wordCount":80,"publisher":{"@id":"https:\/\/ihedn.fr\/#organization"},"image":{"@id":"https:\/\/ihedn.fr\/notre-actualite\/des-diplomates-en-seminaire-a-marseille-avec-lihedn\/#primaryimage"},"thumbnailUrl":"https:\/\/ihedn.fr\/wp-content\/uploads\/2024\/07\/WhatsApp-Image-2024-07-02-at-17.07.442.jpeg","articleSection":["Notre actualit\u00e9"],"inLanguage":"en-GB"},{"@type":"WebPage","@id":"https:\/\/ihedn.fr\/notre-actualite\/des-diplomates-en-seminaire-a-marseille-avec-lihedn\/","url":"https:\/\/ihedn.fr\/notre-actualite\/des-diplomates-en-seminaire-a-marseille-avec-lihedn\/","name":"Diplomats at a seminar in Marseille with IHEDN - L'IHEDN : Institut des hautes \u00e9tudes de d\u00e9fense nationale (French Institute for Higher National Defence Studies)","isPartOf":{"@id":"https:\/\/ihedn.fr\/#website"},"primaryImageOfPage":{"@id":"https:\/\/ihedn.fr\/notre-actualite\/des-diplomates-en-seminaire-a-marseille-avec-lihedn\/#primaryimage"},"image":{"@id":"https:\/\/ihedn.fr\/notre-actualite\/des-diplomates-en-seminaire-a-marseille-avec-lihedn\/#primaryimage"},"thumbnailUrl":"https:\/\/ihedn.fr\/wp-content\/uploads\/2024\/07\/WhatsApp-Image-2024-07-02-at-17.07.442.jpeg","datePublished":"2024-07-02T15:28:42+00:00","dateModified":"2024-07-02T15:29:32+00:00","description":"On 20 and 21 June, the city of Marseille hosted a seminar organised by the IHEDN for the \u00c9cole pratique des m\u00e9tiers de la diplomatie (EDI) of the Ministry of Europe and Foreign Affairs.","breadcrumb":{"@id":"https:\/\/ihedn.fr\/notre-actualite\/des-diplomates-en-seminaire-a-marseille-avec-lihedn\/#breadcrumb"},"inLanguage":"en-GB","potentialAction":[{"@type":"ReadAction","target":["https:\/\/ihedn.fr\/notre-actualite\/des-diplomates-en-seminaire-a-marseille-avec-lihedn\/"]}]},{"@type":"ImageObject","inLanguage":"en-GB","@id":"https:\/\/ihedn.fr\/notre-actualite\/des-diplomates-en-seminaire-a-marseille-avec-lihedn\/#primaryimage","url":"https:\/\/ihedn.fr\/wp-content\/uploads\/2024\/07\/WhatsApp-Image-2024-07-02-at-17.07.442.jpeg","contentUrl":"https:\/\/ihedn.fr\/wp-content\/uploads\/2024\/07\/WhatsApp-Image-2024-07-02-at-17.07.442.jpeg","width":1920,"height":1455},{"@type":"BreadcrumbList","@id":"https:\/\/ihedn.fr\/notre-actualite\/des-diplomates-en-seminaire-a-marseille-avec-lihedn\/#breadcrumb","itemListElement":[{"@type":"ListItem","position":1,"name":"Accueil","item":"https:\/\/ihedn.fr\/"},{"@type":"ListItem","position":2,"name":"Des diplomates en s\u00e9minaire \u00e0 Marseille avec l\u2019IHEDN"}]},{"@type":"WebSite","@id":"https:\/\/ihedn.fr\/#website","url":"https:\/\/ihedn.fr\/","name":"IHEDN: Institut des hautes \u00e9tudes de d\u00e9fense nationale (Institute for Higher National Defence Studies)","description":"Official website of the IHEDN under the supervision of the Prime Minister.","publisher":{"@id":"https:\/\/ihedn.fr\/#organization"},"potentialAction":[{"@type":"SearchAction","target":{"@type":"EntryPoint","urlTemplate":"https:\/\/ihedn.fr\/?s={search_term_string}"},"query-input":{"@type":"PropertyValueSpecification","valueRequired":true,"valueName":"search_term_string"}}],"inLanguage":"en-GB"},{"@type":"Organization","@id":"https:\/\/ihedn.fr\/#organization","name":"IHEDN - Institute for Higher National Defence Studies","url":"https:\/\/ihedn.fr\/","logo":{"@type":"ImageObject","inLanguage":"en-GB","@id":"https:\/\/ihedn.fr\/#\/schema\/logo\/image\/","url":"https:\/\/ihedn.fr\/wp-content\/uploads\/2020\/11\/BLOC_RF_IHEDN_WEB.png","contentUrl":"https:\/\/ihedn.fr\/wp-content\/uploads\/2020\/11\/BLOC_RF_IHEDN_WEB.png","width":500,"height":237,"caption":"IHEDN - Institut des Hautes Etudes de D\u00e9fense Nationale"},"image":{"@id":"https:\/\/ihedn.fr\/#\/schema\/logo\/image\/"},"sameAs":["https:\/\/www.facebook.com\/ihedn\/","https:\/\/x.com\/IHEDN","https:\/\/www.instagram.com\/ihedn\/","https:\/\/www.linkedin.com\/school\/ihedn\/","https:\/\/fr.wikipedia.org\/wiki\/Institut_des_hautes_\u00e9tudes_de_D\u00e9fense_nationale"]},{"@type":"Person","@id":"https:\/\/ihedn.fr\/#\/schema\/person\/ed217a37104b27a246b200e65b827cc7","name":"tanguy.morel@ihedn.fr","image":{"@type":"ImageObject","inLanguage":"en-GB","@id":"https:\/\/secure.gravatar.com\/avatar\/36877cd30919fafddf1f9da45f4154aa468a64328452f2ceaff0968772207348?s=96&d=mm&r=g","url":"https:\/\/secure.gravatar.com\/avatar\/36877cd30919fafddf1f9da45f4154aa468a64328452f2ceaff0968772207348?s=96&d=mm&r=g","contentUrl":"https:\/\/secure.gravatar.com\/avatar\/36877cd30919fafddf1f9da45f4154aa468a64328452f2ceaff0968772207348?s=96&d=mm&r=g","caption":"tanguy.morel@ihedn.fr"},"url":"https:\/\/ihedn.fr\/en\/author\/tanguy-morelihedn-fr\/"}]}},"publishpress_future_action":{"enabled":false,"date":"2026-05-06 23:56:43","action":"change-status","newStatus":"draft","terms":[],"taxonomy":"category","extraData":[]},"publishpress_future_workflow_manual_trigger":{"enabledWorkflows":[]},"_links":{"self":[{"href":"https:\/\/ihedn.fr\/en\/wp-json\/wp\/v2\/posts\/48565","targetHints":{"allow":["GET"]}}],"collection":[{"href":"https:\/\/ihedn.fr\/en\/wp-json\/wp\/v2\/posts"}],"about":[{"href":"https:\/\/ihedn.fr\/en\/wp-json\/wp\/v2\/types\/post"}],"author":[{"embeddable":true,"href":"https:\/\/ihedn.fr\/en\/wp-json\/wp\/v2\/users\/10"}],"replies":[{"embeddable":true,"href":"https:\/\/ihedn.fr\/en\/wp-json\/wp\/v2\/comments?post=48565"}],"version-history":[{"count":5,"href":"https:\/\/ihedn.fr\/en\/wp-json\/wp\/v2\/posts\/48565\/revisions"}],"predecessor-version":[{"id":48574,"href":"https:\/\/ihedn.fr\/en\/wp-json\/wp\/v2\/posts\/48565\/revisions\/48574"}],"wp:featuredmedia":[{"embeddable":true,"href":"https:\/\/ihedn.fr\/en\/wp-json\/wp\/v2\/media\/48566"}],"wp:attachment":[{"href":"https:\/\/ihedn.fr\/en\/wp-json\/wp\/v2\/media?parent=48565"}],"wp:term":[{"taxonomy":"category","embeddable":true,"href":"https:\/\/ihedn.fr\/en\/wp-json\/wp\/v2\/categories?post=48565"},{"taxonomy":"post_tag","embeddable":true,"href":"https:\/\/ihedn.fr\/en\/wp-json\/wp\/v2\/tags?post=48565"}],"curies":[{"name":"wp","href":"https:\/\/api.w.org\/{rel}","templated":true}]}}