{"id":48629,"date":"2024-07-05T15:05:27","date_gmt":"2024-07-05T14:05:27","guid":{"rendered":"https:\/\/ihedn.fr\/?p=48629"},"modified":"2024-07-05T15:11:37","modified_gmt":"2024-07-05T14:11:37","slug":"journee-auditeurs-sessions-region-2023-2024","status":"publish","type":"post","link":"https:\/\/ihedn.fr\/en\/notre-actualite\/journee-auditeurs-sessions-region-2023-2024\/","title":{"rendered":"Auditors' day for regional sessions 2023-2024"},"content":{"rendered":"<div data-elementor-type=\"wp-post\" data-elementor-id=\"48629\" class=\"elementor elementor-48629\" data-elementor-post-type=\"post\">\n\t\t\t\t<div data-particle_enable=\"false\" data-particle-mobile-disabled=\"false\" class=\"elementor-element elementor-element-93a82e0 e-con-full e-flex e-con e-parent\" data-id=\"93a82e0\" data-element_type=\"container\" data-e-type=\"container\">\n\t\t\t\t<div class=\"elementor-element elementor-element-a59142f elementor-widget elementor-widget-text-editor\" data-id=\"a59142f\" data-element_type=\"widget\" data-e-type=\"widget\" data-widget_type=\"text-editor.default\">\n\t\t\t\t<div class=\"elementor-widget-container\">\n\t\t\t\t\t\t\t\t\t<p style=\"text-align: left;\">IHEDN organised five sessions over a period of ten months, including one in French Polynesia, totalling 23 weeks of intensive training, each lasting four days. From September 2023 to June 2024, 238 auditors, including 58 women and 180 men, took part in these sessions. They included 49 military personnel and 189 civilians, 120 from the civil service and 69 from the private sector.<\/p><p style=\"text-align: left;\">Some of the highlights included visits to Ile Longue and its naval air station; the Lyon tunnel construction site in Turin and the wind tunnels at the Office national d'\u00e9tudes et de recherches a\u00e9rospatiales (ONERA) in Chamb\u00e9ry; the Council of Europe ; the fishing port of Papeete; the Pacific experimentation centre (Moruroa); KNDS in Bourges; the national space telecommunications and radio implementation centre in Chartres; the French aerospace company Latitude based in Reims.<\/p><p style=\"text-align: left;\">The regional sessions are a unique opportunity to fuel and enrich debate throughout the Republic. One of the reasons for the nation's existence is the spirit of defence. And the heart of the nation also beats in the regions.<\/p>\t\t\t\t\t\t\t\t<\/div>\n\t\t\t\t<\/div>\n\t\t\t\t<\/div>\n\t\t<div data-particle_enable=\"false\" data-particle-mobile-disabled=\"false\" class=\"elementor-element elementor-element-ae889c0 e-flex e-con-boxed e-con e-parent\" data-id=\"ae889c0\" data-element_type=\"container\" data-e-type=\"container\">\n\t\t\t\t\t<div class=\"e-con-inner\">\n\t\t\t\t<div class=\"elementor-element elementor-element-e146875 gallery-spacing-custom elementor-widget elementor-widget-image-gallery\" data-id=\"e146875\" data-element_type=\"widget\" data-e-type=\"widget\" data-widget_type=\"image-gallery.default\">\n\t\t\t\t<div class=\"elementor-widget-container\">\n\t\t\t\t\t\t\t<div class=\"elementor-image-gallery\">\n\t\t\t<div id='gallery-1' class='gallery galleryid-48629 gallery-columns-4 gallery-size-medium_large'><figure class='gallery-item'>\n\t\t\t<div class='gallery-icon portrait'>\n\t\t\t\t<a data-elementor-open-lightbox=\"yes\" data-elementor-lightbox-slideshow=\"e146875\" data-e-action-hash=\"#elementor-action%3Aaction%3Dlightbox%26settings%3DeyJpZCI6NDg2MzAsInVybCI6Imh0dHBzOlwvXC9paGVkbi5mclwvd3AtY29udGVudFwvdXBsb2Fkc1wvMjAyNFwvMDdcL1doYXRzQXBwLUltYWdlLTIwMjQtMDYtMjgtYXQtMTEuMDUuNDIzLmpwZWciLCJzbGlkZXNob3ciOiJlMTQ2ODc1In0%3D\" href='https:\/\/ihedn.fr\/wp-content\/uploads\/2024\/07\/WhatsApp-Image-2024-06-28-at-11.05.423.jpeg'><img fetchpriority=\"high\" decoding=\"async\" width=\"768\" height=\"768\" src=\"https:\/\/ihedn.fr\/wp-content\/uploads\/2024\/07\/WhatsApp-Image-2024-06-28-at-11.05.423-768x768.jpeg\" class=\"attachment-medium_large size-medium_large\" alt=\"Le g\u00e9n\u00e9ral de corps d&#039;arm\u00e9e Beno\u00eet Durieux\" srcset=\"https:\/\/ihedn.fr\/wp-content\/uploads\/2024\/07\/WhatsApp-Image-2024-06-28-at-11.05.423-768x768.jpeg 768w, https:\/\/ihedn.fr\/wp-content\/uploads\/2024\/07\/WhatsApp-Image-2024-06-28-at-11.05.423-300x300.jpeg 300w, https:\/\/ihedn.fr\/wp-content\/uploads\/2024\/07\/WhatsApp-Image-2024-06-28-at-11.05.423-1024x1024.jpeg 1024w, https:\/\/ihedn.fr\/wp-content\/uploads\/2024\/07\/WhatsApp-Image-2024-06-28-at-11.05.423-150x150.jpeg 150w\" sizes=\"(max-width: 768px) 100vw, 768px\" \/><\/a>\n\t\t\t<\/div><\/figure><figure class='gallery-item'>\n\t\t\t<div class='gallery-icon landscape'>\n\t\t\t\t<a data-elementor-open-lightbox=\"yes\" data-elementor-lightbox-slideshow=\"e146875\" data-e-action-hash=\"#elementor-action%3Aaction%3Dlightbox%26settings%3DeyJpZCI6NDg2MzYsInVybCI6Imh0dHBzOlwvXC9paGVkbi5mclwvd3AtY29udGVudFwvdXBsb2Fkc1wvMjAyNFwvMDdcL1doYXRzQXBwLUltYWdlLTIwMjQtMDYtMjgtYXQtMTEuMDUuNDIyLmpwZWciLCJzbGlkZXNob3ciOiJlMTQ2ODc1In0%3D\" href='https:\/\/ihedn.fr\/wp-content\/uploads\/2024\/07\/WhatsApp-Image-2024-06-28-at-11.05.422.jpeg'><img decoding=\"async\" width=\"768\" height=\"768\" src=\"https:\/\/ihedn.fr\/wp-content\/uploads\/2024\/07\/WhatsApp-Image-2024-06-28-at-11.05.422-768x768.jpeg\" class=\"attachment-medium_large size-medium_large\" alt=\"L&#039;ambassadrice Sylvie Bermann\" srcset=\"https:\/\/ihedn.fr\/wp-content\/uploads\/2024\/07\/WhatsApp-Image-2024-06-28-at-11.05.422-768x768.jpeg 768w, https:\/\/ihedn.fr\/wp-content\/uploads\/2024\/07\/WhatsApp-Image-2024-06-28-at-11.05.422-300x300.jpeg 300w, https:\/\/ihedn.fr\/wp-content\/uploads\/2024\/07\/WhatsApp-Image-2024-06-28-at-11.05.422-1024x1024.jpeg 1024w, https:\/\/ihedn.fr\/wp-content\/uploads\/2024\/07\/WhatsApp-Image-2024-06-28-at-11.05.422-150x150.jpeg 150w\" sizes=\"(max-width: 768px) 100vw, 768px\" \/><\/a>\n\t\t\t<\/div><\/figure><figure class='gallery-item'>\n\t\t\t<div class='gallery-icon landscape'>\n\t\t\t\t<a data-elementor-open-lightbox=\"yes\" data-elementor-lightbox-slideshow=\"e146875\" data-e-action-hash=\"#elementor-action%3Aaction%3Dlightbox%26settings%3DeyJpZCI6NDg2MzIsInVybCI6Imh0dHBzOlwvXC9paGVkbi5mclwvd3AtY29udGVudFwvdXBsb2Fkc1wvMjAyNFwvMDdcL1doYXRzQXBwLUltYWdlLTIwMjQtMDYtMjgtYXQtMTEuMDUuNDI3LmpwZWciLCJzbGlkZXNob3ciOiJlMTQ2ODc1In0%3D\" href='https:\/\/ihedn.fr\/wp-content\/uploads\/2024\/07\/WhatsApp-Image-2024-06-28-at-11.05.427.jpeg'><img decoding=\"async\" width=\"768\" height=\"768\" src=\"https:\/\/ihedn.fr\/wp-content\/uploads\/2024\/07\/WhatsApp-Image-2024-06-28-at-11.05.427-768x768.jpeg\" class=\"attachment-medium_large size-medium_large\" alt=\"Les auditeurs pendant une conf\u00e9rence vue de dos\" srcset=\"https:\/\/ihedn.fr\/wp-content\/uploads\/2024\/07\/WhatsApp-Image-2024-06-28-at-11.05.427-768x768.jpeg 768w, https:\/\/ihedn.fr\/wp-content\/uploads\/2024\/07\/WhatsApp-Image-2024-06-28-at-11.05.427-300x300.jpeg 300w, https:\/\/ihedn.fr\/wp-content\/uploads\/2024\/07\/WhatsApp-Image-2024-06-28-at-11.05.427-1024x1024.jpeg 1024w, https:\/\/ihedn.fr\/wp-content\/uploads\/2024\/07\/WhatsApp-Image-2024-06-28-at-11.05.427-150x150.jpeg 150w\" sizes=\"(max-width: 768px) 100vw, 768px\" \/><\/a>\n\t\t\t<\/div><\/figure><figure class='gallery-item'>\n\t\t\t<div class='gallery-icon landscape'>\n\t\t\t\t<a data-elementor-open-lightbox=\"yes\" data-elementor-lightbox-slideshow=\"e146875\" data-e-action-hash=\"#elementor-action%3Aaction%3Dlightbox%26settings%3DeyJpZCI6NDg2MzMsInVybCI6Imh0dHBzOlwvXC9paGVkbi5mclwvd3AtY29udGVudFwvdXBsb2Fkc1wvMjAyNFwvMDdcL1doYXRzQXBwLUltYWdlLTIwMjQtMDYtMjgtYXQtMTEuMDUuNDMuanBlZyIsInNsaWRlc2hvdyI6ImUxNDY4NzUifQ%3D%3D\" href='https:\/\/ihedn.fr\/wp-content\/uploads\/2024\/07\/WhatsApp-Image-2024-06-28-at-11.05.43.jpeg'><img loading=\"lazy\" decoding=\"async\" width=\"768\" height=\"768\" src=\"https:\/\/ihedn.fr\/wp-content\/uploads\/2024\/07\/WhatsApp-Image-2024-06-28-at-11.05.43-768x768.jpeg\" class=\"attachment-medium_large size-medium_large\" alt=\"Les auditeurs pendant une conf\u00e9rence vue de face\" srcset=\"https:\/\/ihedn.fr\/wp-content\/uploads\/2024\/07\/WhatsApp-Image-2024-06-28-at-11.05.43-768x768.jpeg 768w, https:\/\/ihedn.fr\/wp-content\/uploads\/2024\/07\/WhatsApp-Image-2024-06-28-at-11.05.43-300x300.jpeg 300w, https:\/\/ihedn.fr\/wp-content\/uploads\/2024\/07\/WhatsApp-Image-2024-06-28-at-11.05.43-1024x1024.jpeg 1024w, https:\/\/ihedn.fr\/wp-content\/uploads\/2024\/07\/WhatsApp-Image-2024-06-28-at-11.05.43-150x150.jpeg 150w\" sizes=\"(max-width: 768px) 100vw, 768px\" \/><\/a>\n\t\t\t<\/div><\/figure><figure class='gallery-item'>\n\t\t\t<div class='gallery-icon landscape'>\n\t\t\t\t<a data-elementor-open-lightbox=\"yes\" data-elementor-lightbox-slideshow=\"e146875\" data-e-action-hash=\"#elementor-action%3Aaction%3Dlightbox%26settings%3DeyJpZCI6NDg2NDEsInVybCI6Imh0dHBzOlwvXC9paGVkbi5mclwvd3AtY29udGVudFwvdXBsb2Fkc1wvMjAyNFwvMDdcL1doYXRzQXBwLUltYWdlLTIwMjQtMDYtMjgtYXQtMTIuMjkuMDcuanBlZyIsInNsaWRlc2hvdyI6ImUxNDY4NzUifQ%3D%3D\" href='https:\/\/ihedn.fr\/wp-content\/uploads\/2024\/07\/WhatsApp-Image-2024-06-28-at-12.29.07.jpeg'><img loading=\"lazy\" decoding=\"async\" width=\"768\" height=\"768\" src=\"https:\/\/ihedn.fr\/wp-content\/uploads\/2024\/07\/WhatsApp-Image-2024-06-28-at-12.29.07-768x768.jpeg\" class=\"attachment-medium_large size-medium_large\" alt=\"L&#039;amphith\u00e9\u00e2tre de Bourcet de l&#039;\u00c9cole militaire\" srcset=\"https:\/\/ihedn.fr\/wp-content\/uploads\/2024\/07\/WhatsApp-Image-2024-06-28-at-12.29.07-768x768.jpeg 768w, https:\/\/ihedn.fr\/wp-content\/uploads\/2024\/07\/WhatsApp-Image-2024-06-28-at-12.29.07-300x300.jpeg 300w, https:\/\/ihedn.fr\/wp-content\/uploads\/2024\/07\/WhatsApp-Image-2024-06-28-at-12.29.07-1024x1024.jpeg 1024w, https:\/\/ihedn.fr\/wp-content\/uploads\/2024\/07\/WhatsApp-Image-2024-06-28-at-12.29.07-150x150.jpeg 150w\" sizes=\"(max-width: 768px) 100vw, 768px\" \/><\/a>\n\t\t\t<\/div><\/figure><figure class='gallery-item'>\n\t\t\t<div class='gallery-icon portrait'>\n\t\t\t\t<a data-elementor-open-lightbox=\"yes\" data-elementor-lightbox-slideshow=\"e146875\" data-e-action-hash=\"#elementor-action%3Aaction%3Dlightbox%26settings%3DeyJpZCI6NDg2NDIsInVybCI6Imh0dHBzOlwvXC9paGVkbi5mclwvd3AtY29udGVudFwvdXBsb2Fkc1wvMjAyNFwvMDdcL1doYXRzQXBwLUltYWdlLTIwMjQtMDYtMjgtYXQtMTYuNTYuMDM0LTEuanBlZyIsInNsaWRlc2hvdyI6ImUxNDY4NzUifQ%3D%3D\" href='https:\/\/ihedn.fr\/wp-content\/uploads\/2024\/07\/WhatsApp-Image-2024-06-28-at-16.56.034-1.jpeg'><img loading=\"lazy\" decoding=\"async\" width=\"768\" height=\"768\" src=\"https:\/\/ihedn.fr\/wp-content\/uploads\/2024\/07\/WhatsApp-Image-2024-06-28-at-16.56.034-1-768x768.jpeg\" class=\"attachment-medium_large size-medium_large\" alt=\"Fr\u00e9d\u00e9ric Pierucci, homme d&#039;affaire\" srcset=\"https:\/\/ihedn.fr\/wp-content\/uploads\/2024\/07\/WhatsApp-Image-2024-06-28-at-16.56.034-1-768x768.jpeg 768w, https:\/\/ihedn.fr\/wp-content\/uploads\/2024\/07\/WhatsApp-Image-2024-06-28-at-16.56.034-1-300x300.jpeg 300w, https:\/\/ihedn.fr\/wp-content\/uploads\/2024\/07\/WhatsApp-Image-2024-06-28-at-16.56.034-1-1024x1024.jpeg 1024w, https:\/\/ihedn.fr\/wp-content\/uploads\/2024\/07\/WhatsApp-Image-2024-06-28-at-16.56.034-1-150x150.jpeg 150w\" sizes=\"(max-width: 768px) 100vw, 768px\" \/><\/a>\n\t\t\t<\/div><\/figure><figure class='gallery-item'>\n\t\t\t<div class='gallery-icon landscape'>\n\t\t\t\t<a data-elementor-open-lightbox=\"yes\" data-elementor-lightbox-slideshow=\"e146875\" data-e-action-hash=\"#elementor-action%3Aaction%3Dlightbox%26settings%3DeyJpZCI6NDg2NDMsInVybCI6Imh0dHBzOlwvXC9paGVkbi5mclwvd3AtY29udGVudFwvdXBsb2Fkc1wvMjAyNFwvMDdcL1doYXRzQXBwLUltYWdlLTIwMjQtMDYtMjgtYXQtMTEuMDUuNDI1LmpwZWciLCJzbGlkZXNob3ciOiJlMTQ2ODc1In0%3D\" href='https:\/\/ihedn.fr\/wp-content\/uploads\/2024\/07\/WhatsApp-Image-2024-06-28-at-11.05.425.jpeg'><img loading=\"lazy\" decoding=\"async\" width=\"768\" height=\"768\" src=\"https:\/\/ihedn.fr\/wp-content\/uploads\/2024\/07\/WhatsApp-Image-2024-06-28-at-11.05.425-768x768.jpeg\" class=\"attachment-medium_large size-medium_large\" alt=\"Les auditeurs des sessions en r\u00e9gion pendan\" srcset=\"https:\/\/ihedn.fr\/wp-content\/uploads\/2024\/07\/WhatsApp-Image-2024-06-28-at-11.05.425-768x768.jpeg 768w, https:\/\/ihedn.fr\/wp-content\/uploads\/2024\/07\/WhatsApp-Image-2024-06-28-at-11.05.425-300x300.jpeg 300w, https:\/\/ihedn.fr\/wp-content\/uploads\/2024\/07\/WhatsApp-Image-2024-06-28-at-11.05.425-1024x1024.jpeg 1024w, https:\/\/ihedn.fr\/wp-content\/uploads\/2024\/07\/WhatsApp-Image-2024-06-28-at-11.05.425-150x150.jpeg 150w\" sizes=\"(max-width: 768px) 100vw, 768px\" \/><\/a>\n\t\t\t<\/div><\/figure><figure class='gallery-item'>\n\t\t\t<div class='gallery-icon portrait'>\n\t\t\t\t<a data-elementor-open-lightbox=\"yes\" data-elementor-lightbox-slideshow=\"e146875\" data-e-action-hash=\"#elementor-action%3Aaction%3Dlightbox%26settings%3DeyJpZCI6NDg2NDQsInVybCI6Imh0dHBzOlwvXC9paGVkbi5mclwvd3AtY29udGVudFwvdXBsb2Fkc1wvMjAyNFwvMDdcL1doYXRzQXBwLUltYWdlLTIwMjQtMDYtMjgtYXQtMTYuNTYuMDMzLmpwZWciLCJzbGlkZXNob3ciOiJlMTQ2ODc1In0%3D\" href='https:\/\/ihedn.fr\/wp-content\/uploads\/2024\/07\/WhatsApp-Image-2024-06-28-at-16.56.033.jpeg'><img loading=\"lazy\" decoding=\"async\" width=\"768\" height=\"768\" src=\"https:\/\/ihedn.fr\/wp-content\/uploads\/2024\/07\/WhatsApp-Image-2024-06-28-at-16.56.033-768x768.jpeg\" class=\"attachment-medium_large size-medium_large\" alt=\"Les auditeurs pendant une conf\u00e9rence vue de profil\" srcset=\"https:\/\/ihedn.fr\/wp-content\/uploads\/2024\/07\/WhatsApp-Image-2024-06-28-at-16.56.033-768x768.jpeg 768w, https:\/\/ihedn.fr\/wp-content\/uploads\/2024\/07\/WhatsApp-Image-2024-06-28-at-16.56.033-300x300.jpeg 300w, https:\/\/ihedn.fr\/wp-content\/uploads\/2024\/07\/WhatsApp-Image-2024-06-28-at-16.56.033-1024x1024.jpeg 1024w, https:\/\/ihedn.fr\/wp-content\/uploads\/2024\/07\/WhatsApp-Image-2024-06-28-at-16.56.033-150x150.jpeg 150w\" sizes=\"(max-width: 768px) 100vw, 768px\" \/><\/a>\n\t\t\t<\/div><\/figure>\n\t\t<\/div>\n\t\t<\/div>\n\t\t\t\t\t\t<\/div>\n\t\t\t\t<\/div>\n\t\t\t\t\t<\/div>\n\t\t\t\t<\/div>\n\t\t\t\t<\/div>","protected":false},"excerpt":{"rendered":"<p>On Friday 29 June, listeners from the regional sessions were honoured at the end of a year rich in learning and exchanges.<\/p>","protected":false},"author":10,"featured_media":48635,"comment_status":"closed","ping_status":"closed","sticky":false,"template":"","format":"standard","meta":{"footnotes":""},"categories":[172],"tags":[],"class_list":["post-48629","post","type-post","status-publish","format-standard","has-post-thumbnail","hentry","category-notre-actualite"],"yoast_head":"<!-- This site is optimized with the Yoast SEO plugin v27.5 - https:\/\/yoast.com\/product\/yoast-seo-wordpress\/ -->\n<title>Journ\u00e9e des auditeurs des sessions en r\u00e9gion 2023-2024 - L&#039;IHEDN : Institut des hautes \u00e9tudes de d\u00e9fense nationale<\/title>\n<meta name=\"description\" content=\"Vendredi 29 juin, les auditeurs des sessions en r\u00e9gion ont \u00e9t\u00e9 mis \u00e0 l&#039;honneur pour clore cette ann\u00e9e riche en apprentissage et en \u00e9changes.\" \/>\n<meta name=\"robots\" content=\"index, follow, max-snippet:-1, max-image-preview:large, max-video-preview:-1\" \/>\n<link rel=\"canonical\" href=\"https:\/\/ihedn.fr\/en\/notre-actualite\/journee-auditeurs-sessions-region-2023-2024\/\" \/>\n<meta property=\"og:locale\" content=\"en_GB\" \/>\n<meta property=\"og:type\" content=\"article\" \/>\n<meta property=\"og:title\" content=\"Journ\u00e9e des auditeurs des sessions en r\u00e9gion 2023-2024\" \/>\n<meta property=\"og:description\" content=\"Vendredi 29 juin, les auditeurs des sessions en r\u00e9gion ont \u00e9t\u00e9 mis \u00e0 l&#039;honneur pour clore cette ann\u00e9e riche en apprentissage et en \u00e9changes.\" \/>\n<meta property=\"og:url\" content=\"https:\/\/ihedn.fr\/en\/notre-actualite\/journee-auditeurs-sessions-region-2023-2024\/\" \/>\n<meta property=\"og:site_name\" content=\"L&#039;IHEDN : Institut des hautes \u00e9tudes de d\u00e9fense nationale\" \/>\n<meta property=\"article:publisher\" content=\"https:\/\/www.facebook.com\/ihedn\/\" \/>\n<meta property=\"article:published_time\" content=\"2024-07-05T14:05:27+00:00\" \/>\n<meta property=\"article:modified_time\" content=\"2024-07-05T14:11:37+00:00\" \/>\n<meta property=\"og:image\" content=\"https:\/\/ihedn.fr\/wp-content\/uploads\/2024\/07\/WhatsApp-Image-2024-06-28-at-16.56.015.jpeg\" \/>\n\t<meta property=\"og:image:width\" content=\"2048\" \/>\n\t<meta property=\"og:image:height\" content=\"1367\" \/>\n\t<meta property=\"og:image:type\" content=\"image\/jpeg\" \/>\n<meta name=\"author\" content=\"tanguy.morel@ihedn.fr\" \/>\n<meta name=\"twitter:card\" content=\"summary_large_image\" \/>\n<meta name=\"twitter:title\" content=\"Journ\u00e9e des auditeurs des sessions en r\u00e9gion 2023-2024\" \/>\n<meta name=\"twitter:description\" content=\"Vendredi 29 juin, les auditeurs des sessions en r\u00e9gion ont \u00e9t\u00e9 mis \u00e0 l&#039;honneur pour clore cette ann\u00e9e riche en apprentissage et en \u00e9changes.\" \/>\n<meta name=\"twitter:image\" content=\"https:\/\/ihedn.fr\/wp-content\/uploads\/2024\/07\/WhatsApp-Image-2024-06-28-at-16.56.015.jpeg\" \/>\n<meta name=\"twitter:creator\" content=\"@IHEDN\" \/>\n<meta name=\"twitter:site\" content=\"@IHEDN\" \/>\n<meta name=\"twitter:label1\" content=\"Written by\" \/>\n\t<meta name=\"twitter:data1\" content=\"tanguy.morel@ihedn.fr\" \/>\n\t<meta name=\"twitter:label2\" content=\"Estimated reading time\" \/>\n\t<meta name=\"twitter:data2\" content=\"3 minutes\" \/>\n<script type=\"application\/ld+json\" class=\"yoast-schema-graph\">{\"@context\":\"https:\\\/\\\/schema.org\",\"@graph\":[{\"@type\":\"Article\",\"@id\":\"https:\\\/\\\/ihedn.fr\\\/notre-actualite\\\/journee-auditeurs-sessions-region-2023-2024\\\/#article\",\"isPartOf\":{\"@id\":\"https:\\\/\\\/ihedn.fr\\\/notre-actualite\\\/journee-auditeurs-sessions-region-2023-2024\\\/\"},\"author\":{\"name\":\"tanguy.morel@ihedn.fr\",\"@id\":\"https:\\\/\\\/ihedn.fr\\\/#\\\/schema\\\/person\\\/ed217a37104b27a246b200e65b827cc7\"},\"headline\":\"Journ\u00e9e des auditeurs des sessions en r\u00e9gion 2023-2024\",\"datePublished\":\"2024-07-05T14:05:27+00:00\",\"dateModified\":\"2024-07-05T14:11:37+00:00\",\"mainEntityOfPage\":{\"@id\":\"https:\\\/\\\/ihedn.fr\\\/notre-actualite\\\/journee-auditeurs-sessions-region-2023-2024\\\/\"},\"wordCount\":213,\"publisher\":{\"@id\":\"https:\\\/\\\/ihedn.fr\\\/#organization\"},\"image\":{\"@id\":\"https:\\\/\\\/ihedn.fr\\\/notre-actualite\\\/journee-auditeurs-sessions-region-2023-2024\\\/#primaryimage\"},\"thumbnailUrl\":\"https:\\\/\\\/ihedn.fr\\\/wp-content\\\/uploads\\\/2024\\\/07\\\/WhatsApp-Image-2024-06-28-at-16.56.015.jpeg\",\"articleSection\":[\"Notre actualit\u00e9\"],\"inLanguage\":\"en-GB\"},{\"@type\":\"WebPage\",\"@id\":\"https:\\\/\\\/ihedn.fr\\\/notre-actualite\\\/journee-auditeurs-sessions-region-2023-2024\\\/\",\"url\":\"https:\\\/\\\/ihedn.fr\\\/notre-actualite\\\/journee-auditeurs-sessions-region-2023-2024\\\/\",\"name\":\"Journ\u00e9e des auditeurs des sessions en r\u00e9gion 2023-2024 - L&#039;IHEDN : Institut des hautes \u00e9tudes de d\u00e9fense nationale\",\"isPartOf\":{\"@id\":\"https:\\\/\\\/ihedn.fr\\\/#website\"},\"primaryImageOfPage\":{\"@id\":\"https:\\\/\\\/ihedn.fr\\\/notre-actualite\\\/journee-auditeurs-sessions-region-2023-2024\\\/#primaryimage\"},\"image\":{\"@id\":\"https:\\\/\\\/ihedn.fr\\\/notre-actualite\\\/journee-auditeurs-sessions-region-2023-2024\\\/#primaryimage\"},\"thumbnailUrl\":\"https:\\\/\\\/ihedn.fr\\\/wp-content\\\/uploads\\\/2024\\\/07\\\/WhatsApp-Image-2024-06-28-at-16.56.015.jpeg\",\"datePublished\":\"2024-07-05T14:05:27+00:00\",\"dateModified\":\"2024-07-05T14:11:37+00:00\",\"description\":\"Vendredi 29 juin, les auditeurs des sessions en r\u00e9gion ont \u00e9t\u00e9 mis \u00e0 l'honneur pour clore cette ann\u00e9e riche en apprentissage et en \u00e9changes.\",\"breadcrumb\":{\"@id\":\"https:\\\/\\\/ihedn.fr\\\/notre-actualite\\\/journee-auditeurs-sessions-region-2023-2024\\\/#breadcrumb\"},\"inLanguage\":\"en-GB\",\"potentialAction\":[{\"@type\":\"ReadAction\",\"target\":[\"https:\\\/\\\/ihedn.fr\\\/notre-actualite\\\/journee-auditeurs-sessions-region-2023-2024\\\/\"]}]},{\"@type\":\"ImageObject\",\"inLanguage\":\"en-GB\",\"@id\":\"https:\\\/\\\/ihedn.fr\\\/notre-actualite\\\/journee-auditeurs-sessions-region-2023-2024\\\/#primaryimage\",\"url\":\"https:\\\/\\\/ihedn.fr\\\/wp-content\\\/uploads\\\/2024\\\/07\\\/WhatsApp-Image-2024-06-28-at-16.56.015.jpeg\",\"contentUrl\":\"https:\\\/\\\/ihedn.fr\\\/wp-content\\\/uploads\\\/2024\\\/07\\\/WhatsApp-Image-2024-06-28-at-16.56.015.jpeg\",\"width\":2048,\"height\":1367,\"caption\":\"Les auditeurs des sessions en r\u00e9gion\"},{\"@type\":\"BreadcrumbList\",\"@id\":\"https:\\\/\\\/ihedn.fr\\\/notre-actualite\\\/journee-auditeurs-sessions-region-2023-2024\\\/#breadcrumb\",\"itemListElement\":[{\"@type\":\"ListItem\",\"position\":1,\"name\":\"Accueil\",\"item\":\"https:\\\/\\\/ihedn.fr\\\/\"},{\"@type\":\"ListItem\",\"position\":2,\"name\":\"Journ\u00e9e des auditeurs des sessions en r\u00e9gion 2023-2024\"}]},{\"@type\":\"WebSite\",\"@id\":\"https:\\\/\\\/ihedn.fr\\\/#website\",\"url\":\"https:\\\/\\\/ihedn.fr\\\/\",\"name\":\"IHEDN : Institut des hautes \u00e9tudes de d\u00e9fense nationale |\",\"description\":\"Site officiel de l&#039;IHEDN plac\u00e9 sous la tutelle du Premier ministre.\",\"publisher\":{\"@id\":\"https:\\\/\\\/ihedn.fr\\\/#organization\"},\"potentialAction\":[{\"@type\":\"SearchAction\",\"target\":{\"@type\":\"EntryPoint\",\"urlTemplate\":\"https:\\\/\\\/ihedn.fr\\\/?s={search_term_string}\"},\"query-input\":{\"@type\":\"PropertyValueSpecification\",\"valueRequired\":true,\"valueName\":\"search_term_string\"}}],\"inLanguage\":\"en-GB\"},{\"@type\":\"Organization\",\"@id\":\"https:\\\/\\\/ihedn.fr\\\/#organization\",\"name\":\"IHEDN - Institut des Hautes Etudes de D\u00e9fense Nationale\",\"url\":\"https:\\\/\\\/ihedn.fr\\\/\",\"logo\":{\"@type\":\"ImageObject\",\"inLanguage\":\"en-GB\",\"@id\":\"https:\\\/\\\/ihedn.fr\\\/#\\\/schema\\\/logo\\\/image\\\/\",\"url\":\"https:\\\/\\\/ihedn.fr\\\/wp-content\\\/uploads\\\/2020\\\/11\\\/BLOC_RF_IHEDN_WEB.png\",\"contentUrl\":\"https:\\\/\\\/ihedn.fr\\\/wp-content\\\/uploads\\\/2020\\\/11\\\/BLOC_RF_IHEDN_WEB.png\",\"width\":500,\"height\":237,\"caption\":\"IHEDN - Institut des Hautes Etudes de D\u00e9fense Nationale\"},\"image\":{\"@id\":\"https:\\\/\\\/ihedn.fr\\\/#\\\/schema\\\/logo\\\/image\\\/\"},\"sameAs\":[\"https:\\\/\\\/www.facebook.com\\\/ihedn\\\/\",\"https:\\\/\\\/x.com\\\/IHEDN\",\"https:\\\/\\\/www.instagram.com\\\/ihedn\\\/\",\"https:\\\/\\\/www.linkedin.com\\\/school\\\/ihedn\\\/\",\"https:\\\/\\\/fr.wikipedia.org\\\/wiki\\\/Institut_des_hautes_\u00e9tudes_de_D\u00e9fense_nationale\"]},{\"@type\":\"Person\",\"@id\":\"https:\\\/\\\/ihedn.fr\\\/#\\\/schema\\\/person\\\/ed217a37104b27a246b200e65b827cc7\",\"name\":\"tanguy.morel@ihedn.fr\",\"image\":{\"@type\":\"ImageObject\",\"inLanguage\":\"en-GB\",\"@id\":\"https:\\\/\\\/secure.gravatar.com\\\/avatar\\\/36877cd30919fafddf1f9da45f4154aa468a64328452f2ceaff0968772207348?s=96&d=mm&r=g\",\"url\":\"https:\\\/\\\/secure.gravatar.com\\\/avatar\\\/36877cd30919fafddf1f9da45f4154aa468a64328452f2ceaff0968772207348?s=96&d=mm&r=g\",\"contentUrl\":\"https:\\\/\\\/secure.gravatar.com\\\/avatar\\\/36877cd30919fafddf1f9da45f4154aa468a64328452f2ceaff0968772207348?s=96&d=mm&r=g\",\"caption\":\"tanguy.morel@ihedn.fr\"},\"url\":\"https:\\\/\\\/ihedn.fr\\\/en\\\/author\\\/tanguy-morelihedn-fr\\\/\"}]}<\/script>\n<!-- \/ Yoast SEO plugin. -->","yoast_head_json":{"title":"Regional sessions 2023-2024 - L'IHEDN : Institut des hautes \u00e9tudes de d\u00e9fense nationale","description":"On Friday 29 June, auditors from regional sessions were honoured at the end of a year rich in learning and exchanges.","robots":{"index":"index","follow":"follow","max-snippet":"max-snippet:-1","max-image-preview":"max-image-preview:large","max-video-preview":"max-video-preview:-1"},"canonical":"https:\/\/ihedn.fr\/en\/notre-actualite\/journee-auditeurs-sessions-region-2023-2024\/","og_locale":"en_GB","og_type":"article","og_title":"Journ\u00e9e des auditeurs des sessions en r\u00e9gion 2023-2024","og_description":"Vendredi 29 juin, les auditeurs des sessions en r\u00e9gion ont \u00e9t\u00e9 mis \u00e0 l'honneur pour clore cette ann\u00e9e riche en apprentissage et en \u00e9changes.","og_url":"https:\/\/ihedn.fr\/en\/notre-actualite\/journee-auditeurs-sessions-region-2023-2024\/","og_site_name":"L&#039;IHEDN : Institut des hautes \u00e9tudes de d\u00e9fense nationale","article_publisher":"https:\/\/www.facebook.com\/ihedn\/","article_published_time":"2024-07-05T14:05:27+00:00","article_modified_time":"2024-07-05T14:11:37+00:00","og_image":[{"width":2048,"height":1367,"url":"https:\/\/ihedn.fr\/wp-content\/uploads\/2024\/07\/WhatsApp-Image-2024-06-28-at-16.56.015.jpeg","type":"image\/jpeg"}],"author":"tanguy.morel@ihedn.fr","twitter_card":"summary_large_image","twitter_title":"Journ\u00e9e des auditeurs des sessions en r\u00e9gion 2023-2024","twitter_description":"Vendredi 29 juin, les auditeurs des sessions en r\u00e9gion ont \u00e9t\u00e9 mis \u00e0 l'honneur pour clore cette ann\u00e9e riche en apprentissage et en \u00e9changes.","twitter_image":"https:\/\/ihedn.fr\/wp-content\/uploads\/2024\/07\/WhatsApp-Image-2024-06-28-at-16.56.015.jpeg","twitter_creator":"@IHEDN","twitter_site":"@IHEDN","twitter_misc":{"Written by":"tanguy.morel@ihedn.fr","Estimated reading time":"3 minutes"},"schema":{"@context":"https:\/\/schema.org","@graph":[{"@type":"Article","@id":"https:\/\/ihedn.fr\/notre-actualite\/journee-auditeurs-sessions-region-2023-2024\/#article","isPartOf":{"@id":"https:\/\/ihedn.fr\/notre-actualite\/journee-auditeurs-sessions-region-2023-2024\/"},"author":{"name":"tanguy.morel@ihedn.fr","@id":"https:\/\/ihedn.fr\/#\/schema\/person\/ed217a37104b27a246b200e65b827cc7"},"headline":"Journ\u00e9e des auditeurs des sessions en r\u00e9gion 2023-2024","datePublished":"2024-07-05T14:05:27+00:00","dateModified":"2024-07-05T14:11:37+00:00","mainEntityOfPage":{"@id":"https:\/\/ihedn.fr\/notre-actualite\/journee-auditeurs-sessions-region-2023-2024\/"},"wordCount":213,"publisher":{"@id":"https:\/\/ihedn.fr\/#organization"},"image":{"@id":"https:\/\/ihedn.fr\/notre-actualite\/journee-auditeurs-sessions-region-2023-2024\/#primaryimage"},"thumbnailUrl":"https:\/\/ihedn.fr\/wp-content\/uploads\/2024\/07\/WhatsApp-Image-2024-06-28-at-16.56.015.jpeg","articleSection":["Notre actualit\u00e9"],"inLanguage":"en-GB"},{"@type":"WebPage","@id":"https:\/\/ihedn.fr\/notre-actualite\/journee-auditeurs-sessions-region-2023-2024\/","url":"https:\/\/ihedn.fr\/notre-actualite\/journee-auditeurs-sessions-region-2023-2024\/","name":"Regional sessions 2023-2024 - L'IHEDN : Institut des hautes \u00e9tudes de d\u00e9fense nationale","isPartOf":{"@id":"https:\/\/ihedn.fr\/#website"},"primaryImageOfPage":{"@id":"https:\/\/ihedn.fr\/notre-actualite\/journee-auditeurs-sessions-region-2023-2024\/#primaryimage"},"image":{"@id":"https:\/\/ihedn.fr\/notre-actualite\/journee-auditeurs-sessions-region-2023-2024\/#primaryimage"},"thumbnailUrl":"https:\/\/ihedn.fr\/wp-content\/uploads\/2024\/07\/WhatsApp-Image-2024-06-28-at-16.56.015.jpeg","datePublished":"2024-07-05T14:05:27+00:00","dateModified":"2024-07-05T14:11:37+00:00","description":"On Friday 29 June, auditors from regional sessions were honoured at the end of a year rich in learning and exchanges.","breadcrumb":{"@id":"https:\/\/ihedn.fr\/notre-actualite\/journee-auditeurs-sessions-region-2023-2024\/#breadcrumb"},"inLanguage":"en-GB","potentialAction":[{"@type":"ReadAction","target":["https:\/\/ihedn.fr\/notre-actualite\/journee-auditeurs-sessions-region-2023-2024\/"]}]},{"@type":"ImageObject","inLanguage":"en-GB","@id":"https:\/\/ihedn.fr\/notre-actualite\/journee-auditeurs-sessions-region-2023-2024\/#primaryimage","url":"https:\/\/ihedn.fr\/wp-content\/uploads\/2024\/07\/WhatsApp-Image-2024-06-28-at-16.56.015.jpeg","contentUrl":"https:\/\/ihedn.fr\/wp-content\/uploads\/2024\/07\/WhatsApp-Image-2024-06-28-at-16.56.015.jpeg","width":2048,"height":1367,"caption":"Les auditeurs des sessions en r\u00e9gion"},{"@type":"BreadcrumbList","@id":"https:\/\/ihedn.fr\/notre-actualite\/journee-auditeurs-sessions-region-2023-2024\/#breadcrumb","itemListElement":[{"@type":"ListItem","position":1,"name":"Accueil","item":"https:\/\/ihedn.fr\/"},{"@type":"ListItem","position":2,"name":"Journ\u00e9e des auditeurs des sessions en r\u00e9gion 2023-2024"}]},{"@type":"WebSite","@id":"https:\/\/ihedn.fr\/#website","url":"https:\/\/ihedn.fr\/","name":"IHEDN: Institut des hautes \u00e9tudes de d\u00e9fense nationale (Institute for Higher National Defence Studies)","description":"Official website of the IHEDN under the supervision of the Prime Minister.","publisher":{"@id":"https:\/\/ihedn.fr\/#organization"},"potentialAction":[{"@type":"SearchAction","target":{"@type":"EntryPoint","urlTemplate":"https:\/\/ihedn.fr\/?s={search_term_string}"},"query-input":{"@type":"PropertyValueSpecification","valueRequired":true,"valueName":"search_term_string"}}],"inLanguage":"en-GB"},{"@type":"Organization","@id":"https:\/\/ihedn.fr\/#organization","name":"IHEDN - Institute for Higher National Defence Studies","url":"https:\/\/ihedn.fr\/","logo":{"@type":"ImageObject","inLanguage":"en-GB","@id":"https:\/\/ihedn.fr\/#\/schema\/logo\/image\/","url":"https:\/\/ihedn.fr\/wp-content\/uploads\/2020\/11\/BLOC_RF_IHEDN_WEB.png","contentUrl":"https:\/\/ihedn.fr\/wp-content\/uploads\/2020\/11\/BLOC_RF_IHEDN_WEB.png","width":500,"height":237,"caption":"IHEDN - Institut des Hautes Etudes de D\u00e9fense Nationale"},"image":{"@id":"https:\/\/ihedn.fr\/#\/schema\/logo\/image\/"},"sameAs":["https:\/\/www.facebook.com\/ihedn\/","https:\/\/x.com\/IHEDN","https:\/\/www.instagram.com\/ihedn\/","https:\/\/www.linkedin.com\/school\/ihedn\/","https:\/\/fr.wikipedia.org\/wiki\/Institut_des_hautes_\u00e9tudes_de_D\u00e9fense_nationale"]},{"@type":"Person","@id":"https:\/\/ihedn.fr\/#\/schema\/person\/ed217a37104b27a246b200e65b827cc7","name":"tanguy.morel@ihedn.fr","image":{"@type":"ImageObject","inLanguage":"en-GB","@id":"https:\/\/secure.gravatar.com\/avatar\/36877cd30919fafddf1f9da45f4154aa468a64328452f2ceaff0968772207348?s=96&d=mm&r=g","url":"https:\/\/secure.gravatar.com\/avatar\/36877cd30919fafddf1f9da45f4154aa468a64328452f2ceaff0968772207348?s=96&d=mm&r=g","contentUrl":"https:\/\/secure.gravatar.com\/avatar\/36877cd30919fafddf1f9da45f4154aa468a64328452f2ceaff0968772207348?s=96&d=mm&r=g","caption":"tanguy.morel@ihedn.fr"},"url":"https:\/\/ihedn.fr\/en\/author\/tanguy-morelihedn-fr\/"}]}},"publishpress_future_action":{"enabled":false,"date":"2026-05-09 01:05:39","action":"change-status","newStatus":"draft","terms":[],"taxonomy":"category","extraData":[]},"publishpress_future_workflow_manual_trigger":{"enabledWorkflows":[]},"_links":{"self":[{"href":"https:\/\/ihedn.fr\/en\/wp-json\/wp\/v2\/posts\/48629","targetHints":{"allow":["GET"]}}],"collection":[{"href":"https:\/\/ihedn.fr\/en\/wp-json\/wp\/v2\/posts"}],"about":[{"href":"https:\/\/ihedn.fr\/en\/wp-json\/wp\/v2\/types\/post"}],"author":[{"embeddable":true,"href":"https:\/\/ihedn.fr\/en\/wp-json\/wp\/v2\/users\/10"}],"replies":[{"embeddable":true,"href":"https:\/\/ihedn.fr\/en\/wp-json\/wp\/v2\/comments?post=48629"}],"version-history":[{"count":8,"href":"https:\/\/ihedn.fr\/en\/wp-json\/wp\/v2\/posts\/48629\/revisions"}],"predecessor-version":[{"id":48648,"href":"https:\/\/ihedn.fr\/en\/wp-json\/wp\/v2\/posts\/48629\/revisions\/48648"}],"wp:featuredmedia":[{"embeddable":true,"href":"https:\/\/ihedn.fr\/en\/wp-json\/wp\/v2\/media\/48635"}],"wp:attachment":[{"href":"https:\/\/ihedn.fr\/en\/wp-json\/wp\/v2\/media?parent=48629"}],"wp:term":[{"taxonomy":"category","embeddable":true,"href":"https:\/\/ihedn.fr\/en\/wp-json\/wp\/v2\/categories?post=48629"},{"taxonomy":"post_tag","embeddable":true,"href":"https:\/\/ihedn.fr\/en\/wp-json\/wp\/v2\/tags?post=48629"}],"curies":[{"name":"wp","href":"https:\/\/api.w.org\/{rel}","templated":true}]}}