{"id":48973,"date":"2024-07-12T15:40:12","date_gmt":"2024-07-12T14:40:12","guid":{"rendered":"https:\/\/ihedn.fr\/?p=48973"},"modified":"2024-07-12T15:41:21","modified_gmt":"2024-07-12T14:41:21","slug":"la-region-provence-alpes-cote-dazur-accueille-un-cycle-ihedn-jeunes","status":"publish","type":"post","link":"https:\/\/ihedn.fr\/en\/notre-actualite\/la-region-provence-alpes-cote-dazur-accueille-un-cycle-ihedn-jeunes\/","title":{"rendered":"The Provence-Alpes-C\u00f4te d'Azur region hosts an IHEDN-Youth course"},"content":{"rendered":"<div data-elementor-type=\"wp-post\" data-elementor-id=\"48973\" class=\"elementor elementor-48973\" data-elementor-post-type=\"post\">\n\t\t\t\t<div data-particle_enable=\"false\" data-particle-mobile-disabled=\"false\" class=\"elementor-element elementor-element-93a82e0 e-con-full e-flex e-con e-parent\" data-id=\"93a82e0\" data-element_type=\"container\" data-e-type=\"container\">\n\t\t\t\t<div class=\"elementor-element elementor-element-a59142f elementor-widget elementor-widget-text-editor\" data-id=\"a59142f\" data-element_type=\"widget\" data-e-type=\"widget\" data-widget_type=\"text-editor.default\">\n\t\t\t\t<div class=\"elementor-widget-container\">\n\t\t\t\t\t\t\t\t\t<p style=\"text-align: left;\">Over the course of a week, the young auditors were able to learn about the major issues in national defence and international security. The course was divided into three modules:<\/p><p style=\"text-align: left;\">- strategic issues ;<\/p><p style=\"text-align: left;\">- knowledge of defence and the armed forces ;<\/p><p style=\"text-align: left;\">- international cooperation and conflict.<\/p><p style=\"text-align: left;\">On this week's programme:<\/p><p style=\"text-align: left;\">- presentation of the armed forces and feedback from external operations ;<\/p><p style=\"text-align: left;\">- European defence: what are the major issues?<\/p><p style=\"text-align: left;\">- maritime sovereignty at the heart of france's strategic outlook ;<\/p><p style=\"text-align: left;\">- preparing the defence technological and industrial base for high-intensity conflict ;<\/p><p style=\"text-align: left;\">- presentations and visits to the Cadarache research centre of the French Atomic Energy and Alternative Energies Commission (CEA) and the Toulon naval base.<\/p>\t\t\t\t\t\t\t\t<\/div>\n\t\t\t\t<\/div>\n\t\t\t\t<\/div>\n\t\t<div data-particle_enable=\"false\" data-particle-mobile-disabled=\"false\" class=\"elementor-element elementor-element-26952ac e-flex e-con-boxed e-con e-parent\" data-id=\"26952ac\" data-element_type=\"container\" data-e-type=\"container\">\n\t\t\t\t\t<div class=\"e-con-inner\">\n\t\t\t\t<div class=\"elementor-element elementor-element-9e00012 gallery-spacing-custom elementor-widget elementor-widget-image-gallery\" data-id=\"9e00012\" data-element_type=\"widget\" data-e-type=\"widget\" data-widget_type=\"image-gallery.default\">\n\t\t\t\t<div class=\"elementor-widget-container\">\n\t\t\t\t\t\t\t<div class=\"elementor-image-gallery\">\n\t\t\t<div id='gallery-1' class='gallery galleryid-48973 gallery-columns-3 gallery-size-medium_large'><figure class='gallery-item'>\n\t\t\t<div class='gallery-icon portrait'>\n\t\t\t\t<a data-elementor-open-lightbox=\"yes\" data-elementor-lightbox-slideshow=\"9e00012\" data-e-action-hash=\"#elementor-action%3Aaction%3Dlightbox%26settings%3DeyJpZCI6NDg5NzYsInVybCI6Imh0dHBzOlwvXC9paGVkbi5mclwvd3AtY29udGVudFwvdXBsb2Fkc1wvMjAyNFwvMDdcL0lNR182NTY5LmpwZyIsInNsaWRlc2hvdyI6IjllMDAwMTIifQ%3D%3D\" href='https:\/\/ihedn.fr\/wp-content\/uploads\/2024\/07\/IMG_6569.jpg'><img fetchpriority=\"high\" decoding=\"async\" width=\"768\" height=\"768\" src=\"https:\/\/ihedn.fr\/wp-content\/uploads\/2024\/07\/IMG_6569-768x768.jpg\" class=\"attachment-medium_large size-medium_large\" alt=\"\" srcset=\"https:\/\/ihedn.fr\/wp-content\/uploads\/2024\/07\/IMG_6569-768x768.jpg 768w, https:\/\/ihedn.fr\/wp-content\/uploads\/2024\/07\/IMG_6569-300x300.jpg 300w, https:\/\/ihedn.fr\/wp-content\/uploads\/2024\/07\/IMG_6569-1024x1024.jpg 1024w, https:\/\/ihedn.fr\/wp-content\/uploads\/2024\/07\/IMG_6569-150x150.jpg 150w\" sizes=\"(max-width: 768px) 100vw, 768px\" \/><\/a>\n\t\t\t<\/div><\/figure><figure class='gallery-item'>\n\t\t\t<div class='gallery-icon landscape'>\n\t\t\t\t<a data-elementor-open-lightbox=\"yes\" data-elementor-lightbox-slideshow=\"9e00012\" data-e-action-hash=\"#elementor-action%3Aaction%3Dlightbox%26settings%3DeyJpZCI6NDg5NzcsInVybCI6Imh0dHBzOlwvXC9paGVkbi5mclwvd3AtY29udGVudFwvdXBsb2Fkc1wvMjAyNFwvMDdcL0lNR182NjE4LmpwZyIsInNsaWRlc2hvdyI6IjllMDAwMTIifQ%3D%3D\" href='https:\/\/ihedn.fr\/wp-content\/uploads\/2024\/07\/IMG_6618.jpg'><img decoding=\"async\" width=\"768\" height=\"768\" src=\"https:\/\/ihedn.fr\/wp-content\/uploads\/2024\/07\/IMG_6618-768x768.jpg\" class=\"attachment-medium_large size-medium_large\" alt=\"\" srcset=\"https:\/\/ihedn.fr\/wp-content\/uploads\/2024\/07\/IMG_6618-768x768.jpg 768w, https:\/\/ihedn.fr\/wp-content\/uploads\/2024\/07\/IMG_6618-300x300.jpg 300w, https:\/\/ihedn.fr\/wp-content\/uploads\/2024\/07\/IMG_6618-1024x1024.jpg 1024w, https:\/\/ihedn.fr\/wp-content\/uploads\/2024\/07\/IMG_6618-150x150.jpg 150w\" sizes=\"(max-width: 768px) 100vw, 768px\" \/><\/a>\n\t\t\t<\/div><\/figure>\n\t\t<\/div>\n\t\t<\/div>\n\t\t\t\t\t\t<\/div>\n\t\t\t\t<\/div>\n\t\t\t\t\t<\/div>\n\t\t\t\t<\/div>\n\t\t\t\t<\/div>","protected":false},"excerpt":{"rendered":"<p>Fascinating lectures, highly instructive visits and presentations, brainstorming sessions... 78 students and young professionals met in Toulon from 1 to 4 July as part of the 145th IHEDN Young People's Cycle.<\/p>","protected":false},"author":10,"featured_media":48974,"comment_status":"closed","ping_status":"closed","sticky":false,"template":"","format":"standard","meta":{"footnotes":""},"categories":[172],"tags":[],"class_list":["post-48973","post","type-post","status-publish","format-standard","has-post-thumbnail","hentry","category-notre-actualite"],"yoast_head":"<!-- This site is optimized with the Yoast SEO plugin v27.5 - https:\/\/yoast.com\/product\/yoast-seo-wordpress\/ -->\n<title>La r\u00e9gion Provence-Alpes-C\u00f4te d&#039;Azur accueille un cycle IHEDN-Jeunes - L&#039;IHEDN : Institut des hautes \u00e9tudes de d\u00e9fense nationale<\/title>\n<meta name=\"description\" content=\"Conf\u00e9rences passionnantes, visites et pr\u00e9sentations tr\u00e8s instructives, travaux de r\u00e9flexion en comit\u00e9\u2026 78 \u00e9tudiants et jeunes actifs se sont r\u00e9unis \u00e0 Toulon, du 1er au 4 juillet dans le cadre du 145e cycle Jeunes de l&#039;IHEDN.\" \/>\n<meta name=\"robots\" content=\"index, follow, max-snippet:-1, max-image-preview:large, max-video-preview:-1\" \/>\n<link rel=\"canonical\" href=\"https:\/\/ihedn.fr\/en\/notre-actualite\/la-region-provence-alpes-cote-dazur-accueille-un-cycle-ihedn-jeunes\/\" \/>\n<meta property=\"og:locale\" content=\"en_GB\" \/>\n<meta property=\"og:type\" content=\"article\" \/>\n<meta property=\"og:title\" content=\"La r\u00e9gion Provence-Alpes-C\u00f4te d&#039;Azur accueille un cycle IHEDN-Jeunes\" \/>\n<meta property=\"og:description\" content=\"Conf\u00e9rences passionnantes, visites et pr\u00e9sentations tr\u00e8s instructives, travaux de r\u00e9flexion en comit\u00e9\u2026 78 \u00e9tudiants et jeunes actifs se sont r\u00e9unis \u00e0 Toulon, du 1er au 4 juillet dans le cadre du 145e cycle Jeunes de l&#039;IHEDN.\" \/>\n<meta property=\"og:url\" content=\"https:\/\/ihedn.fr\/en\/notre-actualite\/la-region-provence-alpes-cote-dazur-accueille-un-cycle-ihedn-jeunes\/\" \/>\n<meta property=\"og:site_name\" content=\"L&#039;IHEDN : Institut des hautes \u00e9tudes de d\u00e9fense nationale\" \/>\n<meta property=\"article:publisher\" content=\"https:\/\/www.facebook.com\/ihedn\/\" \/>\n<meta property=\"article:published_time\" content=\"2024-07-12T14:40:12+00:00\" \/>\n<meta property=\"article:modified_time\" content=\"2024-07-12T14:41:21+00:00\" \/>\n<meta property=\"og:image\" content=\"https:\/\/ihedn.fr\/wp-content\/uploads\/2024\/07\/a2fdb0ac-e447-4075-b87c-9244607bdd6b.jpg\" \/>\n\t<meta property=\"og:image:width\" content=\"1920\" \/>\n\t<meta property=\"og:image:height\" content=\"1440\" \/>\n\t<meta property=\"og:image:type\" content=\"image\/jpeg\" \/>\n<meta name=\"author\" content=\"tanguy.morel@ihedn.fr\" \/>\n<meta name=\"twitter:card\" content=\"summary_large_image\" \/>\n<meta name=\"twitter:title\" content=\"La r\u00e9gion Provence-Alpes-C\u00f4te d&#039;Azur accueille un cycle IHEDN-Jeunes\" \/>\n<meta name=\"twitter:description\" content=\"Conf\u00e9rences passionnantes, visites et pr\u00e9sentations tr\u00e8s instructives, travaux de r\u00e9flexion en comit\u00e9\u2026 78 \u00e9tudiants et jeunes actifs se sont r\u00e9unis \u00e0 Toulon, du 1er au 4 juillet dans le cadre du 145e cycle Jeunes de l&#039;IHEDN.\" \/>\n<meta name=\"twitter:image\" content=\"https:\/\/ihedn.fr\/wp-content\/uploads\/2024\/07\/a2fdb0ac-e447-4075-b87c-9244607bdd6b.jpg\" \/>\n<meta name=\"twitter:creator\" content=\"@IHEDN\" \/>\n<meta name=\"twitter:site\" content=\"@IHEDN\" \/>\n<meta name=\"twitter:label1\" content=\"Written by\" \/>\n\t<meta name=\"twitter:data1\" content=\"tanguy.morel@ihedn.fr\" \/>\n\t<meta name=\"twitter:label2\" content=\"Estimated reading time\" \/>\n\t<meta name=\"twitter:data2\" content=\"1 minute\" \/>\n<script type=\"application\/ld+json\" class=\"yoast-schema-graph\">{\"@context\":\"https:\\\/\\\/schema.org\",\"@graph\":[{\"@type\":\"Article\",\"@id\":\"https:\\\/\\\/ihedn.fr\\\/en\\\/notre-actualite\\\/la-region-provence-alpes-cote-dazur-accueille-un-cycle-ihedn-jeunes\\\/#article\",\"isPartOf\":{\"@id\":\"https:\\\/\\\/ihedn.fr\\\/en\\\/notre-actualite\\\/la-region-provence-alpes-cote-dazur-accueille-un-cycle-ihedn-jeunes\\\/\"},\"author\":{\"name\":\"tanguy.morel@ihedn.fr\",\"@id\":\"https:\\\/\\\/ihedn.fr\\\/#\\\/schema\\\/person\\\/ed217a37104b27a246b200e65b827cc7\"},\"headline\":\"La r\u00e9gion Provence-Alpes-C\u00f4te d&rsquo;Azur accueille un cycle IHEDN-Jeunes\",\"datePublished\":\"2024-07-12T14:40:12+00:00\",\"dateModified\":\"2024-07-12T14:41:21+00:00\",\"mainEntityOfPage\":{\"@id\":\"https:\\\/\\\/ihedn.fr\\\/en\\\/notre-actualite\\\/la-region-provence-alpes-cote-dazur-accueille-un-cycle-ihedn-jeunes\\\/\"},\"wordCount\":144,\"publisher\":{\"@id\":\"https:\\\/\\\/ihedn.fr\\\/#organization\"},\"image\":{\"@id\":\"https:\\\/\\\/ihedn.fr\\\/en\\\/notre-actualite\\\/la-region-provence-alpes-cote-dazur-accueille-un-cycle-ihedn-jeunes\\\/#primaryimage\"},\"thumbnailUrl\":\"https:\\\/\\\/ihedn.fr\\\/wp-content\\\/uploads\\\/2024\\\/07\\\/a2fdb0ac-e447-4075-b87c-9244607bdd6b.jpg\",\"articleSection\":[\"Notre actualit\u00e9\"],\"inLanguage\":\"en-GB\"},{\"@type\":\"WebPage\",\"@id\":\"https:\\\/\\\/ihedn.fr\\\/en\\\/notre-actualite\\\/la-region-provence-alpes-cote-dazur-accueille-un-cycle-ihedn-jeunes\\\/\",\"url\":\"https:\\\/\\\/ihedn.fr\\\/en\\\/notre-actualite\\\/la-region-provence-alpes-cote-dazur-accueille-un-cycle-ihedn-jeunes\\\/\",\"name\":\"La r\u00e9gion Provence-Alpes-C\u00f4te d'Azur accueille un cycle IHEDN-Jeunes - L&#039;IHEDN : Institut des hautes \u00e9tudes de d\u00e9fense nationale\",\"isPartOf\":{\"@id\":\"https:\\\/\\\/ihedn.fr\\\/#website\"},\"primaryImageOfPage\":{\"@id\":\"https:\\\/\\\/ihedn.fr\\\/en\\\/notre-actualite\\\/la-region-provence-alpes-cote-dazur-accueille-un-cycle-ihedn-jeunes\\\/#primaryimage\"},\"image\":{\"@id\":\"https:\\\/\\\/ihedn.fr\\\/en\\\/notre-actualite\\\/la-region-provence-alpes-cote-dazur-accueille-un-cycle-ihedn-jeunes\\\/#primaryimage\"},\"thumbnailUrl\":\"https:\\\/\\\/ihedn.fr\\\/wp-content\\\/uploads\\\/2024\\\/07\\\/a2fdb0ac-e447-4075-b87c-9244607bdd6b.jpg\",\"datePublished\":\"2024-07-12T14:40:12+00:00\",\"dateModified\":\"2024-07-12T14:41:21+00:00\",\"description\":\"Conf\u00e9rences passionnantes, visites et pr\u00e9sentations tr\u00e8s instructives, travaux de r\u00e9flexion en comit\u00e9\u2026 78 \u00e9tudiants et jeunes actifs se sont r\u00e9unis \u00e0 Toulon, du 1er au 4 juillet dans le cadre du 145e cycle Jeunes de l'IHEDN.\",\"breadcrumb\":{\"@id\":\"https:\\\/\\\/ihedn.fr\\\/en\\\/notre-actualite\\\/la-region-provence-alpes-cote-dazur-accueille-un-cycle-ihedn-jeunes\\\/#breadcrumb\"},\"inLanguage\":\"en-GB\",\"potentialAction\":[{\"@type\":\"ReadAction\",\"target\":[\"https:\\\/\\\/ihedn.fr\\\/en\\\/notre-actualite\\\/la-region-provence-alpes-cote-dazur-accueille-un-cycle-ihedn-jeunes\\\/\"]}]},{\"@type\":\"ImageObject\",\"inLanguage\":\"en-GB\",\"@id\":\"https:\\\/\\\/ihedn.fr\\\/en\\\/notre-actualite\\\/la-region-provence-alpes-cote-dazur-accueille-un-cycle-ihedn-jeunes\\\/#primaryimage\",\"url\":\"https:\\\/\\\/ihedn.fr\\\/wp-content\\\/uploads\\\/2024\\\/07\\\/a2fdb0ac-e447-4075-b87c-9244607bdd6b.jpg\",\"contentUrl\":\"https:\\\/\\\/ihedn.fr\\\/wp-content\\\/uploads\\\/2024\\\/07\\\/a2fdb0ac-e447-4075-b87c-9244607bdd6b.jpg\",\"width\":1920,\"height\":1440},{\"@type\":\"BreadcrumbList\",\"@id\":\"https:\\\/\\\/ihedn.fr\\\/en\\\/notre-actualite\\\/la-region-provence-alpes-cote-dazur-accueille-un-cycle-ihedn-jeunes\\\/#breadcrumb\",\"itemListElement\":[{\"@type\":\"ListItem\",\"position\":1,\"name\":\"Accueil\",\"item\":\"https:\\\/\\\/ihedn.fr\\\/\"},{\"@type\":\"ListItem\",\"position\":2,\"name\":\"La r\u00e9gion Provence-Alpes-C\u00f4te d&rsquo;Azur accueille un cycle IHEDN-Jeunes\"}]},{\"@type\":\"WebSite\",\"@id\":\"https:\\\/\\\/ihedn.fr\\\/#website\",\"url\":\"https:\\\/\\\/ihedn.fr\\\/\",\"name\":\"IHEDN : Institut des hautes \u00e9tudes de d\u00e9fense nationale |\",\"description\":\"Site officiel de l&#039;IHEDN plac\u00e9 sous la tutelle du Premier ministre.\",\"publisher\":{\"@id\":\"https:\\\/\\\/ihedn.fr\\\/#organization\"},\"potentialAction\":[{\"@type\":\"SearchAction\",\"target\":{\"@type\":\"EntryPoint\",\"urlTemplate\":\"https:\\\/\\\/ihedn.fr\\\/?s={search_term_string}\"},\"query-input\":{\"@type\":\"PropertyValueSpecification\",\"valueRequired\":true,\"valueName\":\"search_term_string\"}}],\"inLanguage\":\"en-GB\"},{\"@type\":\"Organization\",\"@id\":\"https:\\\/\\\/ihedn.fr\\\/#organization\",\"name\":\"IHEDN - Institut des Hautes Etudes de D\u00e9fense Nationale\",\"url\":\"https:\\\/\\\/ihedn.fr\\\/\",\"logo\":{\"@type\":\"ImageObject\",\"inLanguage\":\"en-GB\",\"@id\":\"https:\\\/\\\/ihedn.fr\\\/#\\\/schema\\\/logo\\\/image\\\/\",\"url\":\"https:\\\/\\\/ihedn.fr\\\/wp-content\\\/uploads\\\/2020\\\/11\\\/BLOC_RF_IHEDN_WEB.png\",\"contentUrl\":\"https:\\\/\\\/ihedn.fr\\\/wp-content\\\/uploads\\\/2020\\\/11\\\/BLOC_RF_IHEDN_WEB.png\",\"width\":500,\"height\":237,\"caption\":\"IHEDN - Institut des Hautes Etudes de D\u00e9fense Nationale\"},\"image\":{\"@id\":\"https:\\\/\\\/ihedn.fr\\\/#\\\/schema\\\/logo\\\/image\\\/\"},\"sameAs\":[\"https:\\\/\\\/www.facebook.com\\\/ihedn\\\/\",\"https:\\\/\\\/x.com\\\/IHEDN\",\"https:\\\/\\\/www.instagram.com\\\/ihedn\\\/\",\"https:\\\/\\\/www.linkedin.com\\\/school\\\/ihedn\\\/\",\"https:\\\/\\\/fr.wikipedia.org\\\/wiki\\\/Institut_des_hautes_\u00e9tudes_de_D\u00e9fense_nationale\"]},{\"@type\":\"Person\",\"@id\":\"https:\\\/\\\/ihedn.fr\\\/#\\\/schema\\\/person\\\/ed217a37104b27a246b200e65b827cc7\",\"name\":\"tanguy.morel@ihedn.fr\",\"image\":{\"@type\":\"ImageObject\",\"inLanguage\":\"en-GB\",\"@id\":\"https:\\\/\\\/secure.gravatar.com\\\/avatar\\\/36877cd30919fafddf1f9da45f4154aa468a64328452f2ceaff0968772207348?s=96&d=mm&r=g\",\"url\":\"https:\\\/\\\/secure.gravatar.com\\\/avatar\\\/36877cd30919fafddf1f9da45f4154aa468a64328452f2ceaff0968772207348?s=96&d=mm&r=g\",\"contentUrl\":\"https:\\\/\\\/secure.gravatar.com\\\/avatar\\\/36877cd30919fafddf1f9da45f4154aa468a64328452f2ceaff0968772207348?s=96&d=mm&r=g\",\"caption\":\"tanguy.morel@ihedn.fr\"},\"url\":\"https:\\\/\\\/ihedn.fr\\\/en\\\/author\\\/tanguy-morelihedn-fr\\\/\"}]}<\/script>\n<!-- \/ Yoast SEO plugin. -->","yoast_head_json":{"title":"The Provence-Alpes-C\u00f4te d'Azur region hosts an IHEDN-Youth cycle - L'IHEDN : Institut des hautes \u00e9tudes de d\u00e9fense nationale (French Institute for Advanced National Defence Studies)","description":"Fascinating lectures, highly instructive visits and presentations, brainstorming sessions... 78 students and young professionals met in Toulon from 1 to 4 July as part of the 145th IHEDN Young People's Cycle.","robots":{"index":"index","follow":"follow","max-snippet":"max-snippet:-1","max-image-preview":"max-image-preview:large","max-video-preview":"max-video-preview:-1"},"canonical":"https:\/\/ihedn.fr\/en\/notre-actualite\/la-region-provence-alpes-cote-dazur-accueille-un-cycle-ihedn-jeunes\/","og_locale":"en_GB","og_type":"article","og_title":"La r\u00e9gion Provence-Alpes-C\u00f4te d'Azur accueille un cycle IHEDN-Jeunes","og_description":"Conf\u00e9rences passionnantes, visites et pr\u00e9sentations tr\u00e8s instructives, travaux de r\u00e9flexion en comit\u00e9\u2026 78 \u00e9tudiants et jeunes actifs se sont r\u00e9unis \u00e0 Toulon, du 1er au 4 juillet dans le cadre du 145e cycle Jeunes de l'IHEDN.","og_url":"https:\/\/ihedn.fr\/en\/notre-actualite\/la-region-provence-alpes-cote-dazur-accueille-un-cycle-ihedn-jeunes\/","og_site_name":"L&#039;IHEDN : Institut des hautes \u00e9tudes de d\u00e9fense nationale","article_publisher":"https:\/\/www.facebook.com\/ihedn\/","article_published_time":"2024-07-12T14:40:12+00:00","article_modified_time":"2024-07-12T14:41:21+00:00","og_image":[{"width":1920,"height":1440,"url":"https:\/\/ihedn.fr\/wp-content\/uploads\/2024\/07\/a2fdb0ac-e447-4075-b87c-9244607bdd6b.jpg","type":"image\/jpeg"}],"author":"tanguy.morel@ihedn.fr","twitter_card":"summary_large_image","twitter_title":"La r\u00e9gion Provence-Alpes-C\u00f4te d'Azur accueille un cycle IHEDN-Jeunes","twitter_description":"Conf\u00e9rences passionnantes, visites et pr\u00e9sentations tr\u00e8s instructives, travaux de r\u00e9flexion en comit\u00e9\u2026 78 \u00e9tudiants et jeunes actifs se sont r\u00e9unis \u00e0 Toulon, du 1er au 4 juillet dans le cadre du 145e cycle Jeunes de l'IHEDN.","twitter_image":"https:\/\/ihedn.fr\/wp-content\/uploads\/2024\/07\/a2fdb0ac-e447-4075-b87c-9244607bdd6b.jpg","twitter_creator":"@IHEDN","twitter_site":"@IHEDN","twitter_misc":{"Written by":"tanguy.morel@ihedn.fr","Estimated reading time":"1 minute"},"schema":{"@context":"https:\/\/schema.org","@graph":[{"@type":"Article","@id":"https:\/\/ihedn.fr\/en\/notre-actualite\/la-region-provence-alpes-cote-dazur-accueille-un-cycle-ihedn-jeunes\/#article","isPartOf":{"@id":"https:\/\/ihedn.fr\/en\/notre-actualite\/la-region-provence-alpes-cote-dazur-accueille-un-cycle-ihedn-jeunes\/"},"author":{"name":"tanguy.morel@ihedn.fr","@id":"https:\/\/ihedn.fr\/#\/schema\/person\/ed217a37104b27a246b200e65b827cc7"},"headline":"La r\u00e9gion Provence-Alpes-C\u00f4te d&rsquo;Azur accueille un cycle IHEDN-Jeunes","datePublished":"2024-07-12T14:40:12+00:00","dateModified":"2024-07-12T14:41:21+00:00","mainEntityOfPage":{"@id":"https:\/\/ihedn.fr\/en\/notre-actualite\/la-region-provence-alpes-cote-dazur-accueille-un-cycle-ihedn-jeunes\/"},"wordCount":144,"publisher":{"@id":"https:\/\/ihedn.fr\/#organization"},"image":{"@id":"https:\/\/ihedn.fr\/en\/notre-actualite\/la-region-provence-alpes-cote-dazur-accueille-un-cycle-ihedn-jeunes\/#primaryimage"},"thumbnailUrl":"https:\/\/ihedn.fr\/wp-content\/uploads\/2024\/07\/a2fdb0ac-e447-4075-b87c-9244607bdd6b.jpg","articleSection":["Notre actualit\u00e9"],"inLanguage":"en-GB"},{"@type":"WebPage","@id":"https:\/\/ihedn.fr\/en\/notre-actualite\/la-region-provence-alpes-cote-dazur-accueille-un-cycle-ihedn-jeunes\/","url":"https:\/\/ihedn.fr\/en\/notre-actualite\/la-region-provence-alpes-cote-dazur-accueille-un-cycle-ihedn-jeunes\/","name":"The Provence-Alpes-C\u00f4te d'Azur region hosts an IHEDN-Youth cycle - L'IHEDN : Institut des hautes \u00e9tudes de d\u00e9fense nationale (French Institute for Advanced National Defence Studies)","isPartOf":{"@id":"https:\/\/ihedn.fr\/#website"},"primaryImageOfPage":{"@id":"https:\/\/ihedn.fr\/en\/notre-actualite\/la-region-provence-alpes-cote-dazur-accueille-un-cycle-ihedn-jeunes\/#primaryimage"},"image":{"@id":"https:\/\/ihedn.fr\/en\/notre-actualite\/la-region-provence-alpes-cote-dazur-accueille-un-cycle-ihedn-jeunes\/#primaryimage"},"thumbnailUrl":"https:\/\/ihedn.fr\/wp-content\/uploads\/2024\/07\/a2fdb0ac-e447-4075-b87c-9244607bdd6b.jpg","datePublished":"2024-07-12T14:40:12+00:00","dateModified":"2024-07-12T14:41:21+00:00","description":"Fascinating lectures, highly instructive visits and presentations, brainstorming sessions... 78 students and young professionals met in Toulon from 1 to 4 July as part of the 145th IHEDN Young People's Cycle.","breadcrumb":{"@id":"https:\/\/ihedn.fr\/en\/notre-actualite\/la-region-provence-alpes-cote-dazur-accueille-un-cycle-ihedn-jeunes\/#breadcrumb"},"inLanguage":"en-GB","potentialAction":[{"@type":"ReadAction","target":["https:\/\/ihedn.fr\/en\/notre-actualite\/la-region-provence-alpes-cote-dazur-accueille-un-cycle-ihedn-jeunes\/"]}]},{"@type":"ImageObject","inLanguage":"en-GB","@id":"https:\/\/ihedn.fr\/en\/notre-actualite\/la-region-provence-alpes-cote-dazur-accueille-un-cycle-ihedn-jeunes\/#primaryimage","url":"https:\/\/ihedn.fr\/wp-content\/uploads\/2024\/07\/a2fdb0ac-e447-4075-b87c-9244607bdd6b.jpg","contentUrl":"https:\/\/ihedn.fr\/wp-content\/uploads\/2024\/07\/a2fdb0ac-e447-4075-b87c-9244607bdd6b.jpg","width":1920,"height":1440},{"@type":"BreadcrumbList","@id":"https:\/\/ihedn.fr\/en\/notre-actualite\/la-region-provence-alpes-cote-dazur-accueille-un-cycle-ihedn-jeunes\/#breadcrumb","itemListElement":[{"@type":"ListItem","position":1,"name":"Accueil","item":"https:\/\/ihedn.fr\/"},{"@type":"ListItem","position":2,"name":"La r\u00e9gion Provence-Alpes-C\u00f4te d&rsquo;Azur accueille un cycle IHEDN-Jeunes"}]},{"@type":"WebSite","@id":"https:\/\/ihedn.fr\/#website","url":"https:\/\/ihedn.fr\/","name":"IHEDN: Institut des hautes \u00e9tudes de d\u00e9fense nationale (Institute for Higher National Defence Studies)","description":"Official website of the IHEDN under the supervision of the Prime Minister.","publisher":{"@id":"https:\/\/ihedn.fr\/#organization"},"potentialAction":[{"@type":"SearchAction","target":{"@type":"EntryPoint","urlTemplate":"https:\/\/ihedn.fr\/?s={search_term_string}"},"query-input":{"@type":"PropertyValueSpecification","valueRequired":true,"valueName":"search_term_string"}}],"inLanguage":"en-GB"},{"@type":"Organization","@id":"https:\/\/ihedn.fr\/#organization","name":"IHEDN - Institute for Higher National Defence Studies","url":"https:\/\/ihedn.fr\/","logo":{"@type":"ImageObject","inLanguage":"en-GB","@id":"https:\/\/ihedn.fr\/#\/schema\/logo\/image\/","url":"https:\/\/ihedn.fr\/wp-content\/uploads\/2020\/11\/BLOC_RF_IHEDN_WEB.png","contentUrl":"https:\/\/ihedn.fr\/wp-content\/uploads\/2020\/11\/BLOC_RF_IHEDN_WEB.png","width":500,"height":237,"caption":"IHEDN - Institut des Hautes Etudes de D\u00e9fense Nationale"},"image":{"@id":"https:\/\/ihedn.fr\/#\/schema\/logo\/image\/"},"sameAs":["https:\/\/www.facebook.com\/ihedn\/","https:\/\/x.com\/IHEDN","https:\/\/www.instagram.com\/ihedn\/","https:\/\/www.linkedin.com\/school\/ihedn\/","https:\/\/fr.wikipedia.org\/wiki\/Institut_des_hautes_\u00e9tudes_de_D\u00e9fense_nationale"]},{"@type":"Person","@id":"https:\/\/ihedn.fr\/#\/schema\/person\/ed217a37104b27a246b200e65b827cc7","name":"tanguy.morel@ihedn.fr","image":{"@type":"ImageObject","inLanguage":"en-GB","@id":"https:\/\/secure.gravatar.com\/avatar\/36877cd30919fafddf1f9da45f4154aa468a64328452f2ceaff0968772207348?s=96&d=mm&r=g","url":"https:\/\/secure.gravatar.com\/avatar\/36877cd30919fafddf1f9da45f4154aa468a64328452f2ceaff0968772207348?s=96&d=mm&r=g","contentUrl":"https:\/\/secure.gravatar.com\/avatar\/36877cd30919fafddf1f9da45f4154aa468a64328452f2ceaff0968772207348?s=96&d=mm&r=g","caption":"tanguy.morel@ihedn.fr"},"url":"https:\/\/ihedn.fr\/en\/author\/tanguy-morelihedn-fr\/"}]}},"publishpress_future_action":{"enabled":false,"date":"2026-05-08 23:27:59","action":"change-status","newStatus":"draft","terms":[],"taxonomy":"category","extraData":[]},"publishpress_future_workflow_manual_trigger":{"enabledWorkflows":[]},"_links":{"self":[{"href":"https:\/\/ihedn.fr\/en\/wp-json\/wp\/v2\/posts\/48973","targetHints":{"allow":["GET"]}}],"collection":[{"href":"https:\/\/ihedn.fr\/en\/wp-json\/wp\/v2\/posts"}],"about":[{"href":"https:\/\/ihedn.fr\/en\/wp-json\/wp\/v2\/types\/post"}],"author":[{"embeddable":true,"href":"https:\/\/ihedn.fr\/en\/wp-json\/wp\/v2\/users\/10"}],"replies":[{"embeddable":true,"href":"https:\/\/ihedn.fr\/en\/wp-json\/wp\/v2\/comments?post=48973"}],"version-history":[{"count":10,"href":"https:\/\/ihedn.fr\/en\/wp-json\/wp\/v2\/posts\/48973\/revisions"}],"predecessor-version":[{"id":48987,"href":"https:\/\/ihedn.fr\/en\/wp-json\/wp\/v2\/posts\/48973\/revisions\/48987"}],"wp:featuredmedia":[{"embeddable":true,"href":"https:\/\/ihedn.fr\/en\/wp-json\/wp\/v2\/media\/48974"}],"wp:attachment":[{"href":"https:\/\/ihedn.fr\/en\/wp-json\/wp\/v2\/media?parent=48973"}],"wp:term":[{"taxonomy":"category","embeddable":true,"href":"https:\/\/ihedn.fr\/en\/wp-json\/wp\/v2\/categories?post=48973"},{"taxonomy":"post_tag","embeddable":true,"href":"https:\/\/ihedn.fr\/en\/wp-json\/wp\/v2\/tags?post=48973"}],"curies":[{"name":"wp","href":"https:\/\/api.w.org\/{rel}","templated":true}]}}