{"id":49173,"date":"2024-07-30T12:42:12","date_gmt":"2024-07-30T11:42:12","guid":{"rendered":"https:\/\/ihedn.fr\/?p=49173"},"modified":"2025-04-15T13:00:49","modified_gmt":"2025-04-15T12:00:49","slug":"les-ingerences-etrangeres-et-la-desinformation-en-europe","status":"publish","type":"post","link":"https:\/\/ihedn.fr\/en\/fiches-actualite\/les-ingerences-etrangeres-et-la-desinformation-en-europe\/","title":{"rendered":"Foreign interference and disinformation in Europe"},"content":{"rendered":"<div data-elementor-type=\"wp-post\" data-elementor-id=\"49173\" class=\"elementor elementor-49173\" data-elementor-post-type=\"post\">\n\t\t\t\t<div data-particle_enable=\"false\" data-particle-mobile-disabled=\"false\" class=\"elementor-element elementor-element-c679842 e-flex e-con-boxed e-con e-parent\" data-id=\"c679842\" data-element_type=\"container\" data-e-type=\"container\">\n\t\t\t\t\t<div class=\"e-con-inner\">\n\t\t\t\t<div class=\"elementor-element elementor-element-8772236 elementor-widget elementor-widget-shortcode\" data-id=\"8772236\" data-element_type=\"widget\" data-e-type=\"widget\" data-widget_type=\"shortcode.default\">\n\t\t\t\t<div class=\"elementor-widget-container\">\n\t\t\t\t\t\t\t<div class=\"elementor-shortcode\"><div class=\"_3d-flip-book  fb3d-fullscreen-mode full-size\" data-id=\"49176\" data-mode=\"fullscreen\" data-title=\"false\" data-template=\"short-white-book-view\" data-lightbox=\"dark-shadow\" data-urlparam=\"fb3d-page\" data-page-n=\"0\" data-pdf=\"\" data-tax=\"null\" data-thumbnail=\"\" data-cols=\"3\" data-book-template=\"default\" data-trigger=\"\"><\/div><script type=\"text\/javascript\">window.FB3D_CLIENT_DATA = window.FB3D_CLIENT_DATA || [];FB3D_CLIENT_DATA.push('eyJwb3N0cyI6eyI0OTE3NiI6eyJJRCI6NDkxNzYsInRpdGxlIjoiRmljaGUgZCdhY3R1YWxpdFx1MDBlOSBuXHUwMGIwNCIsInR5cGUiOiJwZGYiLCJyZWFkeV9mdW5jdGlvbiI6IiIsImJvb2tfc3R5bGUiOiJmbGF0IiwiYm9va190ZW1wbGF0ZSI6Im5vbmUiLCJvdXRsaW5lIjpbXSwiZGF0YSI6eyJwb3N0X0lEIjoiNDkxNzciLCJndWlkIjoiaHR0cHM6XC9cL2loZWRuLmZyXC93cC1jb250ZW50XC91cGxvYWRzXC8yMDI0XC8wN1wvRmljaGUtNC1MZXMtaW5nZXJlbmNlcy1ldHJhbmdlcmVzLWV0LWxhLWRlc2luZm9ybWF0aW9uLWVuLUV1cm9wZS5wZGYiLCJwZGZfcGFnZXMiOiI3IiwicGFnZXNfY3VzdG9taXphdGlvbiI6Im5vbmUifSwidGh1bWJuYWlsIjp7ImRhdGEiOnsicG9zdF9JRCI6IjAifSwidHlwZSI6ImF1dG8ifSwicHJvcHMiOnsiYmFja2dyb3VuZENvbG9yIjoiYXV0byIsImJhY2tncm91bmRJbWFnZSI6ImF1dG8iLCJiYWNrZ3JvdW5kU3R5bGUiOiJhdXRvIiwiaGlnaGxpZ2h0TGlua3MiOiJhdXRvIiwibGlnaHRpbmciOiJhdXRvIiwiY2FjaGVkUGFnZXMiOiJhdXRvIiwicmVuZGVySW5hY3RpdmVQYWdlcyI6ImF1dG8iLCJyZW5kZXJJbmFjdGl2ZVBhZ2VzT25Nb2JpbGUiOiJhdXRvIiwicmVuZGVyV2hpbGVGbGlwcGluZyI6ImF1dG8iLCJwcmVsb2FkUGFnZXMiOiJhdXRvIiwiYXV0b1BsYXlEdXJhdGlvbiI6ImF1dG8iLCJydGwiOiJhdXRvIiwiaW50ZXJhY3RpdmVDb3JuZXJzIjoiYXV0byIsIm1heERlcHRoIjoiYXV0byIsInNoZWV0Ijp7InN0YXJ0VmVsb2NpdHkiOiJhdXRvIiwid2F2ZSI6ImF1dG8iLCJzaGFwZSI6ImF1dG8iLCJ3aWR0aFRleGVscyI6ImF1dG8iLCJjb2xvciI6ImF1dG8iLCJzaWRlIjoiYXV0byIsImNvcm5lckRldmlhdGlvbiI6ImF1dG8iLCJmbGV4aWJpbGl0eSI6ImF1dG8iLCJmbGV4aWJsZUNvcm5lciI6ImF1dG8iLCJiZW5kaW5nIjoiYXV0byIsImhlaWdodFRleGVscyI6ImF1dG8ifSwiY292ZXIiOnsid2F2ZSI6ImF1dG8iLCJjb2xvciI6ImF1dG8iLCJzaWRlIjoiYXV0byIsImJpbmRlclRleHR1cmUiOiJhdXRvIiwiZGVwdGgiOiJhdXRvIiwicGFkZGluZyI6ImF1dG8iLCJzdGFydFZlbG9jaXR5IjoiYXV0byIsImZsZXhpYmlsaXR5IjoiYXV0byIsImZsZXhpYmxlQ29ybmVyIjoiYXV0byIsImJlbmRpbmciOiJhdXRvIiwid2lkdGhUZXhlbHMiOiJhdXRvIiwiaGVpZ2h0VGV4ZWxzIjoiYXV0byIsIm1hc3MiOiJhdXRvIiwic2hhcGUiOiJhdXRvIn0sInBhZ2UiOnsid2F2ZSI6ImF1dG8iLCJjb2xvciI6ImF1dG8iLCJzaWRlIjoiYXV0byIsImRlcHRoIjoiYXV0byIsInN0YXJ0VmVsb2NpdHkiOiJhdXRvIiwiZmxleGliaWxpdHkiOiJhdXRvIiwiZmxleGlibGVDb3JuZXIiOiJhdXRvIiwiYmVuZGluZyI6ImF1dG8iLCJ3aWR0aFRleGVscyI6ImF1dG8iLCJoZWlnaHRUZXhlbHMiOiJhdXRvIiwibWFzcyI6ImF1dG8iLCJzaGFwZSI6ImF1dG8ifSwiaGVpZ2h0IjoiYXV0byIsIndpZHRoIjoiYXV0byIsImdyYXZpdHkiOiJhdXRvIiwicGFnZXNGb3JQcmVkaWN0aW5nIjoiYXV0byJ9LCJjb250cm9sUHJvcHMiOnsiYWN0aW9ucyI6eyJjbWRUb2MiOnsiZW5hYmxlZCI6ImF1dG8iLCJlbmFibGVkSW5OYXJyb3ciOiJhdXRvIiwiYWN0aXZlIjoiYXV0byIsImRlZmF1bHRUYWIiOiJhdXRvIn0sImNtZEF1dG9QbGF5Ijp7ImVuYWJsZWQiOiJhdXRvIiwiZW5hYmxlZEluTmFycm93IjoiYXV0byIsImFjdGl2ZSI6ImF1dG8ifSwiY21kU2F2ZSI6eyJlbmFibGVkIjoiYXV0byIsImVuYWJsZWRJbk5hcnJvdyI6ImF1dG8ifSwiY21kUHJpbnQiOnsiZW5hYmxlZCI6ImF1dG8iLCJlbmFibGVkSW5OYXJyb3ciOiJhdXRvIn0sImNtZFNpbmdsZVBhZ2UiOnsiZW5hYmxlZCI6ImF1dG8iLCJlbmFibGVkSW5OYXJyb3ciOiJhdXRvIiwiYWN0aXZlIjoiYXV0byIsImFjdGl2ZUZvck1vYmlsZSI6ImF1dG8ifSwid2lkVG9vbGJhciI6eyJlbmFibGVkIjoiYXV0byIsImVuYWJsZWRJbk5hcnJvdyI6ImF1dG8ifX19LCJhdXRvVGh1bWJuYWlsIjoiaHR0cHM6XC9cL2loZWRuLmZyXC93cC1jb250ZW50XC91cGxvYWRzXC8zZC1mbGlwLWJvb2tcL2F1dG8tdGh1bWJuYWlsc1wvNDkxNzYucG5nIiwicG9zdF9uYW1lIjoiZmljaGUtZGFjdHVhbGl0ZS1uNCIsInBvc3RfdHlwZSI6IjNkLWZsaXAtYm9vayJ9fSwicGFnZXMiOltdLCJmaXJzdFBhZ2VzIjpbXX0=');window.FB3D_CLIENT_LOCALE && FB3D_CLIENT_LOCALE.render && FB3D_CLIENT_LOCALE.render();<\/script><\/div>\n\t\t\t\t\t\t<\/div>\n\t\t\t\t<\/div>\n\t\t\t\t<div class=\"elementor-element elementor-element-8b64218 elementor-position-inline-end elementor-view-default elementor-mobile-position-block-start elementor-widget elementor-widget-icon-box\" data-id=\"8b64218\" data-element_type=\"widget\" data-e-type=\"widget\" data-widget_type=\"icon-box.default\">\n\t\t\t\t<div class=\"elementor-widget-container\">\n\t\t\t\t\t\t\t<div class=\"elementor-icon-box-wrapper\">\n\n\t\t\t\t\t\t<div class=\"elementor-icon-box-icon\">\n\t\t\t\t<a href=\"https:\/\/ihedn.fr\/wp-content\/uploads\/2024\/07\/Fiche-4-Les-ingerences-etrangeres-et-la-desinformation-en-Europe.pdf\" target=\"_blank\" class=\"elementor-icon\" tabindex=\"-1\" aria-label=\"Download the news sheet\">\n\t\t\t\t<svg aria-hidden=\"true\" class=\"e-font-icon-svg e-fas-file-download\" viewbox=\"0 0 384 512\" xmlns=\"http:\/\/www.w3.org\/2000\/svg\"><path d=\"M224 136V0H24C10.7 0 0 10.7 0 24v464c0 13.3 10.7 24 24 24h336c13.3 0 24-10.7 24-24V160H248c-13.2 0-24-10.8-24-24zm76.45 211.36l-96.42 95.7c-6.65 6.61-17.39 6.61-24.04 0l-96.42-95.7C73.42 337.29 80.54 320 94.82 320H160v-80c0-8.84 7.16-16 16-16h32c8.84 0 16 7.16 16 16v80h65.18c14.28 0 21.4 17.29 11.27 27.36zM377 105L279.1 7c-4.5-4.5-10.6-7-17-7H256v128h128v-6.1c0-6.3-2.5-12.4-7-16.9z\"><\/path><\/svg>\t\t\t\t<\/a>\n\t\t\t<\/div>\n\t\t\t\n\t\t\t\t\t\t<div class=\"elementor-icon-box-content\">\n\n\t\t\t\t\t\t\t\t\t<h3 class=\"elementor-icon-box-title\">\n\t\t\t\t\t\t<a href=\"https:\/\/ihedn.fr\/wp-content\/uploads\/2024\/07\/Fiche-4-Les-ingerences-etrangeres-et-la-desinformation-en-Europe.pdf\" target=\"_blank\" >\n\t\t\t\t\t\t\tDownload the news sheet\t\t\t\t\t\t<\/a>\n\t\t\t\t\t<\/h3>\n\t\t\t\t\n\t\t\t\t\n\t\t\t<\/div>\n\t\t\t\n\t\t<\/div>\n\t\t\t\t\t\t<\/div>\n\t\t\t\t<\/div>\n\t\t\t\t\t<\/div>\n\t\t\t\t<\/div>\n\t\t\t\t<\/div>","protected":false},"excerpt":{"rendered":"<p>This fact sheet looks at foreign interference and disinformation in Europe. It presents the actions taken by the various European institutions, particularly during the last term of office of the Commission and Parliament, including the legislative framework and collaboration with the media and civil society, certain limits, and future development prospects.<\/p>","protected":false},"author":12,"featured_media":49175,"comment_status":"closed","ping_status":"closed","sticky":false,"template":"","format":"standard","meta":{"footnotes":""},"categories":[235],"tags":[232,225],"class_list":["post-49173","post","type-post","status-publish","format-standard","has-post-thumbnail","hentry","category-fiches-actualite","tag-elections-europeennes","tag-fiche-actualite"],"yoast_head":"<!-- This site is optimized with the Yoast SEO plugin v27.5 - https:\/\/yoast.com\/product\/yoast-seo-wordpress\/ -->\n<title>Les ing\u00e9rences \u00e9trang\u00e8res et la d\u00e9sinformation en Europe - L&#039;IHEDN : Institut des hautes \u00e9tudes de d\u00e9fense nationale<\/title>\n<meta name=\"description\" content=\"Cette fiche d&#039;actualit\u00e9 s&#039;int\u00e9resse aux ing\u00e9rences \u00e9trang\u00e8res et \u00e0 la d\u00e9sinformation en Europe. Elle pr\u00e9sente les actions mises en place par les diff\u00e9rentes institutions europ\u00e9ennes, en particulier au cours du dernier mandat de la Commission et du Parlement, notamment le cadre l\u00e9gislatif et la collaboration avec les m\u00e9dias et la soci\u00e9t\u00e9 civile, certaines limites, ainsi que les perspectives de d\u00e9veloppement futures.\" \/>\n<meta name=\"robots\" content=\"index, follow, max-snippet:-1, max-image-preview:large, max-video-preview:-1\" \/>\n<link rel=\"canonical\" href=\"https:\/\/ihedn.fr\/en\/fiches-actualite\/les-ingerences-etrangeres-et-la-desinformation-en-europe\/\" \/>\n<meta property=\"og:locale\" content=\"en_GB\" \/>\n<meta property=\"og:type\" content=\"article\" \/>\n<meta property=\"og:title\" content=\"Les ing\u00e9rences \u00e9trang\u00e8res et la d\u00e9sinformation en Europe\" \/>\n<meta property=\"og:description\" content=\"Cette fiche d&#039;actualit\u00e9 s&#039;int\u00e9resse aux ing\u00e9rences \u00e9trang\u00e8res et \u00e0 la d\u00e9sinformation en Europe. Elle pr\u00e9sente les actions mises en place par les diff\u00e9rentes institutions europ\u00e9ennes, en particulier au cours du dernier mandat de la Commission et du Parlement, notamment le cadre l\u00e9gislatif et la collaboration avec les m\u00e9dias et la soci\u00e9t\u00e9 civile, certaines limites, ainsi que les perspectives de d\u00e9veloppement futures.\" \/>\n<meta property=\"og:url\" content=\"https:\/\/ihedn.fr\/en\/fiches-actualite\/les-ingerences-etrangeres-et-la-desinformation-en-europe\/\" \/>\n<meta property=\"og:site_name\" content=\"L&#039;IHEDN : Institut des hautes \u00e9tudes de d\u00e9fense nationale\" \/>\n<meta property=\"article:publisher\" content=\"https:\/\/www.facebook.com\/ihedn\/\" \/>\n<meta property=\"article:published_time\" content=\"2024-07-30T11:42:12+00:00\" \/>\n<meta property=\"article:modified_time\" content=\"2025-04-15T12:00:49+00:00\" \/>\n<meta property=\"og:image\" content=\"https:\/\/ihedn.fr\/wp-content\/uploads\/2024\/07\/9.png\" \/>\n\t<meta property=\"og:image:width\" content=\"1600\" \/>\n\t<meta property=\"og:image:height\" content=\"900\" \/>\n\t<meta property=\"og:image:type\" content=\"image\/png\" \/>\n<meta name=\"author\" content=\"Ad\u00e8le Thoumieux\" \/>\n<meta name=\"twitter:card\" content=\"summary_large_image\" \/>\n<meta name=\"twitter:title\" content=\"Les ing\u00e9rences \u00e9trang\u00e8res et la d\u00e9sinformation en Europe\" \/>\n<meta name=\"twitter:description\" content=\"Cette fiche d&#039;actualit\u00e9 s&#039;int\u00e9resse aux ing\u00e9rences \u00e9trang\u00e8res et \u00e0 la d\u00e9sinformation en Europe. Elle pr\u00e9sente les actions mises en place par les diff\u00e9rentes institutions europ\u00e9ennes, en particulier au cours du dernier mandat de la Commission et du Parlement, notamment le cadre l\u00e9gislatif et la collaboration avec les m\u00e9dias et la soci\u00e9t\u00e9 civile, certaines limites, ainsi que les perspectives de d\u00e9veloppement futures.\" \/>\n<meta name=\"twitter:image\" content=\"https:\/\/ihedn.fr\/wp-content\/uploads\/2024\/07\/9.png\" \/>\n<meta name=\"twitter:creator\" content=\"@IHEDN\" \/>\n<meta name=\"twitter:site\" content=\"@IHEDN\" \/>\n<meta name=\"twitter:label1\" content=\"Written by\" \/>\n\t<meta name=\"twitter:data1\" content=\"Ad\u00e8le Thoumieux\" \/>\n\t<meta name=\"twitter:label2\" content=\"Estimated reading time\" \/>\n\t<meta name=\"twitter:data2\" content=\"1 minute\" \/>\n<script type=\"application\/ld+json\" class=\"yoast-schema-graph\">{\"@context\":\"https:\\\/\\\/schema.org\",\"@graph\":[{\"@type\":\"Article\",\"@id\":\"https:\\\/\\\/ihedn.fr\\\/fiches-actualite\\\/les-ingerences-etrangeres-et-la-desinformation-en-europe\\\/#article\",\"isPartOf\":{\"@id\":\"https:\\\/\\\/ihedn.fr\\\/fiches-actualite\\\/les-ingerences-etrangeres-et-la-desinformation-en-europe\\\/\"},\"author\":{\"name\":\"Ad\u00e8le Thoumieux\",\"@id\":\"https:\\\/\\\/ihedn.fr\\\/#\\\/schema\\\/person\\\/16d49c2bd0121499ea9b9023ce89826c\"},\"headline\":\"Les ing\u00e9rences \u00e9trang\u00e8res et la d\u00e9sinformation en Europe\",\"datePublished\":\"2024-07-30T11:42:12+00:00\",\"dateModified\":\"2025-04-15T12:00:49+00:00\",\"mainEntityOfPage\":{\"@id\":\"https:\\\/\\\/ihedn.fr\\\/fiches-actualite\\\/les-ingerences-etrangeres-et-la-desinformation-en-europe\\\/\"},\"wordCount\":21,\"publisher\":{\"@id\":\"https:\\\/\\\/ihedn.fr\\\/#organization\"},\"image\":{\"@id\":\"https:\\\/\\\/ihedn.fr\\\/fiches-actualite\\\/les-ingerences-etrangeres-et-la-desinformation-en-europe\\\/#primaryimage\"},\"thumbnailUrl\":\"https:\\\/\\\/ihedn.fr\\\/wp-content\\\/uploads\\\/2024\\\/07\\\/9.png\",\"keywords\":[\"\u00e9lections-europ\u00e9ennes\",\"fiche-actualit\u00e9\"],\"articleSection\":[\"Fiches d'actualit\u00e9s\"],\"inLanguage\":\"en-GB\"},{\"@type\":\"WebPage\",\"@id\":\"https:\\\/\\\/ihedn.fr\\\/fiches-actualite\\\/les-ingerences-etrangeres-et-la-desinformation-en-europe\\\/\",\"url\":\"https:\\\/\\\/ihedn.fr\\\/fiches-actualite\\\/les-ingerences-etrangeres-et-la-desinformation-en-europe\\\/\",\"name\":\"Les ing\u00e9rences \u00e9trang\u00e8res et la d\u00e9sinformation en Europe - L&#039;IHEDN : Institut des hautes \u00e9tudes de d\u00e9fense nationale\",\"isPartOf\":{\"@id\":\"https:\\\/\\\/ihedn.fr\\\/#website\"},\"primaryImageOfPage\":{\"@id\":\"https:\\\/\\\/ihedn.fr\\\/fiches-actualite\\\/les-ingerences-etrangeres-et-la-desinformation-en-europe\\\/#primaryimage\"},\"image\":{\"@id\":\"https:\\\/\\\/ihedn.fr\\\/fiches-actualite\\\/les-ingerences-etrangeres-et-la-desinformation-en-europe\\\/#primaryimage\"},\"thumbnailUrl\":\"https:\\\/\\\/ihedn.fr\\\/wp-content\\\/uploads\\\/2024\\\/07\\\/9.png\",\"datePublished\":\"2024-07-30T11:42:12+00:00\",\"dateModified\":\"2025-04-15T12:00:49+00:00\",\"description\":\"Cette fiche d'actualit\u00e9 s'int\u00e9resse aux ing\u00e9rences \u00e9trang\u00e8res et \u00e0 la d\u00e9sinformation en Europe. Elle pr\u00e9sente les actions mises en place par les diff\u00e9rentes institutions europ\u00e9ennes, en particulier au cours du dernier mandat de la Commission et du Parlement, notamment le cadre l\u00e9gislatif et la collaboration avec les m\u00e9dias et la soci\u00e9t\u00e9 civile, certaines limites, ainsi que les perspectives de d\u00e9veloppement futures.\",\"breadcrumb\":{\"@id\":\"https:\\\/\\\/ihedn.fr\\\/fiches-actualite\\\/les-ingerences-etrangeres-et-la-desinformation-en-europe\\\/#breadcrumb\"},\"inLanguage\":\"en-GB\",\"potentialAction\":[{\"@type\":\"ReadAction\",\"target\":[\"https:\\\/\\\/ihedn.fr\\\/fiches-actualite\\\/les-ingerences-etrangeres-et-la-desinformation-en-europe\\\/\"]}]},{\"@type\":\"ImageObject\",\"inLanguage\":\"en-GB\",\"@id\":\"https:\\\/\\\/ihedn.fr\\\/fiches-actualite\\\/les-ingerences-etrangeres-et-la-desinformation-en-europe\\\/#primaryimage\",\"url\":\"https:\\\/\\\/ihedn.fr\\\/wp-content\\\/uploads\\\/2024\\\/07\\\/9.png\",\"contentUrl\":\"https:\\\/\\\/ihedn.fr\\\/wp-content\\\/uploads\\\/2024\\\/07\\\/9.png\",\"width\":1600,\"height\":900,\"caption\":\"Les ing\u00e9rences \u00e9trang\u00e8res et la d\u00e9sinformation en Europe - Fiche d'actualit\u00e9 de l'IHEDN\"},{\"@type\":\"BreadcrumbList\",\"@id\":\"https:\\\/\\\/ihedn.fr\\\/fiches-actualite\\\/les-ingerences-etrangeres-et-la-desinformation-en-europe\\\/#breadcrumb\",\"itemListElement\":[{\"@type\":\"ListItem\",\"position\":1,\"name\":\"Accueil\",\"item\":\"https:\\\/\\\/ihedn.fr\\\/\"},{\"@type\":\"ListItem\",\"position\":2,\"name\":\"Les ing\u00e9rences \u00e9trang\u00e8res et la d\u00e9sinformation en Europe\"}]},{\"@type\":\"WebSite\",\"@id\":\"https:\\\/\\\/ihedn.fr\\\/#website\",\"url\":\"https:\\\/\\\/ihedn.fr\\\/\",\"name\":\"IHEDN : Institut des hautes \u00e9tudes de d\u00e9fense nationale |\",\"description\":\"Site officiel de l&#039;IHEDN plac\u00e9 sous la tutelle du Premier ministre.\",\"publisher\":{\"@id\":\"https:\\\/\\\/ihedn.fr\\\/#organization\"},\"potentialAction\":[{\"@type\":\"SearchAction\",\"target\":{\"@type\":\"EntryPoint\",\"urlTemplate\":\"https:\\\/\\\/ihedn.fr\\\/?s={search_term_string}\"},\"query-input\":{\"@type\":\"PropertyValueSpecification\",\"valueRequired\":true,\"valueName\":\"search_term_string\"}}],\"inLanguage\":\"en-GB\"},{\"@type\":\"Organization\",\"@id\":\"https:\\\/\\\/ihedn.fr\\\/#organization\",\"name\":\"IHEDN - Institut des Hautes Etudes de D\u00e9fense Nationale\",\"url\":\"https:\\\/\\\/ihedn.fr\\\/\",\"logo\":{\"@type\":\"ImageObject\",\"inLanguage\":\"en-GB\",\"@id\":\"https:\\\/\\\/ihedn.fr\\\/#\\\/schema\\\/logo\\\/image\\\/\",\"url\":\"https:\\\/\\\/ihedn.fr\\\/wp-content\\\/uploads\\\/2020\\\/11\\\/BLOC_RF_IHEDN_WEB.png\",\"contentUrl\":\"https:\\\/\\\/ihedn.fr\\\/wp-content\\\/uploads\\\/2020\\\/11\\\/BLOC_RF_IHEDN_WEB.png\",\"width\":500,\"height\":237,\"caption\":\"IHEDN - Institut des Hautes Etudes de D\u00e9fense Nationale\"},\"image\":{\"@id\":\"https:\\\/\\\/ihedn.fr\\\/#\\\/schema\\\/logo\\\/image\\\/\"},\"sameAs\":[\"https:\\\/\\\/www.facebook.com\\\/ihedn\\\/\",\"https:\\\/\\\/x.com\\\/IHEDN\",\"https:\\\/\\\/www.instagram.com\\\/ihedn\\\/\",\"https:\\\/\\\/www.linkedin.com\\\/school\\\/ihedn\\\/\",\"https:\\\/\\\/fr.wikipedia.org\\\/wiki\\\/Institut_des_hautes_\u00e9tudes_de_D\u00e9fense_nationale\"]},{\"@type\":\"Person\",\"@id\":\"https:\\\/\\\/ihedn.fr\\\/#\\\/schema\\\/person\\\/16d49c2bd0121499ea9b9023ce89826c\",\"name\":\"Ad\u00e8le Thoumieux\",\"image\":{\"@type\":\"ImageObject\",\"inLanguage\":\"en-GB\",\"@id\":\"https:\\\/\\\/secure.gravatar.com\\\/avatar\\\/64fc58d14679bdd185946349bcb229b06e37d30d6290c2bec15f1daa8f8e0ece?s=96&d=mm&r=g\",\"url\":\"https:\\\/\\\/secure.gravatar.com\\\/avatar\\\/64fc58d14679bdd185946349bcb229b06e37d30d6290c2bec15f1daa8f8e0ece?s=96&d=mm&r=g\",\"contentUrl\":\"https:\\\/\\\/secure.gravatar.com\\\/avatar\\\/64fc58d14679bdd185946349bcb229b06e37d30d6290c2bec15f1daa8f8e0ece?s=96&d=mm&r=g\",\"caption\":\"Ad\u00e8le Thoumieux\"},\"sameAs\":[\"http:\\\/\\\/ihedn.fr\"],\"url\":\"https:\\\/\\\/ihedn.fr\\\/en\\\/author\\\/thoumieux\\\/\"}]}<\/script>\n<!-- \/ Yoast SEO plugin. -->","yoast_head_json":{"title":"Foreign interference and disinformation in Europe - L'IHEDN : Institut des hautes \u00e9tudes de d\u00e9fense nationale (French Institute for Higher National Defence Studies)","description":"This fact sheet looks at foreign interference and disinformation in Europe. It presents the actions taken by the various European institutions, particularly during the last term of office of the Commission and Parliament, including the legislative framework and collaboration with the media and civil society, certain limits, and future development prospects.","robots":{"index":"index","follow":"follow","max-snippet":"max-snippet:-1","max-image-preview":"max-image-preview:large","max-video-preview":"max-video-preview:-1"},"canonical":"https:\/\/ihedn.fr\/en\/fiches-actualite\/les-ingerences-etrangeres-et-la-desinformation-en-europe\/","og_locale":"en_GB","og_type":"article","og_title":"Les ing\u00e9rences \u00e9trang\u00e8res et la d\u00e9sinformation en Europe","og_description":"Cette fiche d'actualit\u00e9 s'int\u00e9resse aux ing\u00e9rences \u00e9trang\u00e8res et \u00e0 la d\u00e9sinformation en Europe. Elle pr\u00e9sente les actions mises en place par les diff\u00e9rentes institutions europ\u00e9ennes, en particulier au cours du dernier mandat de la Commission et du Parlement, notamment le cadre l\u00e9gislatif et la collaboration avec les m\u00e9dias et la soci\u00e9t\u00e9 civile, certaines limites, ainsi que les perspectives de d\u00e9veloppement futures.","og_url":"https:\/\/ihedn.fr\/en\/fiches-actualite\/les-ingerences-etrangeres-et-la-desinformation-en-europe\/","og_site_name":"L&#039;IHEDN : Institut des hautes \u00e9tudes de d\u00e9fense nationale","article_publisher":"https:\/\/www.facebook.com\/ihedn\/","article_published_time":"2024-07-30T11:42:12+00:00","article_modified_time":"2025-04-15T12:00:49+00:00","og_image":[{"width":1600,"height":900,"url":"https:\/\/ihedn.fr\/wp-content\/uploads\/2024\/07\/9.png","type":"image\/png"}],"author":"Ad\u00e8le Thoumieux","twitter_card":"summary_large_image","twitter_title":"Les ing\u00e9rences \u00e9trang\u00e8res et la d\u00e9sinformation en Europe","twitter_description":"Cette fiche d'actualit\u00e9 s'int\u00e9resse aux ing\u00e9rences \u00e9trang\u00e8res et \u00e0 la d\u00e9sinformation en Europe. Elle pr\u00e9sente les actions mises en place par les diff\u00e9rentes institutions europ\u00e9ennes, en particulier au cours du dernier mandat de la Commission et du Parlement, notamment le cadre l\u00e9gislatif et la collaboration avec les m\u00e9dias et la soci\u00e9t\u00e9 civile, certaines limites, ainsi que les perspectives de d\u00e9veloppement futures.","twitter_image":"https:\/\/ihedn.fr\/wp-content\/uploads\/2024\/07\/9.png","twitter_creator":"@IHEDN","twitter_site":"@IHEDN","twitter_misc":{"Written by":"Ad\u00e8le Thoumieux","Estimated reading time":"1 minute"},"schema":{"@context":"https:\/\/schema.org","@graph":[{"@type":"Article","@id":"https:\/\/ihedn.fr\/fiches-actualite\/les-ingerences-etrangeres-et-la-desinformation-en-europe\/#article","isPartOf":{"@id":"https:\/\/ihedn.fr\/fiches-actualite\/les-ingerences-etrangeres-et-la-desinformation-en-europe\/"},"author":{"name":"Ad\u00e8le Thoumieux","@id":"https:\/\/ihedn.fr\/#\/schema\/person\/16d49c2bd0121499ea9b9023ce89826c"},"headline":"Les ing\u00e9rences \u00e9trang\u00e8res et la d\u00e9sinformation en Europe","datePublished":"2024-07-30T11:42:12+00:00","dateModified":"2025-04-15T12:00:49+00:00","mainEntityOfPage":{"@id":"https:\/\/ihedn.fr\/fiches-actualite\/les-ingerences-etrangeres-et-la-desinformation-en-europe\/"},"wordCount":21,"publisher":{"@id":"https:\/\/ihedn.fr\/#organization"},"image":{"@id":"https:\/\/ihedn.fr\/fiches-actualite\/les-ingerences-etrangeres-et-la-desinformation-en-europe\/#primaryimage"},"thumbnailUrl":"https:\/\/ihedn.fr\/wp-content\/uploads\/2024\/07\/9.png","keywords":["\u00e9lections-europ\u00e9ennes","fiche-actualit\u00e9"],"articleSection":["Fiches d'actualit\u00e9s"],"inLanguage":"en-GB"},{"@type":"WebPage","@id":"https:\/\/ihedn.fr\/fiches-actualite\/les-ingerences-etrangeres-et-la-desinformation-en-europe\/","url":"https:\/\/ihedn.fr\/fiches-actualite\/les-ingerences-etrangeres-et-la-desinformation-en-europe\/","name":"Foreign interference and disinformation in Europe - L'IHEDN : Institut des hautes \u00e9tudes de d\u00e9fense nationale (French Institute for Higher National Defence Studies)","isPartOf":{"@id":"https:\/\/ihedn.fr\/#website"},"primaryImageOfPage":{"@id":"https:\/\/ihedn.fr\/fiches-actualite\/les-ingerences-etrangeres-et-la-desinformation-en-europe\/#primaryimage"},"image":{"@id":"https:\/\/ihedn.fr\/fiches-actualite\/les-ingerences-etrangeres-et-la-desinformation-en-europe\/#primaryimage"},"thumbnailUrl":"https:\/\/ihedn.fr\/wp-content\/uploads\/2024\/07\/9.png","datePublished":"2024-07-30T11:42:12+00:00","dateModified":"2025-04-15T12:00:49+00:00","description":"This fact sheet looks at foreign interference and disinformation in Europe. It presents the actions taken by the various European institutions, particularly during the last term of office of the Commission and Parliament, including the legislative framework and collaboration with the media and civil society, certain limits, and future development prospects.","breadcrumb":{"@id":"https:\/\/ihedn.fr\/fiches-actualite\/les-ingerences-etrangeres-et-la-desinformation-en-europe\/#breadcrumb"},"inLanguage":"en-GB","potentialAction":[{"@type":"ReadAction","target":["https:\/\/ihedn.fr\/fiches-actualite\/les-ingerences-etrangeres-et-la-desinformation-en-europe\/"]}]},{"@type":"ImageObject","inLanguage":"en-GB","@id":"https:\/\/ihedn.fr\/fiches-actualite\/les-ingerences-etrangeres-et-la-desinformation-en-europe\/#primaryimage","url":"https:\/\/ihedn.fr\/wp-content\/uploads\/2024\/07\/9.png","contentUrl":"https:\/\/ihedn.fr\/wp-content\/uploads\/2024\/07\/9.png","width":1600,"height":900,"caption":"Les ing\u00e9rences \u00e9trang\u00e8res et la d\u00e9sinformation en Europe - Fiche d'actualit\u00e9 de l'IHEDN"},{"@type":"BreadcrumbList","@id":"https:\/\/ihedn.fr\/fiches-actualite\/les-ingerences-etrangeres-et-la-desinformation-en-europe\/#breadcrumb","itemListElement":[{"@type":"ListItem","position":1,"name":"Accueil","item":"https:\/\/ihedn.fr\/"},{"@type":"ListItem","position":2,"name":"Les ing\u00e9rences \u00e9trang\u00e8res et la d\u00e9sinformation en Europe"}]},{"@type":"WebSite","@id":"https:\/\/ihedn.fr\/#website","url":"https:\/\/ihedn.fr\/","name":"IHEDN: Institut des hautes \u00e9tudes de d\u00e9fense nationale (Institute for Higher National Defence Studies)","description":"Official website of the IHEDN under the supervision of the Prime Minister.","publisher":{"@id":"https:\/\/ihedn.fr\/#organization"},"potentialAction":[{"@type":"SearchAction","target":{"@type":"EntryPoint","urlTemplate":"https:\/\/ihedn.fr\/?s={search_term_string}"},"query-input":{"@type":"PropertyValueSpecification","valueRequired":true,"valueName":"search_term_string"}}],"inLanguage":"en-GB"},{"@type":"Organization","@id":"https:\/\/ihedn.fr\/#organization","name":"IHEDN - Institute for Higher National Defence Studies","url":"https:\/\/ihedn.fr\/","logo":{"@type":"ImageObject","inLanguage":"en-GB","@id":"https:\/\/ihedn.fr\/#\/schema\/logo\/image\/","url":"https:\/\/ihedn.fr\/wp-content\/uploads\/2020\/11\/BLOC_RF_IHEDN_WEB.png","contentUrl":"https:\/\/ihedn.fr\/wp-content\/uploads\/2020\/11\/BLOC_RF_IHEDN_WEB.png","width":500,"height":237,"caption":"IHEDN - Institut des Hautes Etudes de D\u00e9fense Nationale"},"image":{"@id":"https:\/\/ihedn.fr\/#\/schema\/logo\/image\/"},"sameAs":["https:\/\/www.facebook.com\/ihedn\/","https:\/\/x.com\/IHEDN","https:\/\/www.instagram.com\/ihedn\/","https:\/\/www.linkedin.com\/school\/ihedn\/","https:\/\/fr.wikipedia.org\/wiki\/Institut_des_hautes_\u00e9tudes_de_D\u00e9fense_nationale"]},{"@type":"Person","@id":"https:\/\/ihedn.fr\/#\/schema\/person\/16d49c2bd0121499ea9b9023ce89826c","name":"Ad\u00e8le Thoumieux","image":{"@type":"ImageObject","inLanguage":"en-GB","@id":"https:\/\/secure.gravatar.com\/avatar\/64fc58d14679bdd185946349bcb229b06e37d30d6290c2bec15f1daa8f8e0ece?s=96&d=mm&r=g","url":"https:\/\/secure.gravatar.com\/avatar\/64fc58d14679bdd185946349bcb229b06e37d30d6290c2bec15f1daa8f8e0ece?s=96&d=mm&r=g","contentUrl":"https:\/\/secure.gravatar.com\/avatar\/64fc58d14679bdd185946349bcb229b06e37d30d6290c2bec15f1daa8f8e0ece?s=96&d=mm&r=g","caption":"Ad\u00e8le Thoumieux"},"sameAs":["http:\/\/ihedn.fr"],"url":"https:\/\/ihedn.fr\/en\/author\/thoumieux\/"}]}},"publishpress_future_action":{"enabled":false,"date":"2026-05-05 21:07:30","action":"change-status","newStatus":"draft","terms":[],"taxonomy":"category","extraData":[]},"publishpress_future_workflow_manual_trigger":{"enabledWorkflows":[]},"_links":{"self":[{"href":"https:\/\/ihedn.fr\/en\/wp-json\/wp\/v2\/posts\/49173","targetHints":{"allow":["GET"]}}],"collection":[{"href":"https:\/\/ihedn.fr\/en\/wp-json\/wp\/v2\/posts"}],"about":[{"href":"https:\/\/ihedn.fr\/en\/wp-json\/wp\/v2\/types\/post"}],"author":[{"embeddable":true,"href":"https:\/\/ihedn.fr\/en\/wp-json\/wp\/v2\/users\/12"}],"replies":[{"embeddable":true,"href":"https:\/\/ihedn.fr\/en\/wp-json\/wp\/v2\/comments?post=49173"}],"version-history":[{"count":8,"href":"https:\/\/ihedn.fr\/en\/wp-json\/wp\/v2\/posts\/49173\/revisions"}],"predecessor-version":[{"id":51002,"href":"https:\/\/ihedn.fr\/en\/wp-json\/wp\/v2\/posts\/49173\/revisions\/51002"}],"wp:featuredmedia":[{"embeddable":true,"href":"https:\/\/ihedn.fr\/en\/wp-json\/wp\/v2\/media\/49175"}],"wp:attachment":[{"href":"https:\/\/ihedn.fr\/en\/wp-json\/wp\/v2\/media?parent=49173"}],"wp:term":[{"taxonomy":"category","embeddable":true,"href":"https:\/\/ihedn.fr\/en\/wp-json\/wp\/v2\/categories?post=49173"},{"taxonomy":"post_tag","embeddable":true,"href":"https:\/\/ihedn.fr\/en\/wp-json\/wp\/v2\/tags?post=49173"}],"curies":[{"name":"wp","href":"https:\/\/api.w.org\/{rel}","templated":true}]}}