{"id":4930,"date":"2018-12-10T10:00:06","date_gmt":"2018-12-10T08:00:06","guid":{"rendered":"https:\/\/ihedn.concilium.click\/?p=4930"},"modified":"2021-01-06T16:32:41","modified_gmt":"2021-01-06T14:32:41","slug":"lettre-de-m-edouard-philippe-premier-ministre-au-directeur-de-lihedn-le-gca-patrick-destremau-du-10-decembre-2018","status":"publish","type":"post","link":"https:\/\/ihedn.fr\/en\/uncategorized\/lettre-de-m-edouard-philippe-premier-ministre-au-directeur-de-lihedn-le-gca-patrick-destremau-du-10-decembre-2018\/","title":{"rendered":"Letter from Mr Edouard PHILIPPE, Prime Minister, to the Director of the IHEDN, Lt-Gen Patrick DESTREMAU, dated 10 December 2018"},"content":{"rendered":"<div data-elementor-type=\"wp-post\" data-elementor-id=\"4930\" class=\"elementor elementor-4930\" data-elementor-post-type=\"post\">\n\t\t\t\t\t\t<section data-particle_enable=\"false\" data-particle-mobile-disabled=\"false\" class=\"elementor-section elementor-top-section elementor-element elementor-element-e155f11 elementor-section-boxed elementor-section-height-default elementor-section-height-default\" data-id=\"e155f11\" data-element_type=\"section\" data-e-type=\"section\">\n\t\t\t\t\t\t<div class=\"elementor-container elementor-column-gap-default\">\n\t\t\t\t\t<div class=\"elementor-column elementor-col-100 elementor-top-column elementor-element elementor-element-c16fb09\" data-id=\"c16fb09\" data-element_type=\"column\" data-e-type=\"column\">\n\t\t\t<div class=\"elementor-widget-wrap elementor-element-populated\">\n\t\t\t\t\t\t<div class=\"elementor-element elementor-element-52c52ff elementor-widget elementor-widget-text-editor\" data-id=\"52c52ff\" data-element_type=\"widget\" data-e-type=\"widget\" data-widget_type=\"text-editor.default\">\n\t\t\t\t<div class=\"elementor-widget-container\">\n\t\t\t\t\t\t\t\t\t<p><strong><span style=\"color: #000000;\">On 18 October 2019, Prime Minister Edouard Philippe addressed the national sessions of the IHEDN and INHEJS, which bring together members of parliament, representatives of the senior civil service, the business world, journalists, the military, the police and the judiciary.<\/span><\/strong><\/p>\t\t\t\t\t\t\t\t<\/div>\n\t\t\t\t<\/div>\n\t\t\t\t\t<\/div>\n\t\t<\/div>\n\t\t\t\t\t<\/div>\n\t\t<\/section>\n\t\t\t\t<section data-particle_enable=\"false\" data-particle-mobile-disabled=\"false\" class=\"elementor-section elementor-top-section elementor-element elementor-element-5815637 elementor-section-boxed elementor-section-height-default elementor-section-height-default\" data-id=\"5815637\" data-element_type=\"section\" data-e-type=\"section\">\n\t\t\t\t\t\t<div class=\"elementor-container elementor-column-gap-default\">\n\t\t\t\t\t<div class=\"elementor-column elementor-col-100 elementor-top-column elementor-element elementor-element-9ddcd2a\" data-id=\"9ddcd2a\" data-element_type=\"column\" data-e-type=\"column\">\n\t\t\t<div class=\"elementor-widget-wrap elementor-element-populated\">\n\t\t\t\t\t\t<div class=\"elementor-element elementor-element-0cb2b02 elementor-widget elementor-widget-text-editor\" data-id=\"0cb2b02\" data-element_type=\"widget\" data-e-type=\"widget\" data-widget_type=\"text-editor.default\">\n\t\t\t\t<div class=\"elementor-widget-container\">\n\t\t\t\t\t\t\t\t\t<p><a href=\"https:\/\/ihedn.fr\/wp-content\/uploads\/2021\/01\/Lettre-de-M.-Edouard-PHILIPPE-Premier-ministre-au-directeur-de-lIHEDN-le-GCA-Patrick-DESTREMAU-du-10-decembre-2018-20181210.pdf\"><img fetchpriority=\"high\" decoding=\"async\" class=\"alignleft wp-image-4936 size-full\" src=\"https:\/\/ihedn.fr\/wp-content\/uploads\/2021\/01\/Lettre-de-M.-Edouard-PHILIPPE-Premier-ministre-au-directeur-de-lIHEDN-le-GCA-Patrick-DESTREMAU-du-10-decembre-2018-20181210-1.jpg\" alt=\"\" width=\"568\" height=\"800\" \/><\/a>General,<\/p><p>The government has entrusted you with the management of the Institut des Hautes \u00c9tudes de D\u00e9fense Nationale. For more than eighty years, the IHEDN has played a unique role in developing the spirit of defence and the relationship between civilian and military leaders. It has also been able to adapt to changes in our country's strategic situation, to changes in the constitution and to changes in our society, addressing all its components.<\/p><p>It will be up to you to continue this work by following the guidelines set by the President of the Republic, within the broader framework of the renewed European security architecture that he has called for. In this context, I expect the renewal of the Institute to make its action better structured, more open, visible and economical.<\/p><p>Firstly, to shed light on future challenges and threats, your Institute must ensure that the training of decision-makers, opinion multipliers and leaders from all segments of the State and society is fully in line with changes in the strategic, social and economic context and in the role of our armed forces in protecting France and the French people. This is your primary mission.<\/p><p>So, continuing along the path of openness that was at the origin of your Institute, you will ensure that all sections of society can be involved and that the principles of parity, equality and diversity are respected.<\/p><p>You will also endeavour to develop synergies with the Institut National des Hautes \u00c9tudes de la S\u00e9curit\u00e9 et de la Justice, drawing on the consequences of the interconnection of threats and the necessary synergy of responses provided by the aspects of our public action relating to defence, security and justice.<\/p><p>You will also consider how to respond to the desire for commitment of our fellow citizens who go through the IHEDN, particularly the younger ones. You will put forward proposals for bringing together and mobilising auditors within the framework of an appropriate citizens' reserve. It will be up to you to find the best way of enhancing their commitment, while respecting the objectives and values on which you are founded.<\/p><p>As an institute of advanced studies, the IHEDN must be able to draw on the world of research, particularly in the field of strategic thinking. You will be looking at ways of involving the various research centres in the work of the auditors, who must themselves be able to call on some of our best researchers.<\/p>\t\t\t\t\t\t\t\t<\/div>\n\t\t\t\t<\/div>\n\t\t\t\t\t<\/div>\n\t\t<\/div>\n\t\t\t\t\t<\/div>\n\t\t<\/section>\n\t\t\t\t<section data-particle_enable=\"false\" data-particle-mobile-disabled=\"false\" class=\"elementor-section elementor-top-section elementor-element elementor-element-7317135 elementor-section-boxed elementor-section-height-default elementor-section-height-default\" data-id=\"7317135\" data-element_type=\"section\" data-e-type=\"section\">\n\t\t\t\t\t\t<div class=\"elementor-container elementor-column-gap-default\">\n\t\t\t\t\t<div class=\"elementor-column elementor-col-100 elementor-top-column elementor-element elementor-element-dc2d6dd\" data-id=\"dc2d6dd\" data-element_type=\"column\" data-e-type=\"column\">\n\t\t\t<div class=\"elementor-widget-wrap elementor-element-populated\">\n\t\t\t\t\t\t<div class=\"elementor-element elementor-element-42594f6 elementor-position-inline-end elementor-view-default elementor-mobile-position-block-start elementor-widget elementor-widget-icon-box\" data-id=\"42594f6\" data-element_type=\"widget\" data-e-type=\"widget\" data-widget_type=\"icon-box.default\">\n\t\t\t\t<div class=\"elementor-widget-container\">\n\t\t\t\t\t\t\t<div class=\"elementor-icon-box-wrapper\">\n\n\t\t\t\t\t\t<div class=\"elementor-icon-box-icon\">\n\t\t\t\t<a href=\"https:\/\/ihedn.fr\/wp-content\/uploads\/2021\/01\/Lettre-de-M.-Edouard-PHILIPPE-Premier-ministre-au-directeur-de-lIHEDN-le-GCA-Patrick-DESTREMAU-du-10-decembre-2018-20181210.pdf\" session=\"\" class=\"elementor-icon\" tabindex=\"-1\" aria-label=\"Download the letter\">\n\t\t\t\t<svg aria-hidden=\"true\" class=\"e-font-icon-svg e-fas-file-download\" viewbox=\"0 0 384 512\" xmlns=\"http:\/\/www.w3.org\/2000\/svg\"><path d=\"M224 136V0H24C10.7 0 0 10.7 0 24v464c0 13.3 10.7 24 24 24h336c13.3 0 24-10.7 24-24V160H248c-13.2 0-24-10.8-24-24zm76.45 211.36l-96.42 95.7c-6.65 6.61-17.39 6.61-24.04 0l-96.42-95.7C73.42 337.29 80.54 320 94.82 320H160v-80c0-8.84 7.16-16 16-16h32c8.84 0 16 7.16 16 16v80h65.18c14.28 0 21.4 17.29 11.27 27.36zM377 105L279.1 7c-4.5-4.5-10.6-7-17-7H256v128h128v-6.1c0-6.3-2.5-12.4-7-16.9z\"><\/path><\/svg>\t\t\t\t<\/a>\n\t\t\t<\/div>\n\t\t\t\n\t\t\t\t\t\t<div class=\"elementor-icon-box-content\">\n\n\t\t\t\t\t\t\t\t\t<h3 class=\"elementor-icon-box-title\">\n\t\t\t\t\t\t<a href=\"https:\/\/ihedn.fr\/wp-content\/uploads\/2021\/01\/Lettre-de-M.-Edouard-PHILIPPE-Premier-ministre-au-directeur-de-lIHEDN-le-GCA-Patrick-DESTREMAU-du-10-decembre-2018-20181210.pdf\" session=\"\" >\n\t\t\t\t\t\t\tDownload the letter\t\t\t\t\t\t<\/a>\n\t\t\t\t\t<\/h3>\n\t\t\t\t\n\t\t\t\t\n\t\t\t<\/div>\n\t\t\t\n\t\t<\/div>\n\t\t\t\t\t\t<\/div>\n\t\t\t\t<\/div>\n\t\t\t\t\t<\/div>\n\t\t<\/div>\n\t\t\t\t\t<\/div>\n\t\t<\/section>\n\t\t\t\t<\/div>","protected":false},"excerpt":{"rendered":"<p>Le Premier ministre, Edouard Philippe, a prononc\u00e9 le 18 octobre 2019, une allocution devant les sessions nationales de l&rsquo;IHEDN et de l&rsquo;INHEJS qui regroupent parlementaires, repr\u00e9sentants de la haute fonction publique, du monde de l&rsquo;entreprise, journalistes, militaires, policiers et magistrats. Mon g\u00e9n\u00e9ral, Le gouvernement vous a confi\u00e9 la direction de l&rsquo;Institut des Hautes \u00c9tudes de [&hellip;]<\/p>\n","protected":false},"author":1,"featured_media":4808,"comment_status":"closed","ping_status":"closed","sticky":false,"template":"","format":"standard","meta":{"footnotes":""},"categories":[1],"tags":[],"class_list":["post-4930","post","type-post","status-publish","format-standard","has-post-thumbnail","hentry","category-uncategorized"],"yoast_head":"<!-- This site is optimized with the Yoast SEO plugin v27.5 - https:\/\/yoast.com\/product\/yoast-seo-wordpress\/ -->\n<title>Lettre de M. Edouard PHILIPPE, Premier ministre, au directeur de l\u2019IHEDN, le GCA Patrick DESTREMAU, du 10 d\u00e9cembre 2018 - L&#039;IHEDN : Institut des hautes \u00e9tudes de d\u00e9fense nationale<\/title>\n<meta name=\"robots\" content=\"index, follow, max-snippet:-1, max-image-preview:large, max-video-preview:-1\" \/>\n<link rel=\"canonical\" href=\"https:\/\/ihedn.fr\/en\/doc-de-ref\/lettre-de-m-edouard-philippe-premier-ministre-au-directeur-de-lihedn-le-gca-patrick-destremau-du-10-decembre-2018\/\" \/>\n<meta property=\"og:locale\" content=\"en_GB\" \/>\n<meta property=\"og:type\" content=\"article\" \/>\n<meta property=\"og:title\" content=\"Lettre de M. Edouard PHILIPPE, Premier ministre, au directeur de l\u2019IHEDN, le GCA Patrick DESTREMAU, du 10 d\u00e9cembre 2018 - L&#039;IHEDN : Institut des hautes \u00e9tudes de d\u00e9fense nationale\" \/>\n<meta property=\"og:description\" content=\"Le Premier ministre, Edouard Philippe, a prononc\u00e9 le 18 octobre 2019, une allocution devant les sessions nationales de l&rsquo;IHEDN et de l&rsquo;INHEJS qui regroupent parlementaires, repr\u00e9sentants de la haute fonction publique, du monde de l&rsquo;entreprise, journalistes, militaires, policiers et magistrats. Mon g\u00e9n\u00e9ral, Le gouvernement vous a confi\u00e9 la direction de l&rsquo;Institut des Hautes \u00c9tudes de [&hellip;]\" \/>\n<meta property=\"og:url\" content=\"https:\/\/ihedn.fr\/en\/doc-de-ref\/lettre-de-m-edouard-philippe-premier-ministre-au-directeur-de-lihedn-le-gca-patrick-destremau-du-10-decembre-2018\/\" \/>\n<meta property=\"og:site_name\" content=\"L&#039;IHEDN : Institut des hautes \u00e9tudes de d\u00e9fense nationale\" \/>\n<meta property=\"article:publisher\" content=\"https:\/\/www.facebook.com\/ihedn\/\" \/>\n<meta property=\"article:published_time\" content=\"2018-12-10T08:00:06+00:00\" \/>\n<meta property=\"article:modified_time\" content=\"2021-01-06T14:32:41+00:00\" \/>\n<meta property=\"og:image\" content=\"https:\/\/ihedn.fr\/wp-content\/uploads\/2021\/01\/IHEDN-chateau-cour-honneur.jpg\" \/>\n\t<meta property=\"og:image:width\" content=\"1832\" \/>\n\t<meta property=\"og:image:height\" content=\"1200\" \/>\n\t<meta property=\"og:image:type\" content=\"image\/jpeg\" \/>\n<meta name=\"author\" content=\"dev\" \/>\n<meta name=\"twitter:card\" content=\"summary_large_image\" \/>\n<meta name=\"twitter:creator\" content=\"@IHEDN\" \/>\n<meta name=\"twitter:site\" content=\"@IHEDN\" \/>\n<meta name=\"twitter:label1\" content=\"Written by\" \/>\n\t<meta name=\"twitter:data1\" content=\"dev\" \/>\n\t<meta name=\"twitter:label2\" content=\"Estimated reading time\" \/>\n\t<meta name=\"twitter:data2\" content=\"2 minutes\" \/>\n<script type=\"application\/ld+json\" class=\"yoast-schema-graph\">{\"@context\":\"https:\\\/\\\/schema.org\",\"@graph\":[{\"@type\":\"Article\",\"@id\":\"https:\\\/\\\/ihedn.fr\\\/doc-de-ref\\\/lettre-de-m-edouard-philippe-premier-ministre-au-directeur-de-lihedn-le-gca-patrick-destremau-du-10-decembre-2018\\\/#article\",\"isPartOf\":{\"@id\":\"https:\\\/\\\/ihedn.fr\\\/doc-de-ref\\\/lettre-de-m-edouard-philippe-premier-ministre-au-directeur-de-lihedn-le-gca-patrick-destremau-du-10-decembre-2018\\\/\"},\"author\":{\"name\":\"dev\",\"@id\":\"https:\\\/\\\/ihedn.fr\\\/#\\\/schema\\\/person\\\/7a40155595e4efb35323447cb8c8c5a4\"},\"headline\":\"Lettre de M. Edouard PHILIPPE, Premier ministre, au directeur de l\u2019IHEDN, le GCA Patrick DESTREMAU, du 10 d\u00e9cembre 2018\",\"datePublished\":\"2018-12-10T08:00:06+00:00\",\"dateModified\":\"2021-01-06T14:32:41+00:00\",\"mainEntityOfPage\":{\"@id\":\"https:\\\/\\\/ihedn.fr\\\/doc-de-ref\\\/lettre-de-m-edouard-philippe-premier-ministre-au-directeur-de-lihedn-le-gca-patrick-destremau-du-10-decembre-2018\\\/\"},\"wordCount\":530,\"publisher\":{\"@id\":\"https:\\\/\\\/ihedn.fr\\\/#organization\"},\"image\":{\"@id\":\"https:\\\/\\\/ihedn.fr\\\/doc-de-ref\\\/lettre-de-m-edouard-philippe-premier-ministre-au-directeur-de-lihedn-le-gca-patrick-destremau-du-10-decembre-2018\\\/#primaryimage\"},\"thumbnailUrl\":\"https:\\\/\\\/ihedn.fr\\\/wp-content\\\/uploads\\\/2021\\\/01\\\/IHEDN-chateau-cour-honneur.jpg\",\"articleSection\":[\"Uncategorized\"],\"inLanguage\":\"en-GB\"},{\"@type\":\"WebPage\",\"@id\":\"https:\\\/\\\/ihedn.fr\\\/doc-de-ref\\\/lettre-de-m-edouard-philippe-premier-ministre-au-directeur-de-lihedn-le-gca-patrick-destremau-du-10-decembre-2018\\\/\",\"url\":\"https:\\\/\\\/ihedn.fr\\\/doc-de-ref\\\/lettre-de-m-edouard-philippe-premier-ministre-au-directeur-de-lihedn-le-gca-patrick-destremau-du-10-decembre-2018\\\/\",\"name\":\"Lettre de M. Edouard PHILIPPE, Premier ministre, au directeur de l\u2019IHEDN, le GCA Patrick DESTREMAU, du 10 d\u00e9cembre 2018 - L&#039;IHEDN : Institut des hautes \u00e9tudes de d\u00e9fense nationale\",\"isPartOf\":{\"@id\":\"https:\\\/\\\/ihedn.fr\\\/#website\"},\"primaryImageOfPage\":{\"@id\":\"https:\\\/\\\/ihedn.fr\\\/doc-de-ref\\\/lettre-de-m-edouard-philippe-premier-ministre-au-directeur-de-lihedn-le-gca-patrick-destremau-du-10-decembre-2018\\\/#primaryimage\"},\"image\":{\"@id\":\"https:\\\/\\\/ihedn.fr\\\/doc-de-ref\\\/lettre-de-m-edouard-philippe-premier-ministre-au-directeur-de-lihedn-le-gca-patrick-destremau-du-10-decembre-2018\\\/#primaryimage\"},\"thumbnailUrl\":\"https:\\\/\\\/ihedn.fr\\\/wp-content\\\/uploads\\\/2021\\\/01\\\/IHEDN-chateau-cour-honneur.jpg\",\"datePublished\":\"2018-12-10T08:00:06+00:00\",\"dateModified\":\"2021-01-06T14:32:41+00:00\",\"breadcrumb\":{\"@id\":\"https:\\\/\\\/ihedn.fr\\\/doc-de-ref\\\/lettre-de-m-edouard-philippe-premier-ministre-au-directeur-de-lihedn-le-gca-patrick-destremau-du-10-decembre-2018\\\/#breadcrumb\"},\"inLanguage\":\"en-GB\",\"potentialAction\":[{\"@type\":\"ReadAction\",\"target\":[\"https:\\\/\\\/ihedn.fr\\\/doc-de-ref\\\/lettre-de-m-edouard-philippe-premier-ministre-au-directeur-de-lihedn-le-gca-patrick-destremau-du-10-decembre-2018\\\/\"]}]},{\"@type\":\"ImageObject\",\"inLanguage\":\"en-GB\",\"@id\":\"https:\\\/\\\/ihedn.fr\\\/doc-de-ref\\\/lettre-de-m-edouard-philippe-premier-ministre-au-directeur-de-lihedn-le-gca-patrick-destremau-du-10-decembre-2018\\\/#primaryimage\",\"url\":\"https:\\\/\\\/ihedn.fr\\\/wp-content\\\/uploads\\\/2021\\\/01\\\/IHEDN-chateau-cour-honneur.jpg\",\"contentUrl\":\"https:\\\/\\\/ihedn.fr\\\/wp-content\\\/uploads\\\/2021\\\/01\\\/IHEDN-chateau-cour-honneur.jpg\",\"width\":1832,\"height\":1200,\"caption\":\"IHEDN-chateau-cour-honneur\"},{\"@type\":\"BreadcrumbList\",\"@id\":\"https:\\\/\\\/ihedn.fr\\\/doc-de-ref\\\/lettre-de-m-edouard-philippe-premier-ministre-au-directeur-de-lihedn-le-gca-patrick-destremau-du-10-decembre-2018\\\/#breadcrumb\",\"itemListElement\":[{\"@type\":\"ListItem\",\"position\":1,\"name\":\"Accueil\",\"item\":\"https:\\\/\\\/ihedn.fr\\\/\"},{\"@type\":\"ListItem\",\"position\":2,\"name\":\"Lettre de M. Edouard PHILIPPE, Premier ministre, au directeur de l\u2019IHEDN, le GCA Patrick DESTREMAU, du 10 d\u00e9cembre 2018\"}]},{\"@type\":\"WebSite\",\"@id\":\"https:\\\/\\\/ihedn.fr\\\/#website\",\"url\":\"https:\\\/\\\/ihedn.fr\\\/\",\"name\":\"IHEDN : Institut des hautes \u00e9tudes de d\u00e9fense nationale |\",\"description\":\"Site officiel de l&#039;IHEDN plac\u00e9 sous la tutelle du Premier ministre.\",\"publisher\":{\"@id\":\"https:\\\/\\\/ihedn.fr\\\/#organization\"},\"potentialAction\":[{\"@type\":\"SearchAction\",\"target\":{\"@type\":\"EntryPoint\",\"urlTemplate\":\"https:\\\/\\\/ihedn.fr\\\/?s={search_term_string}\"},\"query-input\":{\"@type\":\"PropertyValueSpecification\",\"valueRequired\":true,\"valueName\":\"search_term_string\"}}],\"inLanguage\":\"en-GB\"},{\"@type\":\"Organization\",\"@id\":\"https:\\\/\\\/ihedn.fr\\\/#organization\",\"name\":\"IHEDN - Institut des Hautes Etudes de D\u00e9fense Nationale\",\"url\":\"https:\\\/\\\/ihedn.fr\\\/\",\"logo\":{\"@type\":\"ImageObject\",\"inLanguage\":\"en-GB\",\"@id\":\"https:\\\/\\\/ihedn.fr\\\/#\\\/schema\\\/logo\\\/image\\\/\",\"url\":\"https:\\\/\\\/ihedn.fr\\\/wp-content\\\/uploads\\\/2020\\\/11\\\/BLOC_RF_IHEDN_WEB.png\",\"contentUrl\":\"https:\\\/\\\/ihedn.fr\\\/wp-content\\\/uploads\\\/2020\\\/11\\\/BLOC_RF_IHEDN_WEB.png\",\"width\":500,\"height\":237,\"caption\":\"IHEDN - Institut des Hautes Etudes de D\u00e9fense Nationale\"},\"image\":{\"@id\":\"https:\\\/\\\/ihedn.fr\\\/#\\\/schema\\\/logo\\\/image\\\/\"},\"sameAs\":[\"https:\\\/\\\/www.facebook.com\\\/ihedn\\\/\",\"https:\\\/\\\/x.com\\\/IHEDN\",\"https:\\\/\\\/www.instagram.com\\\/ihedn\\\/\",\"https:\\\/\\\/www.linkedin.com\\\/school\\\/ihedn\\\/\",\"https:\\\/\\\/fr.wikipedia.org\\\/wiki\\\/Institut_des_hautes_\u00e9tudes_de_D\u00e9fense_nationale\"]},{\"@type\":\"Person\",\"@id\":\"https:\\\/\\\/ihedn.fr\\\/#\\\/schema\\\/person\\\/7a40155595e4efb35323447cb8c8c5a4\",\"name\":\"dev\",\"image\":{\"@type\":\"ImageObject\",\"inLanguage\":\"en-GB\",\"@id\":\"https:\\\/\\\/secure.gravatar.com\\\/avatar\\\/f1ffcac9ca2fa95ad3ec33e9be3ade82f752acb0cabe541e56c5889225afa88a?s=96&d=mm&r=g\",\"url\":\"https:\\\/\\\/secure.gravatar.com\\\/avatar\\\/f1ffcac9ca2fa95ad3ec33e9be3ade82f752acb0cabe541e56c5889225afa88a?s=96&d=mm&r=g\",\"contentUrl\":\"https:\\\/\\\/secure.gravatar.com\\\/avatar\\\/f1ffcac9ca2fa95ad3ec33e9be3ade82f752acb0cabe541e56c5889225afa88a?s=96&d=mm&r=g\",\"caption\":\"dev\"},\"sameAs\":[\"https:\\\/\\\/ihedn.concilium.click\"],\"url\":\"https:\\\/\\\/ihedn.fr\\\/en\\\/author\\\/dev\\\/\"}]}<\/script>\n<!-- \/ Yoast SEO plugin. -->","yoast_head_json":{"title":"Letter from Mr Edouard PHILIPPE, Prime Minister, to the Director of the IHEDN, Lt-Gen Patrick DESTREMAU, dated 10 December 2018 - L'IHEDN : Institut des hautes \u00e9tudes de d\u00e9fense nationale (French Institute for Higher National Defence Studies)","robots":{"index":"index","follow":"follow","max-snippet":"max-snippet:-1","max-image-preview":"max-image-preview:large","max-video-preview":"max-video-preview:-1"},"canonical":"https:\/\/ihedn.fr\/en\/doc-de-ref\/lettre-de-m-edouard-philippe-premier-ministre-au-directeur-de-lihedn-le-gca-patrick-destremau-du-10-decembre-2018\/","og_locale":"en_GB","og_type":"article","og_title":"Lettre de M. Edouard PHILIPPE, Premier ministre, au directeur de l\u2019IHEDN, le GCA Patrick DESTREMAU, du 10 d\u00e9cembre 2018 - L&#039;IHEDN : Institut des hautes \u00e9tudes de d\u00e9fense nationale","og_description":"Le Premier ministre, Edouard Philippe, a prononc\u00e9 le 18 octobre 2019, une allocution devant les sessions nationales de l&rsquo;IHEDN et de l&rsquo;INHEJS qui regroupent parlementaires, repr\u00e9sentants de la haute fonction publique, du monde de l&rsquo;entreprise, journalistes, militaires, policiers et magistrats. Mon g\u00e9n\u00e9ral, Le gouvernement vous a confi\u00e9 la direction de l&rsquo;Institut des Hautes \u00c9tudes de [&hellip;]","og_url":"https:\/\/ihedn.fr\/en\/doc-de-ref\/lettre-de-m-edouard-philippe-premier-ministre-au-directeur-de-lihedn-le-gca-patrick-destremau-du-10-decembre-2018\/","og_site_name":"L&#039;IHEDN : Institut des hautes \u00e9tudes de d\u00e9fense nationale","article_publisher":"https:\/\/www.facebook.com\/ihedn\/","article_published_time":"2018-12-10T08:00:06+00:00","article_modified_time":"2021-01-06T14:32:41+00:00","og_image":[{"width":1832,"height":1200,"url":"https:\/\/ihedn.fr\/wp-content\/uploads\/2021\/01\/IHEDN-chateau-cour-honneur.jpg","type":"image\/jpeg"}],"author":"dev","twitter_card":"summary_large_image","twitter_creator":"@IHEDN","twitter_site":"@IHEDN","twitter_misc":{"Written by":"dev","Estimated reading time":"2 minutes"},"schema":{"@context":"https:\/\/schema.org","@graph":[{"@type":"Article","@id":"https:\/\/ihedn.fr\/doc-de-ref\/lettre-de-m-edouard-philippe-premier-ministre-au-directeur-de-lihedn-le-gca-patrick-destremau-du-10-decembre-2018\/#article","isPartOf":{"@id":"https:\/\/ihedn.fr\/doc-de-ref\/lettre-de-m-edouard-philippe-premier-ministre-au-directeur-de-lihedn-le-gca-patrick-destremau-du-10-decembre-2018\/"},"author":{"name":"dev","@id":"https:\/\/ihedn.fr\/#\/schema\/person\/7a40155595e4efb35323447cb8c8c5a4"},"headline":"Lettre de M. Edouard PHILIPPE, Premier ministre, au directeur de l\u2019IHEDN, le GCA Patrick DESTREMAU, du 10 d\u00e9cembre 2018","datePublished":"2018-12-10T08:00:06+00:00","dateModified":"2021-01-06T14:32:41+00:00","mainEntityOfPage":{"@id":"https:\/\/ihedn.fr\/doc-de-ref\/lettre-de-m-edouard-philippe-premier-ministre-au-directeur-de-lihedn-le-gca-patrick-destremau-du-10-decembre-2018\/"},"wordCount":530,"publisher":{"@id":"https:\/\/ihedn.fr\/#organization"},"image":{"@id":"https:\/\/ihedn.fr\/doc-de-ref\/lettre-de-m-edouard-philippe-premier-ministre-au-directeur-de-lihedn-le-gca-patrick-destremau-du-10-decembre-2018\/#primaryimage"},"thumbnailUrl":"https:\/\/ihedn.fr\/wp-content\/uploads\/2021\/01\/IHEDN-chateau-cour-honneur.jpg","articleSection":["Uncategorized"],"inLanguage":"en-GB"},{"@type":"WebPage","@id":"https:\/\/ihedn.fr\/doc-de-ref\/lettre-de-m-edouard-philippe-premier-ministre-au-directeur-de-lihedn-le-gca-patrick-destremau-du-10-decembre-2018\/","url":"https:\/\/ihedn.fr\/doc-de-ref\/lettre-de-m-edouard-philippe-premier-ministre-au-directeur-de-lihedn-le-gca-patrick-destremau-du-10-decembre-2018\/","name":"Letter from Mr Edouard PHILIPPE, Prime Minister, to the Director of the IHEDN, Lt-Gen Patrick DESTREMAU, dated 10 December 2018 - L'IHEDN : Institut des hautes \u00e9tudes de d\u00e9fense nationale (French Institute for Higher National Defence Studies)","isPartOf":{"@id":"https:\/\/ihedn.fr\/#website"},"primaryImageOfPage":{"@id":"https:\/\/ihedn.fr\/doc-de-ref\/lettre-de-m-edouard-philippe-premier-ministre-au-directeur-de-lihedn-le-gca-patrick-destremau-du-10-decembre-2018\/#primaryimage"},"image":{"@id":"https:\/\/ihedn.fr\/doc-de-ref\/lettre-de-m-edouard-philippe-premier-ministre-au-directeur-de-lihedn-le-gca-patrick-destremau-du-10-decembre-2018\/#primaryimage"},"thumbnailUrl":"https:\/\/ihedn.fr\/wp-content\/uploads\/2021\/01\/IHEDN-chateau-cour-honneur.jpg","datePublished":"2018-12-10T08:00:06+00:00","dateModified":"2021-01-06T14:32:41+00:00","breadcrumb":{"@id":"https:\/\/ihedn.fr\/doc-de-ref\/lettre-de-m-edouard-philippe-premier-ministre-au-directeur-de-lihedn-le-gca-patrick-destremau-du-10-decembre-2018\/#breadcrumb"},"inLanguage":"en-GB","potentialAction":[{"@type":"ReadAction","target":["https:\/\/ihedn.fr\/doc-de-ref\/lettre-de-m-edouard-philippe-premier-ministre-au-directeur-de-lihedn-le-gca-patrick-destremau-du-10-decembre-2018\/"]}]},{"@type":"ImageObject","inLanguage":"en-GB","@id":"https:\/\/ihedn.fr\/doc-de-ref\/lettre-de-m-edouard-philippe-premier-ministre-au-directeur-de-lihedn-le-gca-patrick-destremau-du-10-decembre-2018\/#primaryimage","url":"https:\/\/ihedn.fr\/wp-content\/uploads\/2021\/01\/IHEDN-chateau-cour-honneur.jpg","contentUrl":"https:\/\/ihedn.fr\/wp-content\/uploads\/2021\/01\/IHEDN-chateau-cour-honneur.jpg","width":1832,"height":1200,"caption":"IHEDN-chateau-cour-honneur"},{"@type":"BreadcrumbList","@id":"https:\/\/ihedn.fr\/doc-de-ref\/lettre-de-m-edouard-philippe-premier-ministre-au-directeur-de-lihedn-le-gca-patrick-destremau-du-10-decembre-2018\/#breadcrumb","itemListElement":[{"@type":"ListItem","position":1,"name":"Accueil","item":"https:\/\/ihedn.fr\/"},{"@type":"ListItem","position":2,"name":"Lettre de M. Edouard PHILIPPE, Premier ministre, au directeur de l\u2019IHEDN, le GCA Patrick DESTREMAU, du 10 d\u00e9cembre 2018"}]},{"@type":"WebSite","@id":"https:\/\/ihedn.fr\/#website","url":"https:\/\/ihedn.fr\/","name":"IHEDN: Institut des hautes \u00e9tudes de d\u00e9fense nationale (Institute for Higher National Defence Studies)","description":"Official website of the IHEDN under the supervision of the Prime Minister.","publisher":{"@id":"https:\/\/ihedn.fr\/#organization"},"potentialAction":[{"@type":"SearchAction","target":{"@type":"EntryPoint","urlTemplate":"https:\/\/ihedn.fr\/?s={search_term_string}"},"query-input":{"@type":"PropertyValueSpecification","valueRequired":true,"valueName":"search_term_string"}}],"inLanguage":"en-GB"},{"@type":"Organization","@id":"https:\/\/ihedn.fr\/#organization","name":"IHEDN - Institute for Higher National Defence Studies","url":"https:\/\/ihedn.fr\/","logo":{"@type":"ImageObject","inLanguage":"en-GB","@id":"https:\/\/ihedn.fr\/#\/schema\/logo\/image\/","url":"https:\/\/ihedn.fr\/wp-content\/uploads\/2020\/11\/BLOC_RF_IHEDN_WEB.png","contentUrl":"https:\/\/ihedn.fr\/wp-content\/uploads\/2020\/11\/BLOC_RF_IHEDN_WEB.png","width":500,"height":237,"caption":"IHEDN - Institut des Hautes Etudes de D\u00e9fense Nationale"},"image":{"@id":"https:\/\/ihedn.fr\/#\/schema\/logo\/image\/"},"sameAs":["https:\/\/www.facebook.com\/ihedn\/","https:\/\/x.com\/IHEDN","https:\/\/www.instagram.com\/ihedn\/","https:\/\/www.linkedin.com\/school\/ihedn\/","https:\/\/fr.wikipedia.org\/wiki\/Institut_des_hautes_\u00e9tudes_de_D\u00e9fense_nationale"]},{"@type":"Person","@id":"https:\/\/ihedn.fr\/#\/schema\/person\/7a40155595e4efb35323447cb8c8c5a4","name":"dev","image":{"@type":"ImageObject","inLanguage":"en-GB","@id":"https:\/\/secure.gravatar.com\/avatar\/f1ffcac9ca2fa95ad3ec33e9be3ade82f752acb0cabe541e56c5889225afa88a?s=96&d=mm&r=g","url":"https:\/\/secure.gravatar.com\/avatar\/f1ffcac9ca2fa95ad3ec33e9be3ade82f752acb0cabe541e56c5889225afa88a?s=96&d=mm&r=g","contentUrl":"https:\/\/secure.gravatar.com\/avatar\/f1ffcac9ca2fa95ad3ec33e9be3ade82f752acb0cabe541e56c5889225afa88a?s=96&d=mm&r=g","caption":"dev"},"sameAs":["https:\/\/ihedn.concilium.click"],"url":"https:\/\/ihedn.fr\/en\/author\/dev\/"}]}},"publishpress_future_action":{"enabled":false,"date":"2026-05-08 10:50:35","action":"change-status","newStatus":"draft","terms":[],"taxonomy":"category","extraData":[]},"publishpress_future_workflow_manual_trigger":{"enabledWorkflows":[]},"_links":{"self":[{"href":"https:\/\/ihedn.fr\/en\/wp-json\/wp\/v2\/posts\/4930","targetHints":{"allow":["GET"]}}],"collection":[{"href":"https:\/\/ihedn.fr\/en\/wp-json\/wp\/v2\/posts"}],"about":[{"href":"https:\/\/ihedn.fr\/en\/wp-json\/wp\/v2\/types\/post"}],"author":[{"embeddable":true,"href":"https:\/\/ihedn.fr\/en\/wp-json\/wp\/v2\/users\/1"}],"replies":[{"embeddable":true,"href":"https:\/\/ihedn.fr\/en\/wp-json\/wp\/v2\/comments?post=4930"}],"version-history":[{"count":5,"href":"https:\/\/ihedn.fr\/en\/wp-json\/wp\/v2\/posts\/4930\/revisions"}],"predecessor-version":[{"id":4946,"href":"https:\/\/ihedn.fr\/en\/wp-json\/wp\/v2\/posts\/4930\/revisions\/4946"}],"wp:featuredmedia":[{"embeddable":true,"href":"https:\/\/ihedn.fr\/en\/wp-json\/wp\/v2\/media\/4808"}],"wp:attachment":[{"href":"https:\/\/ihedn.fr\/en\/wp-json\/wp\/v2\/media?parent=4930"}],"wp:term":[{"taxonomy":"category","embeddable":true,"href":"https:\/\/ihedn.fr\/en\/wp-json\/wp\/v2\/categories?post=4930"},{"taxonomy":"post_tag","embeddable":true,"href":"https:\/\/ihedn.fr\/en\/wp-json\/wp\/v2\/tags?post=4930"}],"curies":[{"name":"wp","href":"https:\/\/api.w.org\/{rel}","templated":true}]}}