{"id":49326,"date":"2024-08-05T11:01:21","date_gmt":"2024-08-05T10:01:21","guid":{"rendered":"https:\/\/ihedn.fr\/?p=49326"},"modified":"2024-08-12T08:52:53","modified_gmt":"2024-08-12T07:52:53","slug":"les-lectures-dathena-pour-le-mois-daout","status":"publish","type":"post","link":"https:\/\/ihedn.fr\/en\/notre-selection\/les-lectures-dathena-pour-le-mois-daout\/","title":{"rendered":"Ath\u00e9na's August reading list"},"content":{"rendered":"<div data-elementor-type=\"wp-post\" data-elementor-id=\"49326\" class=\"elementor elementor-49326\" data-elementor-post-type=\"post\">\n\t\t\t\t<div data-particle_enable=\"false\" data-particle-mobile-disabled=\"false\" class=\"elementor-element elementor-element-fde4645 e-con-full e-flex e-con e-parent\" data-id=\"fde4645\" data-element_type=\"container\" data-e-type=\"container\">\n\t\t\t\t<div class=\"elementor-element elementor-element-141a941 elementor-widget-divider--view-line elementor-widget elementor-widget-divider\" data-id=\"141a941\" data-element_type=\"widget\" data-e-type=\"widget\" data-widget_type=\"divider.default\">\n\t\t\t\t<div class=\"elementor-widget-container\">\n\t\t\t\t\t\t\t<div class=\"elementor-divider\">\n\t\t\t<span class=\"elementor-divider-separator\">\n\t\t\t\t\t\t<\/span>\n\t\t<\/div>\n\t\t\t\t\t\t<\/div>\n\t\t\t\t<\/div>\n\t\t\t\t<\/div>\n\t\t<div data-particle_enable=\"false\" data-particle-mobile-disabled=\"false\" class=\"elementor-element elementor-element-77a073d e-con-full e-flex e-con e-parent\" data-id=\"77a073d\" data-element_type=\"container\" data-e-type=\"container\">\n\t\t<div data-particle_enable=\"false\" data-particle-mobile-disabled=\"false\" class=\"elementor-element elementor-element-cf5b9e1 e-con-full e-flex e-con e-child\" data-id=\"cf5b9e1\" data-element_type=\"container\" data-e-type=\"container\">\n\t\t<div data-particle_enable=\"false\" data-particle-mobile-disabled=\"false\" class=\"elementor-element elementor-element-f22969c e-con-full e-flex e-con e-child\" data-id=\"f22969c\" data-element_type=\"container\" data-e-type=\"container\">\n\t\t\t\t<div class=\"elementor-element elementor-element-59cf1d2 elementor-widget elementor-widget-text-editor\" data-id=\"59cf1d2\" data-element_type=\"widget\" data-e-type=\"widget\" data-widget_type=\"text-editor.default\">\n\t\t\t\t<div class=\"elementor-widget-container\">\n\t\t\t\t\t\t\t\t\t<p style=\"text-align: left;\">Anne-Pascale BRUNEAU-RUMSEY, S\u00e9verine LETALLEUR-SOMMER, <strong>Painters of the First World War<\/strong>Paris, Sorbonne Universit\u00e9 Presses, 2024, 440 p.<\/p><p>This book provides a historical perspective on a body of pictorial works produced during the First World War. These paintings are analysed not only in terms of their conception in particular contexts, but also in terms of their memorial significance.<\/p>\t\t\t\t\t\t\t\t<\/div>\n\t\t\t\t<\/div>\n\t\t\t\t<div class=\"elementor-element elementor-element-0e02120 elementor-widget elementor-widget-button\" data-id=\"0e02120\" data-element_type=\"widget\" data-e-type=\"widget\" data-widget_type=\"button.default\">\n\t\t\t\t<div class=\"elementor-widget-container\">\n\t\t\t\t\t\t\t\t\t<div class=\"elementor-button-wrapper\">\n\t\t\t\t\t<a class=\"elementor-button elementor-button-link elementor-size-sm\" href=\"https:\/\/sup.sorbonne-universite.fr\/catalogue\/histoire-moderne-et-contemporaine\/mondes-contemporains\/les-peintres-de-la-premiere-guerre-mondiale\">\n\t\t\t\t\t\t<span class=\"elementor-button-content-wrapper\">\n\t\t\t\t\t\t\t\t\t<span class=\"elementor-button-text\">More information<\/span>\n\t\t\t\t\t<\/span>\n\t\t\t\t\t<\/a>\n\t\t\t\t<\/div>\n\t\t\t\t\t\t\t\t<\/div>\n\t\t\t\t<\/div>\n\t\t\t\t<\/div>\n\t\t\t\t<div class=\"elementor-element elementor-element-5e79a66 elementor-widget__width-initial elementor-widget-mobile__width-initial elementor-widget elementor-widget-image\" data-id=\"5e79a66\" data-element_type=\"widget\" data-e-type=\"widget\" data-widget_type=\"image.default\">\n\t\t\t\t<div class=\"elementor-widget-container\">\n\t\t\t\t\t\t\t\t\t\t\t\t\t\t\t<img fetchpriority=\"high\" decoding=\"async\" width=\"1033\" height=\"1500\" src=\"https:\/\/ihedn.fr\/wp-content\/uploads\/2024\/07\/BRUNEAU_RUMSEY.jpg\" class=\"attachment-full size-full wp-image-49329\" alt=\"\" srcset=\"https:\/\/ihedn.fr\/wp-content\/uploads\/2024\/07\/BRUNEAU_RUMSEY.jpg 1033w, https:\/\/ihedn.fr\/wp-content\/uploads\/2024\/07\/BRUNEAU_RUMSEY-8x12.jpg 8w\" sizes=\"(max-width: 1033px) 100vw, 1033px\" \/>\t\t\t\t\t\t\t\t\t\t\t\t\t\t\t<\/div>\n\t\t\t\t<\/div>\n\t\t\t\t<\/div>\n\t\t<div data-particle_enable=\"false\" data-particle-mobile-disabled=\"false\" class=\"elementor-element elementor-element-73f4f74 e-con-full e-flex e-con e-child\" data-id=\"73f4f74\" data-element_type=\"container\" data-e-type=\"container\">\n\t\t<div data-particle_enable=\"false\" data-particle-mobile-disabled=\"false\" class=\"elementor-element elementor-element-5e604a6 e-con-full e-flex e-con e-child\" data-id=\"5e604a6\" data-element_type=\"container\" data-e-type=\"container\">\n\t\t\t\t<div class=\"elementor-element elementor-element-7eb5a2a elementor-widget elementor-widget-text-editor\" data-id=\"7eb5a2a\" data-element_type=\"widget\" data-e-type=\"widget\" data-widget_type=\"text-editor.default\">\n\t\t\t\t<div class=\"elementor-widget-container\">\n\t\t\t\t\t\t\t\t\t<p style=\"text-align: left;\">\u00a0Pierre HAROCHE,\u00a0<strong>Forging the world - How the clash of powers is shaping Europe<\/strong>Paris, Fayard, 2024, 224 p.<\/p><p style=\"text-align: left;\">This book examines Europe's place on the international stage, in a context of new global competition between powers. This reflection is based on a historical study of the role played by Europe in globalisation, but also in current and future dynamics. These elements help to shape what the author refers to as a 'new Europe'.<\/p>\t\t\t\t\t\t\t\t<\/div>\n\t\t\t\t<\/div>\n\t\t\t\t<div class=\"elementor-element elementor-element-d92e21f elementor-widget elementor-widget-button\" data-id=\"d92e21f\" data-element_type=\"widget\" data-e-type=\"widget\" data-widget_type=\"button.default\">\n\t\t\t\t<div class=\"elementor-widget-container\">\n\t\t\t\t\t\t\t\t\t<div class=\"elementor-button-wrapper\">\n\t\t\t\t\t<a class=\"elementor-button elementor-button-link elementor-size-sm\" href=\"https:\/\/www.fayard.fr\/livre\/dans-la-forge-du-monde-9782213726045\/\">\n\t\t\t\t\t\t<span class=\"elementor-button-content-wrapper\">\n\t\t\t\t\t\t\t\t\t<span class=\"elementor-button-text\">more information<\/span>\n\t\t\t\t\t<\/span>\n\t\t\t\t\t<\/a>\n\t\t\t\t<\/div>\n\t\t\t\t\t\t\t\t<\/div>\n\t\t\t\t<\/div>\n\t\t\t\t<\/div>\n\t\t\t\t<div class=\"elementor-element elementor-element-26086f0 elementor-widget__width-initial elementor-widget-mobile__width-initial elementor-widget elementor-widget-image\" data-id=\"26086f0\" data-element_type=\"widget\" data-e-type=\"widget\" data-widget_type=\"image.default\">\n\t\t\t\t<div class=\"elementor-widget-container\">\n\t\t\t\t\t\t\t\t\t\t\t\t\t\t\t<img decoding=\"async\" width=\"780\" height=\"1242\" src=\"https:\/\/ihedn.fr\/wp-content\/uploads\/2024\/07\/HAROCHE.jpg\" class=\"attachment-full size-full wp-image-49330\" alt=\"\" srcset=\"https:\/\/ihedn.fr\/wp-content\/uploads\/2024\/07\/HAROCHE.jpg 780w, https:\/\/ihedn.fr\/wp-content\/uploads\/2024\/07\/HAROCHE-8x12.jpg 8w\" sizes=\"(max-width: 780px) 100vw, 780px\" \/>\t\t\t\t\t\t\t\t\t\t\t\t\t\t\t<\/div>\n\t\t\t\t<\/div>\n\t\t\t\t<\/div>\n\t\t<div data-particle_enable=\"false\" data-particle-mobile-disabled=\"false\" class=\"elementor-element elementor-element-5d156b2 e-con-full e-flex e-con e-child\" data-id=\"5d156b2\" data-element_type=\"container\" data-e-type=\"container\">\n\t\t<div data-particle_enable=\"false\" data-particle-mobile-disabled=\"false\" class=\"elementor-element elementor-element-83f0702 e-con-full e-flex e-con e-child\" data-id=\"83f0702\" data-element_type=\"container\" data-e-type=\"container\">\n\t\t\t\t<div class=\"elementor-element elementor-element-8b81c2a elementor-widget elementor-widget-text-editor\" data-id=\"8b81c2a\" data-element_type=\"widget\" data-e-type=\"widget\" data-widget_type=\"text-editor.default\">\n\t\t\t\t<div class=\"elementor-widget-container\">\n\t\t\t\t\t\t\t\t\t<p style=\"text-align: left;\">Pierre HASKI,\u00a0<strong>A land doubly promised - Israel-Palestine: a century of conflict<\/strong>Paris, Stock, 2024, 257 p.\u00a0<\/p><p style=\"text-align: left;\">This book is based on journalist Pierre Haski's experience of Israel and Palestine over the last forty years, from 1982 onwards. This long-term analysis sheds light on recent geopolitical events, marked by the massacre of 7 October 2023, which the author sees as part of a \"century of conflicts\". Pierre Haski defends the thesis that this conflict is the result of the dual legitimacy of the Israeli-Palestinian lands, combined with nationalist and religious factors.<\/p>\t\t\t\t\t\t\t\t<\/div>\n\t\t\t\t<\/div>\n\t\t\t\t<div class=\"elementor-element elementor-element-77b0acf elementor-widget elementor-widget-button\" data-id=\"77b0acf\" data-element_type=\"widget\" data-e-type=\"widget\" data-widget_type=\"button.default\">\n\t\t\t\t<div class=\"elementor-widget-container\">\n\t\t\t\t\t\t\t\t\t<div class=\"elementor-button-wrapper\">\n\t\t\t\t\t<a class=\"elementor-button elementor-button-link elementor-size-sm\" href=\"https:\/\/www.editions-stock.fr\/livre\/une-terre-doublement-promise-9782234097087\/\">\n\t\t\t\t\t\t<span class=\"elementor-button-content-wrapper\">\n\t\t\t\t\t\t\t\t\t<span class=\"elementor-button-text\">more information<\/span>\n\t\t\t\t\t<\/span>\n\t\t\t\t\t<\/a>\n\t\t\t\t<\/div>\n\t\t\t\t\t\t\t\t<\/div>\n\t\t\t\t<\/div>\n\t\t\t\t<\/div>\n\t\t\t\t<div class=\"elementor-element elementor-element-54e37d5 elementor-widget__width-initial elementor-widget-mobile__width-initial elementor-widget elementor-widget-image\" data-id=\"54e37d5\" data-element_type=\"widget\" data-e-type=\"widget\" data-widget_type=\"image.default\">\n\t\t\t\t<div class=\"elementor-widget-container\">\n\t\t\t\t\t\t\t\t\t\t\t\t\t\t\t<img decoding=\"async\" width=\"629\" height=\"1000\" src=\"https:\/\/ihedn.fr\/wp-content\/uploads\/2024\/07\/HASKI.jpg\" class=\"attachment-large size-large wp-image-49331\" alt=\"\" srcset=\"https:\/\/ihedn.fr\/wp-content\/uploads\/2024\/07\/HASKI.jpg 629w, https:\/\/ihedn.fr\/wp-content\/uploads\/2024\/07\/HASKI-8x12.jpg 8w\" sizes=\"(max-width: 629px) 100vw, 629px\" \/>\t\t\t\t\t\t\t\t\t\t\t\t\t\t\t<\/div>\n\t\t\t\t<\/div>\n\t\t\t\t<\/div>\n\t\t<div data-particle_enable=\"false\" data-particle-mobile-disabled=\"false\" class=\"elementor-element elementor-element-fa96bfc e-con-full e-flex e-con e-child\" data-id=\"fa96bfc\" data-element_type=\"container\" data-e-type=\"container\">\n\t\t<div data-particle_enable=\"false\" data-particle-mobile-disabled=\"false\" class=\"elementor-element elementor-element-f378b08 e-con-full e-flex e-con e-child\" data-id=\"f378b08\" data-element_type=\"container\" data-e-type=\"container\">\n\t\t\t\t<div class=\"elementor-element elementor-element-f1cbebf elementor-widget elementor-widget-text-editor\" data-id=\"f1cbebf\" data-element_type=\"widget\" data-e-type=\"widget\" data-widget_type=\"text-editor.default\">\n\t\t\t\t<div class=\"elementor-widget-container\">\n\t\t\t\t\t\t\t\t\t<p align=\"left\">Joanna MENDEZ, <strong>In True Face\u00a0<\/strong><span style=\"font-weight: bolder; text-align: left; font-size: 1.125em; letter-spacing: 0px;\">- A<\/span><strong style=\"font-size: 1.125em; letter-spacing: 0px;\">\u00a0Woman's Life in the CIA, Unmasked<\/strong><span style=\"font-size: 1.125em; letter-spacing: 0px;\">New York, PublicAffairs, 2024, 320 p.<\/span><\/p><p style=\"text-align: left;\" align=\"left\">This autobiographical work retraces Joanna Mendez's career in the CIA at the height of the Cold War. The author describes her career path and the challenges and difficulties she had to face, particularly as a woman, in order to rise through the hierarchy in an institution that was deeply sexist at the time. J. Mendez also paints a detailed portrait of the espionage and intelligence operations she carried out within the CIA, including in Russia during the Cold War, ultimately leading her from a support role to the title of one of the Agency's greatest spies.<\/p>\t\t\t\t\t\t\t\t<\/div>\n\t\t\t\t<\/div>\n\t\t\t\t<div class=\"elementor-element elementor-element-9c0fff3 elementor-widget elementor-widget-button\" data-id=\"9c0fff3\" data-element_type=\"widget\" data-e-type=\"widget\" data-widget_type=\"button.default\">\n\t\t\t\t<div class=\"elementor-widget-container\">\n\t\t\t\t\t\t\t\t\t<div class=\"elementor-button-wrapper\">\n\t\t\t\t\t<a class=\"elementor-button elementor-button-link elementor-size-sm\" href=\"https:\/\/www.hachettebookgroup.com\/titles\/jonna-mendez\/in-true-face\/9781541703124\/\">\n\t\t\t\t\t\t<span class=\"elementor-button-content-wrapper\">\n\t\t\t\t\t\t\t\t\t<span class=\"elementor-button-text\">more information<\/span>\n\t\t\t\t\t<\/span>\n\t\t\t\t\t<\/a>\n\t\t\t\t<\/div>\n\t\t\t\t\t\t\t\t<\/div>\n\t\t\t\t<\/div>\n\t\t\t\t<\/div>\n\t\t\t\t<div class=\"elementor-element elementor-element-373e9ab elementor-widget__width-initial elementor-widget-mobile__width-initial elementor-widget elementor-widget-image\" data-id=\"373e9ab\" data-element_type=\"widget\" data-e-type=\"widget\" data-widget_type=\"image.default\">\n\t\t\t\t<div class=\"elementor-widget-container\">\n\t\t\t\t\t\t\t\t\t\t\t\t\t\t\t<img loading=\"lazy\" decoding=\"async\" width=\"645\" height=\"1000\" src=\"https:\/\/ihedn.fr\/wp-content\/uploads\/2024\/07\/MENDEZ.jpg\" class=\"attachment-large size-large wp-image-49332\" alt=\"\" srcset=\"https:\/\/ihedn.fr\/wp-content\/uploads\/2024\/07\/MENDEZ.jpg 645w, https:\/\/ihedn.fr\/wp-content\/uploads\/2024\/07\/MENDEZ-8x12.jpg 8w\" sizes=\"(max-width: 645px) 100vw, 645px\" \/>\t\t\t\t\t\t\t\t\t\t\t\t\t\t\t<\/div>\n\t\t\t\t<\/div>\n\t\t\t\t<\/div>\n\t\t<div data-particle_enable=\"false\" data-particle-mobile-disabled=\"false\" class=\"elementor-element elementor-element-2f10af0 e-con-full e-flex e-con e-child\" data-id=\"2f10af0\" data-element_type=\"container\" data-e-type=\"container\">\n\t\t<div data-particle_enable=\"false\" data-particle-mobile-disabled=\"false\" class=\"elementor-element elementor-element-c23cca0 e-con-full e-flex e-con e-child\" data-id=\"c23cca0\" data-element_type=\"container\" data-e-type=\"container\">\n\t\t\t\t<div class=\"elementor-element elementor-element-0d807bc elementor-widget elementor-widget-text-editor\" data-id=\"0d807bc\" data-element_type=\"widget\" data-e-type=\"widget\" data-widget_type=\"text-editor.default\">\n\t\t\t\t<div class=\"elementor-widget-container\">\n\t\t\t\t\t\t\t\t\t<p style=\"text-align: left;\">Asma MHALLA,\u00a0<strong>Technopolitics - How technology is turning us into soldiers<\/strong>Paris, Seuil, 2024, 288 p.<\/p><p style=\"text-align: left;\">In this essay, Asma Mhalla examines how technologies are transforming the very nature of war and power, while alienating the individual from uncontrolled technology. The book pays particular attention to the militarisation of different technologies, but also of minds, and the ethical implications of their use.<\/p>\t\t\t\t\t\t\t\t<\/div>\n\t\t\t\t<\/div>\n\t\t\t\t<div class=\"elementor-element elementor-element-fba2f86 elementor-widget elementor-widget-button\" data-id=\"fba2f86\" data-element_type=\"widget\" data-e-type=\"widget\" data-widget_type=\"button.default\">\n\t\t\t\t<div class=\"elementor-widget-container\">\n\t\t\t\t\t\t\t\t\t<div class=\"elementor-button-wrapper\">\n\t\t\t\t\t<a class=\"elementor-button elementor-button-link elementor-size-sm\" href=\"https:\/\/www.seuil.com\/ouvrage\/technopolitique-asma-mhalla\/9782021548549\">\n\t\t\t\t\t\t<span class=\"elementor-button-content-wrapper\">\n\t\t\t\t\t\t\t\t\t<span class=\"elementor-button-text\">more information<\/span>\n\t\t\t\t\t<\/span>\n\t\t\t\t\t<\/a>\n\t\t\t\t<\/div>\n\t\t\t\t\t\t\t\t<\/div>\n\t\t\t\t<\/div>\n\t\t\t\t<\/div>\n\t\t\t\t<div class=\"elementor-element elementor-element-e209c02 elementor-widget__width-initial elementor-widget-mobile__width-initial elementor-widget elementor-widget-image\" data-id=\"e209c02\" data-element_type=\"widget\" data-e-type=\"widget\" data-widget_type=\"image.default\">\n\t\t\t\t<div class=\"elementor-widget-container\">\n\t\t\t\t\t\t\t\t\t\t\t\t\t\t\t<img loading=\"lazy\" decoding=\"async\" width=\"683\" height=\"1000\" src=\"https:\/\/ihedn.fr\/wp-content\/uploads\/2024\/07\/MHALLA.jpg\" class=\"attachment-large size-large wp-image-49333\" alt=\"\" srcset=\"https:\/\/ihedn.fr\/wp-content\/uploads\/2024\/07\/MHALLA.jpg 683w, https:\/\/ihedn.fr\/wp-content\/uploads\/2024\/07\/MHALLA-8x12.jpg 8w\" sizes=\"(max-width: 683px) 100vw, 683px\" \/>\t\t\t\t\t\t\t\t\t\t\t\t\t\t\t<\/div>\n\t\t\t\t<\/div>\n\t\t\t\t<\/div>\n\t\t<div data-particle_enable=\"false\" data-particle-mobile-disabled=\"false\" class=\"elementor-element elementor-element-a70c8ab e-con-full e-flex e-con e-child\" data-id=\"a70c8ab\" data-element_type=\"container\" data-e-type=\"container\">\n\t\t<div data-particle_enable=\"false\" data-particle-mobile-disabled=\"false\" class=\"elementor-element elementor-element-b34d720 e-con-full e-flex e-con e-child\" data-id=\"b34d720\" data-element_type=\"container\" data-e-type=\"container\">\n\t\t\t\t<div class=\"elementor-element elementor-element-5db1889 elementor-widget elementor-widget-text-editor\" data-id=\"5db1889\" data-element_type=\"widget\" data-e-type=\"widget\" data-widget_type=\"text-editor.default\">\n\t\t\t\t<div class=\"elementor-widget-container\">\n\t\t\t\t\t\t\t\t\t<p style=\"text-align: left;\">Olivier SCHMITT,\u00a0<strong>Preparing for war - Strategy, innovation and military power in contemporary times<\/strong>Paris, PUF, 2024, 464 p.\u00a0<\/p><p style=\"text-align: left;\">In this book, Olivier Schmitt, professor of political science and specialist in strategic studies, examines the political, organisational and strategic factors that enable military organisations to adapt to their security environment.<\/p>\t\t\t\t\t\t\t\t<\/div>\n\t\t\t\t<\/div>\n\t\t\t\t<div class=\"elementor-element elementor-element-7b44db2 elementor-widget elementor-widget-button\" data-id=\"7b44db2\" data-element_type=\"widget\" data-e-type=\"widget\" data-widget_type=\"button.default\">\n\t\t\t\t<div class=\"elementor-widget-container\">\n\t\t\t\t\t\t\t\t\t<div class=\"elementor-button-wrapper\">\n\t\t\t\t\t<a class=\"elementor-button elementor-button-link elementor-size-sm\" href=\"https:\/\/www.puf.com\/preparer-la-guerre\">\n\t\t\t\t\t\t<span class=\"elementor-button-content-wrapper\">\n\t\t\t\t\t\t\t\t\t<span class=\"elementor-button-text\">more information<\/span>\n\t\t\t\t\t<\/span>\n\t\t\t\t\t<\/a>\n\t\t\t\t<\/div>\n\t\t\t\t\t\t\t\t<\/div>\n\t\t\t\t<\/div>\n\t\t\t\t<\/div>\n\t\t\t\t<div class=\"elementor-element elementor-element-1d01c07 elementor-widget__width-initial elementor-widget-mobile__width-initial elementor-widget elementor-widget-image\" data-id=\"1d01c07\" data-element_type=\"widget\" data-e-type=\"widget\" data-widget_type=\"image.default\">\n\t\t\t\t<div class=\"elementor-widget-container\">\n\t\t\t\t\t\t\t\t\t\t\t\t\t\t\t<img loading=\"lazy\" decoding=\"async\" width=\"630\" height=\"1000\" src=\"https:\/\/ihedn.fr\/wp-content\/uploads\/2024\/07\/SCHMITT.jpg\" class=\"attachment-large size-large wp-image-49334\" alt=\"\" srcset=\"https:\/\/ihedn.fr\/wp-content\/uploads\/2024\/07\/SCHMITT.jpg 630w, https:\/\/ihedn.fr\/wp-content\/uploads\/2024\/07\/SCHMITT-8x12.jpg 8w\" sizes=\"(max-width: 630px) 100vw, 630px\" \/>\t\t\t\t\t\t\t\t\t\t\t\t\t\t\t<\/div>\n\t\t\t\t<\/div>\n\t\t\t\t<\/div>\n\t\t<div data-particle_enable=\"false\" data-particle-mobile-disabled=\"false\" class=\"elementor-element elementor-element-53d904b e-con-full e-flex e-con e-child\" data-id=\"53d904b\" data-element_type=\"container\" data-e-type=\"container\">\n\t\t<div data-particle_enable=\"false\" data-particle-mobile-disabled=\"false\" class=\"elementor-element elementor-element-6338f80 e-con-full e-flex e-con e-child\" data-id=\"6338f80\" data-element_type=\"container\" data-e-type=\"container\">\n\t\t\t\t<div class=\"elementor-element elementor-element-371f720 elementor-widget elementor-widget-text-editor\" data-id=\"371f720\" data-element_type=\"widget\" data-e-type=\"widget\" data-widget_type=\"text-editor.default\">\n\t\t\t\t<div class=\"elementor-widget-container\">\n\t\t\t\t\t\t\t\t\t<p style=\"text-align: left;\">\u00a0Elsa VIDAL,\u00a0<strong>Russian fascination - French politics: thirty years of complacency towards Russia<\/strong>Paris, Robert Laffont, 2024, 324 p.<\/p><p style=\"text-align: left;\">The return of war to Europe, triggered by the massive Russian invasion of Ukraine, is the result of a series of mistakes made by French leaders vis-\u00e0-vis Russia: this is the conclusion reached by Elsa Vidal in her book on Franco-Russian relations over the last thirty years. The French journalist provides a rich and detailed analysis of these errors, the starting point of which is that \"Paris prefers Moscow\". Beyond this observation, she attempts to shed light on this French attitude through the prism of geopolitical, historical and political factors, but also proposes, in three main points, a way of replacing the French \"pro-Russian\" paradigm with a new awareness.<\/p>\t\t\t\t\t\t\t\t<\/div>\n\t\t\t\t<\/div>\n\t\t\t\t<div class=\"elementor-element elementor-element-05214ea elementor-widget elementor-widget-button\" data-id=\"05214ea\" data-element_type=\"widget\" data-e-type=\"widget\" data-widget_type=\"button.default\">\n\t\t\t\t<div class=\"elementor-widget-container\">\n\t\t\t\t\t\t\t\t\t<div class=\"elementor-button-wrapper\">\n\t\t\t\t\t<a class=\"elementor-button elementor-button-link elementor-size-sm\" href=\"https:\/\/www.lisez.com\/livre-grand-format\/la-fascination-russe-politique-francaise-trente-ans-de-complaisance-vis-a-vis-de-la-russie\/9782221272244\">\n\t\t\t\t\t\t<span class=\"elementor-button-content-wrapper\">\n\t\t\t\t\t\t\t\t\t<span class=\"elementor-button-text\">more information<\/span>\n\t\t\t\t\t<\/span>\n\t\t\t\t\t<\/a>\n\t\t\t\t<\/div>\n\t\t\t\t\t\t\t\t<\/div>\n\t\t\t\t<\/div>\n\t\t\t\t<\/div>\n\t\t\t\t<div class=\"elementor-element elementor-element-419d18e elementor-widget__width-initial elementor-widget-mobile__width-initial elementor-widget elementor-widget-image\" data-id=\"419d18e\" data-element_type=\"widget\" data-e-type=\"widget\" data-widget_type=\"image.default\">\n\t\t\t\t<div class=\"elementor-widget-container\">\n\t\t\t\t\t\t\t\t\t\t\t\t\t\t\t<img loading=\"lazy\" decoding=\"async\" width=\"800\" height=\"1024\" src=\"https:\/\/ihedn.fr\/wp-content\/uploads\/2024\/07\/VIDAL-800x1024.jpg\" class=\"attachment-large size-large wp-image-49335\" alt=\"\" \/>\t\t\t\t\t\t\t\t\t\t\t\t\t\t\t<\/div>\n\t\t\t\t<\/div>\n\t\t\t\t<\/div>\n\t\t<div data-particle_enable=\"false\" data-particle-mobile-disabled=\"false\" class=\"elementor-element elementor-element-92239f9 e-con-full e-flex e-con e-child\" data-id=\"92239f9\" data-element_type=\"container\" data-e-type=\"container\">\n\t\t<div data-particle_enable=\"false\" data-particle-mobile-disabled=\"false\" class=\"elementor-element elementor-element-bbc9531 e-con-full e-flex e-con e-child\" data-id=\"bbc9531\" data-element_type=\"container\" data-e-type=\"container\">\n\t\t\t\t<div class=\"elementor-element elementor-element-ae14f30 elementor-widget elementor-widget-text-editor\" data-id=\"ae14f30\" data-element_type=\"widget\" data-e-type=\"widget\" data-widget_type=\"text-editor.default\">\n\t\t\t\t<div class=\"elementor-widget-container\">\n\t\t\t\t\t\t\t\t\t<p style=\"text-align: left;\">Olivier WIEVIORKA,\u00a0<strong>Total history of the Second World War,\u00a0<\/strong>Paris, Perrin Minist\u00e8re des Arm\u00e9es, 2023, 1072 p.<\/p><p style=\"text-align: left;\">Winner of the 2024 Contemporary History Book Prize, Olivier Wieviorka offers an ambitious and innovative synthesis in \"Histoire totale de la Deuxi\u00e8me Guerre mondiale\". Unlike Anglo-American works that focus on military operations, Wieviorka offers a global perspective. He explores all the fronts of the conflict, from Europe to Asia-Pacific, via North Africa and the Middle East. It also looks at the ideological, economic, logistical and diplomatic aspects, as well as the social history and the history of memory. Illustrating that the Second World War was a truly global and total conflict.<\/p>\t\t\t\t\t\t\t\t<\/div>\n\t\t\t\t<\/div>\n\t\t\t\t<div class=\"elementor-element elementor-element-96472f0 elementor-widget elementor-widget-button\" data-id=\"96472f0\" data-element_type=\"widget\" data-e-type=\"widget\" data-widget_type=\"button.default\">\n\t\t\t\t<div class=\"elementor-widget-container\">\n\t\t\t\t\t\t\t\t\t<div class=\"elementor-button-wrapper\">\n\t\t\t\t\t<a class=\"elementor-button elementor-button-link elementor-size-sm\" href=\"https:\/\/www.lisez.com\/livre-grand-format\/histoire-totale-de-la-seconde-guerre-mondiale\/9782262079932\">\n\t\t\t\t\t\t<span class=\"elementor-button-content-wrapper\">\n\t\t\t\t\t\t\t\t\t<span class=\"elementor-button-text\">more information<\/span>\n\t\t\t\t\t<\/span>\n\t\t\t\t\t<\/a>\n\t\t\t\t<\/div>\n\t\t\t\t\t\t\t\t<\/div>\n\t\t\t\t<\/div>\n\t\t\t\t<\/div>\n\t\t\t\t<div class=\"elementor-element elementor-element-196c0a4 elementor-widget__width-initial elementor-widget-mobile__width-initial elementor-widget elementor-widget-image\" data-id=\"196c0a4\" data-element_type=\"widget\" data-e-type=\"widget\" data-widget_type=\"image.default\">\n\t\t\t\t<div class=\"elementor-widget-container\">\n\t\t\t\t\t\t\t\t\t\t\t\t\t\t\t<img loading=\"lazy\" decoding=\"async\" width=\"667\" height=\"1000\" src=\"https:\/\/ihedn.fr\/wp-content\/uploads\/2024\/07\/WIEVIORKA.jpg\" class=\"attachment-large size-large wp-image-49336\" alt=\"\" srcset=\"https:\/\/ihedn.fr\/wp-content\/uploads\/2024\/07\/WIEVIORKA.jpg 667w, https:\/\/ihedn.fr\/wp-content\/uploads\/2024\/07\/WIEVIORKA-8x12.jpg 8w\" sizes=\"(max-width: 667px) 100vw, 667px\" \/>\t\t\t\t\t\t\t\t\t\t\t\t\t\t\t<\/div>\n\t\t\t\t<\/div>\n\t\t\t\t<\/div>\n\t\t<div data-particle_enable=\"false\" data-particle-mobile-disabled=\"false\" class=\"elementor-element elementor-element-e8f5799 e-con-full e-flex e-con e-child\" data-id=\"e8f5799\" data-element_type=\"container\" data-e-type=\"container\">\n\t\t<div data-particle_enable=\"false\" data-particle-mobile-disabled=\"false\" class=\"elementor-element elementor-element-030dff4 e-con-full e-flex e-con e-child\" data-id=\"030dff4\" data-element_type=\"container\" data-e-type=\"container\">\n\t\t\t\t<div class=\"elementor-element elementor-element-ce48b44 elementor-widget elementor-widget-text-editor\" data-id=\"ce48b44\" data-element_type=\"widget\" data-e-type=\"widget\" data-widget_type=\"text-editor.default\">\n\t\t\t\t<div class=\"elementor-widget-container\">\n\t\t\t\t\t\t\t\t\t<p style=\"text-align: left;\">Jean-Pierre BOIS, <strong>Maurice de Saxe<\/strong>Paris, Fayard, 1992, 538 p.<\/p><p style=\"text-align: left;\">In 1939, still haunted by memories of the First World War, the Germans were not looking forward to a new conflict. Yet their unfailing determination kept them at war until 1945, despite bombing, deprivation and defeat. How did they hold out? Were they aware of the genocidal aspect of this war? Nicholas Stargardt examines the Second World War from the Germans' point of view, using diaries, letters and surveillance reports to reveal the thoughts and motivations of a people at war, fighting for a desperate cause.<\/p>\t\t\t\t\t\t\t\t<\/div>\n\t\t\t\t<\/div>\n\t\t\t\t<div class=\"elementor-element elementor-element-abffa0c elementor-widget elementor-widget-button\" data-id=\"abffa0c\" data-element_type=\"widget\" data-e-type=\"widget\" data-widget_type=\"button.default\">\n\t\t\t\t<div class=\"elementor-widget-container\">\n\t\t\t\t\t\t\t\t\t<div class=\"elementor-button-wrapper\">\n\t\t\t\t\t<a class=\"elementor-button elementor-button-link elementor-size-sm\" href=\"https:\/\/www.fayard.fr\/livre\/maurice-de-saxe-9782213030074\/\">\n\t\t\t\t\t\t<span class=\"elementor-button-content-wrapper\">\n\t\t\t\t\t\t\t\t\t<span class=\"elementor-button-text\">more information<\/span>\n\t\t\t\t\t<\/span>\n\t\t\t\t\t<\/a>\n\t\t\t\t<\/div>\n\t\t\t\t\t\t\t\t<\/div>\n\t\t\t\t<\/div>\n\t\t\t\t<\/div>\n\t\t\t\t<div class=\"elementor-element elementor-element-a0efc58 elementor-widget__width-initial elementor-widget-mobile__width-initial elementor-widget elementor-widget-image\" data-id=\"a0efc58\" data-element_type=\"widget\" data-e-type=\"widget\" data-widget_type=\"image.default\">\n\t\t\t\t<div class=\"elementor-widget-container\">\n\t\t\t\t\t\t\t\t\t\t\t\t\t\t\t<img loading=\"lazy\" decoding=\"async\" width=\"600\" height=\"956\" src=\"https:\/\/ihedn.fr\/wp-content\/uploads\/2024\/08\/BOIS.jpg\" class=\"attachment-large size-large wp-image-49625\" alt=\"\" srcset=\"https:\/\/ihedn.fr\/wp-content\/uploads\/2024\/08\/BOIS.jpg 600w, https:\/\/ihedn.fr\/wp-content\/uploads\/2024\/08\/BOIS-8x12.jpg 8w\" sizes=\"(max-width: 600px) 100vw, 600px\" \/>\t\t\t\t\t\t\t\t\t\t\t\t\t\t\t<\/div>\n\t\t\t\t<\/div>\n\t\t\t\t<\/div>\n\t\t<div data-particle_enable=\"false\" data-particle-mobile-disabled=\"false\" class=\"elementor-element elementor-element-ab645c0 e-con-full e-flex e-con e-child\" data-id=\"ab645c0\" data-element_type=\"container\" data-e-type=\"container\">\n\t\t<div data-particle_enable=\"false\" data-particle-mobile-disabled=\"false\" class=\"elementor-element elementor-element-68ab79e e-con-full e-flex e-con e-child\" data-id=\"68ab79e\" data-element_type=\"container\" data-e-type=\"container\">\n\t\t\t\t<div class=\"elementor-element elementor-element-3f65fff elementor-widget elementor-widget-text-editor\" data-id=\"3f65fff\" data-element_type=\"widget\" data-e-type=\"widget\" data-widget_type=\"text-editor.default\">\n\t\t\t\t<div class=\"elementor-widget-container\">\n\t\t\t\t\t\t\t\t\t<p style=\"text-align: left;\">Guy-Philippe GOLDSTEIN, <strong>Seven days before nightfall<\/strong>Paris, Gallimard, 2017, 656 p.<\/p><p style=\"text-align: left;\">Julia O'Brien, a senior US intelligence officer, is released from captivity in Russia by the Special Forces. However, she is immediately plunged into a crucial mission. A previously unknown far-right Hindu group has hacked into the Indian government and stolen enriched uranium. Now they're threatening a major city with divine retribution. Julia sets off on a journey from London to Bombay, realising that the apocalypse is approaching and that there are only seven days left before Night falls.<\/p>\t\t\t\t\t\t\t\t<\/div>\n\t\t\t\t<\/div>\n\t\t\t\t<div class=\"elementor-element elementor-element-f09a374 elementor-widget elementor-widget-button\" data-id=\"f09a374\" data-element_type=\"widget\" data-e-type=\"widget\" data-widget_type=\"button.default\">\n\t\t\t\t<div class=\"elementor-widget-container\">\n\t\t\t\t\t\t\t\t\t<div class=\"elementor-button-wrapper\">\n\t\t\t\t\t<a class=\"elementor-button elementor-button-link elementor-size-sm\" href=\"https:\/\/www.gallimard.fr\/Catalogue\/GALLIMARD\/Folio\/Folio-policier\/Sept-jours-avant-la-Nuit#\">\n\t\t\t\t\t\t<span class=\"elementor-button-content-wrapper\">\n\t\t\t\t\t\t\t\t\t<span class=\"elementor-button-text\">more information<\/span>\n\t\t\t\t\t<\/span>\n\t\t\t\t\t<\/a>\n\t\t\t\t<\/div>\n\t\t\t\t\t\t\t\t<\/div>\n\t\t\t\t<\/div>\n\t\t\t\t<\/div>\n\t\t\t\t<div class=\"elementor-element elementor-element-286315c elementor-widget__width-initial elementor-widget-mobile__width-initial elementor-widget elementor-widget-image\" data-id=\"286315c\" data-element_type=\"widget\" data-e-type=\"widget\" data-widget_type=\"image.default\">\n\t\t\t\t<div class=\"elementor-widget-container\">\n\t\t\t\t\t\t\t\t\t\t\t\t\t\t\t<img decoding=\"async\" src=\"https:\/\/www.gallimard.fr\/var\/storage\/images\/product\/865\/product_9782072840937_195x320.jpg\" title=\"\" alt=\"Couverture du livre &quot;Sept jours avant la nuit&quot;\" loading=\"lazy\" \/>\t\t\t\t\t\t\t\t\t\t\t\t\t\t\t<\/div>\n\t\t\t\t<\/div>\n\t\t\t\t<\/div>\n\t\t\t\t<\/div>\n\t\t\t\t<\/div>","protected":false},"excerpt":{"rendered":"<p>This summer, we're turning our strategic intelligence into reading advice! Pictorial representations of the First World War, the Israeli-Palestinian conflict, French leaders' fascination with Russia, Marshal Saxe... Here are Ath\u00e9na's literary recommendations for August. Read with your feet in the water!<\/p>","protected":false},"author":10,"featured_media":48965,"comment_status":"closed","ping_status":"closed","sticky":false,"template":"","format":"standard","meta":{"footnotes":""},"categories":[41,171],"tags":[],"class_list":["post-49326","post","type-post","status-publish","format-standard","has-post-thumbnail","hentry","category-lundis-de-lihedn","category-notre-selection"],"yoast_head":"<!-- This site is optimized with the Yoast SEO plugin v27.5 - https:\/\/yoast.com\/product\/yoast-seo-wordpress\/ -->\n<title>Les lectures d&#039;Ath\u00e9na pour le mois d&#039;ao\u00fbt - L&#039;IHEDN : Institut des hautes \u00e9tudes de d\u00e9fense nationale<\/title>\n<meta name=\"description\" content=\"Cet \u00e9t\u00e9, notre veille strat\u00e9gique se transforme en conseil de lecture ! Les repr\u00e9sentations picturales de la Premi\u00e8re Guerre mondiale, le conflit isra\u00e9lo-palestinien, la fascination des dirigeants fran\u00e7ais pour la Russie, le mar\u00e9chal de Saxe\u2026 Voici les recommandations litt\u00e9raires d&#039;Ath\u00e9na pour le mois d&#039;ao\u00fbt. \u00c0 lire les pieds dans l\u2019eau !\" \/>\n<meta name=\"robots\" content=\"index, follow, max-snippet:-1, max-image-preview:large, max-video-preview:-1\" \/>\n<link rel=\"canonical\" href=\"https:\/\/ihedn.fr\/en\/notre-selection\/les-lectures-dathena-pour-le-mois-daout\/\" \/>\n<meta property=\"og:locale\" content=\"en_GB\" \/>\n<meta property=\"og:type\" content=\"article\" \/>\n<meta property=\"og:title\" content=\"Les lectures d&#039;Ath\u00e9na pour le mois d&#039;ao\u00fbt\" \/>\n<meta property=\"og:description\" content=\"Cet \u00e9t\u00e9, notre veille strat\u00e9gique se transforme en conseil de lecture ! Les repr\u00e9sentations picturales de la Premi\u00e8re Guerre mondiale, le conflit isra\u00e9lo-palestinien, la fascination des dirigeants fran\u00e7ais pour la Russie, le mar\u00e9chal de Saxe\u2026 Voici les recommandations litt\u00e9raires d&#039;Ath\u00e9na pour le mois d&#039;ao\u00fbt. \u00c0 lire les pieds dans l\u2019eau !\" \/>\n<meta property=\"og:url\" content=\"https:\/\/ihedn.fr\/en\/notre-selection\/les-lectures-dathena-pour-le-mois-daout\/\" \/>\n<meta property=\"og:site_name\" content=\"L&#039;IHEDN : Institut des hautes \u00e9tudes de d\u00e9fense nationale\" \/>\n<meta property=\"article:publisher\" content=\"https:\/\/www.facebook.com\/ihedn\/\" \/>\n<meta property=\"article:published_time\" content=\"2024-08-05T10:01:21+00:00\" \/>\n<meta property=\"article:modified_time\" content=\"2024-08-12T07:52:53+00:00\" \/>\n<meta property=\"og:image\" content=\"https:\/\/ihedn.fr\/wp-content\/uploads\/2024\/07\/LECTURES_DATHENA.jpg\" \/>\n\t<meta property=\"og:image:width\" content=\"1920\" \/>\n\t<meta property=\"og:image:height\" content=\"958\" \/>\n\t<meta property=\"og:image:type\" content=\"image\/jpeg\" \/>\n<meta name=\"author\" content=\"tanguy.morel@ihedn.fr\" \/>\n<meta name=\"twitter:card\" content=\"summary_large_image\" \/>\n<meta name=\"twitter:title\" content=\"Les lectures d&#039;Ath\u00e9na pour le mois d&#039;ao\u00fbt\" \/>\n<meta name=\"twitter:description\" content=\"Cet \u00e9t\u00e9, notre veille strat\u00e9gique se transforme en conseil de lecture ! Les repr\u00e9sentations picturales de la Premi\u00e8re Guerre mondiale, le conflit isra\u00e9lo-palestinien, la fascination des dirigeants fran\u00e7ais pour la Russie, le mar\u00e9chal de Saxe\u2026 Voici les recommandations litt\u00e9raires d&#039;Ath\u00e9na pour le mois d&#039;ao\u00fbt. \u00c0 lire les pieds dans l\u2019eau !\" \/>\n<meta name=\"twitter:image\" content=\"https:\/\/ihedn.fr\/wp-content\/uploads\/2024\/07\/LECTURES_DATHENA.jpg\" \/>\n<meta name=\"twitter:creator\" content=\"@IHEDN\" \/>\n<meta name=\"twitter:site\" content=\"@IHEDN\" \/>\n<meta name=\"twitter:label1\" content=\"Written by\" \/>\n\t<meta name=\"twitter:data1\" content=\"tanguy.morel@ihedn.fr\" \/>\n\t<meta name=\"twitter:label2\" content=\"Estimated reading time\" \/>\n\t<meta name=\"twitter:data2\" content=\"7 minutes\" \/>\n<script type=\"application\/ld+json\" class=\"yoast-schema-graph\">{\"@context\":\"https:\\\/\\\/schema.org\",\"@graph\":[{\"@type\":\"Article\",\"@id\":\"https:\\\/\\\/ihedn.fr\\\/notre-selection\\\/les-lectures-dathena-pour-le-mois-daout\\\/#article\",\"isPartOf\":{\"@id\":\"https:\\\/\\\/ihedn.fr\\\/notre-selection\\\/les-lectures-dathena-pour-le-mois-daout\\\/\"},\"author\":{\"name\":\"tanguy.morel@ihedn.fr\",\"@id\":\"https:\\\/\\\/ihedn.fr\\\/#\\\/schema\\\/person\\\/ed217a37104b27a246b200e65b827cc7\"},\"headline\":\"Les lectures d&rsquo;Ath\u00e9na pour le mois d&rsquo;ao\u00fbt\",\"datePublished\":\"2024-08-05T10:01:21+00:00\",\"dateModified\":\"2024-08-12T07:52:53+00:00\",\"mainEntityOfPage\":{\"@id\":\"https:\\\/\\\/ihedn.fr\\\/notre-selection\\\/les-lectures-dathena-pour-le-mois-daout\\\/\"},\"wordCount\":1055,\"publisher\":{\"@id\":\"https:\\\/\\\/ihedn.fr\\\/#organization\"},\"image\":{\"@id\":\"https:\\\/\\\/ihedn.fr\\\/notre-selection\\\/les-lectures-dathena-pour-le-mois-daout\\\/#primaryimage\"},\"thumbnailUrl\":\"https:\\\/\\\/ihedn.fr\\\/wp-content\\\/uploads\\\/2024\\\/07\\\/LECTURES_DATHENA-1.jpg\",\"articleSection\":[\"Lundis de l'IHEDN\",\"Notre s\u00e9lection\"],\"inLanguage\":\"en-GB\"},{\"@type\":\"WebPage\",\"@id\":\"https:\\\/\\\/ihedn.fr\\\/notre-selection\\\/les-lectures-dathena-pour-le-mois-daout\\\/\",\"url\":\"https:\\\/\\\/ihedn.fr\\\/notre-selection\\\/les-lectures-dathena-pour-le-mois-daout\\\/\",\"name\":\"Les lectures d'Ath\u00e9na pour le mois d'ao\u00fbt - L&#039;IHEDN : Institut des hautes \u00e9tudes de d\u00e9fense nationale\",\"isPartOf\":{\"@id\":\"https:\\\/\\\/ihedn.fr\\\/#website\"},\"primaryImageOfPage\":{\"@id\":\"https:\\\/\\\/ihedn.fr\\\/notre-selection\\\/les-lectures-dathena-pour-le-mois-daout\\\/#primaryimage\"},\"image\":{\"@id\":\"https:\\\/\\\/ihedn.fr\\\/notre-selection\\\/les-lectures-dathena-pour-le-mois-daout\\\/#primaryimage\"},\"thumbnailUrl\":\"https:\\\/\\\/ihedn.fr\\\/wp-content\\\/uploads\\\/2024\\\/07\\\/LECTURES_DATHENA-1.jpg\",\"datePublished\":\"2024-08-05T10:01:21+00:00\",\"dateModified\":\"2024-08-12T07:52:53+00:00\",\"description\":\"Cet \u00e9t\u00e9, notre veille strat\u00e9gique se transforme en conseil de lecture ! Les repr\u00e9sentations picturales de la Premi\u00e8re Guerre mondiale, le conflit isra\u00e9lo-palestinien, la fascination des dirigeants fran\u00e7ais pour la Russie, le mar\u00e9chal de Saxe\u2026 Voici les recommandations litt\u00e9raires d'Ath\u00e9na pour le mois d'ao\u00fbt. \u00c0 lire les pieds dans l\u2019eau !\",\"breadcrumb\":{\"@id\":\"https:\\\/\\\/ihedn.fr\\\/notre-selection\\\/les-lectures-dathena-pour-le-mois-daout\\\/#breadcrumb\"},\"inLanguage\":\"en-GB\",\"potentialAction\":[{\"@type\":\"ReadAction\",\"target\":[\"https:\\\/\\\/ihedn.fr\\\/notre-selection\\\/les-lectures-dathena-pour-le-mois-daout\\\/\"]}]},{\"@type\":\"ImageObject\",\"inLanguage\":\"en-GB\",\"@id\":\"https:\\\/\\\/ihedn.fr\\\/notre-selection\\\/les-lectures-dathena-pour-le-mois-daout\\\/#primaryimage\",\"url\":\"https:\\\/\\\/ihedn.fr\\\/wp-content\\\/uploads\\\/2024\\\/07\\\/LECTURES_DATHENA-1.jpg\",\"contentUrl\":\"https:\\\/\\\/ihedn.fr\\\/wp-content\\\/uploads\\\/2024\\\/07\\\/LECTURES_DATHENA-1.jpg\",\"width\":1920,\"height\":958},{\"@type\":\"BreadcrumbList\",\"@id\":\"https:\\\/\\\/ihedn.fr\\\/notre-selection\\\/les-lectures-dathena-pour-le-mois-daout\\\/#breadcrumb\",\"itemListElement\":[{\"@type\":\"ListItem\",\"position\":1,\"name\":\"Accueil\",\"item\":\"https:\\\/\\\/ihedn.fr\\\/\"},{\"@type\":\"ListItem\",\"position\":2,\"name\":\"Les lectures d&rsquo;Ath\u00e9na pour le mois d&rsquo;ao\u00fbt\"}]},{\"@type\":\"WebSite\",\"@id\":\"https:\\\/\\\/ihedn.fr\\\/#website\",\"url\":\"https:\\\/\\\/ihedn.fr\\\/\",\"name\":\"IHEDN : Institut des hautes \u00e9tudes de d\u00e9fense nationale |\",\"description\":\"Site officiel de l&#039;IHEDN plac\u00e9 sous la tutelle du Premier ministre.\",\"publisher\":{\"@id\":\"https:\\\/\\\/ihedn.fr\\\/#organization\"},\"potentialAction\":[{\"@type\":\"SearchAction\",\"target\":{\"@type\":\"EntryPoint\",\"urlTemplate\":\"https:\\\/\\\/ihedn.fr\\\/?s={search_term_string}\"},\"query-input\":{\"@type\":\"PropertyValueSpecification\",\"valueRequired\":true,\"valueName\":\"search_term_string\"}}],\"inLanguage\":\"en-GB\"},{\"@type\":\"Organization\",\"@id\":\"https:\\\/\\\/ihedn.fr\\\/#organization\",\"name\":\"IHEDN - Institut des Hautes Etudes de D\u00e9fense Nationale\",\"url\":\"https:\\\/\\\/ihedn.fr\\\/\",\"logo\":{\"@type\":\"ImageObject\",\"inLanguage\":\"en-GB\",\"@id\":\"https:\\\/\\\/ihedn.fr\\\/#\\\/schema\\\/logo\\\/image\\\/\",\"url\":\"https:\\\/\\\/ihedn.fr\\\/wp-content\\\/uploads\\\/2020\\\/11\\\/BLOC_RF_IHEDN_WEB.png\",\"contentUrl\":\"https:\\\/\\\/ihedn.fr\\\/wp-content\\\/uploads\\\/2020\\\/11\\\/BLOC_RF_IHEDN_WEB.png\",\"width\":500,\"height\":237,\"caption\":\"IHEDN - Institut des Hautes Etudes de D\u00e9fense Nationale\"},\"image\":{\"@id\":\"https:\\\/\\\/ihedn.fr\\\/#\\\/schema\\\/logo\\\/image\\\/\"},\"sameAs\":[\"https:\\\/\\\/www.facebook.com\\\/ihedn\\\/\",\"https:\\\/\\\/x.com\\\/IHEDN\",\"https:\\\/\\\/www.instagram.com\\\/ihedn\\\/\",\"https:\\\/\\\/www.linkedin.com\\\/school\\\/ihedn\\\/\",\"https:\\\/\\\/fr.wikipedia.org\\\/wiki\\\/Institut_des_hautes_\u00e9tudes_de_D\u00e9fense_nationale\"]},{\"@type\":\"Person\",\"@id\":\"https:\\\/\\\/ihedn.fr\\\/#\\\/schema\\\/person\\\/ed217a37104b27a246b200e65b827cc7\",\"name\":\"tanguy.morel@ihedn.fr\",\"image\":{\"@type\":\"ImageObject\",\"inLanguage\":\"en-GB\",\"@id\":\"https:\\\/\\\/secure.gravatar.com\\\/avatar\\\/36877cd30919fafddf1f9da45f4154aa468a64328452f2ceaff0968772207348?s=96&d=mm&r=g\",\"url\":\"https:\\\/\\\/secure.gravatar.com\\\/avatar\\\/36877cd30919fafddf1f9da45f4154aa468a64328452f2ceaff0968772207348?s=96&d=mm&r=g\",\"contentUrl\":\"https:\\\/\\\/secure.gravatar.com\\\/avatar\\\/36877cd30919fafddf1f9da45f4154aa468a64328452f2ceaff0968772207348?s=96&d=mm&r=g\",\"caption\":\"tanguy.morel@ihedn.fr\"},\"url\":\"https:\\\/\\\/ihedn.fr\\\/en\\\/author\\\/tanguy-morelihedn-fr\\\/\"}]}<\/script>\n<!-- \/ Yoast SEO plugin. -->","yoast_head_json":{"title":"Athena's August reading list - IHEDN: Institut des hautes \u00e9tudes de d\u00e9fense nationale (Institute for Advanced Studies in National Defence)","description":"This summer, we're turning our strategic intelligence into reading advice! Pictorial representations of the First World War, the Israeli-Palestinian conflict, French leaders' fascination with Russia, Marshal Saxe... Here are Ath\u00e9na's literary recommendations for August. Read with your feet in the water!","robots":{"index":"index","follow":"follow","max-snippet":"max-snippet:-1","max-image-preview":"max-image-preview:large","max-video-preview":"max-video-preview:-1"},"canonical":"https:\/\/ihedn.fr\/en\/notre-selection\/les-lectures-dathena-pour-le-mois-daout\/","og_locale":"en_GB","og_type":"article","og_title":"Les lectures d'Ath\u00e9na pour le mois d'ao\u00fbt","og_description":"Cet \u00e9t\u00e9, notre veille strat\u00e9gique se transforme en conseil de lecture ! Les repr\u00e9sentations picturales de la Premi\u00e8re Guerre mondiale, le conflit isra\u00e9lo-palestinien, la fascination des dirigeants fran\u00e7ais pour la Russie, le mar\u00e9chal de Saxe\u2026 Voici les recommandations litt\u00e9raires d'Ath\u00e9na pour le mois d'ao\u00fbt. \u00c0 lire les pieds dans l\u2019eau !","og_url":"https:\/\/ihedn.fr\/en\/notre-selection\/les-lectures-dathena-pour-le-mois-daout\/","og_site_name":"L&#039;IHEDN : Institut des hautes \u00e9tudes de d\u00e9fense nationale","article_publisher":"https:\/\/www.facebook.com\/ihedn\/","article_published_time":"2024-08-05T10:01:21+00:00","article_modified_time":"2024-08-12T07:52:53+00:00","og_image":[{"width":1920,"height":958,"url":"https:\/\/ihedn.fr\/wp-content\/uploads\/2024\/07\/LECTURES_DATHENA.jpg","type":"image\/jpeg"}],"author":"tanguy.morel@ihedn.fr","twitter_card":"summary_large_image","twitter_title":"Les lectures d'Ath\u00e9na pour le mois d'ao\u00fbt","twitter_description":"Cet \u00e9t\u00e9, notre veille strat\u00e9gique se transforme en conseil de lecture ! Les repr\u00e9sentations picturales de la Premi\u00e8re Guerre mondiale, le conflit isra\u00e9lo-palestinien, la fascination des dirigeants fran\u00e7ais pour la Russie, le mar\u00e9chal de Saxe\u2026 Voici les recommandations litt\u00e9raires d'Ath\u00e9na pour le mois d'ao\u00fbt. \u00c0 lire les pieds dans l\u2019eau !","twitter_image":"https:\/\/ihedn.fr\/wp-content\/uploads\/2024\/07\/LECTURES_DATHENA.jpg","twitter_creator":"@IHEDN","twitter_site":"@IHEDN","twitter_misc":{"Written by":"tanguy.morel@ihedn.fr","Estimated reading time":"7 minutes"},"schema":{"@context":"https:\/\/schema.org","@graph":[{"@type":"Article","@id":"https:\/\/ihedn.fr\/notre-selection\/les-lectures-dathena-pour-le-mois-daout\/#article","isPartOf":{"@id":"https:\/\/ihedn.fr\/notre-selection\/les-lectures-dathena-pour-le-mois-daout\/"},"author":{"name":"tanguy.morel@ihedn.fr","@id":"https:\/\/ihedn.fr\/#\/schema\/person\/ed217a37104b27a246b200e65b827cc7"},"headline":"Les lectures d&rsquo;Ath\u00e9na pour le mois d&rsquo;ao\u00fbt","datePublished":"2024-08-05T10:01:21+00:00","dateModified":"2024-08-12T07:52:53+00:00","mainEntityOfPage":{"@id":"https:\/\/ihedn.fr\/notre-selection\/les-lectures-dathena-pour-le-mois-daout\/"},"wordCount":1055,"publisher":{"@id":"https:\/\/ihedn.fr\/#organization"},"image":{"@id":"https:\/\/ihedn.fr\/notre-selection\/les-lectures-dathena-pour-le-mois-daout\/#primaryimage"},"thumbnailUrl":"https:\/\/ihedn.fr\/wp-content\/uploads\/2024\/07\/LECTURES_DATHENA-1.jpg","articleSection":["Lundis de l'IHEDN","Notre s\u00e9lection"],"inLanguage":"en-GB"},{"@type":"WebPage","@id":"https:\/\/ihedn.fr\/notre-selection\/les-lectures-dathena-pour-le-mois-daout\/","url":"https:\/\/ihedn.fr\/notre-selection\/les-lectures-dathena-pour-le-mois-daout\/","name":"Athena's August reading list - IHEDN: Institut des hautes \u00e9tudes de d\u00e9fense nationale (Institute for Advanced Studies in National Defence)","isPartOf":{"@id":"https:\/\/ihedn.fr\/#website"},"primaryImageOfPage":{"@id":"https:\/\/ihedn.fr\/notre-selection\/les-lectures-dathena-pour-le-mois-daout\/#primaryimage"},"image":{"@id":"https:\/\/ihedn.fr\/notre-selection\/les-lectures-dathena-pour-le-mois-daout\/#primaryimage"},"thumbnailUrl":"https:\/\/ihedn.fr\/wp-content\/uploads\/2024\/07\/LECTURES_DATHENA-1.jpg","datePublished":"2024-08-05T10:01:21+00:00","dateModified":"2024-08-12T07:52:53+00:00","description":"This summer, we're turning our strategic intelligence into reading advice! Pictorial representations of the First World War, the Israeli-Palestinian conflict, French leaders' fascination with Russia, Marshal Saxe... Here are Ath\u00e9na's literary recommendations for August. Read with your feet in the water!","breadcrumb":{"@id":"https:\/\/ihedn.fr\/notre-selection\/les-lectures-dathena-pour-le-mois-daout\/#breadcrumb"},"inLanguage":"en-GB","potentialAction":[{"@type":"ReadAction","target":["https:\/\/ihedn.fr\/notre-selection\/les-lectures-dathena-pour-le-mois-daout\/"]}]},{"@type":"ImageObject","inLanguage":"en-GB","@id":"https:\/\/ihedn.fr\/notre-selection\/les-lectures-dathena-pour-le-mois-daout\/#primaryimage","url":"https:\/\/ihedn.fr\/wp-content\/uploads\/2024\/07\/LECTURES_DATHENA-1.jpg","contentUrl":"https:\/\/ihedn.fr\/wp-content\/uploads\/2024\/07\/LECTURES_DATHENA-1.jpg","width":1920,"height":958},{"@type":"BreadcrumbList","@id":"https:\/\/ihedn.fr\/notre-selection\/les-lectures-dathena-pour-le-mois-daout\/#breadcrumb","itemListElement":[{"@type":"ListItem","position":1,"name":"Accueil","item":"https:\/\/ihedn.fr\/"},{"@type":"ListItem","position":2,"name":"Les lectures d&rsquo;Ath\u00e9na pour le mois d&rsquo;ao\u00fbt"}]},{"@type":"WebSite","@id":"https:\/\/ihedn.fr\/#website","url":"https:\/\/ihedn.fr\/","name":"IHEDN: Institut des hautes \u00e9tudes de d\u00e9fense nationale (Institute for Higher National Defence Studies)","description":"Official website of the IHEDN under the supervision of the Prime Minister.","publisher":{"@id":"https:\/\/ihedn.fr\/#organization"},"potentialAction":[{"@type":"SearchAction","target":{"@type":"EntryPoint","urlTemplate":"https:\/\/ihedn.fr\/?s={search_term_string}"},"query-input":{"@type":"PropertyValueSpecification","valueRequired":true,"valueName":"search_term_string"}}],"inLanguage":"en-GB"},{"@type":"Organization","@id":"https:\/\/ihedn.fr\/#organization","name":"IHEDN - Institute for Higher National Defence Studies","url":"https:\/\/ihedn.fr\/","logo":{"@type":"ImageObject","inLanguage":"en-GB","@id":"https:\/\/ihedn.fr\/#\/schema\/logo\/image\/","url":"https:\/\/ihedn.fr\/wp-content\/uploads\/2020\/11\/BLOC_RF_IHEDN_WEB.png","contentUrl":"https:\/\/ihedn.fr\/wp-content\/uploads\/2020\/11\/BLOC_RF_IHEDN_WEB.png","width":500,"height":237,"caption":"IHEDN - Institut des Hautes Etudes de D\u00e9fense Nationale"},"image":{"@id":"https:\/\/ihedn.fr\/#\/schema\/logo\/image\/"},"sameAs":["https:\/\/www.facebook.com\/ihedn\/","https:\/\/x.com\/IHEDN","https:\/\/www.instagram.com\/ihedn\/","https:\/\/www.linkedin.com\/school\/ihedn\/","https:\/\/fr.wikipedia.org\/wiki\/Institut_des_hautes_\u00e9tudes_de_D\u00e9fense_nationale"]},{"@type":"Person","@id":"https:\/\/ihedn.fr\/#\/schema\/person\/ed217a37104b27a246b200e65b827cc7","name":"tanguy.morel@ihedn.fr","image":{"@type":"ImageObject","inLanguage":"en-GB","@id":"https:\/\/secure.gravatar.com\/avatar\/36877cd30919fafddf1f9da45f4154aa468a64328452f2ceaff0968772207348?s=96&d=mm&r=g","url":"https:\/\/secure.gravatar.com\/avatar\/36877cd30919fafddf1f9da45f4154aa468a64328452f2ceaff0968772207348?s=96&d=mm&r=g","contentUrl":"https:\/\/secure.gravatar.com\/avatar\/36877cd30919fafddf1f9da45f4154aa468a64328452f2ceaff0968772207348?s=96&d=mm&r=g","caption":"tanguy.morel@ihedn.fr"},"url":"https:\/\/ihedn.fr\/en\/author\/tanguy-morelihedn-fr\/"}]}},"publishpress_future_action":{"enabled":false,"date":"2026-05-09 05:41:28","action":"change-status","newStatus":"draft","terms":[],"taxonomy":"category","extraData":[]},"publishpress_future_workflow_manual_trigger":{"enabledWorkflows":[]},"_links":{"self":[{"href":"https:\/\/ihedn.fr\/en\/wp-json\/wp\/v2\/posts\/49326","targetHints":{"allow":["GET"]}}],"collection":[{"href":"https:\/\/ihedn.fr\/en\/wp-json\/wp\/v2\/posts"}],"about":[{"href":"https:\/\/ihedn.fr\/en\/wp-json\/wp\/v2\/types\/post"}],"author":[{"embeddable":true,"href":"https:\/\/ihedn.fr\/en\/wp-json\/wp\/v2\/users\/10"}],"replies":[{"embeddable":true,"href":"https:\/\/ihedn.fr\/en\/wp-json\/wp\/v2\/comments?post=49326"}],"version-history":[{"count":29,"href":"https:\/\/ihedn.fr\/en\/wp-json\/wp\/v2\/posts\/49326\/revisions"}],"predecessor-version":[{"id":49648,"href":"https:\/\/ihedn.fr\/en\/wp-json\/wp\/v2\/posts\/49326\/revisions\/49648"}],"wp:featuredmedia":[{"embeddable":true,"href":"https:\/\/ihedn.fr\/en\/wp-json\/wp\/v2\/media\/48965"}],"wp:attachment":[{"href":"https:\/\/ihedn.fr\/en\/wp-json\/wp\/v2\/media?parent=49326"}],"wp:term":[{"taxonomy":"category","embeddable":true,"href":"https:\/\/ihedn.fr\/en\/wp-json\/wp\/v2\/categories?post=49326"},{"taxonomy":"post_tag","embeddable":true,"href":"https:\/\/ihedn.fr\/en\/wp-json\/wp\/v2\/tags?post=49326"}],"curies":[{"name":"wp","href":"https:\/\/api.w.org\/{rel}","templated":true}]}}