{"id":49592,"date":"2024-08-01T15:01:18","date_gmt":"2024-08-01T14:01:18","guid":{"rendered":"https:\/\/ihedn.fr\/?p=49592"},"modified":"2024-08-01T15:03:32","modified_gmt":"2024-08-01T14:03:32","slug":"lihedn-engage-pour-la-place-des-femmes-dans-la-defense","status":"publish","type":"post","link":"https:\/\/ihedn.fr\/en\/notre-actualite\/lihedn-engage-pour-la-place-des-femmes-dans-la-defense\/","title":{"rendered":"IHEDN committed to the role of women in defence"},"content":{"rendered":"<div data-elementor-type=\"wp-post\" data-elementor-id=\"49592\" class=\"elementor elementor-49592\" data-elementor-post-type=\"post\">\n\t\t\t\t<div data-particle_enable=\"false\" data-particle-mobile-disabled=\"false\" class=\"elementor-element elementor-element-93a82e0 e-con-full e-flex e-con e-parent\" data-id=\"93a82e0\" data-element_type=\"container\" data-e-type=\"container\">\n\t\t\t\t<div class=\"elementor-element elementor-element-a59142f elementor-widget elementor-widget-text-editor\" data-id=\"a59142f\" data-element_type=\"widget\" data-e-type=\"widget\" data-widget_type=\"text-editor.default\">\n\t\t\t\t<div class=\"elementor-widget-container\">\n\t\t\t\t\t\t\t\t\t<p>The Marie-Claire - Agir pour l'\u00e9galit\u00e9 Think &amp; Do Tank met at the H\u00f4tel de Brienne on 25 June to discuss the place of women in the defence and cybersecurity professions. The aim was to raise awareness of the opportunities offered by these booming sectors and encourage women to take advantage of them.<\/p><p>On the programme, five round tables to understand, debate and find solutions: What place for women in the defence and cybersecurity professions? What opportunities are there for women in the defence professions? Choosing defence professions within private companies; Women and cybersecurity: professions of the future; How to promote women in cybersecurity?<\/p>\t\t\t\t\t\t\t\t<\/div>\n\t\t\t\t<\/div>\n\t\t\t\t<\/div>\n\t\t<div data-particle_enable=\"false\" data-particle-mobile-disabled=\"false\" class=\"elementor-element elementor-element-26952ac e-flex e-con-boxed e-con e-parent\" data-id=\"26952ac\" data-element_type=\"container\" data-e-type=\"container\">\n\t\t\t\t\t<div class=\"e-con-inner\">\n\t\t\t\t<div class=\"elementor-element elementor-element-2c8f213 elementor-widget elementor-widget-heading\" data-id=\"2c8f213\" data-element_type=\"widget\" data-e-type=\"widget\" data-widget_type=\"heading.default\">\n\t\t\t\t<div class=\"elementor-widget-container\">\n\t\t\t\t\t<h5 class=\"elementor-heading-title elementor-size-default\">What about IHEDN?<\/h5>\t\t\t\t<\/div>\n\t\t\t\t<\/div>\n\t\t\t\t\t<\/div>\n\t\t\t\t<\/div>\n\t\t<div data-particle_enable=\"false\" data-particle-mobile-disabled=\"false\" class=\"elementor-element elementor-element-78cb3ce e-flex e-con-boxed e-con e-parent\" data-id=\"78cb3ce\" data-element_type=\"container\" data-e-type=\"container\">\n\t\t\t\t\t<div class=\"e-con-inner\">\n\t\t\t\t<div class=\"elementor-element elementor-element-b9798ac elementor-widget elementor-widget-text-editor\" data-id=\"b9798ac\" data-element_type=\"widget\" data-e-type=\"widget\" data-widget_type=\"text-editor.default\">\n\t\t\t\t<div class=\"elementor-widget-container\">\n\t\t\t\t\t\t\t\t\t<p>General Beno\u00eet Durieux, Director of the IHEDN, spoke at the third round table of the day. He highlighted the Institute's commitment to promoting diversity and equality. The IHEDN has a female staffing rate of 53 % (there is strict parity on the management committee: 3 men and 3 women), and between 25 % and 40 % for its auditor promotions, with the percentage varying according to specialisation, giving an average of 29 % for the national session and 34% if only civilians are taken into account.<\/p><p>General Durieux stressed the importance of role models in breaking down preconceptions and enabling women to see themselves in defence-related careers. \"You have to make people dream!  This is what the IHEDN does through its website and social networks, highlighting the personalities and career paths of women such as Najat Vallot-Belkacem, former Minister of Education, and Sophie de Ravinel, political journalist, both auditors of the IHEDN this year, or Sophie Adenot, colonel in the air force and space, former trainee at the Ecole de Guerre and now an astronaut.<\/p><p>The IHEDN is delighted with the growing presence of women in its ranks, a higher proportion than in many companies in the defence sector. The voice of women is crucial for the armed forces and the whole defence and security ecosystem. Indeed, General Durieux concluded his speech by emphasising that the Institute, which aims to raise awareness of the major national defence issues, must be \"representative of society\".<\/p><p>These words echo those of S\u00e9bastien Lecornu, Minister for the Armed Forces, who, at the event, pointed out that in 12 years the rate of feminisation of the French armed forces has increased by 8 %, from 12 % to 20 %, placing France fourth in the world. \"He stressed the adaptability of the French army, concluding that \"no army can properly carry out its mission if it does not resemble the social body and therefore the nation it protects\".<\/p><p><strong><u>To see a replay of the day's events : <\/u><\/strong><a href=\"https:\/\/www.marieclaire.fr\/defense-et-cybersecurite-place-aux-femmes,1478436.asp\">Defence and cyber security: time for women! - Marie Claire<\/a><\/p>\t\t\t\t\t\t\t\t<\/div>\n\t\t\t\t<\/div>\n\t\t\t\t\t<\/div>\n\t\t\t\t<\/div>\n\t\t<div data-particle_enable=\"false\" data-particle-mobile-disabled=\"false\" class=\"elementor-element elementor-element-ce712df e-grid e-con-boxed e-con e-parent\" data-id=\"ce712df\" data-element_type=\"container\" data-e-type=\"container\">\n\t\t\t\t\t<div class=\"e-con-inner\">\n\t\t\t\t<div class=\"elementor-element elementor-element-7cc39c0 elementor-widget elementor-widget-image\" data-id=\"7cc39c0\" data-element_type=\"widget\" data-e-type=\"widget\" data-widget_type=\"image.default\">\n\t\t\t\t<div class=\"elementor-widget-container\">\n\t\t\t\t\t\t\t\t\t\t\t\t<figure class=\"wp-caption\">\n\t\t\t\t\t\t\t\t\t\t<img fetchpriority=\"high\" decoding=\"async\" width=\"341\" height=\"512\" src=\"https:\/\/ihedn.fr\/wp-content\/uploads\/2024\/08\/hl-45744124567.jpg\" class=\"attachment-full size-full wp-image-49596\" alt=\"\" srcset=\"https:\/\/ihedn.fr\/wp-content\/uploads\/2024\/08\/hl-45744124567.jpg 341w, https:\/\/ihedn.fr\/wp-content\/uploads\/2024\/08\/hl-45744124567-8x12.jpg 8w\" sizes=\"(max-width: 341px) 100vw, 341px\" \/>\t\t\t\t\t\t\t\t\t\t\t<figcaption class=\"widget-image-caption wp-caption-text\">Copyright : aflament.art <\/figcaption>\n\t\t\t\t\t\t\t\t\t\t<\/figure>\n\t\t\t\t\t\t\t\t\t<\/div>\n\t\t\t\t<\/div>\n\t\t\t\t<div class=\"elementor-element elementor-element-95ac2e7 elementor-widget elementor-widget-image\" data-id=\"95ac2e7\" data-element_type=\"widget\" data-e-type=\"widget\" data-widget_type=\"image.default\">\n\t\t\t\t<div class=\"elementor-widget-container\">\n\t\t\t\t\t\t\t\t\t\t\t\t<figure class=\"wp-caption\">\n\t\t\t\t\t\t\t\t\t\t<img decoding=\"async\" width=\"341\" height=\"512\" src=\"https:\/\/ihedn.fr\/wp-content\/uploads\/2024\/08\/hl-45744124565.jpg\" class=\"attachment-full size-full wp-image-49598\" alt=\"\" srcset=\"https:\/\/ihedn.fr\/wp-content\/uploads\/2024\/08\/hl-45744124565.jpg 341w, https:\/\/ihedn.fr\/wp-content\/uploads\/2024\/08\/hl-45744124565-8x12.jpg 8w\" sizes=\"(max-width: 341px) 100vw, 341px\" \/>\t\t\t\t\t\t\t\t\t\t\t<figcaption class=\"widget-image-caption wp-caption-text\">Copyright : aflament.art <\/figcaption>\n\t\t\t\t\t\t\t\t\t\t<\/figure>\n\t\t\t\t\t\t\t\t\t<\/div>\n\t\t\t\t<\/div>\n\t\t\t\t\t<\/div>\n\t\t\t\t<\/div>\n\t\t\t\t<\/div>","protected":false},"excerpt":{"rendered":"<p>Invited to the H\u00f4tel de Brienne by the Think &amp; Do Tank Marie-Claire - Agir pour l'\u00e9galit\u00e9, General Beno\u00eet Durieux called for women's career paths to be highlighted and role models created in order to break down stereotypes and encourage women to consider a career in defence. <\/p>","protected":false},"author":12,"featured_media":49595,"comment_status":"closed","ping_status":"closed","sticky":false,"template":"","format":"standard","meta":{"footnotes":""},"categories":[172],"tags":[],"class_list":["post-49592","post","type-post","status-publish","format-standard","has-post-thumbnail","hentry","category-notre-actualite"],"yoast_head":"<!-- This site is optimized with the Yoast SEO plugin v27.5 - https:\/\/yoast.com\/product\/yoast-seo-wordpress\/ -->\n<title>L\u2019IHEDN engag\u00e9 pour la place des femmes dans la d\u00e9fense - L&#039;IHEDN : Institut des hautes \u00e9tudes de d\u00e9fense nationale<\/title>\n<meta name=\"description\" content=\"Conf\u00e9rences passionnantes, visites et pr\u00e9sentations tr\u00e8s instructives, travaux de r\u00e9flexion en comit\u00e9\u2026 78 \u00e9tudiants et jeunes actifs se sont r\u00e9unis \u00e0 Toulon, du 1er au 4 juillet dans le cadre du 145e cycle Jeunes de l&#039;IHEDN.\" \/>\n<meta name=\"robots\" content=\"index, follow, max-snippet:-1, max-image-preview:large, max-video-preview:-1\" \/>\n<link rel=\"canonical\" href=\"https:\/\/ihedn.fr\/en\/notre-actualite\/lihedn-engage-pour-la-place-des-femmes-dans-la-defense\/\" \/>\n<meta property=\"og:locale\" content=\"en_GB\" \/>\n<meta property=\"og:type\" content=\"article\" \/>\n<meta property=\"og:title\" content=\"L\u2019IHEDN engag\u00e9 pour la place des femmes dans la d\u00e9fense\" \/>\n<meta property=\"og:description\" content=\"Invit\u00e9 \u00e0 l\u2019h\u00f4tel de Brienne par le Think &amp; Do Tank Marie-Claire \u2013 Agir pour l\u2019\u00e9galit\u00e9, le g\u00e9n\u00e9ral Beno\u00eet Durieux appelle \u00e0 mettre en lumi\u00e8re les parcours de femmes et cr\u00e9er des figures mod\u00e8les afin de briser les st\u00e9r\u00e9otypes et encourager les femmes \u00e0 se projeter dans les m\u00e9tiers de la d\u00e9fense.\" \/>\n<meta property=\"og:url\" content=\"https:\/\/ihedn.fr\/en\/notre-actualite\/lihedn-engage-pour-la-place-des-femmes-dans-la-defense\/\" \/>\n<meta property=\"og:site_name\" content=\"L&#039;IHEDN : Institut des hautes \u00e9tudes de d\u00e9fense nationale\" \/>\n<meta property=\"article:publisher\" content=\"https:\/\/www.facebook.com\/ihedn\/\" \/>\n<meta property=\"article:published_time\" content=\"2024-08-01T14:01:18+00:00\" \/>\n<meta property=\"article:modified_time\" content=\"2024-08-01T14:03:32+00:00\" \/>\n<meta property=\"og:image\" content=\"https:\/\/ihedn.fr\/wp-content\/uploads\/2024\/08\/hl-45744124568.jpg\" \/>\n\t<meta property=\"og:image:width\" content=\"512\" \/>\n\t<meta property=\"og:image:height\" content=\"341\" \/>\n\t<meta property=\"og:image:type\" content=\"image\/jpeg\" \/>\n<meta name=\"author\" content=\"Ad\u00e8le Thoumieux\" \/>\n<meta name=\"twitter:card\" content=\"summary_large_image\" \/>\n<meta name=\"twitter:title\" content=\"L\u2019IHEDN engag\u00e9 pour la place des femmes dans la d\u00e9fense\" \/>\n<meta name=\"twitter:description\" content=\"Invit\u00e9 \u00e0 l\u2019h\u00f4tel de Brienne par le Think &amp; Do Tank Marie-Claire \u2013 Agir pour l\u2019\u00e9galit\u00e9, le g\u00e9n\u00e9ral Beno\u00eet Durieux appelle \u00e0 mettre en lumi\u00e8re les parcours de femmes et cr\u00e9er des figures mod\u00e8les afin de briser les st\u00e9r\u00e9otypes et encourager les femmes \u00e0 se projeter dans les m\u00e9tiers de la d\u00e9fense.\" \/>\n<meta name=\"twitter:image\" content=\"https:\/\/ihedn.fr\/wp-content\/uploads\/2024\/08\/hl-45744124568.jpg\" \/>\n<meta name=\"twitter:creator\" content=\"@IHEDN\" \/>\n<meta name=\"twitter:site\" content=\"@IHEDN\" \/>\n<meta name=\"twitter:label1\" content=\"Written by\" \/>\n\t<meta name=\"twitter:data1\" content=\"Ad\u00e8le Thoumieux\" \/>\n\t<meta name=\"twitter:label2\" content=\"Estimated reading time\" \/>\n\t<meta name=\"twitter:data2\" content=\"3 minutes\" \/>\n<script type=\"application\/ld+json\" class=\"yoast-schema-graph\">{\"@context\":\"https:\\\/\\\/schema.org\",\"@graph\":[{\"@type\":\"Article\",\"@id\":\"https:\\\/\\\/ihedn.fr\\\/notre-actualite\\\/lihedn-engage-pour-la-place-des-femmes-dans-la-defense\\\/#article\",\"isPartOf\":{\"@id\":\"https:\\\/\\\/ihedn.fr\\\/notre-actualite\\\/lihedn-engage-pour-la-place-des-femmes-dans-la-defense\\\/\"},\"author\":{\"name\":\"Ad\u00e8le Thoumieux\",\"@id\":\"https:\\\/\\\/ihedn.fr\\\/#\\\/schema\\\/person\\\/16d49c2bd0121499ea9b9023ce89826c\"},\"headline\":\"L\u2019IHEDN engag\u00e9 pour la place des femmes dans la d\u00e9fense\",\"datePublished\":\"2024-08-01T14:01:18+00:00\",\"dateModified\":\"2024-08-01T14:03:32+00:00\",\"mainEntityOfPage\":{\"@id\":\"https:\\\/\\\/ihedn.fr\\\/notre-actualite\\\/lihedn-engage-pour-la-place-des-femmes-dans-la-defense\\\/\"},\"wordCount\":596,\"publisher\":{\"@id\":\"https:\\\/\\\/ihedn.fr\\\/#organization\"},\"image\":{\"@id\":\"https:\\\/\\\/ihedn.fr\\\/notre-actualite\\\/lihedn-engage-pour-la-place-des-femmes-dans-la-defense\\\/#primaryimage\"},\"thumbnailUrl\":\"https:\\\/\\\/ihedn.fr\\\/wp-content\\\/uploads\\\/2024\\\/08\\\/hl-45744124568.jpg\",\"articleSection\":[\"Notre actualit\u00e9\"],\"inLanguage\":\"en-GB\"},{\"@type\":\"WebPage\",\"@id\":\"https:\\\/\\\/ihedn.fr\\\/notre-actualite\\\/lihedn-engage-pour-la-place-des-femmes-dans-la-defense\\\/\",\"url\":\"https:\\\/\\\/ihedn.fr\\\/notre-actualite\\\/lihedn-engage-pour-la-place-des-femmes-dans-la-defense\\\/\",\"name\":\"L\u2019IHEDN engag\u00e9 pour la place des femmes dans la d\u00e9fense - L&#039;IHEDN : Institut des hautes \u00e9tudes de d\u00e9fense nationale\",\"isPartOf\":{\"@id\":\"https:\\\/\\\/ihedn.fr\\\/#website\"},\"primaryImageOfPage\":{\"@id\":\"https:\\\/\\\/ihedn.fr\\\/notre-actualite\\\/lihedn-engage-pour-la-place-des-femmes-dans-la-defense\\\/#primaryimage\"},\"image\":{\"@id\":\"https:\\\/\\\/ihedn.fr\\\/notre-actualite\\\/lihedn-engage-pour-la-place-des-femmes-dans-la-defense\\\/#primaryimage\"},\"thumbnailUrl\":\"https:\\\/\\\/ihedn.fr\\\/wp-content\\\/uploads\\\/2024\\\/08\\\/hl-45744124568.jpg\",\"datePublished\":\"2024-08-01T14:01:18+00:00\",\"dateModified\":\"2024-08-01T14:03:32+00:00\",\"description\":\"Conf\u00e9rences passionnantes, visites et pr\u00e9sentations tr\u00e8s instructives, travaux de r\u00e9flexion en comit\u00e9\u2026 78 \u00e9tudiants et jeunes actifs se sont r\u00e9unis \u00e0 Toulon, du 1er au 4 juillet dans le cadre du 145e cycle Jeunes de l'IHEDN.\",\"breadcrumb\":{\"@id\":\"https:\\\/\\\/ihedn.fr\\\/notre-actualite\\\/lihedn-engage-pour-la-place-des-femmes-dans-la-defense\\\/#breadcrumb\"},\"inLanguage\":\"en-GB\",\"potentialAction\":[{\"@type\":\"ReadAction\",\"target\":[\"https:\\\/\\\/ihedn.fr\\\/notre-actualite\\\/lihedn-engage-pour-la-place-des-femmes-dans-la-defense\\\/\"]}]},{\"@type\":\"ImageObject\",\"inLanguage\":\"en-GB\",\"@id\":\"https:\\\/\\\/ihedn.fr\\\/notre-actualite\\\/lihedn-engage-pour-la-place-des-femmes-dans-la-defense\\\/#primaryimage\",\"url\":\"https:\\\/\\\/ihedn.fr\\\/wp-content\\\/uploads\\\/2024\\\/08\\\/hl-45744124568.jpg\",\"contentUrl\":\"https:\\\/\\\/ihedn.fr\\\/wp-content\\\/uploads\\\/2024\\\/08\\\/hl-45744124568.jpg\",\"width\":512,\"height\":341,\"caption\":\"Copyright : aflament.art\"},{\"@type\":\"BreadcrumbList\",\"@id\":\"https:\\\/\\\/ihedn.fr\\\/notre-actualite\\\/lihedn-engage-pour-la-place-des-femmes-dans-la-defense\\\/#breadcrumb\",\"itemListElement\":[{\"@type\":\"ListItem\",\"position\":1,\"name\":\"Accueil\",\"item\":\"https:\\\/\\\/ihedn.fr\\\/\"},{\"@type\":\"ListItem\",\"position\":2,\"name\":\"L\u2019IHEDN engag\u00e9 pour la place des femmes dans la d\u00e9fense\"}]},{\"@type\":\"WebSite\",\"@id\":\"https:\\\/\\\/ihedn.fr\\\/#website\",\"url\":\"https:\\\/\\\/ihedn.fr\\\/\",\"name\":\"IHEDN : Institut des hautes \u00e9tudes de d\u00e9fense nationale |\",\"description\":\"Site officiel de l&#039;IHEDN plac\u00e9 sous la tutelle du Premier ministre.\",\"publisher\":{\"@id\":\"https:\\\/\\\/ihedn.fr\\\/#organization\"},\"potentialAction\":[{\"@type\":\"SearchAction\",\"target\":{\"@type\":\"EntryPoint\",\"urlTemplate\":\"https:\\\/\\\/ihedn.fr\\\/?s={search_term_string}\"},\"query-input\":{\"@type\":\"PropertyValueSpecification\",\"valueRequired\":true,\"valueName\":\"search_term_string\"}}],\"inLanguage\":\"en-GB\"},{\"@type\":\"Organization\",\"@id\":\"https:\\\/\\\/ihedn.fr\\\/#organization\",\"name\":\"IHEDN - Institut des Hautes Etudes de D\u00e9fense Nationale\",\"url\":\"https:\\\/\\\/ihedn.fr\\\/\",\"logo\":{\"@type\":\"ImageObject\",\"inLanguage\":\"en-GB\",\"@id\":\"https:\\\/\\\/ihedn.fr\\\/#\\\/schema\\\/logo\\\/image\\\/\",\"url\":\"https:\\\/\\\/ihedn.fr\\\/wp-content\\\/uploads\\\/2020\\\/11\\\/BLOC_RF_IHEDN_WEB.png\",\"contentUrl\":\"https:\\\/\\\/ihedn.fr\\\/wp-content\\\/uploads\\\/2020\\\/11\\\/BLOC_RF_IHEDN_WEB.png\",\"width\":500,\"height\":237,\"caption\":\"IHEDN - Institut des Hautes Etudes de D\u00e9fense Nationale\"},\"image\":{\"@id\":\"https:\\\/\\\/ihedn.fr\\\/#\\\/schema\\\/logo\\\/image\\\/\"},\"sameAs\":[\"https:\\\/\\\/www.facebook.com\\\/ihedn\\\/\",\"https:\\\/\\\/x.com\\\/IHEDN\",\"https:\\\/\\\/www.instagram.com\\\/ihedn\\\/\",\"https:\\\/\\\/www.linkedin.com\\\/school\\\/ihedn\\\/\",\"https:\\\/\\\/fr.wikipedia.org\\\/wiki\\\/Institut_des_hautes_\u00e9tudes_de_D\u00e9fense_nationale\"]},{\"@type\":\"Person\",\"@id\":\"https:\\\/\\\/ihedn.fr\\\/#\\\/schema\\\/person\\\/16d49c2bd0121499ea9b9023ce89826c\",\"name\":\"Ad\u00e8le Thoumieux\",\"image\":{\"@type\":\"ImageObject\",\"inLanguage\":\"en-GB\",\"@id\":\"https:\\\/\\\/secure.gravatar.com\\\/avatar\\\/64fc58d14679bdd185946349bcb229b06e37d30d6290c2bec15f1daa8f8e0ece?s=96&d=mm&r=g\",\"url\":\"https:\\\/\\\/secure.gravatar.com\\\/avatar\\\/64fc58d14679bdd185946349bcb229b06e37d30d6290c2bec15f1daa8f8e0ece?s=96&d=mm&r=g\",\"contentUrl\":\"https:\\\/\\\/secure.gravatar.com\\\/avatar\\\/64fc58d14679bdd185946349bcb229b06e37d30d6290c2bec15f1daa8f8e0ece?s=96&d=mm&r=g\",\"caption\":\"Ad\u00e8le Thoumieux\"},\"sameAs\":[\"http:\\\/\\\/ihedn.fr\"],\"url\":\"https:\\\/\\\/ihedn.fr\\\/en\\\/author\\\/thoumieux\\\/\"}]}<\/script>\n<!-- \/ Yoast SEO plugin. -->","yoast_head_json":{"title":"IHEDN committed to promoting the role of women in defence - L'IHEDN : Institut des hautes \u00e9tudes de d\u00e9fense nationale","description":"Fascinating lectures, highly instructive visits and presentations, brainstorming sessions... 78 students and young professionals met in Toulon from 1 to 4 July as part of the 145th IHEDN Young People's Cycle.","robots":{"index":"index","follow":"follow","max-snippet":"max-snippet:-1","max-image-preview":"max-image-preview:large","max-video-preview":"max-video-preview:-1"},"canonical":"https:\/\/ihedn.fr\/en\/notre-actualite\/lihedn-engage-pour-la-place-des-femmes-dans-la-defense\/","og_locale":"en_GB","og_type":"article","og_title":"L\u2019IHEDN engag\u00e9 pour la place des femmes dans la d\u00e9fense","og_description":"Invit\u00e9 \u00e0 l\u2019h\u00f4tel de Brienne par le Think & Do Tank Marie-Claire \u2013 Agir pour l\u2019\u00e9galit\u00e9, le g\u00e9n\u00e9ral Beno\u00eet Durieux appelle \u00e0 mettre en lumi\u00e8re les parcours de femmes et cr\u00e9er des figures mod\u00e8les afin de briser les st\u00e9r\u00e9otypes et encourager les femmes \u00e0 se projeter dans les m\u00e9tiers de la d\u00e9fense.","og_url":"https:\/\/ihedn.fr\/en\/notre-actualite\/lihedn-engage-pour-la-place-des-femmes-dans-la-defense\/","og_site_name":"L&#039;IHEDN : Institut des hautes \u00e9tudes de d\u00e9fense nationale","article_publisher":"https:\/\/www.facebook.com\/ihedn\/","article_published_time":"2024-08-01T14:01:18+00:00","article_modified_time":"2024-08-01T14:03:32+00:00","og_image":[{"width":512,"height":341,"url":"https:\/\/ihedn.fr\/wp-content\/uploads\/2024\/08\/hl-45744124568.jpg","type":"image\/jpeg"}],"author":"Ad\u00e8le Thoumieux","twitter_card":"summary_large_image","twitter_title":"L\u2019IHEDN engag\u00e9 pour la place des femmes dans la d\u00e9fense","twitter_description":"Invit\u00e9 \u00e0 l\u2019h\u00f4tel de Brienne par le Think & Do Tank Marie-Claire \u2013 Agir pour l\u2019\u00e9galit\u00e9, le g\u00e9n\u00e9ral Beno\u00eet Durieux appelle \u00e0 mettre en lumi\u00e8re les parcours de femmes et cr\u00e9er des figures mod\u00e8les afin de briser les st\u00e9r\u00e9otypes et encourager les femmes \u00e0 se projeter dans les m\u00e9tiers de la d\u00e9fense.","twitter_image":"https:\/\/ihedn.fr\/wp-content\/uploads\/2024\/08\/hl-45744124568.jpg","twitter_creator":"@IHEDN","twitter_site":"@IHEDN","twitter_misc":{"Written by":"Ad\u00e8le Thoumieux","Estimated reading time":"3 minutes"},"schema":{"@context":"https:\/\/schema.org","@graph":[{"@type":"Article","@id":"https:\/\/ihedn.fr\/notre-actualite\/lihedn-engage-pour-la-place-des-femmes-dans-la-defense\/#article","isPartOf":{"@id":"https:\/\/ihedn.fr\/notre-actualite\/lihedn-engage-pour-la-place-des-femmes-dans-la-defense\/"},"author":{"name":"Ad\u00e8le Thoumieux","@id":"https:\/\/ihedn.fr\/#\/schema\/person\/16d49c2bd0121499ea9b9023ce89826c"},"headline":"L\u2019IHEDN engag\u00e9 pour la place des femmes dans la d\u00e9fense","datePublished":"2024-08-01T14:01:18+00:00","dateModified":"2024-08-01T14:03:32+00:00","mainEntityOfPage":{"@id":"https:\/\/ihedn.fr\/notre-actualite\/lihedn-engage-pour-la-place-des-femmes-dans-la-defense\/"},"wordCount":596,"publisher":{"@id":"https:\/\/ihedn.fr\/#organization"},"image":{"@id":"https:\/\/ihedn.fr\/notre-actualite\/lihedn-engage-pour-la-place-des-femmes-dans-la-defense\/#primaryimage"},"thumbnailUrl":"https:\/\/ihedn.fr\/wp-content\/uploads\/2024\/08\/hl-45744124568.jpg","articleSection":["Notre actualit\u00e9"],"inLanguage":"en-GB"},{"@type":"WebPage","@id":"https:\/\/ihedn.fr\/notre-actualite\/lihedn-engage-pour-la-place-des-femmes-dans-la-defense\/","url":"https:\/\/ihedn.fr\/notre-actualite\/lihedn-engage-pour-la-place-des-femmes-dans-la-defense\/","name":"IHEDN committed to promoting the role of women in defence - L'IHEDN : Institut des hautes \u00e9tudes de d\u00e9fense nationale","isPartOf":{"@id":"https:\/\/ihedn.fr\/#website"},"primaryImageOfPage":{"@id":"https:\/\/ihedn.fr\/notre-actualite\/lihedn-engage-pour-la-place-des-femmes-dans-la-defense\/#primaryimage"},"image":{"@id":"https:\/\/ihedn.fr\/notre-actualite\/lihedn-engage-pour-la-place-des-femmes-dans-la-defense\/#primaryimage"},"thumbnailUrl":"https:\/\/ihedn.fr\/wp-content\/uploads\/2024\/08\/hl-45744124568.jpg","datePublished":"2024-08-01T14:01:18+00:00","dateModified":"2024-08-01T14:03:32+00:00","description":"Fascinating lectures, highly instructive visits and presentations, brainstorming sessions... 78 students and young professionals met in Toulon from 1 to 4 July as part of the 145th IHEDN Young People's Cycle.","breadcrumb":{"@id":"https:\/\/ihedn.fr\/notre-actualite\/lihedn-engage-pour-la-place-des-femmes-dans-la-defense\/#breadcrumb"},"inLanguage":"en-GB","potentialAction":[{"@type":"ReadAction","target":["https:\/\/ihedn.fr\/notre-actualite\/lihedn-engage-pour-la-place-des-femmes-dans-la-defense\/"]}]},{"@type":"ImageObject","inLanguage":"en-GB","@id":"https:\/\/ihedn.fr\/notre-actualite\/lihedn-engage-pour-la-place-des-femmes-dans-la-defense\/#primaryimage","url":"https:\/\/ihedn.fr\/wp-content\/uploads\/2024\/08\/hl-45744124568.jpg","contentUrl":"https:\/\/ihedn.fr\/wp-content\/uploads\/2024\/08\/hl-45744124568.jpg","width":512,"height":341,"caption":"Copyright : aflament.art"},{"@type":"BreadcrumbList","@id":"https:\/\/ihedn.fr\/notre-actualite\/lihedn-engage-pour-la-place-des-femmes-dans-la-defense\/#breadcrumb","itemListElement":[{"@type":"ListItem","position":1,"name":"Accueil","item":"https:\/\/ihedn.fr\/"},{"@type":"ListItem","position":2,"name":"L\u2019IHEDN engag\u00e9 pour la place des femmes dans la d\u00e9fense"}]},{"@type":"WebSite","@id":"https:\/\/ihedn.fr\/#website","url":"https:\/\/ihedn.fr\/","name":"IHEDN: Institut des hautes \u00e9tudes de d\u00e9fense nationale (Institute for Higher National Defence Studies)","description":"Official website of the IHEDN under the supervision of the Prime Minister.","publisher":{"@id":"https:\/\/ihedn.fr\/#organization"},"potentialAction":[{"@type":"SearchAction","target":{"@type":"EntryPoint","urlTemplate":"https:\/\/ihedn.fr\/?s={search_term_string}"},"query-input":{"@type":"PropertyValueSpecification","valueRequired":true,"valueName":"search_term_string"}}],"inLanguage":"en-GB"},{"@type":"Organization","@id":"https:\/\/ihedn.fr\/#organization","name":"IHEDN - Institute for Higher National Defence Studies","url":"https:\/\/ihedn.fr\/","logo":{"@type":"ImageObject","inLanguage":"en-GB","@id":"https:\/\/ihedn.fr\/#\/schema\/logo\/image\/","url":"https:\/\/ihedn.fr\/wp-content\/uploads\/2020\/11\/BLOC_RF_IHEDN_WEB.png","contentUrl":"https:\/\/ihedn.fr\/wp-content\/uploads\/2020\/11\/BLOC_RF_IHEDN_WEB.png","width":500,"height":237,"caption":"IHEDN - Institut des Hautes Etudes de D\u00e9fense Nationale"},"image":{"@id":"https:\/\/ihedn.fr\/#\/schema\/logo\/image\/"},"sameAs":["https:\/\/www.facebook.com\/ihedn\/","https:\/\/x.com\/IHEDN","https:\/\/www.instagram.com\/ihedn\/","https:\/\/www.linkedin.com\/school\/ihedn\/","https:\/\/fr.wikipedia.org\/wiki\/Institut_des_hautes_\u00e9tudes_de_D\u00e9fense_nationale"]},{"@type":"Person","@id":"https:\/\/ihedn.fr\/#\/schema\/person\/16d49c2bd0121499ea9b9023ce89826c","name":"Ad\u00e8le Thoumieux","image":{"@type":"ImageObject","inLanguage":"en-GB","@id":"https:\/\/secure.gravatar.com\/avatar\/64fc58d14679bdd185946349bcb229b06e37d30d6290c2bec15f1daa8f8e0ece?s=96&d=mm&r=g","url":"https:\/\/secure.gravatar.com\/avatar\/64fc58d14679bdd185946349bcb229b06e37d30d6290c2bec15f1daa8f8e0ece?s=96&d=mm&r=g","contentUrl":"https:\/\/secure.gravatar.com\/avatar\/64fc58d14679bdd185946349bcb229b06e37d30d6290c2bec15f1daa8f8e0ece?s=96&d=mm&r=g","caption":"Ad\u00e8le Thoumieux"},"sameAs":["http:\/\/ihedn.fr"],"url":"https:\/\/ihedn.fr\/en\/author\/thoumieux\/"}]}},"publishpress_future_action":{"enabled":false,"date":"2026-05-08 23:28:09","action":"change-status","newStatus":"draft","terms":[],"taxonomy":"category","extraData":[]},"publishpress_future_workflow_manual_trigger":{"enabledWorkflows":[]},"_links":{"self":[{"href":"https:\/\/ihedn.fr\/en\/wp-json\/wp\/v2\/posts\/49592","targetHints":{"allow":["GET"]}}],"collection":[{"href":"https:\/\/ihedn.fr\/en\/wp-json\/wp\/v2\/posts"}],"about":[{"href":"https:\/\/ihedn.fr\/en\/wp-json\/wp\/v2\/types\/post"}],"author":[{"embeddable":true,"href":"https:\/\/ihedn.fr\/en\/wp-json\/wp\/v2\/users\/12"}],"replies":[{"embeddable":true,"href":"https:\/\/ihedn.fr\/en\/wp-json\/wp\/v2\/comments?post=49592"}],"version-history":[{"count":5,"href":"https:\/\/ihedn.fr\/en\/wp-json\/wp\/v2\/posts\/49592\/revisions"}],"predecessor-version":[{"id":49601,"href":"https:\/\/ihedn.fr\/en\/wp-json\/wp\/v2\/posts\/49592\/revisions\/49601"}],"wp:featuredmedia":[{"embeddable":true,"href":"https:\/\/ihedn.fr\/en\/wp-json\/wp\/v2\/media\/49595"}],"wp:attachment":[{"href":"https:\/\/ihedn.fr\/en\/wp-json\/wp\/v2\/media?parent=49592"}],"wp:term":[{"taxonomy":"category","embeddable":true,"href":"https:\/\/ihedn.fr\/en\/wp-json\/wp\/v2\/categories?post=49592"},{"taxonomy":"post_tag","embeddable":true,"href":"https:\/\/ihedn.fr\/en\/wp-json\/wp\/v2\/tags?post=49592"}],"curies":[{"name":"wp","href":"https:\/\/api.w.org\/{rel}","templated":true}]}}