{"id":49657,"date":"2024-08-12T08:52:37","date_gmt":"2024-08-12T07:52:37","guid":{"rendered":"https:\/\/ihedn.fr\/?p=49657"},"modified":"2025-09-03T15:45:37","modified_gmt":"2025-09-03T14:45:37","slug":"le-general-de-monsabert-figure-oubliee-de-la-liberation","status":"publish","type":"post","link":"https:\/\/ihedn.fr\/en\/lundis-de-lihedn\/le-general-de-monsabert-figure-oubliee-de-la-liberation\/","title":{"rendered":"General de Monsabert, the forgotten figure of the Liberation"},"content":{"rendered":"\t\t<div data-elementor-type=\"wp-post\" data-elementor-id=\"49657\" class=\"elementor elementor-49657\" data-elementor-post-type=\"post\">\n\t\t\t\t<div data-particle_enable=\"false\" data-particle-mobile-disabled=\"false\" class=\"elementor-element elementor-element-f8609d4 e-con-full e-flex e-con e-parent\" data-id=\"f8609d4\" data-element_type=\"container\" data-e-type=\"container\">\n\t\t\t\t<div class=\"elementor-element elementor-element-df994cb elementor-widget elementor-widget-heading\" data-id=\"df994cb\" data-element_type=\"widget\" data-e-type=\"widget\" data-widget_type=\"heading.default\">\n\t\t\t\t<div class=\"elementor-widget-container\">\n\t\t\t\t\t<h2 class=\"elementor-heading-title elementor-size-default\">DE 1944 \u00c0 2024, L\u2019ESPRIT DE D\u00c9FENSE EN PARTAGE<\/h2>\t\t\t\t<\/div>\n\t\t\t\t<\/div>\n\t\t\t\t<div class=\"elementor-element elementor-element-4dd5219 elementor-widget-divider--view-line elementor-widget elementor-widget-divider\" data-id=\"4dd5219\" data-element_type=\"widget\" data-e-type=\"widget\" data-widget_type=\"divider.default\">\n\t\t\t\t<div class=\"elementor-widget-container\">\n\t\t\t\t\t\t\t<div class=\"elementor-divider\">\n\t\t\t<span class=\"elementor-divider-separator\">\n\t\t\t\t\t\t<\/span>\n\t\t<\/div>\n\t\t\t\t\t\t<\/div>\n\t\t\t\t<\/div>\n\t\t\t\t<div class=\"elementor-element elementor-element-0bbc456 elementor-widget elementor-widget-text-editor\" data-id=\"0bbc456\" data-element_type=\"widget\" data-e-type=\"widget\" data-widget_type=\"text-editor.default\">\n\t\t\t\t<div class=\"elementor-widget-container\">\n\t\t\t\t\t\t\t\t\t<p>Lui-m\u00eame l\u2019avait pressenti, et m\u00eame \u00e9crit dans ses \u00ab\u00a0Notes de guerre\u00a0\u00bb\u00a0: aujourd\u2019hui, le g\u00e9n\u00e9ral de Monsabert est quelque peu oubli\u00e9, contrairement \u00e0 d\u2019autres figures de la Lib\u00e9ration comme les mar\u00e9chaux de France Leclerc, Juin ou De Lattre de Tassigny, dont les noms d\u00e9signent aujourd\u2019hui un nombre incalculable de voies dans tout le pays.<\/p><p>Pourtant, le lib\u00e9rateur de Marseille r\u00e9unissait autant que les trois autres (qui furent ses chefs ou son subordonn\u00e9 pour Leclerc) d\u2019\u00e9minentes qualit\u00e9s d\u2019officier\u00a0: brillant militaire, meneur d\u2019hommes exceptionnel, il a su aussi naviguer dans les complexes relations entre ces g\u00e9n\u00e9raux au caract\u00e8re parfois versatile, ses propres troupes (en grande partie issues d\u2019Afrique du Nord), celles de la R\u00e9sistance et l\u2019arm\u00e9e am\u00e9ricaine. Huit d\u00e9cennies plus tard, ses exploits et ceux de ses soldats participent de la culture de d\u00e9fense, que l\u2019IHEDN a pour mission de promouvoir.<\/p>\t\t\t\t\t\t\t\t<\/div>\n\t\t\t\t<\/div>\n\t\t\t\t<\/div>\n\t\t<div data-particle_enable=\"false\" data-particle-mobile-disabled=\"false\" class=\"elementor-element elementor-element-7bf256b e-con-full e-flex e-con e-parent\" data-id=\"7bf256b\" data-element_type=\"container\" data-e-type=\"container\">\n\t\t\t\t<div class=\"elementor-element elementor-element-618c98c elementor-widget elementor-widget-heading\" data-id=\"618c98c\" data-element_type=\"widget\" data-e-type=\"widget\" data-widget_type=\"heading.default\">\n\t\t\t\t<div class=\"elementor-widget-container\">\n\t\t\t\t\t<h2 class=\"elementor-heading-title elementor-size-default\">SOLDAT DE M\u00c9TIER ET DE TRADITION FAMILIALE<\/h2>\t\t\t\t<\/div>\n\t\t\t\t<\/div>\n\t\t\t\t<div class=\"elementor-element elementor-element-cbc595a elementor-widget-divider--view-line elementor-widget elementor-widget-divider\" data-id=\"cbc595a\" data-element_type=\"widget\" data-e-type=\"widget\" data-widget_type=\"divider.default\">\n\t\t\t\t<div class=\"elementor-widget-container\">\n\t\t\t\t\t\t\t<div class=\"elementor-divider\">\n\t\t\t<span class=\"elementor-divider-separator\">\n\t\t\t\t\t\t<\/span>\n\t\t<\/div>\n\t\t\t\t\t\t<\/div>\n\t\t\t\t<\/div>\n\t\t<div data-particle_enable=\"false\" data-particle-mobile-disabled=\"false\" class=\"elementor-element elementor-element-916e219 e-con-full e-flex e-con e-child\" data-id=\"916e219\" data-element_type=\"container\" data-e-type=\"container\">\n\t\t\t\t<div class=\"elementor-element elementor-element-ac5323e elementor-widget__width-initial elementor-widget elementor-widget-text-editor\" data-id=\"ac5323e\" data-element_type=\"widget\" data-e-type=\"widget\" data-widget_type=\"text-editor.default\">\n\t\t\t\t<div class=\"elementor-widget-container\">\n\t\t\t\t\t\t\t\t\t<p>Dans le documentaire \u00ab Ils \u00e9taient la France \u00bb, d\u2019\u00c9ric Blanchot (2004), consacr\u00e9 aux derniers tirailleurs alg\u00e9riens et \u00e0 leur r\u00f4le dans le d\u00e9barquement de Provence puis dans la Lib\u00e9ration de la France, une figure \u00e9mergeait\u00a0: celle du g\u00e9n\u00e9ral Joseph de Goislard de Monsabert. Plusieurs voix regrettaient que son aura ait \u00e9t\u00e9 \u00e9clips\u00e9e par celle de De Lattre.<\/p><p>Soldat de m\u00e9tier et de tradition familiale, \u00ab\u00a0colonial\u00a0\u00bb d\u00e8s sa sortie de Saint-Cyr, dans la promotion \u00ab\u00a0Maroc\u00a0\u00bb (1907), fin connaisseur de l\u2019Afrique du Nord, Monsabert incarne le cadre de l\u2019arm\u00e9e d\u2019Afrique, devenue Premi\u00e8re arm\u00e9e fran\u00e7aise. L\u2019\u00e9tude r\u00e9cente de l\u2019historienne Claire Miot l\u2019a montr\u00e9, cette arm\u00e9e, bien que d\u00e9mobilis\u00e9e apr\u00e8s l\u2019armistice de juin 1940, n\u2019en entretient pas moins un potentiel militaire que le d\u00e9barquement alli\u00e9 en Afrique du Nord (novembre 1942), puis l\u2019aide op\u00e9rationnelle et militaire am\u00e9ricaine, permettent de r\u00e9activer.<\/p><p>Pass\u00e9 les vives tensions entre le chef de cette arm\u00e9e, Henri Giraud, et Charles de Gaulle, celle-ci se met en ordre de marche. Elle se pr\u00e9pare d\u00e8s l\u2019automne 1943 \u00e0 livrer deux batailles fondatrices et meurtri\u00e8res, mais qui, \u00e0 c\u00f4t\u00e9 de l\u2019\u00e9pop\u00e9e de la 2<sup>e<\/sup> DB de Leclerc, restaurent l\u2019image du potentiel militaire fran\u00e7ais\u00a0: la campagne d\u2019Italie, o\u00f9 ces troupes jouent un r\u00f4le d\u00e9cisif de fer de lance, puis le d\u00e9barquement de Provence (15 ao\u00fbt 1944), dont l\u2019importance strat\u00e9gique, la difficult\u00e9 technique et l\u2019\u00e2pret\u00e9 des combats sont souvent sous-estim\u00e9es du fait de la comparaison avec le d\u00e9barquement initial de Normandie.<\/p>\t\t\t\t\t\t\t\t<\/div>\n\t\t\t\t<\/div>\n\t\t\t\t<\/div>\n\t\t<div data-particle_enable=\"false\" data-particle-mobile-disabled=\"false\" class=\"elementor-element elementor-element-70fe74a e-flex e-con-boxed e-con e-child\" data-id=\"70fe74a\" data-element_type=\"container\" data-e-type=\"container\">\n\t\t\t\t\t<div class=\"e-con-inner\">\n\t\t\t\t<div class=\"elementor-element elementor-element-d856619 elementor-widget elementor-widget-heading\" data-id=\"d856619\" data-element_type=\"widget\" data-e-type=\"widget\" data-widget_type=\"heading.default\">\n\t\t\t\t<div class=\"elementor-widget-container\">\n\t\t\t\t\t<h2 class=\"elementor-heading-title elementor-size-default\">AIM\u00c9 DE SES TROUPES POUR SA SIMPLICIT\u00c9 ET SA VIRTUOSIT\u00c9 AU COMBAT<\/h2>\t\t\t\t<\/div>\n\t\t\t\t<\/div>\n\t\t\t\t\t<\/div>\n\t\t\t\t<\/div>\n\t\t<div data-particle_enable=\"false\" data-particle-mobile-disabled=\"false\" class=\"elementor-element elementor-element-87820b8 e-con-full e-flex e-con e-child\" data-id=\"87820b8\" data-element_type=\"container\" data-e-type=\"container\">\n\t\t\t\t<div class=\"elementor-element elementor-element-ef9351b elementor-widget-divider--view-line elementor-widget elementor-widget-divider\" data-id=\"ef9351b\" data-element_type=\"widget\" data-e-type=\"widget\" data-widget_type=\"divider.default\">\n\t\t\t\t<div class=\"elementor-widget-container\">\n\t\t\t\t\t\t\t<div class=\"elementor-divider\">\n\t\t\t<span class=\"elementor-divider-separator\">\n\t\t\t\t\t\t<\/span>\n\t\t<\/div>\n\t\t\t\t\t\t<\/div>\n\t\t\t\t<\/div>\n\t\t\t\t<div class=\"elementor-element elementor-element-29cad00 elementor-widget__width-initial elementor-widget elementor-widget-text-editor\" data-id=\"29cad00\" data-element_type=\"widget\" data-e-type=\"widget\" data-widget_type=\"text-editor.default\">\n\t\t\t\t<div class=\"elementor-widget-container\">\n\t\t\t\t\t\t\t\t\t<p>C\u2019est l\u00e0 une injustice. D\u2019abord parce que comme toute op\u00e9ration amphibie, il s\u2019agit d\u2019une op\u00e9ration d\u00e9licate et risqu\u00e9e, que les Allemands accueillent par une r\u00e9sistance forte, \u00e0 Marseille et \u00e0 Toulon. Ensuite parce que ce d\u00e9barquement est porteur d\u2019effets tactiques importants, sa nouvelle facilitant par exemple le soul\u00e8vement de Paris.<\/p><p>Dans cette arm\u00e9e dirig\u00e9e par De Lattre de Tassigny, et anim\u00e9e par des figures triomphantes de la France libre comme les g\u00e9n\u00e9raux Edgard de Larminat ou Diego Brosset, la figure de Monsabert, moins imm\u00e9diatement flamboyante, plus tardive dans l\u2019engagement, se distingue pourtant. \u00ab\u00a0Gentilhomme gascon\u00a0\u00bb, aim\u00e9 de ses troupes pour sa simplicit\u00e9 et sa bonhommie comme pour sa virtuosit\u00e9 sur le plan op\u00e9rationnel, Monsabert n\u2019est pas anim\u00e9 de cette flamme presque tragique des coureurs d\u2019absolu de la France libre. Il est en revanche un remarquable chef op\u00e9rationnel, aim\u00e9 de ses hommes, particuli\u00e8rement la 3<sup>e<\/sup> Division d\u2019infanterie alg\u00e9rienne (DIA), qu\u2019il m\u00e8ne de la campagne de Tunisie \u00e0 Stuttgart, d\u2019o\u00f9 il vit la fin des combats.<\/p><p>C\u2019est enfin un homme qui ne s\u00e9pare pas son engagement militaire de sa foi chr\u00e9tienne, c\u00e9l\u00e9brant \u00e0 Notre-Dame de la Garde la lib\u00e9ration de Marseille\u00a0: \u00ab\u00a0C\u2019est la Vierge qui a tout fait.\u00a0\u00bb Sa capacit\u00e9 \u00e0 obtenir le meilleur de troupes alg\u00e9riennes et marocaines absolument d\u00e9cisives \u00e0 Toulon et \u00e0 Marseille en fait un acteur essentiel et m\u00e9connu de la Lib\u00e9ration, sur laquelle ses \u00ab\u00a0Notes de guerre\u00a0\u00bb offrent un t\u00e9moignage de premier plan.<\/p><p>Elles offrent \u00e9galement un \u00e9clairage sur l\u2019art du commandement, et sur ce lien avec ses troupes qu\u2019il n\u2019h\u00e9site pas \u00e0 qualifier de \u00ab familial \u00bb, profond\u00e9ment touch\u00e9 qu\u2019un goumi marocain l\u2019appelle \u00ab mon p\u00e8re \u00bb. \u00a0\u00ab L\u2019action du chef est presque insaisissable, je veux parler de celle qui est parfois la plus efficace \u00bb, \u00e9crit-il.<\/p>\t\t\t\t\t\t\t\t<\/div>\n\t\t\t\t<\/div>\n\t\t\t\t<\/div>\n\t\t\t\t<\/div>\n\t\t<div data-particle_enable=\"false\" data-particle-mobile-disabled=\"false\" class=\"elementor-element elementor-element-fde4645 e-con-full e-flex e-con e-parent\" data-id=\"fde4645\" data-element_type=\"container\" data-e-type=\"container\">\n\t\t\t\t<div class=\"elementor-element elementor-element-e6f7008 elementor-widget elementor-widget-heading\" data-id=\"e6f7008\" data-element_type=\"widget\" data-e-type=\"widget\" data-widget_type=\"heading.default\">\n\t\t\t\t<div class=\"elementor-widget-container\">\n\t\t\t\t\t<h2 class=\"elementor-heading-title elementor-size-default\">LE DILEMME DE L\u2019ARMISTICE DE JUIN 1940<\/h2>\t\t\t\t<\/div>\n\t\t\t\t<\/div>\n\t\t\t\t<div class=\"elementor-element elementor-element-141a941 elementor-widget-divider--view-line elementor-widget elementor-widget-divider\" data-id=\"141a941\" data-element_type=\"widget\" data-e-type=\"widget\" data-widget_type=\"divider.default\">\n\t\t\t\t<div class=\"elementor-widget-container\">\n\t\t\t\t\t\t\t<div class=\"elementor-divider\">\n\t\t\t<span class=\"elementor-divider-separator\">\n\t\t\t\t\t\t<\/span>\n\t\t<\/div>\n\t\t\t\t\t\t<\/div>\n\t\t\t\t<\/div>\n\t\t\t\t<div class=\"elementor-element elementor-element-c74c63d elementor-widget__width-initial elementor-widget elementor-widget-text-editor\" data-id=\"c74c63d\" data-element_type=\"widget\" data-e-type=\"widget\" data-widget_type=\"text-editor.default\">\n\t\t\t\t<div class=\"elementor-widget-container\">\n\t\t\t\t\t\t\t\t\t<p>N\u00e9 en septembre 1887 \u00e0 Libourne (Gironde), Joseph de Goislard de Monsabert appartient, comme De Gaulle (de trois ans son cadet), \u00e0 une g\u00e9n\u00e9ration \u00e9lev\u00e9e dans l\u2019id\u00e9e d\u2019une guerre de revanche. Mais contrairement au futur pr\u00e9sident de la R\u00e9publique, il s\u2019inscrit dans une famille de tradition militaire\u00a0: son chemin vers Saint-Cyr, qu\u2019il int\u00e8gre en 1907, est naturel.<\/p><p>Autre diff\u00e9rence notable avec De Gaulle, Monsabert choisit \u00e0 sa sortie une affectation dans l\u2019Empire, au Maroc. Il s\u2019agit l\u00e0 d\u2019un choix classique dans cette g\u00e9n\u00e9ration (ce sera par exemple celui de Juin, major de la promotion de De Gaulle deux ans plus tard)\u00a0: la solde est meilleure, la progression de grade plus rapide, enfin l\u2019imaginaire de cette g\u00e9n\u00e9ration de militaires fran\u00e7ais est marqu\u00e9 par des combats en Afrique ou en Asie.<\/p><p>Pr\u00e9sent \u00e0 la t\u00eate de la 9<sup>e<\/sup> compagnie de zouaves marocains, Monsabert est nomm\u00e9 capitaine en 1915, puis chef de bataillon \u00e0 la sortie d\u2019un conflit qui lui vaut sept citations. La paix le ram\u00e8ne en Afrique du Nord\u00a0: colonel en 1937, il dirige en 1939 le groupement du Sud tunisien, \u00e0 Blida.<\/p><p>Pour beaucoup d\u2019officiers de l\u2019arm\u00e9e d\u2019Afrique, l\u2019armistice de juin 1940 pose un dilemme\u00a0: quand De Gaulle appelle au r\u00f4le de l\u2019Empire dans la poursuite de la lutte, la loyaut\u00e9 \u00e0 Vichy pr\u00e9vaut majoritairement, sur le mod\u00e8le du g\u00e9n\u00e9ral Charles Nogu\u00e8s, commandant en chef des forces fran\u00e7aises d\u2019Afrique du Nord, qui reste sourd aux appels londoniens.<\/p>\t\t\t\t\t\t\t\t<\/div>\n\t\t\t\t<\/div>\n\t\t\t\t<div class=\"elementor-element elementor-element-a0a0226 elementor-widget elementor-widget-heading\" data-id=\"a0a0226\" data-element_type=\"widget\" data-e-type=\"widget\" data-widget_type=\"heading.default\">\n\t\t\t\t<div class=\"elementor-widget-container\">\n\t\t\t\t\t<h2 class=\"elementor-heading-title elementor-size-default\">MONSABERT N\u2019A \u00ab JAMAIS ACCEPT\u00c9 LA D\u00c9FAITE \u00bb <\/h2>\t\t\t\t<\/div>\n\t\t\t\t<\/div>\n\t\t\t\t<div class=\"elementor-element elementor-element-4d1289a elementor-widget-divider--view-line elementor-widget elementor-widget-divider\" data-id=\"4d1289a\" data-element_type=\"widget\" data-e-type=\"widget\" data-widget_type=\"divider.default\">\n\t\t\t\t<div class=\"elementor-widget-container\">\n\t\t\t\t\t\t\t<div class=\"elementor-divider\">\n\t\t\t<span class=\"elementor-divider-separator\">\n\t\t\t\t\t\t<\/span>\n\t\t<\/div>\n\t\t\t\t\t\t<\/div>\n\t\t\t\t<\/div>\n\t\t\t\t<div class=\"elementor-element elementor-element-90a22fd elementor-widget__width-initial elementor-widget elementor-widget-text-editor\" data-id=\"90a22fd\" data-element_type=\"widget\" data-e-type=\"widget\" data-widget_type=\"text-editor.default\">\n\t\t\t\t<div class=\"elementor-widget-container\">\n\t\t\t\t\t\t\t\t\t<p>Pourtant, ces arm\u00e9es n\u2019ont que peu connu la confrontation, et restent \u00e9trang\u00e8res au \u00ab\u00a0complexe\u00a0\u00bb nourri par les troupes enfonc\u00e9es et d\u00e9membr\u00e9es sur le front du Nord-Est de La France.<\/p><p>Monsabert regrette alors que les troupes n\u2019aient pas \u00e9t\u00e9 massivement envoy\u00e9es en Afrique du Nord\u00a0: \u00ab\u00a0L\u2019aviation, la marine auraient rejoint au complet. Et quelle impression formidable en Afrique, aupr\u00e8s de nos indig\u00e8nes\u00a0! Quelle coh\u00e9sion avec nous contre un ennemi qui serait devenu l\u2019ennemi le plus d\u00e9test\u00e9 que l\u2019on puisse imaginer\u00a0!\u00a0\u00bb<\/p><p>Mais il y oppose un sentiment d\u2019impuissance\u00a0: \u00ab\u00a0J\u2019ai la courte honte de sentir que j\u2019ai d\u00e9\u00e7u bien des c\u0153urs simples et francs. H\u00e9las, qu\u2019aurais-je pu faire\u00a0? M\u00eame pas faire couler du sang inutile\u00a0!\u00a0\u00bb Le d\u00e9barquement alli\u00e9 en Afrique du Nord de novembre 1942 met fin \u00e0 ce qu\u2019il nomme \u00ab\u00a0l\u2019entre-deux-guerres\u00a0\u00bb.<\/p><p>Prot\u00e9g\u00e9 par le g\u00e9n\u00e9ral Maxime Weygand, d\u00e9l\u00e9gu\u00e9 g\u00e9n\u00e9ral pour l\u2019Afrique du Nord du gouvernement de Vichy, qui le promeut g\u00e9n\u00e9ral en 1941 et le nomme \u00e0 Blida, Monsabert confesse n\u2019avoir \u00ab\u00a0jamais accept\u00e9 la d\u00e9faite\u00a0\u00bb\u00a0: \u00ab\u00a0Les r\u00e9giments de ma brigade me rendront justice que je leur ai toujours annonc\u00e9 la guerre et non la paix.\u00a0\u00bb<\/p>\t\t\t\t\t\t\t\t<\/div>\n\t\t\t\t<\/div>\n\t\t\t\t<div class=\"elementor-element elementor-element-8bed2b6 elementor-widget elementor-widget-heading\" data-id=\"8bed2b6\" data-element_type=\"widget\" data-e-type=\"widget\" data-widget_type=\"heading.default\">\n\t\t\t\t<div class=\"elementor-widget-container\">\n\t\t\t\t\t<h2 class=\"elementor-heading-title elementor-size-default\">LES FANTASSINS ALG\u00c9RIENS APR\u00c8S LES ZOUAVES MAROCAINS ET TIRAILLEURS TUNISIENS<\/h2>\t\t\t\t<\/div>\n\t\t\t\t<\/div>\n\t\t\t\t<div class=\"elementor-element elementor-element-3650e11 elementor-widget-divider--view-line elementor-widget elementor-widget-divider\" data-id=\"3650e11\" data-element_type=\"widget\" data-e-type=\"widget\" data-widget_type=\"divider.default\">\n\t\t\t\t<div class=\"elementor-widget-container\">\n\t\t\t\t\t\t\t<div class=\"elementor-divider\">\n\t\t\t<span class=\"elementor-divider-separator\">\n\t\t\t\t\t\t<\/span>\n\t\t<\/div>\n\t\t\t\t\t\t<\/div>\n\t\t\t\t<\/div>\n\t\t\t\t<div class=\"elementor-element elementor-element-fbc1692 elementor-widget__width-initial elementor-widget elementor-widget-text-editor\" data-id=\"fbc1692\" data-element_type=\"widget\" data-e-type=\"widget\" data-widget_type=\"text-editor.default\">\n\t\t\t\t<div class=\"elementor-widget-container\">\n\t\t\t\t\t\t\t\t\t<p>Proche fid\u00e8le de Giraud (dont il estime qu\u2019il a \u00ab\u00a0gard\u00e9 l\u2019arm\u00e9e fran\u00e7aise qui va se battre et lib\u00e9rer la France\u00a0\u00bb), il participe \u00e0 la campagne de Tunisie, avant de prendre en mars 1943 le commandement de la troisi\u00e8me division d\u2019infanterie alg\u00e9rienne.<\/p><p>Apr\u00e8s un \u00e9t\u00e9 de pr\u00e9paration au cours duquel il reste loyal \u00e0 Giraud dans son duel avec De Gaulle, il s\u2019envole le 13 d\u00e9cembre 1943 pour Naples et la \u00ab\u00a0grande aventure\u00a0\u00bb.<\/p><p>Sa vision est un m\u00e9lange d\u2019optimisme et de circonspection\u00a0: \u00ab\u00a0Cette arm\u00e9e fran\u00e7aise, reform\u00e9e, arm\u00e9e, \u00e9quip\u00e9e, instruite, elle vaut vingt fois les immenses arm\u00e9es alli\u00e9es, qui l\u2019appr\u00e9cient, certes, mais n\u2019admettaient pas qu\u2019elle fasse figure d\u2019alli\u00e9e plac\u00e9e sur le m\u00eame pied d\u2019\u00e9galit\u00e9. Alors, il faut y aller lentement, faire son nid dans la bataille, se montrer peu \u00e0 peu, s\u2019imposer, se faire valoir, avant de rentrer en France, pour y \u00eatre les ma\u00eetres un jour.\u00a0\u00bb<\/p><p>L\u2019engagement de la Premi\u00e8re arm\u00e9e fran\u00e7aise en Italie est une renaissance militaire. Celle-ci doit beaucoup aux armements et aux concepts op\u00e9rationnels am\u00e9ricains, mais \u00e9galement \u00e0 une strat\u00e9gie r\u00e9solument offensive, oubli\u00e9e en 1940. \u00ab\u00a0Ce qui me fait plaisir, c\u2019est cette pouss\u00e9e en avant\u00a0\u00bb, confie Juin \u00e0 Monsabert.<\/p>\t\t\t\t\t\t\t\t<\/div>\n\t\t\t\t<\/div>\n\t\t\t\t<div class=\"elementor-element elementor-element-7709fe6 elementor-widget elementor-widget-heading\" data-id=\"7709fe6\" data-element_type=\"widget\" data-e-type=\"widget\" data-widget_type=\"heading.default\">\n\t\t\t\t<div class=\"elementor-widget-container\">\n\t\t\t\t\t<h2 class=\"elementor-heading-title elementor-size-default\">\u00ab MES HOMMES SONT \u00c0 BOUT \u00bb<\/h2>\t\t\t\t<\/div>\n\t\t\t\t<\/div>\n\t\t\t\t<div class=\"elementor-element elementor-element-e1a99f5 elementor-widget-divider--view-line elementor-widget elementor-widget-divider\" data-id=\"e1a99f5\" data-element_type=\"widget\" data-e-type=\"widget\" data-widget_type=\"divider.default\">\n\t\t\t\t<div class=\"elementor-widget-container\">\n\t\t\t\t\t\t\t<div class=\"elementor-divider\">\n\t\t\t<span class=\"elementor-divider-separator\">\n\t\t\t\t\t\t<\/span>\n\t\t<\/div>\n\t\t\t\t\t\t<\/div>\n\t\t\t\t<\/div>\n\t\t\t\t<div class=\"elementor-element elementor-element-e246f3e elementor-widget__width-initial elementor-widget elementor-widget-text-editor\" data-id=\"e246f3e\" data-element_type=\"widget\" data-e-type=\"widget\" data-widget_type=\"text-editor.default\">\n\t\t\t\t<div class=\"elementor-widget-container\">\n\t\t\t\t\t\t\t\t\t<p>Les combats acharn\u00e9s sur la ligne Gustave (ensemble de fortifications coupant la p\u00e9ninsule italienne \u00e0 son niveau le plus \u00e9troit), symbolis\u00e9s par la prise de la cr\u00eate du Belv\u00e9d\u00e8re, engagent l\u2019h\u00e9ro\u00efsme et la rusticit\u00e9 des tirailleurs alg\u00e9riens et des goumiers marocains, et le sacrifice des tirailleurs tunisiens (plus de la moiti\u00e9 du 4<sup>e<\/sup> R\u00e9giment de tirailleurs tunisiens donne sa vie en une dizaine de jours de combats, du 25 janvier au 4 f\u00e9vrier 1944).<\/p><p>Monsabert ne le cache pas\u00a0: \u00ab\u00a0Mes hommes sont \u00e0 bout, je devine leur \u00e9tat de fatigue physique et nerveuse. Mes ordres d\u2019attaque sont des actes de volont\u00e9. Il faut fermer son c\u0153ur aux plaintes des sous-ordres, aux \u00e9tats des pertes. Il ne faut voir que le but\u00a0: avoir prise sur le dernier quart d\u2019heure.\u00a0\u00bb<\/p><p>La t\u00eate de pont \u00e9tablie dans le massif du Cairo conditionne l\u2019avanc\u00e9e am\u00e9ricaine au Nord du Mont Cassin. Monsabert peut exulter\u00a0: \u00ab\u00a0La victoire est un acte de foi\u00a0! Rien sans risques\u00a0\u00bb, citant les f\u00e9licitations de Juin\u00a0: \u00ab\u00a0Vous gagnez la bataille \u00e0 vous tout seul.\u00a0\u00bb Et reconna\u00eetre la gr\u00e2ce qui a port\u00e9 ses hommes au combat\u00a0: \u00ab\u00a0La France est l\u00e0 [\u2026] Je le leur ai dit. Avec un merci, un simple merci.\u00a0\u00bb<\/p>\t\t\t\t\t\t\t\t<\/div>\n\t\t\t\t<\/div>\n\t\t\t\t<div class=\"elementor-element elementor-element-18c0b62 elementor-widget elementor-widget-heading\" data-id=\"18c0b62\" data-element_type=\"widget\" data-e-type=\"widget\" data-widget_type=\"heading.default\">\n\t\t\t\t<div class=\"elementor-widget-container\">\n\t\t\t\t\t<h2 class=\"elementor-heading-title elementor-size-default\">UNE FORME DE D\u00c9FIANCE ENVERS DE GAULLE<\/h2>\t\t\t\t<\/div>\n\t\t\t\t<\/div>\n\t\t\t\t<div class=\"elementor-element elementor-element-52d6705 elementor-widget-divider--view-line elementor-widget elementor-widget-divider\" data-id=\"52d6705\" data-element_type=\"widget\" data-e-type=\"widget\" data-widget_type=\"divider.default\">\n\t\t\t\t<div class=\"elementor-widget-container\">\n\t\t\t\t\t\t\t<div class=\"elementor-divider\">\n\t\t\t<span class=\"elementor-divider-separator\">\n\t\t\t\t\t\t<\/span>\n\t\t<\/div>\n\t\t\t\t\t\t<\/div>\n\t\t\t\t<\/div>\n\t\t\t\t<div class=\"elementor-element elementor-element-78ffc0e elementor-widget__width-initial elementor-widget elementor-widget-text-editor\" data-id=\"78ffc0e\" data-element_type=\"widget\" data-e-type=\"widget\" data-widget_type=\"text-editor.default\">\n\t\t\t\t<div class=\"elementor-widget-container\">\n\t\t\t\t\t\t\t\t\t<p>La remont\u00e9e du front italien se poursuit, \u00e2pre. Le 5 mars, Monsabert re\u00e7oit la visite de De Gaulle\u00a0: \u00ab\u00a0Vous \u00eates des soldats, je m\u2019adresse \u00e0 des soldats. Je suis oblig\u00e9 de man\u0153uvrer. La partie est dure. Il faut sauver l\u2019arm\u00e9e fran\u00e7aise d\u2019abord.\u00a0\u00bb \u00c0 quoi Monsabert r\u00e9pond\u00a0: \u00ab\u00a0C\u2019est la meilleure carte de la France.\u00a0\u00bb<\/p><p>De Gaulle, d\u00e9j\u00e0 chef de l\u2019\u00c9tat plus que militaire, acceptant les \u00ab\u00a0r\u00e9fugi\u00e9s de la IIIe R\u00e9publique\u00a0\u00bb, nourrira toujours chez Monsabert une forme de d\u00e9fiance. Il la contrebalance par son souci, constant, obsessionnel, de maintenir une \u00ab\u00a0unit\u00e9\u00a0\u00bb fran\u00e7aise, qui avait manqu\u00e9 en 1940, et qui constitue pour lui la cl\u00e9 du renouveau, l\u2019arm\u00e9e en \u00e9tant le creuset.<\/p><p>Pourtant le combat continue, acharn\u00e9, devant un ennemi qui se d\u00e9compose progressivement. Au contact de ses tirailleurs, Monsabert maintient une dynamique, une duret\u00e9 au feu dont il convient avec modestie\u00a0: \u00ab\u00a0On se pla\u00eet \u00e0 reconna\u00eetre le moral, le tonus de ma division. Peut-\u00eatre mon \u0153uvre est-elle beaucoup plus dans la formation, l\u2019entretien, l\u2019\u00e9panouissement de cette \u00e2me que dans le plus ou moins de sagacit\u00e9 dont je puis faire preuve dans son emploi.\u00a0\u00bb<\/p><p>Entre l\u2019entr\u00e9e \u00e0 Rome (5 juin) et celle \u00e0 Sienne (3 juillet), il est fait Compagnon de la Lib\u00e9ration, le 29 juin, par le g\u00e9n\u00e9ral de Gaulle.<\/p>\t\t\t\t\t\t\t\t<\/div>\n\t\t\t\t<\/div>\n\t\t\t\t<div class=\"elementor-element elementor-element-3d3a204 elementor-widget elementor-widget-heading\" data-id=\"3d3a204\" data-element_type=\"widget\" data-e-type=\"widget\" data-widget_type=\"heading.default\">\n\t\t\t\t<div class=\"elementor-widget-container\">\n\t\t\t\t\t<h2 class=\"elementor-heading-title elementor-size-default\">LE D\u00c9BARQUEMENT DE PROVENCE, UNE \u00ab FURIA FRANCESE \u00bb<\/h2>\t\t\t\t<\/div>\n\t\t\t\t<\/div>\n\t\t\t\t<div class=\"elementor-element elementor-element-a709372 elementor-widget-divider--view-line elementor-widget elementor-widget-divider\" data-id=\"a709372\" data-element_type=\"widget\" data-e-type=\"widget\" data-widget_type=\"divider.default\">\n\t\t\t\t<div class=\"elementor-widget-container\">\n\t\t\t\t\t\t\t<div class=\"elementor-divider\">\n\t\t\t<span class=\"elementor-divider-separator\">\n\t\t\t\t\t\t<\/span>\n\t\t<\/div>\n\t\t\t\t\t\t<\/div>\n\t\t\t\t<\/div>\n\t\t\t\t<\/div>\n\t\t<div data-particle_enable=\"false\" data-particle-mobile-disabled=\"false\" class=\"elementor-element elementor-element-f238b6f e-flex e-con-boxed e-con e-parent\" data-id=\"f238b6f\" data-element_type=\"container\" data-e-type=\"container\">\n\t\t\t\t\t<div class=\"e-con-inner\">\n\t\t<div data-particle_enable=\"false\" data-particle-mobile-disabled=\"false\" class=\"elementor-element elementor-element-a3cd7cf e-con-full e-flex e-con e-child\" data-id=\"a3cd7cf\" data-element_type=\"container\" data-e-type=\"container\">\n\t\t\t\t<div class=\"elementor-element elementor-element-5e51fb0 elementor-widget elementor-widget-image\" data-id=\"5e51fb0\" data-element_type=\"widget\" data-e-type=\"widget\" data-widget_type=\"image.default\">\n\t\t\t\t<div class=\"elementor-widget-container\">\n\t\t\t\t\t\t\t\t\t\t\t\t<figure class=\"wp-caption\">\n\t\t\t\t\t\t\t\t\t\t<img fetchpriority=\"high\" decoding=\"async\" width=\"263\" height=\"842\" src=\"https:\/\/ihedn.fr\/wp-content\/uploads\/2024\/08\/monsabert.jpg\" class=\"attachment-1536x1536 size-1536x1536 wp-image-49660\" alt=\"\" srcset=\"https:\/\/ihedn.fr\/wp-content\/uploads\/2024\/08\/monsabert.jpg 263w, https:\/\/ihedn.fr\/wp-content\/uploads\/2024\/08\/monsabert-4x12.jpg 4w\" sizes=\"(max-width: 263px) 100vw, 263px\" \/>\t\t\t\t\t\t\t\t\t\t\t<figcaption class=\"widget-image-caption wp-caption-text\">Le g\u00e9n\u00e9ral de Monsabert au Vieux-Port de Marseille, fin ao\u00fbt 1944.<\/figcaption>\n\t\t\t\t\t\t\t\t\t\t<\/figure>\n\t\t\t\t\t\t\t\t\t<\/div>\n\t\t\t\t<\/div>\n\t\t\t\t<\/div>\n\t\t<div data-particle_enable=\"false\" data-particle-mobile-disabled=\"false\" class=\"elementor-element elementor-element-1bed1a0 e-con-full e-flex e-con e-child\" data-id=\"1bed1a0\" data-element_type=\"container\" data-e-type=\"container\">\n\t\t\t\t<div class=\"elementor-element elementor-element-127160d elementor-widget elementor-widget-text-editor\" data-id=\"127160d\" data-element_type=\"widget\" data-e-type=\"widget\" data-widget_type=\"text-editor.default\">\n\t\t\t\t<div class=\"elementor-widget-container\">\n\t\t\t\t\t\t\t\t\t<p>Le d\u00e9barquement de Provence est sans doute bien plus que celui de Normandie le d\u00e9barquement des arm\u00e9es fran\u00e7aises. Si Leclerc et la 2<sup>e<\/sup> DB sont \u00e0 l\u2019\u0153uvre d\u00e8s le 1<sup>er<\/sup> ao\u00fbt \u00e0 Utah Beach, c\u2019est pr\u00e8s de 230 000 soldats fran\u00e7ais qui participent \u00e0 l\u2019op\u00e9ration \u00ab\u00a0Dragoon\u00a0\u00bb \u00e0 partir du 15 sur les c\u00f4tes m\u00e9diterran\u00e9ennes. Pour Monsabert et sa division, c\u2019est l\u2019adieu \u00e0 Juin, \u00e0 Sienne, et le passage sous le commandement de De Lattre de Tassigny, dont la personnalit\u00e9 plus changeante le d\u00e9concerte parfois.<\/p><p>C\u2019est en baie de Ga\u00e8te, pr\u00e8s de Naples, que ses troupes se r\u00e9g\u00e9n\u00e8rent, et se pr\u00e9parent \u00e0 la \u00ab\u00a0lourde machine de d\u00e9barquement\u00a0\u00bb. Quand celui-ci intervient, le 15 ao\u00fbt, \u00ab\u00a0on ne fait qu\u2019un, une grande force unie vers la France\u00a0\u00bb. Au d\u00e9barquement (\u00ab\u00a0France, la troisi\u00e8me division d\u2019infanterie alg\u00e9rienne ram\u00e8ne des drapeaux vainqueurs\u00a0!\u00a0\u00bb), Monsabert, un temps d\u00e9contenanc\u00e9 par l\u2019absence de r\u00e9sistance allemande imm\u00e9diate, se lance \u00e0 l\u2019assaut de Marseille, o\u00f9 les Forces fran\u00e7aises de l\u2019int\u00e9rieur (FFI) se sont soulev\u00e9es et l\u2019appellent au renfort.<\/p><p>Dans un contexte confus et dangereux, fait de rivalit\u00e9s entre les FFI et de \u00ab\u00a0fusillades auxquelles on ne comprend rien\u00a0\u00bb, la n\u00e9gociation directe avec le g\u00e9n\u00e9ral allemand, Schaeffer, au fort Saint-Jean, ne donne rien\u00a0: \u00a0ce n\u2019est que le 28 ao\u00fbt, apr\u00e8s de durs combats et le souci constant de sauvegarder le patrimoine urbain (Notre-Dame de la Garde), que Monsabert re\u00e7oit la capitulation allemande\u00a0: \u00ab\u00a0Au fond, nous \u00e9tions d\u2019accord d\u2019avance, et je leur ai fait la part belle pour sauver Marseille et rendre disponible ma division pour la poursuite de demain\u00a0\u00bb. \u00a0<\/p>\t\t\t\t\t\t\t\t<\/div>\n\t\t\t\t<\/div>\n\t\t\t\t<\/div>\n\t\t\t\t\t<\/div>\n\t\t\t\t<\/div>\n\t\t<div data-particle_enable=\"false\" data-particle-mobile-disabled=\"false\" class=\"elementor-element elementor-element-d7f7a91 e-flex e-con-boxed e-con e-parent\" data-id=\"d7f7a91\" data-element_type=\"container\" data-e-type=\"container\">\n\t\t\t\t\t<div class=\"e-con-inner\">\n\t\t\t\t<div class=\"elementor-element elementor-element-1c4eb07 elementor-widget elementor-widget-heading\" data-id=\"1c4eb07\" data-element_type=\"widget\" data-e-type=\"widget\" data-widget_type=\"heading.default\">\n\t\t\t\t<div class=\"elementor-widget-container\">\n\t\t\t\t\t<h2 class=\"elementor-heading-title elementor-size-default\">LES ARM\u00c9ES FRAN\u00c7AISE ET AM\u00c9RICAINE, \u00ab DEUX CHIENS ATTACH\u00c9S PAR LA QUEUE \u00bb<\/h2>\t\t\t\t<\/div>\n\t\t\t\t<\/div>\n\t\t\t\t<div class=\"elementor-element elementor-element-9d6281e elementor-widget-divider--view-line elementor-widget elementor-widget-divider\" data-id=\"9d6281e\" data-element_type=\"widget\" data-e-type=\"widget\" data-widget_type=\"divider.default\">\n\t\t\t\t<div class=\"elementor-widget-container\">\n\t\t\t\t\t\t\t<div class=\"elementor-divider\">\n\t\t\t<span class=\"elementor-divider-separator\">\n\t\t\t\t\t\t<\/span>\n\t\t<\/div>\n\t\t\t\t\t\t<\/div>\n\t\t\t\t<\/div>\n\t\t\t\t\t<\/div>\n\t\t\t\t<\/div>\n\t\t<div data-particle_enable=\"false\" data-particle-mobile-disabled=\"false\" class=\"elementor-element elementor-element-5ed07d7 e-flex e-con-boxed e-con e-parent\" data-id=\"5ed07d7\" data-element_type=\"container\" data-e-type=\"container\">\n\t\t\t\t\t<div class=\"e-con-inner\">\n\t\t\t\t<div class=\"elementor-element elementor-element-23282a9 elementor-widget elementor-widget-text-editor\" data-id=\"23282a9\" data-element_type=\"widget\" data-e-type=\"widget\" data-widget_type=\"text-editor.default\">\n\t\t\t\t<div class=\"elementor-widget-container\">\n\t\t\t\t\t\t\t\t\t<p>Et de conna\u00eetre cette journ\u00e9e du 29 ao\u00fbt, \u00ab\u00a0\u00e9crasante de gloire\u00a0\u00bb\u00a0: \u00ab Les\u00a0quais du Vieux-Port encadr\u00e9s de troupes, tirailleurs et goumiers coup\u00e9s de noubas et, barrant le d\u00e9bouch\u00e9 de la Canebi\u00e8re sur le quai des Belges, tous mes drapeaux\u00a0!\u00a0\u00bb Un moment de communion avec ses hommes suit, \u00ab\u00a0leur bon sourire reconnaissant, mes belles victoires, parce que j\u2019\u00e9tais aim\u00e9 et suivi\u00a0\u00bb.<\/p><p>La remont\u00e9e qui s\u2019ensuit est triomphale sur le plan militaire\u00a0: Privas, Saint-\u00c9tienne le 3 septembre, Lyon le 4. Elle est aussi complexe sur le plan politique, le lien parfois conflictuel avec les FFI nourrissant le sentiment d\u2019une mise au ban de l\u2019arm\u00e9e d\u2019Afrique, et l\u2019interop\u00e9rabilit\u00e9 avec les troupes am\u00e9ricaines faisant l\u2019effet \u00e0 Monsabert de \u00ab\u00a0deux chiens attach\u00e9s par la queue\u00a0\u00bb. Nomm\u00e9 Gouverneur de Strasbourg, Monsabert lutte pour conserver son commandement le temps de \u00ab\u00a0rejeter l\u2019ennemi jusqu\u2019au Rhin\u00a0\u00bb\u00a0: il a alors sous ses ordres le g\u00e9n\u00e9ral Leclerc, jouant un r\u00f4le complexe d\u2019intercesseur entre lui et De Lattre.<\/p><p>Ses mots pendant la si rude campagne de l\u2019hiver 1944-1945 sont pour ses tirailleurs, \u00ab\u00a0bless\u00e9s trois fois pour se faire tuer la quatri\u00e8me\u00a0\u00bb, et pour la \u00ab\u00a0famille militaire\u00a0\u00bb qu\u2019il constitue avec eux\u00a0: \u00ab\u00a0Faire une famille avec ceux qui servent et qu\u2019on conduit \u00e0 la mort\u00a0! Tout le secret du commandement est l\u00e0.\u00a0\u00bb<\/p>\t\t\t\t\t\t\t\t<\/div>\n\t\t\t\t<\/div>\n\t\t\t\t<div class=\"elementor-element elementor-element-27dc550 elementor-widget elementor-widget-heading\" data-id=\"27dc550\" data-element_type=\"widget\" data-e-type=\"widget\" data-widget_type=\"heading.default\">\n\t\t\t\t<div class=\"elementor-widget-container\">\n\t\t\t\t\t<h2 class=\"elementor-heading-title elementor-size-default\">\u00ab JE FINIRAI MES JOURS MOQU\u00c9 OU OUBLI\u00c9 \u00bb<\/h2>\t\t\t\t<\/div>\n\t\t\t\t<\/div>\n\t\t\t\t<div class=\"elementor-element elementor-element-cae668c elementor-widget-divider--view-line elementor-widget elementor-widget-divider\" data-id=\"cae668c\" data-element_type=\"widget\" data-e-type=\"widget\" data-widget_type=\"divider.default\">\n\t\t\t\t<div class=\"elementor-widget-container\">\n\t\t\t\t\t\t\t<div class=\"elementor-divider\">\n\t\t\t<span class=\"elementor-divider-separator\">\n\t\t\t\t\t\t<\/span>\n\t\t<\/div>\n\t\t\t\t\t\t<\/div>\n\t\t\t\t<\/div>\n\t\t\t\t\t<\/div>\n\t\t\t\t<\/div>\n\t\t<div data-particle_enable=\"false\" data-particle-mobile-disabled=\"false\" class=\"elementor-element elementor-element-83dfc5b e-flex e-con-boxed e-con e-parent\" data-id=\"83dfc5b\" data-element_type=\"container\" data-e-type=\"container\">\n\t\t\t\t\t<div class=\"e-con-inner\">\n\t\t\t\t<div class=\"elementor-element elementor-element-738f69d elementor-widget elementor-widget-text-editor\" data-id=\"738f69d\" data-element_type=\"widget\" data-e-type=\"widget\" data-widget_type=\"text-editor.default\">\n\t\t\t\t<div class=\"elementor-widget-container\">\n\t\t\t\t\t\t\t\t\t<p>Les derniers combats au-del\u00e0 du Rhin (que l\u2019arm\u00e9e fran\u00e7aise franchit le 31 mars \u00a0\u00ab\u00a0pour la premi\u00e8re fois depuis 150 ans\u00a0\u00bb) sont marqu\u00e9s par des tensions avec l\u2019\u00e9tat-major am\u00e9ricain au sujet de l\u2019occupation de Stuttgart, par une forme de m\u00e9lancolie et de g\u00eane au spectacle de l\u2019effondrement allemand, et par l\u2019angoisse que se disperse l\u2019unit\u00e9 dont est venu le renouveau fran\u00e7ais.<\/p><p>Les hommes \u00ab\u00a0sont exalt\u00e9s d\u2019entrer en Allemagne, mais je les sens sans haine, ou si peu. Ils ha\u00efssent leurs vainqueurs, ils n\u2019en veulent pas aux vaincus\u00a0\u00bb. Enfin, l\u2019annonce de la capitulation, le 7 mai, est accueillie avec un \u00ab\u00a0d\u00e9s\u0153uvrement subtil\u00a0\u00bb\u00a0: \u00ab\u00a0Quelque chose qui tombe \u00e0 plat. La joie, l\u2019enthousiasme, c\u2019est \u00e0 l\u2019arri\u00e8re, sans doute \u00e0 Paris et surtout, et c\u2019est l\u00e0 la seule pens\u00e9e qui nous fait plaisir, chez ceux et celles qui nous attendent. Oui, ceux-l\u00e0 r\u00e9aliseront.\u00a0\u00bb<\/p><p>Faisant ses adieux aux armes en 1946, Joseph de Monsabert sera bri\u00e8vement d\u00e9put\u00e9 de ses Basses-Pyr\u00e9n\u00e9es (aujourd\u2019hui Pyr\u00e9n\u00e9es-Atlantiques) pour le RPF, rassemblement initi\u00e9 autour de De Gaulle, et fera vivre la m\u00e9moire de la 3<sup>e<\/sup> Division d\u2019infanterie alg\u00e9rienne, jusqu\u2019\u00e0 son d\u00e9c\u00e8s en 1981.<\/p><p>En septembre 1944, au moment de la lib\u00e9ration de Lyon, il notait\u00a0: \u00ab\u00a0La France se sauvera sans doute [\u2026]. Mais je finirai mes jours moqu\u00e9 ou oubli\u00e9, dans un fond de pays. Qu\u2019importe, si la France revit, et si j\u2019ai fait mon devoir.\u00a0\u00bb<\/p>\t\t\t\t\t\t\t\t<\/div>\n\t\t\t\t<\/div>\n\t\t\t\t\t<\/div>\n\t\t\t\t<\/div>\n\t\t\t\t<\/div>\n\t\t","protected":false},"excerpt":{"rendered":"<p>The fifth episode in our \"Esprit 44\" series, in partnership with the Charles-de-Gaulle Foundation: overshadowed by the likes of Leclerc, De Lattre and Juin, Joseph de Monsabert was nevertheless one of the most eminent leaders of the battles that led to victory in 1945.<\/p>","protected":false},"author":12,"featured_media":49658,"comment_status":"closed","ping_status":"closed","sticky":false,"template":"","format":"standard","meta":{"footnotes":""},"categories":[207,41,171],"tags":[229],"class_list":["post-49657","post","type-post","status-publish","format-standard","has-post-thumbnail","hentry","category-defense-militaire","category-lundis-de-lihedn","category-notre-selection","tag-esprit44"],"yoast_head":"<!-- This site is optimized with the Yoast SEO plugin v27.5 - https:\/\/yoast.com\/product\/yoast-seo-wordpress\/ -->\n<title>Le g\u00e9n\u00e9ral de Monsabert, figure oubli\u00e9e de la Lib\u00e9ration - L&#039;IHEDN : Institut des hautes \u00e9tudes de d\u00e9fense nationale<\/title>\n<meta name=\"description\" content=\"Cinqui\u00e8me \u00e9pisode de notre s\u00e9rie \u00ab\u2009Esprit 44\u2009\u00bb en partenariat avec la Fondation Charles-de-Gaulle : \u00e9clips\u00e9 par l\u2019ombre des Leclerc, De Lattre ou Juin, Joseph de Monsabert fut pourtant l\u2019un des plus \u00e9minents chefs des combats ayant conduit \u00e0 la victoire de 1945.\" \/>\n<meta name=\"robots\" content=\"index, follow, max-snippet:-1, max-image-preview:large, max-video-preview:-1\" \/>\n<link rel=\"canonical\" href=\"https:\/\/ihedn.fr\/en\/lundis-de-lihedn\/le-general-de-monsabert-figure-oubliee-de-la-liberation\/\" \/>\n<meta property=\"og:locale\" content=\"en_GB\" \/>\n<meta property=\"og:type\" content=\"article\" \/>\n<meta property=\"og:title\" content=\"Le g\u00e9n\u00e9ral de Monsabert, figure oubli\u00e9e de la Lib\u00e9ration\" \/>\n<meta property=\"og:description\" content=\"Cinqui\u00e8me \u00e9pisode de notre s\u00e9rie \u00ab\u2009Esprit 44\u2009\u00bb en partenariat avec la Fondation Charles-de-Gaulle : \u00e9clips\u00e9 par l\u2019ombre des Leclerc, De Lattre ou Juin, Joseph de Monsabert fut pourtant l\u2019un des plus \u00e9minents chefs des combats ayant conduit \u00e0 la victoire de 1945.\" \/>\n<meta property=\"og:url\" content=\"https:\/\/ihedn.fr\/en\/lundis-de-lihedn\/le-general-de-monsabert-figure-oubliee-de-la-liberation\/\" \/>\n<meta property=\"og:site_name\" content=\"L&#039;IHEDN : Institut des hautes \u00e9tudes de d\u00e9fense nationale\" \/>\n<meta property=\"article:publisher\" content=\"https:\/\/www.facebook.com\/ihedn\/\" \/>\n<meta property=\"article:published_time\" content=\"2024-08-12T07:52:37+00:00\" \/>\n<meta property=\"article:modified_time\" content=\"2025-09-03T14:45:37+00:00\" \/>\n<meta property=\"og:image\" content=\"https:\/\/ihedn.fr\/wp-content\/uploads\/2024\/08\/DE-MONSABERT_ESPRIT44.jpg\" \/>\n\t<meta property=\"og:image:width\" content=\"1920\" \/>\n\t<meta property=\"og:image:height\" content=\"1080\" \/>\n\t<meta property=\"og:image:type\" content=\"image\/jpeg\" \/>\n<meta name=\"author\" content=\"Ad\u00e8le Thoumieux\" \/>\n<meta name=\"twitter:card\" content=\"summary_large_image\" \/>\n<meta name=\"twitter:title\" content=\"Le g\u00e9n\u00e9ral de Monsabert, figure oubli\u00e9e de la Lib\u00e9ration\" \/>\n<meta name=\"twitter:description\" content=\"Cinqui\u00e8me \u00e9pisode de notre s\u00e9rie \u00ab\u2009Esprit 44\u2009\u00bb en partenariat avec la Fondation Charles-de-Gaulle : \u00e9clips\u00e9 par l\u2019ombre des Leclerc, De Lattre ou Juin, Joseph de Monsabert fut pourtant l\u2019un des plus \u00e9minents chefs des combats ayant conduit \u00e0 la victoire de 1945.\" \/>\n<meta name=\"twitter:image\" content=\"https:\/\/ihedn.fr\/wp-content\/uploads\/2024\/08\/DE-MONSABERT_ESPRIT44.jpg\" \/>\n<meta name=\"twitter:creator\" content=\"@IHEDN\" \/>\n<meta name=\"twitter:site\" content=\"@IHEDN\" \/>\n<meta name=\"twitter:label1\" content=\"Written by\" \/>\n\t<meta name=\"twitter:data1\" content=\"Ad\u00e8le Thoumieux\" \/>\n\t<meta name=\"twitter:label2\" content=\"Estimated reading time\" \/>\n\t<meta name=\"twitter:data2\" content=\"14 minutes\" \/>\n<script type=\"application\/ld+json\" class=\"yoast-schema-graph\">{\"@context\":\"https:\\\/\\\/schema.org\",\"@graph\":[{\"@type\":\"Article\",\"@id\":\"https:\\\/\\\/ihedn.fr\\\/lundis-de-lihedn\\\/le-general-de-monsabert-figure-oubliee-de-la-liberation\\\/#article\",\"isPartOf\":{\"@id\":\"https:\\\/\\\/ihedn.fr\\\/lundis-de-lihedn\\\/le-general-de-monsabert-figure-oubliee-de-la-liberation\\\/\"},\"author\":{\"name\":\"Ad\u00e8le Thoumieux\",\"@id\":\"https:\\\/\\\/ihedn.fr\\\/#\\\/schema\\\/person\\\/16d49c2bd0121499ea9b9023ce89826c\"},\"headline\":\"Le g\u00e9n\u00e9ral de Monsabert, figure oubli\u00e9e de la Lib\u00e9ration\",\"datePublished\":\"2024-08-12T07:52:37+00:00\",\"dateModified\":\"2025-09-03T14:45:37+00:00\",\"mainEntityOfPage\":{\"@id\":\"https:\\\/\\\/ihedn.fr\\\/lundis-de-lihedn\\\/le-general-de-monsabert-figure-oubliee-de-la-liberation\\\/\"},\"wordCount\":2826,\"publisher\":{\"@id\":\"https:\\\/\\\/ihedn.fr\\\/#organization\"},\"image\":{\"@id\":\"https:\\\/\\\/ihedn.fr\\\/lundis-de-lihedn\\\/le-general-de-monsabert-figure-oubliee-de-la-liberation\\\/#primaryimage\"},\"thumbnailUrl\":\"https:\\\/\\\/ihedn.fr\\\/wp-content\\\/uploads\\\/2024\\\/08\\\/DE-MONSABERT_ESPRIT44.jpg\",\"keywords\":[\"esprit44\"],\"articleSection\":[\"d\u00e9fense militaire\",\"Lundis de l'IHEDN\",\"Notre s\u00e9lection\"],\"inLanguage\":\"en-GB\"},{\"@type\":\"WebPage\",\"@id\":\"https:\\\/\\\/ihedn.fr\\\/lundis-de-lihedn\\\/le-general-de-monsabert-figure-oubliee-de-la-liberation\\\/\",\"url\":\"https:\\\/\\\/ihedn.fr\\\/lundis-de-lihedn\\\/le-general-de-monsabert-figure-oubliee-de-la-liberation\\\/\",\"name\":\"Le g\u00e9n\u00e9ral de Monsabert, figure oubli\u00e9e de la Lib\u00e9ration - L&#039;IHEDN : Institut des hautes \u00e9tudes de d\u00e9fense nationale\",\"isPartOf\":{\"@id\":\"https:\\\/\\\/ihedn.fr\\\/#website\"},\"primaryImageOfPage\":{\"@id\":\"https:\\\/\\\/ihedn.fr\\\/lundis-de-lihedn\\\/le-general-de-monsabert-figure-oubliee-de-la-liberation\\\/#primaryimage\"},\"image\":{\"@id\":\"https:\\\/\\\/ihedn.fr\\\/lundis-de-lihedn\\\/le-general-de-monsabert-figure-oubliee-de-la-liberation\\\/#primaryimage\"},\"thumbnailUrl\":\"https:\\\/\\\/ihedn.fr\\\/wp-content\\\/uploads\\\/2024\\\/08\\\/DE-MONSABERT_ESPRIT44.jpg\",\"datePublished\":\"2024-08-12T07:52:37+00:00\",\"dateModified\":\"2025-09-03T14:45:37+00:00\",\"description\":\"Cinqui\u00e8me \u00e9pisode de notre s\u00e9rie \u00ab\u2009Esprit 44\u2009\u00bb en partenariat avec la Fondation Charles-de-Gaulle : \u00e9clips\u00e9 par l\u2019ombre des Leclerc, De Lattre ou Juin, Joseph de Monsabert fut pourtant l\u2019un des plus \u00e9minents chefs des combats ayant conduit \u00e0 la victoire de 1945.\",\"breadcrumb\":{\"@id\":\"https:\\\/\\\/ihedn.fr\\\/lundis-de-lihedn\\\/le-general-de-monsabert-figure-oubliee-de-la-liberation\\\/#breadcrumb\"},\"inLanguage\":\"en-GB\",\"potentialAction\":[{\"@type\":\"ReadAction\",\"target\":[\"https:\\\/\\\/ihedn.fr\\\/lundis-de-lihedn\\\/le-general-de-monsabert-figure-oubliee-de-la-liberation\\\/\"]}]},{\"@type\":\"ImageObject\",\"inLanguage\":\"en-GB\",\"@id\":\"https:\\\/\\\/ihedn.fr\\\/lundis-de-lihedn\\\/le-general-de-monsabert-figure-oubliee-de-la-liberation\\\/#primaryimage\",\"url\":\"https:\\\/\\\/ihedn.fr\\\/wp-content\\\/uploads\\\/2024\\\/08\\\/DE-MONSABERT_ESPRIT44.jpg\",\"contentUrl\":\"https:\\\/\\\/ihedn.fr\\\/wp-content\\\/uploads\\\/2024\\\/08\\\/DE-MONSABERT_ESPRIT44.jpg\",\"width\":1920,\"height\":1080,\"caption\":\"Lundis de l'IHEDN | Le g\u00e9n\u00e9ral de Monsabert, figure oubli\u00e9e de la Lib\u00e9ration\"},{\"@type\":\"BreadcrumbList\",\"@id\":\"https:\\\/\\\/ihedn.fr\\\/lundis-de-lihedn\\\/le-general-de-monsabert-figure-oubliee-de-la-liberation\\\/#breadcrumb\",\"itemListElement\":[{\"@type\":\"ListItem\",\"position\":1,\"name\":\"Accueil\",\"item\":\"https:\\\/\\\/ihedn.fr\\\/\"},{\"@type\":\"ListItem\",\"position\":2,\"name\":\"Le g\u00e9n\u00e9ral de Monsabert, figure oubli\u00e9e de la Lib\u00e9ration\"}]},{\"@type\":\"WebSite\",\"@id\":\"https:\\\/\\\/ihedn.fr\\\/#website\",\"url\":\"https:\\\/\\\/ihedn.fr\\\/\",\"name\":\"IHEDN : Institut des hautes \u00e9tudes de d\u00e9fense nationale |\",\"description\":\"Site officiel de l&#039;IHEDN plac\u00e9 sous la tutelle du Premier ministre.\",\"publisher\":{\"@id\":\"https:\\\/\\\/ihedn.fr\\\/#organization\"},\"potentialAction\":[{\"@type\":\"SearchAction\",\"target\":{\"@type\":\"EntryPoint\",\"urlTemplate\":\"https:\\\/\\\/ihedn.fr\\\/?s={search_term_string}\"},\"query-input\":{\"@type\":\"PropertyValueSpecification\",\"valueRequired\":true,\"valueName\":\"search_term_string\"}}],\"inLanguage\":\"en-GB\"},{\"@type\":\"Organization\",\"@id\":\"https:\\\/\\\/ihedn.fr\\\/#organization\",\"name\":\"IHEDN - Institut des Hautes Etudes de D\u00e9fense Nationale\",\"url\":\"https:\\\/\\\/ihedn.fr\\\/\",\"logo\":{\"@type\":\"ImageObject\",\"inLanguage\":\"en-GB\",\"@id\":\"https:\\\/\\\/ihedn.fr\\\/#\\\/schema\\\/logo\\\/image\\\/\",\"url\":\"https:\\\/\\\/ihedn.fr\\\/wp-content\\\/uploads\\\/2020\\\/11\\\/BLOC_RF_IHEDN_WEB.png\",\"contentUrl\":\"https:\\\/\\\/ihedn.fr\\\/wp-content\\\/uploads\\\/2020\\\/11\\\/BLOC_RF_IHEDN_WEB.png\",\"width\":500,\"height\":237,\"caption\":\"IHEDN - Institut des Hautes Etudes de D\u00e9fense Nationale\"},\"image\":{\"@id\":\"https:\\\/\\\/ihedn.fr\\\/#\\\/schema\\\/logo\\\/image\\\/\"},\"sameAs\":[\"https:\\\/\\\/www.facebook.com\\\/ihedn\\\/\",\"https:\\\/\\\/x.com\\\/IHEDN\",\"https:\\\/\\\/www.instagram.com\\\/ihedn\\\/\",\"https:\\\/\\\/www.linkedin.com\\\/school\\\/ihedn\\\/\",\"https:\\\/\\\/fr.wikipedia.org\\\/wiki\\\/Institut_des_hautes_\u00e9tudes_de_D\u00e9fense_nationale\"]},{\"@type\":\"Person\",\"@id\":\"https:\\\/\\\/ihedn.fr\\\/#\\\/schema\\\/person\\\/16d49c2bd0121499ea9b9023ce89826c\",\"name\":\"Ad\u00e8le Thoumieux\",\"image\":{\"@type\":\"ImageObject\",\"inLanguage\":\"en-GB\",\"@id\":\"https:\\\/\\\/secure.gravatar.com\\\/avatar\\\/64fc58d14679bdd185946349bcb229b06e37d30d6290c2bec15f1daa8f8e0ece?s=96&d=mm&r=g\",\"url\":\"https:\\\/\\\/secure.gravatar.com\\\/avatar\\\/64fc58d14679bdd185946349bcb229b06e37d30d6290c2bec15f1daa8f8e0ece?s=96&d=mm&r=g\",\"contentUrl\":\"https:\\\/\\\/secure.gravatar.com\\\/avatar\\\/64fc58d14679bdd185946349bcb229b06e37d30d6290c2bec15f1daa8f8e0ece?s=96&d=mm&r=g\",\"caption\":\"Ad\u00e8le Thoumieux\"},\"sameAs\":[\"http:\\\/\\\/ihedn.fr\"],\"url\":\"https:\\\/\\\/ihedn.fr\\\/en\\\/author\\\/thoumieux\\\/\"}]}<\/script>\n<!-- \/ Yoast SEO plugin. -->","yoast_head_json":{"title":"General de Monsabert, a forgotten figure of the Liberation - L'IHEDN : Institut des hautes \u00e9tudes de d\u00e9fense nationale (Graduate Institute of National Defence)","description":"The fifth episode in our \"Esprit 44\" series, in partnership with the Charles-de-Gaulle Foundation: overshadowed by the likes of Leclerc, De Lattre and Juin, Joseph de Monsabert was nevertheless one of the most eminent leaders of the battles that led to victory in 1945.","robots":{"index":"index","follow":"follow","max-snippet":"max-snippet:-1","max-image-preview":"max-image-preview:large","max-video-preview":"max-video-preview:-1"},"canonical":"https:\/\/ihedn.fr\/en\/lundis-de-lihedn\/le-general-de-monsabert-figure-oubliee-de-la-liberation\/","og_locale":"en_GB","og_type":"article","og_title":"Le g\u00e9n\u00e9ral de Monsabert, figure oubli\u00e9e de la Lib\u00e9ration","og_description":"Cinqui\u00e8me \u00e9pisode de notre s\u00e9rie \u00ab\u2009Esprit 44\u2009\u00bb en partenariat avec la Fondation Charles-de-Gaulle : \u00e9clips\u00e9 par l\u2019ombre des Leclerc, De Lattre ou Juin, Joseph de Monsabert fut pourtant l\u2019un des plus \u00e9minents chefs des combats ayant conduit \u00e0 la victoire de 1945.","og_url":"https:\/\/ihedn.fr\/en\/lundis-de-lihedn\/le-general-de-monsabert-figure-oubliee-de-la-liberation\/","og_site_name":"L&#039;IHEDN : Institut des hautes \u00e9tudes de d\u00e9fense nationale","article_publisher":"https:\/\/www.facebook.com\/ihedn\/","article_published_time":"2024-08-12T07:52:37+00:00","article_modified_time":"2025-09-03T14:45:37+00:00","og_image":[{"width":1920,"height":1080,"url":"https:\/\/ihedn.fr\/wp-content\/uploads\/2024\/08\/DE-MONSABERT_ESPRIT44.jpg","type":"image\/jpeg"}],"author":"Ad\u00e8le Thoumieux","twitter_card":"summary_large_image","twitter_title":"Le g\u00e9n\u00e9ral de Monsabert, figure oubli\u00e9e de la Lib\u00e9ration","twitter_description":"Cinqui\u00e8me \u00e9pisode de notre s\u00e9rie \u00ab\u2009Esprit 44\u2009\u00bb en partenariat avec la Fondation Charles-de-Gaulle : \u00e9clips\u00e9 par l\u2019ombre des Leclerc, De Lattre ou Juin, Joseph de Monsabert fut pourtant l\u2019un des plus \u00e9minents chefs des combats ayant conduit \u00e0 la victoire de 1945.","twitter_image":"https:\/\/ihedn.fr\/wp-content\/uploads\/2024\/08\/DE-MONSABERT_ESPRIT44.jpg","twitter_creator":"@IHEDN","twitter_site":"@IHEDN","twitter_misc":{"Written by":"Ad\u00e8le Thoumieux","Estimated reading time":"14 minutes"},"schema":{"@context":"https:\/\/schema.org","@graph":[{"@type":"Article","@id":"https:\/\/ihedn.fr\/lundis-de-lihedn\/le-general-de-monsabert-figure-oubliee-de-la-liberation\/#article","isPartOf":{"@id":"https:\/\/ihedn.fr\/lundis-de-lihedn\/le-general-de-monsabert-figure-oubliee-de-la-liberation\/"},"author":{"name":"Ad\u00e8le Thoumieux","@id":"https:\/\/ihedn.fr\/#\/schema\/person\/16d49c2bd0121499ea9b9023ce89826c"},"headline":"Le g\u00e9n\u00e9ral de Monsabert, figure oubli\u00e9e de la Lib\u00e9ration","datePublished":"2024-08-12T07:52:37+00:00","dateModified":"2025-09-03T14:45:37+00:00","mainEntityOfPage":{"@id":"https:\/\/ihedn.fr\/lundis-de-lihedn\/le-general-de-monsabert-figure-oubliee-de-la-liberation\/"},"wordCount":2826,"publisher":{"@id":"https:\/\/ihedn.fr\/#organization"},"image":{"@id":"https:\/\/ihedn.fr\/lundis-de-lihedn\/le-general-de-monsabert-figure-oubliee-de-la-liberation\/#primaryimage"},"thumbnailUrl":"https:\/\/ihedn.fr\/wp-content\/uploads\/2024\/08\/DE-MONSABERT_ESPRIT44.jpg","keywords":["esprit44"],"articleSection":["d\u00e9fense militaire","Lundis de l'IHEDN","Notre s\u00e9lection"],"inLanguage":"en-GB"},{"@type":"WebPage","@id":"https:\/\/ihedn.fr\/lundis-de-lihedn\/le-general-de-monsabert-figure-oubliee-de-la-liberation\/","url":"https:\/\/ihedn.fr\/lundis-de-lihedn\/le-general-de-monsabert-figure-oubliee-de-la-liberation\/","name":"General de Monsabert, a forgotten figure of the Liberation - L'IHEDN : Institut des hautes \u00e9tudes de d\u00e9fense nationale (Graduate Institute of National Defence)","isPartOf":{"@id":"https:\/\/ihedn.fr\/#website"},"primaryImageOfPage":{"@id":"https:\/\/ihedn.fr\/lundis-de-lihedn\/le-general-de-monsabert-figure-oubliee-de-la-liberation\/#primaryimage"},"image":{"@id":"https:\/\/ihedn.fr\/lundis-de-lihedn\/le-general-de-monsabert-figure-oubliee-de-la-liberation\/#primaryimage"},"thumbnailUrl":"https:\/\/ihedn.fr\/wp-content\/uploads\/2024\/08\/DE-MONSABERT_ESPRIT44.jpg","datePublished":"2024-08-12T07:52:37+00:00","dateModified":"2025-09-03T14:45:37+00:00","description":"The fifth episode in our \"Esprit 44\" series, in partnership with the Charles-de-Gaulle Foundation: overshadowed by the likes of Leclerc, De Lattre and Juin, Joseph de Monsabert was nevertheless one of the most eminent leaders of the battles that led to victory in 1945.","breadcrumb":{"@id":"https:\/\/ihedn.fr\/lundis-de-lihedn\/le-general-de-monsabert-figure-oubliee-de-la-liberation\/#breadcrumb"},"inLanguage":"en-GB","potentialAction":[{"@type":"ReadAction","target":["https:\/\/ihedn.fr\/lundis-de-lihedn\/le-general-de-monsabert-figure-oubliee-de-la-liberation\/"]}]},{"@type":"ImageObject","inLanguage":"en-GB","@id":"https:\/\/ihedn.fr\/lundis-de-lihedn\/le-general-de-monsabert-figure-oubliee-de-la-liberation\/#primaryimage","url":"https:\/\/ihedn.fr\/wp-content\/uploads\/2024\/08\/DE-MONSABERT_ESPRIT44.jpg","contentUrl":"https:\/\/ihedn.fr\/wp-content\/uploads\/2024\/08\/DE-MONSABERT_ESPRIT44.jpg","width":1920,"height":1080,"caption":"Lundis de l'IHEDN | Le g\u00e9n\u00e9ral de Monsabert, figure oubli\u00e9e de la Lib\u00e9ration"},{"@type":"BreadcrumbList","@id":"https:\/\/ihedn.fr\/lundis-de-lihedn\/le-general-de-monsabert-figure-oubliee-de-la-liberation\/#breadcrumb","itemListElement":[{"@type":"ListItem","position":1,"name":"Accueil","item":"https:\/\/ihedn.fr\/"},{"@type":"ListItem","position":2,"name":"Le g\u00e9n\u00e9ral de Monsabert, figure oubli\u00e9e de la Lib\u00e9ration"}]},{"@type":"WebSite","@id":"https:\/\/ihedn.fr\/#website","url":"https:\/\/ihedn.fr\/","name":"IHEDN: Institut des hautes \u00e9tudes de d\u00e9fense nationale (Institute for Higher National Defence Studies)","description":"Official website of the IHEDN under the supervision of the Prime Minister.","publisher":{"@id":"https:\/\/ihedn.fr\/#organization"},"potentialAction":[{"@type":"SearchAction","target":{"@type":"EntryPoint","urlTemplate":"https:\/\/ihedn.fr\/?s={search_term_string}"},"query-input":{"@type":"PropertyValueSpecification","valueRequired":true,"valueName":"search_term_string"}}],"inLanguage":"en-GB"},{"@type":"Organization","@id":"https:\/\/ihedn.fr\/#organization","name":"IHEDN - Institute for Higher National Defence Studies","url":"https:\/\/ihedn.fr\/","logo":{"@type":"ImageObject","inLanguage":"en-GB","@id":"https:\/\/ihedn.fr\/#\/schema\/logo\/image\/","url":"https:\/\/ihedn.fr\/wp-content\/uploads\/2020\/11\/BLOC_RF_IHEDN_WEB.png","contentUrl":"https:\/\/ihedn.fr\/wp-content\/uploads\/2020\/11\/BLOC_RF_IHEDN_WEB.png","width":500,"height":237,"caption":"IHEDN - Institut des Hautes Etudes de D\u00e9fense Nationale"},"image":{"@id":"https:\/\/ihedn.fr\/#\/schema\/logo\/image\/"},"sameAs":["https:\/\/www.facebook.com\/ihedn\/","https:\/\/x.com\/IHEDN","https:\/\/www.instagram.com\/ihedn\/","https:\/\/www.linkedin.com\/school\/ihedn\/","https:\/\/fr.wikipedia.org\/wiki\/Institut_des_hautes_\u00e9tudes_de_D\u00e9fense_nationale"]},{"@type":"Person","@id":"https:\/\/ihedn.fr\/#\/schema\/person\/16d49c2bd0121499ea9b9023ce89826c","name":"Ad\u00e8le Thoumieux","image":{"@type":"ImageObject","inLanguage":"en-GB","@id":"https:\/\/secure.gravatar.com\/avatar\/64fc58d14679bdd185946349bcb229b06e37d30d6290c2bec15f1daa8f8e0ece?s=96&d=mm&r=g","url":"https:\/\/secure.gravatar.com\/avatar\/64fc58d14679bdd185946349bcb229b06e37d30d6290c2bec15f1daa8f8e0ece?s=96&d=mm&r=g","contentUrl":"https:\/\/secure.gravatar.com\/avatar\/64fc58d14679bdd185946349bcb229b06e37d30d6290c2bec15f1daa8f8e0ece?s=96&d=mm&r=g","caption":"Ad\u00e8le Thoumieux"},"sameAs":["http:\/\/ihedn.fr"],"url":"https:\/\/ihedn.fr\/en\/author\/thoumieux\/"}]}},"publishpress_future_action":{"enabled":false,"date":"2026-05-06 22:53:47","action":"change-status","newStatus":"draft","terms":[],"taxonomy":"category","extraData":[]},"publishpress_future_workflow_manual_trigger":{"enabledWorkflows":[]},"_links":{"self":[{"href":"https:\/\/ihedn.fr\/en\/wp-json\/wp\/v2\/posts\/49657","targetHints":{"allow":["GET"]}}],"collection":[{"href":"https:\/\/ihedn.fr\/en\/wp-json\/wp\/v2\/posts"}],"about":[{"href":"https:\/\/ihedn.fr\/en\/wp-json\/wp\/v2\/types\/post"}],"author":[{"embeddable":true,"href":"https:\/\/ihedn.fr\/en\/wp-json\/wp\/v2\/users\/12"}],"replies":[{"embeddable":true,"href":"https:\/\/ihedn.fr\/en\/wp-json\/wp\/v2\/comments?post=49657"}],"version-history":[{"count":11,"href":"https:\/\/ihedn.fr\/en\/wp-json\/wp\/v2\/posts\/49657\/revisions"}],"predecessor-version":[{"id":49670,"href":"https:\/\/ihedn.fr\/en\/wp-json\/wp\/v2\/posts\/49657\/revisions\/49670"}],"wp:featuredmedia":[{"embeddable":true,"href":"https:\/\/ihedn.fr\/en\/wp-json\/wp\/v2\/media\/49658"}],"wp:attachment":[{"href":"https:\/\/ihedn.fr\/en\/wp-json\/wp\/v2\/media?parent=49657"}],"wp:term":[{"taxonomy":"category","embeddable":true,"href":"https:\/\/ihedn.fr\/en\/wp-json\/wp\/v2\/categories?post=49657"},{"taxonomy":"post_tag","embeddable":true,"href":"https:\/\/ihedn.fr\/en\/wp-json\/wp\/v2\/tags?post=49657"}],"curies":[{"name":"wp","href":"https:\/\/api.w.org\/{rel}","templated":true}]}}