{"id":49684,"date":"2024-08-19T10:13:06","date_gmt":"2024-08-19T09:13:06","guid":{"rendered":"https:\/\/ihedn.fr\/?p=49684"},"modified":"2025-09-03T15:44:59","modified_gmt":"2025-09-03T14:44:59","slug":"anne-muxel-linstitution-militaire-simpose-comme-une-reference-chez-les-jeunes","status":"publish","type":"post","link":"https:\/\/ihedn.fr\/en\/lundis-de-lihedn\/anne-muxel-linstitution-militaire-simpose-comme-une-reference-chez-les-jeunes\/","title":{"rendered":"Anne Muxel: \"The military is becoming a benchmark for young people\"."},"content":{"rendered":"<div data-elementor-type=\"wp-post\" data-elementor-id=\"49684\" class=\"elementor elementor-49684\" data-elementor-post-type=\"post\">\n\t\t\t\t<div data-particle_enable=\"false\" data-particle-mobile-disabled=\"false\" class=\"elementor-element elementor-element-f8609d4 e-con-full e-flex e-con e-parent\" data-id=\"f8609d4\" data-element_type=\"container\" data-e-type=\"container\">\n\t\t\t\t<div class=\"elementor-element elementor-element-0bbc456 elementor-widget elementor-widget-text-editor\" data-id=\"0bbc456\" data-element_type=\"widget\" data-e-type=\"widget\" data-widget_type=\"text-editor.default\">\n\t\t\t\t<div class=\"elementor-widget-container\">\n\t\t\t\t\t\t\t\t\t<p>Deputy Director of the CEVIPOF (Sciences Po Paris) and Emeritus Director of Research at the CNRS, sociologist and political scientist Anne Muxel directed the 'Defence and Society' field at the Strategic Research Institute of the \u00c9cole Militaire (IRSEM) from 2017 to 2023. It was within this framework that she carried out the study \"Young people and war - Representations and willingness to commit\", <a href=\"https:\/\/www.irsem.fr\/media\/5-publications\/etude-116-muxel-les-jeunes-et-la-guerre.pdf\">published last April<\/a>.<\/p><p>A recognised specialist in youth studies (particularly the transmission of values, the phenomena of memory, and the processes of socialisation in generational dynamics), she based her work on a representative sample of the 18-25 age group. The study provides a detailed picture of young people's views on the French armed forces and wars, as well as their positions on nuclear deterrence, NATO membership and the creation of a European defence system. It also sheds light on their ability to anticipate the threats looming in tomorrow's world.<\/p>\t\t\t\t\t\t\t\t<\/div>\n\t\t\t\t<\/div>\n\t\t\t\t<\/div>\n\t\t<div data-particle_enable=\"false\" data-particle-mobile-disabled=\"false\" class=\"elementor-element elementor-element-7bf256b e-con-full e-flex e-con e-parent\" data-id=\"7bf256b\" data-element_type=\"container\" data-e-type=\"container\">\n\t\t\t\t<div class=\"elementor-element elementor-element-618c98c elementor-widget elementor-widget-heading\" data-id=\"618c98c\" data-element_type=\"widget\" data-e-type=\"widget\" data-widget_type=\"heading.default\">\n\t\t\t\t<div class=\"elementor-widget-container\">\n\t\t\t\t\t<h2 class=\"elementor-heading-title elementor-size-default\">WHAT PROMPTED YOU TO CARRY OUT THIS STUDY, AND HOW DID YOU GO ABOUT IT?<\/h2>\t\t\t\t<\/div>\n\t\t\t\t<\/div>\n\t\t\t\t<div class=\"elementor-element elementor-element-cbc595a elementor-widget-divider--view-line elementor-widget elementor-widget-divider\" data-id=\"cbc595a\" data-element_type=\"widget\" data-e-type=\"widget\" data-widget_type=\"divider.default\">\n\t\t\t\t<div class=\"elementor-widget-container\">\n\t\t\t\t\t\t\t<div class=\"elementor-divider\">\n\t\t\t<span class=\"elementor-divider-separator\">\n\t\t\t\t\t\t<\/span>\n\t\t<\/div>\n\t\t\t\t\t\t<\/div>\n\t\t\t\t<\/div>\n\t\t<div data-particle_enable=\"false\" data-particle-mobile-disabled=\"false\" class=\"elementor-element elementor-element-916e219 e-con-full e-flex e-con e-child\" data-id=\"916e219\" data-element_type=\"container\" data-e-type=\"container\">\n\t\t\t\t<div class=\"elementor-element elementor-element-ac5323e elementor-widget__width-initial elementor-widget elementor-widget-text-editor\" data-id=\"ac5323e\" data-element_type=\"widget\" data-e-type=\"widget\" data-widget_type=\"text-editor.default\">\n\t\t\t\t<div class=\"elementor-widget-container\">\n\t\t\t\t\t\t\t\t\t<p>This study responds to the concerns of the Ministry of the Armed Forces regarding, in addition to knowledge of representations of past wars as well as present and future wars, the resilience of the younger generation in the event of a major conflict in which France finds itself involved. This study was entrusted to me when I was head of the 'Defence and Society' department at IRSEM, and was funded by the Ministry's Directorate General for International Relations and Strategy (DGRIS).<\/p><p>It is based on a robust methodology, consisting of a quantitative survey conducted in July 2023 among a sample of 3,000 young people aged between 18 and 25, representative of the French youth population in this age bracket. A detailed questionnaire, taking into account a number of working hypotheses developed in consultation with the sponsors of the study, was used to collect and analyse the responses from this sample. The survey was conducted by IPSOS under the most rigorous conditions required for quantitative surveys.<\/p><p>The theme of the army-nation link is central to understanding the way in which young people envisage not only the framework for exercising their citizenship, but also more broadly the conditions for national cohesion.<\/p><p>At a time of crisis in political representation and great mistrust of many institutions, young French people also have to deal with a whole range of threats, including the risks of war, the consequences of global warming and pandemics. In their list of concerns, war does not rank first but fourth, but it is very present in their perceptions of the future situations that their generation could face.<\/p>\t\t\t\t\t\t\t\t<\/div>\n\t\t\t\t<\/div>\n\t\t\t\t<\/div>\n\t\t\t\t<\/div>\n\t\t<div data-particle_enable=\"false\" data-particle-mobile-disabled=\"false\" class=\"elementor-element elementor-element-fde4645 e-con-full e-flex e-con e-parent\" data-id=\"fde4645\" data-element_type=\"container\" data-e-type=\"container\">\n\t\t\t\t<div class=\"elementor-element elementor-element-e6f7008 elementor-widget elementor-widget-heading\" data-id=\"e6f7008\" data-element_type=\"widget\" data-e-type=\"widget\" data-widget_type=\"heading.default\">\n\t\t\t\t<div class=\"elementor-widget-container\">\n\t\t\t\t\t<h2 class=\"elementor-heading-title elementor-size-default\">ONE OF THE LESSONS YOU'VE LEARNED IS THAT YOUNG PEOPLE ARE \"RELATIVELY CLOSE\" TO THE MILITARY. HOW DO YOU EXPLAIN THIS? IS THERE A LINK WITH THE CURRENT CONFLICTS, IN UKRAINE FOR EXAMPLE?<\/h2>\t\t\t\t<\/div>\n\t\t\t\t<\/div>\n\t\t\t\t<div class=\"elementor-element elementor-element-141a941 elementor-widget-divider--view-line elementor-widget elementor-widget-divider\" data-id=\"141a941\" data-element_type=\"widget\" data-e-type=\"widget\" data-widget_type=\"divider.default\">\n\t\t\t\t<div class=\"elementor-widget-container\">\n\t\t\t\t\t\t\t<div class=\"elementor-divider\">\n\t\t\t<span class=\"elementor-divider-separator\">\n\t\t\t\t\t\t<\/span>\n\t\t<\/div>\n\t\t\t\t\t\t<\/div>\n\t\t\t\t<\/div>\n\t\t\t\t<div class=\"elementor-element elementor-element-d236c57 elementor-widget__width-initial elementor-widget elementor-widget-text-editor\" data-id=\"d236c57\" data-element_type=\"widget\" data-e-type=\"widget\" data-widget_type=\"text-editor.default\">\n\t\t\t\t<div class=\"elementor-widget-container\">\n\t\t\t\t\t\t\t\t\t<p>Young French people have a very positive view of the military. It enjoys a particularly high level of confidence and is not experiencing a crisis of legitimacy. In a world in transition, against a backdrop of multiple threats, it stands out as a benchmark with specific resources and skills that are recognised.<\/p><p>Today's younger generation has moved away from the anti-militarism that was prevalent among young people, at least on the left, at the end of the 1970s. With the end of compulsory military service, grievances and opposition to the army have been marginalised. Since the turn of the millennium, the terrorism that has regularly struck France and its people has undoubtedly changed young people's perception of the role and usefulness of the French armed forces.<\/p><p>The conflict zones in Africa and the Middle East, where they are engaged in the fight against political Islamism and jihadism, are well identified by young people. Fiction, through television series, films and video games, has contributed to this awareness of the role played by the French army in these new armed conflicts and the hybrid wars that are developing.<\/p>\t\t\t\t\t\t\t\t<\/div>\n\t\t\t\t<\/div>\n\t\t\t\t<div class=\"elementor-element elementor-element-8bed2b6 elementor-widget elementor-widget-heading\" data-id=\"8bed2b6\" data-element_type=\"widget\" data-e-type=\"widget\" data-widget_type=\"heading.default\">\n\t\t\t\t<div class=\"elementor-widget-container\">\n\t\t\t\t\t<h2 class=\"elementor-heading-title elementor-size-default\">\"THEY ARE RELATIVELY WELL INFORMED ABOUT CURRENT CONFLICTS<\/h2>\t\t\t\t<\/div>\n\t\t\t\t<\/div>\n\t\t\t\t<div class=\"elementor-element elementor-element-3650e11 elementor-widget-divider--view-line elementor-widget elementor-widget-divider\" data-id=\"3650e11\" data-element_type=\"widget\" data-e-type=\"widget\" data-widget_type=\"divider.default\">\n\t\t\t\t<div class=\"elementor-widget-container\">\n\t\t\t\t\t\t\t<div class=\"elementor-divider\">\n\t\t\t<span class=\"elementor-divider-separator\">\n\t\t\t\t\t\t<\/span>\n\t\t<\/div>\n\t\t\t\t\t\t<\/div>\n\t\t\t\t<\/div>\n\t\t\t\t<div class=\"elementor-element elementor-element-fbc1692 elementor-widget__width-initial elementor-widget elementor-widget-text-editor\" data-id=\"fbc1692\" data-element_type=\"widget\" data-e-type=\"widget\" data-widget_type=\"text-editor.default\">\n\t\t\t\t<div class=\"elementor-widget-container\">\n\t\t\t\t\t\t\t\t\t<p>The survey showed that they are relatively well informed about current international conflicts. For example, a large majority of them follow the news of the war between Ukraine and Russia, but they also pay attention to the situation in the Gaza Strip and the war between Israel and Hamas, particularly in the student segments of the youth population.<\/p><p>The attention paid by young people to humanitarian issues has also enhanced the positive image of our armed forces. The expansion of their missions to include health and humanitarian actions (Lebanon, Darfur, Sahel) has changed the purely warlike image of the military. They are appreciated for the protection and mutual aid they can provide to disaster-stricken populations or those who have suffered climatic disasters.<\/p><p>It should not be forgotten that during the Covid 19 pandemic, the civilian authorities called on the military for their skills and their ability to mobilise in the management of the health crisis. As a result, the scope of military action has widened and young people have taken on board the diversification of military functions, including through the Sentinel operations with which they have become familiar and which are part of their daily urban environment.<\/p>\t\t\t\t\t\t\t\t<\/div>\n\t\t\t\t<\/div>\n\t\t\t\t<div class=\"elementor-element elementor-element-7709fe6 elementor-widget elementor-widget-heading\" data-id=\"7709fe6\" data-element_type=\"widget\" data-e-type=\"widget\" data-widget_type=\"heading.default\">\n\t\t\t\t<div class=\"elementor-widget-container\">\n\t\t\t\t\t<h2 class=\"elementor-heading-title elementor-size-default\">ANOTHER RATHER UNEXPECTED FINDING IS THAT YOUNG PEOPLE SEEM TO BE READY FOR MILITARY INVOLVEMENT, INCLUDING IN HIGH-INTENSITY CONFLICTS. CAN YOU ELABORATE ON THIS?<\/h2>\t\t\t\t<\/div>\n\t\t\t\t<\/div>\n\t\t\t\t<div class=\"elementor-element elementor-element-e1a99f5 elementor-widget-divider--view-line elementor-widget elementor-widget-divider\" data-id=\"e1a99f5\" data-element_type=\"widget\" data-e-type=\"widget\" data-widget_type=\"divider.default\">\n\t\t\t\t<div class=\"elementor-widget-container\">\n\t\t\t\t\t\t\t<div class=\"elementor-divider\">\n\t\t\t<span class=\"elementor-divider-separator\">\n\t\t\t\t\t\t<\/span>\n\t\t<\/div>\n\t\t\t\t\t\t<\/div>\n\t\t\t\t<\/div>\n\t\t\t\t<div class=\"elementor-element elementor-element-e246f3e elementor-widget__width-initial elementor-widget elementor-widget-text-editor\" data-id=\"e246f3e\" data-element_type=\"widget\" data-e-type=\"widget\" data-widget_type=\"text-editor.default\">\n\t\t\t\t<div class=\"elementor-widget-container\">\n\t\t\t\t\t\t\t\t\t<p>The willingness of the younger generation to make a military commitment is far from negligible, affecting four out of ten young people, a relatively constant proportion over the last twenty years or so. Certain major events, particularly in 2015 following the series of attacks affecting the country, have even triggered a surge in support for this type of commitment. These favourable attitudes do not automatically translate into concrete action, far from it, but they do confirm the good image of the armed forces and their relative attractiveness.<\/p><p>In addition, for many young people, training and career opportunities offer prospects of social, economic and professional integration that can guarantee their autonomy. However, these favourable conditions do not prevent the armed forces from encountering problems in recruiting and, above all, retaining young recruits.<\/p><p>But over and above these general attitudes, and contrary to what might be expected, the study also reveals the revival of a certain patriotism in the new generation. Young people have taken on board the reality of the threat of war, including at global level, in connection with the geopolitical upheavals on the international scene and the possible extension of certain current conflicts, which could involve France directly. Faced with the prospect of major conflicts on French soil, their resilience is evident in their responses. A large majority of them feel concerned and say they could fight, either in the military or as civilians, to defend their country.<\/p>\t\t\t\t\t\t\t\t<\/div>\n\t\t\t\t<\/div>\n\t\t\t\t<div class=\"elementor-element elementor-element-18c0b62 elementor-widget elementor-widget-heading\" data-id=\"18c0b62\" data-element_type=\"widget\" data-e-type=\"widget\" data-widget_type=\"heading.default\">\n\t\t\t\t<div class=\"elementor-widget-container\">\n\t\t\t\t\t<h2 class=\"elementor-heading-title elementor-size-default\">\"THE SPIRIT OF DEFENCE IS VERY MUCH IN THE MINDS OF THE YOUNGER GENERATION\".<\/h2>\t\t\t\t<\/div>\n\t\t\t\t<\/div>\n\t\t\t\t<div class=\"elementor-element elementor-element-52d6705 elementor-widget-divider--view-line elementor-widget elementor-widget-divider\" data-id=\"52d6705\" data-element_type=\"widget\" data-e-type=\"widget\" data-widget_type=\"divider.default\">\n\t\t\t\t<div class=\"elementor-widget-container\">\n\t\t\t\t\t\t\t<div class=\"elementor-divider\">\n\t\t\t<span class=\"elementor-divider-separator\">\n\t\t\t\t\t\t<\/span>\n\t\t<\/div>\n\t\t\t\t\t\t<\/div>\n\t\t\t\t<\/div>\n\t\t\t\t<div class=\"elementor-element elementor-element-78ffc0e elementor-widget__width-initial elementor-widget elementor-widget-text-editor\" data-id=\"78ffc0e\" data-element_type=\"widget\" data-e-type=\"widget\" data-widget_type=\"text-editor.default\">\n\t\t\t\t<div class=\"elementor-widget-container\">\n\t\t\t\t\t\t\t\t\t<p>More than half of them believe that the use of nuclear weapons will be unavoidable. This patriotism extends beyond the national framework, as a significant proportion of young people say they are also prepared to get involved in conflicts involving other countries. The spirit of defence is therefore very much in the minds of the younger generation, as it is in their perceptions of the future, where the prospect of a world without war seems to be receding.<\/p><p>The army-nation link appears to be stronger among young men than among young women. Nevertheless, the willingness of young women to get involved is far from negligible, with four out of ten feeling concerned and possibly ready to fight.<\/p><p>The study therefore challenges many preconceived ideas about young people. They are not only committed, but also fairly well informed and realistic about the threats and reconfigurations on the international scene.<\/p>\t\t\t\t\t\t\t\t<\/div>\n\t\t\t\t<\/div>\n\t\t\t\t<\/div>\n\t\t\t\t<\/div>","protected":false},"excerpt":{"rendered":"<p>The sociologist and political scientist has carried out an in-depth study into the perception of war and the armed forces by the younger generation in France. Image, usefulness, expectations, willingness to get involved: her findings shatter many preconceived ideas. Interview.<\/p>","protected":false},"author":12,"featured_media":49685,"comment_status":"closed","ping_status":"closed","sticky":false,"template":"","format":"standard","meta":{"footnotes":""},"categories":[207,41,171],"tags":[],"class_list":["post-49684","post","type-post","status-publish","format-standard","has-post-thumbnail","hentry","category-defense-militaire","category-lundis-de-lihedn","category-notre-selection"],"yoast_head":"<!-- This site is optimized with the Yoast SEO plugin v27.5 - https:\/\/yoast.com\/product\/yoast-seo-wordpress\/ -->\n<title>Anne Muxel : \u00ab L\u2019institution militaire s\u2019impose comme une r\u00e9f\u00e9rence chez les jeunes \u00bb - L&#039;IHEDN : Institut des hautes \u00e9tudes de d\u00e9fense nationale<\/title>\n<meta name=\"description\" content=\"La sociologue et politologue a r\u00e9alis\u00e9 une \u00e9tude tr\u00e8s fouill\u00e9e sur la perception de la guerre et des arm\u00e9es par la jeune g\u00e9n\u00e9ration fran\u00e7aise. Image, utilit\u00e9, attentes, disposition \u00e0 l\u2019engagement : ses conclusions battent en br\u00e8che nombre d\u2019id\u00e9es re\u00e7ues. Entretien.\" \/>\n<meta name=\"robots\" content=\"index, follow, max-snippet:-1, max-image-preview:large, max-video-preview:-1\" \/>\n<link rel=\"canonical\" href=\"https:\/\/ihedn.fr\/en\/lundis-de-lihedn\/anne-muxel-linstitution-militaire-simpose-comme-une-reference-chez-les-jeunes\/\" \/>\n<meta property=\"og:locale\" content=\"en_GB\" \/>\n<meta property=\"og:type\" content=\"article\" \/>\n<meta property=\"og:title\" content=\"Anne Muxel : \u00ab L\u2019institution militaire s\u2019impose comme une r\u00e9f\u00e9rence chez les jeunes \u00bb\" \/>\n<meta property=\"og:description\" content=\"La sociologue et politologue a r\u00e9alis\u00e9 une \u00e9tude tr\u00e8s fouill\u00e9e sur la perception de la guerre et des arm\u00e9es par la jeune g\u00e9n\u00e9ration fran\u00e7aise. Image, utilit\u00e9, attentes, disposition \u00e0 l\u2019engagement : ses conclusions battent en br\u00e8che nombre d\u2019id\u00e9es re\u00e7ues. Entretien.\" \/>\n<meta property=\"og:url\" content=\"https:\/\/ihedn.fr\/en\/lundis-de-lihedn\/anne-muxel-linstitution-militaire-simpose-comme-une-reference-chez-les-jeunes\/\" \/>\n<meta property=\"og:site_name\" content=\"L&#039;IHEDN : Institut des hautes \u00e9tudes de d\u00e9fense nationale\" \/>\n<meta property=\"article:publisher\" content=\"https:\/\/www.facebook.com\/ihedn\/\" \/>\n<meta property=\"article:published_time\" content=\"2024-08-19T09:13:06+00:00\" \/>\n<meta property=\"article:modified_time\" content=\"2025-09-03T14:44:59+00:00\" \/>\n<meta property=\"og:image\" content=\"https:\/\/ihedn.fr\/wp-content\/uploads\/2024\/08\/Bandeau_MUXEL_AOUT2024.jpg\" \/>\n\t<meta property=\"og:image:width\" content=\"1920\" \/>\n\t<meta property=\"og:image:height\" content=\"960\" \/>\n\t<meta property=\"og:image:type\" content=\"image\/jpeg\" \/>\n<meta name=\"author\" content=\"Ad\u00e8le Thoumieux\" \/>\n<meta name=\"twitter:card\" content=\"summary_large_image\" \/>\n<meta name=\"twitter:title\" content=\"Anne Muxel : \u00ab L\u2019institution militaire s\u2019impose comme une r\u00e9f\u00e9rence chez les jeunes \u00bb\" \/>\n<meta name=\"twitter:description\" content=\"La sociologue et politologue a r\u00e9alis\u00e9 une \u00e9tude tr\u00e8s fouill\u00e9e sur la perception de la guerre et des arm\u00e9es par la jeune g\u00e9n\u00e9ration fran\u00e7aise. Image, utilit\u00e9, attentes, disposition \u00e0 l\u2019engagement : ses conclusions battent en br\u00e8che nombre d\u2019id\u00e9es re\u00e7ues. Entretien.\" \/>\n<meta name=\"twitter:image\" content=\"https:\/\/ihedn.fr\/wp-content\/uploads\/2024\/08\/Bandeau_MUXEL_AOUT2024.jpg\" \/>\n<meta name=\"twitter:creator\" content=\"@IHEDN\" \/>\n<meta name=\"twitter:site\" content=\"@IHEDN\" \/>\n<meta name=\"twitter:label1\" content=\"Written by\" \/>\n\t<meta name=\"twitter:data1\" content=\"Ad\u00e8le Thoumieux\" \/>\n\t<meta name=\"twitter:label2\" content=\"Estimated reading time\" \/>\n\t<meta name=\"twitter:data2\" content=\"8 minutes\" \/>\n<script type=\"application\/ld+json\" class=\"yoast-schema-graph\">{\"@context\":\"https:\\\/\\\/schema.org\",\"@graph\":[{\"@type\":\"Article\",\"@id\":\"https:\\\/\\\/ihedn.fr\\\/lundis-de-lihedn\\\/anne-muxel-linstitution-militaire-simpose-comme-une-reference-chez-les-jeunes\\\/#article\",\"isPartOf\":{\"@id\":\"https:\\\/\\\/ihedn.fr\\\/lundis-de-lihedn\\\/anne-muxel-linstitution-militaire-simpose-comme-une-reference-chez-les-jeunes\\\/\"},\"author\":{\"name\":\"Ad\u00e8le Thoumieux\",\"@id\":\"https:\\\/\\\/ihedn.fr\\\/#\\\/schema\\\/person\\\/16d49c2bd0121499ea9b9023ce89826c\"},\"headline\":\"Anne Muxel : \u00ab L\u2019institution militaire s\u2019impose comme une r\u00e9f\u00e9rence chez les jeunes \u00bb\",\"datePublished\":\"2024-08-19T09:13:06+00:00\",\"dateModified\":\"2025-09-03T14:44:59+00:00\",\"mainEntityOfPage\":{\"@id\":\"https:\\\/\\\/ihedn.fr\\\/lundis-de-lihedn\\\/anne-muxel-linstitution-militaire-simpose-comme-une-reference-chez-les-jeunes\\\/\"},\"wordCount\":1618,\"publisher\":{\"@id\":\"https:\\\/\\\/ihedn.fr\\\/#organization\"},\"image\":{\"@id\":\"https:\\\/\\\/ihedn.fr\\\/lundis-de-lihedn\\\/anne-muxel-linstitution-militaire-simpose-comme-une-reference-chez-les-jeunes\\\/#primaryimage\"},\"thumbnailUrl\":\"https:\\\/\\\/ihedn.fr\\\/wp-content\\\/uploads\\\/2024\\\/08\\\/Bandeau_MUXEL_AOUT2024.jpg\",\"articleSection\":[\"d\u00e9fense militaire\",\"Lundis de l'IHEDN\",\"Notre s\u00e9lection\"],\"inLanguage\":\"en-GB\"},{\"@type\":\"WebPage\",\"@id\":\"https:\\\/\\\/ihedn.fr\\\/lundis-de-lihedn\\\/anne-muxel-linstitution-militaire-simpose-comme-une-reference-chez-les-jeunes\\\/\",\"url\":\"https:\\\/\\\/ihedn.fr\\\/lundis-de-lihedn\\\/anne-muxel-linstitution-militaire-simpose-comme-une-reference-chez-les-jeunes\\\/\",\"name\":\"Anne Muxel : \u00ab L\u2019institution militaire s\u2019impose comme une r\u00e9f\u00e9rence chez les jeunes \u00bb - L&#039;IHEDN : Institut des hautes \u00e9tudes de d\u00e9fense nationale\",\"isPartOf\":{\"@id\":\"https:\\\/\\\/ihedn.fr\\\/#website\"},\"primaryImageOfPage\":{\"@id\":\"https:\\\/\\\/ihedn.fr\\\/lundis-de-lihedn\\\/anne-muxel-linstitution-militaire-simpose-comme-une-reference-chez-les-jeunes\\\/#primaryimage\"},\"image\":{\"@id\":\"https:\\\/\\\/ihedn.fr\\\/lundis-de-lihedn\\\/anne-muxel-linstitution-militaire-simpose-comme-une-reference-chez-les-jeunes\\\/#primaryimage\"},\"thumbnailUrl\":\"https:\\\/\\\/ihedn.fr\\\/wp-content\\\/uploads\\\/2024\\\/08\\\/Bandeau_MUXEL_AOUT2024.jpg\",\"datePublished\":\"2024-08-19T09:13:06+00:00\",\"dateModified\":\"2025-09-03T14:44:59+00:00\",\"description\":\"La sociologue et politologue a r\u00e9alis\u00e9 une \u00e9tude tr\u00e8s fouill\u00e9e sur la perception de la guerre et des arm\u00e9es par la jeune g\u00e9n\u00e9ration fran\u00e7aise. Image, utilit\u00e9, attentes, disposition \u00e0 l\u2019engagement : ses conclusions battent en br\u00e8che nombre d\u2019id\u00e9es re\u00e7ues. Entretien.\",\"breadcrumb\":{\"@id\":\"https:\\\/\\\/ihedn.fr\\\/lundis-de-lihedn\\\/anne-muxel-linstitution-militaire-simpose-comme-une-reference-chez-les-jeunes\\\/#breadcrumb\"},\"inLanguage\":\"en-GB\",\"potentialAction\":[{\"@type\":\"ReadAction\",\"target\":[\"https:\\\/\\\/ihedn.fr\\\/lundis-de-lihedn\\\/anne-muxel-linstitution-militaire-simpose-comme-une-reference-chez-les-jeunes\\\/\"]}]},{\"@type\":\"ImageObject\",\"inLanguage\":\"en-GB\",\"@id\":\"https:\\\/\\\/ihedn.fr\\\/lundis-de-lihedn\\\/anne-muxel-linstitution-militaire-simpose-comme-une-reference-chez-les-jeunes\\\/#primaryimage\",\"url\":\"https:\\\/\\\/ihedn.fr\\\/wp-content\\\/uploads\\\/2024\\\/08\\\/Bandeau_MUXEL_AOUT2024.jpg\",\"contentUrl\":\"https:\\\/\\\/ihedn.fr\\\/wp-content\\\/uploads\\\/2024\\\/08\\\/Bandeau_MUXEL_AOUT2024.jpg\",\"width\":1920,\"height\":960,\"caption\":\"Anne Muxel | Lundis de l'IHEDN Anne Muxel : \u00ab L\u2019institution militaire s\u2019impose comme une r\u00e9f\u00e9rence chez les jeunes \u00bb\"},{\"@type\":\"BreadcrumbList\",\"@id\":\"https:\\\/\\\/ihedn.fr\\\/lundis-de-lihedn\\\/anne-muxel-linstitution-militaire-simpose-comme-une-reference-chez-les-jeunes\\\/#breadcrumb\",\"itemListElement\":[{\"@type\":\"ListItem\",\"position\":1,\"name\":\"Accueil\",\"item\":\"https:\\\/\\\/ihedn.fr\\\/\"},{\"@type\":\"ListItem\",\"position\":2,\"name\":\"Anne Muxel : \u00ab L\u2019institution militaire s\u2019impose comme une r\u00e9f\u00e9rence chez les jeunes \u00bb\"}]},{\"@type\":\"WebSite\",\"@id\":\"https:\\\/\\\/ihedn.fr\\\/#website\",\"url\":\"https:\\\/\\\/ihedn.fr\\\/\",\"name\":\"IHEDN : Institut des hautes \u00e9tudes de d\u00e9fense nationale |\",\"description\":\"Site officiel de l&#039;IHEDN plac\u00e9 sous la tutelle du Premier ministre.\",\"publisher\":{\"@id\":\"https:\\\/\\\/ihedn.fr\\\/#organization\"},\"potentialAction\":[{\"@type\":\"SearchAction\",\"target\":{\"@type\":\"EntryPoint\",\"urlTemplate\":\"https:\\\/\\\/ihedn.fr\\\/?s={search_term_string}\"},\"query-input\":{\"@type\":\"PropertyValueSpecification\",\"valueRequired\":true,\"valueName\":\"search_term_string\"}}],\"inLanguage\":\"en-GB\"},{\"@type\":\"Organization\",\"@id\":\"https:\\\/\\\/ihedn.fr\\\/#organization\",\"name\":\"IHEDN - Institut des Hautes Etudes de D\u00e9fense Nationale\",\"url\":\"https:\\\/\\\/ihedn.fr\\\/\",\"logo\":{\"@type\":\"ImageObject\",\"inLanguage\":\"en-GB\",\"@id\":\"https:\\\/\\\/ihedn.fr\\\/#\\\/schema\\\/logo\\\/image\\\/\",\"url\":\"https:\\\/\\\/ihedn.fr\\\/wp-content\\\/uploads\\\/2020\\\/11\\\/BLOC_RF_IHEDN_WEB.png\",\"contentUrl\":\"https:\\\/\\\/ihedn.fr\\\/wp-content\\\/uploads\\\/2020\\\/11\\\/BLOC_RF_IHEDN_WEB.png\",\"width\":500,\"height\":237,\"caption\":\"IHEDN - Institut des Hautes Etudes de D\u00e9fense Nationale\"},\"image\":{\"@id\":\"https:\\\/\\\/ihedn.fr\\\/#\\\/schema\\\/logo\\\/image\\\/\"},\"sameAs\":[\"https:\\\/\\\/www.facebook.com\\\/ihedn\\\/\",\"https:\\\/\\\/x.com\\\/IHEDN\",\"https:\\\/\\\/www.instagram.com\\\/ihedn\\\/\",\"https:\\\/\\\/www.linkedin.com\\\/school\\\/ihedn\\\/\",\"https:\\\/\\\/fr.wikipedia.org\\\/wiki\\\/Institut_des_hautes_\u00e9tudes_de_D\u00e9fense_nationale\"]},{\"@type\":\"Person\",\"@id\":\"https:\\\/\\\/ihedn.fr\\\/#\\\/schema\\\/person\\\/16d49c2bd0121499ea9b9023ce89826c\",\"name\":\"Ad\u00e8le Thoumieux\",\"image\":{\"@type\":\"ImageObject\",\"inLanguage\":\"en-GB\",\"@id\":\"https:\\\/\\\/secure.gravatar.com\\\/avatar\\\/64fc58d14679bdd185946349bcb229b06e37d30d6290c2bec15f1daa8f8e0ece?s=96&d=mm&r=g\",\"url\":\"https:\\\/\\\/secure.gravatar.com\\\/avatar\\\/64fc58d14679bdd185946349bcb229b06e37d30d6290c2bec15f1daa8f8e0ece?s=96&d=mm&r=g\",\"contentUrl\":\"https:\\\/\\\/secure.gravatar.com\\\/avatar\\\/64fc58d14679bdd185946349bcb229b06e37d30d6290c2bec15f1daa8f8e0ece?s=96&d=mm&r=g\",\"caption\":\"Ad\u00e8le Thoumieux\"},\"sameAs\":[\"http:\\\/\\\/ihedn.fr\"],\"url\":\"https:\\\/\\\/ihedn.fr\\\/en\\\/author\\\/thoumieux\\\/\"}]}<\/script>\n<!-- \/ Yoast SEO plugin. -->","yoast_head_json":{"title":"Anne Muxel: \"The military is becoming a reference point for young people\" - L'IHEDN : Institut des hautes \u00e9tudes de d\u00e9fense nationale (Graduate Institute of National Defence)","description":"The sociologist and political scientist has carried out an in-depth study into the perception of war and the armed forces by the younger generation in France. Image, usefulness, expectations, willingness to get involved: her findings shatter many preconceived ideas. Interview.","robots":{"index":"index","follow":"follow","max-snippet":"max-snippet:-1","max-image-preview":"max-image-preview:large","max-video-preview":"max-video-preview:-1"},"canonical":"https:\/\/ihedn.fr\/en\/lundis-de-lihedn\/anne-muxel-linstitution-militaire-simpose-comme-une-reference-chez-les-jeunes\/","og_locale":"en_GB","og_type":"article","og_title":"Anne Muxel : \u00ab L\u2019institution militaire s\u2019impose comme une r\u00e9f\u00e9rence chez les jeunes \u00bb","og_description":"La sociologue et politologue a r\u00e9alis\u00e9 une \u00e9tude tr\u00e8s fouill\u00e9e sur la perception de la guerre et des arm\u00e9es par la jeune g\u00e9n\u00e9ration fran\u00e7aise. Image, utilit\u00e9, attentes, disposition \u00e0 l\u2019engagement : ses conclusions battent en br\u00e8che nombre d\u2019id\u00e9es re\u00e7ues. Entretien.","og_url":"https:\/\/ihedn.fr\/en\/lundis-de-lihedn\/anne-muxel-linstitution-militaire-simpose-comme-une-reference-chez-les-jeunes\/","og_site_name":"L&#039;IHEDN : Institut des hautes \u00e9tudes de d\u00e9fense nationale","article_publisher":"https:\/\/www.facebook.com\/ihedn\/","article_published_time":"2024-08-19T09:13:06+00:00","article_modified_time":"2025-09-03T14:44:59+00:00","og_image":[{"width":1920,"height":960,"url":"https:\/\/ihedn.fr\/wp-content\/uploads\/2024\/08\/Bandeau_MUXEL_AOUT2024.jpg","type":"image\/jpeg"}],"author":"Ad\u00e8le Thoumieux","twitter_card":"summary_large_image","twitter_title":"Anne Muxel : \u00ab L\u2019institution militaire s\u2019impose comme une r\u00e9f\u00e9rence chez les jeunes \u00bb","twitter_description":"La sociologue et politologue a r\u00e9alis\u00e9 une \u00e9tude tr\u00e8s fouill\u00e9e sur la perception de la guerre et des arm\u00e9es par la jeune g\u00e9n\u00e9ration fran\u00e7aise. Image, utilit\u00e9, attentes, disposition \u00e0 l\u2019engagement : ses conclusions battent en br\u00e8che nombre d\u2019id\u00e9es re\u00e7ues. Entretien.","twitter_image":"https:\/\/ihedn.fr\/wp-content\/uploads\/2024\/08\/Bandeau_MUXEL_AOUT2024.jpg","twitter_creator":"@IHEDN","twitter_site":"@IHEDN","twitter_misc":{"Written by":"Ad\u00e8le Thoumieux","Estimated reading time":"8 minutes"},"schema":{"@context":"https:\/\/schema.org","@graph":[{"@type":"Article","@id":"https:\/\/ihedn.fr\/lundis-de-lihedn\/anne-muxel-linstitution-militaire-simpose-comme-une-reference-chez-les-jeunes\/#article","isPartOf":{"@id":"https:\/\/ihedn.fr\/lundis-de-lihedn\/anne-muxel-linstitution-militaire-simpose-comme-une-reference-chez-les-jeunes\/"},"author":{"name":"Ad\u00e8le Thoumieux","@id":"https:\/\/ihedn.fr\/#\/schema\/person\/16d49c2bd0121499ea9b9023ce89826c"},"headline":"Anne Muxel : \u00ab L\u2019institution militaire s\u2019impose comme une r\u00e9f\u00e9rence chez les jeunes \u00bb","datePublished":"2024-08-19T09:13:06+00:00","dateModified":"2025-09-03T14:44:59+00:00","mainEntityOfPage":{"@id":"https:\/\/ihedn.fr\/lundis-de-lihedn\/anne-muxel-linstitution-militaire-simpose-comme-une-reference-chez-les-jeunes\/"},"wordCount":1618,"publisher":{"@id":"https:\/\/ihedn.fr\/#organization"},"image":{"@id":"https:\/\/ihedn.fr\/lundis-de-lihedn\/anne-muxel-linstitution-militaire-simpose-comme-une-reference-chez-les-jeunes\/#primaryimage"},"thumbnailUrl":"https:\/\/ihedn.fr\/wp-content\/uploads\/2024\/08\/Bandeau_MUXEL_AOUT2024.jpg","articleSection":["d\u00e9fense militaire","Lundis de l'IHEDN","Notre s\u00e9lection"],"inLanguage":"en-GB"},{"@type":"WebPage","@id":"https:\/\/ihedn.fr\/lundis-de-lihedn\/anne-muxel-linstitution-militaire-simpose-comme-une-reference-chez-les-jeunes\/","url":"https:\/\/ihedn.fr\/lundis-de-lihedn\/anne-muxel-linstitution-militaire-simpose-comme-une-reference-chez-les-jeunes\/","name":"Anne Muxel: \"The military is becoming a reference point for young people\" - L'IHEDN : Institut des hautes \u00e9tudes de d\u00e9fense nationale (Graduate Institute of National Defence)","isPartOf":{"@id":"https:\/\/ihedn.fr\/#website"},"primaryImageOfPage":{"@id":"https:\/\/ihedn.fr\/lundis-de-lihedn\/anne-muxel-linstitution-militaire-simpose-comme-une-reference-chez-les-jeunes\/#primaryimage"},"image":{"@id":"https:\/\/ihedn.fr\/lundis-de-lihedn\/anne-muxel-linstitution-militaire-simpose-comme-une-reference-chez-les-jeunes\/#primaryimage"},"thumbnailUrl":"https:\/\/ihedn.fr\/wp-content\/uploads\/2024\/08\/Bandeau_MUXEL_AOUT2024.jpg","datePublished":"2024-08-19T09:13:06+00:00","dateModified":"2025-09-03T14:44:59+00:00","description":"The sociologist and political scientist has carried out an in-depth study into the perception of war and the armed forces by the younger generation in France. Image, usefulness, expectations, willingness to get involved: her findings shatter many preconceived ideas. Interview.","breadcrumb":{"@id":"https:\/\/ihedn.fr\/lundis-de-lihedn\/anne-muxel-linstitution-militaire-simpose-comme-une-reference-chez-les-jeunes\/#breadcrumb"},"inLanguage":"en-GB","potentialAction":[{"@type":"ReadAction","target":["https:\/\/ihedn.fr\/lundis-de-lihedn\/anne-muxel-linstitution-militaire-simpose-comme-une-reference-chez-les-jeunes\/"]}]},{"@type":"ImageObject","inLanguage":"en-GB","@id":"https:\/\/ihedn.fr\/lundis-de-lihedn\/anne-muxel-linstitution-militaire-simpose-comme-une-reference-chez-les-jeunes\/#primaryimage","url":"https:\/\/ihedn.fr\/wp-content\/uploads\/2024\/08\/Bandeau_MUXEL_AOUT2024.jpg","contentUrl":"https:\/\/ihedn.fr\/wp-content\/uploads\/2024\/08\/Bandeau_MUXEL_AOUT2024.jpg","width":1920,"height":960,"caption":"Anne Muxel | Lundis de l'IHEDN Anne Muxel : \u00ab L\u2019institution militaire s\u2019impose comme une r\u00e9f\u00e9rence chez les jeunes \u00bb"},{"@type":"BreadcrumbList","@id":"https:\/\/ihedn.fr\/lundis-de-lihedn\/anne-muxel-linstitution-militaire-simpose-comme-une-reference-chez-les-jeunes\/#breadcrumb","itemListElement":[{"@type":"ListItem","position":1,"name":"Accueil","item":"https:\/\/ihedn.fr\/"},{"@type":"ListItem","position":2,"name":"Anne Muxel : \u00ab L\u2019institution militaire s\u2019impose comme une r\u00e9f\u00e9rence chez les jeunes \u00bb"}]},{"@type":"WebSite","@id":"https:\/\/ihedn.fr\/#website","url":"https:\/\/ihedn.fr\/","name":"IHEDN: Institut des hautes \u00e9tudes de d\u00e9fense nationale (Institute for Higher National Defence Studies)","description":"Official website of the IHEDN under the supervision of the Prime Minister.","publisher":{"@id":"https:\/\/ihedn.fr\/#organization"},"potentialAction":[{"@type":"SearchAction","target":{"@type":"EntryPoint","urlTemplate":"https:\/\/ihedn.fr\/?s={search_term_string}"},"query-input":{"@type":"PropertyValueSpecification","valueRequired":true,"valueName":"search_term_string"}}],"inLanguage":"en-GB"},{"@type":"Organization","@id":"https:\/\/ihedn.fr\/#organization","name":"IHEDN - Institute for Higher National Defence Studies","url":"https:\/\/ihedn.fr\/","logo":{"@type":"ImageObject","inLanguage":"en-GB","@id":"https:\/\/ihedn.fr\/#\/schema\/logo\/image\/","url":"https:\/\/ihedn.fr\/wp-content\/uploads\/2020\/11\/BLOC_RF_IHEDN_WEB.png","contentUrl":"https:\/\/ihedn.fr\/wp-content\/uploads\/2020\/11\/BLOC_RF_IHEDN_WEB.png","width":500,"height":237,"caption":"IHEDN - Institut des Hautes Etudes de D\u00e9fense Nationale"},"image":{"@id":"https:\/\/ihedn.fr\/#\/schema\/logo\/image\/"},"sameAs":["https:\/\/www.facebook.com\/ihedn\/","https:\/\/x.com\/IHEDN","https:\/\/www.instagram.com\/ihedn\/","https:\/\/www.linkedin.com\/school\/ihedn\/","https:\/\/fr.wikipedia.org\/wiki\/Institut_des_hautes_\u00e9tudes_de_D\u00e9fense_nationale"]},{"@type":"Person","@id":"https:\/\/ihedn.fr\/#\/schema\/person\/16d49c2bd0121499ea9b9023ce89826c","name":"Ad\u00e8le Thoumieux","image":{"@type":"ImageObject","inLanguage":"en-GB","@id":"https:\/\/secure.gravatar.com\/avatar\/64fc58d14679bdd185946349bcb229b06e37d30d6290c2bec15f1daa8f8e0ece?s=96&d=mm&r=g","url":"https:\/\/secure.gravatar.com\/avatar\/64fc58d14679bdd185946349bcb229b06e37d30d6290c2bec15f1daa8f8e0ece?s=96&d=mm&r=g","contentUrl":"https:\/\/secure.gravatar.com\/avatar\/64fc58d14679bdd185946349bcb229b06e37d30d6290c2bec15f1daa8f8e0ece?s=96&d=mm&r=g","caption":"Ad\u00e8le Thoumieux"},"sameAs":["http:\/\/ihedn.fr"],"url":"https:\/\/ihedn.fr\/en\/author\/thoumieux\/"}]}},"publishpress_future_action":{"enabled":false,"date":"2026-05-06 22:54:29","action":"change-status","newStatus":"draft","terms":[],"taxonomy":"category","extraData":[]},"publishpress_future_workflow_manual_trigger":{"enabledWorkflows":[]},"_links":{"self":[{"href":"https:\/\/ihedn.fr\/en\/wp-json\/wp\/v2\/posts\/49684","targetHints":{"allow":["GET"]}}],"collection":[{"href":"https:\/\/ihedn.fr\/en\/wp-json\/wp\/v2\/posts"}],"about":[{"href":"https:\/\/ihedn.fr\/en\/wp-json\/wp\/v2\/types\/post"}],"author":[{"embeddable":true,"href":"https:\/\/ihedn.fr\/en\/wp-json\/wp\/v2\/users\/12"}],"replies":[{"embeddable":true,"href":"https:\/\/ihedn.fr\/en\/wp-json\/wp\/v2\/comments?post=49684"}],"version-history":[{"count":21,"href":"https:\/\/ihedn.fr\/en\/wp-json\/wp\/v2\/posts\/49684\/revisions"}],"predecessor-version":[{"id":50159,"href":"https:\/\/ihedn.fr\/en\/wp-json\/wp\/v2\/posts\/49684\/revisions\/50159"}],"wp:featuredmedia":[{"embeddable":true,"href":"https:\/\/ihedn.fr\/en\/wp-json\/wp\/v2\/media\/49685"}],"wp:attachment":[{"href":"https:\/\/ihedn.fr\/en\/wp-json\/wp\/v2\/media?parent=49684"}],"wp:term":[{"taxonomy":"category","embeddable":true,"href":"https:\/\/ihedn.fr\/en\/wp-json\/wp\/v2\/categories?post=49684"},{"taxonomy":"post_tag","embeddable":true,"href":"https:\/\/ihedn.fr\/en\/wp-json\/wp\/v2\/tags?post=49684"}],"curies":[{"name":"wp","href":"https:\/\/api.w.org\/{rel}","templated":true}]}}