{"id":49720,"date":"2024-08-26T16:28:19","date_gmt":"2024-08-26T15:28:19","guid":{"rendered":"https:\/\/ihedn.fr\/?p=49720"},"modified":"2025-09-03T15:43:53","modified_gmt":"2025-09-03T14:43:53","slug":"elisabeth-de-miribel-actrice-et-temoin-de-la-france-libre","status":"publish","type":"post","link":"https:\/\/ihedn.fr\/en\/lundis-de-lihedn\/elisabeth-de-miribel-actrice-et-temoin-de-la-france-libre\/","title":{"rendered":"\u00c9lisabeth de Miribel, actress and witness to Free France"},"content":{"rendered":"<div data-elementor-type=\"wp-post\" data-elementor-id=\"49720\" class=\"elementor elementor-49720\" data-elementor-post-type=\"post\">\n\t\t\t\t<div data-particle_enable=\"false\" data-particle-mobile-disabled=\"false\" class=\"elementor-element elementor-element-f8609d4 e-con-full e-flex e-con e-parent\" data-id=\"f8609d4\" data-element_type=\"container\" data-e-type=\"container\">\n\t\t\t\t<div class=\"elementor-element elementor-element-0bbc456 elementor-widget elementor-widget-text-editor\" data-id=\"0bbc456\" data-element_type=\"widget\" data-e-type=\"widget\" data-widget_type=\"text-editor.default\">\n\t\t\t\t<div class=\"elementor-widget-container\">\n\t\t\t\t\t\t\t\t\t<p>A great-granddaughter of Marshal de Mac-Mahon, the third President of the French Republic, \u00c9lisabeth de Miribel (1915-2005) had commitment in her blood. Aged 24 at the start of the Second World War, she offered her services to the Ministry of Foreign Affairs, which posted her to London. The rest of her career up to 1945 was closely linked to history, from the 18 June Appeal to the Leclerc Division, via the Italian campaign and her work as a war correspondent.<\/p>\t\t\t\t\t\t\t\t<\/div>\n\t\t\t\t<\/div>\n\t\t\t\t<div class=\"elementor-element elementor-element-2cc2eca elementor-widget elementor-widget-video\" data-id=\"2cc2eca\" data-element_type=\"widget\" data-e-type=\"widget\" data-settings=\"{&quot;youtube_url&quot;:&quot;https:\\\/\\\/youtu.be\\\/KnXAuYegfoY&quot;,&quot;video_type&quot;:&quot;youtube&quot;,&quot;controls&quot;:&quot;yes&quot;}\" data-widget_type=\"video.default\">\n\t\t\t\t<div class=\"elementor-widget-container\">\n\t\t\t\t\t\t\t<div class=\"elementor-wrapper elementor-open-inline\">\n\t\t\t<div class=\"elementor-video\"><\/div>\t\t<\/div>\n\t\t\t\t\t\t<\/div>\n\t\t\t\t<\/div>\n\t\t\t\t<\/div>\n\t\t\t\t<\/div>","protected":false},"excerpt":{"rendered":"<p>As part of our \"Esprit 44\" series in partnership with the Charles-de-Gaulle Foundation, we take a look back in pictures at the saga of a woman of character who found herself at the heart of some of the most pivotal moments in history: the 18 June Appeal, the Italian campaign, the liberation of Paris...<\/p>","protected":false},"author":10,"featured_media":49731,"comment_status":"closed","ping_status":"closed","sticky":false,"template":"","format":"standard","meta":{"footnotes":""},"categories":[207,41,171],"tags":[229],"class_list":["post-49720","post","type-post","status-publish","format-standard","has-post-thumbnail","hentry","category-defense-militaire","category-lundis-de-lihedn","category-notre-selection","tag-esprit44"],"yoast_head":"<!-- This site is optimized with the Yoast SEO plugin v27.5 - https:\/\/yoast.com\/product\/yoast-seo-wordpress\/ -->\n<title>\u00c9lisabeth de Miribel, actrice et t\u00e9moin de la France libre - L&#039;IHEDN : Institut des hautes \u00e9tudes de d\u00e9fense nationale<\/title>\n<meta name=\"description\" content=\"Dans le cadre de notre s\u00e9rie \u00ab Esprit 44 \u00bb en partenariat avec la Fondation Charles-de-Gaulle, retour en images sur la saga d\u2019une femme de caract\u00e8re qui s\u2019est trouv\u00e9e au c\u0153ur de moments charni\u00e8re de l\u2019Histoire : appel du 18-Juin, campagne d\u2019Italie, lib\u00e9ration de Paris\u2026\" \/>\n<meta name=\"robots\" content=\"index, follow, max-snippet:-1, max-image-preview:large, max-video-preview:-1\" \/>\n<link rel=\"canonical\" href=\"https:\/\/ihedn.fr\/en\/lundis-de-lihedn\/elisabeth-de-miribel-actrice-et-temoin-de-la-france-libre\/\" \/>\n<meta property=\"og:locale\" content=\"en_GB\" \/>\n<meta property=\"og:type\" content=\"article\" \/>\n<meta property=\"og:title\" content=\"\u00c9lisabeth de Miribel, actrice et t\u00e9moin de la France libre\" \/>\n<meta property=\"og:description\" content=\"Dans le cadre de notre s\u00e9rie \u00ab Esprit 44 \u00bb en partenariat avec la Fondation Charles-de-Gaulle, retour en images sur la saga d\u2019une femme de caract\u00e8re qui s\u2019est trouv\u00e9e au c\u0153ur de moments charni\u00e8res de l\u2019Histoire : appel du 18-Juin, campagne d\u2019Italie, lib\u00e9ration de Paris\u2026\" \/>\n<meta property=\"og:url\" content=\"https:\/\/ihedn.fr\/en\/lundis-de-lihedn\/elisabeth-de-miribel-actrice-et-temoin-de-la-france-libre\/\" \/>\n<meta property=\"og:site_name\" content=\"L&#039;IHEDN : Institut des hautes \u00e9tudes de d\u00e9fense nationale\" \/>\n<meta property=\"article:publisher\" content=\"https:\/\/www.facebook.com\/ihedn\/\" \/>\n<meta property=\"article:published_time\" content=\"2024-08-26T15:28:19+00:00\" \/>\n<meta property=\"article:modified_time\" content=\"2025-09-03T14:43:53+00:00\" \/>\n<meta property=\"og:image\" content=\"https:\/\/ihedn.fr\/wp-content\/uploads\/2024\/08\/miribel.jpg\" \/>\n\t<meta property=\"og:image:width\" content=\"1663\" \/>\n\t<meta property=\"og:image:height\" content=\"380\" \/>\n\t<meta property=\"og:image:type\" content=\"image\/jpeg\" \/>\n<meta name=\"author\" content=\"tanguy.morel@ihedn.fr\" \/>\n<meta name=\"twitter:card\" content=\"summary_large_image\" \/>\n<meta name=\"twitter:title\" content=\"\u00c9lisabeth de Miribel, actrice et t\u00e9moin de la France libre\" \/>\n<meta name=\"twitter:description\" content=\"Dans le cadre de notre s\u00e9rie \u00ab Esprit 44 \u00bb en partenariat avec la Fondation Charles-de-Gaulle, retour en images sur la saga d\u2019une femme de caract\u00e8re qui s\u2019est trouv\u00e9e au c\u0153ur de moments charni\u00e8res de l\u2019Histoire : appel du 18-Juin, campagne d\u2019Italie, lib\u00e9ration de Paris\u2026\" \/>\n<meta name=\"twitter:image\" content=\"https:\/\/ihedn.fr\/wp-content\/uploads\/2024\/08\/miribel.jpg\" \/>\n<meta name=\"twitter:creator\" content=\"@IHEDN\" \/>\n<meta name=\"twitter:site\" content=\"@IHEDN\" \/>\n<meta name=\"twitter:label1\" content=\"Written by\" \/>\n\t<meta name=\"twitter:data1\" content=\"tanguy.morel@ihedn.fr\" \/>\n\t<meta name=\"twitter:label2\" content=\"Estimated reading time\" \/>\n\t<meta name=\"twitter:data2\" content=\"1 minute\" \/>\n<script type=\"application\/ld+json\" class=\"yoast-schema-graph\">{\"@context\":\"https:\\\/\\\/schema.org\",\"@graph\":[{\"@type\":\"Article\",\"@id\":\"https:\\\/\\\/ihedn.fr\\\/lundis-de-lihedn\\\/elisabeth-de-miribel-actrice-et-temoin-de-la-france-libre\\\/#article\",\"isPartOf\":{\"@id\":\"https:\\\/\\\/ihedn.fr\\\/lundis-de-lihedn\\\/elisabeth-de-miribel-actrice-et-temoin-de-la-france-libre\\\/\"},\"author\":{\"name\":\"tanguy.morel@ihedn.fr\",\"@id\":\"https:\\\/\\\/ihedn.fr\\\/#\\\/schema\\\/person\\\/ed217a37104b27a246b200e65b827cc7\"},\"headline\":\"\u00c9lisabeth de Miribel, actrice et t\u00e9moin de la France libre\",\"datePublished\":\"2024-08-26T15:28:19+00:00\",\"dateModified\":\"2025-09-03T14:43:53+00:00\",\"mainEntityOfPage\":{\"@id\":\"https:\\\/\\\/ihedn.fr\\\/lundis-de-lihedn\\\/elisabeth-de-miribel-actrice-et-temoin-de-la-france-libre\\\/\"},\"wordCount\":104,\"publisher\":{\"@id\":\"https:\\\/\\\/ihedn.fr\\\/#organization\"},\"image\":{\"@id\":\"https:\\\/\\\/ihedn.fr\\\/lundis-de-lihedn\\\/elisabeth-de-miribel-actrice-et-temoin-de-la-france-libre\\\/#primaryimage\"},\"thumbnailUrl\":\"https:\\\/\\\/ihedn.fr\\\/wp-content\\\/uploads\\\/2024\\\/08\\\/miribel.jpg\",\"keywords\":[\"esprit44\"],\"articleSection\":[\"d\u00e9fense militaire\",\"Lundis de l'IHEDN\",\"Notre s\u00e9lection\"],\"inLanguage\":\"en-GB\"},{\"@type\":\"WebPage\",\"@id\":\"https:\\\/\\\/ihedn.fr\\\/lundis-de-lihedn\\\/elisabeth-de-miribel-actrice-et-temoin-de-la-france-libre\\\/\",\"url\":\"https:\\\/\\\/ihedn.fr\\\/lundis-de-lihedn\\\/elisabeth-de-miribel-actrice-et-temoin-de-la-france-libre\\\/\",\"name\":\"\u00c9lisabeth de Miribel, actrice et t\u00e9moin de la France libre - L&#039;IHEDN : Institut des hautes \u00e9tudes de d\u00e9fense nationale\",\"isPartOf\":{\"@id\":\"https:\\\/\\\/ihedn.fr\\\/#website\"},\"primaryImageOfPage\":{\"@id\":\"https:\\\/\\\/ihedn.fr\\\/lundis-de-lihedn\\\/elisabeth-de-miribel-actrice-et-temoin-de-la-france-libre\\\/#primaryimage\"},\"image\":{\"@id\":\"https:\\\/\\\/ihedn.fr\\\/lundis-de-lihedn\\\/elisabeth-de-miribel-actrice-et-temoin-de-la-france-libre\\\/#primaryimage\"},\"thumbnailUrl\":\"https:\\\/\\\/ihedn.fr\\\/wp-content\\\/uploads\\\/2024\\\/08\\\/miribel.jpg\",\"datePublished\":\"2024-08-26T15:28:19+00:00\",\"dateModified\":\"2025-09-03T14:43:53+00:00\",\"description\":\"Dans le cadre de notre s\u00e9rie \u00ab Esprit 44 \u00bb en partenariat avec la Fondation Charles-de-Gaulle, retour en images sur la saga d\u2019une femme de caract\u00e8re qui s\u2019est trouv\u00e9e au c\u0153ur de moments charni\u00e8re de l\u2019Histoire : appel du 18-Juin, campagne d\u2019Italie, lib\u00e9ration de Paris\u2026\",\"breadcrumb\":{\"@id\":\"https:\\\/\\\/ihedn.fr\\\/lundis-de-lihedn\\\/elisabeth-de-miribel-actrice-et-temoin-de-la-france-libre\\\/#breadcrumb\"},\"inLanguage\":\"en-GB\",\"potentialAction\":[{\"@type\":\"ReadAction\",\"target\":[\"https:\\\/\\\/ihedn.fr\\\/lundis-de-lihedn\\\/elisabeth-de-miribel-actrice-et-temoin-de-la-france-libre\\\/\"]}]},{\"@type\":\"ImageObject\",\"inLanguage\":\"en-GB\",\"@id\":\"https:\\\/\\\/ihedn.fr\\\/lundis-de-lihedn\\\/elisabeth-de-miribel-actrice-et-temoin-de-la-france-libre\\\/#primaryimage\",\"url\":\"https:\\\/\\\/ihedn.fr\\\/wp-content\\\/uploads\\\/2024\\\/08\\\/miribel.jpg\",\"contentUrl\":\"https:\\\/\\\/ihedn.fr\\\/wp-content\\\/uploads\\\/2024\\\/08\\\/miribel.jpg\",\"width\":1663,\"height\":380,\"caption\":\"Lundis de l'IHEDN | \u00c9lisabeth de Miribel, actrice et t\u00e9moin de la France libre\"},{\"@type\":\"BreadcrumbList\",\"@id\":\"https:\\\/\\\/ihedn.fr\\\/lundis-de-lihedn\\\/elisabeth-de-miribel-actrice-et-temoin-de-la-france-libre\\\/#breadcrumb\",\"itemListElement\":[{\"@type\":\"ListItem\",\"position\":1,\"name\":\"Accueil\",\"item\":\"https:\\\/\\\/ihedn.fr\\\/\"},{\"@type\":\"ListItem\",\"position\":2,\"name\":\"\u00c9lisabeth de Miribel, actrice et t\u00e9moin de la France libre\"}]},{\"@type\":\"WebSite\",\"@id\":\"https:\\\/\\\/ihedn.fr\\\/#website\",\"url\":\"https:\\\/\\\/ihedn.fr\\\/\",\"name\":\"IHEDN : Institut des hautes \u00e9tudes de d\u00e9fense nationale |\",\"description\":\"Site officiel de l&#039;IHEDN plac\u00e9 sous la tutelle du Premier ministre.\",\"publisher\":{\"@id\":\"https:\\\/\\\/ihedn.fr\\\/#organization\"},\"potentialAction\":[{\"@type\":\"SearchAction\",\"target\":{\"@type\":\"EntryPoint\",\"urlTemplate\":\"https:\\\/\\\/ihedn.fr\\\/?s={search_term_string}\"},\"query-input\":{\"@type\":\"PropertyValueSpecification\",\"valueRequired\":true,\"valueName\":\"search_term_string\"}}],\"inLanguage\":\"en-GB\"},{\"@type\":\"Organization\",\"@id\":\"https:\\\/\\\/ihedn.fr\\\/#organization\",\"name\":\"IHEDN - Institut des Hautes Etudes de D\u00e9fense Nationale\",\"url\":\"https:\\\/\\\/ihedn.fr\\\/\",\"logo\":{\"@type\":\"ImageObject\",\"inLanguage\":\"en-GB\",\"@id\":\"https:\\\/\\\/ihedn.fr\\\/#\\\/schema\\\/logo\\\/image\\\/\",\"url\":\"https:\\\/\\\/ihedn.fr\\\/wp-content\\\/uploads\\\/2020\\\/11\\\/BLOC_RF_IHEDN_WEB.png\",\"contentUrl\":\"https:\\\/\\\/ihedn.fr\\\/wp-content\\\/uploads\\\/2020\\\/11\\\/BLOC_RF_IHEDN_WEB.png\",\"width\":500,\"height\":237,\"caption\":\"IHEDN - Institut des Hautes Etudes de D\u00e9fense Nationale\"},\"image\":{\"@id\":\"https:\\\/\\\/ihedn.fr\\\/#\\\/schema\\\/logo\\\/image\\\/\"},\"sameAs\":[\"https:\\\/\\\/www.facebook.com\\\/ihedn\\\/\",\"https:\\\/\\\/x.com\\\/IHEDN\",\"https:\\\/\\\/www.instagram.com\\\/ihedn\\\/\",\"https:\\\/\\\/www.linkedin.com\\\/school\\\/ihedn\\\/\",\"https:\\\/\\\/fr.wikipedia.org\\\/wiki\\\/Institut_des_hautes_\u00e9tudes_de_D\u00e9fense_nationale\"]},{\"@type\":\"Person\",\"@id\":\"https:\\\/\\\/ihedn.fr\\\/#\\\/schema\\\/person\\\/ed217a37104b27a246b200e65b827cc7\",\"name\":\"tanguy.morel@ihedn.fr\",\"image\":{\"@type\":\"ImageObject\",\"inLanguage\":\"en-GB\",\"@id\":\"https:\\\/\\\/secure.gravatar.com\\\/avatar\\\/36877cd30919fafddf1f9da45f4154aa468a64328452f2ceaff0968772207348?s=96&d=mm&r=g\",\"url\":\"https:\\\/\\\/secure.gravatar.com\\\/avatar\\\/36877cd30919fafddf1f9da45f4154aa468a64328452f2ceaff0968772207348?s=96&d=mm&r=g\",\"contentUrl\":\"https:\\\/\\\/secure.gravatar.com\\\/avatar\\\/36877cd30919fafddf1f9da45f4154aa468a64328452f2ceaff0968772207348?s=96&d=mm&r=g\",\"caption\":\"tanguy.morel@ihedn.fr\"},\"url\":\"https:\\\/\\\/ihedn.fr\\\/en\\\/author\\\/tanguy-morelihedn-fr\\\/\"}]}<\/script>\n<!-- \/ Yoast SEO plugin. -->","yoast_head_json":{"title":"\u00c9lisabeth de Miribel, actress and witness to Free France - L'IHEDN : Institut des hautes \u00e9tudes de d\u00e9fense nationale (Graduate Institute of National Defence)","description":"As part of our \"Esprit 44\" series in partnership with the Charles-de-Gaulle Foundation, we take a look back in pictures at the saga of a woman of character who found herself at the heart of some of the most pivotal moments in history: the Appeal of 18 June, the Italian campaign, the liberation of Paris...","robots":{"index":"index","follow":"follow","max-snippet":"max-snippet:-1","max-image-preview":"max-image-preview:large","max-video-preview":"max-video-preview:-1"},"canonical":"https:\/\/ihedn.fr\/en\/lundis-de-lihedn\/elisabeth-de-miribel-actrice-et-temoin-de-la-france-libre\/","og_locale":"en_GB","og_type":"article","og_title":"\u00c9lisabeth de Miribel, actrice et t\u00e9moin de la France libre","og_description":"Dans le cadre de notre s\u00e9rie \u00ab Esprit 44 \u00bb en partenariat avec la Fondation Charles-de-Gaulle, retour en images sur la saga d\u2019une femme de caract\u00e8re qui s\u2019est trouv\u00e9e au c\u0153ur de moments charni\u00e8res de l\u2019Histoire : appel du 18-Juin, campagne d\u2019Italie, lib\u00e9ration de Paris\u2026","og_url":"https:\/\/ihedn.fr\/en\/lundis-de-lihedn\/elisabeth-de-miribel-actrice-et-temoin-de-la-france-libre\/","og_site_name":"L&#039;IHEDN : Institut des hautes \u00e9tudes de d\u00e9fense nationale","article_publisher":"https:\/\/www.facebook.com\/ihedn\/","article_published_time":"2024-08-26T15:28:19+00:00","article_modified_time":"2025-09-03T14:43:53+00:00","og_image":[{"width":1663,"height":380,"url":"https:\/\/ihedn.fr\/wp-content\/uploads\/2024\/08\/miribel.jpg","type":"image\/jpeg"}],"author":"tanguy.morel@ihedn.fr","twitter_card":"summary_large_image","twitter_title":"\u00c9lisabeth de Miribel, actrice et t\u00e9moin de la France libre","twitter_description":"Dans le cadre de notre s\u00e9rie \u00ab Esprit 44 \u00bb en partenariat avec la Fondation Charles-de-Gaulle, retour en images sur la saga d\u2019une femme de caract\u00e8re qui s\u2019est trouv\u00e9e au c\u0153ur de moments charni\u00e8res de l\u2019Histoire : appel du 18-Juin, campagne d\u2019Italie, lib\u00e9ration de Paris\u2026","twitter_image":"https:\/\/ihedn.fr\/wp-content\/uploads\/2024\/08\/miribel.jpg","twitter_creator":"@IHEDN","twitter_site":"@IHEDN","twitter_misc":{"Written by":"tanguy.morel@ihedn.fr","Estimated reading time":"1 minute"},"schema":{"@context":"https:\/\/schema.org","@graph":[{"@type":"Article","@id":"https:\/\/ihedn.fr\/lundis-de-lihedn\/elisabeth-de-miribel-actrice-et-temoin-de-la-france-libre\/#article","isPartOf":{"@id":"https:\/\/ihedn.fr\/lundis-de-lihedn\/elisabeth-de-miribel-actrice-et-temoin-de-la-france-libre\/"},"author":{"name":"tanguy.morel@ihedn.fr","@id":"https:\/\/ihedn.fr\/#\/schema\/person\/ed217a37104b27a246b200e65b827cc7"},"headline":"\u00c9lisabeth de Miribel, actrice et t\u00e9moin de la France libre","datePublished":"2024-08-26T15:28:19+00:00","dateModified":"2025-09-03T14:43:53+00:00","mainEntityOfPage":{"@id":"https:\/\/ihedn.fr\/lundis-de-lihedn\/elisabeth-de-miribel-actrice-et-temoin-de-la-france-libre\/"},"wordCount":104,"publisher":{"@id":"https:\/\/ihedn.fr\/#organization"},"image":{"@id":"https:\/\/ihedn.fr\/lundis-de-lihedn\/elisabeth-de-miribel-actrice-et-temoin-de-la-france-libre\/#primaryimage"},"thumbnailUrl":"https:\/\/ihedn.fr\/wp-content\/uploads\/2024\/08\/miribel.jpg","keywords":["esprit44"],"articleSection":["d\u00e9fense militaire","Lundis de l'IHEDN","Notre s\u00e9lection"],"inLanguage":"en-GB"},{"@type":"WebPage","@id":"https:\/\/ihedn.fr\/lundis-de-lihedn\/elisabeth-de-miribel-actrice-et-temoin-de-la-france-libre\/","url":"https:\/\/ihedn.fr\/lundis-de-lihedn\/elisabeth-de-miribel-actrice-et-temoin-de-la-france-libre\/","name":"\u00c9lisabeth de Miribel, actress and witness to Free France - L'IHEDN : Institut des hautes \u00e9tudes de d\u00e9fense nationale (Graduate Institute of National Defence)","isPartOf":{"@id":"https:\/\/ihedn.fr\/#website"},"primaryImageOfPage":{"@id":"https:\/\/ihedn.fr\/lundis-de-lihedn\/elisabeth-de-miribel-actrice-et-temoin-de-la-france-libre\/#primaryimage"},"image":{"@id":"https:\/\/ihedn.fr\/lundis-de-lihedn\/elisabeth-de-miribel-actrice-et-temoin-de-la-france-libre\/#primaryimage"},"thumbnailUrl":"https:\/\/ihedn.fr\/wp-content\/uploads\/2024\/08\/miribel.jpg","datePublished":"2024-08-26T15:28:19+00:00","dateModified":"2025-09-03T14:43:53+00:00","description":"As part of our \"Esprit 44\" series in partnership with the Charles-de-Gaulle Foundation, we take a look back in pictures at the saga of a woman of character who found herself at the heart of some of the most pivotal moments in history: the Appeal of 18 June, the Italian campaign, the liberation of Paris...","breadcrumb":{"@id":"https:\/\/ihedn.fr\/lundis-de-lihedn\/elisabeth-de-miribel-actrice-et-temoin-de-la-france-libre\/#breadcrumb"},"inLanguage":"en-GB","potentialAction":[{"@type":"ReadAction","target":["https:\/\/ihedn.fr\/lundis-de-lihedn\/elisabeth-de-miribel-actrice-et-temoin-de-la-france-libre\/"]}]},{"@type":"ImageObject","inLanguage":"en-GB","@id":"https:\/\/ihedn.fr\/lundis-de-lihedn\/elisabeth-de-miribel-actrice-et-temoin-de-la-france-libre\/#primaryimage","url":"https:\/\/ihedn.fr\/wp-content\/uploads\/2024\/08\/miribel.jpg","contentUrl":"https:\/\/ihedn.fr\/wp-content\/uploads\/2024\/08\/miribel.jpg","width":1663,"height":380,"caption":"Lundis de l'IHEDN | \u00c9lisabeth de Miribel, actrice et t\u00e9moin de la France libre"},{"@type":"BreadcrumbList","@id":"https:\/\/ihedn.fr\/lundis-de-lihedn\/elisabeth-de-miribel-actrice-et-temoin-de-la-france-libre\/#breadcrumb","itemListElement":[{"@type":"ListItem","position":1,"name":"Accueil","item":"https:\/\/ihedn.fr\/"},{"@type":"ListItem","position":2,"name":"\u00c9lisabeth de Miribel, actrice et t\u00e9moin de la France libre"}]},{"@type":"WebSite","@id":"https:\/\/ihedn.fr\/#website","url":"https:\/\/ihedn.fr\/","name":"IHEDN: Institut des hautes \u00e9tudes de d\u00e9fense nationale (Institute for Higher National Defence Studies)","description":"Official website of the IHEDN under the supervision of the Prime Minister.","publisher":{"@id":"https:\/\/ihedn.fr\/#organization"},"potentialAction":[{"@type":"SearchAction","target":{"@type":"EntryPoint","urlTemplate":"https:\/\/ihedn.fr\/?s={search_term_string}"},"query-input":{"@type":"PropertyValueSpecification","valueRequired":true,"valueName":"search_term_string"}}],"inLanguage":"en-GB"},{"@type":"Organization","@id":"https:\/\/ihedn.fr\/#organization","name":"IHEDN - Institute for Higher National Defence Studies","url":"https:\/\/ihedn.fr\/","logo":{"@type":"ImageObject","inLanguage":"en-GB","@id":"https:\/\/ihedn.fr\/#\/schema\/logo\/image\/","url":"https:\/\/ihedn.fr\/wp-content\/uploads\/2020\/11\/BLOC_RF_IHEDN_WEB.png","contentUrl":"https:\/\/ihedn.fr\/wp-content\/uploads\/2020\/11\/BLOC_RF_IHEDN_WEB.png","width":500,"height":237,"caption":"IHEDN - Institut des Hautes Etudes de D\u00e9fense Nationale"},"image":{"@id":"https:\/\/ihedn.fr\/#\/schema\/logo\/image\/"},"sameAs":["https:\/\/www.facebook.com\/ihedn\/","https:\/\/x.com\/IHEDN","https:\/\/www.instagram.com\/ihedn\/","https:\/\/www.linkedin.com\/school\/ihedn\/","https:\/\/fr.wikipedia.org\/wiki\/Institut_des_hautes_\u00e9tudes_de_D\u00e9fense_nationale"]},{"@type":"Person","@id":"https:\/\/ihedn.fr\/#\/schema\/person\/ed217a37104b27a246b200e65b827cc7","name":"tanguy.morel@ihedn.fr","image":{"@type":"ImageObject","inLanguage":"en-GB","@id":"https:\/\/secure.gravatar.com\/avatar\/36877cd30919fafddf1f9da45f4154aa468a64328452f2ceaff0968772207348?s=96&d=mm&r=g","url":"https:\/\/secure.gravatar.com\/avatar\/36877cd30919fafddf1f9da45f4154aa468a64328452f2ceaff0968772207348?s=96&d=mm&r=g","contentUrl":"https:\/\/secure.gravatar.com\/avatar\/36877cd30919fafddf1f9da45f4154aa468a64328452f2ceaff0968772207348?s=96&d=mm&r=g","caption":"tanguy.morel@ihedn.fr"},"url":"https:\/\/ihedn.fr\/en\/author\/tanguy-morelihedn-fr\/"}]}},"publishpress_future_action":{"enabled":false,"date":"2026-05-05 21:12:25","action":"change-status","newStatus":"draft","terms":[],"taxonomy":"category","extraData":[]},"publishpress_future_workflow_manual_trigger":{"enabledWorkflows":[]},"_links":{"self":[{"href":"https:\/\/ihedn.fr\/en\/wp-json\/wp\/v2\/posts\/49720","targetHints":{"allow":["GET"]}}],"collection":[{"href":"https:\/\/ihedn.fr\/en\/wp-json\/wp\/v2\/posts"}],"about":[{"href":"https:\/\/ihedn.fr\/en\/wp-json\/wp\/v2\/types\/post"}],"author":[{"embeddable":true,"href":"https:\/\/ihedn.fr\/en\/wp-json\/wp\/v2\/users\/10"}],"replies":[{"embeddable":true,"href":"https:\/\/ihedn.fr\/en\/wp-json\/wp\/v2\/comments?post=49720"}],"version-history":[{"count":13,"href":"https:\/\/ihedn.fr\/en\/wp-json\/wp\/v2\/posts\/49720\/revisions"}],"predecessor-version":[{"id":50154,"href":"https:\/\/ihedn.fr\/en\/wp-json\/wp\/v2\/posts\/49720\/revisions\/50154"}],"wp:featuredmedia":[{"embeddable":true,"href":"https:\/\/ihedn.fr\/en\/wp-json\/wp\/v2\/media\/49731"}],"wp:attachment":[{"href":"https:\/\/ihedn.fr\/en\/wp-json\/wp\/v2\/media?parent=49720"}],"wp:term":[{"taxonomy":"category","embeddable":true,"href":"https:\/\/ihedn.fr\/en\/wp-json\/wp\/v2\/categories?post=49720"},{"taxonomy":"post_tag","embeddable":true,"href":"https:\/\/ihedn.fr\/en\/wp-json\/wp\/v2\/tags?post=49720"}],"curies":[{"name":"wp","href":"https:\/\/api.w.org\/{rel}","templated":true}]}}