{"id":50420,"date":"2024-09-24T11:31:27","date_gmt":"2024-09-24T10:31:27","guid":{"rendered":"https:\/\/ihedn.fr\/?p=50420"},"modified":"2024-09-24T11:56:51","modified_gmt":"2024-09-24T10:56:51","slug":"ouverture-a-nice-de-la-239supe-sup-session-en-region-provence-alpes-cote-dazur-de-lihedn","status":"publish","type":"post","link":"https:\/\/ihedn.fr\/en\/notre-actualite\/ouverture-a-nice-de-la-239supe-sup-session-en-region-provence-alpes-cote-dazur-de-lihedn\/","title":{"rendered":"Opening in Nice of the 239<sup>e<\/sup> IHEDN session in the Provence-Alpes-C\u00f4te d'Azur region"},"content":{"rendered":"<div data-elementor-type=\"wp-post\" data-elementor-id=\"50420\" class=\"elementor elementor-50420\" data-elementor-post-type=\"post\">\n\t\t\t\t<div data-particle_enable=\"false\" data-particle-mobile-disabled=\"false\" class=\"elementor-element elementor-element-93a82e0 e-con-full e-flex e-con e-parent\" data-id=\"93a82e0\" data-element_type=\"container\" data-e-type=\"container\">\n\t\t\t\t<div class=\"elementor-element elementor-element-35c1a29 elementor-widget elementor-widget-text-editor\" data-id=\"35c1a29\" data-element_type=\"widget\" data-e-type=\"widget\" data-widget_type=\"text-editor.default\">\n\t\t\t\t<div class=\"elementor-widget-container\">\n\t\t\t\t\t\t\t\t\t<p style=\"text-align: left;\">Fifty-one new auditors were invited to the Palais pr\u00e9fectoral des Alpes-Maritimes on Tuesday 17 September 2024 to attend the opening of the 239th session in the PACA region organised by the Institut des hautes \u00e9tudes de d\u00e9fense nationale (IHEDN).<\/p><p style=\"text-align: left;\">They were welcomed by the Prefect of the Alpes-Maritimes, Hugues Moutouh, and immersed with him in the challenges facing the region. They then got a glimpse of what was in store for them over the next four weeks, with speeches by sub-prefect Jean-Michel Delvert, director of the IHEDN's regional and specialised activities department, representing Lieutenant General Herv\u00e9 de Courr\u00e8ges, director of the IHEDN, and Brigadier General Guillaume Venard, representing Lieutenant General Thierry Laval, OGZDS Sud.<\/p><p style=\"text-align: left;\">The following day, the auditors began their immersion in the programme with visits to Nice's urban supervision centre (CSU) and then to Nice C\u00f4te d'Azur airport. Before their visit to Thal\u00e8s Underwater Systems on Friday, they were also able to take advantage of high-level conferences on the challenges and concepts of national defence, in a world marked by the reshaping of strategic paradigms.<\/p><p style=\"text-align: left;\">After a week packed with learning, the 239th session in the PACA region will meet up again on Tuesday 24 September in Orange to explore the workings of the armed forces and the defence system, alongside the IHEDN teams.<\/p>\t\t\t\t\t\t\t\t<\/div>\n\t\t\t\t<\/div>\n\t\t\t\t<div class=\"elementor-element elementor-element-3ae128e elementor-widget elementor-widget-gallery\" data-id=\"3ae128e\" data-element_type=\"widget\" data-e-type=\"widget\" data-settings=\"{&quot;gallery_layout&quot;:&quot;justified&quot;,&quot;ideal_row_height_tablet&quot;:{&quot;unit&quot;:&quot;px&quot;,&quot;size&quot;:300,&quot;sizes&quot;:[]},&quot;ideal_row_height_mobile&quot;:{&quot;unit&quot;:&quot;px&quot;,&quot;size&quot;:500,&quot;sizes&quot;:[]},&quot;lazyload&quot;:&quot;yes&quot;,&quot;ideal_row_height&quot;:{&quot;unit&quot;:&quot;px&quot;,&quot;size&quot;:200,&quot;sizes&quot;:[]},&quot;gap&quot;:{&quot;unit&quot;:&quot;px&quot;,&quot;size&quot;:10,&quot;sizes&quot;:[]},&quot;gap_tablet&quot;:{&quot;unit&quot;:&quot;px&quot;,&quot;size&quot;:10,&quot;sizes&quot;:[]},&quot;gap_mobile&quot;:{&quot;unit&quot;:&quot;px&quot;,&quot;size&quot;:10,&quot;sizes&quot;:[]},&quot;overlay_background&quot;:&quot;yes&quot;,&quot;content_hover_animation&quot;:&quot;fade-in&quot;}\" data-widget_type=\"gallery.default\">\n\t\t\t\t<div class=\"elementor-widget-container\">\n\t\t\t\t\t\t\t<div class=\"elementor-gallery__container\">\n\t\t\t\t\t\t\t<div class=\"e-gallery-item elementor-gallery-item elementor-animated-content\">\n\t\t\t\t\t<div class=\"e-gallery-image elementor-gallery-item__image\" data-thumbnail=\"https:\/\/ihedn.fr\/wp-content\/uploads\/2024\/09\/0c3e1149-6c69-4aee-9289-0206a9582ef1.jpg\" data-width=\"\" data-height=\"\" aria-label=\"\" role=\"img\" ><\/div>\n\t\t\t\t\t\t\t\t\t\t\t<div class=\"elementor-gallery-item__overlay\"><\/div>\n\t\t\t\t\t\t\t\t\t\t\t\t\t\t<\/div>\n\t\t\t\t\t\t\t<div class=\"e-gallery-item elementor-gallery-item elementor-animated-content\">\n\t\t\t\t\t<div class=\"e-gallery-image elementor-gallery-item__image\" data-thumbnail=\"https:\/\/ihedn.fr\/wp-content\/uploads\/2024\/09\/IMG_2750.jpg\" data-width=\"\" data-height=\"\" aria-label=\"Opening in Nice of the 239th session of the IHEDN in the Provence-Alpes-C\u00f4te d&#039;Azur region\" role=\"img\" ><\/div>\n\t\t\t\t\t\t\t\t\t\t\t<div class=\"elementor-gallery-item__overlay\"><\/div>\n\t\t\t\t\t\t\t\t\t\t\t\t\t\t<\/div>\n\t\t\t\t\t\t\t<div class=\"e-gallery-item elementor-gallery-item elementor-animated-content\">\n\t\t\t\t\t<div class=\"e-gallery-image elementor-gallery-item__image\" data-thumbnail=\"https:\/\/ihedn.fr\/wp-content\/uploads\/2024\/09\/IMG_2768-1.jpg\" data-width=\"\" data-height=\"\" aria-label=\"\" role=\"img\" ><\/div>\n\t\t\t\t\t\t\t\t\t\t\t<div class=\"elementor-gallery-item__overlay\"><\/div>\n\t\t\t\t\t\t\t\t\t\t\t\t\t\t<\/div>\n\t\t\t\t\t<\/div>\n\t\t\t\t\t<\/div>\n\t\t\t\t<\/div>\n\t\t\t\t<\/div>\n\t\t\t\t<\/div>","protected":false},"excerpt":{"rendered":"<p>Fifty-one new listeners were invited to the Palais pr\u00e9fectoral des Alpes-Maritimes on Tuesday 17 September 2024 to take part in the opening of the 239<sup>e<\/sup> session in the PACA region organised by the Institut des hautes \u00e9tudes de d\u00e9fense nationale (IHEDN). <\/p>","protected":false},"author":10,"featured_media":50424,"comment_status":"closed","ping_status":"closed","sticky":false,"template":"","format":"standard","meta":{"footnotes":""},"categories":[172],"tags":[],"class_list":["post-50420","post","type-post","status-publish","format-standard","has-post-thumbnail","hentry","category-notre-actualite"],"yoast_head":"<!-- This site is optimized with the Yoast SEO plugin v27.5 - https:\/\/yoast.com\/product\/yoast-seo-wordpress\/ -->\n<title>Ouverture \u00e0 Nice de la 239e session en r\u00e9gion Provence-Alpes-C\u00f4te d\u2019Azur de l\u2019IHEDN - L&#039;IHEDN : Institut des hautes \u00e9tudes de d\u00e9fense nationale<\/title>\n<meta name=\"description\" content=\"Cinquante-et-un nouveaux auditeurs ont \u00e9t\u00e9 invit\u00e9s le mardi 17 septembre 2024 au Palais pr\u00e9fectoral des Alpes-Maritimes pour participer \u00e0 l\u2019ouverture de la 239e session en r\u00e9gion PACA organis\u00e9e par l\u2019Institut des hautes \u00e9tudes de d\u00e9fense nationale (IHEDN).\" \/>\n<meta name=\"robots\" content=\"index, follow, max-snippet:-1, max-image-preview:large, max-video-preview:-1\" \/>\n<link rel=\"canonical\" href=\"https:\/\/ihedn.fr\/en\/notre-actualite\/ouverture-a-nice-de-la-239supe-sup-session-en-region-provence-alpes-cote-dazur-de-lihedn\/\" \/>\n<meta property=\"og:locale\" content=\"en_GB\" \/>\n<meta property=\"og:type\" content=\"article\" \/>\n<meta property=\"og:title\" content=\"Ouverture \u00e0 Nice de la 239e session en r\u00e9gion Provence-Alpes-C\u00f4te d\u2019Azur de l\u2019IHEDN\" \/>\n<meta property=\"og:description\" content=\"Cinquante-et-un nouveaux auditeurs ont \u00e9t\u00e9 invit\u00e9s le mardi 17 septembre 2024 au Palais pr\u00e9fectoral des Alpes-Maritimes pour participer \u00e0 l\u2019ouverture de la 239e session en r\u00e9gion PACA organis\u00e9e par l\u2019Institut des hautes \u00e9tudes de d\u00e9fense nationale (IHEDN).\" \/>\n<meta property=\"og:url\" content=\"https:\/\/ihedn.fr\/en\/notre-actualite\/ouverture-a-nice-de-la-239supe-sup-session-en-region-provence-alpes-cote-dazur-de-lihedn\/\" \/>\n<meta property=\"og:site_name\" content=\"L&#039;IHEDN : Institut des hautes \u00e9tudes de d\u00e9fense nationale\" \/>\n<meta property=\"article:publisher\" content=\"https:\/\/www.facebook.com\/ihedn\/\" \/>\n<meta property=\"article:published_time\" content=\"2024-09-24T10:31:27+00:00\" \/>\n<meta property=\"article:modified_time\" content=\"2024-09-24T10:56:51+00:00\" \/>\n<meta property=\"og:image\" content=\"https:\/\/ihedn.fr\/wp-content\/uploads\/2024\/09\/IMG_2755.jpg\" \/>\n\t<meta property=\"og:image:width\" content=\"640\" \/>\n\t<meta property=\"og:image:height\" content=\"480\" \/>\n\t<meta property=\"og:image:type\" content=\"image\/jpeg\" \/>\n<meta name=\"author\" content=\"tanguy.morel@ihedn.fr\" \/>\n<meta name=\"twitter:card\" content=\"summary_large_image\" \/>\n<meta name=\"twitter:title\" content=\"Ouverture \u00e0 Nice de la 239&lt;sup&gt;e&lt;\/sup&gt; session en r\u00e9gion Provence-Alpes-C\u00f4te d\u2019Azur de l\u2019IHEDN\" \/>\n<meta name=\"twitter:description\" content=\"Cinquante-et-un nouveaux auditeurs ont \u00e9t\u00e9 invit\u00e9s le mardi 17 septembre 2024 au Palais pr\u00e9fectoral des Alpes-Maritimes pour participer \u00e0 l\u2019ouverture de la 239e session en r\u00e9gion PACA organis\u00e9e par l\u2019Institut des hautes \u00e9tudes de d\u00e9fense nationale (IHEDN).\" \/>\n<meta name=\"twitter:image\" content=\"https:\/\/ihedn.fr\/wp-content\/uploads\/2024\/09\/IMG_2755.jpg\" \/>\n<meta name=\"twitter:creator\" content=\"@IHEDN\" \/>\n<meta name=\"twitter:site\" content=\"@IHEDN\" \/>\n<meta name=\"twitter:label1\" content=\"Written by\" \/>\n\t<meta name=\"twitter:data1\" content=\"tanguy.morel@ihedn.fr\" \/>\n\t<meta name=\"twitter:label2\" content=\"Estimated reading time\" \/>\n\t<meta name=\"twitter:data2\" content=\"2 minutes\" \/>\n<script type=\"application\/ld+json\" class=\"yoast-schema-graph\">{\"@context\":\"https:\\\/\\\/schema.org\",\"@graph\":[{\"@type\":\"Article\",\"@id\":\"https:\\\/\\\/ihedn.fr\\\/notre-actualite\\\/ouverture-a-nice-de-la-239supe-sup-session-en-region-provence-alpes-cote-dazur-de-lihedn\\\/#article\",\"isPartOf\":{\"@id\":\"https:\\\/\\\/ihedn.fr\\\/notre-actualite\\\/ouverture-a-nice-de-la-239supe-sup-session-en-region-provence-alpes-cote-dazur-de-lihedn\\\/\"},\"author\":{\"name\":\"tanguy.morel@ihedn.fr\",\"@id\":\"https:\\\/\\\/ihedn.fr\\\/#\\\/schema\\\/person\\\/ed217a37104b27a246b200e65b827cc7\"},\"headline\":\"Ouverture \u00e0 Nice de la 239e session en r\u00e9gion Provence-Alpes-C\u00f4te d\u2019Azur de l\u2019IHEDN\",\"datePublished\":\"2024-09-24T10:31:27+00:00\",\"dateModified\":\"2024-09-24T10:56:51+00:00\",\"mainEntityOfPage\":{\"@id\":\"https:\\\/\\\/ihedn.fr\\\/notre-actualite\\\/ouverture-a-nice-de-la-239supe-sup-session-en-region-provence-alpes-cote-dazur-de-lihedn\\\/\"},\"wordCount\":287,\"publisher\":{\"@id\":\"https:\\\/\\\/ihedn.fr\\\/#organization\"},\"image\":{\"@id\":\"https:\\\/\\\/ihedn.fr\\\/notre-actualite\\\/ouverture-a-nice-de-la-239supe-sup-session-en-region-provence-alpes-cote-dazur-de-lihedn\\\/#primaryimage\"},\"thumbnailUrl\":\"https:\\\/\\\/ihedn.fr\\\/wp-content\\\/uploads\\\/2024\\\/09\\\/IMG_2755.jpg\",\"articleSection\":[\"Notre actualit\u00e9\"],\"inLanguage\":\"en-GB\"},{\"@type\":\"WebPage\",\"@id\":\"https:\\\/\\\/ihedn.fr\\\/notre-actualite\\\/ouverture-a-nice-de-la-239supe-sup-session-en-region-provence-alpes-cote-dazur-de-lihedn\\\/\",\"url\":\"https:\\\/\\\/ihedn.fr\\\/notre-actualite\\\/ouverture-a-nice-de-la-239supe-sup-session-en-region-provence-alpes-cote-dazur-de-lihedn\\\/\",\"name\":\"Ouverture \u00e0 Nice de la 239e session en r\u00e9gion Provence-Alpes-C\u00f4te d\u2019Azur de l\u2019IHEDN - L&#039;IHEDN : Institut des hautes \u00e9tudes de d\u00e9fense nationale\",\"isPartOf\":{\"@id\":\"https:\\\/\\\/ihedn.fr\\\/#website\"},\"primaryImageOfPage\":{\"@id\":\"https:\\\/\\\/ihedn.fr\\\/notre-actualite\\\/ouverture-a-nice-de-la-239supe-sup-session-en-region-provence-alpes-cote-dazur-de-lihedn\\\/#primaryimage\"},\"image\":{\"@id\":\"https:\\\/\\\/ihedn.fr\\\/notre-actualite\\\/ouverture-a-nice-de-la-239supe-sup-session-en-region-provence-alpes-cote-dazur-de-lihedn\\\/#primaryimage\"},\"thumbnailUrl\":\"https:\\\/\\\/ihedn.fr\\\/wp-content\\\/uploads\\\/2024\\\/09\\\/IMG_2755.jpg\",\"datePublished\":\"2024-09-24T10:31:27+00:00\",\"dateModified\":\"2024-09-24T10:56:51+00:00\",\"description\":\"Cinquante-et-un nouveaux auditeurs ont \u00e9t\u00e9 invit\u00e9s le mardi 17 septembre 2024 au Palais pr\u00e9fectoral des Alpes-Maritimes pour participer \u00e0 l\u2019ouverture de la 239e session en r\u00e9gion PACA organis\u00e9e par l\u2019Institut des hautes \u00e9tudes de d\u00e9fense nationale (IHEDN).\",\"breadcrumb\":{\"@id\":\"https:\\\/\\\/ihedn.fr\\\/notre-actualite\\\/ouverture-a-nice-de-la-239supe-sup-session-en-region-provence-alpes-cote-dazur-de-lihedn\\\/#breadcrumb\"},\"inLanguage\":\"en-GB\",\"potentialAction\":[{\"@type\":\"ReadAction\",\"target\":[\"https:\\\/\\\/ihedn.fr\\\/notre-actualite\\\/ouverture-a-nice-de-la-239supe-sup-session-en-region-provence-alpes-cote-dazur-de-lihedn\\\/\"]}]},{\"@type\":\"ImageObject\",\"inLanguage\":\"en-GB\",\"@id\":\"https:\\\/\\\/ihedn.fr\\\/notre-actualite\\\/ouverture-a-nice-de-la-239supe-sup-session-en-region-provence-alpes-cote-dazur-de-lihedn\\\/#primaryimage\",\"url\":\"https:\\\/\\\/ihedn.fr\\\/wp-content\\\/uploads\\\/2024\\\/09\\\/IMG_2755.jpg\",\"contentUrl\":\"https:\\\/\\\/ihedn.fr\\\/wp-content\\\/uploads\\\/2024\\\/09\\\/IMG_2755.jpg\",\"width\":640,\"height\":480,\"caption\":\"Ouverture \u00e0 Nice de la 239e session en r\u00e9gion Provence-Alpes-C\u00f4te d\u2019Azur de l\u2019IHEDN\"},{\"@type\":\"BreadcrumbList\",\"@id\":\"https:\\\/\\\/ihedn.fr\\\/notre-actualite\\\/ouverture-a-nice-de-la-239supe-sup-session-en-region-provence-alpes-cote-dazur-de-lihedn\\\/#breadcrumb\",\"itemListElement\":[{\"@type\":\"ListItem\",\"position\":1,\"name\":\"Accueil\",\"item\":\"https:\\\/\\\/ihedn.fr\\\/\"},{\"@type\":\"ListItem\",\"position\":2,\"name\":\"Ouverture \u00e0 Nice de la 239e session en r\u00e9gion Provence-Alpes-C\u00f4te d\u2019Azur de l\u2019IHEDN\"}]},{\"@type\":\"WebSite\",\"@id\":\"https:\\\/\\\/ihedn.fr\\\/#website\",\"url\":\"https:\\\/\\\/ihedn.fr\\\/\",\"name\":\"IHEDN : Institut des hautes \u00e9tudes de d\u00e9fense nationale |\",\"description\":\"Site officiel de l&#039;IHEDN plac\u00e9 sous la tutelle du Premier ministre.\",\"publisher\":{\"@id\":\"https:\\\/\\\/ihedn.fr\\\/#organization\"},\"potentialAction\":[{\"@type\":\"SearchAction\",\"target\":{\"@type\":\"EntryPoint\",\"urlTemplate\":\"https:\\\/\\\/ihedn.fr\\\/?s={search_term_string}\"},\"query-input\":{\"@type\":\"PropertyValueSpecification\",\"valueRequired\":true,\"valueName\":\"search_term_string\"}}],\"inLanguage\":\"en-GB\"},{\"@type\":\"Organization\",\"@id\":\"https:\\\/\\\/ihedn.fr\\\/#organization\",\"name\":\"IHEDN - Institut des Hautes Etudes de D\u00e9fense Nationale\",\"url\":\"https:\\\/\\\/ihedn.fr\\\/\",\"logo\":{\"@type\":\"ImageObject\",\"inLanguage\":\"en-GB\",\"@id\":\"https:\\\/\\\/ihedn.fr\\\/#\\\/schema\\\/logo\\\/image\\\/\",\"url\":\"https:\\\/\\\/ihedn.fr\\\/wp-content\\\/uploads\\\/2020\\\/11\\\/BLOC_RF_IHEDN_WEB.png\",\"contentUrl\":\"https:\\\/\\\/ihedn.fr\\\/wp-content\\\/uploads\\\/2020\\\/11\\\/BLOC_RF_IHEDN_WEB.png\",\"width\":500,\"height\":237,\"caption\":\"IHEDN - Institut des Hautes Etudes de D\u00e9fense Nationale\"},\"image\":{\"@id\":\"https:\\\/\\\/ihedn.fr\\\/#\\\/schema\\\/logo\\\/image\\\/\"},\"sameAs\":[\"https:\\\/\\\/www.facebook.com\\\/ihedn\\\/\",\"https:\\\/\\\/x.com\\\/IHEDN\",\"https:\\\/\\\/www.instagram.com\\\/ihedn\\\/\",\"https:\\\/\\\/www.linkedin.com\\\/school\\\/ihedn\\\/\",\"https:\\\/\\\/fr.wikipedia.org\\\/wiki\\\/Institut_des_hautes_\u00e9tudes_de_D\u00e9fense_nationale\"]},{\"@type\":\"Person\",\"@id\":\"https:\\\/\\\/ihedn.fr\\\/#\\\/schema\\\/person\\\/ed217a37104b27a246b200e65b827cc7\",\"name\":\"tanguy.morel@ihedn.fr\",\"image\":{\"@type\":\"ImageObject\",\"inLanguage\":\"en-GB\",\"@id\":\"https:\\\/\\\/secure.gravatar.com\\\/avatar\\\/36877cd30919fafddf1f9da45f4154aa468a64328452f2ceaff0968772207348?s=96&d=mm&r=g\",\"url\":\"https:\\\/\\\/secure.gravatar.com\\\/avatar\\\/36877cd30919fafddf1f9da45f4154aa468a64328452f2ceaff0968772207348?s=96&d=mm&r=g\",\"contentUrl\":\"https:\\\/\\\/secure.gravatar.com\\\/avatar\\\/36877cd30919fafddf1f9da45f4154aa468a64328452f2ceaff0968772207348?s=96&d=mm&r=g\",\"caption\":\"tanguy.morel@ihedn.fr\"},\"url\":\"https:\\\/\\\/ihedn.fr\\\/en\\\/author\\\/tanguy-morelihedn-fr\\\/\"}]}<\/script>\n<!-- \/ Yoast SEO plugin. -->","yoast_head_json":{"title":"Opening in Nice of the 239th session of the IHEDN in the Provence-Alpes-C\u00f4te d'Azur region - L'IHEDN : Institut des hautes \u00e9tudes de d\u00e9fense nationale (Institute for Advanced Studies in National Defence)","description":"Fifty-one new auditors were invited to the Palais pr\u00e9fectoral des Alpes-Maritimes on Tuesday 17 September 2024 to attend the opening of the 239th session in the PACA region organised by the Institut des hautes \u00e9tudes de d\u00e9fense nationale (IHEDN).","robots":{"index":"index","follow":"follow","max-snippet":"max-snippet:-1","max-image-preview":"max-image-preview:large","max-video-preview":"max-video-preview:-1"},"canonical":"https:\/\/ihedn.fr\/en\/notre-actualite\/ouverture-a-nice-de-la-239supe-sup-session-en-region-provence-alpes-cote-dazur-de-lihedn\/","og_locale":"en_GB","og_type":"article","og_title":"Ouverture \u00e0 Nice de la 239e session en r\u00e9gion Provence-Alpes-C\u00f4te d\u2019Azur de l\u2019IHEDN","og_description":"Cinquante-et-un nouveaux auditeurs ont \u00e9t\u00e9 invit\u00e9s le mardi 17 septembre 2024 au Palais pr\u00e9fectoral des Alpes-Maritimes pour participer \u00e0 l\u2019ouverture de la 239e session en r\u00e9gion PACA organis\u00e9e par l\u2019Institut des hautes \u00e9tudes de d\u00e9fense nationale (IHEDN).","og_url":"https:\/\/ihedn.fr\/en\/notre-actualite\/ouverture-a-nice-de-la-239supe-sup-session-en-region-provence-alpes-cote-dazur-de-lihedn\/","og_site_name":"L&#039;IHEDN : Institut des hautes \u00e9tudes de d\u00e9fense nationale","article_publisher":"https:\/\/www.facebook.com\/ihedn\/","article_published_time":"2024-09-24T10:31:27+00:00","article_modified_time":"2024-09-24T10:56:51+00:00","og_image":[{"width":640,"height":480,"url":"https:\/\/ihedn.fr\/wp-content\/uploads\/2024\/09\/IMG_2755.jpg","type":"image\/jpeg"}],"author":"tanguy.morel@ihedn.fr","twitter_card":"summary_large_image","twitter_title":"Ouverture \u00e0 Nice de la 239<sup>e<\/sup> session en r\u00e9gion Provence-Alpes-C\u00f4te d\u2019Azur de l\u2019IHEDN","twitter_description":"Cinquante-et-un nouveaux auditeurs ont \u00e9t\u00e9 invit\u00e9s le mardi 17 septembre 2024 au Palais pr\u00e9fectoral des Alpes-Maritimes pour participer \u00e0 l\u2019ouverture de la 239e session en r\u00e9gion PACA organis\u00e9e par l\u2019Institut des hautes \u00e9tudes de d\u00e9fense nationale (IHEDN).","twitter_image":"https:\/\/ihedn.fr\/wp-content\/uploads\/2024\/09\/IMG_2755.jpg","twitter_creator":"@IHEDN","twitter_site":"@IHEDN","twitter_misc":{"Written by":"tanguy.morel@ihedn.fr","Estimated reading time":"2 minutes"},"schema":{"@context":"https:\/\/schema.org","@graph":[{"@type":"Article","@id":"https:\/\/ihedn.fr\/notre-actualite\/ouverture-a-nice-de-la-239supe-sup-session-en-region-provence-alpes-cote-dazur-de-lihedn\/#article","isPartOf":{"@id":"https:\/\/ihedn.fr\/notre-actualite\/ouverture-a-nice-de-la-239supe-sup-session-en-region-provence-alpes-cote-dazur-de-lihedn\/"},"author":{"name":"tanguy.morel@ihedn.fr","@id":"https:\/\/ihedn.fr\/#\/schema\/person\/ed217a37104b27a246b200e65b827cc7"},"headline":"Ouverture \u00e0 Nice de la 239e session en r\u00e9gion Provence-Alpes-C\u00f4te d\u2019Azur de l\u2019IHEDN","datePublished":"2024-09-24T10:31:27+00:00","dateModified":"2024-09-24T10:56:51+00:00","mainEntityOfPage":{"@id":"https:\/\/ihedn.fr\/notre-actualite\/ouverture-a-nice-de-la-239supe-sup-session-en-region-provence-alpes-cote-dazur-de-lihedn\/"},"wordCount":287,"publisher":{"@id":"https:\/\/ihedn.fr\/#organization"},"image":{"@id":"https:\/\/ihedn.fr\/notre-actualite\/ouverture-a-nice-de-la-239supe-sup-session-en-region-provence-alpes-cote-dazur-de-lihedn\/#primaryimage"},"thumbnailUrl":"https:\/\/ihedn.fr\/wp-content\/uploads\/2024\/09\/IMG_2755.jpg","articleSection":["Notre actualit\u00e9"],"inLanguage":"en-GB"},{"@type":"WebPage","@id":"https:\/\/ihedn.fr\/notre-actualite\/ouverture-a-nice-de-la-239supe-sup-session-en-region-provence-alpes-cote-dazur-de-lihedn\/","url":"https:\/\/ihedn.fr\/notre-actualite\/ouverture-a-nice-de-la-239supe-sup-session-en-region-provence-alpes-cote-dazur-de-lihedn\/","name":"Opening in Nice of the 239th session of the IHEDN in the Provence-Alpes-C\u00f4te d'Azur region - L'IHEDN : Institut des hautes \u00e9tudes de d\u00e9fense nationale (Institute for Advanced Studies in National Defence)","isPartOf":{"@id":"https:\/\/ihedn.fr\/#website"},"primaryImageOfPage":{"@id":"https:\/\/ihedn.fr\/notre-actualite\/ouverture-a-nice-de-la-239supe-sup-session-en-region-provence-alpes-cote-dazur-de-lihedn\/#primaryimage"},"image":{"@id":"https:\/\/ihedn.fr\/notre-actualite\/ouverture-a-nice-de-la-239supe-sup-session-en-region-provence-alpes-cote-dazur-de-lihedn\/#primaryimage"},"thumbnailUrl":"https:\/\/ihedn.fr\/wp-content\/uploads\/2024\/09\/IMG_2755.jpg","datePublished":"2024-09-24T10:31:27+00:00","dateModified":"2024-09-24T10:56:51+00:00","description":"Fifty-one new auditors were invited to the Palais pr\u00e9fectoral des Alpes-Maritimes on Tuesday 17 September 2024 to attend the opening of the 239th session in the PACA region organised by the Institut des hautes \u00e9tudes de d\u00e9fense nationale (IHEDN).","breadcrumb":{"@id":"https:\/\/ihedn.fr\/notre-actualite\/ouverture-a-nice-de-la-239supe-sup-session-en-region-provence-alpes-cote-dazur-de-lihedn\/#breadcrumb"},"inLanguage":"en-GB","potentialAction":[{"@type":"ReadAction","target":["https:\/\/ihedn.fr\/notre-actualite\/ouverture-a-nice-de-la-239supe-sup-session-en-region-provence-alpes-cote-dazur-de-lihedn\/"]}]},{"@type":"ImageObject","inLanguage":"en-GB","@id":"https:\/\/ihedn.fr\/notre-actualite\/ouverture-a-nice-de-la-239supe-sup-session-en-region-provence-alpes-cote-dazur-de-lihedn\/#primaryimage","url":"https:\/\/ihedn.fr\/wp-content\/uploads\/2024\/09\/IMG_2755.jpg","contentUrl":"https:\/\/ihedn.fr\/wp-content\/uploads\/2024\/09\/IMG_2755.jpg","width":640,"height":480,"caption":"Ouverture \u00e0 Nice de la 239e session en r\u00e9gion Provence-Alpes-C\u00f4te d\u2019Azur de l\u2019IHEDN"},{"@type":"BreadcrumbList","@id":"https:\/\/ihedn.fr\/notre-actualite\/ouverture-a-nice-de-la-239supe-sup-session-en-region-provence-alpes-cote-dazur-de-lihedn\/#breadcrumb","itemListElement":[{"@type":"ListItem","position":1,"name":"Accueil","item":"https:\/\/ihedn.fr\/"},{"@type":"ListItem","position":2,"name":"Ouverture \u00e0 Nice de la 239e session en r\u00e9gion Provence-Alpes-C\u00f4te d\u2019Azur de l\u2019IHEDN"}]},{"@type":"WebSite","@id":"https:\/\/ihedn.fr\/#website","url":"https:\/\/ihedn.fr\/","name":"IHEDN: Institut des hautes \u00e9tudes de d\u00e9fense nationale (Institute for Higher National Defence Studies)","description":"Official website of the IHEDN under the supervision of the Prime Minister.","publisher":{"@id":"https:\/\/ihedn.fr\/#organization"},"potentialAction":[{"@type":"SearchAction","target":{"@type":"EntryPoint","urlTemplate":"https:\/\/ihedn.fr\/?s={search_term_string}"},"query-input":{"@type":"PropertyValueSpecification","valueRequired":true,"valueName":"search_term_string"}}],"inLanguage":"en-GB"},{"@type":"Organization","@id":"https:\/\/ihedn.fr\/#organization","name":"IHEDN - Institute for Higher National Defence Studies","url":"https:\/\/ihedn.fr\/","logo":{"@type":"ImageObject","inLanguage":"en-GB","@id":"https:\/\/ihedn.fr\/#\/schema\/logo\/image\/","url":"https:\/\/ihedn.fr\/wp-content\/uploads\/2020\/11\/BLOC_RF_IHEDN_WEB.png","contentUrl":"https:\/\/ihedn.fr\/wp-content\/uploads\/2020\/11\/BLOC_RF_IHEDN_WEB.png","width":500,"height":237,"caption":"IHEDN - Institut des Hautes Etudes de D\u00e9fense Nationale"},"image":{"@id":"https:\/\/ihedn.fr\/#\/schema\/logo\/image\/"},"sameAs":["https:\/\/www.facebook.com\/ihedn\/","https:\/\/x.com\/IHEDN","https:\/\/www.instagram.com\/ihedn\/","https:\/\/www.linkedin.com\/school\/ihedn\/","https:\/\/fr.wikipedia.org\/wiki\/Institut_des_hautes_\u00e9tudes_de_D\u00e9fense_nationale"]},{"@type":"Person","@id":"https:\/\/ihedn.fr\/#\/schema\/person\/ed217a37104b27a246b200e65b827cc7","name":"tanguy.morel@ihedn.fr","image":{"@type":"ImageObject","inLanguage":"en-GB","@id":"https:\/\/secure.gravatar.com\/avatar\/36877cd30919fafddf1f9da45f4154aa468a64328452f2ceaff0968772207348?s=96&d=mm&r=g","url":"https:\/\/secure.gravatar.com\/avatar\/36877cd30919fafddf1f9da45f4154aa468a64328452f2ceaff0968772207348?s=96&d=mm&r=g","contentUrl":"https:\/\/secure.gravatar.com\/avatar\/36877cd30919fafddf1f9da45f4154aa468a64328452f2ceaff0968772207348?s=96&d=mm&r=g","caption":"tanguy.morel@ihedn.fr"},"url":"https:\/\/ihedn.fr\/en\/author\/tanguy-morelihedn-fr\/"}]}},"publishpress_future_action":{"enabled":false,"date":"2026-05-08 14:18:16","action":"change-status","newStatus":"draft","terms":[],"taxonomy":"category","extraData":[]},"publishpress_future_workflow_manual_trigger":{"enabledWorkflows":[]},"_links":{"self":[{"href":"https:\/\/ihedn.fr\/en\/wp-json\/wp\/v2\/posts\/50420","targetHints":{"allow":["GET"]}}],"collection":[{"href":"https:\/\/ihedn.fr\/en\/wp-json\/wp\/v2\/posts"}],"about":[{"href":"https:\/\/ihedn.fr\/en\/wp-json\/wp\/v2\/types\/post"}],"author":[{"embeddable":true,"href":"https:\/\/ihedn.fr\/en\/wp-json\/wp\/v2\/users\/10"}],"replies":[{"embeddable":true,"href":"https:\/\/ihedn.fr\/en\/wp-json\/wp\/v2\/comments?post=50420"}],"version-history":[{"count":18,"href":"https:\/\/ihedn.fr\/en\/wp-json\/wp\/v2\/posts\/50420\/revisions"}],"predecessor-version":[{"id":50449,"href":"https:\/\/ihedn.fr\/en\/wp-json\/wp\/v2\/posts\/50420\/revisions\/50449"}],"wp:featuredmedia":[{"embeddable":true,"href":"https:\/\/ihedn.fr\/en\/wp-json\/wp\/v2\/media\/50424"}],"wp:attachment":[{"href":"https:\/\/ihedn.fr\/en\/wp-json\/wp\/v2\/media?parent=50420"}],"wp:term":[{"taxonomy":"category","embeddable":true,"href":"https:\/\/ihedn.fr\/en\/wp-json\/wp\/v2\/categories?post=50420"},{"taxonomy":"post_tag","embeddable":true,"href":"https:\/\/ihedn.fr\/en\/wp-json\/wp\/v2\/tags?post=50420"}],"curies":[{"name":"wp","href":"https:\/\/api.w.org\/{rel}","templated":true}]}}