{"id":50450,"date":"2024-09-24T15:39:53","date_gmt":"2024-09-24T14:39:53","guid":{"rendered":"https:\/\/ihedn.fr\/?p=50450"},"modified":"2024-09-30T17:03:26","modified_gmt":"2024-09-30T16:03:26","slug":"retour-sur-la-rentree-de-la-4supe-sup-session-nationale-de-lihedn","status":"publish","type":"post","link":"https:\/\/ihedn.fr\/en\/notre-actualite\/retour-sur-la-rentree-de-la-4supe-sup-session-nationale-de-lihedn\/","title":{"rendered":"A look back at the start of the new school year for the 4<sup>e<\/sup> IHEDN national session"},"content":{"rendered":"\t\t<div data-elementor-type=\"wp-post\" data-elementor-id=\"50450\" class=\"elementor elementor-50450\" data-elementor-post-type=\"post\">\n\t\t\t\t<div data-particle_enable=\"false\" data-particle-mobile-disabled=\"false\" class=\"elementor-element elementor-element-93a82e0 e-con-full e-flex e-con e-parent\" data-id=\"93a82e0\" data-element_type=\"container\" data-e-type=\"container\">\n\t\t<div data-particle_enable=\"false\" data-particle-mobile-disabled=\"false\" class=\"elementor-element elementor-element-63b02c0 e-flex e-con-boxed e-con e-child\" data-id=\"63b02c0\" data-element_type=\"container\" data-e-type=\"container\">\n\t\t\t\t\t<div class=\"e-con-inner\">\n\t\t\t\t<div class=\"elementor-element elementor-element-98749f0 elementor-widget elementor-widget-text-editor\" data-id=\"98749f0\" data-element_type=\"widget\" data-e-type=\"widget\" data-widget_type=\"text-editor.default\">\n\t\t\t\t<div class=\"elementor-widget-container\">\n\t\t\t\t\t\t\t\t\t<p style=\"text-align: left;\">Nomm\u00e9s au d\u00e9but de l\u2019\u00e9t\u00e9 par <a href=\"https:\/\/ihedn.fr\/wp-content\/uploads\/2024\/06\/joe_20240626_0149_0057.pdf\" target=\"_blank\" rel=\"noopener\">arr\u00eat\u00e9 du Premier ministre<\/a>, les 290 auditeurs de la 4<sup>e<\/sup> session nationale ont effectu\u00e9 la semaine derni\u00e8re leur rentr\u00e9e : d\u00e9but pour eux d\u2019un cursus qui s\u2019\u00e9talera jusqu\u2019en juin, \u00e0 raison d\u2019une quarantaine de journ\u00e9es de formation en moyenne selon la majeure qu\u2019ils ont choisie.<\/p>\t\t\t\t\t\t\t\t<\/div>\n\t\t\t\t<\/div>\n\t\t\t\t<div class=\"elementor-element elementor-element-b40d6bf elementor-widget elementor-widget-image\" data-id=\"b40d6bf\" data-element_type=\"widget\" data-e-type=\"widget\" data-widget_type=\"image.default\">\n\t\t\t\t<div class=\"elementor-widget-container\">\n\t\t\t\t\t\t\t\t\t\t\t\t<figure class=\"wp-caption\">\n\t\t\t\t\t\t\t\t\t\t<img fetchpriority=\"high\" decoding=\"async\" width=\"1280\" height=\"720\" src=\"https:\/\/ihedn.fr\/wp-content\/uploads\/2024\/09\/DSC_5129.jpg\" class=\"attachment-full size-full wp-image-50475\" alt=\"Les 290 auditeurs de la 4e session nationale de l\u2019IHEDN r\u00e9unis dans l\u2019amphith\u00e9\u00e2tre Foch de l\u2019\u00c9cole militaire.\" srcset=\"https:\/\/ihedn.fr\/wp-content\/uploads\/2024\/09\/DSC_5129.jpg 1280w, https:\/\/ihedn.fr\/wp-content\/uploads\/2024\/09\/DSC_5129-18x10.jpg 18w\" sizes=\"(max-width: 1280px) 100vw, 1280px\" \/>\t\t\t\t\t\t\t\t\t\t\t<figcaption class=\"widget-image-caption wp-caption-text\">Les 290 auditeurs de la 4e session nationale de l\u2019IHEDN r\u00e9unis dans l\u2019amphith\u00e9\u00e2tre Foch de l\u2019\u00c9cole militaire.<\/figcaption>\n\t\t\t\t\t\t\t\t\t\t<\/figure>\n\t\t\t\t\t\t\t\t\t<\/div>\n\t\t\t\t<\/div>\n\t\t\t\t\t<\/div>\n\t\t\t\t<\/div>\n\t\t<div data-particle_enable=\"false\" data-particle-mobile-disabled=\"false\" class=\"elementor-element elementor-element-2ea380b e-flex e-con-boxed e-con e-child\" data-id=\"2ea380b\" data-element_type=\"container\" data-e-type=\"container\">\n\t\t\t\t\t<div class=\"e-con-inner\">\n\t\t<div data-particle_enable=\"false\" data-particle-mobile-disabled=\"false\" class=\"elementor-element elementor-element-b547bb0 e-con-full e-flex e-con e-child\" data-id=\"b547bb0\" data-element_type=\"container\" data-e-type=\"container\">\n\t\t<div data-particle_enable=\"false\" data-particle-mobile-disabled=\"false\" class=\"elementor-element elementor-element-688c90b e-con-full e-flex e-con e-child\" data-id=\"688c90b\" data-element_type=\"container\" data-e-type=\"container\">\n\t\t\t\t<div class=\"elementor-element elementor-element-74268e1 elementor-widget elementor-widget-text-editor\" data-id=\"74268e1\" data-element_type=\"widget\" data-e-type=\"widget\" data-widget_type=\"text-editor.default\">\n\t\t\t\t<div class=\"elementor-widget-container\">\n\t\t\t\t\t\t\t\t\t<p style=\"text-align: left;\">Sur la sc\u00e8ne du grand amphith\u00e9\u00e2tre Foch de l\u2019\u00c9cole militaire, le nouveau directeur de l\u2019IHEDN, <a href=\"https:\/\/ihedn.fr\/2024\/09\/16\/general-herve-de-courreges-developper-lesprit-de-defense-sensibiliser-aux-questions-internationales\/\" target=\"_blank\" rel=\"noopener\">le g\u00e9n\u00e9ral Herv\u00e9 de Courr\u00e8ges<\/a>, a ouvert cette nouvelle session le 17 septembre. Il a invit\u00e9 les auditeurs \u00e0 \u00ab\u00a0mieux faire connaissance avec [leur] nouvelle maison\u00a0\u00bb, en en retra\u00e7ant l\u2019histoire, vieille de 88 ans, et les objectifs r\u00e9ajust\u00e9s au fil des ann\u00e9es. Il a ensuite \u00e9voqu\u00e9 le th\u00e8me d\u2019\u00e9tude de cette ann\u00e9e\u00a0: \u00ab\u00a0La France face aux d\u00e9fis des ruptures strat\u00e9giques\u00a0\u00bb.<\/p>\t\t\t\t\t\t\t\t<\/div>\n\t\t\t\t<\/div>\n\t\t\t\t<\/div>\n\t\t<div data-particle_enable=\"false\" data-particle-mobile-disabled=\"false\" class=\"elementor-element elementor-element-8989ec3 e-con-full e-flex e-con e-child\" data-id=\"8989ec3\" data-element_type=\"container\" data-e-type=\"container\">\n\t\t\t\t<div class=\"elementor-element elementor-element-4709025 elementor-widget elementor-widget-image\" data-id=\"4709025\" data-element_type=\"widget\" data-e-type=\"widget\" data-widget_type=\"image.default\">\n\t\t\t\t<div class=\"elementor-widget-container\">\n\t\t\t\t\t\t\t\t\t\t\t\t<figure class=\"wp-caption\">\n\t\t\t\t\t\t\t\t\t\t<img decoding=\"async\" width=\"1252\" height=\"704\" src=\"https:\/\/ihedn.fr\/wp-content\/uploads\/2024\/09\/DSC_5120.jpg\" class=\"attachment-full size-full wp-image-50454\" alt=\"Le nouveau directeur de l\u2019IHEDN, le g\u00e9n\u00e9ral de corps d\u2019arm\u00e9e Herv\u00e9 de Courr\u00e8ges, a ouvert cette 4e session nationale.\" srcset=\"https:\/\/ihedn.fr\/wp-content\/uploads\/2024\/09\/DSC_5120.jpg 1252w, https:\/\/ihedn.fr\/wp-content\/uploads\/2024\/09\/DSC_5120-18x10.jpg 18w\" sizes=\"(max-width: 1252px) 100vw, 1252px\" \/>\t\t\t\t\t\t\t\t\t\t\t<figcaption class=\"widget-image-caption wp-caption-text\">Le nouveau directeur de l\u2019IHEDN, le g\u00e9n\u00e9ral de corps d\u2019arm\u00e9e Herv\u00e9 de Courr\u00e8ges, a ouvert cette 4e session nationale.<\/figcaption>\n\t\t\t\t\t\t\t\t\t\t<\/figure>\n\t\t\t\t\t\t\t\t\t<\/div>\n\t\t\t\t<\/div>\n\t\t\t\t<\/div>\n\t\t\t\t<\/div>\n\t\t\t\t\t<\/div>\n\t\t\t\t<\/div>\n\t\t<div data-particle_enable=\"false\" data-particle-mobile-disabled=\"false\" class=\"elementor-element elementor-element-c35a798 e-flex e-con-boxed e-con e-child\" data-id=\"c35a798\" data-element_type=\"container\" data-e-type=\"container\">\n\t\t\t\t\t<div class=\"e-con-inner\">\n\t\t\t\t<div class=\"elementor-element elementor-element-6d7b489 elementor-widget elementor-widget-text-editor\" data-id=\"6d7b489\" data-element_type=\"widget\" data-e-type=\"widget\" data-widget_type=\"text-editor.default\">\n\t\t\t\t<div class=\"elementor-widget-container\">\n\t\t\t\t\t\t\t\t\t<p style=\"text-align: left;\">Directeur adjoint de l\u2019Institut, le pr\u00e9fet Nicolas Basselier a d\u00e9taill\u00e9 la \u00ab\u00a0physionomie\u00a0\u00bb des auditeurs de cette session, \u00ab\u00a0la plus grande \u00e0 ce jour\u00a0\u00bb puisqu\u2019un tel nombre d\u2019auditeurs n\u2019avait jamais \u00e9t\u00e9 atteint\u00a0: un quart d\u2019entre eux viennent du public, il y a notamment 11 parlementaires de tous horizons (8 d\u00e9put\u00e9s et 3 s\u00e9nateurs), et 8 auditeurs ultramarins, gr\u00e2ce au partenariat avec la direction g\u00e9n\u00e9rale des outre-mer du minist\u00e8re de l\u2019Int\u00e9rieur.<\/p>\t\t\t\t\t\t\t\t<\/div>\n\t\t\t\t<\/div>\n\t\t\t\t\t<\/div>\n\t\t\t\t<\/div>\n\t\t<div data-particle_enable=\"false\" data-particle-mobile-disabled=\"false\" class=\"elementor-element elementor-element-6f32a9b e-flex e-con-boxed e-con e-child\" data-id=\"6f32a9b\" data-element_type=\"container\" data-e-type=\"container\">\n\t\t\t\t\t<div class=\"e-con-inner\">\n\t\t\t\t<div class=\"elementor-element elementor-element-81a532b elementor-widget elementor-widget-text-editor\" data-id=\"81a532b\" data-element_type=\"widget\" data-e-type=\"widget\" data-widget_type=\"text-editor.default\">\n\t\t\t\t<div class=\"elementor-widget-container\">\n\t\t\t\t\t\t\t\t\t<p style=\"text-align: left;\">Chef du d\u00e9partement de la session nationale, l\u2019ing\u00e9nieur g\u00e9n\u00e9ral de l\u2019armement Florence Plessix a d\u00e9taill\u00e9 la sp\u00e9cificit\u00e9 de la session nationale, dot\u00e9e d\u2019un socle commun et d\u00e9clin\u00e9e en 5 majeures diff\u00e9rentes pour mieux r\u00e9pondre \u00e0 \u00ab l\u2019interd\u00e9pendance des enjeux globaux \u00bb. Les chefs de ces cinq majeures l\u2019ont ensuite rejointe sur sc\u00e8ne, avant l\u2019intervention du chef du d\u00e9partement des \u00e9tudes et de la recherche, le docteur Guillaume Lasconjarias, portant sur la p\u00e9dagogie.<\/p>\t\t\t\t\t\t\t\t<\/div>\n\t\t\t\t<\/div>\n\t\t\t\t<div class=\"elementor-element elementor-element-53e20d7 elementor-widget elementor-widget-image\" data-id=\"53e20d7\" data-element_type=\"widget\" data-e-type=\"widget\" data-widget_type=\"image.default\">\n\t\t\t\t<div class=\"elementor-widget-container\">\n\t\t\t\t\t\t\t\t\t\t\t\t<figure class=\"wp-caption\">\n\t\t\t\t\t\t\t\t\t\t<img decoding=\"async\" width=\"1280\" height=\"720\" src=\"https:\/\/ihedn.fr\/wp-content\/uploads\/2024\/09\/DSC_5146.jpg\" class=\"attachment-full size-full wp-image-50455\" alt=\"Le docteur Guillaume Lasconjarias, chef du d\u00e9partement des \u00e9tudes et de la recherche de l\u2019IHEDN.\" srcset=\"https:\/\/ihedn.fr\/wp-content\/uploads\/2024\/09\/DSC_5146.jpg 1280w, https:\/\/ihedn.fr\/wp-content\/uploads\/2024\/09\/DSC_5146-18x10.jpg 18w\" sizes=\"(max-width: 1280px) 100vw, 1280px\" \/>\t\t\t\t\t\t\t\t\t\t\t<figcaption class=\"widget-image-caption wp-caption-text\">Le docteur Guillaume Lasconjarias, chef du d\u00e9partement des \u00e9tudes et de la recherche de l\u2019IHEDN.<\/figcaption>\n\t\t\t\t\t\t\t\t\t\t<\/figure>\n\t\t\t\t\t\t\t\t\t<\/div>\n\t\t\t\t<\/div>\n\t\t\t\t\t<\/div>\n\t\t\t\t<\/div>\n\t\t<div data-particle_enable=\"false\" data-particle-mobile-disabled=\"false\" class=\"elementor-element elementor-element-6078f6e e-con-full e-flex e-con e-child\" data-id=\"6078f6e\" data-element_type=\"container\" data-e-type=\"container\">\n\t\t<div data-particle_enable=\"false\" data-particle-mobile-disabled=\"false\" class=\"elementor-element elementor-element-c7998c8 e-con-full e-flex e-con e-child\" data-id=\"c7998c8\" data-element_type=\"container\" data-e-type=\"container\">\n\t\t<div data-particle_enable=\"false\" data-particle-mobile-disabled=\"false\" class=\"elementor-element elementor-element-9a98e47 e-con-full e-flex e-con e-child\" data-id=\"9a98e47\" data-element_type=\"container\" data-e-type=\"container\">\n\t\t\t\t<div class=\"elementor-element elementor-element-ddced30 elementor-widget elementor-widget-text-editor\" data-id=\"ddced30\" data-element_type=\"widget\" data-e-type=\"widget\" data-widget_type=\"text-editor.default\">\n\t\t\t\t<div class=\"elementor-widget-container\">\n\t\t\t\t\t\t\t\t\t<p style=\"text-align: left;\">Pr\u00e9sentant chacun leur \u00e9quipe, retra\u00e7ant leur parcours, les chefs de majeures ont aussi bri\u00e8vement d\u00e9clin\u00e9 les enjeux de leur p\u00e9rim\u00e8tre, et en quoi ils sont interconnect\u00e9s\u00a0:<\/p><ul><li style=\"text-align: left;\">Politique de d\u00e9fense\u00a0(PolDef) : g\u00e9n\u00e9ral de corps d\u2019arm\u00e9e (en 2<sup>e<\/sup> section) Pascal Facon\u00a0;<\/li><li style=\"text-align: left;\">Enjeux et strat\u00e9gies maritimes\u00a0(ESM) : vice-amiral (2S) Franck Baduel\u00a0;<\/li><li style=\"text-align: left;\">D\u00e9fense et s\u00e9curit\u00e9 \u00e9conomiques (DSE) : ing\u00e9nieur g\u00e9n\u00e9ral de l\u2019armement (2S) Jacques Roujansky ;<\/li><li style=\"text-align: left;\">Armement et \u00e9conomie de d\u00e9fense (AED)\u00a0: ing\u00e9nieur g\u00e9n\u00e9ral de l\u2019armement (2S) \u00c9tienne Paris\u00a0;<\/li><li style=\"text-align: left;\">Souverainet\u00e9 num\u00e9rique et cybers\u00e9curit\u00e9 (SNC) : vice-amiral d\u2019escadre (2S) Henri Schricke.<\/li><\/ul>\t\t\t\t\t\t\t\t<\/div>\n\t\t\t\t<\/div>\n\t\t\t\t<\/div>\n\t\t<div data-particle_enable=\"false\" data-particle-mobile-disabled=\"false\" class=\"elementor-element elementor-element-a221afc e-con-full e-flex e-con e-child\" data-id=\"a221afc\" data-element_type=\"container\" data-e-type=\"container\">\n\t\t\t\t<div class=\"elementor-element elementor-element-b975dd8 elementor-widget elementor-widget-image\" data-id=\"b975dd8\" data-element_type=\"widget\" data-e-type=\"widget\" data-widget_type=\"image.default\">\n\t\t\t\t<div class=\"elementor-widget-container\">\n\t\t\t\t\t\t\t\t\t\t\t\t<figure class=\"wp-caption\">\n\t\t\t\t\t\t\t\t\t\t<img loading=\"lazy\" decoding=\"async\" width=\"1920\" height=\"1280\" src=\"https:\/\/ihedn.fr\/wp-content\/uploads\/2024\/09\/DSC_5099.jpg\" class=\"attachment-full size-full wp-image-50456\" alt=\"Les chefs de majeures entourent l\u2019ing\u00e9nieur g\u00e9n\u00e9ral de l\u2019armement Florence Plessix, chef du d\u00e9partement de la session nationale de l\u2019IHEDN.\" srcset=\"https:\/\/ihedn.fr\/wp-content\/uploads\/2024\/09\/DSC_5099.jpg 1920w, https:\/\/ihedn.fr\/wp-content\/uploads\/2024\/09\/DSC_5099-1536x1024.jpg 1536w, https:\/\/ihedn.fr\/wp-content\/uploads\/2024\/09\/DSC_5099-18x12.jpg 18w\" sizes=\"(max-width: 1920px) 100vw, 1920px\" \/>\t\t\t\t\t\t\t\t\t\t\t<figcaption class=\"widget-image-caption wp-caption-text\">Les chefs de majeures entourent l\u2019ing\u00e9nieur g\u00e9n\u00e9ral de l\u2019armement Florence Plessix, chef du d\u00e9partement de la session nationale de l\u2019IHEDN.<\/figcaption>\n\t\t\t\t\t\t\t\t\t\t<\/figure>\n\t\t\t\t\t\t\t\t\t<\/div>\n\t\t\t\t<\/div>\n\t\t\t\t<\/div>\n\t\t\t\t<\/div>\n\t\t\t\t<\/div>\n\t\t<div data-particle_enable=\"false\" data-particle-mobile-disabled=\"false\" class=\"elementor-element elementor-element-580c4d8 e-flex e-con-boxed e-con e-child\" data-id=\"580c4d8\" data-element_type=\"container\" data-e-type=\"container\">\n\t\t\t\t\t<div class=\"e-con-inner\">\n\t\t\t\t<div class=\"elementor-element elementor-element-6bcf512 elementor-widget elementor-widget-text-editor\" data-id=\"6bcf512\" data-element_type=\"widget\" data-e-type=\"widget\" data-widget_type=\"text-editor.default\">\n\t\t\t\t<div class=\"elementor-widget-container\">\n\t\t\t\t\t\t\t\t\t<p style=\"text-align: left;\">Le 18 septembre, \u00e0 nouveau dans l\u2019amphi Foch, les auditeurs ont d\u00e9but\u00e9 leur journ\u00e9e par une passionnante conf\u00e9rence du docteur Philippe Vial, ma\u00eetre de conf\u00e9rences en histoire contemporaine \u00e0 l\u2019Universit\u00e9 Paris 1 Panth\u00e9on-Sorbonne et conseiller acad\u00e9mique du directeur de l\u2019Enseignement militaire sup\u00e9rieur, conseiller acad\u00e9mique et professeur d\u2019histoire du Centre des hautes \u00e9tudes militaires, intitul\u00e9e \u00ab\u00a0La d\u00e9fense nationale, histoire et th\u00e9orie\u00a0\u00bb. Logiquement, l\u2019intervention suivante, par le g\u00e9n\u00e9ral d\u2019arm\u00e9e (2S) Didier Castres, portait sur \u00ab La d\u00e9fense nationale dans la pratique\u00a0\u00bb.<\/p>\t\t\t\t\t\t\t\t<\/div>\n\t\t\t\t<\/div>\n\t\t\t\t<div class=\"elementor-element elementor-element-253a7e2 elementor-widget elementor-widget-image\" data-id=\"253a7e2\" data-element_type=\"widget\" data-e-type=\"widget\" data-widget_type=\"image.default\">\n\t\t\t\t<div class=\"elementor-widget-container\">\n\t\t\t\t\t\t\t\t\t\t\t\t<figure class=\"wp-caption\">\n\t\t\t\t\t\t\t\t\t\t<img decoding=\"async\" src=\"https:\/\/ihedn.fr\/wp-content\/uploads\/2024\/09\/DSC_5061.jpg\" title=\"DSC_5061\" alt=\"Le docteur Philippe Vial a retrac\u00e9 l\u2019histoire et la th\u00e9orie de la d\u00e9fense nationale.\" loading=\"lazy\" \/>\t\t\t\t\t\t\t\t\t\t\t<figcaption class=\"widget-image-caption wp-caption-text\">Le docteur Philippe Vial a retrac\u00e9 l\u2019histoire et la th\u00e9orie de la d\u00e9fense nationale.<\/figcaption>\n\t\t\t\t\t\t\t\t\t\t<\/figure>\n\t\t\t\t\t\t\t\t\t<\/div>\n\t\t\t\t<\/div>\n\t\t\t\t\t<\/div>\n\t\t\t\t<\/div>\n\t\t<div data-particle_enable=\"false\" data-particle-mobile-disabled=\"false\" class=\"elementor-element elementor-element-2c7a285 e-con-full e-flex e-con e-child\" data-id=\"2c7a285\" data-element_type=\"container\" data-e-type=\"container\">\n\t\t\t\t<div class=\"elementor-element elementor-element-7bd1407 elementor-widget elementor-widget-text-editor\" data-id=\"7bd1407\" data-element_type=\"widget\" data-e-type=\"widget\" data-widget_type=\"text-editor.default\">\n\t\t\t\t<div class=\"elementor-widget-container\">\n\t\t\t\t\t\t\t\t\t<p style=\"text-align: left;\">Dans l\u2019apr\u00e8s-midi, se sont succ\u00e9d\u00e9 deux allocutions de hauts responsables de l\u2019\u00e9cosyst\u00e8me de d\u00e9fense de la France\u00a0: d\u2019abord le pr\u00e9fet St\u00e9phane Bouillon, secr\u00e9taire g\u00e9n\u00e9ral de la d\u00e9fense et de la s\u00e9curit\u00e9 nationale, puis le chef d\u2019\u00e9tat-major des arm\u00e9es, le g\u00e9n\u00e9ral d\u2019arm\u00e9e Thierry Burkhard.<\/p>\t\t\t\t\t\t\t\t<\/div>\n\t\t\t\t<\/div>\n\t\t<div data-particle_enable=\"false\" data-particle-mobile-disabled=\"false\" class=\"elementor-element elementor-element-487fb04 e-con-full e-flex e-con e-child\" data-id=\"487fb04\" data-element_type=\"container\" data-e-type=\"container\">\n\t\t\t\t<div class=\"elementor-element elementor-element-363932e elementor-widget__width-initial elementor-widget-tablet__width-initial elementor-widget elementor-widget-image\" data-id=\"363932e\" data-element_type=\"widget\" data-e-type=\"widget\" data-widget_type=\"image.default\">\n\t\t\t\t<div class=\"elementor-widget-container\">\n\t\t\t\t\t\t\t\t\t\t\t\t<figure class=\"wp-caption\">\n\t\t\t\t\t\t\t\t\t\t<img loading=\"lazy\" decoding=\"async\" width=\"1920\" height=\"1280\" src=\"https:\/\/ihedn.fr\/wp-content\/uploads\/2024\/09\/DSC_5191.jpg\" class=\"attachment-full size-full wp-image-50463\" alt=\"Le pr\u00e9fet St\u00e9phane Bouillon, secr\u00e9taire g\u00e9n\u00e9ral de la d\u00e9fense et de la s\u00e9curit\u00e9 nationale.\" srcset=\"https:\/\/ihedn.fr\/wp-content\/uploads\/2024\/09\/DSC_5191.jpg 1920w, https:\/\/ihedn.fr\/wp-content\/uploads\/2024\/09\/DSC_5191-1536x1024.jpg 1536w, https:\/\/ihedn.fr\/wp-content\/uploads\/2024\/09\/DSC_5191-18x12.jpg 18w\" sizes=\"(max-width: 1920px) 100vw, 1920px\" \/>\t\t\t\t\t\t\t\t\t\t\t<figcaption class=\"widget-image-caption wp-caption-text\">Le pr\u00e9fet St\u00e9phane Bouillon, secr\u00e9taire g\u00e9n\u00e9ral de la d\u00e9fense et de la s\u00e9curit\u00e9 nationale.<\/figcaption>\n\t\t\t\t\t\t\t\t\t\t<\/figure>\n\t\t\t\t\t\t\t\t\t<\/div>\n\t\t\t\t<\/div>\n\t\t\t\t<div class=\"elementor-element elementor-element-be62959 elementor-widget__width-initial elementor-widget-tablet__width-initial elementor-widget elementor-widget-image\" data-id=\"be62959\" data-element_type=\"widget\" data-e-type=\"widget\" data-widget_type=\"image.default\">\n\t\t\t\t<div class=\"elementor-widget-container\">\n\t\t\t\t\t\t\t\t\t\t\t\t<figure class=\"wp-caption\">\n\t\t\t\t\t\t\t\t\t\t<img loading=\"lazy\" decoding=\"async\" width=\"1897\" height=\"1196\" src=\"https:\/\/ihedn.fr\/wp-content\/uploads\/2024\/09\/DSC_5212.jpg\" class=\"attachment-full size-full wp-image-50459\" alt=\"Le g\u00e9n\u00e9ral d\u2019arm\u00e9e Thierry Burkhard, chef d\u2019\u00e9tat-major des arm\u00e9es.\" srcset=\"https:\/\/ihedn.fr\/wp-content\/uploads\/2024\/09\/DSC_5212.jpg 1897w, https:\/\/ihedn.fr\/wp-content\/uploads\/2024\/09\/DSC_5212-1536x968.jpg 1536w, https:\/\/ihedn.fr\/wp-content\/uploads\/2024\/09\/DSC_5212-18x12.jpg 18w\" sizes=\"(max-width: 1897px) 100vw, 1897px\" \/>\t\t\t\t\t\t\t\t\t\t\t<figcaption class=\"widget-image-caption wp-caption-text\">Le g\u00e9n\u00e9ral d\u2019arm\u00e9e Thierry Burkhard, chef d\u2019\u00e9tat-major des arm\u00e9es.<\/figcaption>\n\t\t\t\t\t\t\t\t\t\t<\/figure>\n\t\t\t\t\t\t\t\t\t<\/div>\n\t\t\t\t<\/div>\n\t\t\t\t<\/div>\n\t\t\t\t<div class=\"elementor-element elementor-element-54a944c elementor-widget elementor-widget-text-editor\" data-id=\"54a944c\" data-element_type=\"widget\" data-e-type=\"widget\" data-widget_type=\"text-editor.default\">\n\t\t\t\t<div class=\"elementor-widget-container\">\n\t\t\t\t\t\t\t\t\t<p style=\"text-align: left;\">Le lendemain, les auditeurs ont v\u00e9cu leur premi\u00e8re immersion dans diff\u00e9rents lieux embl\u00e9matiques des forces arm\u00e9es, en fonction de leur majeure : PolDef au Centre national d\u2019entra\u00eenement commando de Collioure (Pyr\u00e9n\u00e9es-Orientales), DSE et SNC aupr\u00e8s du 13\u1d49 bataillon de chasseurs alpins \u00e0 Tignes (Savoie) puis au Commissariat \u00e0 l\u2019\u00e9nergie atomique \u00e0 Grenoble (Is\u00e8re), et AED et ESM au 3<sup>e<\/sup>\u00a0R\u00e9giment d\u2019infanterie de marine au fort de Penthi\u00e8vre (Morbihan).<\/p>\t\t\t\t\t\t\t\t<\/div>\n\t\t\t\t<\/div>\n\t\t\t\t<\/div>\n\t\t<div data-particle_enable=\"false\" data-particle-mobile-disabled=\"false\" class=\"elementor-element elementor-element-1b0478f e-con-full e-flex e-con e-child\" data-id=\"1b0478f\" data-element_type=\"container\" data-e-type=\"container\">\n\t\t\t\t<div class=\"elementor-element elementor-element-deb3000 elementor-widget elementor-widget-text-editor\" data-id=\"deb3000\" data-element_type=\"widget\" data-e-type=\"widget\" data-widget_type=\"text-editor.default\">\n\t\t\t\t<div class=\"elementor-widget-container\">\n\t\t\t\t\t\t\t\t\t<p style=\"text-align: left;\">Voici les auditeurs de la session nationale 2024-2025 ! De nouveaux d\u00e9fis, des \u00e9changes enrichissants et des visages qui feront la diff\u00e9rence.\u00a0<\/p>\t\t\t\t\t\t\t\t<\/div>\n\t\t\t\t<\/div>\n\t\t\t\t<div class=\"elementor-element elementor-element-39e07b8 elementor-widget__width-initial elementor-widget-mobile__width-initial elementor-widget elementor-widget-video\" data-id=\"39e07b8\" data-element_type=\"widget\" data-e-type=\"widget\" data-settings=\"{&quot;video_type&quot;:&quot;hosted&quot;,&quot;mute&quot;:&quot;yes&quot;,&quot;controls&quot;:&quot;yes&quot;}\" data-widget_type=\"video.default\">\n\t\t\t\t<div class=\"elementor-widget-container\">\n\t\t\t\t\t\t\t<div class=\"e-hosted-video elementor-wrapper elementor-open-inline\">\n\t\t\t\t\t<video class=\"elementor-video\" src=\"https:\/\/ihedn.fr\/wp-content\/uploads\/2024\/09\/IHEDN_SN4.mp4\" controls=\"\" preload=\"metadata\" muted=\"muted\" controlsList=\"nodownload\"><\/video>\n\t\t\t\t<\/div>\n\t\t\t\t\t\t<\/div>\n\t\t\t\t<\/div>\n\t\t\t\t<\/div>\n\t\t\t\t<\/div>\n\t\t\t\t<\/div>\n\t\t","protected":false},"excerpt":{"rendered":"<p>The 290 students in this new intake met for the first time at the \u00c9cole Militaire on 17 and 18 September. On the menu: presentation of the teams, teaching methods and lectures by senior authorities, before their departure for their first immersion in the armed forces.<\/p>","protected":false},"author":10,"featured_media":50453,"comment_status":"closed","ping_status":"closed","sticky":false,"template":"","format":"standard","meta":{"footnotes":""},"categories":[172],"tags":[],"class_list":["post-50450","post","type-post","status-publish","format-standard","has-post-thumbnail","hentry","category-notre-actualite"],"yoast_head":"<!-- This site is optimized with the Yoast SEO plugin v27.5 - https:\/\/yoast.com\/product\/yoast-seo-wordpress\/ -->\n<title>Retour sur la rentr\u00e9e de la 4e session nationale de l\u2019IHEDN - L&#039;IHEDN : Institut des hautes \u00e9tudes de d\u00e9fense nationale<\/title>\n<meta name=\"description\" content=\"Les 290 auditeurs de cette nouvelle promotion se sont retrouv\u00e9s pour la premi\u00e8re fois \u00e0 l\u2019\u00c9cole militaire ces 17 et 18 septembre. Au menu : pr\u00e9sentation des \u00e9quipes, de la p\u00e9dagogie et conf\u00e9rences de hautes autorit\u00e9s, avant leur d\u00e9part pour une premi\u00e8re immersion au sein des forces arm\u00e9es.\" \/>\n<meta name=\"robots\" content=\"index, follow, max-snippet:-1, max-image-preview:large, max-video-preview:-1\" \/>\n<link rel=\"canonical\" href=\"https:\/\/ihedn.fr\/en\/notre-actualite\/retour-sur-la-rentree-de-la-4supe-sup-session-nationale-de-lihedn\/\" \/>\n<meta property=\"og:locale\" content=\"en_GB\" \/>\n<meta property=\"og:type\" content=\"article\" \/>\n<meta property=\"og:title\" content=\"Retour sur la rentr\u00e9e de la 4e session nationale de l\u2019IHEDN\" \/>\n<meta property=\"og:description\" content=\"Les 290 auditeurs de cette nouvelle promotion se sont retrouv\u00e9s pour la premi\u00e8re fois \u00e0 l\u2019\u00c9cole militaire ces 17 et 18 septembre. Au menu : pr\u00e9sentation des \u00e9quipes, de la p\u00e9dagogie et conf\u00e9rences de hautes autorit\u00e9s, avant leur d\u00e9part pour une premi\u00e8re immersion au sein des forces arm\u00e9es.\" \/>\n<meta property=\"og:url\" content=\"https:\/\/ihedn.fr\/en\/notre-actualite\/retour-sur-la-rentree-de-la-4supe-sup-session-nationale-de-lihedn\/\" \/>\n<meta property=\"og:site_name\" content=\"L&#039;IHEDN : Institut des hautes \u00e9tudes de d\u00e9fense nationale\" \/>\n<meta property=\"article:publisher\" content=\"https:\/\/www.facebook.com\/ihedn\/\" \/>\n<meta property=\"article:published_time\" content=\"2024-09-24T14:39:53+00:00\" \/>\n<meta property=\"article:modified_time\" content=\"2024-09-30T16:03:26+00:00\" \/>\n<meta property=\"og:image\" content=\"https:\/\/ihedn.fr\/wp-content\/uploads\/2024\/09\/DSC_5135.jpg\" \/>\n\t<meta property=\"og:image:width\" content=\"1920\" \/>\n\t<meta property=\"og:image:height\" content=\"1280\" \/>\n\t<meta property=\"og:image:type\" content=\"image\/jpeg\" \/>\n<meta name=\"author\" content=\"tanguy.morel@ihedn.fr\" \/>\n<meta name=\"twitter:card\" content=\"summary_large_image\" \/>\n<meta name=\"twitter:title\" content=\"Retour sur la rentr\u00e9e de la 4&lt;sup&gt;e&lt;\/sup&gt; session nationale de l\u2019IHEDN\" \/>\n<meta name=\"twitter:description\" content=\"Les 290 auditeurs de cette nouvelle promotion se sont retrouv\u00e9s pour la premi\u00e8re fois \u00e0 l\u2019\u00c9cole militaire ces 17 et 18 septembre. Au menu : pr\u00e9sentation des \u00e9quipes, de la p\u00e9dagogie et conf\u00e9rences de hautes autorit\u00e9s, avant leur d\u00e9part pour une premi\u00e8re immersion au sein des forces arm\u00e9es.\" \/>\n<meta name=\"twitter:image\" content=\"https:\/\/ihedn.fr\/wp-content\/uploads\/2024\/09\/DSC_5135.jpg\" \/>\n<meta name=\"twitter:creator\" content=\"@IHEDN\" \/>\n<meta name=\"twitter:site\" content=\"@IHEDN\" \/>\n<meta name=\"twitter:label1\" content=\"Written by\" \/>\n\t<meta name=\"twitter:data1\" content=\"tanguy.morel@ihedn.fr\" \/>\n\t<meta name=\"twitter:label2\" content=\"Estimated reading time\" \/>\n\t<meta name=\"twitter:data2\" content=\"5 minutes\" \/>\n<script type=\"application\/ld+json\" class=\"yoast-schema-graph\">{\"@context\":\"https:\\\/\\\/schema.org\",\"@graph\":[{\"@type\":\"Article\",\"@id\":\"https:\\\/\\\/ihedn.fr\\\/notre-actualite\\\/retour-sur-la-rentree-de-la-4supe-sup-session-nationale-de-lihedn\\\/#article\",\"isPartOf\":{\"@id\":\"https:\\\/\\\/ihedn.fr\\\/notre-actualite\\\/retour-sur-la-rentree-de-la-4supe-sup-session-nationale-de-lihedn\\\/\"},\"author\":{\"name\":\"tanguy.morel@ihedn.fr\",\"@id\":\"https:\\\/\\\/ihedn.fr\\\/#\\\/schema\\\/person\\\/ed217a37104b27a246b200e65b827cc7\"},\"headline\":\"Retour sur la rentr\u00e9e de la 4e session nationale de l\u2019IHEDN\",\"datePublished\":\"2024-09-24T14:39:53+00:00\",\"dateModified\":\"2024-09-30T16:03:26+00:00\",\"mainEntityOfPage\":{\"@id\":\"https:\\\/\\\/ihedn.fr\\\/notre-actualite\\\/retour-sur-la-rentree-de-la-4supe-sup-session-nationale-de-lihedn\\\/\"},\"wordCount\":853,\"publisher\":{\"@id\":\"https:\\\/\\\/ihedn.fr\\\/#organization\"},\"image\":{\"@id\":\"https:\\\/\\\/ihedn.fr\\\/notre-actualite\\\/retour-sur-la-rentree-de-la-4supe-sup-session-nationale-de-lihedn\\\/#primaryimage\"},\"thumbnailUrl\":\"https:\\\/\\\/ihedn.fr\\\/wp-content\\\/uploads\\\/2024\\\/09\\\/DSC_5135.jpg\",\"articleSection\":[\"Notre actualit\u00e9\"],\"inLanguage\":\"en-GB\"},{\"@type\":\"WebPage\",\"@id\":\"https:\\\/\\\/ihedn.fr\\\/notre-actualite\\\/retour-sur-la-rentree-de-la-4supe-sup-session-nationale-de-lihedn\\\/\",\"url\":\"https:\\\/\\\/ihedn.fr\\\/notre-actualite\\\/retour-sur-la-rentree-de-la-4supe-sup-session-nationale-de-lihedn\\\/\",\"name\":\"Retour sur la rentr\u00e9e de la 4e session nationale de l\u2019IHEDN - L&#039;IHEDN : Institut des hautes \u00e9tudes de d\u00e9fense nationale\",\"isPartOf\":{\"@id\":\"https:\\\/\\\/ihedn.fr\\\/#website\"},\"primaryImageOfPage\":{\"@id\":\"https:\\\/\\\/ihedn.fr\\\/notre-actualite\\\/retour-sur-la-rentree-de-la-4supe-sup-session-nationale-de-lihedn\\\/#primaryimage\"},\"image\":{\"@id\":\"https:\\\/\\\/ihedn.fr\\\/notre-actualite\\\/retour-sur-la-rentree-de-la-4supe-sup-session-nationale-de-lihedn\\\/#primaryimage\"},\"thumbnailUrl\":\"https:\\\/\\\/ihedn.fr\\\/wp-content\\\/uploads\\\/2024\\\/09\\\/DSC_5135.jpg\",\"datePublished\":\"2024-09-24T14:39:53+00:00\",\"dateModified\":\"2024-09-30T16:03:26+00:00\",\"description\":\"Les 290 auditeurs de cette nouvelle promotion se sont retrouv\u00e9s pour la premi\u00e8re fois \u00e0 l\u2019\u00c9cole militaire ces 17 et 18 septembre. Au menu : pr\u00e9sentation des \u00e9quipes, de la p\u00e9dagogie et conf\u00e9rences de hautes autorit\u00e9s, avant leur d\u00e9part pour une premi\u00e8re immersion au sein des forces arm\u00e9es.\",\"breadcrumb\":{\"@id\":\"https:\\\/\\\/ihedn.fr\\\/notre-actualite\\\/retour-sur-la-rentree-de-la-4supe-sup-session-nationale-de-lihedn\\\/#breadcrumb\"},\"inLanguage\":\"en-GB\",\"potentialAction\":[{\"@type\":\"ReadAction\",\"target\":[\"https:\\\/\\\/ihedn.fr\\\/notre-actualite\\\/retour-sur-la-rentree-de-la-4supe-sup-session-nationale-de-lihedn\\\/\"]}]},{\"@type\":\"ImageObject\",\"inLanguage\":\"en-GB\",\"@id\":\"https:\\\/\\\/ihedn.fr\\\/notre-actualite\\\/retour-sur-la-rentree-de-la-4supe-sup-session-nationale-de-lihedn\\\/#primaryimage\",\"url\":\"https:\\\/\\\/ihedn.fr\\\/wp-content\\\/uploads\\\/2024\\\/09\\\/DSC_5135.jpg\",\"contentUrl\":\"https:\\\/\\\/ihedn.fr\\\/wp-content\\\/uploads\\\/2024\\\/09\\\/DSC_5135.jpg\",\"width\":1920,\"height\":1280,\"caption\":\"Les 290 auditeurs de la 4e session nationale de l\u2019IHEDN r\u00e9unis dans l\u2019amphith\u00e9\u00e2tre Foch de l\u2019\u00c9cole militaire.\"},{\"@type\":\"BreadcrumbList\",\"@id\":\"https:\\\/\\\/ihedn.fr\\\/notre-actualite\\\/retour-sur-la-rentree-de-la-4supe-sup-session-nationale-de-lihedn\\\/#breadcrumb\",\"itemListElement\":[{\"@type\":\"ListItem\",\"position\":1,\"name\":\"Accueil\",\"item\":\"https:\\\/\\\/ihedn.fr\\\/\"},{\"@type\":\"ListItem\",\"position\":2,\"name\":\"Retour sur la rentr\u00e9e de la 4e session nationale de l\u2019IHEDN\"}]},{\"@type\":\"WebSite\",\"@id\":\"https:\\\/\\\/ihedn.fr\\\/#website\",\"url\":\"https:\\\/\\\/ihedn.fr\\\/\",\"name\":\"IHEDN : Institut des hautes \u00e9tudes de d\u00e9fense nationale |\",\"description\":\"Site officiel de l&#039;IHEDN plac\u00e9 sous la tutelle du Premier ministre.\",\"publisher\":{\"@id\":\"https:\\\/\\\/ihedn.fr\\\/#organization\"},\"potentialAction\":[{\"@type\":\"SearchAction\",\"target\":{\"@type\":\"EntryPoint\",\"urlTemplate\":\"https:\\\/\\\/ihedn.fr\\\/?s={search_term_string}\"},\"query-input\":{\"@type\":\"PropertyValueSpecification\",\"valueRequired\":true,\"valueName\":\"search_term_string\"}}],\"inLanguage\":\"en-GB\"},{\"@type\":\"Organization\",\"@id\":\"https:\\\/\\\/ihedn.fr\\\/#organization\",\"name\":\"IHEDN - Institut des Hautes Etudes de D\u00e9fense Nationale\",\"url\":\"https:\\\/\\\/ihedn.fr\\\/\",\"logo\":{\"@type\":\"ImageObject\",\"inLanguage\":\"en-GB\",\"@id\":\"https:\\\/\\\/ihedn.fr\\\/#\\\/schema\\\/logo\\\/image\\\/\",\"url\":\"https:\\\/\\\/ihedn.fr\\\/wp-content\\\/uploads\\\/2020\\\/11\\\/BLOC_RF_IHEDN_WEB.png\",\"contentUrl\":\"https:\\\/\\\/ihedn.fr\\\/wp-content\\\/uploads\\\/2020\\\/11\\\/BLOC_RF_IHEDN_WEB.png\",\"width\":500,\"height\":237,\"caption\":\"IHEDN - Institut des Hautes Etudes de D\u00e9fense Nationale\"},\"image\":{\"@id\":\"https:\\\/\\\/ihedn.fr\\\/#\\\/schema\\\/logo\\\/image\\\/\"},\"sameAs\":[\"https:\\\/\\\/www.facebook.com\\\/ihedn\\\/\",\"https:\\\/\\\/x.com\\\/IHEDN\",\"https:\\\/\\\/www.instagram.com\\\/ihedn\\\/\",\"https:\\\/\\\/www.linkedin.com\\\/school\\\/ihedn\\\/\",\"https:\\\/\\\/fr.wikipedia.org\\\/wiki\\\/Institut_des_hautes_\u00e9tudes_de_D\u00e9fense_nationale\"]},{\"@type\":\"Person\",\"@id\":\"https:\\\/\\\/ihedn.fr\\\/#\\\/schema\\\/person\\\/ed217a37104b27a246b200e65b827cc7\",\"name\":\"tanguy.morel@ihedn.fr\",\"image\":{\"@type\":\"ImageObject\",\"inLanguage\":\"en-GB\",\"@id\":\"https:\\\/\\\/secure.gravatar.com\\\/avatar\\\/36877cd30919fafddf1f9da45f4154aa468a64328452f2ceaff0968772207348?s=96&d=mm&r=g\",\"url\":\"https:\\\/\\\/secure.gravatar.com\\\/avatar\\\/36877cd30919fafddf1f9da45f4154aa468a64328452f2ceaff0968772207348?s=96&d=mm&r=g\",\"contentUrl\":\"https:\\\/\\\/secure.gravatar.com\\\/avatar\\\/36877cd30919fafddf1f9da45f4154aa468a64328452f2ceaff0968772207348?s=96&d=mm&r=g\",\"caption\":\"tanguy.morel@ihedn.fr\"},\"url\":\"https:\\\/\\\/ihedn.fr\\\/en\\\/author\\\/tanguy-morelihedn-fr\\\/\"}]}<\/script>\n<!-- \/ Yoast SEO plugin. -->","yoast_head_json":{"title":"Back to the 4th national session of the IHEDN - L'IHEDN : Institut des hautes \u00e9tudes de d\u00e9fense nationale","description":"The 290 students in this new intake met for the first time at the \u00c9cole Militaire on 17 and 18 September. On the menu: presentation of the teams, teaching methods and lectures by senior authorities, before their departure for their first immersion in the armed forces.","robots":{"index":"index","follow":"follow","max-snippet":"max-snippet:-1","max-image-preview":"max-image-preview:large","max-video-preview":"max-video-preview:-1"},"canonical":"https:\/\/ihedn.fr\/en\/notre-actualite\/retour-sur-la-rentree-de-la-4supe-sup-session-nationale-de-lihedn\/","og_locale":"en_GB","og_type":"article","og_title":"Retour sur la rentr\u00e9e de la 4e session nationale de l\u2019IHEDN","og_description":"Les 290 auditeurs de cette nouvelle promotion se sont retrouv\u00e9s pour la premi\u00e8re fois \u00e0 l\u2019\u00c9cole militaire ces 17 et 18 septembre. Au menu : pr\u00e9sentation des \u00e9quipes, de la p\u00e9dagogie et conf\u00e9rences de hautes autorit\u00e9s, avant leur d\u00e9part pour une premi\u00e8re immersion au sein des forces arm\u00e9es.","og_url":"https:\/\/ihedn.fr\/en\/notre-actualite\/retour-sur-la-rentree-de-la-4supe-sup-session-nationale-de-lihedn\/","og_site_name":"L&#039;IHEDN : Institut des hautes \u00e9tudes de d\u00e9fense nationale","article_publisher":"https:\/\/www.facebook.com\/ihedn\/","article_published_time":"2024-09-24T14:39:53+00:00","article_modified_time":"2024-09-30T16:03:26+00:00","og_image":[{"width":1920,"height":1280,"url":"https:\/\/ihedn.fr\/wp-content\/uploads\/2024\/09\/DSC_5135.jpg","type":"image\/jpeg"}],"author":"tanguy.morel@ihedn.fr","twitter_card":"summary_large_image","twitter_title":"Retour sur la rentr\u00e9e de la 4<sup>e<\/sup> session nationale de l\u2019IHEDN","twitter_description":"Les 290 auditeurs de cette nouvelle promotion se sont retrouv\u00e9s pour la premi\u00e8re fois \u00e0 l\u2019\u00c9cole militaire ces 17 et 18 septembre. Au menu : pr\u00e9sentation des \u00e9quipes, de la p\u00e9dagogie et conf\u00e9rences de hautes autorit\u00e9s, avant leur d\u00e9part pour une premi\u00e8re immersion au sein des forces arm\u00e9es.","twitter_image":"https:\/\/ihedn.fr\/wp-content\/uploads\/2024\/09\/DSC_5135.jpg","twitter_creator":"@IHEDN","twitter_site":"@IHEDN","twitter_misc":{"Written by":"tanguy.morel@ihedn.fr","Estimated reading time":"5 minutes"},"schema":{"@context":"https:\/\/schema.org","@graph":[{"@type":"Article","@id":"https:\/\/ihedn.fr\/notre-actualite\/retour-sur-la-rentree-de-la-4supe-sup-session-nationale-de-lihedn\/#article","isPartOf":{"@id":"https:\/\/ihedn.fr\/notre-actualite\/retour-sur-la-rentree-de-la-4supe-sup-session-nationale-de-lihedn\/"},"author":{"name":"tanguy.morel@ihedn.fr","@id":"https:\/\/ihedn.fr\/#\/schema\/person\/ed217a37104b27a246b200e65b827cc7"},"headline":"Retour sur la rentr\u00e9e de la 4e session nationale de l\u2019IHEDN","datePublished":"2024-09-24T14:39:53+00:00","dateModified":"2024-09-30T16:03:26+00:00","mainEntityOfPage":{"@id":"https:\/\/ihedn.fr\/notre-actualite\/retour-sur-la-rentree-de-la-4supe-sup-session-nationale-de-lihedn\/"},"wordCount":853,"publisher":{"@id":"https:\/\/ihedn.fr\/#organization"},"image":{"@id":"https:\/\/ihedn.fr\/notre-actualite\/retour-sur-la-rentree-de-la-4supe-sup-session-nationale-de-lihedn\/#primaryimage"},"thumbnailUrl":"https:\/\/ihedn.fr\/wp-content\/uploads\/2024\/09\/DSC_5135.jpg","articleSection":["Notre actualit\u00e9"],"inLanguage":"en-GB"},{"@type":"WebPage","@id":"https:\/\/ihedn.fr\/notre-actualite\/retour-sur-la-rentree-de-la-4supe-sup-session-nationale-de-lihedn\/","url":"https:\/\/ihedn.fr\/notre-actualite\/retour-sur-la-rentree-de-la-4supe-sup-session-nationale-de-lihedn\/","name":"Back to the 4th national session of the IHEDN - L'IHEDN : Institut des hautes \u00e9tudes de d\u00e9fense nationale","isPartOf":{"@id":"https:\/\/ihedn.fr\/#website"},"primaryImageOfPage":{"@id":"https:\/\/ihedn.fr\/notre-actualite\/retour-sur-la-rentree-de-la-4supe-sup-session-nationale-de-lihedn\/#primaryimage"},"image":{"@id":"https:\/\/ihedn.fr\/notre-actualite\/retour-sur-la-rentree-de-la-4supe-sup-session-nationale-de-lihedn\/#primaryimage"},"thumbnailUrl":"https:\/\/ihedn.fr\/wp-content\/uploads\/2024\/09\/DSC_5135.jpg","datePublished":"2024-09-24T14:39:53+00:00","dateModified":"2024-09-30T16:03:26+00:00","description":"The 290 students in this new intake met for the first time at the \u00c9cole Militaire on 17 and 18 September. On the menu: presentation of the teams, teaching methods and lectures by senior authorities, before their departure for their first immersion in the armed forces.","breadcrumb":{"@id":"https:\/\/ihedn.fr\/notre-actualite\/retour-sur-la-rentree-de-la-4supe-sup-session-nationale-de-lihedn\/#breadcrumb"},"inLanguage":"en-GB","potentialAction":[{"@type":"ReadAction","target":["https:\/\/ihedn.fr\/notre-actualite\/retour-sur-la-rentree-de-la-4supe-sup-session-nationale-de-lihedn\/"]}]},{"@type":"ImageObject","inLanguage":"en-GB","@id":"https:\/\/ihedn.fr\/notre-actualite\/retour-sur-la-rentree-de-la-4supe-sup-session-nationale-de-lihedn\/#primaryimage","url":"https:\/\/ihedn.fr\/wp-content\/uploads\/2024\/09\/DSC_5135.jpg","contentUrl":"https:\/\/ihedn.fr\/wp-content\/uploads\/2024\/09\/DSC_5135.jpg","width":1920,"height":1280,"caption":"Les 290 auditeurs de la 4e session nationale de l\u2019IHEDN r\u00e9unis dans l\u2019amphith\u00e9\u00e2tre Foch de l\u2019\u00c9cole militaire."},{"@type":"BreadcrumbList","@id":"https:\/\/ihedn.fr\/notre-actualite\/retour-sur-la-rentree-de-la-4supe-sup-session-nationale-de-lihedn\/#breadcrumb","itemListElement":[{"@type":"ListItem","position":1,"name":"Accueil","item":"https:\/\/ihedn.fr\/"},{"@type":"ListItem","position":2,"name":"Retour sur la rentr\u00e9e de la 4e session nationale de l\u2019IHEDN"}]},{"@type":"WebSite","@id":"https:\/\/ihedn.fr\/#website","url":"https:\/\/ihedn.fr\/","name":"IHEDN: Institut des hautes \u00e9tudes de d\u00e9fense nationale (Institute for Higher National Defence Studies)","description":"Official website of the IHEDN under the supervision of the Prime Minister.","publisher":{"@id":"https:\/\/ihedn.fr\/#organization"},"potentialAction":[{"@type":"SearchAction","target":{"@type":"EntryPoint","urlTemplate":"https:\/\/ihedn.fr\/?s={search_term_string}"},"query-input":{"@type":"PropertyValueSpecification","valueRequired":true,"valueName":"search_term_string"}}],"inLanguage":"en-GB"},{"@type":"Organization","@id":"https:\/\/ihedn.fr\/#organization","name":"IHEDN - Institute for Higher National Defence Studies","url":"https:\/\/ihedn.fr\/","logo":{"@type":"ImageObject","inLanguage":"en-GB","@id":"https:\/\/ihedn.fr\/#\/schema\/logo\/image\/","url":"https:\/\/ihedn.fr\/wp-content\/uploads\/2020\/11\/BLOC_RF_IHEDN_WEB.png","contentUrl":"https:\/\/ihedn.fr\/wp-content\/uploads\/2020\/11\/BLOC_RF_IHEDN_WEB.png","width":500,"height":237,"caption":"IHEDN - Institut des Hautes Etudes de D\u00e9fense Nationale"},"image":{"@id":"https:\/\/ihedn.fr\/#\/schema\/logo\/image\/"},"sameAs":["https:\/\/www.facebook.com\/ihedn\/","https:\/\/x.com\/IHEDN","https:\/\/www.instagram.com\/ihedn\/","https:\/\/www.linkedin.com\/school\/ihedn\/","https:\/\/fr.wikipedia.org\/wiki\/Institut_des_hautes_\u00e9tudes_de_D\u00e9fense_nationale"]},{"@type":"Person","@id":"https:\/\/ihedn.fr\/#\/schema\/person\/ed217a37104b27a246b200e65b827cc7","name":"tanguy.morel@ihedn.fr","image":{"@type":"ImageObject","inLanguage":"en-GB","@id":"https:\/\/secure.gravatar.com\/avatar\/36877cd30919fafddf1f9da45f4154aa468a64328452f2ceaff0968772207348?s=96&d=mm&r=g","url":"https:\/\/secure.gravatar.com\/avatar\/36877cd30919fafddf1f9da45f4154aa468a64328452f2ceaff0968772207348?s=96&d=mm&r=g","contentUrl":"https:\/\/secure.gravatar.com\/avatar\/36877cd30919fafddf1f9da45f4154aa468a64328452f2ceaff0968772207348?s=96&d=mm&r=g","caption":"tanguy.morel@ihedn.fr"},"url":"https:\/\/ihedn.fr\/en\/author\/tanguy-morelihedn-fr\/"}]}},"publishpress_future_action":{"enabled":false,"date":"2026-05-08 23:28:09","action":"change-status","newStatus":"draft","terms":[],"taxonomy":"category","extraData":[]},"publishpress_future_workflow_manual_trigger":{"enabledWorkflows":[]},"_links":{"self":[{"href":"https:\/\/ihedn.fr\/en\/wp-json\/wp\/v2\/posts\/50450","targetHints":{"allow":["GET"]}}],"collection":[{"href":"https:\/\/ihedn.fr\/en\/wp-json\/wp\/v2\/posts"}],"about":[{"href":"https:\/\/ihedn.fr\/en\/wp-json\/wp\/v2\/types\/post"}],"author":[{"embeddable":true,"href":"https:\/\/ihedn.fr\/en\/wp-json\/wp\/v2\/users\/10"}],"replies":[{"embeddable":true,"href":"https:\/\/ihedn.fr\/en\/wp-json\/wp\/v2\/comments?post=50450"}],"version-history":[{"count":41,"href":"https:\/\/ihedn.fr\/en\/wp-json\/wp\/v2\/posts\/50450\/revisions"}],"predecessor-version":[{"id":50591,"href":"https:\/\/ihedn.fr\/en\/wp-json\/wp\/v2\/posts\/50450\/revisions\/50591"}],"wp:featuredmedia":[{"embeddable":true,"href":"https:\/\/ihedn.fr\/en\/wp-json\/wp\/v2\/media\/50453"}],"wp:attachment":[{"href":"https:\/\/ihedn.fr\/en\/wp-json\/wp\/v2\/media?parent=50450"}],"wp:term":[{"taxonomy":"category","embeddable":true,"href":"https:\/\/ihedn.fr\/en\/wp-json\/wp\/v2\/categories?post=50450"},{"taxonomy":"post_tag","embeddable":true,"href":"https:\/\/ihedn.fr\/en\/wp-json\/wp\/v2\/tags?post=50450"}],"curies":[{"name":"wp","href":"https:\/\/api.w.org\/{rel}","templated":true}]}}