{"id":50748,"date":"2024-10-10T16:46:41","date_gmt":"2024-10-10T15:46:41","guid":{"rendered":"https:\/\/ihedn.fr\/?p=50748"},"modified":"2024-10-10T16:49:57","modified_gmt":"2024-10-10T15:49:57","slug":"orange-au-coeur-de-la-239e-session-en-region-provence-alpes-cote-dazur","status":"publish","type":"post","link":"https:\/\/ihedn.fr\/en\/notre-actualite\/orange-au-coeur-de-la-239e-session-en-region-provence-alpes-cote-dazur\/","title":{"rendered":"Orange at the heart of the 239<sup>e<\/sup> session in the Provence-Alpes-C\u00f4te d'Azur region"},"content":{"rendered":"<div data-elementor-type=\"wp-post\" data-elementor-id=\"50748\" class=\"elementor elementor-50748\" data-elementor-post-type=\"post\">\n\t\t\t\t<div data-particle_enable=\"false\" data-particle-mobile-disabled=\"false\" class=\"elementor-element elementor-element-93a82e0 e-con-full e-flex e-con e-parent\" data-id=\"93a82e0\" data-element_type=\"container\" data-e-type=\"container\">\n\t\t\t\t<div class=\"elementor-element elementor-element-35c1a29 elementor-widget elementor-widget-text-editor\" data-id=\"35c1a29\" data-element_type=\"widget\" data-e-type=\"widget\" data-widget_type=\"text-editor.default\">\n\t\t\t\t<div class=\"elementor-widget-container\">\n\t\t\t\t\t\t\t\t\t<p style=\"text-align: left;\">The auditors were welcomed at Air Force Base 115, giving them a full immersion in the missions of the French Air Force and Space Agency. In particular, they discovered the parachute commandos and the squadrons dedicated to the permanent air security posture (PPSA). The following day, the participants were received at the 1<sup>er<\/sup> r\u00e9giment \u00e9tranger de G\u00e9nie. Dynamic presentations of land and river security operations gave them a better understanding of the uniqueness of the Foreign Legion within the armed forces.<\/p><p style=\"text-align: left;\">On the agenda for this week's strategic conferences: the defence technological and industrial base (DTIB), nuclear deterrence, the challenges of space for national defence and cyber security. These are all subjects that make up and structure today's strategic environment. The link between the visits and the lectures was immediately put to good use by the auditors in their committee work.<\/p><p style=\"text-align: left;\">Next stage: the auditors will meet again for a third week of training in Toulon.<\/p>\t\t\t\t\t\t\t\t<\/div>\n\t\t\t\t<\/div>\n\t\t\t\t<div class=\"elementor-element elementor-element-3ae128e elementor-widget elementor-widget-gallery\" data-id=\"3ae128e\" data-element_type=\"widget\" data-e-type=\"widget\" data-settings=\"{&quot;gallery_layout&quot;:&quot;justified&quot;,&quot;ideal_row_height_tablet&quot;:{&quot;unit&quot;:&quot;px&quot;,&quot;size&quot;:300,&quot;sizes&quot;:[]},&quot;ideal_row_height_mobile&quot;:{&quot;unit&quot;:&quot;px&quot;,&quot;size&quot;:500,&quot;sizes&quot;:[]},&quot;lazyload&quot;:&quot;yes&quot;,&quot;ideal_row_height&quot;:{&quot;unit&quot;:&quot;px&quot;,&quot;size&quot;:200,&quot;sizes&quot;:[]},&quot;gap&quot;:{&quot;unit&quot;:&quot;px&quot;,&quot;size&quot;:10,&quot;sizes&quot;:[]},&quot;gap_tablet&quot;:{&quot;unit&quot;:&quot;px&quot;,&quot;size&quot;:10,&quot;sizes&quot;:[]},&quot;gap_mobile&quot;:{&quot;unit&quot;:&quot;px&quot;,&quot;size&quot;:10,&quot;sizes&quot;:[]},&quot;link_to&quot;:&quot;file&quot;,&quot;overlay_background&quot;:&quot;yes&quot;,&quot;content_hover_animation&quot;:&quot;fade-in&quot;}\" data-widget_type=\"gallery.default\">\n\t\t\t\t<div class=\"elementor-widget-container\">\n\t\t\t\t\t\t\t<div class=\"elementor-gallery__container\">\n\t\t\t\t\t\t\t<a class=\"e-gallery-item elementor-gallery-item elementor-animated-content\" href=\"https:\/\/ihedn.fr\/wp-content\/uploads\/2024\/10\/2024_A115_201_D_001_035.jpg\" data-elementor-open-lightbox=\"yes\" data-elementor-lightbox-slideshow=\"3ae128e\" data-e-action-hash=\"#elementor-action%3Aaction%3Dlightbox%26settings%3DeyJpZCI6NTA5MDgsInVybCI6Imh0dHBzOlwvXC9paGVkbi5mclwvd3AtY29udGVudFwvdXBsb2Fkc1wvMjAyNFwvMTBcLzIwMjRfQTExNV8yMDFfRF8wMDFfMDM1LmpwZyIsInNsaWRlc2hvdyI6IjNhZTEyOGUifQ%3D%3D\">\n\t\t\t\t\t<div class=\"e-gallery-image elementor-gallery-item__image\" data-thumbnail=\"https:\/\/ihedn.fr\/wp-content\/uploads\/2024\/10\/2024_A115_201_D_001_035.jpg\" data-width=\"\" data-height=\"\" aria-label=\"\" role=\"img\" ><\/div>\n\t\t\t\t\t\t\t\t\t\t\t<div class=\"elementor-gallery-item__overlay\"><\/div>\n\t\t\t\t\t\t\t\t\t\t\t\t\t\t<\/a>\n\t\t\t\t\t\t\t<a class=\"e-gallery-item elementor-gallery-item elementor-animated-content\" href=\"https:\/\/ihedn.fr\/wp-content\/uploads\/2024\/10\/2024_A115_201_D_001_050.jpg\" data-elementor-open-lightbox=\"yes\" data-elementor-lightbox-slideshow=\"3ae128e\" data-e-action-hash=\"#elementor-action%3Aaction%3Dlightbox%26settings%3DeyJpZCI6NTA5MDksInVybCI6Imh0dHBzOlwvXC9paGVkbi5mclwvd3AtY29udGVudFwvdXBsb2Fkc1wvMjAyNFwvMTBcLzIwMjRfQTExNV8yMDFfRF8wMDFfMDUwLmpwZyIsInNsaWRlc2hvdyI6IjNhZTEyOGUifQ%3D%3D\">\n\t\t\t\t\t<div class=\"e-gallery-image elementor-gallery-item__image\" data-thumbnail=\"https:\/\/ihedn.fr\/wp-content\/uploads\/2024\/10\/2024_A115_201_D_001_050.jpg\" data-width=\"\" data-height=\"\" aria-label=\"\" role=\"img\" ><\/div>\n\t\t\t\t\t\t\t\t\t\t\t<div class=\"elementor-gallery-item__overlay\"><\/div>\n\t\t\t\t\t\t\t\t\t\t\t\t\t\t<\/a>\n\t\t\t\t\t\t\t<a class=\"e-gallery-item elementor-gallery-item elementor-animated-content\" href=\"https:\/\/ihedn.fr\/wp-content\/uploads\/2024\/10\/2024_A115_201_D_001_008.jpg\" data-elementor-open-lightbox=\"yes\" data-elementor-lightbox-slideshow=\"3ae128e\" data-e-action-hash=\"#elementor-action%3Aaction%3Dlightbox%26settings%3DeyJpZCI6NTA5MTAsInVybCI6Imh0dHBzOlwvXC9paGVkbi5mclwvd3AtY29udGVudFwvdXBsb2Fkc1wvMjAyNFwvMTBcLzIwMjRfQTExNV8yMDFfRF8wMDFfMDA4LmpwZyIsInNsaWRlc2hvdyI6IjNhZTEyOGUifQ%3D%3D\">\n\t\t\t\t\t<div class=\"e-gallery-image elementor-gallery-item__image\" data-thumbnail=\"https:\/\/ihedn.fr\/wp-content\/uploads\/2024\/10\/2024_A115_201_D_001_008.jpg\" data-width=\"\" data-height=\"\" aria-label=\"\" role=\"img\" ><\/div>\n\t\t\t\t\t\t\t\t\t\t\t<div class=\"elementor-gallery-item__overlay\"><\/div>\n\t\t\t\t\t\t\t\t\t\t\t\t\t\t<\/a>\n\t\t\t\t\t\t\t<a class=\"e-gallery-item elementor-gallery-item elementor-animated-content\" href=\"https:\/\/ihedn.fr\/wp-content\/uploads\/2024\/10\/2024_A115_201_D_001_015.jpg\" data-elementor-open-lightbox=\"yes\" data-elementor-lightbox-slideshow=\"3ae128e\" data-e-action-hash=\"#elementor-action%3Aaction%3Dlightbox%26settings%3DeyJpZCI6NTA5MTEsInVybCI6Imh0dHBzOlwvXC9paGVkbi5mclwvd3AtY29udGVudFwvdXBsb2Fkc1wvMjAyNFwvMTBcLzIwMjRfQTExNV8yMDFfRF8wMDFfMDE1LmpwZyIsInNsaWRlc2hvdyI6IjNhZTEyOGUifQ%3D%3D\">\n\t\t\t\t\t<div class=\"e-gallery-image elementor-gallery-item__image\" data-thumbnail=\"https:\/\/ihedn.fr\/wp-content\/uploads\/2024\/10\/2024_A115_201_D_001_015.jpg\" data-width=\"\" data-height=\"\" aria-label=\"\" role=\"img\" ><\/div>\n\t\t\t\t\t\t\t\t\t\t\t<div class=\"elementor-gallery-item__overlay\"><\/div>\n\t\t\t\t\t\t\t\t\t\t\t\t\t\t<\/a>\n\t\t\t\t\t\t\t<a class=\"e-gallery-item elementor-gallery-item elementor-animated-content\" href=\"https:\/\/ihedn.fr\/wp-content\/uploads\/2024\/10\/2024_A115_201_M_001_020.jpg\" data-elementor-open-lightbox=\"yes\" data-elementor-lightbox-slideshow=\"3ae128e\" data-e-action-hash=\"#elementor-action%3Aaction%3Dlightbox%26settings%3DeyJpZCI6NTA5MTksInVybCI6Imh0dHBzOlwvXC9paGVkbi5mclwvd3AtY29udGVudFwvdXBsb2Fkc1wvMjAyNFwvMTBcLzIwMjRfQTExNV8yMDFfTV8wMDFfMDIwLmpwZyIsInNsaWRlc2hvdyI6IjNhZTEyOGUifQ%3D%3D\">\n\t\t\t\t\t<div class=\"e-gallery-image elementor-gallery-item__image\" data-thumbnail=\"https:\/\/ihedn.fr\/wp-content\/uploads\/2024\/10\/2024_A115_201_M_001_020.jpg\" data-width=\"\" data-height=\"\" aria-label=\"\" role=\"img\" ><\/div>\n\t\t\t\t\t\t\t\t\t\t\t<div class=\"elementor-gallery-item__overlay\"><\/div>\n\t\t\t\t\t\t\t\t\t\t\t\t\t\t<\/a>\n\t\t\t\t\t\t\t<a class=\"e-gallery-item elementor-gallery-item elementor-animated-content\" href=\"https:\/\/ihedn.fr\/wp-content\/uploads\/2024\/10\/2024_A115_201_M_001_018.jpg\" data-elementor-open-lightbox=\"yes\" data-elementor-lightbox-slideshow=\"3ae128e\" data-e-action-hash=\"#elementor-action%3Aaction%3Dlightbox%26settings%3DeyJpZCI6NTA5MTgsInVybCI6Imh0dHBzOlwvXC9paGVkbi5mclwvd3AtY29udGVudFwvdXBsb2Fkc1wvMjAyNFwvMTBcLzIwMjRfQTExNV8yMDFfTV8wMDFfMDE4LmpwZyIsInNsaWRlc2hvdyI6IjNhZTEyOGUifQ%3D%3D\">\n\t\t\t\t\t<div class=\"e-gallery-image elementor-gallery-item__image\" data-thumbnail=\"https:\/\/ihedn.fr\/wp-content\/uploads\/2024\/10\/2024_A115_201_M_001_018.jpg\" data-width=\"\" data-height=\"\" aria-label=\"\" role=\"img\" ><\/div>\n\t\t\t\t\t\t\t\t\t\t\t<div class=\"elementor-gallery-item__overlay\"><\/div>\n\t\t\t\t\t\t\t\t\t\t\t\t\t\t<\/a>\n\t\t\t\t\t\t\t<a class=\"e-gallery-item elementor-gallery-item elementor-animated-content\" href=\"https:\/\/ihedn.fr\/wp-content\/uploads\/2024\/10\/2024_A115_201_M_001_008.jpg\" data-elementor-open-lightbox=\"yes\" data-elementor-lightbox-slideshow=\"3ae128e\" data-e-action-hash=\"#elementor-action%3Aaction%3Dlightbox%26settings%3DeyJpZCI6NTA5MTcsInVybCI6Imh0dHBzOlwvXC9paGVkbi5mclwvd3AtY29udGVudFwvdXBsb2Fkc1wvMjAyNFwvMTBcLzIwMjRfQTExNV8yMDFfTV8wMDFfMDA4LmpwZyIsInNsaWRlc2hvdyI6IjNhZTEyOGUifQ%3D%3D\">\n\t\t\t\t\t<div class=\"e-gallery-image elementor-gallery-item__image\" data-thumbnail=\"https:\/\/ihedn.fr\/wp-content\/uploads\/2024\/10\/2024_A115_201_M_001_008.jpg\" data-width=\"\" data-height=\"\" aria-label=\"\" role=\"img\" ><\/div>\n\t\t\t\t\t\t\t\t\t\t\t<div class=\"elementor-gallery-item__overlay\"><\/div>\n\t\t\t\t\t\t\t\t\t\t\t\t\t\t<\/a>\n\t\t\t\t\t\t\t<a class=\"e-gallery-item elementor-gallery-item elementor-animated-content\" href=\"https:\/\/ihedn.fr\/wp-content\/uploads\/2024\/10\/2024_A115_201_D_001_021.jpg\" data-elementor-open-lightbox=\"yes\" data-elementor-lightbox-slideshow=\"3ae128e\" data-e-action-hash=\"#elementor-action%3Aaction%3Dlightbox%26settings%3DeyJpZCI6NTA5MTYsInVybCI6Imh0dHBzOlwvXC9paGVkbi5mclwvd3AtY29udGVudFwvdXBsb2Fkc1wvMjAyNFwvMTBcLzIwMjRfQTExNV8yMDFfRF8wMDFfMDIxLmpwZyIsInNsaWRlc2hvdyI6IjNhZTEyOGUifQ%3D%3D\">\n\t\t\t\t\t<div class=\"e-gallery-image elementor-gallery-item__image\" data-thumbnail=\"https:\/\/ihedn.fr\/wp-content\/uploads\/2024\/10\/2024_A115_201_D_001_021.jpg\" data-width=\"\" data-height=\"\" aria-label=\"\" role=\"img\" ><\/div>\n\t\t\t\t\t\t\t\t\t\t\t<div class=\"elementor-gallery-item__overlay\"><\/div>\n\t\t\t\t\t\t\t\t\t\t\t\t\t\t<\/a>\n\t\t\t\t\t\t\t<a class=\"e-gallery-item elementor-gallery-item elementor-animated-content\" href=\"https:\/\/ihedn.fr\/wp-content\/uploads\/2024\/10\/2024_A115_201_M_001_023.jpg\" data-elementor-open-lightbox=\"yes\" data-elementor-lightbox-slideshow=\"3ae128e\" data-e-action-hash=\"#elementor-action%3Aaction%3Dlightbox%26settings%3DeyJpZCI6NTA5MTQsInVybCI6Imh0dHBzOlwvXC9paGVkbi5mclwvd3AtY29udGVudFwvdXBsb2Fkc1wvMjAyNFwvMTBcLzIwMjRfQTExNV8yMDFfTV8wMDFfMDIzLmpwZyIsInNsaWRlc2hvdyI6IjNhZTEyOGUifQ%3D%3D\">\n\t\t\t\t\t<div class=\"e-gallery-image elementor-gallery-item__image\" data-thumbnail=\"https:\/\/ihedn.fr\/wp-content\/uploads\/2024\/10\/2024_A115_201_M_001_023.jpg\" data-width=\"\" data-height=\"\" aria-label=\"\" role=\"img\" ><\/div>\n\t\t\t\t\t\t\t\t\t\t\t<div class=\"elementor-gallery-item__overlay\"><\/div>\n\t\t\t\t\t\t\t\t\t\t\t\t\t\t<\/a>\n\t\t\t\t\t\t\t<a class=\"e-gallery-item elementor-gallery-item elementor-animated-content\" href=\"https:\/\/ihedn.fr\/wp-content\/uploads\/2024\/10\/2024_A115_201_D_001_020.jpg\" data-elementor-open-lightbox=\"yes\" data-elementor-lightbox-slideshow=\"3ae128e\" data-e-action-hash=\"#elementor-action%3Aaction%3Dlightbox%26settings%3DeyJpZCI6NTA5MTMsInVybCI6Imh0dHBzOlwvXC9paGVkbi5mclwvd3AtY29udGVudFwvdXBsb2Fkc1wvMjAyNFwvMTBcLzIwMjRfQTExNV8yMDFfRF8wMDFfMDIwLmpwZyIsInNsaWRlc2hvdyI6IjNhZTEyOGUifQ%3D%3D\">\n\t\t\t\t\t<div class=\"e-gallery-image elementor-gallery-item__image\" data-thumbnail=\"https:\/\/ihedn.fr\/wp-content\/uploads\/2024\/10\/2024_A115_201_D_001_020.jpg\" data-width=\"\" data-height=\"\" aria-label=\"\" role=\"img\" ><\/div>\n\t\t\t\t\t\t\t\t\t\t\t<div class=\"elementor-gallery-item__overlay\"><\/div>\n\t\t\t\t\t\t\t\t\t\t\t\t\t\t<\/a>\n\t\t\t\t\t<\/div>\n\t\t\t\t\t<\/div>\n\t\t\t\t<\/div>\n\t\t\t\t<\/div>\n\t\t\t\t<\/div>","protected":false},"excerpt":{"rendered":"<p>After an initial week in Nice, during which the 50 auditors were introduced to the fundamentals of national defence, they met again from 24 to 27 September in the town of Orange. On the programme: learning about France's armed forces and defence system and putting them into practice during committee work.<\/p>","protected":false},"author":10,"featured_media":50912,"comment_status":"closed","ping_status":"closed","sticky":false,"template":"","format":"standard","meta":{"footnotes":""},"categories":[172],"tags":[],"class_list":["post-50748","post","type-post","status-publish","format-standard","has-post-thumbnail","hentry","category-notre-actualite"],"yoast_head":"<!-- This site is optimized with the Yoast SEO plugin v27.5 - https:\/\/yoast.com\/product\/yoast-seo-wordpress\/ -->\n<title>Orange au c\u0153ur de la 239e session en r\u00e9gion Provence-Alpes-C\u00f4te d&#039;Azur - L&#039;IHEDN : Institut des hautes \u00e9tudes de d\u00e9fense nationale<\/title>\n<meta name=\"description\" content=\"Apr\u00e8s une premi\u00e8re semaine ni\u00e7oise au cours de laquelle les 50 auditeurs ont pu s\u2019initier aux fondamentaux de la d\u00e9fense nationale, ils se sont retrouv\u00e9s du 24 au 27 septembre dans la ville d\u2019Orange. Au programme : la d\u00e9couverte des arm\u00e9es et de l\u2019outil de d\u00e9fense de la France et la mise en pratique pendant les travaux de comit\u00e9s.\" \/>\n<meta name=\"robots\" content=\"index, follow, max-snippet:-1, max-image-preview:large, max-video-preview:-1\" \/>\n<link rel=\"canonical\" href=\"https:\/\/ihedn.fr\/en\/notre-actualite\/orange-au-coeur-de-la-239e-session-en-region-provence-alpes-cote-dazur\/\" \/>\n<meta property=\"og:locale\" content=\"en_GB\" \/>\n<meta property=\"og:type\" content=\"article\" \/>\n<meta property=\"og:title\" content=\"Orange au c\u0153ur de la 239e session en r\u00e9gion Provence-Alpes-C\u00f4te d&#039;Azur\" \/>\n<meta property=\"og:description\" content=\"Apr\u00e8s une premi\u00e8re semaine ni\u00e7oise au cours de laquelle les 50 auditeurs ont pu s\u2019initier aux fondamentaux de la d\u00e9fense nationale, ils se sont retrouv\u00e9s du 24 au 27 septembre dans la ville d\u2019Orange. Au programme : la d\u00e9couverte des arm\u00e9es et de l\u2019outil de d\u00e9fense de la France et la mise en pratique pendant les travaux de comit\u00e9s.\" \/>\n<meta property=\"og:url\" content=\"https:\/\/ihedn.fr\/en\/notre-actualite\/orange-au-coeur-de-la-239e-session-en-region-provence-alpes-cote-dazur\/\" \/>\n<meta property=\"og:site_name\" content=\"L&#039;IHEDN : Institut des hautes \u00e9tudes de d\u00e9fense nationale\" \/>\n<meta property=\"article:publisher\" content=\"https:\/\/www.facebook.com\/ihedn\/\" \/>\n<meta property=\"article:published_time\" content=\"2024-10-10T15:46:41+00:00\" \/>\n<meta property=\"article:modified_time\" content=\"2024-10-10T15:49:57+00:00\" \/>\n<meta property=\"og:image\" content=\"https:\/\/ihedn.fr\/wp-content\/uploads\/2024\/10\/2024_A115_201_D_001_017.jpg\" \/>\n\t<meta property=\"og:image:width\" content=\"1920\" \/>\n\t<meta property=\"og:image:height\" content=\"1278\" \/>\n\t<meta property=\"og:image:type\" content=\"image\/jpeg\" \/>\n<meta name=\"author\" content=\"tanguy.morel@ihedn.fr\" \/>\n<meta name=\"twitter:card\" content=\"summary_large_image\" \/>\n<meta name=\"twitter:title\" content=\"Orange au c\u0153ur de la 239&lt;sup&gt;e&lt;\/sup&gt; session en r\u00e9gion Provence-Alpes-C\u00f4te d&#039;Azur\" \/>\n<meta name=\"twitter:description\" content=\"Apr\u00e8s une premi\u00e8re semaine ni\u00e7oise au cours de laquelle les 50 auditeurs ont pu s\u2019initier aux fondamentaux de la d\u00e9fense nationale, ils se sont retrouv\u00e9s du 24 au 27 septembre dans la ville d\u2019Orange. Au programme : la d\u00e9couverte des arm\u00e9es et de l\u2019outil de d\u00e9fense de la France et la mise en pratique pendant les travaux de comit\u00e9s.\" \/>\n<meta name=\"twitter:image\" content=\"https:\/\/ihedn.fr\/wp-content\/uploads\/2024\/10\/2024_A115_201_D_001_017.jpg\" \/>\n<meta name=\"twitter:creator\" content=\"@IHEDN\" \/>\n<meta name=\"twitter:site\" content=\"@IHEDN\" \/>\n<meta name=\"twitter:label1\" content=\"Written by\" \/>\n\t<meta name=\"twitter:data1\" content=\"tanguy.morel@ihedn.fr\" \/>\n\t<meta name=\"twitter:label2\" content=\"Estimated reading time\" \/>\n\t<meta name=\"twitter:data2\" content=\"1 minute\" \/>\n<script type=\"application\/ld+json\" class=\"yoast-schema-graph\">{\"@context\":\"https:\\\/\\\/schema.org\",\"@graph\":[{\"@type\":\"Article\",\"@id\":\"https:\\\/\\\/ihedn.fr\\\/notre-actualite\\\/orange-au-coeur-de-la-239e-session-en-region-provence-alpes-cote-dazur\\\/#article\",\"isPartOf\":{\"@id\":\"https:\\\/\\\/ihedn.fr\\\/notre-actualite\\\/orange-au-coeur-de-la-239e-session-en-region-provence-alpes-cote-dazur\\\/\"},\"author\":{\"name\":\"tanguy.morel@ihedn.fr\",\"@id\":\"https:\\\/\\\/ihedn.fr\\\/#\\\/schema\\\/person\\\/ed217a37104b27a246b200e65b827cc7\"},\"headline\":\"Orange au c\u0153ur de la 239e session en r\u00e9gion Provence-Alpes-C\u00f4te d&rsquo;Azur\",\"datePublished\":\"2024-10-10T15:46:41+00:00\",\"dateModified\":\"2024-10-10T15:49:57+00:00\",\"mainEntityOfPage\":{\"@id\":\"https:\\\/\\\/ihedn.fr\\\/notre-actualite\\\/orange-au-coeur-de-la-239e-session-en-region-provence-alpes-cote-dazur\\\/\"},\"wordCount\":203,\"publisher\":{\"@id\":\"https:\\\/\\\/ihedn.fr\\\/#organization\"},\"image\":{\"@id\":\"https:\\\/\\\/ihedn.fr\\\/notre-actualite\\\/orange-au-coeur-de-la-239e-session-en-region-provence-alpes-cote-dazur\\\/#primaryimage\"},\"thumbnailUrl\":\"https:\\\/\\\/ihedn.fr\\\/wp-content\\\/uploads\\\/2024\\\/10\\\/2024_A115_201_D_001_017.jpg\",\"articleSection\":[\"Notre actualit\u00e9\"],\"inLanguage\":\"en-GB\"},{\"@type\":\"WebPage\",\"@id\":\"https:\\\/\\\/ihedn.fr\\\/notre-actualite\\\/orange-au-coeur-de-la-239e-session-en-region-provence-alpes-cote-dazur\\\/\",\"url\":\"https:\\\/\\\/ihedn.fr\\\/notre-actualite\\\/orange-au-coeur-de-la-239e-session-en-region-provence-alpes-cote-dazur\\\/\",\"name\":\"Orange au c\u0153ur de la 239e session en r\u00e9gion Provence-Alpes-C\u00f4te d'Azur - L&#039;IHEDN : Institut des hautes \u00e9tudes de d\u00e9fense nationale\",\"isPartOf\":{\"@id\":\"https:\\\/\\\/ihedn.fr\\\/#website\"},\"primaryImageOfPage\":{\"@id\":\"https:\\\/\\\/ihedn.fr\\\/notre-actualite\\\/orange-au-coeur-de-la-239e-session-en-region-provence-alpes-cote-dazur\\\/#primaryimage\"},\"image\":{\"@id\":\"https:\\\/\\\/ihedn.fr\\\/notre-actualite\\\/orange-au-coeur-de-la-239e-session-en-region-provence-alpes-cote-dazur\\\/#primaryimage\"},\"thumbnailUrl\":\"https:\\\/\\\/ihedn.fr\\\/wp-content\\\/uploads\\\/2024\\\/10\\\/2024_A115_201_D_001_017.jpg\",\"datePublished\":\"2024-10-10T15:46:41+00:00\",\"dateModified\":\"2024-10-10T15:49:57+00:00\",\"description\":\"Apr\u00e8s une premi\u00e8re semaine ni\u00e7oise au cours de laquelle les 50 auditeurs ont pu s\u2019initier aux fondamentaux de la d\u00e9fense nationale, ils se sont retrouv\u00e9s du 24 au 27 septembre dans la ville d\u2019Orange. Au programme : la d\u00e9couverte des arm\u00e9es et de l\u2019outil de d\u00e9fense de la France et la mise en pratique pendant les travaux de comit\u00e9s.\",\"breadcrumb\":{\"@id\":\"https:\\\/\\\/ihedn.fr\\\/notre-actualite\\\/orange-au-coeur-de-la-239e-session-en-region-provence-alpes-cote-dazur\\\/#breadcrumb\"},\"inLanguage\":\"en-GB\",\"potentialAction\":[{\"@type\":\"ReadAction\",\"target\":[\"https:\\\/\\\/ihedn.fr\\\/notre-actualite\\\/orange-au-coeur-de-la-239e-session-en-region-provence-alpes-cote-dazur\\\/\"]}]},{\"@type\":\"ImageObject\",\"inLanguage\":\"en-GB\",\"@id\":\"https:\\\/\\\/ihedn.fr\\\/notre-actualite\\\/orange-au-coeur-de-la-239e-session-en-region-provence-alpes-cote-dazur\\\/#primaryimage\",\"url\":\"https:\\\/\\\/ihedn.fr\\\/wp-content\\\/uploads\\\/2024\\\/10\\\/2024_A115_201_D_001_017.jpg\",\"contentUrl\":\"https:\\\/\\\/ihedn.fr\\\/wp-content\\\/uploads\\\/2024\\\/10\\\/2024_A115_201_D_001_017.jpg\",\"width\":1920,\"height\":1278,\"caption\":\"Visite sur la base a\u00e9rienne 115 des auditeurs de l\u2019Institut des Hautes Etudes de la D\u00e9fense Nationale session r\u00e9gion PACA le 24 sepembre 2024.\"},{\"@type\":\"BreadcrumbList\",\"@id\":\"https:\\\/\\\/ihedn.fr\\\/notre-actualite\\\/orange-au-coeur-de-la-239e-session-en-region-provence-alpes-cote-dazur\\\/#breadcrumb\",\"itemListElement\":[{\"@type\":\"ListItem\",\"position\":1,\"name\":\"Accueil\",\"item\":\"https:\\\/\\\/ihedn.fr\\\/\"},{\"@type\":\"ListItem\",\"position\":2,\"name\":\"Orange au c\u0153ur de la 239e session en r\u00e9gion Provence-Alpes-C\u00f4te d&rsquo;Azur\"}]},{\"@type\":\"WebSite\",\"@id\":\"https:\\\/\\\/ihedn.fr\\\/#website\",\"url\":\"https:\\\/\\\/ihedn.fr\\\/\",\"name\":\"IHEDN : Institut des hautes \u00e9tudes de d\u00e9fense nationale |\",\"description\":\"Site officiel de l&#039;IHEDN plac\u00e9 sous la tutelle du Premier ministre.\",\"publisher\":{\"@id\":\"https:\\\/\\\/ihedn.fr\\\/#organization\"},\"potentialAction\":[{\"@type\":\"SearchAction\",\"target\":{\"@type\":\"EntryPoint\",\"urlTemplate\":\"https:\\\/\\\/ihedn.fr\\\/?s={search_term_string}\"},\"query-input\":{\"@type\":\"PropertyValueSpecification\",\"valueRequired\":true,\"valueName\":\"search_term_string\"}}],\"inLanguage\":\"en-GB\"},{\"@type\":\"Organization\",\"@id\":\"https:\\\/\\\/ihedn.fr\\\/#organization\",\"name\":\"IHEDN - Institut des Hautes Etudes de D\u00e9fense Nationale\",\"url\":\"https:\\\/\\\/ihedn.fr\\\/\",\"logo\":{\"@type\":\"ImageObject\",\"inLanguage\":\"en-GB\",\"@id\":\"https:\\\/\\\/ihedn.fr\\\/#\\\/schema\\\/logo\\\/image\\\/\",\"url\":\"https:\\\/\\\/ihedn.fr\\\/wp-content\\\/uploads\\\/2020\\\/11\\\/BLOC_RF_IHEDN_WEB.png\",\"contentUrl\":\"https:\\\/\\\/ihedn.fr\\\/wp-content\\\/uploads\\\/2020\\\/11\\\/BLOC_RF_IHEDN_WEB.png\",\"width\":500,\"height\":237,\"caption\":\"IHEDN - Institut des Hautes Etudes de D\u00e9fense Nationale\"},\"image\":{\"@id\":\"https:\\\/\\\/ihedn.fr\\\/#\\\/schema\\\/logo\\\/image\\\/\"},\"sameAs\":[\"https:\\\/\\\/www.facebook.com\\\/ihedn\\\/\",\"https:\\\/\\\/x.com\\\/IHEDN\",\"https:\\\/\\\/www.instagram.com\\\/ihedn\\\/\",\"https:\\\/\\\/www.linkedin.com\\\/school\\\/ihedn\\\/\",\"https:\\\/\\\/fr.wikipedia.org\\\/wiki\\\/Institut_des_hautes_\u00e9tudes_de_D\u00e9fense_nationale\"]},{\"@type\":\"Person\",\"@id\":\"https:\\\/\\\/ihedn.fr\\\/#\\\/schema\\\/person\\\/ed217a37104b27a246b200e65b827cc7\",\"name\":\"tanguy.morel@ihedn.fr\",\"image\":{\"@type\":\"ImageObject\",\"inLanguage\":\"en-GB\",\"@id\":\"https:\\\/\\\/secure.gravatar.com\\\/avatar\\\/36877cd30919fafddf1f9da45f4154aa468a64328452f2ceaff0968772207348?s=96&d=mm&r=g\",\"url\":\"https:\\\/\\\/secure.gravatar.com\\\/avatar\\\/36877cd30919fafddf1f9da45f4154aa468a64328452f2ceaff0968772207348?s=96&d=mm&r=g\",\"contentUrl\":\"https:\\\/\\\/secure.gravatar.com\\\/avatar\\\/36877cd30919fafddf1f9da45f4154aa468a64328452f2ceaff0968772207348?s=96&d=mm&r=g\",\"caption\":\"tanguy.morel@ihedn.fr\"},\"url\":\"https:\\\/\\\/ihedn.fr\\\/en\\\/author\\\/tanguy-morelihedn-fr\\\/\"}]}<\/script>\n<!-- \/ Yoast SEO plugin. -->","yoast_head_json":{"title":"Orange at the heart of the 239th session in the Provence-Alpes-C\u00f4te d'Azur region - L'IHEDN : Institut des hautes \u00e9tudes de d\u00e9fense nationale","description":"After an initial week in Nice, during which the 50 auditors were introduced to the fundamentals of national defence, they met again from 24 to 27 September in the town of Orange. On the programme: learning about France's armed forces and defence system and putting them into practice during committee work.","robots":{"index":"index","follow":"follow","max-snippet":"max-snippet:-1","max-image-preview":"max-image-preview:large","max-video-preview":"max-video-preview:-1"},"canonical":"https:\/\/ihedn.fr\/en\/notre-actualite\/orange-au-coeur-de-la-239e-session-en-region-provence-alpes-cote-dazur\/","og_locale":"en_GB","og_type":"article","og_title":"Orange au c\u0153ur de la 239e session en r\u00e9gion Provence-Alpes-C\u00f4te d'Azur","og_description":"Apr\u00e8s une premi\u00e8re semaine ni\u00e7oise au cours de laquelle les 50 auditeurs ont pu s\u2019initier aux fondamentaux de la d\u00e9fense nationale, ils se sont retrouv\u00e9s du 24 au 27 septembre dans la ville d\u2019Orange. Au programme : la d\u00e9couverte des arm\u00e9es et de l\u2019outil de d\u00e9fense de la France et la mise en pratique pendant les travaux de comit\u00e9s.","og_url":"https:\/\/ihedn.fr\/en\/notre-actualite\/orange-au-coeur-de-la-239e-session-en-region-provence-alpes-cote-dazur\/","og_site_name":"L&#039;IHEDN : Institut des hautes \u00e9tudes de d\u00e9fense nationale","article_publisher":"https:\/\/www.facebook.com\/ihedn\/","article_published_time":"2024-10-10T15:46:41+00:00","article_modified_time":"2024-10-10T15:49:57+00:00","og_image":[{"width":1920,"height":1278,"url":"https:\/\/ihedn.fr\/wp-content\/uploads\/2024\/10\/2024_A115_201_D_001_017.jpg","type":"image\/jpeg"}],"author":"tanguy.morel@ihedn.fr","twitter_card":"summary_large_image","twitter_title":"Orange au c\u0153ur de la 239<sup>e<\/sup> session en r\u00e9gion Provence-Alpes-C\u00f4te d'Azur","twitter_description":"Apr\u00e8s une premi\u00e8re semaine ni\u00e7oise au cours de laquelle les 50 auditeurs ont pu s\u2019initier aux fondamentaux de la d\u00e9fense nationale, ils se sont retrouv\u00e9s du 24 au 27 septembre dans la ville d\u2019Orange. Au programme : la d\u00e9couverte des arm\u00e9es et de l\u2019outil de d\u00e9fense de la France et la mise en pratique pendant les travaux de comit\u00e9s.","twitter_image":"https:\/\/ihedn.fr\/wp-content\/uploads\/2024\/10\/2024_A115_201_D_001_017.jpg","twitter_creator":"@IHEDN","twitter_site":"@IHEDN","twitter_misc":{"Written by":"tanguy.morel@ihedn.fr","Estimated reading time":"1 minute"},"schema":{"@context":"https:\/\/schema.org","@graph":[{"@type":"Article","@id":"https:\/\/ihedn.fr\/notre-actualite\/orange-au-coeur-de-la-239e-session-en-region-provence-alpes-cote-dazur\/#article","isPartOf":{"@id":"https:\/\/ihedn.fr\/notre-actualite\/orange-au-coeur-de-la-239e-session-en-region-provence-alpes-cote-dazur\/"},"author":{"name":"tanguy.morel@ihedn.fr","@id":"https:\/\/ihedn.fr\/#\/schema\/person\/ed217a37104b27a246b200e65b827cc7"},"headline":"Orange au c\u0153ur de la 239e session en r\u00e9gion Provence-Alpes-C\u00f4te d&rsquo;Azur","datePublished":"2024-10-10T15:46:41+00:00","dateModified":"2024-10-10T15:49:57+00:00","mainEntityOfPage":{"@id":"https:\/\/ihedn.fr\/notre-actualite\/orange-au-coeur-de-la-239e-session-en-region-provence-alpes-cote-dazur\/"},"wordCount":203,"publisher":{"@id":"https:\/\/ihedn.fr\/#organization"},"image":{"@id":"https:\/\/ihedn.fr\/notre-actualite\/orange-au-coeur-de-la-239e-session-en-region-provence-alpes-cote-dazur\/#primaryimage"},"thumbnailUrl":"https:\/\/ihedn.fr\/wp-content\/uploads\/2024\/10\/2024_A115_201_D_001_017.jpg","articleSection":["Notre actualit\u00e9"],"inLanguage":"en-GB"},{"@type":"WebPage","@id":"https:\/\/ihedn.fr\/notre-actualite\/orange-au-coeur-de-la-239e-session-en-region-provence-alpes-cote-dazur\/","url":"https:\/\/ihedn.fr\/notre-actualite\/orange-au-coeur-de-la-239e-session-en-region-provence-alpes-cote-dazur\/","name":"Orange at the heart of the 239th session in the Provence-Alpes-C\u00f4te d'Azur region - L'IHEDN : Institut des hautes \u00e9tudes de d\u00e9fense nationale","isPartOf":{"@id":"https:\/\/ihedn.fr\/#website"},"primaryImageOfPage":{"@id":"https:\/\/ihedn.fr\/notre-actualite\/orange-au-coeur-de-la-239e-session-en-region-provence-alpes-cote-dazur\/#primaryimage"},"image":{"@id":"https:\/\/ihedn.fr\/notre-actualite\/orange-au-coeur-de-la-239e-session-en-region-provence-alpes-cote-dazur\/#primaryimage"},"thumbnailUrl":"https:\/\/ihedn.fr\/wp-content\/uploads\/2024\/10\/2024_A115_201_D_001_017.jpg","datePublished":"2024-10-10T15:46:41+00:00","dateModified":"2024-10-10T15:49:57+00:00","description":"After an initial week in Nice, during which the 50 auditors were introduced to the fundamentals of national defence, they met again from 24 to 27 September in the town of Orange. On the programme: learning about France's armed forces and defence system and putting them into practice during committee work.","breadcrumb":{"@id":"https:\/\/ihedn.fr\/notre-actualite\/orange-au-coeur-de-la-239e-session-en-region-provence-alpes-cote-dazur\/#breadcrumb"},"inLanguage":"en-GB","potentialAction":[{"@type":"ReadAction","target":["https:\/\/ihedn.fr\/notre-actualite\/orange-au-coeur-de-la-239e-session-en-region-provence-alpes-cote-dazur\/"]}]},{"@type":"ImageObject","inLanguage":"en-GB","@id":"https:\/\/ihedn.fr\/notre-actualite\/orange-au-coeur-de-la-239e-session-en-region-provence-alpes-cote-dazur\/#primaryimage","url":"https:\/\/ihedn.fr\/wp-content\/uploads\/2024\/10\/2024_A115_201_D_001_017.jpg","contentUrl":"https:\/\/ihedn.fr\/wp-content\/uploads\/2024\/10\/2024_A115_201_D_001_017.jpg","width":1920,"height":1278,"caption":"Visite sur la base a\u00e9rienne 115 des auditeurs de l\u2019Institut des Hautes Etudes de la D\u00e9fense Nationale session r\u00e9gion PACA le 24 sepembre 2024."},{"@type":"BreadcrumbList","@id":"https:\/\/ihedn.fr\/notre-actualite\/orange-au-coeur-de-la-239e-session-en-region-provence-alpes-cote-dazur\/#breadcrumb","itemListElement":[{"@type":"ListItem","position":1,"name":"Accueil","item":"https:\/\/ihedn.fr\/"},{"@type":"ListItem","position":2,"name":"Orange au c\u0153ur de la 239e session en r\u00e9gion Provence-Alpes-C\u00f4te d&rsquo;Azur"}]},{"@type":"WebSite","@id":"https:\/\/ihedn.fr\/#website","url":"https:\/\/ihedn.fr\/","name":"IHEDN: Institut des hautes \u00e9tudes de d\u00e9fense nationale (Institute for Higher National Defence Studies)","description":"Official website of the IHEDN under the supervision of the Prime Minister.","publisher":{"@id":"https:\/\/ihedn.fr\/#organization"},"potentialAction":[{"@type":"SearchAction","target":{"@type":"EntryPoint","urlTemplate":"https:\/\/ihedn.fr\/?s={search_term_string}"},"query-input":{"@type":"PropertyValueSpecification","valueRequired":true,"valueName":"search_term_string"}}],"inLanguage":"en-GB"},{"@type":"Organization","@id":"https:\/\/ihedn.fr\/#organization","name":"IHEDN - Institute for Higher National Defence Studies","url":"https:\/\/ihedn.fr\/","logo":{"@type":"ImageObject","inLanguage":"en-GB","@id":"https:\/\/ihedn.fr\/#\/schema\/logo\/image\/","url":"https:\/\/ihedn.fr\/wp-content\/uploads\/2020\/11\/BLOC_RF_IHEDN_WEB.png","contentUrl":"https:\/\/ihedn.fr\/wp-content\/uploads\/2020\/11\/BLOC_RF_IHEDN_WEB.png","width":500,"height":237,"caption":"IHEDN - Institut des Hautes Etudes de D\u00e9fense Nationale"},"image":{"@id":"https:\/\/ihedn.fr\/#\/schema\/logo\/image\/"},"sameAs":["https:\/\/www.facebook.com\/ihedn\/","https:\/\/x.com\/IHEDN","https:\/\/www.instagram.com\/ihedn\/","https:\/\/www.linkedin.com\/school\/ihedn\/","https:\/\/fr.wikipedia.org\/wiki\/Institut_des_hautes_\u00e9tudes_de_D\u00e9fense_nationale"]},{"@type":"Person","@id":"https:\/\/ihedn.fr\/#\/schema\/person\/ed217a37104b27a246b200e65b827cc7","name":"tanguy.morel@ihedn.fr","image":{"@type":"ImageObject","inLanguage":"en-GB","@id":"https:\/\/secure.gravatar.com\/avatar\/36877cd30919fafddf1f9da45f4154aa468a64328452f2ceaff0968772207348?s=96&d=mm&r=g","url":"https:\/\/secure.gravatar.com\/avatar\/36877cd30919fafddf1f9da45f4154aa468a64328452f2ceaff0968772207348?s=96&d=mm&r=g","contentUrl":"https:\/\/secure.gravatar.com\/avatar\/36877cd30919fafddf1f9da45f4154aa468a64328452f2ceaff0968772207348?s=96&d=mm&r=g","caption":"tanguy.morel@ihedn.fr"},"url":"https:\/\/ihedn.fr\/en\/author\/tanguy-morelihedn-fr\/"}]}},"publishpress_future_action":{"enabled":false,"date":"2026-05-08 23:27:51","action":"change-status","newStatus":"draft","terms":[],"taxonomy":"category","extraData":[]},"publishpress_future_workflow_manual_trigger":{"enabledWorkflows":[]},"_links":{"self":[{"href":"https:\/\/ihedn.fr\/en\/wp-json\/wp\/v2\/posts\/50748","targetHints":{"allow":["GET"]}}],"collection":[{"href":"https:\/\/ihedn.fr\/en\/wp-json\/wp\/v2\/posts"}],"about":[{"href":"https:\/\/ihedn.fr\/en\/wp-json\/wp\/v2\/types\/post"}],"author":[{"embeddable":true,"href":"https:\/\/ihedn.fr\/en\/wp-json\/wp\/v2\/users\/10"}],"replies":[{"embeddable":true,"href":"https:\/\/ihedn.fr\/en\/wp-json\/wp\/v2\/comments?post=50748"}],"version-history":[{"count":18,"href":"https:\/\/ihedn.fr\/en\/wp-json\/wp\/v2\/posts\/50748\/revisions"}],"predecessor-version":[{"id":50933,"href":"https:\/\/ihedn.fr\/en\/wp-json\/wp\/v2\/posts\/50748\/revisions\/50933"}],"wp:featuredmedia":[{"embeddable":true,"href":"https:\/\/ihedn.fr\/en\/wp-json\/wp\/v2\/media\/50912"}],"wp:attachment":[{"href":"https:\/\/ihedn.fr\/en\/wp-json\/wp\/v2\/media?parent=50748"}],"wp:term":[{"taxonomy":"category","embeddable":true,"href":"https:\/\/ihedn.fr\/en\/wp-json\/wp\/v2\/categories?post=50748"},{"taxonomy":"post_tag","embeddable":true,"href":"https:\/\/ihedn.fr\/en\/wp-json\/wp\/v2\/tags?post=50748"}],"curies":[{"name":"wp","href":"https:\/\/api.w.org\/{rel}","templated":true}]}}