{"id":50776,"date":"2024-10-07T15:10:04","date_gmt":"2024-10-07T14:10:04","guid":{"rendered":"https:\/\/ihedn.fr\/?p=50776"},"modified":"2025-09-03T15:39:08","modified_gmt":"2025-09-03T14:39:08","slug":"christophe-ayad-pour-le-hezbollah-lhostilite-a-israel-est-radicale-fondamentale-et-permanente","status":"publish","type":"post","link":"https:\/\/ihedn.fr\/en\/lundis-de-lihedn\/christophe-ayad-pour-le-hezbollah-lhostilite-a-israel-est-radicale-fondamentale-et-permanente\/","title":{"rendered":"Christophe Ayad: \"For Hezbollah, hostility to Israel is radical, fundamental and permanent\"."},"content":{"rendered":"<div data-elementor-type=\"wp-post\" data-elementor-id=\"50776\" class=\"elementor elementor-50776\" data-elementor-post-type=\"post\">\n\t\t\t\t<div data-particle_enable=\"false\" data-particle-mobile-disabled=\"false\" class=\"elementor-element elementor-element-f8609d4 e-con-full e-flex e-con e-parent\" data-id=\"f8609d4\" data-element_type=\"container\" data-e-type=\"container\">\n\t\t\t\t<div class=\"elementor-element elementor-element-0bbc456 elementor-widget elementor-widget-text-editor\" data-id=\"0bbc456\" data-element_type=\"widget\" data-e-type=\"widget\" data-widget_type=\"text-editor.default\">\n\t\t\t\t<div class=\"elementor-widget-container\">\n\t\t\t\t\t\t\t\t\t<p style=\"text-align: left;\">Christophe Ayad is a journalist with Le Monde, where he headed the international department. He is the winner of the Albert-London Prize and the author of several books, including G\u00e9opolitique de l'\u00c9gypte (\u00c9ditions Complexe, 2002) and\u00a0<a href=\"https:\/\/www.puf.com\/geopolitique-du-hezbollah\">\"G\u00e9opolitique du Hezbollah\", published by PUF in March 2024<\/a>.<\/p><p style=\"text-align: left;\">Starting from its sanctuary in Lebanon, the author explores the history and every aspect of the power of Hezbollah (\"Party of God\" in Arabic), from its close links with its Iranian sponsor to its hold over the Land of the Cedars, its \"exemplary role\" for other organisations in the Iranian \"axis of resistance\" (Yemeni Houthis, Iraqi militias, Palestinian Hamas, etc.), its influence over the Syrian regime, its \"global tentacles\" reaching as far as Asia and South America, and its funding, partly derived from drug trafficking.), its ascendancy over the Syrian regime, its \"global tentacles\" reaching as far as Asia and South America, and its funding partly derived from drug trafficking.<\/p>\t\t\t\t\t\t\t\t<\/div>\n\t\t\t\t<\/div>\n\t\t\t\t<div class=\"elementor-element elementor-element-2cc2eca elementor-widget__width-initial elementor-widget elementor-widget-video\" data-id=\"2cc2eca\" data-element_type=\"widget\" data-e-type=\"widget\" data-settings=\"{&quot;youtube_url&quot;:&quot;https:\\\/\\\/www.youtube.com\\\/watch?v=RzsZgyJipRg&quot;,&quot;video_type&quot;:&quot;youtube&quot;,&quot;controls&quot;:&quot;yes&quot;}\" data-widget_type=\"video.default\">\n\t\t\t\t<div class=\"elementor-widget-container\">\n\t\t\t\t\t\t\t<div class=\"elementor-wrapper elementor-open-inline\">\n\t\t\t<div class=\"elementor-video\"><\/div>\t\t<\/div>\n\t\t\t\t\t\t<\/div>\n\t\t\t\t<\/div>\n\t\t\t\t<div class=\"elementor-element elementor-element-b788349 elementor-widget elementor-widget-text-editor\" data-id=\"b788349\" data-element_type=\"widget\" data-e-type=\"widget\" data-widget_type=\"text-editor.default\">\n\t\t\t\t<div class=\"elementor-widget-container\">\n\t\t\t\t\t\t\t\t\t<p style=\"text-align: left;\">Our interview, which had been scheduled for a long time, took place on 18 September 2024, the day after Israel's \"beeper attack\" on numerous members of Hezbollah, followed by the death of its Secretary General, Hassan Nasrallah, in a bombing in Beirut on 27 September, and by other military operations against the movement's installations in Lebanon.<\/p>\t\t\t\t\t\t\t\t<\/div>\n\t\t\t\t<\/div>\n\t\t\t\t<div class=\"elementor-element elementor-element-0c515bb elementor-widget elementor-widget-heading\" data-id=\"0c515bb\" data-element_type=\"widget\" data-e-type=\"widget\" data-widget_type=\"heading.default\">\n\t\t\t\t<div class=\"elementor-widget-container\">\n\t\t\t\t\t<h2 class=\"elementor-heading-title elementor-size-default\">\"HEZBOLLAH HAS LOST THE AGILITY AND SOBRIETY THAT WERE ITS STRENGTH\".<\/h2>\t\t\t\t<\/div>\n\t\t\t\t<\/div>\n\t\t\t\t<div class=\"elementor-element elementor-element-efc0ea2 elementor-widget-divider--view-line elementor-widget elementor-widget-divider\" data-id=\"efc0ea2\" data-element_type=\"widget\" data-e-type=\"widget\" data-widget_type=\"divider.default\">\n\t\t\t\t<div class=\"elementor-widget-container\">\n\t\t\t\t\t\t\t<div class=\"elementor-divider\">\n\t\t\t<span class=\"elementor-divider-separator\">\n\t\t\t\t\t\t<\/span>\n\t\t<\/div>\n\t\t\t\t\t\t<\/div>\n\t\t\t\t<\/div>\n\t\t\t\t<div class=\"elementor-element elementor-element-b8bf291 elementor-widget elementor-widget-text-editor\" data-id=\"b8bf291\" data-element_type=\"widget\" data-e-type=\"widget\" data-widget_type=\"text-editor.default\">\n\t\t\t\t<div class=\"elementor-widget-container\">\n\t\t\t\t\t\t\t\t\t<p style=\"text-align: left;\">Asked on 1 October about these recent developments, Christophe Ayad had this to say:<\/p>\t\t\t\t\t\t\t\t<\/div>\n\t\t\t\t<\/div>\n\t\t\t\t<div class=\"elementor-element elementor-element-2ea545c elementor-widget elementor-widget-text-editor\" data-id=\"2ea545c\" data-element_type=\"widget\" data-e-type=\"widget\" data-widget_type=\"text-editor.default\">\n\t\t\t\t<div class=\"elementor-widget-container\">\n\t\t\t\t\t\t\t\t\t<p style=\"text-align: left;\">\"By opening hostilities with Israel on 8 October 2023, in solidarity with Hamas, Hezbollah was secretly hoping to replay the 2006 scenario and lure Israel into the trap of a difficult war on the ground. But the Hebrew State had been preparing for this confrontation for two decades, in particular by infiltrating Hezbollah's ranks and communications network, updating its organisational chart and implementing a systematic, highly targeted elimination plan.<\/p><p style=\"text-align: left;\">By becoming an enormous political, economic and military machine, Hezbollah has lost the agility and sobriety that had long been its strength as a guerrilla force. Too big, too heavy to manoeuvre and too busy with tasks that distracted it from its original vocation, the fight against Israel, the organisation has lost its way by becoming a \"state above a non-state\", which is Lebanon.<\/p><p style=\"text-align: left;\">In losing Hassan Nasrallah, the Iranian axis of resistance has lost its de facto leader. After the death of the Iranian general Qassem Soleimani, killed by an American drone strike in Baghdad in January 2020, it was the secretary general of Hezbollah who took on this role.<\/p><p style=\"text-align: left;\">With its leadership decimated and its arsenal largely eroded, Hezbollah runs the risk, in the years to come, of retreating into its national role in Lebanon as defender of the Shiites\".<\/p>\t\t\t\t\t\t\t\t<\/div>\n\t\t\t\t<\/div>\n\t\t\t\t<\/div>\n\t\t\t\t<\/div>","protected":false},"excerpt":{"rendered":"<p>The journalist Christophe Ayad, author of \"G\u00e9opolitique du Hezbollah\" (Presses universitaires de France), explains the workings of the Lebanese Shiite political party, armed militia and terrorist group, which has been heavily hit by the Hebrew state in recent weeks. Major interview.<\/p>","protected":false},"author":10,"featured_media":50777,"comment_status":"closed","ping_status":"closed","sticky":false,"template":"","format":"standard","meta":{"footnotes":""},"categories":[41,171,209],"tags":[],"class_list":["post-50776","post","type-post","status-publish","format-standard","has-post-thumbnail","hentry","category-lundis-de-lihedn","category-notre-selection","category-securite-internationale"],"yoast_head":"<!-- This site is optimized with the Yoast SEO plugin v27.5 - https:\/\/yoast.com\/product\/yoast-seo-wordpress\/ -->\n<title>Christophe Ayad : \u00ab Pour le Hezbollah, l\u2019hostilit\u00e9 \u00e0 Isra\u00ebl est radicale, fondamentale et permanente \u00bb - L&#039;IHEDN : Institut des hautes \u00e9tudes de d\u00e9fense nationale<\/title>\n<meta name=\"description\" content=\"Auteur de \u00ab G\u00e9opolitique du Hezbollah \u00bb (Presses universitaires de France), le journaliste Christophe Ayad d\u00e9taille les ressorts du parti politico-religieux, milice arm\u00e9e et groupe terroriste chiite libanais, lourdement frapp\u00e9 ces derni\u00e8res semaines par l&#039;\u00c9tat h\u00e9breu. Grand entretien.\" \/>\n<meta name=\"robots\" content=\"index, follow, max-snippet:-1, max-image-preview:large, max-video-preview:-1\" \/>\n<link rel=\"canonical\" href=\"https:\/\/ihedn.fr\/en\/lundis-de-lihedn\/christophe-ayad-pour-le-hezbollah-lhostilite-a-israel-est-radicale-fondamentale-et-permanente\/\" \/>\n<meta property=\"og:locale\" content=\"en_GB\" \/>\n<meta property=\"og:type\" content=\"article\" \/>\n<meta property=\"og:title\" content=\"Christophe Ayad : \u00ab Pour le Hezbollah, l\u2019hostilit\u00e9 \u00e0 Isra\u00ebl est radicale, fondamentale et permanente \u00bb\" \/>\n<meta property=\"og:description\" content=\"Auteur de \u00ab G\u00e9opolitique du Hezbollah \u00bb (Presses universitaires de France), le journaliste Christophe Ayad d\u00e9taille les ressorts du parti politico-religieux, milice arm\u00e9e et groupe terroriste chiite libanais, lourdement frapp\u00e9 ces derni\u00e8res semaines par l&#039;\u00c9tat h\u00e9breu. Grand entretien.\" \/>\n<meta property=\"og:url\" content=\"https:\/\/ihedn.fr\/en\/lundis-de-lihedn\/christophe-ayad-pour-le-hezbollah-lhostilite-a-israel-est-radicale-fondamentale-et-permanente\/\" \/>\n<meta property=\"og:site_name\" content=\"L&#039;IHEDN : Institut des hautes \u00e9tudes de d\u00e9fense nationale\" \/>\n<meta property=\"article:publisher\" content=\"https:\/\/www.facebook.com\/ihedn\/\" \/>\n<meta property=\"article:published_time\" content=\"2024-10-07T14:10:04+00:00\" \/>\n<meta property=\"article:modified_time\" content=\"2025-09-03T14:39:08+00:00\" \/>\n<meta property=\"og:image\" content=\"https:\/\/ihedn.fr\/wp-content\/uploads\/2024\/10\/LIH_Christophe_AYAD_site_internet.jpg\" \/>\n\t<meta property=\"og:image:width\" content=\"1920\" \/>\n\t<meta property=\"og:image:height\" content=\"1080\" \/>\n\t<meta property=\"og:image:type\" content=\"image\/jpeg\" \/>\n<meta name=\"author\" content=\"tanguy.morel@ihedn.fr\" \/>\n<meta name=\"twitter:card\" content=\"summary_large_image\" \/>\n<meta name=\"twitter:title\" content=\"Christophe Ayad : \u00ab Pour le Hezbollah, l\u2019hostilit\u00e9 \u00e0 Isra\u00ebl est radicale, fondamentale et permanente \u00bb\" \/>\n<meta name=\"twitter:description\" content=\"Auteur de \u00ab G\u00e9opolitique du Hezbollah \u00bb (Presses universitaires de France), le journaliste Christophe Ayad d\u00e9taille les ressorts du parti politico-religieux, milice arm\u00e9e et groupe terroriste chiite libanais, lourdement frapp\u00e9 ces derni\u00e8res semaines par l&#039;\u00c9tat h\u00e9breu. Grand entretien.\" \/>\n<meta name=\"twitter:image\" content=\"https:\/\/ihedn.fr\/wp-content\/uploads\/2024\/10\/LIH_Christophe_AYAD_site_internet.jpg\" \/>\n<meta name=\"twitter:creator\" content=\"@IHEDN\" \/>\n<meta name=\"twitter:site\" content=\"@IHEDN\" \/>\n<meta name=\"twitter:label1\" content=\"Written by\" \/>\n\t<meta name=\"twitter:data1\" content=\"tanguy.morel@ihedn.fr\" \/>\n\t<meta name=\"twitter:label2\" content=\"Estimated reading time\" \/>\n\t<meta name=\"twitter:data2\" content=\"3 minutes\" \/>\n<script type=\"application\/ld+json\" class=\"yoast-schema-graph\">{\"@context\":\"https:\\\/\\\/schema.org\",\"@graph\":[{\"@type\":\"Article\",\"@id\":\"https:\\\/\\\/ihedn.fr\\\/lundis-de-lihedn\\\/christophe-ayad-pour-le-hezbollah-lhostilite-a-israel-est-radicale-fondamentale-et-permanente\\\/#article\",\"isPartOf\":{\"@id\":\"https:\\\/\\\/ihedn.fr\\\/lundis-de-lihedn\\\/christophe-ayad-pour-le-hezbollah-lhostilite-a-israel-est-radicale-fondamentale-et-permanente\\\/\"},\"author\":{\"name\":\"tanguy.morel@ihedn.fr\",\"@id\":\"https:\\\/\\\/ihedn.fr\\\/#\\\/schema\\\/person\\\/ed217a37104b27a246b200e65b827cc7\"},\"headline\":\"Christophe Ayad : \u00ab Pour le Hezbollah, l\u2019hostilit\u00e9 \u00e0 Isra\u00ebl est radicale, fondamentale et permanente \u00bb\",\"datePublished\":\"2024-10-07T14:10:04+00:00\",\"dateModified\":\"2025-09-03T14:39:08+00:00\",\"mainEntityOfPage\":{\"@id\":\"https:\\\/\\\/ihedn.fr\\\/lundis-de-lihedn\\\/christophe-ayad-pour-le-hezbollah-lhostilite-a-israel-est-radicale-fondamentale-et-permanente\\\/\"},\"wordCount\":497,\"publisher\":{\"@id\":\"https:\\\/\\\/ihedn.fr\\\/#organization\"},\"image\":{\"@id\":\"https:\\\/\\\/ihedn.fr\\\/lundis-de-lihedn\\\/christophe-ayad-pour-le-hezbollah-lhostilite-a-israel-est-radicale-fondamentale-et-permanente\\\/#primaryimage\"},\"thumbnailUrl\":\"https:\\\/\\\/ihedn.fr\\\/wp-content\\\/uploads\\\/2024\\\/10\\\/LIH_Christophe_AYAD_site_internet.jpg\",\"articleSection\":[\"Lundis de l'IHEDN\",\"Notre s\u00e9lection\",\"s\u00e9curit\u00e9 internationale\"],\"inLanguage\":\"en-GB\"},{\"@type\":\"WebPage\",\"@id\":\"https:\\\/\\\/ihedn.fr\\\/lundis-de-lihedn\\\/christophe-ayad-pour-le-hezbollah-lhostilite-a-israel-est-radicale-fondamentale-et-permanente\\\/\",\"url\":\"https:\\\/\\\/ihedn.fr\\\/lundis-de-lihedn\\\/christophe-ayad-pour-le-hezbollah-lhostilite-a-israel-est-radicale-fondamentale-et-permanente\\\/\",\"name\":\"Christophe Ayad : \u00ab Pour le Hezbollah, l\u2019hostilit\u00e9 \u00e0 Isra\u00ebl est radicale, fondamentale et permanente \u00bb - L&#039;IHEDN : Institut des hautes \u00e9tudes de d\u00e9fense nationale\",\"isPartOf\":{\"@id\":\"https:\\\/\\\/ihedn.fr\\\/#website\"},\"primaryImageOfPage\":{\"@id\":\"https:\\\/\\\/ihedn.fr\\\/lundis-de-lihedn\\\/christophe-ayad-pour-le-hezbollah-lhostilite-a-israel-est-radicale-fondamentale-et-permanente\\\/#primaryimage\"},\"image\":{\"@id\":\"https:\\\/\\\/ihedn.fr\\\/lundis-de-lihedn\\\/christophe-ayad-pour-le-hezbollah-lhostilite-a-israel-est-radicale-fondamentale-et-permanente\\\/#primaryimage\"},\"thumbnailUrl\":\"https:\\\/\\\/ihedn.fr\\\/wp-content\\\/uploads\\\/2024\\\/10\\\/LIH_Christophe_AYAD_site_internet.jpg\",\"datePublished\":\"2024-10-07T14:10:04+00:00\",\"dateModified\":\"2025-09-03T14:39:08+00:00\",\"description\":\"Auteur de \u00ab G\u00e9opolitique du Hezbollah \u00bb (Presses universitaires de France), le journaliste Christophe Ayad d\u00e9taille les ressorts du parti politico-religieux, milice arm\u00e9e et groupe terroriste chiite libanais, lourdement frapp\u00e9 ces derni\u00e8res semaines par l'\u00c9tat h\u00e9breu. Grand entretien.\",\"breadcrumb\":{\"@id\":\"https:\\\/\\\/ihedn.fr\\\/lundis-de-lihedn\\\/christophe-ayad-pour-le-hezbollah-lhostilite-a-israel-est-radicale-fondamentale-et-permanente\\\/#breadcrumb\"},\"inLanguage\":\"en-GB\",\"potentialAction\":[{\"@type\":\"ReadAction\",\"target\":[\"https:\\\/\\\/ihedn.fr\\\/lundis-de-lihedn\\\/christophe-ayad-pour-le-hezbollah-lhostilite-a-israel-est-radicale-fondamentale-et-permanente\\\/\"]}]},{\"@type\":\"ImageObject\",\"inLanguage\":\"en-GB\",\"@id\":\"https:\\\/\\\/ihedn.fr\\\/lundis-de-lihedn\\\/christophe-ayad-pour-le-hezbollah-lhostilite-a-israel-est-radicale-fondamentale-et-permanente\\\/#primaryimage\",\"url\":\"https:\\\/\\\/ihedn.fr\\\/wp-content\\\/uploads\\\/2024\\\/10\\\/LIH_Christophe_AYAD_site_internet.jpg\",\"contentUrl\":\"https:\\\/\\\/ihedn.fr\\\/wp-content\\\/uploads\\\/2024\\\/10\\\/LIH_Christophe_AYAD_site_internet.jpg\",\"width\":1920,\"height\":1080,\"caption\":\"Christophe AYAD | Lundis de l'IHEDN Christophe Ayad : \u00ab Pour le Hezbollah, l\u2019hostilit\u00e9 \u00e0 Isra\u00ebl est radicale, fondamentale et permanente \u00bb\"},{\"@type\":\"BreadcrumbList\",\"@id\":\"https:\\\/\\\/ihedn.fr\\\/lundis-de-lihedn\\\/christophe-ayad-pour-le-hezbollah-lhostilite-a-israel-est-radicale-fondamentale-et-permanente\\\/#breadcrumb\",\"itemListElement\":[{\"@type\":\"ListItem\",\"position\":1,\"name\":\"Accueil\",\"item\":\"https:\\\/\\\/ihedn.fr\\\/\"},{\"@type\":\"ListItem\",\"position\":2,\"name\":\"Christophe Ayad : \u00ab Pour le Hezbollah, l\u2019hostilit\u00e9 \u00e0 Isra\u00ebl est radicale, fondamentale et permanente \u00bb\"}]},{\"@type\":\"WebSite\",\"@id\":\"https:\\\/\\\/ihedn.fr\\\/#website\",\"url\":\"https:\\\/\\\/ihedn.fr\\\/\",\"name\":\"IHEDN : Institut des hautes \u00e9tudes de d\u00e9fense nationale |\",\"description\":\"Site officiel de l&#039;IHEDN plac\u00e9 sous la tutelle du Premier ministre.\",\"publisher\":{\"@id\":\"https:\\\/\\\/ihedn.fr\\\/#organization\"},\"potentialAction\":[{\"@type\":\"SearchAction\",\"target\":{\"@type\":\"EntryPoint\",\"urlTemplate\":\"https:\\\/\\\/ihedn.fr\\\/?s={search_term_string}\"},\"query-input\":{\"@type\":\"PropertyValueSpecification\",\"valueRequired\":true,\"valueName\":\"search_term_string\"}}],\"inLanguage\":\"en-GB\"},{\"@type\":\"Organization\",\"@id\":\"https:\\\/\\\/ihedn.fr\\\/#organization\",\"name\":\"IHEDN - Institut des Hautes Etudes de D\u00e9fense Nationale\",\"url\":\"https:\\\/\\\/ihedn.fr\\\/\",\"logo\":{\"@type\":\"ImageObject\",\"inLanguage\":\"en-GB\",\"@id\":\"https:\\\/\\\/ihedn.fr\\\/#\\\/schema\\\/logo\\\/image\\\/\",\"url\":\"https:\\\/\\\/ihedn.fr\\\/wp-content\\\/uploads\\\/2020\\\/11\\\/BLOC_RF_IHEDN_WEB.png\",\"contentUrl\":\"https:\\\/\\\/ihedn.fr\\\/wp-content\\\/uploads\\\/2020\\\/11\\\/BLOC_RF_IHEDN_WEB.png\",\"width\":500,\"height\":237,\"caption\":\"IHEDN - Institut des Hautes Etudes de D\u00e9fense Nationale\"},\"image\":{\"@id\":\"https:\\\/\\\/ihedn.fr\\\/#\\\/schema\\\/logo\\\/image\\\/\"},\"sameAs\":[\"https:\\\/\\\/www.facebook.com\\\/ihedn\\\/\",\"https:\\\/\\\/x.com\\\/IHEDN\",\"https:\\\/\\\/www.instagram.com\\\/ihedn\\\/\",\"https:\\\/\\\/www.linkedin.com\\\/school\\\/ihedn\\\/\",\"https:\\\/\\\/fr.wikipedia.org\\\/wiki\\\/Institut_des_hautes_\u00e9tudes_de_D\u00e9fense_nationale\"]},{\"@type\":\"Person\",\"@id\":\"https:\\\/\\\/ihedn.fr\\\/#\\\/schema\\\/person\\\/ed217a37104b27a246b200e65b827cc7\",\"name\":\"tanguy.morel@ihedn.fr\",\"image\":{\"@type\":\"ImageObject\",\"inLanguage\":\"en-GB\",\"@id\":\"https:\\\/\\\/secure.gravatar.com\\\/avatar\\\/36877cd30919fafddf1f9da45f4154aa468a64328452f2ceaff0968772207348?s=96&d=mm&r=g\",\"url\":\"https:\\\/\\\/secure.gravatar.com\\\/avatar\\\/36877cd30919fafddf1f9da45f4154aa468a64328452f2ceaff0968772207348?s=96&d=mm&r=g\",\"contentUrl\":\"https:\\\/\\\/secure.gravatar.com\\\/avatar\\\/36877cd30919fafddf1f9da45f4154aa468a64328452f2ceaff0968772207348?s=96&d=mm&r=g\",\"caption\":\"tanguy.morel@ihedn.fr\"},\"url\":\"https:\\\/\\\/ihedn.fr\\\/en\\\/author\\\/tanguy-morelihedn-fr\\\/\"}]}<\/script>\n<!-- \/ Yoast SEO plugin. -->","yoast_head_json":{"title":"Christophe Ayad: \"For Hezbollah, hostility to Israel is radical, fundamental and permanent\" - L'IHEDN : Institut des hautes \u00e9tudes de d\u00e9fense nationale (French Institute for Advanced Studies in National Defence)","description":"The journalist Christophe Ayad, author of \"G\u00e9opolitique du Hezbollah\" (Presses universitaires de France), explains the workings of the Lebanese Shiite political party, armed militia and terrorist group, which has been heavily hit by the Hebrew state in recent weeks. Major interview.","robots":{"index":"index","follow":"follow","max-snippet":"max-snippet:-1","max-image-preview":"max-image-preview:large","max-video-preview":"max-video-preview:-1"},"canonical":"https:\/\/ihedn.fr\/en\/lundis-de-lihedn\/christophe-ayad-pour-le-hezbollah-lhostilite-a-israel-est-radicale-fondamentale-et-permanente\/","og_locale":"en_GB","og_type":"article","og_title":"Christophe Ayad : \u00ab Pour le Hezbollah, l\u2019hostilit\u00e9 \u00e0 Isra\u00ebl est radicale, fondamentale et permanente \u00bb","og_description":"Auteur de \u00ab G\u00e9opolitique du Hezbollah \u00bb (Presses universitaires de France), le journaliste Christophe Ayad d\u00e9taille les ressorts du parti politico-religieux, milice arm\u00e9e et groupe terroriste chiite libanais, lourdement frapp\u00e9 ces derni\u00e8res semaines par l'\u00c9tat h\u00e9breu. Grand entretien.","og_url":"https:\/\/ihedn.fr\/en\/lundis-de-lihedn\/christophe-ayad-pour-le-hezbollah-lhostilite-a-israel-est-radicale-fondamentale-et-permanente\/","og_site_name":"L&#039;IHEDN : Institut des hautes \u00e9tudes de d\u00e9fense nationale","article_publisher":"https:\/\/www.facebook.com\/ihedn\/","article_published_time":"2024-10-07T14:10:04+00:00","article_modified_time":"2025-09-03T14:39:08+00:00","og_image":[{"width":1920,"height":1080,"url":"https:\/\/ihedn.fr\/wp-content\/uploads\/2024\/10\/LIH_Christophe_AYAD_site_internet.jpg","type":"image\/jpeg"}],"author":"tanguy.morel@ihedn.fr","twitter_card":"summary_large_image","twitter_title":"Christophe Ayad : \u00ab Pour le Hezbollah, l\u2019hostilit\u00e9 \u00e0 Isra\u00ebl est radicale, fondamentale et permanente \u00bb","twitter_description":"Auteur de \u00ab G\u00e9opolitique du Hezbollah \u00bb (Presses universitaires de France), le journaliste Christophe Ayad d\u00e9taille les ressorts du parti politico-religieux, milice arm\u00e9e et groupe terroriste chiite libanais, lourdement frapp\u00e9 ces derni\u00e8res semaines par l'\u00c9tat h\u00e9breu. Grand entretien.","twitter_image":"https:\/\/ihedn.fr\/wp-content\/uploads\/2024\/10\/LIH_Christophe_AYAD_site_internet.jpg","twitter_creator":"@IHEDN","twitter_site":"@IHEDN","twitter_misc":{"Written by":"tanguy.morel@ihedn.fr","Estimated reading time":"3 minutes"},"schema":{"@context":"https:\/\/schema.org","@graph":[{"@type":"Article","@id":"https:\/\/ihedn.fr\/lundis-de-lihedn\/christophe-ayad-pour-le-hezbollah-lhostilite-a-israel-est-radicale-fondamentale-et-permanente\/#article","isPartOf":{"@id":"https:\/\/ihedn.fr\/lundis-de-lihedn\/christophe-ayad-pour-le-hezbollah-lhostilite-a-israel-est-radicale-fondamentale-et-permanente\/"},"author":{"name":"tanguy.morel@ihedn.fr","@id":"https:\/\/ihedn.fr\/#\/schema\/person\/ed217a37104b27a246b200e65b827cc7"},"headline":"Christophe Ayad : \u00ab Pour le Hezbollah, l\u2019hostilit\u00e9 \u00e0 Isra\u00ebl est radicale, fondamentale et permanente \u00bb","datePublished":"2024-10-07T14:10:04+00:00","dateModified":"2025-09-03T14:39:08+00:00","mainEntityOfPage":{"@id":"https:\/\/ihedn.fr\/lundis-de-lihedn\/christophe-ayad-pour-le-hezbollah-lhostilite-a-israel-est-radicale-fondamentale-et-permanente\/"},"wordCount":497,"publisher":{"@id":"https:\/\/ihedn.fr\/#organization"},"image":{"@id":"https:\/\/ihedn.fr\/lundis-de-lihedn\/christophe-ayad-pour-le-hezbollah-lhostilite-a-israel-est-radicale-fondamentale-et-permanente\/#primaryimage"},"thumbnailUrl":"https:\/\/ihedn.fr\/wp-content\/uploads\/2024\/10\/LIH_Christophe_AYAD_site_internet.jpg","articleSection":["Lundis de l'IHEDN","Notre s\u00e9lection","s\u00e9curit\u00e9 internationale"],"inLanguage":"en-GB"},{"@type":"WebPage","@id":"https:\/\/ihedn.fr\/lundis-de-lihedn\/christophe-ayad-pour-le-hezbollah-lhostilite-a-israel-est-radicale-fondamentale-et-permanente\/","url":"https:\/\/ihedn.fr\/lundis-de-lihedn\/christophe-ayad-pour-le-hezbollah-lhostilite-a-israel-est-radicale-fondamentale-et-permanente\/","name":"Christophe Ayad: \"For Hezbollah, hostility to Israel is radical, fundamental and permanent\" - L'IHEDN : Institut des hautes \u00e9tudes de d\u00e9fense nationale (French Institute for Advanced Studies in National Defence)","isPartOf":{"@id":"https:\/\/ihedn.fr\/#website"},"primaryImageOfPage":{"@id":"https:\/\/ihedn.fr\/lundis-de-lihedn\/christophe-ayad-pour-le-hezbollah-lhostilite-a-israel-est-radicale-fondamentale-et-permanente\/#primaryimage"},"image":{"@id":"https:\/\/ihedn.fr\/lundis-de-lihedn\/christophe-ayad-pour-le-hezbollah-lhostilite-a-israel-est-radicale-fondamentale-et-permanente\/#primaryimage"},"thumbnailUrl":"https:\/\/ihedn.fr\/wp-content\/uploads\/2024\/10\/LIH_Christophe_AYAD_site_internet.jpg","datePublished":"2024-10-07T14:10:04+00:00","dateModified":"2025-09-03T14:39:08+00:00","description":"The journalist Christophe Ayad, author of \"G\u00e9opolitique du Hezbollah\" (Presses universitaires de France), explains the workings of the Lebanese Shiite political party, armed militia and terrorist group, which has been heavily hit by the Hebrew state in recent weeks. Major interview.","breadcrumb":{"@id":"https:\/\/ihedn.fr\/lundis-de-lihedn\/christophe-ayad-pour-le-hezbollah-lhostilite-a-israel-est-radicale-fondamentale-et-permanente\/#breadcrumb"},"inLanguage":"en-GB","potentialAction":[{"@type":"ReadAction","target":["https:\/\/ihedn.fr\/lundis-de-lihedn\/christophe-ayad-pour-le-hezbollah-lhostilite-a-israel-est-radicale-fondamentale-et-permanente\/"]}]},{"@type":"ImageObject","inLanguage":"en-GB","@id":"https:\/\/ihedn.fr\/lundis-de-lihedn\/christophe-ayad-pour-le-hezbollah-lhostilite-a-israel-est-radicale-fondamentale-et-permanente\/#primaryimage","url":"https:\/\/ihedn.fr\/wp-content\/uploads\/2024\/10\/LIH_Christophe_AYAD_site_internet.jpg","contentUrl":"https:\/\/ihedn.fr\/wp-content\/uploads\/2024\/10\/LIH_Christophe_AYAD_site_internet.jpg","width":1920,"height":1080,"caption":"Christophe AYAD | Lundis de l'IHEDN Christophe Ayad : \u00ab Pour le Hezbollah, l\u2019hostilit\u00e9 \u00e0 Isra\u00ebl est radicale, fondamentale et permanente \u00bb"},{"@type":"BreadcrumbList","@id":"https:\/\/ihedn.fr\/lundis-de-lihedn\/christophe-ayad-pour-le-hezbollah-lhostilite-a-israel-est-radicale-fondamentale-et-permanente\/#breadcrumb","itemListElement":[{"@type":"ListItem","position":1,"name":"Accueil","item":"https:\/\/ihedn.fr\/"},{"@type":"ListItem","position":2,"name":"Christophe Ayad : \u00ab Pour le Hezbollah, l\u2019hostilit\u00e9 \u00e0 Isra\u00ebl est radicale, fondamentale et permanente \u00bb"}]},{"@type":"WebSite","@id":"https:\/\/ihedn.fr\/#website","url":"https:\/\/ihedn.fr\/","name":"IHEDN: Institut des hautes \u00e9tudes de d\u00e9fense nationale (Institute for Higher National Defence Studies)","description":"Official website of the IHEDN under the supervision of the Prime Minister.","publisher":{"@id":"https:\/\/ihedn.fr\/#organization"},"potentialAction":[{"@type":"SearchAction","target":{"@type":"EntryPoint","urlTemplate":"https:\/\/ihedn.fr\/?s={search_term_string}"},"query-input":{"@type":"PropertyValueSpecification","valueRequired":true,"valueName":"search_term_string"}}],"inLanguage":"en-GB"},{"@type":"Organization","@id":"https:\/\/ihedn.fr\/#organization","name":"IHEDN - Institute for Higher National Defence Studies","url":"https:\/\/ihedn.fr\/","logo":{"@type":"ImageObject","inLanguage":"en-GB","@id":"https:\/\/ihedn.fr\/#\/schema\/logo\/image\/","url":"https:\/\/ihedn.fr\/wp-content\/uploads\/2020\/11\/BLOC_RF_IHEDN_WEB.png","contentUrl":"https:\/\/ihedn.fr\/wp-content\/uploads\/2020\/11\/BLOC_RF_IHEDN_WEB.png","width":500,"height":237,"caption":"IHEDN - Institut des Hautes Etudes de D\u00e9fense Nationale"},"image":{"@id":"https:\/\/ihedn.fr\/#\/schema\/logo\/image\/"},"sameAs":["https:\/\/www.facebook.com\/ihedn\/","https:\/\/x.com\/IHEDN","https:\/\/www.instagram.com\/ihedn\/","https:\/\/www.linkedin.com\/school\/ihedn\/","https:\/\/fr.wikipedia.org\/wiki\/Institut_des_hautes_\u00e9tudes_de_D\u00e9fense_nationale"]},{"@type":"Person","@id":"https:\/\/ihedn.fr\/#\/schema\/person\/ed217a37104b27a246b200e65b827cc7","name":"tanguy.morel@ihedn.fr","image":{"@type":"ImageObject","inLanguage":"en-GB","@id":"https:\/\/secure.gravatar.com\/avatar\/36877cd30919fafddf1f9da45f4154aa468a64328452f2ceaff0968772207348?s=96&d=mm&r=g","url":"https:\/\/secure.gravatar.com\/avatar\/36877cd30919fafddf1f9da45f4154aa468a64328452f2ceaff0968772207348?s=96&d=mm&r=g","contentUrl":"https:\/\/secure.gravatar.com\/avatar\/36877cd30919fafddf1f9da45f4154aa468a64328452f2ceaff0968772207348?s=96&d=mm&r=g","caption":"tanguy.morel@ihedn.fr"},"url":"https:\/\/ihedn.fr\/en\/author\/tanguy-morelihedn-fr\/"}]}},"publishpress_future_action":{"enabled":false,"date":"2026-05-06 21:26:08","action":"change-status","newStatus":"draft","terms":[],"taxonomy":"category","extraData":[]},"publishpress_future_workflow_manual_trigger":{"enabledWorkflows":[]},"_links":{"self":[{"href":"https:\/\/ihedn.fr\/en\/wp-json\/wp\/v2\/posts\/50776","targetHints":{"allow":["GET"]}}],"collection":[{"href":"https:\/\/ihedn.fr\/en\/wp-json\/wp\/v2\/posts"}],"about":[{"href":"https:\/\/ihedn.fr\/en\/wp-json\/wp\/v2\/types\/post"}],"author":[{"embeddable":true,"href":"https:\/\/ihedn.fr\/en\/wp-json\/wp\/v2\/users\/10"}],"replies":[{"embeddable":true,"href":"https:\/\/ihedn.fr\/en\/wp-json\/wp\/v2\/comments?post=50776"}],"version-history":[{"count":10,"href":"https:\/\/ihedn.fr\/en\/wp-json\/wp\/v2\/posts\/50776\/revisions"}],"predecessor-version":[{"id":51057,"href":"https:\/\/ihedn.fr\/en\/wp-json\/wp\/v2\/posts\/50776\/revisions\/51057"}],"wp:featuredmedia":[{"embeddable":true,"href":"https:\/\/ihedn.fr\/en\/wp-json\/wp\/v2\/media\/50777"}],"wp:attachment":[{"href":"https:\/\/ihedn.fr\/en\/wp-json\/wp\/v2\/media?parent=50776"}],"wp:term":[{"taxonomy":"category","embeddable":true,"href":"https:\/\/ihedn.fr\/en\/wp-json\/wp\/v2\/categories?post=50776"},{"taxonomy":"post_tag","embeddable":true,"href":"https:\/\/ihedn.fr\/en\/wp-json\/wp\/v2\/tags?post=50776"}],"curies":[{"name":"wp","href":"https:\/\/api.w.org\/{rel}","templated":true}]}}