{"id":50818,"date":"2024-10-08T15:33:49","date_gmt":"2024-10-08T14:33:49","guid":{"rendered":"https:\/\/ihedn.fr\/?p=50818"},"modified":"2024-10-08T15:36:27","modified_gmt":"2024-10-08T14:36:27","slug":"ouverture-85-cycle-intelligence-economique-strategique","status":"publish","type":"post","link":"https:\/\/ihedn.fr\/en\/notre-actualite\/ouverture-85-cycle-intelligence-economique-strategique\/","title":{"rendered":"Opening the 85<sup>e<\/sup> Economic and strategic intelligence\" cycle"},"content":{"rendered":"<div data-elementor-type=\"wp-post\" data-elementor-id=\"50818\" class=\"elementor elementor-50818\" data-elementor-post-type=\"post\">\n\t\t\t\t<div data-particle_enable=\"false\" data-particle-mobile-disabled=\"false\" class=\"elementor-element elementor-element-93a82e0 e-con-full e-flex e-con e-parent\" data-id=\"93a82e0\" data-element_type=\"container\" data-e-type=\"container\">\n\t\t\t\t<div class=\"elementor-element elementor-element-35c1a29 elementor-widget elementor-widget-text-editor\" data-id=\"35c1a29\" data-element_type=\"widget\" data-e-type=\"widget\" data-widget_type=\"text-editor.default\">\n\t\t\t\t<div class=\"elementor-widget-container\">\n\t\t\t\t\t\t\t\t\t<p style=\"text-align: left;\">Because the wealth of our country is also to be found in our regions, the IHEDN is organising its second IES cycle in the regions after Lyon in December 2023. The 16 students will learn more about the challenges of economic and digital sovereignty through 49 hours of training divided into different modules, including :<\/p>\t\t\t\t\t\t\t\t<\/div>\n\t\t\t\t<\/div>\n\t\t\t\t<div class=\"elementor-element elementor-element-e45c9e7 elementor-widget elementor-widget-text-editor\" data-id=\"e45c9e7\" data-element_type=\"widget\" data-e-type=\"widget\" data-widget_type=\"text-editor.default\">\n\t\t\t\t<div class=\"elementor-widget-container\">\n\t\t\t\t\t\t\t\t\t<ul><li style=\"text-align: left;\">Economic security, with government action to protect and promote French businesses;<\/li><li style=\"text-align: left;\">Intelligence and OSINT, with tools and levers for capturing and analysing open-source information;<\/li><li style=\"text-align: left;\">Cybersecurity and digital sovereignty, with an organisation's ability to control its digital risks;<\/li><li style=\"text-align: left;\">Crisis management, where auditors will have to deal with a cascade of crises and the challenge will be to prioritise information;<\/li><li style=\"text-align: left;\">Legal intelligence, which will focus on the challenges of <em>lawfare<\/em> and war through standards;<\/li><li style=\"text-align: left;\">And influence and lobbying, to understand the levers and methods of influence, public communication and lobbying used by organisations at national and international level.<\/li><li style=\"text-align: left;\">A real-life committee topic based on quantum computing and the case study of Quobly;<\/li><li style=\"text-align: left;\">A visit to the Talence Optics Institute, which focuses on research and training in optics and photonics, with a particular emphasis on quantum computing, developing technologies and algorithms based on the principles of quantum physics for advanced computing and communication applications.<\/li><\/ul>\t\t\t\t\t\t\t\t<\/div>\n\t\t\t\t<\/div>\n\t\t\t\t<div class=\"elementor-element elementor-element-9001dc8 elementor-widget elementor-widget-text-editor\" data-id=\"9001dc8\" data-element_type=\"widget\" data-e-type=\"widget\" data-widget_type=\"text-editor.default\">\n\t\t\t\t<div class=\"elementor-widget-container\">\n\t\t\t\t\t\t\t\t\t<p style=\"text-align: left;\">Encouraging a wide range of backgrounds, IES courses make students aware of the importance and consequences of economic warfare, where France can only rely on itself.<\/p><p style=\"text-align: left;\">As a unique, high-quality public training programme, the IES cycles are the ideal place to encourage public-private exchanges and raise awareness of the threats facing economic players both internationally and within our borders.<\/p><p style=\"text-align: left;\">IHEDN has developed this course in partnership with the main government departments involved in economic security issues, such as the General Secretariat for National Defence and Security (SGDSN), the Defence Intelligence and Security Directorate (DRSD), the French Anti-Corruption Agency (AFA), the General Directorate for Armaments (DGA) and the Strategic Information and Economic Security Service (SISSE).<\/p><p style=\"text-align: left;\">Through its various courses, the IHEDN plays a central role in the training of executives and decision-makers in the service of national security and defence.<\/p>\t\t\t\t\t\t\t\t<\/div>\n\t\t\t\t<\/div>\n\t\t\t\t<\/div>\n\t\t\t\t<\/div>","protected":false},"excerpt":{"rendered":"<p>From 8 to 16 October 2024, the \u00c9cole acad\u00e9mique de formation continue de Bordeaux will be welcoming students from the 85<sup>e<\/sup> training leading to a certificate in Economic and Strategic Intelligence (IES). <\/p>","protected":false},"author":10,"featured_media":50819,"comment_status":"closed","ping_status":"closed","sticky":false,"template":"","format":"standard","meta":{"footnotes":""},"categories":[172],"tags":[],"class_list":["post-50818","post","type-post","status-publish","format-standard","has-post-thumbnail","hentry","category-notre-actualite"],"yoast_head":"<!-- This site is optimized with the Yoast SEO plugin v27.5 - https:\/\/yoast.com\/product\/yoast-seo-wordpress\/ -->\n<title>Ouverture du 85e cycle \u00ab Intelligence \u00e9conomique et strat\u00e9gique \u00bb - L&#039;IHEDN : Institut des hautes \u00e9tudes de d\u00e9fense nationale<\/title>\n<meta name=\"description\" content=\"Du 8 au 16 octobre 2024, l\u2019\u00c9cole acad\u00e9mique de formation continue de Bordeaux accueille les auditeurs de la 85e formation certifiante en Intelligence \u00c9conomique et Strat\u00e9gique (IES).\" \/>\n<meta name=\"robots\" content=\"index, follow, max-snippet:-1, max-image-preview:large, max-video-preview:-1\" \/>\n<link rel=\"canonical\" href=\"https:\/\/ihedn.fr\/en\/notre-actualite\/ouverture-85-cycle-intelligence-economique-strategique\/\" \/>\n<meta property=\"og:locale\" content=\"en_GB\" \/>\n<meta property=\"og:type\" content=\"article\" \/>\n<meta property=\"og:title\" content=\"Ouverture du 85e cycle \u00ab Intelligence \u00e9conomique et strat\u00e9gique \u00bb\" \/>\n<meta property=\"og:description\" content=\"Du 8 au 16 octobre 2024, l\u2019\u00c9cole acad\u00e9mique de formation continue de Bordeaux accueille les auditeurs de la 85e formation certifiante en Intelligence \u00c9conomique et Strat\u00e9gique (IES).\" \/>\n<meta property=\"og:url\" content=\"https:\/\/ihedn.fr\/en\/notre-actualite\/ouverture-85-cycle-intelligence-economique-strategique\/\" \/>\n<meta property=\"og:site_name\" content=\"L&#039;IHEDN : Institut des hautes \u00e9tudes de d\u00e9fense nationale\" \/>\n<meta property=\"article:publisher\" content=\"https:\/\/www.facebook.com\/ihedn\/\" \/>\n<meta property=\"article:published_time\" content=\"2024-10-08T14:33:49+00:00\" \/>\n<meta property=\"article:modified_time\" content=\"2024-10-08T14:36:27+00:00\" \/>\n<meta property=\"og:image\" content=\"https:\/\/ihedn.fr\/wp-content\/uploads\/2024\/10\/85IES.jpg\" \/>\n\t<meta property=\"og:image:width\" content=\"1920\" \/>\n\t<meta property=\"og:image:height\" content=\"1440\" \/>\n\t<meta property=\"og:image:type\" content=\"image\/jpeg\" \/>\n<meta name=\"author\" content=\"tanguy.morel@ihedn.fr\" \/>\n<meta name=\"twitter:card\" content=\"summary_large_image\" \/>\n<meta name=\"twitter:title\" content=\"Ouverture du 85&lt;sup&gt;e&lt;\/sup&gt; cycle \u00ab Intelligence \u00e9conomique et strat\u00e9gique \u00bb\" \/>\n<meta name=\"twitter:description\" content=\"Du 8 au 16 octobre 2024, l\u2019\u00c9cole acad\u00e9mique de formation continue de Bordeaux accueille les auditeurs de la 85e formation certifiante en Intelligence \u00c9conomique et Strat\u00e9gique (IES).\" \/>\n<meta name=\"twitter:image\" content=\"https:\/\/ihedn.fr\/wp-content\/uploads\/2024\/10\/85IES.jpg\" \/>\n<meta name=\"twitter:creator\" content=\"@IHEDN\" \/>\n<meta name=\"twitter:site\" content=\"@IHEDN\" \/>\n<meta name=\"twitter:label1\" content=\"Written by\" \/>\n\t<meta name=\"twitter:data1\" content=\"tanguy.morel@ihedn.fr\" \/>\n\t<meta name=\"twitter:label2\" content=\"Estimated reading time\" \/>\n\t<meta name=\"twitter:data2\" content=\"3 minutes\" \/>\n<script type=\"application\/ld+json\" class=\"yoast-schema-graph\">{\"@context\":\"https:\\\/\\\/schema.org\",\"@graph\":[{\"@type\":\"Article\",\"@id\":\"https:\\\/\\\/ihedn.fr\\\/notre-actualite\\\/ouverture-85-cycle-intelligence-economique-strategique\\\/#article\",\"isPartOf\":{\"@id\":\"https:\\\/\\\/ihedn.fr\\\/notre-actualite\\\/ouverture-85-cycle-intelligence-economique-strategique\\\/\"},\"author\":{\"name\":\"tanguy.morel@ihedn.fr\",\"@id\":\"https:\\\/\\\/ihedn.fr\\\/#\\\/schema\\\/person\\\/ed217a37104b27a246b200e65b827cc7\"},\"headline\":\"Ouverture du 85e cycle \u00ab Intelligence \u00e9conomique et strat\u00e9gique \u00bb\",\"datePublished\":\"2024-10-08T14:33:49+00:00\",\"dateModified\":\"2024-10-08T14:36:27+00:00\",\"mainEntityOfPage\":{\"@id\":\"https:\\\/\\\/ihedn.fr\\\/notre-actualite\\\/ouverture-85-cycle-intelligence-economique-strategique\\\/\"},\"wordCount\":483,\"publisher\":{\"@id\":\"https:\\\/\\\/ihedn.fr\\\/#organization\"},\"image\":{\"@id\":\"https:\\\/\\\/ihedn.fr\\\/notre-actualite\\\/ouverture-85-cycle-intelligence-economique-strategique\\\/#primaryimage\"},\"thumbnailUrl\":\"https:\\\/\\\/ihedn.fr\\\/wp-content\\\/uploads\\\/2024\\\/10\\\/85IES.jpg\",\"articleSection\":[\"Notre actualit\u00e9\"],\"inLanguage\":\"en-GB\"},{\"@type\":\"WebPage\",\"@id\":\"https:\\\/\\\/ihedn.fr\\\/notre-actualite\\\/ouverture-85-cycle-intelligence-economique-strategique\\\/\",\"url\":\"https:\\\/\\\/ihedn.fr\\\/notre-actualite\\\/ouverture-85-cycle-intelligence-economique-strategique\\\/\",\"name\":\"Ouverture du 85e cycle \u00ab Intelligence \u00e9conomique et strat\u00e9gique \u00bb - L&#039;IHEDN : Institut des hautes \u00e9tudes de d\u00e9fense nationale\",\"isPartOf\":{\"@id\":\"https:\\\/\\\/ihedn.fr\\\/#website\"},\"primaryImageOfPage\":{\"@id\":\"https:\\\/\\\/ihedn.fr\\\/notre-actualite\\\/ouverture-85-cycle-intelligence-economique-strategique\\\/#primaryimage\"},\"image\":{\"@id\":\"https:\\\/\\\/ihedn.fr\\\/notre-actualite\\\/ouverture-85-cycle-intelligence-economique-strategique\\\/#primaryimage\"},\"thumbnailUrl\":\"https:\\\/\\\/ihedn.fr\\\/wp-content\\\/uploads\\\/2024\\\/10\\\/85IES.jpg\",\"datePublished\":\"2024-10-08T14:33:49+00:00\",\"dateModified\":\"2024-10-08T14:36:27+00:00\",\"description\":\"Du 8 au 16 octobre 2024, l\u2019\u00c9cole acad\u00e9mique de formation continue de Bordeaux accueille les auditeurs de la 85e formation certifiante en Intelligence \u00c9conomique et Strat\u00e9gique (IES).\",\"breadcrumb\":{\"@id\":\"https:\\\/\\\/ihedn.fr\\\/notre-actualite\\\/ouverture-85-cycle-intelligence-economique-strategique\\\/#breadcrumb\"},\"inLanguage\":\"en-GB\",\"potentialAction\":[{\"@type\":\"ReadAction\",\"target\":[\"https:\\\/\\\/ihedn.fr\\\/notre-actualite\\\/ouverture-85-cycle-intelligence-economique-strategique\\\/\"]}]},{\"@type\":\"ImageObject\",\"inLanguage\":\"en-GB\",\"@id\":\"https:\\\/\\\/ihedn.fr\\\/notre-actualite\\\/ouverture-85-cycle-intelligence-economique-strategique\\\/#primaryimage\",\"url\":\"https:\\\/\\\/ihedn.fr\\\/wp-content\\\/uploads\\\/2024\\\/10\\\/85IES.jpg\",\"contentUrl\":\"https:\\\/\\\/ihedn.fr\\\/wp-content\\\/uploads\\\/2024\\\/10\\\/85IES.jpg\",\"width\":1920,\"height\":1440},{\"@type\":\"BreadcrumbList\",\"@id\":\"https:\\\/\\\/ihedn.fr\\\/notre-actualite\\\/ouverture-85-cycle-intelligence-economique-strategique\\\/#breadcrumb\",\"itemListElement\":[{\"@type\":\"ListItem\",\"position\":1,\"name\":\"Accueil\",\"item\":\"https:\\\/\\\/ihedn.fr\\\/\"},{\"@type\":\"ListItem\",\"position\":2,\"name\":\"Ouverture du 85e cycle \u00ab Intelligence \u00e9conomique et strat\u00e9gique \u00bb\"}]},{\"@type\":\"WebSite\",\"@id\":\"https:\\\/\\\/ihedn.fr\\\/#website\",\"url\":\"https:\\\/\\\/ihedn.fr\\\/\",\"name\":\"IHEDN : Institut des hautes \u00e9tudes de d\u00e9fense nationale |\",\"description\":\"Site officiel de l&#039;IHEDN plac\u00e9 sous la tutelle du Premier ministre.\",\"publisher\":{\"@id\":\"https:\\\/\\\/ihedn.fr\\\/#organization\"},\"potentialAction\":[{\"@type\":\"SearchAction\",\"target\":{\"@type\":\"EntryPoint\",\"urlTemplate\":\"https:\\\/\\\/ihedn.fr\\\/?s={search_term_string}\"},\"query-input\":{\"@type\":\"PropertyValueSpecification\",\"valueRequired\":true,\"valueName\":\"search_term_string\"}}],\"inLanguage\":\"en-GB\"},{\"@type\":\"Organization\",\"@id\":\"https:\\\/\\\/ihedn.fr\\\/#organization\",\"name\":\"IHEDN - Institut des Hautes Etudes de D\u00e9fense Nationale\",\"url\":\"https:\\\/\\\/ihedn.fr\\\/\",\"logo\":{\"@type\":\"ImageObject\",\"inLanguage\":\"en-GB\",\"@id\":\"https:\\\/\\\/ihedn.fr\\\/#\\\/schema\\\/logo\\\/image\\\/\",\"url\":\"https:\\\/\\\/ihedn.fr\\\/wp-content\\\/uploads\\\/2020\\\/11\\\/BLOC_RF_IHEDN_WEB.png\",\"contentUrl\":\"https:\\\/\\\/ihedn.fr\\\/wp-content\\\/uploads\\\/2020\\\/11\\\/BLOC_RF_IHEDN_WEB.png\",\"width\":500,\"height\":237,\"caption\":\"IHEDN - Institut des Hautes Etudes de D\u00e9fense Nationale\"},\"image\":{\"@id\":\"https:\\\/\\\/ihedn.fr\\\/#\\\/schema\\\/logo\\\/image\\\/\"},\"sameAs\":[\"https:\\\/\\\/www.facebook.com\\\/ihedn\\\/\",\"https:\\\/\\\/x.com\\\/IHEDN\",\"https:\\\/\\\/www.instagram.com\\\/ihedn\\\/\",\"https:\\\/\\\/www.linkedin.com\\\/school\\\/ihedn\\\/\",\"https:\\\/\\\/fr.wikipedia.org\\\/wiki\\\/Institut_des_hautes_\u00e9tudes_de_D\u00e9fense_nationale\"]},{\"@type\":\"Person\",\"@id\":\"https:\\\/\\\/ihedn.fr\\\/#\\\/schema\\\/person\\\/ed217a37104b27a246b200e65b827cc7\",\"name\":\"tanguy.morel@ihedn.fr\",\"image\":{\"@type\":\"ImageObject\",\"inLanguage\":\"en-GB\",\"@id\":\"https:\\\/\\\/secure.gravatar.com\\\/avatar\\\/36877cd30919fafddf1f9da45f4154aa468a64328452f2ceaff0968772207348?s=96&d=mm&r=g\",\"url\":\"https:\\\/\\\/secure.gravatar.com\\\/avatar\\\/36877cd30919fafddf1f9da45f4154aa468a64328452f2ceaff0968772207348?s=96&d=mm&r=g\",\"contentUrl\":\"https:\\\/\\\/secure.gravatar.com\\\/avatar\\\/36877cd30919fafddf1f9da45f4154aa468a64328452f2ceaff0968772207348?s=96&d=mm&r=g\",\"caption\":\"tanguy.morel@ihedn.fr\"},\"url\":\"https:\\\/\\\/ihedn.fr\\\/en\\\/author\\\/tanguy-morelihedn-fr\\\/\"}]}<\/script>\n<!-- \/ Yoast SEO plugin. -->","yoast_head_json":{"title":"Opening of the 85th \"Economic and Strategic Intelligence\" course - L'IHEDN : Institut des hautes \u00e9tudes de d\u00e9fense nationale (Graduate Institute of National Defence)","description":"From 8 to 16 October 2024, the Bordeaux Academic School of Continuing Education will be hosting the 85th Economic and Strategic Intelligence (IES) certification course.","robots":{"index":"index","follow":"follow","max-snippet":"max-snippet:-1","max-image-preview":"max-image-preview:large","max-video-preview":"max-video-preview:-1"},"canonical":"https:\/\/ihedn.fr\/en\/notre-actualite\/ouverture-85-cycle-intelligence-economique-strategique\/","og_locale":"en_GB","og_type":"article","og_title":"Ouverture du 85e cycle \u00ab Intelligence \u00e9conomique et strat\u00e9gique \u00bb","og_description":"Du 8 au 16 octobre 2024, l\u2019\u00c9cole acad\u00e9mique de formation continue de Bordeaux accueille les auditeurs de la 85e formation certifiante en Intelligence \u00c9conomique et Strat\u00e9gique (IES).","og_url":"https:\/\/ihedn.fr\/en\/notre-actualite\/ouverture-85-cycle-intelligence-economique-strategique\/","og_site_name":"L&#039;IHEDN : Institut des hautes \u00e9tudes de d\u00e9fense nationale","article_publisher":"https:\/\/www.facebook.com\/ihedn\/","article_published_time":"2024-10-08T14:33:49+00:00","article_modified_time":"2024-10-08T14:36:27+00:00","og_image":[{"width":1920,"height":1440,"url":"https:\/\/ihedn.fr\/wp-content\/uploads\/2024\/10\/85IES.jpg","type":"image\/jpeg"}],"author":"tanguy.morel@ihedn.fr","twitter_card":"summary_large_image","twitter_title":"Ouverture du 85<sup>e<\/sup> cycle \u00ab Intelligence \u00e9conomique et strat\u00e9gique \u00bb","twitter_description":"Du 8 au 16 octobre 2024, l\u2019\u00c9cole acad\u00e9mique de formation continue de Bordeaux accueille les auditeurs de la 85e formation certifiante en Intelligence \u00c9conomique et Strat\u00e9gique (IES).","twitter_image":"https:\/\/ihedn.fr\/wp-content\/uploads\/2024\/10\/85IES.jpg","twitter_creator":"@IHEDN","twitter_site":"@IHEDN","twitter_misc":{"Written by":"tanguy.morel@ihedn.fr","Estimated reading time":"3 minutes"},"schema":{"@context":"https:\/\/schema.org","@graph":[{"@type":"Article","@id":"https:\/\/ihedn.fr\/notre-actualite\/ouverture-85-cycle-intelligence-economique-strategique\/#article","isPartOf":{"@id":"https:\/\/ihedn.fr\/notre-actualite\/ouverture-85-cycle-intelligence-economique-strategique\/"},"author":{"name":"tanguy.morel@ihedn.fr","@id":"https:\/\/ihedn.fr\/#\/schema\/person\/ed217a37104b27a246b200e65b827cc7"},"headline":"Ouverture du 85e cycle \u00ab Intelligence \u00e9conomique et strat\u00e9gique \u00bb","datePublished":"2024-10-08T14:33:49+00:00","dateModified":"2024-10-08T14:36:27+00:00","mainEntityOfPage":{"@id":"https:\/\/ihedn.fr\/notre-actualite\/ouverture-85-cycle-intelligence-economique-strategique\/"},"wordCount":483,"publisher":{"@id":"https:\/\/ihedn.fr\/#organization"},"image":{"@id":"https:\/\/ihedn.fr\/notre-actualite\/ouverture-85-cycle-intelligence-economique-strategique\/#primaryimage"},"thumbnailUrl":"https:\/\/ihedn.fr\/wp-content\/uploads\/2024\/10\/85IES.jpg","articleSection":["Notre actualit\u00e9"],"inLanguage":"en-GB"},{"@type":"WebPage","@id":"https:\/\/ihedn.fr\/notre-actualite\/ouverture-85-cycle-intelligence-economique-strategique\/","url":"https:\/\/ihedn.fr\/notre-actualite\/ouverture-85-cycle-intelligence-economique-strategique\/","name":"Opening of the 85th \"Economic and Strategic Intelligence\" course - L'IHEDN : Institut des hautes \u00e9tudes de d\u00e9fense nationale (Graduate Institute of National Defence)","isPartOf":{"@id":"https:\/\/ihedn.fr\/#website"},"primaryImageOfPage":{"@id":"https:\/\/ihedn.fr\/notre-actualite\/ouverture-85-cycle-intelligence-economique-strategique\/#primaryimage"},"image":{"@id":"https:\/\/ihedn.fr\/notre-actualite\/ouverture-85-cycle-intelligence-economique-strategique\/#primaryimage"},"thumbnailUrl":"https:\/\/ihedn.fr\/wp-content\/uploads\/2024\/10\/85IES.jpg","datePublished":"2024-10-08T14:33:49+00:00","dateModified":"2024-10-08T14:36:27+00:00","description":"From 8 to 16 October 2024, the Bordeaux Academic School of Continuing Education will be hosting the 85th Economic and Strategic Intelligence (IES) certification course.","breadcrumb":{"@id":"https:\/\/ihedn.fr\/notre-actualite\/ouverture-85-cycle-intelligence-economique-strategique\/#breadcrumb"},"inLanguage":"en-GB","potentialAction":[{"@type":"ReadAction","target":["https:\/\/ihedn.fr\/notre-actualite\/ouverture-85-cycle-intelligence-economique-strategique\/"]}]},{"@type":"ImageObject","inLanguage":"en-GB","@id":"https:\/\/ihedn.fr\/notre-actualite\/ouverture-85-cycle-intelligence-economique-strategique\/#primaryimage","url":"https:\/\/ihedn.fr\/wp-content\/uploads\/2024\/10\/85IES.jpg","contentUrl":"https:\/\/ihedn.fr\/wp-content\/uploads\/2024\/10\/85IES.jpg","width":1920,"height":1440},{"@type":"BreadcrumbList","@id":"https:\/\/ihedn.fr\/notre-actualite\/ouverture-85-cycle-intelligence-economique-strategique\/#breadcrumb","itemListElement":[{"@type":"ListItem","position":1,"name":"Accueil","item":"https:\/\/ihedn.fr\/"},{"@type":"ListItem","position":2,"name":"Ouverture du 85e cycle \u00ab Intelligence \u00e9conomique et strat\u00e9gique \u00bb"}]},{"@type":"WebSite","@id":"https:\/\/ihedn.fr\/#website","url":"https:\/\/ihedn.fr\/","name":"IHEDN: Institut des hautes \u00e9tudes de d\u00e9fense nationale (Institute for Higher National Defence Studies)","description":"Official website of the IHEDN under the supervision of the Prime Minister.","publisher":{"@id":"https:\/\/ihedn.fr\/#organization"},"potentialAction":[{"@type":"SearchAction","target":{"@type":"EntryPoint","urlTemplate":"https:\/\/ihedn.fr\/?s={search_term_string}"},"query-input":{"@type":"PropertyValueSpecification","valueRequired":true,"valueName":"search_term_string"}}],"inLanguage":"en-GB"},{"@type":"Organization","@id":"https:\/\/ihedn.fr\/#organization","name":"IHEDN - Institute for Higher National Defence Studies","url":"https:\/\/ihedn.fr\/","logo":{"@type":"ImageObject","inLanguage":"en-GB","@id":"https:\/\/ihedn.fr\/#\/schema\/logo\/image\/","url":"https:\/\/ihedn.fr\/wp-content\/uploads\/2020\/11\/BLOC_RF_IHEDN_WEB.png","contentUrl":"https:\/\/ihedn.fr\/wp-content\/uploads\/2020\/11\/BLOC_RF_IHEDN_WEB.png","width":500,"height":237,"caption":"IHEDN - Institut des Hautes Etudes de D\u00e9fense Nationale"},"image":{"@id":"https:\/\/ihedn.fr\/#\/schema\/logo\/image\/"},"sameAs":["https:\/\/www.facebook.com\/ihedn\/","https:\/\/x.com\/IHEDN","https:\/\/www.instagram.com\/ihedn\/","https:\/\/www.linkedin.com\/school\/ihedn\/","https:\/\/fr.wikipedia.org\/wiki\/Institut_des_hautes_\u00e9tudes_de_D\u00e9fense_nationale"]},{"@type":"Person","@id":"https:\/\/ihedn.fr\/#\/schema\/person\/ed217a37104b27a246b200e65b827cc7","name":"tanguy.morel@ihedn.fr","image":{"@type":"ImageObject","inLanguage":"en-GB","@id":"https:\/\/secure.gravatar.com\/avatar\/36877cd30919fafddf1f9da45f4154aa468a64328452f2ceaff0968772207348?s=96&d=mm&r=g","url":"https:\/\/secure.gravatar.com\/avatar\/36877cd30919fafddf1f9da45f4154aa468a64328452f2ceaff0968772207348?s=96&d=mm&r=g","contentUrl":"https:\/\/secure.gravatar.com\/avatar\/36877cd30919fafddf1f9da45f4154aa468a64328452f2ceaff0968772207348?s=96&d=mm&r=g","caption":"tanguy.morel@ihedn.fr"},"url":"https:\/\/ihedn.fr\/en\/author\/tanguy-morelihedn-fr\/"}]}},"publishpress_future_action":{"enabled":false,"date":"2026-05-08 02:20:18","action":"change-status","newStatus":"draft","terms":[],"taxonomy":"category","extraData":[]},"publishpress_future_workflow_manual_trigger":{"enabledWorkflows":[]},"_links":{"self":[{"href":"https:\/\/ihedn.fr\/en\/wp-json\/wp\/v2\/posts\/50818","targetHints":{"allow":["GET"]}}],"collection":[{"href":"https:\/\/ihedn.fr\/en\/wp-json\/wp\/v2\/posts"}],"about":[{"href":"https:\/\/ihedn.fr\/en\/wp-json\/wp\/v2\/types\/post"}],"author":[{"embeddable":true,"href":"https:\/\/ihedn.fr\/en\/wp-json\/wp\/v2\/users\/10"}],"replies":[{"embeddable":true,"href":"https:\/\/ihedn.fr\/en\/wp-json\/wp\/v2\/comments?post=50818"}],"version-history":[{"count":15,"href":"https:\/\/ihedn.fr\/en\/wp-json\/wp\/v2\/posts\/50818\/revisions"}],"predecessor-version":[{"id":50834,"href":"https:\/\/ihedn.fr\/en\/wp-json\/wp\/v2\/posts\/50818\/revisions\/50834"}],"wp:featuredmedia":[{"embeddable":true,"href":"https:\/\/ihedn.fr\/en\/wp-json\/wp\/v2\/media\/50819"}],"wp:attachment":[{"href":"https:\/\/ihedn.fr\/en\/wp-json\/wp\/v2\/media?parent=50818"}],"wp:term":[{"taxonomy":"category","embeddable":true,"href":"https:\/\/ihedn.fr\/en\/wp-json\/wp\/v2\/categories?post=50818"},{"taxonomy":"post_tag","embeddable":true,"href":"https:\/\/ihedn.fr\/en\/wp-json\/wp\/v2\/tags?post=50818"}],"curies":[{"name":"wp","href":"https:\/\/api.w.org\/{rel}","templated":true}]}}