{"id":51102,"date":"2024-10-15T13:42:23","date_gmt":"2024-10-15T12:42:23","guid":{"rendered":"https:\/\/ihedn.fr\/?p=51102"},"modified":"2025-10-16T10:04:36","modified_gmt":"2025-10-16T09:04:36","slug":"lannee-de-la-defense-nationale-2025","status":"publish","type":"post","link":"https:\/\/ihedn.fr\/en\/les-debats-strategiques\/lannee-de-la-defense-nationale-2025\/","title":{"rendered":"The Year of National Defence 2025"},"content":{"rendered":"<div data-elementor-type=\"wp-post\" data-elementor-id=\"51102\" class=\"elementor elementor-51102\" data-elementor-post-type=\"post\">\n\t\t\t\t<div data-particle_enable=\"false\" data-particle-mobile-disabled=\"false\" class=\"elementor-element elementor-element-1439f5c e-flex e-con-boxed e-con e-parent\" data-id=\"1439f5c\" data-element_type=\"container\" data-e-type=\"container\">\n\t\t\t\t\t<div class=\"e-con-inner\">\n\t\t\t\t<div class=\"elementor-element elementor-element-216b4e9 elementor-widget elementor-widget-text-editor\" data-id=\"216b4e9\" data-element_type=\"widget\" data-e-type=\"widget\" data-widget_type=\"text-editor.default\">\n\t\t\t\t<div class=\"elementor-widget-container\">\n\t\t\t\t\t\t\t\t\t<p style=\"text-align: left;\"><em>The aim of this new edition of the Year of National Defence (ADN) is to understand how France and Europe are facing up to strategic changes by deciphering major contemporary events. The articles, written by leading specialists, reflect both an academic and a practitioner's perspective on major defence and security issues. The book has a number of aims, including explaining how France and Europe perceive their international environment and analysing the impact of the main recent technological and regulatory innovations. Each contribution provides a reminder of the context, an analysis of a document and its central issue, and a perspective. In addition to a general presentation, this launch evening will be an opportunity for several of the book's authors to present their respective contributions. <\/em><\/p>\t\t\t\t\t\t\t\t<\/div>\n\t\t\t\t<\/div>\n\t\t\t\t\t<\/div>\n\t\t\t\t<\/div>\n\t\t<div data-particle_enable=\"false\" data-particle-mobile-disabled=\"false\" class=\"elementor-element elementor-element-26f1317 e-flex e-con-boxed e-con e-parent\" data-id=\"26f1317\" data-element_type=\"container\" data-e-type=\"container\">\n\t\t\t\t\t<div class=\"e-con-inner\">\n\t\t\t\t<div class=\"elementor-element elementor-element-705d3cb elementor-widget elementor-widget-text-editor\" data-id=\"705d3cb\" data-element_type=\"widget\" data-e-type=\"widget\" data-widget_type=\"text-editor.default\">\n\t\t\t\t<div class=\"elementor-widget-container\">\n\t\t\t\t\t\t\t\t\t<p style=\"text-align: left;\"><strong>Biographies :<\/strong><\/p><ul><li style=\"text-align: left;\"><strong>Lieutenant General Herv\u00e9 de Courr\u00e8ges<\/strong> is Director of the IHEDN and Higher Military Education. A Saint-Cyrien from the General Delestraint class (1988-1991), he chose to serve in the armoured cavalry. Promoted to General in 2018, he was appointed Deputy Commander of Land Forces Intelligence in Strasbourg. Then, in June 2020, he took command of the 27th mountain infantry brigade and the Grenoble-Annecy-Chamb\u00e9ry defence base. Promoted to Major General in 2021, he was appointed Commandant of the Saint-Cyr Co\u00ebtquidan Military Academy. A member of the Defence Ethics Committee, General de Courr\u00e8ges is an Officer of the Legion of Honour, Commander of the National Order of Merit and holder of the Military Valour Cross.<\/li><li style=\"text-align: left;\"><strong>Sylvie Bermann<\/strong> is a career diplomat and the first woman to be appointed French ambassador. After serving in Hong Kong, Beijing, Moscow, New York, the EU, the UN and as director of international organisations at the Quai d'Orsay, she was ambassador to Beijing (2011), London (2014) and Moscow (2017). She is currently Chair of the IHEDN Board of Directors and is the author of Goodbye Britannia. Le Royaume-Uni au d\u00e9fi du Brexit (Stock, 2021) and Madame l'Ambassadeur. De P\u00e9kin \u00e0 Moscou, une vie de diplomatie (Tallandier, 2022).<\/li><li style=\"text-align: left;\"><strong>Laurence Bindner<\/strong> is co-founder of the JOS Project, which analyses violent extremist propaganda and radical discourse. Her research focuses on the dynamics of propaganda dissemination and its rhetoric. She is an auditor at the IHEDN's 72nd national session on defence policy. Her articles are published in various think tanks in France and abroad.<\/li><li style=\"text-align: left;\"><strong>Colonel J\u00e9r\u00f4me Clech<\/strong> holds a doctorate in mechanics from the \u00c9cole polytechnique, an engineering degree from the \u00c9cole de l'air et de l'espace, and is a graduate of Sciences Po Paris, the \u00c9cole de guerre and the Acad\u00e9mie du renseignement. He is a pilot in the French Air and Space Force, in charge of the Applied Air and Space Strategies chair at the Centre for Strategic Aerospace Studies and a lecturer at Sciences Po Paris. He was involved in the work on the White Paper on Defence and National Security (2013) and the strengthening of European strategic autonomy in the office of the Minister of Defence (2016-2020). He is the author of La Prospective strat\u00e9gique, une nouvelle approche pour am\u00e9liorer la prise de d\u00e9cision (\u00c9ditions Hermann, 2023).<\/li><li style=\"text-align: left;\"><strong>Colin G\u00e9rard<\/strong> holds a doctorate from the French Institute of Geopolitics at the University of Paris-8, where he defended his thesis in 2023 on the Russian informational influence strategy targeting France. An associate researcher at the GEODE centre, he is now team leader in the Threat Analysis unit of the Vigilance and Protection against Foreign Digital Interference service (VIGINUM) attached to the General Secretariat for National Defence and Security (SGDSN).<\/li><li style=\"text-align: left;\"><strong>Sarah Mohamed-Gaillard<\/strong> is a lecturer in contemporary history at INALCO and a researcher at CESSMA UMR 245. Her work focuses on the history of France's relations with its territories in Oceania and on the regional and international issues in contemporary Oceania. Her publications include L'Archipel de la puissance ? La politique de la France dans le Pacifique Sud de 1946 \u00e0 la fin des ann\u00e9es 1990 (PIE-Peter Lang, 2021), a Histoire de l'Oc\u00e9anie de la fin du xviiie si\u00e8cle \u00e0 nos jours (Armand Colin, 2015) and an Atlas de l'Oc\u00e9anie, an updated version of which was published in 2021 (Autrement, 2021, in collaboration with Fabrice Argoun\u00e8s, M\u00e9lanie Marie and Luc Vacher).<\/li><\/ul>\t\t\t\t\t\t\t\t<\/div>\n\t\t\t\t<\/div>\n\t\t\t\t\t<\/div>\n\t\t\t\t<\/div>\n\t\t<div data-particle_enable=\"false\" data-particle-mobile-disabled=\"false\" class=\"elementor-element elementor-element-f17666f e-flex e-con-boxed e-con e-parent\" data-id=\"f17666f\" data-element_type=\"container\" data-e-type=\"container\">\n\t\t\t\t\t<div class=\"e-con-inner\">\n\t\t\t\t<div class=\"elementor-element elementor-element-76cf21a elementor-widget elementor-widget-text-editor\" data-id=\"76cf21a\" data-element_type=\"widget\" data-e-type=\"widget\" data-widget_type=\"text-editor.default\">\n\t\t\t\t<div class=\"elementor-widget-container\">\n\t\t\t\t\t\t\t\t\t<p style=\"text-align: left;\"><strong>A replay of the launch event is available on our Youtube channel:<\/strong><\/p>\t\t\t\t\t\t\t\t<\/div>\n\t\t\t\t<\/div>\n\t\t\t\t<div class=\"elementor-element elementor-element-447de41 elementor-widget elementor-widget-video\" data-id=\"447de41\" data-element_type=\"widget\" data-e-type=\"widget\" data-settings=\"{&quot;youtube_url&quot;:&quot;https:\\\/\\\/www.youtube.com\\\/watch?v=fsbWAAu6lEQ&amp;t=3991s&amp;ab_channel=IHEDN&quot;,&quot;video_type&quot;:&quot;youtube&quot;,&quot;controls&quot;:&quot;yes&quot;}\" data-widget_type=\"video.default\">\n\t\t\t\t<div class=\"elementor-widget-container\">\n\t\t\t\t\t\t\t<div class=\"elementor-wrapper elementor-open-inline\">\n\t\t\t<div class=\"elementor-video\"><\/div>\t\t<\/div>\n\t\t\t\t\t\t<\/div>\n\t\t\t\t<\/div>\n\t\t\t\t\t<\/div>\n\t\t\t\t<\/div>\n\t\t\t\t<\/div>","protected":false},"excerpt":{"rendered":"<p><span style=\"color: #c80a23;\"><strong> 4 November 2024 | 18h00<\/strong><\/span> at the \u00c9cole militaire<\/p>","protected":false},"author":12,"featured_media":51103,"comment_status":"closed","ping_status":"closed","sticky":false,"template":"","format":"standard","meta":{"footnotes":""},"categories":[42],"tags":[269,247,249],"class_list":["post-51102","post","type-post","status-publish","format-standard","has-post-thumbnail","hentry","category-les-debats-strategiques","tag-adn","tag-debat-strategique","tag-ancien-debat-strategique"],"yoast_head":"<!-- This site is optimized with the Yoast SEO plugin v27.5 - https:\/\/yoast.com\/product\/yoast-seo-wordpress\/ -->\n<title>L&#039;Ann\u00e9e de la D\u00e9fense Nationale 2025 - L&#039;IHEDN : Institut des hautes \u00e9tudes de d\u00e9fense nationale<\/title>\n<meta name=\"description\" content=\"L&#039;Ann\u00e9e de la D\u00e9fense Nationale est de retour. Le lancement se fera le 4 novembre 2024 \u00e0 18h00 \u00e0 l&#039;\u00c9cole militaire, Paris.\" \/>\n<meta name=\"robots\" content=\"index, follow, max-snippet:-1, max-image-preview:large, max-video-preview:-1\" \/>\n<link rel=\"canonical\" href=\"https:\/\/ihedn.fr\/en\/les-debats-strategiques\/lannee-de-la-defense-nationale-2025\/\" \/>\n<meta property=\"og:locale\" content=\"en_GB\" \/>\n<meta property=\"og:type\" content=\"article\" \/>\n<meta property=\"og:title\" content=\"L&#039;Ann\u00e9e de la D\u00e9fense Nationale 2025\" \/>\n<meta property=\"og:description\" content=\"L&#039;Ann\u00e9e de la D\u00e9fense Nationale est de retour. Le lancement se fera le 4 novembre 2024 \u00e0 18h00 \u00e0 l&#039;\u00c9cole militaire, Paris.\" \/>\n<meta property=\"og:url\" content=\"https:\/\/ihedn.fr\/en\/les-debats-strategiques\/lannee-de-la-defense-nationale-2025\/\" \/>\n<meta property=\"og:site_name\" content=\"L&#039;IHEDN : Institut des hautes \u00e9tudes de d\u00e9fense nationale\" \/>\n<meta property=\"article:publisher\" content=\"https:\/\/www.facebook.com\/ihedn\/\" \/>\n<meta property=\"article:published_time\" content=\"2024-10-15T12:42:23+00:00\" \/>\n<meta property=\"article:modified_time\" content=\"2025-10-16T09:04:36+00:00\" \/>\n<meta property=\"og:image\" content=\"https:\/\/ihedn.fr\/wp-content\/uploads\/2024\/10\/ADN2025_LANCEMENT.jpg\" \/>\n\t<meta property=\"og:image:width\" content=\"1920\" \/>\n\t<meta property=\"og:image:height\" content=\"1080\" \/>\n\t<meta property=\"og:image:type\" content=\"image\/jpeg\" \/>\n<meta name=\"author\" content=\"Ad\u00e8le Thoumieux\" \/>\n<meta name=\"twitter:card\" content=\"summary_large_image\" \/>\n<meta name=\"twitter:title\" content=\"L&#039;Ann\u00e9e de la D\u00e9fense Nationale 2025\" \/>\n<meta name=\"twitter:description\" content=\"L&#039;Ann\u00e9e de la D\u00e9fense Nationale est de retour. Le lancement se fera le 4 novembre 2024 \u00e0 18h00 \u00e0 l&#039;\u00c9cole militaire, Paris.\" \/>\n<meta name=\"twitter:image\" content=\"https:\/\/ihedn.fr\/wp-content\/uploads\/2024\/10\/ADN2025_LANCEMENT.jpg\" \/>\n<meta name=\"twitter:creator\" content=\"@IHEDN\" \/>\n<meta name=\"twitter:site\" content=\"@IHEDN\" \/>\n<meta name=\"twitter:label1\" content=\"Written by\" \/>\n\t<meta name=\"twitter:data1\" content=\"Ad\u00e8le Thoumieux\" \/>\n\t<meta name=\"twitter:label2\" content=\"Estimated reading time\" \/>\n\t<meta name=\"twitter:data2\" content=\"4 minutes\" \/>\n<script type=\"application\/ld+json\" class=\"yoast-schema-graph\">{\"@context\":\"https:\\\/\\\/schema.org\",\"@graph\":[{\"@type\":\"Article\",\"@id\":\"https:\\\/\\\/ihedn.fr\\\/les-debats-strategiques\\\/lannee-de-la-defense-nationale-2025\\\/#article\",\"isPartOf\":{\"@id\":\"https:\\\/\\\/ihedn.fr\\\/les-debats-strategiques\\\/lannee-de-la-defense-nationale-2025\\\/\"},\"author\":{\"name\":\"Ad\u00e8le Thoumieux\",\"@id\":\"https:\\\/\\\/ihedn.fr\\\/#\\\/schema\\\/person\\\/16d49c2bd0121499ea9b9023ce89826c\"},\"headline\":\"L&rsquo;Ann\u00e9e de la D\u00e9fense Nationale 2025\",\"datePublished\":\"2024-10-15T12:42:23+00:00\",\"dateModified\":\"2025-10-16T09:04:36+00:00\",\"mainEntityOfPage\":{\"@id\":\"https:\\\/\\\/ihedn.fr\\\/les-debats-strategiques\\\/lannee-de-la-defense-nationale-2025\\\/\"},\"wordCount\":861,\"publisher\":{\"@id\":\"https:\\\/\\\/ihedn.fr\\\/#organization\"},\"image\":{\"@id\":\"https:\\\/\\\/ihedn.fr\\\/les-debats-strategiques\\\/lannee-de-la-defense-nationale-2025\\\/#primaryimage\"},\"thumbnailUrl\":\"https:\\\/\\\/ihedn.fr\\\/wp-content\\\/uploads\\\/2024\\\/10\\\/ADN2025_LANCEMENT.jpg\",\"keywords\":[\"ADN\",\"d\u00e9bat-strat\u00e9gique\",\"pr\u00e9c\u00e9dent-d\u00e9bat-strat\u00e9gique\"],\"articleSection\":[\"Les d\u00e9bats strat\u00e9giques\"],\"inLanguage\":\"en-GB\"},{\"@type\":\"WebPage\",\"@id\":\"https:\\\/\\\/ihedn.fr\\\/les-debats-strategiques\\\/lannee-de-la-defense-nationale-2025\\\/\",\"url\":\"https:\\\/\\\/ihedn.fr\\\/les-debats-strategiques\\\/lannee-de-la-defense-nationale-2025\\\/\",\"name\":\"L'Ann\u00e9e de la D\u00e9fense Nationale 2025 - L&#039;IHEDN : Institut des hautes \u00e9tudes de d\u00e9fense nationale\",\"isPartOf\":{\"@id\":\"https:\\\/\\\/ihedn.fr\\\/#website\"},\"primaryImageOfPage\":{\"@id\":\"https:\\\/\\\/ihedn.fr\\\/les-debats-strategiques\\\/lannee-de-la-defense-nationale-2025\\\/#primaryimage\"},\"image\":{\"@id\":\"https:\\\/\\\/ihedn.fr\\\/les-debats-strategiques\\\/lannee-de-la-defense-nationale-2025\\\/#primaryimage\"},\"thumbnailUrl\":\"https:\\\/\\\/ihedn.fr\\\/wp-content\\\/uploads\\\/2024\\\/10\\\/ADN2025_LANCEMENT.jpg\",\"datePublished\":\"2024-10-15T12:42:23+00:00\",\"dateModified\":\"2025-10-16T09:04:36+00:00\",\"description\":\"L'Ann\u00e9e de la D\u00e9fense Nationale est de retour. Le lancement se fera le 4 novembre 2024 \u00e0 18h00 \u00e0 l'\u00c9cole militaire, Paris.\",\"breadcrumb\":{\"@id\":\"https:\\\/\\\/ihedn.fr\\\/les-debats-strategiques\\\/lannee-de-la-defense-nationale-2025\\\/#breadcrumb\"},\"inLanguage\":\"en-GB\",\"potentialAction\":[{\"@type\":\"ReadAction\",\"target\":[\"https:\\\/\\\/ihedn.fr\\\/les-debats-strategiques\\\/lannee-de-la-defense-nationale-2025\\\/\"]}]},{\"@type\":\"ImageObject\",\"inLanguage\":\"en-GB\",\"@id\":\"https:\\\/\\\/ihedn.fr\\\/les-debats-strategiques\\\/lannee-de-la-defense-nationale-2025\\\/#primaryimage\",\"url\":\"https:\\\/\\\/ihedn.fr\\\/wp-content\\\/uploads\\\/2024\\\/10\\\/ADN2025_LANCEMENT.jpg\",\"contentUrl\":\"https:\\\/\\\/ihedn.fr\\\/wp-content\\\/uploads\\\/2024\\\/10\\\/ADN2025_LANCEMENT.jpg\",\"width\":1920,\"height\":1080},{\"@type\":\"BreadcrumbList\",\"@id\":\"https:\\\/\\\/ihedn.fr\\\/les-debats-strategiques\\\/lannee-de-la-defense-nationale-2025\\\/#breadcrumb\",\"itemListElement\":[{\"@type\":\"ListItem\",\"position\":1,\"name\":\"Accueil\",\"item\":\"https:\\\/\\\/ihedn.fr\\\/\"},{\"@type\":\"ListItem\",\"position\":2,\"name\":\"L&rsquo;Ann\u00e9e de la D\u00e9fense Nationale 2025\"}]},{\"@type\":\"WebSite\",\"@id\":\"https:\\\/\\\/ihedn.fr\\\/#website\",\"url\":\"https:\\\/\\\/ihedn.fr\\\/\",\"name\":\"IHEDN : Institut des hautes \u00e9tudes de d\u00e9fense nationale |\",\"description\":\"Site officiel de l&#039;IHEDN plac\u00e9 sous la tutelle du Premier ministre.\",\"publisher\":{\"@id\":\"https:\\\/\\\/ihedn.fr\\\/#organization\"},\"potentialAction\":[{\"@type\":\"SearchAction\",\"target\":{\"@type\":\"EntryPoint\",\"urlTemplate\":\"https:\\\/\\\/ihedn.fr\\\/?s={search_term_string}\"},\"query-input\":{\"@type\":\"PropertyValueSpecification\",\"valueRequired\":true,\"valueName\":\"search_term_string\"}}],\"inLanguage\":\"en-GB\"},{\"@type\":\"Organization\",\"@id\":\"https:\\\/\\\/ihedn.fr\\\/#organization\",\"name\":\"IHEDN - Institut des Hautes Etudes de D\u00e9fense Nationale\",\"url\":\"https:\\\/\\\/ihedn.fr\\\/\",\"logo\":{\"@type\":\"ImageObject\",\"inLanguage\":\"en-GB\",\"@id\":\"https:\\\/\\\/ihedn.fr\\\/#\\\/schema\\\/logo\\\/image\\\/\",\"url\":\"https:\\\/\\\/ihedn.fr\\\/wp-content\\\/uploads\\\/2020\\\/11\\\/BLOC_RF_IHEDN_WEB.png\",\"contentUrl\":\"https:\\\/\\\/ihedn.fr\\\/wp-content\\\/uploads\\\/2020\\\/11\\\/BLOC_RF_IHEDN_WEB.png\",\"width\":500,\"height\":237,\"caption\":\"IHEDN - Institut des Hautes Etudes de D\u00e9fense Nationale\"},\"image\":{\"@id\":\"https:\\\/\\\/ihedn.fr\\\/#\\\/schema\\\/logo\\\/image\\\/\"},\"sameAs\":[\"https:\\\/\\\/www.facebook.com\\\/ihedn\\\/\",\"https:\\\/\\\/x.com\\\/IHEDN\",\"https:\\\/\\\/www.instagram.com\\\/ihedn\\\/\",\"https:\\\/\\\/www.linkedin.com\\\/school\\\/ihedn\\\/\",\"https:\\\/\\\/fr.wikipedia.org\\\/wiki\\\/Institut_des_hautes_\u00e9tudes_de_D\u00e9fense_nationale\"]},{\"@type\":\"Person\",\"@id\":\"https:\\\/\\\/ihedn.fr\\\/#\\\/schema\\\/person\\\/16d49c2bd0121499ea9b9023ce89826c\",\"name\":\"Ad\u00e8le Thoumieux\",\"image\":{\"@type\":\"ImageObject\",\"inLanguage\":\"en-GB\",\"@id\":\"https:\\\/\\\/secure.gravatar.com\\\/avatar\\\/64fc58d14679bdd185946349bcb229b06e37d30d6290c2bec15f1daa8f8e0ece?s=96&d=mm&r=g\",\"url\":\"https:\\\/\\\/secure.gravatar.com\\\/avatar\\\/64fc58d14679bdd185946349bcb229b06e37d30d6290c2bec15f1daa8f8e0ece?s=96&d=mm&r=g\",\"contentUrl\":\"https:\\\/\\\/secure.gravatar.com\\\/avatar\\\/64fc58d14679bdd185946349bcb229b06e37d30d6290c2bec15f1daa8f8e0ece?s=96&d=mm&r=g\",\"caption\":\"Ad\u00e8le Thoumieux\"},\"sameAs\":[\"http:\\\/\\\/ihedn.fr\"],\"url\":\"https:\\\/\\\/ihedn.fr\\\/en\\\/author\\\/thoumieux\\\/\"}]}<\/script>\n<!-- \/ Yoast SEO plugin. -->","yoast_head_json":{"title":"The Year of National Defence 2025 - IHEDN: Institut des hautes \u00e9tudes de d\u00e9fense nationale (Institute for Advanced National Defence Studies)","description":"National Defence Year is back. It will be launched on 4 November 2024 at 6pm at the \u00c9cole Militaire, Paris.","robots":{"index":"index","follow":"follow","max-snippet":"max-snippet:-1","max-image-preview":"max-image-preview:large","max-video-preview":"max-video-preview:-1"},"canonical":"https:\/\/ihedn.fr\/en\/les-debats-strategiques\/lannee-de-la-defense-nationale-2025\/","og_locale":"en_GB","og_type":"article","og_title":"L'Ann\u00e9e de la D\u00e9fense Nationale 2025","og_description":"L'Ann\u00e9e de la D\u00e9fense Nationale est de retour. Le lancement se fera le 4 novembre 2024 \u00e0 18h00 \u00e0 l'\u00c9cole militaire, Paris.","og_url":"https:\/\/ihedn.fr\/en\/les-debats-strategiques\/lannee-de-la-defense-nationale-2025\/","og_site_name":"L&#039;IHEDN : Institut des hautes \u00e9tudes de d\u00e9fense nationale","article_publisher":"https:\/\/www.facebook.com\/ihedn\/","article_published_time":"2024-10-15T12:42:23+00:00","article_modified_time":"2025-10-16T09:04:36+00:00","og_image":[{"width":1920,"height":1080,"url":"https:\/\/ihedn.fr\/wp-content\/uploads\/2024\/10\/ADN2025_LANCEMENT.jpg","type":"image\/jpeg"}],"author":"Ad\u00e8le Thoumieux","twitter_card":"summary_large_image","twitter_title":"L'Ann\u00e9e de la D\u00e9fense Nationale 2025","twitter_description":"L'Ann\u00e9e de la D\u00e9fense Nationale est de retour. Le lancement se fera le 4 novembre 2024 \u00e0 18h00 \u00e0 l'\u00c9cole militaire, Paris.","twitter_image":"https:\/\/ihedn.fr\/wp-content\/uploads\/2024\/10\/ADN2025_LANCEMENT.jpg","twitter_creator":"@IHEDN","twitter_site":"@IHEDN","twitter_misc":{"Written by":"Ad\u00e8le Thoumieux","Estimated reading time":"4 minutes"},"schema":{"@context":"https:\/\/schema.org","@graph":[{"@type":"Article","@id":"https:\/\/ihedn.fr\/les-debats-strategiques\/lannee-de-la-defense-nationale-2025\/#article","isPartOf":{"@id":"https:\/\/ihedn.fr\/les-debats-strategiques\/lannee-de-la-defense-nationale-2025\/"},"author":{"name":"Ad\u00e8le Thoumieux","@id":"https:\/\/ihedn.fr\/#\/schema\/person\/16d49c2bd0121499ea9b9023ce89826c"},"headline":"L&rsquo;Ann\u00e9e de la D\u00e9fense Nationale 2025","datePublished":"2024-10-15T12:42:23+00:00","dateModified":"2025-10-16T09:04:36+00:00","mainEntityOfPage":{"@id":"https:\/\/ihedn.fr\/les-debats-strategiques\/lannee-de-la-defense-nationale-2025\/"},"wordCount":861,"publisher":{"@id":"https:\/\/ihedn.fr\/#organization"},"image":{"@id":"https:\/\/ihedn.fr\/les-debats-strategiques\/lannee-de-la-defense-nationale-2025\/#primaryimage"},"thumbnailUrl":"https:\/\/ihedn.fr\/wp-content\/uploads\/2024\/10\/ADN2025_LANCEMENT.jpg","keywords":["ADN","d\u00e9bat-strat\u00e9gique","pr\u00e9c\u00e9dent-d\u00e9bat-strat\u00e9gique"],"articleSection":["Les d\u00e9bats strat\u00e9giques"],"inLanguage":"en-GB"},{"@type":"WebPage","@id":"https:\/\/ihedn.fr\/les-debats-strategiques\/lannee-de-la-defense-nationale-2025\/","url":"https:\/\/ihedn.fr\/les-debats-strategiques\/lannee-de-la-defense-nationale-2025\/","name":"The Year of National Defence 2025 - IHEDN: Institut des hautes \u00e9tudes de d\u00e9fense nationale (Institute for Advanced National Defence Studies)","isPartOf":{"@id":"https:\/\/ihedn.fr\/#website"},"primaryImageOfPage":{"@id":"https:\/\/ihedn.fr\/les-debats-strategiques\/lannee-de-la-defense-nationale-2025\/#primaryimage"},"image":{"@id":"https:\/\/ihedn.fr\/les-debats-strategiques\/lannee-de-la-defense-nationale-2025\/#primaryimage"},"thumbnailUrl":"https:\/\/ihedn.fr\/wp-content\/uploads\/2024\/10\/ADN2025_LANCEMENT.jpg","datePublished":"2024-10-15T12:42:23+00:00","dateModified":"2025-10-16T09:04:36+00:00","description":"National Defence Year is back. It will be launched on 4 November 2024 at 6pm at the \u00c9cole Militaire, Paris.","breadcrumb":{"@id":"https:\/\/ihedn.fr\/les-debats-strategiques\/lannee-de-la-defense-nationale-2025\/#breadcrumb"},"inLanguage":"en-GB","potentialAction":[{"@type":"ReadAction","target":["https:\/\/ihedn.fr\/les-debats-strategiques\/lannee-de-la-defense-nationale-2025\/"]}]},{"@type":"ImageObject","inLanguage":"en-GB","@id":"https:\/\/ihedn.fr\/les-debats-strategiques\/lannee-de-la-defense-nationale-2025\/#primaryimage","url":"https:\/\/ihedn.fr\/wp-content\/uploads\/2024\/10\/ADN2025_LANCEMENT.jpg","contentUrl":"https:\/\/ihedn.fr\/wp-content\/uploads\/2024\/10\/ADN2025_LANCEMENT.jpg","width":1920,"height":1080},{"@type":"BreadcrumbList","@id":"https:\/\/ihedn.fr\/les-debats-strategiques\/lannee-de-la-defense-nationale-2025\/#breadcrumb","itemListElement":[{"@type":"ListItem","position":1,"name":"Accueil","item":"https:\/\/ihedn.fr\/"},{"@type":"ListItem","position":2,"name":"L&rsquo;Ann\u00e9e de la D\u00e9fense Nationale 2025"}]},{"@type":"WebSite","@id":"https:\/\/ihedn.fr\/#website","url":"https:\/\/ihedn.fr\/","name":"IHEDN: Institut des hautes \u00e9tudes de d\u00e9fense nationale (Institute for Higher National Defence Studies)","description":"Official website of the IHEDN under the supervision of the Prime Minister.","publisher":{"@id":"https:\/\/ihedn.fr\/#organization"},"potentialAction":[{"@type":"SearchAction","target":{"@type":"EntryPoint","urlTemplate":"https:\/\/ihedn.fr\/?s={search_term_string}"},"query-input":{"@type":"PropertyValueSpecification","valueRequired":true,"valueName":"search_term_string"}}],"inLanguage":"en-GB"},{"@type":"Organization","@id":"https:\/\/ihedn.fr\/#organization","name":"IHEDN - Institute for Higher National Defence Studies","url":"https:\/\/ihedn.fr\/","logo":{"@type":"ImageObject","inLanguage":"en-GB","@id":"https:\/\/ihedn.fr\/#\/schema\/logo\/image\/","url":"https:\/\/ihedn.fr\/wp-content\/uploads\/2020\/11\/BLOC_RF_IHEDN_WEB.png","contentUrl":"https:\/\/ihedn.fr\/wp-content\/uploads\/2020\/11\/BLOC_RF_IHEDN_WEB.png","width":500,"height":237,"caption":"IHEDN - Institut des Hautes Etudes de D\u00e9fense Nationale"},"image":{"@id":"https:\/\/ihedn.fr\/#\/schema\/logo\/image\/"},"sameAs":["https:\/\/www.facebook.com\/ihedn\/","https:\/\/x.com\/IHEDN","https:\/\/www.instagram.com\/ihedn\/","https:\/\/www.linkedin.com\/school\/ihedn\/","https:\/\/fr.wikipedia.org\/wiki\/Institut_des_hautes_\u00e9tudes_de_D\u00e9fense_nationale"]},{"@type":"Person","@id":"https:\/\/ihedn.fr\/#\/schema\/person\/16d49c2bd0121499ea9b9023ce89826c","name":"Ad\u00e8le Thoumieux","image":{"@type":"ImageObject","inLanguage":"en-GB","@id":"https:\/\/secure.gravatar.com\/avatar\/64fc58d14679bdd185946349bcb229b06e37d30d6290c2bec15f1daa8f8e0ece?s=96&d=mm&r=g","url":"https:\/\/secure.gravatar.com\/avatar\/64fc58d14679bdd185946349bcb229b06e37d30d6290c2bec15f1daa8f8e0ece?s=96&d=mm&r=g","contentUrl":"https:\/\/secure.gravatar.com\/avatar\/64fc58d14679bdd185946349bcb229b06e37d30d6290c2bec15f1daa8f8e0ece?s=96&d=mm&r=g","caption":"Ad\u00e8le Thoumieux"},"sameAs":["http:\/\/ihedn.fr"],"url":"https:\/\/ihedn.fr\/en\/author\/thoumieux\/"}]}},"publishpress_future_action":{"enabled":false,"date":"2026-05-06 12:06:31","action":"change-status","newStatus":"draft","terms":[],"taxonomy":"category","extraData":[]},"publishpress_future_workflow_manual_trigger":{"enabledWorkflows":[]},"_links":{"self":[{"href":"https:\/\/ihedn.fr\/en\/wp-json\/wp\/v2\/posts\/51102","targetHints":{"allow":["GET"]}}],"collection":[{"href":"https:\/\/ihedn.fr\/en\/wp-json\/wp\/v2\/posts"}],"about":[{"href":"https:\/\/ihedn.fr\/en\/wp-json\/wp\/v2\/types\/post"}],"author":[{"embeddable":true,"href":"https:\/\/ihedn.fr\/en\/wp-json\/wp\/v2\/users\/12"}],"replies":[{"embeddable":true,"href":"https:\/\/ihedn.fr\/en\/wp-json\/wp\/v2\/comments?post=51102"}],"version-history":[{"count":22,"href":"https:\/\/ihedn.fr\/en\/wp-json\/wp\/v2\/posts\/51102\/revisions"}],"predecessor-version":[{"id":53616,"href":"https:\/\/ihedn.fr\/en\/wp-json\/wp\/v2\/posts\/51102\/revisions\/53616"}],"wp:featuredmedia":[{"embeddable":true,"href":"https:\/\/ihedn.fr\/en\/wp-json\/wp\/v2\/media\/51103"}],"wp:attachment":[{"href":"https:\/\/ihedn.fr\/en\/wp-json\/wp\/v2\/media?parent=51102"}],"wp:term":[{"taxonomy":"category","embeddable":true,"href":"https:\/\/ihedn.fr\/en\/wp-json\/wp\/v2\/categories?post=51102"},{"taxonomy":"post_tag","embeddable":true,"href":"https:\/\/ihedn.fr\/en\/wp-json\/wp\/v2\/tags?post=51102"}],"curies":[{"name":"wp","href":"https:\/\/api.w.org\/{rel}","templated":true}]}}