{"id":51163,"date":"2024-10-22T15:11:40","date_gmt":"2024-10-22T14:11:40","guid":{"rendered":"https:\/\/ihedn.fr\/?p=51163"},"modified":"2024-10-22T15:37:42","modified_gmt":"2024-10-22T14:37:42","slug":"cloture-a-marseille-de-la-239supe-sup-session-en-region-provence-alpes-cote-dazur","status":"publish","type":"post","link":"https:\/\/ihedn.fr\/en\/notre-actualite\/cloture-a-marseille-de-la-239supe-sup-session-en-region-provence-alpes-cote-dazur\/","title":{"rendered":"Closing of the 239<sup>e<\/sup> session in the Provence-Alpes-C\u00f4te d'Azur region"},"content":{"rendered":"<div data-elementor-type=\"wp-post\" data-elementor-id=\"51163\" class=\"elementor elementor-51163\" data-elementor-post-type=\"post\">\n\t\t\t\t<div data-particle_enable=\"false\" data-particle-mobile-disabled=\"false\" class=\"elementor-element elementor-element-93a82e0 e-con-full e-flex e-con e-parent\" data-id=\"93a82e0\" data-element_type=\"container\" data-e-type=\"container\">\n\t\t\t\t<div class=\"elementor-element elementor-element-35c1a29 elementor-widget elementor-widget-text-editor\" data-id=\"35c1a29\" data-element_type=\"widget\" data-e-type=\"widget\" data-widget_type=\"text-editor.default\">\n\t\t\t\t<div class=\"elementor-widget-container\">\n\t\t\t\t\t\t\t\t\t<p style=\"text-align: left;\">After a short break in their course, the auditors from the 239th session in the Provence-Alpes-C\u00f4te d'Azur region met up again in Toulon for a third week of training on the theme of \"Cooperation and international conflicts\". The week included visits to Orange Marine, CNIM Syst\u00e8mes Industriels, the Atelier Industriel de l'A\u00e9ronautique and the Toulon naval base. Lectures focused on current geopolitical events around the world, with a particular focus on strategic reconfigurations in the Middle East, transatlantic relations, the situation in Ukraine and the military programming law, ending with a presentation of the French Navy.<\/p><p style=\"text-align: left;\">The fourth and final week of the session, in Marseille, was then devoted to crisis management and risk prevention, with several conferences highlighting local national security issues. The Prefect of Police for the Bouches-du-Rh\u00f4ne d\u00e9partement, Pierre-Edouard Colliex, gave an insight into the new security challenges facing the department, after presenting the lessons learned from the organisation of the Olympic Games in the city. Chlo\u00e9 Debi\u00e8ve, in charge of the Influence and Information Countermeasures domain at the Joint Concepts, Doctrines and Experiments Centre of the Armed Forces General Staff (CICDE-EMA), gave an overview of the action taken by the French services in the fight against information manipulation.<\/p><p style=\"text-align: left;\">The programme of visits began with a visit to the Memorial to the Deportations in Marseilles, a journey through history that served as a reminder of the importance of remembrance in understanding contemporary defence and security issues. The audience then visited the \u00c9cole Nationale Sup\u00e9rieure Maritime, where an overview of training programmes for the younger generation provided an opportunity to explore the challenges and opportunities of the maritime sector, before a visit to the carrier CMA-CGM to find out what goes on behind the scenes.<\/p>\t\t\t\t\t\t\t\t<\/div>\n\t\t\t\t<\/div>\n\t\t\t\t<div class=\"elementor-element elementor-element-021868b elementor-widget elementor-widget-heading\" data-id=\"021868b\" data-element_type=\"widget\" data-e-type=\"widget\" data-widget_type=\"heading.default\">\n\t\t\t\t<div class=\"elementor-widget-container\">\n\t\t\t\t\t<h2 class=\"elementor-heading-title elementor-size-default\">THE PROFESSIONALISM OF THE MARINE FIRE BRIGADE<\/h2>\t\t\t\t<\/div>\n\t\t\t\t<\/div>\n\t\t\t\t<div class=\"elementor-element elementor-element-7f38ba6 elementor-widget-divider--view-line elementor-widget elementor-widget-divider\" data-id=\"7f38ba6\" data-element_type=\"widget\" data-e-type=\"widget\" data-widget_type=\"divider.default\">\n\t\t\t\t<div class=\"elementor-widget-container\">\n\t\t\t\t\t\t\t<div class=\"elementor-divider\">\n\t\t\t<span class=\"elementor-divider-separator\">\n\t\t\t\t\t\t<\/span>\n\t\t<\/div>\n\t\t\t\t\t\t<\/div>\n\t\t\t\t<\/div>\n\t\t\t\t<div class=\"elementor-element elementor-element-e7d70b4 elementor-widget elementor-widget-text-editor\" data-id=\"e7d70b4\" data-element_type=\"widget\" data-e-type=\"widget\" data-widget_type=\"text-editor.default\">\n\t\t\t\t<div class=\"elementor-widget-container\">\n\t\t\t\t\t\t\t\t\t<p style=\"text-align: left;\">The programme continued with a presentation of the action and intervention capabilities of Marseille's marine fire brigade. This multi-purpose military corps, essential to the city's safety, demonstrated its professionalism through a concise demonstration of its equipment and intervention methods. The highlight of the week was the inspiring testimony of former footballer Florent Malouda, who shared his commitment to the Foreign Legion Reserve, underlining the values of solidarity and dedication that drive him.<\/p><p style=\"text-align: left;\">Another highlight was the presentation of the annual work of the 09 Provence regional association of IHEDN auditors. The event, attended by the Director of IHEDN, Lieutenant General Herv\u00e9 de Courr\u00e8ges, and the Head of the Regional and Specialised Activities Department, Sub-Prefect Jean-Michel Delvert, provided an opportunity to take stock of the ideas and projects developed over the year by the regional auditors. This event strengthened the cohesion of the participants around regional defence issues and helped to illustrate the possibilities for involvement offered to auditors after the end of a session.<\/p><p style=\"text-align: left;\">The week ended on a high note on Friday 18 October at the Ch\u00e2teau Saint-Victor, the residence of the military governor of Marseille. The auditors were officially integrated into the IHEDN community at a solemn ceremony presided over by General de Courr\u00e8ges, accompanied by the General Officer of the Southern Defence and Security Zone, Lieutenant General Thierry Laval, and the Prefect of the PACA region, Christophe Mirmand. This reception marked the end of an intense session, crowned with success and the sharing of valuable experiences.<\/p>\t\t\t\t\t\t\t\t<\/div>\n\t\t\t\t<\/div>\n\t\t\t\t<div class=\"elementor-element elementor-element-3ae128e elementor-widget elementor-widget-gallery\" data-id=\"3ae128e\" data-element_type=\"widget\" data-e-type=\"widget\" data-settings=\"{&quot;gallery_layout&quot;:&quot;justified&quot;,&quot;ideal_row_height_tablet&quot;:{&quot;unit&quot;:&quot;px&quot;,&quot;size&quot;:300,&quot;sizes&quot;:[]},&quot;ideal_row_height_mobile&quot;:{&quot;unit&quot;:&quot;px&quot;,&quot;size&quot;:500,&quot;sizes&quot;:[]},&quot;lazyload&quot;:&quot;yes&quot;,&quot;ideal_row_height&quot;:{&quot;unit&quot;:&quot;px&quot;,&quot;size&quot;:200,&quot;sizes&quot;:[]},&quot;gap&quot;:{&quot;unit&quot;:&quot;px&quot;,&quot;size&quot;:10,&quot;sizes&quot;:[]},&quot;gap_tablet&quot;:{&quot;unit&quot;:&quot;px&quot;,&quot;size&quot;:10,&quot;sizes&quot;:[]},&quot;gap_mobile&quot;:{&quot;unit&quot;:&quot;px&quot;,&quot;size&quot;:10,&quot;sizes&quot;:[]},&quot;link_to&quot;:&quot;file&quot;,&quot;overlay_background&quot;:&quot;yes&quot;,&quot;content_hover_animation&quot;:&quot;fade-in&quot;}\" data-widget_type=\"gallery.default\">\n\t\t\t\t<div class=\"elementor-widget-container\">\n\t\t\t\t\t\t\t<div class=\"elementor-gallery__container\">\n\t\t\t\t\t\t\t<a class=\"e-gallery-item elementor-gallery-item elementor-animated-content\" href=\"https:\/\/ihedn.fr\/wp-content\/uploads\/2024\/10\/IMG_1501.jpg\" data-elementor-open-lightbox=\"yes\" data-elementor-lightbox-slideshow=\"3ae128e\" data-e-action-hash=\"#elementor-action%3Aaction%3Dlightbox%26settings%3DeyJpZCI6NTExNzAsInVybCI6Imh0dHBzOlwvXC9paGVkbi5mclwvd3AtY29udGVudFwvdXBsb2Fkc1wvMjAyNFwvMTBcL0lNR18xNTAxLmpwZyIsInNsaWRlc2hvdyI6IjNhZTEyOGUifQ%3D%3D\">\n\t\t\t\t\t<div class=\"e-gallery-image elementor-gallery-item__image\" data-thumbnail=\"https:\/\/ihedn.fr\/wp-content\/uploads\/2024\/10\/IMG_1501.jpg\" data-width=\"\" data-height=\"\" aria-label=\"\" role=\"img\" ><\/div>\n\t\t\t\t\t\t\t\t\t\t\t<div class=\"elementor-gallery-item__overlay\"><\/div>\n\t\t\t\t\t\t\t\t\t\t\t\t\t\t<\/a>\n\t\t\t\t\t\t\t<a class=\"e-gallery-item elementor-gallery-item elementor-animated-content\" href=\"https:\/\/ihedn.fr\/wp-content\/uploads\/2024\/10\/IMG_1490.jpg\" data-elementor-open-lightbox=\"yes\" data-elementor-lightbox-slideshow=\"3ae128e\" data-e-action-hash=\"#elementor-action%3Aaction%3Dlightbox%26settings%3DeyJpZCI6NTExNjksInVybCI6Imh0dHBzOlwvXC9paGVkbi5mclwvd3AtY29udGVudFwvdXBsb2Fkc1wvMjAyNFwvMTBcL0lNR18xNDkwLmpwZyIsInNsaWRlc2hvdyI6IjNhZTEyOGUifQ%3D%3D\">\n\t\t\t\t\t<div class=\"e-gallery-image elementor-gallery-item__image\" data-thumbnail=\"https:\/\/ihedn.fr\/wp-content\/uploads\/2024\/10\/IMG_1490.jpg\" data-width=\"\" data-height=\"\" aria-label=\"\" role=\"img\" ><\/div>\n\t\t\t\t\t\t\t\t\t\t\t<div class=\"elementor-gallery-item__overlay\"><\/div>\n\t\t\t\t\t\t\t\t\t\t\t\t\t\t<\/a>\n\t\t\t\t\t\t\t<a class=\"e-gallery-item elementor-gallery-item elementor-animated-content\" href=\"https:\/\/ihedn.fr\/wp-content\/uploads\/2024\/10\/IMG_1445.jpg\" data-elementor-open-lightbox=\"yes\" data-elementor-lightbox-slideshow=\"3ae128e\" data-e-action-hash=\"#elementor-action%3Aaction%3Dlightbox%26settings%3DeyJpZCI6NTExNjgsInVybCI6Imh0dHBzOlwvXC9paGVkbi5mclwvd3AtY29udGVudFwvdXBsb2Fkc1wvMjAyNFwvMTBcL0lNR18xNDQ1LmpwZyIsInNsaWRlc2hvdyI6IjNhZTEyOGUifQ%3D%3D\">\n\t\t\t\t\t<div class=\"e-gallery-image elementor-gallery-item__image\" data-thumbnail=\"https:\/\/ihedn.fr\/wp-content\/uploads\/2024\/10\/IMG_1445.jpg\" data-width=\"\" data-height=\"\" aria-label=\"\" role=\"img\" ><\/div>\n\t\t\t\t\t\t\t\t\t\t\t<div class=\"elementor-gallery-item__overlay\"><\/div>\n\t\t\t\t\t\t\t\t\t\t\t\t\t\t<\/a>\n\t\t\t\t\t\t\t<a class=\"e-gallery-item elementor-gallery-item elementor-animated-content\" href=\"https:\/\/ihedn.fr\/wp-content\/uploads\/2024\/10\/IMG_1430.jpg\" data-elementor-open-lightbox=\"yes\" data-elementor-lightbox-slideshow=\"3ae128e\" data-e-action-hash=\"#elementor-action%3Aaction%3Dlightbox%26settings%3DeyJpZCI6NTExNjcsInVybCI6Imh0dHBzOlwvXC9paGVkbi5mclwvd3AtY29udGVudFwvdXBsb2Fkc1wvMjAyNFwvMTBcL0lNR18xNDMwLmpwZyIsInNsaWRlc2hvdyI6IjNhZTEyOGUifQ%3D%3D\">\n\t\t\t\t\t<div class=\"e-gallery-image elementor-gallery-item__image\" data-thumbnail=\"https:\/\/ihedn.fr\/wp-content\/uploads\/2024\/10\/IMG_1430.jpg\" data-width=\"\" data-height=\"\" aria-label=\"\" role=\"img\" ><\/div>\n\t\t\t\t\t\t\t\t\t\t\t<div class=\"elementor-gallery-item__overlay\"><\/div>\n\t\t\t\t\t\t\t\t\t\t\t\t\t\t<\/a>\n\t\t\t\t\t<\/div>\n\t\t\t\t\t<\/div>\n\t\t\t\t<\/div>\n\t\t\t\t<\/div>\n\t\t\t\t<\/div>","protected":false},"excerpt":{"rendered":"<p>After two weeks packed with lessons and highlights, it's all over for the 50 participants in the 239th session of the IHEDN in the Provence-Alpes-C\u00f4te d'Azur region.<\/p>","protected":false},"author":10,"featured_media":51166,"comment_status":"closed","ping_status":"closed","sticky":false,"template":"","format":"standard","meta":{"footnotes":""},"categories":[172],"tags":[],"class_list":["post-51163","post","type-post","status-publish","format-standard","has-post-thumbnail","hentry","category-notre-actualite"],"yoast_head":"<!-- This site is optimized with the Yoast SEO plugin v27.5 - https:\/\/yoast.com\/product\/yoast-seo-wordpress\/ -->\n<title>Cl\u00f4ture \u00e0 Marseille de la 239e session en r\u00e9gion Provence-Alpes-C\u00f4te d&#039;Azur - L&#039;IHEDN : Institut des hautes \u00e9tudes de d\u00e9fense nationale<\/title>\n<meta name=\"description\" content=\"Apr\u00e8s deux derni\u00e8res semaines riches en enseignements et en moments forts, c\u2019est fini pour les 50 auditeurs de la 239e session en r\u00e9gion Provence-Alpes-C\u00f4te d\u2019Azur de l\u2019IHEDN.\" \/>\n<meta name=\"robots\" content=\"index, follow, max-snippet:-1, max-image-preview:large, max-video-preview:-1\" \/>\n<link rel=\"canonical\" href=\"https:\/\/ihedn.fr\/en\/notre-actualite\/cloture-a-marseille-de-la-239supe-sup-session-en-region-provence-alpes-cote-dazur\/\" \/>\n<meta property=\"og:locale\" content=\"en_GB\" \/>\n<meta property=\"og:type\" content=\"article\" \/>\n<meta property=\"og:title\" content=\"Cl\u00f4ture \u00e0 Marseille de la 239e session en r\u00e9gion Provence-Alpes-C\u00f4te d&#039;Azur\" \/>\n<meta property=\"og:description\" content=\"Apr\u00e8s deux derni\u00e8res semaines riches en enseignements et en moments forts, c\u2019est fini pour les 50 auditeurs de la 239e session en r\u00e9gion Provence-Alpes-C\u00f4te d\u2019Azur de l\u2019IHEDN.\" \/>\n<meta property=\"og:url\" content=\"https:\/\/ihedn.fr\/en\/notre-actualite\/cloture-a-marseille-de-la-239supe-sup-session-en-region-provence-alpes-cote-dazur\/\" \/>\n<meta property=\"og:site_name\" content=\"L&#039;IHEDN : Institut des hautes \u00e9tudes de d\u00e9fense nationale\" \/>\n<meta property=\"article:publisher\" content=\"https:\/\/www.facebook.com\/ihedn\/\" \/>\n<meta property=\"article:published_time\" content=\"2024-10-22T14:11:40+00:00\" \/>\n<meta property=\"article:modified_time\" content=\"2024-10-22T14:37:42+00:00\" \/>\n<meta property=\"og:image\" content=\"https:\/\/ihedn.fr\/wp-content\/uploads\/2024\/10\/IMG_1882.jpg\" \/>\n\t<meta property=\"og:image:width\" content=\"1275\" \/>\n\t<meta property=\"og:image:height\" content=\"850\" \/>\n\t<meta property=\"og:image:type\" content=\"image\/jpeg\" \/>\n<meta name=\"author\" content=\"tanguy.morel@ihedn.fr\" \/>\n<meta name=\"twitter:card\" content=\"summary_large_image\" \/>\n<meta name=\"twitter:title\" content=\"Cl\u00f4ture \u00e0 Marseille de la 239&lt;sup&gt;e&lt;\/sup&gt; session en r\u00e9gion Provence-Alpes-C\u00f4te d&#039;Azur\" \/>\n<meta name=\"twitter:description\" content=\"Apr\u00e8s deux derni\u00e8res semaines riches en enseignements et en moments forts, c\u2019est fini pour les 50 auditeurs de la 239e session en r\u00e9gion Provence-Alpes-C\u00f4te d\u2019Azur de l\u2019IHEDN.\" \/>\n<meta name=\"twitter:image\" content=\"https:\/\/ihedn.fr\/wp-content\/uploads\/2024\/10\/IMG_1882.jpg\" \/>\n<meta name=\"twitter:creator\" content=\"@IHEDN\" \/>\n<meta name=\"twitter:site\" content=\"@IHEDN\" \/>\n<meta name=\"twitter:label1\" content=\"Written by\" \/>\n\t<meta name=\"twitter:data1\" content=\"tanguy.morel@ihedn.fr\" \/>\n\t<meta name=\"twitter:label2\" content=\"Estimated reading time\" \/>\n\t<meta name=\"twitter:data2\" content=\"4 minutes\" \/>\n<script type=\"application\/ld+json\" class=\"yoast-schema-graph\">{\"@context\":\"https:\\\/\\\/schema.org\",\"@graph\":[{\"@type\":\"Article\",\"@id\":\"https:\\\/\\\/ihedn.fr\\\/notre-actualite\\\/cloture-a-marseille-de-la-239supe-sup-session-en-region-provence-alpes-cote-dazur\\\/#article\",\"isPartOf\":{\"@id\":\"https:\\\/\\\/ihedn.fr\\\/notre-actualite\\\/cloture-a-marseille-de-la-239supe-sup-session-en-region-provence-alpes-cote-dazur\\\/\"},\"author\":{\"name\":\"tanguy.morel@ihedn.fr\",\"@id\":\"https:\\\/\\\/ihedn.fr\\\/#\\\/schema\\\/person\\\/ed217a37104b27a246b200e65b827cc7\"},\"headline\":\"Cl\u00f4ture \u00e0 Marseille de la 239e session en r\u00e9gion Provence-Alpes-C\u00f4te d&rsquo;Azur\",\"datePublished\":\"2024-10-22T14:11:40+00:00\",\"dateModified\":\"2024-10-22T14:37:42+00:00\",\"mainEntityOfPage\":{\"@id\":\"https:\\\/\\\/ihedn.fr\\\/notre-actualite\\\/cloture-a-marseille-de-la-239supe-sup-session-en-region-provence-alpes-cote-dazur\\\/\"},\"wordCount\":735,\"publisher\":{\"@id\":\"https:\\\/\\\/ihedn.fr\\\/#organization\"},\"image\":{\"@id\":\"https:\\\/\\\/ihedn.fr\\\/notre-actualite\\\/cloture-a-marseille-de-la-239supe-sup-session-en-region-provence-alpes-cote-dazur\\\/#primaryimage\"},\"thumbnailUrl\":\"https:\\\/\\\/ihedn.fr\\\/wp-content\\\/uploads\\\/2024\\\/10\\\/IMG_1882.jpg\",\"articleSection\":[\"Notre actualit\u00e9\"],\"inLanguage\":\"en-GB\"},{\"@type\":\"WebPage\",\"@id\":\"https:\\\/\\\/ihedn.fr\\\/notre-actualite\\\/cloture-a-marseille-de-la-239supe-sup-session-en-region-provence-alpes-cote-dazur\\\/\",\"url\":\"https:\\\/\\\/ihedn.fr\\\/notre-actualite\\\/cloture-a-marseille-de-la-239supe-sup-session-en-region-provence-alpes-cote-dazur\\\/\",\"name\":\"Cl\u00f4ture \u00e0 Marseille de la 239e session en r\u00e9gion Provence-Alpes-C\u00f4te d'Azur - L&#039;IHEDN : Institut des hautes \u00e9tudes de d\u00e9fense nationale\",\"isPartOf\":{\"@id\":\"https:\\\/\\\/ihedn.fr\\\/#website\"},\"primaryImageOfPage\":{\"@id\":\"https:\\\/\\\/ihedn.fr\\\/notre-actualite\\\/cloture-a-marseille-de-la-239supe-sup-session-en-region-provence-alpes-cote-dazur\\\/#primaryimage\"},\"image\":{\"@id\":\"https:\\\/\\\/ihedn.fr\\\/notre-actualite\\\/cloture-a-marseille-de-la-239supe-sup-session-en-region-provence-alpes-cote-dazur\\\/#primaryimage\"},\"thumbnailUrl\":\"https:\\\/\\\/ihedn.fr\\\/wp-content\\\/uploads\\\/2024\\\/10\\\/IMG_1882.jpg\",\"datePublished\":\"2024-10-22T14:11:40+00:00\",\"dateModified\":\"2024-10-22T14:37:42+00:00\",\"description\":\"Apr\u00e8s deux derni\u00e8res semaines riches en enseignements et en moments forts, c\u2019est fini pour les 50 auditeurs de la 239e session en r\u00e9gion Provence-Alpes-C\u00f4te d\u2019Azur de l\u2019IHEDN.\",\"breadcrumb\":{\"@id\":\"https:\\\/\\\/ihedn.fr\\\/notre-actualite\\\/cloture-a-marseille-de-la-239supe-sup-session-en-region-provence-alpes-cote-dazur\\\/#breadcrumb\"},\"inLanguage\":\"en-GB\",\"potentialAction\":[{\"@type\":\"ReadAction\",\"target\":[\"https:\\\/\\\/ihedn.fr\\\/notre-actualite\\\/cloture-a-marseille-de-la-239supe-sup-session-en-region-provence-alpes-cote-dazur\\\/\"]}]},{\"@type\":\"ImageObject\",\"inLanguage\":\"en-GB\",\"@id\":\"https:\\\/\\\/ihedn.fr\\\/notre-actualite\\\/cloture-a-marseille-de-la-239supe-sup-session-en-region-provence-alpes-cote-dazur\\\/#primaryimage\",\"url\":\"https:\\\/\\\/ihedn.fr\\\/wp-content\\\/uploads\\\/2024\\\/10\\\/IMG_1882.jpg\",\"contentUrl\":\"https:\\\/\\\/ihedn.fr\\\/wp-content\\\/uploads\\\/2024\\\/10\\\/IMG_1882.jpg\",\"width\":1275,\"height\":850},{\"@type\":\"BreadcrumbList\",\"@id\":\"https:\\\/\\\/ihedn.fr\\\/notre-actualite\\\/cloture-a-marseille-de-la-239supe-sup-session-en-region-provence-alpes-cote-dazur\\\/#breadcrumb\",\"itemListElement\":[{\"@type\":\"ListItem\",\"position\":1,\"name\":\"Accueil\",\"item\":\"https:\\\/\\\/ihedn.fr\\\/\"},{\"@type\":\"ListItem\",\"position\":2,\"name\":\"Cl\u00f4ture \u00e0 Marseille de la 239e session en r\u00e9gion Provence-Alpes-C\u00f4te d&rsquo;Azur\"}]},{\"@type\":\"WebSite\",\"@id\":\"https:\\\/\\\/ihedn.fr\\\/#website\",\"url\":\"https:\\\/\\\/ihedn.fr\\\/\",\"name\":\"IHEDN : Institut des hautes \u00e9tudes de d\u00e9fense nationale |\",\"description\":\"Site officiel de l&#039;IHEDN plac\u00e9 sous la tutelle du Premier ministre.\",\"publisher\":{\"@id\":\"https:\\\/\\\/ihedn.fr\\\/#organization\"},\"potentialAction\":[{\"@type\":\"SearchAction\",\"target\":{\"@type\":\"EntryPoint\",\"urlTemplate\":\"https:\\\/\\\/ihedn.fr\\\/?s={search_term_string}\"},\"query-input\":{\"@type\":\"PropertyValueSpecification\",\"valueRequired\":true,\"valueName\":\"search_term_string\"}}],\"inLanguage\":\"en-GB\"},{\"@type\":\"Organization\",\"@id\":\"https:\\\/\\\/ihedn.fr\\\/#organization\",\"name\":\"IHEDN - Institut des Hautes Etudes de D\u00e9fense Nationale\",\"url\":\"https:\\\/\\\/ihedn.fr\\\/\",\"logo\":{\"@type\":\"ImageObject\",\"inLanguage\":\"en-GB\",\"@id\":\"https:\\\/\\\/ihedn.fr\\\/#\\\/schema\\\/logo\\\/image\\\/\",\"url\":\"https:\\\/\\\/ihedn.fr\\\/wp-content\\\/uploads\\\/2020\\\/11\\\/BLOC_RF_IHEDN_WEB.png\",\"contentUrl\":\"https:\\\/\\\/ihedn.fr\\\/wp-content\\\/uploads\\\/2020\\\/11\\\/BLOC_RF_IHEDN_WEB.png\",\"width\":500,\"height\":237,\"caption\":\"IHEDN - Institut des Hautes Etudes de D\u00e9fense Nationale\"},\"image\":{\"@id\":\"https:\\\/\\\/ihedn.fr\\\/#\\\/schema\\\/logo\\\/image\\\/\"},\"sameAs\":[\"https:\\\/\\\/www.facebook.com\\\/ihedn\\\/\",\"https:\\\/\\\/x.com\\\/IHEDN\",\"https:\\\/\\\/www.instagram.com\\\/ihedn\\\/\",\"https:\\\/\\\/www.linkedin.com\\\/school\\\/ihedn\\\/\",\"https:\\\/\\\/fr.wikipedia.org\\\/wiki\\\/Institut_des_hautes_\u00e9tudes_de_D\u00e9fense_nationale\"]},{\"@type\":\"Person\",\"@id\":\"https:\\\/\\\/ihedn.fr\\\/#\\\/schema\\\/person\\\/ed217a37104b27a246b200e65b827cc7\",\"name\":\"tanguy.morel@ihedn.fr\",\"image\":{\"@type\":\"ImageObject\",\"inLanguage\":\"en-GB\",\"@id\":\"https:\\\/\\\/secure.gravatar.com\\\/avatar\\\/36877cd30919fafddf1f9da45f4154aa468a64328452f2ceaff0968772207348?s=96&d=mm&r=g\",\"url\":\"https:\\\/\\\/secure.gravatar.com\\\/avatar\\\/36877cd30919fafddf1f9da45f4154aa468a64328452f2ceaff0968772207348?s=96&d=mm&r=g\",\"contentUrl\":\"https:\\\/\\\/secure.gravatar.com\\\/avatar\\\/36877cd30919fafddf1f9da45f4154aa468a64328452f2ceaff0968772207348?s=96&d=mm&r=g\",\"caption\":\"tanguy.morel@ihedn.fr\"},\"url\":\"https:\\\/\\\/ihedn.fr\\\/en\\\/author\\\/tanguy-morelihedn-fr\\\/\"}]}<\/script>\n<!-- \/ Yoast SEO plugin. -->","yoast_head_json":{"title":"Closure in Marseilles of the 239th session in the Provence-Alpes-C\u00f4te d'Azur region - L'IHEDN : Institut des hautes \u00e9tudes de d\u00e9fense nationale (Graduate Institute of National Defence)","description":"After two weeks packed with lessons and highlights, it's all over for the 50 participants in the 239th session of the IHEDN in the Provence-Alpes-C\u00f4te d'Azur region.","robots":{"index":"index","follow":"follow","max-snippet":"max-snippet:-1","max-image-preview":"max-image-preview:large","max-video-preview":"max-video-preview:-1"},"canonical":"https:\/\/ihedn.fr\/en\/notre-actualite\/cloture-a-marseille-de-la-239supe-sup-session-en-region-provence-alpes-cote-dazur\/","og_locale":"en_GB","og_type":"article","og_title":"Cl\u00f4ture \u00e0 Marseille de la 239e session en r\u00e9gion Provence-Alpes-C\u00f4te d'Azur","og_description":"Apr\u00e8s deux derni\u00e8res semaines riches en enseignements et en moments forts, c\u2019est fini pour les 50 auditeurs de la 239e session en r\u00e9gion Provence-Alpes-C\u00f4te d\u2019Azur de l\u2019IHEDN.","og_url":"https:\/\/ihedn.fr\/en\/notre-actualite\/cloture-a-marseille-de-la-239supe-sup-session-en-region-provence-alpes-cote-dazur\/","og_site_name":"L&#039;IHEDN : Institut des hautes \u00e9tudes de d\u00e9fense nationale","article_publisher":"https:\/\/www.facebook.com\/ihedn\/","article_published_time":"2024-10-22T14:11:40+00:00","article_modified_time":"2024-10-22T14:37:42+00:00","og_image":[{"width":1275,"height":850,"url":"https:\/\/ihedn.fr\/wp-content\/uploads\/2024\/10\/IMG_1882.jpg","type":"image\/jpeg"}],"author":"tanguy.morel@ihedn.fr","twitter_card":"summary_large_image","twitter_title":"Cl\u00f4ture \u00e0 Marseille de la 239<sup>e<\/sup> session en r\u00e9gion Provence-Alpes-C\u00f4te d'Azur","twitter_description":"Apr\u00e8s deux derni\u00e8res semaines riches en enseignements et en moments forts, c\u2019est fini pour les 50 auditeurs de la 239e session en r\u00e9gion Provence-Alpes-C\u00f4te d\u2019Azur de l\u2019IHEDN.","twitter_image":"https:\/\/ihedn.fr\/wp-content\/uploads\/2024\/10\/IMG_1882.jpg","twitter_creator":"@IHEDN","twitter_site":"@IHEDN","twitter_misc":{"Written by":"tanguy.morel@ihedn.fr","Estimated reading time":"4 minutes"},"schema":{"@context":"https:\/\/schema.org","@graph":[{"@type":"Article","@id":"https:\/\/ihedn.fr\/notre-actualite\/cloture-a-marseille-de-la-239supe-sup-session-en-region-provence-alpes-cote-dazur\/#article","isPartOf":{"@id":"https:\/\/ihedn.fr\/notre-actualite\/cloture-a-marseille-de-la-239supe-sup-session-en-region-provence-alpes-cote-dazur\/"},"author":{"name":"tanguy.morel@ihedn.fr","@id":"https:\/\/ihedn.fr\/#\/schema\/person\/ed217a37104b27a246b200e65b827cc7"},"headline":"Cl\u00f4ture \u00e0 Marseille de la 239e session en r\u00e9gion Provence-Alpes-C\u00f4te d&rsquo;Azur","datePublished":"2024-10-22T14:11:40+00:00","dateModified":"2024-10-22T14:37:42+00:00","mainEntityOfPage":{"@id":"https:\/\/ihedn.fr\/notre-actualite\/cloture-a-marseille-de-la-239supe-sup-session-en-region-provence-alpes-cote-dazur\/"},"wordCount":735,"publisher":{"@id":"https:\/\/ihedn.fr\/#organization"},"image":{"@id":"https:\/\/ihedn.fr\/notre-actualite\/cloture-a-marseille-de-la-239supe-sup-session-en-region-provence-alpes-cote-dazur\/#primaryimage"},"thumbnailUrl":"https:\/\/ihedn.fr\/wp-content\/uploads\/2024\/10\/IMG_1882.jpg","articleSection":["Notre actualit\u00e9"],"inLanguage":"en-GB"},{"@type":"WebPage","@id":"https:\/\/ihedn.fr\/notre-actualite\/cloture-a-marseille-de-la-239supe-sup-session-en-region-provence-alpes-cote-dazur\/","url":"https:\/\/ihedn.fr\/notre-actualite\/cloture-a-marseille-de-la-239supe-sup-session-en-region-provence-alpes-cote-dazur\/","name":"Closure in Marseilles of the 239th session in the Provence-Alpes-C\u00f4te d'Azur region - L'IHEDN : Institut des hautes \u00e9tudes de d\u00e9fense nationale (Graduate Institute of National Defence)","isPartOf":{"@id":"https:\/\/ihedn.fr\/#website"},"primaryImageOfPage":{"@id":"https:\/\/ihedn.fr\/notre-actualite\/cloture-a-marseille-de-la-239supe-sup-session-en-region-provence-alpes-cote-dazur\/#primaryimage"},"image":{"@id":"https:\/\/ihedn.fr\/notre-actualite\/cloture-a-marseille-de-la-239supe-sup-session-en-region-provence-alpes-cote-dazur\/#primaryimage"},"thumbnailUrl":"https:\/\/ihedn.fr\/wp-content\/uploads\/2024\/10\/IMG_1882.jpg","datePublished":"2024-10-22T14:11:40+00:00","dateModified":"2024-10-22T14:37:42+00:00","description":"After two weeks packed with lessons and highlights, it's all over for the 50 participants in the 239th session of the IHEDN in the Provence-Alpes-C\u00f4te d'Azur region.","breadcrumb":{"@id":"https:\/\/ihedn.fr\/notre-actualite\/cloture-a-marseille-de-la-239supe-sup-session-en-region-provence-alpes-cote-dazur\/#breadcrumb"},"inLanguage":"en-GB","potentialAction":[{"@type":"ReadAction","target":["https:\/\/ihedn.fr\/notre-actualite\/cloture-a-marseille-de-la-239supe-sup-session-en-region-provence-alpes-cote-dazur\/"]}]},{"@type":"ImageObject","inLanguage":"en-GB","@id":"https:\/\/ihedn.fr\/notre-actualite\/cloture-a-marseille-de-la-239supe-sup-session-en-region-provence-alpes-cote-dazur\/#primaryimage","url":"https:\/\/ihedn.fr\/wp-content\/uploads\/2024\/10\/IMG_1882.jpg","contentUrl":"https:\/\/ihedn.fr\/wp-content\/uploads\/2024\/10\/IMG_1882.jpg","width":1275,"height":850},{"@type":"BreadcrumbList","@id":"https:\/\/ihedn.fr\/notre-actualite\/cloture-a-marseille-de-la-239supe-sup-session-en-region-provence-alpes-cote-dazur\/#breadcrumb","itemListElement":[{"@type":"ListItem","position":1,"name":"Accueil","item":"https:\/\/ihedn.fr\/"},{"@type":"ListItem","position":2,"name":"Cl\u00f4ture \u00e0 Marseille de la 239e session en r\u00e9gion Provence-Alpes-C\u00f4te d&rsquo;Azur"}]},{"@type":"WebSite","@id":"https:\/\/ihedn.fr\/#website","url":"https:\/\/ihedn.fr\/","name":"IHEDN: Institut des hautes \u00e9tudes de d\u00e9fense nationale (Institute for Higher National Defence Studies)","description":"Official website of the IHEDN under the supervision of the Prime Minister.","publisher":{"@id":"https:\/\/ihedn.fr\/#organization"},"potentialAction":[{"@type":"SearchAction","target":{"@type":"EntryPoint","urlTemplate":"https:\/\/ihedn.fr\/?s={search_term_string}"},"query-input":{"@type":"PropertyValueSpecification","valueRequired":true,"valueName":"search_term_string"}}],"inLanguage":"en-GB"},{"@type":"Organization","@id":"https:\/\/ihedn.fr\/#organization","name":"IHEDN - Institute for Higher National Defence Studies","url":"https:\/\/ihedn.fr\/","logo":{"@type":"ImageObject","inLanguage":"en-GB","@id":"https:\/\/ihedn.fr\/#\/schema\/logo\/image\/","url":"https:\/\/ihedn.fr\/wp-content\/uploads\/2020\/11\/BLOC_RF_IHEDN_WEB.png","contentUrl":"https:\/\/ihedn.fr\/wp-content\/uploads\/2020\/11\/BLOC_RF_IHEDN_WEB.png","width":500,"height":237,"caption":"IHEDN - Institut des Hautes Etudes de D\u00e9fense Nationale"},"image":{"@id":"https:\/\/ihedn.fr\/#\/schema\/logo\/image\/"},"sameAs":["https:\/\/www.facebook.com\/ihedn\/","https:\/\/x.com\/IHEDN","https:\/\/www.instagram.com\/ihedn\/","https:\/\/www.linkedin.com\/school\/ihedn\/","https:\/\/fr.wikipedia.org\/wiki\/Institut_des_hautes_\u00e9tudes_de_D\u00e9fense_nationale"]},{"@type":"Person","@id":"https:\/\/ihedn.fr\/#\/schema\/person\/ed217a37104b27a246b200e65b827cc7","name":"tanguy.morel@ihedn.fr","image":{"@type":"ImageObject","inLanguage":"en-GB","@id":"https:\/\/secure.gravatar.com\/avatar\/36877cd30919fafddf1f9da45f4154aa468a64328452f2ceaff0968772207348?s=96&d=mm&r=g","url":"https:\/\/secure.gravatar.com\/avatar\/36877cd30919fafddf1f9da45f4154aa468a64328452f2ceaff0968772207348?s=96&d=mm&r=g","contentUrl":"https:\/\/secure.gravatar.com\/avatar\/36877cd30919fafddf1f9da45f4154aa468a64328452f2ceaff0968772207348?s=96&d=mm&r=g","caption":"tanguy.morel@ihedn.fr"},"url":"https:\/\/ihedn.fr\/en\/author\/tanguy-morelihedn-fr\/"}]}},"publishpress_future_action":{"enabled":false,"date":"2026-05-08 23:27:21","action":"change-status","newStatus":"draft","terms":[],"taxonomy":"category","extraData":[]},"publishpress_future_workflow_manual_trigger":{"enabledWorkflows":[]},"_links":{"self":[{"href":"https:\/\/ihedn.fr\/en\/wp-json\/wp\/v2\/posts\/51163","targetHints":{"allow":["GET"]}}],"collection":[{"href":"https:\/\/ihedn.fr\/en\/wp-json\/wp\/v2\/posts"}],"about":[{"href":"https:\/\/ihedn.fr\/en\/wp-json\/wp\/v2\/types\/post"}],"author":[{"embeddable":true,"href":"https:\/\/ihedn.fr\/en\/wp-json\/wp\/v2\/users\/10"}],"replies":[{"embeddable":true,"href":"https:\/\/ihedn.fr\/en\/wp-json\/wp\/v2\/comments?post=51163"}],"version-history":[{"count":15,"href":"https:\/\/ihedn.fr\/en\/wp-json\/wp\/v2\/posts\/51163\/revisions"}],"predecessor-version":[{"id":51199,"href":"https:\/\/ihedn.fr\/en\/wp-json\/wp\/v2\/posts\/51163\/revisions\/51199"}],"wp:featuredmedia":[{"embeddable":true,"href":"https:\/\/ihedn.fr\/en\/wp-json\/wp\/v2\/media\/51166"}],"wp:attachment":[{"href":"https:\/\/ihedn.fr\/en\/wp-json\/wp\/v2\/media?parent=51163"}],"wp:term":[{"taxonomy":"category","embeddable":true,"href":"https:\/\/ihedn.fr\/en\/wp-json\/wp\/v2\/categories?post=51163"},{"taxonomy":"post_tag","embeddable":true,"href":"https:\/\/ihedn.fr\/en\/wp-json\/wp\/v2\/tags?post=51163"}],"curies":[{"name":"wp","href":"https:\/\/api.w.org\/{rel}","templated":true}]}}