{"id":51357,"date":"2024-10-24T11:50:06","date_gmt":"2024-10-24T10:50:06","guid":{"rendered":"https:\/\/ihedn.fr\/?p=51357"},"modified":"2025-04-09T14:53:58","modified_gmt":"2025-04-09T13:53:58","slug":"democraties-et-dissuasion","status":"publish","type":"post","link":"https:\/\/ihedn.fr\/en\/les-debats-strategiques\/democraties-et-dissuasion\/","title":{"rendered":"Democracy and deterrence"},"content":{"rendered":"<div data-elementor-type=\"wp-post\" data-elementor-id=\"51357\" class=\"elementor elementor-51357\" data-elementor-post-type=\"post\">\n\t\t\t\t<div data-particle_enable=\"false\" data-particle-mobile-disabled=\"false\" class=\"elementor-element elementor-element-3ee69da e-flex e-con-boxed e-con e-parent\" data-id=\"3ee69da\" data-element_type=\"container\" data-e-type=\"container\">\n\t\t\t\t\t<div class=\"e-con-inner\">\n\t\t\t\t<div class=\"elementor-element elementor-element-226fc63 elementor-widget elementor-widget-text-editor\" data-id=\"226fc63\" data-element_type=\"widget\" data-e-type=\"widget\" data-widget_type=\"text-editor.default\">\n\t\t\t\t<div class=\"elementor-widget-container\">\n\t\t\t\t\t\t\t\t\t<p style=\"text-align: left;\">In a context where the strategic threats to democracies are multiplying, how can we establish a constructive debate on the tensions between democratic ideals and procedures on the one hand, and the use of nuclear deterrence on the other? This is the question addressed in the collective work D\u00e9mocratie(s) et Dissuasion (Odile Jacob, 2024), edited by M\u00e9lanie Rosselet. It focuses on the ethical, rationality and legitimacy issues raised by nuclear deterrence and attempts to provide answers to questions that are crucial to the future of democratic regimes: What strategic threats do they face? Is deterrence still an acceptable solution for democracies? What are the challenges and limits of democratic debate on this subject? The texts in this book are the result of a colloquium held in 2022 at the Biblioth\u00e8que nationale de France and a one-day tribute to Th\u00e9r\u00e8se Delpech at the ENS-Ulm.<\/p>\t\t\t\t\t\t\t\t<\/div>\n\t\t\t\t<\/div>\n\t\t\t\t\t<\/div>\n\t\t\t\t<\/div>\n\t\t<div data-particle_enable=\"false\" data-particle-mobile-disabled=\"false\" class=\"elementor-element elementor-element-5296aab e-flex e-con-boxed e-con e-parent\" data-id=\"5296aab\" data-element_type=\"container\" data-e-type=\"container\">\n\t\t\t\t\t<div class=\"e-con-inner\">\n\t\t\t\t<div class=\"elementor-element elementor-element-981b4f1 elementor-widget elementor-widget-text-editor\" data-id=\"981b4f1\" data-element_type=\"widget\" data-e-type=\"widget\" data-widget_type=\"text-editor.default\">\n\t\t\t\t<div class=\"elementor-widget-container\">\n\t\t\t\t\t\t\t\t\t<p style=\"text-align: left;\">M\u00e9lanie Rosselet is a diplomat and associate expert at the Centre interdisciplinaire sur les enjeux strat\u00e9giques (CIENS) at the \u00c9cole normale sup\u00e9rieure de Paris (ENS-Ulm).  She is the former Director of Strategic Analysis at the French Atomic Energy and Alternative Energies Commission (CEA).\u00a0\u00a0<\/p>\t\t\t\t\t\t\t\t<\/div>\n\t\t\t\t<\/div>\n\t\t\t\t\t<\/div>\n\t\t\t\t<\/div>\n\t\t<div data-particle_enable=\"false\" data-particle-mobile-disabled=\"false\" class=\"elementor-element elementor-element-c81804b e-flex e-con-boxed e-con e-parent\" data-id=\"c81804b\" data-element_type=\"container\" data-e-type=\"container\">\n\t\t\t\t\t<div class=\"e-con-inner\">\n\t\t\t\t<div class=\"elementor-element elementor-element-8cc6c21 elementor-widget elementor-widget-text-editor\" data-id=\"8cc6c21\" data-element_type=\"widget\" data-e-type=\"widget\" data-widget_type=\"text-editor.default\">\n\t\t\t\t<div class=\"elementor-widget-container\">\n\t\t\t\t\t\t\t\t\t<p style=\"text-align: left;\"><strong>A replay of this strategic debate is available on our Youtube channel:<\/strong><\/p>\t\t\t\t\t\t\t\t<\/div>\n\t\t\t\t<\/div>\n\t\t\t\t<div class=\"elementor-element elementor-element-89c97e6 elementor-widget elementor-widget-video\" data-id=\"89c97e6\" data-element_type=\"widget\" data-e-type=\"widget\" data-settings=\"{&quot;youtube_url&quot;:&quot;https:\\\/\\\/www.youtube.com\\\/watch?v=8u90eOeAg0M&quot;,&quot;video_type&quot;:&quot;youtube&quot;,&quot;controls&quot;:&quot;yes&quot;}\" data-widget_type=\"video.default\">\n\t\t\t\t<div class=\"elementor-widget-container\">\n\t\t\t\t\t\t\t<div class=\"elementor-wrapper elementor-open-inline\">\n\t\t\t<div class=\"elementor-video\"><\/div>\t\t<\/div>\n\t\t\t\t\t\t<\/div>\n\t\t\t\t<\/div>\n\t\t\t\t\t<\/div>\n\t\t\t\t<\/div>\n\t\t\t\t<\/div>","protected":false},"excerpt":{"rendered":"<p><span style=\"color: #c80a23;\"><strong> 18 November 2024 | 6.30pm<\/strong><\/span> at the \u00c9cole Militaire in the Bourcet amphitheatre<\/p>","protected":false},"author":12,"featured_media":51358,"comment_status":"closed","ping_status":"closed","sticky":false,"template":"","format":"standard","meta":{"footnotes":""},"categories":[42],"tags":[247,249],"class_list":["post-51357","post","type-post","status-publish","format-standard","has-post-thumbnail","hentry","category-les-debats-strategiques","tag-debat-strategique","tag-ancien-debat-strategique"],"yoast_head":"<!-- This site is optimized with the Yoast SEO plugin v27.5 - https:\/\/yoast.com\/product\/yoast-seo-wordpress\/ -->\n<title>D\u00e9mocratie(s) et dissuasion - L&#039;IHEDN : Institut des hautes \u00e9tudes de d\u00e9fense nationale<\/title>\n<meta name=\"description\" content=\"Le 9 d\u00e9cembre 2024, \u00e0 18h30, assistez \u00e0 ce d\u00e9bat strat\u00e9gique propos\u00e9 par l&#039;IHEDN - D\u00e9mocratie(s) et dissuasion\" \/>\n<meta name=\"robots\" content=\"index, follow, max-snippet:-1, max-image-preview:large, max-video-preview:-1\" \/>\n<link rel=\"canonical\" href=\"https:\/\/ihedn.fr\/en\/les-debats-strategiques\/democraties-et-dissuasion\/\" \/>\n<meta property=\"og:locale\" content=\"en_GB\" \/>\n<meta property=\"og:type\" content=\"article\" \/>\n<meta property=\"og:title\" content=\"D\u00e9mocratie(s) et dissuasion\" \/>\n<meta property=\"og:description\" content=\"Le18 novembre 2024, \u00e0 18h30, assistez \u00e0 ce d\u00e9bat strat\u00e9gique propos\u00e9 par l&#039;IHEDN.D\u00e9mocratie(s) et dissuasion\" \/>\n<meta property=\"og:url\" content=\"https:\/\/ihedn.fr\/en\/les-debats-strategiques\/democraties-et-dissuasion\/\" \/>\n<meta property=\"og:site_name\" content=\"L&#039;IHEDN : Institut des hautes \u00e9tudes de d\u00e9fense nationale\" \/>\n<meta property=\"article:publisher\" content=\"https:\/\/www.facebook.com\/ihedn\/\" \/>\n<meta property=\"article:published_time\" content=\"2024-10-24T10:50:06+00:00\" \/>\n<meta property=\"article:modified_time\" content=\"2025-04-09T13:53:58+00:00\" \/>\n<meta property=\"og:image\" content=\"https:\/\/ihedn.fr\/wp-content\/uploads\/2024\/11\/ROSSELET_DEBSTRATEGIQUE-002.jpg\" \/>\n\t<meta property=\"og:image:width\" content=\"1920\" \/>\n\t<meta property=\"og:image:height\" content=\"1080\" \/>\n\t<meta property=\"og:image:type\" content=\"image\/jpeg\" \/>\n<meta name=\"author\" content=\"Ad\u00e8le Thoumieux\" \/>\n<meta name=\"twitter:card\" content=\"summary_large_image\" \/>\n<meta name=\"twitter:title\" content=\"D\u00e9mocratie(s) et dissuasion\" \/>\n<meta name=\"twitter:description\" content=\"Le18 novembre 2024, \u00e0 18h30, assistez \u00e0 ce d\u00e9bat strat\u00e9gique propos\u00e9 par l&#039;IHEDN. D\u00e9mocratie(s) et dissuasion\" \/>\n<meta name=\"twitter:image\" content=\"https:\/\/ihedn.fr\/wp-content\/uploads\/2024\/11\/ROSSELET_DEBSTRATEGIQUE-002.jpg\" \/>\n<meta name=\"twitter:creator\" content=\"@IHEDN\" \/>\n<meta name=\"twitter:site\" content=\"@IHEDN\" \/>\n<meta name=\"twitter:label1\" content=\"Written by\" \/>\n\t<meta name=\"twitter:data1\" content=\"Ad\u00e8le Thoumieux\" \/>\n\t<meta name=\"twitter:label2\" content=\"Estimated reading time\" \/>\n\t<meta name=\"twitter:data2\" content=\"2 minutes\" \/>\n<script type=\"application\/ld+json\" class=\"yoast-schema-graph\">{\"@context\":\"https:\\\/\\\/schema.org\",\"@graph\":[{\"@type\":\"Article\",\"@id\":\"https:\\\/\\\/ihedn.fr\\\/les-debats-strategiques\\\/democraties-et-dissuasion\\\/#article\",\"isPartOf\":{\"@id\":\"https:\\\/\\\/ihedn.fr\\\/les-debats-strategiques\\\/democraties-et-dissuasion\\\/\"},\"author\":{\"name\":\"Ad\u00e8le Thoumieux\",\"@id\":\"https:\\\/\\\/ihedn.fr\\\/#\\\/schema\\\/person\\\/16d49c2bd0121499ea9b9023ce89826c\"},\"headline\":\"D\u00e9mocratie(s) et dissuasion\",\"datePublished\":\"2024-10-24T10:50:06+00:00\",\"dateModified\":\"2025-04-09T13:53:58+00:00\",\"mainEntityOfPage\":{\"@id\":\"https:\\\/\\\/ihedn.fr\\\/les-debats-strategiques\\\/democraties-et-dissuasion\\\/\"},\"wordCount\":254,\"publisher\":{\"@id\":\"https:\\\/\\\/ihedn.fr\\\/#organization\"},\"image\":{\"@id\":\"https:\\\/\\\/ihedn.fr\\\/les-debats-strategiques\\\/democraties-et-dissuasion\\\/#primaryimage\"},\"thumbnailUrl\":\"https:\\\/\\\/ihedn.fr\\\/wp-content\\\/uploads\\\/2024\\\/11\\\/ROSSELET_DEBSTRATEGIQUE-002.jpg\",\"keywords\":[\"d\u00e9bat-strat\u00e9gique\",\"pr\u00e9c\u00e9dent-d\u00e9bat-strat\u00e9gique\"],\"articleSection\":[\"Les d\u00e9bats strat\u00e9giques\"],\"inLanguage\":\"en-GB\"},{\"@type\":\"WebPage\",\"@id\":\"https:\\\/\\\/ihedn.fr\\\/les-debats-strategiques\\\/democraties-et-dissuasion\\\/\",\"url\":\"https:\\\/\\\/ihedn.fr\\\/les-debats-strategiques\\\/democraties-et-dissuasion\\\/\",\"name\":\"D\u00e9mocratie(s) et dissuasion - L&#039;IHEDN : Institut des hautes \u00e9tudes de d\u00e9fense nationale\",\"isPartOf\":{\"@id\":\"https:\\\/\\\/ihedn.fr\\\/#website\"},\"primaryImageOfPage\":{\"@id\":\"https:\\\/\\\/ihedn.fr\\\/les-debats-strategiques\\\/democraties-et-dissuasion\\\/#primaryimage\"},\"image\":{\"@id\":\"https:\\\/\\\/ihedn.fr\\\/les-debats-strategiques\\\/democraties-et-dissuasion\\\/#primaryimage\"},\"thumbnailUrl\":\"https:\\\/\\\/ihedn.fr\\\/wp-content\\\/uploads\\\/2024\\\/11\\\/ROSSELET_DEBSTRATEGIQUE-002.jpg\",\"datePublished\":\"2024-10-24T10:50:06+00:00\",\"dateModified\":\"2025-04-09T13:53:58+00:00\",\"description\":\"Le 9 d\u00e9cembre 2024, \u00e0 18h30, assistez \u00e0 ce d\u00e9bat strat\u00e9gique propos\u00e9 par l'IHEDN - D\u00e9mocratie(s) et dissuasion\",\"breadcrumb\":{\"@id\":\"https:\\\/\\\/ihedn.fr\\\/les-debats-strategiques\\\/democraties-et-dissuasion\\\/#breadcrumb\"},\"inLanguage\":\"en-GB\",\"potentialAction\":[{\"@type\":\"ReadAction\",\"target\":[\"https:\\\/\\\/ihedn.fr\\\/les-debats-strategiques\\\/democraties-et-dissuasion\\\/\"]}]},{\"@type\":\"ImageObject\",\"inLanguage\":\"en-GB\",\"@id\":\"https:\\\/\\\/ihedn.fr\\\/les-debats-strategiques\\\/democraties-et-dissuasion\\\/#primaryimage\",\"url\":\"https:\\\/\\\/ihedn.fr\\\/wp-content\\\/uploads\\\/2024\\\/11\\\/ROSSELET_DEBSTRATEGIQUE-002.jpg\",\"contentUrl\":\"https:\\\/\\\/ihedn.fr\\\/wp-content\\\/uploads\\\/2024\\\/11\\\/ROSSELET_DEBSTRATEGIQUE-002.jpg\",\"width\":1920,\"height\":1080},{\"@type\":\"BreadcrumbList\",\"@id\":\"https:\\\/\\\/ihedn.fr\\\/les-debats-strategiques\\\/democraties-et-dissuasion\\\/#breadcrumb\",\"itemListElement\":[{\"@type\":\"ListItem\",\"position\":1,\"name\":\"Accueil\",\"item\":\"https:\\\/\\\/ihedn.fr\\\/\"},{\"@type\":\"ListItem\",\"position\":2,\"name\":\"D\u00e9mocratie(s) et dissuasion\"}]},{\"@type\":\"WebSite\",\"@id\":\"https:\\\/\\\/ihedn.fr\\\/#website\",\"url\":\"https:\\\/\\\/ihedn.fr\\\/\",\"name\":\"IHEDN : Institut des hautes \u00e9tudes de d\u00e9fense nationale |\",\"description\":\"Site officiel de l&#039;IHEDN plac\u00e9 sous la tutelle du Premier ministre.\",\"publisher\":{\"@id\":\"https:\\\/\\\/ihedn.fr\\\/#organization\"},\"potentialAction\":[{\"@type\":\"SearchAction\",\"target\":{\"@type\":\"EntryPoint\",\"urlTemplate\":\"https:\\\/\\\/ihedn.fr\\\/?s={search_term_string}\"},\"query-input\":{\"@type\":\"PropertyValueSpecification\",\"valueRequired\":true,\"valueName\":\"search_term_string\"}}],\"inLanguage\":\"en-GB\"},{\"@type\":\"Organization\",\"@id\":\"https:\\\/\\\/ihedn.fr\\\/#organization\",\"name\":\"IHEDN - Institut des Hautes Etudes de D\u00e9fense Nationale\",\"url\":\"https:\\\/\\\/ihedn.fr\\\/\",\"logo\":{\"@type\":\"ImageObject\",\"inLanguage\":\"en-GB\",\"@id\":\"https:\\\/\\\/ihedn.fr\\\/#\\\/schema\\\/logo\\\/image\\\/\",\"url\":\"https:\\\/\\\/ihedn.fr\\\/wp-content\\\/uploads\\\/2020\\\/11\\\/BLOC_RF_IHEDN_WEB.png\",\"contentUrl\":\"https:\\\/\\\/ihedn.fr\\\/wp-content\\\/uploads\\\/2020\\\/11\\\/BLOC_RF_IHEDN_WEB.png\",\"width\":500,\"height\":237,\"caption\":\"IHEDN - Institut des Hautes Etudes de D\u00e9fense Nationale\"},\"image\":{\"@id\":\"https:\\\/\\\/ihedn.fr\\\/#\\\/schema\\\/logo\\\/image\\\/\"},\"sameAs\":[\"https:\\\/\\\/www.facebook.com\\\/ihedn\\\/\",\"https:\\\/\\\/x.com\\\/IHEDN\",\"https:\\\/\\\/www.instagram.com\\\/ihedn\\\/\",\"https:\\\/\\\/www.linkedin.com\\\/school\\\/ihedn\\\/\",\"https:\\\/\\\/fr.wikipedia.org\\\/wiki\\\/Institut_des_hautes_\u00e9tudes_de_D\u00e9fense_nationale\"]},{\"@type\":\"Person\",\"@id\":\"https:\\\/\\\/ihedn.fr\\\/#\\\/schema\\\/person\\\/16d49c2bd0121499ea9b9023ce89826c\",\"name\":\"Ad\u00e8le Thoumieux\",\"image\":{\"@type\":\"ImageObject\",\"inLanguage\":\"en-GB\",\"@id\":\"https:\\\/\\\/secure.gravatar.com\\\/avatar\\\/64fc58d14679bdd185946349bcb229b06e37d30d6290c2bec15f1daa8f8e0ece?s=96&d=mm&r=g\",\"url\":\"https:\\\/\\\/secure.gravatar.com\\\/avatar\\\/64fc58d14679bdd185946349bcb229b06e37d30d6290c2bec15f1daa8f8e0ece?s=96&d=mm&r=g\",\"contentUrl\":\"https:\\\/\\\/secure.gravatar.com\\\/avatar\\\/64fc58d14679bdd185946349bcb229b06e37d30d6290c2bec15f1daa8f8e0ece?s=96&d=mm&r=g\",\"caption\":\"Ad\u00e8le Thoumieux\"},\"sameAs\":[\"http:\\\/\\\/ihedn.fr\"],\"url\":\"https:\\\/\\\/ihedn.fr\\\/en\\\/author\\\/thoumieux\\\/\"}]}<\/script>\n<!-- \/ Yoast SEO plugin. -->","yoast_head_json":{"title":"D\u00e9mocratie(s) et dissuasion - IHEDN : Institut des hautes \u00e9tudes de d\u00e9fense nationale (French Institute for Advanced National Defence Studies)","description":"On 9 December 2024, at 6.30 p.m., attend this strategic debate proposed by the IHEDN - Democracy(ies) and deterrence","robots":{"index":"index","follow":"follow","max-snippet":"max-snippet:-1","max-image-preview":"max-image-preview:large","max-video-preview":"max-video-preview:-1"},"canonical":"https:\/\/ihedn.fr\/en\/les-debats-strategiques\/democraties-et-dissuasion\/","og_locale":"en_GB","og_type":"article","og_title":"D\u00e9mocratie(s) et dissuasion","og_description":"Le18 novembre 2024, \u00e0 18h30, assistez \u00e0 ce d\u00e9bat strat\u00e9gique propos\u00e9 par l'IHEDN.D\u00e9mocratie(s) et dissuasion","og_url":"https:\/\/ihedn.fr\/en\/les-debats-strategiques\/democraties-et-dissuasion\/","og_site_name":"L&#039;IHEDN : Institut des hautes \u00e9tudes de d\u00e9fense nationale","article_publisher":"https:\/\/www.facebook.com\/ihedn\/","article_published_time":"2024-10-24T10:50:06+00:00","article_modified_time":"2025-04-09T13:53:58+00:00","og_image":[{"width":1920,"height":1080,"url":"https:\/\/ihedn.fr\/wp-content\/uploads\/2024\/11\/ROSSELET_DEBSTRATEGIQUE-002.jpg","type":"image\/jpeg"}],"author":"Ad\u00e8le Thoumieux","twitter_card":"summary_large_image","twitter_title":"D\u00e9mocratie(s) et dissuasion","twitter_description":"Le18 novembre 2024, \u00e0 18h30, assistez \u00e0 ce d\u00e9bat strat\u00e9gique propos\u00e9 par l'IHEDN. D\u00e9mocratie(s) et dissuasion","twitter_image":"https:\/\/ihedn.fr\/wp-content\/uploads\/2024\/11\/ROSSELET_DEBSTRATEGIQUE-002.jpg","twitter_creator":"@IHEDN","twitter_site":"@IHEDN","twitter_misc":{"Written by":"Ad\u00e8le Thoumieux","Estimated reading time":"2 minutes"},"schema":{"@context":"https:\/\/schema.org","@graph":[{"@type":"Article","@id":"https:\/\/ihedn.fr\/les-debats-strategiques\/democraties-et-dissuasion\/#article","isPartOf":{"@id":"https:\/\/ihedn.fr\/les-debats-strategiques\/democraties-et-dissuasion\/"},"author":{"name":"Ad\u00e8le Thoumieux","@id":"https:\/\/ihedn.fr\/#\/schema\/person\/16d49c2bd0121499ea9b9023ce89826c"},"headline":"D\u00e9mocratie(s) et dissuasion","datePublished":"2024-10-24T10:50:06+00:00","dateModified":"2025-04-09T13:53:58+00:00","mainEntityOfPage":{"@id":"https:\/\/ihedn.fr\/les-debats-strategiques\/democraties-et-dissuasion\/"},"wordCount":254,"publisher":{"@id":"https:\/\/ihedn.fr\/#organization"},"image":{"@id":"https:\/\/ihedn.fr\/les-debats-strategiques\/democraties-et-dissuasion\/#primaryimage"},"thumbnailUrl":"https:\/\/ihedn.fr\/wp-content\/uploads\/2024\/11\/ROSSELET_DEBSTRATEGIQUE-002.jpg","keywords":["d\u00e9bat-strat\u00e9gique","pr\u00e9c\u00e9dent-d\u00e9bat-strat\u00e9gique"],"articleSection":["Les d\u00e9bats strat\u00e9giques"],"inLanguage":"en-GB"},{"@type":"WebPage","@id":"https:\/\/ihedn.fr\/les-debats-strategiques\/democraties-et-dissuasion\/","url":"https:\/\/ihedn.fr\/les-debats-strategiques\/democraties-et-dissuasion\/","name":"D\u00e9mocratie(s) et dissuasion - IHEDN : Institut des hautes \u00e9tudes de d\u00e9fense nationale (French Institute for Advanced National Defence Studies)","isPartOf":{"@id":"https:\/\/ihedn.fr\/#website"},"primaryImageOfPage":{"@id":"https:\/\/ihedn.fr\/les-debats-strategiques\/democraties-et-dissuasion\/#primaryimage"},"image":{"@id":"https:\/\/ihedn.fr\/les-debats-strategiques\/democraties-et-dissuasion\/#primaryimage"},"thumbnailUrl":"https:\/\/ihedn.fr\/wp-content\/uploads\/2024\/11\/ROSSELET_DEBSTRATEGIQUE-002.jpg","datePublished":"2024-10-24T10:50:06+00:00","dateModified":"2025-04-09T13:53:58+00:00","description":"On 9 December 2024, at 6.30 p.m., attend this strategic debate proposed by the IHEDN - Democracy(ies) and deterrence","breadcrumb":{"@id":"https:\/\/ihedn.fr\/les-debats-strategiques\/democraties-et-dissuasion\/#breadcrumb"},"inLanguage":"en-GB","potentialAction":[{"@type":"ReadAction","target":["https:\/\/ihedn.fr\/les-debats-strategiques\/democraties-et-dissuasion\/"]}]},{"@type":"ImageObject","inLanguage":"en-GB","@id":"https:\/\/ihedn.fr\/les-debats-strategiques\/democraties-et-dissuasion\/#primaryimage","url":"https:\/\/ihedn.fr\/wp-content\/uploads\/2024\/11\/ROSSELET_DEBSTRATEGIQUE-002.jpg","contentUrl":"https:\/\/ihedn.fr\/wp-content\/uploads\/2024\/11\/ROSSELET_DEBSTRATEGIQUE-002.jpg","width":1920,"height":1080},{"@type":"BreadcrumbList","@id":"https:\/\/ihedn.fr\/les-debats-strategiques\/democraties-et-dissuasion\/#breadcrumb","itemListElement":[{"@type":"ListItem","position":1,"name":"Accueil","item":"https:\/\/ihedn.fr\/"},{"@type":"ListItem","position":2,"name":"D\u00e9mocratie(s) et dissuasion"}]},{"@type":"WebSite","@id":"https:\/\/ihedn.fr\/#website","url":"https:\/\/ihedn.fr\/","name":"IHEDN: Institut des hautes \u00e9tudes de d\u00e9fense nationale (Institute for Higher National Defence Studies)","description":"Official website of the IHEDN under the supervision of the Prime Minister.","publisher":{"@id":"https:\/\/ihedn.fr\/#organization"},"potentialAction":[{"@type":"SearchAction","target":{"@type":"EntryPoint","urlTemplate":"https:\/\/ihedn.fr\/?s={search_term_string}"},"query-input":{"@type":"PropertyValueSpecification","valueRequired":true,"valueName":"search_term_string"}}],"inLanguage":"en-GB"},{"@type":"Organization","@id":"https:\/\/ihedn.fr\/#organization","name":"IHEDN - Institute for Higher National Defence Studies","url":"https:\/\/ihedn.fr\/","logo":{"@type":"ImageObject","inLanguage":"en-GB","@id":"https:\/\/ihedn.fr\/#\/schema\/logo\/image\/","url":"https:\/\/ihedn.fr\/wp-content\/uploads\/2020\/11\/BLOC_RF_IHEDN_WEB.png","contentUrl":"https:\/\/ihedn.fr\/wp-content\/uploads\/2020\/11\/BLOC_RF_IHEDN_WEB.png","width":500,"height":237,"caption":"IHEDN - Institut des Hautes Etudes de D\u00e9fense Nationale"},"image":{"@id":"https:\/\/ihedn.fr\/#\/schema\/logo\/image\/"},"sameAs":["https:\/\/www.facebook.com\/ihedn\/","https:\/\/x.com\/IHEDN","https:\/\/www.instagram.com\/ihedn\/","https:\/\/www.linkedin.com\/school\/ihedn\/","https:\/\/fr.wikipedia.org\/wiki\/Institut_des_hautes_\u00e9tudes_de_D\u00e9fense_nationale"]},{"@type":"Person","@id":"https:\/\/ihedn.fr\/#\/schema\/person\/16d49c2bd0121499ea9b9023ce89826c","name":"Ad\u00e8le Thoumieux","image":{"@type":"ImageObject","inLanguage":"en-GB","@id":"https:\/\/secure.gravatar.com\/avatar\/64fc58d14679bdd185946349bcb229b06e37d30d6290c2bec15f1daa8f8e0ece?s=96&d=mm&r=g","url":"https:\/\/secure.gravatar.com\/avatar\/64fc58d14679bdd185946349bcb229b06e37d30d6290c2bec15f1daa8f8e0ece?s=96&d=mm&r=g","contentUrl":"https:\/\/secure.gravatar.com\/avatar\/64fc58d14679bdd185946349bcb229b06e37d30d6290c2bec15f1daa8f8e0ece?s=96&d=mm&r=g","caption":"Ad\u00e8le Thoumieux"},"sameAs":["http:\/\/ihedn.fr"],"url":"https:\/\/ihedn.fr\/en\/author\/thoumieux\/"}]}},"publishpress_future_action":{"enabled":false,"date":"2026-05-06 13:33:41","action":"change-status","newStatus":"draft","terms":[],"taxonomy":"category","extraData":[]},"publishpress_future_workflow_manual_trigger":{"enabledWorkflows":[]},"_links":{"self":[{"href":"https:\/\/ihedn.fr\/en\/wp-json\/wp\/v2\/posts\/51357","targetHints":{"allow":["GET"]}}],"collection":[{"href":"https:\/\/ihedn.fr\/en\/wp-json\/wp\/v2\/posts"}],"about":[{"href":"https:\/\/ihedn.fr\/en\/wp-json\/wp\/v2\/types\/post"}],"author":[{"embeddable":true,"href":"https:\/\/ihedn.fr\/en\/wp-json\/wp\/v2\/users\/12"}],"replies":[{"embeddable":true,"href":"https:\/\/ihedn.fr\/en\/wp-json\/wp\/v2\/comments?post=51357"}],"version-history":[{"count":17,"href":"https:\/\/ihedn.fr\/en\/wp-json\/wp\/v2\/posts\/51357\/revisions"}],"predecessor-version":[{"id":53613,"href":"https:\/\/ihedn.fr\/en\/wp-json\/wp\/v2\/posts\/51357\/revisions\/53613"}],"wp:featuredmedia":[{"embeddable":true,"href":"https:\/\/ihedn.fr\/en\/wp-json\/wp\/v2\/media\/51358"}],"wp:attachment":[{"href":"https:\/\/ihedn.fr\/en\/wp-json\/wp\/v2\/media?parent=51357"}],"wp:term":[{"taxonomy":"category","embeddable":true,"href":"https:\/\/ihedn.fr\/en\/wp-json\/wp\/v2\/categories?post=51357"},{"taxonomy":"post_tag","embeddable":true,"href":"https:\/\/ihedn.fr\/en\/wp-json\/wp\/v2\/tags?post=51357"}],"curies":[{"name":"wp","href":"https:\/\/api.w.org\/{rel}","templated":true}]}}