{"id":51383,"date":"2024-11-08T17:16:59","date_gmt":"2024-11-08T16:16:59","guid":{"rendered":"https:\/\/ihedn.fr\/?p=51383"},"modified":"2026-01-09T15:00:55","modified_gmt":"2026-01-09T14:00:55","slug":"le-wagon-de-rethondes-dun-armistice-a-lautre","status":"publish","type":"post","link":"https:\/\/ihedn.fr\/en\/notre-selection\/le-wagon-de-rethondes-dun-armistice-a-lautre\/","title":{"rendered":"The Rethondes carriage, from one armistice to the next"},"content":{"rendered":"<div data-elementor-type=\"wp-post\" data-elementor-id=\"51383\" class=\"elementor elementor-51383\" data-elementor-post-type=\"post\">\n\t\t\t\t<div data-particle_enable=\"false\" data-particle-mobile-disabled=\"false\" class=\"elementor-element elementor-element-230dc34 e-flex e-con-boxed e-con e-parent\" data-id=\"230dc34\" data-element_type=\"container\" data-e-type=\"container\">\n\t\t\t\t\t<div class=\"e-con-inner\">\n\t\t\t\t<div class=\"elementor-element elementor-element-e5963ae elementor-widget elementor-widget-text-editor\" data-id=\"e5963ae\" data-element_type=\"widget\" data-e-type=\"widget\" data-widget_type=\"text-editor.default\">\n\t\t\t\t<div class=\"elementor-widget-container\">\n\t\t\t\t\t\t\t\t\t<p style=\"text-align: left;\">Today, the Armistice wagon sits in a building in the clearing at Rethondes, in the Oise region, some sixty kilometres north of Paris. With educational workshops for schoolchildren, secondary school pupils and high school students, a rich museum that was completely renovated in 2018, military equipment and numerous commemorative monuments: with around 50,000 visitors a year (80,000 in the centenary year), this place is a major place of remembrance, and the second most important tourist site in the d\u00e9partement, after Pierrefonds Castle.<\/p><p style=\"text-align: left;\">But this clearing is not in Rethondes, and the carriage is not the one in which the two armistices were initialled, on 11 November 1918 and 22 June 1940. The <a href=\"http:\/\/www.musee-armistice-14-18.fr\/\" target=\"_blank\" rel=\"noopener\">Armistice Memorial<\/a> is located in the commune of Compi\u00e8gne, in the forest of the same name, not far from the village of Rethondes. The original railway carriage burnt down in 1945.<\/p><p style=\"text-align: left;\">In fact, many questions surround these two historic signatures. Firstly, why sign the 1918 armistice in a wagon in the middle of the forest and not, for example, in the magnificent ballroom of the nearby Ch\u00e2teau de Compi\u00e8gne? \"Marshal Foch wanted it to be discreet, and above all he didn't want any politicians or journalists to arrive,\" explains Major (ER) Dominique Valembois, General Secretary of the M\u00e9morial de l'Armistice, an association set up in 1950. Generalissimo of the Allied armies at the time of their victory over the German Empire,\u00a0<a href=\"https:\/\/ihedn.fr\/en\/lundis-de-lihedn\/le-marechal-foch-apotre-de-lunite-de-leffort\/\" target=\"_blank\" rel=\"noopener\">Ferdinand Foch<\/a> had a command train, \"a sort of 'Air Force One' of the time\", as the major sums it up.<\/p>\t\t\t\t\t\t\t\t<\/div>\n\t\t\t\t<\/div>\n\t\t\t\t\t<\/div>\n\t\t\t\t<\/div>\n\t\t<div data-particle_enable=\"false\" data-particle-mobile-disabled=\"false\" class=\"elementor-element elementor-element-7bf256b e-con-full e-flex e-con e-parent\" data-id=\"7bf256b\" data-element_type=\"container\" data-e-type=\"container\">\n\t\t\t\t<div class=\"elementor-element elementor-element-618c98c elementor-widget elementor-widget-heading\" data-id=\"618c98c\" data-element_type=\"widget\" data-e-type=\"widget\" data-widget_type=\"heading.default\">\n\t\t\t\t<div class=\"elementor-widget-container\">\n\t\t\t\t\t<h2 class=\"elementor-heading-title elementor-size-default\">MARSHAL FOCH'S INTENTION WAS \"NOT TO HUMILIATE THE GERMANS\".<\/h2>\t\t\t\t<\/div>\n\t\t\t\t<\/div>\n\t\t\t\t<div class=\"elementor-element elementor-element-cbc595a elementor-widget-divider--view-line elementor-widget elementor-widget-divider\" data-id=\"cbc595a\" data-element_type=\"widget\" data-e-type=\"widget\" data-widget_type=\"divider.default\">\n\t\t\t\t<div class=\"elementor-widget-container\">\n\t\t\t\t\t\t\t<div class=\"elementor-divider\">\n\t\t\t<span class=\"elementor-divider-separator\">\n\t\t\t\t\t\t<\/span>\n\t\t<\/div>\n\t\t\t\t\t\t<\/div>\n\t\t\t\t<\/div>\n\t\t<div data-particle_enable=\"false\" data-particle-mobile-disabled=\"false\" class=\"elementor-element elementor-element-916e219 e-con-full e-flex e-con e-child\" data-id=\"916e219\" data-element_type=\"container\" data-e-type=\"container\">\n\t\t\t\t<div class=\"elementor-element elementor-element-ac5323e elementor-widget__width-initial elementor-widget elementor-widget-text-editor\" data-id=\"ac5323e\" data-element_type=\"widget\" data-e-type=\"widget\" data-widget_type=\"text-editor.default\">\n\t\t\t\t<div class=\"elementor-widget-container\">\n\t\t\t\t\t\t\t\t\t<p style=\"text-align: left;\">In his view, the commander-in-chief had \"a desire not to humiliate the soldiers, who had fought well\". Jean-Yves Bonnard, a doctor in human sciences and secondary school teacher in the Oise region, notes that General Weygand, Foch's aide-de-camp who read out the terms of the armistice to the Germans, refers in his memoirs to this concern \"not to humiliate\" them: \"For Marshal Foch, it was not a celebration, he knew the suffering experienced by the soldiers\". Author of \"Rethondes, le jour o\u00f9 l'Histoire s'est arr\u00eat\u00e9e\" (\u00c9d. du Trotteur ail\u00e9, 2008), the professor adds that \"Joffre's main headquarters before 1916 was at Chantilly, under the gaze of the international press. Foch had a bad memory of this media presence, which was far too strong.<\/p><p style=\"text-align: left;\">What's more, at the beginning of November 1918, \"we were on the victory offensive, the front lines were constantly moving in the Ardennes, and we had to be able to leave quickly if we needed to,\" adds Jean-Yves Bonnard, who is also chairman of the association. <a href=\"https:\/\/www.patrimoine-grande-guerre.fr\/\" target=\"_blank\" rel=\"noopener\">Heritage of the Great War<\/a>. The clearing at Rethondes, close to the station of the same name, was ideal for this purpose: the railway network, used to transport heavy artillery, was divided into a spur of four tracks. This allowed the delegations to arrive quickly, and then to park the Foch train and the German train in parallel.<\/p><p style=\"text-align: left;\">The negotiations took place on the French train, in a Compagnie internationale des wagons-lits dining car delivered in 1914. The armistice was signed between 5.12am and 5.20am, the culmination of the final talks that had begun at 2am on 11 November. There are no photos of the signing, and only one of the allied delegation leaving the carriage - Foch's concern for discretion. \"A railway worker also took a shot from a distance, like a paparazzi,\" adds Major Valembois.<\/p>\t\t\t\t\t\t\t\t<\/div>\n\t\t\t\t<\/div>\n\t\t\t\t<\/div>\n\t\t\t\t<\/div>\n\t\t<div data-particle_enable=\"false\" data-particle-mobile-disabled=\"false\" class=\"elementor-element elementor-element-e05f22e e-con-full e-flex e-con e-parent\" data-id=\"e05f22e\" data-element_type=\"container\" data-e-type=\"container\">\n\t\t\t\t<div class=\"elementor-element elementor-element-b35d1b9 elementor-widget elementor-widget-image\" data-id=\"b35d1b9\" data-element_type=\"widget\" data-e-type=\"widget\" data-widget_type=\"image.default\">\n\t\t\t\t<div class=\"elementor-widget-container\">\n\t\t\t\t\t\t\t\t\t\t\t\t<figure class=\"wp-caption\">\n\t\t\t\t\t\t\t\t\t\t<img fetchpriority=\"high\" decoding=\"async\" width=\"545\" height=\"719\" src=\"https:\/\/ihedn.fr\/wp-content\/uploads\/2024\/11\/Armisticetrain.jpg\" class=\"attachment-large size-large wp-image-51382\" alt=\"\" srcset=\"https:\/\/ihedn.fr\/wp-content\/uploads\/2024\/11\/Armisticetrain.jpg 545w, https:\/\/ihedn.fr\/wp-content\/uploads\/2024\/11\/Armisticetrain-9x12.jpg 9w\" sizes=\"(max-width: 545px) 100vw, 545px\" \/>\t\t\t\t\t\t\t\t\t\t\t<figcaption class=\"widget-image-caption wp-caption-text\">At around 5.30am on 11 November, the Allied delegation exits the carriage after the armistice has been signed. This is the only official photograph of the event.<\/figcaption>\n\t\t\t\t\t\t\t\t\t\t<\/figure>\n\t\t\t\t\t\t\t\t\t<\/div>\n\t\t\t\t<\/div>\n\t\t\t\t<\/div>\n\t\t<div data-particle_enable=\"false\" data-particle-mobile-disabled=\"false\" class=\"elementor-element elementor-element-38dd2f0 e-flex e-con-boxed e-con e-parent\" data-id=\"38dd2f0\" data-element_type=\"container\" data-e-type=\"container\">\n\t\t\t\t\t<div class=\"e-con-inner\">\n\t\t\t\t<div class=\"elementor-element elementor-element-5b28248 elementor-widget elementor-widget-text-editor\" data-id=\"5b28248\" data-element_type=\"widget\" data-e-type=\"widget\" data-widget_type=\"text-editor.default\">\n\t\t\t\t<div class=\"elementor-widget-container\">\n\t\t\t\t\t\t\t\t\t<p style=\"text-align: left;\">After the war, the conditions of the 1919 Treaty of Versailles (perceived in Germany as a \"diktat\"), the weakness of the Weimar Republic and the stock market crash of 1929 fuelled the political rise of a former corporal of the Great War: Adolf Hitler. Defeated in 1940 after less than nine months of fighting, Germany forced France to sign the armistice in the same clearing at Rethondes.<\/p>\t\t\t\t\t\t\t\t<\/div>\n\t\t\t\t<\/div>\n\t\t\t\t<div class=\"elementor-element elementor-element-360add0 elementor-widget elementor-widget-heading\" data-id=\"360add0\" data-element_type=\"widget\" data-e-type=\"widget\" data-widget_type=\"heading.default\">\n\t\t\t\t<div class=\"elementor-widget-container\">\n\t\t\t\t\t<h2 class=\"elementor-heading-title elementor-size-default\">ADOLF HITLER WANTED TO \"MAKE AMENDS FOR 1918\".<\/h2>\t\t\t\t<\/div>\n\t\t\t\t<\/div>\n\t\t\t\t<div class=\"elementor-element elementor-element-3c7c023 elementor-widget-divider--view-line elementor-widget elementor-widget-divider\" data-id=\"3c7c023\" data-element_type=\"widget\" data-e-type=\"widget\" data-widget_type=\"divider.default\">\n\t\t\t\t<div class=\"elementor-widget-container\">\n\t\t\t\t\t\t\t<div class=\"elementor-divider\">\n\t\t\t<span class=\"elementor-divider-separator\">\n\t\t\t\t\t\t<\/span>\n\t\t<\/div>\n\t\t\t\t\t\t<\/div>\n\t\t\t\t<\/div>\n\t\t\t\t\t<\/div>\n\t\t\t\t<\/div>\n\t\t<div data-particle_enable=\"false\" data-particle-mobile-disabled=\"false\" class=\"elementor-element elementor-element-f5feabf e-flex e-con-boxed e-con e-parent\" data-id=\"f5feabf\" data-element_type=\"container\" data-e-type=\"container\">\n\t\t\t\t\t<div class=\"e-con-inner\">\n\t\t\t\t<div class=\"elementor-element elementor-element-47e3dc2 elementor-widget elementor-widget-text-editor\" data-id=\"47e3dc2\" data-element_type=\"widget\" data-e-type=\"widget\" data-widget_type=\"text-editor.default\">\n\t\t\t\t<div class=\"elementor-widget-container\">\n\t\t\t\t\t\t\t\t\t<p style=\"text-align: left;\">For Major Valembois, \"it was Hitler's choice to humiliate the French where the Germans had been humiliated in 1918\". The F\u00fchrer pulled out all the stops: a take-charge with microphones and loudspeakers, numerous journalists, including those from the American magazine Life, who published colour photos... His troops removed the 1918 wagon from the museum where it had been (after having sat for a long time in the courtyard of Les Invalides in Paris) by demolishing a wall and replaced it in the same place as it had been 22 years earlier.<\/p><p style=\"text-align: left;\">On 21 June 1940, Hitler arrived in the clearing. \"He read a letter to the French delegates saying that he wanted to wash away the stain, the affront of 1918\", recounts Jean-Yves Bonnard. \"For him, it was German politicians, not the military, who had lost the previous war. In 1940, he was in absolute glory for having got rid so quickly of an army that was seen as the most powerful in the world.<\/p>\t\t\t\t\t\t\t\t<\/div>\n\t\t\t\t<\/div>\n\t\t\t\t\t<\/div>\n\t\t\t\t<\/div>\n\t\t<div data-particle_enable=\"false\" data-particle-mobile-disabled=\"false\" class=\"elementor-element elementor-element-d8f6ad2 e-flex e-con-boxed e-con e-parent\" data-id=\"d8f6ad2\" data-element_type=\"container\" data-e-type=\"container\">\n\t\t\t\t\t<div class=\"e-con-inner\">\n\t\t\t\t<div class=\"elementor-element elementor-element-f000d8b elementor-widget elementor-widget-image\" data-id=\"f000d8b\" data-element_type=\"widget\" data-e-type=\"widget\" data-widget_type=\"image.default\">\n\t\t\t\t<div class=\"elementor-widget-container\">\n\t\t\t\t\t\t\t\t\t\t\t\t<figure class=\"wp-caption\">\n\t\t\t\t\t\t\t\t\t\t<img decoding=\"async\" width=\"720\" height=\"480\" src=\"https:\/\/ihedn.fr\/wp-content\/uploads\/2024\/11\/Hitler_and_german-nazi_officers_staring_at_french_marechal_foch_statue_21_June_1940.png\" class=\"attachment-full size-full wp-image-51385\" alt=\"\" srcset=\"https:\/\/ihedn.fr\/wp-content\/uploads\/2024\/11\/Hitler_and_german-nazi_officers_staring_at_french_marechal_foch_statue_21_June_1940.png 720w, https:\/\/ihedn.fr\/wp-content\/uploads\/2024\/11\/Hitler_and_german-nazi_officers_staring_at_french_marechal_foch_statue_21_June_1940-18x12.png 18w\" sizes=\"(max-width: 720px) 100vw, 720px\" \/>\t\t\t\t\t\t\t\t\t\t\t<figcaption class=\"widget-image-caption wp-caption-text\">On 21 June 1940, Adolf Hitler (hand at his side) looks up at the statue of Marshal Foch before entering the carriage (right). <\/figcaption>\n\t\t\t\t\t\t\t\t\t\t<\/figure>\n\t\t\t\t\t\t\t\t\t<\/div>\n\t\t\t\t<\/div>\n\t\t\t\t\t<\/div>\n\t\t\t\t<\/div>\n\t\t<div data-particle_enable=\"false\" data-particle-mobile-disabled=\"false\" class=\"elementor-element elementor-element-3cafcc8 e-flex e-con-boxed e-con e-parent\" data-id=\"3cafcc8\" data-element_type=\"container\" data-e-type=\"container\">\n\t\t\t\t\t<div class=\"e-con-inner\">\n\t\t\t\t<div class=\"elementor-element elementor-element-2da25d0 elementor-widget elementor-widget-text-editor\" data-id=\"2da25d0\" data-element_type=\"widget\" data-e-type=\"widget\" data-widget_type=\"text-editor.default\">\n\t\t\t\t<div class=\"elementor-widget-container\">\n\t\t\t\t\t\t\t\t\t<p style=\"text-align: left;\">\"It is considered that he only stayed for an hour\", adds Dominique Valembois. The next day, the Nazi dictator did not attend the signing of the armistice. But immediately afterwards, his orders were followed to the letter: the museum building was dynamited, the tracks removed and the clearing ploughed. Only the large statue of Marshal Foch, installed there in 1938, remained.<\/p>\t\t\t\t\t\t\t\t<\/div>\n\t\t\t\t<\/div>\n\t\t\t\t\t<\/div>\n\t\t\t\t<\/div>\n\t\t<div data-particle_enable=\"false\" data-particle-mobile-disabled=\"false\" class=\"elementor-element elementor-element-16f6dd8 e-flex e-con-boxed e-con e-parent\" data-id=\"16f6dd8\" data-element_type=\"container\" data-e-type=\"container\">\n\t\t\t\t\t<div class=\"e-con-inner\">\n\t\t\t\t<div class=\"elementor-element elementor-element-884c616 elementor-widget elementor-widget-heading\" data-id=\"884c616\" data-element_type=\"widget\" data-e-type=\"widget\" data-widget_type=\"heading.default\">\n\t\t\t\t<div class=\"elementor-widget-container\">\n\t\t\t\t\t<h2 class=\"elementor-heading-title elementor-size-default\">WHY DID HITLER SPARE THE STATUE OF FOCH?<\/h2>\t\t\t\t<\/div>\n\t\t\t\t<\/div>\n\t\t\t\t<div class=\"elementor-element elementor-element-7931e8e elementor-widget-divider--view-line elementor-widget elementor-widget-divider\" data-id=\"7931e8e\" data-element_type=\"widget\" data-e-type=\"widget\" data-widget_type=\"divider.default\">\n\t\t\t\t<div class=\"elementor-widget-container\">\n\t\t\t\t\t\t\t<div class=\"elementor-divider\">\n\t\t\t<span class=\"elementor-divider-separator\">\n\t\t\t\t\t\t<\/span>\n\t\t<\/div>\n\t\t\t\t\t\t<\/div>\n\t\t\t\t<\/div>\n\t\t\t\t\t<\/div>\n\t\t\t\t<\/div>\n\t\t<div data-particle_enable=\"false\" data-particle-mobile-disabled=\"false\" class=\"elementor-element elementor-element-e8da5c4 e-flex e-con-boxed e-con e-parent\" data-id=\"e8da5c4\" data-element_type=\"container\" data-e-type=\"container\">\n\t\t\t\t\t<div class=\"e-con-inner\">\n\t\t\t\t<div class=\"elementor-element elementor-element-382e976 elementor-widget elementor-widget-text-editor\" data-id=\"382e976\" data-element_type=\"widget\" data-e-type=\"widget\" data-widget_type=\"text-editor.default\">\n\t\t\t\t<div class=\"elementor-widget-container\">\n\t\t\t\t\t\t\t\t\t<p style=\"text-align: left;\">This indulgence of the 1918 victor gives rise to several hypotheses. \"Either Hitler respected First World War veterans such as Foch and P\u00e9tain,\" says Major Valembois. \"Or, but this is unlikely, he wanted Foch to 'contemplate' the now empty clearing. Or, since he was superstitious, as his official biographer said, he might have feared that destroying the statue would bring him bad luck.<\/p><p style=\"text-align: left;\">Jean-Yves Bonnard suggests another possible explanation: \"Perhaps he wanted this gesture to maintain good relations with P\u00e9tain's France? In the armistice treaty, an article stipulates that war memorials must not be destroyed. Only those that were too ostentatious in celebrating past French victory (such as a cockerel or a Poilu crushing the imperial eagle) were blown up.<\/p>\t\t\t\t\t\t\t\t<\/div>\n\t\t\t\t<\/div>\n\t\t\t\t\t<\/div>\n\t\t\t\t<\/div>\n\t\t<div data-particle_enable=\"false\" data-particle-mobile-disabled=\"false\" class=\"elementor-element elementor-element-e630529 e-flex e-con-boxed e-con e-parent\" data-id=\"e630529\" data-element_type=\"container\" data-e-type=\"container\">\n\t\t\t\t\t<div class=\"e-con-inner\">\n\t\t\t\t<div class=\"elementor-element elementor-element-6e9c992 elementor-widget elementor-widget-image\" data-id=\"6e9c992\" data-element_type=\"widget\" data-e-type=\"widget\" data-widget_type=\"image.default\">\n\t\t\t\t<div class=\"elementor-widget-container\">\n\t\t\t\t\t\t\t\t\t\t\t\t<figure class=\"wp-caption\">\n\t\t\t\t\t\t\t\t\t\t<img decoding=\"async\" width=\"797\" height=\"530\" src=\"https:\/\/ihedn.fr\/wp-content\/uploads\/2024\/11\/Bundesarchiv_Bild_146-1982-089-18_Waffenstillstand_von_Compiegne_Unterhandler.jpg\" class=\"attachment-full size-full wp-image-51386\" alt=\"\" srcset=\"https:\/\/ihedn.fr\/wp-content\/uploads\/2024\/11\/Bundesarchiv_Bild_146-1982-089-18_Waffenstillstand_von_Compiegne_Unterhandler.jpg 797w, https:\/\/ihedn.fr\/wp-content\/uploads\/2024\/11\/Bundesarchiv_Bild_146-1982-089-18_Waffenstillstand_von_Compiegne_Unterhandler-18x12.jpg 18w\" sizes=\"(max-width: 797px) 100vw, 797px\" \/>\t\t\t\t\t\t\t\t\t\t\t<figcaption class=\"widget-image-caption wp-caption-text\">Signing of the armistice on 22 June 1940, with German General Wilhelm Keitel on the left and the French delegation led by General Charles Huntziger (centre) on the right. Credits: Bundesarchiv, Bild 146-1982-089-18 \/ CC-BY-SA 3.0.<\/figcaption>\n\t\t\t\t\t\t\t\t\t\t<\/figure>\n\t\t\t\t\t\t\t\t\t<\/div>\n\t\t\t\t<\/div>\n\t\t\t\t\t<\/div>\n\t\t\t\t<\/div>\n\t\t<div data-particle_enable=\"false\" data-particle-mobile-disabled=\"false\" class=\"elementor-element elementor-element-fa1cecb e-flex e-con-boxed e-con e-parent\" data-id=\"fa1cecb\" data-element_type=\"container\" data-e-type=\"container\">\n\t\t\t\t\t<div class=\"e-con-inner\">\n\t\t\t\t<div class=\"elementor-element elementor-element-8520608 elementor-widget elementor-widget-text-editor\" data-id=\"8520608\" data-element_type=\"widget\" data-e-type=\"widget\" data-widget_type=\"text-editor.default\">\n\t\t\t\t<div class=\"elementor-widget-container\">\n\t\t\t\t\t\t\t\t\t<p style=\"text-align: left;\">The two armistices wagon was sent to Germany as a war trophy, along with the monuments in the clearing. Displayed in front of the Brandenburg Gate and then in a park in central Berlin, it was evacuated in 1944 to Thuringia, in the centre of the country. It was there that it burned down in 1945, in an accidental fire at the railway station where it was located.<\/p><p style=\"text-align: left;\">\"It was no longer guarded, and children used to play inside,\" says Dominique Valembois. \"Some villagers had even recovered the bronze letters 'Compagnie internationale des wagons-lits',\" adds Jean-Yves Bonnard. \"All the wood burnt down, but as the metal structure remained, it was used after the war to transport logs.<\/p>\t\t\t\t\t\t\t\t<\/div>\n\t\t\t\t<\/div>\n\t\t\t\t\t<\/div>\n\t\t\t\t<\/div>\n\t\t<div data-particle_enable=\"false\" data-particle-mobile-disabled=\"false\" class=\"elementor-element elementor-element-afb3687 e-flex e-con-boxed e-con e-parent\" data-id=\"afb3687\" data-element_type=\"container\" data-e-type=\"container\">\n\t\t\t\t\t<div class=\"e-con-inner\">\n\t\t\t\t<div class=\"elementor-element elementor-element-cb1bb36 elementor-widget elementor-widget-heading\" data-id=\"cb1bb36\" data-element_type=\"widget\" data-e-type=\"widget\" data-widget_type=\"heading.default\">\n\t\t\t\t<div class=\"elementor-widget-container\">\n\t\t\t\t\t<h2 class=\"elementor-heading-title elementor-size-default\">IN 1944, THE FRENCH \"ERASED\" THE DEFEAT OF 1940<\/h2>\t\t\t\t<\/div>\n\t\t\t\t<\/div>\n\t\t\t\t<div class=\"elementor-element elementor-element-e4abece elementor-widget-divider--view-line elementor-widget elementor-widget-divider\" data-id=\"e4abece\" data-element_type=\"widget\" data-e-type=\"widget\" data-widget_type=\"divider.default\">\n\t\t\t\t<div class=\"elementor-widget-container\">\n\t\t\t\t\t\t\t<div class=\"elementor-divider\">\n\t\t\t<span class=\"elementor-divider-separator\">\n\t\t\t\t\t\t<\/span>\n\t\t<\/div>\n\t\t\t\t\t\t<\/div>\n\t\t\t\t<\/div>\n\t\t\t\t\t<\/div>\n\t\t\t\t<\/div>\n\t\t<div data-particle_enable=\"false\" data-particle-mobile-disabled=\"false\" class=\"elementor-element elementor-element-c9b1a53 e-flex e-con-boxed e-con e-parent\" data-id=\"c9b1a53\" data-element_type=\"container\" data-e-type=\"container\">\n\t\t\t\t\t<div class=\"e-con-inner\">\n\t\t\t\t<div class=\"elementor-element elementor-element-15a7837 elementor-widget elementor-widget-text-editor\" data-id=\"15a7837\" data-element_type=\"widget\" data-e-type=\"widget\" data-widget_type=\"text-editor.default\">\n\t\t\t\t<div class=\"elementor-widget-container\">\n\t\t\t\t\t\t\t\t\t<p style=\"text-align: left;\">In France, once Compi\u00e8gne was liberated on 1<sup>er<\/sup> September 1944, the French reclaimed the clearing. Two ceremonies were organised on 1<sup>er<\/sup> and 11 November: \"The aim was to erase the defeat of 1940\", continues the teacher, \"with torch-lighting by scouts as if to 'purify' the site\".<\/p><p style=\"text-align: left;\">Reforested, the Armistice clearing no longer really existed. \"What follows is therefore a construction, a remembrance tourism development, of living memory\", analyses Jean-Yves Bonnard. \"It's not a government initiative, but a local one, supported by the press and veterans in the area.<\/p>\t\t\t\t\t\t\t\t<\/div>\n\t\t\t\t<\/div>\n\t\t\t\t\t<\/div>\n\t\t\t\t<\/div>\n\t\t<div data-particle_enable=\"false\" data-particle-mobile-disabled=\"false\" class=\"elementor-element elementor-element-15a71b7 e-flex e-con-boxed e-con e-parent\" data-id=\"15a71b7\" data-element_type=\"container\" data-e-type=\"container\">\n\t\t\t\t\t<div class=\"e-con-inner\">\n\t\t\t\t<div class=\"elementor-element elementor-element-a438e63 elementor-widget elementor-widget-image\" data-id=\"a438e63\" data-element_type=\"widget\" data-e-type=\"widget\" data-widget_type=\"image.default\">\n\t\t\t\t<div class=\"elementor-widget-container\">\n\t\t\t\t\t\t\t\t\t\t\t\t<figure class=\"wp-caption\">\n\t\t\t\t\t\t\t\t\t\t<img loading=\"lazy\" decoding=\"async\" width=\"1386\" height=\"921\" src=\"https:\/\/ihedn.fr\/wp-content\/uploads\/2024\/11\/wagon.jpg\" class=\"attachment-full size-full wp-image-51387\" alt=\"\" srcset=\"https:\/\/ihedn.fr\/wp-content\/uploads\/2024\/11\/wagon.jpg 1386w, https:\/\/ihedn.fr\/wp-content\/uploads\/2024\/11\/wagon-18x12.jpg 18w\" sizes=\"(max-width: 1386px) 100vw, 1386px\" \/>\t\t\t\t\t\t\t\t\t\t\t<figcaption class=\"widget-image-caption wp-caption-text\">The \"Armistice wagon\" today. Credits: Association du M\u00e9morial de l'Armistice.<\/figcaption>\n\t\t\t\t\t\t\t\t\t\t<\/figure>\n\t\t\t\t\t\t\t\t\t<\/div>\n\t\t\t\t<\/div>\n\t\t\t\t\t<\/div>\n\t\t\t\t<\/div>\n\t\t<div data-particle_enable=\"false\" data-particle-mobile-disabled=\"false\" class=\"elementor-element elementor-element-0c994a6 e-flex e-con-boxed e-con e-parent\" data-id=\"0c994a6\" data-element_type=\"container\" data-e-type=\"container\">\n\t\t\t\t\t<div class=\"e-con-inner\">\n\t\t\t\t<div class=\"elementor-element elementor-element-8d2b593 elementor-widget elementor-widget-text-editor\" data-id=\"8d2b593\" data-element_type=\"widget\" data-e-type=\"widget\" data-widget_type=\"text-editor.default\">\n\t\t\t\t<div class=\"elementor-widget-container\">\n\t\t\t\t\t\t\t\t\t<p style=\"text-align: left;\">The wagon that disappeared in Germany, no. 2419 D, has been replaced by another dining wagon from the series delivered in 1914, no. 2439 D. Fitted out like the Armistice wagon, it is the centrepiece of the Memorial. In the new museography inaugurated in 2018, three rooms are devoted to the armistice of 1918, followed by others to the inter-war period, and one to the armistice of 1940. Two armistices that have everything in common, except the place where they were signed.<\/p>\t\t\t\t\t\t\t\t<\/div>\n\t\t\t\t<\/div>\n\t\t\t\t\t<\/div>\n\t\t\t\t<\/div>\n\t\t\t\t<\/div>","protected":false},"excerpt":{"rendered":"<p>In 1918 and 1940, two agreements on the cessation of hostilities were signed in the same place, in a clearing in the Oise region. Why two armistices, in a railway carriage? A look back at these major historical events of the two world wars, in very different circumstances.<\/p>","protected":false},"author":12,"featured_media":51380,"comment_status":"closed","ping_status":"closed","sticky":false,"template":"","format":"standard","meta":{"footnotes":""},"categories":[207,41,171],"tags":[],"class_list":["post-51383","post","type-post","status-publish","format-standard","has-post-thumbnail","hentry","category-defense-militaire","category-lundis-de-lihedn","category-notre-selection"],"yoast_head":"<!-- This site is optimized with the Yoast SEO plugin v27.5 - https:\/\/yoast.com\/product\/yoast-seo-wordpress\/ -->\n<title>Le wagon de Rethondes, d\u2019un armistice \u00e0 l\u2019autre - L&#039;IHEDN : Institut des hautes \u00e9tudes de d\u00e9fense nationale<\/title>\n<meta name=\"description\" content=\"Des dizaines de sites d\u00e9pendant du minist\u00e8re des Arm\u00e9es ont ouvert ce week-end \u00e0 l\u2019occasion des Journ\u00e9es europ\u00e9ennes du patrimoine. Tout au long de l\u2019ann\u00e9e, par les pierres, l\u2019humain ou l\u2019immat\u00e9riel, le MinArm est le deuxi\u00e8me acteur culturel de l\u2019\u00c9tat fran\u00e7ais, m\u00eame hors de nos fronti\u00e8res. Revue de d\u00e9tail.\" \/>\n<meta name=\"robots\" content=\"index, follow, max-snippet:-1, max-image-preview:large, max-video-preview:-1\" \/>\n<link rel=\"canonical\" href=\"https:\/\/ihedn.fr\/en\/lundis-de-lihedn\/le-wagon-de-rethondes-dun-armistice-a-lautre\/\" \/>\n<meta property=\"og:locale\" content=\"en_GB\" \/>\n<meta property=\"og:type\" content=\"article\" \/>\n<meta property=\"og:title\" content=\"Le wagon de Rethondes, d\u2019un armistice \u00e0 l\u2019autre\" \/>\n<meta property=\"og:description\" content=\"En 1918 et 1940, deux conventions de cessation des hostilit\u00e9s \u00e9taient sign\u00e9es au m\u00eame endroit, dans une clairi\u00e8re de l\u2019Oise. Pourquoi deux armistices, dans une voiture de chemin de fer ? Retour sur ces \u00e9v\u00e9nements historiques majeurs des deux guerres mondiales, aux circonstances tr\u00e8s diff\u00e9rentes.\" \/>\n<meta property=\"og:url\" content=\"https:\/\/ihedn.fr\/en\/lundis-de-lihedn\/le-wagon-de-rethondes-dun-armistice-a-lautre\/\" \/>\n<meta property=\"og:site_name\" content=\"L&#039;IHEDN : Institut des hautes \u00e9tudes de d\u00e9fense nationale\" \/>\n<meta property=\"article:publisher\" content=\"https:\/\/www.facebook.com\/ihedn\/\" \/>\n<meta property=\"article:published_time\" content=\"2024-11-08T16:16:59+00:00\" \/>\n<meta property=\"article:modified_time\" content=\"2026-01-09T14:00:55+00:00\" \/>\n<meta property=\"og:image\" content=\"https:\/\/ihedn.fr\/wp-content\/uploads\/2024\/11\/LIH_11_11_2024_site_internet_.jpg\" \/>\n\t<meta property=\"og:image:width\" content=\"1920\" \/>\n\t<meta property=\"og:image:height\" content=\"1080\" \/>\n\t<meta property=\"og:image:type\" content=\"image\/jpeg\" \/>\n<meta name=\"author\" content=\"Ad\u00e8le Thoumieux\" \/>\n<meta name=\"twitter:card\" content=\"summary_large_image\" \/>\n<meta name=\"twitter:title\" content=\"Le wagon de Rethondes, d\u2019un armistice \u00e0 l\u2019autre\" \/>\n<meta name=\"twitter:description\" content=\"En 1918 et 1940, deux conventions de cessation des hostilit\u00e9s \u00e9taient sign\u00e9es au m\u00eame endroit, dans une clairi\u00e8re de l\u2019Oise. Pourquoi deux armistices, dans une voiture de chemin de fer ? Retour sur ces \u00e9v\u00e9nements historiques majeurs des deux guerres mondiales, aux circonstances tr\u00e8s diff\u00e9rentes.\" \/>\n<meta name=\"twitter:image\" content=\"https:\/\/ihedn.fr\/wp-content\/uploads\/2024\/11\/LIH_11_11_2024_site_internet_.jpg\" \/>\n<meta name=\"twitter:creator\" content=\"@IHEDN\" \/>\n<meta name=\"twitter:site\" content=\"@IHEDN\" \/>\n<meta name=\"twitter:label1\" content=\"Written by\" \/>\n\t<meta name=\"twitter:data1\" content=\"Ad\u00e8le Thoumieux\" \/>\n\t<meta name=\"twitter:label2\" content=\"Estimated reading time\" \/>\n\t<meta name=\"twitter:data2\" content=\"8 minutes\" \/>\n<script type=\"application\/ld+json\" class=\"yoast-schema-graph\">{\"@context\":\"https:\\\/\\\/schema.org\",\"@graph\":[{\"@type\":\"Article\",\"@id\":\"https:\\\/\\\/ihedn.fr\\\/lundis-de-lihedn\\\/le-wagon-de-rethondes-dun-armistice-a-lautre\\\/#article\",\"isPartOf\":{\"@id\":\"https:\\\/\\\/ihedn.fr\\\/lundis-de-lihedn\\\/le-wagon-de-rethondes-dun-armistice-a-lautre\\\/\"},\"author\":{\"name\":\"Ad\u00e8le Thoumieux\",\"@id\":\"https:\\\/\\\/ihedn.fr\\\/#\\\/schema\\\/person\\\/16d49c2bd0121499ea9b9023ce89826c\"},\"headline\":\"Le wagon de Rethondes, d\u2019un armistice \u00e0 l\u2019autre\",\"datePublished\":\"2024-11-08T16:16:59+00:00\",\"dateModified\":\"2026-01-09T14:00:55+00:00\",\"mainEntityOfPage\":{\"@id\":\"https:\\\/\\\/ihedn.fr\\\/lundis-de-lihedn\\\/le-wagon-de-rethondes-dun-armistice-a-lautre\\\/\"},\"wordCount\":1577,\"publisher\":{\"@id\":\"https:\\\/\\\/ihedn.fr\\\/#organization\"},\"image\":{\"@id\":\"https:\\\/\\\/ihedn.fr\\\/lundis-de-lihedn\\\/le-wagon-de-rethondes-dun-armistice-a-lautre\\\/#primaryimage\"},\"thumbnailUrl\":\"https:\\\/\\\/ihedn.fr\\\/wp-content\\\/uploads\\\/2024\\\/11\\\/LIH_11_11_2024_site_internet_.jpg\",\"articleSection\":[\"d\u00e9fense militaire\",\"Lundis de l'IHEDN\",\"Notre s\u00e9lection\"],\"inLanguage\":\"en-GB\"},{\"@type\":\"WebPage\",\"@id\":\"https:\\\/\\\/ihedn.fr\\\/lundis-de-lihedn\\\/le-wagon-de-rethondes-dun-armistice-a-lautre\\\/\",\"url\":\"https:\\\/\\\/ihedn.fr\\\/lundis-de-lihedn\\\/le-wagon-de-rethondes-dun-armistice-a-lautre\\\/\",\"name\":\"Le wagon de Rethondes, d\u2019un armistice \u00e0 l\u2019autre - L&#039;IHEDN : Institut des hautes \u00e9tudes de d\u00e9fense nationale\",\"isPartOf\":{\"@id\":\"https:\\\/\\\/ihedn.fr\\\/#website\"},\"primaryImageOfPage\":{\"@id\":\"https:\\\/\\\/ihedn.fr\\\/lundis-de-lihedn\\\/le-wagon-de-rethondes-dun-armistice-a-lautre\\\/#primaryimage\"},\"image\":{\"@id\":\"https:\\\/\\\/ihedn.fr\\\/lundis-de-lihedn\\\/le-wagon-de-rethondes-dun-armistice-a-lautre\\\/#primaryimage\"},\"thumbnailUrl\":\"https:\\\/\\\/ihedn.fr\\\/wp-content\\\/uploads\\\/2024\\\/11\\\/LIH_11_11_2024_site_internet_.jpg\",\"datePublished\":\"2024-11-08T16:16:59+00:00\",\"dateModified\":\"2026-01-09T14:00:55+00:00\",\"description\":\"Des dizaines de sites d\u00e9pendant du minist\u00e8re des Arm\u00e9es ont ouvert ce week-end \u00e0 l\u2019occasion des Journ\u00e9es europ\u00e9ennes du patrimoine. Tout au long de l\u2019ann\u00e9e, par les pierres, l\u2019humain ou l\u2019immat\u00e9riel, le MinArm est le deuxi\u00e8me acteur culturel de l\u2019\u00c9tat fran\u00e7ais, m\u00eame hors de nos fronti\u00e8res. Revue de d\u00e9tail.\",\"breadcrumb\":{\"@id\":\"https:\\\/\\\/ihedn.fr\\\/lundis-de-lihedn\\\/le-wagon-de-rethondes-dun-armistice-a-lautre\\\/#breadcrumb\"},\"inLanguage\":\"en-GB\",\"potentialAction\":[{\"@type\":\"ReadAction\",\"target\":[\"https:\\\/\\\/ihedn.fr\\\/lundis-de-lihedn\\\/le-wagon-de-rethondes-dun-armistice-a-lautre\\\/\"]}]},{\"@type\":\"ImageObject\",\"inLanguage\":\"en-GB\",\"@id\":\"https:\\\/\\\/ihedn.fr\\\/lundis-de-lihedn\\\/le-wagon-de-rethondes-dun-armistice-a-lautre\\\/#primaryimage\",\"url\":\"https:\\\/\\\/ihedn.fr\\\/wp-content\\\/uploads\\\/2024\\\/11\\\/LIH_11_11_2024_site_internet_.jpg\",\"contentUrl\":\"https:\\\/\\\/ihedn.fr\\\/wp-content\\\/uploads\\\/2024\\\/11\\\/LIH_11_11_2024_site_internet_.jpg\",\"width\":1920,\"height\":1080,\"caption\":\"Lundis de l'IHEDN | Le wagon de Rethondes, d\u2019un armistice \u00e0 l\u2019autre\"},{\"@type\":\"BreadcrumbList\",\"@id\":\"https:\\\/\\\/ihedn.fr\\\/lundis-de-lihedn\\\/le-wagon-de-rethondes-dun-armistice-a-lautre\\\/#breadcrumb\",\"itemListElement\":[{\"@type\":\"ListItem\",\"position\":1,\"name\":\"Accueil\",\"item\":\"https:\\\/\\\/ihedn.fr\\\/\"},{\"@type\":\"ListItem\",\"position\":2,\"name\":\"Le wagon de Rethondes, d\u2019un armistice \u00e0 l\u2019autre\"}]},{\"@type\":\"WebSite\",\"@id\":\"https:\\\/\\\/ihedn.fr\\\/#website\",\"url\":\"https:\\\/\\\/ihedn.fr\\\/\",\"name\":\"IHEDN : Institut des hautes \u00e9tudes de d\u00e9fense nationale |\",\"description\":\"Site officiel de l&#039;IHEDN plac\u00e9 sous la tutelle du Premier ministre.\",\"publisher\":{\"@id\":\"https:\\\/\\\/ihedn.fr\\\/#organization\"},\"potentialAction\":[{\"@type\":\"SearchAction\",\"target\":{\"@type\":\"EntryPoint\",\"urlTemplate\":\"https:\\\/\\\/ihedn.fr\\\/?s={search_term_string}\"},\"query-input\":{\"@type\":\"PropertyValueSpecification\",\"valueRequired\":true,\"valueName\":\"search_term_string\"}}],\"inLanguage\":\"en-GB\"},{\"@type\":\"Organization\",\"@id\":\"https:\\\/\\\/ihedn.fr\\\/#organization\",\"name\":\"IHEDN - Institut des Hautes Etudes de D\u00e9fense Nationale\",\"url\":\"https:\\\/\\\/ihedn.fr\\\/\",\"logo\":{\"@type\":\"ImageObject\",\"inLanguage\":\"en-GB\",\"@id\":\"https:\\\/\\\/ihedn.fr\\\/#\\\/schema\\\/logo\\\/image\\\/\",\"url\":\"https:\\\/\\\/ihedn.fr\\\/wp-content\\\/uploads\\\/2020\\\/11\\\/BLOC_RF_IHEDN_WEB.png\",\"contentUrl\":\"https:\\\/\\\/ihedn.fr\\\/wp-content\\\/uploads\\\/2020\\\/11\\\/BLOC_RF_IHEDN_WEB.png\",\"width\":500,\"height\":237,\"caption\":\"IHEDN - Institut des Hautes Etudes de D\u00e9fense Nationale\"},\"image\":{\"@id\":\"https:\\\/\\\/ihedn.fr\\\/#\\\/schema\\\/logo\\\/image\\\/\"},\"sameAs\":[\"https:\\\/\\\/www.facebook.com\\\/ihedn\\\/\",\"https:\\\/\\\/x.com\\\/IHEDN\",\"https:\\\/\\\/www.instagram.com\\\/ihedn\\\/\",\"https:\\\/\\\/www.linkedin.com\\\/school\\\/ihedn\\\/\",\"https:\\\/\\\/fr.wikipedia.org\\\/wiki\\\/Institut_des_hautes_\u00e9tudes_de_D\u00e9fense_nationale\"]},{\"@type\":\"Person\",\"@id\":\"https:\\\/\\\/ihedn.fr\\\/#\\\/schema\\\/person\\\/16d49c2bd0121499ea9b9023ce89826c\",\"name\":\"Ad\u00e8le Thoumieux\",\"image\":{\"@type\":\"ImageObject\",\"inLanguage\":\"en-GB\",\"@id\":\"https:\\\/\\\/secure.gravatar.com\\\/avatar\\\/64fc58d14679bdd185946349bcb229b06e37d30d6290c2bec15f1daa8f8e0ece?s=96&d=mm&r=g\",\"url\":\"https:\\\/\\\/secure.gravatar.com\\\/avatar\\\/64fc58d14679bdd185946349bcb229b06e37d30d6290c2bec15f1daa8f8e0ece?s=96&d=mm&r=g\",\"contentUrl\":\"https:\\\/\\\/secure.gravatar.com\\\/avatar\\\/64fc58d14679bdd185946349bcb229b06e37d30d6290c2bec15f1daa8f8e0ece?s=96&d=mm&r=g\",\"caption\":\"Ad\u00e8le Thoumieux\"},\"sameAs\":[\"http:\\\/\\\/ihedn.fr\"],\"url\":\"https:\\\/\\\/ihedn.fr\\\/en\\\/author\\\/thoumieux\\\/\"}]}<\/script>\n<!-- \/ Yoast SEO plugin. -->","yoast_head_json":{"title":"The Rethondes carriage, from one armistice to the next - L'IHEDN : Institut des hautes \u00e9tudes de d\u00e9fense nationale (Graduate Institute of National Defence)","description":"Dozens of sites belonging to the Ministry of the Armed Forces opened their doors this weekend for the European Heritage Days. Throughout the year, the MinArm is the French government's second-largest cultural player, even outside our borders, with its stone, human and intangible heritage. Here's a closer look.","robots":{"index":"index","follow":"follow","max-snippet":"max-snippet:-1","max-image-preview":"max-image-preview:large","max-video-preview":"max-video-preview:-1"},"canonical":"https:\/\/ihedn.fr\/en\/lundis-de-lihedn\/le-wagon-de-rethondes-dun-armistice-a-lautre\/","og_locale":"en_GB","og_type":"article","og_title":"Le wagon de Rethondes, d\u2019un armistice \u00e0 l\u2019autre","og_description":"En 1918 et 1940, deux conventions de cessation des hostilit\u00e9s \u00e9taient sign\u00e9es au m\u00eame endroit, dans une clairi\u00e8re de l\u2019Oise. Pourquoi deux armistices, dans une voiture de chemin de fer ? Retour sur ces \u00e9v\u00e9nements historiques majeurs des deux guerres mondiales, aux circonstances tr\u00e8s diff\u00e9rentes.","og_url":"https:\/\/ihedn.fr\/en\/lundis-de-lihedn\/le-wagon-de-rethondes-dun-armistice-a-lautre\/","og_site_name":"L&#039;IHEDN : Institut des hautes \u00e9tudes de d\u00e9fense nationale","article_publisher":"https:\/\/www.facebook.com\/ihedn\/","article_published_time":"2024-11-08T16:16:59+00:00","article_modified_time":"2026-01-09T14:00:55+00:00","og_image":[{"width":1920,"height":1080,"url":"https:\/\/ihedn.fr\/wp-content\/uploads\/2024\/11\/LIH_11_11_2024_site_internet_.jpg","type":"image\/jpeg"}],"author":"Ad\u00e8le Thoumieux","twitter_card":"summary_large_image","twitter_title":"Le wagon de Rethondes, d\u2019un armistice \u00e0 l\u2019autre","twitter_description":"En 1918 et 1940, deux conventions de cessation des hostilit\u00e9s \u00e9taient sign\u00e9es au m\u00eame endroit, dans une clairi\u00e8re de l\u2019Oise. Pourquoi deux armistices, dans une voiture de chemin de fer ? Retour sur ces \u00e9v\u00e9nements historiques majeurs des deux guerres mondiales, aux circonstances tr\u00e8s diff\u00e9rentes.","twitter_image":"https:\/\/ihedn.fr\/wp-content\/uploads\/2024\/11\/LIH_11_11_2024_site_internet_.jpg","twitter_creator":"@IHEDN","twitter_site":"@IHEDN","twitter_misc":{"Written by":"Ad\u00e8le Thoumieux","Estimated reading time":"8 minutes"},"schema":{"@context":"https:\/\/schema.org","@graph":[{"@type":"Article","@id":"https:\/\/ihedn.fr\/lundis-de-lihedn\/le-wagon-de-rethondes-dun-armistice-a-lautre\/#article","isPartOf":{"@id":"https:\/\/ihedn.fr\/lundis-de-lihedn\/le-wagon-de-rethondes-dun-armistice-a-lautre\/"},"author":{"name":"Ad\u00e8le Thoumieux","@id":"https:\/\/ihedn.fr\/#\/schema\/person\/16d49c2bd0121499ea9b9023ce89826c"},"headline":"Le wagon de Rethondes, d\u2019un armistice \u00e0 l\u2019autre","datePublished":"2024-11-08T16:16:59+00:00","dateModified":"2026-01-09T14:00:55+00:00","mainEntityOfPage":{"@id":"https:\/\/ihedn.fr\/lundis-de-lihedn\/le-wagon-de-rethondes-dun-armistice-a-lautre\/"},"wordCount":1577,"publisher":{"@id":"https:\/\/ihedn.fr\/#organization"},"image":{"@id":"https:\/\/ihedn.fr\/lundis-de-lihedn\/le-wagon-de-rethondes-dun-armistice-a-lautre\/#primaryimage"},"thumbnailUrl":"https:\/\/ihedn.fr\/wp-content\/uploads\/2024\/11\/LIH_11_11_2024_site_internet_.jpg","articleSection":["d\u00e9fense militaire","Lundis de l'IHEDN","Notre s\u00e9lection"],"inLanguage":"en-GB"},{"@type":"WebPage","@id":"https:\/\/ihedn.fr\/lundis-de-lihedn\/le-wagon-de-rethondes-dun-armistice-a-lautre\/","url":"https:\/\/ihedn.fr\/lundis-de-lihedn\/le-wagon-de-rethondes-dun-armistice-a-lautre\/","name":"The Rethondes carriage, from one armistice to the next - L'IHEDN : Institut des hautes \u00e9tudes de d\u00e9fense nationale (Graduate Institute of National Defence)","isPartOf":{"@id":"https:\/\/ihedn.fr\/#website"},"primaryImageOfPage":{"@id":"https:\/\/ihedn.fr\/lundis-de-lihedn\/le-wagon-de-rethondes-dun-armistice-a-lautre\/#primaryimage"},"image":{"@id":"https:\/\/ihedn.fr\/lundis-de-lihedn\/le-wagon-de-rethondes-dun-armistice-a-lautre\/#primaryimage"},"thumbnailUrl":"https:\/\/ihedn.fr\/wp-content\/uploads\/2024\/11\/LIH_11_11_2024_site_internet_.jpg","datePublished":"2024-11-08T16:16:59+00:00","dateModified":"2026-01-09T14:00:55+00:00","description":"Dozens of sites belonging to the Ministry of the Armed Forces opened their doors this weekend for the European Heritage Days. Throughout the year, the MinArm is the French government's second-largest cultural player, even outside our borders, with its stone, human and intangible heritage. Here's a closer look.","breadcrumb":{"@id":"https:\/\/ihedn.fr\/lundis-de-lihedn\/le-wagon-de-rethondes-dun-armistice-a-lautre\/#breadcrumb"},"inLanguage":"en-GB","potentialAction":[{"@type":"ReadAction","target":["https:\/\/ihedn.fr\/lundis-de-lihedn\/le-wagon-de-rethondes-dun-armistice-a-lautre\/"]}]},{"@type":"ImageObject","inLanguage":"en-GB","@id":"https:\/\/ihedn.fr\/lundis-de-lihedn\/le-wagon-de-rethondes-dun-armistice-a-lautre\/#primaryimage","url":"https:\/\/ihedn.fr\/wp-content\/uploads\/2024\/11\/LIH_11_11_2024_site_internet_.jpg","contentUrl":"https:\/\/ihedn.fr\/wp-content\/uploads\/2024\/11\/LIH_11_11_2024_site_internet_.jpg","width":1920,"height":1080,"caption":"Lundis de l'IHEDN | Le wagon de Rethondes, d\u2019un armistice \u00e0 l\u2019autre"},{"@type":"BreadcrumbList","@id":"https:\/\/ihedn.fr\/lundis-de-lihedn\/le-wagon-de-rethondes-dun-armistice-a-lautre\/#breadcrumb","itemListElement":[{"@type":"ListItem","position":1,"name":"Accueil","item":"https:\/\/ihedn.fr\/"},{"@type":"ListItem","position":2,"name":"Le wagon de Rethondes, d\u2019un armistice \u00e0 l\u2019autre"}]},{"@type":"WebSite","@id":"https:\/\/ihedn.fr\/#website","url":"https:\/\/ihedn.fr\/","name":"IHEDN: Institut des hautes \u00e9tudes de d\u00e9fense nationale (Institute for Higher National Defence Studies)","description":"Official website of the IHEDN under the supervision of the Prime Minister.","publisher":{"@id":"https:\/\/ihedn.fr\/#organization"},"potentialAction":[{"@type":"SearchAction","target":{"@type":"EntryPoint","urlTemplate":"https:\/\/ihedn.fr\/?s={search_term_string}"},"query-input":{"@type":"PropertyValueSpecification","valueRequired":true,"valueName":"search_term_string"}}],"inLanguage":"en-GB"},{"@type":"Organization","@id":"https:\/\/ihedn.fr\/#organization","name":"IHEDN - Institute for Higher National Defence Studies","url":"https:\/\/ihedn.fr\/","logo":{"@type":"ImageObject","inLanguage":"en-GB","@id":"https:\/\/ihedn.fr\/#\/schema\/logo\/image\/","url":"https:\/\/ihedn.fr\/wp-content\/uploads\/2020\/11\/BLOC_RF_IHEDN_WEB.png","contentUrl":"https:\/\/ihedn.fr\/wp-content\/uploads\/2020\/11\/BLOC_RF_IHEDN_WEB.png","width":500,"height":237,"caption":"IHEDN - Institut des Hautes Etudes de D\u00e9fense Nationale"},"image":{"@id":"https:\/\/ihedn.fr\/#\/schema\/logo\/image\/"},"sameAs":["https:\/\/www.facebook.com\/ihedn\/","https:\/\/x.com\/IHEDN","https:\/\/www.instagram.com\/ihedn\/","https:\/\/www.linkedin.com\/school\/ihedn\/","https:\/\/fr.wikipedia.org\/wiki\/Institut_des_hautes_\u00e9tudes_de_D\u00e9fense_nationale"]},{"@type":"Person","@id":"https:\/\/ihedn.fr\/#\/schema\/person\/16d49c2bd0121499ea9b9023ce89826c","name":"Ad\u00e8le Thoumieux","image":{"@type":"ImageObject","inLanguage":"en-GB","@id":"https:\/\/secure.gravatar.com\/avatar\/64fc58d14679bdd185946349bcb229b06e37d30d6290c2bec15f1daa8f8e0ece?s=96&d=mm&r=g","url":"https:\/\/secure.gravatar.com\/avatar\/64fc58d14679bdd185946349bcb229b06e37d30d6290c2bec15f1daa8f8e0ece?s=96&d=mm&r=g","contentUrl":"https:\/\/secure.gravatar.com\/avatar\/64fc58d14679bdd185946349bcb229b06e37d30d6290c2bec15f1daa8f8e0ece?s=96&d=mm&r=g","caption":"Ad\u00e8le Thoumieux"},"sameAs":["http:\/\/ihedn.fr"],"url":"https:\/\/ihedn.fr\/en\/author\/thoumieux\/"}]}},"publishpress_future_action":{"enabled":false,"date":"2026-05-06 21:26:42","action":"change-status","newStatus":"draft","terms":[],"taxonomy":"category","extraData":[]},"publishpress_future_workflow_manual_trigger":{"enabledWorkflows":[]},"_links":{"self":[{"href":"https:\/\/ihedn.fr\/en\/wp-json\/wp\/v2\/posts\/51383","targetHints":{"allow":["GET"]}}],"collection":[{"href":"https:\/\/ihedn.fr\/en\/wp-json\/wp\/v2\/posts"}],"about":[{"href":"https:\/\/ihedn.fr\/en\/wp-json\/wp\/v2\/types\/post"}],"author":[{"embeddable":true,"href":"https:\/\/ihedn.fr\/en\/wp-json\/wp\/v2\/users\/12"}],"replies":[{"embeddable":true,"href":"https:\/\/ihedn.fr\/en\/wp-json\/wp\/v2\/comments?post=51383"}],"version-history":[{"count":25,"href":"https:\/\/ihedn.fr\/en\/wp-json\/wp\/v2\/posts\/51383\/revisions"}],"predecessor-version":[{"id":57862,"href":"https:\/\/ihedn.fr\/en\/wp-json\/wp\/v2\/posts\/51383\/revisions\/57862"}],"wp:featuredmedia":[{"embeddable":true,"href":"https:\/\/ihedn.fr\/en\/wp-json\/wp\/v2\/media\/51380"}],"wp:attachment":[{"href":"https:\/\/ihedn.fr\/en\/wp-json\/wp\/v2\/media?parent=51383"}],"wp:term":[{"taxonomy":"category","embeddable":true,"href":"https:\/\/ihedn.fr\/en\/wp-json\/wp\/v2\/categories?post=51383"},{"taxonomy":"post_tag","embeddable":true,"href":"https:\/\/ihedn.fr\/en\/wp-json\/wp\/v2\/tags?post=51383"}],"curies":[{"name":"wp","href":"https:\/\/api.w.org\/{rel}","templated":true}]}}