{"id":51416,"date":"2024-11-18T16:39:11","date_gmt":"2024-11-18T15:39:11","guid":{"rendered":"https:\/\/ihedn.fr\/?p=51416"},"modified":"2024-11-25T16:52:28","modified_gmt":"2024-11-25T15:52:28","slug":"monuments-men-la-touche-francaise-dune-celebre-epopee","status":"publish","type":"post","link":"https:\/\/ihedn.fr\/en\/notre-selection\/monuments-men-la-touche-francaise-dune-celebre-epopee\/","title":{"rendered":"\"Monuments Men: the French twist on a famous epic"},"content":{"rendered":"<div data-elementor-type=\"wp-post\" data-elementor-id=\"51416\" class=\"elementor elementor-51416\" data-elementor-post-type=\"post\">\n\t\t\t\t<div data-particle_enable=\"false\" data-particle-mobile-disabled=\"false\" class=\"elementor-element elementor-element-230dc34 e-flex e-con-boxed e-con e-parent\" data-id=\"230dc34\" data-element_type=\"container\" data-e-type=\"container\">\n\t\t\t\t\t<div class=\"e-con-inner\">\n\t\t\t\t<div class=\"elementor-element elementor-element-e5963ae elementor-widget elementor-widget-text-editor\" data-id=\"e5963ae\" data-element_type=\"widget\" data-e-type=\"widget\" data-widget_type=\"text-editor.default\">\n\t\t\t\t<div class=\"elementor-widget-container\">\n\t\t\t\t\t\t\t\t\t<p>At the end of August 1944, the thousand-year-old ch\u00e2teau of La Roche-Guyon, in what is now the Val-d'Oise, was visited by an officer of the French Army. <em>Monuments, Fine Arts, and Archives Section Unit<\/em>\u00a0(MFAA), a programme created in 1943 by the Allies to recover works of art stolen by the Nazis. At the age of 38, Lieutenant James J. Rorimer was, in civilian life, curator in the Medieval Department of the Metropolitan Museum of Art in New York.<\/p><p>A Harvard-educated art historian, he joined the unit better known today as the Monuments Men. A nickname that gives its title to <a href=\"https:\/\/www.chateaudelarocheguyon.fr\/exposition-monuments-men\/\">an exhibition<\/a> in the same ch\u00e2teau at La Roche-Guyon, on show until 24 November. Since it opened on 18 May, it has attracted more than 50,000 visitors.<\/p><p>\"Like the other Monuments Men, Rorimer was a rather middle-aged man,\" explains exhibition curator Matt\u00e9o Grouard. \"They were between 35 and 60, compared with an average age of 26 in the US Army. Often married with families, they were mature enough to come to terms with the fact that some of them would never come back. And some sacrificed their lives to preserve a little of the world's beauty.<\/p>\t\t\t\t\t\t\t\t<\/div>\n\t\t\t\t<\/div>\n\t\t\t\t\t<\/div>\n\t\t\t\t<\/div>\n\t\t<div data-particle_enable=\"false\" data-particle-mobile-disabled=\"false\" class=\"elementor-element elementor-element-7bf256b e-con-full e-flex e-con e-parent\" data-id=\"7bf256b\" data-element_type=\"container\" data-e-type=\"container\">\n\t\t\t\t<div class=\"elementor-element elementor-element-618c98c elementor-widget elementor-widget-heading\" data-id=\"618c98c\" data-element_type=\"widget\" data-e-type=\"widget\" data-widget_type=\"heading.default\">\n\t\t\t\t<div class=\"elementor-widget-container\">\n\t\t\t\t\t<h2 class=\"elementor-heading-title elementor-size-default\">THEY OFTEN REPAIRED THE DAMAGE CAUSED BY THEIR OWN ARMIES<\/h2>\t\t\t\t<\/div>\n\t\t\t\t<\/div>\n\t\t\t\t<div class=\"elementor-element elementor-element-cbc595a elementor-widget-divider--view-line elementor-widget elementor-widget-divider\" data-id=\"cbc595a\" data-element_type=\"widget\" data-e-type=\"widget\" data-widget_type=\"divider.default\">\n\t\t\t\t<div class=\"elementor-widget-container\">\n\t\t\t\t\t\t\t<div class=\"elementor-divider\">\n\t\t\t<span class=\"elementor-divider-separator\">\n\t\t\t\t\t\t<\/span>\n\t\t<\/div>\n\t\t\t\t\t\t<\/div>\n\t\t\t\t<\/div>\n\t\t<div data-particle_enable=\"false\" data-particle-mobile-disabled=\"false\" class=\"elementor-element elementor-element-916e219 e-con-full e-flex e-con e-child\" data-id=\"916e219\" data-element_type=\"container\" data-e-type=\"container\">\n\t\t\t\t<div class=\"elementor-element elementor-element-ac5323e elementor-widget__width-initial elementor-widget elementor-widget-text-editor\" data-id=\"ac5323e\" data-element_type=\"widget\" data-e-type=\"widget\" data-widget_type=\"text-editor.default\">\n\t\t\t\t<div class=\"elementor-widget-container\">\n\t\t\t\t\t\t\t\t\t<p>Two Monuments Men were killed in the conflict. James Rorimer survived to become the director of the prestigious Met in New York from 1955 to 1966. When he inspected La Roche-Guyon in 1944, it was because the ch\u00e2teau had just been bombed by the Allies on 25 August. \"Monuments Men have often had to repair damage caused by their own armies,\" notes Matt\u00e9o Grouard.<\/p>\t\t\t\t\t\t\t\t<\/div>\n\t\t\t\t<\/div>\n\t\t\t\t<\/div>\n\t\t\t\t<\/div>\n\t\t<div data-particle_enable=\"false\" data-particle-mobile-disabled=\"false\" class=\"elementor-element elementor-element-e05f22e e-con-full e-flex e-con e-parent\" data-id=\"e05f22e\" data-element_type=\"container\" data-e-type=\"container\">\n\t\t\t\t<div class=\"elementor-element elementor-element-b35d1b9 elementor-widget elementor-widget-image\" data-id=\"b35d1b9\" data-element_type=\"widget\" data-e-type=\"widget\" data-widget_type=\"image.default\">\n\t\t\t\t<div class=\"elementor-widget-container\">\n\t\t\t\t\t\t\t\t\t\t\t\t<figure class=\"wp-caption\">\n\t\t\t\t\t\t\t\t\t\t<img fetchpriority=\"high\" decoding=\"async\" width=\"698\" height=\"900\" src=\"https:\/\/ihedn.fr\/wp-content\/uploads\/2024\/11\/La_Jaconde_missed_1944.jpg\" class=\"attachment-full size-full wp-image-51418\" alt=\"\" srcset=\"https:\/\/ihedn.fr\/wp-content\/uploads\/2024\/11\/La_Jaconde_missed_1944.jpg 698w, https:\/\/ihedn.fr\/wp-content\/uploads\/2024\/11\/La_Jaconde_missed_1944-9x12.jpg 9w\" sizes=\"(max-width: 698px) 100vw, 698px\" \/>\t\t\t\t\t\t\t\t\t\t\t<figcaption class=\"widget-image-caption wp-caption-text\">James Rorimer (right) on 12 September 1944 at the Louvre in front of the empty site of the Mona Lisa (hidden away from Paris since 1939). <\/figcaption>\n\t\t\t\t\t\t\t\t\t\t<\/figure>\n\t\t\t\t\t\t\t\t\t<\/div>\n\t\t\t\t<\/div>\n\t\t\t\t<\/div>\n\t\t<div data-particle_enable=\"false\" data-particle-mobile-disabled=\"false\" class=\"elementor-element elementor-element-38dd2f0 e-flex e-con-boxed e-con e-parent\" data-id=\"38dd2f0\" data-element_type=\"container\" data-e-type=\"container\">\n\t\t\t\t\t<div class=\"e-con-inner\">\n\t\t\t\t<div class=\"elementor-element elementor-element-5b28248 elementor-widget elementor-widget-text-editor\" data-id=\"5b28248\" data-element_type=\"widget\" data-e-type=\"widget\" data-widget_type=\"text-editor.default\">\n\t\t\t\t<div class=\"elementor-widget-container\">\n\t\t\t\t\t\t\t\t\t<p>In fact, from February to early August 1944, the Ch\u00e2teau de La Roche-Guyon housed the staff of German Field Marshal Erwin Rommel, \"the Desert Fox\", and then his successor. \"During Rommel's stay, there was no looting or damage,\" notes Matt\u00e9o Grouard. \"In fact, he mentioned the works of art in the ch\u00e2teau in letters to his wife.<\/p><p>The 24-year-old commissioner is organising his 8<sup>th <\/sup>exhibition. \"Since the age of 10, I've been fascinated by the history of the Monuments Men,\" he says. \"So I've built up a personal collection on the subject, and I've made contact with the families of members of the MFAA. Including that of Lieutenant Commander George L. Stout, who inspired the character played by George Clooney in the hit film \"The Monuments Men\" (2014).<\/p>\t\t\t\t\t\t\t\t<\/div>\n\t\t\t\t<\/div>\n\t\t\t\t\t<\/div>\n\t\t\t\t<\/div>\n\t\t<div data-particle_enable=\"false\" data-particle-mobile-disabled=\"false\" class=\"elementor-element elementor-element-d8f6ad2 e-flex e-con-boxed e-con e-parent\" data-id=\"d8f6ad2\" data-element_type=\"container\" data-e-type=\"container\">\n\t\t\t\t\t<div class=\"e-con-inner\">\n\t\t\t\t<div class=\"elementor-element elementor-element-f000d8b elementor-widget elementor-widget-image\" data-id=\"f000d8b\" data-element_type=\"widget\" data-e-type=\"widget\" data-widget_type=\"image.default\">\n\t\t\t\t<div class=\"elementor-widget-container\">\n\t\t\t\t\t\t\t\t\t\t\t\t<figure class=\"wp-caption\">\n\t\t\t\t\t\t\t\t\t\t<img decoding=\"async\" src=\"https:\/\/ihedn.fr\/wp-content\/uploads\/elementor\/thumbs\/monu-e1731938034121-qx8pwjou0ubu2remayvnt508j48tkb8cfp3s0tx148.jpg\" title=\"monu\" alt=\"Le commissaire de l\u2019exposition Matt\u00e9o Grouard avec des descendantes du capitaine de corvette George L. Stout, sur la plage normande Utah Beach o\u00f9 ce dernier a d\u00e9barqu\u00e9 en juillet 1944.\" loading=\"lazy\" \/>\t\t\t\t\t\t\t\t\t\t\t<figcaption class=\"widget-image-caption wp-caption-text\">Exhibition curator Matt\u00e9o Grouard with descendants of Lieutenant-Commander George L. Stout on Utah Beach in Normandy, where he landed in July 1944.<\/figcaption>\n\t\t\t\t\t\t\t\t\t\t<\/figure>\n\t\t\t\t\t\t\t\t\t<\/div>\n\t\t\t\t<\/div>\n\t\t\t\t\t<\/div>\n\t\t\t\t<\/div>\n\t\t<div data-particle_enable=\"false\" data-particle-mobile-disabled=\"false\" class=\"elementor-element elementor-element-3cafcc8 e-flex e-con-boxed e-con e-parent\" data-id=\"3cafcc8\" data-element_type=\"container\" data-e-type=\"container\">\n\t\t\t\t\t<div class=\"e-con-inner\">\n\t\t\t\t<div class=\"elementor-element elementor-element-2da25d0 elementor-widget elementor-widget-text-editor\" data-id=\"2da25d0\" data-element_type=\"widget\" data-e-type=\"widget\" data-widget_type=\"text-editor.default\">\n\t\t\t\t<div class=\"elementor-widget-container\">\n\t\t\t\t\t\t\t\t\t<p>Actor Matt Damon plays the role inspired by James Rorimer. In reality, it was Rorimer who worked with Rose Valland, the most emblematic French figure in the Monuments Men epic. A curatorial attach\u00e9 at the Jeu de Paume, Miss Valland scrupulously kept an inventory of the works of art looted by the Nazis, who used the Paris museum as a \"marshalling yard\".<\/p>\t\t\t\t\t\t\t\t<\/div>\n\t\t\t\t<\/div>\n\t\t\t\t\t<\/div>\n\t\t\t\t<\/div>\n\t\t<div data-particle_enable=\"false\" data-particle-mobile-disabled=\"false\" class=\"elementor-element elementor-element-0428281 e-flex e-con-boxed e-con e-parent\" data-id=\"0428281\" data-element_type=\"container\" data-e-type=\"container\">\n\t\t\t\t\t<div class=\"e-con-inner\">\n\t\t\t\t<div class=\"elementor-element elementor-element-c7a474b elementor-widget elementor-widget-heading\" data-id=\"c7a474b\" data-element_type=\"widget\" data-e-type=\"widget\" data-widget_type=\"heading.default\">\n\t\t\t\t<div class=\"elementor-widget-container\">\n\t\t\t\t\t<h2 class=\"elementor-heading-title elementor-size-default\">23 FRENCHMEN AMONG THE \"MONUMENT MEN<\/h2>\t\t\t\t<\/div>\n\t\t\t\t<\/div>\n\t\t\t\t<div class=\"elementor-element elementor-element-bc2066b elementor-widget-divider--view-line elementor-widget elementor-widget-divider\" data-id=\"bc2066b\" data-element_type=\"widget\" data-e-type=\"widget\" data-widget_type=\"divider.default\">\n\t\t\t\t<div class=\"elementor-widget-container\">\n\t\t\t\t\t\t\t<div class=\"elementor-divider\">\n\t\t\t<span class=\"elementor-divider-separator\">\n\t\t\t\t\t\t<\/span>\n\t\t<\/div>\n\t\t\t\t\t\t<\/div>\n\t\t\t\t<\/div>\n\t\t\t\t\t<\/div>\n\t\t\t\t<\/div>\n\t\t<div data-particle_enable=\"false\" data-particle-mobile-disabled=\"false\" class=\"elementor-element elementor-element-4d60d92 e-flex e-con-boxed e-con e-parent\" data-id=\"4d60d92\" data-element_type=\"container\" data-e-type=\"container\">\n\t\t\t\t\t<div class=\"e-con-inner\">\n\t\t\t\t<div class=\"elementor-element elementor-element-c4ae608 elementor-widget elementor-widget-text-editor\" data-id=\"c4ae608\" data-element_type=\"widget\" data-e-type=\"widget\" data-widget_type=\"text-editor.default\">\n\t\t\t\t<div class=\"elementor-widget-container\">\n\t\t\t\t\t\t\t\t\t<p>Adolf Hitler wanted to bring together the finest European works of art in a museum dedicated to his glory, the F\u00fcrhermuseum, near Linz (Austria), thanks in particular to the<em>Einsatzstab Reichsleiter Rosenberg\u00a0<\/em>(ERR, in French \u00c9quipe d'intervention du gouverneur du Reich Rosenberg). \"He wanted his museum to be bigger than the Louvre,\" explains Matt\u00e9o Grouard. In the end, it was never built, but tens of thousands of works stolen from public institutions and private (mainly Jewish) collectors were taken to Germany and Austria.<\/p><p>From 1944 onwards, it was thanks to information gathered by Rose Valland in the autumn of 1940 that the Monuments Men were able to find these works hidden in mines or tunnels. Until 1954, the French curator was involved in the repatriation of some 60,000 items of cultural property looted in France, including flags and cannons from the Mus\u00e9e de l'Arm\u00e9e, which she unearthed in the Soviet zone.<\/p><p>Captain Rose Valland recounted her actions in \"Le Front de l'art: d\u00e9fense des collections fran\u00e7aises, 1939-1945\", published in 1961 and republished several times since. Although she died in 1980, she remains one of the most decorated women in French history.<\/p>\t\t\t\t\t\t\t\t<\/div>\n\t\t\t\t<\/div>\n\t\t\t\t\t<\/div>\n\t\t\t\t<\/div>\n\t\t<div data-particle_enable=\"false\" data-particle-mobile-disabled=\"false\" class=\"elementor-element elementor-element-e630529 e-flex e-con-boxed e-con e-parent\" data-id=\"e630529\" data-element_type=\"container\" data-e-type=\"container\">\n\t\t\t\t\t<div class=\"e-con-inner\">\n\t\t\t\t<div class=\"elementor-element elementor-element-6e9c992 elementor-widget elementor-widget-image\" data-id=\"6e9c992\" data-element_type=\"widget\" data-e-type=\"widget\" data-widget_type=\"image.default\">\n\t\t\t\t<div class=\"elementor-widget-container\">\n\t\t\t\t\t\t\t\t\t\t\t\t<figure class=\"wp-caption\">\n\t\t\t\t\t\t\t\t\t\t<img decoding=\"async\" width=\"1899\" height=\"1920\" src=\"https:\/\/ihedn.fr\/wp-content\/uploads\/2024\/11\/OBJETEXPO6-1.jpg\" class=\"attachment-full size-full wp-image-51431\" alt=\"\" srcset=\"https:\/\/ihedn.fr\/wp-content\/uploads\/2024\/11\/OBJETEXPO6-1.jpg 1899w, https:\/\/ihedn.fr\/wp-content\/uploads\/2024\/11\/OBJETEXPO6-1-1519x1536.jpg 1519w, https:\/\/ihedn.fr\/wp-content\/uploads\/2024\/11\/OBJETEXPO6-1-12x12.jpg 12w\" sizes=\"(max-width: 1899px) 100vw, 1899px\" \/>\t\t\t\t\t\t\t\t\t\t\t<figcaption class=\"widget-image-caption wp-caption-text\"><\/figcaption>\n\t\t\t\t\t\t\t\t\t\t<\/figure>\n\t\t\t\t\t\t\t\t\t<\/div>\n\t\t\t\t<\/div>\n\t\t\t\t\t<\/div>\n\t\t\t\t<\/div>\n\t\t<div data-particle_enable=\"false\" data-particle-mobile-disabled=\"false\" class=\"elementor-element elementor-element-fa1cecb e-flex e-con-boxed e-con e-parent\" data-id=\"fa1cecb\" data-element_type=\"container\" data-e-type=\"container\">\n\t\t\t\t\t<div class=\"e-con-inner\">\n\t\t\t\t<div class=\"elementor-element elementor-element-8520608 elementor-widget elementor-widget-text-editor\" data-id=\"8520608\" data-element_type=\"widget\" data-e-type=\"widget\" data-widget_type=\"text-editor.default\">\n\t\t\t\t<div class=\"elementor-widget-container\">\n\t\t\t\t\t\t\t\t\t<p>Visit <a href=\"https:\/\/www.monumentsmenandwomenfnd.org\/\">its extensive website<\/a>The Texas-based Monuments Men and Women Foundation officially lists 348 MFAA members of 14 nationalities, each of whom has inspected an average of 1,000 sites, according to Matt\u00e9o Grouard. Among them, 23 are French.<\/p><p>Several played a major role, such as Jacques Jaujard, Director of the National Museums during the war, a member of the Resistance and the initiator and supporter of Rose Valland's action. Others were instrumental in the recovery of the works, including Major Pierre-Louis Duchartre, Captain Marcelle Minet, Major Bernard Dru\u00e8ne, Colonel Michel Fran\u00e7ois, Captain Hubert de Brye and the septuagenarian art historian Carle Dreyfus.<\/p>\t\t\t\t\t\t\t\t<\/div>\n\t\t\t\t<\/div>\n\t\t\t\t\t<\/div>\n\t\t\t\t<\/div>\n\t\t<div data-particle_enable=\"false\" data-particle-mobile-disabled=\"false\" class=\"elementor-element elementor-element-afb3687 e-flex e-con-boxed e-con e-parent\" data-id=\"afb3687\" data-element_type=\"container\" data-e-type=\"container\">\n\t\t\t\t\t<div class=\"e-con-inner\">\n\t\t\t\t<div class=\"elementor-element elementor-element-cb1bb36 elementor-widget elementor-widget-heading\" data-id=\"cb1bb36\" data-element_type=\"widget\" data-e-type=\"widget\" data-widget_type=\"heading.default\">\n\t\t\t\t<div class=\"elementor-widget-container\">\n\t\t\t\t\t<h2 class=\"elementor-heading-title elementor-size-default\">A LITTLE-KNOWN ASPECT: THE PLUNDERING OF SCIENTIFIC HERITAGE<\/h2>\t\t\t\t<\/div>\n\t\t\t\t<\/div>\n\t\t\t\t<div class=\"elementor-element elementor-element-e4abece elementor-widget-divider--view-line elementor-widget elementor-widget-divider\" data-id=\"e4abece\" data-element_type=\"widget\" data-e-type=\"widget\" data-widget_type=\"divider.default\">\n\t\t\t\t<div class=\"elementor-widget-container\">\n\t\t\t\t\t\t\t<div class=\"elementor-divider\">\n\t\t\t<span class=\"elementor-divider-separator\">\n\t\t\t\t\t\t<\/span>\n\t\t<\/div>\n\t\t\t\t\t\t<\/div>\n\t\t\t\t<\/div>\n\t\t\t\t\t<\/div>\n\t\t\t\t<\/div>\n\t\t<div data-particle_enable=\"false\" data-particle-mobile-disabled=\"false\" class=\"elementor-element elementor-element-c9b1a53 e-flex e-con-boxed e-con e-parent\" data-id=\"c9b1a53\" data-element_type=\"container\" data-e-type=\"container\">\n\t\t\t\t\t<div class=\"e-con-inner\">\n\t\t\t\t<div class=\"elementor-element elementor-element-15a7837 elementor-widget elementor-widget-text-editor\" data-id=\"15a7837\" data-element_type=\"widget\" data-e-type=\"widget\" data-widget_type=\"text-editor.default\">\n\t\t\t\t<div class=\"elementor-widget-container\">\n\t\t\t\t\t\t\t\t\t<p>Some, such as Lieutenant-Colonel Cheguillaume, Captain Jean Rouvier, Margaret Callon and \"Madame Wolff\", have little or no documentation. Lieutenant-colonel Raymond Hocart, on the other hand, brings to light a little-known aspect of this famous epic: the looting not of artistic, but of scientific heritage.<\/p><p>A professor of mineralogy at the University of Strasbourg before the war, Hocart was posted to the MFAA in September 1945 as a restitution officer with the task of locating, identifying and returning to France the scientific materials, archives and research documents stolen by the Nazis from the same university.<\/p><p>By the time Alsace was liberated by French troops in November 1944, it was estimated that only 600 of the tens of thousands of books belonging to the University of Strasbourg remained. Colonel Hocart found boxes of books and archives in a Bavarian castle, in Nazi officers' messes and in mines. In October 1945, while inspecting a factory near Stuttgart, he recovered 100 boxes of scientific instruments and materials, as well as five cupboards, three tables and even a stove belonging to his university's laboratory.<\/p><p>Like most of the Monuments Men, Raymond Hocart continued his brilliant scientific career after the war, ending it as holder of the chair of mineralogy at the Sorbonne.<\/p>\t\t\t\t\t\t\t\t<\/div>\n\t\t\t\t<\/div>\n\t\t\t\t\t<\/div>\n\t\t\t\t<\/div>\n\t\t\t\t<\/div>","protected":false},"excerpt":{"rendered":"<p>Highlighted by an exhibition in the Val-d'Oise, the mission to recover works of art in the defeated Third Reich conceals little-known facets beyond art and the curator and Resistance fighter Rose Valland.<\/p>","protected":false},"author":12,"featured_media":51424,"comment_status":"closed","ping_status":"closed","sticky":false,"template":"","format":"standard","meta":{"footnotes":""},"categories":[171],"tags":[],"class_list":["post-51416","post","type-post","status-publish","format-standard","has-post-thumbnail","hentry","category-notre-selection"],"yoast_head":"<!-- This site is optimized with the Yoast SEO plugin v27.5 - https:\/\/yoast.com\/product\/yoast-seo-wordpress\/ -->\n<title>\u00ab Monuments Men \u00bb : la touche fran\u00e7aise d\u2019une c\u00e9l\u00e8bre \u00e9pop\u00e9e - L&#039;IHEDN : Institut des hautes \u00e9tudes de d\u00e9fense nationale<\/title>\n<meta name=\"description\" content=\"Des dizaines de sites d\u00e9pendant du minist\u00e8re des Arm\u00e9es ont ouvert ce week-end \u00e0 l\u2019occasion des Journ\u00e9es europ\u00e9ennes du patrimoine. Tout au long de l\u2019ann\u00e9e, par les pierres, l\u2019humain ou l\u2019immat\u00e9riel, le MinArm est le deuxi\u00e8me acteur culturel de l\u2019\u00c9tat fran\u00e7ais, m\u00eame hors de nos fronti\u00e8res. Revue de d\u00e9tail.\" \/>\n<meta name=\"robots\" content=\"index, follow, max-snippet:-1, max-image-preview:large, max-video-preview:-1\" \/>\n<link rel=\"canonical\" href=\"https:\/\/ihedn.fr\/en\/notre-selection\/monuments-men-la-touche-francaise-dune-celebre-epopee\/\" \/>\n<meta property=\"og:locale\" content=\"en_GB\" \/>\n<meta property=\"og:type\" content=\"article\" \/>\n<meta property=\"og:title\" content=\"\u00ab Monuments Men \u00bb : la touche fran\u00e7aise d\u2019une c\u00e9l\u00e8bre \u00e9pop\u00e9e\" \/>\n<meta property=\"og:description\" content=\"Mise en valeur par une exposition dans le Val-d\u2019Oise, la mission de r\u00e9cup\u00e9ration d\u2019\u0153uvres d\u2019art dans le IIIe Reich vaincu rec\u00e8le des facettes m\u00e9connues, au-del\u00e0 de l\u2019art et de la conservatrice et r\u00e9sistante Rose Valland.\" \/>\n<meta property=\"og:url\" content=\"https:\/\/ihedn.fr\/en\/notre-selection\/monuments-men-la-touche-francaise-dune-celebre-epopee\/\" \/>\n<meta property=\"og:site_name\" content=\"L&#039;IHEDN : Institut des hautes \u00e9tudes de d\u00e9fense nationale\" \/>\n<meta property=\"article:publisher\" content=\"https:\/\/www.facebook.com\/ihedn\/\" \/>\n<meta property=\"article:published_time\" content=\"2024-11-18T15:39:11+00:00\" \/>\n<meta property=\"article:modified_time\" content=\"2024-11-25T15:52:28+00:00\" \/>\n<meta property=\"og:image\" content=\"https:\/\/ihedn.fr\/wp-content\/uploads\/2024\/11\/monuments-men.jpg\" \/>\n\t<meta property=\"og:image:width\" content=\"1280\" \/>\n\t<meta property=\"og:image:height\" content=\"640\" \/>\n\t<meta property=\"og:image:type\" content=\"image\/jpeg\" \/>\n<meta name=\"author\" content=\"Ad\u00e8le Thoumieux\" \/>\n<meta name=\"twitter:card\" content=\"summary_large_image\" \/>\n<meta name=\"twitter:title\" content=\"\u00ab Monuments Men \u00bb : la touche fran\u00e7aise d\u2019une c\u00e9l\u00e8bre \u00e9pop\u00e9e\" \/>\n<meta name=\"twitter:description\" content=\"Mise en valeur par une exposition dans le Val-d\u2019Oise, la mission de r\u00e9cup\u00e9ration d\u2019\u0153uvres d\u2019art dans le IIIe Reich vaincu rec\u00e8le des facettes m\u00e9connues, au-del\u00e0 de l\u2019art et de la conservatrice et r\u00e9sistante Rose Valland.\" \/>\n<meta name=\"twitter:image\" content=\"https:\/\/ihedn.fr\/wp-content\/uploads\/2024\/11\/monuments-men-1.jpg\" \/>\n<meta name=\"twitter:creator\" content=\"@IHEDN\" \/>\n<meta name=\"twitter:site\" content=\"@IHEDN\" \/>\n<meta name=\"twitter:label1\" content=\"Written by\" \/>\n\t<meta name=\"twitter:data1\" content=\"Ad\u00e8le Thoumieux\" \/>\n\t<meta name=\"twitter:label2\" content=\"Estimated reading time\" \/>\n\t<meta name=\"twitter:data2\" content=\"7 minutes\" \/>\n<script type=\"application\/ld+json\" class=\"yoast-schema-graph\">{\"@context\":\"https:\\\/\\\/schema.org\",\"@graph\":[{\"@type\":\"Article\",\"@id\":\"https:\\\/\\\/ihedn.fr\\\/notre-selection\\\/monuments-men-la-touche-francaise-dune-celebre-epopee\\\/#article\",\"isPartOf\":{\"@id\":\"https:\\\/\\\/ihedn.fr\\\/notre-selection\\\/monuments-men-la-touche-francaise-dune-celebre-epopee\\\/\"},\"author\":{\"name\":\"Ad\u00e8le Thoumieux\",\"@id\":\"https:\\\/\\\/ihedn.fr\\\/#\\\/schema\\\/person\\\/16d49c2bd0121499ea9b9023ce89826c\"},\"headline\":\"\u00ab Monuments Men \u00bb : la touche fran\u00e7aise d\u2019une c\u00e9l\u00e8bre \u00e9pop\u00e9e\",\"datePublished\":\"2024-11-18T15:39:11+00:00\",\"dateModified\":\"2024-11-25T15:52:28+00:00\",\"mainEntityOfPage\":{\"@id\":\"https:\\\/\\\/ihedn.fr\\\/notre-selection\\\/monuments-men-la-touche-francaise-dune-celebre-epopee\\\/\"},\"wordCount\":1168,\"publisher\":{\"@id\":\"https:\\\/\\\/ihedn.fr\\\/#organization\"},\"image\":{\"@id\":\"https:\\\/\\\/ihedn.fr\\\/notre-selection\\\/monuments-men-la-touche-francaise-dune-celebre-epopee\\\/#primaryimage\"},\"thumbnailUrl\":\"https:\\\/\\\/ihedn.fr\\\/wp-content\\\/uploads\\\/2024\\\/11\\\/monuments-men.jpg\",\"articleSection\":[\"Notre s\u00e9lection\"],\"inLanguage\":\"en-GB\"},{\"@type\":\"WebPage\",\"@id\":\"https:\\\/\\\/ihedn.fr\\\/notre-selection\\\/monuments-men-la-touche-francaise-dune-celebre-epopee\\\/\",\"url\":\"https:\\\/\\\/ihedn.fr\\\/notre-selection\\\/monuments-men-la-touche-francaise-dune-celebre-epopee\\\/\",\"name\":\"\u00ab Monuments Men \u00bb : la touche fran\u00e7aise d\u2019une c\u00e9l\u00e8bre \u00e9pop\u00e9e - L&#039;IHEDN : Institut des hautes \u00e9tudes de d\u00e9fense nationale\",\"isPartOf\":{\"@id\":\"https:\\\/\\\/ihedn.fr\\\/#website\"},\"primaryImageOfPage\":{\"@id\":\"https:\\\/\\\/ihedn.fr\\\/notre-selection\\\/monuments-men-la-touche-francaise-dune-celebre-epopee\\\/#primaryimage\"},\"image\":{\"@id\":\"https:\\\/\\\/ihedn.fr\\\/notre-selection\\\/monuments-men-la-touche-francaise-dune-celebre-epopee\\\/#primaryimage\"},\"thumbnailUrl\":\"https:\\\/\\\/ihedn.fr\\\/wp-content\\\/uploads\\\/2024\\\/11\\\/monuments-men.jpg\",\"datePublished\":\"2024-11-18T15:39:11+00:00\",\"dateModified\":\"2024-11-25T15:52:28+00:00\",\"description\":\"Des dizaines de sites d\u00e9pendant du minist\u00e8re des Arm\u00e9es ont ouvert ce week-end \u00e0 l\u2019occasion des Journ\u00e9es europ\u00e9ennes du patrimoine. Tout au long de l\u2019ann\u00e9e, par les pierres, l\u2019humain ou l\u2019immat\u00e9riel, le MinArm est le deuxi\u00e8me acteur culturel de l\u2019\u00c9tat fran\u00e7ais, m\u00eame hors de nos fronti\u00e8res. Revue de d\u00e9tail.\",\"breadcrumb\":{\"@id\":\"https:\\\/\\\/ihedn.fr\\\/notre-selection\\\/monuments-men-la-touche-francaise-dune-celebre-epopee\\\/#breadcrumb\"},\"inLanguage\":\"en-GB\",\"potentialAction\":[{\"@type\":\"ReadAction\",\"target\":[\"https:\\\/\\\/ihedn.fr\\\/notre-selection\\\/monuments-men-la-touche-francaise-dune-celebre-epopee\\\/\"]}]},{\"@type\":\"ImageObject\",\"inLanguage\":\"en-GB\",\"@id\":\"https:\\\/\\\/ihedn.fr\\\/notre-selection\\\/monuments-men-la-touche-francaise-dune-celebre-epopee\\\/#primaryimage\",\"url\":\"https:\\\/\\\/ihedn.fr\\\/wp-content\\\/uploads\\\/2024\\\/11\\\/monuments-men.jpg\",\"contentUrl\":\"https:\\\/\\\/ihedn.fr\\\/wp-content\\\/uploads\\\/2024\\\/11\\\/monuments-men.jpg\",\"width\":1280,\"height\":640},{\"@type\":\"BreadcrumbList\",\"@id\":\"https:\\\/\\\/ihedn.fr\\\/notre-selection\\\/monuments-men-la-touche-francaise-dune-celebre-epopee\\\/#breadcrumb\",\"itemListElement\":[{\"@type\":\"ListItem\",\"position\":1,\"name\":\"Accueil\",\"item\":\"https:\\\/\\\/ihedn.fr\\\/\"},{\"@type\":\"ListItem\",\"position\":2,\"name\":\"\u00ab Monuments Men \u00bb : la touche fran\u00e7aise d\u2019une c\u00e9l\u00e8bre \u00e9pop\u00e9e\"}]},{\"@type\":\"WebSite\",\"@id\":\"https:\\\/\\\/ihedn.fr\\\/#website\",\"url\":\"https:\\\/\\\/ihedn.fr\\\/\",\"name\":\"IHEDN : Institut des hautes \u00e9tudes de d\u00e9fense nationale |\",\"description\":\"Site officiel de l&#039;IHEDN plac\u00e9 sous la tutelle du Premier ministre.\",\"publisher\":{\"@id\":\"https:\\\/\\\/ihedn.fr\\\/#organization\"},\"potentialAction\":[{\"@type\":\"SearchAction\",\"target\":{\"@type\":\"EntryPoint\",\"urlTemplate\":\"https:\\\/\\\/ihedn.fr\\\/?s={search_term_string}\"},\"query-input\":{\"@type\":\"PropertyValueSpecification\",\"valueRequired\":true,\"valueName\":\"search_term_string\"}}],\"inLanguage\":\"en-GB\"},{\"@type\":\"Organization\",\"@id\":\"https:\\\/\\\/ihedn.fr\\\/#organization\",\"name\":\"IHEDN - Institut des Hautes Etudes de D\u00e9fense Nationale\",\"url\":\"https:\\\/\\\/ihedn.fr\\\/\",\"logo\":{\"@type\":\"ImageObject\",\"inLanguage\":\"en-GB\",\"@id\":\"https:\\\/\\\/ihedn.fr\\\/#\\\/schema\\\/logo\\\/image\\\/\",\"url\":\"https:\\\/\\\/ihedn.fr\\\/wp-content\\\/uploads\\\/2020\\\/11\\\/BLOC_RF_IHEDN_WEB.png\",\"contentUrl\":\"https:\\\/\\\/ihedn.fr\\\/wp-content\\\/uploads\\\/2020\\\/11\\\/BLOC_RF_IHEDN_WEB.png\",\"width\":500,\"height\":237,\"caption\":\"IHEDN - Institut des Hautes Etudes de D\u00e9fense Nationale\"},\"image\":{\"@id\":\"https:\\\/\\\/ihedn.fr\\\/#\\\/schema\\\/logo\\\/image\\\/\"},\"sameAs\":[\"https:\\\/\\\/www.facebook.com\\\/ihedn\\\/\",\"https:\\\/\\\/x.com\\\/IHEDN\",\"https:\\\/\\\/www.instagram.com\\\/ihedn\\\/\",\"https:\\\/\\\/www.linkedin.com\\\/school\\\/ihedn\\\/\",\"https:\\\/\\\/fr.wikipedia.org\\\/wiki\\\/Institut_des_hautes_\u00e9tudes_de_D\u00e9fense_nationale\"]},{\"@type\":\"Person\",\"@id\":\"https:\\\/\\\/ihedn.fr\\\/#\\\/schema\\\/person\\\/16d49c2bd0121499ea9b9023ce89826c\",\"name\":\"Ad\u00e8le Thoumieux\",\"image\":{\"@type\":\"ImageObject\",\"inLanguage\":\"en-GB\",\"@id\":\"https:\\\/\\\/secure.gravatar.com\\\/avatar\\\/64fc58d14679bdd185946349bcb229b06e37d30d6290c2bec15f1daa8f8e0ece?s=96&d=mm&r=g\",\"url\":\"https:\\\/\\\/secure.gravatar.com\\\/avatar\\\/64fc58d14679bdd185946349bcb229b06e37d30d6290c2bec15f1daa8f8e0ece?s=96&d=mm&r=g\",\"contentUrl\":\"https:\\\/\\\/secure.gravatar.com\\\/avatar\\\/64fc58d14679bdd185946349bcb229b06e37d30d6290c2bec15f1daa8f8e0ece?s=96&d=mm&r=g\",\"caption\":\"Ad\u00e8le Thoumieux\"},\"sameAs\":[\"http:\\\/\\\/ihedn.fr\"],\"url\":\"https:\\\/\\\/ihedn.fr\\\/en\\\/author\\\/thoumieux\\\/\"}]}<\/script>\n<!-- \/ Yoast SEO plugin. -->","yoast_head_json":{"title":"\"Monuments Men: the French take on a famous epic - L'IHEDN : Institut des hautes \u00e9tudes de d\u00e9fense nationale","description":"Dozens of sites belonging to the Ministry of the Armed Forces opened their doors this weekend for the European Heritage Days. Throughout the year, the MinArm is the French government's second-largest cultural player, even outside our borders, with its stone, human and intangible heritage. Here's a closer look.","robots":{"index":"index","follow":"follow","max-snippet":"max-snippet:-1","max-image-preview":"max-image-preview:large","max-video-preview":"max-video-preview:-1"},"canonical":"https:\/\/ihedn.fr\/en\/notre-selection\/monuments-men-la-touche-francaise-dune-celebre-epopee\/","og_locale":"en_GB","og_type":"article","og_title":"\u00ab Monuments Men \u00bb : la touche fran\u00e7aise d\u2019une c\u00e9l\u00e8bre \u00e9pop\u00e9e","og_description":"Mise en valeur par une exposition dans le Val-d\u2019Oise, la mission de r\u00e9cup\u00e9ration d\u2019\u0153uvres d\u2019art dans le IIIe Reich vaincu rec\u00e8le des facettes m\u00e9connues, au-del\u00e0 de l\u2019art et de la conservatrice et r\u00e9sistante Rose Valland.","og_url":"https:\/\/ihedn.fr\/en\/notre-selection\/monuments-men-la-touche-francaise-dune-celebre-epopee\/","og_site_name":"L&#039;IHEDN : Institut des hautes \u00e9tudes de d\u00e9fense nationale","article_publisher":"https:\/\/www.facebook.com\/ihedn\/","article_published_time":"2024-11-18T15:39:11+00:00","article_modified_time":"2024-11-25T15:52:28+00:00","og_image":[{"width":1280,"height":640,"url":"https:\/\/ihedn.fr\/wp-content\/uploads\/2024\/11\/monuments-men.jpg","type":"image\/jpeg"}],"author":"Ad\u00e8le Thoumieux","twitter_card":"summary_large_image","twitter_title":"\u00ab Monuments Men \u00bb : la touche fran\u00e7aise d\u2019une c\u00e9l\u00e8bre \u00e9pop\u00e9e","twitter_description":"Mise en valeur par une exposition dans le Val-d\u2019Oise, la mission de r\u00e9cup\u00e9ration d\u2019\u0153uvres d\u2019art dans le IIIe Reich vaincu rec\u00e8le des facettes m\u00e9connues, au-del\u00e0 de l\u2019art et de la conservatrice et r\u00e9sistante Rose Valland.","twitter_image":"https:\/\/ihedn.fr\/wp-content\/uploads\/2024\/11\/monuments-men-1.jpg","twitter_creator":"@IHEDN","twitter_site":"@IHEDN","twitter_misc":{"Written by":"Ad\u00e8le Thoumieux","Estimated reading time":"7 minutes"},"schema":{"@context":"https:\/\/schema.org","@graph":[{"@type":"Article","@id":"https:\/\/ihedn.fr\/notre-selection\/monuments-men-la-touche-francaise-dune-celebre-epopee\/#article","isPartOf":{"@id":"https:\/\/ihedn.fr\/notre-selection\/monuments-men-la-touche-francaise-dune-celebre-epopee\/"},"author":{"name":"Ad\u00e8le Thoumieux","@id":"https:\/\/ihedn.fr\/#\/schema\/person\/16d49c2bd0121499ea9b9023ce89826c"},"headline":"\u00ab Monuments Men \u00bb : la touche fran\u00e7aise d\u2019une c\u00e9l\u00e8bre \u00e9pop\u00e9e","datePublished":"2024-11-18T15:39:11+00:00","dateModified":"2024-11-25T15:52:28+00:00","mainEntityOfPage":{"@id":"https:\/\/ihedn.fr\/notre-selection\/monuments-men-la-touche-francaise-dune-celebre-epopee\/"},"wordCount":1168,"publisher":{"@id":"https:\/\/ihedn.fr\/#organization"},"image":{"@id":"https:\/\/ihedn.fr\/notre-selection\/monuments-men-la-touche-francaise-dune-celebre-epopee\/#primaryimage"},"thumbnailUrl":"https:\/\/ihedn.fr\/wp-content\/uploads\/2024\/11\/monuments-men.jpg","articleSection":["Notre s\u00e9lection"],"inLanguage":"en-GB"},{"@type":"WebPage","@id":"https:\/\/ihedn.fr\/notre-selection\/monuments-men-la-touche-francaise-dune-celebre-epopee\/","url":"https:\/\/ihedn.fr\/notre-selection\/monuments-men-la-touche-francaise-dune-celebre-epopee\/","name":"\"Monuments Men: the French take on a famous epic - L'IHEDN : Institut des hautes \u00e9tudes de d\u00e9fense nationale","isPartOf":{"@id":"https:\/\/ihedn.fr\/#website"},"primaryImageOfPage":{"@id":"https:\/\/ihedn.fr\/notre-selection\/monuments-men-la-touche-francaise-dune-celebre-epopee\/#primaryimage"},"image":{"@id":"https:\/\/ihedn.fr\/notre-selection\/monuments-men-la-touche-francaise-dune-celebre-epopee\/#primaryimage"},"thumbnailUrl":"https:\/\/ihedn.fr\/wp-content\/uploads\/2024\/11\/monuments-men.jpg","datePublished":"2024-11-18T15:39:11+00:00","dateModified":"2024-11-25T15:52:28+00:00","description":"Dozens of sites belonging to the Ministry of the Armed Forces opened their doors this weekend for the European Heritage Days. Throughout the year, the MinArm is the French government's second-largest cultural player, even outside our borders, with its stone, human and intangible heritage. Here's a closer look.","breadcrumb":{"@id":"https:\/\/ihedn.fr\/notre-selection\/monuments-men-la-touche-francaise-dune-celebre-epopee\/#breadcrumb"},"inLanguage":"en-GB","potentialAction":[{"@type":"ReadAction","target":["https:\/\/ihedn.fr\/notre-selection\/monuments-men-la-touche-francaise-dune-celebre-epopee\/"]}]},{"@type":"ImageObject","inLanguage":"en-GB","@id":"https:\/\/ihedn.fr\/notre-selection\/monuments-men-la-touche-francaise-dune-celebre-epopee\/#primaryimage","url":"https:\/\/ihedn.fr\/wp-content\/uploads\/2024\/11\/monuments-men.jpg","contentUrl":"https:\/\/ihedn.fr\/wp-content\/uploads\/2024\/11\/monuments-men.jpg","width":1280,"height":640},{"@type":"BreadcrumbList","@id":"https:\/\/ihedn.fr\/notre-selection\/monuments-men-la-touche-francaise-dune-celebre-epopee\/#breadcrumb","itemListElement":[{"@type":"ListItem","position":1,"name":"Accueil","item":"https:\/\/ihedn.fr\/"},{"@type":"ListItem","position":2,"name":"\u00ab Monuments Men \u00bb : la touche fran\u00e7aise d\u2019une c\u00e9l\u00e8bre \u00e9pop\u00e9e"}]},{"@type":"WebSite","@id":"https:\/\/ihedn.fr\/#website","url":"https:\/\/ihedn.fr\/","name":"IHEDN: Institut des hautes \u00e9tudes de d\u00e9fense nationale (Institute for Higher National Defence Studies)","description":"Official website of the IHEDN under the supervision of the Prime Minister.","publisher":{"@id":"https:\/\/ihedn.fr\/#organization"},"potentialAction":[{"@type":"SearchAction","target":{"@type":"EntryPoint","urlTemplate":"https:\/\/ihedn.fr\/?s={search_term_string}"},"query-input":{"@type":"PropertyValueSpecification","valueRequired":true,"valueName":"search_term_string"}}],"inLanguage":"en-GB"},{"@type":"Organization","@id":"https:\/\/ihedn.fr\/#organization","name":"IHEDN - Institute for Higher National Defence Studies","url":"https:\/\/ihedn.fr\/","logo":{"@type":"ImageObject","inLanguage":"en-GB","@id":"https:\/\/ihedn.fr\/#\/schema\/logo\/image\/","url":"https:\/\/ihedn.fr\/wp-content\/uploads\/2020\/11\/BLOC_RF_IHEDN_WEB.png","contentUrl":"https:\/\/ihedn.fr\/wp-content\/uploads\/2020\/11\/BLOC_RF_IHEDN_WEB.png","width":500,"height":237,"caption":"IHEDN - Institut des Hautes Etudes de D\u00e9fense Nationale"},"image":{"@id":"https:\/\/ihedn.fr\/#\/schema\/logo\/image\/"},"sameAs":["https:\/\/www.facebook.com\/ihedn\/","https:\/\/x.com\/IHEDN","https:\/\/www.instagram.com\/ihedn\/","https:\/\/www.linkedin.com\/school\/ihedn\/","https:\/\/fr.wikipedia.org\/wiki\/Institut_des_hautes_\u00e9tudes_de_D\u00e9fense_nationale"]},{"@type":"Person","@id":"https:\/\/ihedn.fr\/#\/schema\/person\/16d49c2bd0121499ea9b9023ce89826c","name":"Ad\u00e8le Thoumieux","image":{"@type":"ImageObject","inLanguage":"en-GB","@id":"https:\/\/secure.gravatar.com\/avatar\/64fc58d14679bdd185946349bcb229b06e37d30d6290c2bec15f1daa8f8e0ece?s=96&d=mm&r=g","url":"https:\/\/secure.gravatar.com\/avatar\/64fc58d14679bdd185946349bcb229b06e37d30d6290c2bec15f1daa8f8e0ece?s=96&d=mm&r=g","contentUrl":"https:\/\/secure.gravatar.com\/avatar\/64fc58d14679bdd185946349bcb229b06e37d30d6290c2bec15f1daa8f8e0ece?s=96&d=mm&r=g","caption":"Ad\u00e8le Thoumieux"},"sameAs":["http:\/\/ihedn.fr"],"url":"https:\/\/ihedn.fr\/en\/author\/thoumieux\/"}]}},"publishpress_future_action":{"enabled":false,"date":"2026-05-06 21:26:23","action":"change-status","newStatus":"draft","terms":[],"taxonomy":"category","extraData":[]},"publishpress_future_workflow_manual_trigger":{"enabledWorkflows":[]},"_links":{"self":[{"href":"https:\/\/ihedn.fr\/en\/wp-json\/wp\/v2\/posts\/51416","targetHints":{"allow":["GET"]}}],"collection":[{"href":"https:\/\/ihedn.fr\/en\/wp-json\/wp\/v2\/posts"}],"about":[{"href":"https:\/\/ihedn.fr\/en\/wp-json\/wp\/v2\/types\/post"}],"author":[{"embeddable":true,"href":"https:\/\/ihedn.fr\/en\/wp-json\/wp\/v2\/users\/12"}],"replies":[{"embeddable":true,"href":"https:\/\/ihedn.fr\/en\/wp-json\/wp\/v2\/comments?post=51416"}],"version-history":[{"count":15,"href":"https:\/\/ihedn.fr\/en\/wp-json\/wp\/v2\/posts\/51416\/revisions"}],"predecessor-version":[{"id":51444,"href":"https:\/\/ihedn.fr\/en\/wp-json\/wp\/v2\/posts\/51416\/revisions\/51444"}],"wp:featuredmedia":[{"embeddable":true,"href":"https:\/\/ihedn.fr\/en\/wp-json\/wp\/v2\/media\/51424"}],"wp:attachment":[{"href":"https:\/\/ihedn.fr\/en\/wp-json\/wp\/v2\/media?parent=51416"}],"wp:term":[{"taxonomy":"category","embeddable":true,"href":"https:\/\/ihedn.fr\/en\/wp-json\/wp\/v2\/categories?post=51416"},{"taxonomy":"post_tag","embeddable":true,"href":"https:\/\/ihedn.fr\/en\/wp-json\/wp\/v2\/tags?post=51416"}],"curies":[{"name":"wp","href":"https:\/\/api.w.org\/{rel}","templated":true}]}}