{"id":51459,"date":"2024-11-19T16:45:26","date_gmt":"2024-11-19T15:45:26","guid":{"rendered":"https:\/\/ihedn.fr\/?p=51459"},"modified":"2024-11-19T17:05:35","modified_gmt":"2024-11-19T16:05:35","slug":"ouverture-de-la-240e-session-en-region-nouvelle-aquitaine","status":"publish","type":"post","link":"https:\/\/ihedn.fr\/en\/notre-actualite\/ouverture-de-la-240e-session-en-region-nouvelle-aquitaine\/","title":{"rendered":"Opening the 240<sup>e<\/sup> session in the Nouvelle-Aquitaine region"},"content":{"rendered":"<div data-elementor-type=\"wp-post\" data-elementor-id=\"51459\" class=\"elementor elementor-51459\" data-elementor-post-type=\"post\">\n\t\t\t\t<div data-particle_enable=\"false\" data-particle-mobile-disabled=\"false\" class=\"elementor-element elementor-element-230dc34 e-flex e-con-boxed e-con e-parent\" data-id=\"230dc34\" data-element_type=\"container\" data-e-type=\"container\">\n\t\t\t\t\t<div class=\"e-con-inner\">\n\t\t\t\t<div class=\"elementor-element elementor-element-e5963ae elementor-widget elementor-widget-text-editor\" data-id=\"e5963ae\" data-element_type=\"widget\" data-e-type=\"widget\" data-widget_type=\"text-editor.default\">\n\t\t\t\t<div class=\"elementor-widget-container\">\n\t\t\t\t\t\t\t\t\t<p style=\"text-align: left;\">The opening ceremony was attended by Jean Dionis du S\u00e9jour, Mayor of Agen, with speeches by Air Corps General St\u00e9phane Gro\u00ebn, Commander of the South-West Defence and Security Zone, and Sub-Prefect Jean-Michel Delvert, representing Lieutenant General Herv\u00e9 de Courr\u00e8ges, Director of the IHEDN.<\/p><p style=\"text-align: left;\">The auditors began their tour with visits illustrating key challenges for national sovereignty. At the Agropole in Agen, they discovered the challenges of food autonomy. At the UPSA plant, the focus was on the sovereign production of medicines in a post-health crisis context. Finally, at the \u00c9cole nationale de l'administration p\u00e9nitentiaire (ENAP), they deepened their understanding of prison missions, with a talk by Olivier Naboulet, the public prosecutor in Agen, on the current challenges facing the French justice system.<\/p><p style=\"text-align: left;\">At the 48\u1d49 R\u00e9giment de transmission in Agen, participants attended lectures on the organisation of the Ministry of the Armed Forces, French defence strategy and global security issues. These discussions, led by high-ranking military officials, gave rise to enriching debates and encouraged collective reflection.<\/p><p style=\"text-align: left;\">To round off this intense first week, the auditors were welcomed to the Lot-et-Garonne prefecture by the prefecture's secretary general, Agen sub-prefect C\u00e9dric Bouet, representing prefect Daniel Barnier. He praised their commitment and reminded them of the importance of defence and security issues in a complex international context.<\/p><p style=\"text-align: left;\">The work of the committees, fed by the visits and conferences, will continue throughout the four weeks of training. They will provide an in-depth analysis of defence and security issues at regional, national and international levels, using IHEDN's own strategic methodology.<\/p><p style=\"text-align: left;\">This first week laid the foundations for a stimulating dynamic, marked by exchange, learning and mutual enrichment, and perfectly illustrates IHEDN's mission: to train, federate and decompartmentalise in order to meet France's contemporary strategic challenges.<\/p>\t\t\t\t\t\t\t\t<\/div>\n\t\t\t\t<\/div>\n\t\t\t\t\t<\/div>\n\t\t\t\t<\/div>\n\t\t<div data-particle_enable=\"false\" data-particle-mobile-disabled=\"false\" class=\"elementor-element elementor-element-3bbc659 e-flex e-con-boxed e-con e-parent\" data-id=\"3bbc659\" data-element_type=\"container\" data-e-type=\"container\">\n\t\t\t\t\t<div class=\"e-con-inner\">\n\t\t\t\t<div class=\"elementor-element elementor-element-408f387 elementor-widget elementor-widget-gallery\" data-id=\"408f387\" data-element_type=\"widget\" data-e-type=\"widget\" data-settings=\"{&quot;gallery_layout&quot;:&quot;masonry&quot;,&quot;columns&quot;:3,&quot;lazyload&quot;:&quot;yes&quot;,&quot;columns_tablet&quot;:2,&quot;columns_mobile&quot;:1,&quot;gap&quot;:{&quot;unit&quot;:&quot;px&quot;,&quot;size&quot;:10,&quot;sizes&quot;:[]},&quot;gap_tablet&quot;:{&quot;unit&quot;:&quot;px&quot;,&quot;size&quot;:10,&quot;sizes&quot;:[]},&quot;gap_mobile&quot;:{&quot;unit&quot;:&quot;px&quot;,&quot;size&quot;:10,&quot;sizes&quot;:[]},&quot;link_to&quot;:&quot;file&quot;,&quot;overlay_background&quot;:&quot;yes&quot;,&quot;content_hover_animation&quot;:&quot;fade-in&quot;}\" data-widget_type=\"gallery.default\">\n\t\t\t\t<div class=\"elementor-widget-container\">\n\t\t\t\t\t\t\t<div class=\"elementor-gallery__container\">\n\t\t\t\t\t\t\t<a class=\"e-gallery-item elementor-gallery-item elementor-animated-content\" href=\"https:\/\/ihedn.fr\/wp-content\/uploads\/2024\/11\/SR-240-05.jpeg\" data-elementor-open-lightbox=\"yes\" data-elementor-lightbox-slideshow=\"408f387\" data-e-action-hash=\"#elementor-action%3Aaction%3Dlightbox%26settings%3DeyJpZCI6NTE0NjMsInVybCI6Imh0dHBzOlwvXC9paGVkbi5mclwvd3AtY29udGVudFwvdXBsb2Fkc1wvMjAyNFwvMTFcL1NSLTI0MC0wNS5qcGVnIiwic2xpZGVzaG93IjoiNDA4ZjM4NyJ9\">\n\t\t\t\t\t<div class=\"e-gallery-image elementor-gallery-item__image\" data-thumbnail=\"https:\/\/ihedn.fr\/wp-content\/uploads\/2024\/11\/SR-240-05.jpeg\" data-width=\"1200\" data-height=\"1599\" aria-label=\"Opening of the 240th session in the Nouvelle-Aquitaine region\" role=\"img\" ><\/div>\n\t\t\t\t\t\t\t\t\t\t\t<div class=\"elementor-gallery-item__overlay\"><\/div>\n\t\t\t\t\t\t\t\t\t\t\t\t\t\t<\/a>\n\t\t\t\t\t\t\t<a class=\"e-gallery-item elementor-gallery-item elementor-animated-content\" href=\"https:\/\/ihedn.fr\/wp-content\/uploads\/2024\/11\/SR-240-03-rotated.jpeg\" data-elementor-open-lightbox=\"yes\" data-elementor-lightbox-slideshow=\"408f387\" data-e-action-hash=\"#elementor-action%3Aaction%3Dlightbox%26settings%3DeyJpZCI6NTE0NjEsInVybCI6Imh0dHBzOlwvXC9paGVkbi5mclwvd3AtY29udGVudFwvdXBsb2Fkc1wvMjAyNFwvMTFcL1NSLTI0MC0wMy1yb3RhdGVkLmpwZWciLCJzbGlkZXNob3ciOiI0MDhmMzg3In0%3D\">\n\t\t\t\t\t<div class=\"e-gallery-image elementor-gallery-item__image\" data-thumbnail=\"https:\/\/ihedn.fr\/wp-content\/uploads\/2024\/11\/SR-240-03-rotated.jpeg\" data-width=\"1599\" data-height=\"1200\" aria-label=\"Opening of the 240th session in the Nouvelle-Aquitaine region\" role=\"img\" ><\/div>\n\t\t\t\t\t\t\t\t\t\t\t<div class=\"elementor-gallery-item__overlay\"><\/div>\n\t\t\t\t\t\t\t\t\t\t\t\t\t\t<\/a>\n\t\t\t\t\t\t\t<a class=\"e-gallery-item elementor-gallery-item elementor-animated-content\" href=\"https:\/\/ihedn.fr\/wp-content\/uploads\/2024\/11\/SR-240-00.jpg\" data-elementor-open-lightbox=\"yes\" data-elementor-lightbox-slideshow=\"408f387\" data-e-action-hash=\"#elementor-action%3Aaction%3Dlightbox%26settings%3DeyJpZCI6NTE0NjQsInVybCI6Imh0dHBzOlwvXC9paGVkbi5mclwvd3AtY29udGVudFwvdXBsb2Fkc1wvMjAyNFwvMTFcL1NSLTI0MC0wMC5qcGciLCJzbGlkZXNob3ciOiI0MDhmMzg3In0%3D\">\n\t\t\t\t\t<div class=\"e-gallery-image elementor-gallery-item__image\" data-thumbnail=\"https:\/\/ihedn.fr\/wp-content\/uploads\/2024\/11\/SR-240-00.jpg\" data-width=\"1472\" data-height=\"1920\" aria-label=\"Opening of the 240th session in the Nouvelle-Aquitaine region\" role=\"img\" ><\/div>\n\t\t\t\t\t\t\t\t\t\t\t<div class=\"elementor-gallery-item__overlay\"><\/div>\n\t\t\t\t\t\t\t\t\t\t\t\t\t\t<\/a>\n\t\t\t\t\t\t\t<a class=\"e-gallery-item elementor-gallery-item elementor-animated-content\" href=\"https:\/\/ihedn.fr\/wp-content\/uploads\/2024\/11\/SR-240-01.jpeg\" data-elementor-open-lightbox=\"yes\" data-elementor-lightbox-slideshow=\"408f387\" data-e-action-hash=\"#elementor-action%3Aaction%3Dlightbox%26settings%3DeyJpZCI6NTE0NjUsInVybCI6Imh0dHBzOlwvXC9paGVkbi5mclwvd3AtY29udGVudFwvdXBsb2Fkc1wvMjAyNFwvMTFcL1NSLTI0MC0wMS5qcGVnIiwic2xpZGVzaG93IjoiNDA4ZjM4NyJ9\">\n\t\t\t\t\t<div class=\"e-gallery-image elementor-gallery-item__image\" data-thumbnail=\"https:\/\/ihedn.fr\/wp-content\/uploads\/2024\/11\/SR-240-01.jpeg\" data-width=\"1600\" data-height=\"1200\" aria-label=\"Opening of the 240th session in the Nouvelle-Aquitaine region\" role=\"img\" ><\/div>\n\t\t\t\t\t\t\t\t\t\t\t<div class=\"elementor-gallery-item__overlay\"><\/div>\n\t\t\t\t\t\t\t\t\t\t\t\t\t\t<\/a>\n\t\t\t\t\t\t\t<a class=\"e-gallery-item elementor-gallery-item elementor-animated-content\" href=\"https:\/\/ihedn.fr\/wp-content\/uploads\/2024\/11\/SR-240-04-rotated.jpeg\" data-elementor-open-lightbox=\"yes\" data-elementor-lightbox-slideshow=\"408f387\" data-e-action-hash=\"#elementor-action%3Aaction%3Dlightbox%26settings%3DeyJpZCI6NTE0NjIsInVybCI6Imh0dHBzOlwvXC9paGVkbi5mclwvd3AtY29udGVudFwvdXBsb2Fkc1wvMjAyNFwvMTFcL1NSLTI0MC0wNC1yb3RhdGVkLmpwZWciLCJzbGlkZXNob3ciOiI0MDhmMzg3In0%3D\">\n\t\t\t\t\t<div class=\"e-gallery-image elementor-gallery-item__image\" data-thumbnail=\"https:\/\/ihedn.fr\/wp-content\/uploads\/2024\/11\/SR-240-04-rotated.jpeg\" data-width=\"1599\" data-height=\"1200\" aria-label=\"Opening of the 240th session in the Nouvelle-Aquitaine region\" role=\"img\" ><\/div>\n\t\t\t\t\t\t\t\t\t\t\t<div class=\"elementor-gallery-item__overlay\"><\/div>\n\t\t\t\t\t\t\t\t\t\t\t\t\t\t<\/a>\n\t\t\t\t\t<\/div>\n\t\t\t\t\t<\/div>\n\t\t\t\t<\/div>\n\t\t\t\t\t<\/div>\n\t\t\t\t<\/div>\n\t\t\t\t<\/div>","protected":false},"excerpt":{"rendered":"<p>The 240\u1d49 regional session of the Institut des hautes \u00e9tudes de d\u00e9fense nationale opened at Agen town hall, under the banner of strategic thinking and sovereignty. For four weeks, 51 students from a wide range of backgrounds will be exploring the major issues in defence, security and national resilience, through a programme combining visits to strategic sites, high-level conferences and group work. The course will culminate in a presentation of their work on 13 December in Bordeaux.<\/p>","protected":false},"author":10,"featured_media":51466,"comment_status":"closed","ping_status":"closed","sticky":false,"template":"","format":"standard","meta":{"footnotes":""},"categories":[172],"tags":[],"class_list":["post-51459","post","type-post","status-publish","format-standard","has-post-thumbnail","hentry","category-notre-actualite"],"yoast_head":"<!-- This site is optimized with the Yoast SEO plugin v27.5 - https:\/\/yoast.com\/product\/yoast-seo-wordpress\/ -->\n<title>Ouverture de la 240e session en r\u00e9gion Nouvelle-Aquitaine - L&#039;IHEDN : Institut des hautes \u00e9tudes de d\u00e9fense nationale<\/title>\n<meta name=\"description\" content=\"La 240\u1d49 session en r\u00e9gion de l\u2019Institut des hautes \u00e9tudes de d\u00e9fense nationale (IHEDN) s\u2019est ouverte \u00e0 l\u2019h\u00f4tel de ville d\u2019Agen, sous le signe de la r\u00e9flexion strat\u00e9gique et de la souverainet\u00e9.\" \/>\n<meta name=\"robots\" content=\"index, follow, max-snippet:-1, max-image-preview:large, max-video-preview:-1\" \/>\n<link rel=\"canonical\" href=\"https:\/\/ihedn.fr\/en\/notre-actualite\/ouverture-de-la-240e-session-en-region-nouvelle-aquitaine\/\" \/>\n<meta property=\"og:locale\" content=\"en_GB\" \/>\n<meta property=\"og:type\" content=\"article\" \/>\n<meta property=\"og:title\" content=\"Ouverture de la 240e session en r\u00e9gion Nouvelle-Aquitaine\" \/>\n<meta property=\"og:description\" content=\"La 240\u1d49 session en r\u00e9gion de l\u2019Institut des hautes \u00e9tudes de d\u00e9fense nationale (IHEDN) s\u2019est ouverte \u00e0 l\u2019h\u00f4tel de ville d\u2019Agen, sous le signe de la r\u00e9flexion strat\u00e9gique et de la souverainet\u00e9.\" \/>\n<meta property=\"og:url\" content=\"https:\/\/ihedn.fr\/en\/notre-actualite\/ouverture-de-la-240e-session-en-region-nouvelle-aquitaine\/\" \/>\n<meta property=\"og:site_name\" content=\"L&#039;IHEDN : Institut des hautes \u00e9tudes de d\u00e9fense nationale\" \/>\n<meta property=\"article:publisher\" content=\"https:\/\/www.facebook.com\/ihedn\/\" \/>\n<meta property=\"article:published_time\" content=\"2024-11-19T15:45:26+00:00\" \/>\n<meta property=\"article:modified_time\" content=\"2024-11-19T16:05:35+00:00\" \/>\n<meta property=\"og:image\" content=\"https:\/\/ihedn.fr\/wp-content\/uploads\/2024\/11\/SR-240-02-rotated.jpeg\" \/>\n\t<meta property=\"og:image:width\" content=\"1599\" \/>\n\t<meta property=\"og:image:height\" content=\"1200\" \/>\n\t<meta property=\"og:image:type\" content=\"image\/jpeg\" \/>\n<meta name=\"author\" content=\"tanguy.morel@ihedn.fr\" \/>\n<meta name=\"twitter:card\" content=\"summary_large_image\" \/>\n<meta name=\"twitter:title\" content=\"Ouverture de la 240&lt;sup&gt;e&lt;\/sup&gt; session en r\u00e9gion Nouvelle-Aquitaine\" \/>\n<meta name=\"twitter:description\" content=\"La 240\u1d49 session en r\u00e9gion de l\u2019Institut des hautes \u00e9tudes de d\u00e9fense nationale (IHEDN) s\u2019est ouverte \u00e0 l\u2019h\u00f4tel de ville d\u2019Agen, sous le signe de la r\u00e9flexion strat\u00e9gique et de la souverainet\u00e9.\" \/>\n<meta name=\"twitter:image\" content=\"https:\/\/ihedn.fr\/wp-content\/uploads\/2024\/11\/SR-240-02-rotated.jpeg\" \/>\n<meta name=\"twitter:creator\" content=\"@IHEDN\" \/>\n<meta name=\"twitter:site\" content=\"@IHEDN\" \/>\n<meta name=\"twitter:label1\" content=\"Written by\" \/>\n\t<meta name=\"twitter:data1\" content=\"tanguy.morel@ihedn.fr\" \/>\n\t<meta name=\"twitter:label2\" content=\"Estimated reading time\" \/>\n\t<meta name=\"twitter:data2\" content=\"2 minutes\" \/>\n<script type=\"application\/ld+json\" class=\"yoast-schema-graph\">{\"@context\":\"https:\\\/\\\/schema.org\",\"@graph\":[{\"@type\":\"Article\",\"@id\":\"https:\\\/\\\/ihedn.fr\\\/notre-actualite\\\/ouverture-de-la-240e-session-en-region-nouvelle-aquitaine\\\/#article\",\"isPartOf\":{\"@id\":\"https:\\\/\\\/ihedn.fr\\\/notre-actualite\\\/ouverture-de-la-240e-session-en-region-nouvelle-aquitaine\\\/\"},\"author\":{\"name\":\"tanguy.morel@ihedn.fr\",\"@id\":\"https:\\\/\\\/ihedn.fr\\\/#\\\/schema\\\/person\\\/ed217a37104b27a246b200e65b827cc7\"},\"headline\":\"Ouverture de la 240e session en r\u00e9gion Nouvelle-Aquitaine\",\"datePublished\":\"2024-11-19T15:45:26+00:00\",\"dateModified\":\"2024-11-19T16:05:35+00:00\",\"mainEntityOfPage\":{\"@id\":\"https:\\\/\\\/ihedn.fr\\\/notre-actualite\\\/ouverture-de-la-240e-session-en-region-nouvelle-aquitaine\\\/\"},\"wordCount\":416,\"publisher\":{\"@id\":\"https:\\\/\\\/ihedn.fr\\\/#organization\"},\"image\":{\"@id\":\"https:\\\/\\\/ihedn.fr\\\/notre-actualite\\\/ouverture-de-la-240e-session-en-region-nouvelle-aquitaine\\\/#primaryimage\"},\"thumbnailUrl\":\"https:\\\/\\\/ihedn.fr\\\/wp-content\\\/uploads\\\/2024\\\/11\\\/SR-240-02-rotated.jpeg\",\"articleSection\":[\"Notre actualit\u00e9\"],\"inLanguage\":\"en-GB\"},{\"@type\":\"WebPage\",\"@id\":\"https:\\\/\\\/ihedn.fr\\\/notre-actualite\\\/ouverture-de-la-240e-session-en-region-nouvelle-aquitaine\\\/\",\"url\":\"https:\\\/\\\/ihedn.fr\\\/notre-actualite\\\/ouverture-de-la-240e-session-en-region-nouvelle-aquitaine\\\/\",\"name\":\"Ouverture de la 240e session en r\u00e9gion Nouvelle-Aquitaine - L&#039;IHEDN : Institut des hautes \u00e9tudes de d\u00e9fense nationale\",\"isPartOf\":{\"@id\":\"https:\\\/\\\/ihedn.fr\\\/#website\"},\"primaryImageOfPage\":{\"@id\":\"https:\\\/\\\/ihedn.fr\\\/notre-actualite\\\/ouverture-de-la-240e-session-en-region-nouvelle-aquitaine\\\/#primaryimage\"},\"image\":{\"@id\":\"https:\\\/\\\/ihedn.fr\\\/notre-actualite\\\/ouverture-de-la-240e-session-en-region-nouvelle-aquitaine\\\/#primaryimage\"},\"thumbnailUrl\":\"https:\\\/\\\/ihedn.fr\\\/wp-content\\\/uploads\\\/2024\\\/11\\\/SR-240-02-rotated.jpeg\",\"datePublished\":\"2024-11-19T15:45:26+00:00\",\"dateModified\":\"2024-11-19T16:05:35+00:00\",\"description\":\"La 240\u1d49 session en r\u00e9gion de l\u2019Institut des hautes \u00e9tudes de d\u00e9fense nationale (IHEDN) s\u2019est ouverte \u00e0 l\u2019h\u00f4tel de ville d\u2019Agen, sous le signe de la r\u00e9flexion strat\u00e9gique et de la souverainet\u00e9.\",\"breadcrumb\":{\"@id\":\"https:\\\/\\\/ihedn.fr\\\/notre-actualite\\\/ouverture-de-la-240e-session-en-region-nouvelle-aquitaine\\\/#breadcrumb\"},\"inLanguage\":\"en-GB\",\"potentialAction\":[{\"@type\":\"ReadAction\",\"target\":[\"https:\\\/\\\/ihedn.fr\\\/notre-actualite\\\/ouverture-de-la-240e-session-en-region-nouvelle-aquitaine\\\/\"]}]},{\"@type\":\"ImageObject\",\"inLanguage\":\"en-GB\",\"@id\":\"https:\\\/\\\/ihedn.fr\\\/notre-actualite\\\/ouverture-de-la-240e-session-en-region-nouvelle-aquitaine\\\/#primaryimage\",\"url\":\"https:\\\/\\\/ihedn.fr\\\/wp-content\\\/uploads\\\/2024\\\/11\\\/SR-240-02-rotated.jpeg\",\"contentUrl\":\"https:\\\/\\\/ihedn.fr\\\/wp-content\\\/uploads\\\/2024\\\/11\\\/SR-240-02-rotated.jpeg\",\"width\":1599,\"height\":1200,\"caption\":\"Ouverture de la 240e session en r\u00e9gion Nouvelle-Aquitaine\"},{\"@type\":\"BreadcrumbList\",\"@id\":\"https:\\\/\\\/ihedn.fr\\\/notre-actualite\\\/ouverture-de-la-240e-session-en-region-nouvelle-aquitaine\\\/#breadcrumb\",\"itemListElement\":[{\"@type\":\"ListItem\",\"position\":1,\"name\":\"Accueil\",\"item\":\"https:\\\/\\\/ihedn.fr\\\/\"},{\"@type\":\"ListItem\",\"position\":2,\"name\":\"Ouverture de la 240e session en r\u00e9gion Nouvelle-Aquitaine\"}]},{\"@type\":\"WebSite\",\"@id\":\"https:\\\/\\\/ihedn.fr\\\/#website\",\"url\":\"https:\\\/\\\/ihedn.fr\\\/\",\"name\":\"IHEDN : Institut des hautes \u00e9tudes de d\u00e9fense nationale |\",\"description\":\"Site officiel de l&#039;IHEDN plac\u00e9 sous la tutelle du Premier ministre.\",\"publisher\":{\"@id\":\"https:\\\/\\\/ihedn.fr\\\/#organization\"},\"potentialAction\":[{\"@type\":\"SearchAction\",\"target\":{\"@type\":\"EntryPoint\",\"urlTemplate\":\"https:\\\/\\\/ihedn.fr\\\/?s={search_term_string}\"},\"query-input\":{\"@type\":\"PropertyValueSpecification\",\"valueRequired\":true,\"valueName\":\"search_term_string\"}}],\"inLanguage\":\"en-GB\"},{\"@type\":\"Organization\",\"@id\":\"https:\\\/\\\/ihedn.fr\\\/#organization\",\"name\":\"IHEDN - Institut des Hautes Etudes de D\u00e9fense Nationale\",\"url\":\"https:\\\/\\\/ihedn.fr\\\/\",\"logo\":{\"@type\":\"ImageObject\",\"inLanguage\":\"en-GB\",\"@id\":\"https:\\\/\\\/ihedn.fr\\\/#\\\/schema\\\/logo\\\/image\\\/\",\"url\":\"https:\\\/\\\/ihedn.fr\\\/wp-content\\\/uploads\\\/2020\\\/11\\\/BLOC_RF_IHEDN_WEB.png\",\"contentUrl\":\"https:\\\/\\\/ihedn.fr\\\/wp-content\\\/uploads\\\/2020\\\/11\\\/BLOC_RF_IHEDN_WEB.png\",\"width\":500,\"height\":237,\"caption\":\"IHEDN - Institut des Hautes Etudes de D\u00e9fense Nationale\"},\"image\":{\"@id\":\"https:\\\/\\\/ihedn.fr\\\/#\\\/schema\\\/logo\\\/image\\\/\"},\"sameAs\":[\"https:\\\/\\\/www.facebook.com\\\/ihedn\\\/\",\"https:\\\/\\\/x.com\\\/IHEDN\",\"https:\\\/\\\/www.instagram.com\\\/ihedn\\\/\",\"https:\\\/\\\/www.linkedin.com\\\/school\\\/ihedn\\\/\",\"https:\\\/\\\/fr.wikipedia.org\\\/wiki\\\/Institut_des_hautes_\u00e9tudes_de_D\u00e9fense_nationale\"]},{\"@type\":\"Person\",\"@id\":\"https:\\\/\\\/ihedn.fr\\\/#\\\/schema\\\/person\\\/ed217a37104b27a246b200e65b827cc7\",\"name\":\"tanguy.morel@ihedn.fr\",\"image\":{\"@type\":\"ImageObject\",\"inLanguage\":\"en-GB\",\"@id\":\"https:\\\/\\\/secure.gravatar.com\\\/avatar\\\/36877cd30919fafddf1f9da45f4154aa468a64328452f2ceaff0968772207348?s=96&d=mm&r=g\",\"url\":\"https:\\\/\\\/secure.gravatar.com\\\/avatar\\\/36877cd30919fafddf1f9da45f4154aa468a64328452f2ceaff0968772207348?s=96&d=mm&r=g\",\"contentUrl\":\"https:\\\/\\\/secure.gravatar.com\\\/avatar\\\/36877cd30919fafddf1f9da45f4154aa468a64328452f2ceaff0968772207348?s=96&d=mm&r=g\",\"caption\":\"tanguy.morel@ihedn.fr\"},\"url\":\"https:\\\/\\\/ihedn.fr\\\/en\\\/author\\\/tanguy-morelihedn-fr\\\/\"}]}<\/script>\n<!-- \/ Yoast SEO plugin. -->","yoast_head_json":{"title":"Opening of the 240th session in the Nouvelle-Aquitaine region - L'IHEDN : Institut des hautes \u00e9tudes de d\u00e9fense nationale","description":"The 240\u1d49 regional session of the Institut des hautes \u00e9tudes de d\u00e9fense nationale (IHEDN) opened at Agen town hall, under the banner of strategic thinking and sovereignty.","robots":{"index":"index","follow":"follow","max-snippet":"max-snippet:-1","max-image-preview":"max-image-preview:large","max-video-preview":"max-video-preview:-1"},"canonical":"https:\/\/ihedn.fr\/en\/notre-actualite\/ouverture-de-la-240e-session-en-region-nouvelle-aquitaine\/","og_locale":"en_GB","og_type":"article","og_title":"Ouverture de la 240e session en r\u00e9gion Nouvelle-Aquitaine","og_description":"La 240\u1d49 session en r\u00e9gion de l\u2019Institut des hautes \u00e9tudes de d\u00e9fense nationale (IHEDN) s\u2019est ouverte \u00e0 l\u2019h\u00f4tel de ville d\u2019Agen, sous le signe de la r\u00e9flexion strat\u00e9gique et de la souverainet\u00e9.","og_url":"https:\/\/ihedn.fr\/en\/notre-actualite\/ouverture-de-la-240e-session-en-region-nouvelle-aquitaine\/","og_site_name":"L&#039;IHEDN : Institut des hautes \u00e9tudes de d\u00e9fense nationale","article_publisher":"https:\/\/www.facebook.com\/ihedn\/","article_published_time":"2024-11-19T15:45:26+00:00","article_modified_time":"2024-11-19T16:05:35+00:00","og_image":[{"width":1599,"height":1200,"url":"https:\/\/ihedn.fr\/wp-content\/uploads\/2024\/11\/SR-240-02-rotated.jpeg","type":"image\/jpeg"}],"author":"tanguy.morel@ihedn.fr","twitter_card":"summary_large_image","twitter_title":"Ouverture de la 240<sup>e<\/sup> session en r\u00e9gion Nouvelle-Aquitaine","twitter_description":"La 240\u1d49 session en r\u00e9gion de l\u2019Institut des hautes \u00e9tudes de d\u00e9fense nationale (IHEDN) s\u2019est ouverte \u00e0 l\u2019h\u00f4tel de ville d\u2019Agen, sous le signe de la r\u00e9flexion strat\u00e9gique et de la souverainet\u00e9.","twitter_image":"https:\/\/ihedn.fr\/wp-content\/uploads\/2024\/11\/SR-240-02-rotated.jpeg","twitter_creator":"@IHEDN","twitter_site":"@IHEDN","twitter_misc":{"Written by":"tanguy.morel@ihedn.fr","Estimated reading time":"2 minutes"},"schema":{"@context":"https:\/\/schema.org","@graph":[{"@type":"Article","@id":"https:\/\/ihedn.fr\/notre-actualite\/ouverture-de-la-240e-session-en-region-nouvelle-aquitaine\/#article","isPartOf":{"@id":"https:\/\/ihedn.fr\/notre-actualite\/ouverture-de-la-240e-session-en-region-nouvelle-aquitaine\/"},"author":{"name":"tanguy.morel@ihedn.fr","@id":"https:\/\/ihedn.fr\/#\/schema\/person\/ed217a37104b27a246b200e65b827cc7"},"headline":"Ouverture de la 240e session en r\u00e9gion Nouvelle-Aquitaine","datePublished":"2024-11-19T15:45:26+00:00","dateModified":"2024-11-19T16:05:35+00:00","mainEntityOfPage":{"@id":"https:\/\/ihedn.fr\/notre-actualite\/ouverture-de-la-240e-session-en-region-nouvelle-aquitaine\/"},"wordCount":416,"publisher":{"@id":"https:\/\/ihedn.fr\/#organization"},"image":{"@id":"https:\/\/ihedn.fr\/notre-actualite\/ouverture-de-la-240e-session-en-region-nouvelle-aquitaine\/#primaryimage"},"thumbnailUrl":"https:\/\/ihedn.fr\/wp-content\/uploads\/2024\/11\/SR-240-02-rotated.jpeg","articleSection":["Notre actualit\u00e9"],"inLanguage":"en-GB"},{"@type":"WebPage","@id":"https:\/\/ihedn.fr\/notre-actualite\/ouverture-de-la-240e-session-en-region-nouvelle-aquitaine\/","url":"https:\/\/ihedn.fr\/notre-actualite\/ouverture-de-la-240e-session-en-region-nouvelle-aquitaine\/","name":"Opening of the 240th session in the Nouvelle-Aquitaine region - L'IHEDN : Institut des hautes \u00e9tudes de d\u00e9fense nationale","isPartOf":{"@id":"https:\/\/ihedn.fr\/#website"},"primaryImageOfPage":{"@id":"https:\/\/ihedn.fr\/notre-actualite\/ouverture-de-la-240e-session-en-region-nouvelle-aquitaine\/#primaryimage"},"image":{"@id":"https:\/\/ihedn.fr\/notre-actualite\/ouverture-de-la-240e-session-en-region-nouvelle-aquitaine\/#primaryimage"},"thumbnailUrl":"https:\/\/ihedn.fr\/wp-content\/uploads\/2024\/11\/SR-240-02-rotated.jpeg","datePublished":"2024-11-19T15:45:26+00:00","dateModified":"2024-11-19T16:05:35+00:00","description":"The 240\u1d49 regional session of the Institut des hautes \u00e9tudes de d\u00e9fense nationale (IHEDN) opened at Agen town hall, under the banner of strategic thinking and sovereignty.","breadcrumb":{"@id":"https:\/\/ihedn.fr\/notre-actualite\/ouverture-de-la-240e-session-en-region-nouvelle-aquitaine\/#breadcrumb"},"inLanguage":"en-GB","potentialAction":[{"@type":"ReadAction","target":["https:\/\/ihedn.fr\/notre-actualite\/ouverture-de-la-240e-session-en-region-nouvelle-aquitaine\/"]}]},{"@type":"ImageObject","inLanguage":"en-GB","@id":"https:\/\/ihedn.fr\/notre-actualite\/ouverture-de-la-240e-session-en-region-nouvelle-aquitaine\/#primaryimage","url":"https:\/\/ihedn.fr\/wp-content\/uploads\/2024\/11\/SR-240-02-rotated.jpeg","contentUrl":"https:\/\/ihedn.fr\/wp-content\/uploads\/2024\/11\/SR-240-02-rotated.jpeg","width":1599,"height":1200,"caption":"Ouverture de la 240e session en r\u00e9gion Nouvelle-Aquitaine"},{"@type":"BreadcrumbList","@id":"https:\/\/ihedn.fr\/notre-actualite\/ouverture-de-la-240e-session-en-region-nouvelle-aquitaine\/#breadcrumb","itemListElement":[{"@type":"ListItem","position":1,"name":"Accueil","item":"https:\/\/ihedn.fr\/"},{"@type":"ListItem","position":2,"name":"Ouverture de la 240e session en r\u00e9gion Nouvelle-Aquitaine"}]},{"@type":"WebSite","@id":"https:\/\/ihedn.fr\/#website","url":"https:\/\/ihedn.fr\/","name":"IHEDN: Institut des hautes \u00e9tudes de d\u00e9fense nationale (Institute for Higher National Defence Studies)","description":"Official website of the IHEDN under the supervision of the Prime Minister.","publisher":{"@id":"https:\/\/ihedn.fr\/#organization"},"potentialAction":[{"@type":"SearchAction","target":{"@type":"EntryPoint","urlTemplate":"https:\/\/ihedn.fr\/?s={search_term_string}"},"query-input":{"@type":"PropertyValueSpecification","valueRequired":true,"valueName":"search_term_string"}}],"inLanguage":"en-GB"},{"@type":"Organization","@id":"https:\/\/ihedn.fr\/#organization","name":"IHEDN - Institute for Higher National Defence Studies","url":"https:\/\/ihedn.fr\/","logo":{"@type":"ImageObject","inLanguage":"en-GB","@id":"https:\/\/ihedn.fr\/#\/schema\/logo\/image\/","url":"https:\/\/ihedn.fr\/wp-content\/uploads\/2020\/11\/BLOC_RF_IHEDN_WEB.png","contentUrl":"https:\/\/ihedn.fr\/wp-content\/uploads\/2020\/11\/BLOC_RF_IHEDN_WEB.png","width":500,"height":237,"caption":"IHEDN - Institut des Hautes Etudes de D\u00e9fense Nationale"},"image":{"@id":"https:\/\/ihedn.fr\/#\/schema\/logo\/image\/"},"sameAs":["https:\/\/www.facebook.com\/ihedn\/","https:\/\/x.com\/IHEDN","https:\/\/www.instagram.com\/ihedn\/","https:\/\/www.linkedin.com\/school\/ihedn\/","https:\/\/fr.wikipedia.org\/wiki\/Institut_des_hautes_\u00e9tudes_de_D\u00e9fense_nationale"]},{"@type":"Person","@id":"https:\/\/ihedn.fr\/#\/schema\/person\/ed217a37104b27a246b200e65b827cc7","name":"tanguy.morel@ihedn.fr","image":{"@type":"ImageObject","inLanguage":"en-GB","@id":"https:\/\/secure.gravatar.com\/avatar\/36877cd30919fafddf1f9da45f4154aa468a64328452f2ceaff0968772207348?s=96&d=mm&r=g","url":"https:\/\/secure.gravatar.com\/avatar\/36877cd30919fafddf1f9da45f4154aa468a64328452f2ceaff0968772207348?s=96&d=mm&r=g","contentUrl":"https:\/\/secure.gravatar.com\/avatar\/36877cd30919fafddf1f9da45f4154aa468a64328452f2ceaff0968772207348?s=96&d=mm&r=g","caption":"tanguy.morel@ihedn.fr"},"url":"https:\/\/ihedn.fr\/en\/author\/tanguy-morelihedn-fr\/"}]}},"publishpress_future_action":{"enabled":false,"date":"2026-05-08 23:27:51","action":"change-status","newStatus":"draft","terms":[],"taxonomy":"category","extraData":[]},"publishpress_future_workflow_manual_trigger":{"enabledWorkflows":[]},"_links":{"self":[{"href":"https:\/\/ihedn.fr\/en\/wp-json\/wp\/v2\/posts\/51459","targetHints":{"allow":["GET"]}}],"collection":[{"href":"https:\/\/ihedn.fr\/en\/wp-json\/wp\/v2\/posts"}],"about":[{"href":"https:\/\/ihedn.fr\/en\/wp-json\/wp\/v2\/types\/post"}],"author":[{"embeddable":true,"href":"https:\/\/ihedn.fr\/en\/wp-json\/wp\/v2\/users\/10"}],"replies":[{"embeddable":true,"href":"https:\/\/ihedn.fr\/en\/wp-json\/wp\/v2\/comments?post=51459"}],"version-history":[{"count":6,"href":"https:\/\/ihedn.fr\/en\/wp-json\/wp\/v2\/posts\/51459\/revisions"}],"predecessor-version":[{"id":51471,"href":"https:\/\/ihedn.fr\/en\/wp-json\/wp\/v2\/posts\/51459\/revisions\/51471"}],"wp:featuredmedia":[{"embeddable":true,"href":"https:\/\/ihedn.fr\/en\/wp-json\/wp\/v2\/media\/51466"}],"wp:attachment":[{"href":"https:\/\/ihedn.fr\/en\/wp-json\/wp\/v2\/media?parent=51459"}],"wp:term":[{"taxonomy":"category","embeddable":true,"href":"https:\/\/ihedn.fr\/en\/wp-json\/wp\/v2\/categories?post=51459"},{"taxonomy":"post_tag","embeddable":true,"href":"https:\/\/ihedn.fr\/en\/wp-json\/wp\/v2\/tags?post=51459"}],"curies":[{"name":"wp","href":"https:\/\/api.w.org\/{rel}","templated":true}]}}