{"id":51543,"date":"2024-11-28T17:18:34","date_gmt":"2024-11-28T16:18:34","guid":{"rendered":"https:\/\/ihedn.fr\/?p=51543"},"modified":"2024-11-28T17:30:13","modified_gmt":"2024-11-28T16:30:13","slug":"pau-accueille-la-240e-session-en-region-nouvelle-aquitaine","status":"publish","type":"post","link":"https:\/\/ihedn.fr\/en\/notre-actualite\/pau-accueille-la-240e-session-en-region-nouvelle-aquitaine\/","title":{"rendered":"Pau welcomes the 240<sup>e<\/sup> session in the Nouvelle-Aquitaine region"},"content":{"rendered":"<div data-elementor-type=\"wp-post\" data-elementor-id=\"51543\" class=\"elementor elementor-51543\" data-elementor-post-type=\"post\">\n\t\t\t\t<div data-particle_enable=\"false\" data-particle-mobile-disabled=\"false\" class=\"elementor-element elementor-element-230dc34 e-flex e-con-boxed e-con e-parent\" data-id=\"230dc34\" data-element_type=\"container\" data-e-type=\"container\">\n\t\t\t\t\t<div class=\"e-con-inner\">\n\t\t\t\t<div class=\"elementor-element elementor-element-e5963ae elementor-widget elementor-widget-text-editor\" data-id=\"e5963ae\" data-element_type=\"widget\" data-e-type=\"widget\" data-widget_type=\"text-editor.default\">\n\t\t\t\t<div class=\"elementor-widget-container\">\n\t\t\t\t\t\t\t\t\t<p>The week began with an emotionally-charged remembrance sequence, with a visit to two emblematic sites in the Pyr\u00e9n\u00e9es-Atlantiques region: the Mus\u00e9e des Parachutistes and the Mus\u00e9e de la R\u00e9sistance et de la D\u00e9portation. These landmarks gave listeners an opportunity to explore the legacy of paratroopers in French army operations, and to reflect on the horrors of the Occupation between 1942 and 1945. Colonel Achille M\u00fcller, an emblematic figure of the Free French Forces, captivated the audience with his vibrant accounts, unanimously praised, which deeply enriched this historical experience. A memorable immersion for the 240th regional session of the IHEDN. To immerse the audience in the missions and activities of the armed forces, a visit was organised to the Land Special Actions Command (CAS), accompanied by a dynamic presentation of the capabilities of the 4th special forces helicopter regiment and the specific and complex firing training centre. These demonstrations, designed to illustrate the expertise and operational commitment of these units, attracted a great deal of interest.<\/p><p>During the rest of the week, the issues of sovereignty and the development of the defence industrial and technological base took centre stage. The auditors were welcomed at SAFRAN Helicopter Engines, where the challenges linked to industrial sovereignty were discussed in depth. A tour of the workshops highlighted the importance of state-of-the-art industrial facilities and specialised skills. The following day, TotalEnergies' Jean-F\u00e9ger Scientific and Technical Centre unveiled its research and innovation work. After highlighting the Group's ambition to develop renewable energies, the audience explored impressive infrastructures, such as the Pang\u00e9a 4 supercomputer and the caroth\u00e8que, revealing the technological challenges of a major energy player.<\/p><p>Sub-prefect Samuel Gesret, Secretary General of the Pyr\u00e9n\u00e9es-Atlantiques Prefecture, representing Prefect Julien Charles, welcomed the auditors to the Villa Sainte-H\u00e9l\u00e8ne for a rich exchange on the specific features of the State's action in the department. Applying the Chatham House Rule, he answered the auditors' many questions frankly and transparently, shedding valuable light on local challenges and priorities. This interview fully satisfied the audience's curiosity, marking a key moment in the session.<\/p><p>Conferences led by defence experts punctuated the week, offering in-depth analysis of current strategic issues. After a detailed look at the budgetary implications of the 2024-2030 military programming law, the specific challenges facing the various armed forces were explored, sparking a rich exchange of views and precise answers to the audience's questions. The discussion then turned to new areas of conflict, such as cyber, before focusing on building stronger international cooperation with partners such as the United Kingdom.<\/p><p>After this immersion in the Pyr\u00e9n\u00e9es-Atlantiques region, listeners will enjoy a week's break before meeting up again in Bayonne on Tuesday 3 December for the rest of their programme.<\/p>\t\t\t\t\t\t\t\t<\/div>\n\t\t\t\t<\/div>\n\t\t\t\t\t<\/div>\n\t\t\t\t<\/div>\n\t\t<div data-particle_enable=\"false\" data-particle-mobile-disabled=\"false\" class=\"elementor-element elementor-element-3bbc659 e-flex e-con-boxed e-con e-parent\" data-id=\"3bbc659\" data-element_type=\"container\" data-e-type=\"container\">\n\t\t\t\t\t<div class=\"e-con-inner\">\n\t\t\t\t<div class=\"elementor-element elementor-element-408f387 elementor-widget elementor-widget-gallery\" data-id=\"408f387\" data-element_type=\"widget\" data-e-type=\"widget\" data-settings=\"{&quot;gallery_layout&quot;:&quot;masonry&quot;,&quot;columns&quot;:3,&quot;lazyload&quot;:&quot;yes&quot;,&quot;columns_tablet&quot;:2,&quot;columns_mobile&quot;:1,&quot;gap&quot;:{&quot;unit&quot;:&quot;px&quot;,&quot;size&quot;:10,&quot;sizes&quot;:[]},&quot;gap_tablet&quot;:{&quot;unit&quot;:&quot;px&quot;,&quot;size&quot;:10,&quot;sizes&quot;:[]},&quot;gap_mobile&quot;:{&quot;unit&quot;:&quot;px&quot;,&quot;size&quot;:10,&quot;sizes&quot;:[]},&quot;link_to&quot;:&quot;file&quot;,&quot;overlay_background&quot;:&quot;yes&quot;,&quot;content_hover_animation&quot;:&quot;fade-in&quot;}\" data-widget_type=\"gallery.default\">\n\t\t\t\t<div class=\"elementor-widget-container\">\n\t\t\t\t\t\t\t<div class=\"elementor-gallery__container\">\n\t\t\t\t\t\t\t<a class=\"e-gallery-item elementor-gallery-item elementor-animated-content\" href=\"https:\/\/ihedn.fr\/wp-content\/uploads\/2024\/11\/Sans-titre.jpg\" data-elementor-open-lightbox=\"yes\" data-elementor-lightbox-slideshow=\"408f387\" data-e-action-hash=\"#elementor-action%3Aaction%3Dlightbox%26settings%3DeyJpZCI6NTE1NTAsInVybCI6Imh0dHBzOlwvXC9paGVkbi5mclwvd3AtY29udGVudFwvdXBsb2Fkc1wvMjAyNFwvMTFcL1NhbnMtdGl0cmUuanBnIiwic2xpZGVzaG93IjoiNDA4ZjM4NyJ9\">\n\t\t\t\t\t<div class=\"e-gallery-image elementor-gallery-item__image\" data-thumbnail=\"https:\/\/ihedn.fr\/wp-content\/uploads\/2024\/11\/Sans-titre.jpg\" data-width=\"1920\" data-height=\"1440\" aria-label=\"\" role=\"img\" ><\/div>\n\t\t\t\t\t\t\t\t\t\t\t<div class=\"elementor-gallery-item__overlay\"><\/div>\n\t\t\t\t\t\t\t\t\t\t\t\t\t\t<\/a>\n\t\t\t\t\t\t\t<a class=\"e-gallery-item elementor-gallery-item elementor-animated-content\" href=\"https:\/\/ihedn.fr\/wp-content\/uploads\/2024\/11\/Sans-9-rotated.jpg\" data-elementor-open-lightbox=\"yes\" data-elementor-lightbox-slideshow=\"408f387\" data-e-action-hash=\"#elementor-action%3Aaction%3Dlightbox%26settings%3DeyJpZCI6NTE1NDksInVybCI6Imh0dHBzOlwvXC9paGVkbi5mclwvd3AtY29udGVudFwvdXBsb2Fkc1wvMjAyNFwvMTFcL1NhbnMtOS1yb3RhdGVkLmpwZyIsInNsaWRlc2hvdyI6IjQwOGYzODcifQ%3D%3D\">\n\t\t\t\t\t<div class=\"e-gallery-image elementor-gallery-item__image\" data-thumbnail=\"https:\/\/ihedn.fr\/wp-content\/uploads\/2024\/11\/Sans-9-rotated.jpg\" data-width=\"1599\" data-height=\"1200\" aria-label=\"\" role=\"img\" ><\/div>\n\t\t\t\t\t\t\t\t\t\t\t<div class=\"elementor-gallery-item__overlay\"><\/div>\n\t\t\t\t\t\t\t\t\t\t\t\t\t\t<\/a>\n\t\t\t\t\t\t\t<a class=\"e-gallery-item elementor-gallery-item elementor-animated-content\" href=\"https:\/\/ihedn.fr\/wp-content\/uploads\/2024\/11\/Sans-titre7-rotated.jpg\" data-elementor-open-lightbox=\"yes\" data-elementor-lightbox-slideshow=\"408f387\" data-e-action-hash=\"#elementor-action%3Aaction%3Dlightbox%26settings%3DeyJpZCI6NTE1NTQsInVybCI6Imh0dHBzOlwvXC9paGVkbi5mclwvd3AtY29udGVudFwvdXBsb2Fkc1wvMjAyNFwvMTFcL1NhbnMtdGl0cmU3LXJvdGF0ZWQuanBnIiwic2xpZGVzaG93IjoiNDA4ZjM4NyJ9\">\n\t\t\t\t\t<div class=\"e-gallery-image elementor-gallery-item__image\" data-thumbnail=\"https:\/\/ihedn.fr\/wp-content\/uploads\/2024\/11\/Sans-titre7-rotated.jpg\" data-width=\"1599\" data-height=\"1200\" aria-label=\"\" role=\"img\" ><\/div>\n\t\t\t\t\t\t\t\t\t\t\t<div class=\"elementor-gallery-item__overlay\"><\/div>\n\t\t\t\t\t\t\t\t\t\t\t\t\t\t<\/a>\n\t\t\t\t\t\t\t<a class=\"e-gallery-item elementor-gallery-item elementor-animated-content\" href=\"https:\/\/ihedn.fr\/wp-content\/uploads\/2024\/11\/Sans-titre3.jpg\" data-elementor-open-lightbox=\"yes\" data-elementor-lightbox-slideshow=\"408f387\" data-e-action-hash=\"#elementor-action%3Aaction%3Dlightbox%26settings%3DeyJpZCI6NTE1NTIsInVybCI6Imh0dHBzOlwvXC9paGVkbi5mclwvd3AtY29udGVudFwvdXBsb2Fkc1wvMjAyNFwvMTFcL1NhbnMtdGl0cmUzLmpwZyIsInNsaWRlc2hvdyI6IjQwOGYzODcifQ%3D%3D\">\n\t\t\t\t\t<div class=\"e-gallery-image elementor-gallery-item__image\" data-thumbnail=\"https:\/\/ihedn.fr\/wp-content\/uploads\/2024\/11\/Sans-titre3.jpg\" data-width=\"1920\" data-height=\"1440\" aria-label=\"\" role=\"img\" ><\/div>\n\t\t\t\t\t\t\t\t\t\t\t<div class=\"elementor-gallery-item__overlay\"><\/div>\n\t\t\t\t\t\t\t\t\t\t\t\t\t\t<\/a>\n\t\t\t\t\t\t\t<a class=\"e-gallery-item elementor-gallery-item elementor-animated-content\" href=\"https:\/\/ihedn.fr\/wp-content\/uploads\/2024\/11\/Sans-titre10-rotated.jpg\" data-elementor-open-lightbox=\"yes\" data-elementor-lightbox-slideshow=\"408f387\" data-e-action-hash=\"#elementor-action%3Aaction%3Dlightbox%26settings%3DeyJpZCI6NTE1NTUsInVybCI6Imh0dHBzOlwvXC9paGVkbi5mclwvd3AtY29udGVudFwvdXBsb2Fkc1wvMjAyNFwvMTFcL1NhbnMtdGl0cmUxMC1yb3RhdGVkLmpwZyIsInNsaWRlc2hvdyI6IjQwOGYzODcifQ%3D%3D\">\n\t\t\t\t\t<div class=\"e-gallery-image elementor-gallery-item__image\" data-thumbnail=\"https:\/\/ihedn.fr\/wp-content\/uploads\/2024\/11\/Sans-titre10-rotated.jpg\" data-width=\"1599\" data-height=\"1200\" aria-label=\"\" role=\"img\" ><\/div>\n\t\t\t\t\t\t\t\t\t\t\t<div class=\"elementor-gallery-item__overlay\"><\/div>\n\t\t\t\t\t\t\t\t\t\t\t\t\t\t<\/a>\n\t\t\t\t\t\t\t<a class=\"e-gallery-item elementor-gallery-item elementor-animated-content\" href=\"https:\/\/ihedn.fr\/wp-content\/uploads\/2024\/11\/Sans-titre2.jpg\" data-elementor-open-lightbox=\"yes\" data-elementor-lightbox-slideshow=\"408f387\" data-e-action-hash=\"#elementor-action%3Aaction%3Dlightbox%26settings%3DeyJpZCI6NTE1NTEsInVybCI6Imh0dHBzOlwvXC9paGVkbi5mclwvd3AtY29udGVudFwvdXBsb2Fkc1wvMjAyNFwvMTFcL1NhbnMtdGl0cmUyLmpwZyIsInNsaWRlc2hvdyI6IjQwOGYzODcifQ%3D%3D\">\n\t\t\t\t\t<div class=\"e-gallery-image elementor-gallery-item__image\" data-thumbnail=\"https:\/\/ihedn.fr\/wp-content\/uploads\/2024\/11\/Sans-titre2.jpg\" data-width=\"1440\" data-height=\"1920\" aria-label=\"\" role=\"img\" ><\/div>\n\t\t\t\t\t\t\t\t\t\t\t<div class=\"elementor-gallery-item__overlay\"><\/div>\n\t\t\t\t\t\t\t\t\t\t\t\t\t\t<\/a>\n\t\t\t\t\t\t\t<a class=\"e-gallery-item elementor-gallery-item elementor-animated-content\" href=\"https:\/\/ihedn.fr\/wp-content\/uploads\/2024\/11\/Sans-titre5.jpg\" data-elementor-open-lightbox=\"yes\" data-elementor-lightbox-slideshow=\"408f387\" data-e-action-hash=\"#elementor-action%3Aaction%3Dlightbox%26settings%3DeyJpZCI6NTE1NTMsInVybCI6Imh0dHBzOlwvXC9paGVkbi5mclwvd3AtY29udGVudFwvdXBsb2Fkc1wvMjAyNFwvMTFcL1NhbnMtdGl0cmU1LmpwZyIsInNsaWRlc2hvdyI6IjQwOGYzODcifQ%3D%3D\">\n\t\t\t\t\t<div class=\"e-gallery-image elementor-gallery-item__image\" data-thumbnail=\"https:\/\/ihedn.fr\/wp-content\/uploads\/2024\/11\/Sans-titre5.jpg\" data-width=\"1920\" data-height=\"1440\" aria-label=\"\" role=\"img\" ><\/div>\n\t\t\t\t\t\t\t\t\t\t\t<div class=\"elementor-gallery-item__overlay\"><\/div>\n\t\t\t\t\t\t\t\t\t\t\t\t\t\t<\/a>\n\t\t\t\t\t\t\t<a class=\"e-gallery-item elementor-gallery-item elementor-animated-content\" href=\"https:\/\/ihedn.fr\/wp-content\/uploads\/2024\/11\/Visite-Safran.jpg\" data-elementor-open-lightbox=\"yes\" data-elementor-lightbox-slideshow=\"408f387\" data-e-action-hash=\"#elementor-action%3Aaction%3Dlightbox%26settings%3DeyJpZCI6NTE1NTYsInVybCI6Imh0dHBzOlwvXC9paGVkbi5mclwvd3AtY29udGVudFwvdXBsb2Fkc1wvMjAyNFwvMTFcL1Zpc2l0ZS1TYWZyYW4uanBnIiwic2xpZGVzaG93IjoiNDA4ZjM4NyJ9\">\n\t\t\t\t\t<div class=\"e-gallery-image elementor-gallery-item__image\" data-thumbnail=\"https:\/\/ihedn.fr\/wp-content\/uploads\/2024\/11\/Visite-Safran.jpg\" data-width=\"1920\" data-height=\"1279\" aria-label=\"\" role=\"img\" ><\/div>\n\t\t\t\t\t\t\t\t\t\t\t<div class=\"elementor-gallery-item__overlay\"><\/div>\n\t\t\t\t\t\t\t\t\t\t\t\t\t\t<\/a>\n\t\t\t\t\t\t\t<a class=\"e-gallery-item elementor-gallery-item elementor-animated-content\" href=\"https:\/\/ihedn.fr\/wp-content\/uploads\/2024\/11\/Colonel-Muller-et-General-Dapsens-21.11.24-002.jpg\" data-elementor-open-lightbox=\"yes\" data-elementor-lightbox-slideshow=\"408f387\" data-e-action-hash=\"#elementor-action%3Aaction%3Dlightbox%26settings%3DeyJpZCI6NTE1NDYsInVybCI6Imh0dHBzOlwvXC9paGVkbi5mclwvd3AtY29udGVudFwvdXBsb2Fkc1wvMjAyNFwvMTFcL0NvbG9uZWwtTXVsbGVyLWV0LUdlbmVyYWwtRGFwc2Vucy0yMS4xMS4yNC0wMDIuanBnIiwic2xpZGVzaG93IjoiNDA4ZjM4NyJ9\">\n\t\t\t\t\t<div class=\"e-gallery-image elementor-gallery-item__image\" data-thumbnail=\"https:\/\/ihedn.fr\/wp-content\/uploads\/2024\/11\/Colonel-Muller-et-General-Dapsens-21.11.24-002.jpg\" data-width=\"1440\" data-height=\"1920\" aria-label=\"\" role=\"img\" ><\/div>\n\t\t\t\t\t\t\t\t\t\t\t<div class=\"elementor-gallery-item__overlay\"><\/div>\n\t\t\t\t\t\t\t\t\t\t\t\t\t\t<\/a>\n\t\t\t\t\t\t\t<a class=\"e-gallery-item elementor-gallery-item elementor-animated-content\" href=\"https:\/\/ihedn.fr\/wp-content\/uploads\/2024\/11\/Sans-8-rotated.jpg\" data-elementor-open-lightbox=\"yes\" data-elementor-lightbox-slideshow=\"408f387\" data-e-action-hash=\"#elementor-action%3Aaction%3Dlightbox%26settings%3DeyJpZCI6NTE1NDgsInVybCI6Imh0dHBzOlwvXC9paGVkbi5mclwvd3AtY29udGVudFwvdXBsb2Fkc1wvMjAyNFwvMTFcL1NhbnMtOC1yb3RhdGVkLmpwZyIsInNsaWRlc2hvdyI6IjQwOGYzODcifQ%3D%3D\">\n\t\t\t\t\t<div class=\"e-gallery-image elementor-gallery-item__image\" data-thumbnail=\"https:\/\/ihedn.fr\/wp-content\/uploads\/2024\/11\/Sans-8-rotated.jpg\" data-width=\"1599\" data-height=\"1200\" aria-label=\"\" role=\"img\" ><\/div>\n\t\t\t\t\t\t\t\t\t\t\t<div class=\"elementor-gallery-item__overlay\"><\/div>\n\t\t\t\t\t\t\t\t\t\t\t\t\t\t<\/a>\n\t\t\t\t\t\t\t<a class=\"e-gallery-item elementor-gallery-item elementor-animated-content\" href=\"https:\/\/ihedn.fr\/wp-content\/uploads\/2024\/11\/image-6.jpg\" data-elementor-open-lightbox=\"yes\" data-elementor-lightbox-slideshow=\"408f387\" data-e-action-hash=\"#elementor-action%3Aaction%3Dlightbox%26settings%3DeyJpZCI6NTE1NDcsInVybCI6Imh0dHBzOlwvXC9paGVkbi5mclwvd3AtY29udGVudFwvdXBsb2Fkc1wvMjAyNFwvMTFcL2ltYWdlLTYuanBnIiwic2xpZGVzaG93IjoiNDA4ZjM4NyJ9\">\n\t\t\t\t\t<div class=\"e-gallery-image elementor-gallery-item__image\" data-thumbnail=\"https:\/\/ihedn.fr\/wp-content\/uploads\/2024\/11\/image-6.jpg\" data-width=\"1920\" data-height=\"1440\" aria-label=\"\" role=\"img\" ><\/div>\n\t\t\t\t\t\t\t\t\t\t\t<div class=\"elementor-gallery-item__overlay\"><\/div>\n\t\t\t\t\t\t\t\t\t\t\t\t\t\t<\/a>\n\t\t\t\t\t<\/div>\n\t\t\t\t\t<\/div>\n\t\t\t\t<\/div>\n\t\t\t\t\t<\/div>\n\t\t\t\t<\/div>\n\t\t\t\t<\/div>","protected":false},"excerpt":{"rendered":"<p>From 19 to 22 November, Pau hosted the second week of training for the 240th session in the Nouvelle-Aquitaine region. The participants plunged into the heart of the French defence system, with an approach combining theory and practice. Committee work provided an in-depth look at the strategic issues at stake, offering real-life situations. <\/p>","protected":false},"author":12,"featured_media":51544,"comment_status":"closed","ping_status":"closed","sticky":false,"template":"","format":"standard","meta":{"footnotes":""},"categories":[172],"tags":[],"class_list":["post-51543","post","type-post","status-publish","format-standard","has-post-thumbnail","hentry","category-notre-actualite"],"yoast_head":"<!-- This site is optimized with the Yoast SEO plugin v27.5 - https:\/\/yoast.com\/product\/yoast-seo-wordpress\/ -->\n<title>Pau accueille la 240e session en r\u00e9gion Nouvelle-Aquitaine - L&#039;IHEDN : Institut des hautes \u00e9tudes de d\u00e9fense nationale<\/title>\n<meta name=\"description\" content=\"Du 19 au 22 novembre, la ville de Pau a accueilli la deuxi\u00e8me semaine de formation de la 240e session en r\u00e9gion Nouvelle-Aquitaine. Les auditeurs ont plong\u00e9 au c\u0153ur de l\u2019outil de d\u00e9fense fran\u00e7ais, avec une approche m\u00ealant th\u00e9orie et pratique. Les travaux en comit\u00e9s ont permis d\u2019approfondir les enjeux strat\u00e9giques, offrant une mise en situation concr\u00e8te.\" \/>\n<meta name=\"robots\" content=\"index, follow, max-snippet:-1, max-image-preview:large, max-video-preview:-1\" \/>\n<link rel=\"canonical\" href=\"https:\/\/ihedn.fr\/en\/notre-actualite\/pau-accueille-la-240e-session-en-region-nouvelle-aquitaine\/\" \/>\n<meta property=\"og:locale\" content=\"en_GB\" \/>\n<meta property=\"og:type\" content=\"article\" \/>\n<meta property=\"og:title\" content=\"Pau accueille la 240e session en r\u00e9gion Nouvelle-Aquitaine\" \/>\n<meta property=\"og:description\" content=\"Du 19 au 22 novembre, la ville de Pau a accueilli la deuxi\u00e8me semaine de formation de la 240e session en r\u00e9gion Nouvelle-Aquitaine. Les auditeurs ont plong\u00e9 au c\u0153ur de l\u2019outil de d\u00e9fense fran\u00e7ais, avec une approche m\u00ealant th\u00e9orie et pratique. Les travaux en comit\u00e9s ont permis d\u2019approfondir les enjeux strat\u00e9giques, offrant une mise en situation concr\u00e8te.\" \/>\n<meta property=\"og:url\" content=\"https:\/\/ihedn.fr\/en\/notre-actualite\/pau-accueille-la-240e-session-en-region-nouvelle-aquitaine\/\" \/>\n<meta property=\"og:site_name\" content=\"L&#039;IHEDN : Institut des hautes \u00e9tudes de d\u00e9fense nationale\" \/>\n<meta property=\"article:publisher\" content=\"https:\/\/www.facebook.com\/ihedn\/\" \/>\n<meta property=\"article:published_time\" content=\"2024-11-28T16:18:34+00:00\" \/>\n<meta property=\"article:modified_time\" content=\"2024-11-28T16:30:13+00:00\" \/>\n<meta property=\"og:image\" content=\"https:\/\/ihedn.fr\/wp-content\/uploads\/2024\/11\/Sans-titre4.jpg\" \/>\n\t<meta property=\"og:image:width\" content=\"1920\" \/>\n\t<meta property=\"og:image:height\" content=\"1440\" \/>\n\t<meta property=\"og:image:type\" content=\"image\/jpeg\" \/>\n<meta name=\"author\" content=\"Ad\u00e8le Thoumieux\" \/>\n<meta name=\"twitter:card\" content=\"summary_large_image\" \/>\n<meta name=\"twitter:title\" content=\"Pau accueille la 240&lt;sup&gt;e&lt;\/sup&gt; session en r\u00e9gion Nouvelle-Aquitaine\" \/>\n<meta name=\"twitter:description\" content=\"Du 19 au 22 novembre, la ville de Pau a accueilli la deuxi\u00e8me semaine de formation de la 240e session en r\u00e9gion Nouvelle-Aquitaine. Les auditeurs ont plong\u00e9 au c\u0153ur de l\u2019outil de d\u00e9fense fran\u00e7ais, avec une approche m\u00ealant th\u00e9orie et pratique. Les travaux en comit\u00e9s ont permis d\u2019approfondir les enjeux strat\u00e9giques, offrant une mise en situation concr\u00e8te.\" \/>\n<meta name=\"twitter:image\" content=\"https:\/\/ihedn.fr\/wp-content\/uploads\/2024\/11\/Sans-titre4.jpg\" \/>\n<meta name=\"twitter:creator\" content=\"@IHEDN\" \/>\n<meta name=\"twitter:site\" content=\"@IHEDN\" \/>\n<meta name=\"twitter:label1\" content=\"Written by\" \/>\n\t<meta name=\"twitter:data1\" content=\"Ad\u00e8le Thoumieux\" \/>\n\t<meta name=\"twitter:label2\" content=\"Estimated reading time\" \/>\n\t<meta name=\"twitter:data2\" content=\"2 minutes\" \/>\n<script type=\"application\/ld+json\" class=\"yoast-schema-graph\">{\"@context\":\"https:\\\/\\\/schema.org\",\"@graph\":[{\"@type\":\"Article\",\"@id\":\"https:\\\/\\\/ihedn.fr\\\/notre-actualite\\\/pau-accueille-la-240e-session-en-region-nouvelle-aquitaine\\\/#article\",\"isPartOf\":{\"@id\":\"https:\\\/\\\/ihedn.fr\\\/notre-actualite\\\/pau-accueille-la-240e-session-en-region-nouvelle-aquitaine\\\/\"},\"author\":{\"name\":\"Ad\u00e8le Thoumieux\",\"@id\":\"https:\\\/\\\/ihedn.fr\\\/#\\\/schema\\\/person\\\/16d49c2bd0121499ea9b9023ce89826c\"},\"headline\":\"Pau accueille la 240e session en r\u00e9gion Nouvelle-Aquitaine\",\"datePublished\":\"2024-11-28T16:18:34+00:00\",\"dateModified\":\"2024-11-28T16:30:13+00:00\",\"mainEntityOfPage\":{\"@id\":\"https:\\\/\\\/ihedn.fr\\\/notre-actualite\\\/pau-accueille-la-240e-session-en-region-nouvelle-aquitaine\\\/\"},\"wordCount\":416,\"publisher\":{\"@id\":\"https:\\\/\\\/ihedn.fr\\\/#organization\"},\"image\":{\"@id\":\"https:\\\/\\\/ihedn.fr\\\/notre-actualite\\\/pau-accueille-la-240e-session-en-region-nouvelle-aquitaine\\\/#primaryimage\"},\"thumbnailUrl\":\"https:\\\/\\\/ihedn.fr\\\/wp-content\\\/uploads\\\/2024\\\/11\\\/Sans-titre4.jpg\",\"articleSection\":[\"Notre actualit\u00e9\"],\"inLanguage\":\"en-GB\"},{\"@type\":\"WebPage\",\"@id\":\"https:\\\/\\\/ihedn.fr\\\/notre-actualite\\\/pau-accueille-la-240e-session-en-region-nouvelle-aquitaine\\\/\",\"url\":\"https:\\\/\\\/ihedn.fr\\\/notre-actualite\\\/pau-accueille-la-240e-session-en-region-nouvelle-aquitaine\\\/\",\"name\":\"Pau accueille la 240e session en r\u00e9gion Nouvelle-Aquitaine - L&#039;IHEDN : Institut des hautes \u00e9tudes de d\u00e9fense nationale\",\"isPartOf\":{\"@id\":\"https:\\\/\\\/ihedn.fr\\\/#website\"},\"primaryImageOfPage\":{\"@id\":\"https:\\\/\\\/ihedn.fr\\\/notre-actualite\\\/pau-accueille-la-240e-session-en-region-nouvelle-aquitaine\\\/#primaryimage\"},\"image\":{\"@id\":\"https:\\\/\\\/ihedn.fr\\\/notre-actualite\\\/pau-accueille-la-240e-session-en-region-nouvelle-aquitaine\\\/#primaryimage\"},\"thumbnailUrl\":\"https:\\\/\\\/ihedn.fr\\\/wp-content\\\/uploads\\\/2024\\\/11\\\/Sans-titre4.jpg\",\"datePublished\":\"2024-11-28T16:18:34+00:00\",\"dateModified\":\"2024-11-28T16:30:13+00:00\",\"description\":\"Du 19 au 22 novembre, la ville de Pau a accueilli la deuxi\u00e8me semaine de formation de la 240e session en r\u00e9gion Nouvelle-Aquitaine. Les auditeurs ont plong\u00e9 au c\u0153ur de l\u2019outil de d\u00e9fense fran\u00e7ais, avec une approche m\u00ealant th\u00e9orie et pratique. Les travaux en comit\u00e9s ont permis d\u2019approfondir les enjeux strat\u00e9giques, offrant une mise en situation concr\u00e8te.\",\"breadcrumb\":{\"@id\":\"https:\\\/\\\/ihedn.fr\\\/notre-actualite\\\/pau-accueille-la-240e-session-en-region-nouvelle-aquitaine\\\/#breadcrumb\"},\"inLanguage\":\"en-GB\",\"potentialAction\":[{\"@type\":\"ReadAction\",\"target\":[\"https:\\\/\\\/ihedn.fr\\\/notre-actualite\\\/pau-accueille-la-240e-session-en-region-nouvelle-aquitaine\\\/\"]}]},{\"@type\":\"ImageObject\",\"inLanguage\":\"en-GB\",\"@id\":\"https:\\\/\\\/ihedn.fr\\\/notre-actualite\\\/pau-accueille-la-240e-session-en-region-nouvelle-aquitaine\\\/#primaryimage\",\"url\":\"https:\\\/\\\/ihedn.fr\\\/wp-content\\\/uploads\\\/2024\\\/11\\\/Sans-titre4.jpg\",\"contentUrl\":\"https:\\\/\\\/ihedn.fr\\\/wp-content\\\/uploads\\\/2024\\\/11\\\/Sans-titre4.jpg\",\"width\":1920,\"height\":1440},{\"@type\":\"BreadcrumbList\",\"@id\":\"https:\\\/\\\/ihedn.fr\\\/notre-actualite\\\/pau-accueille-la-240e-session-en-region-nouvelle-aquitaine\\\/#breadcrumb\",\"itemListElement\":[{\"@type\":\"ListItem\",\"position\":1,\"name\":\"Accueil\",\"item\":\"https:\\\/\\\/ihedn.fr\\\/\"},{\"@type\":\"ListItem\",\"position\":2,\"name\":\"Pau accueille la 240e session en r\u00e9gion Nouvelle-Aquitaine\"}]},{\"@type\":\"WebSite\",\"@id\":\"https:\\\/\\\/ihedn.fr\\\/#website\",\"url\":\"https:\\\/\\\/ihedn.fr\\\/\",\"name\":\"IHEDN : Institut des hautes \u00e9tudes de d\u00e9fense nationale |\",\"description\":\"Site officiel de l&#039;IHEDN plac\u00e9 sous la tutelle du Premier ministre.\",\"publisher\":{\"@id\":\"https:\\\/\\\/ihedn.fr\\\/#organization\"},\"potentialAction\":[{\"@type\":\"SearchAction\",\"target\":{\"@type\":\"EntryPoint\",\"urlTemplate\":\"https:\\\/\\\/ihedn.fr\\\/?s={search_term_string}\"},\"query-input\":{\"@type\":\"PropertyValueSpecification\",\"valueRequired\":true,\"valueName\":\"search_term_string\"}}],\"inLanguage\":\"en-GB\"},{\"@type\":\"Organization\",\"@id\":\"https:\\\/\\\/ihedn.fr\\\/#organization\",\"name\":\"IHEDN - Institut des Hautes Etudes de D\u00e9fense Nationale\",\"url\":\"https:\\\/\\\/ihedn.fr\\\/\",\"logo\":{\"@type\":\"ImageObject\",\"inLanguage\":\"en-GB\",\"@id\":\"https:\\\/\\\/ihedn.fr\\\/#\\\/schema\\\/logo\\\/image\\\/\",\"url\":\"https:\\\/\\\/ihedn.fr\\\/wp-content\\\/uploads\\\/2020\\\/11\\\/BLOC_RF_IHEDN_WEB.png\",\"contentUrl\":\"https:\\\/\\\/ihedn.fr\\\/wp-content\\\/uploads\\\/2020\\\/11\\\/BLOC_RF_IHEDN_WEB.png\",\"width\":500,\"height\":237,\"caption\":\"IHEDN - Institut des Hautes Etudes de D\u00e9fense Nationale\"},\"image\":{\"@id\":\"https:\\\/\\\/ihedn.fr\\\/#\\\/schema\\\/logo\\\/image\\\/\"},\"sameAs\":[\"https:\\\/\\\/www.facebook.com\\\/ihedn\\\/\",\"https:\\\/\\\/x.com\\\/IHEDN\",\"https:\\\/\\\/www.instagram.com\\\/ihedn\\\/\",\"https:\\\/\\\/www.linkedin.com\\\/school\\\/ihedn\\\/\",\"https:\\\/\\\/fr.wikipedia.org\\\/wiki\\\/Institut_des_hautes_\u00e9tudes_de_D\u00e9fense_nationale\"]},{\"@type\":\"Person\",\"@id\":\"https:\\\/\\\/ihedn.fr\\\/#\\\/schema\\\/person\\\/16d49c2bd0121499ea9b9023ce89826c\",\"name\":\"Ad\u00e8le Thoumieux\",\"image\":{\"@type\":\"ImageObject\",\"inLanguage\":\"en-GB\",\"@id\":\"https:\\\/\\\/secure.gravatar.com\\\/avatar\\\/64fc58d14679bdd185946349bcb229b06e37d30d6290c2bec15f1daa8f8e0ece?s=96&d=mm&r=g\",\"url\":\"https:\\\/\\\/secure.gravatar.com\\\/avatar\\\/64fc58d14679bdd185946349bcb229b06e37d30d6290c2bec15f1daa8f8e0ece?s=96&d=mm&r=g\",\"contentUrl\":\"https:\\\/\\\/secure.gravatar.com\\\/avatar\\\/64fc58d14679bdd185946349bcb229b06e37d30d6290c2bec15f1daa8f8e0ece?s=96&d=mm&r=g\",\"caption\":\"Ad\u00e8le Thoumieux\"},\"sameAs\":[\"http:\\\/\\\/ihedn.fr\"],\"url\":\"https:\\\/\\\/ihedn.fr\\\/en\\\/author\\\/thoumieux\\\/\"}]}<\/script>\n<!-- \/ Yoast SEO plugin. -->","yoast_head_json":{"title":"Pau hosts the 240th session in the Nouvelle-Aquitaine region - L'IHEDN : Institut des hautes \u00e9tudes de d\u00e9fense nationale","description":"From 19 to 22 November, Pau hosted the second week of training for the 240th session in the Nouvelle-Aquitaine region. The participants plunged into the heart of the French defence system, with an approach combining theory and practice. Committee work provided an in-depth look at the strategic issues at stake, offering real-life situations.","robots":{"index":"index","follow":"follow","max-snippet":"max-snippet:-1","max-image-preview":"max-image-preview:large","max-video-preview":"max-video-preview:-1"},"canonical":"https:\/\/ihedn.fr\/en\/notre-actualite\/pau-accueille-la-240e-session-en-region-nouvelle-aquitaine\/","og_locale":"en_GB","og_type":"article","og_title":"Pau accueille la 240e session en r\u00e9gion Nouvelle-Aquitaine","og_description":"Du 19 au 22 novembre, la ville de Pau a accueilli la deuxi\u00e8me semaine de formation de la 240e session en r\u00e9gion Nouvelle-Aquitaine. Les auditeurs ont plong\u00e9 au c\u0153ur de l\u2019outil de d\u00e9fense fran\u00e7ais, avec une approche m\u00ealant th\u00e9orie et pratique. Les travaux en comit\u00e9s ont permis d\u2019approfondir les enjeux strat\u00e9giques, offrant une mise en situation concr\u00e8te.","og_url":"https:\/\/ihedn.fr\/en\/notre-actualite\/pau-accueille-la-240e-session-en-region-nouvelle-aquitaine\/","og_site_name":"L&#039;IHEDN : Institut des hautes \u00e9tudes de d\u00e9fense nationale","article_publisher":"https:\/\/www.facebook.com\/ihedn\/","article_published_time":"2024-11-28T16:18:34+00:00","article_modified_time":"2024-11-28T16:30:13+00:00","og_image":[{"width":1920,"height":1440,"url":"https:\/\/ihedn.fr\/wp-content\/uploads\/2024\/11\/Sans-titre4.jpg","type":"image\/jpeg"}],"author":"Ad\u00e8le Thoumieux","twitter_card":"summary_large_image","twitter_title":"Pau accueille la 240<sup>e<\/sup> session en r\u00e9gion Nouvelle-Aquitaine","twitter_description":"Du 19 au 22 novembre, la ville de Pau a accueilli la deuxi\u00e8me semaine de formation de la 240e session en r\u00e9gion Nouvelle-Aquitaine. Les auditeurs ont plong\u00e9 au c\u0153ur de l\u2019outil de d\u00e9fense fran\u00e7ais, avec une approche m\u00ealant th\u00e9orie et pratique. Les travaux en comit\u00e9s ont permis d\u2019approfondir les enjeux strat\u00e9giques, offrant une mise en situation concr\u00e8te.","twitter_image":"https:\/\/ihedn.fr\/wp-content\/uploads\/2024\/11\/Sans-titre4.jpg","twitter_creator":"@IHEDN","twitter_site":"@IHEDN","twitter_misc":{"Written by":"Ad\u00e8le Thoumieux","Estimated reading time":"2 minutes"},"schema":{"@context":"https:\/\/schema.org","@graph":[{"@type":"Article","@id":"https:\/\/ihedn.fr\/notre-actualite\/pau-accueille-la-240e-session-en-region-nouvelle-aquitaine\/#article","isPartOf":{"@id":"https:\/\/ihedn.fr\/notre-actualite\/pau-accueille-la-240e-session-en-region-nouvelle-aquitaine\/"},"author":{"name":"Ad\u00e8le Thoumieux","@id":"https:\/\/ihedn.fr\/#\/schema\/person\/16d49c2bd0121499ea9b9023ce89826c"},"headline":"Pau accueille la 240e session en r\u00e9gion Nouvelle-Aquitaine","datePublished":"2024-11-28T16:18:34+00:00","dateModified":"2024-11-28T16:30:13+00:00","mainEntityOfPage":{"@id":"https:\/\/ihedn.fr\/notre-actualite\/pau-accueille-la-240e-session-en-region-nouvelle-aquitaine\/"},"wordCount":416,"publisher":{"@id":"https:\/\/ihedn.fr\/#organization"},"image":{"@id":"https:\/\/ihedn.fr\/notre-actualite\/pau-accueille-la-240e-session-en-region-nouvelle-aquitaine\/#primaryimage"},"thumbnailUrl":"https:\/\/ihedn.fr\/wp-content\/uploads\/2024\/11\/Sans-titre4.jpg","articleSection":["Notre actualit\u00e9"],"inLanguage":"en-GB"},{"@type":"WebPage","@id":"https:\/\/ihedn.fr\/notre-actualite\/pau-accueille-la-240e-session-en-region-nouvelle-aquitaine\/","url":"https:\/\/ihedn.fr\/notre-actualite\/pau-accueille-la-240e-session-en-region-nouvelle-aquitaine\/","name":"Pau hosts the 240th session in the Nouvelle-Aquitaine region - L'IHEDN : Institut des hautes \u00e9tudes de d\u00e9fense nationale","isPartOf":{"@id":"https:\/\/ihedn.fr\/#website"},"primaryImageOfPage":{"@id":"https:\/\/ihedn.fr\/notre-actualite\/pau-accueille-la-240e-session-en-region-nouvelle-aquitaine\/#primaryimage"},"image":{"@id":"https:\/\/ihedn.fr\/notre-actualite\/pau-accueille-la-240e-session-en-region-nouvelle-aquitaine\/#primaryimage"},"thumbnailUrl":"https:\/\/ihedn.fr\/wp-content\/uploads\/2024\/11\/Sans-titre4.jpg","datePublished":"2024-11-28T16:18:34+00:00","dateModified":"2024-11-28T16:30:13+00:00","description":"From 19 to 22 November, Pau hosted the second week of training for the 240th session in the Nouvelle-Aquitaine region. The participants plunged into the heart of the French defence system, with an approach combining theory and practice. Committee work provided an in-depth look at the strategic issues at stake, offering real-life situations.","breadcrumb":{"@id":"https:\/\/ihedn.fr\/notre-actualite\/pau-accueille-la-240e-session-en-region-nouvelle-aquitaine\/#breadcrumb"},"inLanguage":"en-GB","potentialAction":[{"@type":"ReadAction","target":["https:\/\/ihedn.fr\/notre-actualite\/pau-accueille-la-240e-session-en-region-nouvelle-aquitaine\/"]}]},{"@type":"ImageObject","inLanguage":"en-GB","@id":"https:\/\/ihedn.fr\/notre-actualite\/pau-accueille-la-240e-session-en-region-nouvelle-aquitaine\/#primaryimage","url":"https:\/\/ihedn.fr\/wp-content\/uploads\/2024\/11\/Sans-titre4.jpg","contentUrl":"https:\/\/ihedn.fr\/wp-content\/uploads\/2024\/11\/Sans-titre4.jpg","width":1920,"height":1440},{"@type":"BreadcrumbList","@id":"https:\/\/ihedn.fr\/notre-actualite\/pau-accueille-la-240e-session-en-region-nouvelle-aquitaine\/#breadcrumb","itemListElement":[{"@type":"ListItem","position":1,"name":"Accueil","item":"https:\/\/ihedn.fr\/"},{"@type":"ListItem","position":2,"name":"Pau accueille la 240e session en r\u00e9gion Nouvelle-Aquitaine"}]},{"@type":"WebSite","@id":"https:\/\/ihedn.fr\/#website","url":"https:\/\/ihedn.fr\/","name":"IHEDN: Institut des hautes \u00e9tudes de d\u00e9fense nationale (Institute for Higher National Defence Studies)","description":"Official website of the IHEDN under the supervision of the Prime Minister.","publisher":{"@id":"https:\/\/ihedn.fr\/#organization"},"potentialAction":[{"@type":"SearchAction","target":{"@type":"EntryPoint","urlTemplate":"https:\/\/ihedn.fr\/?s={search_term_string}"},"query-input":{"@type":"PropertyValueSpecification","valueRequired":true,"valueName":"search_term_string"}}],"inLanguage":"en-GB"},{"@type":"Organization","@id":"https:\/\/ihedn.fr\/#organization","name":"IHEDN - Institute for Higher National Defence Studies","url":"https:\/\/ihedn.fr\/","logo":{"@type":"ImageObject","inLanguage":"en-GB","@id":"https:\/\/ihedn.fr\/#\/schema\/logo\/image\/","url":"https:\/\/ihedn.fr\/wp-content\/uploads\/2020\/11\/BLOC_RF_IHEDN_WEB.png","contentUrl":"https:\/\/ihedn.fr\/wp-content\/uploads\/2020\/11\/BLOC_RF_IHEDN_WEB.png","width":500,"height":237,"caption":"IHEDN - Institut des Hautes Etudes de D\u00e9fense Nationale"},"image":{"@id":"https:\/\/ihedn.fr\/#\/schema\/logo\/image\/"},"sameAs":["https:\/\/www.facebook.com\/ihedn\/","https:\/\/x.com\/IHEDN","https:\/\/www.instagram.com\/ihedn\/","https:\/\/www.linkedin.com\/school\/ihedn\/","https:\/\/fr.wikipedia.org\/wiki\/Institut_des_hautes_\u00e9tudes_de_D\u00e9fense_nationale"]},{"@type":"Person","@id":"https:\/\/ihedn.fr\/#\/schema\/person\/16d49c2bd0121499ea9b9023ce89826c","name":"Ad\u00e8le Thoumieux","image":{"@type":"ImageObject","inLanguage":"en-GB","@id":"https:\/\/secure.gravatar.com\/avatar\/64fc58d14679bdd185946349bcb229b06e37d30d6290c2bec15f1daa8f8e0ece?s=96&d=mm&r=g","url":"https:\/\/secure.gravatar.com\/avatar\/64fc58d14679bdd185946349bcb229b06e37d30d6290c2bec15f1daa8f8e0ece?s=96&d=mm&r=g","contentUrl":"https:\/\/secure.gravatar.com\/avatar\/64fc58d14679bdd185946349bcb229b06e37d30d6290c2bec15f1daa8f8e0ece?s=96&d=mm&r=g","caption":"Ad\u00e8le Thoumieux"},"sameAs":["http:\/\/ihedn.fr"],"url":"https:\/\/ihedn.fr\/en\/author\/thoumieux\/"}]}},"publishpress_future_action":{"enabled":false,"date":"2026-05-06 22:30:11","action":"change-status","newStatus":"draft","terms":[],"taxonomy":"category","extraData":[]},"publishpress_future_workflow_manual_trigger":{"enabledWorkflows":[]},"_links":{"self":[{"href":"https:\/\/ihedn.fr\/en\/wp-json\/wp\/v2\/posts\/51543","targetHints":{"allow":["GET"]}}],"collection":[{"href":"https:\/\/ihedn.fr\/en\/wp-json\/wp\/v2\/posts"}],"about":[{"href":"https:\/\/ihedn.fr\/en\/wp-json\/wp\/v2\/types\/post"}],"author":[{"embeddable":true,"href":"https:\/\/ihedn.fr\/en\/wp-json\/wp\/v2\/users\/12"}],"replies":[{"embeddable":true,"href":"https:\/\/ihedn.fr\/en\/wp-json\/wp\/v2\/comments?post=51543"}],"version-history":[{"count":6,"href":"https:\/\/ihedn.fr\/en\/wp-json\/wp\/v2\/posts\/51543\/revisions"}],"predecessor-version":[{"id":51561,"href":"https:\/\/ihedn.fr\/en\/wp-json\/wp\/v2\/posts\/51543\/revisions\/51561"}],"wp:featuredmedia":[{"embeddable":true,"href":"https:\/\/ihedn.fr\/en\/wp-json\/wp\/v2\/media\/51544"}],"wp:attachment":[{"href":"https:\/\/ihedn.fr\/en\/wp-json\/wp\/v2\/media?parent=51543"}],"wp:term":[{"taxonomy":"category","embeddable":true,"href":"https:\/\/ihedn.fr\/en\/wp-json\/wp\/v2\/categories?post=51543"},{"taxonomy":"post_tag","embeddable":true,"href":"https:\/\/ihedn.fr\/en\/wp-json\/wp\/v2\/tags?post=51543"}],"curies":[{"name":"wp","href":"https:\/\/api.w.org\/{rel}","templated":true}]}}