{"id":51576,"date":"2024-12-03T11:32:47","date_gmt":"2024-12-03T10:32:47","guid":{"rendered":"https:\/\/ihedn.fr\/?p=51576"},"modified":"2024-12-19T16:49:25","modified_gmt":"2024-12-19T15:49:25","slug":"enfin-une-europe-geopolitique-que-retenir-de-la-premiere-commission-von-der-leyen","status":"publish","type":"post","link":"https:\/\/ihedn.fr\/en\/notes-danalyse\/enfin-une-europe-geopolitique-que-retenir-de-la-premiere-commission-von-der-leyen\/","title":{"rendered":"A geopolitical Europe at last? What can we learn from the first von der Leyen Commission?"},"content":{"rendered":"<div data-elementor-type=\"wp-post\" data-elementor-id=\"51576\" class=\"elementor elementor-51576\" data-elementor-post-type=\"post\">\n\t\t\t\t\t\t<section data-particle_enable=\"false\" data-particle-mobile-disabled=\"false\" class=\"elementor-section elementor-top-section elementor-element elementor-element-784b020 elementor-section-boxed elementor-section-height-default elementor-section-height-default\" data-id=\"784b020\" data-element_type=\"section\" data-e-type=\"section\">\n\t\t\t\t\t\t<div class=\"elementor-container elementor-column-gap-default\">\n\t\t\t\t\t<div class=\"elementor-column elementor-col-100 elementor-top-column elementor-element elementor-element-32194f3\" data-id=\"32194f3\" data-element_type=\"column\" data-e-type=\"column\">\n\t\t\t<div class=\"elementor-widget-wrap elementor-element-populated\">\n\t\t\t\t\t\t\t<\/div>\n\t\t<\/div>\n\t\t\t\t\t<\/div>\n\t\t<\/section>\n\t\t\t\t<section data-particle_enable=\"false\" data-particle-mobile-disabled=\"false\" class=\"elementor-section elementor-top-section elementor-element elementor-element-a9271cd elementor-section-boxed elementor-section-height-default elementor-section-height-default\" data-id=\"a9271cd\" data-element_type=\"section\" data-e-type=\"section\">\n\t\t\t\t\t\t<div class=\"elementor-container elementor-column-gap-default\">\n\t\t\t\t\t<div class=\"elementor-column elementor-col-100 elementor-top-column elementor-element elementor-element-5c55293\" data-id=\"5c55293\" data-element_type=\"column\" data-e-type=\"column\">\n\t\t\t<div class=\"elementor-widget-wrap elementor-element-populated\">\n\t\t\t\t\t\t<div class=\"elementor-element elementor-element-5c44597 elementor-widget elementor-widget-shortcode\" data-id=\"5c44597\" data-element_type=\"widget\" data-e-type=\"widget\" data-widget_type=\"shortcode.default\">\n\t\t\t\t<div class=\"elementor-widget-container\">\n\t\t\t\t\t\t\t<div class=\"elementor-shortcode\"><div class=\"_3d-flip-book  fb3d-fullscreen-mode full-size\" data-id=\"51580\" data-mode=\"fullscreen\" data-title=\"false\" data-template=\"short-white-book-view\" data-lightbox=\"dark-shadow\" data-urlparam=\"fb3d-page\" data-page-n=\"0\" data-pdf=\"\" data-tax=\"null\" data-thumbnail=\"\" data-cols=\"3\" data-book-template=\"default\" data-trigger=\"\"><\/div><script type=\"text\/javascript\">window.FB3D_CLIENT_DATA = window.FB3D_CLIENT_DATA || [];FB3D_CLIENT_DATA.push('eyJwb3N0cyI6eyI1MTU4MCI6eyJJRCI6NTE1ODAsInRpdGxlIjoiTm90ZSBkJ2FuYWx5c2UgLSBuXHUwMGIwNiIsInR5cGUiOiJwZGYiLCJyZWFkeV9mdW5jdGlvbiI6IiIsImJvb2tfc3R5bGUiOiJmbGF0IiwiYm9va190ZW1wbGF0ZSI6Im5vbmUiLCJvdXRsaW5lIjpbXSwiZGF0YSI6eyJwb3N0X0lEIjoiLTEiLCJndWlkIjoiaHR0cHM6XC9cL2loZWRuLmZyXC93cC1jb250ZW50XC91cGxvYWRzXC8yMDI0XC8xMlwvbm90ZS1hbmFseXNlLTYucGRmIiwicGRmX3BhZ2VzIjoiMjEiLCJwYWdlc19jdXN0b21pemF0aW9uIjoibm9uZSJ9LCJ0aHVtYm5haWwiOnsiZGF0YSI6eyJwb3N0X0lEIjoiMCJ9LCJ0eXBlIjoiYXV0byJ9LCJwcm9wcyI6eyJiYWNrZ3JvdW5kQ29sb3IiOiJhdXRvIiwiYmFja2dyb3VuZEltYWdlIjoiYXV0byIsImJhY2tncm91bmRTdHlsZSI6ImF1dG8iLCJoaWdobGlnaHRMaW5rcyI6ImF1dG8iLCJsaWdodGluZyI6ImF1dG8iLCJzaW5nbGVQYWdlTW9kZSI6ImF1dG8iLCJjYWNoZWRQYWdlcyI6ImF1dG8iLCJyZW5kZXJJbmFjdGl2ZVBhZ2VzIjoiYXV0byIsInJlbmRlckluYWN0aXZlUGFnZXNPbk1vYmlsZSI6ImF1dG8iLCJyZW5kZXJXaGlsZUZsaXBwaW5nIjoiYXV0byIsInByZWxvYWRQYWdlcyI6ImF1dG8iLCJhdXRvUGxheUR1cmF0aW9uIjoiYXV0byIsInJ0bCI6ImF1dG8iLCJpbnRlcmFjdGl2ZUNvcm5lcnMiOiJhdXRvIiwibWF4RGVwdGgiOiJhdXRvIiwic2hlZXQiOnsic3RhcnRWZWxvY2l0eSI6ImF1dG8iLCJ3YXZlIjoiYXV0byIsInNoYXBlIjoiYXV0byIsIndpZHRoVGV4ZWxzIjoiYXV0byIsImNvbG9yIjoiYXV0byIsInNpZGUiOiJhdXRvIiwic3RyZXRjaEltYWdlcyI6ImF1dG8iLCJjb3JuZXJEZXZpYXRpb24iOiJhdXRvIiwiZmxleGliaWxpdHkiOiJhdXRvIiwiZmxleGlibGVDb3JuZXIiOiJhdXRvIiwiYmVuZGluZyI6ImF1dG8iLCJoZWlnaHRUZXhlbHMiOiJhdXRvIn0sImNvdmVyIjp7IndhdmUiOiJhdXRvIiwiY29sb3IiOiJhdXRvIiwic2lkZSI6ImF1dG8iLCJzdHJldGNoSW1hZ2VzIjoiYXV0byIsImJpbmRlclRleHR1cmUiOiJhdXRvIiwiZGVwdGgiOiJhdXRvIiwicGFkZGluZyI6ImF1dG8iLCJzdGFydFZlbG9jaXR5IjoiYXV0byIsImZsZXhpYmlsaXR5IjoiYXV0byIsImZsZXhpYmxlQ29ybmVyIjoiYXV0byIsImJlbmRpbmciOiJhdXRvIiwid2lkdGhUZXhlbHMiOiJhdXRvIiwiaGVpZ2h0VGV4ZWxzIjoiYXV0byIsIm1hc3MiOiJhdXRvIiwic2hhcGUiOiJhdXRvIn0sInBhZ2UiOnsid2F2ZSI6ImF1dG8iLCJjb2xvciI6ImF1dG8iLCJzaWRlIjoiYXV0byIsInN0cmV0Y2hJbWFnZXMiOiJhdXRvIiwiZGVwdGgiOiJhdXRvIiwic3RhcnRWZWxvY2l0eSI6ImF1dG8iLCJmbGV4aWJpbGl0eSI6ImF1dG8iLCJmbGV4aWJsZUNvcm5lciI6ImF1dG8iLCJiZW5kaW5nIjoiYXV0byIsIndpZHRoVGV4ZWxzIjoiYXV0byIsImhlaWdodFRleGVscyI6ImF1dG8iLCJtYXNzIjoiYXV0byIsInNoYXBlIjoiYXV0byJ9LCJoZWlnaHQiOiJhdXRvIiwid2lkdGgiOiJhdXRvIiwiZ3Jhdml0eSI6ImF1dG8iLCJwYWdlc0ZvclByZWRpY3RpbmciOiJhdXRvIn0sImNvbnRyb2xQcm9wcyI6eyJhY3Rpb25zIjp7ImNtZFRvYyI6eyJlbmFibGVkIjoiYXV0byIsImVuYWJsZWRJbk5hcnJvdyI6ImF1dG8iLCJhY3RpdmUiOiJhdXRvIiwiZGVmYXVsdFRhYiI6ImF1dG8ifSwiY21kQXV0b1BsYXkiOnsiZW5hYmxlZCI6ImF1dG8iLCJlbmFibGVkSW5OYXJyb3ciOiJhdXRvIiwiYWN0aXZlIjoiYXV0byJ9LCJjbWRTYXZlIjp7ImVuYWJsZWQiOiJhdXRvIiwiZW5hYmxlZEluTmFycm93IjoiYXV0byJ9LCJjbWRQcmludCI6eyJlbmFibGVkIjoiYXV0byIsImVuYWJsZWRJbk5hcnJvdyI6ImF1dG8ifSwiY21kU2luZ2xlUGFnZSI6eyJlbmFibGVkIjoiYXV0byIsImVuYWJsZWRJbk5hcnJvdyI6ImF1dG8iLCJhY3RpdmUiOiJhdXRvIiwiYWN0aXZlRm9yTW9iaWxlIjoiYXV0byJ9LCJ3aWRUb29sYmFyIjp7ImVuYWJsZWQiOiJhdXRvIiwiZW5hYmxlZEluTmFycm93IjoiYXV0byJ9fX0sImF1dG9UaHVtYm5haWwiOm51bGwsInBvc3RfbmFtZSI6Im5vdGUtZGFuYWx5c2UtbjYiLCJwb3N0X3R5cGUiOiIzZC1mbGlwLWJvb2sifX0sInBhZ2VzIjpbXSwiZmlyc3RQYWdlcyI6W119');window.FB3D_CLIENT_LOCALE && FB3D_CLIENT_LOCALE.render && FB3D_CLIENT_LOCALE.render();<\/script><\/div>\n\t\t\t\t\t\t<\/div>\n\t\t\t\t<\/div>\n\t\t\t\t<div class=\"elementor-element elementor-element-bddcd7b elementor-position-inline-end elementor-view-default elementor-mobile-position-block-start elementor-widget elementor-widget-icon-box\" data-id=\"bddcd7b\" data-element_type=\"widget\" data-e-type=\"widget\" data-widget_type=\"icon-box.default\">\n\t\t\t\t<div class=\"elementor-widget-container\">\n\t\t\t\t\t\t\t<div class=\"elementor-icon-box-wrapper\">\n\n\t\t\t\t\t\t<div class=\"elementor-icon-box-icon\">\n\t\t\t\t<a href=\"https:\/\/ihedn.fr\/wp-content\/uploads\/2024\/12\/note-analyse-6.pdf\" target=\"_blank\" class=\"elementor-icon\" tabindex=\"-1\" aria-label=\"Download the analysis note\">\n\t\t\t\t<svg aria-hidden=\"true\" class=\"e-font-icon-svg e-fas-file-download\" viewbox=\"0 0 384 512\" xmlns=\"http:\/\/www.w3.org\/2000\/svg\"><path d=\"M224 136V0H24C10.7 0 0 10.7 0 24v464c0 13.3 10.7 24 24 24h336c13.3 0 24-10.7 24-24V160H248c-13.2 0-24-10.8-24-24zm76.45 211.36l-96.42 95.7c-6.65 6.61-17.39 6.61-24.04 0l-96.42-95.7C73.42 337.29 80.54 320 94.82 320H160v-80c0-8.84 7.16-16 16-16h32c8.84 0 16 7.16 16 16v80h65.18c14.28 0 21.4 17.29 11.27 27.36zM377 105L279.1 7c-4.5-4.5-10.6-7-17-7H256v128h128v-6.1c0-6.3-2.5-12.4-7-16.9z\"><\/path><\/svg>\t\t\t\t<\/a>\n\t\t\t<\/div>\n\t\t\t\n\t\t\t\t\t\t<div class=\"elementor-icon-box-content\">\n\n\t\t\t\t\t\t\t\t\t<h3 class=\"elementor-icon-box-title\">\n\t\t\t\t\t\t<a href=\"https:\/\/ihedn.fr\/wp-content\/uploads\/2024\/12\/note-analyse-6.pdf\" target=\"_blank\" >\n\t\t\t\t\t\t\tDownload the analysis note\t\t\t\t\t\t<\/a>\n\t\t\t\t\t<\/h3>\n\t\t\t\t\n\t\t\t\t\n\t\t\t<\/div>\n\t\t\t\n\t\t<\/div>\n\t\t\t\t\t\t<\/div>\n\t\t\t\t<\/div>\n\t\t\t\t\t<\/div>\n\t\t<\/div>\n\t\t\t\t\t<\/div>\n\t\t<\/section>\n\t\t<div data-particle_enable=\"false\" data-particle-mobile-disabled=\"false\" class=\"elementor-element elementor-element-73a555f e-flex e-con-boxed e-con e-parent\" data-id=\"73a555f\" data-element_type=\"container\" data-e-type=\"container\">\n\t\t\t\t\t<div class=\"e-con-inner\">\n\t\t\t\t\t<\/div>\n\t\t\t\t<\/div>\n\t\t\t\t<\/div>","protected":false},"excerpt":{"rendered":"<p>Since the start of the Ukrainian crisis in 2013-2014, Europeans have shown renewed interest in defence issues. This is reflected first and foremost in the inclusion of the ambition of European strategic autonomy in the European Union's (EU) 2016 global strategy.<\/p>","protected":false},"author":10,"featured_media":51587,"comment_status":"closed","ping_status":"closed","sticky":false,"template":"","format":"standard","meta":{"footnotes":""},"categories":[199],"tags":[],"class_list":["post-51576","post","type-post","status-publish","format-standard","has-post-thumbnail","hentry","category-notes-danalyse"],"yoast_head":"<!-- This site is optimized with the Yoast SEO plugin v27.5 - https:\/\/yoast.com\/product\/yoast-seo-wordpress\/ -->\n<title>Enfin une Europe g\u00e9opolitique? Que retenir de la premi\u00e8re Commission von der Leyen - L&#039;IHEDN : Institut des hautes \u00e9tudes de d\u00e9fense nationale<\/title>\n<meta name=\"description\" content=\"Depuis le d\u00e9but de la crise ukrainienne en 2013-2014, les questions de d\u00e9fense connaissent un regain d\u2019int\u00e9r\u00eat parmi les Europ\u00e9ens. Cela se traduit d\u2019abord par l\u2019inscription de l\u2019ambition d\u2019une autonomie strat\u00e9gique europ\u00e9enne dans la strat\u00e9gie globale de l\u2019Union europ\u00e9enne (UE) de 2016.\" \/>\n<meta name=\"robots\" content=\"index, follow, max-snippet:-1, max-image-preview:large, max-video-preview:-1\" \/>\n<link rel=\"canonical\" href=\"https:\/\/ihedn.fr\/en\/comprendre\/notes-danalyse\/enfin-une-europe-geopolitique-que-retenir-de-la-premiere-commission-von-der-leyen\/\" \/>\n<meta property=\"og:locale\" content=\"en_GB\" \/>\n<meta property=\"og:type\" content=\"article\" \/>\n<meta property=\"og:title\" content=\"Enfin une Europe g\u00e9opolitique? Que retenir de la premi\u00e8re Commission von der Leyen\" \/>\n<meta property=\"og:description\" content=\"Depuis le d\u00e9but de la crise ukrainienne en 2013-2014, les questions de d\u00e9fense connaissent un regain d\u2019int\u00e9r\u00eat parmi les Europ\u00e9ens. Cela se traduit d\u2019abord par l\u2019inscription de l\u2019ambition d\u2019une autonomie strat\u00e9gique europ\u00e9enne dans la strat\u00e9gie globale de l\u2019Union europ\u00e9enne (UE) de 2016.\" \/>\n<meta property=\"og:url\" content=\"https:\/\/ihedn.fr\/en\/comprendre\/notes-danalyse\/enfin-une-europe-geopolitique-que-retenir-de-la-premiere-commission-von-der-leyen\/\" \/>\n<meta property=\"og:site_name\" content=\"L&#039;IHEDN : Institut des hautes \u00e9tudes de d\u00e9fense nationale\" \/>\n<meta property=\"article:publisher\" content=\"https:\/\/www.facebook.com\/ihedn\/\" \/>\n<meta property=\"article:published_time\" content=\"2024-12-03T10:32:47+00:00\" \/>\n<meta property=\"article:modified_time\" content=\"2024-12-19T15:49:25+00:00\" \/>\n<meta property=\"og:image\" content=\"https:\/\/ihedn.fr\/wp-content\/uploads\/2024\/12\/URSULA_VON_DER_LEYEN.jpg\" \/>\n\t<meta property=\"og:image:width\" content=\"1920\" \/>\n\t<meta property=\"og:image:height\" content=\"1145\" \/>\n\t<meta property=\"og:image:type\" content=\"image\/jpeg\" \/>\n<meta name=\"author\" content=\"tanguy.morel@ihedn.fr\" \/>\n<meta name=\"twitter:card\" content=\"summary_large_image\" \/>\n<meta name=\"twitter:title\" content=\"Enfin une Europe g\u00e9opolitique? Que retenir de la premi\u00e8re Commission von der Leyen\" \/>\n<meta name=\"twitter:description\" content=\"Depuis le d\u00e9but de la crise ukrainienne en 2013-2014, les questions de d\u00e9fense connaissent un regain d\u2019int\u00e9r\u00eat parmi les Europ\u00e9ens. Cela se traduit d\u2019abord par l\u2019inscription de l\u2019ambition d\u2019une autonomie strat\u00e9gique europ\u00e9enne dans la strat\u00e9gie globale de l\u2019Union europ\u00e9enne (UE) de 2016.\" \/>\n<meta name=\"twitter:image\" content=\"https:\/\/ihedn.fr\/wp-content\/uploads\/2024\/12\/URSULA_VON_DER_LEYEN.jpg\" \/>\n<meta name=\"twitter:creator\" content=\"@IHEDN\" \/>\n<meta name=\"twitter:site\" content=\"@IHEDN\" \/>\n<meta name=\"twitter:label1\" content=\"Written by\" \/>\n\t<meta name=\"twitter:data1\" content=\"tanguy.morel@ihedn.fr\" \/>\n\t<meta name=\"twitter:label2\" content=\"Estimated reading time\" \/>\n\t<meta name=\"twitter:data2\" content=\"1 minute\" \/>\n<script type=\"application\/ld+json\" class=\"yoast-schema-graph\">{\"@context\":\"https:\\\/\\\/schema.org\",\"@graph\":[{\"@type\":\"Article\",\"@id\":\"https:\\\/\\\/ihedn.fr\\\/comprendre\\\/notes-danalyse\\\/enfin-une-europe-geopolitique-que-retenir-de-la-premiere-commission-von-der-leyen\\\/#article\",\"isPartOf\":{\"@id\":\"https:\\\/\\\/ihedn.fr\\\/comprendre\\\/notes-danalyse\\\/enfin-une-europe-geopolitique-que-retenir-de-la-premiere-commission-von-der-leyen\\\/\"},\"author\":{\"name\":\"tanguy.morel@ihedn.fr\",\"@id\":\"https:\\\/\\\/ihedn.fr\\\/#\\\/schema\\\/person\\\/ed217a37104b27a246b200e65b827cc7\"},\"headline\":\"Enfin une Europe g\u00e9opolitique? Que retenir de la premi\u00e8re Commission von der Leyen\",\"datePublished\":\"2024-12-03T10:32:47+00:00\",\"dateModified\":\"2024-12-19T15:49:25+00:00\",\"mainEntityOfPage\":{\"@id\":\"https:\\\/\\\/ihedn.fr\\\/comprendre\\\/notes-danalyse\\\/enfin-une-europe-geopolitique-que-retenir-de-la-premiere-commission-von-der-leyen\\\/\"},\"wordCount\":25,\"publisher\":{\"@id\":\"https:\\\/\\\/ihedn.fr\\\/#organization\"},\"image\":{\"@id\":\"https:\\\/\\\/ihedn.fr\\\/comprendre\\\/notes-danalyse\\\/enfin-une-europe-geopolitique-que-retenir-de-la-premiere-commission-von-der-leyen\\\/#primaryimage\"},\"thumbnailUrl\":\"https:\\\/\\\/ihedn.fr\\\/wp-content\\\/uploads\\\/2024\\\/12\\\/URSULA_VON_DER_LEYEN.jpg\",\"articleSection\":[\"Notes d'analyse\"],\"inLanguage\":\"en-GB\"},{\"@type\":\"WebPage\",\"@id\":\"https:\\\/\\\/ihedn.fr\\\/comprendre\\\/notes-danalyse\\\/enfin-une-europe-geopolitique-que-retenir-de-la-premiere-commission-von-der-leyen\\\/\",\"url\":\"https:\\\/\\\/ihedn.fr\\\/comprendre\\\/notes-danalyse\\\/enfin-une-europe-geopolitique-que-retenir-de-la-premiere-commission-von-der-leyen\\\/\",\"name\":\"Enfin une Europe g\u00e9opolitique? Que retenir de la premi\u00e8re Commission von der Leyen - L&#039;IHEDN : Institut des hautes \u00e9tudes de d\u00e9fense nationale\",\"isPartOf\":{\"@id\":\"https:\\\/\\\/ihedn.fr\\\/#website\"},\"primaryImageOfPage\":{\"@id\":\"https:\\\/\\\/ihedn.fr\\\/comprendre\\\/notes-danalyse\\\/enfin-une-europe-geopolitique-que-retenir-de-la-premiere-commission-von-der-leyen\\\/#primaryimage\"},\"image\":{\"@id\":\"https:\\\/\\\/ihedn.fr\\\/comprendre\\\/notes-danalyse\\\/enfin-une-europe-geopolitique-que-retenir-de-la-premiere-commission-von-der-leyen\\\/#primaryimage\"},\"thumbnailUrl\":\"https:\\\/\\\/ihedn.fr\\\/wp-content\\\/uploads\\\/2024\\\/12\\\/URSULA_VON_DER_LEYEN.jpg\",\"datePublished\":\"2024-12-03T10:32:47+00:00\",\"dateModified\":\"2024-12-19T15:49:25+00:00\",\"description\":\"Depuis le d\u00e9but de la crise ukrainienne en 2013-2014, les questions de d\u00e9fense connaissent un regain d\u2019int\u00e9r\u00eat parmi les Europ\u00e9ens. Cela se traduit d\u2019abord par l\u2019inscription de l\u2019ambition d\u2019une autonomie strat\u00e9gique europ\u00e9enne dans la strat\u00e9gie globale de l\u2019Union europ\u00e9enne (UE) de 2016.\",\"breadcrumb\":{\"@id\":\"https:\\\/\\\/ihedn.fr\\\/comprendre\\\/notes-danalyse\\\/enfin-une-europe-geopolitique-que-retenir-de-la-premiere-commission-von-der-leyen\\\/#breadcrumb\"},\"inLanguage\":\"en-GB\",\"potentialAction\":[{\"@type\":\"ReadAction\",\"target\":[\"https:\\\/\\\/ihedn.fr\\\/comprendre\\\/notes-danalyse\\\/enfin-une-europe-geopolitique-que-retenir-de-la-premiere-commission-von-der-leyen\\\/\"]}]},{\"@type\":\"ImageObject\",\"inLanguage\":\"en-GB\",\"@id\":\"https:\\\/\\\/ihedn.fr\\\/comprendre\\\/notes-danalyse\\\/enfin-une-europe-geopolitique-que-retenir-de-la-premiere-commission-von-der-leyen\\\/#primaryimage\",\"url\":\"https:\\\/\\\/ihedn.fr\\\/wp-content\\\/uploads\\\/2024\\\/12\\\/URSULA_VON_DER_LEYEN.jpg\",\"contentUrl\":\"https:\\\/\\\/ihedn.fr\\\/wp-content\\\/uploads\\\/2024\\\/12\\\/URSULA_VON_DER_LEYEN.jpg\",\"width\":1920,\"height\":1145},{\"@type\":\"BreadcrumbList\",\"@id\":\"https:\\\/\\\/ihedn.fr\\\/comprendre\\\/notes-danalyse\\\/enfin-une-europe-geopolitique-que-retenir-de-la-premiere-commission-von-der-leyen\\\/#breadcrumb\",\"itemListElement\":[{\"@type\":\"ListItem\",\"position\":1,\"name\":\"Accueil\",\"item\":\"https:\\\/\\\/ihedn.fr\\\/\"},{\"@type\":\"ListItem\",\"position\":2,\"name\":\"Enfin une Europe g\u00e9opolitique? Que retenir de la premi\u00e8re Commission von der Leyen\"}]},{\"@type\":\"WebSite\",\"@id\":\"https:\\\/\\\/ihedn.fr\\\/#website\",\"url\":\"https:\\\/\\\/ihedn.fr\\\/\",\"name\":\"IHEDN : Institut des hautes \u00e9tudes de d\u00e9fense nationale |\",\"description\":\"Site officiel de l&#039;IHEDN plac\u00e9 sous la tutelle du Premier ministre.\",\"publisher\":{\"@id\":\"https:\\\/\\\/ihedn.fr\\\/#organization\"},\"potentialAction\":[{\"@type\":\"SearchAction\",\"target\":{\"@type\":\"EntryPoint\",\"urlTemplate\":\"https:\\\/\\\/ihedn.fr\\\/?s={search_term_string}\"},\"query-input\":{\"@type\":\"PropertyValueSpecification\",\"valueRequired\":true,\"valueName\":\"search_term_string\"}}],\"inLanguage\":\"en-GB\"},{\"@type\":\"Organization\",\"@id\":\"https:\\\/\\\/ihedn.fr\\\/#organization\",\"name\":\"IHEDN - Institut des Hautes Etudes de D\u00e9fense Nationale\",\"url\":\"https:\\\/\\\/ihedn.fr\\\/\",\"logo\":{\"@type\":\"ImageObject\",\"inLanguage\":\"en-GB\",\"@id\":\"https:\\\/\\\/ihedn.fr\\\/#\\\/schema\\\/logo\\\/image\\\/\",\"url\":\"https:\\\/\\\/ihedn.fr\\\/wp-content\\\/uploads\\\/2020\\\/11\\\/BLOC_RF_IHEDN_WEB.png\",\"contentUrl\":\"https:\\\/\\\/ihedn.fr\\\/wp-content\\\/uploads\\\/2020\\\/11\\\/BLOC_RF_IHEDN_WEB.png\",\"width\":500,\"height\":237,\"caption\":\"IHEDN - Institut des Hautes Etudes de D\u00e9fense Nationale\"},\"image\":{\"@id\":\"https:\\\/\\\/ihedn.fr\\\/#\\\/schema\\\/logo\\\/image\\\/\"},\"sameAs\":[\"https:\\\/\\\/www.facebook.com\\\/ihedn\\\/\",\"https:\\\/\\\/x.com\\\/IHEDN\",\"https:\\\/\\\/www.instagram.com\\\/ihedn\\\/\",\"https:\\\/\\\/www.linkedin.com\\\/school\\\/ihedn\\\/\",\"https:\\\/\\\/fr.wikipedia.org\\\/wiki\\\/Institut_des_hautes_\u00e9tudes_de_D\u00e9fense_nationale\"]},{\"@type\":\"Person\",\"@id\":\"https:\\\/\\\/ihedn.fr\\\/#\\\/schema\\\/person\\\/ed217a37104b27a246b200e65b827cc7\",\"name\":\"tanguy.morel@ihedn.fr\",\"image\":{\"@type\":\"ImageObject\",\"inLanguage\":\"en-GB\",\"@id\":\"https:\\\/\\\/secure.gravatar.com\\\/avatar\\\/36877cd30919fafddf1f9da45f4154aa468a64328452f2ceaff0968772207348?s=96&d=mm&r=g\",\"url\":\"https:\\\/\\\/secure.gravatar.com\\\/avatar\\\/36877cd30919fafddf1f9da45f4154aa468a64328452f2ceaff0968772207348?s=96&d=mm&r=g\",\"contentUrl\":\"https:\\\/\\\/secure.gravatar.com\\\/avatar\\\/36877cd30919fafddf1f9da45f4154aa468a64328452f2ceaff0968772207348?s=96&d=mm&r=g\",\"caption\":\"tanguy.morel@ihedn.fr\"},\"url\":\"https:\\\/\\\/ihedn.fr\\\/en\\\/author\\\/tanguy-morelihedn-fr\\\/\"}]}<\/script>\n<!-- \/ Yoast SEO plugin. -->","yoast_head_json":{"title":"A geopolitical Europe at last? What to learn from the first von der Leyen Commission - L'IHEDN : Institut des hautes \u00e9tudes de d\u00e9fense nationale","description":"Since the start of the Ukrainian crisis in 2013-2014, Europeans have shown renewed interest in defence issues. This is reflected first and foremost in the inclusion of the ambition of European strategic autonomy in the European Union's (EU) 2016 global strategy.","robots":{"index":"index","follow":"follow","max-snippet":"max-snippet:-1","max-image-preview":"max-image-preview:large","max-video-preview":"max-video-preview:-1"},"canonical":"https:\/\/ihedn.fr\/en\/comprendre\/notes-danalyse\/enfin-une-europe-geopolitique-que-retenir-de-la-premiere-commission-von-der-leyen\/","og_locale":"en_GB","og_type":"article","og_title":"Enfin une Europe g\u00e9opolitique? Que retenir de la premi\u00e8re Commission von der Leyen","og_description":"Depuis le d\u00e9but de la crise ukrainienne en 2013-2014, les questions de d\u00e9fense connaissent un regain d\u2019int\u00e9r\u00eat parmi les Europ\u00e9ens. Cela se traduit d\u2019abord par l\u2019inscription de l\u2019ambition d\u2019une autonomie strat\u00e9gique europ\u00e9enne dans la strat\u00e9gie globale de l\u2019Union europ\u00e9enne (UE) de 2016.","og_url":"https:\/\/ihedn.fr\/en\/comprendre\/notes-danalyse\/enfin-une-europe-geopolitique-que-retenir-de-la-premiere-commission-von-der-leyen\/","og_site_name":"L&#039;IHEDN : Institut des hautes \u00e9tudes de d\u00e9fense nationale","article_publisher":"https:\/\/www.facebook.com\/ihedn\/","article_published_time":"2024-12-03T10:32:47+00:00","article_modified_time":"2024-12-19T15:49:25+00:00","og_image":[{"width":1920,"height":1145,"url":"https:\/\/ihedn.fr\/wp-content\/uploads\/2024\/12\/URSULA_VON_DER_LEYEN.jpg","type":"image\/jpeg"}],"author":"tanguy.morel@ihedn.fr","twitter_card":"summary_large_image","twitter_title":"Enfin une Europe g\u00e9opolitique? Que retenir de la premi\u00e8re Commission von der Leyen","twitter_description":"Depuis le d\u00e9but de la crise ukrainienne en 2013-2014, les questions de d\u00e9fense connaissent un regain d\u2019int\u00e9r\u00eat parmi les Europ\u00e9ens. Cela se traduit d\u2019abord par l\u2019inscription de l\u2019ambition d\u2019une autonomie strat\u00e9gique europ\u00e9enne dans la strat\u00e9gie globale de l\u2019Union europ\u00e9enne (UE) de 2016.","twitter_image":"https:\/\/ihedn.fr\/wp-content\/uploads\/2024\/12\/URSULA_VON_DER_LEYEN.jpg","twitter_creator":"@IHEDN","twitter_site":"@IHEDN","twitter_misc":{"Written by":"tanguy.morel@ihedn.fr","Estimated reading time":"1 minute"},"schema":{"@context":"https:\/\/schema.org","@graph":[{"@type":"Article","@id":"https:\/\/ihedn.fr\/comprendre\/notes-danalyse\/enfin-une-europe-geopolitique-que-retenir-de-la-premiere-commission-von-der-leyen\/#article","isPartOf":{"@id":"https:\/\/ihedn.fr\/comprendre\/notes-danalyse\/enfin-une-europe-geopolitique-que-retenir-de-la-premiere-commission-von-der-leyen\/"},"author":{"name":"tanguy.morel@ihedn.fr","@id":"https:\/\/ihedn.fr\/#\/schema\/person\/ed217a37104b27a246b200e65b827cc7"},"headline":"Enfin une Europe g\u00e9opolitique? Que retenir de la premi\u00e8re Commission von der Leyen","datePublished":"2024-12-03T10:32:47+00:00","dateModified":"2024-12-19T15:49:25+00:00","mainEntityOfPage":{"@id":"https:\/\/ihedn.fr\/comprendre\/notes-danalyse\/enfin-une-europe-geopolitique-que-retenir-de-la-premiere-commission-von-der-leyen\/"},"wordCount":25,"publisher":{"@id":"https:\/\/ihedn.fr\/#organization"},"image":{"@id":"https:\/\/ihedn.fr\/comprendre\/notes-danalyse\/enfin-une-europe-geopolitique-que-retenir-de-la-premiere-commission-von-der-leyen\/#primaryimage"},"thumbnailUrl":"https:\/\/ihedn.fr\/wp-content\/uploads\/2024\/12\/URSULA_VON_DER_LEYEN.jpg","articleSection":["Notes d'analyse"],"inLanguage":"en-GB"},{"@type":"WebPage","@id":"https:\/\/ihedn.fr\/comprendre\/notes-danalyse\/enfin-une-europe-geopolitique-que-retenir-de-la-premiere-commission-von-der-leyen\/","url":"https:\/\/ihedn.fr\/comprendre\/notes-danalyse\/enfin-une-europe-geopolitique-que-retenir-de-la-premiere-commission-von-der-leyen\/","name":"A geopolitical Europe at last? What to learn from the first von der Leyen Commission - L'IHEDN : Institut des hautes \u00e9tudes de d\u00e9fense nationale","isPartOf":{"@id":"https:\/\/ihedn.fr\/#website"},"primaryImageOfPage":{"@id":"https:\/\/ihedn.fr\/comprendre\/notes-danalyse\/enfin-une-europe-geopolitique-que-retenir-de-la-premiere-commission-von-der-leyen\/#primaryimage"},"image":{"@id":"https:\/\/ihedn.fr\/comprendre\/notes-danalyse\/enfin-une-europe-geopolitique-que-retenir-de-la-premiere-commission-von-der-leyen\/#primaryimage"},"thumbnailUrl":"https:\/\/ihedn.fr\/wp-content\/uploads\/2024\/12\/URSULA_VON_DER_LEYEN.jpg","datePublished":"2024-12-03T10:32:47+00:00","dateModified":"2024-12-19T15:49:25+00:00","description":"Since the start of the Ukrainian crisis in 2013-2014, Europeans have shown renewed interest in defence issues. This is reflected first and foremost in the inclusion of the ambition of European strategic autonomy in the European Union's (EU) 2016 global strategy.","breadcrumb":{"@id":"https:\/\/ihedn.fr\/comprendre\/notes-danalyse\/enfin-une-europe-geopolitique-que-retenir-de-la-premiere-commission-von-der-leyen\/#breadcrumb"},"inLanguage":"en-GB","potentialAction":[{"@type":"ReadAction","target":["https:\/\/ihedn.fr\/comprendre\/notes-danalyse\/enfin-une-europe-geopolitique-que-retenir-de-la-premiere-commission-von-der-leyen\/"]}]},{"@type":"ImageObject","inLanguage":"en-GB","@id":"https:\/\/ihedn.fr\/comprendre\/notes-danalyse\/enfin-une-europe-geopolitique-que-retenir-de-la-premiere-commission-von-der-leyen\/#primaryimage","url":"https:\/\/ihedn.fr\/wp-content\/uploads\/2024\/12\/URSULA_VON_DER_LEYEN.jpg","contentUrl":"https:\/\/ihedn.fr\/wp-content\/uploads\/2024\/12\/URSULA_VON_DER_LEYEN.jpg","width":1920,"height":1145},{"@type":"BreadcrumbList","@id":"https:\/\/ihedn.fr\/comprendre\/notes-danalyse\/enfin-une-europe-geopolitique-que-retenir-de-la-premiere-commission-von-der-leyen\/#breadcrumb","itemListElement":[{"@type":"ListItem","position":1,"name":"Accueil","item":"https:\/\/ihedn.fr\/"},{"@type":"ListItem","position":2,"name":"Enfin une Europe g\u00e9opolitique? Que retenir de la premi\u00e8re Commission von der Leyen"}]},{"@type":"WebSite","@id":"https:\/\/ihedn.fr\/#website","url":"https:\/\/ihedn.fr\/","name":"IHEDN: Institut des hautes \u00e9tudes de d\u00e9fense nationale (Institute for Higher National Defence Studies)","description":"Official website of the IHEDN under the supervision of the Prime Minister.","publisher":{"@id":"https:\/\/ihedn.fr\/#organization"},"potentialAction":[{"@type":"SearchAction","target":{"@type":"EntryPoint","urlTemplate":"https:\/\/ihedn.fr\/?s={search_term_string}"},"query-input":{"@type":"PropertyValueSpecification","valueRequired":true,"valueName":"search_term_string"}}],"inLanguage":"en-GB"},{"@type":"Organization","@id":"https:\/\/ihedn.fr\/#organization","name":"IHEDN - Institute for Higher National Defence Studies","url":"https:\/\/ihedn.fr\/","logo":{"@type":"ImageObject","inLanguage":"en-GB","@id":"https:\/\/ihedn.fr\/#\/schema\/logo\/image\/","url":"https:\/\/ihedn.fr\/wp-content\/uploads\/2020\/11\/BLOC_RF_IHEDN_WEB.png","contentUrl":"https:\/\/ihedn.fr\/wp-content\/uploads\/2020\/11\/BLOC_RF_IHEDN_WEB.png","width":500,"height":237,"caption":"IHEDN - Institut des Hautes Etudes de D\u00e9fense Nationale"},"image":{"@id":"https:\/\/ihedn.fr\/#\/schema\/logo\/image\/"},"sameAs":["https:\/\/www.facebook.com\/ihedn\/","https:\/\/x.com\/IHEDN","https:\/\/www.instagram.com\/ihedn\/","https:\/\/www.linkedin.com\/school\/ihedn\/","https:\/\/fr.wikipedia.org\/wiki\/Institut_des_hautes_\u00e9tudes_de_D\u00e9fense_nationale"]},{"@type":"Person","@id":"https:\/\/ihedn.fr\/#\/schema\/person\/ed217a37104b27a246b200e65b827cc7","name":"tanguy.morel@ihedn.fr","image":{"@type":"ImageObject","inLanguage":"en-GB","@id":"https:\/\/secure.gravatar.com\/avatar\/36877cd30919fafddf1f9da45f4154aa468a64328452f2ceaff0968772207348?s=96&d=mm&r=g","url":"https:\/\/secure.gravatar.com\/avatar\/36877cd30919fafddf1f9da45f4154aa468a64328452f2ceaff0968772207348?s=96&d=mm&r=g","contentUrl":"https:\/\/secure.gravatar.com\/avatar\/36877cd30919fafddf1f9da45f4154aa468a64328452f2ceaff0968772207348?s=96&d=mm&r=g","caption":"tanguy.morel@ihedn.fr"},"url":"https:\/\/ihedn.fr\/en\/author\/tanguy-morelihedn-fr\/"}]}},"publishpress_future_action":{"enabled":false,"date":"2026-05-06 11:41:01","action":"change-status","newStatus":"draft","terms":[],"taxonomy":"category","extraData":[]},"publishpress_future_workflow_manual_trigger":{"enabledWorkflows":[]},"_links":{"self":[{"href":"https:\/\/ihedn.fr\/en\/wp-json\/wp\/v2\/posts\/51576","targetHints":{"allow":["GET"]}}],"collection":[{"href":"https:\/\/ihedn.fr\/en\/wp-json\/wp\/v2\/posts"}],"about":[{"href":"https:\/\/ihedn.fr\/en\/wp-json\/wp\/v2\/types\/post"}],"author":[{"embeddable":true,"href":"https:\/\/ihedn.fr\/en\/wp-json\/wp\/v2\/users\/10"}],"replies":[{"embeddable":true,"href":"https:\/\/ihedn.fr\/en\/wp-json\/wp\/v2\/comments?post=51576"}],"version-history":[{"count":14,"href":"https:\/\/ihedn.fr\/en\/wp-json\/wp\/v2\/posts\/51576\/revisions"}],"predecessor-version":[{"id":51941,"href":"https:\/\/ihedn.fr\/en\/wp-json\/wp\/v2\/posts\/51576\/revisions\/51941"}],"wp:featuredmedia":[{"embeddable":true,"href":"https:\/\/ihedn.fr\/en\/wp-json\/wp\/v2\/media\/51587"}],"wp:attachment":[{"href":"https:\/\/ihedn.fr\/en\/wp-json\/wp\/v2\/media?parent=51576"}],"wp:term":[{"taxonomy":"category","embeddable":true,"href":"https:\/\/ihedn.fr\/en\/wp-json\/wp\/v2\/categories?post=51576"},{"taxonomy":"post_tag","embeddable":true,"href":"https:\/\/ihedn.fr\/en\/wp-json\/wp\/v2\/tags?post=51576"}],"curies":[{"name":"wp","href":"https:\/\/api.w.org\/{rel}","templated":true}]}}