{"id":51730,"date":"2024-12-09T13:43:30","date_gmt":"2024-12-09T12:43:30","guid":{"rendered":"https:\/\/ihedn.fr\/?p=51730"},"modified":"2025-09-03T15:25:20","modified_gmt":"2025-09-03T14:25:20","slug":"desinformation-comment-les-recits-etrangers-penetrent-en-france","status":"publish","type":"post","link":"https:\/\/ihedn.fr\/en\/notre-selection\/desinformation-comment-les-recits-etrangers-penetrent-en-france\/","title":{"rendered":"Disinformation: how foreign stories find their way into France"},"content":{"rendered":"<div data-elementor-type=\"wp-post\" data-elementor-id=\"51730\" class=\"elementor elementor-51730\" data-elementor-post-type=\"post\">\n\t\t\t\t<div data-particle_enable=\"false\" data-particle-mobile-disabled=\"false\" class=\"elementor-element elementor-element-230dc34 e-flex e-con-boxed e-con e-parent\" data-id=\"230dc34\" data-element_type=\"container\" data-e-type=\"container\">\n\t\t\t\t\t<div class=\"e-con-inner\">\n\t\t\t\t<div class=\"elementor-element elementor-element-e5963ae elementor-widget elementor-widget-text-editor\" data-id=\"e5963ae\" data-element_type=\"widget\" data-e-type=\"widget\" data-widget_type=\"text-editor.default\">\n\t\t\t\t<div class=\"elementor-widget-container\">\n\t\t\t\t\t\t\t\t\t<p style=\"text-align: left;\">\"Today, we know a great deal about the mechanisms of informational interference, but we know much less about its effects\": this reflection by Laurent Cordonier, doctor in social sciences and director of research at the <a href=\"https:\/\/www.fondationdescartes.org\/\" target=\"_blank\" rel=\"noopener\">Descartes Foundation<\/a>at the start of his speech at the \u00c9cole Militaire on 26 November, points to a grey area in the current debate on disinformation.<\/p><p style=\"text-align: left;\">So that's what led to <a href=\"https:\/\/www.fondationdescartes.org\/2024\/11\/penetration-en-france-des-recits-etrangers-sur-les-conflits-contemporains\/\" target=\"_blank\" rel=\"noopener\">the annual survey<\/a> from this foundation dedicated to the analysis of disinformation, entitled \"The penetration of foreign accounts of contemporary conflicts in France\", which was presented that day at a conference in partnership with the IHEDN.<\/p><p style=\"text-align: left;\">The choice of subject came from a simple observation: \"The parties involved in an international conflict systematically develop a narrative aimed at legitimising their involvement in the conflict as well as the actions they take\". With this in mind, \"\u00a0<strong>what factors influence sensitivity to different narratives? <\/strong>\"asks Laurent Cordonier.<\/p><p style=\"text-align: left;\">To answer this question, the researcher began by talking to \"players in the international news business and specialists in international relations and the phenomena of disinformation and foreign information interference: journalists, members of government departments responsible for vigilance and protection against foreign digital interference, general officers in the French armed forces, French diplomats, researchers in French and European strategic and geopolitical research institutes\".<\/p>\t\t\t\t\t\t\t\t<\/div>\n\t\t\t\t<\/div>\n\t\t\t\t\t<\/div>\n\t\t\t\t<\/div>\n\t\t<div data-particle_enable=\"false\" data-particle-mobile-disabled=\"false\" class=\"elementor-element elementor-element-7bf256b e-con-full e-flex e-con e-parent\" data-id=\"7bf256b\" data-element_type=\"container\" data-e-type=\"container\">\n\t\t\t\t<div class=\"elementor-element elementor-element-618c98c elementor-widget elementor-widget-heading\" data-id=\"618c98c\" data-element_type=\"widget\" data-e-type=\"widget\" data-widget_type=\"heading.default\">\n\t\t\t\t<div class=\"elementor-widget-container\">\n\t\t\t\t\t<h2 class=\"elementor-heading-title elementor-size-default\">18-49 YEAR-OLDS MORE SENSITIVE TO RUSSIAN, HAMAS, MALIAN AND CHINESE STORIES<\/h2>\t\t\t\t<\/div>\n\t\t\t\t<\/div>\n\t\t\t\t<div class=\"elementor-element elementor-element-cbc595a elementor-widget-divider--view-line elementor-widget elementor-widget-divider\" data-id=\"cbc595a\" data-element_type=\"widget\" data-e-type=\"widget\" data-widget_type=\"divider.default\">\n\t\t\t\t<div class=\"elementor-widget-container\">\n\t\t\t\t\t\t\t<div class=\"elementor-divider\">\n\t\t\t<span class=\"elementor-divider-separator\">\n\t\t\t\t\t\t<\/span>\n\t\t<\/div>\n\t\t\t\t\t\t<\/div>\n\t\t\t\t<\/div>\n\t\t<div data-particle_enable=\"false\" data-particle-mobile-disabled=\"false\" class=\"elementor-element elementor-element-916e219 e-con-full e-flex e-con e-child\" data-id=\"916e219\" data-element_type=\"container\" data-e-type=\"container\">\n\t\t\t\t<div class=\"elementor-element elementor-element-ac5323e elementor-widget__width-initial elementor-widget elementor-widget-text-editor\" data-id=\"ac5323e\" data-element_type=\"widget\" data-e-type=\"widget\" data-widget_type=\"text-editor.default\">\n\t\t\t\t<div class=\"elementor-widget-container\">\n\t\t\t\t\t\t\t\t\t<p style=\"text-align: left;\">Following this preparatory work, it chose to focus on the French public's perceptions of the different narratives concerning four contemporary conflicts or tensions: the Russia-Ukraine war, the Hamas-Israel conflict, \"tensions between the Malian junta and France concerning operations Serval and Barkhane\" and the China-Taiwan crisis. It then drew up a questionnaire containing \"three central elements\" from the accounts of the two protagonists in each conflict or tension, to which 4,000 people \"making up a representative panel of the major French population\" responded last August.<\/p><p style=\"text-align: left;\">These \"central elements\" (the main statements) of the different narratives were identified in collaboration with researchers from the Strategic Research Institute of the \u00c9cole Militaire (IRSEM) and the Geopolitics of the Datasphere centre at Paris 8 University (GEODE). Laurent Cordonier points out that, since the opinion survey dates back to August, \"it cannot be ruled out that the way in which the French perceive some of these stories may have changed somewhat since then\".<\/p><p style=\"text-align: left;\">In around a hundred pages, the study shows that sensitivity to one or other of the stories is \"on average\" linked to various factors, such as political opinion or age: \"On average, people aged 65 and over (and, more broadly, retired people) are more sensitive than the rest of the population to Ukrainian, Israeli, French and Taiwanese stories, while overall they are less sensitive than others to Russian, Hamas, Malian and Chinese stories. The reverse is true for all age groups from 18 to 49\".<\/p>\t\t\t\t\t\t\t\t<\/div>\n\t\t\t\t<\/div>\n\t\t\t\t<\/div>\n\t\t\t\t<\/div>\n\t\t<div data-particle_enable=\"false\" data-particle-mobile-disabled=\"false\" class=\"elementor-element elementor-element-0428281 e-flex e-con-boxed e-con e-parent\" data-id=\"0428281\" data-element_type=\"container\" data-e-type=\"container\">\n\t\t\t\t\t<div class=\"e-con-inner\">\n\t\t\t\t<div class=\"elementor-element elementor-element-c7a474b elementor-widget elementor-widget-heading\" data-id=\"c7a474b\" data-element_type=\"widget\" data-e-type=\"widget\" data-widget_type=\"heading.default\">\n\t\t\t\t<div class=\"elementor-widget-container\">\n\t\t\t\t\t<h2 class=\"elementor-heading-title elementor-size-default\">PROFESSIONAL MEDIA OR SOCIAL NETWORKS: REVERSE INFLUENCE<\/h2>\t\t\t\t<\/div>\n\t\t\t\t<\/div>\n\t\t\t\t<div class=\"elementor-element elementor-element-bc2066b elementor-widget-divider--view-line elementor-widget elementor-widget-divider\" data-id=\"bc2066b\" data-element_type=\"widget\" data-e-type=\"widget\" data-widget_type=\"divider.default\">\n\t\t\t\t<div class=\"elementor-widget-container\">\n\t\t\t\t\t\t\t<div class=\"elementor-divider\">\n\t\t\t<span class=\"elementor-divider-separator\">\n\t\t\t\t\t\t<\/span>\n\t\t<\/div>\n\t\t\t\t\t\t<\/div>\n\t\t\t\t<\/div>\n\t\t\t\t\t<\/div>\n\t\t\t\t<\/div>\n\t\t<div data-particle_enable=\"false\" data-particle-mobile-disabled=\"false\" class=\"elementor-element elementor-element-4d60d92 e-flex e-con-boxed e-con e-parent\" data-id=\"4d60d92\" data-element_type=\"container\" data-e-type=\"container\">\n\t\t\t\t\t<div class=\"e-con-inner\">\n\t\t\t\t<div class=\"elementor-element elementor-element-c4ae608 elementor-widget elementor-widget-text-editor\" data-id=\"c4ae608\" data-element_type=\"widget\" data-e-type=\"widget\" data-widget_type=\"text-editor.default\">\n\t\t\t\t<div class=\"elementor-widget-container\">\n\t\t\t\t\t\t\t\t\t<p style=\"text-align: left;\">One specific factor seems to \"particularly influence the sensitivity of the French\": whether they get their information from professional media or, conversely, from social networks:<\/p>\t\t\t\t\t\t\t\t<\/div>\n\t\t\t\t<\/div>\n\t\t\t\t<div class=\"elementor-element elementor-element-3631b11 elementor-widget elementor-widget-text-editor\" data-id=\"3631b11\" data-element_type=\"widget\" data-e-type=\"widget\" data-widget_type=\"text-editor.default\">\n\t\t\t\t<div class=\"elementor-widget-container\">\n\t\t\t\t\t\t\t\t\t<p style=\"text-align: left;\">\"For an identical profile, a high frequency of information on international and geopolitical news via national or regional media is a factor of increased sensitivity to Ukrainian, Israeli, French and Taiwanese stories, whereas it is a factor of less sensitivity to Russian, Hamas, Malian and Chinese stories. Conversely, again with the same profile, high frequencies of information on international and geopolitical news via social networks, YouTube and instant messaging are factors in increased sensitivity to the Russian, Hamas, Malian and Chinese narratives\".<\/p>\t\t\t\t\t\t\t\t<\/div>\n\t\t\t\t<\/div>\n\t\t\t\t<div class=\"elementor-element elementor-element-3303c62 elementor-widget elementor-widget-text-editor\" data-id=\"3303c62\" data-element_type=\"widget\" data-e-type=\"widget\" data-widget_type=\"text-editor.default\">\n\t\t\t\t<div class=\"elementor-widget-container\">\n\t\t\t\t\t\t\t\t\t<p style=\"text-align: left;\">On the other hand, no socio-demographic profile could be 'clearly' associated with one sensitivity or another. However, \"the higher the respondents' household income, the more sensitive, on average, they were to Ukrainian, Israeli, French and Taiwanese stories, and the less sensitive they were to Russian, Hamas, Malian and Chinese stories\". The correlation with other factors was also studied, such as geopolitical culture, confidence in the State and the scientific community, and perceptions of climate change and vaccines.<\/p><p style=\"text-align: left;\">According to the study, \"a majority of the population (62.1%) believes that the Russian and Chinese informational attacks targeting France represent a danger to our country and its democracy\". But these narratives have little effect, and \"Russian and Chinese information manipulations fail (so far, at least) to sway French public opinion in favour of the narratives they promote about the war in Ukraine and the status of Taiwan\".\u00a0<\/p>\t\t\t\t\t\t\t\t<\/div>\n\t\t\t\t<\/div>\n\t\t\t\t\t<\/div>\n\t\t\t\t<\/div>\n\t\t<div data-particle_enable=\"false\" data-particle-mobile-disabled=\"false\" class=\"elementor-element elementor-element-afb3687 e-flex e-con-boxed e-con e-parent\" data-id=\"afb3687\" data-element_type=\"container\" data-e-type=\"container\">\n\t\t\t\t\t<div class=\"e-con-inner\">\n\t\t\t\t<div class=\"elementor-element elementor-element-cb1bb36 elementor-widget elementor-widget-heading\" data-id=\"cb1bb36\" data-element_type=\"widget\" data-e-type=\"widget\" data-widget_type=\"heading.default\">\n\t\t\t\t<div class=\"elementor-widget-container\">\n\t\t\t\t\t<h2 class=\"elementor-heading-title elementor-size-default\">EVALUATING THE IMPACT OF MISINFORMATION, \"A MATTER OF THE UTMOST IMPORTANCE\".<\/h2>\t\t\t\t<\/div>\n\t\t\t\t<\/div>\n\t\t\t\t<div class=\"elementor-element elementor-element-e4abece elementor-widget-divider--view-line elementor-widget elementor-widget-divider\" data-id=\"e4abece\" data-element_type=\"widget\" data-e-type=\"widget\" data-widget_type=\"divider.default\">\n\t\t\t\t<div class=\"elementor-widget-container\">\n\t\t\t\t\t\t\t<div class=\"elementor-divider\">\n\t\t\t<span class=\"elementor-divider-separator\">\n\t\t\t\t\t\t<\/span>\n\t\t<\/div>\n\t\t\t\t\t\t<\/div>\n\t\t\t\t<\/div>\n\t\t\t\t\t<\/div>\n\t\t\t\t<\/div>\n\t\t<div data-particle_enable=\"false\" data-particle-mobile-disabled=\"false\" class=\"elementor-element elementor-element-c439b3b e-flex e-con-boxed e-con e-parent\" data-id=\"c439b3b\" data-element_type=\"container\" data-e-type=\"container\">\n\t\t\t\t\t<div class=\"e-con-inner\">\n\t\t\t\t<div class=\"elementor-element elementor-element-581058e elementor-widget elementor-widget-text-editor\" data-id=\"581058e\" data-element_type=\"widget\" data-e-type=\"widget\" data-widget_type=\"text-editor.default\">\n\t\t\t\t<div class=\"elementor-widget-container\">\n\t\t\t\t\t\t\t\t\t<p style=\"text-align: left;\">In conclusion, the Descartes Foundation calls for better study of the effects of misinformation, as Laurent Cordonier writes:<\/p>\t\t\t\t\t\t\t\t<\/div>\n\t\t\t\t<\/div>\n\t\t\t\t<div class=\"elementor-element elementor-element-3bff334 elementor-widget elementor-widget-text-editor\" data-id=\"3bff334\" data-element_type=\"widget\" data-e-type=\"widget\" data-widget_type=\"text-editor.default\">\n\t\t\t\t<div class=\"elementor-widget-container\">\n\t\t\t\t\t\t\t\t\t<p style=\"text-align: left;\">\"Assessing the nature and extent of the consequences of foreign interference with information on the French population is a matter of the utmost importance. Without such an assessment, which is currently largely lacking, it is impossible to properly calibrate the response of public authorities and the information industry to these manipulative operations. Under-reacting would expose the country to the risk of destabilisation.<\/p><p style=\"text-align: left;\">Overreacting, for example by adopting measures that restrict online freedom of expression too severely or by making certain points of view on international news completely invisible in the media, would be tantamount to damaging democratic life by seeking to protect it. It is therefore up to the authorities and the civil society players concerned to encourage and support scientific research into the effects of foreign interference in information\".<\/p>\t\t\t\t\t\t\t\t<\/div>\n\t\t\t\t<\/div>\n\t\t\t\t<div class=\"elementor-element elementor-element-9cf649f elementor-widget elementor-widget-text-editor\" data-id=\"9cf649f\" data-element_type=\"widget\" data-e-type=\"widget\" data-widget_type=\"text-editor.default\">\n\t\t\t\t<div class=\"elementor-widget-container\">\n\t\t\t\t\t\t\t\t\t<p style=\"text-align: left;\">While the Russia-Ukraine and Israel-Hamas conflicts receive a great deal of media coverage, the IHEDN has selected a few lessons from the study concerning the other two, which receive less attention in the public debate. For each conflict, \"the narrative elements of both sides were presented to respondents in the same block of questions comprising six items (i.e. the three narrative elements of one side and the three narrative elements of the other side). Within a block, story elements from both camps were presented to respondents in random order.<\/p>\t\t\t\t\t\t\t\t<\/div>\n\t\t\t\t<\/div>\n\t\t\t\t\t<\/div>\n\t\t\t\t<\/div>\n\t\t<div data-particle_enable=\"false\" data-particle-mobile-disabled=\"false\" class=\"elementor-element elementor-element-36c1236 e-flex e-con-boxed e-con e-parent\" data-id=\"36c1236\" data-element_type=\"container\" data-e-type=\"container\">\n\t\t\t\t\t<div class=\"e-con-inner\">\n\t\t\t\t<div class=\"elementor-element elementor-element-fb808cc elementor-widget elementor-widget-heading\" data-id=\"fb808cc\" data-element_type=\"widget\" data-e-type=\"widget\" data-widget_type=\"heading.default\">\n\t\t\t\t<div class=\"elementor-widget-container\">\n\t\t\t\t\t<h2 class=\"elementor-heading-title elementor-size-default\">CHINA-TAIWAN: THE FRENCH \"NOT VERY RECEPTIVE TO THE CHINESE NARRATIVE <\/h2>\t\t\t\t<\/div>\n\t\t\t\t<\/div>\n\t\t\t\t<div class=\"elementor-element elementor-element-f7f7347 elementor-widget-divider--view-line elementor-widget elementor-widget-divider\" data-id=\"f7f7347\" data-element_type=\"widget\" data-e-type=\"widget\" data-widget_type=\"divider.default\">\n\t\t\t\t<div class=\"elementor-widget-container\">\n\t\t\t\t\t\t\t<div class=\"elementor-divider\">\n\t\t\t<span class=\"elementor-divider-separator\">\n\t\t\t\t\t\t<\/span>\n\t\t<\/div>\n\t\t\t\t\t\t<\/div>\n\t\t\t\t<\/div>\n\t\t\t\t\t<\/div>\n\t\t\t\t<\/div>\n\t\t<div data-particle_enable=\"false\" data-particle-mobile-disabled=\"false\" class=\"elementor-element elementor-element-983c98e e-flex e-con-boxed e-con e-parent\" data-id=\"983c98e\" data-element_type=\"container\" data-e-type=\"container\">\n\t\t\t\t\t<div class=\"e-con-inner\">\n\t\t\t\t<div class=\"elementor-element elementor-element-707075e elementor-widget elementor-widget-text-editor\" data-id=\"707075e\" data-element_type=\"widget\" data-e-type=\"widget\" data-widget_type=\"text-editor.default\">\n\t\t\t\t<div class=\"elementor-widget-container\">\n\t\t\t\t\t\t\t\t\t<p style=\"text-align: left;\">This part of the study analyses the penetration in France of the narratives developed by the protagonists of the <strong>the crisis between China and Taiwan over the status of Taiwan<\/strong>.<\/p><p style=\"text-align: left;\">The questions were preceded by this introduction: \"Today, Taiwan is de facto a separate state from mainland China, with its own institutions. However, China claims Taiwan as one of its provinces and does not rule out the use of force to assert its authority there.<\/p><p style=\"text-align: left;\">We are going to present you with statements that reflect different points of view on this crisis. Please indicate to what extent you personally agree or disagree with each of these statements.<\/p><p style=\"text-align: left;\">The three central elements of the Chinese story are :<\/p><ul style=\"text-align: left;\"><li>By supporting the Taiwanese government, the United States and other Western powers are illegitimately intervening in China's internal affairs.<\/li><li>Taiwan is historically Chinese and is an integral part of Chinese territory.<\/li><li>Only the Chinese government has the legitimacy to decide the future of Taiwan.<\/li><\/ul>\t\t\t\t\t\t\t\t<\/div>\n\t\t\t\t<\/div>\n\t\t\t\t<div class=\"elementor-element elementor-element-fc70e69 elementor-widget elementor-widget-text-editor\" data-id=\"fc70e69\" data-element_type=\"widget\" data-e-type=\"widget\" data-widget_type=\"text-editor.default\">\n\t\t\t\t<div class=\"elementor-widget-container\">\n\t\t\t\t\t\t\t\t\t<p style=\"text-align: left;\">For the Taiwanese story, these are :<\/p><ul style=\"text-align: left;\"><li>It is up to the Taiwanese people, not the Chinese government, to decide freely and democratically on the future of Taiwan.<\/li><li>As Taiwan is a democracy, its autonomy from China is essential for the defence of democratic values in Asia and around the world.<\/li><li>Since Taiwan has never been under the authority of the Chinese Communist Party, when China speaks of \"reunification\" between Taiwan and China, it is in reality envisaging unification by force.<\/li><\/ul>\t\t\t\t\t\t\t\t<\/div>\n\t\t\t\t<\/div>\n\t\t\t\t<div class=\"elementor-element elementor-element-f652be3 elementor-widget elementor-widget-text-editor\" data-id=\"f652be3\" data-element_type=\"widget\" data-e-type=\"widget\" data-widget_type=\"text-editor.default\">\n\t\t\t\t<div class=\"elementor-widget-container\">\n\t\t\t\t\t\t\t\t\t<p style=\"text-align: left;\">As with each of the other conflicts, the results vary according to the story elements submitted to respondents. But, on average, the French were \"not very sensitive to the Chinese story\" and \"very sensitive to the Taiwanese story\".<\/p><p style=\"text-align: left;\">In terms of political opinion, \"respondents close to the far left and, to a lesser extent, the far right are on average more sensitive to the Chinese narrative on Taiwan's status than the rest of the panel. Respondents close to the ecologists, the left, the right and, above all, the centre were more sensitive to the Taiwanese narrative than the others\".<\/p>\t\t\t\t\t\t\t\t<\/div>\n\t\t\t\t<\/div>\n\t\t\t\t\t<\/div>\n\t\t\t\t<\/div>\n\t\t<div data-particle_enable=\"false\" data-particle-mobile-disabled=\"false\" class=\"elementor-element elementor-element-b199d81 e-flex e-con-boxed e-con e-parent\" data-id=\"b199d81\" data-element_type=\"container\" data-e-type=\"container\">\n\t\t\t\t\t<div class=\"e-con-inner\">\n\t\t\t\t<div class=\"elementor-element elementor-element-a1e6d2b elementor-widget elementor-widget-heading\" data-id=\"a1e6d2b\" data-element_type=\"widget\" data-e-type=\"widget\" data-widget_type=\"heading.default\">\n\t\t\t\t<div class=\"elementor-widget-container\">\n\t\t\t\t\t<h2 class=\"elementor-heading-title elementor-size-default\">FRANCE-MALI: FRENCH PEOPLE \"NOT VERY TO MODERATELY SENSITIVE\" TO THE MALIAN STORY<\/h2>\t\t\t\t<\/div>\n\t\t\t\t<\/div>\n\t\t\t\t<div class=\"elementor-element elementor-element-d9a8799 elementor-widget-divider--view-line elementor-widget elementor-widget-divider\" data-id=\"d9a8799\" data-element_type=\"widget\" data-e-type=\"widget\" data-widget_type=\"divider.default\">\n\t\t\t\t<div class=\"elementor-widget-container\">\n\t\t\t\t\t\t\t<div class=\"elementor-divider\">\n\t\t\t<span class=\"elementor-divider-separator\">\n\t\t\t\t\t\t<\/span>\n\t\t<\/div>\n\t\t\t\t\t\t<\/div>\n\t\t\t\t<\/div>\n\t\t\t\t\t<\/div>\n\t\t\t\t<\/div>\n\t\t<div data-particle_enable=\"false\" data-particle-mobile-disabled=\"false\" class=\"elementor-element elementor-element-d42abed e-flex e-con-boxed e-con e-parent\" data-id=\"d42abed\" data-element_type=\"container\" data-e-type=\"container\">\n\t\t\t\t\t<div class=\"e-con-inner\">\n\t\t\t\t<div class=\"elementor-element elementor-element-fb26297 elementor-widget elementor-widget-text-editor\" data-id=\"fb26297\" data-element_type=\"widget\" data-e-type=\"widget\" data-widget_type=\"text-editor.default\">\n\t\t\t\t<div class=\"elementor-widget-container\">\n\t\t\t\t\t\t\t\t\t<p>The aim of this section is to assess the penetration in France of the narratives developed by the protagonists of the\u00a0<strong>Tensions between the Malian junta and France<\/strong>\u00a0<strong>on the interpretation of the aims and results of the Serval and Barkhane operations<\/strong> (French-led military operations in the Sahel region from 2013 to 2022).<\/p><p>Here's how the questions were introduced: \"The Sahel region (Burkina Faso, Mali, Mauritania, Niger and Chad) has long been affected by a security crisis caused by jihadist terrorists. From 2013 to 2022, France, along with other foreign countries, intervened militarily in the region. Since then, France has gradually withdrawn its troops from the Sahel.<\/p><p>We are going to present you with statements that reflect different points of view on this crisis. Please indicate to what extent you personally agree or disagree with each of these statements.<\/p><p>The three central elements of the Malian junta's narrative are :<\/p><ul><li>France's military interventions in the Sahel from 2013 to 2022 have never succeeded in curbing jihadist terrorism in the region.<\/li><li>France's military interventions in the Sahel are a form of neo-colonialism: their real objective was to preserve France's interests and influence in the Sahel region, without regard for the interests of the local populations.<\/li><li>In 2021, France abandoned Mali to its fate, without prior consultation, forcing Mali to turn to Russia to ensure its security.<\/li><\/ul>\t\t\t\t\t\t\t\t<\/div>\n\t\t\t\t<\/div>\n\t\t\t\t<div class=\"elementor-element elementor-element-82422f5 elementor-widget elementor-widget-text-editor\" data-id=\"82422f5\" data-element_type=\"widget\" data-e-type=\"widget\" data-widget_type=\"text-editor.default\">\n\t\t\t\t<div class=\"elementor-widget-container\">\n\t\t\t\t\t\t\t\t\t<p>Those in the French story are :<\/p><ul><li>The aim of French military intervention in the Sahel, which began in 2013-2014, was to help the countries of the region in their fight against jihadist terrorism.<\/li><li>The French military interventions in the Sahel that began in 2013-2014 were carried out in support of the legitimate armies of the Sahel countries.<\/li><li>The French military interventions in the Sahel that began in 2013-2014 were carried out at the request of the heads of state of the Sahel countries.<\/li><\/ul>\t\t\t\t\t\t\t\t<\/div>\n\t\t\t\t<\/div>\n\t\t\t\t<div class=\"elementor-element elementor-element-155844d elementor-widget elementor-widget-text-editor\" data-id=\"155844d\" data-element_type=\"widget\" data-e-type=\"widget\" data-widget_type=\"text-editor.default\">\n\t\t\t\t<div class=\"elementor-widget-container\">\n\t\t\t\t\t\t\t\t\t<p style=\"text-align: left;\">Here again, the results vary for each element, but on average, the French are \"slightly to moderately sensitive to the Malian junta's story\" and \"fairly sensitive to the French story\".<\/p><p style=\"text-align: left;\">With regard to their political opinions, \"respondents close to the extreme left were on average more sensitive to the Malian story than the rest of those questioned. Conversely, respondents close to the left, the right and, even more so, the centre were, on average, more sensitive to the French story than the others\".<\/p>\t\t\t\t\t\t\t\t<\/div>\n\t\t\t\t<\/div>\n\t\t\t\t\t<\/div>\n\t\t\t\t<\/div>\n\t\t<div data-particle_enable=\"false\" data-particle-mobile-disabled=\"false\" class=\"elementor-element elementor-element-d0b133b e-flex e-con-boxed e-con e-parent\" data-id=\"d0b133b\" data-element_type=\"container\" data-e-type=\"container\">\n\t\t\t\t\t<div class=\"e-con-inner\">\n\t\t\t\t<div class=\"elementor-element elementor-element-11623cd elementor-widget elementor-widget-text-editor\" data-id=\"11623cd\" data-element_type=\"widget\" data-e-type=\"widget\" data-widget_type=\"text-editor.default\">\n\t\t\t\t<div class=\"elementor-widget-container\">\n\t\t\t\t\t\t\t\t\t<p><a href=\"https:\/\/www.fondationdescartes.org\/wp-content\/uploads\/2024\/11\/Etude_recits_conflits_FD_2024.pdf\" target=\"_blank\" rel=\"noopener\"><strong>Read the full Descartes Foundation study<\/strong><\/a><\/p>\t\t\t\t\t\t\t\t<\/div>\n\t\t\t\t<\/div>\n\t\t\t\t\t<\/div>\n\t\t\t\t<\/div>\n\t\t\t\t<\/div>","protected":false},"excerpt":{"rendered":"<p>In a study unveiled at the end of November in partnership with the IHEDN, the Descartes Foundation looks at the effects in France of foreign disinformation about conflicts. It is a ground-breaking study that offers a wealth of lessons, particularly in relation to the China-Taiwan crisis and the tensions between France and Mali.<\/p>","protected":false},"author":10,"featured_media":51732,"comment_status":"closed","ping_status":"closed","sticky":false,"template":"","format":"standard","meta":{"footnotes":""},"categories":[41,171,210],"tags":[],"class_list":["post-51730","post","type-post","status-publish","format-standard","has-post-thumbnail","hentry","category-lundis-de-lihedn","category-notre-selection","category-securite-nationale"],"yoast_head":"<!-- This site is optimized with the Yoast SEO plugin v27.5 - https:\/\/yoast.com\/product\/yoast-seo-wordpress\/ -->\n<title>D\u00e9sinformation : comment les r\u00e9cits \u00e9trangers p\u00e9n\u00e8trent en France - L&#039;IHEDN : Institut des hautes \u00e9tudes de d\u00e9fense nationale<\/title>\n<meta name=\"description\" content=\"Dans une \u00e9tude d\u00e9voil\u00e9e fin novembre en partenariat avec l\u2019IHEDN, la Fondation Descartes s\u2019int\u00e9resse aux effets en France de la d\u00e9sinformation \u00e9trang\u00e8re concernant les conflits. Une d\u00e9marche in\u00e9dite et riche d\u2019enseignements, notamment sur la crise Chine-Ta\u00efwan et les tensions entre la France et le Mali.\" \/>\n<meta name=\"robots\" content=\"index, follow, max-snippet:-1, max-image-preview:large, max-video-preview:-1\" \/>\n<link rel=\"canonical\" href=\"https:\/\/ihedn.fr\/en\/notre-selection\/desinformation-comment-les-recits-etrangers-penetrent-en-france\/\" \/>\n<meta property=\"og:locale\" content=\"en_GB\" \/>\n<meta property=\"og:type\" content=\"article\" \/>\n<meta property=\"og:title\" content=\"D\u00e9sinformation : comment les r\u00e9cits \u00e9trangers p\u00e9n\u00e8trent en France\" \/>\n<meta property=\"og:description\" content=\"Dans une \u00e9tude d\u00e9voil\u00e9e fin novembre en partenariat avec l\u2019IHEDN, la Fondation Descartes s\u2019int\u00e9resse aux effets en France de la d\u00e9sinformation \u00e9trang\u00e8re concernant les conflits. Une d\u00e9marche in\u00e9dite et riche d\u2019enseignements, notamment sur la crise Chine-Ta\u00efwan et les tensions entre la France et le Mali.\" \/>\n<meta property=\"og:url\" content=\"https:\/\/ihedn.fr\/en\/notre-selection\/desinformation-comment-les-recits-etrangers-penetrent-en-france\/\" \/>\n<meta property=\"og:site_name\" content=\"L&#039;IHEDN : Institut des hautes \u00e9tudes de d\u00e9fense nationale\" \/>\n<meta property=\"article:publisher\" content=\"https:\/\/www.facebook.com\/ihedn\/\" \/>\n<meta property=\"article:published_time\" content=\"2024-12-09T12:43:30+00:00\" \/>\n<meta property=\"article:modified_time\" content=\"2025-09-03T14:25:20+00:00\" \/>\n<meta property=\"og:image\" content=\"https:\/\/ihedn.fr\/wp-content\/uploads\/2024\/12\/VISUEL_LIH_DESINFORMATION_6DEC.jpg\" \/>\n\t<meta property=\"og:image:width\" content=\"1920\" \/>\n\t<meta property=\"og:image:height\" content=\"1080\" \/>\n\t<meta property=\"og:image:type\" content=\"image\/jpeg\" \/>\n<meta name=\"author\" content=\"tanguy.morel@ihedn.fr\" \/>\n<meta name=\"twitter:card\" content=\"summary_large_image\" \/>\n<meta name=\"twitter:title\" content=\"D\u00e9sinformation : comment les r\u00e9cits \u00e9trangers p\u00e9n\u00e8trent en France\" \/>\n<meta name=\"twitter:description\" content=\"Dans une \u00e9tude d\u00e9voil\u00e9e fin novembre en partenariat avec l\u2019IHEDN, la Fondation Descartes s\u2019int\u00e9resse aux effets en France de la d\u00e9sinformation \u00e9trang\u00e8re concernant les conflits. Une d\u00e9marche in\u00e9dite et riche d\u2019enseignements, notamment sur la crise Chine-Ta\u00efwan et les tensions entre la France et le Mali.\" \/>\n<meta name=\"twitter:image\" content=\"https:\/\/ihedn.fr\/wp-content\/uploads\/2024\/12\/VISUEL_LIH_DESINFORMATION_6DEC.jpg\" \/>\n<meta name=\"twitter:creator\" content=\"@IHEDN\" \/>\n<meta name=\"twitter:site\" content=\"@IHEDN\" \/>\n<meta name=\"twitter:label1\" content=\"Written by\" \/>\n\t<meta name=\"twitter:data1\" content=\"tanguy.morel@ihedn.fr\" \/>\n\t<meta name=\"twitter:label2\" content=\"Estimated reading time\" \/>\n\t<meta name=\"twitter:data2\" content=\"10 minutes\" \/>\n<script type=\"application\/ld+json\" class=\"yoast-schema-graph\">{\"@context\":\"https:\\\/\\\/schema.org\",\"@graph\":[{\"@type\":\"Article\",\"@id\":\"https:\\\/\\\/ihedn.fr\\\/notre-selection\\\/desinformation-comment-les-recits-etrangers-penetrent-en-france\\\/#article\",\"isPartOf\":{\"@id\":\"https:\\\/\\\/ihedn.fr\\\/notre-selection\\\/desinformation-comment-les-recits-etrangers-penetrent-en-france\\\/\"},\"author\":{\"name\":\"tanguy.morel@ihedn.fr\",\"@id\":\"https:\\\/\\\/ihedn.fr\\\/#\\\/schema\\\/person\\\/ed217a37104b27a246b200e65b827cc7\"},\"headline\":\"D\u00e9sinformation : comment les r\u00e9cits \u00e9trangers p\u00e9n\u00e8trent en France\",\"datePublished\":\"2024-12-09T12:43:30+00:00\",\"dateModified\":\"2025-09-03T14:25:20+00:00\",\"mainEntityOfPage\":{\"@id\":\"https:\\\/\\\/ihedn.fr\\\/notre-selection\\\/desinformation-comment-les-recits-etrangers-penetrent-en-france\\\/\"},\"wordCount\":2117,\"publisher\":{\"@id\":\"https:\\\/\\\/ihedn.fr\\\/#organization\"},\"image\":{\"@id\":\"https:\\\/\\\/ihedn.fr\\\/notre-selection\\\/desinformation-comment-les-recits-etrangers-penetrent-en-france\\\/#primaryimage\"},\"thumbnailUrl\":\"https:\\\/\\\/ihedn.fr\\\/wp-content\\\/uploads\\\/2024\\\/12\\\/VISUEL_LIH_DESINFORMATION_6DEC.jpg\",\"articleSection\":[\"Lundis de l'IHEDN\",\"Notre s\u00e9lection\",\"s\u00e9curit\u00e9 nationale\"],\"inLanguage\":\"en-GB\"},{\"@type\":\"WebPage\",\"@id\":\"https:\\\/\\\/ihedn.fr\\\/notre-selection\\\/desinformation-comment-les-recits-etrangers-penetrent-en-france\\\/\",\"url\":\"https:\\\/\\\/ihedn.fr\\\/notre-selection\\\/desinformation-comment-les-recits-etrangers-penetrent-en-france\\\/\",\"name\":\"D\u00e9sinformation : comment les r\u00e9cits \u00e9trangers p\u00e9n\u00e8trent en France - L&#039;IHEDN : Institut des hautes \u00e9tudes de d\u00e9fense nationale\",\"isPartOf\":{\"@id\":\"https:\\\/\\\/ihedn.fr\\\/#website\"},\"primaryImageOfPage\":{\"@id\":\"https:\\\/\\\/ihedn.fr\\\/notre-selection\\\/desinformation-comment-les-recits-etrangers-penetrent-en-france\\\/#primaryimage\"},\"image\":{\"@id\":\"https:\\\/\\\/ihedn.fr\\\/notre-selection\\\/desinformation-comment-les-recits-etrangers-penetrent-en-france\\\/#primaryimage\"},\"thumbnailUrl\":\"https:\\\/\\\/ihedn.fr\\\/wp-content\\\/uploads\\\/2024\\\/12\\\/VISUEL_LIH_DESINFORMATION_6DEC.jpg\",\"datePublished\":\"2024-12-09T12:43:30+00:00\",\"dateModified\":\"2025-09-03T14:25:20+00:00\",\"description\":\"Dans une \u00e9tude d\u00e9voil\u00e9e fin novembre en partenariat avec l\u2019IHEDN, la Fondation Descartes s\u2019int\u00e9resse aux effets en France de la d\u00e9sinformation \u00e9trang\u00e8re concernant les conflits. Une d\u00e9marche in\u00e9dite et riche d\u2019enseignements, notamment sur la crise Chine-Ta\u00efwan et les tensions entre la France et le Mali.\",\"breadcrumb\":{\"@id\":\"https:\\\/\\\/ihedn.fr\\\/notre-selection\\\/desinformation-comment-les-recits-etrangers-penetrent-en-france\\\/#breadcrumb\"},\"inLanguage\":\"en-GB\",\"potentialAction\":[{\"@type\":\"ReadAction\",\"target\":[\"https:\\\/\\\/ihedn.fr\\\/notre-selection\\\/desinformation-comment-les-recits-etrangers-penetrent-en-france\\\/\"]}]},{\"@type\":\"ImageObject\",\"inLanguage\":\"en-GB\",\"@id\":\"https:\\\/\\\/ihedn.fr\\\/notre-selection\\\/desinformation-comment-les-recits-etrangers-penetrent-en-france\\\/#primaryimage\",\"url\":\"https:\\\/\\\/ihedn.fr\\\/wp-content\\\/uploads\\\/2024\\\/12\\\/VISUEL_LIH_DESINFORMATION_6DEC.jpg\",\"contentUrl\":\"https:\\\/\\\/ihedn.fr\\\/wp-content\\\/uploads\\\/2024\\\/12\\\/VISUEL_LIH_DESINFORMATION_6DEC.jpg\",\"width\":1920,\"height\":1080,\"caption\":\"Visuel futuriste d'une plan\u00e8te interconnect\u00e9e | Lundis de l'IHEDN D\u00e9sinformation : comment les r\u00e9cits \u00e9trangers p\u00e9n\u00e8trent en France\"},{\"@type\":\"BreadcrumbList\",\"@id\":\"https:\\\/\\\/ihedn.fr\\\/notre-selection\\\/desinformation-comment-les-recits-etrangers-penetrent-en-france\\\/#breadcrumb\",\"itemListElement\":[{\"@type\":\"ListItem\",\"position\":1,\"name\":\"Accueil\",\"item\":\"https:\\\/\\\/ihedn.fr\\\/\"},{\"@type\":\"ListItem\",\"position\":2,\"name\":\"D\u00e9sinformation : comment les r\u00e9cits \u00e9trangers p\u00e9n\u00e8trent en France\"}]},{\"@type\":\"WebSite\",\"@id\":\"https:\\\/\\\/ihedn.fr\\\/#website\",\"url\":\"https:\\\/\\\/ihedn.fr\\\/\",\"name\":\"IHEDN : Institut des hautes \u00e9tudes de d\u00e9fense nationale |\",\"description\":\"Site officiel de l&#039;IHEDN plac\u00e9 sous la tutelle du Premier ministre.\",\"publisher\":{\"@id\":\"https:\\\/\\\/ihedn.fr\\\/#organization\"},\"potentialAction\":[{\"@type\":\"SearchAction\",\"target\":{\"@type\":\"EntryPoint\",\"urlTemplate\":\"https:\\\/\\\/ihedn.fr\\\/?s={search_term_string}\"},\"query-input\":{\"@type\":\"PropertyValueSpecification\",\"valueRequired\":true,\"valueName\":\"search_term_string\"}}],\"inLanguage\":\"en-GB\"},{\"@type\":\"Organization\",\"@id\":\"https:\\\/\\\/ihedn.fr\\\/#organization\",\"name\":\"IHEDN - Institut des Hautes Etudes de D\u00e9fense Nationale\",\"url\":\"https:\\\/\\\/ihedn.fr\\\/\",\"logo\":{\"@type\":\"ImageObject\",\"inLanguage\":\"en-GB\",\"@id\":\"https:\\\/\\\/ihedn.fr\\\/#\\\/schema\\\/logo\\\/image\\\/\",\"url\":\"https:\\\/\\\/ihedn.fr\\\/wp-content\\\/uploads\\\/2020\\\/11\\\/BLOC_RF_IHEDN_WEB.png\",\"contentUrl\":\"https:\\\/\\\/ihedn.fr\\\/wp-content\\\/uploads\\\/2020\\\/11\\\/BLOC_RF_IHEDN_WEB.png\",\"width\":500,\"height\":237,\"caption\":\"IHEDN - Institut des Hautes Etudes de D\u00e9fense Nationale\"},\"image\":{\"@id\":\"https:\\\/\\\/ihedn.fr\\\/#\\\/schema\\\/logo\\\/image\\\/\"},\"sameAs\":[\"https:\\\/\\\/www.facebook.com\\\/ihedn\\\/\",\"https:\\\/\\\/x.com\\\/IHEDN\",\"https:\\\/\\\/www.instagram.com\\\/ihedn\\\/\",\"https:\\\/\\\/www.linkedin.com\\\/school\\\/ihedn\\\/\",\"https:\\\/\\\/fr.wikipedia.org\\\/wiki\\\/Institut_des_hautes_\u00e9tudes_de_D\u00e9fense_nationale\"]},{\"@type\":\"Person\",\"@id\":\"https:\\\/\\\/ihedn.fr\\\/#\\\/schema\\\/person\\\/ed217a37104b27a246b200e65b827cc7\",\"name\":\"tanguy.morel@ihedn.fr\",\"image\":{\"@type\":\"ImageObject\",\"inLanguage\":\"en-GB\",\"@id\":\"https:\\\/\\\/secure.gravatar.com\\\/avatar\\\/36877cd30919fafddf1f9da45f4154aa468a64328452f2ceaff0968772207348?s=96&d=mm&r=g\",\"url\":\"https:\\\/\\\/secure.gravatar.com\\\/avatar\\\/36877cd30919fafddf1f9da45f4154aa468a64328452f2ceaff0968772207348?s=96&d=mm&r=g\",\"contentUrl\":\"https:\\\/\\\/secure.gravatar.com\\\/avatar\\\/36877cd30919fafddf1f9da45f4154aa468a64328452f2ceaff0968772207348?s=96&d=mm&r=g\",\"caption\":\"tanguy.morel@ihedn.fr\"},\"url\":\"https:\\\/\\\/ihedn.fr\\\/en\\\/author\\\/tanguy-morelihedn-fr\\\/\"}]}<\/script>\n<!-- \/ Yoast SEO plugin. -->","yoast_head_json":{"title":"Disinformation: how foreign stories find their way into France - L'IHEDN : Institut des hautes \u00e9tudes de d\u00e9fense nationale (in French)","description":"In a study unveiled at the end of November in partnership with the IHEDN, the Descartes Foundation looks at the effects in France of foreign disinformation about conflicts. It is a ground-breaking study that offers a wealth of lessons, particularly in relation to the China-Taiwan crisis and the tensions between France and Mali.","robots":{"index":"index","follow":"follow","max-snippet":"max-snippet:-1","max-image-preview":"max-image-preview:large","max-video-preview":"max-video-preview:-1"},"canonical":"https:\/\/ihedn.fr\/en\/notre-selection\/desinformation-comment-les-recits-etrangers-penetrent-en-france\/","og_locale":"en_GB","og_type":"article","og_title":"D\u00e9sinformation : comment les r\u00e9cits \u00e9trangers p\u00e9n\u00e8trent en France","og_description":"Dans une \u00e9tude d\u00e9voil\u00e9e fin novembre en partenariat avec l\u2019IHEDN, la Fondation Descartes s\u2019int\u00e9resse aux effets en France de la d\u00e9sinformation \u00e9trang\u00e8re concernant les conflits. Une d\u00e9marche in\u00e9dite et riche d\u2019enseignements, notamment sur la crise Chine-Ta\u00efwan et les tensions entre la France et le Mali.","og_url":"https:\/\/ihedn.fr\/en\/notre-selection\/desinformation-comment-les-recits-etrangers-penetrent-en-france\/","og_site_name":"L&#039;IHEDN : Institut des hautes \u00e9tudes de d\u00e9fense nationale","article_publisher":"https:\/\/www.facebook.com\/ihedn\/","article_published_time":"2024-12-09T12:43:30+00:00","article_modified_time":"2025-09-03T14:25:20+00:00","og_image":[{"width":1920,"height":1080,"url":"https:\/\/ihedn.fr\/wp-content\/uploads\/2024\/12\/VISUEL_LIH_DESINFORMATION_6DEC.jpg","type":"image\/jpeg"}],"author":"tanguy.morel@ihedn.fr","twitter_card":"summary_large_image","twitter_title":"D\u00e9sinformation : comment les r\u00e9cits \u00e9trangers p\u00e9n\u00e8trent en France","twitter_description":"Dans une \u00e9tude d\u00e9voil\u00e9e fin novembre en partenariat avec l\u2019IHEDN, la Fondation Descartes s\u2019int\u00e9resse aux effets en France de la d\u00e9sinformation \u00e9trang\u00e8re concernant les conflits. Une d\u00e9marche in\u00e9dite et riche d\u2019enseignements, notamment sur la crise Chine-Ta\u00efwan et les tensions entre la France et le Mali.","twitter_image":"https:\/\/ihedn.fr\/wp-content\/uploads\/2024\/12\/VISUEL_LIH_DESINFORMATION_6DEC.jpg","twitter_creator":"@IHEDN","twitter_site":"@IHEDN","twitter_misc":{"Written by":"tanguy.morel@ihedn.fr","Estimated reading time":"10 minutes"},"schema":{"@context":"https:\/\/schema.org","@graph":[{"@type":"Article","@id":"https:\/\/ihedn.fr\/notre-selection\/desinformation-comment-les-recits-etrangers-penetrent-en-france\/#article","isPartOf":{"@id":"https:\/\/ihedn.fr\/notre-selection\/desinformation-comment-les-recits-etrangers-penetrent-en-france\/"},"author":{"name":"tanguy.morel@ihedn.fr","@id":"https:\/\/ihedn.fr\/#\/schema\/person\/ed217a37104b27a246b200e65b827cc7"},"headline":"D\u00e9sinformation : comment les r\u00e9cits \u00e9trangers p\u00e9n\u00e8trent en France","datePublished":"2024-12-09T12:43:30+00:00","dateModified":"2025-09-03T14:25:20+00:00","mainEntityOfPage":{"@id":"https:\/\/ihedn.fr\/notre-selection\/desinformation-comment-les-recits-etrangers-penetrent-en-france\/"},"wordCount":2117,"publisher":{"@id":"https:\/\/ihedn.fr\/#organization"},"image":{"@id":"https:\/\/ihedn.fr\/notre-selection\/desinformation-comment-les-recits-etrangers-penetrent-en-france\/#primaryimage"},"thumbnailUrl":"https:\/\/ihedn.fr\/wp-content\/uploads\/2024\/12\/VISUEL_LIH_DESINFORMATION_6DEC.jpg","articleSection":["Lundis de l'IHEDN","Notre s\u00e9lection","s\u00e9curit\u00e9 nationale"],"inLanguage":"en-GB"},{"@type":"WebPage","@id":"https:\/\/ihedn.fr\/notre-selection\/desinformation-comment-les-recits-etrangers-penetrent-en-france\/","url":"https:\/\/ihedn.fr\/notre-selection\/desinformation-comment-les-recits-etrangers-penetrent-en-france\/","name":"Disinformation: how foreign stories find their way into France - L'IHEDN : Institut des hautes \u00e9tudes de d\u00e9fense nationale (in French)","isPartOf":{"@id":"https:\/\/ihedn.fr\/#website"},"primaryImageOfPage":{"@id":"https:\/\/ihedn.fr\/notre-selection\/desinformation-comment-les-recits-etrangers-penetrent-en-france\/#primaryimage"},"image":{"@id":"https:\/\/ihedn.fr\/notre-selection\/desinformation-comment-les-recits-etrangers-penetrent-en-france\/#primaryimage"},"thumbnailUrl":"https:\/\/ihedn.fr\/wp-content\/uploads\/2024\/12\/VISUEL_LIH_DESINFORMATION_6DEC.jpg","datePublished":"2024-12-09T12:43:30+00:00","dateModified":"2025-09-03T14:25:20+00:00","description":"In a study unveiled at the end of November in partnership with the IHEDN, the Descartes Foundation looks at the effects in France of foreign disinformation about conflicts. It is a ground-breaking study that offers a wealth of lessons, particularly in relation to the China-Taiwan crisis and the tensions between France and Mali.","breadcrumb":{"@id":"https:\/\/ihedn.fr\/notre-selection\/desinformation-comment-les-recits-etrangers-penetrent-en-france\/#breadcrumb"},"inLanguage":"en-GB","potentialAction":[{"@type":"ReadAction","target":["https:\/\/ihedn.fr\/notre-selection\/desinformation-comment-les-recits-etrangers-penetrent-en-france\/"]}]},{"@type":"ImageObject","inLanguage":"en-GB","@id":"https:\/\/ihedn.fr\/notre-selection\/desinformation-comment-les-recits-etrangers-penetrent-en-france\/#primaryimage","url":"https:\/\/ihedn.fr\/wp-content\/uploads\/2024\/12\/VISUEL_LIH_DESINFORMATION_6DEC.jpg","contentUrl":"https:\/\/ihedn.fr\/wp-content\/uploads\/2024\/12\/VISUEL_LIH_DESINFORMATION_6DEC.jpg","width":1920,"height":1080,"caption":"Visuel futuriste d'une plan\u00e8te interconnect\u00e9e | Lundis de l'IHEDN D\u00e9sinformation : comment les r\u00e9cits \u00e9trangers p\u00e9n\u00e8trent en France"},{"@type":"BreadcrumbList","@id":"https:\/\/ihedn.fr\/notre-selection\/desinformation-comment-les-recits-etrangers-penetrent-en-france\/#breadcrumb","itemListElement":[{"@type":"ListItem","position":1,"name":"Accueil","item":"https:\/\/ihedn.fr\/"},{"@type":"ListItem","position":2,"name":"D\u00e9sinformation : comment les r\u00e9cits \u00e9trangers p\u00e9n\u00e8trent en France"}]},{"@type":"WebSite","@id":"https:\/\/ihedn.fr\/#website","url":"https:\/\/ihedn.fr\/","name":"IHEDN: Institut des hautes \u00e9tudes de d\u00e9fense nationale (Institute for Higher National Defence Studies)","description":"Official website of the IHEDN under the supervision of the Prime Minister.","publisher":{"@id":"https:\/\/ihedn.fr\/#organization"},"potentialAction":[{"@type":"SearchAction","target":{"@type":"EntryPoint","urlTemplate":"https:\/\/ihedn.fr\/?s={search_term_string}"},"query-input":{"@type":"PropertyValueSpecification","valueRequired":true,"valueName":"search_term_string"}}],"inLanguage":"en-GB"},{"@type":"Organization","@id":"https:\/\/ihedn.fr\/#organization","name":"IHEDN - Institute for Higher National Defence Studies","url":"https:\/\/ihedn.fr\/","logo":{"@type":"ImageObject","inLanguage":"en-GB","@id":"https:\/\/ihedn.fr\/#\/schema\/logo\/image\/","url":"https:\/\/ihedn.fr\/wp-content\/uploads\/2020\/11\/BLOC_RF_IHEDN_WEB.png","contentUrl":"https:\/\/ihedn.fr\/wp-content\/uploads\/2020\/11\/BLOC_RF_IHEDN_WEB.png","width":500,"height":237,"caption":"IHEDN - Institut des Hautes Etudes de D\u00e9fense Nationale"},"image":{"@id":"https:\/\/ihedn.fr\/#\/schema\/logo\/image\/"},"sameAs":["https:\/\/www.facebook.com\/ihedn\/","https:\/\/x.com\/IHEDN","https:\/\/www.instagram.com\/ihedn\/","https:\/\/www.linkedin.com\/school\/ihedn\/","https:\/\/fr.wikipedia.org\/wiki\/Institut_des_hautes_\u00e9tudes_de_D\u00e9fense_nationale"]},{"@type":"Person","@id":"https:\/\/ihedn.fr\/#\/schema\/person\/ed217a37104b27a246b200e65b827cc7","name":"tanguy.morel@ihedn.fr","image":{"@type":"ImageObject","inLanguage":"en-GB","@id":"https:\/\/secure.gravatar.com\/avatar\/36877cd30919fafddf1f9da45f4154aa468a64328452f2ceaff0968772207348?s=96&d=mm&r=g","url":"https:\/\/secure.gravatar.com\/avatar\/36877cd30919fafddf1f9da45f4154aa468a64328452f2ceaff0968772207348?s=96&d=mm&r=g","contentUrl":"https:\/\/secure.gravatar.com\/avatar\/36877cd30919fafddf1f9da45f4154aa468a64328452f2ceaff0968772207348?s=96&d=mm&r=g","caption":"tanguy.morel@ihedn.fr"},"url":"https:\/\/ihedn.fr\/en\/author\/tanguy-morelihedn-fr\/"}]}},"publishpress_future_action":{"enabled":false,"date":"2026-05-06 21:26:49","action":"change-status","newStatus":"draft","terms":[],"taxonomy":"category","extraData":[]},"publishpress_future_workflow_manual_trigger":{"enabledWorkflows":[]},"_links":{"self":[{"href":"https:\/\/ihedn.fr\/en\/wp-json\/wp\/v2\/posts\/51730","targetHints":{"allow":["GET"]}}],"collection":[{"href":"https:\/\/ihedn.fr\/en\/wp-json\/wp\/v2\/posts"}],"about":[{"href":"https:\/\/ihedn.fr\/en\/wp-json\/wp\/v2\/types\/post"}],"author":[{"embeddable":true,"href":"https:\/\/ihedn.fr\/en\/wp-json\/wp\/v2\/users\/10"}],"replies":[{"embeddable":true,"href":"https:\/\/ihedn.fr\/en\/wp-json\/wp\/v2\/comments?post=51730"}],"version-history":[{"count":12,"href":"https:\/\/ihedn.fr\/en\/wp-json\/wp\/v2\/posts\/51730\/revisions"}],"predecessor-version":[{"id":51827,"href":"https:\/\/ihedn.fr\/en\/wp-json\/wp\/v2\/posts\/51730\/revisions\/51827"}],"wp:featuredmedia":[{"embeddable":true,"href":"https:\/\/ihedn.fr\/en\/wp-json\/wp\/v2\/media\/51732"}],"wp:attachment":[{"href":"https:\/\/ihedn.fr\/en\/wp-json\/wp\/v2\/media?parent=51730"}],"wp:term":[{"taxonomy":"category","embeddable":true,"href":"https:\/\/ihedn.fr\/en\/wp-json\/wp\/v2\/categories?post=51730"},{"taxonomy":"post_tag","embeddable":true,"href":"https:\/\/ihedn.fr\/en\/wp-json\/wp\/v2\/tags?post=51730"}],"curies":[{"name":"wp","href":"https:\/\/api.w.org\/{rel}","templated":true}]}}