{"id":51847,"date":"2024-12-13T10:03:58","date_gmt":"2024-12-13T09:03:58","guid":{"rendered":"https:\/\/ihedn.fr\/?p=51847"},"modified":"2024-12-13T10:08:46","modified_gmt":"2024-12-13T09:08:46","slug":"a-pen-hir-hommage-solennel-aux-resistants-bretons-des-forces-francaises-libres","status":"publish","type":"post","link":"https:\/\/ihedn.fr\/en\/notre-actualite\/a-pen-hir-hommage-solennel-aux-resistants-bretons-des-forces-francaises-libres\/","title":{"rendered":"Solemn tribute to the Breton members of the Free French Resistance at Pen-Hir"},"content":{"rendered":"<div data-elementor-type=\"wp-post\" data-elementor-id=\"51847\" class=\"elementor elementor-51847\" data-elementor-post-type=\"post\">\n\t\t\t\t<div data-particle_enable=\"false\" data-particle-mobile-disabled=\"false\" class=\"elementor-element elementor-element-230dc34 e-flex e-con-boxed e-con e-parent\" data-id=\"230dc34\" data-element_type=\"container\" data-e-type=\"container\">\n\t\t\t\t\t<div class=\"e-con-inner\">\n\t\t\t\t<div class=\"elementor-element elementor-element-e5963ae elementor-widget elementor-widget-text-editor\" data-id=\"e5963ae\" data-element_type=\"widget\" data-e-type=\"widget\" data-widget_type=\"text-editor.default\">\n\t\t\t\t<div class=\"elementor-widget-container\">\n\t\t\t\t\t\t\t\t\t<p>The ceremony was held at dusk, at the foot of the monument dedicated to the Bretons of Free France, on the Pointe de Pen-Hir. In the presence of the mayor of Camaret-sur-Mer, students from the \"Maritime Issues and Strategies\" major and their supervisors paid their respects at this memorial site. The occasion was marked by the reading of a <a href=\"https:\/\/ihedn.fr\/wp-content\/uploads\/2024\/12\/General-Delion-Ceremonie-de-Pen-Hir.pdf\">letter<\/a> (2S) Michel Delion, Director General of the Mission Lib\u00e9ration, and an introductory speech by Vice-Admiral (2S) Franck Baduel, Head of the Major.<\/p><p>At the end of the ceremony, Admiral (2S) Alain Oudot de Dainville, tutor to the major, and Vice-Admiral Baduel, accompanied by the mayor of Camaret and Caroline Campodarve-Puente, first deputy mayor of Rochefort and departmental councillor for Charente-Maritime, laid two wreaths at the foot of the monument in tribute to the two Breton Resistance fighters. The gathering concluded with an a cappella rendition of the Marseillaise, in a solemn and contemplative atmosphere. Through this tribute, the IHEDN and the elected representatives present affirmed the need to pass on to future generations the memory of the Resistance fighters who fought for freedom.<\/p>\t\t\t\t\t\t\t\t<\/div>\n\t\t\t\t<\/div>\n\t\t\t\t\t<\/div>\n\t\t\t\t<\/div>\n\t\t<div data-particle_enable=\"false\" data-particle-mobile-disabled=\"false\" class=\"elementor-element elementor-element-3bbc659 e-flex e-con-boxed e-con e-parent\" data-id=\"3bbc659\" data-element_type=\"container\" data-e-type=\"container\">\n\t\t\t\t\t<div class=\"e-con-inner\">\n\t\t\t\t<div class=\"elementor-element elementor-element-408f387 elementor-widget elementor-widget-gallery\" data-id=\"408f387\" data-element_type=\"widget\" data-e-type=\"widget\" data-settings=\"{&quot;gallery_layout&quot;:&quot;masonry&quot;,&quot;columns&quot;:2,&quot;lazyload&quot;:&quot;yes&quot;,&quot;columns_tablet&quot;:2,&quot;columns_mobile&quot;:1,&quot;gap&quot;:{&quot;unit&quot;:&quot;px&quot;,&quot;size&quot;:10,&quot;sizes&quot;:[]},&quot;gap_tablet&quot;:{&quot;unit&quot;:&quot;px&quot;,&quot;size&quot;:10,&quot;sizes&quot;:[]},&quot;gap_mobile&quot;:{&quot;unit&quot;:&quot;px&quot;,&quot;size&quot;:10,&quot;sizes&quot;:[]},&quot;link_to&quot;:&quot;file&quot;,&quot;overlay_background&quot;:&quot;yes&quot;,&quot;content_hover_animation&quot;:&quot;fade-in&quot;}\" data-widget_type=\"gallery.default\">\n\t\t\t\t<div class=\"elementor-widget-container\">\n\t\t\t\t\t\t\t<div class=\"elementor-gallery__container\">\n\t\t\t\t\t\t\t<a class=\"e-gallery-item elementor-gallery-item elementor-animated-content\" href=\"https:\/\/ihedn.fr\/wp-content\/uploads\/2024\/12\/signal-2024-12-06-180838.jpeg\" data-elementor-open-lightbox=\"yes\" data-elementor-lightbox-slideshow=\"408f387\" data-e-action-hash=\"#elementor-action%3Aaction%3Dlightbox%26settings%3DeyJpZCI6NTE4NTEsInVybCI6Imh0dHBzOlwvXC9paGVkbi5mclwvd3AtY29udGVudFwvdXBsb2Fkc1wvMjAyNFwvMTJcL3NpZ25hbC0yMDI0LTEyLTA2LTE4MDgzOC5qcGVnIiwic2xpZGVzaG93IjoiNDA4ZjM4NyJ9\">\n\t\t\t\t\t<div class=\"e-gallery-image elementor-gallery-item__image\" data-thumbnail=\"https:\/\/ihedn.fr\/wp-content\/uploads\/2024\/12\/signal-2024-12-06-180838.jpeg\" data-width=\"1440\" data-height=\"1920\" aria-label=\"\" role=\"img\" ><\/div>\n\t\t\t\t\t\t\t\t\t\t\t<div class=\"elementor-gallery-item__overlay\"><\/div>\n\t\t\t\t\t\t\t\t\t\t\t\t\t\t<\/a>\n\t\t\t\t\t\t\t<a class=\"e-gallery-item elementor-gallery-item elementor-animated-content\" href=\"https:\/\/ihedn.fr\/wp-content\/uploads\/2024\/12\/2.jpg\" data-elementor-open-lightbox=\"yes\" data-elementor-lightbox-slideshow=\"408f387\" data-e-action-hash=\"#elementor-action%3Aaction%3Dlightbox%26settings%3DeyJpZCI6NTE4NDgsInVybCI6Imh0dHBzOlwvXC9paGVkbi5mclwvd3AtY29udGVudFwvdXBsb2Fkc1wvMjAyNFwvMTJcLzIuanBnIiwic2xpZGVzaG93IjoiNDA4ZjM4NyJ9\">\n\t\t\t\t\t<div class=\"e-gallery-image elementor-gallery-item__image\" data-thumbnail=\"https:\/\/ihedn.fr\/wp-content\/uploads\/2024\/12\/2.jpg\" data-width=\"1112\" data-height=\"834\" aria-label=\"\" role=\"img\" ><\/div>\n\t\t\t\t\t\t\t\t\t\t\t<div class=\"elementor-gallery-item__overlay\"><\/div>\n\t\t\t\t\t\t\t\t\t\t\t\t\t\t<\/a>\n\t\t\t\t\t<\/div>\n\t\t\t\t\t<\/div>\n\t\t\t\t<\/div>\n\t\t\t\t\t<\/div>\n\t\t\t\t<\/div>\n\t\t\t\t<\/div>","protected":false},"excerpt":{"rendered":"<p> On Friday 6 December 2024, the Pointe de Pen-Hir in Camaret-sur-Mer hosted an emotional ceremony in tribute to Yves Le H\u00e9naff and L\u00e9on Gauthier, emblematic figures of the Free French Forces. Students from the IHEDN's \"Maritime Issues and Strategies\" major, accompanied by local elected representatives, honoured their memory as part of this commemoration under the \"Mission Lib\u00e9ration\" label, marking the 80th anniversary of the Liberation.<\/p>","protected":false},"author":12,"featured_media":51852,"comment_status":"closed","ping_status":"closed","sticky":false,"template":"","format":"standard","meta":{"footnotes":""},"categories":[172],"tags":[],"class_list":["post-51847","post","type-post","status-publish","format-standard","has-post-thumbnail","hentry","category-notre-actualite"],"yoast_head":"<!-- This site is optimized with the Yoast SEO plugin v27.5 - https:\/\/yoast.com\/product\/yoast-seo-wordpress\/ -->\n<title>\u00c0 Pen-Hir, hommage solennel aux r\u00e9sistants bretons des Forces fran\u00e7aises libres - L&#039;IHEDN : Institut des hautes \u00e9tudes de d\u00e9fense nationale<\/title>\n<meta name=\"description\" content=\"La 240\u1d49 session en r\u00e9gion de l\u2019Institut des hautes \u00e9tudes de d\u00e9fense nationale (IHEDN) s\u2019est ouverte \u00e0 l\u2019h\u00f4tel de ville d\u2019Agen, sous le signe de la r\u00e9flexion strat\u00e9gique et de la souverainet\u00e9.\" \/>\n<meta name=\"robots\" content=\"index, follow, max-snippet:-1, max-image-preview:large, max-video-preview:-1\" \/>\n<link rel=\"canonical\" href=\"https:\/\/ihedn.fr\/en\/notre-actualite\/a-pen-hir-hommage-solennel-aux-resistants-bretons-des-forces-francaises-libres\/\" \/>\n<meta property=\"og:locale\" content=\"en_GB\" \/>\n<meta property=\"og:type\" content=\"article\" \/>\n<meta property=\"og:title\" content=\"\u00c0 Pen-Hir, hommage solennel aux r\u00e9sistants bretons des Forces fran\u00e7aises libres\" \/>\n<meta property=\"og:description\" content=\"Vendredi 6 d\u00e9cembre 2024, la pointe de Pen-Hir, \u00e0 Camaret-sur-Mer, a accueilli une c\u00e9r\u00e9monie empreinte d\u2019\u00e9motion en hommage \u00e0 Yves Le H\u00e9naff et L\u00e9on Gauthier, figures embl\u00e9matiques des Forces fran\u00e7aises libres. Les auditeurs de la majeure \u00ab Enjeux et strat\u00e9gies maritimes \u00bb de l\u2019IHEDN, accompagn\u00e9s d\u2019\u00e9lus locaux, ont honor\u00e9 leur m\u00e9moire dans le cadre de cette comm\u00e9moration labellis\u00e9e \u00ab Mission Lib\u00e9ration \u00bb, marquant le 80e anniversaire de la Lib\u00e9ration.\" \/>\n<meta property=\"og:url\" content=\"https:\/\/ihedn.fr\/en\/notre-actualite\/a-pen-hir-hommage-solennel-aux-resistants-bretons-des-forces-francaises-libres\/\" \/>\n<meta property=\"og:site_name\" content=\"L&#039;IHEDN : Institut des hautes \u00e9tudes de d\u00e9fense nationale\" \/>\n<meta property=\"article:publisher\" content=\"https:\/\/www.facebook.com\/ihedn\/\" \/>\n<meta property=\"article:published_time\" content=\"2024-12-13T09:03:58+00:00\" \/>\n<meta property=\"article:modified_time\" content=\"2024-12-13T09:08:46+00:00\" \/>\n<meta property=\"og:image\" content=\"https:\/\/ihedn.fr\/wp-content\/uploads\/2024\/12\/3-2.png\" \/>\n\t<meta property=\"og:image:width\" content=\"980\" \/>\n\t<meta property=\"og:image:height\" content=\"504\" \/>\n\t<meta property=\"og:image:type\" content=\"image\/png\" \/>\n<meta name=\"author\" content=\"Ad\u00e8le Thoumieux\" \/>\n<meta name=\"twitter:card\" content=\"summary_large_image\" \/>\n<meta name=\"twitter:title\" content=\"\u00c0 Pen-Hir, hommage solennel aux r\u00e9sistants bretons des Forces fran\u00e7aises libres\" \/>\n<meta name=\"twitter:description\" content=\"Vendredi 6 d\u00e9cembre 2024, la pointe de Pen-Hir, \u00e0 Camaret-sur-Mer, a accueilli une c\u00e9r\u00e9monie empreinte d\u2019\u00e9motion en hommage \u00e0 Yves Le H\u00e9naff et L\u00e9on Gauthier, figures embl\u00e9matiques des Forces fran\u00e7aises libres. Les auditeurs de la majeure \u00ab Enjeux et strat\u00e9gies maritimes \u00bb de l\u2019IHEDN, accompagn\u00e9s d\u2019\u00e9lus locaux, ont honor\u00e9 leur m\u00e9moire dans le cadre de cette comm\u00e9moration labellis\u00e9e \u00ab Mission Lib\u00e9ration \u00bb, marquant le 80e anniversaire de la Lib\u00e9ration.\" \/>\n<meta name=\"twitter:image\" content=\"https:\/\/ihedn.fr\/wp-content\/uploads\/2024\/12\/3-2.png\" \/>\n<meta name=\"twitter:creator\" content=\"@IHEDN\" \/>\n<meta name=\"twitter:site\" content=\"@IHEDN\" \/>\n<meta name=\"twitter:label1\" content=\"Written by\" \/>\n\t<meta name=\"twitter:data1\" content=\"Ad\u00e8le Thoumieux\" \/>\n\t<meta name=\"twitter:label2\" content=\"Estimated reading time\" \/>\n\t<meta name=\"twitter:data2\" content=\"1 minute\" \/>\n<script type=\"application\/ld+json\" class=\"yoast-schema-graph\">{\"@context\":\"https:\\\/\\\/schema.org\",\"@graph\":[{\"@type\":\"Article\",\"@id\":\"https:\\\/\\\/ihedn.fr\\\/notre-actualite\\\/a-pen-hir-hommage-solennel-aux-resistants-bretons-des-forces-francaises-libres\\\/#article\",\"isPartOf\":{\"@id\":\"https:\\\/\\\/ihedn.fr\\\/notre-actualite\\\/a-pen-hir-hommage-solennel-aux-resistants-bretons-des-forces-francaises-libres\\\/\"},\"author\":{\"name\":\"Ad\u00e8le Thoumieux\",\"@id\":\"https:\\\/\\\/ihedn.fr\\\/#\\\/schema\\\/person\\\/16d49c2bd0121499ea9b9023ce89826c\"},\"headline\":\"\u00c0 Pen-Hir, hommage solennel aux r\u00e9sistants bretons des Forces fran\u00e7aises libres\",\"datePublished\":\"2024-12-13T09:03:58+00:00\",\"dateModified\":\"2024-12-13T09:08:46+00:00\",\"mainEntityOfPage\":{\"@id\":\"https:\\\/\\\/ihedn.fr\\\/notre-actualite\\\/a-pen-hir-hommage-solennel-aux-resistants-bretons-des-forces-francaises-libres\\\/\"},\"wordCount\":238,\"publisher\":{\"@id\":\"https:\\\/\\\/ihedn.fr\\\/#organization\"},\"image\":{\"@id\":\"https:\\\/\\\/ihedn.fr\\\/notre-actualite\\\/a-pen-hir-hommage-solennel-aux-resistants-bretons-des-forces-francaises-libres\\\/#primaryimage\"},\"thumbnailUrl\":\"https:\\\/\\\/ihedn.fr\\\/wp-content\\\/uploads\\\/2024\\\/12\\\/3-2.png\",\"articleSection\":[\"Notre actualit\u00e9\"],\"inLanguage\":\"en-GB\"},{\"@type\":\"WebPage\",\"@id\":\"https:\\\/\\\/ihedn.fr\\\/notre-actualite\\\/a-pen-hir-hommage-solennel-aux-resistants-bretons-des-forces-francaises-libres\\\/\",\"url\":\"https:\\\/\\\/ihedn.fr\\\/notre-actualite\\\/a-pen-hir-hommage-solennel-aux-resistants-bretons-des-forces-francaises-libres\\\/\",\"name\":\"\u00c0 Pen-Hir, hommage solennel aux r\u00e9sistants bretons des Forces fran\u00e7aises libres - L&#039;IHEDN : Institut des hautes \u00e9tudes de d\u00e9fense nationale\",\"isPartOf\":{\"@id\":\"https:\\\/\\\/ihedn.fr\\\/#website\"},\"primaryImageOfPage\":{\"@id\":\"https:\\\/\\\/ihedn.fr\\\/notre-actualite\\\/a-pen-hir-hommage-solennel-aux-resistants-bretons-des-forces-francaises-libres\\\/#primaryimage\"},\"image\":{\"@id\":\"https:\\\/\\\/ihedn.fr\\\/notre-actualite\\\/a-pen-hir-hommage-solennel-aux-resistants-bretons-des-forces-francaises-libres\\\/#primaryimage\"},\"thumbnailUrl\":\"https:\\\/\\\/ihedn.fr\\\/wp-content\\\/uploads\\\/2024\\\/12\\\/3-2.png\",\"datePublished\":\"2024-12-13T09:03:58+00:00\",\"dateModified\":\"2024-12-13T09:08:46+00:00\",\"description\":\"La 240\u1d49 session en r\u00e9gion de l\u2019Institut des hautes \u00e9tudes de d\u00e9fense nationale (IHEDN) s\u2019est ouverte \u00e0 l\u2019h\u00f4tel de ville d\u2019Agen, sous le signe de la r\u00e9flexion strat\u00e9gique et de la souverainet\u00e9.\",\"breadcrumb\":{\"@id\":\"https:\\\/\\\/ihedn.fr\\\/notre-actualite\\\/a-pen-hir-hommage-solennel-aux-resistants-bretons-des-forces-francaises-libres\\\/#breadcrumb\"},\"inLanguage\":\"en-GB\",\"potentialAction\":[{\"@type\":\"ReadAction\",\"target\":[\"https:\\\/\\\/ihedn.fr\\\/notre-actualite\\\/a-pen-hir-hommage-solennel-aux-resistants-bretons-des-forces-francaises-libres\\\/\"]}]},{\"@type\":\"ImageObject\",\"inLanguage\":\"en-GB\",\"@id\":\"https:\\\/\\\/ihedn.fr\\\/notre-actualite\\\/a-pen-hir-hommage-solennel-aux-resistants-bretons-des-forces-francaises-libres\\\/#primaryimage\",\"url\":\"https:\\\/\\\/ihedn.fr\\\/wp-content\\\/uploads\\\/2024\\\/12\\\/3-2.png\",\"contentUrl\":\"https:\\\/\\\/ihedn.fr\\\/wp-content\\\/uploads\\\/2024\\\/12\\\/3-2.png\",\"width\":980,\"height\":504},{\"@type\":\"BreadcrumbList\",\"@id\":\"https:\\\/\\\/ihedn.fr\\\/notre-actualite\\\/a-pen-hir-hommage-solennel-aux-resistants-bretons-des-forces-francaises-libres\\\/#breadcrumb\",\"itemListElement\":[{\"@type\":\"ListItem\",\"position\":1,\"name\":\"Accueil\",\"item\":\"https:\\\/\\\/ihedn.fr\\\/\"},{\"@type\":\"ListItem\",\"position\":2,\"name\":\"\u00c0 Pen-Hir, hommage solennel aux r\u00e9sistants bretons des Forces fran\u00e7aises libres\"}]},{\"@type\":\"WebSite\",\"@id\":\"https:\\\/\\\/ihedn.fr\\\/#website\",\"url\":\"https:\\\/\\\/ihedn.fr\\\/\",\"name\":\"IHEDN : Institut des hautes \u00e9tudes de d\u00e9fense nationale |\",\"description\":\"Site officiel de l&#039;IHEDN plac\u00e9 sous la tutelle du Premier ministre.\",\"publisher\":{\"@id\":\"https:\\\/\\\/ihedn.fr\\\/#organization\"},\"potentialAction\":[{\"@type\":\"SearchAction\",\"target\":{\"@type\":\"EntryPoint\",\"urlTemplate\":\"https:\\\/\\\/ihedn.fr\\\/?s={search_term_string}\"},\"query-input\":{\"@type\":\"PropertyValueSpecification\",\"valueRequired\":true,\"valueName\":\"search_term_string\"}}],\"inLanguage\":\"en-GB\"},{\"@type\":\"Organization\",\"@id\":\"https:\\\/\\\/ihedn.fr\\\/#organization\",\"name\":\"IHEDN - Institut des Hautes Etudes de D\u00e9fense Nationale\",\"url\":\"https:\\\/\\\/ihedn.fr\\\/\",\"logo\":{\"@type\":\"ImageObject\",\"inLanguage\":\"en-GB\",\"@id\":\"https:\\\/\\\/ihedn.fr\\\/#\\\/schema\\\/logo\\\/image\\\/\",\"url\":\"https:\\\/\\\/ihedn.fr\\\/wp-content\\\/uploads\\\/2020\\\/11\\\/BLOC_RF_IHEDN_WEB.png\",\"contentUrl\":\"https:\\\/\\\/ihedn.fr\\\/wp-content\\\/uploads\\\/2020\\\/11\\\/BLOC_RF_IHEDN_WEB.png\",\"width\":500,\"height\":237,\"caption\":\"IHEDN - Institut des Hautes Etudes de D\u00e9fense Nationale\"},\"image\":{\"@id\":\"https:\\\/\\\/ihedn.fr\\\/#\\\/schema\\\/logo\\\/image\\\/\"},\"sameAs\":[\"https:\\\/\\\/www.facebook.com\\\/ihedn\\\/\",\"https:\\\/\\\/x.com\\\/IHEDN\",\"https:\\\/\\\/www.instagram.com\\\/ihedn\\\/\",\"https:\\\/\\\/www.linkedin.com\\\/school\\\/ihedn\\\/\",\"https:\\\/\\\/fr.wikipedia.org\\\/wiki\\\/Institut_des_hautes_\u00e9tudes_de_D\u00e9fense_nationale\"]},{\"@type\":\"Person\",\"@id\":\"https:\\\/\\\/ihedn.fr\\\/#\\\/schema\\\/person\\\/16d49c2bd0121499ea9b9023ce89826c\",\"name\":\"Ad\u00e8le Thoumieux\",\"image\":{\"@type\":\"ImageObject\",\"inLanguage\":\"en-GB\",\"@id\":\"https:\\\/\\\/secure.gravatar.com\\\/avatar\\\/64fc58d14679bdd185946349bcb229b06e37d30d6290c2bec15f1daa8f8e0ece?s=96&d=mm&r=g\",\"url\":\"https:\\\/\\\/secure.gravatar.com\\\/avatar\\\/64fc58d14679bdd185946349bcb229b06e37d30d6290c2bec15f1daa8f8e0ece?s=96&d=mm&r=g\",\"contentUrl\":\"https:\\\/\\\/secure.gravatar.com\\\/avatar\\\/64fc58d14679bdd185946349bcb229b06e37d30d6290c2bec15f1daa8f8e0ece?s=96&d=mm&r=g\",\"caption\":\"Ad\u00e8le Thoumieux\"},\"sameAs\":[\"http:\\\/\\\/ihedn.fr\"],\"url\":\"https:\\\/\\\/ihedn.fr\\\/en\\\/author\\\/thoumieux\\\/\"}]}<\/script>\n<!-- \/ Yoast SEO plugin. -->","yoast_head_json":{"title":"At Pen-Hir, solemn tribute to the Breton resistance fighters of the Free French Forces - L'IHEDN : Institut des hautes \u00e9tudes de d\u00e9fense nationale (in French)","description":"The 240\u1d49 regional session of the Institut des hautes \u00e9tudes de d\u00e9fense nationale (IHEDN) opened at Agen town hall, under the banner of strategic thinking and sovereignty.","robots":{"index":"index","follow":"follow","max-snippet":"max-snippet:-1","max-image-preview":"max-image-preview:large","max-video-preview":"max-video-preview:-1"},"canonical":"https:\/\/ihedn.fr\/en\/notre-actualite\/a-pen-hir-hommage-solennel-aux-resistants-bretons-des-forces-francaises-libres\/","og_locale":"en_GB","og_type":"article","og_title":"\u00c0 Pen-Hir, hommage solennel aux r\u00e9sistants bretons des Forces fran\u00e7aises libres","og_description":"Vendredi 6 d\u00e9cembre 2024, la pointe de Pen-Hir, \u00e0 Camaret-sur-Mer, a accueilli une c\u00e9r\u00e9monie empreinte d\u2019\u00e9motion en hommage \u00e0 Yves Le H\u00e9naff et L\u00e9on Gauthier, figures embl\u00e9matiques des Forces fran\u00e7aises libres. Les auditeurs de la majeure \u00ab Enjeux et strat\u00e9gies maritimes \u00bb de l\u2019IHEDN, accompagn\u00e9s d\u2019\u00e9lus locaux, ont honor\u00e9 leur m\u00e9moire dans le cadre de cette comm\u00e9moration labellis\u00e9e \u00ab Mission Lib\u00e9ration \u00bb, marquant le 80e anniversaire de la Lib\u00e9ration.","og_url":"https:\/\/ihedn.fr\/en\/notre-actualite\/a-pen-hir-hommage-solennel-aux-resistants-bretons-des-forces-francaises-libres\/","og_site_name":"L&#039;IHEDN : Institut des hautes \u00e9tudes de d\u00e9fense nationale","article_publisher":"https:\/\/www.facebook.com\/ihedn\/","article_published_time":"2024-12-13T09:03:58+00:00","article_modified_time":"2024-12-13T09:08:46+00:00","og_image":[{"width":980,"height":504,"url":"https:\/\/ihedn.fr\/wp-content\/uploads\/2024\/12\/3-2.png","type":"image\/png"}],"author":"Ad\u00e8le Thoumieux","twitter_card":"summary_large_image","twitter_title":"\u00c0 Pen-Hir, hommage solennel aux r\u00e9sistants bretons des Forces fran\u00e7aises libres","twitter_description":"Vendredi 6 d\u00e9cembre 2024, la pointe de Pen-Hir, \u00e0 Camaret-sur-Mer, a accueilli une c\u00e9r\u00e9monie empreinte d\u2019\u00e9motion en hommage \u00e0 Yves Le H\u00e9naff et L\u00e9on Gauthier, figures embl\u00e9matiques des Forces fran\u00e7aises libres. Les auditeurs de la majeure \u00ab Enjeux et strat\u00e9gies maritimes \u00bb de l\u2019IHEDN, accompagn\u00e9s d\u2019\u00e9lus locaux, ont honor\u00e9 leur m\u00e9moire dans le cadre de cette comm\u00e9moration labellis\u00e9e \u00ab Mission Lib\u00e9ration \u00bb, marquant le 80e anniversaire de la Lib\u00e9ration.","twitter_image":"https:\/\/ihedn.fr\/wp-content\/uploads\/2024\/12\/3-2.png","twitter_creator":"@IHEDN","twitter_site":"@IHEDN","twitter_misc":{"Written by":"Ad\u00e8le Thoumieux","Estimated reading time":"1 minute"},"schema":{"@context":"https:\/\/schema.org","@graph":[{"@type":"Article","@id":"https:\/\/ihedn.fr\/notre-actualite\/a-pen-hir-hommage-solennel-aux-resistants-bretons-des-forces-francaises-libres\/#article","isPartOf":{"@id":"https:\/\/ihedn.fr\/notre-actualite\/a-pen-hir-hommage-solennel-aux-resistants-bretons-des-forces-francaises-libres\/"},"author":{"name":"Ad\u00e8le Thoumieux","@id":"https:\/\/ihedn.fr\/#\/schema\/person\/16d49c2bd0121499ea9b9023ce89826c"},"headline":"\u00c0 Pen-Hir, hommage solennel aux r\u00e9sistants bretons des Forces fran\u00e7aises libres","datePublished":"2024-12-13T09:03:58+00:00","dateModified":"2024-12-13T09:08:46+00:00","mainEntityOfPage":{"@id":"https:\/\/ihedn.fr\/notre-actualite\/a-pen-hir-hommage-solennel-aux-resistants-bretons-des-forces-francaises-libres\/"},"wordCount":238,"publisher":{"@id":"https:\/\/ihedn.fr\/#organization"},"image":{"@id":"https:\/\/ihedn.fr\/notre-actualite\/a-pen-hir-hommage-solennel-aux-resistants-bretons-des-forces-francaises-libres\/#primaryimage"},"thumbnailUrl":"https:\/\/ihedn.fr\/wp-content\/uploads\/2024\/12\/3-2.png","articleSection":["Notre actualit\u00e9"],"inLanguage":"en-GB"},{"@type":"WebPage","@id":"https:\/\/ihedn.fr\/notre-actualite\/a-pen-hir-hommage-solennel-aux-resistants-bretons-des-forces-francaises-libres\/","url":"https:\/\/ihedn.fr\/notre-actualite\/a-pen-hir-hommage-solennel-aux-resistants-bretons-des-forces-francaises-libres\/","name":"At Pen-Hir, solemn tribute to the Breton resistance fighters of the Free French Forces - L'IHEDN : Institut des hautes \u00e9tudes de d\u00e9fense nationale (in French)","isPartOf":{"@id":"https:\/\/ihedn.fr\/#website"},"primaryImageOfPage":{"@id":"https:\/\/ihedn.fr\/notre-actualite\/a-pen-hir-hommage-solennel-aux-resistants-bretons-des-forces-francaises-libres\/#primaryimage"},"image":{"@id":"https:\/\/ihedn.fr\/notre-actualite\/a-pen-hir-hommage-solennel-aux-resistants-bretons-des-forces-francaises-libres\/#primaryimage"},"thumbnailUrl":"https:\/\/ihedn.fr\/wp-content\/uploads\/2024\/12\/3-2.png","datePublished":"2024-12-13T09:03:58+00:00","dateModified":"2024-12-13T09:08:46+00:00","description":"The 240\u1d49 regional session of the Institut des hautes \u00e9tudes de d\u00e9fense nationale (IHEDN) opened at Agen town hall, under the banner of strategic thinking and sovereignty.","breadcrumb":{"@id":"https:\/\/ihedn.fr\/notre-actualite\/a-pen-hir-hommage-solennel-aux-resistants-bretons-des-forces-francaises-libres\/#breadcrumb"},"inLanguage":"en-GB","potentialAction":[{"@type":"ReadAction","target":["https:\/\/ihedn.fr\/notre-actualite\/a-pen-hir-hommage-solennel-aux-resistants-bretons-des-forces-francaises-libres\/"]}]},{"@type":"ImageObject","inLanguage":"en-GB","@id":"https:\/\/ihedn.fr\/notre-actualite\/a-pen-hir-hommage-solennel-aux-resistants-bretons-des-forces-francaises-libres\/#primaryimage","url":"https:\/\/ihedn.fr\/wp-content\/uploads\/2024\/12\/3-2.png","contentUrl":"https:\/\/ihedn.fr\/wp-content\/uploads\/2024\/12\/3-2.png","width":980,"height":504},{"@type":"BreadcrumbList","@id":"https:\/\/ihedn.fr\/notre-actualite\/a-pen-hir-hommage-solennel-aux-resistants-bretons-des-forces-francaises-libres\/#breadcrumb","itemListElement":[{"@type":"ListItem","position":1,"name":"Accueil","item":"https:\/\/ihedn.fr\/"},{"@type":"ListItem","position":2,"name":"\u00c0 Pen-Hir, hommage solennel aux r\u00e9sistants bretons des Forces fran\u00e7aises libres"}]},{"@type":"WebSite","@id":"https:\/\/ihedn.fr\/#website","url":"https:\/\/ihedn.fr\/","name":"IHEDN: Institut des hautes \u00e9tudes de d\u00e9fense nationale (Institute for Higher National Defence Studies)","description":"Official website of the IHEDN under the supervision of the Prime Minister.","publisher":{"@id":"https:\/\/ihedn.fr\/#organization"},"potentialAction":[{"@type":"SearchAction","target":{"@type":"EntryPoint","urlTemplate":"https:\/\/ihedn.fr\/?s={search_term_string}"},"query-input":{"@type":"PropertyValueSpecification","valueRequired":true,"valueName":"search_term_string"}}],"inLanguage":"en-GB"},{"@type":"Organization","@id":"https:\/\/ihedn.fr\/#organization","name":"IHEDN - Institute for Higher National Defence Studies","url":"https:\/\/ihedn.fr\/","logo":{"@type":"ImageObject","inLanguage":"en-GB","@id":"https:\/\/ihedn.fr\/#\/schema\/logo\/image\/","url":"https:\/\/ihedn.fr\/wp-content\/uploads\/2020\/11\/BLOC_RF_IHEDN_WEB.png","contentUrl":"https:\/\/ihedn.fr\/wp-content\/uploads\/2020\/11\/BLOC_RF_IHEDN_WEB.png","width":500,"height":237,"caption":"IHEDN - Institut des Hautes Etudes de D\u00e9fense Nationale"},"image":{"@id":"https:\/\/ihedn.fr\/#\/schema\/logo\/image\/"},"sameAs":["https:\/\/www.facebook.com\/ihedn\/","https:\/\/x.com\/IHEDN","https:\/\/www.instagram.com\/ihedn\/","https:\/\/www.linkedin.com\/school\/ihedn\/","https:\/\/fr.wikipedia.org\/wiki\/Institut_des_hautes_\u00e9tudes_de_D\u00e9fense_nationale"]},{"@type":"Person","@id":"https:\/\/ihedn.fr\/#\/schema\/person\/16d49c2bd0121499ea9b9023ce89826c","name":"Ad\u00e8le Thoumieux","image":{"@type":"ImageObject","inLanguage":"en-GB","@id":"https:\/\/secure.gravatar.com\/avatar\/64fc58d14679bdd185946349bcb229b06e37d30d6290c2bec15f1daa8f8e0ece?s=96&d=mm&r=g","url":"https:\/\/secure.gravatar.com\/avatar\/64fc58d14679bdd185946349bcb229b06e37d30d6290c2bec15f1daa8f8e0ece?s=96&d=mm&r=g","contentUrl":"https:\/\/secure.gravatar.com\/avatar\/64fc58d14679bdd185946349bcb229b06e37d30d6290c2bec15f1daa8f8e0ece?s=96&d=mm&r=g","caption":"Ad\u00e8le Thoumieux"},"sameAs":["http:\/\/ihedn.fr"],"url":"https:\/\/ihedn.fr\/en\/author\/thoumieux\/"}]}},"publishpress_future_action":{"enabled":false,"date":"2026-05-08 22:04:00","action":"change-status","newStatus":"draft","terms":[],"taxonomy":"category","extraData":[]},"publishpress_future_workflow_manual_trigger":{"enabledWorkflows":[]},"_links":{"self":[{"href":"https:\/\/ihedn.fr\/en\/wp-json\/wp\/v2\/posts\/51847","targetHints":{"allow":["GET"]}}],"collection":[{"href":"https:\/\/ihedn.fr\/en\/wp-json\/wp\/v2\/posts"}],"about":[{"href":"https:\/\/ihedn.fr\/en\/wp-json\/wp\/v2\/types\/post"}],"author":[{"embeddable":true,"href":"https:\/\/ihedn.fr\/en\/wp-json\/wp\/v2\/users\/12"}],"replies":[{"embeddable":true,"href":"https:\/\/ihedn.fr\/en\/wp-json\/wp\/v2\/comments?post=51847"}],"version-history":[{"count":9,"href":"https:\/\/ihedn.fr\/en\/wp-json\/wp\/v2\/posts\/51847\/revisions"}],"predecessor-version":[{"id":51862,"href":"https:\/\/ihedn.fr\/en\/wp-json\/wp\/v2\/posts\/51847\/revisions\/51862"}],"wp:featuredmedia":[{"embeddable":true,"href":"https:\/\/ihedn.fr\/en\/wp-json\/wp\/v2\/media\/51852"}],"wp:attachment":[{"href":"https:\/\/ihedn.fr\/en\/wp-json\/wp\/v2\/media?parent=51847"}],"wp:term":[{"taxonomy":"category","embeddable":true,"href":"https:\/\/ihedn.fr\/en\/wp-json\/wp\/v2\/categories?post=51847"},{"taxonomy":"post_tag","embeddable":true,"href":"https:\/\/ihedn.fr\/en\/wp-json\/wp\/v2\/tags?post=51847"}],"curies":[{"name":"wp","href":"https:\/\/api.w.org\/{rel}","templated":true}]}}