{"id":51867,"date":"2024-12-16T16:49:40","date_gmt":"2024-12-16T15:49:40","guid":{"rendered":"https:\/\/ihedn.fr\/?p=51867"},"modified":"2025-09-03T15:24:11","modified_gmt":"2025-09-03T14:24:11","slug":"lepopee-du-rafale-lavion-de-combat-supreme","status":"publish","type":"post","link":"https:\/\/ihedn.fr\/en\/notre-selection\/lepopee-du-rafale-lavion-de-combat-supreme\/","title":{"rendered":"The saga of the Rafale, the ultimate fighter jet"},"content":{"rendered":"<div data-elementor-type=\"wp-post\" data-elementor-id=\"51867\" class=\"elementor elementor-51867\" data-elementor-post-type=\"post\">\n\t\t\t\t<div data-particle_enable=\"false\" data-particle-mobile-disabled=\"false\" class=\"elementor-element elementor-element-230dc34 e-flex e-con-boxed e-con e-parent\" data-id=\"230dc34\" data-element_type=\"container\" data-e-type=\"container\">\n\t\t\t\t\t<div class=\"e-con-inner\">\n\t\t\t\t<div class=\"elementor-element elementor-element-e5963ae elementor-widget elementor-widget-text-editor\" data-id=\"e5963ae\" data-element_type=\"widget\" data-e-type=\"widget\" data-widget_type=\"text-editor.default\">\n\t\t\t\t<div class=\"elementor-widget-container\">\n\t\t\t\t\t\t\t\t\t<p style=\"text-align: left;\">In 2024, the Rafale will have everyone in agreement. This aircraft can do it all - it's \"omni-role\", as its designer, Dassault Aviation, calls it. Its pilots and mechanics in the French Navy and Air Force love it, as do those of five foreign armies, and soon three more. Airmen from other air forces also admire it.<\/p><p style=\"text-align: left;\">However, when its design began in 1983, France's European allies, sceptical or uninterested by its stated ambitions, left it alone to jointly develop another aircraft. It has to be said that the Rafale was designed to carry out the missions previously carried out by... seven different aircraft.<\/p><p style=\"text-align: left;\">This was the brief given by the French generals, armaments engineers and government to industrialist Marcel Dassault: To design a twin-engine supersonic aircraft for use by the French Air Force and the French Navy's naval air arm, capable of air defence, air superiority and air policing; reconnaissance; nuclear deterrence; precision air-to-ground strikes and interdiction missions; close air support; anti-ship warfare; and fighter-to-fighter in-flight refuelling. All with the ability to take off from and land on an aircraft carrier, of course.<\/p>\t\t\t\t\t\t\t\t<\/div>\n\t\t\t\t<\/div>\n\t\t\t\t\t<\/div>\n\t\t\t\t<\/div>\n\t\t<div data-particle_enable=\"false\" data-particle-mobile-disabled=\"false\" class=\"elementor-element elementor-element-7bf256b e-con-full e-flex e-con e-parent\" data-id=\"7bf256b\" data-element_type=\"container\" data-e-type=\"container\">\n\t\t\t\t<div class=\"elementor-element elementor-element-618c98c elementor-widget elementor-widget-heading\" data-id=\"618c98c\" data-element_type=\"widget\" data-e-type=\"widget\" data-widget_type=\"heading.default\">\n\t\t\t\t<div class=\"elementor-widget-container\">\n\t\t\t\t\t<h2 class=\"elementor-heading-title elementor-size-default\">BEFORE THE RAFALE, SEVEN AIRCRAFT CARRIED OUT THE SAME MISSIONS<\/h2>\t\t\t\t<\/div>\n\t\t\t\t<\/div>\n\t\t\t\t<div class=\"elementor-element elementor-element-cbc595a elementor-widget-divider--view-line elementor-widget elementor-widget-divider\" data-id=\"cbc595a\" data-element_type=\"widget\" data-e-type=\"widget\" data-widget_type=\"divider.default\">\n\t\t\t\t<div class=\"elementor-widget-container\">\n\t\t\t\t\t\t\t<div class=\"elementor-divider\">\n\t\t\t<span class=\"elementor-divider-separator\">\n\t\t\t\t\t\t<\/span>\n\t\t<\/div>\n\t\t\t\t\t\t<\/div>\n\t\t\t\t<\/div>\n\t\t<div data-particle_enable=\"false\" data-particle-mobile-disabled=\"false\" class=\"elementor-element elementor-element-916e219 e-con-full e-flex e-con e-child\" data-id=\"916e219\" data-element_type=\"container\" data-e-type=\"container\">\n\t\t\t\t<div class=\"elementor-element elementor-element-ac5323e elementor-widget__width-initial elementor-widget elementor-widget-text-editor\" data-id=\"ac5323e\" data-element_type=\"widget\" data-e-type=\"widget\" data-widget_type=\"text-editor.default\">\n\t\t\t\t<div class=\"elementor-widget-container\">\n\t\t\t\t\t\t\t\t\t<p style=\"text-align: left;\">In the early 1980s, all these missions were assigned by the French armed forces to several aircraft: Jaguar, F-8 Crusader, Mirage F1, Mirage 2000, Mirage IV, \u00c9tendard IV and Super-\u00c9tendard. \"Other countries weren't interested in the aircraft carrier and ASMP dimensions,\" recalls mechanical engineer Fran\u00e7ois Lemainque, who joined Dassault Aviation's pre-project design office in early 1983. In March of that year, the ACX programme (the future Rafale) got under way, and the ASMP (\"air-ground medium-range\") was a central aspect of it, this cruise missile being one of the vectors of the nuclear weapon, and therefore of the French policy of deterrence.<\/p><p style=\"text-align: left;\">Hence the \"schism\" with the UK, Germany, Spain and Italy, who will jointly develop the Eurofighter Typhoon. To the uninitiated, the Eurofighter Typhoon looks a lot like the Rafale, with its delta wings and canard planes (mobile ailerons under the cockpit). \"They are in fact very different,\" explains Fran\u00e7ois Lemainque, who retired in 2020 after a full career with Dassault. \"The Typhoon is very good at interception, air combat and air superiority. But this aircraft does not perform well in reconnaissance and cannot fire cruise missiles, for example.<\/p><p style=\"text-align: left;\">A truly \"multirole\" aircraft, the Rafale excels \"in all its missions\", sums up the engineer who worked on its design: \"Air-to-air, air-to-ground, reconnaissance, ground attack, cruise missile firing, ASMP firing...\". More importantly, \"it is capable of changing roles during the same flight\", adds Fran\u00e7ois Lemainque, who worked specifically on the \"airframe\" (geometry, weight, fuel, landing gear, aerodynamics, payload).<\/p>\t\t\t\t\t\t\t\t<\/div>\n\t\t\t\t<\/div>\n\t\t\t\t<\/div>\n\t\t\t\t<\/div>\n\t\t<div data-particle_enable=\"false\" data-particle-mobile-disabled=\"false\" class=\"elementor-element elementor-element-0428281 e-flex e-con-boxed e-con e-parent\" data-id=\"0428281\" data-element_type=\"container\" data-e-type=\"container\">\n\t\t\t\t\t<div class=\"e-con-inner\">\n\t\t\t\t<div class=\"elementor-element elementor-element-c7a474b elementor-widget elementor-widget-heading\" data-id=\"c7a474b\" data-element_type=\"widget\" data-e-type=\"widget\" data-widget_type=\"heading.default\">\n\t\t\t\t<div class=\"elementor-widget-container\">\n\t\t\t\t\t<h2 class=\"elementor-heading-title elementor-size-default\">THE THREE VERSIONS SHARE UP TO 85% OF THEIR PARTS<\/h2>\t\t\t\t<\/div>\n\t\t\t\t<\/div>\n\t\t\t\t<div class=\"elementor-element elementor-element-bc2066b elementor-widget-divider--view-line elementor-widget elementor-widget-divider\" data-id=\"bc2066b\" data-element_type=\"widget\" data-e-type=\"widget\" data-widget_type=\"divider.default\">\n\t\t\t\t<div class=\"elementor-widget-container\">\n\t\t\t\t\t\t\t<div class=\"elementor-divider\">\n\t\t\t<span class=\"elementor-divider-separator\">\n\t\t\t\t\t\t<\/span>\n\t\t<\/div>\n\t\t\t\t\t\t<\/div>\n\t\t\t\t<\/div>\n\t\t\t\t\t<\/div>\n\t\t\t\t<\/div>\n\t\t<div data-particle_enable=\"false\" data-particle-mobile-disabled=\"false\" class=\"elementor-element elementor-element-4d60d92 e-flex e-con-boxed e-con e-parent\" data-id=\"4d60d92\" data-element_type=\"container\" data-e-type=\"container\">\n\t\t\t\t\t<div class=\"e-con-inner\">\n\t\t\t\t<div class=\"elementor-element elementor-element-c4ae608 elementor-widget elementor-widget-text-editor\" data-id=\"c4ae608\" data-element_type=\"widget\" data-e-type=\"widget\" data-widget_type=\"text-editor.default\">\n\t\t\t\t<div class=\"elementor-widget-container\">\n\t\t\t\t\t\t\t\t\t<p style=\"text-align: left;\">Another advantage of the Rafale is its compactness. \"At the time, at the Direction G\u00e9n\u00e9rale de l'Armement and at Dassault, we had this saying: an aircraft is sold by weight\", recalls the engineer. Before his death in 1986, Marcel Dassault asked his teams to slim down the aircraft, which went from 10 tonnes for the Rafale A to 9 tonnes (empty), and lost 80 centimetres.<\/p><p style=\"text-align: left;\">From the outset, the three versions of the Rafale (single-seater, two-seater and naval) have shared the same proportions. Here again, Fran\u00e7ois Lemainque lists a number of advantages: \"The same centre of gravity, the same aerodynamics, the same flight controls, and therefore the same standards over the years.<\/p><p style=\"text-align: left;\">The three versions share 80 to 85% of their parts, compared with 60 to 65% for competing aircraft. \"The logistics package is much simpler and lighter to put together,\" sums up the engineer. A single A400M jumbo jet is enough to transport the equipment, compared with the three or four needed for other aircraft. The mechanics appreciate the very rapid engine changeover, and those on the Charles-de-Gaulle aircraft carrier that this operation is carried out vertically, which saves 5 to 6 metres of space behind the aircraft.<\/p>\t\t\t\t\t\t\t\t<\/div>\n\t\t\t\t<\/div>\n\t\t\t\t<div class=\"elementor-element elementor-element-0274892 elementor-widget elementor-widget-image\" data-id=\"0274892\" data-element_type=\"widget\" data-e-type=\"widget\" data-widget_type=\"image.default\">\n\t\t\t\t<div class=\"elementor-widget-container\">\n\t\t\t\t\t\t\t\t\t\t\t\t<figure class=\"wp-caption\">\n\t\t\t\t\t\t\t\t\t\t<img fetchpriority=\"high\" decoding=\"async\" width=\"1920\" height=\"1280\" src=\"https:\/\/ihedn.fr\/wp-content\/uploads\/2024\/12\/2021_MBST_069_G_062_025.jpg\" class=\"attachment-full size-full wp-image-51870\" alt=\"Deux Rafale Marine. \u00a9 Marine nationale\" srcset=\"https:\/\/ihedn.fr\/wp-content\/uploads\/2024\/12\/2021_MBST_069_G_062_025.jpg 1920w, https:\/\/ihedn.fr\/wp-content\/uploads\/2024\/12\/2021_MBST_069_G_062_025-1536x1024.jpg 1536w, https:\/\/ihedn.fr\/wp-content\/uploads\/2024\/12\/2021_MBST_069_G_062_025-18x12.jpg 18w\" sizes=\"(max-width: 1920px) 100vw, 1920px\" \/>\t\t\t\t\t\t\t\t\t\t\t<figcaption class=\"widget-image-caption wp-caption-text\">Two Marine Rafales \u00a9 Marine nationale<\/figcaption>\n\t\t\t\t\t\t\t\t\t\t<\/figure>\n\t\t\t\t\t\t\t\t\t<\/div>\n\t\t\t\t<\/div>\n\t\t\t\t<div class=\"elementor-element elementor-element-19251c7 elementor-widget elementor-widget-text-editor\" data-id=\"19251c7\" data-element_type=\"widget\" data-e-type=\"widget\" data-widget_type=\"text-editor.default\">\n\t\t\t\t<div class=\"elementor-widget-container\">\n\t\t\t\t\t\t\t\t\t<p style=\"text-align: left;\">Only three and a half years after the start of the programme, the first test flight took place in July 1986. \"Our Proto design office was designed to produce an aircraft every 1 to 1 \u00bd years,\" recalls Fran\u00e7ois Lemainque:<\/p>\t\t\t\t\t\t\t\t<\/div>\n\t\t\t\t<\/div>\n\t\t\t\t<div class=\"elementor-element elementor-element-3631b11 elementor-widget elementor-widget-text-editor\" data-id=\"3631b11\" data-element_type=\"widget\" data-e-type=\"widget\" data-widget_type=\"text-editor.default\">\n\t\t\t\t<div class=\"elementor-widget-container\">\n\t\t\t\t\t\t\t\t\t<p style=\"text-align: left;\">\"There were 150 of us, including a few gifted people who had experienced everything since the Mirage III\", a 1950s aircraft that was the first European to exceed Mach 2 speed. They had just finished the Mirage 4000, so they kept up their pace. These people were capable of designing an aircraft in their sleep.<\/p>\t\t\t\t\t\t\t\t<\/div>\n\t\t\t\t<\/div>\n\t\t\t\t<div class=\"elementor-element elementor-element-3303c62 elementor-widget elementor-widget-text-editor\" data-id=\"3303c62\" data-element_type=\"widget\" data-e-type=\"widget\" data-widget_type=\"text-editor.default\">\n\t\t\t\t<div class=\"elementor-widget-container\">\n\t\t\t\t\t\t\t\t\t<p style=\"text-align: left;\">The first operational Rafales entered service in 2002 with the French Navy, followed by the French Air Force in 2006. But at the time, the French flagship was not being sold abroad. There were several reasons for this, according to Fran\u00e7ois Lemainque, both commercial and geopolitical: \"At the same time, we were manufacturing Mirage 2000s for France and for export, an aircraft that was already well proven.<\/p>\t\t\t\t\t\t\t\t<\/div>\n\t\t\t\t<\/div>\n\t\t\t\t\t<\/div>\n\t\t\t\t<\/div>\n\t\t<div data-particle_enable=\"false\" data-particle-mobile-disabled=\"false\" class=\"elementor-element elementor-element-afb3687 e-flex e-con-boxed e-con e-parent\" data-id=\"afb3687\" data-element_type=\"container\" data-e-type=\"container\">\n\t\t\t\t\t<div class=\"e-con-inner\">\n\t\t\t\t<div class=\"elementor-element elementor-element-cb1bb36 elementor-widget elementor-widget-heading\" data-id=\"cb1bb36\" data-element_type=\"widget\" data-e-type=\"widget\" data-widget_type=\"heading.default\">\n\t\t\t\t<div class=\"elementor-widget-container\">\n\t\t\t\t\t<h2 class=\"elementor-heading-title elementor-size-default\">\"AS IF I'D SUDDENLY GOT COLOUR TV BACK\", SAYS ONE PILOT.<\/h2>\t\t\t\t<\/div>\n\t\t\t\t<\/div>\n\t\t\t\t<div class=\"elementor-element elementor-element-e4abece elementor-widget-divider--view-line elementor-widget elementor-widget-divider\" data-id=\"e4abece\" data-element_type=\"widget\" data-e-type=\"widget\" data-widget_type=\"divider.default\">\n\t\t\t\t<div class=\"elementor-widget-container\">\n\t\t\t\t\t\t\t<div class=\"elementor-divider\">\n\t\t\t<span class=\"elementor-divider-separator\">\n\t\t\t\t\t\t<\/span>\n\t\t<\/div>\n\t\t\t\t\t\t<\/div>\n\t\t\t\t<\/div>\n\t\t\t\t\t<\/div>\n\t\t\t\t<\/div>\n\t\t<div data-particle_enable=\"false\" data-particle-mobile-disabled=\"false\" class=\"elementor-element elementor-element-c439b3b e-flex e-con-boxed e-con e-parent\" data-id=\"c439b3b\" data-element_type=\"container\" data-e-type=\"container\">\n\t\t\t\t\t<div class=\"e-con-inner\">\n\t\t\t\t<div class=\"elementor-element elementor-element-581058e elementor-widget elementor-widget-text-editor\" data-id=\"581058e\" data-element_type=\"widget\" data-e-type=\"widget\" data-widget_type=\"text-editor.default\">\n\t\t\t\t<div class=\"elementor-widget-container\">\n\t\t\t\t\t\t\t\t\t<p style=\"text-align: left;\">Competition from the F-35 from the American manufacturer Lockheed Martin, financed by a dozen NATO countries, is already having an effect, even if it will not be partly operational until 2007. And since 1989, the fall of the Berlin Wall has ushered in a period of \"peace dividends\", causing defence budgets around the world to plummet.<\/p><p style=\"text-align: left;\">Everything will gradually change with the Rafale's commitments abroad, under the watchful eye of France's allies, and sometimes in interoperability with them. In Afghanistan from 2007 onwards, the air-to-ground missions alone are not yet sufficient to demonstrate the full potential of the aircraft.<\/p><p style=\"text-align: left;\">On 19 March 2011, Rafales were the first aircraft to fly over Libyan territory as part of the international military intervention decided by the United Nations, along with Mirage 2000s. \"We really appreciated the technological and capability leap that the Rafale had made,\" recalls Captain Gr\u00e9gory. A qualified pilot in 2006, this officer from air base 113 at Saint-Dizier-Robinson (Haute-Marne) first flew the Mirage 2000N before switching to the Rafale in 2011 (except for four years with the Patrouille de France, on the AlphaJet):<\/p>\t\t\t\t\t\t\t\t<\/div>\n\t\t\t\t<\/div>\n\t\t\t\t<div class=\"elementor-element elementor-element-3bff334 elementor-widget elementor-widget-text-editor\" data-id=\"3bff334\" data-element_type=\"widget\" data-e-type=\"widget\" data-widget_type=\"text-editor.default\">\n\t\t\t\t<div class=\"elementor-widget-container\">\n\t\t\t\t\t\t\t\t\t<p style=\"text-align: left;\">\"It was like getting colour TV back in one fell swoop! They're really two different operational prisms, that of the XXth century and that of the XXth century.<sup>e\u00a0<\/sup>century and the 21st<sup>e\u00a0<\/sup>century. We used the Mirage 2000 to 110, 120% of its capacity, we knew it by heart. We use the Rafale very well, but it's stronger than man, it's too powerful.<\/p>\t\t\t\t\t\t\t\t<\/div>\n\t\t\t\t<\/div>\n\t\t\t\t<div class=\"elementor-element elementor-element-9cf649f elementor-widget elementor-widget-text-editor\" data-id=\"9cf649f\" data-element_type=\"widget\" data-e-type=\"widget\" data-widget_type=\"text-editor.default\">\n\t\t\t\t<div class=\"elementor-widget-container\">\n\t\t\t\t\t\t\t\t\t<p style=\"text-align: left;\">On 13 January 2013, as part of France's Operation Serval against jihadists in the Sahel at the request of the Malian government, four Rafales took off from Saint-Dizier, flew over Spain, Morocco and Senegal, bombed Al-Qaeda in the Islamic Maghreb (AQIM) infrastructure in Mali before landing in N'Djamena, Chad. In all, the French Air Force flew almost 6,000 kilometres in 9 hours and 35 minutes (including 5 refuelling stops), making it the longest mission it has ever flown. \"In the Rafale, just because I take off on a ground attack mission doesn't mean I can't do aerial combat afterwards,\" says the captain. \"With a Mirage, I would need several different aircraft.<\/p>\t\t\t\t\t\t\t\t<\/div>\n\t\t\t\t<\/div>\n\t\t\t\t\t<\/div>\n\t\t\t\t<\/div>\n\t\t<div data-particle_enable=\"false\" data-particle-mobile-disabled=\"false\" class=\"elementor-element elementor-element-36c1236 e-flex e-con-boxed e-con e-parent\" data-id=\"36c1236\" data-element_type=\"container\" data-e-type=\"container\">\n\t\t\t\t\t<div class=\"e-con-inner\">\n\t\t\t\t<div class=\"elementor-element elementor-element-fb808cc elementor-widget elementor-widget-heading\" data-id=\"fb808cc\" data-element_type=\"widget\" data-e-type=\"widget\" data-widget_type=\"heading.default\">\n\t\t\t\t<div class=\"elementor-widget-container\">\n\t\t\t\t\t<h2 class=\"elementor-heading-title elementor-size-default\">GENERAL LAVIGNE: \"THE INCREDIBLE THING IS THAT IT IS NATIVELY MULTI-ROLE\".<\/h2>\t\t\t\t<\/div>\n\t\t\t\t<\/div>\n\t\t\t\t<div class=\"elementor-element elementor-element-f7f7347 elementor-widget-divider--view-line elementor-widget elementor-widget-divider\" data-id=\"f7f7347\" data-element_type=\"widget\" data-e-type=\"widget\" data-widget_type=\"divider.default\">\n\t\t\t\t<div class=\"elementor-widget-container\">\n\t\t\t\t\t\t\t<div class=\"elementor-divider\">\n\t\t\t<span class=\"elementor-divider-separator\">\n\t\t\t\t\t\t<\/span>\n\t\t<\/div>\n\t\t\t\t\t\t<\/div>\n\t\t\t\t<\/div>\n\t\t\t\t\t<\/div>\n\t\t\t\t<\/div>\n\t\t<div data-particle_enable=\"false\" data-particle-mobile-disabled=\"false\" class=\"elementor-element elementor-element-983c98e e-flex e-con-boxed e-con e-parent\" data-id=\"983c98e\" data-element_type=\"container\" data-e-type=\"container\">\n\t\t\t\t\t<div class=\"e-con-inner\">\n\t\t\t\t<div class=\"elementor-element elementor-element-707075e elementor-widget elementor-widget-text-editor\" data-id=\"707075e\" data-element_type=\"widget\" data-e-type=\"widget\" data-widget_type=\"text-editor.default\">\n\t\t\t\t<div class=\"elementor-widget-container\">\n\t\t\t\t\t\t\t\t\t<p style=\"text-align: left;\">Chief of Staff of the French Air Force from 2018 to 2021, Air Force General Philippe Lavigne was in the front row of a trilateral exercise with the United States and the United Kingdom, Atlantic-Trident, in spring 2021 at Mont-de-Marsan (Landes) and then at Langley (Virginia). The other two armies were flying Lockheed Martin F-35s and Eurofighter Typhoons.<\/p><p style=\"text-align: left;\">\"Our allies are blown away by this complete and agile aircraft, by its multi-role capabilities and its exceptional flight controls\", says the general, who laughs at a truth known to pilots:<\/p>\t\t\t\t\t\t\t\t<\/div>\n\t\t\t\t<\/div>\n\t\t\t\t<div class=\"elementor-element elementor-element-c390de7 elementor-widget elementor-widget-text-editor\" data-id=\"c390de7\" data-element_type=\"widget\" data-e-type=\"widget\" data-widget_type=\"text-editor.default\">\n\t\t\t\t<div class=\"elementor-widget-container\">\n\t\t\t\t\t\t\t\t\t<p style=\"text-align: left;\">\"When an aircraft is beautiful, it's good. The Rafale, with its shape, its balance, its size, its general look, people feel it. What's incredible is that it's natively versatile.<\/p>\t\t\t\t\t\t\t\t<\/div>\n\t\t\t\t<\/div>\n\t\t\t\t<div class=\"elementor-element elementor-element-ed547a9 elementor-widget elementor-widget-image\" data-id=\"ed547a9\" data-element_type=\"widget\" data-e-type=\"widget\" data-widget_type=\"image.default\">\n\t\t\t\t<div class=\"elementor-widget-container\">\n\t\t\t\t\t\t\t\t\t\t\t\t<figure class=\"wp-caption\">\n\t\t\t\t\t\t\t\t\t\t<img decoding=\"async\" width=\"1385\" height=\"922\" src=\"https:\/\/ihedn.fr\/wp-content\/uploads\/2024\/12\/GAA-Philippe-Lavigne.jpg\" class=\"attachment-full size-full wp-image-51871\" alt=\"\" srcset=\"https:\/\/ihedn.fr\/wp-content\/uploads\/2024\/12\/GAA-Philippe-Lavigne.jpg 1385w, https:\/\/ihedn.fr\/wp-content\/uploads\/2024\/12\/GAA-Philippe-Lavigne-18x12.jpg 18w\" sizes=\"(max-width: 1385px) 100vw, 1385px\" \/>\t\t\t\t\t\t\t\t\t\t\t<figcaption class=\"widget-image-caption wp-caption-text\">Air Force General Philippe Lavigne, then Chief of Staff of the French Air and Space Force, during Exercise Trident in 2021. French Air Force<\/figcaption>\n\t\t\t\t\t\t\t\t\t\t<\/figure>\n\t\t\t\t\t\t\t\t\t<\/div>\n\t\t\t\t<\/div>\n\t\t\t\t<div class=\"elementor-element elementor-element-f652be3 elementor-widget elementor-widget-text-editor\" data-id=\"f652be3\" data-element_type=\"widget\" data-e-type=\"widget\" data-widget_type=\"text-editor.default\">\n\t\t\t\t<div class=\"elementor-widget-container\">\n\t\t\t\t\t\t\t\t\t<p style=\"text-align: left;\">The same impression was given by these same two allies, but this time under operational conditions, during Operation Hamilton carried out in Syria on 14 April 2018 in retaliation for the chemical attack in Douma perpetrated by the Al-Assad regime:<\/p>\t\t\t\t\t\t\t\t<\/div>\n\t\t\t\t<\/div>\n\t\t\t\t<div class=\"elementor-element elementor-element-269aab1 elementor-widget elementor-widget-text-editor\" data-id=\"269aab1\" data-element_type=\"widget\" data-e-type=\"widget\" data-widget_type=\"text-editor.default\">\n\t\t\t\t<div class=\"elementor-widget-container\">\n\t\t\t\t\t\t\t\t\t<p style=\"text-align: left;\">\"Five Rafales demonstrated their ability to penetrate a territory in depth, maintain air superiority at least for a given period, and produce effects (capture information, deliver weapons),\" explains General Lavigne, himself a pilot. \"All in a complex, international environment, with the need for stealth and a high level of survivability\" (the ability to continue operating despite adverse conditions).<\/p>\t\t\t\t\t\t\t\t<\/div>\n\t\t\t\t<\/div>\n\t\t\t\t<div class=\"elementor-element elementor-element-1ae0f08 elementor-widget elementor-widget-text-editor\" data-id=\"1ae0f08\" data-element_type=\"widget\" data-e-type=\"widget\" data-widget_type=\"text-editor.default\">\n\t\t\t\t<div class=\"elementor-widget-container\">\n\t\t\t\t\t\t\t\t\t<p style=\"text-align: left;\">Captain Gr\u00e9gory, who has clocked up 3,300 flying hours (including more than 1,000 on Rafale) and has carried out \"around fifty\" war missions in Libya, Mali, the Central African Republic, Iraq and Syria, often talks about this with his foreign colleagues:<\/p>\t\t\t\t\t\t\t\t<\/div>\n\t\t\t\t<\/div>\n\t\t\t\t<div class=\"elementor-element elementor-element-eb36d3f elementor-widget elementor-widget-text-editor\" data-id=\"eb36d3f\" data-element_type=\"widget\" data-e-type=\"widget\" data-widget_type=\"text-editor.default\">\n\t\t\t\t<div class=\"elementor-widget-container\">\n\t\t\t\t\t\t\t\t\t<p style=\"text-align: left;\">\"They praise the Rafale's ergonomics, and in particular its central screen, which enables a total fusion of data (radio, radar, data link, countermeasures, etc.). The great strength of this aircraft is that it synthesises everything on a single screen, making it easier to understand the tactical situation, especially when flying in a squadron. It clearly meets the highest operational standards of our allies, and probably of our competitors.<\/p>\t\t\t\t\t\t\t\t<\/div>\n\t\t\t\t<\/div>\n\t\t\t\t<div class=\"elementor-element elementor-element-4fe3664 elementor-widget elementor-widget-text-editor\" data-id=\"4fe3664\" data-element_type=\"widget\" data-e-type=\"widget\" data-widget_type=\"text-editor.default\">\n\t\t\t\t<div class=\"elementor-widget-container\">\n\t\t\t\t\t\t\t\t\t<p style=\"text-align: left;\">After an initial contract signed in 2015 with Egypt, the Rafale was purchased by Qatar, India, Greece, Croatia, the United Arab Emirates, Indonesia and Serbia. Egypt and Greece have placed further orders, while a dozen other countries on every continent have expressed interest.<\/p>\t\t\t\t\t\t\t\t<\/div>\n\t\t\t\t<\/div>\n\t\t\t\t\t<\/div>\n\t\t\t\t<\/div>\n\t\t<div data-particle_enable=\"false\" data-particle-mobile-disabled=\"false\" class=\"elementor-element elementor-element-b199d81 e-flex e-con-boxed e-con e-parent\" data-id=\"b199d81\" data-element_type=\"container\" data-e-type=\"container\">\n\t\t\t\t\t<div class=\"e-con-inner\">\n\t\t\t\t<div class=\"elementor-element elementor-element-a1e6d2b elementor-widget elementor-widget-heading\" data-id=\"a1e6d2b\" data-element_type=\"widget\" data-e-type=\"widget\" data-widget_type=\"heading.default\">\n\t\t\t\t<div class=\"elementor-widget-container\">\n\t\t\t\t\t<h2 class=\"elementor-heading-title elementor-size-default\">IN OPERATION UNTIL 2050, OR EVEN 2060<\/h2>\t\t\t\t<\/div>\n\t\t\t\t<\/div>\n\t\t\t\t<div class=\"elementor-element elementor-element-d9a8799 elementor-widget-divider--view-line elementor-widget elementor-widget-divider\" data-id=\"d9a8799\" data-element_type=\"widget\" data-e-type=\"widget\" data-widget_type=\"divider.default\">\n\t\t\t\t<div class=\"elementor-widget-container\">\n\t\t\t\t\t\t\t<div class=\"elementor-divider\">\n\t\t\t<span class=\"elementor-divider-separator\">\n\t\t\t\t\t\t<\/span>\n\t\t<\/div>\n\t\t\t\t\t\t<\/div>\n\t\t\t\t<\/div>\n\t\t\t\t\t<\/div>\n\t\t\t\t<\/div>\n\t\t<div data-particle_enable=\"false\" data-particle-mobile-disabled=\"false\" class=\"elementor-element elementor-element-d42abed e-flex e-con-boxed e-con e-parent\" data-id=\"d42abed\" data-element_type=\"container\" data-e-type=\"container\">\n\t\t\t\t\t<div class=\"e-con-inner\">\n\t\t\t\t<div class=\"elementor-element elementor-element-fb26297 elementor-widget elementor-widget-text-editor\" data-id=\"fb26297\" data-element_type=\"widget\" data-e-type=\"widget\" data-widget_type=\"text-editor.default\">\n\t\t\t\t<div class=\"elementor-widget-container\">\n\t\t\t\t\t\t\t\t\t<p style=\"text-align: left;\">Over the last ten years or so, the Rafale has also demonstrated its interoperability capabilities within NATO for air policing missions in Eastern Europe. General Lavigne, who was Supreme Allied Commander for Transformation (SACT) of the Atlantic Alliance from 2021 to September 2024, stresses the relevance of the Rafale \"tool\" in this context:<\/p>\t\t\t\t\t\t\t\t<\/div>\n\t\t\t\t<\/div>\n\t\t\t\t<div class=\"elementor-element elementor-element-82422f5 elementor-widget elementor-widget-text-editor\" data-id=\"82422f5\" data-element_type=\"widget\" data-e-type=\"widget\" data-widget_type=\"text-editor.default\">\n\t\t\t\t<div class=\"elementor-widget-container\">\n\t\t\t\t\t\t\t\t\t<p style=\"text-align: left;\">\"In the coming years, we will be able to work even better within NATO by following its standards, on two issues that are becoming increasingly important: mass and speed. The speed of data transmission, with satellite communication and connectivity for networking, taking into account the risk of cyber attacks. Weight, for example, means that a combat aircraft and a combat drone must complement each other. The Rafale already has these capabilities, and will expand them. We are going to take greater account of the tactical level between surveillance and action, and develop the multi-domain concept. It has the capacity to go further, such as suppressing air defences, even with an increasingly complex electromagnetic spectrum.<\/p>\t\t\t\t\t\t\t\t<\/div>\n\t\t\t\t<\/div>\n\t\t\t\t<div class=\"elementor-element elementor-element-155844d elementor-widget elementor-widget-text-editor\" data-id=\"155844d\" data-element_type=\"widget\" data-e-type=\"widget\" data-widget_type=\"text-editor.default\">\n\t\t\t\t<div class=\"elementor-widget-container\">\n\t\t\t\t\t\t\t\t\t<p style=\"text-align: left;\">At the same time, of course, the Rafale is continuing its purely French missions. In 2021, the HEIFARA-WAKEA exercise demonstrated its ability to reach French Polynesia from mainland France (16,000 km) in less than 48 hours, assuming an air defence alert posture as soon as it arrived.<\/p>\t\t\t\t\t\t\t\t<\/div>\n\t\t\t\t<\/div>\n\t\t\t\t<div class=\"elementor-element elementor-element-373093f elementor-widget elementor-widget-image\" data-id=\"373093f\" data-element_type=\"widget\" data-e-type=\"widget\" data-widget_type=\"image.default\">\n\t\t\t\t<div class=\"elementor-widget-container\">\n\t\t\t\t\t\t\t\t\t\t\t\t<figure class=\"wp-caption\">\n\t\t\t\t\t\t\t\t\t\t<img decoding=\"async\" width=\"1920\" height=\"1280\" src=\"https:\/\/ihedn.fr\/wp-content\/uploads\/2024\/12\/2022_A330_033_R_004_048.jpg\" class=\"attachment-full size-full wp-image-51872\" alt=\"\" srcset=\"https:\/\/ihedn.fr\/wp-content\/uploads\/2024\/12\/2022_A330_033_R_004_048.jpg 1920w, https:\/\/ihedn.fr\/wp-content\/uploads\/2024\/12\/2022_A330_033_R_004_048-1536x1024.jpg 1536w, https:\/\/ihedn.fr\/wp-content\/uploads\/2024\/12\/2022_A330_033_R_004_048-18x12.jpg 18w\" sizes=\"(max-width: 1920px) 100vw, 1920px\" \/>\t\t\t\t\t\t\t\t\t\t\t<figcaption class=\"widget-image-caption wp-caption-text\">A Rafale with the current F4-1 standard. \u00a9 Arm\u00e9e de l'Air et de l'Espace<\/figcaption>\n\t\t\t\t\t\t\t\t\t\t<\/figure>\n\t\t\t\t\t\t\t\t\t<\/div>\n\t\t\t\t<\/div>\n\t\t\t\t<div class=\"elementor-element elementor-element-f91ba4b elementor-widget elementor-widget-text-editor\" data-id=\"f91ba4b\" data-element_type=\"widget\" data-e-type=\"widget\" data-widget_type=\"text-editor.default\">\n\t\t\t\t<div class=\"elementor-widget-container\">\n\t\t\t\t\t\t\t\t\t<p style=\"text-align: left;\">Every three or four years, the aircraft is updated to a new standard (currently the F4-1), which excites Captain Gr\u00e9gory :<\/p>\t\t\t\t\t\t\t\t<\/div>\n\t\t\t\t<\/div>\n\t\t\t\t<div class=\"elementor-element elementor-element-2477949 elementor-widget elementor-widget-text-editor\" data-id=\"2477949\" data-element_type=\"widget\" data-e-type=\"widget\" data-widget_type=\"text-editor.default\">\n\t\t\t\t<div class=\"elementor-widget-container\">\n\t\t\t\t\t\t\t\t\t<p style=\"text-align: left;\">\"It's exciting, it opens up new tactical dimensions every time, with new systems to deal with, new weapons and new modes of communication.<\/p>\t\t\t\t\t\t\t\t<\/div>\n\t\t\t\t<\/div>\n\t\t\t\t<div class=\"elementor-element elementor-element-de28094 elementor-widget elementor-widget-text-editor\" data-id=\"de28094\" data-element_type=\"widget\" data-e-type=\"widget\" data-widget_type=\"text-editor.default\">\n\t\t\t\t<div class=\"elementor-widget-container\">\n\t\t\t\t\t\t\t\t\t<p style=\"text-align: left;\">The pilot is \"looking forward to discovering what the brilliant engineers of our DTIB (Defence Technological and Industrial Base) have in store for us\". By 2030, the F5 standard will mark a milestone, as the Rafale will be paired with a stealth combat drone and carry a hypersonic nuclear missile.<\/p><p style=\"text-align: left;\">Its successor, the \"new generation fighter\", is already being developed by Dassault Aviation and Airbus Defence and Space, with entry into service scheduled for around 2040. The Rafale could remain in service until 2050, or even 2060.<\/p>\t\t\t\t\t\t\t\t<\/div>\n\t\t\t\t<\/div>\n\t\t\t\t\t<\/div>\n\t\t\t\t<\/div>\n\t\t\t\t<\/div>","protected":false},"excerpt":{"rendered":"<p>In 1983, France launched the programme for a revolutionary aircraft, which has been used by its armed forces since 2002, before enjoying export success. Focus on the history and characteristics of this evolving flagship, with insights from a pilot, a former Dassault Aviation engineer and General Philippe Lavigne, Chief of Staff of the French Air Force from 2018 to 2021.<\/p>","protected":false},"author":10,"featured_media":51868,"comment_status":"closed","ping_status":"closed","sticky":false,"template":"","format":"standard","meta":{"footnotes":""},"categories":[207,41,171],"tags":[],"class_list":["post-51867","post","type-post","status-publish","format-standard","has-post-thumbnail","hentry","category-defense-militaire","category-lundis-de-lihedn","category-notre-selection"],"yoast_head":"<!-- This site is optimized with the Yoast SEO plugin v27.5 - https:\/\/yoast.com\/product\/yoast-seo-wordpress\/ -->\n<title>L\u2019\u00e9pop\u00e9e du Rafale, l\u2019avion de combat supr\u00eame - L&#039;IHEDN : Institut des hautes \u00e9tudes de d\u00e9fense nationale<\/title>\n<meta name=\"description\" content=\"En 1983, la France lan\u00e7ait le programme d\u2019un a\u00e9ronef r\u00e9volutionnaire, utilis\u00e9 par ses arm\u00e9es depuis 2002 avant de conna\u00eetre le succ\u00e8s \u00e0 l\u2019export. Focus sur l\u2019histoire et les caract\u00e9ristiques de ce fleuron \u00e9volutif avec les \u00e9clairages d\u2019un pilote, d\u2019un ancien ing\u00e9nieur de Dassault Aviation et du g\u00e9n\u00e9ral Philippe Lavigne, chef d\u2019\u00e9tat-major de l\u2019arm\u00e9e de l\u2019Air et de l\u2019Espace de 2018 \u00e0 2021.\" \/>\n<meta name=\"robots\" content=\"index, follow, max-snippet:-1, max-image-preview:large, max-video-preview:-1\" \/>\n<link rel=\"canonical\" href=\"https:\/\/ihedn.fr\/en\/notre-selection\/lepopee-du-rafale-lavion-de-combat-supreme\/\" \/>\n<meta property=\"og:locale\" content=\"en_GB\" \/>\n<meta property=\"og:type\" content=\"article\" \/>\n<meta property=\"og:title\" content=\"L\u2019\u00e9pop\u00e9e du Rafale, l\u2019avion de combat supr\u00eame\" \/>\n<meta property=\"og:description\" content=\"En 1983, la France lan\u00e7ait le programme d\u2019un a\u00e9ronef r\u00e9volutionnaire, utilis\u00e9 par ses arm\u00e9es depuis 2002 avant de conna\u00eetre le succ\u00e8s \u00e0 l\u2019export. Focus sur l\u2019histoire et les caract\u00e9ristiques de ce fleuron \u00e9volutif avec les \u00e9clairages d\u2019un pilote, d\u2019un ancien ing\u00e9nieur de Dassault Aviation et du g\u00e9n\u00e9ral Philippe Lavigne, chef d\u2019\u00e9tat-major de l\u2019arm\u00e9e de l\u2019Air et de l\u2019Espace de 2018 \u00e0 2021.\" \/>\n<meta property=\"og:url\" content=\"https:\/\/ihedn.fr\/en\/notre-selection\/lepopee-du-rafale-lavion-de-combat-supreme\/\" \/>\n<meta property=\"og:site_name\" content=\"L&#039;IHEDN : Institut des hautes \u00e9tudes de d\u00e9fense nationale\" \/>\n<meta property=\"article:publisher\" content=\"https:\/\/www.facebook.com\/ihedn\/\" \/>\n<meta property=\"article:published_time\" content=\"2024-12-16T15:49:40+00:00\" \/>\n<meta property=\"article:modified_time\" content=\"2025-09-03T14:24:11+00:00\" \/>\n<meta property=\"og:image\" content=\"https:\/\/ihedn.fr\/wp-content\/uploads\/2024\/12\/LIH_18_11_2024_site_internet.jpg\" \/>\n\t<meta property=\"og:image:width\" content=\"1920\" \/>\n\t<meta property=\"og:image:height\" content=\"1080\" \/>\n\t<meta property=\"og:image:type\" content=\"image\/jpeg\" \/>\n<meta name=\"author\" content=\"tanguy.morel@ihedn.fr\" \/>\n<meta name=\"twitter:card\" content=\"summary_large_image\" \/>\n<meta name=\"twitter:title\" content=\"L\u2019\u00e9pop\u00e9e du Rafale, l\u2019avion de combat supr\u00eame\" \/>\n<meta name=\"twitter:description\" content=\"En 1983, la France lan\u00e7ait le programme d\u2019un a\u00e9ronef r\u00e9volutionnaire, utilis\u00e9 par ses arm\u00e9es depuis 2002 avant de conna\u00eetre le succ\u00e8s \u00e0 l\u2019export. Focus sur l\u2019histoire et les caract\u00e9ristiques de ce fleuron \u00e9volutif avec les \u00e9clairages d\u2019un pilote, d\u2019un ancien ing\u00e9nieur de Dassault Aviation et du g\u00e9n\u00e9ral Philippe Lavigne, chef d\u2019\u00e9tat-major de l\u2019arm\u00e9e de l\u2019Air et de l\u2019Espace de 2018 \u00e0 2021.\" \/>\n<meta name=\"twitter:image\" content=\"https:\/\/ihedn.fr\/wp-content\/uploads\/2024\/12\/LIH_18_11_2024_site_internet.jpg\" \/>\n<meta name=\"twitter:creator\" content=\"@IHEDN\" \/>\n<meta name=\"twitter:site\" content=\"@IHEDN\" \/>\n<meta name=\"twitter:label1\" content=\"Written by\" \/>\n\t<meta name=\"twitter:data1\" content=\"tanguy.morel@ihedn.fr\" \/>\n\t<meta name=\"twitter:label2\" content=\"Estimated reading time\" \/>\n\t<meta name=\"twitter:data2\" content=\"12 minutes\" \/>\n<script type=\"application\/ld+json\" class=\"yoast-schema-graph\">{\"@context\":\"https:\\\/\\\/schema.org\",\"@graph\":[{\"@type\":\"Article\",\"@id\":\"https:\\\/\\\/ihedn.fr\\\/notre-selection\\\/lepopee-du-rafale-lavion-de-combat-supreme\\\/#article\",\"isPartOf\":{\"@id\":\"https:\\\/\\\/ihedn.fr\\\/notre-selection\\\/lepopee-du-rafale-lavion-de-combat-supreme\\\/\"},\"author\":{\"name\":\"tanguy.morel@ihedn.fr\",\"@id\":\"https:\\\/\\\/ihedn.fr\\\/#\\\/schema\\\/person\\\/ed217a37104b27a246b200e65b827cc7\"},\"headline\":\"L\u2019\u00e9pop\u00e9e du Rafale, l\u2019avion de combat supr\u00eame\",\"datePublished\":\"2024-12-16T15:49:40+00:00\",\"dateModified\":\"2025-09-03T14:24:11+00:00\",\"mainEntityOfPage\":{\"@id\":\"https:\\\/\\\/ihedn.fr\\\/notre-selection\\\/lepopee-du-rafale-lavion-de-combat-supreme\\\/\"},\"wordCount\":2301,\"publisher\":{\"@id\":\"https:\\\/\\\/ihedn.fr\\\/#organization\"},\"image\":{\"@id\":\"https:\\\/\\\/ihedn.fr\\\/notre-selection\\\/lepopee-du-rafale-lavion-de-combat-supreme\\\/#primaryimage\"},\"thumbnailUrl\":\"https:\\\/\\\/ihedn.fr\\\/wp-content\\\/uploads\\\/2024\\\/12\\\/LIH_18_11_2024_site_internet.jpg\",\"articleSection\":[\"d\u00e9fense militaire\",\"Lundis de l'IHEDN\",\"Notre s\u00e9lection\"],\"inLanguage\":\"en-GB\"},{\"@type\":\"WebPage\",\"@id\":\"https:\\\/\\\/ihedn.fr\\\/notre-selection\\\/lepopee-du-rafale-lavion-de-combat-supreme\\\/\",\"url\":\"https:\\\/\\\/ihedn.fr\\\/notre-selection\\\/lepopee-du-rafale-lavion-de-combat-supreme\\\/\",\"name\":\"L\u2019\u00e9pop\u00e9e du Rafale, l\u2019avion de combat supr\u00eame - L&#039;IHEDN : Institut des hautes \u00e9tudes de d\u00e9fense nationale\",\"isPartOf\":{\"@id\":\"https:\\\/\\\/ihedn.fr\\\/#website\"},\"primaryImageOfPage\":{\"@id\":\"https:\\\/\\\/ihedn.fr\\\/notre-selection\\\/lepopee-du-rafale-lavion-de-combat-supreme\\\/#primaryimage\"},\"image\":{\"@id\":\"https:\\\/\\\/ihedn.fr\\\/notre-selection\\\/lepopee-du-rafale-lavion-de-combat-supreme\\\/#primaryimage\"},\"thumbnailUrl\":\"https:\\\/\\\/ihedn.fr\\\/wp-content\\\/uploads\\\/2024\\\/12\\\/LIH_18_11_2024_site_internet.jpg\",\"datePublished\":\"2024-12-16T15:49:40+00:00\",\"dateModified\":\"2025-09-03T14:24:11+00:00\",\"description\":\"En 1983, la France lan\u00e7ait le programme d\u2019un a\u00e9ronef r\u00e9volutionnaire, utilis\u00e9 par ses arm\u00e9es depuis 2002 avant de conna\u00eetre le succ\u00e8s \u00e0 l\u2019export. Focus sur l\u2019histoire et les caract\u00e9ristiques de ce fleuron \u00e9volutif avec les \u00e9clairages d\u2019un pilote, d\u2019un ancien ing\u00e9nieur de Dassault Aviation et du g\u00e9n\u00e9ral Philippe Lavigne, chef d\u2019\u00e9tat-major de l\u2019arm\u00e9e de l\u2019Air et de l\u2019Espace de 2018 \u00e0 2021.\",\"breadcrumb\":{\"@id\":\"https:\\\/\\\/ihedn.fr\\\/notre-selection\\\/lepopee-du-rafale-lavion-de-combat-supreme\\\/#breadcrumb\"},\"inLanguage\":\"en-GB\",\"potentialAction\":[{\"@type\":\"ReadAction\",\"target\":[\"https:\\\/\\\/ihedn.fr\\\/notre-selection\\\/lepopee-du-rafale-lavion-de-combat-supreme\\\/\"]}]},{\"@type\":\"ImageObject\",\"inLanguage\":\"en-GB\",\"@id\":\"https:\\\/\\\/ihedn.fr\\\/notre-selection\\\/lepopee-du-rafale-lavion-de-combat-supreme\\\/#primaryimage\",\"url\":\"https:\\\/\\\/ihedn.fr\\\/wp-content\\\/uploads\\\/2024\\\/12\\\/LIH_18_11_2024_site_internet.jpg\",\"contentUrl\":\"https:\\\/\\\/ihedn.fr\\\/wp-content\\\/uploads\\\/2024\\\/12\\\/LIH_18_11_2024_site_internet.jpg\",\"width\":1920,\"height\":1080,\"caption\":\"Deux Rafale en vol au coucher du soleil | Lundis de l'IHEDN L\u2019\u00e9pop\u00e9e du Rafale, l\u2019avion de combat supr\u00eame\"},{\"@type\":\"BreadcrumbList\",\"@id\":\"https:\\\/\\\/ihedn.fr\\\/notre-selection\\\/lepopee-du-rafale-lavion-de-combat-supreme\\\/#breadcrumb\",\"itemListElement\":[{\"@type\":\"ListItem\",\"position\":1,\"name\":\"Accueil\",\"item\":\"https:\\\/\\\/ihedn.fr\\\/\"},{\"@type\":\"ListItem\",\"position\":2,\"name\":\"L\u2019\u00e9pop\u00e9e du Rafale, l\u2019avion de combat supr\u00eame\"}]},{\"@type\":\"WebSite\",\"@id\":\"https:\\\/\\\/ihedn.fr\\\/#website\",\"url\":\"https:\\\/\\\/ihedn.fr\\\/\",\"name\":\"IHEDN : Institut des hautes \u00e9tudes de d\u00e9fense nationale |\",\"description\":\"Site officiel de l&#039;IHEDN plac\u00e9 sous la tutelle du Premier ministre.\",\"publisher\":{\"@id\":\"https:\\\/\\\/ihedn.fr\\\/#organization\"},\"potentialAction\":[{\"@type\":\"SearchAction\",\"target\":{\"@type\":\"EntryPoint\",\"urlTemplate\":\"https:\\\/\\\/ihedn.fr\\\/?s={search_term_string}\"},\"query-input\":{\"@type\":\"PropertyValueSpecification\",\"valueRequired\":true,\"valueName\":\"search_term_string\"}}],\"inLanguage\":\"en-GB\"},{\"@type\":\"Organization\",\"@id\":\"https:\\\/\\\/ihedn.fr\\\/#organization\",\"name\":\"IHEDN - Institut des Hautes Etudes de D\u00e9fense Nationale\",\"url\":\"https:\\\/\\\/ihedn.fr\\\/\",\"logo\":{\"@type\":\"ImageObject\",\"inLanguage\":\"en-GB\",\"@id\":\"https:\\\/\\\/ihedn.fr\\\/#\\\/schema\\\/logo\\\/image\\\/\",\"url\":\"https:\\\/\\\/ihedn.fr\\\/wp-content\\\/uploads\\\/2020\\\/11\\\/BLOC_RF_IHEDN_WEB.png\",\"contentUrl\":\"https:\\\/\\\/ihedn.fr\\\/wp-content\\\/uploads\\\/2020\\\/11\\\/BLOC_RF_IHEDN_WEB.png\",\"width\":500,\"height\":237,\"caption\":\"IHEDN - Institut des Hautes Etudes de D\u00e9fense Nationale\"},\"image\":{\"@id\":\"https:\\\/\\\/ihedn.fr\\\/#\\\/schema\\\/logo\\\/image\\\/\"},\"sameAs\":[\"https:\\\/\\\/www.facebook.com\\\/ihedn\\\/\",\"https:\\\/\\\/x.com\\\/IHEDN\",\"https:\\\/\\\/www.instagram.com\\\/ihedn\\\/\",\"https:\\\/\\\/www.linkedin.com\\\/school\\\/ihedn\\\/\",\"https:\\\/\\\/fr.wikipedia.org\\\/wiki\\\/Institut_des_hautes_\u00e9tudes_de_D\u00e9fense_nationale\"]},{\"@type\":\"Person\",\"@id\":\"https:\\\/\\\/ihedn.fr\\\/#\\\/schema\\\/person\\\/ed217a37104b27a246b200e65b827cc7\",\"name\":\"tanguy.morel@ihedn.fr\",\"image\":{\"@type\":\"ImageObject\",\"inLanguage\":\"en-GB\",\"@id\":\"https:\\\/\\\/secure.gravatar.com\\\/avatar\\\/36877cd30919fafddf1f9da45f4154aa468a64328452f2ceaff0968772207348?s=96&d=mm&r=g\",\"url\":\"https:\\\/\\\/secure.gravatar.com\\\/avatar\\\/36877cd30919fafddf1f9da45f4154aa468a64328452f2ceaff0968772207348?s=96&d=mm&r=g\",\"contentUrl\":\"https:\\\/\\\/secure.gravatar.com\\\/avatar\\\/36877cd30919fafddf1f9da45f4154aa468a64328452f2ceaff0968772207348?s=96&d=mm&r=g\",\"caption\":\"tanguy.morel@ihedn.fr\"},\"url\":\"https:\\\/\\\/ihedn.fr\\\/en\\\/author\\\/tanguy-morelihedn-fr\\\/\"}]}<\/script>\n<!-- \/ Yoast SEO plugin. -->","yoast_head_json":{"title":"The saga of the Rafale, the ultimate fighter aircraft - L'IHEDN : Institut des hautes \u00e9tudes de d\u00e9fense nationale (Graduate Institute of National Defence)","description":"In 1983, France launched the programme for a revolutionary aircraft, which has been used by its armed forces since 2002, before enjoying export success. Focus on the history and characteristics of this evolving flagship, with insights from a pilot, a former Dassault Aviation engineer and General Philippe Lavigne, Chief of Staff of the French Air Force from 2018 to 2021.","robots":{"index":"index","follow":"follow","max-snippet":"max-snippet:-1","max-image-preview":"max-image-preview:large","max-video-preview":"max-video-preview:-1"},"canonical":"https:\/\/ihedn.fr\/en\/notre-selection\/lepopee-du-rafale-lavion-de-combat-supreme\/","og_locale":"en_GB","og_type":"article","og_title":"L\u2019\u00e9pop\u00e9e du Rafale, l\u2019avion de combat supr\u00eame","og_description":"En 1983, la France lan\u00e7ait le programme d\u2019un a\u00e9ronef r\u00e9volutionnaire, utilis\u00e9 par ses arm\u00e9es depuis 2002 avant de conna\u00eetre le succ\u00e8s \u00e0 l\u2019export. Focus sur l\u2019histoire et les caract\u00e9ristiques de ce fleuron \u00e9volutif avec les \u00e9clairages d\u2019un pilote, d\u2019un ancien ing\u00e9nieur de Dassault Aviation et du g\u00e9n\u00e9ral Philippe Lavigne, chef d\u2019\u00e9tat-major de l\u2019arm\u00e9e de l\u2019Air et de l\u2019Espace de 2018 \u00e0 2021.","og_url":"https:\/\/ihedn.fr\/en\/notre-selection\/lepopee-du-rafale-lavion-de-combat-supreme\/","og_site_name":"L&#039;IHEDN : Institut des hautes \u00e9tudes de d\u00e9fense nationale","article_publisher":"https:\/\/www.facebook.com\/ihedn\/","article_published_time":"2024-12-16T15:49:40+00:00","article_modified_time":"2025-09-03T14:24:11+00:00","og_image":[{"width":1920,"height":1080,"url":"https:\/\/ihedn.fr\/wp-content\/uploads\/2024\/12\/LIH_18_11_2024_site_internet.jpg","type":"image\/jpeg"}],"author":"tanguy.morel@ihedn.fr","twitter_card":"summary_large_image","twitter_title":"L\u2019\u00e9pop\u00e9e du Rafale, l\u2019avion de combat supr\u00eame","twitter_description":"En 1983, la France lan\u00e7ait le programme d\u2019un a\u00e9ronef r\u00e9volutionnaire, utilis\u00e9 par ses arm\u00e9es depuis 2002 avant de conna\u00eetre le succ\u00e8s \u00e0 l\u2019export. Focus sur l\u2019histoire et les caract\u00e9ristiques de ce fleuron \u00e9volutif avec les \u00e9clairages d\u2019un pilote, d\u2019un ancien ing\u00e9nieur de Dassault Aviation et du g\u00e9n\u00e9ral Philippe Lavigne, chef d\u2019\u00e9tat-major de l\u2019arm\u00e9e de l\u2019Air et de l\u2019Espace de 2018 \u00e0 2021.","twitter_image":"https:\/\/ihedn.fr\/wp-content\/uploads\/2024\/12\/LIH_18_11_2024_site_internet.jpg","twitter_creator":"@IHEDN","twitter_site":"@IHEDN","twitter_misc":{"Written by":"tanguy.morel@ihedn.fr","Estimated reading time":"12 minutes"},"schema":{"@context":"https:\/\/schema.org","@graph":[{"@type":"Article","@id":"https:\/\/ihedn.fr\/notre-selection\/lepopee-du-rafale-lavion-de-combat-supreme\/#article","isPartOf":{"@id":"https:\/\/ihedn.fr\/notre-selection\/lepopee-du-rafale-lavion-de-combat-supreme\/"},"author":{"name":"tanguy.morel@ihedn.fr","@id":"https:\/\/ihedn.fr\/#\/schema\/person\/ed217a37104b27a246b200e65b827cc7"},"headline":"L\u2019\u00e9pop\u00e9e du Rafale, l\u2019avion de combat supr\u00eame","datePublished":"2024-12-16T15:49:40+00:00","dateModified":"2025-09-03T14:24:11+00:00","mainEntityOfPage":{"@id":"https:\/\/ihedn.fr\/notre-selection\/lepopee-du-rafale-lavion-de-combat-supreme\/"},"wordCount":2301,"publisher":{"@id":"https:\/\/ihedn.fr\/#organization"},"image":{"@id":"https:\/\/ihedn.fr\/notre-selection\/lepopee-du-rafale-lavion-de-combat-supreme\/#primaryimage"},"thumbnailUrl":"https:\/\/ihedn.fr\/wp-content\/uploads\/2024\/12\/LIH_18_11_2024_site_internet.jpg","articleSection":["d\u00e9fense militaire","Lundis de l'IHEDN","Notre s\u00e9lection"],"inLanguage":"en-GB"},{"@type":"WebPage","@id":"https:\/\/ihedn.fr\/notre-selection\/lepopee-du-rafale-lavion-de-combat-supreme\/","url":"https:\/\/ihedn.fr\/notre-selection\/lepopee-du-rafale-lavion-de-combat-supreme\/","name":"The saga of the Rafale, the ultimate fighter aircraft - L'IHEDN : Institut des hautes \u00e9tudes de d\u00e9fense nationale (Graduate Institute of National Defence)","isPartOf":{"@id":"https:\/\/ihedn.fr\/#website"},"primaryImageOfPage":{"@id":"https:\/\/ihedn.fr\/notre-selection\/lepopee-du-rafale-lavion-de-combat-supreme\/#primaryimage"},"image":{"@id":"https:\/\/ihedn.fr\/notre-selection\/lepopee-du-rafale-lavion-de-combat-supreme\/#primaryimage"},"thumbnailUrl":"https:\/\/ihedn.fr\/wp-content\/uploads\/2024\/12\/LIH_18_11_2024_site_internet.jpg","datePublished":"2024-12-16T15:49:40+00:00","dateModified":"2025-09-03T14:24:11+00:00","description":"In 1983, France launched the programme for a revolutionary aircraft, which has been used by its armed forces since 2002, before enjoying export success. Focus on the history and characteristics of this evolving flagship, with insights from a pilot, a former Dassault Aviation engineer and General Philippe Lavigne, Chief of Staff of the French Air Force from 2018 to 2021.","breadcrumb":{"@id":"https:\/\/ihedn.fr\/notre-selection\/lepopee-du-rafale-lavion-de-combat-supreme\/#breadcrumb"},"inLanguage":"en-GB","potentialAction":[{"@type":"ReadAction","target":["https:\/\/ihedn.fr\/notre-selection\/lepopee-du-rafale-lavion-de-combat-supreme\/"]}]},{"@type":"ImageObject","inLanguage":"en-GB","@id":"https:\/\/ihedn.fr\/notre-selection\/lepopee-du-rafale-lavion-de-combat-supreme\/#primaryimage","url":"https:\/\/ihedn.fr\/wp-content\/uploads\/2024\/12\/LIH_18_11_2024_site_internet.jpg","contentUrl":"https:\/\/ihedn.fr\/wp-content\/uploads\/2024\/12\/LIH_18_11_2024_site_internet.jpg","width":1920,"height":1080,"caption":"Deux Rafale en vol au coucher du soleil | Lundis de l'IHEDN L\u2019\u00e9pop\u00e9e du Rafale, l\u2019avion de combat supr\u00eame"},{"@type":"BreadcrumbList","@id":"https:\/\/ihedn.fr\/notre-selection\/lepopee-du-rafale-lavion-de-combat-supreme\/#breadcrumb","itemListElement":[{"@type":"ListItem","position":1,"name":"Accueil","item":"https:\/\/ihedn.fr\/"},{"@type":"ListItem","position":2,"name":"L\u2019\u00e9pop\u00e9e du Rafale, l\u2019avion de combat supr\u00eame"}]},{"@type":"WebSite","@id":"https:\/\/ihedn.fr\/#website","url":"https:\/\/ihedn.fr\/","name":"IHEDN: Institut des hautes \u00e9tudes de d\u00e9fense nationale (Institute for Higher National Defence Studies)","description":"Official website of the IHEDN under the supervision of the Prime Minister.","publisher":{"@id":"https:\/\/ihedn.fr\/#organization"},"potentialAction":[{"@type":"SearchAction","target":{"@type":"EntryPoint","urlTemplate":"https:\/\/ihedn.fr\/?s={search_term_string}"},"query-input":{"@type":"PropertyValueSpecification","valueRequired":true,"valueName":"search_term_string"}}],"inLanguage":"en-GB"},{"@type":"Organization","@id":"https:\/\/ihedn.fr\/#organization","name":"IHEDN - Institute for Higher National Defence Studies","url":"https:\/\/ihedn.fr\/","logo":{"@type":"ImageObject","inLanguage":"en-GB","@id":"https:\/\/ihedn.fr\/#\/schema\/logo\/image\/","url":"https:\/\/ihedn.fr\/wp-content\/uploads\/2020\/11\/BLOC_RF_IHEDN_WEB.png","contentUrl":"https:\/\/ihedn.fr\/wp-content\/uploads\/2020\/11\/BLOC_RF_IHEDN_WEB.png","width":500,"height":237,"caption":"IHEDN - Institut des Hautes Etudes de D\u00e9fense Nationale"},"image":{"@id":"https:\/\/ihedn.fr\/#\/schema\/logo\/image\/"},"sameAs":["https:\/\/www.facebook.com\/ihedn\/","https:\/\/x.com\/IHEDN","https:\/\/www.instagram.com\/ihedn\/","https:\/\/www.linkedin.com\/school\/ihedn\/","https:\/\/fr.wikipedia.org\/wiki\/Institut_des_hautes_\u00e9tudes_de_D\u00e9fense_nationale"]},{"@type":"Person","@id":"https:\/\/ihedn.fr\/#\/schema\/person\/ed217a37104b27a246b200e65b827cc7","name":"tanguy.morel@ihedn.fr","image":{"@type":"ImageObject","inLanguage":"en-GB","@id":"https:\/\/secure.gravatar.com\/avatar\/36877cd30919fafddf1f9da45f4154aa468a64328452f2ceaff0968772207348?s=96&d=mm&r=g","url":"https:\/\/secure.gravatar.com\/avatar\/36877cd30919fafddf1f9da45f4154aa468a64328452f2ceaff0968772207348?s=96&d=mm&r=g","contentUrl":"https:\/\/secure.gravatar.com\/avatar\/36877cd30919fafddf1f9da45f4154aa468a64328452f2ceaff0968772207348?s=96&d=mm&r=g","caption":"tanguy.morel@ihedn.fr"},"url":"https:\/\/ihedn.fr\/en\/author\/tanguy-morelihedn-fr\/"}]}},"publishpress_future_action":{"enabled":false,"date":"2026-05-05 17:09:47","action":"change-status","newStatus":"draft","terms":[],"taxonomy":"category","extraData":[]},"publishpress_future_workflow_manual_trigger":{"enabledWorkflows":[]},"_links":{"self":[{"href":"https:\/\/ihedn.fr\/en\/wp-json\/wp\/v2\/posts\/51867","targetHints":{"allow":["GET"]}}],"collection":[{"href":"https:\/\/ihedn.fr\/en\/wp-json\/wp\/v2\/posts"}],"about":[{"href":"https:\/\/ihedn.fr\/en\/wp-json\/wp\/v2\/types\/post"}],"author":[{"embeddable":true,"href":"https:\/\/ihedn.fr\/en\/wp-json\/wp\/v2\/users\/10"}],"replies":[{"embeddable":true,"href":"https:\/\/ihedn.fr\/en\/wp-json\/wp\/v2\/comments?post=51867"}],"version-history":[{"count":24,"href":"https:\/\/ihedn.fr\/en\/wp-json\/wp\/v2\/posts\/51867\/revisions"}],"predecessor-version":[{"id":52162,"href":"https:\/\/ihedn.fr\/en\/wp-json\/wp\/v2\/posts\/51867\/revisions\/52162"}],"wp:featuredmedia":[{"embeddable":true,"href":"https:\/\/ihedn.fr\/en\/wp-json\/wp\/v2\/media\/51868"}],"wp:attachment":[{"href":"https:\/\/ihedn.fr\/en\/wp-json\/wp\/v2\/media?parent=51867"}],"wp:term":[{"taxonomy":"category","embeddable":true,"href":"https:\/\/ihedn.fr\/en\/wp-json\/wp\/v2\/categories?post=51867"},{"taxonomy":"post_tag","embeddable":true,"href":"https:\/\/ihedn.fr\/en\/wp-json\/wp\/v2\/tags?post=51867"}],"curies":[{"name":"wp","href":"https:\/\/api.w.org\/{rel}","templated":true}]}}