{"id":52181,"date":"2025-01-16T10:16:22","date_gmt":"2025-01-16T09:16:22","guid":{"rendered":"https:\/\/ihedn.fr\/?p=52181"},"modified":"2025-01-16T10:24:02","modified_gmt":"2025-01-16T09:24:02","slug":"ouverture-de-la-241e-session-en-region-pays-de-la-loire","status":"publish","type":"post","link":"https:\/\/ihedn.fr\/en\/notre-actualite\/ouverture-de-la-241e-session-en-region-pays-de-la-loire\/","title":{"rendered":"Opening of the 241st session in the Pays de la Loire region"},"content":{"rendered":"<div data-elementor-type=\"wp-post\" data-elementor-id=\"52181\" class=\"elementor elementor-52181\" data-elementor-post-type=\"post\">\n\t\t\t\t<div data-particle_enable=\"false\" data-particle-mobile-disabled=\"false\" class=\"elementor-element elementor-element-e212677 e-flex e-con-boxed e-con e-parent\" data-id=\"e212677\" data-element_type=\"container\" data-e-type=\"container\">\n\t\t\t\t\t<div class=\"e-con-inner\">\n\t\t\t\t<div class=\"elementor-element elementor-element-26d4cfd elementor-widget elementor-widget-text-editor\" data-id=\"26d4cfd\" data-element_type=\"widget\" data-e-type=\"widget\" data-widget_type=\"text-editor.default\">\n\t\t\t\t<div class=\"elementor-widget-container\">\n\t\t\t\t\t\t\t\t\t<p style=\"margin: 0cm 0cm 0.0001pt; text-align: left;\">On this first day, the 43 auditors were welcomed by Emmanuel Aubry, Prefect of the Sarthe, who presented the State's action and wished them every success for the next four weeks. Jean-Michel Delvert, Deputy Prefect and Director of the Regional and Specialised Activities Department, representing Lieutenant General Herv\u00e9 de Courr\u00e8ges, Director of the IHEDN, then opened the session. This introduction was followed by a speech by Brigadier General Guillaume Cou\u00ebtoux, representing the General Officer of the Western Defence and Security Zone (OGZDS Ouest), and a detailed presentation of the programme by the IHEDN and OGZDS Ouest teams.<\/p><p>\u00a0<\/p><p style=\"margin: 0cm 0cm 0.0001pt; text-align: left;\">On the programme for the day: a comprehensive overview of national defence, followed by an overview of international relations in the context of the contemporary world, before listeners discover the work of the committees.<\/p><p>\u00a0<\/p><p style=\"margin: 0cm 0cm 0.0001pt; text-align: left;\">The spirit of defence, an essential pillar of the nation, must be promoted and disseminated throughout the Republic, a mission at the heart of the IHEDN's commitments.<\/p>\t\t\t\t\t\t\t\t<\/div>\n\t\t\t\t<\/div>\n\t\t\t\t\t<\/div>\n\t\t\t\t<\/div>\n\t\t<div data-particle_enable=\"false\" data-particle-mobile-disabled=\"false\" class=\"elementor-element elementor-element-3bbc659 e-flex e-con-boxed e-con e-parent\" data-id=\"3bbc659\" data-element_type=\"container\" data-e-type=\"container\">\n\t\t\t\t\t<div class=\"e-con-inner\">\n\t\t\t\t<div class=\"elementor-element elementor-element-408f387 elementor-widget elementor-widget-gallery\" data-id=\"408f387\" data-element_type=\"widget\" data-e-type=\"widget\" data-settings=\"{&quot;gallery_layout&quot;:&quot;masonry&quot;,&quot;columns&quot;:2,&quot;lazyload&quot;:&quot;yes&quot;,&quot;columns_tablet&quot;:2,&quot;columns_mobile&quot;:1,&quot;gap&quot;:{&quot;unit&quot;:&quot;px&quot;,&quot;size&quot;:10,&quot;sizes&quot;:[]},&quot;gap_tablet&quot;:{&quot;unit&quot;:&quot;px&quot;,&quot;size&quot;:10,&quot;sizes&quot;:[]},&quot;gap_mobile&quot;:{&quot;unit&quot;:&quot;px&quot;,&quot;size&quot;:10,&quot;sizes&quot;:[]},&quot;link_to&quot;:&quot;file&quot;,&quot;overlay_background&quot;:&quot;yes&quot;,&quot;content_hover_animation&quot;:&quot;fade-in&quot;}\" data-widget_type=\"gallery.default\">\n\t\t\t\t<div class=\"elementor-widget-container\">\n\t\t\t\t\t\t\t<div class=\"elementor-gallery__container\">\n\t\t\t\t\t\t\t<a class=\"e-gallery-item elementor-gallery-item elementor-animated-content\" href=\"https:\/\/ihedn.fr\/wp-content\/uploads\/2025\/01\/SR-PDLR5.jpg\" data-elementor-open-lightbox=\"yes\" data-elementor-lightbox-slideshow=\"408f387\" data-e-action-hash=\"#elementor-action%3Aaction%3Dlightbox%26settings%3DeyJpZCI6NTIxODYsInVybCI6Imh0dHBzOlwvXC9paGVkbi5mclwvd3AtY29udGVudFwvdXBsb2Fkc1wvMjAyNVwvMDFcL1NSLVBETFI1LmpwZyIsInNsaWRlc2hvdyI6IjQwOGYzODcifQ%3D%3D\">\n\t\t\t\t\t<div class=\"e-gallery-image elementor-gallery-item__image\" data-thumbnail=\"https:\/\/ihedn.fr\/wp-content\/uploads\/2025\/01\/SR-PDLR5.jpg\" data-width=\"1440\" data-height=\"1920\" aria-label=\"Opening of the 241st IHEDN regional session\" role=\"img\" ><\/div>\n\t\t\t\t\t\t\t\t\t\t\t<div class=\"elementor-gallery-item__overlay\"><\/div>\n\t\t\t\t\t\t\t\t\t\t\t\t\t\t<\/a>\n\t\t\t\t\t\t\t<a class=\"e-gallery-item elementor-gallery-item elementor-animated-content\" href=\"https:\/\/ihedn.fr\/wp-content\/uploads\/2025\/01\/SR-PLR-7.jpg\" data-elementor-open-lightbox=\"yes\" data-elementor-lightbox-slideshow=\"408f387\" data-e-action-hash=\"#elementor-action%3Aaction%3Dlightbox%26settings%3DeyJpZCI6NTIxODcsInVybCI6Imh0dHBzOlwvXC9paGVkbi5mclwvd3AtY29udGVudFwvdXBsb2Fkc1wvMjAyNVwvMDFcL1NSLVBMUi03LmpwZyIsInNsaWRlc2hvdyI6IjQwOGYzODcifQ%3D%3D\">\n\t\t\t\t\t<div class=\"e-gallery-image elementor-gallery-item__image\" data-thumbnail=\"https:\/\/ihedn.fr\/wp-content\/uploads\/2025\/01\/SR-PLR-7.jpg\" data-width=\"1500\" data-height=\"844\" aria-label=\"Opening of the 241st IHEDN regional session\" role=\"img\" ><\/div>\n\t\t\t\t\t\t\t\t\t\t\t<div class=\"elementor-gallery-item__overlay\"><\/div>\n\t\t\t\t\t\t\t\t\t\t\t\t\t\t<\/a>\n\t\t\t\t\t\t\t<a class=\"e-gallery-item elementor-gallery-item elementor-animated-content\" href=\"https:\/\/ihedn.fr\/wp-content\/uploads\/2025\/01\/SR-PDL1-rotated.jpg\" data-elementor-open-lightbox=\"yes\" data-elementor-lightbox-slideshow=\"408f387\" data-e-action-hash=\"#elementor-action%3Aaction%3Dlightbox%26settings%3DeyJpZCI6NTIxODgsInVybCI6Imh0dHBzOlwvXC9paGVkbi5mclwvd3AtY29udGVudFwvdXBsb2Fkc1wvMjAyNVwvMDFcL1NSLVBETDEtcm90YXRlZC5qcGciLCJzbGlkZXNob3ciOiI0MDhmMzg3In0%3D\">\n\t\t\t\t\t<div class=\"e-gallery-image elementor-gallery-item__image\" data-thumbnail=\"https:\/\/ihedn.fr\/wp-content\/uploads\/2025\/01\/SR-PDL1-rotated.jpg\" data-width=\"1598\" data-height=\"1200\" aria-label=\"Opening of the 241st IHEDN regional session\" role=\"img\" ><\/div>\n\t\t\t\t\t\t\t\t\t\t\t<div class=\"elementor-gallery-item__overlay\"><\/div>\n\t\t\t\t\t\t\t\t\t\t\t\t\t\t<\/a>\n\t\t\t\t\t\t\t<a class=\"e-gallery-item elementor-gallery-item elementor-animated-content\" href=\"https:\/\/ihedn.fr\/wp-content\/uploads\/2025\/01\/SR-PDLR4.jpg\" data-elementor-open-lightbox=\"yes\" data-elementor-lightbox-slideshow=\"408f387\" data-e-action-hash=\"#elementor-action%3Aaction%3Dlightbox%26settings%3DeyJpZCI6NTIxODUsInVybCI6Imh0dHBzOlwvXC9paGVkbi5mclwvd3AtY29udGVudFwvdXBsb2Fkc1wvMjAyNVwvMDFcL1NSLVBETFI0LmpwZyIsInNsaWRlc2hvdyI6IjQwOGYzODcifQ%3D%3D\">\n\t\t\t\t\t<div class=\"e-gallery-image elementor-gallery-item__image\" data-thumbnail=\"https:\/\/ihedn.fr\/wp-content\/uploads\/2025\/01\/SR-PDLR4.jpg\" data-width=\"1600\" data-height=\"900\" aria-label=\"Opening of the 241st IHEDN regional session\" role=\"img\" ><\/div>\n\t\t\t\t\t\t\t\t\t\t\t<div class=\"elementor-gallery-item__overlay\"><\/div>\n\t\t\t\t\t\t\t\t\t\t\t\t\t\t<\/a>\n\t\t\t\t\t\t\t<a class=\"e-gallery-item elementor-gallery-item elementor-animated-content\" href=\"https:\/\/ihedn.fr\/wp-content\/uploads\/2025\/01\/SR-PDLR3.jpg\" data-elementor-open-lightbox=\"yes\" data-elementor-lightbox-slideshow=\"408f387\" data-e-action-hash=\"#elementor-action%3Aaction%3Dlightbox%26settings%3DeyJpZCI6NTIxODQsInVybCI6Imh0dHBzOlwvXC9paGVkbi5mclwvd3AtY29udGVudFwvdXBsb2Fkc1wvMjAyNVwvMDFcL1NSLVBETFIzLmpwZyIsInNsaWRlc2hvdyI6IjQwOGYzODcifQ%3D%3D\">\n\t\t\t\t\t<div class=\"e-gallery-image elementor-gallery-item__image\" data-thumbnail=\"https:\/\/ihedn.fr\/wp-content\/uploads\/2025\/01\/SR-PDLR3.jpg\" data-width=\"2048\" data-height=\"1536\" aria-label=\"Opening of the 241st IHEDN regional session\" role=\"img\" ><\/div>\n\t\t\t\t\t\t\t\t\t\t\t<div class=\"elementor-gallery-item__overlay\"><\/div>\n\t\t\t\t\t\t\t\t\t\t\t\t\t\t<\/a>\n\t\t\t\t\t<\/div>\n\t\t\t\t\t<\/div>\n\t\t\t\t<\/div>\n\t\t\t\t\t<\/div>\n\t\t\t\t<\/div>\n\t\t\t\t<\/div>","protected":false},"excerpt":{"rendered":"<p>The 241st regional session of the Institut des hautes \u00e9tudes de d\u00e9fense nationale opened at the Sarthe prefecture. For four weeks, 43 students from a wide range of backgrounds will have the opportunity to explore the major strategic challenges of our time, find out how the armed forces operate and get to grips with the issues involved in defence and national resilience, thanks to a programme combining visits to strategic sites, high-level lectures and group work. <\/p>","protected":false},"author":10,"featured_media":52183,"comment_status":"closed","ping_status":"closed","sticky":false,"template":"","format":"standard","meta":{"footnotes":""},"categories":[172],"tags":[],"class_list":["post-52181","post","type-post","status-publish","format-standard","has-post-thumbnail","hentry","category-notre-actualite"],"yoast_head":"<!-- This site is optimized with the Yoast SEO plugin v27.5 - https:\/\/yoast.com\/product\/yoast-seo-wordpress\/ -->\n<title>Ouverture de la 241e session en r\u00e9gion Pays de la Loire - L&#039;IHEDN : Institut des hautes \u00e9tudes de d\u00e9fense nationale<\/title>\n<meta name=\"description\" content=\"La 241e session en r\u00e9gion de l\u2019Institut des hautes \u00e9tudes de d\u00e9fense nationale s\u2019est ouverte \u00e0 la pr\u00e9fecture de la Sarthe. Pendant quatre semaines, 43 auditeurs aux parcours vari\u00e9s auront l\u2019opportunit\u00e9 d\u2019explorer les grands d\u00e9fis strat\u00e9giques contemporains, de d\u00e9couvrir le fonctionnement des arm\u00e9es et de s\u2019approprier les enjeux li\u00e9s \u00e0 la d\u00e9fense et \u00e0 la r\u00e9silience nationale, gr\u00e2ce \u00e0 un programme m\u00ealant visites de sites strat\u00e9giques, conf\u00e9rences de haut niveau et travaux collectifs.\" \/>\n<meta name=\"robots\" content=\"index, follow, max-snippet:-1, max-image-preview:large, max-video-preview:-1\" \/>\n<link rel=\"canonical\" href=\"https:\/\/ihedn.fr\/en\/notre-actualite\/ouverture-de-la-241e-session-en-region-pays-de-la-loire\/\" \/>\n<meta property=\"og:locale\" content=\"en_GB\" \/>\n<meta property=\"og:type\" content=\"article\" \/>\n<meta property=\"og:title\" content=\"Ouverture de la 241e session en r\u00e9gion Pays de la Loire\" \/>\n<meta property=\"og:description\" content=\"La 241e session en r\u00e9gion de l\u2019Institut des hautes \u00e9tudes de d\u00e9fense nationale s\u2019est ouverte \u00e0 la pr\u00e9fecture de la Sarthe. Pendant quatre semaines, 43 auditeurs aux parcours vari\u00e9s auront l\u2019opportunit\u00e9 d\u2019explorer les grands d\u00e9fis strat\u00e9giques contemporains, de d\u00e9couvrir le fonctionnement des arm\u00e9es et de s\u2019approprier les enjeux li\u00e9s \u00e0 la d\u00e9fense et \u00e0 la r\u00e9silience nationale, gr\u00e2ce \u00e0 un programme m\u00ealant visites de sites strat\u00e9giques, conf\u00e9rences de haut niveau et travaux collectifs.\" \/>\n<meta property=\"og:url\" content=\"https:\/\/ihedn.fr\/en\/notre-actualite\/ouverture-de-la-241e-session-en-region-pays-de-la-loire\/\" \/>\n<meta property=\"og:site_name\" content=\"L&#039;IHEDN : Institut des hautes \u00e9tudes de d\u00e9fense nationale\" \/>\n<meta property=\"article:publisher\" content=\"https:\/\/www.facebook.com\/ihedn\/\" \/>\n<meta property=\"article:published_time\" content=\"2025-01-16T09:16:22+00:00\" \/>\n<meta property=\"article:modified_time\" content=\"2025-01-16T09:24:02+00:00\" \/>\n<meta property=\"og:image\" content=\"https:\/\/ihedn.fr\/wp-content\/uploads\/2025\/01\/SR-PDL2.jpg\" \/>\n\t<meta property=\"og:image:width\" content=\"2048\" \/>\n\t<meta property=\"og:image:height\" content=\"1536\" \/>\n\t<meta property=\"og:image:type\" content=\"image\/jpeg\" \/>\n<meta name=\"author\" content=\"tanguy.morel@ihedn.fr\" \/>\n<meta name=\"twitter:card\" content=\"summary_large_image\" \/>\n<meta name=\"twitter:title\" content=\"Ouverture de la 241e session en r\u00e9gion Pays de la Loire\" \/>\n<meta name=\"twitter:description\" content=\"La 241e session en r\u00e9gion de l\u2019Institut des hautes \u00e9tudes de d\u00e9fense nationale s\u2019est ouverte \u00e0 la pr\u00e9fecture de la Sarthe. Pendant quatre semaines, 43 auditeurs aux parcours vari\u00e9s auront l\u2019opportunit\u00e9 d\u2019explorer les grands d\u00e9fis strat\u00e9giques contemporains, de d\u00e9couvrir le fonctionnement des arm\u00e9es et de s\u2019approprier les enjeux li\u00e9s \u00e0 la d\u00e9fense et \u00e0 la r\u00e9silience nationale, gr\u00e2ce \u00e0 un programme m\u00ealant visites de sites strat\u00e9giques, conf\u00e9rences de haut niveau et travaux collectifs.\" \/>\n<meta name=\"twitter:image\" content=\"https:\/\/ihedn.fr\/wp-content\/uploads\/2025\/01\/SR-PDL2.jpg\" \/>\n<meta name=\"twitter:creator\" content=\"@IHEDN\" \/>\n<meta name=\"twitter:site\" content=\"@IHEDN\" \/>\n<meta name=\"twitter:label1\" content=\"Written by\" \/>\n\t<meta name=\"twitter:data1\" content=\"tanguy.morel@ihedn.fr\" \/>\n\t<meta name=\"twitter:label2\" content=\"Estimated reading time\" \/>\n\t<meta name=\"twitter:data2\" content=\"1 minute\" \/>\n<script type=\"application\/ld+json\" class=\"yoast-schema-graph\">{\"@context\":\"https:\\\/\\\/schema.org\",\"@graph\":[{\"@type\":\"Article\",\"@id\":\"https:\\\/\\\/ihedn.fr\\\/notre-actualite\\\/ouverture-de-la-241e-session-en-region-pays-de-la-loire\\\/#article\",\"isPartOf\":{\"@id\":\"https:\\\/\\\/ihedn.fr\\\/notre-actualite\\\/ouverture-de-la-241e-session-en-region-pays-de-la-loire\\\/\"},\"author\":{\"name\":\"tanguy.morel@ihedn.fr\",\"@id\":\"https:\\\/\\\/ihedn.fr\\\/#\\\/schema\\\/person\\\/ed217a37104b27a246b200e65b827cc7\"},\"headline\":\"Ouverture de la 241e session en r\u00e9gion Pays de la Loire\",\"datePublished\":\"2025-01-16T09:16:22+00:00\",\"dateModified\":\"2025-01-16T09:24:02+00:00\",\"mainEntityOfPage\":{\"@id\":\"https:\\\/\\\/ihedn.fr\\\/notre-actualite\\\/ouverture-de-la-241e-session-en-region-pays-de-la-loire\\\/\"},\"wordCount\":231,\"publisher\":{\"@id\":\"https:\\\/\\\/ihedn.fr\\\/#organization\"},\"image\":{\"@id\":\"https:\\\/\\\/ihedn.fr\\\/notre-actualite\\\/ouverture-de-la-241e-session-en-region-pays-de-la-loire\\\/#primaryimage\"},\"thumbnailUrl\":\"https:\\\/\\\/ihedn.fr\\\/wp-content\\\/uploads\\\/2025\\\/01\\\/SR-PDL2.jpg\",\"articleSection\":[\"Notre actualit\u00e9\"],\"inLanguage\":\"en-GB\"},{\"@type\":\"WebPage\",\"@id\":\"https:\\\/\\\/ihedn.fr\\\/notre-actualite\\\/ouverture-de-la-241e-session-en-region-pays-de-la-loire\\\/\",\"url\":\"https:\\\/\\\/ihedn.fr\\\/notre-actualite\\\/ouverture-de-la-241e-session-en-region-pays-de-la-loire\\\/\",\"name\":\"Ouverture de la 241e session en r\u00e9gion Pays de la Loire - L&#039;IHEDN : Institut des hautes \u00e9tudes de d\u00e9fense nationale\",\"isPartOf\":{\"@id\":\"https:\\\/\\\/ihedn.fr\\\/#website\"},\"primaryImageOfPage\":{\"@id\":\"https:\\\/\\\/ihedn.fr\\\/notre-actualite\\\/ouverture-de-la-241e-session-en-region-pays-de-la-loire\\\/#primaryimage\"},\"image\":{\"@id\":\"https:\\\/\\\/ihedn.fr\\\/notre-actualite\\\/ouverture-de-la-241e-session-en-region-pays-de-la-loire\\\/#primaryimage\"},\"thumbnailUrl\":\"https:\\\/\\\/ihedn.fr\\\/wp-content\\\/uploads\\\/2025\\\/01\\\/SR-PDL2.jpg\",\"datePublished\":\"2025-01-16T09:16:22+00:00\",\"dateModified\":\"2025-01-16T09:24:02+00:00\",\"description\":\"La 241e session en r\u00e9gion de l\u2019Institut des hautes \u00e9tudes de d\u00e9fense nationale s\u2019est ouverte \u00e0 la pr\u00e9fecture de la Sarthe. Pendant quatre semaines, 43 auditeurs aux parcours vari\u00e9s auront l\u2019opportunit\u00e9 d\u2019explorer les grands d\u00e9fis strat\u00e9giques contemporains, de d\u00e9couvrir le fonctionnement des arm\u00e9es et de s\u2019approprier les enjeux li\u00e9s \u00e0 la d\u00e9fense et \u00e0 la r\u00e9silience nationale, gr\u00e2ce \u00e0 un programme m\u00ealant visites de sites strat\u00e9giques, conf\u00e9rences de haut niveau et travaux collectifs.\",\"breadcrumb\":{\"@id\":\"https:\\\/\\\/ihedn.fr\\\/notre-actualite\\\/ouverture-de-la-241e-session-en-region-pays-de-la-loire\\\/#breadcrumb\"},\"inLanguage\":\"en-GB\",\"potentialAction\":[{\"@type\":\"ReadAction\",\"target\":[\"https:\\\/\\\/ihedn.fr\\\/notre-actualite\\\/ouverture-de-la-241e-session-en-region-pays-de-la-loire\\\/\"]}]},{\"@type\":\"ImageObject\",\"inLanguage\":\"en-GB\",\"@id\":\"https:\\\/\\\/ihedn.fr\\\/notre-actualite\\\/ouverture-de-la-241e-session-en-region-pays-de-la-loire\\\/#primaryimage\",\"url\":\"https:\\\/\\\/ihedn.fr\\\/wp-content\\\/uploads\\\/2025\\\/01\\\/SR-PDL2.jpg\",\"contentUrl\":\"https:\\\/\\\/ihedn.fr\\\/wp-content\\\/uploads\\\/2025\\\/01\\\/SR-PDL2.jpg\",\"width\":2048,\"height\":1536,\"caption\":\"Ouverture de la 241e session en r\u00e9gion de l'IHEDN\"},{\"@type\":\"BreadcrumbList\",\"@id\":\"https:\\\/\\\/ihedn.fr\\\/notre-actualite\\\/ouverture-de-la-241e-session-en-region-pays-de-la-loire\\\/#breadcrumb\",\"itemListElement\":[{\"@type\":\"ListItem\",\"position\":1,\"name\":\"Accueil\",\"item\":\"https:\\\/\\\/ihedn.fr\\\/\"},{\"@type\":\"ListItem\",\"position\":2,\"name\":\"Ouverture de la 241e session en r\u00e9gion Pays de la Loire\"}]},{\"@type\":\"WebSite\",\"@id\":\"https:\\\/\\\/ihedn.fr\\\/#website\",\"url\":\"https:\\\/\\\/ihedn.fr\\\/\",\"name\":\"IHEDN : Institut des hautes \u00e9tudes de d\u00e9fense nationale |\",\"description\":\"Site officiel de l&#039;IHEDN plac\u00e9 sous la tutelle du Premier ministre.\",\"publisher\":{\"@id\":\"https:\\\/\\\/ihedn.fr\\\/#organization\"},\"potentialAction\":[{\"@type\":\"SearchAction\",\"target\":{\"@type\":\"EntryPoint\",\"urlTemplate\":\"https:\\\/\\\/ihedn.fr\\\/?s={search_term_string}\"},\"query-input\":{\"@type\":\"PropertyValueSpecification\",\"valueRequired\":true,\"valueName\":\"search_term_string\"}}],\"inLanguage\":\"en-GB\"},{\"@type\":\"Organization\",\"@id\":\"https:\\\/\\\/ihedn.fr\\\/#organization\",\"name\":\"IHEDN - Institut des Hautes Etudes de D\u00e9fense Nationale\",\"url\":\"https:\\\/\\\/ihedn.fr\\\/\",\"logo\":{\"@type\":\"ImageObject\",\"inLanguage\":\"en-GB\",\"@id\":\"https:\\\/\\\/ihedn.fr\\\/#\\\/schema\\\/logo\\\/image\\\/\",\"url\":\"https:\\\/\\\/ihedn.fr\\\/wp-content\\\/uploads\\\/2020\\\/11\\\/BLOC_RF_IHEDN_WEB.png\",\"contentUrl\":\"https:\\\/\\\/ihedn.fr\\\/wp-content\\\/uploads\\\/2020\\\/11\\\/BLOC_RF_IHEDN_WEB.png\",\"width\":500,\"height\":237,\"caption\":\"IHEDN - Institut des Hautes Etudes de D\u00e9fense Nationale\"},\"image\":{\"@id\":\"https:\\\/\\\/ihedn.fr\\\/#\\\/schema\\\/logo\\\/image\\\/\"},\"sameAs\":[\"https:\\\/\\\/www.facebook.com\\\/ihedn\\\/\",\"https:\\\/\\\/x.com\\\/IHEDN\",\"https:\\\/\\\/www.instagram.com\\\/ihedn\\\/\",\"https:\\\/\\\/www.linkedin.com\\\/school\\\/ihedn\\\/\",\"https:\\\/\\\/fr.wikipedia.org\\\/wiki\\\/Institut_des_hautes_\u00e9tudes_de_D\u00e9fense_nationale\"]},{\"@type\":\"Person\",\"@id\":\"https:\\\/\\\/ihedn.fr\\\/#\\\/schema\\\/person\\\/ed217a37104b27a246b200e65b827cc7\",\"name\":\"tanguy.morel@ihedn.fr\",\"image\":{\"@type\":\"ImageObject\",\"inLanguage\":\"en-GB\",\"@id\":\"https:\\\/\\\/secure.gravatar.com\\\/avatar\\\/36877cd30919fafddf1f9da45f4154aa468a64328452f2ceaff0968772207348?s=96&d=mm&r=g\",\"url\":\"https:\\\/\\\/secure.gravatar.com\\\/avatar\\\/36877cd30919fafddf1f9da45f4154aa468a64328452f2ceaff0968772207348?s=96&d=mm&r=g\",\"contentUrl\":\"https:\\\/\\\/secure.gravatar.com\\\/avatar\\\/36877cd30919fafddf1f9da45f4154aa468a64328452f2ceaff0968772207348?s=96&d=mm&r=g\",\"caption\":\"tanguy.morel@ihedn.fr\"},\"url\":\"https:\\\/\\\/ihedn.fr\\\/en\\\/author\\\/tanguy-morelihedn-fr\\\/\"}]}<\/script>\n<!-- \/ Yoast SEO plugin. -->","yoast_head_json":{"title":"Opening of the 241st session in the Pays de la Loire region - L'IHEDN : Institut des hautes \u00e9tudes de d\u00e9fense nationale","description":"The 241st regional session of the Institut des hautes \u00e9tudes de d\u00e9fense nationale opened at the Sarthe prefecture. For four weeks, 43 students from a wide range of backgrounds will have the opportunity to explore the major strategic challenges of our time, find out how the armed forces operate and get to grips with the issues involved in defence and national resilience, thanks to a programme combining visits to strategic sites, high-level lectures and group work.","robots":{"index":"index","follow":"follow","max-snippet":"max-snippet:-1","max-image-preview":"max-image-preview:large","max-video-preview":"max-video-preview:-1"},"canonical":"https:\/\/ihedn.fr\/en\/notre-actualite\/ouverture-de-la-241e-session-en-region-pays-de-la-loire\/","og_locale":"en_GB","og_type":"article","og_title":"Ouverture de la 241e session en r\u00e9gion Pays de la Loire","og_description":"La 241e session en r\u00e9gion de l\u2019Institut des hautes \u00e9tudes de d\u00e9fense nationale s\u2019est ouverte \u00e0 la pr\u00e9fecture de la Sarthe. Pendant quatre semaines, 43 auditeurs aux parcours vari\u00e9s auront l\u2019opportunit\u00e9 d\u2019explorer les grands d\u00e9fis strat\u00e9giques contemporains, de d\u00e9couvrir le fonctionnement des arm\u00e9es et de s\u2019approprier les enjeux li\u00e9s \u00e0 la d\u00e9fense et \u00e0 la r\u00e9silience nationale, gr\u00e2ce \u00e0 un programme m\u00ealant visites de sites strat\u00e9giques, conf\u00e9rences de haut niveau et travaux collectifs.","og_url":"https:\/\/ihedn.fr\/en\/notre-actualite\/ouverture-de-la-241e-session-en-region-pays-de-la-loire\/","og_site_name":"L&#039;IHEDN : Institut des hautes \u00e9tudes de d\u00e9fense nationale","article_publisher":"https:\/\/www.facebook.com\/ihedn\/","article_published_time":"2025-01-16T09:16:22+00:00","article_modified_time":"2025-01-16T09:24:02+00:00","og_image":[{"width":2048,"height":1536,"url":"https:\/\/ihedn.fr\/wp-content\/uploads\/2025\/01\/SR-PDL2.jpg","type":"image\/jpeg"}],"author":"tanguy.morel@ihedn.fr","twitter_card":"summary_large_image","twitter_title":"Ouverture de la 241e session en r\u00e9gion Pays de la Loire","twitter_description":"La 241e session en r\u00e9gion de l\u2019Institut des hautes \u00e9tudes de d\u00e9fense nationale s\u2019est ouverte \u00e0 la pr\u00e9fecture de la Sarthe. Pendant quatre semaines, 43 auditeurs aux parcours vari\u00e9s auront l\u2019opportunit\u00e9 d\u2019explorer les grands d\u00e9fis strat\u00e9giques contemporains, de d\u00e9couvrir le fonctionnement des arm\u00e9es et de s\u2019approprier les enjeux li\u00e9s \u00e0 la d\u00e9fense et \u00e0 la r\u00e9silience nationale, gr\u00e2ce \u00e0 un programme m\u00ealant visites de sites strat\u00e9giques, conf\u00e9rences de haut niveau et travaux collectifs.","twitter_image":"https:\/\/ihedn.fr\/wp-content\/uploads\/2025\/01\/SR-PDL2.jpg","twitter_creator":"@IHEDN","twitter_site":"@IHEDN","twitter_misc":{"Written by":"tanguy.morel@ihedn.fr","Estimated reading time":"1 minute"},"schema":{"@context":"https:\/\/schema.org","@graph":[{"@type":"Article","@id":"https:\/\/ihedn.fr\/notre-actualite\/ouverture-de-la-241e-session-en-region-pays-de-la-loire\/#article","isPartOf":{"@id":"https:\/\/ihedn.fr\/notre-actualite\/ouverture-de-la-241e-session-en-region-pays-de-la-loire\/"},"author":{"name":"tanguy.morel@ihedn.fr","@id":"https:\/\/ihedn.fr\/#\/schema\/person\/ed217a37104b27a246b200e65b827cc7"},"headline":"Ouverture de la 241e session en r\u00e9gion Pays de la Loire","datePublished":"2025-01-16T09:16:22+00:00","dateModified":"2025-01-16T09:24:02+00:00","mainEntityOfPage":{"@id":"https:\/\/ihedn.fr\/notre-actualite\/ouverture-de-la-241e-session-en-region-pays-de-la-loire\/"},"wordCount":231,"publisher":{"@id":"https:\/\/ihedn.fr\/#organization"},"image":{"@id":"https:\/\/ihedn.fr\/notre-actualite\/ouverture-de-la-241e-session-en-region-pays-de-la-loire\/#primaryimage"},"thumbnailUrl":"https:\/\/ihedn.fr\/wp-content\/uploads\/2025\/01\/SR-PDL2.jpg","articleSection":["Notre actualit\u00e9"],"inLanguage":"en-GB"},{"@type":"WebPage","@id":"https:\/\/ihedn.fr\/notre-actualite\/ouverture-de-la-241e-session-en-region-pays-de-la-loire\/","url":"https:\/\/ihedn.fr\/notre-actualite\/ouverture-de-la-241e-session-en-region-pays-de-la-loire\/","name":"Opening of the 241st session in the Pays de la Loire region - L'IHEDN : Institut des hautes \u00e9tudes de d\u00e9fense nationale","isPartOf":{"@id":"https:\/\/ihedn.fr\/#website"},"primaryImageOfPage":{"@id":"https:\/\/ihedn.fr\/notre-actualite\/ouverture-de-la-241e-session-en-region-pays-de-la-loire\/#primaryimage"},"image":{"@id":"https:\/\/ihedn.fr\/notre-actualite\/ouverture-de-la-241e-session-en-region-pays-de-la-loire\/#primaryimage"},"thumbnailUrl":"https:\/\/ihedn.fr\/wp-content\/uploads\/2025\/01\/SR-PDL2.jpg","datePublished":"2025-01-16T09:16:22+00:00","dateModified":"2025-01-16T09:24:02+00:00","description":"The 241st regional session of the Institut des hautes \u00e9tudes de d\u00e9fense nationale opened at the Sarthe prefecture. For four weeks, 43 students from a wide range of backgrounds will have the opportunity to explore the major strategic challenges of our time, find out how the armed forces operate and get to grips with the issues involved in defence and national resilience, thanks to a programme combining visits to strategic sites, high-level lectures and group work.","breadcrumb":{"@id":"https:\/\/ihedn.fr\/notre-actualite\/ouverture-de-la-241e-session-en-region-pays-de-la-loire\/#breadcrumb"},"inLanguage":"en-GB","potentialAction":[{"@type":"ReadAction","target":["https:\/\/ihedn.fr\/notre-actualite\/ouverture-de-la-241e-session-en-region-pays-de-la-loire\/"]}]},{"@type":"ImageObject","inLanguage":"en-GB","@id":"https:\/\/ihedn.fr\/notre-actualite\/ouverture-de-la-241e-session-en-region-pays-de-la-loire\/#primaryimage","url":"https:\/\/ihedn.fr\/wp-content\/uploads\/2025\/01\/SR-PDL2.jpg","contentUrl":"https:\/\/ihedn.fr\/wp-content\/uploads\/2025\/01\/SR-PDL2.jpg","width":2048,"height":1536,"caption":"Ouverture de la 241e session en r\u00e9gion de l'IHEDN"},{"@type":"BreadcrumbList","@id":"https:\/\/ihedn.fr\/notre-actualite\/ouverture-de-la-241e-session-en-region-pays-de-la-loire\/#breadcrumb","itemListElement":[{"@type":"ListItem","position":1,"name":"Accueil","item":"https:\/\/ihedn.fr\/"},{"@type":"ListItem","position":2,"name":"Ouverture de la 241e session en r\u00e9gion Pays de la Loire"}]},{"@type":"WebSite","@id":"https:\/\/ihedn.fr\/#website","url":"https:\/\/ihedn.fr\/","name":"IHEDN: Institut des hautes \u00e9tudes de d\u00e9fense nationale (Institute for Higher National Defence Studies)","description":"Official website of the IHEDN under the supervision of the Prime Minister.","publisher":{"@id":"https:\/\/ihedn.fr\/#organization"},"potentialAction":[{"@type":"SearchAction","target":{"@type":"EntryPoint","urlTemplate":"https:\/\/ihedn.fr\/?s={search_term_string}"},"query-input":{"@type":"PropertyValueSpecification","valueRequired":true,"valueName":"search_term_string"}}],"inLanguage":"en-GB"},{"@type":"Organization","@id":"https:\/\/ihedn.fr\/#organization","name":"IHEDN - Institute for Higher National Defence Studies","url":"https:\/\/ihedn.fr\/","logo":{"@type":"ImageObject","inLanguage":"en-GB","@id":"https:\/\/ihedn.fr\/#\/schema\/logo\/image\/","url":"https:\/\/ihedn.fr\/wp-content\/uploads\/2020\/11\/BLOC_RF_IHEDN_WEB.png","contentUrl":"https:\/\/ihedn.fr\/wp-content\/uploads\/2020\/11\/BLOC_RF_IHEDN_WEB.png","width":500,"height":237,"caption":"IHEDN - Institut des Hautes Etudes de D\u00e9fense Nationale"},"image":{"@id":"https:\/\/ihedn.fr\/#\/schema\/logo\/image\/"},"sameAs":["https:\/\/www.facebook.com\/ihedn\/","https:\/\/x.com\/IHEDN","https:\/\/www.instagram.com\/ihedn\/","https:\/\/www.linkedin.com\/school\/ihedn\/","https:\/\/fr.wikipedia.org\/wiki\/Institut_des_hautes_\u00e9tudes_de_D\u00e9fense_nationale"]},{"@type":"Person","@id":"https:\/\/ihedn.fr\/#\/schema\/person\/ed217a37104b27a246b200e65b827cc7","name":"tanguy.morel@ihedn.fr","image":{"@type":"ImageObject","inLanguage":"en-GB","@id":"https:\/\/secure.gravatar.com\/avatar\/36877cd30919fafddf1f9da45f4154aa468a64328452f2ceaff0968772207348?s=96&d=mm&r=g","url":"https:\/\/secure.gravatar.com\/avatar\/36877cd30919fafddf1f9da45f4154aa468a64328452f2ceaff0968772207348?s=96&d=mm&r=g","contentUrl":"https:\/\/secure.gravatar.com\/avatar\/36877cd30919fafddf1f9da45f4154aa468a64328452f2ceaff0968772207348?s=96&d=mm&r=g","caption":"tanguy.morel@ihedn.fr"},"url":"https:\/\/ihedn.fr\/en\/author\/tanguy-morelihedn-fr\/"}]}},"publishpress_future_action":{"enabled":false,"date":"2026-05-07 05:58:06","action":"change-status","newStatus":"draft","terms":[],"taxonomy":"category","extraData":[]},"publishpress_future_workflow_manual_trigger":{"enabledWorkflows":[]},"_links":{"self":[{"href":"https:\/\/ihedn.fr\/en\/wp-json\/wp\/v2\/posts\/52181","targetHints":{"allow":["GET"]}}],"collection":[{"href":"https:\/\/ihedn.fr\/en\/wp-json\/wp\/v2\/posts"}],"about":[{"href":"https:\/\/ihedn.fr\/en\/wp-json\/wp\/v2\/types\/post"}],"author":[{"embeddable":true,"href":"https:\/\/ihedn.fr\/en\/wp-json\/wp\/v2\/users\/10"}],"replies":[{"embeddable":true,"href":"https:\/\/ihedn.fr\/en\/wp-json\/wp\/v2\/comments?post=52181"}],"version-history":[{"count":13,"href":"https:\/\/ihedn.fr\/en\/wp-json\/wp\/v2\/posts\/52181\/revisions"}],"predecessor-version":[{"id":52201,"href":"https:\/\/ihedn.fr\/en\/wp-json\/wp\/v2\/posts\/52181\/revisions\/52201"}],"wp:featuredmedia":[{"embeddable":true,"href":"https:\/\/ihedn.fr\/en\/wp-json\/wp\/v2\/media\/52183"}],"wp:attachment":[{"href":"https:\/\/ihedn.fr\/en\/wp-json\/wp\/v2\/media?parent=52181"}],"wp:term":[{"taxonomy":"category","embeddable":true,"href":"https:\/\/ihedn.fr\/en\/wp-json\/wp\/v2\/categories?post=52181"},{"taxonomy":"post_tag","embeddable":true,"href":"https:\/\/ihedn.fr\/en\/wp-json\/wp\/v2\/tags?post=52181"}],"curies":[{"name":"wp","href":"https:\/\/api.w.org\/{rel}","templated":true}]}}