{"id":52424,"date":"2025-02-10T16:16:50","date_gmt":"2025-02-10T15:16:50","guid":{"rendered":"https:\/\/ihedn.fr\/?p=52424"},"modified":"2025-09-03T14:21:14","modified_gmt":"2025-09-03T13:21:14","slug":"dana-spinant-la-lutte-contre-la-manipulation-de-linformation-est-une-des-priorites-de-la-nouvelle-commission-europeenne","status":"publish","type":"post","link":"https:\/\/ihedn.fr\/en\/notre-selection\/dana-spinant-la-lutte-contre-la-manipulation-de-linformation-est-une-des-priorites-de-la-nouvelle-commission-europeenne\/","title":{"rendered":"Dana Spinant: \"Combating the manipulation of information is one of the priorities\" of the new European Commission"},"content":{"rendered":"<div data-elementor-type=\"wp-post\" data-elementor-id=\"52424\" class=\"elementor elementor-52424\" data-elementor-post-type=\"post\">\n\t\t\t\t<div data-particle_enable=\"false\" data-particle-mobile-disabled=\"false\" class=\"elementor-element elementor-element-230dc34 e-flex e-con-boxed e-con e-parent\" data-id=\"230dc34\" data-element_type=\"container\" data-e-type=\"container\">\n\t\t\t\t\t<div class=\"e-con-inner\">\n\t\t\t\t<div class=\"elementor-element elementor-element-9ce855c elementor-widget elementor-widget-text-editor\" data-id=\"9ce855c\" data-element_type=\"widget\" data-e-type=\"widget\" data-widget_type=\"text-editor.default\">\n\t\t\t\t<div class=\"elementor-widget-container\">\n\t\t\t\t\t\t\t\t\t<p style=\"text-align: left;\">Dana Spinant, a former journalist from Romania, has been Director General of Communications at the European Commission, the executive body of the European Union, since 1 December 2023. Trained as a journalist in Bucharest, then in international relations in Nice and in European political and administrative studies at the College of Europe in Bruges (Belgium), she worked for a dozen years as a correspondent in Brussels for various media before joining the EU institution in 2009.<\/p><p style=\"text-align: left;\">For IHEDN, this multilingual (Romanian, English, French, German and Italian) talks about the various disinformation and foreign interference campaigns that the EU has been subjected to in recent times, and the strategy already in place to counter these phenomena while respecting freedom of expression.<\/p>\t\t\t\t\t\t\t\t<\/div>\n\t\t\t\t<\/div>\n\t\t\t\t\t<\/div>\n\t\t\t\t<\/div>\n\t\t<div data-particle_enable=\"false\" data-particle-mobile-disabled=\"false\" class=\"elementor-element elementor-element-7bf256b e-con-full e-flex e-con e-parent\" data-id=\"7bf256b\" data-element_type=\"container\" data-e-type=\"container\">\n\t\t\t\t<div class=\"elementor-element elementor-element-618c98c elementor-widget elementor-widget-heading\" data-id=\"618c98c\" data-element_type=\"widget\" data-e-type=\"widget\" data-widget_type=\"heading.default\">\n\t\t\t\t<div class=\"elementor-widget-container\">\n\t\t\t\t\t<h2 class=\"elementor-heading-title elementor-size-default\">HOW DOES MISINFORMATION AFFECT EUROPEAN DEMOCRACIES, THEIR SOCIETIES AND THEIR INSTITUTIONS?<\/h2>\t\t\t\t<\/div>\n\t\t\t\t<\/div>\n\t\t\t\t<div class=\"elementor-element elementor-element-cbc595a elementor-widget-divider--view-line elementor-widget elementor-widget-divider\" data-id=\"cbc595a\" data-element_type=\"widget\" data-e-type=\"widget\" data-widget_type=\"divider.default\">\n\t\t\t\t<div class=\"elementor-widget-container\">\n\t\t\t\t\t\t\t<div class=\"elementor-divider\">\n\t\t\t<span class=\"elementor-divider-separator\">\n\t\t\t\t\t\t<\/span>\n\t\t<\/div>\n\t\t\t\t\t\t<\/div>\n\t\t\t\t<\/div>\n\t\t<div data-particle_enable=\"false\" data-particle-mobile-disabled=\"false\" class=\"elementor-element elementor-element-916e219 e-con-full e-flex e-con e-child\" data-id=\"916e219\" data-element_type=\"container\" data-e-type=\"container\">\n\t\t\t\t<div class=\"elementor-element elementor-element-2dfff21 elementor-widget__width-initial elementor-widget elementor-widget-text-editor\" data-id=\"2dfff21\" data-element_type=\"widget\" data-e-type=\"widget\" data-widget_type=\"text-editor.default\">\n\t\t\t\t<div class=\"elementor-widget-container\">\n\t\t\t\t\t\t\t\t\t<p style=\"text-align: left;\">Misinformation, as well as the manipulation of information and foreign interference, are serious threats to European societies and their institutions.<\/p><p style=\"text-align: left;\">One of their major objectives is to polarise and divide our democratic societies in order to weaken them in the interests of hostile actors. To this end, they exploit and amplify uncertainty, discontent or legitimate fears - whether about the cost of living, identity issues or war - with consequences that can range from resentment to acts of violence, as we saw last summer with the demonstrations in the UK that were amplified by appeals on social networks.<\/p><p style=\"text-align: left;\">Disinformation and interference can also undermine democratic institutions and processes, such as elections. They prevent citizens from making informed decisions or can dissuade them from voting, as we have seen recently.<\/p>\t\t\t\t\t\t\t\t<\/div>\n\t\t\t\t<\/div>\n\t\t\t\t<\/div>\n\t\t\t\t<\/div>\n\t\t<div data-particle_enable=\"false\" data-particle-mobile-disabled=\"false\" class=\"elementor-element elementor-element-aa035fe e-con-full e-flex e-con e-parent\" data-id=\"aa035fe\" data-element_type=\"container\" data-e-type=\"container\">\n\t\t\t\t<div class=\"elementor-element elementor-element-4bfc896 elementor-widget elementor-widget-heading\" data-id=\"4bfc896\" data-element_type=\"widget\" data-e-type=\"widget\" data-widget_type=\"heading.default\">\n\t\t\t\t<div class=\"elementor-widget-container\">\n\t\t\t\t\t<h2 class=\"elementor-heading-title elementor-size-default\">ARE YOU SEEING AN INCREASE IN THIS PHENOMENON? CAN YOU GIVE SOME RECENT EXAMPLES?<\/h2>\t\t\t\t<\/div>\n\t\t\t\t<\/div>\n\t\t\t\t<div class=\"elementor-element elementor-element-682eb11 elementor-widget-divider--view-line elementor-widget elementor-widget-divider\" data-id=\"682eb11\" data-element_type=\"widget\" data-e-type=\"widget\" data-widget_type=\"divider.default\">\n\t\t\t\t<div class=\"elementor-widget-container\">\n\t\t\t\t\t\t\t<div class=\"elementor-divider\">\n\t\t\t<span class=\"elementor-divider-separator\">\n\t\t\t\t\t\t<\/span>\n\t\t<\/div>\n\t\t\t\t\t\t<\/div>\n\t\t\t\t<\/div>\n\t\t<div data-particle_enable=\"false\" data-particle-mobile-disabled=\"false\" class=\"elementor-element elementor-element-fe961bb e-con-full e-flex e-con e-child\" data-id=\"fe961bb\" data-element_type=\"container\" data-e-type=\"container\">\n\t\t\t\t<div class=\"elementor-element elementor-element-581058e elementor-widget elementor-widget-text-editor\" data-id=\"581058e\" data-element_type=\"widget\" data-e-type=\"widget\" data-widget_type=\"text-editor.default\">\n\t\t\t\t<div class=\"elementor-widget-container\">\n\t\t\t\t\t\t\t\t\t<p style=\"text-align: left;\">We have seen an increase in this phenomenon in recent years. This is partly due to the increasingly tense geopolitical situation following the COVID crisis, Russia's war against Ukraine and the conflict in the Near and Middle East, but also to the profound transformation of the information space in general.<\/p><p style=\"text-align: left;\">Disinformation and interference are now part of a toolbox of hostile actors that includes various hybrid threats - including cyber attacks, the instrumentalisation of migrants and threats or attacks against election candidates.<\/p><p style=\"text-align: left;\">For example, we had a clear demonstration of their methods during the presidential election in Moldova last year.<\/p>\t\t\t\t\t\t\t\t<\/div>\n\t\t\t\t<\/div>\n\t\t\t\t<\/div>\n\t\t\t\t<\/div>\n\t\t<div data-particle_enable=\"false\" data-particle-mobile-disabled=\"false\" class=\"elementor-element elementor-element-1bc2fe0 e-con-full e-flex e-con e-parent\" data-id=\"1bc2fe0\" data-element_type=\"container\" data-e-type=\"container\">\n\t\t\t\t<div class=\"elementor-element elementor-element-3432774 elementor-widget elementor-widget-heading\" data-id=\"3432774\" data-element_type=\"widget\" data-e-type=\"widget\" data-widget_type=\"heading.default\">\n\t\t\t\t<div class=\"elementor-widget-container\">\n\t\t\t\t\t<h2 class=\"elementor-heading-title elementor-size-default\">WERE THE LAST EUROPEAN ELECTIONS IN JUNE 2024 AFFECTED BY MISINFORMATION?<\/h2>\t\t\t\t<\/div>\n\t\t\t\t<\/div>\n\t\t\t\t<div class=\"elementor-element elementor-element-cb18c3c elementor-widget-divider--view-line elementor-widget elementor-widget-divider\" data-id=\"cb18c3c\" data-element_type=\"widget\" data-e-type=\"widget\" data-widget_type=\"divider.default\">\n\t\t\t\t<div class=\"elementor-widget-container\">\n\t\t\t\t\t\t\t<div class=\"elementor-divider\">\n\t\t\t<span class=\"elementor-divider-separator\">\n\t\t\t\t\t\t<\/span>\n\t\t<\/div>\n\t\t\t\t\t\t<\/div>\n\t\t\t\t<\/div>\n\t\t<div data-particle_enable=\"false\" data-particle-mobile-disabled=\"false\" class=\"elementor-element elementor-element-22fdc3b e-con-full e-flex e-con e-child\" data-id=\"22fdc3b\" data-element_type=\"container\" data-e-type=\"container\">\n\t\t\t\t<div class=\"elementor-element elementor-element-f91ba4b elementor-widget elementor-widget-text-editor\" data-id=\"f91ba4b\" data-element_type=\"widget\" data-e-type=\"widget\" data-widget_type=\"text-editor.default\">\n\t\t\t\t<div class=\"elementor-widget-container\">\n\t\t\t\t\t\t\t\t\t<p style=\"text-align: left;\">The European elections were a test of the response mechanisms we have established over the last few years.<\/p><p style=\"text-align: left;\">We have witnessed widespread campaigns of manipulation and interference in European elections and policies, cyber attacks and electoral manipulation both in the run-up to and during the European elections in June 2024.<\/p><p style=\"text-align: left;\">The French authorities have uncovered and exposed large-scale manipulation operations such as <em>Doppelg\u00e4nger<\/em>which imitates the websites of reputable organisations. The Czech authorities have also uncovered interference by Voice of Europe, a news website financed by Russia.<\/p><p style=\"text-align: left;\">Thanks to the support of Member States and our response mechanisms, we were able to exercise increased vigilance, detect threats and respond to them in an agile manner. As a result, the integrity of the elections was not affected.<\/p>\t\t\t\t\t\t\t\t<\/div>\n\t\t\t\t<\/div>\n\t\t\t\t<\/div>\n\t\t\t\t<\/div>\n\t\t<div data-particle_enable=\"false\" data-particle-mobile-disabled=\"false\" class=\"elementor-element elementor-element-760d469 e-con-full e-flex e-con e-parent\" data-id=\"760d469\" data-element_type=\"container\" data-e-type=\"container\">\n\t\t\t\t<div class=\"elementor-element elementor-element-7ac32b3 elementor-widget elementor-widget-heading\" data-id=\"7ac32b3\" data-element_type=\"widget\" data-e-type=\"widget\" data-widget_type=\"heading.default\">\n\t\t\t\t<div class=\"elementor-widget-container\">\n\t\t\t\t\t<h2 class=\"elementor-heading-title elementor-size-default\">WHAT IS THE EUROPEAN COMMISSION'S RESPONSE TO MISINFORMATION?<\/h2>\t\t\t\t<\/div>\n\t\t\t\t<\/div>\n\t\t\t\t<div class=\"elementor-element elementor-element-da47fda elementor-widget-divider--view-line elementor-widget elementor-widget-divider\" data-id=\"da47fda\" data-element_type=\"widget\" data-e-type=\"widget\" data-widget_type=\"divider.default\">\n\t\t\t\t<div class=\"elementor-widget-container\">\n\t\t\t\t\t\t\t<div class=\"elementor-divider\">\n\t\t\t<span class=\"elementor-divider-separator\">\n\t\t\t\t\t\t<\/span>\n\t\t<\/div>\n\t\t\t\t\t\t<\/div>\n\t\t\t\t<\/div>\n\t\t<div data-particle_enable=\"false\" data-particle-mobile-disabled=\"false\" class=\"elementor-element elementor-element-d6ae1ee e-con-full e-flex e-con e-child\" data-id=\"d6ae1ee\" data-element_type=\"container\" data-e-type=\"container\">\n\t\t\t\t<div class=\"elementor-element elementor-element-5ea9e8a elementor-widget elementor-widget-text-editor\" data-id=\"5ea9e8a\" data-element_type=\"widget\" data-e-type=\"widget\" data-widget_type=\"text-editor.default\">\n\t\t\t\t<div class=\"elementor-widget-container\">\n\t\t\t\t\t\t\t\t\t<p style=\"text-align: left;\">The manipulation of information and interference is a complex challenge that requires a multi-dimensional approach at national and European level. Over the past few years, we have taken resolute action to counter these threats while respecting freedom of expression and information, which are cardinal virtues for us. Our work has focused on five pillars.<\/p><p style=\"text-align: left;\">The first pillar concerns the protection of journalists and media pluralism, because quality traditional media play an essential role in the fight against disinformation and interference. This is why the European Union has adopted the <a href=\"https:\/\/eur-lex.europa.eu\/legal-content\/FR\/TXT\/PDF\/?uri=OJ:L_202401069\" target=\"_blank\" rel=\"noopener\">legislation to protect journalists from abusive prosecution<\/a>the <a href=\"https:\/\/eur-lex.europa.eu\/legal-content\/FR\/TXT\/PDF\/?uri=OJ:L_202401083\" target=\"_blank\" rel=\"noopener\">European law on media freedom<\/a>and <a href=\"https:\/\/eur-lex.europa.eu\/legal-content\/FR\/TXT\/PDF\/?uri=OJ:L_202400900\" target=\"_blank\" rel=\"noopener\">rules on the transparency of political advertising<\/a>.<\/p><p style=\"text-align: left;\">The second pillar aims to make digital platforms more accountable. We have introduced the <a href=\"https:\/\/eur-lex.europa.eu\/legal-content\/FR\/TXT\/PDF\/?uri=CELEX:32022R2065\" target=\"_blank\" rel=\"noopener\">digital services act<\/a>The DSA is the first law of its kind in the world. When it came into force in February 2024, it changed the face of the fight against manipulation and interference by defining, among other things, what constitutes illegal content, rules for identifying political advertising, and the role of platforms in managing such content. The measures put forward by the law are carefully proportionate, to ensure that freedom of expression is respected.<\/p><p style=\"text-align: left;\">The third pillar provides for the strengthening of societal resilience by helping media education organisations and information verifiers, the '<em>fact-checkers<\/em>and promoting critical thinking. For example, we support the European Digital Media Observatory <a href=\"https:\/\/edmo.eu\/\" target=\"_blank\" rel=\"noopener\">(EDMO)<\/a> which has regional offices across Europe. We also run joint campaigns with national broadcasting regulators to raise public awareness of the risks of disinformation and interference.<\/p><p>The fourth pillar concerns the ability to monitor, analyse and unmask manipulative operations, and the shared analysis of the situation (<em>situational awareness<\/em>). The European External Action Service has been deploying capabilities in this area for around ten years; many Member States have followed suit. The Commission is also in the process of setting up a monitoring system focusing on the manipulation of information targeting European policies (e.g. climate action or migration). A rapid alert system has been set up to facilitate exchanges between the European and national levels. We have also developed a toolbox for the EU on information manipulation and interference activities carried out from abroad.\u00a0<a href=\"https:\/\/www.eeas.europa.eu\/sites\/default\/files\/documents\/2024\/EEAS%20Stratcom%20Annual%20Report%202023.pdf\" target=\"_blank\" rel=\"noopener\">('FIMI Toolbox').<\/a><\/p><p>The fifth and final pillar is cooperation with regional and global partners, which is essential to address the cross-border nature of the challenge. We are exchanging with NATO, G7 partners, and other countries and actors with relevant experience.<\/p>\t\t\t\t\t\t\t\t<\/div>\n\t\t\t\t<\/div>\n\t\t\t\t<\/div>\n\t\t\t\t<\/div>\n\t\t<div data-particle_enable=\"false\" data-particle-mobile-disabled=\"false\" class=\"elementor-element elementor-element-fd96686 e-con-full e-flex e-con e-parent\" data-id=\"fd96686\" data-element_type=\"container\" data-e-type=\"container\">\n\t\t\t\t<div class=\"elementor-element elementor-element-1054acf elementor-widget elementor-widget-heading\" data-id=\"1054acf\" data-element_type=\"widget\" data-e-type=\"widget\" data-widget_type=\"heading.default\">\n\t\t\t\t<div class=\"elementor-widget-container\">\n\t\t\t\t\t<h2 class=\"elementor-heading-title elementor-size-default\">WHAT ARE THE PRIORITIES OF THE NEW COMMISSION SET UP AT THE END OF 2024?<\/h2>\t\t\t\t<\/div>\n\t\t\t\t<\/div>\n\t\t\t\t<div class=\"elementor-element elementor-element-958d2ef elementor-widget-divider--view-line elementor-widget elementor-widget-divider\" data-id=\"958d2ef\" data-element_type=\"widget\" data-e-type=\"widget\" data-widget_type=\"divider.default\">\n\t\t\t\t<div class=\"elementor-widget-container\">\n\t\t\t\t\t\t\t<div class=\"elementor-divider\">\n\t\t\t<span class=\"elementor-divider-separator\">\n\t\t\t\t\t\t<\/span>\n\t\t<\/div>\n\t\t\t\t\t\t<\/div>\n\t\t\t\t<\/div>\n\t\t<div data-particle_enable=\"false\" data-particle-mobile-disabled=\"false\" class=\"elementor-element elementor-element-08c9d31 e-con-full e-flex e-con e-child\" data-id=\"08c9d31\" data-element_type=\"container\" data-e-type=\"container\">\n\t\t\t\t<div class=\"elementor-element elementor-element-fc8214c elementor-widget elementor-widget-text-editor\" data-id=\"fc8214c\" data-element_type=\"widget\" data-e-type=\"widget\" data-widget_type=\"text-editor.default\">\n\t\t\t\t<div class=\"elementor-widget-container\">\n\t\t\t\t\t\t\t\t\t<p style=\"text-align: left;\">We are at the start of a new political cycle with a new College at the head of the Commission. President von der Leyen has presented her <a href=\"https:\/\/commission.europa.eu\/document\/download\/e6cd4328-673c-4e7a-8683-f63ffb2cf648_fr?filename=Political%20Guidelines%202024-2029_fr.pdf\" target=\"_blank\" rel=\"noopener\">policy guidelines for the 2024-2029 mandate<\/a> in July 2024.<\/p><p style=\"text-align: left;\">The fight against the manipulation of information is one of the priorities on the agenda. Without prejudging the specific actions of the new team, information manipulation and the necessary responses will be addressed within the broader framework of resilience and crisis preparedness.<\/p><p style=\"text-align: left;\">In fact, at the request of President von der Leyen, former Finnish President Niinist\u00f6 presented in September 2024 a <a href=\"https:\/\/commission.europa.eu\/document\/download\/5bb2881f-9e29-42f2-8b77-8739b19d047c_en?filename=2024_Niinisto-report_Book_VF.pdf\" target=\"_blank\" rel=\"noopener\">report on strengthening crisis preparedness<\/a> which will serve as a source of inspiration for the Union's future strategy on the subject.<\/p><p style=\"text-align: left;\">The report presents a company-wide approach ('<em>whole-of-society<\/em>) and considers that citizens play an essential role in societal resilience and preparedness. In this context, the report stresses the importance of improving public education on the risks associated with cybersecurity and disinformation.<\/p><p style=\"text-align: left;\">The political guidelines also provide for the creation of a European Democracy Shield. This will represent a new stage in the fight against the manipulation of information and foreign interference.<\/p>\t\t\t\t\t\t\t\t<\/div>\n\t\t\t\t<\/div>\n\t\t\t\t<\/div>\n\t\t\t\t<\/div>\n\t\t\t\t<\/div>","protected":false},"excerpt":{"rendered":"<p>Foreign interference, disinformation and manipulation are aimed at \"dividing our democratic societies in order to weaken them in the interests of hostile actors\": in a rare interview, the European Union's \"dircom\" Dana Spinant talks about this growing scourge and details the five pillars put in place to tackle it.<\/p>","protected":false},"author":10,"featured_media":52434,"comment_status":"closed","ping_status":"closed","sticky":false,"template":"","format":"standard","meta":{"footnotes":""},"categories":[41,171,210],"tags":[],"class_list":["post-52424","post","type-post","status-publish","format-standard","has-post-thumbnail","hentry","category-lundis-de-lihedn","category-notre-selection","category-securite-nationale"],"yoast_head":"<!-- This site is optimized with the Yoast SEO plugin v27.5 - https:\/\/yoast.com\/product\/yoast-seo-wordpress\/ -->\n<title>Dana Spinant : \u00ab La lutte contre la manipulation de l\u2019information est une des priorit\u00e9s \u00bb de la nouvelle Commission europ\u00e9enne - L&#039;IHEDN : Institut des hautes \u00e9tudes de d\u00e9fense nationale<\/title>\n<meta name=\"description\" content=\"Ing\u00e9rences \u00e9trang\u00e8res, d\u00e9sinformation et manipulation visent \u00ab la division de nos soci\u00e9t\u00e9s d\u00e9mocratiques pour les affaiblir dans l\u2019int\u00e9r\u00eat d\u2019acteurs hostiles \u00bb : dans une rare interview, la \u00ab dircom \u00bb de l\u2019Union europ\u00e9enne Dana Spinant s\u2019exprime sur ce fl\u00e9au grandissant et d\u00e9taille les cinq piliers mis en place pour y faire face.\" \/>\n<meta name=\"robots\" content=\"index, follow, max-snippet:-1, max-image-preview:large, max-video-preview:-1\" \/>\n<link rel=\"canonical\" href=\"https:\/\/ihedn.fr\/en\/notre-selection\/dana-spinant-la-lutte-contre-la-manipulation-de-linformation-est-une-des-priorites-de-la-nouvelle-commission-europeenne\/\" \/>\n<meta property=\"og:locale\" content=\"en_GB\" \/>\n<meta property=\"og:type\" content=\"article\" \/>\n<meta property=\"og:title\" content=\"Dana Spinant : \u00ab La lutte contre la manipulation de l\u2019information est une des priorit\u00e9s \u00bb de la nouvelle Commission europ\u00e9enne\" \/>\n<meta property=\"og:description\" content=\"Ing\u00e9rences \u00e9trang\u00e8res, d\u00e9sinformation et manipulation visent \u00ab la division de nos soci\u00e9t\u00e9s d\u00e9mocratiques pour les affaiblir dans l\u2019int\u00e9r\u00eat d\u2019acteurs hostiles \u00bb : dans une rare interview, la \u00ab dircom \u00bb de l\u2019Union europ\u00e9enne Dana Spinant s\u2019exprime sur ce fl\u00e9au grandissant et d\u00e9taille les cinq piliers mis en place pour y faire face.\" \/>\n<meta property=\"og:url\" content=\"https:\/\/ihedn.fr\/en\/notre-selection\/dana-spinant-la-lutte-contre-la-manipulation-de-linformation-est-une-des-priorites-de-la-nouvelle-commission-europeenne\/\" \/>\n<meta property=\"og:site_name\" content=\"L&#039;IHEDN : Institut des hautes \u00e9tudes de d\u00e9fense nationale\" \/>\n<meta property=\"article:publisher\" content=\"https:\/\/www.facebook.com\/ihedn\/\" \/>\n<meta property=\"article:published_time\" content=\"2025-02-10T15:16:50+00:00\" \/>\n<meta property=\"article:modified_time\" content=\"2025-09-03T13:21:14+00:00\" \/>\n<meta property=\"og:image\" content=\"https:\/\/ihedn.fr\/wp-content\/uploads\/2025\/01\/Bandeau_ITW_SPINANT.jpg\" \/>\n\t<meta property=\"og:image:width\" content=\"1920\" \/>\n\t<meta property=\"og:image:height\" content=\"960\" \/>\n\t<meta property=\"og:image:type\" content=\"image\/jpeg\" \/>\n<meta name=\"author\" content=\"tanguy.morel@ihedn.fr\" \/>\n<meta name=\"twitter:card\" content=\"summary_large_image\" \/>\n<meta name=\"twitter:title\" content=\"Dana Spinant : \u00ab La lutte contre la manipulation de l\u2019information est une des priorit\u00e9s \u00bb de la nouvelle Commission europ\u00e9enne\" \/>\n<meta name=\"twitter:description\" content=\"Ing\u00e9rences \u00e9trang\u00e8res, d\u00e9sinformation et manipulation visent \u00ab la division de nos soci\u00e9t\u00e9s d\u00e9mocratiques pour les affaiblir dans l\u2019int\u00e9r\u00eat d\u2019acteurs hostiles \u00bb : dans une rare interview, la \u00ab dircom \u00bb de l\u2019Union europ\u00e9enne Dana Spinant s\u2019exprime sur ce fl\u00e9au grandissant et d\u00e9taille les cinq piliers mis en place pour y faire face.\" \/>\n<meta name=\"twitter:image\" content=\"https:\/\/ihedn.fr\/wp-content\/uploads\/2025\/01\/Bandeau_ITW_SPINANT.jpg\" \/>\n<meta name=\"twitter:creator\" content=\"@IHEDN\" \/>\n<meta name=\"twitter:site\" content=\"@IHEDN\" \/>\n<meta name=\"twitter:label1\" content=\"Written by\" \/>\n\t<meta name=\"twitter:data1\" content=\"tanguy.morel@ihedn.fr\" \/>\n\t<meta name=\"twitter:label2\" content=\"Estimated reading time\" \/>\n\t<meta name=\"twitter:data2\" content=\"7 minutes\" \/>\n<script type=\"application\/ld+json\" class=\"yoast-schema-graph\">{\"@context\":\"https:\\\/\\\/schema.org\",\"@graph\":[{\"@type\":\"Article\",\"@id\":\"https:\\\/\\\/ihedn.fr\\\/notre-selection\\\/dana-spinant-la-lutte-contre-la-manipulation-de-linformation-est-une-des-priorites-de-la-nouvelle-commission-europeenne\\\/#article\",\"isPartOf\":{\"@id\":\"https:\\\/\\\/ihedn.fr\\\/notre-selection\\\/dana-spinant-la-lutte-contre-la-manipulation-de-linformation-est-une-des-priorites-de-la-nouvelle-commission-europeenne\\\/\"},\"author\":{\"name\":\"tanguy.morel@ihedn.fr\",\"@id\":\"https:\\\/\\\/ihedn.fr\\\/#\\\/schema\\\/person\\\/ed217a37104b27a246b200e65b827cc7\"},\"headline\":\"Dana Spinant : \u00ab La lutte contre la manipulation de l\u2019information est une des priorit\u00e9s \u00bb de la nouvelle Commission europ\u00e9enne\",\"datePublished\":\"2025-02-10T15:16:50+00:00\",\"dateModified\":\"2025-09-03T13:21:14+00:00\",\"mainEntityOfPage\":{\"@id\":\"https:\\\/\\\/ihedn.fr\\\/notre-selection\\\/dana-spinant-la-lutte-contre-la-manipulation-de-linformation-est-une-des-priorites-de-la-nouvelle-commission-europeenne\\\/\"},\"wordCount\":1540,\"publisher\":{\"@id\":\"https:\\\/\\\/ihedn.fr\\\/#organization\"},\"image\":{\"@id\":\"https:\\\/\\\/ihedn.fr\\\/notre-selection\\\/dana-spinant-la-lutte-contre-la-manipulation-de-linformation-est-une-des-priorites-de-la-nouvelle-commission-europeenne\\\/#primaryimage\"},\"thumbnailUrl\":\"https:\\\/\\\/ihedn.fr\\\/wp-content\\\/uploads\\\/2025\\\/01\\\/Bandeau_ITW_SPINANT.jpg\",\"articleSection\":[\"Lundis de l'IHEDN\",\"Notre s\u00e9lection\",\"s\u00e9curit\u00e9 nationale\"],\"inLanguage\":\"en-GB\"},{\"@type\":\"WebPage\",\"@id\":\"https:\\\/\\\/ihedn.fr\\\/notre-selection\\\/dana-spinant-la-lutte-contre-la-manipulation-de-linformation-est-une-des-priorites-de-la-nouvelle-commission-europeenne\\\/\",\"url\":\"https:\\\/\\\/ihedn.fr\\\/notre-selection\\\/dana-spinant-la-lutte-contre-la-manipulation-de-linformation-est-une-des-priorites-de-la-nouvelle-commission-europeenne\\\/\",\"name\":\"Dana Spinant : \u00ab La lutte contre la manipulation de l\u2019information est une des priorit\u00e9s \u00bb de la nouvelle Commission europ\u00e9enne - L&#039;IHEDN : Institut des hautes \u00e9tudes de d\u00e9fense nationale\",\"isPartOf\":{\"@id\":\"https:\\\/\\\/ihedn.fr\\\/#website\"},\"primaryImageOfPage\":{\"@id\":\"https:\\\/\\\/ihedn.fr\\\/notre-selection\\\/dana-spinant-la-lutte-contre-la-manipulation-de-linformation-est-une-des-priorites-de-la-nouvelle-commission-europeenne\\\/#primaryimage\"},\"image\":{\"@id\":\"https:\\\/\\\/ihedn.fr\\\/notre-selection\\\/dana-spinant-la-lutte-contre-la-manipulation-de-linformation-est-une-des-priorites-de-la-nouvelle-commission-europeenne\\\/#primaryimage\"},\"thumbnailUrl\":\"https:\\\/\\\/ihedn.fr\\\/wp-content\\\/uploads\\\/2025\\\/01\\\/Bandeau_ITW_SPINANT.jpg\",\"datePublished\":\"2025-02-10T15:16:50+00:00\",\"dateModified\":\"2025-09-03T13:21:14+00:00\",\"description\":\"Ing\u00e9rences \u00e9trang\u00e8res, d\u00e9sinformation et manipulation visent \u00ab la division de nos soci\u00e9t\u00e9s d\u00e9mocratiques pour les affaiblir dans l\u2019int\u00e9r\u00eat d\u2019acteurs hostiles \u00bb : dans une rare interview, la \u00ab dircom \u00bb de l\u2019Union europ\u00e9enne Dana Spinant s\u2019exprime sur ce fl\u00e9au grandissant et d\u00e9taille les cinq piliers mis en place pour y faire face.\",\"breadcrumb\":{\"@id\":\"https:\\\/\\\/ihedn.fr\\\/notre-selection\\\/dana-spinant-la-lutte-contre-la-manipulation-de-linformation-est-une-des-priorites-de-la-nouvelle-commission-europeenne\\\/#breadcrumb\"},\"inLanguage\":\"en-GB\",\"potentialAction\":[{\"@type\":\"ReadAction\",\"target\":[\"https:\\\/\\\/ihedn.fr\\\/notre-selection\\\/dana-spinant-la-lutte-contre-la-manipulation-de-linformation-est-une-des-priorites-de-la-nouvelle-commission-europeenne\\\/\"]}]},{\"@type\":\"ImageObject\",\"inLanguage\":\"en-GB\",\"@id\":\"https:\\\/\\\/ihedn.fr\\\/notre-selection\\\/dana-spinant-la-lutte-contre-la-manipulation-de-linformation-est-une-des-priorites-de-la-nouvelle-commission-europeenne\\\/#primaryimage\",\"url\":\"https:\\\/\\\/ihedn.fr\\\/wp-content\\\/uploads\\\/2025\\\/01\\\/Bandeau_ITW_SPINANT.jpg\",\"contentUrl\":\"https:\\\/\\\/ihedn.fr\\\/wp-content\\\/uploads\\\/2025\\\/01\\\/Bandeau_ITW_SPINANT.jpg\",\"width\":1920,\"height\":960,\"caption\":\"Dana Spinant | Les lundis de l'IHEDN Dana Spinant : \u00ab La lutte contre la manipulation de l\u2019information est une des priorit\u00e9s \u00bb de la nouvelle Commission europ\u00e9enne\"},{\"@type\":\"BreadcrumbList\",\"@id\":\"https:\\\/\\\/ihedn.fr\\\/notre-selection\\\/dana-spinant-la-lutte-contre-la-manipulation-de-linformation-est-une-des-priorites-de-la-nouvelle-commission-europeenne\\\/#breadcrumb\",\"itemListElement\":[{\"@type\":\"ListItem\",\"position\":1,\"name\":\"Accueil\",\"item\":\"https:\\\/\\\/ihedn.fr\\\/\"},{\"@type\":\"ListItem\",\"position\":2,\"name\":\"Dana Spinant : \u00ab La lutte contre la manipulation de l\u2019information est une des priorit\u00e9s \u00bb de la nouvelle Commission europ\u00e9enne\"}]},{\"@type\":\"WebSite\",\"@id\":\"https:\\\/\\\/ihedn.fr\\\/#website\",\"url\":\"https:\\\/\\\/ihedn.fr\\\/\",\"name\":\"IHEDN : Institut des hautes \u00e9tudes de d\u00e9fense nationale |\",\"description\":\"Site officiel de l&#039;IHEDN plac\u00e9 sous la tutelle du Premier ministre.\",\"publisher\":{\"@id\":\"https:\\\/\\\/ihedn.fr\\\/#organization\"},\"potentialAction\":[{\"@type\":\"SearchAction\",\"target\":{\"@type\":\"EntryPoint\",\"urlTemplate\":\"https:\\\/\\\/ihedn.fr\\\/?s={search_term_string}\"},\"query-input\":{\"@type\":\"PropertyValueSpecification\",\"valueRequired\":true,\"valueName\":\"search_term_string\"}}],\"inLanguage\":\"en-GB\"},{\"@type\":\"Organization\",\"@id\":\"https:\\\/\\\/ihedn.fr\\\/#organization\",\"name\":\"IHEDN - Institut des Hautes Etudes de D\u00e9fense Nationale\",\"url\":\"https:\\\/\\\/ihedn.fr\\\/\",\"logo\":{\"@type\":\"ImageObject\",\"inLanguage\":\"en-GB\",\"@id\":\"https:\\\/\\\/ihedn.fr\\\/#\\\/schema\\\/logo\\\/image\\\/\",\"url\":\"https:\\\/\\\/ihedn.fr\\\/wp-content\\\/uploads\\\/2020\\\/11\\\/BLOC_RF_IHEDN_WEB.png\",\"contentUrl\":\"https:\\\/\\\/ihedn.fr\\\/wp-content\\\/uploads\\\/2020\\\/11\\\/BLOC_RF_IHEDN_WEB.png\",\"width\":500,\"height\":237,\"caption\":\"IHEDN - Institut des Hautes Etudes de D\u00e9fense Nationale\"},\"image\":{\"@id\":\"https:\\\/\\\/ihedn.fr\\\/#\\\/schema\\\/logo\\\/image\\\/\"},\"sameAs\":[\"https:\\\/\\\/www.facebook.com\\\/ihedn\\\/\",\"https:\\\/\\\/x.com\\\/IHEDN\",\"https:\\\/\\\/www.instagram.com\\\/ihedn\\\/\",\"https:\\\/\\\/www.linkedin.com\\\/school\\\/ihedn\\\/\",\"https:\\\/\\\/fr.wikipedia.org\\\/wiki\\\/Institut_des_hautes_\u00e9tudes_de_D\u00e9fense_nationale\"]},{\"@type\":\"Person\",\"@id\":\"https:\\\/\\\/ihedn.fr\\\/#\\\/schema\\\/person\\\/ed217a37104b27a246b200e65b827cc7\",\"name\":\"tanguy.morel@ihedn.fr\",\"image\":{\"@type\":\"ImageObject\",\"inLanguage\":\"en-GB\",\"@id\":\"https:\\\/\\\/secure.gravatar.com\\\/avatar\\\/36877cd30919fafddf1f9da45f4154aa468a64328452f2ceaff0968772207348?s=96&d=mm&r=g\",\"url\":\"https:\\\/\\\/secure.gravatar.com\\\/avatar\\\/36877cd30919fafddf1f9da45f4154aa468a64328452f2ceaff0968772207348?s=96&d=mm&r=g\",\"contentUrl\":\"https:\\\/\\\/secure.gravatar.com\\\/avatar\\\/36877cd30919fafddf1f9da45f4154aa468a64328452f2ceaff0968772207348?s=96&d=mm&r=g\",\"caption\":\"tanguy.morel@ihedn.fr\"},\"url\":\"https:\\\/\\\/ihedn.fr\\\/en\\\/author\\\/tanguy-morelihedn-fr\\\/\"}]}<\/script>\n<!-- \/ Yoast SEO plugin. -->","yoast_head_json":{"title":"Dana Spinant: \"The fight against the manipulation of information is one of the priorities\" of the new European Commission - L'IHEDN : Institut des hautes \u00e9tudes de d\u00e9fense nationale (in French)","description":"Foreign interference, disinformation and manipulation are aimed at \"dividing our democratic societies in order to weaken them in the interests of hostile actors\": in a rare interview, the European Union's \"dircom\" Dana Spinant talks about this growing scourge and details the five pillars put in place to tackle it.","robots":{"index":"index","follow":"follow","max-snippet":"max-snippet:-1","max-image-preview":"max-image-preview:large","max-video-preview":"max-video-preview:-1"},"canonical":"https:\/\/ihedn.fr\/en\/notre-selection\/dana-spinant-la-lutte-contre-la-manipulation-de-linformation-est-une-des-priorites-de-la-nouvelle-commission-europeenne\/","og_locale":"en_GB","og_type":"article","og_title":"Dana Spinant : \u00ab La lutte contre la manipulation de l\u2019information est une des priorit\u00e9s \u00bb de la nouvelle Commission europ\u00e9enne","og_description":"Ing\u00e9rences \u00e9trang\u00e8res, d\u00e9sinformation et manipulation visent \u00ab la division de nos soci\u00e9t\u00e9s d\u00e9mocratiques pour les affaiblir dans l\u2019int\u00e9r\u00eat d\u2019acteurs hostiles \u00bb : dans une rare interview, la \u00ab dircom \u00bb de l\u2019Union europ\u00e9enne Dana Spinant s\u2019exprime sur ce fl\u00e9au grandissant et d\u00e9taille les cinq piliers mis en place pour y faire face.","og_url":"https:\/\/ihedn.fr\/en\/notre-selection\/dana-spinant-la-lutte-contre-la-manipulation-de-linformation-est-une-des-priorites-de-la-nouvelle-commission-europeenne\/","og_site_name":"L&#039;IHEDN : Institut des hautes \u00e9tudes de d\u00e9fense nationale","article_publisher":"https:\/\/www.facebook.com\/ihedn\/","article_published_time":"2025-02-10T15:16:50+00:00","article_modified_time":"2025-09-03T13:21:14+00:00","og_image":[{"width":1920,"height":960,"url":"https:\/\/ihedn.fr\/wp-content\/uploads\/2025\/01\/Bandeau_ITW_SPINANT.jpg","type":"image\/jpeg"}],"author":"tanguy.morel@ihedn.fr","twitter_card":"summary_large_image","twitter_title":"Dana Spinant : \u00ab La lutte contre la manipulation de l\u2019information est une des priorit\u00e9s \u00bb de la nouvelle Commission europ\u00e9enne","twitter_description":"Ing\u00e9rences \u00e9trang\u00e8res, d\u00e9sinformation et manipulation visent \u00ab la division de nos soci\u00e9t\u00e9s d\u00e9mocratiques pour les affaiblir dans l\u2019int\u00e9r\u00eat d\u2019acteurs hostiles \u00bb : dans une rare interview, la \u00ab dircom \u00bb de l\u2019Union europ\u00e9enne Dana Spinant s\u2019exprime sur ce fl\u00e9au grandissant et d\u00e9taille les cinq piliers mis en place pour y faire face.","twitter_image":"https:\/\/ihedn.fr\/wp-content\/uploads\/2025\/01\/Bandeau_ITW_SPINANT.jpg","twitter_creator":"@IHEDN","twitter_site":"@IHEDN","twitter_misc":{"Written by":"tanguy.morel@ihedn.fr","Estimated reading time":"7 minutes"},"schema":{"@context":"https:\/\/schema.org","@graph":[{"@type":"Article","@id":"https:\/\/ihedn.fr\/notre-selection\/dana-spinant-la-lutte-contre-la-manipulation-de-linformation-est-une-des-priorites-de-la-nouvelle-commission-europeenne\/#article","isPartOf":{"@id":"https:\/\/ihedn.fr\/notre-selection\/dana-spinant-la-lutte-contre-la-manipulation-de-linformation-est-une-des-priorites-de-la-nouvelle-commission-europeenne\/"},"author":{"name":"tanguy.morel@ihedn.fr","@id":"https:\/\/ihedn.fr\/#\/schema\/person\/ed217a37104b27a246b200e65b827cc7"},"headline":"Dana Spinant : \u00ab La lutte contre la manipulation de l\u2019information est une des priorit\u00e9s \u00bb de la nouvelle Commission europ\u00e9enne","datePublished":"2025-02-10T15:16:50+00:00","dateModified":"2025-09-03T13:21:14+00:00","mainEntityOfPage":{"@id":"https:\/\/ihedn.fr\/notre-selection\/dana-spinant-la-lutte-contre-la-manipulation-de-linformation-est-une-des-priorites-de-la-nouvelle-commission-europeenne\/"},"wordCount":1540,"publisher":{"@id":"https:\/\/ihedn.fr\/#organization"},"image":{"@id":"https:\/\/ihedn.fr\/notre-selection\/dana-spinant-la-lutte-contre-la-manipulation-de-linformation-est-une-des-priorites-de-la-nouvelle-commission-europeenne\/#primaryimage"},"thumbnailUrl":"https:\/\/ihedn.fr\/wp-content\/uploads\/2025\/01\/Bandeau_ITW_SPINANT.jpg","articleSection":["Lundis de l'IHEDN","Notre s\u00e9lection","s\u00e9curit\u00e9 nationale"],"inLanguage":"en-GB"},{"@type":"WebPage","@id":"https:\/\/ihedn.fr\/notre-selection\/dana-spinant-la-lutte-contre-la-manipulation-de-linformation-est-une-des-priorites-de-la-nouvelle-commission-europeenne\/","url":"https:\/\/ihedn.fr\/notre-selection\/dana-spinant-la-lutte-contre-la-manipulation-de-linformation-est-une-des-priorites-de-la-nouvelle-commission-europeenne\/","name":"Dana Spinant: \"The fight against the manipulation of information is one of the priorities\" of the new European Commission - L'IHEDN : Institut des hautes \u00e9tudes de d\u00e9fense nationale (in French)","isPartOf":{"@id":"https:\/\/ihedn.fr\/#website"},"primaryImageOfPage":{"@id":"https:\/\/ihedn.fr\/notre-selection\/dana-spinant-la-lutte-contre-la-manipulation-de-linformation-est-une-des-priorites-de-la-nouvelle-commission-europeenne\/#primaryimage"},"image":{"@id":"https:\/\/ihedn.fr\/notre-selection\/dana-spinant-la-lutte-contre-la-manipulation-de-linformation-est-une-des-priorites-de-la-nouvelle-commission-europeenne\/#primaryimage"},"thumbnailUrl":"https:\/\/ihedn.fr\/wp-content\/uploads\/2025\/01\/Bandeau_ITW_SPINANT.jpg","datePublished":"2025-02-10T15:16:50+00:00","dateModified":"2025-09-03T13:21:14+00:00","description":"Foreign interference, disinformation and manipulation are aimed at \"dividing our democratic societies in order to weaken them in the interests of hostile actors\": in a rare interview, the European Union's \"dircom\" Dana Spinant talks about this growing scourge and details the five pillars put in place to tackle it.","breadcrumb":{"@id":"https:\/\/ihedn.fr\/notre-selection\/dana-spinant-la-lutte-contre-la-manipulation-de-linformation-est-une-des-priorites-de-la-nouvelle-commission-europeenne\/#breadcrumb"},"inLanguage":"en-GB","potentialAction":[{"@type":"ReadAction","target":["https:\/\/ihedn.fr\/notre-selection\/dana-spinant-la-lutte-contre-la-manipulation-de-linformation-est-une-des-priorites-de-la-nouvelle-commission-europeenne\/"]}]},{"@type":"ImageObject","inLanguage":"en-GB","@id":"https:\/\/ihedn.fr\/notre-selection\/dana-spinant-la-lutte-contre-la-manipulation-de-linformation-est-une-des-priorites-de-la-nouvelle-commission-europeenne\/#primaryimage","url":"https:\/\/ihedn.fr\/wp-content\/uploads\/2025\/01\/Bandeau_ITW_SPINANT.jpg","contentUrl":"https:\/\/ihedn.fr\/wp-content\/uploads\/2025\/01\/Bandeau_ITW_SPINANT.jpg","width":1920,"height":960,"caption":"Dana Spinant | Les lundis de l'IHEDN Dana Spinant : \u00ab La lutte contre la manipulation de l\u2019information est une des priorit\u00e9s \u00bb de la nouvelle Commission europ\u00e9enne"},{"@type":"BreadcrumbList","@id":"https:\/\/ihedn.fr\/notre-selection\/dana-spinant-la-lutte-contre-la-manipulation-de-linformation-est-une-des-priorites-de-la-nouvelle-commission-europeenne\/#breadcrumb","itemListElement":[{"@type":"ListItem","position":1,"name":"Accueil","item":"https:\/\/ihedn.fr\/"},{"@type":"ListItem","position":2,"name":"Dana Spinant : \u00ab La lutte contre la manipulation de l\u2019information est une des priorit\u00e9s \u00bb de la nouvelle Commission europ\u00e9enne"}]},{"@type":"WebSite","@id":"https:\/\/ihedn.fr\/#website","url":"https:\/\/ihedn.fr\/","name":"IHEDN: Institut des hautes \u00e9tudes de d\u00e9fense nationale (Institute for Higher National Defence Studies)","description":"Official website of the IHEDN under the supervision of the Prime Minister.","publisher":{"@id":"https:\/\/ihedn.fr\/#organization"},"potentialAction":[{"@type":"SearchAction","target":{"@type":"EntryPoint","urlTemplate":"https:\/\/ihedn.fr\/?s={search_term_string}"},"query-input":{"@type":"PropertyValueSpecification","valueRequired":true,"valueName":"search_term_string"}}],"inLanguage":"en-GB"},{"@type":"Organization","@id":"https:\/\/ihedn.fr\/#organization","name":"IHEDN - Institute for Higher National Defence Studies","url":"https:\/\/ihedn.fr\/","logo":{"@type":"ImageObject","inLanguage":"en-GB","@id":"https:\/\/ihedn.fr\/#\/schema\/logo\/image\/","url":"https:\/\/ihedn.fr\/wp-content\/uploads\/2020\/11\/BLOC_RF_IHEDN_WEB.png","contentUrl":"https:\/\/ihedn.fr\/wp-content\/uploads\/2020\/11\/BLOC_RF_IHEDN_WEB.png","width":500,"height":237,"caption":"IHEDN - Institut des Hautes Etudes de D\u00e9fense Nationale"},"image":{"@id":"https:\/\/ihedn.fr\/#\/schema\/logo\/image\/"},"sameAs":["https:\/\/www.facebook.com\/ihedn\/","https:\/\/x.com\/IHEDN","https:\/\/www.instagram.com\/ihedn\/","https:\/\/www.linkedin.com\/school\/ihedn\/","https:\/\/fr.wikipedia.org\/wiki\/Institut_des_hautes_\u00e9tudes_de_D\u00e9fense_nationale"]},{"@type":"Person","@id":"https:\/\/ihedn.fr\/#\/schema\/person\/ed217a37104b27a246b200e65b827cc7","name":"tanguy.morel@ihedn.fr","image":{"@type":"ImageObject","inLanguage":"en-GB","@id":"https:\/\/secure.gravatar.com\/avatar\/36877cd30919fafddf1f9da45f4154aa468a64328452f2ceaff0968772207348?s=96&d=mm&r=g","url":"https:\/\/secure.gravatar.com\/avatar\/36877cd30919fafddf1f9da45f4154aa468a64328452f2ceaff0968772207348?s=96&d=mm&r=g","contentUrl":"https:\/\/secure.gravatar.com\/avatar\/36877cd30919fafddf1f9da45f4154aa468a64328452f2ceaff0968772207348?s=96&d=mm&r=g","caption":"tanguy.morel@ihedn.fr"},"url":"https:\/\/ihedn.fr\/en\/author\/tanguy-morelihedn-fr\/"}]}},"publishpress_future_action":{"enabled":false,"date":"2026-05-07 19:49:53","action":"change-status","newStatus":"draft","terms":[],"taxonomy":"category","extraData":[]},"publishpress_future_workflow_manual_trigger":{"enabledWorkflows":[]},"_links":{"self":[{"href":"https:\/\/ihedn.fr\/en\/wp-json\/wp\/v2\/posts\/52424","targetHints":{"allow":["GET"]}}],"collection":[{"href":"https:\/\/ihedn.fr\/en\/wp-json\/wp\/v2\/posts"}],"about":[{"href":"https:\/\/ihedn.fr\/en\/wp-json\/wp\/v2\/types\/post"}],"author":[{"embeddable":true,"href":"https:\/\/ihedn.fr\/en\/wp-json\/wp\/v2\/users\/10"}],"replies":[{"embeddable":true,"href":"https:\/\/ihedn.fr\/en\/wp-json\/wp\/v2\/comments?post=52424"}],"version-history":[{"count":26,"href":"https:\/\/ihedn.fr\/en\/wp-json\/wp\/v2\/posts\/52424\/revisions"}],"predecessor-version":[{"id":52657,"href":"https:\/\/ihedn.fr\/en\/wp-json\/wp\/v2\/posts\/52424\/revisions\/52657"}],"wp:featuredmedia":[{"embeddable":true,"href":"https:\/\/ihedn.fr\/en\/wp-json\/wp\/v2\/media\/52434"}],"wp:attachment":[{"href":"https:\/\/ihedn.fr\/en\/wp-json\/wp\/v2\/media?parent=52424"}],"wp:term":[{"taxonomy":"category","embeddable":true,"href":"https:\/\/ihedn.fr\/en\/wp-json\/wp\/v2\/categories?post=52424"},{"taxonomy":"post_tag","embeddable":true,"href":"https:\/\/ihedn.fr\/en\/wp-json\/wp\/v2\/tags?post=52424"}],"curies":[{"name":"wp","href":"https:\/\/api.w.org\/{rel}","templated":true}]}}