{"id":52473,"date":"2025-01-30T15:17:25","date_gmt":"2025-01-30T14:17:25","guid":{"rendered":"https:\/\/ihedn.fr\/?p=52473"},"modified":"2025-03-07T09:30:25","modified_gmt":"2025-03-07T08:30:25","slug":"general-de-courreges-a-aef-info-le-college-doctoral-de-la-nouvelle-academ-va-mieux-nous-connecter-a-luniversite","status":"publish","type":"post","link":"https:\/\/ihedn.fr\/en\/notre-actualite\/general-de-courreges-a-aef-info-le-college-doctoral-de-la-nouvelle-academ-va-mieux-nous-connecter-a-luniversite\/","title":{"rendered":"G\u00e9n\u00e9ral de Courr\u00e8ges talks to AEF Info: The doctoral college of the new Academie \"will better connect us to the university\"."},"content":{"rendered":"<div data-elementor-type=\"wp-post\" data-elementor-id=\"52473\" class=\"elementor elementor-52473\" data-elementor-post-type=\"post\">\n\t\t\t\t<div data-particle_enable=\"false\" data-particle-mobile-disabled=\"false\" class=\"elementor-element elementor-element-3773d97 e-flex e-con-boxed e-con e-parent\" data-id=\"3773d97\" data-element_type=\"container\" data-e-type=\"container\">\n\t\t\t\t\t<div class=\"e-con-inner\">\n\t\t\t\t<div class=\"elementor-element elementor-element-6ac85be elementor-widget elementor-widget-text-editor\" data-id=\"6ac85be\" data-element_type=\"widget\" data-e-type=\"widget\" data-widget_type=\"text-editor.default\">\n\t\t\t\t<div class=\"elementor-widget-container\">\n\t\t\t\t\t\t\t\t\t<p>With no budget of its own for the time being, the Academ operates with pooled resources from the IHEDN and the Enseignement Militaire Sup\u00e9rieur. It has three main objectives: to strengthen cohesion and exchanges between the 21 organisations of the \u00c9cole militaire, to develop training and research, and to promote French strategic thinking to the general public at home and abroad. As a member of the Academ, the IHEDN is pleased to support these ambitions, which are in line with its own missions.<\/p>\t\t\t\t\t\t\t\t<\/div>\n\t\t\t\t<\/div>\n\t\t\t\t<div class=\"elementor-element elementor-element-d5d5411 elementor-widget elementor-widget-html\" data-id=\"d5d5411\" data-element_type=\"widget\" data-e-type=\"widget\" data-widget_type=\"html.default\">\n\t\t\t\t<div class=\"elementor-widget-container\">\n\t\t\t\t\t<div class=\"_3d-flip-book  fb3d-fullscreen-mode full-size\" data-id=\"53037\" data-mode=\"fullscreen\" data-title=\"false\" data-template=\"short-white-book-view\" data-lightbox=\"dark-shadow\" data-urlparam=\"fb3d-page\" data-page-n=\"0\" data-pdf=\"\" data-tax=\"null\" data-thumbnail=\"\" data-cols=\"3\" data-book-template=\"default\" data-trigger=\"\"><\/div><script type=\"text\/javascript\">window.FB3D_CLIENT_DATA = window.FB3D_CLIENT_DATA || [];FB3D_CLIENT_DATA.push('eyJwb3N0cyI6eyI1MzAzNyI6eyJJRCI6NTMwMzcsInRpdGxlIjoiRGVcdTAzMDFwZVx1MDMwMmNoZSBBRUYgaW5mbyAtIGRcdTAwZTlwXHUwMGVhY2hlIEFjYWRlbSIsInR5cGUiOiJwZGYiLCJyZWFkeV9mdW5jdGlvbiI6IiIsImJvb2tfc3R5bGUiOiJmbGF0IiwiYm9va190ZW1wbGF0ZSI6Im5vbmUiLCJvdXRsaW5lIjpbXSwiZGF0YSI6eyJwb3N0X0lEIjoiNTI0NTYiLCJndWlkIjoiaHR0cHM6XC9cL2loZWRuLmZyXC93cC1jb250ZW50XC91cGxvYWRzXC8yMDI1XC8wMVwvRGVwZWNoZS1BRUYtaW5mby1kZXBlY2hlLUFjYWRlbS5wZGYiLCJwZGZfcGFnZXMiOiI1IiwicGFnZXNfY3VzdG9taXphdGlvbiI6Im5vbmUifSwidGh1bWJuYWlsIjp7ImRhdGEiOnsicG9zdF9JRCI6IjAifSwidHlwZSI6ImF1dG8ifSwicHJvcHMiOnsiYmFja2dyb3VuZENvbG9yIjoiYXV0byIsImJhY2tncm91bmRJbWFnZSI6ImF1dG8iLCJiYWNrZ3JvdW5kU3R5bGUiOiJhdXRvIiwiaGlnaGxpZ2h0TGlua3MiOiJhdXRvIiwibGlnaHRpbmciOiJhdXRvIiwic2luZ2xlUGFnZU1vZGUiOiJhdXRvIiwiY2FjaGVkUGFnZXMiOiJhdXRvIiwicmVuZGVySW5hY3RpdmVQYWdlcyI6ImF1dG8iLCJyZW5kZXJJbmFjdGl2ZVBhZ2VzT25Nb2JpbGUiOiJhdXRvIiwicmVuZGVyV2hpbGVGbGlwcGluZyI6ImF1dG8iLCJwcmVsb2FkUGFnZXMiOiJhdXRvIiwiYXV0b1BsYXlEdXJhdGlvbiI6ImF1dG8iLCJydGwiOiJhdXRvIiwiaW50ZXJhY3RpdmVDb3JuZXJzIjoiYXV0byIsIm1heERlcHRoIjoiYXV0byIsInNoZWV0Ijp7InN0YXJ0VmVsb2NpdHkiOiJhdXRvIiwid2F2ZSI6ImF1dG8iLCJzaGFwZSI6ImF1dG8iLCJ3aWR0aFRleGVscyI6ImF1dG8iLCJjb2xvciI6ImF1dG8iLCJzaWRlIjoiYXV0byIsInN0cmV0Y2hJbWFnZXMiOiJhdXRvIiwiY29ybmVyRGV2aWF0aW9uIjoiYXV0byIsImZsZXhpYmlsaXR5IjoiYXV0byIsImZsZXhpYmxlQ29ybmVyIjoiYXV0byIsImJlbmRpbmciOiJhdXRvIiwiaGVpZ2h0VGV4ZWxzIjoiYXV0byJ9LCJjb3ZlciI6eyJ3YXZlIjoiYXV0byIsImNvbG9yIjoiYXV0byIsInNpZGUiOiJhdXRvIiwic3RyZXRjaEltYWdlcyI6ImF1dG8iLCJiaW5kZXJUZXh0dXJlIjoiYXV0byIsImRlcHRoIjoiYXV0byIsInBhZGRpbmciOiJhdXRvIiwic3RhcnRWZWxvY2l0eSI6ImF1dG8iLCJmbGV4aWJpbGl0eSI6ImF1dG8iLCJmbGV4aWJsZUNvcm5lciI6ImF1dG8iLCJiZW5kaW5nIjoiYXV0byIsIndpZHRoVGV4ZWxzIjoiYXV0byIsImhlaWdodFRleGVscyI6ImF1dG8iLCJtYXNzIjoiYXV0byIsInNoYXBlIjoiYXV0byJ9LCJwYWdlIjp7IndhdmUiOiJhdXRvIiwiY29sb3IiOiJhdXRvIiwic2lkZSI6ImF1dG8iLCJzdHJldGNoSW1hZ2VzIjoiYXV0byIsImRlcHRoIjoiYXV0byIsInN0YXJ0VmVsb2NpdHkiOiJhdXRvIiwiZmxleGliaWxpdHkiOiJhdXRvIiwiZmxleGlibGVDb3JuZXIiOiJhdXRvIiwiYmVuZGluZyI6ImF1dG8iLCJ3aWR0aFRleGVscyI6ImF1dG8iLCJoZWlnaHRUZXhlbHMiOiJhdXRvIiwibWFzcyI6ImF1dG8iLCJzaGFwZSI6ImF1dG8ifSwiaGVpZ2h0IjoiYXV0byIsIndpZHRoIjoiYXV0byIsImdyYXZpdHkiOiJhdXRvIiwicGFnZXNGb3JQcmVkaWN0aW5nIjoiYXV0byJ9LCJjb250cm9sUHJvcHMiOnsiYWN0aW9ucyI6eyJjbWRUb2MiOnsiZW5hYmxlZCI6ImF1dG8iLCJlbmFibGVkSW5OYXJyb3ciOiJhdXRvIiwiYWN0aXZlIjoiYXV0byIsImRlZmF1bHRUYWIiOiJhdXRvIn0sImNtZEF1dG9QbGF5Ijp7ImVuYWJsZWQiOiJhdXRvIiwiZW5hYmxlZEluTmFycm93IjoiYXV0byIsImFjdGl2ZSI6ImF1dG8ifSwiY21kU2F2ZSI6eyJlbmFibGVkIjoiYXV0byIsImVuYWJsZWRJbk5hcnJvdyI6ImF1dG8ifSwiY21kUHJpbnQiOnsiZW5hYmxlZCI6ImF1dG8iLCJlbmFibGVkSW5OYXJyb3ciOiJhdXRvIn0sImNtZFNpbmdsZVBhZ2UiOnsiZW5hYmxlZCI6ImF1dG8iLCJlbmFibGVkSW5OYXJyb3ciOiJhdXRvIiwiYWN0aXZlIjoiYXV0byIsImFjdGl2ZUZvck1vYmlsZSI6ImF1dG8ifSwid2lkVG9vbGJhciI6eyJlbmFibGVkIjoiYXV0byIsImVuYWJsZWRJbk5hcnJvdyI6ImF1dG8ifX19LCJhdXRvVGh1bWJuYWlsIjoiaHR0cHM6XC9cL2loZWRuLmZyXC93cC1jb250ZW50XC91cGxvYWRzXC8zZC1mbGlwLWJvb2tcL2F1dG8tdGh1bWJuYWlsc1wvNTMwMzcucG5nIiwicG9zdF9uYW1lIjoiZGVwZSVjYyU4MmNoZS1hZWYtaW5mby1kZXBlY2hlLWFjYWRlbSIsInBvc3RfdHlwZSI6IjNkLWZsaXAtYm9vayJ9fSwicGFnZXMiOltdLCJmaXJzdFBhZ2VzIjpbXX0=');window.FB3D_CLIENT_LOCALE && FB3D_CLIENT_LOCALE.render && FB3D_CLIENT_LOCALE.render();<\/script>\t\t\t\t<\/div>\n\t\t\t\t<\/div>\n\t\t\t\t<div class=\"elementor-element elementor-element-54a0c17 elementor-widget elementor-widget-text-editor\" data-id=\"54a0c17\" data-element_type=\"widget\" data-e-type=\"widget\" data-widget_type=\"text-editor.default\">\n\t\t\t\t<div class=\"elementor-widget-container\">\n\t\t\t\t\t\t\t\t\t<p>Interview by Sarah Piovezan, dispatch no. 725116 reproduced with the kind permission of AEF info news agency.<\/p>\t\t\t\t\t\t\t\t<\/div>\n\t\t\t\t<\/div>\n\t\t\t\t<div class=\"elementor-element elementor-element-74c56c7 elementor-position-inline-end elementor-view-default elementor-mobile-position-block-start elementor-widget elementor-widget-icon-box\" data-id=\"74c56c7\" data-element_type=\"widget\" data-e-type=\"widget\" data-widget_type=\"icon-box.default\">\n\t\t\t\t<div class=\"elementor-widget-container\">\n\t\t\t\t\t\t\t<div class=\"elementor-icon-box-wrapper\">\n\n\t\t\t\t\t\t<div class=\"elementor-icon-box-icon\">\n\t\t\t\t<a href=\"https:\/\/ihedn.fr\/en\/?post_type=3d-flip-book&#038;p=52497&#038;preview=true\" target=\"_blank\" class=\"elementor-icon\" tabindex=\"-1\" aria-label=\"Download the document\">\n\t\t\t\t<svg aria-hidden=\"true\" class=\"e-font-icon-svg e-fas-file-download\" viewbox=\"0 0 384 512\" xmlns=\"http:\/\/www.w3.org\/2000\/svg\"><path d=\"M224 136V0H24C10.7 0 0 10.7 0 24v464c0 13.3 10.7 24 24 24h336c13.3 0 24-10.7 24-24V160H248c-13.2 0-24-10.8-24-24zm76.45 211.36l-96.42 95.7c-6.65 6.61-17.39 6.61-24.04 0l-96.42-95.7C73.42 337.29 80.54 320 94.82 320H160v-80c0-8.84 7.16-16 16-16h32c8.84 0 16 7.16 16 16v80h65.18c14.28 0 21.4 17.29 11.27 27.36zM377 105L279.1 7c-4.5-4.5-10.6-7-17-7H256v128h128v-6.1c0-6.3-2.5-12.4-7-16.9z\"><\/path><\/svg>\t\t\t\t<\/a>\n\t\t\t<\/div>\n\t\t\t\n\t\t\t\t\t\t<div class=\"elementor-icon-box-content\">\n\n\t\t\t\t\t\t\t\t\t<h3 class=\"elementor-icon-box-title\">\n\t\t\t\t\t\t<a href=\"https:\/\/ihedn.fr\/en\/?post_type=3d-flip-book&#038;p=52497&#038;preview=true\" target=\"_blank\" >\n\t\t\t\t\t\t\tDownload the document\t\t\t\t\t\t<\/a>\n\t\t\t\t\t<\/h3>\n\t\t\t\t\n\t\t\t\t\n\t\t\t<\/div>\n\t\t\t\n\t\t<\/div>\n\t\t\t\t\t\t<\/div>\n\t\t\t\t<\/div>\n\t\t\t\t\t<\/div>\n\t\t\t\t<\/div>\n\t\t\t\t<\/div>","protected":false},"excerpt":{"rendered":"<p>In an interview published on three AEF Info news feeds (Higher Education, Research and Global Security), the Director of the IHEDN, Lieutenant General Herv\u00e9 de Courr\u00e8ges, discusses the Institute's missions and training courses, and those of the ACADEM which he chairs.<\/p>","protected":false},"author":10,"featured_media":52479,"comment_status":"closed","ping_status":"closed","sticky":false,"template":"","format":"standard","meta":{"footnotes":""},"categories":[172],"tags":[],"class_list":["post-52473","post","type-post","status-publish","format-standard","has-post-thumbnail","hentry","category-notre-actualite"],"yoast_head":"<!-- This site is optimized with the Yoast SEO plugin v27.5 - https:\/\/yoast.com\/product\/yoast-seo-wordpress\/ -->\n<title>G\u00e9n\u00e9ral de Courr\u00e8ges \u00e0 AEF Info : Le coll\u00e8ge doctoral de la nouvelle Academ &quot;va mieux nous connecter \u00e0 l\u2019universit\u00e9&quot; - L&#039;IHEDN : Institut des hautes \u00e9tudes de d\u00e9fense nationale<\/title>\n<meta name=\"description\" content=\"Dans une interview publi\u00e9e sur trois fils d\u2019information de l\u2019agence de presse AEF Info (Enseignement sup\u00e9rieur, Recherche et S\u00e9curit\u00e9 globale), le directeur de l\u2019IHEDN, le g\u00e9n\u00e9ral de corps d\u2019arm\u00e9e Herv\u00e9 de Courr\u00e8ges, revient sur les missions et formations de l\u2019Institut, et celles de l\u2019ACADEM qu\u2019il pr\u00e9side.\" \/>\n<meta name=\"robots\" content=\"index, follow, max-snippet:-1, max-image-preview:large, max-video-preview:-1\" \/>\n<link rel=\"canonical\" href=\"https:\/\/ihedn.fr\/en\/notre-actualite\/general-de-courreges-a-aef-info-le-college-doctoral-de-la-nouvelle-academ-va-mieux-nous-connecter-a-luniversite\/\" \/>\n<meta property=\"og:locale\" content=\"en_GB\" \/>\n<meta property=\"og:type\" content=\"article\" \/>\n<meta property=\"og:title\" content=\"G\u00e9n\u00e9ral de Courr\u00e8ges \u00e0 AEF Info : Le coll\u00e8ge doctoral de la nouvelle Academ &quot;va mieux nous connecter \u00e0 l\u2019universit\u00e9&quot; - L&#039;IHEDN : Institut des hautes \u00e9tudes de d\u00e9fense nationale\" \/>\n<meta property=\"og:description\" content=\"Dans une interview publi\u00e9e sur trois fils d\u2019information de l\u2019agence de presse AEF Info (Enseignement sup\u00e9rieur, Recherche et S\u00e9curit\u00e9 globale), le directeur de l\u2019IHEDN, le g\u00e9n\u00e9ral de corps d\u2019arm\u00e9e Herv\u00e9 de Courr\u00e8ges, revient sur les missions et formations de l\u2019Institut, et celles de l\u2019ACADEM qu\u2019il pr\u00e9side.\" \/>\n<meta property=\"og:url\" content=\"https:\/\/ihedn.fr\/en\/notre-actualite\/general-de-courreges-a-aef-info-le-college-doctoral-de-la-nouvelle-academ-va-mieux-nous-connecter-a-luniversite\/\" \/>\n<meta property=\"og:site_name\" content=\"L&#039;IHEDN : Institut des hautes \u00e9tudes de d\u00e9fense nationale\" \/>\n<meta property=\"article:publisher\" content=\"https:\/\/www.facebook.com\/ihedn\/\" \/>\n<meta property=\"article:published_time\" content=\"2025-01-30T14:17:25+00:00\" \/>\n<meta property=\"article:modified_time\" content=\"2025-03-07T08:30:25+00:00\" \/>\n<meta property=\"og:image\" content=\"https:\/\/ihedn.fr\/wp-content\/uploads\/2025\/01\/aef-info-depeche-vf.jpg\" \/>\n\t<meta property=\"og:image:width\" content=\"1920\" \/>\n\t<meta property=\"og:image:height\" content=\"1080\" \/>\n\t<meta property=\"og:image:type\" content=\"image\/jpeg\" \/>\n<meta name=\"author\" content=\"tanguy.morel@ihedn.fr\" \/>\n<meta name=\"twitter:card\" content=\"summary_large_image\" \/>\n<meta name=\"twitter:description\" content=\"Dans une interview publi\u00e9e sur trois fils d\u2019information de l\u2019agence de presse AEF Info (Enseignement sup\u00e9rieur, Recherche et S\u00e9curit\u00e9 globale), le directeur de l\u2019IHEDN, le g\u00e9n\u00e9ral de corps d\u2019arm\u00e9e Herv\u00e9 de Courr\u00e8ges, revient sur les missions et formations de l\u2019Institut, et celles de l\u2019ACADEM qu\u2019il pr\u00e9side.\" \/>\n<meta name=\"twitter:image\" content=\"https:\/\/ihedn.fr\/wp-content\/uploads\/2025\/01\/aef-info-depeche-vf.jpg\" \/>\n<meta name=\"twitter:creator\" content=\"@IHEDN\" \/>\n<meta name=\"twitter:site\" content=\"@IHEDN\" \/>\n<meta name=\"twitter:label1\" content=\"Written by\" \/>\n\t<meta name=\"twitter:data1\" content=\"tanguy.morel@ihedn.fr\" \/>\n\t<meta name=\"twitter:label2\" content=\"Estimated reading time\" \/>\n\t<meta name=\"twitter:data2\" content=\"1 minute\" \/>\n<script type=\"application\/ld+json\" class=\"yoast-schema-graph\">{\"@context\":\"https:\\\/\\\/schema.org\",\"@graph\":[{\"@type\":\"Article\",\"@id\":\"https:\\\/\\\/ihedn.fr\\\/notre-actualite\\\/general-de-courreges-a-aef-info-le-college-doctoral-de-la-nouvelle-academ-va-mieux-nous-connecter-a-luniversite\\\/#article\",\"isPartOf\":{\"@id\":\"https:\\\/\\\/ihedn.fr\\\/notre-actualite\\\/general-de-courreges-a-aef-info-le-college-doctoral-de-la-nouvelle-academ-va-mieux-nous-connecter-a-luniversite\\\/\"},\"author\":{\"name\":\"tanguy.morel@ihedn.fr\",\"@id\":\"https:\\\/\\\/ihedn.fr\\\/#\\\/schema\\\/person\\\/ed217a37104b27a246b200e65b827cc7\"},\"headline\":\"G\u00e9n\u00e9ral de Courr\u00e8ges \u00e0 AEF Info : Le coll\u00e8ge doctoral de la nouvelle Academ \u00ab\u00a0va mieux nous connecter \u00e0 l\u2019universit\u00e9\u00a0\u00bb\",\"datePublished\":\"2025-01-30T14:17:25+00:00\",\"dateModified\":\"2025-03-07T08:30:25+00:00\",\"mainEntityOfPage\":{\"@id\":\"https:\\\/\\\/ihedn.fr\\\/notre-actualite\\\/general-de-courreges-a-aef-info-le-college-doctoral-de-la-nouvelle-academ-va-mieux-nous-connecter-a-luniversite\\\/\"},\"wordCount\":137,\"publisher\":{\"@id\":\"https:\\\/\\\/ihedn.fr\\\/#organization\"},\"image\":{\"@id\":\"https:\\\/\\\/ihedn.fr\\\/notre-actualite\\\/general-de-courreges-a-aef-info-le-college-doctoral-de-la-nouvelle-academ-va-mieux-nous-connecter-a-luniversite\\\/#primaryimage\"},\"thumbnailUrl\":\"https:\\\/\\\/ihedn.fr\\\/wp-content\\\/uploads\\\/2025\\\/01\\\/aef-info-depeche-vf.jpg\",\"articleSection\":[\"Notre actualit\u00e9\"],\"inLanguage\":\"en-GB\"},{\"@type\":\"WebPage\",\"@id\":\"https:\\\/\\\/ihedn.fr\\\/notre-actualite\\\/general-de-courreges-a-aef-info-le-college-doctoral-de-la-nouvelle-academ-va-mieux-nous-connecter-a-luniversite\\\/\",\"url\":\"https:\\\/\\\/ihedn.fr\\\/notre-actualite\\\/general-de-courreges-a-aef-info-le-college-doctoral-de-la-nouvelle-academ-va-mieux-nous-connecter-a-luniversite\\\/\",\"name\":\"G\u00e9n\u00e9ral de Courr\u00e8ges \u00e0 AEF Info : Le coll\u00e8ge doctoral de la nouvelle Academ \\\"va mieux nous connecter \u00e0 l\u2019universit\u00e9\\\" - L&#039;IHEDN : Institut des hautes \u00e9tudes de d\u00e9fense nationale\",\"isPartOf\":{\"@id\":\"https:\\\/\\\/ihedn.fr\\\/#website\"},\"primaryImageOfPage\":{\"@id\":\"https:\\\/\\\/ihedn.fr\\\/notre-actualite\\\/general-de-courreges-a-aef-info-le-college-doctoral-de-la-nouvelle-academ-va-mieux-nous-connecter-a-luniversite\\\/#primaryimage\"},\"image\":{\"@id\":\"https:\\\/\\\/ihedn.fr\\\/notre-actualite\\\/general-de-courreges-a-aef-info-le-college-doctoral-de-la-nouvelle-academ-va-mieux-nous-connecter-a-luniversite\\\/#primaryimage\"},\"thumbnailUrl\":\"https:\\\/\\\/ihedn.fr\\\/wp-content\\\/uploads\\\/2025\\\/01\\\/aef-info-depeche-vf.jpg\",\"datePublished\":\"2025-01-30T14:17:25+00:00\",\"dateModified\":\"2025-03-07T08:30:25+00:00\",\"description\":\"Dans une interview publi\u00e9e sur trois fils d\u2019information de l\u2019agence de presse AEF Info (Enseignement sup\u00e9rieur, Recherche et S\u00e9curit\u00e9 globale), le directeur de l\u2019IHEDN, le g\u00e9n\u00e9ral de corps d\u2019arm\u00e9e Herv\u00e9 de Courr\u00e8ges, revient sur les missions et formations de l\u2019Institut, et celles de l\u2019ACADEM qu\u2019il pr\u00e9side.\",\"breadcrumb\":{\"@id\":\"https:\\\/\\\/ihedn.fr\\\/notre-actualite\\\/general-de-courreges-a-aef-info-le-college-doctoral-de-la-nouvelle-academ-va-mieux-nous-connecter-a-luniversite\\\/#breadcrumb\"},\"inLanguage\":\"en-GB\",\"potentialAction\":[{\"@type\":\"ReadAction\",\"target\":[\"https:\\\/\\\/ihedn.fr\\\/notre-actualite\\\/general-de-courreges-a-aef-info-le-college-doctoral-de-la-nouvelle-academ-va-mieux-nous-connecter-a-luniversite\\\/\"]}]},{\"@type\":\"ImageObject\",\"inLanguage\":\"en-GB\",\"@id\":\"https:\\\/\\\/ihedn.fr\\\/notre-actualite\\\/general-de-courreges-a-aef-info-le-college-doctoral-de-la-nouvelle-academ-va-mieux-nous-connecter-a-luniversite\\\/#primaryimage\",\"url\":\"https:\\\/\\\/ihedn.fr\\\/wp-content\\\/uploads\\\/2025\\\/01\\\/aef-info-depeche-vf.jpg\",\"contentUrl\":\"https:\\\/\\\/ihedn.fr\\\/wp-content\\\/uploads\\\/2025\\\/01\\\/aef-info-depeche-vf.jpg\",\"width\":1920,\"height\":1080},{\"@type\":\"BreadcrumbList\",\"@id\":\"https:\\\/\\\/ihedn.fr\\\/notre-actualite\\\/general-de-courreges-a-aef-info-le-college-doctoral-de-la-nouvelle-academ-va-mieux-nous-connecter-a-luniversite\\\/#breadcrumb\",\"itemListElement\":[{\"@type\":\"ListItem\",\"position\":1,\"name\":\"Accueil\",\"item\":\"https:\\\/\\\/ihedn.fr\\\/\"},{\"@type\":\"ListItem\",\"position\":2,\"name\":\"G\u00e9n\u00e9ral de Courr\u00e8ges \u00e0 AEF Info : Le coll\u00e8ge doctoral de la nouvelle Academ \u00ab\u00a0va mieux nous connecter \u00e0 l\u2019universit\u00e9\u00a0\u00bb\"}]},{\"@type\":\"WebSite\",\"@id\":\"https:\\\/\\\/ihedn.fr\\\/#website\",\"url\":\"https:\\\/\\\/ihedn.fr\\\/\",\"name\":\"IHEDN : Institut des hautes \u00e9tudes de d\u00e9fense nationale |\",\"description\":\"Site officiel de l&#039;IHEDN plac\u00e9 sous la tutelle du Premier ministre.\",\"publisher\":{\"@id\":\"https:\\\/\\\/ihedn.fr\\\/#organization\"},\"potentialAction\":[{\"@type\":\"SearchAction\",\"target\":{\"@type\":\"EntryPoint\",\"urlTemplate\":\"https:\\\/\\\/ihedn.fr\\\/?s={search_term_string}\"},\"query-input\":{\"@type\":\"PropertyValueSpecification\",\"valueRequired\":true,\"valueName\":\"search_term_string\"}}],\"inLanguage\":\"en-GB\"},{\"@type\":\"Organization\",\"@id\":\"https:\\\/\\\/ihedn.fr\\\/#organization\",\"name\":\"IHEDN - Institut des Hautes Etudes de D\u00e9fense Nationale\",\"url\":\"https:\\\/\\\/ihedn.fr\\\/\",\"logo\":{\"@type\":\"ImageObject\",\"inLanguage\":\"en-GB\",\"@id\":\"https:\\\/\\\/ihedn.fr\\\/#\\\/schema\\\/logo\\\/image\\\/\",\"url\":\"https:\\\/\\\/ihedn.fr\\\/wp-content\\\/uploads\\\/2020\\\/11\\\/BLOC_RF_IHEDN_WEB.png\",\"contentUrl\":\"https:\\\/\\\/ihedn.fr\\\/wp-content\\\/uploads\\\/2020\\\/11\\\/BLOC_RF_IHEDN_WEB.png\",\"width\":500,\"height\":237,\"caption\":\"IHEDN - Institut des Hautes Etudes de D\u00e9fense Nationale\"},\"image\":{\"@id\":\"https:\\\/\\\/ihedn.fr\\\/#\\\/schema\\\/logo\\\/image\\\/\"},\"sameAs\":[\"https:\\\/\\\/www.facebook.com\\\/ihedn\\\/\",\"https:\\\/\\\/x.com\\\/IHEDN\",\"https:\\\/\\\/www.instagram.com\\\/ihedn\\\/\",\"https:\\\/\\\/www.linkedin.com\\\/school\\\/ihedn\\\/\",\"https:\\\/\\\/fr.wikipedia.org\\\/wiki\\\/Institut_des_hautes_\u00e9tudes_de_D\u00e9fense_nationale\"]},{\"@type\":\"Person\",\"@id\":\"https:\\\/\\\/ihedn.fr\\\/#\\\/schema\\\/person\\\/ed217a37104b27a246b200e65b827cc7\",\"name\":\"tanguy.morel@ihedn.fr\",\"image\":{\"@type\":\"ImageObject\",\"inLanguage\":\"en-GB\",\"@id\":\"https:\\\/\\\/secure.gravatar.com\\\/avatar\\\/36877cd30919fafddf1f9da45f4154aa468a64328452f2ceaff0968772207348?s=96&d=mm&r=g\",\"url\":\"https:\\\/\\\/secure.gravatar.com\\\/avatar\\\/36877cd30919fafddf1f9da45f4154aa468a64328452f2ceaff0968772207348?s=96&d=mm&r=g\",\"contentUrl\":\"https:\\\/\\\/secure.gravatar.com\\\/avatar\\\/36877cd30919fafddf1f9da45f4154aa468a64328452f2ceaff0968772207348?s=96&d=mm&r=g\",\"caption\":\"tanguy.morel@ihedn.fr\"},\"url\":\"https:\\\/\\\/ihedn.fr\\\/en\\\/author\\\/tanguy-morelihedn-fr\\\/\"}]}<\/script>\n<!-- \/ Yoast SEO plugin. -->","yoast_head_json":{"title":"General de Courr\u00e8ges at AEF Info: The doctoral college of the new Academ \"will better connect us to the university\" - L'IHEDN : Institut des hautes \u00e9tudes de d\u00e9fense nationale (Institute for Advanced National Defence Studies)","description":"In an interview published on three AEF Info news feeds (Higher Education, Research and Global Security), the Director of the IHEDN, Lieutenant General Herv\u00e9 de Courr\u00e8ges, discusses the Institute's missions and training courses, and those of the ACADEM which he chairs.","robots":{"index":"index","follow":"follow","max-snippet":"max-snippet:-1","max-image-preview":"max-image-preview:large","max-video-preview":"max-video-preview:-1"},"canonical":"https:\/\/ihedn.fr\/en\/notre-actualite\/general-de-courreges-a-aef-info-le-college-doctoral-de-la-nouvelle-academ-va-mieux-nous-connecter-a-luniversite\/","og_locale":"en_GB","og_type":"article","og_title":"G\u00e9n\u00e9ral de Courr\u00e8ges \u00e0 AEF Info : Le coll\u00e8ge doctoral de la nouvelle Academ \"va mieux nous connecter \u00e0 l\u2019universit\u00e9\" - L&#039;IHEDN : Institut des hautes \u00e9tudes de d\u00e9fense nationale","og_description":"Dans une interview publi\u00e9e sur trois fils d\u2019information de l\u2019agence de presse AEF Info (Enseignement sup\u00e9rieur, Recherche et S\u00e9curit\u00e9 globale), le directeur de l\u2019IHEDN, le g\u00e9n\u00e9ral de corps d\u2019arm\u00e9e Herv\u00e9 de Courr\u00e8ges, revient sur les missions et formations de l\u2019Institut, et celles de l\u2019ACADEM qu\u2019il pr\u00e9side.","og_url":"https:\/\/ihedn.fr\/en\/notre-actualite\/general-de-courreges-a-aef-info-le-college-doctoral-de-la-nouvelle-academ-va-mieux-nous-connecter-a-luniversite\/","og_site_name":"L&#039;IHEDN : Institut des hautes \u00e9tudes de d\u00e9fense nationale","article_publisher":"https:\/\/www.facebook.com\/ihedn\/","article_published_time":"2025-01-30T14:17:25+00:00","article_modified_time":"2025-03-07T08:30:25+00:00","og_image":[{"width":1920,"height":1080,"url":"https:\/\/ihedn.fr\/wp-content\/uploads\/2025\/01\/aef-info-depeche-vf.jpg","type":"image\/jpeg"}],"author":"tanguy.morel@ihedn.fr","twitter_card":"summary_large_image","twitter_description":"Dans une interview publi\u00e9e sur trois fils d\u2019information de l\u2019agence de presse AEF Info (Enseignement sup\u00e9rieur, Recherche et S\u00e9curit\u00e9 globale), le directeur de l\u2019IHEDN, le g\u00e9n\u00e9ral de corps d\u2019arm\u00e9e Herv\u00e9 de Courr\u00e8ges, revient sur les missions et formations de l\u2019Institut, et celles de l\u2019ACADEM qu\u2019il pr\u00e9side.","twitter_image":"https:\/\/ihedn.fr\/wp-content\/uploads\/2025\/01\/aef-info-depeche-vf.jpg","twitter_creator":"@IHEDN","twitter_site":"@IHEDN","twitter_misc":{"Written by":"tanguy.morel@ihedn.fr","Estimated reading time":"1 minute"},"schema":{"@context":"https:\/\/schema.org","@graph":[{"@type":"Article","@id":"https:\/\/ihedn.fr\/notre-actualite\/general-de-courreges-a-aef-info-le-college-doctoral-de-la-nouvelle-academ-va-mieux-nous-connecter-a-luniversite\/#article","isPartOf":{"@id":"https:\/\/ihedn.fr\/notre-actualite\/general-de-courreges-a-aef-info-le-college-doctoral-de-la-nouvelle-academ-va-mieux-nous-connecter-a-luniversite\/"},"author":{"name":"tanguy.morel@ihedn.fr","@id":"https:\/\/ihedn.fr\/#\/schema\/person\/ed217a37104b27a246b200e65b827cc7"},"headline":"G\u00e9n\u00e9ral de Courr\u00e8ges \u00e0 AEF Info : Le coll\u00e8ge doctoral de la nouvelle Academ \u00ab\u00a0va mieux nous connecter \u00e0 l\u2019universit\u00e9\u00a0\u00bb","datePublished":"2025-01-30T14:17:25+00:00","dateModified":"2025-03-07T08:30:25+00:00","mainEntityOfPage":{"@id":"https:\/\/ihedn.fr\/notre-actualite\/general-de-courreges-a-aef-info-le-college-doctoral-de-la-nouvelle-academ-va-mieux-nous-connecter-a-luniversite\/"},"wordCount":137,"publisher":{"@id":"https:\/\/ihedn.fr\/#organization"},"image":{"@id":"https:\/\/ihedn.fr\/notre-actualite\/general-de-courreges-a-aef-info-le-college-doctoral-de-la-nouvelle-academ-va-mieux-nous-connecter-a-luniversite\/#primaryimage"},"thumbnailUrl":"https:\/\/ihedn.fr\/wp-content\/uploads\/2025\/01\/aef-info-depeche-vf.jpg","articleSection":["Notre actualit\u00e9"],"inLanguage":"en-GB"},{"@type":"WebPage","@id":"https:\/\/ihedn.fr\/notre-actualite\/general-de-courreges-a-aef-info-le-college-doctoral-de-la-nouvelle-academ-va-mieux-nous-connecter-a-luniversite\/","url":"https:\/\/ihedn.fr\/notre-actualite\/general-de-courreges-a-aef-info-le-college-doctoral-de-la-nouvelle-academ-va-mieux-nous-connecter-a-luniversite\/","name":"General de Courr\u00e8ges at AEF Info: The doctoral college of the new Academ \"will better connect us to the university\" - L'IHEDN : Institut des hautes \u00e9tudes de d\u00e9fense nationale (Institute for Advanced National Defence Studies)","isPartOf":{"@id":"https:\/\/ihedn.fr\/#website"},"primaryImageOfPage":{"@id":"https:\/\/ihedn.fr\/notre-actualite\/general-de-courreges-a-aef-info-le-college-doctoral-de-la-nouvelle-academ-va-mieux-nous-connecter-a-luniversite\/#primaryimage"},"image":{"@id":"https:\/\/ihedn.fr\/notre-actualite\/general-de-courreges-a-aef-info-le-college-doctoral-de-la-nouvelle-academ-va-mieux-nous-connecter-a-luniversite\/#primaryimage"},"thumbnailUrl":"https:\/\/ihedn.fr\/wp-content\/uploads\/2025\/01\/aef-info-depeche-vf.jpg","datePublished":"2025-01-30T14:17:25+00:00","dateModified":"2025-03-07T08:30:25+00:00","description":"In an interview published on three AEF Info news feeds (Higher Education, Research and Global Security), the Director of the IHEDN, Lieutenant General Herv\u00e9 de Courr\u00e8ges, discusses the Institute's missions and training courses, and those of the ACADEM which he chairs.","breadcrumb":{"@id":"https:\/\/ihedn.fr\/notre-actualite\/general-de-courreges-a-aef-info-le-college-doctoral-de-la-nouvelle-academ-va-mieux-nous-connecter-a-luniversite\/#breadcrumb"},"inLanguage":"en-GB","potentialAction":[{"@type":"ReadAction","target":["https:\/\/ihedn.fr\/notre-actualite\/general-de-courreges-a-aef-info-le-college-doctoral-de-la-nouvelle-academ-va-mieux-nous-connecter-a-luniversite\/"]}]},{"@type":"ImageObject","inLanguage":"en-GB","@id":"https:\/\/ihedn.fr\/notre-actualite\/general-de-courreges-a-aef-info-le-college-doctoral-de-la-nouvelle-academ-va-mieux-nous-connecter-a-luniversite\/#primaryimage","url":"https:\/\/ihedn.fr\/wp-content\/uploads\/2025\/01\/aef-info-depeche-vf.jpg","contentUrl":"https:\/\/ihedn.fr\/wp-content\/uploads\/2025\/01\/aef-info-depeche-vf.jpg","width":1920,"height":1080},{"@type":"BreadcrumbList","@id":"https:\/\/ihedn.fr\/notre-actualite\/general-de-courreges-a-aef-info-le-college-doctoral-de-la-nouvelle-academ-va-mieux-nous-connecter-a-luniversite\/#breadcrumb","itemListElement":[{"@type":"ListItem","position":1,"name":"Accueil","item":"https:\/\/ihedn.fr\/"},{"@type":"ListItem","position":2,"name":"G\u00e9n\u00e9ral de Courr\u00e8ges \u00e0 AEF Info : Le coll\u00e8ge doctoral de la nouvelle Academ \u00ab\u00a0va mieux nous connecter \u00e0 l\u2019universit\u00e9\u00a0\u00bb"}]},{"@type":"WebSite","@id":"https:\/\/ihedn.fr\/#website","url":"https:\/\/ihedn.fr\/","name":"IHEDN: Institut des hautes \u00e9tudes de d\u00e9fense nationale (Institute for Higher National Defence Studies)","description":"Official website of the IHEDN under the supervision of the Prime Minister.","publisher":{"@id":"https:\/\/ihedn.fr\/#organization"},"potentialAction":[{"@type":"SearchAction","target":{"@type":"EntryPoint","urlTemplate":"https:\/\/ihedn.fr\/?s={search_term_string}"},"query-input":{"@type":"PropertyValueSpecification","valueRequired":true,"valueName":"search_term_string"}}],"inLanguage":"en-GB"},{"@type":"Organization","@id":"https:\/\/ihedn.fr\/#organization","name":"IHEDN - Institute for Higher National Defence Studies","url":"https:\/\/ihedn.fr\/","logo":{"@type":"ImageObject","inLanguage":"en-GB","@id":"https:\/\/ihedn.fr\/#\/schema\/logo\/image\/","url":"https:\/\/ihedn.fr\/wp-content\/uploads\/2020\/11\/BLOC_RF_IHEDN_WEB.png","contentUrl":"https:\/\/ihedn.fr\/wp-content\/uploads\/2020\/11\/BLOC_RF_IHEDN_WEB.png","width":500,"height":237,"caption":"IHEDN - Institut des Hautes Etudes de D\u00e9fense Nationale"},"image":{"@id":"https:\/\/ihedn.fr\/#\/schema\/logo\/image\/"},"sameAs":["https:\/\/www.facebook.com\/ihedn\/","https:\/\/x.com\/IHEDN","https:\/\/www.instagram.com\/ihedn\/","https:\/\/www.linkedin.com\/school\/ihedn\/","https:\/\/fr.wikipedia.org\/wiki\/Institut_des_hautes_\u00e9tudes_de_D\u00e9fense_nationale"]},{"@type":"Person","@id":"https:\/\/ihedn.fr\/#\/schema\/person\/ed217a37104b27a246b200e65b827cc7","name":"tanguy.morel@ihedn.fr","image":{"@type":"ImageObject","inLanguage":"en-GB","@id":"https:\/\/secure.gravatar.com\/avatar\/36877cd30919fafddf1f9da45f4154aa468a64328452f2ceaff0968772207348?s=96&d=mm&r=g","url":"https:\/\/secure.gravatar.com\/avatar\/36877cd30919fafddf1f9da45f4154aa468a64328452f2ceaff0968772207348?s=96&d=mm&r=g","contentUrl":"https:\/\/secure.gravatar.com\/avatar\/36877cd30919fafddf1f9da45f4154aa468a64328452f2ceaff0968772207348?s=96&d=mm&r=g","caption":"tanguy.morel@ihedn.fr"},"url":"https:\/\/ihedn.fr\/en\/author\/tanguy-morelihedn-fr\/"}]}},"publishpress_future_action":{"enabled":false,"date":"2026-05-07 02:50:06","action":"change-status","newStatus":"draft","terms":[],"taxonomy":"category","extraData":[]},"publishpress_future_workflow_manual_trigger":{"enabledWorkflows":[]},"_links":{"self":[{"href":"https:\/\/ihedn.fr\/en\/wp-json\/wp\/v2\/posts\/52473","targetHints":{"allow":["GET"]}}],"collection":[{"href":"https:\/\/ihedn.fr\/en\/wp-json\/wp\/v2\/posts"}],"about":[{"href":"https:\/\/ihedn.fr\/en\/wp-json\/wp\/v2\/types\/post"}],"author":[{"embeddable":true,"href":"https:\/\/ihedn.fr\/en\/wp-json\/wp\/v2\/users\/10"}],"replies":[{"embeddable":true,"href":"https:\/\/ihedn.fr\/en\/wp-json\/wp\/v2\/comments?post=52473"}],"version-history":[{"count":10,"href":"https:\/\/ihedn.fr\/en\/wp-json\/wp\/v2\/posts\/52473\/revisions"}],"predecessor-version":[{"id":53041,"href":"https:\/\/ihedn.fr\/en\/wp-json\/wp\/v2\/posts\/52473\/revisions\/53041"}],"wp:featuredmedia":[{"embeddable":true,"href":"https:\/\/ihedn.fr\/en\/wp-json\/wp\/v2\/media\/52479"}],"wp:attachment":[{"href":"https:\/\/ihedn.fr\/en\/wp-json\/wp\/v2\/media?parent=52473"}],"wp:term":[{"taxonomy":"category","embeddable":true,"href":"https:\/\/ihedn.fr\/en\/wp-json\/wp\/v2\/categories?post=52473"},{"taxonomy":"post_tag","embeddable":true,"href":"https:\/\/ihedn.fr\/en\/wp-json\/wp\/v2\/tags?post=52473"}],"curies":[{"name":"wp","href":"https:\/\/api.w.org\/{rel}","templated":true}]}}