{"id":52594,"date":"2025-02-10T15:47:22","date_gmt":"2025-02-10T14:47:22","guid":{"rendered":"https:\/\/ihedn.fr\/?p=52594"},"modified":"2025-04-09T14:39:37","modified_gmt":"2025-04-09T13:39:37","slug":"les-mots-armes-dune-nouvelle-guerre-ukraine-russie-la-guerre-des-recits-au-xxie-siecle","status":"publish","type":"post","link":"https:\/\/ihedn.fr\/en\/les-debats-strategiques\/les-mots-armes-dune-nouvelle-guerre-ukraine-russie-la-guerre-des-recits-au-xxie-siecle\/","title":{"rendered":"Words, weapons of a new war? Ukraine-Russia, the war of narratives in the 21st century"},"content":{"rendered":"<div data-elementor-type=\"wp-post\" data-elementor-id=\"52594\" class=\"elementor elementor-52594\" data-elementor-post-type=\"post\">\n\t\t\t\t<div data-particle_enable=\"false\" data-particle-mobile-disabled=\"false\" class=\"elementor-element elementor-element-dbb5c3f e-flex e-con-boxed e-con e-parent\" data-id=\"dbb5c3f\" data-element_type=\"container\" data-e-type=\"container\">\n\t\t\t\t\t<div class=\"e-con-inner\">\n\t\t\t\t<div class=\"elementor-element elementor-element-053ec5a elementor-widget elementor-widget-text-editor\" data-id=\"053ec5a\" data-element_type=\"widget\" data-e-type=\"widget\" data-widget_type=\"text-editor.default\">\n\t\t\t\t<div class=\"elementor-widget-container\">\n\t\t\t\t\t\t\t\t\t<p style=\"text-align: left;\">Words are key issues in contemporary conflicts. Staffs have understood this and are seizing on the war of stories, made up of intangible weapons, to intimidate enemies, reassure or galvanise public opinion heated up by the flood of images received on social networks. Communication and information have thus become areas of military operations in their own right. What rhetoric is used to legitimise a war? How do the relays of influence (social networks, media, etc.) disseminate these discourses? Who and what should we believe in today's context of disinformation? Using numerous examples from the conflict between Russia and Ukraine, Am\u00e9lie F\u00e9rey answers these key questions in her book \"Les mots, armes d'une nouvelle guerre? Ukraine-Russia, the war of narratives in the 21st century\".<\/p>\t\t\t\t\t\t\t\t<\/div>\n\t\t\t\t<\/div>\n\t\t\t\t<div class=\"elementor-element elementor-element-829f294 elementor-widget elementor-widget-text-editor\" data-id=\"829f294\" data-element_type=\"widget\" data-e-type=\"widget\" data-widget_type=\"text-editor.default\">\n\t\t\t\t<div class=\"elementor-widget-container\">\n\t\t\t\t\t\t\t\t\t<p style=\"text-align: left;\">Am\u00e9lie F\u00e9rey has a doctorate in political science and is a researcher at the Centre for Security Studies and head of the Defence Research Laboratory (LRD) at the French Institute of International Relations (IFRI). Her research focuses on the ethics and law of war, the Israeli-Palestinian conflict and the legitimisation of armed force. She also teaches at Sciences Po Paris and Polytechnique.<\/p>\t\t\t\t\t\t\t\t<\/div>\n\t\t\t\t<\/div>\n\t\t\t\t\t<\/div>\n\t\t\t\t<\/div>\n\t\t<div data-particle_enable=\"false\" data-particle-mobile-disabled=\"false\" class=\"elementor-element elementor-element-8afee7f e-flex e-con-boxed e-con e-parent\" data-id=\"8afee7f\" data-element_type=\"container\" data-e-type=\"container\">\n\t\t\t\t\t<div class=\"e-con-inner\">\n\t\t\t\t<div class=\"elementor-element elementor-element-07118c3 elementor-widget elementor-widget-text-editor\" data-id=\"07118c3\" data-element_type=\"widget\" data-e-type=\"widget\" data-widget_type=\"text-editor.default\">\n\t\t\t\t<div class=\"elementor-widget-container\">\n\t\t\t\t\t\t\t\t\t<p style=\"text-align: left;\"><strong>A replay of this strategic debate is available on our Youtube channel:<\/strong><\/p>\t\t\t\t\t\t\t\t<\/div>\n\t\t\t\t<\/div>\n\t\t\t\t<div class=\"elementor-element elementor-element-e63b001 elementor-widget elementor-widget-video\" data-id=\"e63b001\" data-element_type=\"widget\" data-e-type=\"widget\" data-settings=\"{&quot;youtube_url&quot;:&quot;https:\\\/\\\/www.youtube.com\\\/watch?v=qGwftjPOF8k&amp;list=PL810VEbeGyE3CIqb6Zs5KkwGVh8ArUaZ4&amp;index=1&quot;,&quot;yt_privacy&quot;:&quot;yes&quot;,&quot;lazy_load&quot;:&quot;yes&quot;,&quot;video_type&quot;:&quot;youtube&quot;,&quot;controls&quot;:&quot;yes&quot;}\" data-widget_type=\"video.default\">\n\t\t\t\t<div class=\"elementor-widget-container\">\n\t\t\t\t\t\t\t<div class=\"elementor-wrapper elementor-open-inline\">\n\t\t\t<div class=\"elementor-video\"><\/div>\t\t<\/div>\n\t\t\t\t\t\t<\/div>\n\t\t\t\t<\/div>\n\t\t\t\t\t<\/div>\n\t\t\t\t<\/div>\n\t\t\t\t<\/div>","protected":false},"excerpt":{"rendered":"<p><span style=\"color: #c80a23;\"><strong> 17 March 2025 | 6.30pm<\/strong><\/span> at the \u00c9cole militaire<\/p>","protected":false},"author":10,"featured_media":52596,"comment_status":"closed","ping_status":"closed","sticky":false,"template":"","format":"standard","meta":{"footnotes":""},"categories":[42],"tags":[247,249],"class_list":["post-52594","post","type-post","status-publish","format-standard","has-post-thumbnail","hentry","category-les-debats-strategiques","tag-debat-strategique","tag-ancien-debat-strategique"],"yoast_head":"<!-- This site is optimized with the Yoast SEO plugin v27.5 - https:\/\/yoast.com\/product\/yoast-seo-wordpress\/ -->\n<title>Les mots, armes d\u2019une nouvelle guerre\u202f? Ukraine-Russie, la guerre des r\u00e9cits au XXIe si\u00e8cle - L&#039;IHEDN : Institut des hautes \u00e9tudes de d\u00e9fense nationale<\/title>\n<meta name=\"description\" content=\"Le 17 mars 2025, \u00e0 18h30, assistez \u00e0 ce d\u00e9bat strat\u00e9gique propos\u00e9 par l&#039;IHEDN - Les mots, armes d\u2019une nouvelle guerre\u202f? Ukraine-Russie, la guerre des r\u00e9cits au XXIe si\u00e8cle\" \/>\n<meta name=\"robots\" content=\"index, follow, max-snippet:-1, max-image-preview:large, max-video-preview:-1\" \/>\n<link rel=\"canonical\" href=\"https:\/\/ihedn.fr\/en\/les-debats-strategiques\/les-mots-armes-dune-nouvelle-guerre-ukraine-russie-la-guerre-des-recits-au-xxie-siecle\/\" \/>\n<meta property=\"og:locale\" content=\"en_GB\" \/>\n<meta property=\"og:type\" content=\"article\" \/>\n<meta property=\"og:title\" content=\"Les mots, armes d\u2019une nouvelle guerre\u202f? Ukraine-Russie, la guerre des r\u00e9cits au XXIe si\u00e8cle - L&#039;IHEDN : Institut des hautes \u00e9tudes de d\u00e9fense nationale\" \/>\n<meta property=\"og:description\" content=\"Le 17 mars 2025, \u00e0 18h30, assistez \u00e0 ce d\u00e9bat strat\u00e9gique propos\u00e9 par l&#039;IHEDN - Les mots, armes d\u2019une nouvelle guerre\u202f? Ukraine-Russie, la guerre des r\u00e9cits au XXIe si\u00e8cle\" \/>\n<meta property=\"og:url\" content=\"https:\/\/ihedn.fr\/en\/les-debats-strategiques\/les-mots-armes-dune-nouvelle-guerre-ukraine-russie-la-guerre-des-recits-au-xxie-siecle\/\" \/>\n<meta property=\"og:site_name\" content=\"L&#039;IHEDN : Institut des hautes \u00e9tudes de d\u00e9fense nationale\" \/>\n<meta property=\"article:publisher\" content=\"https:\/\/www.facebook.com\/ihedn\/\" \/>\n<meta property=\"article:published_time\" content=\"2025-02-10T14:47:22+00:00\" \/>\n<meta property=\"article:modified_time\" content=\"2025-04-09T13:39:37+00:00\" \/>\n<meta property=\"og:image\" content=\"https:\/\/ihedn.fr\/wp-content\/uploads\/2025\/02\/FEREY_DEBSTRATEGIQUE.jpg\" \/>\n\t<meta property=\"og:image:width\" content=\"1920\" \/>\n\t<meta property=\"og:image:height\" content=\"1080\" \/>\n\t<meta property=\"og:image:type\" content=\"image\/jpeg\" \/>\n<meta name=\"author\" content=\"tanguy.morel@ihedn.fr\" \/>\n<meta name=\"twitter:card\" content=\"summary_large_image\" \/>\n<meta name=\"twitter:title\" content=\"Les mots, armes d\u2019une nouvelle guerre\u202f? Ukraine-Russie, la guerre des r\u00e9cits au XXIe si\u00e8cle - L&#039;IHEDN : Institut des hautes \u00e9tudes de d\u00e9fense nationale\" \/>\n<meta name=\"twitter:description\" content=\"Le 17 mars 2025, \u00e0 18h30, assistez \u00e0 ce d\u00e9bat strat\u00e9gique propos\u00e9 par l&#039;IHEDN - Les mots, armes d\u2019une nouvelle guerre\u202f? Ukraine-Russie, la guerre des r\u00e9cits au XXIe si\u00e8cle\" \/>\n<meta name=\"twitter:image\" content=\"https:\/\/ihedn.fr\/wp-content\/uploads\/2025\/02\/FEREY_DEBSTRATEGIQUE.jpg\" \/>\n<meta name=\"twitter:creator\" content=\"@IHEDN\" \/>\n<meta name=\"twitter:site\" content=\"@IHEDN\" \/>\n<meta name=\"twitter:label1\" content=\"Written by\" \/>\n\t<meta name=\"twitter:data1\" content=\"tanguy.morel@ihedn.fr\" \/>\n\t<meta name=\"twitter:label2\" content=\"Estimated reading time\" \/>\n\t<meta name=\"twitter:data2\" content=\"2 minutes\" \/>\n<script type=\"application\/ld+json\" class=\"yoast-schema-graph\">{\"@context\":\"https:\\\/\\\/schema.org\",\"@graph\":[{\"@type\":\"Article\",\"@id\":\"https:\\\/\\\/ihedn.fr\\\/les-debats-strategiques\\\/les-mots-armes-dune-nouvelle-guerre-ukraine-russie-la-guerre-des-recits-au-xxie-siecle\\\/#article\",\"isPartOf\":{\"@id\":\"https:\\\/\\\/ihedn.fr\\\/les-debats-strategiques\\\/les-mots-armes-dune-nouvelle-guerre-ukraine-russie-la-guerre-des-recits-au-xxie-siecle\\\/\"},\"author\":{\"name\":\"tanguy.morel@ihedn.fr\",\"@id\":\"https:\\\/\\\/ihedn.fr\\\/#\\\/schema\\\/person\\\/ed217a37104b27a246b200e65b827cc7\"},\"headline\":\"Les mots, armes d\u2019une nouvelle guerre\u202f? Ukraine-Russie, la guerre des r\u00e9cits au XXIe si\u00e8cle\",\"datePublished\":\"2025-02-10T14:47:22+00:00\",\"dateModified\":\"2025-04-09T13:39:37+00:00\",\"mainEntityOfPage\":{\"@id\":\"https:\\\/\\\/ihedn.fr\\\/les-debats-strategiques\\\/les-mots-armes-dune-nouvelle-guerre-ukraine-russie-la-guerre-des-recits-au-xxie-siecle\\\/\"},\"wordCount\":277,\"publisher\":{\"@id\":\"https:\\\/\\\/ihedn.fr\\\/#organization\"},\"image\":{\"@id\":\"https:\\\/\\\/ihedn.fr\\\/les-debats-strategiques\\\/les-mots-armes-dune-nouvelle-guerre-ukraine-russie-la-guerre-des-recits-au-xxie-siecle\\\/#primaryimage\"},\"thumbnailUrl\":\"https:\\\/\\\/ihedn.fr\\\/wp-content\\\/uploads\\\/2025\\\/02\\\/FEREY_DEBSTRATEGIQUE.jpg\",\"keywords\":[\"d\u00e9bat-strat\u00e9gique\",\"pr\u00e9c\u00e9dent-d\u00e9bat-strat\u00e9gique\"],\"articleSection\":[\"Les d\u00e9bats strat\u00e9giques\"],\"inLanguage\":\"en-GB\"},{\"@type\":\"WebPage\",\"@id\":\"https:\\\/\\\/ihedn.fr\\\/les-debats-strategiques\\\/les-mots-armes-dune-nouvelle-guerre-ukraine-russie-la-guerre-des-recits-au-xxie-siecle\\\/\",\"url\":\"https:\\\/\\\/ihedn.fr\\\/les-debats-strategiques\\\/les-mots-armes-dune-nouvelle-guerre-ukraine-russie-la-guerre-des-recits-au-xxie-siecle\\\/\",\"name\":\"Les mots, armes d\u2019une nouvelle guerre\u202f? Ukraine-Russie, la guerre des r\u00e9cits au XXIe si\u00e8cle - L&#039;IHEDN : Institut des hautes \u00e9tudes de d\u00e9fense nationale\",\"isPartOf\":{\"@id\":\"https:\\\/\\\/ihedn.fr\\\/#website\"},\"primaryImageOfPage\":{\"@id\":\"https:\\\/\\\/ihedn.fr\\\/les-debats-strategiques\\\/les-mots-armes-dune-nouvelle-guerre-ukraine-russie-la-guerre-des-recits-au-xxie-siecle\\\/#primaryimage\"},\"image\":{\"@id\":\"https:\\\/\\\/ihedn.fr\\\/les-debats-strategiques\\\/les-mots-armes-dune-nouvelle-guerre-ukraine-russie-la-guerre-des-recits-au-xxie-siecle\\\/#primaryimage\"},\"thumbnailUrl\":\"https:\\\/\\\/ihedn.fr\\\/wp-content\\\/uploads\\\/2025\\\/02\\\/FEREY_DEBSTRATEGIQUE.jpg\",\"datePublished\":\"2025-02-10T14:47:22+00:00\",\"dateModified\":\"2025-04-09T13:39:37+00:00\",\"description\":\"Le 17 mars 2025, \u00e0 18h30, assistez \u00e0 ce d\u00e9bat strat\u00e9gique propos\u00e9 par l'IHEDN - Les mots, armes d\u2019une nouvelle guerre\u202f? Ukraine-Russie, la guerre des r\u00e9cits au XXIe si\u00e8cle\",\"breadcrumb\":{\"@id\":\"https:\\\/\\\/ihedn.fr\\\/les-debats-strategiques\\\/les-mots-armes-dune-nouvelle-guerre-ukraine-russie-la-guerre-des-recits-au-xxie-siecle\\\/#breadcrumb\"},\"inLanguage\":\"en-GB\",\"potentialAction\":[{\"@type\":\"ReadAction\",\"target\":[\"https:\\\/\\\/ihedn.fr\\\/les-debats-strategiques\\\/les-mots-armes-dune-nouvelle-guerre-ukraine-russie-la-guerre-des-recits-au-xxie-siecle\\\/\"]}]},{\"@type\":\"ImageObject\",\"inLanguage\":\"en-GB\",\"@id\":\"https:\\\/\\\/ihedn.fr\\\/les-debats-strategiques\\\/les-mots-armes-dune-nouvelle-guerre-ukraine-russie-la-guerre-des-recits-au-xxie-siecle\\\/#primaryimage\",\"url\":\"https:\\\/\\\/ihedn.fr\\\/wp-content\\\/uploads\\\/2025\\\/02\\\/FEREY_DEBSTRATEGIQUE.jpg\",\"contentUrl\":\"https:\\\/\\\/ihedn.fr\\\/wp-content\\\/uploads\\\/2025\\\/02\\\/FEREY_DEBSTRATEGIQUE.jpg\",\"width\":1920,\"height\":1080,\"caption\":\"D\u00e9bat strat\u00e9gique de l'IHEDN - Les mots, armes d\u2019une nouvelle guerre\u202f? Ukraine-Russie, la guerre des r\u00e9cits au XXIe si\u00e8cle\"},{\"@type\":\"BreadcrumbList\",\"@id\":\"https:\\\/\\\/ihedn.fr\\\/les-debats-strategiques\\\/les-mots-armes-dune-nouvelle-guerre-ukraine-russie-la-guerre-des-recits-au-xxie-siecle\\\/#breadcrumb\",\"itemListElement\":[{\"@type\":\"ListItem\",\"position\":1,\"name\":\"Accueil\",\"item\":\"https:\\\/\\\/ihedn.fr\\\/\"},{\"@type\":\"ListItem\",\"position\":2,\"name\":\"Les mots, armes d\u2019une nouvelle guerre\u202f? Ukraine-Russie, la guerre des r\u00e9cits au XXIe si\u00e8cle\"}]},{\"@type\":\"WebSite\",\"@id\":\"https:\\\/\\\/ihedn.fr\\\/#website\",\"url\":\"https:\\\/\\\/ihedn.fr\\\/\",\"name\":\"IHEDN : Institut des hautes \u00e9tudes de d\u00e9fense nationale |\",\"description\":\"Site officiel de l&#039;IHEDN plac\u00e9 sous la tutelle du Premier ministre.\",\"publisher\":{\"@id\":\"https:\\\/\\\/ihedn.fr\\\/#organization\"},\"potentialAction\":[{\"@type\":\"SearchAction\",\"target\":{\"@type\":\"EntryPoint\",\"urlTemplate\":\"https:\\\/\\\/ihedn.fr\\\/?s={search_term_string}\"},\"query-input\":{\"@type\":\"PropertyValueSpecification\",\"valueRequired\":true,\"valueName\":\"search_term_string\"}}],\"inLanguage\":\"en-GB\"},{\"@type\":\"Organization\",\"@id\":\"https:\\\/\\\/ihedn.fr\\\/#organization\",\"name\":\"IHEDN - Institut des Hautes Etudes de D\u00e9fense Nationale\",\"url\":\"https:\\\/\\\/ihedn.fr\\\/\",\"logo\":{\"@type\":\"ImageObject\",\"inLanguage\":\"en-GB\",\"@id\":\"https:\\\/\\\/ihedn.fr\\\/#\\\/schema\\\/logo\\\/image\\\/\",\"url\":\"https:\\\/\\\/ihedn.fr\\\/wp-content\\\/uploads\\\/2020\\\/11\\\/BLOC_RF_IHEDN_WEB.png\",\"contentUrl\":\"https:\\\/\\\/ihedn.fr\\\/wp-content\\\/uploads\\\/2020\\\/11\\\/BLOC_RF_IHEDN_WEB.png\",\"width\":500,\"height\":237,\"caption\":\"IHEDN - Institut des Hautes Etudes de D\u00e9fense Nationale\"},\"image\":{\"@id\":\"https:\\\/\\\/ihedn.fr\\\/#\\\/schema\\\/logo\\\/image\\\/\"},\"sameAs\":[\"https:\\\/\\\/www.facebook.com\\\/ihedn\\\/\",\"https:\\\/\\\/x.com\\\/IHEDN\",\"https:\\\/\\\/www.instagram.com\\\/ihedn\\\/\",\"https:\\\/\\\/www.linkedin.com\\\/school\\\/ihedn\\\/\",\"https:\\\/\\\/fr.wikipedia.org\\\/wiki\\\/Institut_des_hautes_\u00e9tudes_de_D\u00e9fense_nationale\"]},{\"@type\":\"Person\",\"@id\":\"https:\\\/\\\/ihedn.fr\\\/#\\\/schema\\\/person\\\/ed217a37104b27a246b200e65b827cc7\",\"name\":\"tanguy.morel@ihedn.fr\",\"image\":{\"@type\":\"ImageObject\",\"inLanguage\":\"en-GB\",\"@id\":\"https:\\\/\\\/secure.gravatar.com\\\/avatar\\\/36877cd30919fafddf1f9da45f4154aa468a64328452f2ceaff0968772207348?s=96&d=mm&r=g\",\"url\":\"https:\\\/\\\/secure.gravatar.com\\\/avatar\\\/36877cd30919fafddf1f9da45f4154aa468a64328452f2ceaff0968772207348?s=96&d=mm&r=g\",\"contentUrl\":\"https:\\\/\\\/secure.gravatar.com\\\/avatar\\\/36877cd30919fafddf1f9da45f4154aa468a64328452f2ceaff0968772207348?s=96&d=mm&r=g\",\"caption\":\"tanguy.morel@ihedn.fr\"},\"url\":\"https:\\\/\\\/ihedn.fr\\\/en\\\/author\\\/tanguy-morelihedn-fr\\\/\"}]}<\/script>\n<!-- \/ Yoast SEO plugin. -->","yoast_head_json":{"title":"Words, weapons of a new war? Ukraine-Russia, the war of narratives in the 21st century - L'IHEDN : Institut des hautes \u00e9tudes de d\u00e9fense nationale (Institute for Advanced Studies in National Defence)","description":"On 17 March 2025, at 6.30pm, come along to this strategic debate proposed by the IHEDN - Words, weapons of a new war? Ukraine-Russia, the war of narratives in the 21st century","robots":{"index":"index","follow":"follow","max-snippet":"max-snippet:-1","max-image-preview":"max-image-preview:large","max-video-preview":"max-video-preview:-1"},"canonical":"https:\/\/ihedn.fr\/en\/les-debats-strategiques\/les-mots-armes-dune-nouvelle-guerre-ukraine-russie-la-guerre-des-recits-au-xxie-siecle\/","og_locale":"en_GB","og_type":"article","og_title":"Les mots, armes d\u2019une nouvelle guerre\u202f? Ukraine-Russie, la guerre des r\u00e9cits au XXIe si\u00e8cle - L&#039;IHEDN : Institut des hautes \u00e9tudes de d\u00e9fense nationale","og_description":"Le 17 mars 2025, \u00e0 18h30, assistez \u00e0 ce d\u00e9bat strat\u00e9gique propos\u00e9 par l'IHEDN - Les mots, armes d\u2019une nouvelle guerre\u202f? Ukraine-Russie, la guerre des r\u00e9cits au XXIe si\u00e8cle","og_url":"https:\/\/ihedn.fr\/en\/les-debats-strategiques\/les-mots-armes-dune-nouvelle-guerre-ukraine-russie-la-guerre-des-recits-au-xxie-siecle\/","og_site_name":"L&#039;IHEDN : Institut des hautes \u00e9tudes de d\u00e9fense nationale","article_publisher":"https:\/\/www.facebook.com\/ihedn\/","article_published_time":"2025-02-10T14:47:22+00:00","article_modified_time":"2025-04-09T13:39:37+00:00","og_image":[{"width":1920,"height":1080,"url":"https:\/\/ihedn.fr\/wp-content\/uploads\/2025\/02\/FEREY_DEBSTRATEGIQUE.jpg","type":"image\/jpeg"}],"author":"tanguy.morel@ihedn.fr","twitter_card":"summary_large_image","twitter_title":"Les mots, armes d\u2019une nouvelle guerre\u202f? Ukraine-Russie, la guerre des r\u00e9cits au XXIe si\u00e8cle - L&#039;IHEDN : Institut des hautes \u00e9tudes de d\u00e9fense nationale","twitter_description":"Le 17 mars 2025, \u00e0 18h30, assistez \u00e0 ce d\u00e9bat strat\u00e9gique propos\u00e9 par l'IHEDN - Les mots, armes d\u2019une nouvelle guerre\u202f? Ukraine-Russie, la guerre des r\u00e9cits au XXIe si\u00e8cle","twitter_image":"https:\/\/ihedn.fr\/wp-content\/uploads\/2025\/02\/FEREY_DEBSTRATEGIQUE.jpg","twitter_creator":"@IHEDN","twitter_site":"@IHEDN","twitter_misc":{"Written by":"tanguy.morel@ihedn.fr","Estimated reading time":"2 minutes"},"schema":{"@context":"https:\/\/schema.org","@graph":[{"@type":"Article","@id":"https:\/\/ihedn.fr\/les-debats-strategiques\/les-mots-armes-dune-nouvelle-guerre-ukraine-russie-la-guerre-des-recits-au-xxie-siecle\/#article","isPartOf":{"@id":"https:\/\/ihedn.fr\/les-debats-strategiques\/les-mots-armes-dune-nouvelle-guerre-ukraine-russie-la-guerre-des-recits-au-xxie-siecle\/"},"author":{"name":"tanguy.morel@ihedn.fr","@id":"https:\/\/ihedn.fr\/#\/schema\/person\/ed217a37104b27a246b200e65b827cc7"},"headline":"Les mots, armes d\u2019une nouvelle guerre\u202f? Ukraine-Russie, la guerre des r\u00e9cits au XXIe si\u00e8cle","datePublished":"2025-02-10T14:47:22+00:00","dateModified":"2025-04-09T13:39:37+00:00","mainEntityOfPage":{"@id":"https:\/\/ihedn.fr\/les-debats-strategiques\/les-mots-armes-dune-nouvelle-guerre-ukraine-russie-la-guerre-des-recits-au-xxie-siecle\/"},"wordCount":277,"publisher":{"@id":"https:\/\/ihedn.fr\/#organization"},"image":{"@id":"https:\/\/ihedn.fr\/les-debats-strategiques\/les-mots-armes-dune-nouvelle-guerre-ukraine-russie-la-guerre-des-recits-au-xxie-siecle\/#primaryimage"},"thumbnailUrl":"https:\/\/ihedn.fr\/wp-content\/uploads\/2025\/02\/FEREY_DEBSTRATEGIQUE.jpg","keywords":["d\u00e9bat-strat\u00e9gique","pr\u00e9c\u00e9dent-d\u00e9bat-strat\u00e9gique"],"articleSection":["Les d\u00e9bats strat\u00e9giques"],"inLanguage":"en-GB"},{"@type":"WebPage","@id":"https:\/\/ihedn.fr\/les-debats-strategiques\/les-mots-armes-dune-nouvelle-guerre-ukraine-russie-la-guerre-des-recits-au-xxie-siecle\/","url":"https:\/\/ihedn.fr\/les-debats-strategiques\/les-mots-armes-dune-nouvelle-guerre-ukraine-russie-la-guerre-des-recits-au-xxie-siecle\/","name":"Words, weapons of a new war? Ukraine-Russia, the war of narratives in the 21st century - L'IHEDN : Institut des hautes \u00e9tudes de d\u00e9fense nationale (Institute for Advanced Studies in National Defence)","isPartOf":{"@id":"https:\/\/ihedn.fr\/#website"},"primaryImageOfPage":{"@id":"https:\/\/ihedn.fr\/les-debats-strategiques\/les-mots-armes-dune-nouvelle-guerre-ukraine-russie-la-guerre-des-recits-au-xxie-siecle\/#primaryimage"},"image":{"@id":"https:\/\/ihedn.fr\/les-debats-strategiques\/les-mots-armes-dune-nouvelle-guerre-ukraine-russie-la-guerre-des-recits-au-xxie-siecle\/#primaryimage"},"thumbnailUrl":"https:\/\/ihedn.fr\/wp-content\/uploads\/2025\/02\/FEREY_DEBSTRATEGIQUE.jpg","datePublished":"2025-02-10T14:47:22+00:00","dateModified":"2025-04-09T13:39:37+00:00","description":"On 17 March 2025, at 6.30pm, come along to this strategic debate proposed by the IHEDN - Words, weapons of a new war? Ukraine-Russia, the war of narratives in the 21st century","breadcrumb":{"@id":"https:\/\/ihedn.fr\/les-debats-strategiques\/les-mots-armes-dune-nouvelle-guerre-ukraine-russie-la-guerre-des-recits-au-xxie-siecle\/#breadcrumb"},"inLanguage":"en-GB","potentialAction":[{"@type":"ReadAction","target":["https:\/\/ihedn.fr\/les-debats-strategiques\/les-mots-armes-dune-nouvelle-guerre-ukraine-russie-la-guerre-des-recits-au-xxie-siecle\/"]}]},{"@type":"ImageObject","inLanguage":"en-GB","@id":"https:\/\/ihedn.fr\/les-debats-strategiques\/les-mots-armes-dune-nouvelle-guerre-ukraine-russie-la-guerre-des-recits-au-xxie-siecle\/#primaryimage","url":"https:\/\/ihedn.fr\/wp-content\/uploads\/2025\/02\/FEREY_DEBSTRATEGIQUE.jpg","contentUrl":"https:\/\/ihedn.fr\/wp-content\/uploads\/2025\/02\/FEREY_DEBSTRATEGIQUE.jpg","width":1920,"height":1080,"caption":"D\u00e9bat strat\u00e9gique de l'IHEDN - Les mots, armes d\u2019une nouvelle guerre\u202f? Ukraine-Russie, la guerre des r\u00e9cits au XXIe si\u00e8cle"},{"@type":"BreadcrumbList","@id":"https:\/\/ihedn.fr\/les-debats-strategiques\/les-mots-armes-dune-nouvelle-guerre-ukraine-russie-la-guerre-des-recits-au-xxie-siecle\/#breadcrumb","itemListElement":[{"@type":"ListItem","position":1,"name":"Accueil","item":"https:\/\/ihedn.fr\/"},{"@type":"ListItem","position":2,"name":"Les mots, armes d\u2019une nouvelle guerre\u202f? Ukraine-Russie, la guerre des r\u00e9cits au XXIe si\u00e8cle"}]},{"@type":"WebSite","@id":"https:\/\/ihedn.fr\/#website","url":"https:\/\/ihedn.fr\/","name":"IHEDN: Institut des hautes \u00e9tudes de d\u00e9fense nationale (Institute for Higher National Defence Studies)","description":"Official website of the IHEDN under the supervision of the Prime Minister.","publisher":{"@id":"https:\/\/ihedn.fr\/#organization"},"potentialAction":[{"@type":"SearchAction","target":{"@type":"EntryPoint","urlTemplate":"https:\/\/ihedn.fr\/?s={search_term_string}"},"query-input":{"@type":"PropertyValueSpecification","valueRequired":true,"valueName":"search_term_string"}}],"inLanguage":"en-GB"},{"@type":"Organization","@id":"https:\/\/ihedn.fr\/#organization","name":"IHEDN - Institute for Higher National Defence Studies","url":"https:\/\/ihedn.fr\/","logo":{"@type":"ImageObject","inLanguage":"en-GB","@id":"https:\/\/ihedn.fr\/#\/schema\/logo\/image\/","url":"https:\/\/ihedn.fr\/wp-content\/uploads\/2020\/11\/BLOC_RF_IHEDN_WEB.png","contentUrl":"https:\/\/ihedn.fr\/wp-content\/uploads\/2020\/11\/BLOC_RF_IHEDN_WEB.png","width":500,"height":237,"caption":"IHEDN - Institut des Hautes Etudes de D\u00e9fense Nationale"},"image":{"@id":"https:\/\/ihedn.fr\/#\/schema\/logo\/image\/"},"sameAs":["https:\/\/www.facebook.com\/ihedn\/","https:\/\/x.com\/IHEDN","https:\/\/www.instagram.com\/ihedn\/","https:\/\/www.linkedin.com\/school\/ihedn\/","https:\/\/fr.wikipedia.org\/wiki\/Institut_des_hautes_\u00e9tudes_de_D\u00e9fense_nationale"]},{"@type":"Person","@id":"https:\/\/ihedn.fr\/#\/schema\/person\/ed217a37104b27a246b200e65b827cc7","name":"tanguy.morel@ihedn.fr","image":{"@type":"ImageObject","inLanguage":"en-GB","@id":"https:\/\/secure.gravatar.com\/avatar\/36877cd30919fafddf1f9da45f4154aa468a64328452f2ceaff0968772207348?s=96&d=mm&r=g","url":"https:\/\/secure.gravatar.com\/avatar\/36877cd30919fafddf1f9da45f4154aa468a64328452f2ceaff0968772207348?s=96&d=mm&r=g","contentUrl":"https:\/\/secure.gravatar.com\/avatar\/36877cd30919fafddf1f9da45f4154aa468a64328452f2ceaff0968772207348?s=96&d=mm&r=g","caption":"tanguy.morel@ihedn.fr"},"url":"https:\/\/ihedn.fr\/en\/author\/tanguy-morelihedn-fr\/"}]}},"publishpress_future_action":{"enabled":false,"date":"2026-05-09 12:54:33","action":"change-status","newStatus":"draft","terms":[],"taxonomy":"category","extraData":[]},"publishpress_future_workflow_manual_trigger":{"enabledWorkflows":[]},"_links":{"self":[{"href":"https:\/\/ihedn.fr\/en\/wp-json\/wp\/v2\/posts\/52594","targetHints":{"allow":["GET"]}}],"collection":[{"href":"https:\/\/ihedn.fr\/en\/wp-json\/wp\/v2\/posts"}],"about":[{"href":"https:\/\/ihedn.fr\/en\/wp-json\/wp\/v2\/types\/post"}],"author":[{"embeddable":true,"href":"https:\/\/ihedn.fr\/en\/wp-json\/wp\/v2\/users\/10"}],"replies":[{"embeddable":true,"href":"https:\/\/ihedn.fr\/en\/wp-json\/wp\/v2\/comments?post=52594"}],"version-history":[{"count":15,"href":"https:\/\/ihedn.fr\/en\/wp-json\/wp\/v2\/posts\/52594\/revisions"}],"predecessor-version":[{"id":53594,"href":"https:\/\/ihedn.fr\/en\/wp-json\/wp\/v2\/posts\/52594\/revisions\/53594"}],"wp:featuredmedia":[{"embeddable":true,"href":"https:\/\/ihedn.fr\/en\/wp-json\/wp\/v2\/media\/52596"}],"wp:attachment":[{"href":"https:\/\/ihedn.fr\/en\/wp-json\/wp\/v2\/media?parent=52594"}],"wp:term":[{"taxonomy":"category","embeddable":true,"href":"https:\/\/ihedn.fr\/en\/wp-json\/wp\/v2\/categories?post=52594"},{"taxonomy":"post_tag","embeddable":true,"href":"https:\/\/ihedn.fr\/en\/wp-json\/wp\/v2\/tags?post=52594"}],"curies":[{"name":"wp","href":"https:\/\/api.w.org\/{rel}","templated":true}]}}