{"id":52637,"date":"2025-02-17T16:17:44","date_gmt":"2025-02-17T15:17:44","guid":{"rendered":"https:\/\/ihedn.fr\/?p=52637"},"modified":"2025-09-03T14:20:03","modified_gmt":"2025-09-03T13:20:03","slug":"civils-victimes-de-guerre-la-difficile-question-des-reparations","status":"publish","type":"post","link":"https:\/\/ihedn.fr\/en\/notre-selection\/civils-victimes-de-guerre-la-difficile-question-des-reparations\/","title":{"rendered":"Civilian victims of war: the difficult issue of reparations"},"content":{"rendered":"<div data-elementor-type=\"wp-post\" data-elementor-id=\"52637\" class=\"elementor elementor-52637\" data-elementor-post-type=\"post\">\n\t\t\t\t<div data-particle_enable=\"false\" data-particle-mobile-disabled=\"false\" class=\"elementor-element elementor-element-230dc34 e-flex e-con-boxed e-con e-parent\" data-id=\"230dc34\" data-element_type=\"container\" data-e-type=\"container\">\n\t\t\t\t\t<div class=\"e-con-inner\">\n\t\t\t\t<div class=\"elementor-element elementor-element-9ce855c elementor-widget elementor-widget-text-editor\" data-id=\"9ce855c\" data-element_type=\"widget\" data-e-type=\"widget\" data-widget_type=\"text-editor.default\">\n\t\t\t\t<div class=\"elementor-widget-container\">\n\t\t\t\t\t\t\t\t\t<p style=\"text-align: left;\">In 2023, \"the number of civilian deaths in armed conflicts increased by 72%\" compared with the previous year. <a href=\"https:\/\/www.ohchr.org\/fr\/statements-and-speeches\/2024\/06\/we-must-urgently-find-our-way-back-peace-says-high-commissioner\" target=\"_blank\" rel=\"noopener\">This declaration<\/a> of the United Nations High Commissioner for Human Rights, Volker T\u00fcrk, in June 2024, shows that non-combatants are increasingly affected by conflicts, even if their plight does not always make the headlines. In his speech to the 56<sup>e<\/sup> session of the UN Human Rights Council, the senior international civil servant spoke of the situations in Gaza, Ukraine, Sudan, the Democratic Republic of Congo...<\/p><p style=\"text-align: left;\">It was in the mid-19th century that the plight of civilian victims of war gradually began to be taken into account. The action initiated by Henry Dunant, the Swiss founder of the Red Cross, after the battle of Solferino in 1859 led to the famous Geneva Conventions, which laid the foundations of international humanitarian law and hence of the protection of civilians. Four conventions from 1949 and three additional protocols (the most recent in 2005) are currently in force.<\/p><p style=\"text-align: left;\">At the same time, the Nuremberg trials after the Second World War led to a major breakthrough: individuals, and not just legal entities such as States, could be held responsible for violence. But it would take more than forty years for the concept of the victim to be recognised.<\/p>\t\t\t\t\t\t\t\t<\/div>\n\t\t\t\t<\/div>\n\t\t\t\t\t<\/div>\n\t\t\t\t<\/div>\n\t\t<div data-particle_enable=\"false\" data-particle-mobile-disabled=\"false\" class=\"elementor-element elementor-element-7bf256b e-con-full e-flex e-con e-parent\" data-id=\"7bf256b\" data-element_type=\"container\" data-e-type=\"container\">\n\t\t\t\t<div class=\"elementor-element elementor-element-618c98c elementor-widget elementor-widget-heading\" data-id=\"618c98c\" data-element_type=\"widget\" data-e-type=\"widget\" data-widget_type=\"heading.default\">\n\t\t\t\t<div class=\"elementor-widget-container\">\n\t\t\t\t\t<h2 class=\"elementor-heading-title elementor-size-default\">HIGHER STANDARDS OF PROTECTION IN EUROPE THAN ELSEWHERE<\/h2>\t\t\t\t<\/div>\n\t\t\t\t<\/div>\n\t\t\t\t<div class=\"elementor-element elementor-element-cbc595a elementor-widget-divider--view-line elementor-widget elementor-widget-divider\" data-id=\"cbc595a\" data-element_type=\"widget\" data-e-type=\"widget\" data-widget_type=\"divider.default\">\n\t\t\t\t<div class=\"elementor-widget-container\">\n\t\t\t\t\t\t\t<div class=\"elementor-divider\">\n\t\t\t<span class=\"elementor-divider-separator\">\n\t\t\t\t\t\t<\/span>\n\t\t<\/div>\n\t\t\t\t\t\t<\/div>\n\t\t\t\t<\/div>\n\t\t<div data-particle_enable=\"false\" data-particle-mobile-disabled=\"false\" class=\"elementor-element elementor-element-916e219 e-con-full e-flex e-con e-child\" data-id=\"916e219\" data-element_type=\"container\" data-e-type=\"container\">\n\t\t\t\t<div class=\"elementor-element elementor-element-2dfff21 elementor-widget__width-initial elementor-widget elementor-widget-text-editor\" data-id=\"2dfff21\" data-element_type=\"widget\" data-e-type=\"widget\" data-widget_type=\"text-editor.default\">\n\t\t\t\t<div class=\"elementor-widget-container\">\n\t\t\t\t\t\t\t\t\t<p style=\"text-align: left;\">\"This word appeared explicitly in the mid-1980s,\" says \u00c9lise Bernard, a lecturer in peacekeeping law at Sciences-Po Aix, who has a doctorate in public law, a post-doctorate in conflict and post-conflict management, and is a graduate of the 28<sup>e<\/sup> graduating from the \u00c9cole de Guerre. \"Today, recent legislation recognises the status of victim, but recognising this status, obtaining it and finally obtaining reparation as a victim are three different things.<\/p><p style=\"text-align: left;\">In short, \"state responsibilities are thousands of years old, while individual responsibilities are very recent, and reparations even more recent\", she says. \"The extent to which fundamental rights are taken into account varies greatly from one part of the world to another. It's a very slow shift, and one that today mainly concerns the European continent. In Europe, minimum standards of protection are much higher than elsewhere.<\/p><p style=\"text-align: left;\">Civilian victims of conflicts can sue in several jurisdictions, with varying procedures: only the European Court of Human Rights (ECHR) allows individual prosecutions against States parties to the Convention of the same name. At the International Criminal Court (ICC) in The Hague, victims can provide evidence to encourage the prosecutor to proceed.<\/p><p style=\"text-align: left;\">On 11 February 2025, the ECHR recognised that Russian citizens were victims of breaches of the peace and were entitled to reparations following their country's invasion of Ukraine in February 2022: Russia only withdrew from the European Convention on Human Rights in September 2022.<\/p><p style=\"text-align: left;\">But it was an ICC decision on 17 March 2023 that caused the most controversy: the issue of an arrest warrant for Russian President Vladimir Putin. Since that day, the 124 States parties to the Rome Statute of the ICC are supposed to arrest the Russian leader immediately if he turns up on their territory.<\/p>\t\t\t\t\t\t\t\t<\/div>\n\t\t\t\t<\/div>\n\t\t\t\t<\/div>\n\t\t\t\t<\/div>\n\t\t<div data-particle_enable=\"false\" data-particle-mobile-disabled=\"false\" class=\"elementor-element elementor-element-aa035fe e-con-full e-flex e-con e-parent\" data-id=\"aa035fe\" data-element_type=\"container\" data-e-type=\"container\">\n\t\t\t\t<div class=\"elementor-element elementor-element-4bfc896 elementor-widget elementor-widget-heading\" data-id=\"4bfc896\" data-element_type=\"widget\" data-e-type=\"widget\" data-widget_type=\"heading.default\">\n\t\t\t\t<div class=\"elementor-widget-container\">\n\t\t\t\t\t<h2 class=\"elementor-heading-title elementor-size-default\">IN 2023, AN ARREST WARRANT FOR PUTIN<\/h2>\t\t\t\t<\/div>\n\t\t\t\t<\/div>\n\t\t\t\t<div class=\"elementor-element elementor-element-682eb11 elementor-widget-divider--view-line elementor-widget elementor-widget-divider\" data-id=\"682eb11\" data-element_type=\"widget\" data-e-type=\"widget\" data-widget_type=\"divider.default\">\n\t\t\t\t<div class=\"elementor-widget-container\">\n\t\t\t\t\t\t\t<div class=\"elementor-divider\">\n\t\t\t<span class=\"elementor-divider-separator\">\n\t\t\t\t\t\t<\/span>\n\t\t<\/div>\n\t\t\t\t\t\t<\/div>\n\t\t\t\t<\/div>\n\t\t<div data-particle_enable=\"false\" data-particle-mobile-disabled=\"false\" class=\"elementor-element elementor-element-fe961bb e-con-full e-flex e-con e-child\" data-id=\"fe961bb\" data-element_type=\"container\" data-e-type=\"container\">\n\t\t\t\t<div class=\"elementor-element elementor-element-581058e elementor-widget elementor-widget-text-editor\" data-id=\"581058e\" data-element_type=\"widget\" data-e-type=\"widget\" data-widget_type=\"text-editor.default\">\n\t\t\t\t<div class=\"elementor-widget-container\">\n\t\t\t\t\t\t\t\t\t<p style=\"text-align: left;\">\"Since 2014, Kiev has accused Moscow of abducting and deporting around 20,000 children (19,546 to be exact),\" says \u00c9lise Bernard. \"These numerous cases, backed up by sufficient evidence, led the ICC prosecutor to convince international judges to issue an arrest warrant for Putin and Russia's Children's Commissioner. The Court considers that the abduction of such a large number of children may constitute a war crime.<\/p><p style=\"text-align: left;\">The case of \"wartime rape\", however, can encompass different realities. The term itself is controversial: \"I don't use this expression, but 'wartime rape'\", says historian Fabrice Virgili, director of research at the CNRS and head of the \"Gender and Europe\" theme at the joint research unit \"Sorbonne - European Identities, International Relations and Civilisations\" (SIRICE).\u00a0<\/p><p style=\"text-align: left;\">\"In all the world's armies, rape has been banned since the creation of the standing armies in the 17th century, with the Swedish army under King Gustavus Adolphus\", he points out. Today, rape in wartime can take four forms, according to the historian:<\/p><ul style=\"text-align: left;\"><li>opportunistic\" rape, when soldiers or officers escape the control of their superiors, without their act being part of a wider environment; in general, this type of rape is prosecuted by the military establishment and the perpetrators punished;<\/li><li>rape committed during operations, with either an encouraging or tolerant attitude on the part of the hierarchy, with the aim of \"terrorising the enemy\", as in the case of the Wehrmarcht in French villages in the spring of 1944, or the Russian army in Ukraine more recently;<\/li><li>systematic, organised rape, with the intention that women should carry their pregnancy to term in order to give birth to a child \"tainted\" by the victor, as in the former Yugoslavia in the 1990s;<\/li><li>rape in situations of captivity, or torture used as an \"interrogation protocol\", as in Abu Ghraib, Iraq, by the American army in the 2000s.<\/li><\/ul><p style=\"text-align: left;\">After the Second World War, the charge of rape was dropped by the Nuremberg tribunals. However, it was retained by local courts. In Japan, General Iwane Matsui was sentenced to death and executed as the person responsible for the Nanking massacre (1937), in particular because a large number of rapes had been committed under his authority.<\/p>\t\t\t\t\t\t\t\t<\/div>\n\t\t\t\t<\/div>\n\t\t\t\t<\/div>\n\t\t\t\t<\/div>\n\t\t<div data-particle_enable=\"false\" data-particle-mobile-disabled=\"false\" class=\"elementor-element elementor-element-1bc2fe0 e-con-full e-flex e-con e-parent\" data-id=\"1bc2fe0\" data-element_type=\"container\" data-e-type=\"container\">\n\t\t\t\t<div class=\"elementor-element elementor-element-3432774 elementor-widget elementor-widget-heading\" data-id=\"3432774\" data-element_type=\"widget\" data-e-type=\"widget\" data-widget_type=\"heading.default\">\n\t\t\t\t<div class=\"elementor-widget-container\">\n\t\t\t\t\t<h2 class=\"elementor-heading-title elementor-size-default\">RAPE CAN BE A CRIME OF GENOCIDE OR AGAINST HUMANITY<\/h2>\t\t\t\t<\/div>\n\t\t\t\t<\/div>\n\t\t\t\t<div class=\"elementor-element elementor-element-cb18c3c elementor-widget-divider--view-line elementor-widget elementor-widget-divider\" data-id=\"cb18c3c\" data-element_type=\"widget\" data-e-type=\"widget\" data-widget_type=\"divider.default\">\n\t\t\t\t<div class=\"elementor-widget-container\">\n\t\t\t\t\t\t\t<div class=\"elementor-divider\">\n\t\t\t<span class=\"elementor-divider-separator\">\n\t\t\t\t\t\t<\/span>\n\t\t<\/div>\n\t\t\t\t\t\t<\/div>\n\t\t\t\t<\/div>\n\t\t<div data-particle_enable=\"false\" data-particle-mobile-disabled=\"false\" class=\"elementor-element elementor-element-22fdc3b e-con-full e-flex e-con e-child\" data-id=\"22fdc3b\" data-element_type=\"container\" data-e-type=\"container\">\n\t\t\t\t<div class=\"elementor-element elementor-element-f91ba4b elementor-widget elementor-widget-text-editor\" data-id=\"f91ba4b\" data-element_type=\"widget\" data-e-type=\"widget\" data-widget_type=\"text-editor.default\">\n\t\t\t\t<div class=\"elementor-widget-container\">\n\t\t\t\t\t\t\t\t\t<p style=\"text-align: left;\">In 1998, the International Criminal Tribunal for Rwanda (ICTR) found Jean Paul Akayesu guilty of genocide and crimes against humanity, including rape, committed in the commune where he was mayor in 1994. For the first time, \"rape during wartime is legally qualified as constituting the crime of genocide\", explains Fabrice Virgili.<\/p><p style=\"text-align: left;\">In 2001, a ruling by the International Criminal Tribunal for the former Yugoslavia (ICTY) confirmed that rape and sexual slavery constitute crimes against humanity, when three Bosnian Serbs were convicted of inflicting these abuses on Muslim women.<\/p><p style=\"text-align: left;\">\"The problem with rape, more than with other war crimes, is being able to prove that a particular soldier or officer committed rape or turned a blind eye,\" says Fabrice Virgili, adding:<\/p>\t\t\t\t\t\t\t\t<\/div>\n\t\t\t\t<\/div>\n\t\t\t\t<\/div>\n\t\t\t\t<div class=\"elementor-element elementor-element-24f5b60 elementor-widget__width-initial elementor-widget elementor-widget-text-editor\" data-id=\"24f5b60\" data-element_type=\"widget\" data-e-type=\"widget\" data-widget_type=\"text-editor.default\">\n\t\t\t\t<div class=\"elementor-widget-container\">\n\t\t\t\t\t\t\t\t\t<p style=\"text-align: left;\">\"In many societies, including our own, the shame sometimes falls more on the victim than on the perpetrator, which makes it difficult for the victim to lodge a complaint and therefore to initiate proceedings. There is always a suspicion that guilt is shared. There is a real need for preventive work in all the world's armies, both on the place of women in armies and on how to behave towards women in civilian populations\".<\/p>\t\t\t\t\t\t\t\t<\/div>\n\t\t\t\t<\/div>\n\t\t\t\t<\/div>\n\t\t<div data-particle_enable=\"false\" data-particle-mobile-disabled=\"false\" class=\"elementor-element elementor-element-0e7a787 e-flex e-con-boxed e-con e-parent\" data-id=\"0e7a787\" data-element_type=\"container\" data-e-type=\"container\">\n\t\t\t\t\t<div class=\"e-con-inner\">\n\t\t\t\t<div class=\"elementor-element elementor-element-f1fba2c elementor-widget elementor-widget-text-editor\" data-id=\"f1fba2c\" data-element_type=\"widget\" data-e-type=\"widget\" data-widget_type=\"text-editor.default\">\n\t\t\t\t<div class=\"elementor-widget-container\">\n\t\t\t\t\t\t\t\t\t<p style=\"text-align: left;\"><em><span style=\"text-decoration: underline;\">Photo caption:<\/span> Syrian war refugees crossing a border.<\/em><\/p>\t\t\t\t\t\t\t\t<\/div>\n\t\t\t\t<\/div>\n\t\t\t\t\t<\/div>\n\t\t\t\t<\/div>\n\t\t\t\t<\/div>","protected":false},"excerpt":{"rendered":"<p>Civilians are systematically affected by conflicts, but their fate is recognised differently in different jurisdictions. Legal expert \u00c9lise Bernard and historian Fabrice Virgili shed light on the specific case of wartime rape.<\/p>","protected":false},"author":12,"featured_media":52638,"comment_status":"closed","ping_status":"closed","sticky":false,"template":"","format":"standard","meta":{"footnotes":""},"categories":[41,171,209],"tags":[],"class_list":["post-52637","post","type-post","status-publish","format-standard","has-post-thumbnail","hentry","category-lundis-de-lihedn","category-notre-selection","category-securite-internationale"],"yoast_head":"<!-- This site is optimized with the Yoast SEO plugin v27.5 - https:\/\/yoast.com\/product\/yoast-seo-wordpress\/ -->\n<title>Civils victimes de guerre : la difficile question des r\u00e9parations - L&#039;IHEDN : Institut des hautes \u00e9tudes de d\u00e9fense nationale<\/title>\n<meta name=\"description\" content=\"Ing\u00e9rences \u00e9trang\u00e8res, d\u00e9sinformation et manipulation visent \u00ab la division de nos soci\u00e9t\u00e9s d\u00e9mocratiques pour les affaiblir dans l\u2019int\u00e9r\u00eat d\u2019acteurs hostiles \u00bb : dans une rare interview, la \u00ab dircom \u00bb de l\u2019Union europ\u00e9enne Dana Spinant s\u2019exprime sur ce fl\u00e9au grandissant et d\u00e9taille les cinq piliers mis en place pour y faire face.\" \/>\n<meta name=\"robots\" content=\"index, follow, max-snippet:-1, max-image-preview:large, max-video-preview:-1\" \/>\n<link rel=\"canonical\" href=\"https:\/\/ihedn.fr\/en\/lundis-de-lihedn\/civils-victimes-de-guerre-la-difficile-question-des-reparations\/\" \/>\n<meta property=\"og:locale\" content=\"en_GB\" \/>\n<meta property=\"og:type\" content=\"article\" \/>\n<meta property=\"og:title\" content=\"Civils victimes de guerre : la difficile question des r\u00e9parations\" \/>\n<meta property=\"og:description\" content=\"Syst\u00e9matiquement touch\u00e9s par les conflits, les civils voient leur sort diversement reconnu selon les juridictions. \u00c9clairages avec la juriste \u00c9lise Bernard et, pour le cas sp\u00e9cifique des viols en temps de guerre, l\u2019historien Fabrice Virgili.\" \/>\n<meta property=\"og:url\" content=\"https:\/\/ihedn.fr\/en\/lundis-de-lihedn\/civils-victimes-de-guerre-la-difficile-question-des-reparations\/\" \/>\n<meta property=\"og:site_name\" content=\"L&#039;IHEDN : Institut des hautes \u00e9tudes de d\u00e9fense nationale\" \/>\n<meta property=\"article:publisher\" content=\"https:\/\/www.facebook.com\/ihedn\/\" \/>\n<meta property=\"article:published_time\" content=\"2025-02-17T15:17:44+00:00\" \/>\n<meta property=\"article:modified_time\" content=\"2025-09-03T13:20:03+00:00\" \/>\n<meta property=\"og:image\" content=\"https:\/\/ihedn.fr\/wp-content\/uploads\/2025\/02\/BANDEAU_VIOLENCEGUERRE_2025.jpg\" \/>\n\t<meta property=\"og:image:width\" content=\"1920\" \/>\n\t<meta property=\"og:image:height\" content=\"1080\" \/>\n\t<meta property=\"og:image:type\" content=\"image\/jpeg\" \/>\n<meta name=\"author\" content=\"Ad\u00e8le Thoumieux\" \/>\n<meta name=\"twitter:card\" content=\"summary_large_image\" \/>\n<meta name=\"twitter:title\" content=\"Civils victimes de guerre : la difficile question des r\u00e9parations\" \/>\n<meta name=\"twitter:description\" content=\"Syst\u00e9matiquement touch\u00e9s par les conflits, les civils voient leur sort diversement reconnu selon les juridictions. \u00c9clairages avec la juriste \u00c9lise Bernard et, pour le cas sp\u00e9cifique des viols en temps de guerre, l\u2019historien Fabrice Virgili.\" \/>\n<meta name=\"twitter:image\" content=\"https:\/\/ihedn.fr\/wp-content\/uploads\/2025\/02\/BANDEAU_VIOLENCEGUERRE_2025.jpg\" \/>\n<meta name=\"twitter:creator\" content=\"@IHEDN\" \/>\n<meta name=\"twitter:site\" content=\"@IHEDN\" \/>\n<meta name=\"twitter:label1\" content=\"Written by\" \/>\n\t<meta name=\"twitter:data1\" content=\"Ad\u00e8le Thoumieux\" \/>\n\t<meta name=\"twitter:label2\" content=\"Estimated reading time\" \/>\n\t<meta name=\"twitter:data2\" content=\"6 minutes\" \/>\n<script type=\"application\/ld+json\" class=\"yoast-schema-graph\">{\"@context\":\"https:\\\/\\\/schema.org\",\"@graph\":[{\"@type\":\"Article\",\"@id\":\"https:\\\/\\\/ihedn.fr\\\/lundis-de-lihedn\\\/civils-victimes-de-guerre-la-difficile-question-des-reparations\\\/#article\",\"isPartOf\":{\"@id\":\"https:\\\/\\\/ihedn.fr\\\/lundis-de-lihedn\\\/civils-victimes-de-guerre-la-difficile-question-des-reparations\\\/\"},\"author\":{\"name\":\"Ad\u00e8le Thoumieux\",\"@id\":\"https:\\\/\\\/ihedn.fr\\\/#\\\/schema\\\/person\\\/16d49c2bd0121499ea9b9023ce89826c\"},\"headline\":\"Civils victimes de guerre : la difficile question des r\u00e9parations\",\"datePublished\":\"2025-02-17T15:17:44+00:00\",\"dateModified\":\"2025-09-03T13:20:03+00:00\",\"mainEntityOfPage\":{\"@id\":\"https:\\\/\\\/ihedn.fr\\\/lundis-de-lihedn\\\/civils-victimes-de-guerre-la-difficile-question-des-reparations\\\/\"},\"wordCount\":1290,\"publisher\":{\"@id\":\"https:\\\/\\\/ihedn.fr\\\/#organization\"},\"image\":{\"@id\":\"https:\\\/\\\/ihedn.fr\\\/lundis-de-lihedn\\\/civils-victimes-de-guerre-la-difficile-question-des-reparations\\\/#primaryimage\"},\"thumbnailUrl\":\"https:\\\/\\\/ihedn.fr\\\/wp-content\\\/uploads\\\/2025\\\/02\\\/BANDEAU_VIOLENCEGUERRE_2025.jpg\",\"articleSection\":[\"Lundis de l'IHEDN\",\"Notre s\u00e9lection\",\"s\u00e9curit\u00e9 internationale\"],\"inLanguage\":\"en-GB\"},{\"@type\":\"WebPage\",\"@id\":\"https:\\\/\\\/ihedn.fr\\\/lundis-de-lihedn\\\/civils-victimes-de-guerre-la-difficile-question-des-reparations\\\/\",\"url\":\"https:\\\/\\\/ihedn.fr\\\/lundis-de-lihedn\\\/civils-victimes-de-guerre-la-difficile-question-des-reparations\\\/\",\"name\":\"Civils victimes de guerre : la difficile question des r\u00e9parations - L&#039;IHEDN : Institut des hautes \u00e9tudes de d\u00e9fense nationale\",\"isPartOf\":{\"@id\":\"https:\\\/\\\/ihedn.fr\\\/#website\"},\"primaryImageOfPage\":{\"@id\":\"https:\\\/\\\/ihedn.fr\\\/lundis-de-lihedn\\\/civils-victimes-de-guerre-la-difficile-question-des-reparations\\\/#primaryimage\"},\"image\":{\"@id\":\"https:\\\/\\\/ihedn.fr\\\/lundis-de-lihedn\\\/civils-victimes-de-guerre-la-difficile-question-des-reparations\\\/#primaryimage\"},\"thumbnailUrl\":\"https:\\\/\\\/ihedn.fr\\\/wp-content\\\/uploads\\\/2025\\\/02\\\/BANDEAU_VIOLENCEGUERRE_2025.jpg\",\"datePublished\":\"2025-02-17T15:17:44+00:00\",\"dateModified\":\"2025-09-03T13:20:03+00:00\",\"description\":\"Ing\u00e9rences \u00e9trang\u00e8res, d\u00e9sinformation et manipulation visent \u00ab la division de nos soci\u00e9t\u00e9s d\u00e9mocratiques pour les affaiblir dans l\u2019int\u00e9r\u00eat d\u2019acteurs hostiles \u00bb : dans une rare interview, la \u00ab dircom \u00bb de l\u2019Union europ\u00e9enne Dana Spinant s\u2019exprime sur ce fl\u00e9au grandissant et d\u00e9taille les cinq piliers mis en place pour y faire face.\",\"breadcrumb\":{\"@id\":\"https:\\\/\\\/ihedn.fr\\\/lundis-de-lihedn\\\/civils-victimes-de-guerre-la-difficile-question-des-reparations\\\/#breadcrumb\"},\"inLanguage\":\"en-GB\",\"potentialAction\":[{\"@type\":\"ReadAction\",\"target\":[\"https:\\\/\\\/ihedn.fr\\\/lundis-de-lihedn\\\/civils-victimes-de-guerre-la-difficile-question-des-reparations\\\/\"]}]},{\"@type\":\"ImageObject\",\"inLanguage\":\"en-GB\",\"@id\":\"https:\\\/\\\/ihedn.fr\\\/lundis-de-lihedn\\\/civils-victimes-de-guerre-la-difficile-question-des-reparations\\\/#primaryimage\",\"url\":\"https:\\\/\\\/ihedn.fr\\\/wp-content\\\/uploads\\\/2025\\\/02\\\/BANDEAU_VIOLENCEGUERRE_2025.jpg\",\"contentUrl\":\"https:\\\/\\\/ihedn.fr\\\/wp-content\\\/uploads\\\/2025\\\/02\\\/BANDEAU_VIOLENCEGUERRE_2025.jpg\",\"width\":1920,\"height\":1080,\"caption\":\"Des r\u00e9fugi\u00e9s de guerre syriens franchissant une fronti\u00e8re.\"},{\"@type\":\"BreadcrumbList\",\"@id\":\"https:\\\/\\\/ihedn.fr\\\/lundis-de-lihedn\\\/civils-victimes-de-guerre-la-difficile-question-des-reparations\\\/#breadcrumb\",\"itemListElement\":[{\"@type\":\"ListItem\",\"position\":1,\"name\":\"Accueil\",\"item\":\"https:\\\/\\\/ihedn.fr\\\/\"},{\"@type\":\"ListItem\",\"position\":2,\"name\":\"Civils victimes de guerre : la difficile question des r\u00e9parations\"}]},{\"@type\":\"WebSite\",\"@id\":\"https:\\\/\\\/ihedn.fr\\\/#website\",\"url\":\"https:\\\/\\\/ihedn.fr\\\/\",\"name\":\"IHEDN : Institut des hautes \u00e9tudes de d\u00e9fense nationale |\",\"description\":\"Site officiel de l&#039;IHEDN plac\u00e9 sous la tutelle du Premier ministre.\",\"publisher\":{\"@id\":\"https:\\\/\\\/ihedn.fr\\\/#organization\"},\"potentialAction\":[{\"@type\":\"SearchAction\",\"target\":{\"@type\":\"EntryPoint\",\"urlTemplate\":\"https:\\\/\\\/ihedn.fr\\\/?s={search_term_string}\"},\"query-input\":{\"@type\":\"PropertyValueSpecification\",\"valueRequired\":true,\"valueName\":\"search_term_string\"}}],\"inLanguage\":\"en-GB\"},{\"@type\":\"Organization\",\"@id\":\"https:\\\/\\\/ihedn.fr\\\/#organization\",\"name\":\"IHEDN - Institut des Hautes Etudes de D\u00e9fense Nationale\",\"url\":\"https:\\\/\\\/ihedn.fr\\\/\",\"logo\":{\"@type\":\"ImageObject\",\"inLanguage\":\"en-GB\",\"@id\":\"https:\\\/\\\/ihedn.fr\\\/#\\\/schema\\\/logo\\\/image\\\/\",\"url\":\"https:\\\/\\\/ihedn.fr\\\/wp-content\\\/uploads\\\/2020\\\/11\\\/BLOC_RF_IHEDN_WEB.png\",\"contentUrl\":\"https:\\\/\\\/ihedn.fr\\\/wp-content\\\/uploads\\\/2020\\\/11\\\/BLOC_RF_IHEDN_WEB.png\",\"width\":500,\"height\":237,\"caption\":\"IHEDN - Institut des Hautes Etudes de D\u00e9fense Nationale\"},\"image\":{\"@id\":\"https:\\\/\\\/ihedn.fr\\\/#\\\/schema\\\/logo\\\/image\\\/\"},\"sameAs\":[\"https:\\\/\\\/www.facebook.com\\\/ihedn\\\/\",\"https:\\\/\\\/x.com\\\/IHEDN\",\"https:\\\/\\\/www.instagram.com\\\/ihedn\\\/\",\"https:\\\/\\\/www.linkedin.com\\\/school\\\/ihedn\\\/\",\"https:\\\/\\\/fr.wikipedia.org\\\/wiki\\\/Institut_des_hautes_\u00e9tudes_de_D\u00e9fense_nationale\"]},{\"@type\":\"Person\",\"@id\":\"https:\\\/\\\/ihedn.fr\\\/#\\\/schema\\\/person\\\/16d49c2bd0121499ea9b9023ce89826c\",\"name\":\"Ad\u00e8le Thoumieux\",\"image\":{\"@type\":\"ImageObject\",\"inLanguage\":\"en-GB\",\"@id\":\"https:\\\/\\\/secure.gravatar.com\\\/avatar\\\/64fc58d14679bdd185946349bcb229b06e37d30d6290c2bec15f1daa8f8e0ece?s=96&d=mm&r=g\",\"url\":\"https:\\\/\\\/secure.gravatar.com\\\/avatar\\\/64fc58d14679bdd185946349bcb229b06e37d30d6290c2bec15f1daa8f8e0ece?s=96&d=mm&r=g\",\"contentUrl\":\"https:\\\/\\\/secure.gravatar.com\\\/avatar\\\/64fc58d14679bdd185946349bcb229b06e37d30d6290c2bec15f1daa8f8e0ece?s=96&d=mm&r=g\",\"caption\":\"Ad\u00e8le Thoumieux\"},\"sameAs\":[\"http:\\\/\\\/ihedn.fr\"],\"url\":\"https:\\\/\\\/ihedn.fr\\\/en\\\/author\\\/thoumieux\\\/\"}]}<\/script>\n<!-- \/ Yoast SEO plugin. -->","yoast_head_json":{"title":"Civilian victims of war: the difficult issue of reparations - IHEDN : Institut des hautes \u00e9tudes de d\u00e9fense nationale (Graduate Institute of National Defence)","description":"Foreign interference, disinformation and manipulation are aimed at \"dividing our democratic societies in order to weaken them in the interests of hostile actors\": in a rare interview, the European Union's \"dircom\" Dana Spinant talks about this growing scourge and details the five pillars put in place to tackle it.","robots":{"index":"index","follow":"follow","max-snippet":"max-snippet:-1","max-image-preview":"max-image-preview:large","max-video-preview":"max-video-preview:-1"},"canonical":"https:\/\/ihedn.fr\/en\/lundis-de-lihedn\/civils-victimes-de-guerre-la-difficile-question-des-reparations\/","og_locale":"en_GB","og_type":"article","og_title":"Civils victimes de guerre : la difficile question des r\u00e9parations","og_description":"Syst\u00e9matiquement touch\u00e9s par les conflits, les civils voient leur sort diversement reconnu selon les juridictions. \u00c9clairages avec la juriste \u00c9lise Bernard et, pour le cas sp\u00e9cifique des viols en temps de guerre, l\u2019historien Fabrice Virgili.","og_url":"https:\/\/ihedn.fr\/en\/lundis-de-lihedn\/civils-victimes-de-guerre-la-difficile-question-des-reparations\/","og_site_name":"L&#039;IHEDN : Institut des hautes \u00e9tudes de d\u00e9fense nationale","article_publisher":"https:\/\/www.facebook.com\/ihedn\/","article_published_time":"2025-02-17T15:17:44+00:00","article_modified_time":"2025-09-03T13:20:03+00:00","og_image":[{"width":1920,"height":1080,"url":"https:\/\/ihedn.fr\/wp-content\/uploads\/2025\/02\/BANDEAU_VIOLENCEGUERRE_2025.jpg","type":"image\/jpeg"}],"author":"Ad\u00e8le Thoumieux","twitter_card":"summary_large_image","twitter_title":"Civils victimes de guerre : la difficile question des r\u00e9parations","twitter_description":"Syst\u00e9matiquement touch\u00e9s par les conflits, les civils voient leur sort diversement reconnu selon les juridictions. \u00c9clairages avec la juriste \u00c9lise Bernard et, pour le cas sp\u00e9cifique des viols en temps de guerre, l\u2019historien Fabrice Virgili.","twitter_image":"https:\/\/ihedn.fr\/wp-content\/uploads\/2025\/02\/BANDEAU_VIOLENCEGUERRE_2025.jpg","twitter_creator":"@IHEDN","twitter_site":"@IHEDN","twitter_misc":{"Written by":"Ad\u00e8le Thoumieux","Estimated reading time":"6 minutes"},"schema":{"@context":"https:\/\/schema.org","@graph":[{"@type":"Article","@id":"https:\/\/ihedn.fr\/lundis-de-lihedn\/civils-victimes-de-guerre-la-difficile-question-des-reparations\/#article","isPartOf":{"@id":"https:\/\/ihedn.fr\/lundis-de-lihedn\/civils-victimes-de-guerre-la-difficile-question-des-reparations\/"},"author":{"name":"Ad\u00e8le Thoumieux","@id":"https:\/\/ihedn.fr\/#\/schema\/person\/16d49c2bd0121499ea9b9023ce89826c"},"headline":"Civils victimes de guerre : la difficile question des r\u00e9parations","datePublished":"2025-02-17T15:17:44+00:00","dateModified":"2025-09-03T13:20:03+00:00","mainEntityOfPage":{"@id":"https:\/\/ihedn.fr\/lundis-de-lihedn\/civils-victimes-de-guerre-la-difficile-question-des-reparations\/"},"wordCount":1290,"publisher":{"@id":"https:\/\/ihedn.fr\/#organization"},"image":{"@id":"https:\/\/ihedn.fr\/lundis-de-lihedn\/civils-victimes-de-guerre-la-difficile-question-des-reparations\/#primaryimage"},"thumbnailUrl":"https:\/\/ihedn.fr\/wp-content\/uploads\/2025\/02\/BANDEAU_VIOLENCEGUERRE_2025.jpg","articleSection":["Lundis de l'IHEDN","Notre s\u00e9lection","s\u00e9curit\u00e9 internationale"],"inLanguage":"en-GB"},{"@type":"WebPage","@id":"https:\/\/ihedn.fr\/lundis-de-lihedn\/civils-victimes-de-guerre-la-difficile-question-des-reparations\/","url":"https:\/\/ihedn.fr\/lundis-de-lihedn\/civils-victimes-de-guerre-la-difficile-question-des-reparations\/","name":"Civilian victims of war: the difficult issue of reparations - IHEDN : Institut des hautes \u00e9tudes de d\u00e9fense nationale (Graduate Institute of National Defence)","isPartOf":{"@id":"https:\/\/ihedn.fr\/#website"},"primaryImageOfPage":{"@id":"https:\/\/ihedn.fr\/lundis-de-lihedn\/civils-victimes-de-guerre-la-difficile-question-des-reparations\/#primaryimage"},"image":{"@id":"https:\/\/ihedn.fr\/lundis-de-lihedn\/civils-victimes-de-guerre-la-difficile-question-des-reparations\/#primaryimage"},"thumbnailUrl":"https:\/\/ihedn.fr\/wp-content\/uploads\/2025\/02\/BANDEAU_VIOLENCEGUERRE_2025.jpg","datePublished":"2025-02-17T15:17:44+00:00","dateModified":"2025-09-03T13:20:03+00:00","description":"Foreign interference, disinformation and manipulation are aimed at \"dividing our democratic societies in order to weaken them in the interests of hostile actors\": in a rare interview, the European Union's \"dircom\" Dana Spinant talks about this growing scourge and details the five pillars put in place to tackle it.","breadcrumb":{"@id":"https:\/\/ihedn.fr\/lundis-de-lihedn\/civils-victimes-de-guerre-la-difficile-question-des-reparations\/#breadcrumb"},"inLanguage":"en-GB","potentialAction":[{"@type":"ReadAction","target":["https:\/\/ihedn.fr\/lundis-de-lihedn\/civils-victimes-de-guerre-la-difficile-question-des-reparations\/"]}]},{"@type":"ImageObject","inLanguage":"en-GB","@id":"https:\/\/ihedn.fr\/lundis-de-lihedn\/civils-victimes-de-guerre-la-difficile-question-des-reparations\/#primaryimage","url":"https:\/\/ihedn.fr\/wp-content\/uploads\/2025\/02\/BANDEAU_VIOLENCEGUERRE_2025.jpg","contentUrl":"https:\/\/ihedn.fr\/wp-content\/uploads\/2025\/02\/BANDEAU_VIOLENCEGUERRE_2025.jpg","width":1920,"height":1080,"caption":"Des r\u00e9fugi\u00e9s de guerre syriens franchissant une fronti\u00e8re."},{"@type":"BreadcrumbList","@id":"https:\/\/ihedn.fr\/lundis-de-lihedn\/civils-victimes-de-guerre-la-difficile-question-des-reparations\/#breadcrumb","itemListElement":[{"@type":"ListItem","position":1,"name":"Accueil","item":"https:\/\/ihedn.fr\/"},{"@type":"ListItem","position":2,"name":"Civils victimes de guerre : la difficile question des r\u00e9parations"}]},{"@type":"WebSite","@id":"https:\/\/ihedn.fr\/#website","url":"https:\/\/ihedn.fr\/","name":"IHEDN: Institut des hautes \u00e9tudes de d\u00e9fense nationale (Institute for Higher National Defence Studies)","description":"Official website of the IHEDN under the supervision of the Prime Minister.","publisher":{"@id":"https:\/\/ihedn.fr\/#organization"},"potentialAction":[{"@type":"SearchAction","target":{"@type":"EntryPoint","urlTemplate":"https:\/\/ihedn.fr\/?s={search_term_string}"},"query-input":{"@type":"PropertyValueSpecification","valueRequired":true,"valueName":"search_term_string"}}],"inLanguage":"en-GB"},{"@type":"Organization","@id":"https:\/\/ihedn.fr\/#organization","name":"IHEDN - Institute for Higher National Defence Studies","url":"https:\/\/ihedn.fr\/","logo":{"@type":"ImageObject","inLanguage":"en-GB","@id":"https:\/\/ihedn.fr\/#\/schema\/logo\/image\/","url":"https:\/\/ihedn.fr\/wp-content\/uploads\/2020\/11\/BLOC_RF_IHEDN_WEB.png","contentUrl":"https:\/\/ihedn.fr\/wp-content\/uploads\/2020\/11\/BLOC_RF_IHEDN_WEB.png","width":500,"height":237,"caption":"IHEDN - Institut des Hautes Etudes de D\u00e9fense Nationale"},"image":{"@id":"https:\/\/ihedn.fr\/#\/schema\/logo\/image\/"},"sameAs":["https:\/\/www.facebook.com\/ihedn\/","https:\/\/x.com\/IHEDN","https:\/\/www.instagram.com\/ihedn\/","https:\/\/www.linkedin.com\/school\/ihedn\/","https:\/\/fr.wikipedia.org\/wiki\/Institut_des_hautes_\u00e9tudes_de_D\u00e9fense_nationale"]},{"@type":"Person","@id":"https:\/\/ihedn.fr\/#\/schema\/person\/16d49c2bd0121499ea9b9023ce89826c","name":"Ad\u00e8le Thoumieux","image":{"@type":"ImageObject","inLanguage":"en-GB","@id":"https:\/\/secure.gravatar.com\/avatar\/64fc58d14679bdd185946349bcb229b06e37d30d6290c2bec15f1daa8f8e0ece?s=96&d=mm&r=g","url":"https:\/\/secure.gravatar.com\/avatar\/64fc58d14679bdd185946349bcb229b06e37d30d6290c2bec15f1daa8f8e0ece?s=96&d=mm&r=g","contentUrl":"https:\/\/secure.gravatar.com\/avatar\/64fc58d14679bdd185946349bcb229b06e37d30d6290c2bec15f1daa8f8e0ece?s=96&d=mm&r=g","caption":"Ad\u00e8le Thoumieux"},"sameAs":["http:\/\/ihedn.fr"],"url":"https:\/\/ihedn.fr\/en\/author\/thoumieux\/"}]}},"publishpress_future_action":{"enabled":false,"date":"2026-05-06 14:50:58","action":"change-status","newStatus":"draft","terms":[],"taxonomy":"category","extraData":[]},"publishpress_future_workflow_manual_trigger":{"enabledWorkflows":[]},"_links":{"self":[{"href":"https:\/\/ihedn.fr\/en\/wp-json\/wp\/v2\/posts\/52637","targetHints":{"allow":["GET"]}}],"collection":[{"href":"https:\/\/ihedn.fr\/en\/wp-json\/wp\/v2\/posts"}],"about":[{"href":"https:\/\/ihedn.fr\/en\/wp-json\/wp\/v2\/types\/post"}],"author":[{"embeddable":true,"href":"https:\/\/ihedn.fr\/en\/wp-json\/wp\/v2\/users\/12"}],"replies":[{"embeddable":true,"href":"https:\/\/ihedn.fr\/en\/wp-json\/wp\/v2\/comments?post=52637"}],"version-history":[{"count":15,"href":"https:\/\/ihedn.fr\/en\/wp-json\/wp\/v2\/posts\/52637\/revisions"}],"predecessor-version":[{"id":55369,"href":"https:\/\/ihedn.fr\/en\/wp-json\/wp\/v2\/posts\/52637\/revisions\/55369"}],"wp:featuredmedia":[{"embeddable":true,"href":"https:\/\/ihedn.fr\/en\/wp-json\/wp\/v2\/media\/52638"}],"wp:attachment":[{"href":"https:\/\/ihedn.fr\/en\/wp-json\/wp\/v2\/media?parent=52637"}],"wp:term":[{"taxonomy":"category","embeddable":true,"href":"https:\/\/ihedn.fr\/en\/wp-json\/wp\/v2\/categories?post=52637"},{"taxonomy":"post_tag","embeddable":true,"href":"https:\/\/ihedn.fr\/en\/wp-json\/wp\/v2\/tags?post=52637"}],"curies":[{"name":"wp","href":"https:\/\/api.w.org\/{rel}","templated":true}]}}