{"id":52708,"date":"2025-02-19T09:57:02","date_gmt":"2025-02-19T08:57:02","guid":{"rendered":"https:\/\/ihedn.fr\/?p=52708"},"modified":"2025-09-03T14:17:45","modified_gmt":"2025-09-03T13:17:45","slug":"lespace-un-enjeu-de-securite-crucial-au-xxie-siecle","status":"publish","type":"post","link":"https:\/\/ihedn.fr\/en\/lundis-de-lihedn\/lespace-un-enjeu-de-securite-crucial-au-xxie-siecle\/","title":{"rendered":"Space, a crucial security issue in the 21st century"},"content":{"rendered":"<div data-elementor-type=\"wp-post\" data-elementor-id=\"52708\" class=\"elementor elementor-52708\" data-elementor-post-type=\"post\">\n\t\t\t\t<div data-particle_enable=\"false\" data-particle-mobile-disabled=\"false\" class=\"elementor-element elementor-element-11fd368 e-flex e-con-boxed e-con e-parent\" data-id=\"11fd368\" data-element_type=\"container\" data-e-type=\"container\">\n\t\t\t\t\t<div class=\"e-con-inner\">\n\t\t\t\t<div class=\"elementor-element elementor-element-8e232a9 elementor-widget elementor-widget-text-editor\" data-id=\"8e232a9\" data-element_type=\"widget\" data-e-type=\"widget\" data-widget_type=\"text-editor.default\">\n\t\t\t\t<div class=\"elementor-widget-container\">\n\t\t\t\t\t\t\t\t\t<p style=\"text-align: left;\">The new space rush is not without risks for our societies. Orbits are becoming increasingly crowded, new space entrepreneurs have become major players in the launcher market and have begun to deploy constellations of satellites, and the backdrop is the militarisation of space. <br \/>How can we understand the new geopolitical landscape unfolding over our heads? Will more and more weapons be deployed in space? How can France and Europeans secure their access to space, Earth observation technologies and communications at a time when space is becoming the theatre of new forms of conflict?\u00a0<\/p><p style=\"text-align: left;\">With :<\/p><ul><li style=\"text-align: left;\"><strong>Xavier Pasco<\/strong> specialist in American space policy, Director of the Foundation for Strategic Research\u00a0\u00a0<\/li><li style=\"text-align: left;\"><strong>Christophe Bonnal<\/strong>expert at the French Air and Space Academy<\/li><li style=\"text-align: left;\"><strong>B\u00e9atrice Hainaut<\/strong>space researcher at IRSEM<\/li><\/ul>\t\t\t\t\t\t\t\t<\/div>\n\t\t\t\t<\/div>\n\t\t\t\t<div class=\"elementor-element elementor-element-4c0d531 elementor-widget elementor-widget-text-editor\" data-id=\"4c0d531\" data-element_type=\"widget\" data-e-type=\"widget\" data-widget_type=\"text-editor.default\">\n\t\t\t\t<div class=\"elementor-widget-container\">\n\t\t\t\t\t\t\t\t\t<p style=\"text-align: left;\">Hosted by <strong>Julien Le Bot<\/strong>a journalist, author and film-maker (Arte, France Culture, RFI, Actes Sud).<\/p>\t\t\t\t\t\t\t\t<\/div>\n\t\t\t\t<\/div>\n\t\t\t\t\t<\/div>\n\t\t\t\t<\/div>\n\t\t<div data-particle_enable=\"false\" data-particle-mobile-disabled=\"false\" class=\"elementor-element elementor-element-48976c9 e-flex e-con-boxed e-con e-parent\" data-id=\"48976c9\" data-element_type=\"container\" data-e-type=\"container\">\n\t\t\t\t\t<div class=\"e-con-inner\">\n\t\t\t\t<div class=\"elementor-element elementor-element-2137ba3 elementor-widget elementor-widget-text-editor\" data-id=\"2137ba3\" data-element_type=\"widget\" data-e-type=\"widget\" data-widget_type=\"text-editor.default\">\n\t\t\t\t<div class=\"elementor-widget-container\">\n\t\t\t\t\t\t\t\t\t<p style=\"text-align: left;\"><strong>This IHEDN Monday is available as a replay on our Youtube channel:<\/strong><\/p>\t\t\t\t\t\t\t\t<\/div>\n\t\t\t\t<\/div>\n\t\t\t\t<div class=\"elementor-element elementor-element-91e1b9f elementor-widget elementor-widget-video\" data-id=\"91e1b9f\" data-element_type=\"widget\" data-e-type=\"widget\" data-settings=\"{&quot;youtube_url&quot;:&quot;https:\\\/\\\/www.youtube.com\\\/watch?v=xKXOpiKHWnk&amp;ab_channel=IHEDN&quot;,&quot;yt_privacy&quot;:&quot;yes&quot;,&quot;lazy_load&quot;:&quot;yes&quot;,&quot;video_type&quot;:&quot;youtube&quot;,&quot;controls&quot;:&quot;yes&quot;}\" data-widget_type=\"video.default\">\n\t\t\t\t<div class=\"elementor-widget-container\">\n\t\t\t\t\t\t\t<div class=\"elementor-wrapper elementor-open-inline\">\n\t\t\t<div class=\"elementor-video\"><\/div>\t\t<\/div>\n\t\t\t\t\t\t<\/div>\n\t\t\t\t<\/div>\n\t\t\t\t\t<\/div>\n\t\t\t\t<\/div>\n\t\t\t\t<\/div>","protected":false},"excerpt":{"rendered":"<p><span style=\"color: #c80a23;\"><strong>31 March 2025 | 19h00<\/strong><\/span> at the \u00c9cole militaire<\/p>","protected":false},"author":12,"featured_media":52709,"comment_status":"closed","ping_status":"closed","sticky":false,"template":"","format":"standard","meta":{"footnotes":""},"categories":[41,209],"tags":[],"class_list":["post-52708","post","type-post","status-publish","format-standard","has-post-thumbnail","hentry","category-lundis-de-lihedn","category-securite-internationale"],"yoast_head":"<!-- This site is optimized with the Yoast SEO plugin v27.5 - https:\/\/yoast.com\/product\/yoast-seo-wordpress\/ -->\n<title>L\u2019Espace, un enjeu de s\u00e9curit\u00e9 crucial au XXI\u1d49 si\u00e8cle - L&#039;IHEDN : Institut des hautes \u00e9tudes de d\u00e9fense nationale<\/title>\n<meta name=\"description\" content=\"L\u2019Espace, un enjeu de s\u00e9curit\u00e9 crucial au XXIe si\u00e8cle\" \/>\n<meta name=\"robots\" content=\"index, follow, max-snippet:-1, max-image-preview:large, max-video-preview:-1\" \/>\n<link rel=\"canonical\" href=\"https:\/\/ihedn.fr\/en\/lundis-de-lihedn\/lespace-un-enjeu-de-securite-crucial-au-xxie-siecle\/\" \/>\n<meta property=\"og:locale\" content=\"en_GB\" \/>\n<meta property=\"og:type\" content=\"article\" \/>\n<meta property=\"og:title\" content=\"L\u2019Espace, un enjeu de s\u00e9curit\u00e9 crucial au XXI\u1d49 si\u00e8cle - L&#039;IHEDN : Institut des hautes \u00e9tudes de d\u00e9fense nationale\" \/>\n<meta property=\"og:description\" content=\"La nouvelle ru\u00e9e vers l\u2019espace ne va pas sans risques pour nos soci\u00e9t\u00e9s. Les orbites sont de plus en plus encombr\u00e9es, les entrepreneurs du new space, devenus des acteurs incontournables sur le march\u00e9 des lanceurs, ont commenc\u00e9 \u00e0 d\u00e9ployer des constellations de satellites, et l\u2019on assiste, en toile de fond, \u00e0 une militarisation de l\u2019espace. Comment comprendre le nouveau paysage g\u00e9opolitique qui se d\u00e9ploie au-dessus de nos t\u00eates ? Va-t-on d\u00e9ployer de plus en plus d\u2019armes dans l\u2019espace ? Comment la France et les Europ\u00e9ens peuvent-ils faire pour s\u00e9curiser leur acc\u00e8s \u00e0 l\u2019espace, aux technologies d\u2019observation de la Terre, et leurs communications \u00e0 l\u2019heure o\u00f9 l\u2019espace devient le th\u00e9\u00e2tre de nouvelles formes de conflictualit\u00e9s ?\" \/>\n<meta property=\"og:url\" content=\"https:\/\/ihedn.fr\/en\/lundis-de-lihedn\/lespace-un-enjeu-de-securite-crucial-au-xxie-siecle\/\" \/>\n<meta property=\"og:site_name\" content=\"L&#039;IHEDN : Institut des hautes \u00e9tudes de d\u00e9fense nationale\" \/>\n<meta property=\"article:publisher\" content=\"https:\/\/www.facebook.com\/ihedn\/\" \/>\n<meta property=\"article:published_time\" content=\"2025-02-19T08:57:02+00:00\" \/>\n<meta property=\"article:modified_time\" content=\"2025-09-03T13:17:45+00:00\" \/>\n<meta property=\"og:image\" content=\"https:\/\/ihedn.fr\/wp-content\/uploads\/2025\/02\/INFODECOR_LIH_31_03_2025_1302.jpg\" \/>\n\t<meta property=\"og:image:width\" content=\"1920\" \/>\n\t<meta property=\"og:image:height\" content=\"1080\" \/>\n\t<meta property=\"og:image:type\" content=\"image\/jpeg\" \/>\n<meta name=\"author\" content=\"Ad\u00e8le Thoumieux\" \/>\n<meta name=\"twitter:card\" content=\"summary_large_image\" \/>\n<meta name=\"twitter:description\" content=\"La nouvelle ru\u00e9e vers l\u2019espace ne va pas sans risques pour nos soci\u00e9t\u00e9s. Les orbites sont de plus en plus encombr\u00e9es, les entrepreneurs du new space, devenus des acteurs incontournables sur le march\u00e9 des lanceurs, ont commenc\u00e9 \u00e0 d\u00e9ployer des constellations de satellites, et l\u2019on assiste, en toile de fond, \u00e0 une militarisation de l\u2019espace. Comment comprendre le nouveau paysage g\u00e9opolitique qui se d\u00e9ploie au-dessus de nos t\u00eates ? Va-t-on d\u00e9ployer de plus en plus d\u2019armes dans l\u2019espace ? Comment la France et les Europ\u00e9ens peuvent-ils faire pour s\u00e9curiser leur acc\u00e8s \u00e0 l\u2019espace, aux technologies d\u2019observation de la Terre, et leurs communications \u00e0 l\u2019heure o\u00f9 l\u2019espace devient le th\u00e9\u00e2tre de nouvelles formes de conflictualit\u00e9s ?\" \/>\n<meta name=\"twitter:image\" content=\"https:\/\/ihedn.fr\/wp-content\/uploads\/2025\/02\/INFODECOR_LIH_31_03_2025_1302.jpg\" \/>\n<meta name=\"twitter:creator\" content=\"@IHEDN\" \/>\n<meta name=\"twitter:site\" content=\"@IHEDN\" \/>\n<meta name=\"twitter:label1\" content=\"Written by\" \/>\n\t<meta name=\"twitter:data1\" content=\"Ad\u00e8le Thoumieux\" \/>\n\t<meta name=\"twitter:label2\" content=\"Estimated reading time\" \/>\n\t<meta name=\"twitter:data2\" content=\"2 minutes\" \/>\n<script type=\"application\/ld+json\" class=\"yoast-schema-graph\">{\"@context\":\"https:\\\/\\\/schema.org\",\"@graph\":[{\"@type\":\"Article\",\"@id\":\"https:\\\/\\\/ihedn.fr\\\/lundis-de-lihedn\\\/lespace-un-enjeu-de-securite-crucial-au-xxie-siecle\\\/#article\",\"isPartOf\":{\"@id\":\"https:\\\/\\\/ihedn.fr\\\/lundis-de-lihedn\\\/lespace-un-enjeu-de-securite-crucial-au-xxie-siecle\\\/\"},\"author\":{\"name\":\"Ad\u00e8le Thoumieux\",\"@id\":\"https:\\\/\\\/ihedn.fr\\\/#\\\/schema\\\/person\\\/16d49c2bd0121499ea9b9023ce89826c\"},\"headline\":\"L\u2019Espace, un enjeu de s\u00e9curit\u00e9 crucial au XXI\u1d49 si\u00e8cle\",\"datePublished\":\"2025-02-19T08:57:02+00:00\",\"dateModified\":\"2025-09-03T13:17:45+00:00\",\"mainEntityOfPage\":{\"@id\":\"https:\\\/\\\/ihedn.fr\\\/lundis-de-lihedn\\\/lespace-un-enjeu-de-securite-crucial-au-xxie-siecle\\\/\"},\"wordCount\":220,\"publisher\":{\"@id\":\"https:\\\/\\\/ihedn.fr\\\/#organization\"},\"image\":{\"@id\":\"https:\\\/\\\/ihedn.fr\\\/lundis-de-lihedn\\\/lespace-un-enjeu-de-securite-crucial-au-xxie-siecle\\\/#primaryimage\"},\"thumbnailUrl\":\"https:\\\/\\\/ihedn.fr\\\/wp-content\\\/uploads\\\/2025\\\/02\\\/INFODECOR_LIH_31_03_2025_1302.jpg\",\"articleSection\":[\"Lundis de l'IHEDN\",\"s\u00e9curit\u00e9 internationale\"],\"inLanguage\":\"en-GB\"},{\"@type\":\"WebPage\",\"@id\":\"https:\\\/\\\/ihedn.fr\\\/lundis-de-lihedn\\\/lespace-un-enjeu-de-securite-crucial-au-xxie-siecle\\\/\",\"url\":\"https:\\\/\\\/ihedn.fr\\\/lundis-de-lihedn\\\/lespace-un-enjeu-de-securite-crucial-au-xxie-siecle\\\/\",\"name\":\"L\u2019Espace, un enjeu de s\u00e9curit\u00e9 crucial au XXI\u1d49 si\u00e8cle - L&#039;IHEDN : Institut des hautes \u00e9tudes de d\u00e9fense nationale\",\"isPartOf\":{\"@id\":\"https:\\\/\\\/ihedn.fr\\\/#website\"},\"primaryImageOfPage\":{\"@id\":\"https:\\\/\\\/ihedn.fr\\\/lundis-de-lihedn\\\/lespace-un-enjeu-de-securite-crucial-au-xxie-siecle\\\/#primaryimage\"},\"image\":{\"@id\":\"https:\\\/\\\/ihedn.fr\\\/lundis-de-lihedn\\\/lespace-un-enjeu-de-securite-crucial-au-xxie-siecle\\\/#primaryimage\"},\"thumbnailUrl\":\"https:\\\/\\\/ihedn.fr\\\/wp-content\\\/uploads\\\/2025\\\/02\\\/INFODECOR_LIH_31_03_2025_1302.jpg\",\"datePublished\":\"2025-02-19T08:57:02+00:00\",\"dateModified\":\"2025-09-03T13:17:45+00:00\",\"description\":\"L\u2019Espace, un enjeu de s\u00e9curit\u00e9 crucial au XXIe si\u00e8cle\",\"breadcrumb\":{\"@id\":\"https:\\\/\\\/ihedn.fr\\\/lundis-de-lihedn\\\/lespace-un-enjeu-de-securite-crucial-au-xxie-siecle\\\/#breadcrumb\"},\"inLanguage\":\"en-GB\",\"potentialAction\":[{\"@type\":\"ReadAction\",\"target\":[\"https:\\\/\\\/ihedn.fr\\\/lundis-de-lihedn\\\/lespace-un-enjeu-de-securite-crucial-au-xxie-siecle\\\/\"]}]},{\"@type\":\"ImageObject\",\"inLanguage\":\"en-GB\",\"@id\":\"https:\\\/\\\/ihedn.fr\\\/lundis-de-lihedn\\\/lespace-un-enjeu-de-securite-crucial-au-xxie-siecle\\\/#primaryimage\",\"url\":\"https:\\\/\\\/ihedn.fr\\\/wp-content\\\/uploads\\\/2025\\\/02\\\/INFODECOR_LIH_31_03_2025_1302.jpg\",\"contentUrl\":\"https:\\\/\\\/ihedn.fr\\\/wp-content\\\/uploads\\\/2025\\\/02\\\/INFODECOR_LIH_31_03_2025_1302.jpg\",\"width\":1920,\"height\":1080,\"caption\":\"Pas de tir d'une fus\u00e9e | Les lundis de l'IHEDN L\u2019Espace, un enjeu de s\u00e9curit\u00e9 crucial au XXI\u1d49 si\u00e8cle\"},{\"@type\":\"BreadcrumbList\",\"@id\":\"https:\\\/\\\/ihedn.fr\\\/lundis-de-lihedn\\\/lespace-un-enjeu-de-securite-crucial-au-xxie-siecle\\\/#breadcrumb\",\"itemListElement\":[{\"@type\":\"ListItem\",\"position\":1,\"name\":\"Accueil\",\"item\":\"https:\\\/\\\/ihedn.fr\\\/\"},{\"@type\":\"ListItem\",\"position\":2,\"name\":\"L\u2019Espace, un enjeu de s\u00e9curit\u00e9 crucial au XXI\u1d49 si\u00e8cle\"}]},{\"@type\":\"WebSite\",\"@id\":\"https:\\\/\\\/ihedn.fr\\\/#website\",\"url\":\"https:\\\/\\\/ihedn.fr\\\/\",\"name\":\"IHEDN : Institut des hautes \u00e9tudes de d\u00e9fense nationale |\",\"description\":\"Site officiel de l&#039;IHEDN plac\u00e9 sous la tutelle du Premier ministre.\",\"publisher\":{\"@id\":\"https:\\\/\\\/ihedn.fr\\\/#organization\"},\"potentialAction\":[{\"@type\":\"SearchAction\",\"target\":{\"@type\":\"EntryPoint\",\"urlTemplate\":\"https:\\\/\\\/ihedn.fr\\\/?s={search_term_string}\"},\"query-input\":{\"@type\":\"PropertyValueSpecification\",\"valueRequired\":true,\"valueName\":\"search_term_string\"}}],\"inLanguage\":\"en-GB\"},{\"@type\":\"Organization\",\"@id\":\"https:\\\/\\\/ihedn.fr\\\/#organization\",\"name\":\"IHEDN - Institut des Hautes Etudes de D\u00e9fense Nationale\",\"url\":\"https:\\\/\\\/ihedn.fr\\\/\",\"logo\":{\"@type\":\"ImageObject\",\"inLanguage\":\"en-GB\",\"@id\":\"https:\\\/\\\/ihedn.fr\\\/#\\\/schema\\\/logo\\\/image\\\/\",\"url\":\"https:\\\/\\\/ihedn.fr\\\/wp-content\\\/uploads\\\/2020\\\/11\\\/BLOC_RF_IHEDN_WEB.png\",\"contentUrl\":\"https:\\\/\\\/ihedn.fr\\\/wp-content\\\/uploads\\\/2020\\\/11\\\/BLOC_RF_IHEDN_WEB.png\",\"width\":500,\"height\":237,\"caption\":\"IHEDN - Institut des Hautes Etudes de D\u00e9fense Nationale\"},\"image\":{\"@id\":\"https:\\\/\\\/ihedn.fr\\\/#\\\/schema\\\/logo\\\/image\\\/\"},\"sameAs\":[\"https:\\\/\\\/www.facebook.com\\\/ihedn\\\/\",\"https:\\\/\\\/x.com\\\/IHEDN\",\"https:\\\/\\\/www.instagram.com\\\/ihedn\\\/\",\"https:\\\/\\\/www.linkedin.com\\\/school\\\/ihedn\\\/\",\"https:\\\/\\\/fr.wikipedia.org\\\/wiki\\\/Institut_des_hautes_\u00e9tudes_de_D\u00e9fense_nationale\"]},{\"@type\":\"Person\",\"@id\":\"https:\\\/\\\/ihedn.fr\\\/#\\\/schema\\\/person\\\/16d49c2bd0121499ea9b9023ce89826c\",\"name\":\"Ad\u00e8le Thoumieux\",\"image\":{\"@type\":\"ImageObject\",\"inLanguage\":\"en-GB\",\"@id\":\"https:\\\/\\\/secure.gravatar.com\\\/avatar\\\/64fc58d14679bdd185946349bcb229b06e37d30d6290c2bec15f1daa8f8e0ece?s=96&d=mm&r=g\",\"url\":\"https:\\\/\\\/secure.gravatar.com\\\/avatar\\\/64fc58d14679bdd185946349bcb229b06e37d30d6290c2bec15f1daa8f8e0ece?s=96&d=mm&r=g\",\"contentUrl\":\"https:\\\/\\\/secure.gravatar.com\\\/avatar\\\/64fc58d14679bdd185946349bcb229b06e37d30d6290c2bec15f1daa8f8e0ece?s=96&d=mm&r=g\",\"caption\":\"Ad\u00e8le Thoumieux\"},\"sameAs\":[\"http:\\\/\\\/ihedn.fr\"],\"url\":\"https:\\\/\\\/ihedn.fr\\\/en\\\/author\\\/thoumieux\\\/\"}]}<\/script>\n<!-- \/ Yoast SEO plugin. -->","yoast_head_json":{"title":"Space, a crucial security issue in the 21st century - L'IHEDN : Institut des hautes \u00e9tudes de d\u00e9fense nationale","description":"Space, a crucial security issue in the 21st century","robots":{"index":"index","follow":"follow","max-snippet":"max-snippet:-1","max-image-preview":"max-image-preview:large","max-video-preview":"max-video-preview:-1"},"canonical":"https:\/\/ihedn.fr\/en\/lundis-de-lihedn\/lespace-un-enjeu-de-securite-crucial-au-xxie-siecle\/","og_locale":"en_GB","og_type":"article","og_title":"L\u2019Espace, un enjeu de s\u00e9curit\u00e9 crucial au XXI\u1d49 si\u00e8cle - L&#039;IHEDN : Institut des hautes \u00e9tudes de d\u00e9fense nationale","og_description":"La nouvelle ru\u00e9e vers l\u2019espace ne va pas sans risques pour nos soci\u00e9t\u00e9s. Les orbites sont de plus en plus encombr\u00e9es, les entrepreneurs du new space, devenus des acteurs incontournables sur le march\u00e9 des lanceurs, ont commenc\u00e9 \u00e0 d\u00e9ployer des constellations de satellites, et l\u2019on assiste, en toile de fond, \u00e0 une militarisation de l\u2019espace. Comment comprendre le nouveau paysage g\u00e9opolitique qui se d\u00e9ploie au-dessus de nos t\u00eates ? Va-t-on d\u00e9ployer de plus en plus d\u2019armes dans l\u2019espace ? Comment la France et les Europ\u00e9ens peuvent-ils faire pour s\u00e9curiser leur acc\u00e8s \u00e0 l\u2019espace, aux technologies d\u2019observation de la Terre, et leurs communications \u00e0 l\u2019heure o\u00f9 l\u2019espace devient le th\u00e9\u00e2tre de nouvelles formes de conflictualit\u00e9s ?","og_url":"https:\/\/ihedn.fr\/en\/lundis-de-lihedn\/lespace-un-enjeu-de-securite-crucial-au-xxie-siecle\/","og_site_name":"L&#039;IHEDN : Institut des hautes \u00e9tudes de d\u00e9fense nationale","article_publisher":"https:\/\/www.facebook.com\/ihedn\/","article_published_time":"2025-02-19T08:57:02+00:00","article_modified_time":"2025-09-03T13:17:45+00:00","og_image":[{"width":1920,"height":1080,"url":"https:\/\/ihedn.fr\/wp-content\/uploads\/2025\/02\/INFODECOR_LIH_31_03_2025_1302.jpg","type":"image\/jpeg"}],"author":"Ad\u00e8le Thoumieux","twitter_card":"summary_large_image","twitter_description":"La nouvelle ru\u00e9e vers l\u2019espace ne va pas sans risques pour nos soci\u00e9t\u00e9s. Les orbites sont de plus en plus encombr\u00e9es, les entrepreneurs du new space, devenus des acteurs incontournables sur le march\u00e9 des lanceurs, ont commenc\u00e9 \u00e0 d\u00e9ployer des constellations de satellites, et l\u2019on assiste, en toile de fond, \u00e0 une militarisation de l\u2019espace. Comment comprendre le nouveau paysage g\u00e9opolitique qui se d\u00e9ploie au-dessus de nos t\u00eates ? Va-t-on d\u00e9ployer de plus en plus d\u2019armes dans l\u2019espace ? Comment la France et les Europ\u00e9ens peuvent-ils faire pour s\u00e9curiser leur acc\u00e8s \u00e0 l\u2019espace, aux technologies d\u2019observation de la Terre, et leurs communications \u00e0 l\u2019heure o\u00f9 l\u2019espace devient le th\u00e9\u00e2tre de nouvelles formes de conflictualit\u00e9s ?","twitter_image":"https:\/\/ihedn.fr\/wp-content\/uploads\/2025\/02\/INFODECOR_LIH_31_03_2025_1302.jpg","twitter_creator":"@IHEDN","twitter_site":"@IHEDN","twitter_misc":{"Written by":"Ad\u00e8le Thoumieux","Estimated reading time":"2 minutes"},"schema":{"@context":"https:\/\/schema.org","@graph":[{"@type":"Article","@id":"https:\/\/ihedn.fr\/lundis-de-lihedn\/lespace-un-enjeu-de-securite-crucial-au-xxie-siecle\/#article","isPartOf":{"@id":"https:\/\/ihedn.fr\/lundis-de-lihedn\/lespace-un-enjeu-de-securite-crucial-au-xxie-siecle\/"},"author":{"name":"Ad\u00e8le Thoumieux","@id":"https:\/\/ihedn.fr\/#\/schema\/person\/16d49c2bd0121499ea9b9023ce89826c"},"headline":"L\u2019Espace, un enjeu de s\u00e9curit\u00e9 crucial au XXI\u1d49 si\u00e8cle","datePublished":"2025-02-19T08:57:02+00:00","dateModified":"2025-09-03T13:17:45+00:00","mainEntityOfPage":{"@id":"https:\/\/ihedn.fr\/lundis-de-lihedn\/lespace-un-enjeu-de-securite-crucial-au-xxie-siecle\/"},"wordCount":220,"publisher":{"@id":"https:\/\/ihedn.fr\/#organization"},"image":{"@id":"https:\/\/ihedn.fr\/lundis-de-lihedn\/lespace-un-enjeu-de-securite-crucial-au-xxie-siecle\/#primaryimage"},"thumbnailUrl":"https:\/\/ihedn.fr\/wp-content\/uploads\/2025\/02\/INFODECOR_LIH_31_03_2025_1302.jpg","articleSection":["Lundis de l'IHEDN","s\u00e9curit\u00e9 internationale"],"inLanguage":"en-GB"},{"@type":"WebPage","@id":"https:\/\/ihedn.fr\/lundis-de-lihedn\/lespace-un-enjeu-de-securite-crucial-au-xxie-siecle\/","url":"https:\/\/ihedn.fr\/lundis-de-lihedn\/lespace-un-enjeu-de-securite-crucial-au-xxie-siecle\/","name":"Space, a crucial security issue in the 21st century - L'IHEDN : Institut des hautes \u00e9tudes de d\u00e9fense nationale","isPartOf":{"@id":"https:\/\/ihedn.fr\/#website"},"primaryImageOfPage":{"@id":"https:\/\/ihedn.fr\/lundis-de-lihedn\/lespace-un-enjeu-de-securite-crucial-au-xxie-siecle\/#primaryimage"},"image":{"@id":"https:\/\/ihedn.fr\/lundis-de-lihedn\/lespace-un-enjeu-de-securite-crucial-au-xxie-siecle\/#primaryimage"},"thumbnailUrl":"https:\/\/ihedn.fr\/wp-content\/uploads\/2025\/02\/INFODECOR_LIH_31_03_2025_1302.jpg","datePublished":"2025-02-19T08:57:02+00:00","dateModified":"2025-09-03T13:17:45+00:00","description":"Space, a crucial security issue in the 21st century","breadcrumb":{"@id":"https:\/\/ihedn.fr\/lundis-de-lihedn\/lespace-un-enjeu-de-securite-crucial-au-xxie-siecle\/#breadcrumb"},"inLanguage":"en-GB","potentialAction":[{"@type":"ReadAction","target":["https:\/\/ihedn.fr\/lundis-de-lihedn\/lespace-un-enjeu-de-securite-crucial-au-xxie-siecle\/"]}]},{"@type":"ImageObject","inLanguage":"en-GB","@id":"https:\/\/ihedn.fr\/lundis-de-lihedn\/lespace-un-enjeu-de-securite-crucial-au-xxie-siecle\/#primaryimage","url":"https:\/\/ihedn.fr\/wp-content\/uploads\/2025\/02\/INFODECOR_LIH_31_03_2025_1302.jpg","contentUrl":"https:\/\/ihedn.fr\/wp-content\/uploads\/2025\/02\/INFODECOR_LIH_31_03_2025_1302.jpg","width":1920,"height":1080,"caption":"Pas de tir d'une fus\u00e9e | Les lundis de l'IHEDN L\u2019Espace, un enjeu de s\u00e9curit\u00e9 crucial au XXI\u1d49 si\u00e8cle"},{"@type":"BreadcrumbList","@id":"https:\/\/ihedn.fr\/lundis-de-lihedn\/lespace-un-enjeu-de-securite-crucial-au-xxie-siecle\/#breadcrumb","itemListElement":[{"@type":"ListItem","position":1,"name":"Accueil","item":"https:\/\/ihedn.fr\/"},{"@type":"ListItem","position":2,"name":"L\u2019Espace, un enjeu de s\u00e9curit\u00e9 crucial au XXI\u1d49 si\u00e8cle"}]},{"@type":"WebSite","@id":"https:\/\/ihedn.fr\/#website","url":"https:\/\/ihedn.fr\/","name":"IHEDN: Institut des hautes \u00e9tudes de d\u00e9fense nationale (Institute for Higher National Defence Studies)","description":"Official website of the IHEDN under the supervision of the Prime Minister.","publisher":{"@id":"https:\/\/ihedn.fr\/#organization"},"potentialAction":[{"@type":"SearchAction","target":{"@type":"EntryPoint","urlTemplate":"https:\/\/ihedn.fr\/?s={search_term_string}"},"query-input":{"@type":"PropertyValueSpecification","valueRequired":true,"valueName":"search_term_string"}}],"inLanguage":"en-GB"},{"@type":"Organization","@id":"https:\/\/ihedn.fr\/#organization","name":"IHEDN - Institute for Higher National Defence Studies","url":"https:\/\/ihedn.fr\/","logo":{"@type":"ImageObject","inLanguage":"en-GB","@id":"https:\/\/ihedn.fr\/#\/schema\/logo\/image\/","url":"https:\/\/ihedn.fr\/wp-content\/uploads\/2020\/11\/BLOC_RF_IHEDN_WEB.png","contentUrl":"https:\/\/ihedn.fr\/wp-content\/uploads\/2020\/11\/BLOC_RF_IHEDN_WEB.png","width":500,"height":237,"caption":"IHEDN - Institut des Hautes Etudes de D\u00e9fense Nationale"},"image":{"@id":"https:\/\/ihedn.fr\/#\/schema\/logo\/image\/"},"sameAs":["https:\/\/www.facebook.com\/ihedn\/","https:\/\/x.com\/IHEDN","https:\/\/www.instagram.com\/ihedn\/","https:\/\/www.linkedin.com\/school\/ihedn\/","https:\/\/fr.wikipedia.org\/wiki\/Institut_des_hautes_\u00e9tudes_de_D\u00e9fense_nationale"]},{"@type":"Person","@id":"https:\/\/ihedn.fr\/#\/schema\/person\/16d49c2bd0121499ea9b9023ce89826c","name":"Ad\u00e8le Thoumieux","image":{"@type":"ImageObject","inLanguage":"en-GB","@id":"https:\/\/secure.gravatar.com\/avatar\/64fc58d14679bdd185946349bcb229b06e37d30d6290c2bec15f1daa8f8e0ece?s=96&d=mm&r=g","url":"https:\/\/secure.gravatar.com\/avatar\/64fc58d14679bdd185946349bcb229b06e37d30d6290c2bec15f1daa8f8e0ece?s=96&d=mm&r=g","contentUrl":"https:\/\/secure.gravatar.com\/avatar\/64fc58d14679bdd185946349bcb229b06e37d30d6290c2bec15f1daa8f8e0ece?s=96&d=mm&r=g","caption":"Ad\u00e8le Thoumieux"},"sameAs":["http:\/\/ihedn.fr"],"url":"https:\/\/ihedn.fr\/en\/author\/thoumieux\/"}]}},"publishpress_future_action":{"enabled":false,"date":"2026-05-06 14:49:47","action":"change-status","newStatus":"draft","terms":[],"taxonomy":"category","extraData":[]},"publishpress_future_workflow_manual_trigger":{"enabledWorkflows":[]},"_links":{"self":[{"href":"https:\/\/ihedn.fr\/en\/wp-json\/wp\/v2\/posts\/52708","targetHints":{"allow":["GET"]}}],"collection":[{"href":"https:\/\/ihedn.fr\/en\/wp-json\/wp\/v2\/posts"}],"about":[{"href":"https:\/\/ihedn.fr\/en\/wp-json\/wp\/v2\/types\/post"}],"author":[{"embeddable":true,"href":"https:\/\/ihedn.fr\/en\/wp-json\/wp\/v2\/users\/12"}],"replies":[{"embeddable":true,"href":"https:\/\/ihedn.fr\/en\/wp-json\/wp\/v2\/comments?post=52708"}],"version-history":[{"count":21,"href":"https:\/\/ihedn.fr\/en\/wp-json\/wp\/v2\/posts\/52708\/revisions"}],"predecessor-version":[{"id":55365,"href":"https:\/\/ihedn.fr\/en\/wp-json\/wp\/v2\/posts\/52708\/revisions\/55365"}],"wp:featuredmedia":[{"embeddable":true,"href":"https:\/\/ihedn.fr\/en\/wp-json\/wp\/v2\/media\/52709"}],"wp:attachment":[{"href":"https:\/\/ihedn.fr\/en\/wp-json\/wp\/v2\/media?parent=52708"}],"wp:term":[{"taxonomy":"category","embeddable":true,"href":"https:\/\/ihedn.fr\/en\/wp-json\/wp\/v2\/categories?post=52708"},{"taxonomy":"post_tag","embeddable":true,"href":"https:\/\/ihedn.fr\/en\/wp-json\/wp\/v2\/tags?post=52708"}],"curies":[{"name":"wp","href":"https:\/\/api.w.org\/{rel}","templated":true}]}}