{"id":52725,"date":"2025-02-19T11:42:44","date_gmt":"2025-02-19T10:42:44","guid":{"rendered":"https:\/\/ihedn.fr\/?p=52725"},"modified":"2025-02-19T16:43:34","modified_gmt":"2025-02-19T15:43:34","slug":"clap-de-fin-sur-la-241e-session-en-region-pays-de-la-loire","status":"publish","type":"post","link":"https:\/\/ihedn.fr\/en\/notre-actualite\/clap-de-fin-sur-la-241e-session-en-region-pays-de-la-loire\/","title":{"rendered":"The 241\u1d49 session in the Pays de la Loire region draws to a close"},"content":{"rendered":"<div data-elementor-type=\"wp-post\" data-elementor-id=\"52725\" class=\"elementor elementor-52725\" data-elementor-post-type=\"post\">\n\t\t\t\t<div data-particle_enable=\"false\" data-particle-mobile-disabled=\"false\" class=\"elementor-element elementor-element-e212677 e-flex e-con-boxed e-con e-parent\" data-id=\"e212677\" data-element_type=\"container\" data-e-type=\"container\">\n\t\t\t\t\t<div class=\"e-con-inner\">\n\t\t\t\t<div class=\"elementor-element elementor-element-26d4cfd elementor-widget elementor-widget-text-editor\" data-id=\"26d4cfd\" data-element_type=\"widget\" data-e-type=\"widget\" data-widget_type=\"text-editor.default\">\n\t\t\t\t<div class=\"elementor-widget-container\">\n\t\t\t\t\t\t\t\t\t<p>Over a four-week period, auditors from the Institut des hautes \u00e9tudes de d\u00e9fense nationale visited the cities of Le Mans, Angers, Laval and Nantes, exploring crucial issues such as cyber security, information warfare, space strategy, nuclear deterrence and civil security tools. This complete immersion was built around field visits, high-level conferences and committee work, giving participants an in-depth understanding of contemporary issues.<\/p><p>On 11 February, the session began with a visit to the Atlantic shipyards, where the auditors learned about current projects, in particular the construction of the Jacques Stosskopf force replenishment ship. They were then welcomed to the gendarmerie headquarters in Nantes by Major General Laurent Le Gentil, and were able to discover various units and services, such as the operations and intelligence centre (COR), the dog-handling unit, the gendarmerie surveillance and intervention unit (PSIG), the criminal investigation section and the river brigade.<\/p><p>The audience also took part in a series of lectures on major geopolitical issues. Axelle Degans, a geopolitics teacher in preparatory classes, spoke about the challenges posed by China, while C\u00e9sar Boyer, head of the systemic risk analysis department at ARCOM, discussed the fight against online disinformation. Captain R\u00e9mi de Monteville, Commander of the French Navy in Nantes, presented the challenges facing the French Navy, while Laure Schiettecatte, a professor at Sciences Po Rennes, explored the issue of the sovereignty of the Defence Technological and Industrial Base (DTIB). Finally, Herv\u00e9 Tourmente, Delegate Prefect for Defence and Security in the Western Zone, shed light on the specific features and challenges of the Pays de la Loire region.<\/p><p>The course ended with a closing ceremony in the lounges of the Pays de la Loire regional prefecture, attended by local and military authorities, including Lieutenant General Patrik Steiger, General Officer of the Western Defence and Security Zone, Eric de Wispelaere, sub-prefect of Saint-Nazaire and representative of the regional prefect, Jean-Michel Delvert, sub-prefect and head of the regional and specialised activities department at the IHEDN, as well as General (2S) Eric Cotard, session director, and General (2S) Hugues de Roquemaurel, educational referent at the IHEDN.<\/p><p>This session was marked by a strong mobilisation of the prefectural corps. The auditors were received by the three other departmental prefects and met with the delegate prefect for the defence zone, who spoke about the specific challenges facing this defence and security zone. In addition, the involvement of the general officer of the western defence and security zone and his team was particularly noteworthy.<\/p><p>At the ceremony, Lieutenant General Herv\u00e9 de Courr\u00e8ges, Director of the IHEDN, paid tribute to the commitment and work accomplished by the auditors.<\/p><p>Not only has this training strengthened cooperation between civilians and the military, it has also offered concrete prospects for meeting the challenges of tomorrow<\/p><p>Discover <a href=\"https:\/\/ihedn.fr\/en\/se-former\/sessions-en-region\/\">here<\/a> upcoming regional sessions.\u00a0<\/p><p style=\"margin: 0cm; margin-bottom: .0001pt;\"><span style=\"font-size: 12.0pt;\">\u00a0<\/span><\/p>\t\t\t\t\t\t\t\t<\/div>\n\t\t\t\t<\/div>\n\t\t\t\t\t<\/div>\n\t\t\t\t<\/div>\n\t\t<div data-particle_enable=\"false\" data-particle-mobile-disabled=\"false\" class=\"elementor-element elementor-element-3bbc659 e-flex e-con-boxed e-con e-parent\" data-id=\"3bbc659\" data-element_type=\"container\" data-e-type=\"container\">\n\t\t\t\t\t<div class=\"e-con-inner\">\n\t\t\t\t<div class=\"elementor-element elementor-element-408f387 elementor-widget elementor-widget-gallery\" data-id=\"408f387\" data-element_type=\"widget\" data-e-type=\"widget\" data-settings=\"{&quot;gallery_layout&quot;:&quot;masonry&quot;,&quot;columns&quot;:2,&quot;lazyload&quot;:&quot;yes&quot;,&quot;columns_tablet&quot;:2,&quot;columns_mobile&quot;:1,&quot;gap&quot;:{&quot;unit&quot;:&quot;px&quot;,&quot;size&quot;:10,&quot;sizes&quot;:[]},&quot;gap_tablet&quot;:{&quot;unit&quot;:&quot;px&quot;,&quot;size&quot;:10,&quot;sizes&quot;:[]},&quot;gap_mobile&quot;:{&quot;unit&quot;:&quot;px&quot;,&quot;size&quot;:10,&quot;sizes&quot;:[]},&quot;link_to&quot;:&quot;file&quot;,&quot;overlay_background&quot;:&quot;yes&quot;,&quot;content_hover_animation&quot;:&quot;fade-in&quot;}\" data-widget_type=\"gallery.default\">\n\t\t\t\t<div class=\"elementor-widget-container\">\n\t\t\t\t\t\t\t<div class=\"elementor-gallery__container\">\n\t\t\t\t\t\t\t<a class=\"e-gallery-item elementor-gallery-item elementor-animated-content\" href=\"https:\/\/ihedn.fr\/wp-content\/uploads\/2025\/02\/Restitutions-travaux-comite-1.jpg\" data-elementor-open-lightbox=\"yes\" data-elementor-lightbox-slideshow=\"408f387\" data-e-action-hash=\"#elementor-action%3Aaction%3Dlightbox%26settings%3DeyJpZCI6NTI3MjcsInVybCI6Imh0dHBzOlwvXC9paGVkbi5mclwvd3AtY29udGVudFwvdXBsb2Fkc1wvMjAyNVwvMDJcL1Jlc3RpdHV0aW9ucy10cmF2YXV4LWNvbWl0ZS0xLmpwZyIsInNsaWRlc2hvdyI6IjQwOGYzODcifQ%3D%3D\">\n\t\t\t\t\t<div class=\"e-gallery-image elementor-gallery-item__image\" data-thumbnail=\"https:\/\/ihedn.fr\/wp-content\/uploads\/2025\/02\/Restitutions-travaux-comite-1.jpg\" data-width=\"1920\" data-height=\"897\" aria-label=\"\" role=\"img\" ><\/div>\n\t\t\t\t\t\t\t\t\t\t\t<div class=\"elementor-gallery-item__overlay\"><\/div>\n\t\t\t\t\t\t\t\t\t\t\t\t\t\t<\/a>\n\t\t\t\t\t\t\t<a class=\"e-gallery-item elementor-gallery-item elementor-animated-content\" href=\"https:\/\/ihedn.fr\/wp-content\/uploads\/2025\/02\/BRF-Stosskopf.jpg\" data-elementor-open-lightbox=\"yes\" data-elementor-lightbox-slideshow=\"408f387\" data-e-action-hash=\"#elementor-action%3Aaction%3Dlightbox%26settings%3DeyJpZCI6NTI3MTksInVybCI6Imh0dHBzOlwvXC9paGVkbi5mclwvd3AtY29udGVudFwvdXBsb2Fkc1wvMjAyNVwvMDJcL0JSRi1TdG9zc2tvcGYuanBnIiwic2xpZGVzaG93IjoiNDA4ZjM4NyJ9\">\n\t\t\t\t\t<div class=\"e-gallery-image elementor-gallery-item__image\" data-thumbnail=\"https:\/\/ihedn.fr\/wp-content\/uploads\/2025\/02\/BRF-Stosskopf.jpg\" data-width=\"1920\" data-height=\"897\" aria-label=\"\" role=\"img\" ><\/div>\n\t\t\t\t\t\t\t\t\t\t\t<div class=\"elementor-gallery-item__overlay\"><\/div>\n\t\t\t\t\t\t\t\t\t\t\t\t\t\t<\/a>\n\t\t\t\t\t\t\t<a class=\"e-gallery-item elementor-gallery-item elementor-animated-content\" href=\"https:\/\/ihedn.fr\/wp-content\/uploads\/2025\/02\/GCA-de-Courreges.jpg\" data-elementor-open-lightbox=\"yes\" data-elementor-lightbox-slideshow=\"408f387\" data-e-action-hash=\"#elementor-action%3Aaction%3Dlightbox%26settings%3DeyJpZCI6NTI3MjAsInVybCI6Imh0dHBzOlwvXC9paGVkbi5mclwvd3AtY29udGVudFwvdXBsb2Fkc1wvMjAyNVwvMDJcL0dDQS1kZS1Db3VycmVnZXMuanBnIiwic2xpZGVzaG93IjoiNDA4ZjM4NyJ9\">\n\t\t\t\t\t<div class=\"e-gallery-image elementor-gallery-item__image\" data-thumbnail=\"https:\/\/ihedn.fr\/wp-content\/uploads\/2025\/02\/GCA-de-Courreges.jpg\" data-width=\"1920\" data-height=\"897\" aria-label=\"\" role=\"img\" ><\/div>\n\t\t\t\t\t\t\t\t\t\t\t<div class=\"elementor-gallery-item__overlay\"><\/div>\n\t\t\t\t\t\t\t\t\t\t\t\t\t\t<\/a>\n\t\t\t\t\t\t\t<a class=\"e-gallery-item elementor-gallery-item elementor-animated-content\" href=\"https:\/\/ihedn.fr\/wp-content\/uploads\/2025\/02\/PSIG-Nantes.jpg\" data-elementor-open-lightbox=\"yes\" data-elementor-lightbox-slideshow=\"408f387\" data-e-action-hash=\"#elementor-action%3Aaction%3Dlightbox%26settings%3DeyJpZCI6NTI3MjIsInVybCI6Imh0dHBzOlwvXC9paGVkbi5mclwvd3AtY29udGVudFwvdXBsb2Fkc1wvMjAyNVwvMDJcL1BTSUctTmFudGVzLmpwZyIsInNsaWRlc2hvdyI6IjQwOGYzODcifQ%3D%3D\">\n\t\t\t\t\t<div class=\"e-gallery-image elementor-gallery-item__image\" data-thumbnail=\"https:\/\/ihedn.fr\/wp-content\/uploads\/2025\/02\/PSIG-Nantes.jpg\" data-width=\"897\" data-height=\"1920\" aria-label=\"\" role=\"img\" ><\/div>\n\t\t\t\t\t\t\t\t\t\t\t<div class=\"elementor-gallery-item__overlay\"><\/div>\n\t\t\t\t\t\t\t\t\t\t\t\t\t\t<\/a>\n\t\t\t\t\t\t\t<a class=\"e-gallery-item elementor-gallery-item elementor-animated-content\" href=\"https:\/\/ihedn.fr\/wp-content\/uploads\/2025\/02\/GCA-Steiger.jpg\" data-elementor-open-lightbox=\"yes\" data-elementor-lightbox-slideshow=\"408f387\" data-e-action-hash=\"#elementor-action%3Aaction%3Dlightbox%26settings%3DeyJpZCI6NTI3MjEsInVybCI6Imh0dHBzOlwvXC9paGVkbi5mclwvd3AtY29udGVudFwvdXBsb2Fkc1wvMjAyNVwvMDJcL0dDQS1TdGVpZ2VyLmpwZyIsInNsaWRlc2hvdyI6IjQwOGYzODcifQ%3D%3D\">\n\t\t\t\t\t<div class=\"e-gallery-image elementor-gallery-item__image\" data-thumbnail=\"https:\/\/ihedn.fr\/wp-content\/uploads\/2025\/02\/GCA-Steiger.jpg\" data-width=\"1920\" data-height=\"897\" aria-label=\"\" role=\"img\" ><\/div>\n\t\t\t\t\t\t\t\t\t\t\t<div class=\"elementor-gallery-item__overlay\"><\/div>\n\t\t\t\t\t\t\t\t\t\t\t\t\t\t<\/a>\n\t\t\t\t\t<\/div>\n\t\t\t\t\t<\/div>\n\t\t\t\t<\/div>\n\t\t\t\t\t<\/div>\n\t\t\t\t<\/div>\n\t\t\t\t<\/div>","protected":false},"excerpt":{"rendered":"<p>From 14 January to 14 February 2025, 43 auditors from a wide range of sectors came together to deepen their knowledge of major defence and security issues.<\/p>","protected":false},"author":12,"featured_media":52687,"comment_status":"closed","ping_status":"closed","sticky":false,"template":"","format":"standard","meta":{"footnotes":""},"categories":[172],"tags":[],"class_list":["post-52725","post","type-post","status-publish","format-standard","has-post-thumbnail","hentry","category-notre-actualite"],"yoast_head":"<!-- This site is optimized with the Yoast SEO plugin v27.5 - https:\/\/yoast.com\/product\/yoast-seo-wordpress\/ -->\n<title>Clap de fin sur la 241\u1d49 session en r\u00e9gion Pays de la Loire - L&#039;IHEDN : Institut des hautes \u00e9tudes de d\u00e9fense nationale<\/title>\n<meta name=\"description\" content=\"La 241e session en r\u00e9gion de l\u2019Institut des hautes \u00e9tudes de d\u00e9fense nationale s\u2019est ouverte \u00e0 la pr\u00e9fecture de la Sarthe. Pendant quatre semaines, 43 auditeurs aux parcours vari\u00e9s auront l\u2019opportunit\u00e9 d\u2019explorer les grands d\u00e9fis strat\u00e9giques contemporains, de d\u00e9couvrir le fonctionnement des arm\u00e9es et de s\u2019approprier les enjeux li\u00e9s \u00e0 la d\u00e9fense et \u00e0 la r\u00e9silience nationale, gr\u00e2ce \u00e0 un programme m\u00ealant visites de sites strat\u00e9giques, conf\u00e9rences de haut niveau et travaux collectifs.\" \/>\n<meta name=\"robots\" content=\"index, follow, max-snippet:-1, max-image-preview:large, max-video-preview:-1\" \/>\n<link rel=\"canonical\" href=\"https:\/\/ihedn.fr\/en\/notre-actualite\/clap-de-fin-sur-la-241e-session-en-region-pays-de-la-loire\/\" \/>\n<meta property=\"og:locale\" content=\"en_GB\" \/>\n<meta property=\"og:type\" content=\"article\" \/>\n<meta property=\"og:title\" content=\"Clap de fin sur la 241\u1d49 session en r\u00e9gion Pays de la Loire\" \/>\n<meta property=\"og:description\" content=\"Du 14 janvier au 14 f\u00e9vrier 2025, 43 auditeurs issus de divers secteurs d&#039;activit\u00e9 se sont r\u00e9unis pour approfondir leurs connaissances des grands enjeux de d\u00e9fense et de s\u00e9curit\u00e9.\" \/>\n<meta property=\"og:url\" content=\"https:\/\/ihedn.fr\/en\/notre-actualite\/clap-de-fin-sur-la-241e-session-en-region-pays-de-la-loire\/\" \/>\n<meta property=\"og:site_name\" content=\"L&#039;IHEDN : Institut des hautes \u00e9tudes de d\u00e9fense nationale\" \/>\n<meta property=\"article:publisher\" content=\"https:\/\/www.facebook.com\/ihedn\/\" \/>\n<meta property=\"article:published_time\" content=\"2025-02-19T10:42:44+00:00\" \/>\n<meta property=\"article:modified_time\" content=\"2025-02-19T15:43:34+00:00\" \/>\n<meta property=\"og:image\" content=\"https:\/\/ihedn.fr\/wp-content\/uploads\/2025\/02\/1739633094405-2.jpg\" \/>\n\t<meta property=\"og:image:width\" content=\"1000\" \/>\n\t<meta property=\"og:image:height\" content=\"450\" \/>\n\t<meta property=\"og:image:type\" content=\"image\/jpeg\" \/>\n<meta name=\"author\" content=\"Ad\u00e8le Thoumieux\" \/>\n<meta name=\"twitter:card\" content=\"summary_large_image\" \/>\n<meta name=\"twitter:title\" content=\"Clap de fin sur la 241\u1d49 session en r\u00e9gion Pays de la Loire\" \/>\n<meta name=\"twitter:description\" content=\"Du 14 janvier au 14 f\u00e9vrier 2025, 43 auditeurs issus de divers secteurs d&#039;activit\u00e9 se sont r\u00e9unis pour approfondir leurs connaissances des grands enjeux de d\u00e9fense et de s\u00e9curit\u00e9.\" \/>\n<meta name=\"twitter:creator\" content=\"@IHEDN\" \/>\n<meta name=\"twitter:site\" content=\"@IHEDN\" \/>\n<meta name=\"twitter:label1\" content=\"Written by\" \/>\n\t<meta name=\"twitter:data1\" content=\"Ad\u00e8le Thoumieux\" \/>\n\t<meta name=\"twitter:label2\" content=\"Estimated reading time\" \/>\n\t<meta name=\"twitter:data2\" content=\"3 minutes\" \/>\n<script type=\"application\/ld+json\" class=\"yoast-schema-graph\">{\"@context\":\"https:\\\/\\\/schema.org\",\"@graph\":[{\"@type\":\"Article\",\"@id\":\"https:\\\/\\\/ihedn.fr\\\/notre-actualite\\\/clap-de-fin-sur-la-241e-session-en-region-pays-de-la-loire\\\/#article\",\"isPartOf\":{\"@id\":\"https:\\\/\\\/ihedn.fr\\\/notre-actualite\\\/clap-de-fin-sur-la-241e-session-en-region-pays-de-la-loire\\\/\"},\"author\":{\"name\":\"Ad\u00e8le Thoumieux\",\"@id\":\"https:\\\/\\\/ihedn.fr\\\/#\\\/schema\\\/person\\\/16d49c2bd0121499ea9b9023ce89826c\"},\"headline\":\"Clap de fin sur la 241\u1d49 session en r\u00e9gion Pays de la Loire\",\"datePublished\":\"2025-02-19T10:42:44+00:00\",\"dateModified\":\"2025-02-19T15:43:34+00:00\",\"mainEntityOfPage\":{\"@id\":\"https:\\\/\\\/ihedn.fr\\\/notre-actualite\\\/clap-de-fin-sur-la-241e-session-en-region-pays-de-la-loire\\\/\"},\"wordCount\":650,\"publisher\":{\"@id\":\"https:\\\/\\\/ihedn.fr\\\/#organization\"},\"image\":{\"@id\":\"https:\\\/\\\/ihedn.fr\\\/notre-actualite\\\/clap-de-fin-sur-la-241e-session-en-region-pays-de-la-loire\\\/#primaryimage\"},\"thumbnailUrl\":\"https:\\\/\\\/ihedn.fr\\\/wp-content\\\/uploads\\\/2025\\\/02\\\/1739633094405-2.jpg\",\"articleSection\":[\"Notre actualit\u00e9\"],\"inLanguage\":\"en-GB\"},{\"@type\":\"WebPage\",\"@id\":\"https:\\\/\\\/ihedn.fr\\\/notre-actualite\\\/clap-de-fin-sur-la-241e-session-en-region-pays-de-la-loire\\\/\",\"url\":\"https:\\\/\\\/ihedn.fr\\\/notre-actualite\\\/clap-de-fin-sur-la-241e-session-en-region-pays-de-la-loire\\\/\",\"name\":\"Clap de fin sur la 241\u1d49 session en r\u00e9gion Pays de la Loire - L&#039;IHEDN : Institut des hautes \u00e9tudes de d\u00e9fense nationale\",\"isPartOf\":{\"@id\":\"https:\\\/\\\/ihedn.fr\\\/#website\"},\"primaryImageOfPage\":{\"@id\":\"https:\\\/\\\/ihedn.fr\\\/notre-actualite\\\/clap-de-fin-sur-la-241e-session-en-region-pays-de-la-loire\\\/#primaryimage\"},\"image\":{\"@id\":\"https:\\\/\\\/ihedn.fr\\\/notre-actualite\\\/clap-de-fin-sur-la-241e-session-en-region-pays-de-la-loire\\\/#primaryimage\"},\"thumbnailUrl\":\"https:\\\/\\\/ihedn.fr\\\/wp-content\\\/uploads\\\/2025\\\/02\\\/1739633094405-2.jpg\",\"datePublished\":\"2025-02-19T10:42:44+00:00\",\"dateModified\":\"2025-02-19T15:43:34+00:00\",\"description\":\"La 241e session en r\u00e9gion de l\u2019Institut des hautes \u00e9tudes de d\u00e9fense nationale s\u2019est ouverte \u00e0 la pr\u00e9fecture de la Sarthe. Pendant quatre semaines, 43 auditeurs aux parcours vari\u00e9s auront l\u2019opportunit\u00e9 d\u2019explorer les grands d\u00e9fis strat\u00e9giques contemporains, de d\u00e9couvrir le fonctionnement des arm\u00e9es et de s\u2019approprier les enjeux li\u00e9s \u00e0 la d\u00e9fense et \u00e0 la r\u00e9silience nationale, gr\u00e2ce \u00e0 un programme m\u00ealant visites de sites strat\u00e9giques, conf\u00e9rences de haut niveau et travaux collectifs.\",\"breadcrumb\":{\"@id\":\"https:\\\/\\\/ihedn.fr\\\/notre-actualite\\\/clap-de-fin-sur-la-241e-session-en-region-pays-de-la-loire\\\/#breadcrumb\"},\"inLanguage\":\"en-GB\",\"potentialAction\":[{\"@type\":\"ReadAction\",\"target\":[\"https:\\\/\\\/ihedn.fr\\\/notre-actualite\\\/clap-de-fin-sur-la-241e-session-en-region-pays-de-la-loire\\\/\"]}]},{\"@type\":\"ImageObject\",\"inLanguage\":\"en-GB\",\"@id\":\"https:\\\/\\\/ihedn.fr\\\/notre-actualite\\\/clap-de-fin-sur-la-241e-session-en-region-pays-de-la-loire\\\/#primaryimage\",\"url\":\"https:\\\/\\\/ihedn.fr\\\/wp-content\\\/uploads\\\/2025\\\/02\\\/1739633094405-2.jpg\",\"contentUrl\":\"https:\\\/\\\/ihedn.fr\\\/wp-content\\\/uploads\\\/2025\\\/02\\\/1739633094405-2.jpg\",\"width\":1000,\"height\":450},{\"@type\":\"BreadcrumbList\",\"@id\":\"https:\\\/\\\/ihedn.fr\\\/notre-actualite\\\/clap-de-fin-sur-la-241e-session-en-region-pays-de-la-loire\\\/#breadcrumb\",\"itemListElement\":[{\"@type\":\"ListItem\",\"position\":1,\"name\":\"Accueil\",\"item\":\"https:\\\/\\\/ihedn.fr\\\/\"},{\"@type\":\"ListItem\",\"position\":2,\"name\":\"Clap de fin sur la 241\u1d49 session en r\u00e9gion Pays de la Loire\"}]},{\"@type\":\"WebSite\",\"@id\":\"https:\\\/\\\/ihedn.fr\\\/#website\",\"url\":\"https:\\\/\\\/ihedn.fr\\\/\",\"name\":\"IHEDN : Institut des hautes \u00e9tudes de d\u00e9fense nationale |\",\"description\":\"Site officiel de l&#039;IHEDN plac\u00e9 sous la tutelle du Premier ministre.\",\"publisher\":{\"@id\":\"https:\\\/\\\/ihedn.fr\\\/#organization\"},\"potentialAction\":[{\"@type\":\"SearchAction\",\"target\":{\"@type\":\"EntryPoint\",\"urlTemplate\":\"https:\\\/\\\/ihedn.fr\\\/?s={search_term_string}\"},\"query-input\":{\"@type\":\"PropertyValueSpecification\",\"valueRequired\":true,\"valueName\":\"search_term_string\"}}],\"inLanguage\":\"en-GB\"},{\"@type\":\"Organization\",\"@id\":\"https:\\\/\\\/ihedn.fr\\\/#organization\",\"name\":\"IHEDN - Institut des Hautes Etudes de D\u00e9fense Nationale\",\"url\":\"https:\\\/\\\/ihedn.fr\\\/\",\"logo\":{\"@type\":\"ImageObject\",\"inLanguage\":\"en-GB\",\"@id\":\"https:\\\/\\\/ihedn.fr\\\/#\\\/schema\\\/logo\\\/image\\\/\",\"url\":\"https:\\\/\\\/ihedn.fr\\\/wp-content\\\/uploads\\\/2020\\\/11\\\/BLOC_RF_IHEDN_WEB.png\",\"contentUrl\":\"https:\\\/\\\/ihedn.fr\\\/wp-content\\\/uploads\\\/2020\\\/11\\\/BLOC_RF_IHEDN_WEB.png\",\"width\":500,\"height\":237,\"caption\":\"IHEDN - Institut des Hautes Etudes de D\u00e9fense Nationale\"},\"image\":{\"@id\":\"https:\\\/\\\/ihedn.fr\\\/#\\\/schema\\\/logo\\\/image\\\/\"},\"sameAs\":[\"https:\\\/\\\/www.facebook.com\\\/ihedn\\\/\",\"https:\\\/\\\/x.com\\\/IHEDN\",\"https:\\\/\\\/www.instagram.com\\\/ihedn\\\/\",\"https:\\\/\\\/www.linkedin.com\\\/school\\\/ihedn\\\/\",\"https:\\\/\\\/fr.wikipedia.org\\\/wiki\\\/Institut_des_hautes_\u00e9tudes_de_D\u00e9fense_nationale\"]},{\"@type\":\"Person\",\"@id\":\"https:\\\/\\\/ihedn.fr\\\/#\\\/schema\\\/person\\\/16d49c2bd0121499ea9b9023ce89826c\",\"name\":\"Ad\u00e8le Thoumieux\",\"image\":{\"@type\":\"ImageObject\",\"inLanguage\":\"en-GB\",\"@id\":\"https:\\\/\\\/secure.gravatar.com\\\/avatar\\\/64fc58d14679bdd185946349bcb229b06e37d30d6290c2bec15f1daa8f8e0ece?s=96&d=mm&r=g\",\"url\":\"https:\\\/\\\/secure.gravatar.com\\\/avatar\\\/64fc58d14679bdd185946349bcb229b06e37d30d6290c2bec15f1daa8f8e0ece?s=96&d=mm&r=g\",\"contentUrl\":\"https:\\\/\\\/secure.gravatar.com\\\/avatar\\\/64fc58d14679bdd185946349bcb229b06e37d30d6290c2bec15f1daa8f8e0ece?s=96&d=mm&r=g\",\"caption\":\"Ad\u00e8le Thoumieux\"},\"sameAs\":[\"http:\\\/\\\/ihedn.fr\"],\"url\":\"https:\\\/\\\/ihedn.fr\\\/en\\\/author\\\/thoumieux\\\/\"}]}<\/script>\n<!-- \/ Yoast SEO plugin. -->","yoast_head_json":{"title":"Clap de fin sur la 241\u1d49 session en r\u00e9gion Pays de la Loire - IHEDN : Institut des hautes \u00e9tudes de d\u00e9fense nationale (Institute for Advanced Studies in National Defence)","description":"The 241st regional session of the Institut des hautes \u00e9tudes de d\u00e9fense nationale opened at the Sarthe prefecture. For four weeks, 43 students from a wide range of backgrounds will have the opportunity to explore the major strategic challenges of our time, find out how the armed forces operate and get to grips with the issues involved in defence and national resilience, thanks to a programme combining visits to strategic sites, high-level lectures and group work.","robots":{"index":"index","follow":"follow","max-snippet":"max-snippet:-1","max-image-preview":"max-image-preview:large","max-video-preview":"max-video-preview:-1"},"canonical":"https:\/\/ihedn.fr\/en\/notre-actualite\/clap-de-fin-sur-la-241e-session-en-region-pays-de-la-loire\/","og_locale":"en_GB","og_type":"article","og_title":"Clap de fin sur la 241\u1d49 session en r\u00e9gion Pays de la Loire","og_description":"Du 14 janvier au 14 f\u00e9vrier 2025, 43 auditeurs issus de divers secteurs d'activit\u00e9 se sont r\u00e9unis pour approfondir leurs connaissances des grands enjeux de d\u00e9fense et de s\u00e9curit\u00e9.","og_url":"https:\/\/ihedn.fr\/en\/notre-actualite\/clap-de-fin-sur-la-241e-session-en-region-pays-de-la-loire\/","og_site_name":"L&#039;IHEDN : Institut des hautes \u00e9tudes de d\u00e9fense nationale","article_publisher":"https:\/\/www.facebook.com\/ihedn\/","article_published_time":"2025-02-19T10:42:44+00:00","article_modified_time":"2025-02-19T15:43:34+00:00","og_image":[{"width":1000,"height":450,"url":"https:\/\/ihedn.fr\/wp-content\/uploads\/2025\/02\/1739633094405-2.jpg","type":"image\/jpeg"}],"author":"Ad\u00e8le Thoumieux","twitter_card":"summary_large_image","twitter_title":"Clap de fin sur la 241\u1d49 session en r\u00e9gion Pays de la Loire","twitter_description":"Du 14 janvier au 14 f\u00e9vrier 2025, 43 auditeurs issus de divers secteurs d'activit\u00e9 se sont r\u00e9unis pour approfondir leurs connaissances des grands enjeux de d\u00e9fense et de s\u00e9curit\u00e9.","twitter_creator":"@IHEDN","twitter_site":"@IHEDN","twitter_misc":{"Written by":"Ad\u00e8le Thoumieux","Estimated reading time":"3 minutes"},"schema":{"@context":"https:\/\/schema.org","@graph":[{"@type":"Article","@id":"https:\/\/ihedn.fr\/notre-actualite\/clap-de-fin-sur-la-241e-session-en-region-pays-de-la-loire\/#article","isPartOf":{"@id":"https:\/\/ihedn.fr\/notre-actualite\/clap-de-fin-sur-la-241e-session-en-region-pays-de-la-loire\/"},"author":{"name":"Ad\u00e8le Thoumieux","@id":"https:\/\/ihedn.fr\/#\/schema\/person\/16d49c2bd0121499ea9b9023ce89826c"},"headline":"Clap de fin sur la 241\u1d49 session en r\u00e9gion Pays de la Loire","datePublished":"2025-02-19T10:42:44+00:00","dateModified":"2025-02-19T15:43:34+00:00","mainEntityOfPage":{"@id":"https:\/\/ihedn.fr\/notre-actualite\/clap-de-fin-sur-la-241e-session-en-region-pays-de-la-loire\/"},"wordCount":650,"publisher":{"@id":"https:\/\/ihedn.fr\/#organization"},"image":{"@id":"https:\/\/ihedn.fr\/notre-actualite\/clap-de-fin-sur-la-241e-session-en-region-pays-de-la-loire\/#primaryimage"},"thumbnailUrl":"https:\/\/ihedn.fr\/wp-content\/uploads\/2025\/02\/1739633094405-2.jpg","articleSection":["Notre actualit\u00e9"],"inLanguage":"en-GB"},{"@type":"WebPage","@id":"https:\/\/ihedn.fr\/notre-actualite\/clap-de-fin-sur-la-241e-session-en-region-pays-de-la-loire\/","url":"https:\/\/ihedn.fr\/notre-actualite\/clap-de-fin-sur-la-241e-session-en-region-pays-de-la-loire\/","name":"Clap de fin sur la 241\u1d49 session en r\u00e9gion Pays de la Loire - IHEDN : Institut des hautes \u00e9tudes de d\u00e9fense nationale (Institute for Advanced Studies in National Defence)","isPartOf":{"@id":"https:\/\/ihedn.fr\/#website"},"primaryImageOfPage":{"@id":"https:\/\/ihedn.fr\/notre-actualite\/clap-de-fin-sur-la-241e-session-en-region-pays-de-la-loire\/#primaryimage"},"image":{"@id":"https:\/\/ihedn.fr\/notre-actualite\/clap-de-fin-sur-la-241e-session-en-region-pays-de-la-loire\/#primaryimage"},"thumbnailUrl":"https:\/\/ihedn.fr\/wp-content\/uploads\/2025\/02\/1739633094405-2.jpg","datePublished":"2025-02-19T10:42:44+00:00","dateModified":"2025-02-19T15:43:34+00:00","description":"The 241st regional session of the Institut des hautes \u00e9tudes de d\u00e9fense nationale opened at the Sarthe prefecture. For four weeks, 43 students from a wide range of backgrounds will have the opportunity to explore the major strategic challenges of our time, find out how the armed forces operate and get to grips with the issues involved in defence and national resilience, thanks to a programme combining visits to strategic sites, high-level lectures and group work.","breadcrumb":{"@id":"https:\/\/ihedn.fr\/notre-actualite\/clap-de-fin-sur-la-241e-session-en-region-pays-de-la-loire\/#breadcrumb"},"inLanguage":"en-GB","potentialAction":[{"@type":"ReadAction","target":["https:\/\/ihedn.fr\/notre-actualite\/clap-de-fin-sur-la-241e-session-en-region-pays-de-la-loire\/"]}]},{"@type":"ImageObject","inLanguage":"en-GB","@id":"https:\/\/ihedn.fr\/notre-actualite\/clap-de-fin-sur-la-241e-session-en-region-pays-de-la-loire\/#primaryimage","url":"https:\/\/ihedn.fr\/wp-content\/uploads\/2025\/02\/1739633094405-2.jpg","contentUrl":"https:\/\/ihedn.fr\/wp-content\/uploads\/2025\/02\/1739633094405-2.jpg","width":1000,"height":450},{"@type":"BreadcrumbList","@id":"https:\/\/ihedn.fr\/notre-actualite\/clap-de-fin-sur-la-241e-session-en-region-pays-de-la-loire\/#breadcrumb","itemListElement":[{"@type":"ListItem","position":1,"name":"Accueil","item":"https:\/\/ihedn.fr\/"},{"@type":"ListItem","position":2,"name":"Clap de fin sur la 241\u1d49 session en r\u00e9gion Pays de la Loire"}]},{"@type":"WebSite","@id":"https:\/\/ihedn.fr\/#website","url":"https:\/\/ihedn.fr\/","name":"IHEDN: Institut des hautes \u00e9tudes de d\u00e9fense nationale (Institute for Higher National Defence Studies)","description":"Official website of the IHEDN under the supervision of the Prime Minister.","publisher":{"@id":"https:\/\/ihedn.fr\/#organization"},"potentialAction":[{"@type":"SearchAction","target":{"@type":"EntryPoint","urlTemplate":"https:\/\/ihedn.fr\/?s={search_term_string}"},"query-input":{"@type":"PropertyValueSpecification","valueRequired":true,"valueName":"search_term_string"}}],"inLanguage":"en-GB"},{"@type":"Organization","@id":"https:\/\/ihedn.fr\/#organization","name":"IHEDN - Institute for Higher National Defence Studies","url":"https:\/\/ihedn.fr\/","logo":{"@type":"ImageObject","inLanguage":"en-GB","@id":"https:\/\/ihedn.fr\/#\/schema\/logo\/image\/","url":"https:\/\/ihedn.fr\/wp-content\/uploads\/2020\/11\/BLOC_RF_IHEDN_WEB.png","contentUrl":"https:\/\/ihedn.fr\/wp-content\/uploads\/2020\/11\/BLOC_RF_IHEDN_WEB.png","width":500,"height":237,"caption":"IHEDN - Institut des Hautes Etudes de D\u00e9fense Nationale"},"image":{"@id":"https:\/\/ihedn.fr\/#\/schema\/logo\/image\/"},"sameAs":["https:\/\/www.facebook.com\/ihedn\/","https:\/\/x.com\/IHEDN","https:\/\/www.instagram.com\/ihedn\/","https:\/\/www.linkedin.com\/school\/ihedn\/","https:\/\/fr.wikipedia.org\/wiki\/Institut_des_hautes_\u00e9tudes_de_D\u00e9fense_nationale"]},{"@type":"Person","@id":"https:\/\/ihedn.fr\/#\/schema\/person\/16d49c2bd0121499ea9b9023ce89826c","name":"Ad\u00e8le Thoumieux","image":{"@type":"ImageObject","inLanguage":"en-GB","@id":"https:\/\/secure.gravatar.com\/avatar\/64fc58d14679bdd185946349bcb229b06e37d30d6290c2bec15f1daa8f8e0ece?s=96&d=mm&r=g","url":"https:\/\/secure.gravatar.com\/avatar\/64fc58d14679bdd185946349bcb229b06e37d30d6290c2bec15f1daa8f8e0ece?s=96&d=mm&r=g","contentUrl":"https:\/\/secure.gravatar.com\/avatar\/64fc58d14679bdd185946349bcb229b06e37d30d6290c2bec15f1daa8f8e0ece?s=96&d=mm&r=g","caption":"Ad\u00e8le Thoumieux"},"sameAs":["http:\/\/ihedn.fr"],"url":"https:\/\/ihedn.fr\/en\/author\/thoumieux\/"}]}},"publishpress_future_action":{"enabled":false,"date":"2026-05-08 22:03:40","action":"change-status","newStatus":"draft","terms":[],"taxonomy":"category","extraData":[]},"publishpress_future_workflow_manual_trigger":{"enabledWorkflows":[]},"_links":{"self":[{"href":"https:\/\/ihedn.fr\/en\/wp-json\/wp\/v2\/posts\/52725","targetHints":{"allow":["GET"]}}],"collection":[{"href":"https:\/\/ihedn.fr\/en\/wp-json\/wp\/v2\/posts"}],"about":[{"href":"https:\/\/ihedn.fr\/en\/wp-json\/wp\/v2\/types\/post"}],"author":[{"embeddable":true,"href":"https:\/\/ihedn.fr\/en\/wp-json\/wp\/v2\/users\/12"}],"replies":[{"embeddable":true,"href":"https:\/\/ihedn.fr\/en\/wp-json\/wp\/v2\/comments?post=52725"}],"version-history":[{"count":15,"href":"https:\/\/ihedn.fr\/en\/wp-json\/wp\/v2\/posts\/52725\/revisions"}],"predecessor-version":[{"id":52755,"href":"https:\/\/ihedn.fr\/en\/wp-json\/wp\/v2\/posts\/52725\/revisions\/52755"}],"wp:featuredmedia":[{"embeddable":true,"href":"https:\/\/ihedn.fr\/en\/wp-json\/wp\/v2\/media\/52687"}],"wp:attachment":[{"href":"https:\/\/ihedn.fr\/en\/wp-json\/wp\/v2\/media?parent=52725"}],"wp:term":[{"taxonomy":"category","embeddable":true,"href":"https:\/\/ihedn.fr\/en\/wp-json\/wp\/v2\/categories?post=52725"},{"taxonomy":"post_tag","embeddable":true,"href":"https:\/\/ihedn.fr\/en\/wp-json\/wp\/v2\/tags?post=52725"}],"curies":[{"name":"wp","href":"https:\/\/api.w.org\/{rel}","templated":true}]}}