{"id":52808,"date":"2025-02-24T17:02:55","date_gmt":"2025-02-24T16:02:55","guid":{"rendered":"https:\/\/ihedn.fr\/?p=52808"},"modified":"2025-09-03T14:14:57","modified_gmt":"2025-09-03T13:14:57","slug":"guerre-en-ukraine-le-partage-inegal-de-laide-militaire","status":"publish","type":"post","link":"https:\/\/ihedn.fr\/en\/notre-selection\/guerre-en-ukraine-le-partage-inegal-de-laide-militaire\/","title":{"rendered":"War in Ukraine: the unequal distribution of military aid"},"content":{"rendered":"<div data-elementor-type=\"wp-post\" data-elementor-id=\"52808\" class=\"elementor elementor-52808\" data-elementor-post-type=\"post\">\n\t\t\t\t<div data-particle_enable=\"false\" data-particle-mobile-disabled=\"false\" class=\"elementor-element elementor-element-84f61eb elementor-hidden-desktop e-flex e-con-boxed e-con e-parent\" data-id=\"84f61eb\" data-element_type=\"container\" data-e-type=\"container\">\n\t\t\t\t\t<div class=\"e-con-inner\">\n\t\t\t\t<div class=\"elementor-element elementor-element-d910f29 elementor-widget elementor-widget-text-editor\" data-id=\"d910f29\" data-element_type=\"widget\" data-e-type=\"widget\" data-widget_type=\"text-editor.default\">\n\t\t\t\t<div class=\"elementor-widget-container\">\n\t\t\t\t\t\t\t\t\t<p style=\"text-align: left;\">People stand among American, British, Danish and Ukrainian flags in front of a makeshift memorial to Ukrainian servicemen and international volunteers killed in action against Russian troops, on Independence Square in Kiev on 5 February 2025 - GENYA SAVILOV \/ AFP\u00a0<\/p>\t\t\t\t\t\t\t\t<\/div>\n\t\t\t\t<\/div>\n\t\t\t\t\t<\/div>\n\t\t\t\t<\/div>\n\t\t<div data-particle_enable=\"false\" data-particle-mobile-disabled=\"false\" class=\"elementor-element elementor-element-230dc34 e-flex e-con-boxed e-con e-parent\" data-id=\"230dc34\" data-element_type=\"container\" data-e-type=\"container\">\n\t\t\t\t\t<div class=\"e-con-inner\">\n\t\t\t\t<div class=\"elementor-element elementor-element-9ce855c elementor-widget elementor-widget-text-editor\" data-id=\"9ce855c\" data-element_type=\"widget\" data-e-type=\"widget\" data-widget_type=\"text-editor.default\">\n\t\t\t\t<div class=\"elementor-widget-container\">\n\t\t\t\t\t\t\t\t\t<p style=\"text-align: left;\">On 30 January, the Institut de recherche strat\u00e9gique de l'\u00c9cole militaire (IRSEM) hosted a conference-debate with an unambiguous title: \"The unequal sharing of the burden of peace in Ukraine\". Organised by Maud Quessard, Director of the Europe, Transatlantic Space and Russia Department, the event featured Canadian researcher Justin Massi\u00e9, full professor and Director of the Political Science Department at the Universit\u00e9 du Qu\u00e9bec \u00e0 Montr\u00e9al (UQAM), and also co-director of the Strategic Analysis Network and the <a href=\"https:\/\/lerubicon.org\/\" target=\"_blank\" rel=\"noopener\">The Rubicon<\/a>.<\/p><p style=\"text-align: left;\">The question of the support given to Ukraine by its allies regularly arouses controversy, not least because of statements made by US President Donald Trump. According to a German think tank<a href=\"https:\/\/www.ifw-kiel.de\/publications\/news\/ukraine-support-after-3-years-of-war-aid-flows-remain-low-but-steady-shift-towards-weapons-procurement\/\" target=\"_blank\" rel=\"noopener\">Kiel Institute for the World Economy<\/a>According to the Institute for International Relations, \u20ac267 billion in aid has been allocated to Ukraine since 24 February 2022, including \u20ac130 billion in military aid and \u20ac118 billion in financial aid. \"Europe as a whole has clearly outstripped the United States in terms of aid to Ukraine\", notes the institute, counting \u20ac114 billion for the United States and \u20ac132 billion for Europe, adding the United Kingdom, Switzerland, Norway and Iceland to the members of the European Union.<\/p>\t\t\t\t\t\t\t\t<\/div>\n\t\t\t\t<\/div>\n\t\t\t\t\t<\/div>\n\t\t\t\t<\/div>\n\t\t<div data-particle_enable=\"false\" data-particle-mobile-disabled=\"false\" class=\"elementor-element elementor-element-7bf256b e-con-full e-flex e-con e-parent\" data-id=\"7bf256b\" data-element_type=\"container\" data-e-type=\"container\">\n\t\t\t\t<div class=\"elementor-element elementor-element-618c98c elementor-widget elementor-widget-heading\" data-id=\"618c98c\" data-element_type=\"widget\" data-e-type=\"widget\" data-widget_type=\"heading.default\">\n\t\t\t\t<div class=\"elementor-widget-container\">\n\t\t\t\t\t<h2 class=\"elementor-heading-title elementor-size-default\">THE MAJOR POWERS DO NOT CARRY THE GREATEST RELATIVE WEIGHT<\/h2>\t\t\t\t<\/div>\n\t\t\t\t<\/div>\n\t\t\t\t<div class=\"elementor-element elementor-element-cbc595a elementor-widget-divider--view-line elementor-widget elementor-widget-divider\" data-id=\"cbc595a\" data-element_type=\"widget\" data-e-type=\"widget\" data-widget_type=\"divider.default\">\n\t\t\t\t<div class=\"elementor-widget-container\">\n\t\t\t\t\t\t\t<div class=\"elementor-divider\">\n\t\t\t<span class=\"elementor-divider-separator\">\n\t\t\t\t\t\t<\/span>\n\t\t<\/div>\n\t\t\t\t\t\t<\/div>\n\t\t\t\t<\/div>\n\t\t<div data-particle_enable=\"false\" data-particle-mobile-disabled=\"false\" class=\"elementor-element elementor-element-916e219 e-con-full e-flex e-con e-child\" data-id=\"916e219\" data-element_type=\"container\" data-e-type=\"container\">\n\t\t\t\t<div class=\"elementor-element elementor-element-2dfff21 elementor-widget__width-initial elementor-widget elementor-widget-text-editor\" data-id=\"2dfff21\" data-element_type=\"widget\" data-e-type=\"widget\" data-widget_type=\"text-editor.default\">\n\t\t\t\t<div class=\"elementor-widget-container\">\n\t\t\t\t\t\t\t\t\t<p style=\"text-align: left;\">For Justin Massi\u00e9, there are a number of key points to note, starting with the fact that \"the burden is unevenly shared across time and space\":<\/p><ul style=\"text-align: left;\"><li>The major powers do not carry the greatest relative weight<\/li><li><div>There are several types of carer: the\u00a0<em>free riders\u00a0<\/em>(Italy, Spain, Canada, Turkey), reliable allies (Estonia, United Kingdom), increasingly unreliable allies (United States, Poland), and increasingly reliable allies (Germany, France, Finland).<\/div><\/li><\/ul>\t\t\t\t\t\t\t\t<\/div>\n\t\t\t\t<\/div>\n\t\t\t\t<div class=\"elementor-element elementor-element-49bebd4 elementor-widget elementor-widget-text-editor\" data-id=\"49bebd4\" data-element_type=\"widget\" data-e-type=\"widget\" data-widget_type=\"text-editor.default\">\n\t\t\t\t<div class=\"elementor-widget-container\">\n\t\t\t\t\t\t\t\t\t<p style=\"text-align: left;\">It arrived at these findings by studying the efforts of the various countries since February 2022. As a percentage of their GDP, the main contributors in 2022-23 were Estonia (0.91%) and Latvia (0.81%).<\/p><p style=\"text-align: left;\">In 2023-24, these were Denmark (2.3%), Estonia (1.67%) and Sweden (1.46%). Over the same period, some countries agreed to a \"considerable increase\" in their support: Finland (from 0.09% to 0.71%), Germany (from 0.08% to 0.39%) and France (from 0.04% to 0.16%).<\/p><p style=\"text-align: left;\">At the same time, the UK (0.17%) and Canada (0.08%) remained constant, while Turkey (from 0.01% to 0%) and Italy (from 0.05% to 0.01%) were \"consistently low\". And two countries decided on a \"considerable reduction\": the United States (from 0.2% to 0.09%) and Poland (from 0.4% to 0.07%).<\/p><p style=\"text-align: left;\">As this conflict enters its 4th<sup>e\u00a0<\/sup>year, Justin Massi\u00e9 sees three possible scenarios for the development of this aid to Ukraine.<\/p><p style=\"text-align: left;\">The first would be of the \"Minsk III\" type, in reference to the 2015 Minsk II international summit that led to a ceasefire during the war in the Donbass: a \"fragile ceasefire\" that would lead to \"the partition, neutrality and demilitarisation of Ukraine and the reconstitution of Russian forces\". This scenario would be pushed by Trump, for whom \"no agreement would be worse than the current situation\", and would require Ukrainian President Volodymyr Zelensky to \"accept capitulation\".<\/p>\t\t\t\t\t\t\t\t<\/div>\n\t\t\t\t<\/div>\n\t\t\t\t<\/div>\n\t\t\t\t<\/div>\n\t\t<div data-particle_enable=\"false\" data-particle-mobile-disabled=\"false\" class=\"elementor-element elementor-element-aa035fe e-con-full e-flex e-con e-parent\" data-id=\"aa035fe\" data-element_type=\"container\" data-e-type=\"container\">\n\t\t\t\t<div class=\"elementor-element elementor-element-4bfc896 elementor-widget elementor-widget-heading\" data-id=\"4bfc896\" data-element_type=\"widget\" data-e-type=\"widget\" data-widget_type=\"heading.default\">\n\t\t\t\t<div class=\"elementor-widget-container\">\n\t\t\t\t\t<h2 class=\"elementor-heading-title elementor-size-default\">THREE POSSIBLE SCENARIOS: CEASEFIRE, \"KOREAN MODEL\" OR STATUS QUO?<\/h2>\t\t\t\t<\/div>\n\t\t\t\t<\/div>\n\t\t\t\t<div class=\"elementor-element elementor-element-682eb11 elementor-widget-divider--view-line elementor-widget elementor-widget-divider\" data-id=\"682eb11\" data-element_type=\"widget\" data-e-type=\"widget\" data-widget_type=\"divider.default\">\n\t\t\t\t<div class=\"elementor-widget-container\">\n\t\t\t\t\t\t\t<div class=\"elementor-divider\">\n\t\t\t<span class=\"elementor-divider-separator\">\n\t\t\t\t\t\t<\/span>\n\t\t<\/div>\n\t\t\t\t\t\t<\/div>\n\t\t\t\t<\/div>\n\t\t<div data-particle_enable=\"false\" data-particle-mobile-disabled=\"false\" class=\"elementor-element elementor-element-fe961bb e-con-full e-flex e-con e-child\" data-id=\"fe961bb\" data-element_type=\"container\" data-e-type=\"container\">\n\t\t\t\t<div class=\"elementor-element elementor-element-581058e elementor-widget elementor-widget-text-editor\" data-id=\"581058e\" data-element_type=\"widget\" data-e-type=\"widget\" data-widget_type=\"text-editor.default\">\n\t\t\t\t<div class=\"elementor-widget-container\">\n\t\t\t\t\t\t\t\t\t<p style=\"text-align: left;\">Reflecting a \"refusal to share the burden\", this first scenario would mean a halt to American and European aid, a need for Europe to step up its defence of its eastern flank, and the maintenance or reduction of the American military presence on the continent (currently 100,000 soldiers). Justin Massi\u00e9 considers this scenario \"unlikely in the short term\".<\/p><p style=\"text-align: left;\">The second scenario, on the other hand, would be one of \"enhanced burden sharing\": it would involve a freezing of the conflict along the lines of the \"Korean model\", with :<\/p><ul style=\"text-align: left;\"><li><div>Mutual deterrence made possible by security guarantees and foreign weapons in a Ukraine turned into a war economy;<\/div><\/li><li><div>Substantially increased aid to force Vladimir Putin to make concessions,<\/div><\/li><li><div>Western forces present in Ukraine<\/div><\/li><li><div>Putin accepting his failure.<\/div><\/li><\/ul>\t\t\t\t\t\t\t\t<\/div>\n\t\t\t\t<\/div>\n\t\t\t\t<div class=\"elementor-element elementor-element-63aa202 elementor-widget elementor-widget-text-editor\" data-id=\"63aa202\" data-element_type=\"widget\" data-e-type=\"widget\" data-widget_type=\"text-editor.default\">\n\t\t\t\t<div class=\"elementor-widget-container\">\n\t\t\t\t\t\t\t\t\t<p style=\"text-align: left;\">\"This scenario is just as unlikely in the short term, as Putin is not making any concessions at the moment,\" comments Justin Massi\u00e9.<\/p><p style=\"text-align: left;\">These first two scenarios being \"the worst\", the most likely is the third, the \"status quo\": \"Russia still believes in victory, Ukraine refuses to lay down its arms, and Trump agrees to break his promise\".<\/p><p style=\"text-align: left;\">In this case, the war would continue on the basis of \"current burden sharing\", which translates into \"uncertain American support\" but \"long-term European support\". Contrary to the latter hypothesis, Justin Massi\u00e9 notes that \"Trump is a narcissist and wants his Nobel Peace Prize\".<\/p><p style=\"text-align: left;\">Noting that \"several billion dollars would be needed to compensate for a possible withdrawal of American aid\", Justin Massi\u00e9 points out that it is \"much more difficult to give the necessary troops than the necessary money\", particularly because of the \"drastic reduction in forces in Europe since the 1990s, with the exception of Poland and the Baltic States\":<\/p>\t\t\t\t\t\t\t\t<\/div>\n\t\t\t\t<\/div>\n\t\t\t\t<div class=\"elementor-element elementor-element-d63f95d elementor-widget elementor-widget-text-editor\" data-id=\"d63f95d\" data-element_type=\"widget\" data-e-type=\"widget\" data-widget_type=\"text-editor.default\">\n\t\t\t\t<div class=\"elementor-widget-container\">\n\t\t\t\t\t\t\t\t\t<p style=\"text-align: left;\">\"To have operational capacity tomorrow, you need to have invested 5 or 10 years ago.<\/p>\t\t\t\t\t\t\t\t<\/div>\n\t\t\t\t<\/div>\n\t\t\t\t<\/div>\n\t\t\t\t<\/div>\n\t\t<div data-particle_enable=\"false\" data-particle-mobile-disabled=\"false\" class=\"elementor-element elementor-element-1bc2fe0 e-con-full e-flex e-con e-parent\" data-id=\"1bc2fe0\" data-element_type=\"container\" data-e-type=\"container\">\n\t\t\t\t<div class=\"elementor-element elementor-element-3432774 elementor-widget elementor-widget-heading\" data-id=\"3432774\" data-element_type=\"widget\" data-e-type=\"widget\" data-widget_type=\"heading.default\">\n\t\t\t\t<div class=\"elementor-widget-container\">\n\t\t\t\t\t<h2 class=\"elementor-heading-title elementor-size-default\">THE KEY ROLE OF THREAT PERCEPTION<\/h2>\t\t\t\t<\/div>\n\t\t\t\t<\/div>\n\t\t\t\t<div class=\"elementor-element elementor-element-cb18c3c elementor-widget-divider--view-line elementor-widget elementor-widget-divider\" data-id=\"cb18c3c\" data-element_type=\"widget\" data-e-type=\"widget\" data-widget_type=\"divider.default\">\n\t\t\t\t<div class=\"elementor-widget-container\">\n\t\t\t\t\t\t\t<div class=\"elementor-divider\">\n\t\t\t<span class=\"elementor-divider-separator\">\n\t\t\t\t\t\t<\/span>\n\t\t<\/div>\n\t\t\t\t\t\t<\/div>\n\t\t\t\t<\/div>\n\t\t<div data-particle_enable=\"false\" data-particle-mobile-disabled=\"false\" class=\"elementor-element elementor-element-22fdc3b e-con-full e-flex e-con e-child\" data-id=\"22fdc3b\" data-element_type=\"container\" data-e-type=\"container\">\n\t\t\t\t<div class=\"elementor-element elementor-element-f3c7534 elementor-widget elementor-widget-text-editor\" data-id=\"f3c7534\" data-element_type=\"widget\" data-e-type=\"widget\" data-widget_type=\"text-editor.default\">\n\t\t\t\t<div class=\"elementor-widget-container\">\n\t\t\t\t\t\t\t\t\t<p style=\"text-align: left;\">Pierre Haroche, Associate Professor of European and International Politics at the European School of Political and Social Sciences (ESPOL) at the Catholic University of Lille, who has been invited to take part in this conference-debate, looks at Europe's role in the negotiations:<\/p>\t\t\t\t\t\t\t\t<\/div>\n\t\t\t\t<\/div>\n\t\t\t\t<div class=\"elementor-element elementor-element-161f9dd elementor-widget elementor-widget-text-editor\" data-id=\"161f9dd\" data-element_type=\"widget\" data-e-type=\"widget\" data-widget_type=\"text-editor.default\">\n\t\t\t\t<div class=\"elementor-widget-container\">\n\t\t\t\t\t\t\t\t\t<p style=\"text-align: left;\">\"Putin wants to decide the future of Europe without the Europeans, and to a certain extent, so does Trump. If they want to be heard, the Europeans have to come up with something.\"<\/p>\t\t\t\t\t\t\t\t<\/div>\n\t\t\t\t<\/div>\n\t\t\t\t<div class=\"elementor-element elementor-element-a2a6f45 elementor-widget elementor-widget-text-editor\" data-id=\"a2a6f45\" data-element_type=\"widget\" data-e-type=\"widget\" data-widget_type=\"text-editor.default\">\n\t\t\t\t<div class=\"elementor-widget-container\">\n\t\t\t\t\t\t\t\t\t<p style=\"text-align: left;\">He also notes that \"in addition to the financial and arms costs, we need to consider the security costs: a neutral Ukraine means a different structure for our eastern flank, with a weakened system\".<\/p><p style=\"text-align: left;\">In conclusion, Justin Massi\u00e9 notes that \"geography is one of the main determinants\" of aid to Ukraine, with countries on Europe's eastern flank being more involved. Another major determinant is the perception of threats (by public opinion in particular), which is \"key\":<\/p>\t\t\t\t\t\t\t\t<\/div>\n\t\t\t\t<\/div>\n\t\t\t\t<div class=\"elementor-element elementor-element-6d49a9a elementor-widget elementor-widget-text-editor\" data-id=\"6d49a9a\" data-element_type=\"widget\" data-e-type=\"widget\" data-widget_type=\"text-editor.default\">\n\t\t\t\t<div class=\"elementor-widget-container\">\n\t\t\t\t\t\t\t\t\t<p style=\"text-align: left;\">\"This calls for better communication of the threat to influence perceptions and capabilities.<\/p>\t\t\t\t\t\t\t\t<\/div>\n\t\t\t\t<\/div>\n\t\t\t\t<\/div>\n\t\t\t\t<\/div>\n\t\t<div data-particle_enable=\"false\" data-particle-mobile-disabled=\"false\" class=\"elementor-element elementor-element-9d7810f elementor-hidden-tablet elementor-hidden-mobile e-flex e-con-boxed e-con e-parent\" data-id=\"9d7810f\" data-element_type=\"container\" data-e-type=\"container\" data-settings=\"{&quot;position&quot;:&quot;absolute&quot;}\">\n\t\t\t\t\t<div class=\"e-con-inner\">\n\t\t\t\t<div class=\"elementor-element elementor-element-750c9b8 elementor-widget elementor-widget-text-editor\" data-id=\"750c9b8\" data-element_type=\"widget\" data-e-type=\"widget\" data-widget_type=\"text-editor.default\">\n\t\t\t\t<div class=\"elementor-widget-container\">\n\t\t\t\t\t\t\t\t\t<p style=\"text-align: left;\">People stand among American, British, Danish and Ukrainian flags in front of a makeshift memorial to Ukrainian servicemen and international volunteers killed in action against Russian troops, on Independence Square in Kiev on 5 February 2025 - GENYA SAVILOV \/ AFP\u00a0<\/p>\t\t\t\t\t\t\t\t<\/div>\n\t\t\t\t<\/div>\n\t\t\t\t\t<\/div>\n\t\t\t\t<\/div>\n\t\t\t\t<\/div>","protected":false},"excerpt":{"rendered":"<p>As the conflict enters its 4th year, the support given to Ukraine by its allies regularly raises controversy. Canadian political scientist Justin Massi\u00e9 took stock of its distribution and possible developments at an enlightening conference organised by IRSEM.<\/p>","protected":false},"author":10,"featured_media":52803,"comment_status":"closed","ping_status":"closed","sticky":false,"template":"","format":"standard","meta":{"footnotes":""},"categories":[41,171,209],"tags":[241],"class_list":["post-52808","post","type-post","status-publish","format-standard","has-post-thumbnail","hentry","category-lundis-de-lihedn","category-notre-selection","category-securite-internationale","tag-dossier-guerre-ukraine"],"yoast_head":"<!-- This site is optimized with the Yoast SEO plugin v27.5 - https:\/\/yoast.com\/product\/yoast-seo-wordpress\/ -->\n<title>Guerre en Ukraine : le partage in\u00e9gal de l\u2019aide militaire - L&#039;IHEDN : Institut des hautes \u00e9tudes de d\u00e9fense nationale<\/title>\n<meta name=\"description\" content=\"Alors que le conflit entame aujourd\u2019hui sa 4e ann\u00e9e, le soutien accord\u00e9 \u00e0 l\u2019Ukraine par ses alli\u00e9s suscite r\u00e9guli\u00e8rement la controverse. Le politiste canadien Justin Massi\u00e9 a fait le point sur sa r\u00e9partition et ses \u00e9volutions possibles lors d\u2019une \u00e9clairante conf\u00e9rence organis\u00e9e par l\u2019IRSEM.\" \/>\n<meta name=\"robots\" content=\"index, follow, max-snippet:-1, max-image-preview:large, max-video-preview:-1\" \/>\n<link rel=\"canonical\" href=\"https:\/\/ihedn.fr\/en\/notre-selection\/guerre-en-ukraine-le-partage-inegal-de-laide-militaire\/\" \/>\n<meta property=\"og:locale\" content=\"en_GB\" \/>\n<meta property=\"og:type\" content=\"article\" \/>\n<meta property=\"og:title\" content=\"Guerre en Ukraine : le partage in\u00e9gal de l\u2019aide militaire\" \/>\n<meta property=\"og:description\" content=\"Alors que le conflit entame aujourd\u2019hui sa 4e ann\u00e9e, le soutien accord\u00e9 \u00e0 l\u2019Ukraine par ses alli\u00e9s suscite r\u00e9guli\u00e8rement la controverse. Le politiste canadien Justin Massi\u00e9 a fait le point sur sa r\u00e9partition et ses \u00e9volutions possibles lors d\u2019une \u00e9clairante conf\u00e9rence organis\u00e9e par l\u2019IRSEM.\" \/>\n<meta property=\"og:url\" content=\"https:\/\/ihedn.fr\/en\/notre-selection\/guerre-en-ukraine-le-partage-inegal-de-laide-militaire\/\" \/>\n<meta property=\"og:site_name\" content=\"L&#039;IHEDN : Institut des hautes \u00e9tudes de d\u00e9fense nationale\" \/>\n<meta property=\"article:publisher\" content=\"https:\/\/www.facebook.com\/ihedn\/\" \/>\n<meta property=\"article:published_time\" content=\"2025-02-24T16:02:55+00:00\" \/>\n<meta property=\"article:modified_time\" content=\"2025-09-03T13:14:57+00:00\" \/>\n<meta property=\"og:image\" content=\"https:\/\/ihedn.fr\/wp-content\/uploads\/2025\/02\/BANDEAU_SPECIAL_UKRAINE_2025.jpg\" \/>\n\t<meta property=\"og:image:width\" content=\"1920\" \/>\n\t<meta property=\"og:image:height\" content=\"1080\" \/>\n\t<meta property=\"og:image:type\" content=\"image\/jpeg\" \/>\n<meta name=\"author\" content=\"tanguy.morel@ihedn.fr\" \/>\n<meta name=\"twitter:card\" content=\"summary_large_image\" \/>\n<meta name=\"twitter:title\" content=\"Guerre en Ukraine : le partage in\u00e9gal de l\u2019aide militaire\" \/>\n<meta name=\"twitter:description\" content=\"Alors que le conflit entame aujourd\u2019hui sa 4e ann\u00e9e, le soutien accord\u00e9 \u00e0 l\u2019Ukraine par ses alli\u00e9s suscite r\u00e9guli\u00e8rement la controverse. Le politiste canadien Justin Massi\u00e9 a fait le point sur sa r\u00e9partition et ses \u00e9volutions possibles lors d\u2019une \u00e9clairante conf\u00e9rence organis\u00e9e par l\u2019IRSEM.\" \/>\n<meta name=\"twitter:image\" content=\"https:\/\/ihedn.fr\/wp-content\/uploads\/2025\/02\/BANDEAU_SPECIAL_UKRAINE_2025.jpg\" \/>\n<meta name=\"twitter:creator\" content=\"@IHEDN\" \/>\n<meta name=\"twitter:site\" content=\"@IHEDN\" \/>\n<meta name=\"twitter:label1\" content=\"Written by\" \/>\n\t<meta name=\"twitter:data1\" content=\"tanguy.morel@ihedn.fr\" \/>\n\t<meta name=\"twitter:label2\" content=\"Estimated reading time\" \/>\n\t<meta name=\"twitter:data2\" content=\"6 minutes\" \/>\n<script type=\"application\/ld+json\" class=\"yoast-schema-graph\">{\"@context\":\"https:\\\/\\\/schema.org\",\"@graph\":[{\"@type\":\"Article\",\"@id\":\"https:\\\/\\\/ihedn.fr\\\/notre-selection\\\/guerre-en-ukraine-le-partage-inegal-de-laide-militaire\\\/#article\",\"isPartOf\":{\"@id\":\"https:\\\/\\\/ihedn.fr\\\/notre-selection\\\/guerre-en-ukraine-le-partage-inegal-de-laide-militaire\\\/\"},\"author\":{\"name\":\"tanguy.morel@ihedn.fr\",\"@id\":\"https:\\\/\\\/ihedn.fr\\\/#\\\/schema\\\/person\\\/ed217a37104b27a246b200e65b827cc7\"},\"headline\":\"Guerre en Ukraine : le partage in\u00e9gal de l\u2019aide militaire\",\"datePublished\":\"2025-02-24T16:02:55+00:00\",\"dateModified\":\"2025-09-03T13:14:57+00:00\",\"mainEntityOfPage\":{\"@id\":\"https:\\\/\\\/ihedn.fr\\\/notre-selection\\\/guerre-en-ukraine-le-partage-inegal-de-laide-militaire\\\/\"},\"wordCount\":1186,\"publisher\":{\"@id\":\"https:\\\/\\\/ihedn.fr\\\/#organization\"},\"image\":{\"@id\":\"https:\\\/\\\/ihedn.fr\\\/notre-selection\\\/guerre-en-ukraine-le-partage-inegal-de-laide-militaire\\\/#primaryimage\"},\"thumbnailUrl\":\"https:\\\/\\\/ihedn.fr\\\/wp-content\\\/uploads\\\/2025\\\/02\\\/BANDEAU_SPECIAL_UKRAINE_2025.jpg\",\"keywords\":[\"dossier-guerre-ukraine\"],\"articleSection\":[\"Lundis de l'IHEDN\",\"Notre s\u00e9lection\",\"s\u00e9curit\u00e9 internationale\"],\"inLanguage\":\"en-GB\"},{\"@type\":\"WebPage\",\"@id\":\"https:\\\/\\\/ihedn.fr\\\/notre-selection\\\/guerre-en-ukraine-le-partage-inegal-de-laide-militaire\\\/\",\"url\":\"https:\\\/\\\/ihedn.fr\\\/notre-selection\\\/guerre-en-ukraine-le-partage-inegal-de-laide-militaire\\\/\",\"name\":\"Guerre en Ukraine : le partage in\u00e9gal de l\u2019aide militaire - L&#039;IHEDN : Institut des hautes \u00e9tudes de d\u00e9fense nationale\",\"isPartOf\":{\"@id\":\"https:\\\/\\\/ihedn.fr\\\/#website\"},\"primaryImageOfPage\":{\"@id\":\"https:\\\/\\\/ihedn.fr\\\/notre-selection\\\/guerre-en-ukraine-le-partage-inegal-de-laide-militaire\\\/#primaryimage\"},\"image\":{\"@id\":\"https:\\\/\\\/ihedn.fr\\\/notre-selection\\\/guerre-en-ukraine-le-partage-inegal-de-laide-militaire\\\/#primaryimage\"},\"thumbnailUrl\":\"https:\\\/\\\/ihedn.fr\\\/wp-content\\\/uploads\\\/2025\\\/02\\\/BANDEAU_SPECIAL_UKRAINE_2025.jpg\",\"datePublished\":\"2025-02-24T16:02:55+00:00\",\"dateModified\":\"2025-09-03T13:14:57+00:00\",\"description\":\"Alors que le conflit entame aujourd\u2019hui sa 4e ann\u00e9e, le soutien accord\u00e9 \u00e0 l\u2019Ukraine par ses alli\u00e9s suscite r\u00e9guli\u00e8rement la controverse. Le politiste canadien Justin Massi\u00e9 a fait le point sur sa r\u00e9partition et ses \u00e9volutions possibles lors d\u2019une \u00e9clairante conf\u00e9rence organis\u00e9e par l\u2019IRSEM.\",\"breadcrumb\":{\"@id\":\"https:\\\/\\\/ihedn.fr\\\/notre-selection\\\/guerre-en-ukraine-le-partage-inegal-de-laide-militaire\\\/#breadcrumb\"},\"inLanguage\":\"en-GB\",\"potentialAction\":[{\"@type\":\"ReadAction\",\"target\":[\"https:\\\/\\\/ihedn.fr\\\/notre-selection\\\/guerre-en-ukraine-le-partage-inegal-de-laide-militaire\\\/\"]}]},{\"@type\":\"ImageObject\",\"inLanguage\":\"en-GB\",\"@id\":\"https:\\\/\\\/ihedn.fr\\\/notre-selection\\\/guerre-en-ukraine-le-partage-inegal-de-laide-militaire\\\/#primaryimage\",\"url\":\"https:\\\/\\\/ihedn.fr\\\/wp-content\\\/uploads\\\/2025\\\/02\\\/BANDEAU_SPECIAL_UKRAINE_2025.jpg\",\"contentUrl\":\"https:\\\/\\\/ihedn.fr\\\/wp-content\\\/uploads\\\/2025\\\/02\\\/BANDEAU_SPECIAL_UKRAINE_2025.jpg\",\"width\":1920,\"height\":1080,\"caption\":\"Des gens se tiennent parmi des drapeaux am\u00e9ricains, britanniques, danois et ukrainiens devant un m\u00e9morial de fortune d\u00e9di\u00e9 aux militaires ukrainiens et aux volontaires internationaux tu\u00e9s au combat contre les troupes russes, sur la place de l'Ind\u00e9pendance \u00e0 Kiev le 5 f\u00e9vrier 2025.\"},{\"@type\":\"BreadcrumbList\",\"@id\":\"https:\\\/\\\/ihedn.fr\\\/notre-selection\\\/guerre-en-ukraine-le-partage-inegal-de-laide-militaire\\\/#breadcrumb\",\"itemListElement\":[{\"@type\":\"ListItem\",\"position\":1,\"name\":\"Accueil\",\"item\":\"https:\\\/\\\/ihedn.fr\\\/\"},{\"@type\":\"ListItem\",\"position\":2,\"name\":\"Guerre en Ukraine : le partage in\u00e9gal de l\u2019aide militaire\"}]},{\"@type\":\"WebSite\",\"@id\":\"https:\\\/\\\/ihedn.fr\\\/#website\",\"url\":\"https:\\\/\\\/ihedn.fr\\\/\",\"name\":\"IHEDN : Institut des hautes \u00e9tudes de d\u00e9fense nationale |\",\"description\":\"Site officiel de l&#039;IHEDN plac\u00e9 sous la tutelle du Premier ministre.\",\"publisher\":{\"@id\":\"https:\\\/\\\/ihedn.fr\\\/#organization\"},\"potentialAction\":[{\"@type\":\"SearchAction\",\"target\":{\"@type\":\"EntryPoint\",\"urlTemplate\":\"https:\\\/\\\/ihedn.fr\\\/?s={search_term_string}\"},\"query-input\":{\"@type\":\"PropertyValueSpecification\",\"valueRequired\":true,\"valueName\":\"search_term_string\"}}],\"inLanguage\":\"en-GB\"},{\"@type\":\"Organization\",\"@id\":\"https:\\\/\\\/ihedn.fr\\\/#organization\",\"name\":\"IHEDN - Institut des Hautes Etudes de D\u00e9fense Nationale\",\"url\":\"https:\\\/\\\/ihedn.fr\\\/\",\"logo\":{\"@type\":\"ImageObject\",\"inLanguage\":\"en-GB\",\"@id\":\"https:\\\/\\\/ihedn.fr\\\/#\\\/schema\\\/logo\\\/image\\\/\",\"url\":\"https:\\\/\\\/ihedn.fr\\\/wp-content\\\/uploads\\\/2020\\\/11\\\/BLOC_RF_IHEDN_WEB.png\",\"contentUrl\":\"https:\\\/\\\/ihedn.fr\\\/wp-content\\\/uploads\\\/2020\\\/11\\\/BLOC_RF_IHEDN_WEB.png\",\"width\":500,\"height\":237,\"caption\":\"IHEDN - Institut des Hautes Etudes de D\u00e9fense Nationale\"},\"image\":{\"@id\":\"https:\\\/\\\/ihedn.fr\\\/#\\\/schema\\\/logo\\\/image\\\/\"},\"sameAs\":[\"https:\\\/\\\/www.facebook.com\\\/ihedn\\\/\",\"https:\\\/\\\/x.com\\\/IHEDN\",\"https:\\\/\\\/www.instagram.com\\\/ihedn\\\/\",\"https:\\\/\\\/www.linkedin.com\\\/school\\\/ihedn\\\/\",\"https:\\\/\\\/fr.wikipedia.org\\\/wiki\\\/Institut_des_hautes_\u00e9tudes_de_D\u00e9fense_nationale\"]},{\"@type\":\"Person\",\"@id\":\"https:\\\/\\\/ihedn.fr\\\/#\\\/schema\\\/person\\\/ed217a37104b27a246b200e65b827cc7\",\"name\":\"tanguy.morel@ihedn.fr\",\"image\":{\"@type\":\"ImageObject\",\"inLanguage\":\"en-GB\",\"@id\":\"https:\\\/\\\/secure.gravatar.com\\\/avatar\\\/36877cd30919fafddf1f9da45f4154aa468a64328452f2ceaff0968772207348?s=96&d=mm&r=g\",\"url\":\"https:\\\/\\\/secure.gravatar.com\\\/avatar\\\/36877cd30919fafddf1f9da45f4154aa468a64328452f2ceaff0968772207348?s=96&d=mm&r=g\",\"contentUrl\":\"https:\\\/\\\/secure.gravatar.com\\\/avatar\\\/36877cd30919fafddf1f9da45f4154aa468a64328452f2ceaff0968772207348?s=96&d=mm&r=g\",\"caption\":\"tanguy.morel@ihedn.fr\"},\"url\":\"https:\\\/\\\/ihedn.fr\\\/en\\\/author\\\/tanguy-morelihedn-fr\\\/\"}]}<\/script>\n<!-- \/ Yoast SEO plugin. -->","yoast_head_json":{"title":"War in Ukraine: the unequal sharing of military aid - L'IHEDN : Institut des hautes \u00e9tudes de d\u00e9fense nationale","description":"As the conflict enters its 4th year, the support given to Ukraine by its allies regularly raises controversy. Canadian political scientist Justin Massi\u00e9 took stock of its distribution and possible developments at an enlightening conference organised by IRSEM.","robots":{"index":"index","follow":"follow","max-snippet":"max-snippet:-1","max-image-preview":"max-image-preview:large","max-video-preview":"max-video-preview:-1"},"canonical":"https:\/\/ihedn.fr\/en\/notre-selection\/guerre-en-ukraine-le-partage-inegal-de-laide-militaire\/","og_locale":"en_GB","og_type":"article","og_title":"Guerre en Ukraine : le partage in\u00e9gal de l\u2019aide militaire","og_description":"Alors que le conflit entame aujourd\u2019hui sa 4e ann\u00e9e, le soutien accord\u00e9 \u00e0 l\u2019Ukraine par ses alli\u00e9s suscite r\u00e9guli\u00e8rement la controverse. Le politiste canadien Justin Massi\u00e9 a fait le point sur sa r\u00e9partition et ses \u00e9volutions possibles lors d\u2019une \u00e9clairante conf\u00e9rence organis\u00e9e par l\u2019IRSEM.","og_url":"https:\/\/ihedn.fr\/en\/notre-selection\/guerre-en-ukraine-le-partage-inegal-de-laide-militaire\/","og_site_name":"L&#039;IHEDN : Institut des hautes \u00e9tudes de d\u00e9fense nationale","article_publisher":"https:\/\/www.facebook.com\/ihedn\/","article_published_time":"2025-02-24T16:02:55+00:00","article_modified_time":"2025-09-03T13:14:57+00:00","og_image":[{"width":1920,"height":1080,"url":"https:\/\/ihedn.fr\/wp-content\/uploads\/2025\/02\/BANDEAU_SPECIAL_UKRAINE_2025.jpg","type":"image\/jpeg"}],"author":"tanguy.morel@ihedn.fr","twitter_card":"summary_large_image","twitter_title":"Guerre en Ukraine : le partage in\u00e9gal de l\u2019aide militaire","twitter_description":"Alors que le conflit entame aujourd\u2019hui sa 4e ann\u00e9e, le soutien accord\u00e9 \u00e0 l\u2019Ukraine par ses alli\u00e9s suscite r\u00e9guli\u00e8rement la controverse. Le politiste canadien Justin Massi\u00e9 a fait le point sur sa r\u00e9partition et ses \u00e9volutions possibles lors d\u2019une \u00e9clairante conf\u00e9rence organis\u00e9e par l\u2019IRSEM.","twitter_image":"https:\/\/ihedn.fr\/wp-content\/uploads\/2025\/02\/BANDEAU_SPECIAL_UKRAINE_2025.jpg","twitter_creator":"@IHEDN","twitter_site":"@IHEDN","twitter_misc":{"Written by":"tanguy.morel@ihedn.fr","Estimated reading time":"6 minutes"},"schema":{"@context":"https:\/\/schema.org","@graph":[{"@type":"Article","@id":"https:\/\/ihedn.fr\/notre-selection\/guerre-en-ukraine-le-partage-inegal-de-laide-militaire\/#article","isPartOf":{"@id":"https:\/\/ihedn.fr\/notre-selection\/guerre-en-ukraine-le-partage-inegal-de-laide-militaire\/"},"author":{"name":"tanguy.morel@ihedn.fr","@id":"https:\/\/ihedn.fr\/#\/schema\/person\/ed217a37104b27a246b200e65b827cc7"},"headline":"Guerre en Ukraine : le partage in\u00e9gal de l\u2019aide militaire","datePublished":"2025-02-24T16:02:55+00:00","dateModified":"2025-09-03T13:14:57+00:00","mainEntityOfPage":{"@id":"https:\/\/ihedn.fr\/notre-selection\/guerre-en-ukraine-le-partage-inegal-de-laide-militaire\/"},"wordCount":1186,"publisher":{"@id":"https:\/\/ihedn.fr\/#organization"},"image":{"@id":"https:\/\/ihedn.fr\/notre-selection\/guerre-en-ukraine-le-partage-inegal-de-laide-militaire\/#primaryimage"},"thumbnailUrl":"https:\/\/ihedn.fr\/wp-content\/uploads\/2025\/02\/BANDEAU_SPECIAL_UKRAINE_2025.jpg","keywords":["dossier-guerre-ukraine"],"articleSection":["Lundis de l'IHEDN","Notre s\u00e9lection","s\u00e9curit\u00e9 internationale"],"inLanguage":"en-GB"},{"@type":"WebPage","@id":"https:\/\/ihedn.fr\/notre-selection\/guerre-en-ukraine-le-partage-inegal-de-laide-militaire\/","url":"https:\/\/ihedn.fr\/notre-selection\/guerre-en-ukraine-le-partage-inegal-de-laide-militaire\/","name":"War in Ukraine: the unequal sharing of military aid - L'IHEDN : Institut des hautes \u00e9tudes de d\u00e9fense nationale","isPartOf":{"@id":"https:\/\/ihedn.fr\/#website"},"primaryImageOfPage":{"@id":"https:\/\/ihedn.fr\/notre-selection\/guerre-en-ukraine-le-partage-inegal-de-laide-militaire\/#primaryimage"},"image":{"@id":"https:\/\/ihedn.fr\/notre-selection\/guerre-en-ukraine-le-partage-inegal-de-laide-militaire\/#primaryimage"},"thumbnailUrl":"https:\/\/ihedn.fr\/wp-content\/uploads\/2025\/02\/BANDEAU_SPECIAL_UKRAINE_2025.jpg","datePublished":"2025-02-24T16:02:55+00:00","dateModified":"2025-09-03T13:14:57+00:00","description":"As the conflict enters its 4th year, the support given to Ukraine by its allies regularly raises controversy. Canadian political scientist Justin Massi\u00e9 took stock of its distribution and possible developments at an enlightening conference organised by IRSEM.","breadcrumb":{"@id":"https:\/\/ihedn.fr\/notre-selection\/guerre-en-ukraine-le-partage-inegal-de-laide-militaire\/#breadcrumb"},"inLanguage":"en-GB","potentialAction":[{"@type":"ReadAction","target":["https:\/\/ihedn.fr\/notre-selection\/guerre-en-ukraine-le-partage-inegal-de-laide-militaire\/"]}]},{"@type":"ImageObject","inLanguage":"en-GB","@id":"https:\/\/ihedn.fr\/notre-selection\/guerre-en-ukraine-le-partage-inegal-de-laide-militaire\/#primaryimage","url":"https:\/\/ihedn.fr\/wp-content\/uploads\/2025\/02\/BANDEAU_SPECIAL_UKRAINE_2025.jpg","contentUrl":"https:\/\/ihedn.fr\/wp-content\/uploads\/2025\/02\/BANDEAU_SPECIAL_UKRAINE_2025.jpg","width":1920,"height":1080,"caption":"Des gens se tiennent parmi des drapeaux am\u00e9ricains, britanniques, danois et ukrainiens devant un m\u00e9morial de fortune d\u00e9di\u00e9 aux militaires ukrainiens et aux volontaires internationaux tu\u00e9s au combat contre les troupes russes, sur la place de l'Ind\u00e9pendance \u00e0 Kiev le 5 f\u00e9vrier 2025."},{"@type":"BreadcrumbList","@id":"https:\/\/ihedn.fr\/notre-selection\/guerre-en-ukraine-le-partage-inegal-de-laide-militaire\/#breadcrumb","itemListElement":[{"@type":"ListItem","position":1,"name":"Accueil","item":"https:\/\/ihedn.fr\/"},{"@type":"ListItem","position":2,"name":"Guerre en Ukraine : le partage in\u00e9gal de l\u2019aide militaire"}]},{"@type":"WebSite","@id":"https:\/\/ihedn.fr\/#website","url":"https:\/\/ihedn.fr\/","name":"IHEDN: Institut des hautes \u00e9tudes de d\u00e9fense nationale (Institute for Higher National Defence Studies)","description":"Official website of the IHEDN under the supervision of the Prime Minister.","publisher":{"@id":"https:\/\/ihedn.fr\/#organization"},"potentialAction":[{"@type":"SearchAction","target":{"@type":"EntryPoint","urlTemplate":"https:\/\/ihedn.fr\/?s={search_term_string}"},"query-input":{"@type":"PropertyValueSpecification","valueRequired":true,"valueName":"search_term_string"}}],"inLanguage":"en-GB"},{"@type":"Organization","@id":"https:\/\/ihedn.fr\/#organization","name":"IHEDN - Institute for Higher National Defence Studies","url":"https:\/\/ihedn.fr\/","logo":{"@type":"ImageObject","inLanguage":"en-GB","@id":"https:\/\/ihedn.fr\/#\/schema\/logo\/image\/","url":"https:\/\/ihedn.fr\/wp-content\/uploads\/2020\/11\/BLOC_RF_IHEDN_WEB.png","contentUrl":"https:\/\/ihedn.fr\/wp-content\/uploads\/2020\/11\/BLOC_RF_IHEDN_WEB.png","width":500,"height":237,"caption":"IHEDN - Institut des Hautes Etudes de D\u00e9fense Nationale"},"image":{"@id":"https:\/\/ihedn.fr\/#\/schema\/logo\/image\/"},"sameAs":["https:\/\/www.facebook.com\/ihedn\/","https:\/\/x.com\/IHEDN","https:\/\/www.instagram.com\/ihedn\/","https:\/\/www.linkedin.com\/school\/ihedn\/","https:\/\/fr.wikipedia.org\/wiki\/Institut_des_hautes_\u00e9tudes_de_D\u00e9fense_nationale"]},{"@type":"Person","@id":"https:\/\/ihedn.fr\/#\/schema\/person\/ed217a37104b27a246b200e65b827cc7","name":"tanguy.morel@ihedn.fr","image":{"@type":"ImageObject","inLanguage":"en-GB","@id":"https:\/\/secure.gravatar.com\/avatar\/36877cd30919fafddf1f9da45f4154aa468a64328452f2ceaff0968772207348?s=96&d=mm&r=g","url":"https:\/\/secure.gravatar.com\/avatar\/36877cd30919fafddf1f9da45f4154aa468a64328452f2ceaff0968772207348?s=96&d=mm&r=g","contentUrl":"https:\/\/secure.gravatar.com\/avatar\/36877cd30919fafddf1f9da45f4154aa468a64328452f2ceaff0968772207348?s=96&d=mm&r=g","caption":"tanguy.morel@ihedn.fr"},"url":"https:\/\/ihedn.fr\/en\/author\/tanguy-morelihedn-fr\/"}]}},"publishpress_future_action":{"enabled":false,"date":"2026-05-06 20:00:08","action":"change-status","newStatus":"draft","terms":[],"taxonomy":"category","extraData":[]},"publishpress_future_workflow_manual_trigger":{"enabledWorkflows":[]},"_links":{"self":[{"href":"https:\/\/ihedn.fr\/en\/wp-json\/wp\/v2\/posts\/52808","targetHints":{"allow":["GET"]}}],"collection":[{"href":"https:\/\/ihedn.fr\/en\/wp-json\/wp\/v2\/posts"}],"about":[{"href":"https:\/\/ihedn.fr\/en\/wp-json\/wp\/v2\/types\/post"}],"author":[{"embeddable":true,"href":"https:\/\/ihedn.fr\/en\/wp-json\/wp\/v2\/users\/10"}],"replies":[{"embeddable":true,"href":"https:\/\/ihedn.fr\/en\/wp-json\/wp\/v2\/comments?post=52808"}],"version-history":[{"count":19,"href":"https:\/\/ihedn.fr\/en\/wp-json\/wp\/v2\/posts\/52808\/revisions"}],"predecessor-version":[{"id":55364,"href":"https:\/\/ihedn.fr\/en\/wp-json\/wp\/v2\/posts\/52808\/revisions\/55364"}],"wp:featuredmedia":[{"embeddable":true,"href":"https:\/\/ihedn.fr\/en\/wp-json\/wp\/v2\/media\/52803"}],"wp:attachment":[{"href":"https:\/\/ihedn.fr\/en\/wp-json\/wp\/v2\/media?parent=52808"}],"wp:term":[{"taxonomy":"category","embeddable":true,"href":"https:\/\/ihedn.fr\/en\/wp-json\/wp\/v2\/categories?post=52808"},{"taxonomy":"post_tag","embeddable":true,"href":"https:\/\/ihedn.fr\/en\/wp-json\/wp\/v2\/tags?post=52808"}],"curies":[{"name":"wp","href":"https:\/\/api.w.org\/{rel}","templated":true}]}}