{"id":53047,"date":"2025-03-07T17:05:21","date_gmt":"2025-03-07T16:05:21","guid":{"rendered":"https:\/\/ihedn.fr\/?p=53047"},"modified":"2025-03-07T17:12:16","modified_gmt":"2025-03-07T16:12:16","slug":"larticle-de-clotilde-bomont-sur-le-cloud-defense-prime-par-lihedn-est-publie","status":"publish","type":"post","link":"https:\/\/ihedn.fr\/en\/notre-actualite\/larticle-de-clotilde-bomont-sur-le-cloud-defense-prime-par-lihedn-est-publie\/","title":{"rendered":"Clotilde B\u00f4mont's IHEDN award-winning article on cloud defence is published"},"content":{"rendered":"<div data-elementor-type=\"wp-post\" data-elementor-id=\"53047\" class=\"elementor elementor-53047\" data-elementor-post-type=\"post\">\n\t\t\t\t<div data-particle_enable=\"false\" data-particle-mobile-disabled=\"false\" class=\"elementor-element elementor-element-5734d5a e-flex e-con-boxed e-con e-parent\" data-id=\"5734d5a\" data-element_type=\"container\" data-e-type=\"container\">\n\t\t\t\t\t<div class=\"e-con-inner\">\n\t\t\t\t<div class=\"elementor-element elementor-element-412ec74 elementor-widget elementor-widget-text-editor\" data-id=\"412ec74\" data-element_type=\"widget\" data-e-type=\"widget\" data-widget_type=\"text-editor.default\">\n\t\t\t\t<div class=\"elementor-widget-container\">\n\t\t\t\t\t\t\t\t\t<p style=\"margin: 0cm 0cm 0.0001pt; text-align: left;\">Entitled \"La souverainet\u00e9 num\u00e9rique, pilier et d\u00e9fi pour la construction du cloud d\u00e9fense fran\u00e7ais\", it is available in the March 2025 issue of the Revue D\u00e9fense nationale.<\/p><p style=\"margin: 0cm 0cm 0.0001pt; text-align: left;\">Since the 2010s, the French armed forces have been planning to develop a defence cloud to manage their Information Systems (IS) and respond to the massification of digital data. While it is mainly the Dirisi (Direction interarm\u00e9es des r\u00e9seaux d'infrastructures et des syst\u00e8mes d'information) that will orchestrate the migration of the ministry's IS to the cloud, the ministry will also have to turn to private service providers. This raises the issue of guaranteeing the security of its data. To meet these requirements, there is talk of developing a \"sovereign\" defence cloud.<\/p>\t\t\t\t\t\t\t\t<\/div>\n\t\t\t\t<\/div>\n\t\t\t\t<div class=\"elementor-element elementor-element-247ebb1 elementor-widget elementor-widget-text-editor\" data-id=\"247ebb1\" data-element_type=\"widget\" data-e-type=\"widget\" data-widget_type=\"text-editor.default\">\n\t\t\t\t<div class=\"elementor-widget-container\">\n\t\t\t\t\t\t\t\t\t<p style=\"text-align: left;\">\u00a0Find out more in this article:<\/p><p style=\"text-align: left;\">\ud83d\udccdA \"sovereign\" defence cloud: a geopolitical approach to data security for the Ministry of the Armed Forces<\/p><p style=\"text-align: left;\">\ud83d\udccdStrengthening national \"digital sovereignty\", a challenge to power<\/p><p style=\"text-align: left;\">\ud83d\udccdPolitical trial and error and a change of scale in the design of cloud defence<\/p>\t\t\t\t\t\t\t\t<\/div>\n\t\t\t\t<\/div>\n\t\t\t\t<div class=\"elementor-element elementor-element-efde3d7 elementor-widget elementor-widget-text-editor\" data-id=\"efde3d7\" data-element_type=\"widget\" data-e-type=\"widget\" data-widget_type=\"text-editor.default\">\n\t\t\t\t<div class=\"elementor-widget-container\">\n\t\t\t\t\t\t\t\t\t<p style=\"margin: 0cm 0cm 0.0001pt; text-align: left;\">Access the digital version of <a href=\"https:\/\/www.defnat.com\/e-RDN\/vue-article.php?carticle=23664&amp;cidrevue=878\" target=\"_blank\" rel=\"noopener\"><strong>article here.<\/strong><\/a><\/p><p style=\"margin: 0cm 0cm 0.0001pt; text-align: left;\">A paper version is also available.<\/p>\t\t\t\t\t\t\t\t<\/div>\n\t\t\t\t<\/div>\n\t\t\t\t\t<\/div>\n\t\t\t\t<\/div>\n\t\t\t\t<\/div>","protected":false},"excerpt":{"rendered":"<p>Almost a year ago, Clotilde B\u00f4mont, a researcher in the geopolitics of digital technologies, was awarded first prize in the 'theses' category of the IHEDN 2024 science prizes for her research into the geopolitics of the French cloud defence system. An article from his thesis is now available to the general public.<\/p>","protected":false},"author":10,"featured_media":53054,"comment_status":"closed","ping_status":"closed","sticky":false,"template":"","format":"standard","meta":{"footnotes":""},"categories":[172],"tags":[],"class_list":["post-53047","post","type-post","status-publish","format-standard","has-post-thumbnail","hentry","category-notre-actualite"],"yoast_head":"<!-- This site is optimized with the Yoast SEO plugin v27.5 - https:\/\/yoast.com\/product\/yoast-seo-wordpress\/ -->\n<title>L\u2019article de Clotilde B\u00f4mont sur le cloud d\u00e9fense, prim\u00e9 par l\u2019IHEDN, est publi\u00e9 - L&#039;IHEDN : Institut des hautes \u00e9tudes de d\u00e9fense nationale<\/title>\n<meta name=\"description\" content=\"Il y a presque un an, Clotilde B\u00f4mont, chercheuse en g\u00e9opolitique des technologies num\u00e9riques, se voyait d\u00e9cerner par l&#039;IHEDN le premier prix dans la cat\u00e9gorie &quot;th\u00e8ses&quot; des prix scientifiques 2024 pour son travail de recherche sur la g\u00e9opolitique du cloud d\u00e9fense fran\u00e7ais. Aujourd\u2019hui, un article issu de sa th\u00e8se est accessible au grand public.\" \/>\n<meta name=\"robots\" content=\"index, follow, max-snippet:-1, max-image-preview:large, max-video-preview:-1\" \/>\n<link rel=\"canonical\" href=\"https:\/\/ihedn.fr\/en\/notre-actualite\/larticle-de-clotilde-bomont-sur-le-cloud-defense-prime-par-lihedn-est-publie\/\" \/>\n<meta property=\"og:locale\" content=\"en_GB\" \/>\n<meta property=\"og:type\" content=\"article\" \/>\n<meta property=\"og:title\" content=\"L\u2019article de Clotilde B\u00f4mont sur le cloud d\u00e9fense, prim\u00e9 par l\u2019IHEDN, est publi\u00e9\" \/>\n<meta property=\"og:description\" content=\"Il y a presque un an, Clotilde B\u00f4mont, chercheuse en g\u00e9opolitique des technologies num\u00e9riques, se voyait d\u00e9cerner par l&#039;IHEDN le premier prix dans la cat\u00e9gorie &quot;th\u00e8ses&quot; des prix scientifiques 2024 pour son travail de recherche sur la g\u00e9opolitique du cloud d\u00e9fense fran\u00e7ais. Aujourd\u2019hui, un article issu de sa th\u00e8se est accessible au grand public.\" \/>\n<meta property=\"og:url\" content=\"https:\/\/ihedn.fr\/en\/notre-actualite\/larticle-de-clotilde-bomont-sur-le-cloud-defense-prime-par-lihedn-est-publie\/\" \/>\n<meta property=\"og:site_name\" content=\"L&#039;IHEDN : Institut des hautes \u00e9tudes de d\u00e9fense nationale\" \/>\n<meta property=\"article:publisher\" content=\"https:\/\/www.facebook.com\/ihedn\/\" \/>\n<meta property=\"article:published_time\" content=\"2025-03-07T16:05:21+00:00\" \/>\n<meta property=\"article:modified_time\" content=\"2025-03-07T16:12:16+00:00\" \/>\n<meta property=\"og:image\" content=\"https:\/\/ihedn.fr\/wp-content\/uploads\/2025\/03\/Clotilde-bomont.png\" \/>\n\t<meta property=\"og:image:width\" content=\"1920\" \/>\n\t<meta property=\"og:image:height\" content=\"960\" \/>\n\t<meta property=\"og:image:type\" content=\"image\/png\" \/>\n<meta name=\"author\" content=\"tanguy.morel@ihedn.fr\" \/>\n<meta name=\"twitter:card\" content=\"summary_large_image\" \/>\n<meta name=\"twitter:title\" content=\"L\u2019article de Clotilde B\u00f4mont sur le cloud d\u00e9fense, prim\u00e9 par l\u2019IHEDN, est publi\u00e9\" \/>\n<meta name=\"twitter:description\" content=\"Il y a presque un an, Clotilde B\u00f4mont, chercheuse en g\u00e9opolitique des technologies num\u00e9riques, se voyait d\u00e9cerner par l&#039;IHEDN le premier prix dans la cat\u00e9gorie &quot;th\u00e8ses&quot; des prix scientifiques 2024 pour son travail de recherche sur la g\u00e9opolitique du cloud d\u00e9fense fran\u00e7ais. Aujourd\u2019hui, un article issu de sa th\u00e8se est accessible au grand public.\" \/>\n<meta name=\"twitter:image\" content=\"https:\/\/ihedn.fr\/wp-content\/uploads\/2025\/03\/Clotilde-bomont.png\" \/>\n<meta name=\"twitter:creator\" content=\"@IHEDN\" \/>\n<meta name=\"twitter:site\" content=\"@IHEDN\" \/>\n<meta name=\"twitter:label1\" content=\"Written by\" \/>\n\t<meta name=\"twitter:data1\" content=\"tanguy.morel@ihedn.fr\" \/>\n\t<meta name=\"twitter:label2\" content=\"Estimated reading time\" \/>\n\t<meta name=\"twitter:data2\" content=\"2 minutes\" \/>\n<script type=\"application\/ld+json\" class=\"yoast-schema-graph\">{\"@context\":\"https:\\\/\\\/schema.org\",\"@graph\":[{\"@type\":\"Article\",\"@id\":\"https:\\\/\\\/ihedn.fr\\\/notre-actualite\\\/larticle-de-clotilde-bomont-sur-le-cloud-defense-prime-par-lihedn-est-publie\\\/#article\",\"isPartOf\":{\"@id\":\"https:\\\/\\\/ihedn.fr\\\/notre-actualite\\\/larticle-de-clotilde-bomont-sur-le-cloud-defense-prime-par-lihedn-est-publie\\\/\"},\"author\":{\"name\":\"tanguy.morel@ihedn.fr\",\"@id\":\"https:\\\/\\\/ihedn.fr\\\/#\\\/schema\\\/person\\\/ed217a37104b27a246b200e65b827cc7\"},\"headline\":\"L\u2019article de Clotilde B\u00f4mont sur le cloud d\u00e9fense, prim\u00e9 par l\u2019IHEDN, est publi\u00e9\",\"datePublished\":\"2025-03-07T16:05:21+00:00\",\"dateModified\":\"2025-03-07T16:12:16+00:00\",\"mainEntityOfPage\":{\"@id\":\"https:\\\/\\\/ihedn.fr\\\/notre-actualite\\\/larticle-de-clotilde-bomont-sur-le-cloud-defense-prime-par-lihedn-est-publie\\\/\"},\"wordCount\":225,\"publisher\":{\"@id\":\"https:\\\/\\\/ihedn.fr\\\/#organization\"},\"image\":{\"@id\":\"https:\\\/\\\/ihedn.fr\\\/notre-actualite\\\/larticle-de-clotilde-bomont-sur-le-cloud-defense-prime-par-lihedn-est-publie\\\/#primaryimage\"},\"thumbnailUrl\":\"https:\\\/\\\/ihedn.fr\\\/wp-content\\\/uploads\\\/2025\\\/03\\\/Clotilde-bomont.png\",\"articleSection\":[\"Notre actualit\u00e9\"],\"inLanguage\":\"en-GB\"},{\"@type\":\"WebPage\",\"@id\":\"https:\\\/\\\/ihedn.fr\\\/notre-actualite\\\/larticle-de-clotilde-bomont-sur-le-cloud-defense-prime-par-lihedn-est-publie\\\/\",\"url\":\"https:\\\/\\\/ihedn.fr\\\/notre-actualite\\\/larticle-de-clotilde-bomont-sur-le-cloud-defense-prime-par-lihedn-est-publie\\\/\",\"name\":\"L\u2019article de Clotilde B\u00f4mont sur le cloud d\u00e9fense, prim\u00e9 par l\u2019IHEDN, est publi\u00e9 - L&#039;IHEDN : Institut des hautes \u00e9tudes de d\u00e9fense nationale\",\"isPartOf\":{\"@id\":\"https:\\\/\\\/ihedn.fr\\\/#website\"},\"primaryImageOfPage\":{\"@id\":\"https:\\\/\\\/ihedn.fr\\\/notre-actualite\\\/larticle-de-clotilde-bomont-sur-le-cloud-defense-prime-par-lihedn-est-publie\\\/#primaryimage\"},\"image\":{\"@id\":\"https:\\\/\\\/ihedn.fr\\\/notre-actualite\\\/larticle-de-clotilde-bomont-sur-le-cloud-defense-prime-par-lihedn-est-publie\\\/#primaryimage\"},\"thumbnailUrl\":\"https:\\\/\\\/ihedn.fr\\\/wp-content\\\/uploads\\\/2025\\\/03\\\/Clotilde-bomont.png\",\"datePublished\":\"2025-03-07T16:05:21+00:00\",\"dateModified\":\"2025-03-07T16:12:16+00:00\",\"description\":\"Il y a presque un an, Clotilde B\u00f4mont, chercheuse en g\u00e9opolitique des technologies num\u00e9riques, se voyait d\u00e9cerner par l'IHEDN le premier prix dans la cat\u00e9gorie \\\"th\u00e8ses\\\" des prix scientifiques 2024 pour son travail de recherche sur la g\u00e9opolitique du cloud d\u00e9fense fran\u00e7ais. Aujourd\u2019hui, un article issu de sa th\u00e8se est accessible au grand public.\",\"breadcrumb\":{\"@id\":\"https:\\\/\\\/ihedn.fr\\\/notre-actualite\\\/larticle-de-clotilde-bomont-sur-le-cloud-defense-prime-par-lihedn-est-publie\\\/#breadcrumb\"},\"inLanguage\":\"en-GB\",\"potentialAction\":[{\"@type\":\"ReadAction\",\"target\":[\"https:\\\/\\\/ihedn.fr\\\/notre-actualite\\\/larticle-de-clotilde-bomont-sur-le-cloud-defense-prime-par-lihedn-est-publie\\\/\"]}]},{\"@type\":\"ImageObject\",\"inLanguage\":\"en-GB\",\"@id\":\"https:\\\/\\\/ihedn.fr\\\/notre-actualite\\\/larticle-de-clotilde-bomont-sur-le-cloud-defense-prime-par-lihedn-est-publie\\\/#primaryimage\",\"url\":\"https:\\\/\\\/ihedn.fr\\\/wp-content\\\/uploads\\\/2025\\\/03\\\/Clotilde-bomont.png\",\"contentUrl\":\"https:\\\/\\\/ihedn.fr\\\/wp-content\\\/uploads\\\/2025\\\/03\\\/Clotilde-bomont.png\",\"width\":1920,\"height\":960},{\"@type\":\"BreadcrumbList\",\"@id\":\"https:\\\/\\\/ihedn.fr\\\/notre-actualite\\\/larticle-de-clotilde-bomont-sur-le-cloud-defense-prime-par-lihedn-est-publie\\\/#breadcrumb\",\"itemListElement\":[{\"@type\":\"ListItem\",\"position\":1,\"name\":\"Accueil\",\"item\":\"https:\\\/\\\/ihedn.fr\\\/\"},{\"@type\":\"ListItem\",\"position\":2,\"name\":\"L\u2019article de Clotilde B\u00f4mont sur le cloud d\u00e9fense, prim\u00e9 par l\u2019IHEDN, est publi\u00e9\"}]},{\"@type\":\"WebSite\",\"@id\":\"https:\\\/\\\/ihedn.fr\\\/#website\",\"url\":\"https:\\\/\\\/ihedn.fr\\\/\",\"name\":\"IHEDN : Institut des hautes \u00e9tudes de d\u00e9fense nationale |\",\"description\":\"Site officiel de l&#039;IHEDN plac\u00e9 sous la tutelle du Premier ministre.\",\"publisher\":{\"@id\":\"https:\\\/\\\/ihedn.fr\\\/#organization\"},\"potentialAction\":[{\"@type\":\"SearchAction\",\"target\":{\"@type\":\"EntryPoint\",\"urlTemplate\":\"https:\\\/\\\/ihedn.fr\\\/?s={search_term_string}\"},\"query-input\":{\"@type\":\"PropertyValueSpecification\",\"valueRequired\":true,\"valueName\":\"search_term_string\"}}],\"inLanguage\":\"en-GB\"},{\"@type\":\"Organization\",\"@id\":\"https:\\\/\\\/ihedn.fr\\\/#organization\",\"name\":\"IHEDN - Institut des Hautes Etudes de D\u00e9fense Nationale\",\"url\":\"https:\\\/\\\/ihedn.fr\\\/\",\"logo\":{\"@type\":\"ImageObject\",\"inLanguage\":\"en-GB\",\"@id\":\"https:\\\/\\\/ihedn.fr\\\/#\\\/schema\\\/logo\\\/image\\\/\",\"url\":\"https:\\\/\\\/ihedn.fr\\\/wp-content\\\/uploads\\\/2020\\\/11\\\/BLOC_RF_IHEDN_WEB.png\",\"contentUrl\":\"https:\\\/\\\/ihedn.fr\\\/wp-content\\\/uploads\\\/2020\\\/11\\\/BLOC_RF_IHEDN_WEB.png\",\"width\":500,\"height\":237,\"caption\":\"IHEDN - Institut des Hautes Etudes de D\u00e9fense Nationale\"},\"image\":{\"@id\":\"https:\\\/\\\/ihedn.fr\\\/#\\\/schema\\\/logo\\\/image\\\/\"},\"sameAs\":[\"https:\\\/\\\/www.facebook.com\\\/ihedn\\\/\",\"https:\\\/\\\/x.com\\\/IHEDN\",\"https:\\\/\\\/www.instagram.com\\\/ihedn\\\/\",\"https:\\\/\\\/www.linkedin.com\\\/school\\\/ihedn\\\/\",\"https:\\\/\\\/fr.wikipedia.org\\\/wiki\\\/Institut_des_hautes_\u00e9tudes_de_D\u00e9fense_nationale\"]},{\"@type\":\"Person\",\"@id\":\"https:\\\/\\\/ihedn.fr\\\/#\\\/schema\\\/person\\\/ed217a37104b27a246b200e65b827cc7\",\"name\":\"tanguy.morel@ihedn.fr\",\"image\":{\"@type\":\"ImageObject\",\"inLanguage\":\"en-GB\",\"@id\":\"https:\\\/\\\/secure.gravatar.com\\\/avatar\\\/36877cd30919fafddf1f9da45f4154aa468a64328452f2ceaff0968772207348?s=96&d=mm&r=g\",\"url\":\"https:\\\/\\\/secure.gravatar.com\\\/avatar\\\/36877cd30919fafddf1f9da45f4154aa468a64328452f2ceaff0968772207348?s=96&d=mm&r=g\",\"contentUrl\":\"https:\\\/\\\/secure.gravatar.com\\\/avatar\\\/36877cd30919fafddf1f9da45f4154aa468a64328452f2ceaff0968772207348?s=96&d=mm&r=g\",\"caption\":\"tanguy.morel@ihedn.fr\"},\"url\":\"https:\\\/\\\/ihedn.fr\\\/en\\\/author\\\/tanguy-morelihedn-fr\\\/\"}]}<\/script>\n<!-- \/ Yoast SEO plugin. -->","yoast_head_json":{"title":"Clotilde B\u00f4mont's article on cloud defence, which won an IHEDN award, is published - L'IHEDN : Institut des hautes \u00e9tudes de d\u00e9fense nationale (French Institute for Higher National Defence Studies)","description":"Almost a year ago, Clotilde B\u00f4mont, a researcher in the geopolitics of digital technologies, was awarded first prize in the 'theses' category of the IHEDN 2024 science prizes for her research into the geopolitics of the French cloud defence system. An article from his thesis is now available to the general public.","robots":{"index":"index","follow":"follow","max-snippet":"max-snippet:-1","max-image-preview":"max-image-preview:large","max-video-preview":"max-video-preview:-1"},"canonical":"https:\/\/ihedn.fr\/en\/notre-actualite\/larticle-de-clotilde-bomont-sur-le-cloud-defense-prime-par-lihedn-est-publie\/","og_locale":"en_GB","og_type":"article","og_title":"L\u2019article de Clotilde B\u00f4mont sur le cloud d\u00e9fense, prim\u00e9 par l\u2019IHEDN, est publi\u00e9","og_description":"Il y a presque un an, Clotilde B\u00f4mont, chercheuse en g\u00e9opolitique des technologies num\u00e9riques, se voyait d\u00e9cerner par l'IHEDN le premier prix dans la cat\u00e9gorie \"th\u00e8ses\" des prix scientifiques 2024 pour son travail de recherche sur la g\u00e9opolitique du cloud d\u00e9fense fran\u00e7ais. Aujourd\u2019hui, un article issu de sa th\u00e8se est accessible au grand public.","og_url":"https:\/\/ihedn.fr\/en\/notre-actualite\/larticle-de-clotilde-bomont-sur-le-cloud-defense-prime-par-lihedn-est-publie\/","og_site_name":"L&#039;IHEDN : Institut des hautes \u00e9tudes de d\u00e9fense nationale","article_publisher":"https:\/\/www.facebook.com\/ihedn\/","article_published_time":"2025-03-07T16:05:21+00:00","article_modified_time":"2025-03-07T16:12:16+00:00","og_image":[{"width":1920,"height":960,"url":"https:\/\/ihedn.fr\/wp-content\/uploads\/2025\/03\/Clotilde-bomont.png","type":"image\/png"}],"author":"tanguy.morel@ihedn.fr","twitter_card":"summary_large_image","twitter_title":"L\u2019article de Clotilde B\u00f4mont sur le cloud d\u00e9fense, prim\u00e9 par l\u2019IHEDN, est publi\u00e9","twitter_description":"Il y a presque un an, Clotilde B\u00f4mont, chercheuse en g\u00e9opolitique des technologies num\u00e9riques, se voyait d\u00e9cerner par l'IHEDN le premier prix dans la cat\u00e9gorie \"th\u00e8ses\" des prix scientifiques 2024 pour son travail de recherche sur la g\u00e9opolitique du cloud d\u00e9fense fran\u00e7ais. Aujourd\u2019hui, un article issu de sa th\u00e8se est accessible au grand public.","twitter_image":"https:\/\/ihedn.fr\/wp-content\/uploads\/2025\/03\/Clotilde-bomont.png","twitter_creator":"@IHEDN","twitter_site":"@IHEDN","twitter_misc":{"Written by":"tanguy.morel@ihedn.fr","Estimated reading time":"2 minutes"},"schema":{"@context":"https:\/\/schema.org","@graph":[{"@type":"Article","@id":"https:\/\/ihedn.fr\/notre-actualite\/larticle-de-clotilde-bomont-sur-le-cloud-defense-prime-par-lihedn-est-publie\/#article","isPartOf":{"@id":"https:\/\/ihedn.fr\/notre-actualite\/larticle-de-clotilde-bomont-sur-le-cloud-defense-prime-par-lihedn-est-publie\/"},"author":{"name":"tanguy.morel@ihedn.fr","@id":"https:\/\/ihedn.fr\/#\/schema\/person\/ed217a37104b27a246b200e65b827cc7"},"headline":"L\u2019article de Clotilde B\u00f4mont sur le cloud d\u00e9fense, prim\u00e9 par l\u2019IHEDN, est publi\u00e9","datePublished":"2025-03-07T16:05:21+00:00","dateModified":"2025-03-07T16:12:16+00:00","mainEntityOfPage":{"@id":"https:\/\/ihedn.fr\/notre-actualite\/larticle-de-clotilde-bomont-sur-le-cloud-defense-prime-par-lihedn-est-publie\/"},"wordCount":225,"publisher":{"@id":"https:\/\/ihedn.fr\/#organization"},"image":{"@id":"https:\/\/ihedn.fr\/notre-actualite\/larticle-de-clotilde-bomont-sur-le-cloud-defense-prime-par-lihedn-est-publie\/#primaryimage"},"thumbnailUrl":"https:\/\/ihedn.fr\/wp-content\/uploads\/2025\/03\/Clotilde-bomont.png","articleSection":["Notre actualit\u00e9"],"inLanguage":"en-GB"},{"@type":"WebPage","@id":"https:\/\/ihedn.fr\/notre-actualite\/larticle-de-clotilde-bomont-sur-le-cloud-defense-prime-par-lihedn-est-publie\/","url":"https:\/\/ihedn.fr\/notre-actualite\/larticle-de-clotilde-bomont-sur-le-cloud-defense-prime-par-lihedn-est-publie\/","name":"Clotilde B\u00f4mont's article on cloud defence, which won an IHEDN award, is published - L'IHEDN : Institut des hautes \u00e9tudes de d\u00e9fense nationale (French Institute for Higher National Defence Studies)","isPartOf":{"@id":"https:\/\/ihedn.fr\/#website"},"primaryImageOfPage":{"@id":"https:\/\/ihedn.fr\/notre-actualite\/larticle-de-clotilde-bomont-sur-le-cloud-defense-prime-par-lihedn-est-publie\/#primaryimage"},"image":{"@id":"https:\/\/ihedn.fr\/notre-actualite\/larticle-de-clotilde-bomont-sur-le-cloud-defense-prime-par-lihedn-est-publie\/#primaryimage"},"thumbnailUrl":"https:\/\/ihedn.fr\/wp-content\/uploads\/2025\/03\/Clotilde-bomont.png","datePublished":"2025-03-07T16:05:21+00:00","dateModified":"2025-03-07T16:12:16+00:00","description":"Almost a year ago, Clotilde B\u00f4mont, a researcher in the geopolitics of digital technologies, was awarded first prize in the 'theses' category of the IHEDN 2024 science prizes for her research into the geopolitics of the French cloud defence system. An article from his thesis is now available to the general public.","breadcrumb":{"@id":"https:\/\/ihedn.fr\/notre-actualite\/larticle-de-clotilde-bomont-sur-le-cloud-defense-prime-par-lihedn-est-publie\/#breadcrumb"},"inLanguage":"en-GB","potentialAction":[{"@type":"ReadAction","target":["https:\/\/ihedn.fr\/notre-actualite\/larticle-de-clotilde-bomont-sur-le-cloud-defense-prime-par-lihedn-est-publie\/"]}]},{"@type":"ImageObject","inLanguage":"en-GB","@id":"https:\/\/ihedn.fr\/notre-actualite\/larticle-de-clotilde-bomont-sur-le-cloud-defense-prime-par-lihedn-est-publie\/#primaryimage","url":"https:\/\/ihedn.fr\/wp-content\/uploads\/2025\/03\/Clotilde-bomont.png","contentUrl":"https:\/\/ihedn.fr\/wp-content\/uploads\/2025\/03\/Clotilde-bomont.png","width":1920,"height":960},{"@type":"BreadcrumbList","@id":"https:\/\/ihedn.fr\/notre-actualite\/larticle-de-clotilde-bomont-sur-le-cloud-defense-prime-par-lihedn-est-publie\/#breadcrumb","itemListElement":[{"@type":"ListItem","position":1,"name":"Accueil","item":"https:\/\/ihedn.fr\/"},{"@type":"ListItem","position":2,"name":"L\u2019article de Clotilde B\u00f4mont sur le cloud d\u00e9fense, prim\u00e9 par l\u2019IHEDN, est publi\u00e9"}]},{"@type":"WebSite","@id":"https:\/\/ihedn.fr\/#website","url":"https:\/\/ihedn.fr\/","name":"IHEDN: Institut des hautes \u00e9tudes de d\u00e9fense nationale (Institute for Higher National Defence Studies)","description":"Official website of the IHEDN under the supervision of the Prime Minister.","publisher":{"@id":"https:\/\/ihedn.fr\/#organization"},"potentialAction":[{"@type":"SearchAction","target":{"@type":"EntryPoint","urlTemplate":"https:\/\/ihedn.fr\/?s={search_term_string}"},"query-input":{"@type":"PropertyValueSpecification","valueRequired":true,"valueName":"search_term_string"}}],"inLanguage":"en-GB"},{"@type":"Organization","@id":"https:\/\/ihedn.fr\/#organization","name":"IHEDN - Institute for Higher National Defence Studies","url":"https:\/\/ihedn.fr\/","logo":{"@type":"ImageObject","inLanguage":"en-GB","@id":"https:\/\/ihedn.fr\/#\/schema\/logo\/image\/","url":"https:\/\/ihedn.fr\/wp-content\/uploads\/2020\/11\/BLOC_RF_IHEDN_WEB.png","contentUrl":"https:\/\/ihedn.fr\/wp-content\/uploads\/2020\/11\/BLOC_RF_IHEDN_WEB.png","width":500,"height":237,"caption":"IHEDN - Institut des Hautes Etudes de D\u00e9fense Nationale"},"image":{"@id":"https:\/\/ihedn.fr\/#\/schema\/logo\/image\/"},"sameAs":["https:\/\/www.facebook.com\/ihedn\/","https:\/\/x.com\/IHEDN","https:\/\/www.instagram.com\/ihedn\/","https:\/\/www.linkedin.com\/school\/ihedn\/","https:\/\/fr.wikipedia.org\/wiki\/Institut_des_hautes_\u00e9tudes_de_D\u00e9fense_nationale"]},{"@type":"Person","@id":"https:\/\/ihedn.fr\/#\/schema\/person\/ed217a37104b27a246b200e65b827cc7","name":"tanguy.morel@ihedn.fr","image":{"@type":"ImageObject","inLanguage":"en-GB","@id":"https:\/\/secure.gravatar.com\/avatar\/36877cd30919fafddf1f9da45f4154aa468a64328452f2ceaff0968772207348?s=96&d=mm&r=g","url":"https:\/\/secure.gravatar.com\/avatar\/36877cd30919fafddf1f9da45f4154aa468a64328452f2ceaff0968772207348?s=96&d=mm&r=g","contentUrl":"https:\/\/secure.gravatar.com\/avatar\/36877cd30919fafddf1f9da45f4154aa468a64328452f2ceaff0968772207348?s=96&d=mm&r=g","caption":"tanguy.morel@ihedn.fr"},"url":"https:\/\/ihedn.fr\/en\/author\/tanguy-morelihedn-fr\/"}]}},"publishpress_future_action":{"enabled":false,"date":"2026-05-08 22:03:50","action":"change-status","newStatus":"draft","terms":[],"taxonomy":"category","extraData":[]},"publishpress_future_workflow_manual_trigger":{"enabledWorkflows":[]},"_links":{"self":[{"href":"https:\/\/ihedn.fr\/en\/wp-json\/wp\/v2\/posts\/53047","targetHints":{"allow":["GET"]}}],"collection":[{"href":"https:\/\/ihedn.fr\/en\/wp-json\/wp\/v2\/posts"}],"about":[{"href":"https:\/\/ihedn.fr\/en\/wp-json\/wp\/v2\/types\/post"}],"author":[{"embeddable":true,"href":"https:\/\/ihedn.fr\/en\/wp-json\/wp\/v2\/users\/10"}],"replies":[{"embeddable":true,"href":"https:\/\/ihedn.fr\/en\/wp-json\/wp\/v2\/comments?post=53047"}],"version-history":[{"count":18,"href":"https:\/\/ihedn.fr\/en\/wp-json\/wp\/v2\/posts\/53047\/revisions"}],"predecessor-version":[{"id":53068,"href":"https:\/\/ihedn.fr\/en\/wp-json\/wp\/v2\/posts\/53047\/revisions\/53068"}],"wp:featuredmedia":[{"embeddable":true,"href":"https:\/\/ihedn.fr\/en\/wp-json\/wp\/v2\/media\/53054"}],"wp:attachment":[{"href":"https:\/\/ihedn.fr\/en\/wp-json\/wp\/v2\/media?parent=53047"}],"wp:term":[{"taxonomy":"category","embeddable":true,"href":"https:\/\/ihedn.fr\/en\/wp-json\/wp\/v2\/categories?post=53047"},{"taxonomy":"post_tag","embeddable":true,"href":"https:\/\/ihedn.fr\/en\/wp-json\/wp\/v2\/tags?post=53047"}],"curies":[{"name":"wp","href":"https:\/\/api.w.org\/{rel}","templated":true}]}}