{"id":53122,"date":"2025-03-13T16:02:16","date_gmt":"2025-03-13T15:02:16","guid":{"rendered":"https:\/\/ihedn.fr\/?p=53122"},"modified":"2025-04-09T10:50:00","modified_gmt":"2025-04-09T09:50:00","slug":"chef-de-la-majeure-enjeux-et-strategies-maritimes-de-la-session-nationale","status":"publish","type":"post","link":"https:\/\/ihedn.fr\/en\/uncategorized\/chef-de-la-majeure-enjeux-et-strategies-maritimes-de-la-session-nationale\/","title":{"rendered":"Head of the \"Maritime Issues and Strategies\" major at the National Session"},"content":{"rendered":"<div data-elementor-type=\"wp-post\" data-elementor-id=\"53122\" class=\"elementor elementor-53122\" data-elementor-post-type=\"post\">\n\t\t\t\t\t\t<section data-particle_enable=\"false\" data-particle-mobile-disabled=\"false\" class=\"elementor-section elementor-top-section elementor-element elementor-element-6ea6952 elementor-section-boxed elementor-section-height-default elementor-section-height-default\" data-id=\"6ea6952\" data-element_type=\"section\" data-e-type=\"section\">\n\t\t\t\t\t\t<div class=\"elementor-container elementor-column-gap-default\">\n\t\t\t\t\t<div class=\"elementor-column elementor-col-50 elementor-top-column elementor-element elementor-element-9670f27 elementor-hidden-tablet elementor-hidden-mobile\" data-id=\"9670f27\" data-element_type=\"column\" data-e-type=\"column\">\n\t\t\t<div class=\"elementor-widget-wrap elementor-element-populated\">\n\t\t\t\t\t\t<div class=\"elementor-element elementor-element-3597fd9 elementor-align-left elementor-widget__width-initial elementor-fixed elementor-hidden-mobile elementor-widget elementor-widget-button\" data-id=\"3597fd9\" data-element_type=\"widget\" data-e-type=\"widget\" data-settings=\"{&quot;_position&quot;:&quot;fixed&quot;}\" data-widget_type=\"button.default\">\n\t\t\t\t<div class=\"elementor-widget-container\">\n\t\t\t\t\t\t\t\t\t<div class=\"elementor-button-wrapper\">\n\t\t\t\t\t<a class=\"elementor-button elementor-button-link elementor-size-xs\" href=\"#qui\">\n\t\t\t\t\t\t<span class=\"elementor-button-content-wrapper\">\n\t\t\t\t\t\t\t\t\t<span class=\"elementor-button-text\">Who are we?<\/span>\n\t\t\t\t\t<\/span>\n\t\t\t\t\t<\/a>\n\t\t\t\t<\/div>\n\t\t\t\t\t\t\t\t<\/div>\n\t\t\t\t<\/div>\n\t\t\t\t<div class=\"elementor-element elementor-element-7c7e73b elementor-widget__width-initial elementor-fixed elementor-hidden-mobile elementor-widget elementor-widget-button\" data-id=\"7c7e73b\" data-element_type=\"widget\" data-e-type=\"widget\" data-settings=\"{&quot;_position&quot;:&quot;fixed&quot;}\" data-widget_type=\"button.default\">\n\t\t\t\t<div class=\"elementor-widget-container\">\n\t\t\t\t\t\t\t\t\t<div class=\"elementor-button-wrapper\">\n\t\t\t\t\t<a class=\"elementor-button elementor-button-link elementor-size-xs\" href=\"#profil\">\n\t\t\t\t\t\t<span class=\"elementor-button-content-wrapper\">\n\t\t\t\t\t\t\t\t\t<span class=\"elementor-button-text\">Profile required<\/span>\n\t\t\t\t\t<\/span>\n\t\t\t\t\t<\/a>\n\t\t\t\t<\/div>\n\t\t\t\t\t\t\t\t<\/div>\n\t\t\t\t<\/div>\n\t\t\t\t<div class=\"elementor-element elementor-element-4d081c0 elementor-align-left elementor-widget__width-initial elementor-fixed elementor-hidden-mobile elementor-widget elementor-widget-button\" data-id=\"4d081c0\" data-element_type=\"widget\" data-e-type=\"widget\" data-settings=\"{&quot;_position&quot;:&quot;fixed&quot;}\" data-widget_type=\"button.default\">\n\t\t\t\t<div class=\"elementor-widget-container\">\n\t\t\t\t\t\t\t\t\t<div class=\"elementor-button-wrapper\">\n\t\t\t\t\t<a class=\"elementor-button elementor-button-link elementor-size-xs\" href=\"#descriptif\">\n\t\t\t\t\t\t<span class=\"elementor-button-content-wrapper\">\n\t\t\t\t\t\t\t\t\t<span class=\"elementor-button-text\">Job description<\/span>\n\t\t\t\t\t<\/span>\n\t\t\t\t\t<\/a>\n\t\t\t\t<\/div>\n\t\t\t\t\t\t\t\t<\/div>\n\t\t\t\t<\/div>\n\t\t\t\t\t<\/div>\n\t\t<\/div>\n\t\t\t\t<div class=\"elementor-column elementor-col-50 elementor-top-column elementor-element elementor-element-1e0d285\" data-id=\"1e0d285\" data-element_type=\"column\" data-e-type=\"column\">\n\t\t\t<div class=\"elementor-widget-wrap elementor-element-populated\">\n\t\t\t\t\t\t<section data-particle_enable=\"false\" data-particle-mobile-disabled=\"false\" class=\"elementor-section elementor-inner-section elementor-element elementor-element-bb1b65d elementor-section-boxed elementor-section-height-default elementor-section-height-default\" data-id=\"bb1b65d\" data-element_type=\"section\" data-e-type=\"section\">\n\t\t\t\t\t\t<div class=\"elementor-container elementor-column-gap-default\">\n\t\t\t\t\t<div class=\"elementor-column elementor-col-100 elementor-inner-column elementor-element elementor-element-acc95e1\" data-id=\"acc95e1\" data-element_type=\"column\" data-e-type=\"column\">\n\t\t\t<div class=\"elementor-widget-wrap elementor-element-populated\">\n\t\t\t\t\t\t<div class=\"elementor-element elementor-element-5e65e29 elementor-widget elementor-widget-menu-anchor\" data-id=\"5e65e29\" data-element_type=\"widget\" data-e-type=\"widget\" data-widget_type=\"menu-anchor.default\">\n\t\t\t\t<div class=\"elementor-widget-container\">\n\t\t\t\t\t\t\t<div class=\"elementor-menu-anchor\" id=\"qui\"><\/div>\n\t\t\t\t\t\t<\/div>\n\t\t\t\t<\/div>\n\t\t\t\t<div class=\"elementor-element elementor-element-cb659a7 elementor-widget elementor-widget-heading\" data-id=\"cb659a7\" data-element_type=\"widget\" data-e-type=\"widget\" data-widget_type=\"heading.default\">\n\t\t\t\t<div class=\"elementor-widget-container\">\n\t\t\t\t\t<h2 class=\"elementor-heading-title elementor-size-default\">Who are we?<\/h2>\t\t\t\t<\/div>\n\t\t\t\t<\/div>\n\t\t\t\t<div class=\"elementor-element elementor-element-ccb2d8b elementor-hidden-tablet elementor-widget-divider--view-line elementor-invisible elementor-widget elementor-widget-divider\" data-id=\"ccb2d8b\" data-element_type=\"widget\" data-e-type=\"widget\" data-settings=\"{&quot;_animation&quot;:&quot;fadeInUp&quot;,&quot;_animation_delay&quot;:100}\" data-widget_type=\"divider.default\">\n\t\t\t\t<div class=\"elementor-widget-container\">\n\t\t\t\t\t\t\t<div class=\"elementor-divider\">\n\t\t\t<span class=\"elementor-divider-separator\">\n\t\t\t\t\t\t<\/span>\n\t\t<\/div>\n\t\t\t\t\t\t<\/div>\n\t\t\t\t<\/div>\n\t\t\t\t\t<\/div>\n\t\t<\/div>\n\t\t\t\t\t<\/div>\n\t\t<\/section>\n\t\t\t\t<div class=\"elementor-element elementor-element-a646e94 elementor-widget elementor-widget-text-editor\" data-id=\"a646e94\" data-element_type=\"widget\" data-e-type=\"widget\" data-widget_type=\"text-editor.default\">\n\t\t\t\t<div class=\"elementor-widget-container\">\n\t\t\t\t\t\t\t\t\t<div class=\"field__item\"><div class=\"text-clamp--text\"><div class=\"fr-col-12 fr-col-md-10 fr-col-lg-5 fr-col-offset-md-1\"><div data-module=\"components\/clamp\"><div class=\"text-clamp--text\"><div class=\"text-clamp--text\"><p style=\"text-align: left;\"><strong>Institute for Advanced Studies in National Defence<\/strong><\/p><p style=\"text-align: left;\">The Institut des hautes \u00e9tudes de d\u00e9fense nationale (IHEDN) is a national public administrative body under the supervision of the Prime Minister and, more specifically, of the Secr\u00e9tariat g\u00e9n\u00e9ral \u00e0 la d\u00e9fense et \u00e0 la s\u00e9curit\u00e9 nationale (SGDSN).<\/p><p style=\"text-align: left;\">The Institut des hautes \u00e9tudes de d\u00e9fense nationale (IHEDN) prepares leaders from all spheres of activity to assume the highest responsibilities by developing their understanding of national defence and security issues, their knowledge of related public policies, their perception of the interplay of players involved in their implementation, and their aptitude for strategic thinking. The training provided as part of the national session is designed to enable all students to grasp from the outset the cross-sectoral, interdisciplinary, interministerial, European and international dimensions of defence and security issues through a common foundation and in-depth study of 5 major areas (Armament and the Defence Economy, Economic Defence and Security, Maritime Issues and Strategies, Defence Policy, Digital Sovereignty and Cybersecurity).<\/p><\/div><div id=\"id-64954bf4869dd\" class=\"text-clamp--hiddentext fr-mt-2w\" tabindex=\"-1\"><p style=\"text-align: left;\">The IHEDN, working to build and disseminate a common defence culture, helps to forge lasting links between senior public and private, civilian and military officials.<\/p><\/div><\/div><\/div><\/div><\/div><\/div>\t\t\t\t\t\t\t\t<\/div>\n\t\t\t\t<\/div>\n\t\t\t\t<div class=\"elementor-element elementor-element-888133c elementor-widget elementor-widget-menu-anchor\" data-id=\"888133c\" data-element_type=\"widget\" data-e-type=\"widget\" data-widget_type=\"menu-anchor.default\">\n\t\t\t\t<div class=\"elementor-widget-container\">\n\t\t\t\t\t\t\t<div class=\"elementor-menu-anchor\" id=\"descriptif\"><\/div>\n\t\t\t\t\t\t<\/div>\n\t\t\t\t<\/div>\n\t\t\t\t<div class=\"elementor-element elementor-element-ae4f050 elementor-widget elementor-widget-heading\" data-id=\"ae4f050\" data-element_type=\"widget\" data-e-type=\"widget\" data-widget_type=\"heading.default\">\n\t\t\t\t<div class=\"elementor-widget-container\">\n\t\t\t\t\t<h2 class=\"elementor-heading-title elementor-size-default\">Job description<\/h2>\t\t\t\t<\/div>\n\t\t\t\t<\/div>\n\t\t\t\t<div class=\"elementor-element elementor-element-4d2d98d elementor-hidden-tablet elementor-widget-divider--view-line elementor-invisible elementor-widget elementor-widget-divider\" data-id=\"4d2d98d\" data-element_type=\"widget\" data-e-type=\"widget\" data-settings=\"{&quot;_animation&quot;:&quot;fadeInUp&quot;,&quot;_animation_delay&quot;:100}\" data-widget_type=\"divider.default\">\n\t\t\t\t<div class=\"elementor-widget-container\">\n\t\t\t\t\t\t\t<div class=\"elementor-divider\">\n\t\t\t<span class=\"elementor-divider-separator\">\n\t\t\t\t\t\t<\/span>\n\t\t<\/div>\n\t\t\t\t\t\t<\/div>\n\t\t\t\t<\/div>\n\t\t\t\t<div class=\"elementor-element elementor-element-05cc77c elementor-widget elementor-widget-text-editor\" data-id=\"05cc77c\" data-element_type=\"widget\" data-e-type=\"widget\" data-widget_type=\"text-editor.default\">\n\t\t\t\t<div class=\"elementor-widget-container\">\n\t\t\t\t\t\t\t\t\t<div class=\"text-clamp--text fr-mb-3w\"><p><strong>Under the authority of the Head of the DSN Department, the Head of the Maritime Issues and Strategies Major (ESM), a high-level expert in the field, is responsible to the Director of IHEDN for designing and running the Major within the framework and according to the general guidelines adopted for the national session. He is supported in this by the DER and DEAI departments.\u00a0<\/strong><\/p><p>He directly supervises the operational manager, who in turn supervises a project manager. He or she also supervises the person in charge of pedagogical follow-up for his or her major. All of these staff are category A civil servants (under contract or civil servant) or military personnel.<\/p><\/div><div id=\"id-67d2f2cf1b656\" class=\"text-clamp--hiddentext fr-mb-0\" tabindex=\"-1\"><p>In particular, it is responsible for :<\/p><ul><li>the general organisation of the major,<\/li><li>forecasting and budget management for the major,<\/li><li>under the authority of the Deputy Director of the Institute, the administrative recruitment process for auditors in the major,<\/li><li>in collaboration with the Department of Europe and International Affairs (DEAI), the design and conduct of the major's overseas assignments.<\/li><\/ul><p>Working on behalf of the DSN department and in conjunction with the head of department and the other heads of major, he or she contributes to the design and running of the national session in which the Maritime Issues and Strategies major is included, and more specifically to the activities making up the common core.<\/p><p><strong>Design of the major<\/strong><\/p><p>The head of the major, with the support of the educational supervisor, submits to the IHEDN Steering Committee the main principles for the year's theme, based on discussions with the Institute's Scientific Council.<\/p><p>The head of the major establishes with his project team :<\/p><ul><li>proposals for travel in France in line with the teaching modules in the major and the annual theme;<\/li><li>proposals for missions abroad whose diplomatic feasibility will be examined by the Department of Europe and International Affairs (DEAI);<\/li><li>proposals for topics for committee work, after consulting the main prescribers of the major concerned and the IHEDN Development Council.\u00a0\u00a0\u00a0\u00a0\u00a0\u00a0\u00a0\u00a0\u00a0<\/li><\/ul><p>On this basis, the head of the major presents the programme for the major and its financial sustainability to the IHEDN Management Committee, in accordance with the budgetary framework set by the head of the National Session department.<\/p><p>The project is then presented to the ad hoc steering committee for the major.<\/p><p><span style=\"text-decoration: underline;\"><strong>Expected skills :<\/strong><\/span><\/p><div class=\"text-clamp--text\"><p><strong>Human resources<\/strong><\/p><p>The major's manager is involved in recruiting the members of his project team (operational manager, educational supervisor, project managers and trainees).<\/p><p>The head of the major supervises the recruitment of committee managers and expert advisers to assist the auditors.\u00a0<\/p><p><strong>Other activities<\/strong><\/p><p>The head of the major must control information about his major (recruitment and management phase).<\/p><\/div><div id=\"id-67d2f2cf1b743\" class=\"text-clamp--hiddentext\" tabindex=\"-1\"><p>It assists in the selection of auditors in its major, within the framework of the guidelines and under the authority of the Deputy Director, who is responsible for the recruitment process.<\/p><p>As a high-level expert in the field, he helps to recruit qualified individuals for training courses and assists with travel arrangements.<\/p><p>It identifies and anticipates trends in the fields covered by this training.<\/p><p>It is involved in the certification aspects of training courses in conjunction with the Studies and Research Department.<\/p><p>Based on the guidelines set by the IHEDN Management Committee and in liaison with the Institutional Relations and Communication Department (DRIC) and the Head of the DSN Department, it contributes to exchanges with former auditors' associations.<\/p><\/div><\/div>\t\t\t\t\t\t\t\t<\/div>\n\t\t\t\t<\/div>\n\t\t\t\t<div class=\"elementor-element elementor-element-93ab79b elementor-widget elementor-widget-menu-anchor\" data-id=\"93ab79b\" data-element_type=\"widget\" data-e-type=\"widget\" data-widget_type=\"menu-anchor.default\">\n\t\t\t\t<div class=\"elementor-widget-container\">\n\t\t\t\t\t\t\t<div class=\"elementor-menu-anchor\" id=\"profil\"><\/div>\n\t\t\t\t\t\t<\/div>\n\t\t\t\t<\/div>\n\t\t\t\t<div class=\"elementor-element elementor-element-995ed81 elementor-widget elementor-widget-heading\" data-id=\"995ed81\" data-element_type=\"widget\" data-e-type=\"widget\" data-widget_type=\"heading.default\">\n\t\t\t\t<div class=\"elementor-widget-container\">\n\t\t\t\t\t<h2 class=\"elementor-heading-title elementor-size-default\">Profile required<\/h2>\t\t\t\t<\/div>\n\t\t\t\t<\/div>\n\t\t\t\t<div class=\"elementor-element elementor-element-aae46d4 elementor-hidden-tablet elementor-widget-divider--view-line elementor-invisible elementor-widget elementor-widget-divider\" data-id=\"aae46d4\" data-element_type=\"widget\" data-e-type=\"widget\" data-settings=\"{&quot;_animation&quot;:&quot;fadeInUp&quot;,&quot;_animation_delay&quot;:100}\" data-widget_type=\"divider.default\">\n\t\t\t\t<div class=\"elementor-widget-container\">\n\t\t\t\t\t\t\t<div class=\"elementor-divider\">\n\t\t\t<span class=\"elementor-divider-separator\">\n\t\t\t\t\t\t<\/span>\n\t\t<\/div>\n\t\t\t\t\t\t<\/div>\n\t\t\t\t<\/div>\n\t\t\t\t<div class=\"elementor-element elementor-element-e7c21fa elementor-widget elementor-widget-text-editor\" data-id=\"e7c21fa\" data-element_type=\"widget\" data-e-type=\"widget\" data-widget_type=\"text-editor.default\">\n\t\t\t\t<div class=\"elementor-widget-container\">\n\t\t\t\t\t\t\t\t\t<div class=\"field__item\"><div class=\"text-clamp--text\"><div data-module=\"components\/clamp\"><div class=\"text-clamp--text\"><div data-module=\"components\/clamp\"><div class=\"text-clamp--text\"><p><strong>Knowing how to be<\/strong><\/p><ul><li>Takes initiative and makes proposals,<br \/>Good interpersonal skills,<\/li><li>Organisation and method,<\/li><li>Adaptability, representativeness, diplomatic skills,<br \/>Resistance to stress.<\/li><\/ul><\/div><\/div><\/div><\/div><\/div><\/div>\t\t\t\t\t\t\t\t<\/div>\n\t\t\t\t<\/div>\n\t\t\t\t<div class=\"elementor-element elementor-element-24e171b elementor-widget elementor-widget-text-editor\" data-id=\"24e171b\" data-element_type=\"widget\" data-e-type=\"widget\" data-widget_type=\"text-editor.default\">\n\t\t\t\t<div class=\"elementor-widget-container\">\n\t\t\t\t\t\t\t\t\t<div class=\"field__item\"><div class=\"text-clamp--text\"><div data-module=\"components\/clamp\"><div class=\"text-clamp--text\"><div data-module=\"components\/clamp\"><div class=\"text-clamp--text\"><div class=\"text-clamp--text\"><p><strong>Know-how<\/strong><\/p><\/div><div id=\"id-64954bf4865b1\" class=\"text-clamp--hiddentext\" tabindex=\"-1\"><ul><li>Collect, process and distribute information,<\/li><li>Proficiency in office automation tools (including document search and monitoring software) and multimedia,<\/li><li>Working in project mode,<\/li><li>Leading a large group of auditors and authorities (50 to 100 people) in real time, sometimes in an emergency situation,<\/li><li>Design and planning skills.<\/li><\/ul><\/div><\/div><\/div><\/div><\/div><\/div><\/div>\t\t\t\t\t\t\t\t<\/div>\n\t\t\t\t<\/div>\n\t\t\t\t<div class=\"elementor-element elementor-element-ab39fb0 elementor-widget elementor-widget-text-editor\" data-id=\"ab39fb0\" data-element_type=\"widget\" data-e-type=\"widget\" data-widget_type=\"text-editor.default\">\n\t\t\t\t<div class=\"elementor-widget-container\">\n\t\t\t\t\t\t\t\t\t<div class=\"field__item\"><div class=\"text-clamp--text\"><div data-module=\"components\/clamp\"><div class=\"text-clamp--text\"><div data-module=\"components\/clamp\"><div class=\"text-clamp--text\"><div class=\"text-clamp--text\"><p><strong>Knowledge<\/strong><\/p><\/div><div id=\"id-64954bf4865b1\" class=\"text-clamp--hiddentext\" tabindex=\"-1\"><ul><li>Very good knowledge of the players, methods, tools and fundamentals involved in the major,<\/li><li>Very good knowledge of the national defence and security apparatus and of major global geopolitical issues,<\/li><li>Good command of English (spoken and written).<\/li><\/ul><\/div><\/div><\/div><\/div><\/div><\/div><\/div>\t\t\t\t\t\t\t\t<\/div>\n\t\t\t\t<\/div>\n\t\t\t\t<div class=\"elementor-element elementor-element-298372f elementor-widget elementor-widget-text-editor\" data-id=\"298372f\" data-element_type=\"widget\" data-e-type=\"widget\" data-widget_type=\"text-editor.default\">\n\t\t\t\t<div class=\"elementor-widget-container\">\n\t\t\t\t\t\t\t\t\t<p style=\"text-align: center;\">See the advert on <a href=\"https:\/\/choisirleservicepublic.gouv.fr\/offre-emploi\/ihedn-chef-de-la-majeure--enjeux-et-strategies-maritimes--de-la-session-nationale-reference-2025-1854898\/\" target=\"_blank\" rel=\"noopener\"><span style=\"color: #000091;\"><strong>the civil service portal<\/strong><\/span><\/a><\/p><p style=\"text-align: center;\">or apply to <a href=\"mailto:recrutement@ihedn.fr\">recrutement@ihedn.fr<\/a><\/p>\t\t\t\t\t\t\t\t<\/div>\n\t\t\t\t<\/div>\n\t\t\t\t\t<\/div>\n\t\t<\/div>\n\t\t\t\t\t<\/div>\n\t\t<\/section>\n\t\t\t\t<section data-particle_enable=\"false\" data-particle-mobile-disabled=\"false\" class=\"elementor-section elementor-top-section elementor-element elementor-element-9d5e9ee elementor-section-boxed elementor-section-height-default elementor-section-height-default\" data-id=\"9d5e9ee\" data-element_type=\"section\" data-e-type=\"section\">\n\t\t\t\t\t\t<div class=\"elementor-container elementor-column-gap-default\">\n\t\t\t\t\t<div class=\"elementor-column elementor-col-100 elementor-top-column elementor-element elementor-element-373a46e\" data-id=\"373a46e\" data-element_type=\"column\" data-e-type=\"column\">\n\t\t\t<div class=\"elementor-widget-wrap\">\n\t\t\t\t\t\t\t<\/div>\n\t\t<\/div>\n\t\t\t\t\t<\/div>\n\t\t<\/section>\n\t\t\t\t<\/div>","protected":false},"excerpt":{"rendered":"<p><strong>Open to permanent and contract employees<\/strong><br \/>\n<strong><span style=\"color: #000091;\">CDD : <\/span><\/strong>2 years<br \/>\n<strong><span style=\"color: #000091\">Start of contract : <\/span><\/strong>01\/08\/2025<br \/>\nApplication deadline : <strong><span style=\"color: #e1000f;\">06\/04\/2025<\/span><\/strong><\/p>","protected":false},"author":12,"featured_media":0,"comment_status":"closed","ping_status":"closed","sticky":false,"template":"","format":"standard","meta":{"footnotes":""},"categories":[1],"tags":[180],"class_list":["post-53122","post","type-post","status-publish","format-standard","hentry","category-uncategorized","tag-emploi"],"yoast_head":"<!-- This site is optimized with the Yoast SEO plugin v27.5 - https:\/\/yoast.com\/product\/yoast-seo-wordpress\/ -->\n<title>Chef de la majeure \u00ab Enjeux et strat\u00e9gies maritimes \u00bb de la Session Nationale - L&#039;IHEDN : Institut des hautes \u00e9tudes de d\u00e9fense nationale<\/title>\n<meta name=\"description\" content=\"L&#039;institut des hautes \u00e9tudes de d\u00e9fense nationale (IHEDN) recherche son ou sa futur(e) gestionnaire des ressources humaines (F\/H)\" \/>\n<meta name=\"robots\" content=\"index, follow, max-snippet:-1, max-image-preview:large, max-video-preview:-1\" \/>\n<link rel=\"canonical\" href=\"https:\/\/ihedn.fr\/en\/uncategorized\/chef-de-la-majeure-enjeux-et-strategies-maritimes-de-la-session-nationale\/\" \/>\n<meta property=\"og:locale\" content=\"en_GB\" \/>\n<meta property=\"og:type\" content=\"article\" \/>\n<meta property=\"og:title\" content=\"Chef de la majeure \u00ab Enjeux et strat\u00e9gies maritimes \u00bb de la Session Nationale\" \/>\n<meta property=\"og:description\" content=\"L&#039;institut des hautes \u00e9tudes de d\u00e9fense nationale (IHEDN) recherche son ou sa futur(e) gestionnaire des ressources humaines (F\/H)\" \/>\n<meta property=\"og:url\" content=\"https:\/\/ihedn.fr\/en\/uncategorized\/chef-de-la-majeure-enjeux-et-strategies-maritimes-de-la-session-nationale\/\" \/>\n<meta property=\"og:site_name\" content=\"L&#039;IHEDN : Institut des hautes \u00e9tudes de d\u00e9fense nationale\" \/>\n<meta property=\"article:publisher\" content=\"https:\/\/www.facebook.com\/ihedn\/\" \/>\n<meta property=\"article:published_time\" content=\"2025-03-13T15:02:16+00:00\" \/>\n<meta property=\"article:modified_time\" content=\"2025-04-09T09:50:00+00:00\" \/>\n<meta property=\"og:image\" content=\"https:\/\/ihedn.fr\/wp-content\/uploads\/2023\/02\/BANDEAU_EMPLOI.jpg\" \/>\n\t<meta property=\"og:image:width\" content=\"1104\" \/>\n\t<meta property=\"og:image:height\" content=\"625\" \/>\n\t<meta property=\"og:image:type\" content=\"image\/jpeg\" \/>\n<meta name=\"author\" content=\"Ad\u00e8le Thoumieux\" \/>\n<meta name=\"twitter:card\" content=\"summary_large_image\" \/>\n<meta name=\"twitter:title\" content=\"Chef de la majeure \u00ab Enjeux et strat\u00e9gies maritimes \u00bb de la Session Nationale\" \/>\n<meta name=\"twitter:description\" content=\"L&#039;institut des hautes \u00e9tudes de d\u00e9fense nationale (IHEDN) recherche son ou sa futur(e) gestionnaire des ressources humaines (F\/H)\" \/>\n<meta name=\"twitter:image\" content=\"https:\/\/ihedn.fr\/wp-content\/uploads\/2023\/02\/BANDEAU_EMPLOI.jpg\" \/>\n<meta name=\"twitter:creator\" content=\"@IHEDN\" \/>\n<meta name=\"twitter:site\" content=\"@IHEDN\" \/>\n<meta name=\"twitter:label1\" content=\"Written by\" \/>\n\t<meta name=\"twitter:data1\" content=\"Ad\u00e8le Thoumieux\" \/>\n\t<meta name=\"twitter:label2\" content=\"Estimated reading time\" \/>\n\t<meta name=\"twitter:data2\" content=\"5 minutes\" \/>\n<script type=\"application\/ld+json\" class=\"yoast-schema-graph\">{\"@context\":\"https:\\\/\\\/schema.org\",\"@graph\":[{\"@type\":\"Article\",\"@id\":\"https:\\\/\\\/ihedn.fr\\\/uncategorized\\\/chef-de-la-majeure-enjeux-et-strategies-maritimes-de-la-session-nationale\\\/#article\",\"isPartOf\":{\"@id\":\"https:\\\/\\\/ihedn.fr\\\/uncategorized\\\/chef-de-la-majeure-enjeux-et-strategies-maritimes-de-la-session-nationale\\\/\"},\"author\":{\"name\":\"Ad\u00e8le Thoumieux\",\"@id\":\"https:\\\/\\\/ihedn.fr\\\/#\\\/schema\\\/person\\\/16d49c2bd0121499ea9b9023ce89826c\"},\"headline\":\"Chef de la majeure \u00ab Enjeux et strat\u00e9gies maritimes \u00bb de la Session Nationale\",\"datePublished\":\"2025-03-13T15:02:16+00:00\",\"dateModified\":\"2025-04-09T09:50:00+00:00\",\"mainEntityOfPage\":{\"@id\":\"https:\\\/\\\/ihedn.fr\\\/uncategorized\\\/chef-de-la-majeure-enjeux-et-strategies-maritimes-de-la-session-nationale\\\/\"},\"wordCount\":1086,\"publisher\":{\"@id\":\"https:\\\/\\\/ihedn.fr\\\/#organization\"},\"keywords\":[\"emploi\"],\"articleSection\":[\"Uncategorized\"],\"inLanguage\":\"en-GB\"},{\"@type\":\"WebPage\",\"@id\":\"https:\\\/\\\/ihedn.fr\\\/uncategorized\\\/chef-de-la-majeure-enjeux-et-strategies-maritimes-de-la-session-nationale\\\/\",\"url\":\"https:\\\/\\\/ihedn.fr\\\/uncategorized\\\/chef-de-la-majeure-enjeux-et-strategies-maritimes-de-la-session-nationale\\\/\",\"name\":\"Chef de la majeure \u00ab Enjeux et strat\u00e9gies maritimes \u00bb de la Session Nationale - L&#039;IHEDN : Institut des hautes \u00e9tudes de d\u00e9fense nationale\",\"isPartOf\":{\"@id\":\"https:\\\/\\\/ihedn.fr\\\/#website\"},\"datePublished\":\"2025-03-13T15:02:16+00:00\",\"dateModified\":\"2025-04-09T09:50:00+00:00\",\"description\":\"L'institut des hautes \u00e9tudes de d\u00e9fense nationale (IHEDN) recherche son ou sa futur(e) gestionnaire des ressources humaines (F\\\/H)\",\"breadcrumb\":{\"@id\":\"https:\\\/\\\/ihedn.fr\\\/uncategorized\\\/chef-de-la-majeure-enjeux-et-strategies-maritimes-de-la-session-nationale\\\/#breadcrumb\"},\"inLanguage\":\"en-GB\",\"potentialAction\":[{\"@type\":\"ReadAction\",\"target\":[\"https:\\\/\\\/ihedn.fr\\\/uncategorized\\\/chef-de-la-majeure-enjeux-et-strategies-maritimes-de-la-session-nationale\\\/\"]}]},{\"@type\":\"BreadcrumbList\",\"@id\":\"https:\\\/\\\/ihedn.fr\\\/uncategorized\\\/chef-de-la-majeure-enjeux-et-strategies-maritimes-de-la-session-nationale\\\/#breadcrumb\",\"itemListElement\":[{\"@type\":\"ListItem\",\"position\":1,\"name\":\"Accueil\",\"item\":\"https:\\\/\\\/ihedn.fr\\\/\"},{\"@type\":\"ListItem\",\"position\":2,\"name\":\"Chef de la majeure \u00ab Enjeux et strat\u00e9gies maritimes \u00bb de la Session Nationale\"}]},{\"@type\":\"WebSite\",\"@id\":\"https:\\\/\\\/ihedn.fr\\\/#website\",\"url\":\"https:\\\/\\\/ihedn.fr\\\/\",\"name\":\"IHEDN : Institut des hautes \u00e9tudes de d\u00e9fense nationale |\",\"description\":\"Site officiel de l&#039;IHEDN plac\u00e9 sous la tutelle du Premier ministre.\",\"publisher\":{\"@id\":\"https:\\\/\\\/ihedn.fr\\\/#organization\"},\"potentialAction\":[{\"@type\":\"SearchAction\",\"target\":{\"@type\":\"EntryPoint\",\"urlTemplate\":\"https:\\\/\\\/ihedn.fr\\\/?s={search_term_string}\"},\"query-input\":{\"@type\":\"PropertyValueSpecification\",\"valueRequired\":true,\"valueName\":\"search_term_string\"}}],\"inLanguage\":\"en-GB\"},{\"@type\":\"Organization\",\"@id\":\"https:\\\/\\\/ihedn.fr\\\/#organization\",\"name\":\"IHEDN - Institut des Hautes Etudes de D\u00e9fense Nationale\",\"url\":\"https:\\\/\\\/ihedn.fr\\\/\",\"logo\":{\"@type\":\"ImageObject\",\"inLanguage\":\"en-GB\",\"@id\":\"https:\\\/\\\/ihedn.fr\\\/#\\\/schema\\\/logo\\\/image\\\/\",\"url\":\"https:\\\/\\\/ihedn.fr\\\/wp-content\\\/uploads\\\/2020\\\/11\\\/BLOC_RF_IHEDN_WEB.png\",\"contentUrl\":\"https:\\\/\\\/ihedn.fr\\\/wp-content\\\/uploads\\\/2020\\\/11\\\/BLOC_RF_IHEDN_WEB.png\",\"width\":500,\"height\":237,\"caption\":\"IHEDN - Institut des Hautes Etudes de D\u00e9fense Nationale\"},\"image\":{\"@id\":\"https:\\\/\\\/ihedn.fr\\\/#\\\/schema\\\/logo\\\/image\\\/\"},\"sameAs\":[\"https:\\\/\\\/www.facebook.com\\\/ihedn\\\/\",\"https:\\\/\\\/x.com\\\/IHEDN\",\"https:\\\/\\\/www.instagram.com\\\/ihedn\\\/\",\"https:\\\/\\\/www.linkedin.com\\\/school\\\/ihedn\\\/\",\"https:\\\/\\\/fr.wikipedia.org\\\/wiki\\\/Institut_des_hautes_\u00e9tudes_de_D\u00e9fense_nationale\"]},{\"@type\":\"Person\",\"@id\":\"https:\\\/\\\/ihedn.fr\\\/#\\\/schema\\\/person\\\/16d49c2bd0121499ea9b9023ce89826c\",\"name\":\"Ad\u00e8le Thoumieux\",\"image\":{\"@type\":\"ImageObject\",\"inLanguage\":\"en-GB\",\"@id\":\"https:\\\/\\\/secure.gravatar.com\\\/avatar\\\/64fc58d14679bdd185946349bcb229b06e37d30d6290c2bec15f1daa8f8e0ece?s=96&d=mm&r=g\",\"url\":\"https:\\\/\\\/secure.gravatar.com\\\/avatar\\\/64fc58d14679bdd185946349bcb229b06e37d30d6290c2bec15f1daa8f8e0ece?s=96&d=mm&r=g\",\"contentUrl\":\"https:\\\/\\\/secure.gravatar.com\\\/avatar\\\/64fc58d14679bdd185946349bcb229b06e37d30d6290c2bec15f1daa8f8e0ece?s=96&d=mm&r=g\",\"caption\":\"Ad\u00e8le Thoumieux\"},\"sameAs\":[\"http:\\\/\\\/ihedn.fr\"],\"url\":\"https:\\\/\\\/ihedn.fr\\\/en\\\/author\\\/thoumieux\\\/\"}]}<\/script>\n<!-- \/ Yoast SEO plugin. -->","yoast_head_json":{"title":"Head of the \"Maritime Issues and Strategies\" major at the National Session - L'IHEDN: Institut des hautes \u00e9tudes de d\u00e9fense nationale (Institute for Advanced Studies in National Defence)","description":"The Institut des hautes \u00e9tudes de d\u00e9fense nationale (IHEDN) is looking for its future human resources manager (F\/H)","robots":{"index":"index","follow":"follow","max-snippet":"max-snippet:-1","max-image-preview":"max-image-preview:large","max-video-preview":"max-video-preview:-1"},"canonical":"https:\/\/ihedn.fr\/en\/uncategorized\/chef-de-la-majeure-enjeux-et-strategies-maritimes-de-la-session-nationale\/","og_locale":"en_GB","og_type":"article","og_title":"Chef de la majeure \u00ab Enjeux et strat\u00e9gies maritimes \u00bb de la Session Nationale","og_description":"L'institut des hautes \u00e9tudes de d\u00e9fense nationale (IHEDN) recherche son ou sa futur(e) gestionnaire des ressources humaines (F\/H)","og_url":"https:\/\/ihedn.fr\/en\/uncategorized\/chef-de-la-majeure-enjeux-et-strategies-maritimes-de-la-session-nationale\/","og_site_name":"L&#039;IHEDN : Institut des hautes \u00e9tudes de d\u00e9fense nationale","article_publisher":"https:\/\/www.facebook.com\/ihedn\/","article_published_time":"2025-03-13T15:02:16+00:00","article_modified_time":"2025-04-09T09:50:00+00:00","og_image":[{"width":1104,"height":625,"url":"https:\/\/ihedn.fr\/wp-content\/uploads\/2023\/02\/BANDEAU_EMPLOI.jpg","type":"image\/jpeg"}],"author":"Ad\u00e8le Thoumieux","twitter_card":"summary_large_image","twitter_title":"Chef de la majeure \u00ab Enjeux et strat\u00e9gies maritimes \u00bb de la Session Nationale","twitter_description":"L'institut des hautes \u00e9tudes de d\u00e9fense nationale (IHEDN) recherche son ou sa futur(e) gestionnaire des ressources humaines (F\/H)","twitter_image":"https:\/\/ihedn.fr\/wp-content\/uploads\/2023\/02\/BANDEAU_EMPLOI.jpg","twitter_creator":"@IHEDN","twitter_site":"@IHEDN","twitter_misc":{"Written by":"Ad\u00e8le Thoumieux","Estimated reading time":"5 minutes"},"schema":{"@context":"https:\/\/schema.org","@graph":[{"@type":"Article","@id":"https:\/\/ihedn.fr\/uncategorized\/chef-de-la-majeure-enjeux-et-strategies-maritimes-de-la-session-nationale\/#article","isPartOf":{"@id":"https:\/\/ihedn.fr\/uncategorized\/chef-de-la-majeure-enjeux-et-strategies-maritimes-de-la-session-nationale\/"},"author":{"name":"Ad\u00e8le Thoumieux","@id":"https:\/\/ihedn.fr\/#\/schema\/person\/16d49c2bd0121499ea9b9023ce89826c"},"headline":"Chef de la majeure \u00ab Enjeux et strat\u00e9gies maritimes \u00bb de la Session Nationale","datePublished":"2025-03-13T15:02:16+00:00","dateModified":"2025-04-09T09:50:00+00:00","mainEntityOfPage":{"@id":"https:\/\/ihedn.fr\/uncategorized\/chef-de-la-majeure-enjeux-et-strategies-maritimes-de-la-session-nationale\/"},"wordCount":1086,"publisher":{"@id":"https:\/\/ihedn.fr\/#organization"},"keywords":["emploi"],"articleSection":["Uncategorized"],"inLanguage":"en-GB"},{"@type":"WebPage","@id":"https:\/\/ihedn.fr\/uncategorized\/chef-de-la-majeure-enjeux-et-strategies-maritimes-de-la-session-nationale\/","url":"https:\/\/ihedn.fr\/uncategorized\/chef-de-la-majeure-enjeux-et-strategies-maritimes-de-la-session-nationale\/","name":"Head of the \"Maritime Issues and Strategies\" major at the National Session - L'IHEDN: Institut des hautes \u00e9tudes de d\u00e9fense nationale (Institute for Advanced Studies in National Defence)","isPartOf":{"@id":"https:\/\/ihedn.fr\/#website"},"datePublished":"2025-03-13T15:02:16+00:00","dateModified":"2025-04-09T09:50:00+00:00","description":"The Institut des hautes \u00e9tudes de d\u00e9fense nationale (IHEDN) is looking for its future human resources manager (F\/H)","breadcrumb":{"@id":"https:\/\/ihedn.fr\/uncategorized\/chef-de-la-majeure-enjeux-et-strategies-maritimes-de-la-session-nationale\/#breadcrumb"},"inLanguage":"en-GB","potentialAction":[{"@type":"ReadAction","target":["https:\/\/ihedn.fr\/uncategorized\/chef-de-la-majeure-enjeux-et-strategies-maritimes-de-la-session-nationale\/"]}]},{"@type":"BreadcrumbList","@id":"https:\/\/ihedn.fr\/uncategorized\/chef-de-la-majeure-enjeux-et-strategies-maritimes-de-la-session-nationale\/#breadcrumb","itemListElement":[{"@type":"ListItem","position":1,"name":"Accueil","item":"https:\/\/ihedn.fr\/"},{"@type":"ListItem","position":2,"name":"Chef de la majeure \u00ab Enjeux et strat\u00e9gies maritimes \u00bb de la Session Nationale"}]},{"@type":"WebSite","@id":"https:\/\/ihedn.fr\/#website","url":"https:\/\/ihedn.fr\/","name":"IHEDN: Institut des hautes \u00e9tudes de d\u00e9fense nationale (Institute for Higher National Defence Studies)","description":"Official website of the IHEDN under the supervision of the Prime Minister.","publisher":{"@id":"https:\/\/ihedn.fr\/#organization"},"potentialAction":[{"@type":"SearchAction","target":{"@type":"EntryPoint","urlTemplate":"https:\/\/ihedn.fr\/?s={search_term_string}"},"query-input":{"@type":"PropertyValueSpecification","valueRequired":true,"valueName":"search_term_string"}}],"inLanguage":"en-GB"},{"@type":"Organization","@id":"https:\/\/ihedn.fr\/#organization","name":"IHEDN - Institute for Higher National Defence Studies","url":"https:\/\/ihedn.fr\/","logo":{"@type":"ImageObject","inLanguage":"en-GB","@id":"https:\/\/ihedn.fr\/#\/schema\/logo\/image\/","url":"https:\/\/ihedn.fr\/wp-content\/uploads\/2020\/11\/BLOC_RF_IHEDN_WEB.png","contentUrl":"https:\/\/ihedn.fr\/wp-content\/uploads\/2020\/11\/BLOC_RF_IHEDN_WEB.png","width":500,"height":237,"caption":"IHEDN - Institut des Hautes Etudes de D\u00e9fense Nationale"},"image":{"@id":"https:\/\/ihedn.fr\/#\/schema\/logo\/image\/"},"sameAs":["https:\/\/www.facebook.com\/ihedn\/","https:\/\/x.com\/IHEDN","https:\/\/www.instagram.com\/ihedn\/","https:\/\/www.linkedin.com\/school\/ihedn\/","https:\/\/fr.wikipedia.org\/wiki\/Institut_des_hautes_\u00e9tudes_de_D\u00e9fense_nationale"]},{"@type":"Person","@id":"https:\/\/ihedn.fr\/#\/schema\/person\/16d49c2bd0121499ea9b9023ce89826c","name":"Ad\u00e8le Thoumieux","image":{"@type":"ImageObject","inLanguage":"en-GB","@id":"https:\/\/secure.gravatar.com\/avatar\/64fc58d14679bdd185946349bcb229b06e37d30d6290c2bec15f1daa8f8e0ece?s=96&d=mm&r=g","url":"https:\/\/secure.gravatar.com\/avatar\/64fc58d14679bdd185946349bcb229b06e37d30d6290c2bec15f1daa8f8e0ece?s=96&d=mm&r=g","contentUrl":"https:\/\/secure.gravatar.com\/avatar\/64fc58d14679bdd185946349bcb229b06e37d30d6290c2bec15f1daa8f8e0ece?s=96&d=mm&r=g","caption":"Ad\u00e8le Thoumieux"},"sameAs":["http:\/\/ihedn.fr"],"url":"https:\/\/ihedn.fr\/en\/author\/thoumieux\/"}]}},"publishpress_future_action":{"enabled":false,"date":"2026-05-07 05:37:42","action":"change-status","newStatus":"draft","terms":[],"taxonomy":"category","extraData":[]},"publishpress_future_workflow_manual_trigger":{"enabledWorkflows":[]},"_links":{"self":[{"href":"https:\/\/ihedn.fr\/en\/wp-json\/wp\/v2\/posts\/53122","targetHints":{"allow":["GET"]}}],"collection":[{"href":"https:\/\/ihedn.fr\/en\/wp-json\/wp\/v2\/posts"}],"about":[{"href":"https:\/\/ihedn.fr\/en\/wp-json\/wp\/v2\/types\/post"}],"author":[{"embeddable":true,"href":"https:\/\/ihedn.fr\/en\/wp-json\/wp\/v2\/users\/12"}],"replies":[{"embeddable":true,"href":"https:\/\/ihedn.fr\/en\/wp-json\/wp\/v2\/comments?post=53122"}],"version-history":[{"count":8,"href":"https:\/\/ihedn.fr\/en\/wp-json\/wp\/v2\/posts\/53122\/revisions"}],"predecessor-version":[{"id":53989,"href":"https:\/\/ihedn.fr\/en\/wp-json\/wp\/v2\/posts\/53122\/revisions\/53989"}],"wp:attachment":[{"href":"https:\/\/ihedn.fr\/en\/wp-json\/wp\/v2\/media?parent=53122"}],"wp:term":[{"taxonomy":"category","embeddable":true,"href":"https:\/\/ihedn.fr\/en\/wp-json\/wp\/v2\/categories?post=53122"},{"taxonomy":"post_tag","embeddable":true,"href":"https:\/\/ihedn.fr\/en\/wp-json\/wp\/v2\/tags?post=53122"}],"curies":[{"name":"wp","href":"https:\/\/api.w.org\/{rel}","templated":true}]}}