{"id":53232,"date":"2025-03-25T12:36:30","date_gmt":"2025-03-25T11:36:30","guid":{"rendered":"https:\/\/ihedn.fr\/?p=53232"},"modified":"2025-03-25T12:36:36","modified_gmt":"2025-03-25T11:36:36","slug":"mission-bruxelles-un-temps-fort-pour-les-majeures-dse-et-snc-de-la-session-nationale","status":"publish","type":"post","link":"https:\/\/ihedn.fr\/en\/notre-actualite\/mission-bruxelles-un-temps-fort-pour-les-majeures-dse-et-snc-de-la-session-nationale\/","title":{"rendered":"Mission Brussels: a highlight for DSE and SNC majors at the national session"},"content":{"rendered":"<div data-elementor-type=\"wp-post\" data-elementor-id=\"53232\" class=\"elementor elementor-53232\" data-elementor-post-type=\"post\">\n\t\t\t\t<div data-particle_enable=\"false\" data-particle-mobile-disabled=\"false\" class=\"elementor-element elementor-element-e212677 e-flex e-con-boxed e-con e-parent\" data-id=\"e212677\" data-element_type=\"container\" data-e-type=\"container\">\n\t\t\t\t\t<div class=\"e-con-inner\">\n\t\t\t\t<div class=\"elementor-element elementor-element-26d4cfd elementor-widget elementor-widget-text-editor\" data-id=\"26d4cfd\" data-element_type=\"widget\" data-e-type=\"widget\" data-widget_type=\"text-editor.default\">\n\t\t\t\t<div class=\"elementor-widget-container\">\n\t\t\t\t\t\t\t\t\t<p style=\"margin: 0cm; margin-bottom: .0001pt;\"><span style=\"font-size: 14.0pt;\">The programme included a visit to France's Permanent Representation to the European Union, where the auditors discussed European ambitions and challenges in terms of the Common Security and Defence Policy (CSDP), as well as issues relating to the defence economy and industry. The next stage, at NATO headquarters, provided an opportunity to deepen understanding of the transformations underway within the Alliance, at a time when collective defence is becoming a strategic priority at global level.<\/span><\/p><p style=\"margin: 0cm; margin-bottom: .0001pt;\"><span style=\"font-size: 14.0pt;\">\u00a0<\/span><\/p><p style=\"margin: 0cm; margin-bottom: .0001pt;\"><span style=\"font-size: 14.0pt;\">This mission took place in a particularly relevant context, in the wake of the publication of the White Paper on the Defence of Europe and the ReArm Europe plan, as well as the report by the European External Action Service (EEAS) on information manipulation and foreign interference. The timing of this visit could not have been better for grasping the current geopolitical challenges.<\/span><\/p><p style=\"margin: 0cm; margin-bottom: .0001pt;\"><span style=\"font-size: 14.0pt;\">\u00a0<\/span><\/p><p style=\"margin: 0cm; margin-bottom: .0001pt;\"><span style=\"font-size: 14.0pt;\">Each major also had a specific programme: one was able to meet MEPs, representatives of the European Commission and industrial players to discuss sovereignty and economic security, while the other took a closer look at cybersecurity issues through exchanges with Belgian and European experts.<\/span><\/p><p style=\"margin: 0cm; margin-bottom: .0001pt;\"><span style=\"font-size: 14.0pt;\">\u00a0<\/span><\/p><p style=\"margin: 0cm; margin-bottom: .0001pt;\"><span style=\"font-size: 14.0pt;\">A training and strategic mission, perfectly suited to the defence and security challenges of tomorrow.<\/span><\/p><p style=\"margin: 0cm; margin-bottom: .0001pt;\">\u00a0<\/p>\t\t\t\t\t\t\t\t<\/div>\n\t\t\t\t<\/div>\n\t\t\t\t\t<\/div>\n\t\t\t\t<\/div>\n\t\t<div data-particle_enable=\"false\" data-particle-mobile-disabled=\"false\" class=\"elementor-element elementor-element-3bbc659 e-flex e-con-boxed e-con e-parent\" data-id=\"3bbc659\" data-element_type=\"container\" data-e-type=\"container\">\n\t\t\t\t\t<div class=\"e-con-inner\">\n\t\t\t\t<div class=\"elementor-element elementor-element-408f387 elementor-widget elementor-widget-gallery\" data-id=\"408f387\" data-element_type=\"widget\" data-e-type=\"widget\" data-settings=\"{&quot;gallery_layout&quot;:&quot;masonry&quot;,&quot;columns&quot;:2,&quot;lazyload&quot;:&quot;yes&quot;,&quot;columns_tablet&quot;:2,&quot;columns_mobile&quot;:1,&quot;gap&quot;:{&quot;unit&quot;:&quot;px&quot;,&quot;size&quot;:10,&quot;sizes&quot;:[]},&quot;gap_tablet&quot;:{&quot;unit&quot;:&quot;px&quot;,&quot;size&quot;:10,&quot;sizes&quot;:[]},&quot;gap_mobile&quot;:{&quot;unit&quot;:&quot;px&quot;,&quot;size&quot;:10,&quot;sizes&quot;:[]},&quot;link_to&quot;:&quot;file&quot;,&quot;overlay_background&quot;:&quot;yes&quot;,&quot;content_hover_animation&quot;:&quot;fade-in&quot;}\" data-widget_type=\"gallery.default\">\n\t\t\t\t<div class=\"elementor-widget-container\">\n\t\t\t\t\t\t\t<div class=\"elementor-gallery__container\">\n\t\t\t\t\t\t\t<a class=\"e-gallery-item elementor-gallery-item elementor-animated-content\" href=\"https:\/\/ihedn.fr\/wp-content\/uploads\/2025\/03\/7.20250319IHEDNCyber-15.jpg\" data-elementor-open-lightbox=\"yes\" data-elementor-lightbox-slideshow=\"408f387\" data-e-action-hash=\"#elementor-action%3Aaction%3Dlightbox%26settings%3DeyJpZCI6NTMyNDAsInVybCI6Imh0dHBzOlwvXC9paGVkbi5mclwvd3AtY29udGVudFwvdXBsb2Fkc1wvMjAyNVwvMDNcLzcuMjAyNTAzMTlJSEVETkN5YmVyLTE1LmpwZyIsInNsaWRlc2hvdyI6IjQwOGYzODcifQ%3D%3D\">\n\t\t\t\t\t<div class=\"e-gallery-image elementor-gallery-item__image\" data-thumbnail=\"https:\/\/ihedn.fr\/wp-content\/uploads\/2025\/03\/7.20250319IHEDNCyber-15.jpg\" data-width=\"1920\" data-height=\"1694\" aria-label=\"\" role=\"img\" ><\/div>\n\t\t\t\t\t\t\t\t\t\t\t<div class=\"elementor-gallery-item__overlay\"><\/div>\n\t\t\t\t\t\t\t\t\t\t\t\t\t\t<\/a>\n\t\t\t\t\t\t\t<a class=\"e-gallery-item elementor-gallery-item elementor-animated-content\" href=\"https:\/\/ihedn.fr\/wp-content\/uploads\/2025\/03\/3.20250320_BXL_RPUE_F-Arbault.jpg\" data-elementor-open-lightbox=\"yes\" data-elementor-lightbox-slideshow=\"408f387\" data-e-action-hash=\"#elementor-action%3Aaction%3Dlightbox%26settings%3DeyJpZCI6NTMyMzcsInVybCI6Imh0dHBzOlwvXC9paGVkbi5mclwvd3AtY29udGVudFwvdXBsb2Fkc1wvMjAyNVwvMDNcLzMuMjAyNTAzMjBfQlhMX1JQVUVfRi1BcmJhdWx0LmpwZyIsInNsaWRlc2hvdyI6IjQwOGYzODcifQ%3D%3D\">\n\t\t\t\t\t<div class=\"e-gallery-image elementor-gallery-item__image\" data-thumbnail=\"https:\/\/ihedn.fr\/wp-content\/uploads\/2025\/03\/3.20250320_BXL_RPUE_F-Arbault.jpg\" data-width=\"1920\" data-height=\"983\" aria-label=\"\" role=\"img\" ><\/div>\n\t\t\t\t\t\t\t\t\t\t\t<div class=\"elementor-gallery-item__overlay\"><\/div>\n\t\t\t\t\t\t\t\t\t\t\t\t\t\t<\/a>\n\t\t\t\t\t\t\t<a class=\"e-gallery-item elementor-gallery-item elementor-animated-content\" href=\"https:\/\/ihedn.fr\/wp-content\/uploads\/2025\/03\/2.20250320_RPUE_E_Masse.jpeg\" data-elementor-open-lightbox=\"yes\" data-elementor-lightbox-slideshow=\"408f387\" data-e-action-hash=\"#elementor-action%3Aaction%3Dlightbox%26settings%3DeyJpZCI6NTMyMzYsInVybCI6Imh0dHBzOlwvXC9paGVkbi5mclwvd3AtY29udGVudFwvdXBsb2Fkc1wvMjAyNVwvMDNcLzIuMjAyNTAzMjBfUlBVRV9FX01hc3NlLmpwZWciLCJzbGlkZXNob3ciOiI0MDhmMzg3In0%3D\">\n\t\t\t\t\t<div class=\"e-gallery-image elementor-gallery-item__image\" data-thumbnail=\"https:\/\/ihedn.fr\/wp-content\/uploads\/2025\/03\/2.20250320_RPUE_E_Masse.jpeg\" data-width=\"1080\" data-height=\"1920\" aria-label=\"\" role=\"img\" ><\/div>\n\t\t\t\t\t\t\t\t\t\t\t<div class=\"elementor-gallery-item__overlay\"><\/div>\n\t\t\t\t\t\t\t\t\t\t\t\t\t\t<\/a>\n\t\t\t\t\t\t\t<a class=\"e-gallery-item elementor-gallery-item elementor-animated-content\" href=\"https:\/\/ihedn.fr\/wp-content\/uploads\/2025\/03\/6.BXL-DSE_NATO-Drapeaux.jpg\" data-elementor-open-lightbox=\"yes\" data-elementor-lightbox-slideshow=\"408f387\" data-e-action-hash=\"#elementor-action%3Aaction%3Dlightbox%26settings%3DeyJpZCI6NTMyMzksInVybCI6Imh0dHBzOlwvXC9paGVkbi5mclwvd3AtY29udGVudFwvdXBsb2Fkc1wvMjAyNVwvMDNcLzYuQlhMLURTRV9OQVRPLURyYXBlYXV4LmpwZyIsInNsaWRlc2hvdyI6IjQwOGYzODcifQ%3D%3D\">\n\t\t\t\t\t<div class=\"e-gallery-image elementor-gallery-item__image\" data-thumbnail=\"https:\/\/ihedn.fr\/wp-content\/uploads\/2025\/03\/6.BXL-DSE_NATO-Drapeaux.jpg\" data-width=\"1920\" data-height=\"1081\" aria-label=\"\" role=\"img\" ><\/div>\n\t\t\t\t\t\t\t\t\t\t\t<div class=\"elementor-gallery-item__overlay\"><\/div>\n\t\t\t\t\t\t\t\t\t\t\t\t\t\t<\/a>\n\t\t\t\t\t\t\t<a class=\"e-gallery-item elementor-gallery-item elementor-animated-content\" href=\"https:\/\/ihedn.fr\/wp-content\/uploads\/2025\/03\/9.20250319_BXL-DSE_PE.jpg\" data-elementor-open-lightbox=\"yes\" data-elementor-lightbox-slideshow=\"408f387\" data-e-action-hash=\"#elementor-action%3Aaction%3Dlightbox%26settings%3DeyJpZCI6NTMyNDIsInVybCI6Imh0dHBzOlwvXC9paGVkbi5mclwvd3AtY29udGVudFwvdXBsb2Fkc1wvMjAyNVwvMDNcLzkuMjAyNTAzMTlfQlhMLURTRV9QRS5qcGciLCJzbGlkZXNob3ciOiI0MDhmMzg3In0%3D\">\n\t\t\t\t\t<div class=\"e-gallery-image elementor-gallery-item__image\" data-thumbnail=\"https:\/\/ihedn.fr\/wp-content\/uploads\/2025\/03\/9.20250319_BXL-DSE_PE.jpg\" data-width=\"1920\" data-height=\"1080\" aria-label=\"\" role=\"img\" ><\/div>\n\t\t\t\t\t\t\t\t\t\t\t<div class=\"elementor-gallery-item__overlay\"><\/div>\n\t\t\t\t\t\t\t\t\t\t\t\t\t\t<\/a>\n\t\t\t\t\t\t\t<a class=\"e-gallery-item elementor-gallery-item elementor-animated-content\" href=\"https:\/\/ihedn.fr\/wp-content\/uploads\/2025\/03\/4.20250320_NATO_Amb-D-Cvach.jpg\" data-elementor-open-lightbox=\"yes\" data-elementor-lightbox-slideshow=\"408f387\" data-e-action-hash=\"#elementor-action%3Aaction%3Dlightbox%26settings%3DeyJpZCI6NTMyMzgsInVybCI6Imh0dHBzOlwvXC9paGVkbi5mclwvd3AtY29udGVudFwvdXBsb2Fkc1wvMjAyNVwvMDNcLzQuMjAyNTAzMjBfTkFUT19BbWItRC1DdmFjaC5qcGciLCJzbGlkZXNob3ciOiI0MDhmMzg3In0%3D\">\n\t\t\t\t\t<div class=\"e-gallery-image elementor-gallery-item__image\" data-thumbnail=\"https:\/\/ihedn.fr\/wp-content\/uploads\/2025\/03\/4.20250320_NATO_Amb-D-Cvach.jpg\" data-width=\"1643\" data-height=\"1920\" aria-label=\"\" role=\"img\" ><\/div>\n\t\t\t\t\t\t\t\t\t\t\t<div class=\"elementor-gallery-item__overlay\"><\/div>\n\t\t\t\t\t\t\t\t\t\t\t\t\t\t<\/a>\n\t\t\t\t\t\t\t<a class=\"e-gallery-item elementor-gallery-item elementor-animated-content\" href=\"https:\/\/ihedn.fr\/wp-content\/uploads\/2025\/03\/8.20250319_BXL-DSE-3_PE-photo-de-groupe.jpg\" data-elementor-open-lightbox=\"yes\" data-elementor-lightbox-slideshow=\"408f387\" data-e-action-hash=\"#elementor-action%3Aaction%3Dlightbox%26settings%3DeyJpZCI6NTMyNDEsInVybCI6Imh0dHBzOlwvXC9paGVkbi5mclwvd3AtY29udGVudFwvdXBsb2Fkc1wvMjAyNVwvMDNcLzguMjAyNTAzMTlfQlhMLURTRS0zX1BFLXBob3RvLWRlLWdyb3VwZS5qcGciLCJzbGlkZXNob3ciOiI0MDhmMzg3In0%3D\">\n\t\t\t\t\t<div class=\"e-gallery-image elementor-gallery-item__image\" data-thumbnail=\"https:\/\/ihedn.fr\/wp-content\/uploads\/2025\/03\/8.20250319_BXL-DSE-3_PE-photo-de-groupe.jpg\" data-width=\"1600\" data-height=\"1200\" aria-label=\"\" role=\"img\" ><\/div>\n\t\t\t\t\t\t\t\t\t\t\t<div class=\"elementor-gallery-item__overlay\"><\/div>\n\t\t\t\t\t\t\t\t\t\t\t\t\t\t<\/a>\n\t\t\t\t\t\t\t<a class=\"e-gallery-item elementor-gallery-item elementor-animated-content\" href=\"https:\/\/ihedn.fr\/wp-content\/uploads\/2025\/03\/1.20250320_RPUE_Amb_M_FP.jpg\" data-elementor-open-lightbox=\"yes\" data-elementor-lightbox-slideshow=\"408f387\" data-e-action-hash=\"#elementor-action%3Aaction%3Dlightbox%26settings%3DeyJpZCI6NTMyMzUsInVybCI6Imh0dHBzOlwvXC9paGVkbi5mclwvd3AtY29udGVudFwvdXBsb2Fkc1wvMjAyNVwvMDNcLzEuMjAyNTAzMjBfUlBVRV9BbWJfTV9GUC5qcGciLCJzbGlkZXNob3ciOiI0MDhmMzg3In0%3D\">\n\t\t\t\t\t<div class=\"e-gallery-image elementor-gallery-item__image\" data-thumbnail=\"https:\/\/ihedn.fr\/wp-content\/uploads\/2025\/03\/1.20250320_RPUE_Amb_M_FP.jpg\" data-width=\"1457\" data-height=\"1920\" aria-label=\"\" role=\"img\" ><\/div>\n\t\t\t\t\t\t\t\t\t\t\t<div class=\"elementor-gallery-item__overlay\"><\/div>\n\t\t\t\t\t\t\t\t\t\t\t\t\t\t<\/a>\n\t\t\t\t\t<\/div>\n\t\t\t\t\t<\/div>\n\t\t\t\t<\/div>\n\t\t\t\t\t<\/div>\n\t\t\t\t<\/div>\n\t\t\t\t<\/div>","protected":false},"excerpt":{"rendered":"<p>On 19 and 20 March, the 'Economic Defence and Security' and 'Digital Sovereignty and Cybersecurity' majors at the 4th national session of the IHEDN took part in a key mission to Brussels, immersing themselves in the heart of European and international institutions. An intense programme, marked by exchanges on current geopolitical challenges.<\/p>","protected":false},"author":12,"featured_media":53233,"comment_status":"closed","ping_status":"closed","sticky":false,"template":"","format":"standard","meta":{"footnotes":""},"categories":[172],"tags":[],"class_list":["post-53232","post","type-post","status-publish","format-standard","has-post-thumbnail","hentry","category-notre-actualite"],"yoast_head":"<!-- This site is optimized with the Yoast SEO plugin v27.5 - https:\/\/yoast.com\/product\/yoast-seo-wordpress\/ -->\n<title>Mission Bruxelles : un temps fort pour les majeures DSE et SNC de la session nationale - L&#039;IHEDN : Institut des hautes \u00e9tudes de d\u00e9fense nationale<\/title>\n<meta name=\"description\" content=\"La 241e session en r\u00e9gion de l\u2019Institut des hautes \u00e9tudes de d\u00e9fense nationale s\u2019est ouverte \u00e0 la pr\u00e9fecture de la Sarthe. Pendant quatre semaines, 43 auditeurs aux parcours vari\u00e9s auront l\u2019opportunit\u00e9 d\u2019explorer les grands d\u00e9fis strat\u00e9giques contemporains, de d\u00e9couvrir le fonctionnement des arm\u00e9es et de s\u2019approprier les enjeux li\u00e9s \u00e0 la d\u00e9fense et \u00e0 la r\u00e9silience nationale, gr\u00e2ce \u00e0 un programme m\u00ealant visites de sites strat\u00e9giques, conf\u00e9rences de haut niveau et travaux collectifs.\" \/>\n<meta name=\"robots\" content=\"index, follow, max-snippet:-1, max-image-preview:large, max-video-preview:-1\" \/>\n<link rel=\"canonical\" href=\"https:\/\/ihedn.fr\/en\/notre-actualite\/mission-bruxelles-un-temps-fort-pour-les-majeures-dse-et-snc-de-la-session-nationale\/\" \/>\n<meta property=\"og:locale\" content=\"en_GB\" \/>\n<meta property=\"og:type\" content=\"article\" \/>\n<meta property=\"og:title\" content=\"Mission Bruxelles : un temps fort pour les majeures DSE et SNC de la session nationale\" \/>\n<meta property=\"og:description\" content=\"Les 19 et 20 mars, les majeures \u00ab D\u00e9fense et S\u00e9curit\u00e9 \u00c9conomiques \u00bb et \u00ab Souverainet\u00e9 Num\u00e9rique et Cybers\u00e9curit\u00e9 \u00bb de la 4e session nationale de l\u2019IHEDN ont particip\u00e9 \u00e0 une mission cl\u00e9 \u00e0 Bruxelles en se plongeant au c\u0153ur des institutions europ\u00e9ennes et internationales. Un programme intense, marqu\u00e9 par des \u00e9changes sur les d\u00e9fis g\u00e9opolitiques actuels.\" \/>\n<meta property=\"og:url\" content=\"https:\/\/ihedn.fr\/en\/notre-actualite\/mission-bruxelles-un-temps-fort-pour-les-majeures-dse-et-snc-de-la-session-nationale\/\" \/>\n<meta property=\"og:site_name\" content=\"L&#039;IHEDN : Institut des hautes \u00e9tudes de d\u00e9fense nationale\" \/>\n<meta property=\"article:publisher\" content=\"https:\/\/www.facebook.com\/ihedn\/\" \/>\n<meta property=\"article:published_time\" content=\"2025-03-25T11:36:30+00:00\" \/>\n<meta property=\"article:modified_time\" content=\"2025-03-25T11:36:36+00:00\" \/>\n<meta property=\"og:image\" content=\"https:\/\/ihedn.fr\/wp-content\/uploads\/2025\/03\/5.20250320_NATO-SNC.jpg\" \/>\n\t<meta property=\"og:image:width\" content=\"1920\" \/>\n\t<meta property=\"og:image:height\" content=\"1440\" \/>\n\t<meta property=\"og:image:type\" content=\"image\/jpeg\" \/>\n<meta name=\"author\" content=\"Ad\u00e8le Thoumieux\" \/>\n<meta name=\"twitter:card\" content=\"summary_large_image\" \/>\n<meta name=\"twitter:title\" content=\"Mission Bruxelles : un temps fort pour les majeures DSE et SNC de la session nationale\" \/>\n<meta name=\"twitter:description\" content=\"Les 19 et 20 mars, les majeures \u00ab D\u00e9fense et S\u00e9curit\u00e9 \u00c9conomiques \u00bb et \u00ab Souverainet\u00e9 Num\u00e9rique et Cybers\u00e9curit\u00e9 \u00bb de la 4e session nationale de l\u2019IHEDN ont particip\u00e9 \u00e0 une mission cl\u00e9 \u00e0 Bruxelles en se plongeant au c\u0153ur des institutions europ\u00e9ennes et internationales. Un programme intense, marqu\u00e9 par des \u00e9changes sur les d\u00e9fis g\u00e9opolitiques actuels.\" \/>\n<meta name=\"twitter:creator\" content=\"@IHEDN\" \/>\n<meta name=\"twitter:site\" content=\"@IHEDN\" \/>\n<meta name=\"twitter:label1\" content=\"Written by\" \/>\n\t<meta name=\"twitter:data1\" content=\"Ad\u00e8le Thoumieux\" \/>\n\t<meta name=\"twitter:label2\" content=\"Estimated reading time\" \/>\n\t<meta name=\"twitter:data2\" content=\"2 minutes\" \/>\n<script type=\"application\/ld+json\" class=\"yoast-schema-graph\">{\"@context\":\"https:\\\/\\\/schema.org\",\"@graph\":[{\"@type\":\"Article\",\"@id\":\"https:\\\/\\\/ihedn.fr\\\/notre-actualite\\\/mission-bruxelles-un-temps-fort-pour-les-majeures-dse-et-snc-de-la-session-nationale\\\/#article\",\"isPartOf\":{\"@id\":\"https:\\\/\\\/ihedn.fr\\\/notre-actualite\\\/mission-bruxelles-un-temps-fort-pour-les-majeures-dse-et-snc-de-la-session-nationale\\\/\"},\"author\":{\"name\":\"Ad\u00e8le Thoumieux\",\"@id\":\"https:\\\/\\\/ihedn.fr\\\/#\\\/schema\\\/person\\\/16d49c2bd0121499ea9b9023ce89826c\"},\"headline\":\"Mission Bruxelles : un temps fort pour les majeures DSE et SNC de la session nationale\",\"datePublished\":\"2025-03-25T11:36:30+00:00\",\"dateModified\":\"2025-03-25T11:36:36+00:00\",\"mainEntityOfPage\":{\"@id\":\"https:\\\/\\\/ihedn.fr\\\/notre-actualite\\\/mission-bruxelles-un-temps-fort-pour-les-majeures-dse-et-snc-de-la-session-nationale\\\/\"},\"wordCount\":268,\"publisher\":{\"@id\":\"https:\\\/\\\/ihedn.fr\\\/#organization\"},\"image\":{\"@id\":\"https:\\\/\\\/ihedn.fr\\\/notre-actualite\\\/mission-bruxelles-un-temps-fort-pour-les-majeures-dse-et-snc-de-la-session-nationale\\\/#primaryimage\"},\"thumbnailUrl\":\"https:\\\/\\\/ihedn.fr\\\/wp-content\\\/uploads\\\/2025\\\/03\\\/5.20250320_NATO-SNC.jpg\",\"articleSection\":[\"Notre actualit\u00e9\"],\"inLanguage\":\"en-GB\"},{\"@type\":\"WebPage\",\"@id\":\"https:\\\/\\\/ihedn.fr\\\/notre-actualite\\\/mission-bruxelles-un-temps-fort-pour-les-majeures-dse-et-snc-de-la-session-nationale\\\/\",\"url\":\"https:\\\/\\\/ihedn.fr\\\/notre-actualite\\\/mission-bruxelles-un-temps-fort-pour-les-majeures-dse-et-snc-de-la-session-nationale\\\/\",\"name\":\"Mission Bruxelles : un temps fort pour les majeures DSE et SNC de la session nationale - L&#039;IHEDN : Institut des hautes \u00e9tudes de d\u00e9fense nationale\",\"isPartOf\":{\"@id\":\"https:\\\/\\\/ihedn.fr\\\/#website\"},\"primaryImageOfPage\":{\"@id\":\"https:\\\/\\\/ihedn.fr\\\/notre-actualite\\\/mission-bruxelles-un-temps-fort-pour-les-majeures-dse-et-snc-de-la-session-nationale\\\/#primaryimage\"},\"image\":{\"@id\":\"https:\\\/\\\/ihedn.fr\\\/notre-actualite\\\/mission-bruxelles-un-temps-fort-pour-les-majeures-dse-et-snc-de-la-session-nationale\\\/#primaryimage\"},\"thumbnailUrl\":\"https:\\\/\\\/ihedn.fr\\\/wp-content\\\/uploads\\\/2025\\\/03\\\/5.20250320_NATO-SNC.jpg\",\"datePublished\":\"2025-03-25T11:36:30+00:00\",\"dateModified\":\"2025-03-25T11:36:36+00:00\",\"description\":\"La 241e session en r\u00e9gion de l\u2019Institut des hautes \u00e9tudes de d\u00e9fense nationale s\u2019est ouverte \u00e0 la pr\u00e9fecture de la Sarthe. Pendant quatre semaines, 43 auditeurs aux parcours vari\u00e9s auront l\u2019opportunit\u00e9 d\u2019explorer les grands d\u00e9fis strat\u00e9giques contemporains, de d\u00e9couvrir le fonctionnement des arm\u00e9es et de s\u2019approprier les enjeux li\u00e9s \u00e0 la d\u00e9fense et \u00e0 la r\u00e9silience nationale, gr\u00e2ce \u00e0 un programme m\u00ealant visites de sites strat\u00e9giques, conf\u00e9rences de haut niveau et travaux collectifs.\",\"breadcrumb\":{\"@id\":\"https:\\\/\\\/ihedn.fr\\\/notre-actualite\\\/mission-bruxelles-un-temps-fort-pour-les-majeures-dse-et-snc-de-la-session-nationale\\\/#breadcrumb\"},\"inLanguage\":\"en-GB\",\"potentialAction\":[{\"@type\":\"ReadAction\",\"target\":[\"https:\\\/\\\/ihedn.fr\\\/notre-actualite\\\/mission-bruxelles-un-temps-fort-pour-les-majeures-dse-et-snc-de-la-session-nationale\\\/\"]}]},{\"@type\":\"ImageObject\",\"inLanguage\":\"en-GB\",\"@id\":\"https:\\\/\\\/ihedn.fr\\\/notre-actualite\\\/mission-bruxelles-un-temps-fort-pour-les-majeures-dse-et-snc-de-la-session-nationale\\\/#primaryimage\",\"url\":\"https:\\\/\\\/ihedn.fr\\\/wp-content\\\/uploads\\\/2025\\\/03\\\/5.20250320_NATO-SNC.jpg\",\"contentUrl\":\"https:\\\/\\\/ihedn.fr\\\/wp-content\\\/uploads\\\/2025\\\/03\\\/5.20250320_NATO-SNC.jpg\",\"width\":1920,\"height\":1440},{\"@type\":\"BreadcrumbList\",\"@id\":\"https:\\\/\\\/ihedn.fr\\\/notre-actualite\\\/mission-bruxelles-un-temps-fort-pour-les-majeures-dse-et-snc-de-la-session-nationale\\\/#breadcrumb\",\"itemListElement\":[{\"@type\":\"ListItem\",\"position\":1,\"name\":\"Accueil\",\"item\":\"https:\\\/\\\/ihedn.fr\\\/\"},{\"@type\":\"ListItem\",\"position\":2,\"name\":\"Mission Bruxelles : un temps fort pour les majeures DSE et SNC de la session nationale\"}]},{\"@type\":\"WebSite\",\"@id\":\"https:\\\/\\\/ihedn.fr\\\/#website\",\"url\":\"https:\\\/\\\/ihedn.fr\\\/\",\"name\":\"IHEDN : Institut des hautes \u00e9tudes de d\u00e9fense nationale |\",\"description\":\"Site officiel de l&#039;IHEDN plac\u00e9 sous la tutelle du Premier ministre.\",\"publisher\":{\"@id\":\"https:\\\/\\\/ihedn.fr\\\/#organization\"},\"potentialAction\":[{\"@type\":\"SearchAction\",\"target\":{\"@type\":\"EntryPoint\",\"urlTemplate\":\"https:\\\/\\\/ihedn.fr\\\/?s={search_term_string}\"},\"query-input\":{\"@type\":\"PropertyValueSpecification\",\"valueRequired\":true,\"valueName\":\"search_term_string\"}}],\"inLanguage\":\"en-GB\"},{\"@type\":\"Organization\",\"@id\":\"https:\\\/\\\/ihedn.fr\\\/#organization\",\"name\":\"IHEDN - Institut des Hautes Etudes de D\u00e9fense Nationale\",\"url\":\"https:\\\/\\\/ihedn.fr\\\/\",\"logo\":{\"@type\":\"ImageObject\",\"inLanguage\":\"en-GB\",\"@id\":\"https:\\\/\\\/ihedn.fr\\\/#\\\/schema\\\/logo\\\/image\\\/\",\"url\":\"https:\\\/\\\/ihedn.fr\\\/wp-content\\\/uploads\\\/2020\\\/11\\\/BLOC_RF_IHEDN_WEB.png\",\"contentUrl\":\"https:\\\/\\\/ihedn.fr\\\/wp-content\\\/uploads\\\/2020\\\/11\\\/BLOC_RF_IHEDN_WEB.png\",\"width\":500,\"height\":237,\"caption\":\"IHEDN - Institut des Hautes Etudes de D\u00e9fense Nationale\"},\"image\":{\"@id\":\"https:\\\/\\\/ihedn.fr\\\/#\\\/schema\\\/logo\\\/image\\\/\"},\"sameAs\":[\"https:\\\/\\\/www.facebook.com\\\/ihedn\\\/\",\"https:\\\/\\\/x.com\\\/IHEDN\",\"https:\\\/\\\/www.instagram.com\\\/ihedn\\\/\",\"https:\\\/\\\/www.linkedin.com\\\/school\\\/ihedn\\\/\",\"https:\\\/\\\/fr.wikipedia.org\\\/wiki\\\/Institut_des_hautes_\u00e9tudes_de_D\u00e9fense_nationale\"]},{\"@type\":\"Person\",\"@id\":\"https:\\\/\\\/ihedn.fr\\\/#\\\/schema\\\/person\\\/16d49c2bd0121499ea9b9023ce89826c\",\"name\":\"Ad\u00e8le Thoumieux\",\"image\":{\"@type\":\"ImageObject\",\"inLanguage\":\"en-GB\",\"@id\":\"https:\\\/\\\/secure.gravatar.com\\\/avatar\\\/64fc58d14679bdd185946349bcb229b06e37d30d6290c2bec15f1daa8f8e0ece?s=96&d=mm&r=g\",\"url\":\"https:\\\/\\\/secure.gravatar.com\\\/avatar\\\/64fc58d14679bdd185946349bcb229b06e37d30d6290c2bec15f1daa8f8e0ece?s=96&d=mm&r=g\",\"contentUrl\":\"https:\\\/\\\/secure.gravatar.com\\\/avatar\\\/64fc58d14679bdd185946349bcb229b06e37d30d6290c2bec15f1daa8f8e0ece?s=96&d=mm&r=g\",\"caption\":\"Ad\u00e8le Thoumieux\"},\"sameAs\":[\"http:\\\/\\\/ihedn.fr\"],\"url\":\"https:\\\/\\\/ihedn.fr\\\/en\\\/author\\\/thoumieux\\\/\"}]}<\/script>\n<!-- \/ Yoast SEO plugin. -->","yoast_head_json":{"title":"Mission Brussels: a highlight for the DSE and SNC majors at the national session - L'IHEDN : Institut des hautes \u00e9tudes de d\u00e9fense nationale","description":"The 241st regional session of the Institut des hautes \u00e9tudes de d\u00e9fense nationale opened at the Sarthe prefecture. For four weeks, 43 students from a wide range of backgrounds will have the opportunity to explore the major strategic challenges of our time, find out how the armed forces operate and get to grips with the issues involved in defence and national resilience, thanks to a programme combining visits to strategic sites, high-level lectures and group work.","robots":{"index":"index","follow":"follow","max-snippet":"max-snippet:-1","max-image-preview":"max-image-preview:large","max-video-preview":"max-video-preview:-1"},"canonical":"https:\/\/ihedn.fr\/en\/notre-actualite\/mission-bruxelles-un-temps-fort-pour-les-majeures-dse-et-snc-de-la-session-nationale\/","og_locale":"en_GB","og_type":"article","og_title":"Mission Bruxelles : un temps fort pour les majeures DSE et SNC de la session nationale","og_description":"Les 19 et 20 mars, les majeures \u00ab D\u00e9fense et S\u00e9curit\u00e9 \u00c9conomiques \u00bb et \u00ab Souverainet\u00e9 Num\u00e9rique et Cybers\u00e9curit\u00e9 \u00bb de la 4e session nationale de l\u2019IHEDN ont particip\u00e9 \u00e0 une mission cl\u00e9 \u00e0 Bruxelles en se plongeant au c\u0153ur des institutions europ\u00e9ennes et internationales. Un programme intense, marqu\u00e9 par des \u00e9changes sur les d\u00e9fis g\u00e9opolitiques actuels.","og_url":"https:\/\/ihedn.fr\/en\/notre-actualite\/mission-bruxelles-un-temps-fort-pour-les-majeures-dse-et-snc-de-la-session-nationale\/","og_site_name":"L&#039;IHEDN : Institut des hautes \u00e9tudes de d\u00e9fense nationale","article_publisher":"https:\/\/www.facebook.com\/ihedn\/","article_published_time":"2025-03-25T11:36:30+00:00","article_modified_time":"2025-03-25T11:36:36+00:00","og_image":[{"width":1920,"height":1440,"url":"https:\/\/ihedn.fr\/wp-content\/uploads\/2025\/03\/5.20250320_NATO-SNC.jpg","type":"image\/jpeg"}],"author":"Ad\u00e8le Thoumieux","twitter_card":"summary_large_image","twitter_title":"Mission Bruxelles : un temps fort pour les majeures DSE et SNC de la session nationale","twitter_description":"Les 19 et 20 mars, les majeures \u00ab D\u00e9fense et S\u00e9curit\u00e9 \u00c9conomiques \u00bb et \u00ab Souverainet\u00e9 Num\u00e9rique et Cybers\u00e9curit\u00e9 \u00bb de la 4e session nationale de l\u2019IHEDN ont particip\u00e9 \u00e0 une mission cl\u00e9 \u00e0 Bruxelles en se plongeant au c\u0153ur des institutions europ\u00e9ennes et internationales. Un programme intense, marqu\u00e9 par des \u00e9changes sur les d\u00e9fis g\u00e9opolitiques actuels.","twitter_creator":"@IHEDN","twitter_site":"@IHEDN","twitter_misc":{"Written by":"Ad\u00e8le Thoumieux","Estimated reading time":"2 minutes"},"schema":{"@context":"https:\/\/schema.org","@graph":[{"@type":"Article","@id":"https:\/\/ihedn.fr\/notre-actualite\/mission-bruxelles-un-temps-fort-pour-les-majeures-dse-et-snc-de-la-session-nationale\/#article","isPartOf":{"@id":"https:\/\/ihedn.fr\/notre-actualite\/mission-bruxelles-un-temps-fort-pour-les-majeures-dse-et-snc-de-la-session-nationale\/"},"author":{"name":"Ad\u00e8le Thoumieux","@id":"https:\/\/ihedn.fr\/#\/schema\/person\/16d49c2bd0121499ea9b9023ce89826c"},"headline":"Mission Bruxelles : un temps fort pour les majeures DSE et SNC de la session nationale","datePublished":"2025-03-25T11:36:30+00:00","dateModified":"2025-03-25T11:36:36+00:00","mainEntityOfPage":{"@id":"https:\/\/ihedn.fr\/notre-actualite\/mission-bruxelles-un-temps-fort-pour-les-majeures-dse-et-snc-de-la-session-nationale\/"},"wordCount":268,"publisher":{"@id":"https:\/\/ihedn.fr\/#organization"},"image":{"@id":"https:\/\/ihedn.fr\/notre-actualite\/mission-bruxelles-un-temps-fort-pour-les-majeures-dse-et-snc-de-la-session-nationale\/#primaryimage"},"thumbnailUrl":"https:\/\/ihedn.fr\/wp-content\/uploads\/2025\/03\/5.20250320_NATO-SNC.jpg","articleSection":["Notre actualit\u00e9"],"inLanguage":"en-GB"},{"@type":"WebPage","@id":"https:\/\/ihedn.fr\/notre-actualite\/mission-bruxelles-un-temps-fort-pour-les-majeures-dse-et-snc-de-la-session-nationale\/","url":"https:\/\/ihedn.fr\/notre-actualite\/mission-bruxelles-un-temps-fort-pour-les-majeures-dse-et-snc-de-la-session-nationale\/","name":"Mission Brussels: a highlight for the DSE and SNC majors at the national session - L'IHEDN : Institut des hautes \u00e9tudes de d\u00e9fense nationale","isPartOf":{"@id":"https:\/\/ihedn.fr\/#website"},"primaryImageOfPage":{"@id":"https:\/\/ihedn.fr\/notre-actualite\/mission-bruxelles-un-temps-fort-pour-les-majeures-dse-et-snc-de-la-session-nationale\/#primaryimage"},"image":{"@id":"https:\/\/ihedn.fr\/notre-actualite\/mission-bruxelles-un-temps-fort-pour-les-majeures-dse-et-snc-de-la-session-nationale\/#primaryimage"},"thumbnailUrl":"https:\/\/ihedn.fr\/wp-content\/uploads\/2025\/03\/5.20250320_NATO-SNC.jpg","datePublished":"2025-03-25T11:36:30+00:00","dateModified":"2025-03-25T11:36:36+00:00","description":"The 241st regional session of the Institut des hautes \u00e9tudes de d\u00e9fense nationale opened at the Sarthe prefecture. For four weeks, 43 students from a wide range of backgrounds will have the opportunity to explore the major strategic challenges of our time, find out how the armed forces operate and get to grips with the issues involved in defence and national resilience, thanks to a programme combining visits to strategic sites, high-level lectures and group work.","breadcrumb":{"@id":"https:\/\/ihedn.fr\/notre-actualite\/mission-bruxelles-un-temps-fort-pour-les-majeures-dse-et-snc-de-la-session-nationale\/#breadcrumb"},"inLanguage":"en-GB","potentialAction":[{"@type":"ReadAction","target":["https:\/\/ihedn.fr\/notre-actualite\/mission-bruxelles-un-temps-fort-pour-les-majeures-dse-et-snc-de-la-session-nationale\/"]}]},{"@type":"ImageObject","inLanguage":"en-GB","@id":"https:\/\/ihedn.fr\/notre-actualite\/mission-bruxelles-un-temps-fort-pour-les-majeures-dse-et-snc-de-la-session-nationale\/#primaryimage","url":"https:\/\/ihedn.fr\/wp-content\/uploads\/2025\/03\/5.20250320_NATO-SNC.jpg","contentUrl":"https:\/\/ihedn.fr\/wp-content\/uploads\/2025\/03\/5.20250320_NATO-SNC.jpg","width":1920,"height":1440},{"@type":"BreadcrumbList","@id":"https:\/\/ihedn.fr\/notre-actualite\/mission-bruxelles-un-temps-fort-pour-les-majeures-dse-et-snc-de-la-session-nationale\/#breadcrumb","itemListElement":[{"@type":"ListItem","position":1,"name":"Accueil","item":"https:\/\/ihedn.fr\/"},{"@type":"ListItem","position":2,"name":"Mission Bruxelles : un temps fort pour les majeures DSE et SNC de la session nationale"}]},{"@type":"WebSite","@id":"https:\/\/ihedn.fr\/#website","url":"https:\/\/ihedn.fr\/","name":"IHEDN: Institut des hautes \u00e9tudes de d\u00e9fense nationale (Institute for Higher National Defence Studies)","description":"Official website of the IHEDN under the supervision of the Prime Minister.","publisher":{"@id":"https:\/\/ihedn.fr\/#organization"},"potentialAction":[{"@type":"SearchAction","target":{"@type":"EntryPoint","urlTemplate":"https:\/\/ihedn.fr\/?s={search_term_string}"},"query-input":{"@type":"PropertyValueSpecification","valueRequired":true,"valueName":"search_term_string"}}],"inLanguage":"en-GB"},{"@type":"Organization","@id":"https:\/\/ihedn.fr\/#organization","name":"IHEDN - Institute for Higher National Defence Studies","url":"https:\/\/ihedn.fr\/","logo":{"@type":"ImageObject","inLanguage":"en-GB","@id":"https:\/\/ihedn.fr\/#\/schema\/logo\/image\/","url":"https:\/\/ihedn.fr\/wp-content\/uploads\/2020\/11\/BLOC_RF_IHEDN_WEB.png","contentUrl":"https:\/\/ihedn.fr\/wp-content\/uploads\/2020\/11\/BLOC_RF_IHEDN_WEB.png","width":500,"height":237,"caption":"IHEDN - Institut des Hautes Etudes de D\u00e9fense Nationale"},"image":{"@id":"https:\/\/ihedn.fr\/#\/schema\/logo\/image\/"},"sameAs":["https:\/\/www.facebook.com\/ihedn\/","https:\/\/x.com\/IHEDN","https:\/\/www.instagram.com\/ihedn\/","https:\/\/www.linkedin.com\/school\/ihedn\/","https:\/\/fr.wikipedia.org\/wiki\/Institut_des_hautes_\u00e9tudes_de_D\u00e9fense_nationale"]},{"@type":"Person","@id":"https:\/\/ihedn.fr\/#\/schema\/person\/16d49c2bd0121499ea9b9023ce89826c","name":"Ad\u00e8le Thoumieux","image":{"@type":"ImageObject","inLanguage":"en-GB","@id":"https:\/\/secure.gravatar.com\/avatar\/64fc58d14679bdd185946349bcb229b06e37d30d6290c2bec15f1daa8f8e0ece?s=96&d=mm&r=g","url":"https:\/\/secure.gravatar.com\/avatar\/64fc58d14679bdd185946349bcb229b06e37d30d6290c2bec15f1daa8f8e0ece?s=96&d=mm&r=g","contentUrl":"https:\/\/secure.gravatar.com\/avatar\/64fc58d14679bdd185946349bcb229b06e37d30d6290c2bec15f1daa8f8e0ece?s=96&d=mm&r=g","caption":"Ad\u00e8le Thoumieux"},"sameAs":["http:\/\/ihedn.fr"],"url":"https:\/\/ihedn.fr\/en\/author\/thoumieux\/"}]}},"publishpress_future_action":{"enabled":false,"date":"2026-05-06 21:43:33","action":"change-status","newStatus":"draft","terms":[],"taxonomy":"category","extraData":[]},"publishpress_future_workflow_manual_trigger":{"enabledWorkflows":[]},"_links":{"self":[{"href":"https:\/\/ihedn.fr\/en\/wp-json\/wp\/v2\/posts\/53232","targetHints":{"allow":["GET"]}}],"collection":[{"href":"https:\/\/ihedn.fr\/en\/wp-json\/wp\/v2\/posts"}],"about":[{"href":"https:\/\/ihedn.fr\/en\/wp-json\/wp\/v2\/types\/post"}],"author":[{"embeddable":true,"href":"https:\/\/ihedn.fr\/en\/wp-json\/wp\/v2\/users\/12"}],"replies":[{"embeddable":true,"href":"https:\/\/ihedn.fr\/en\/wp-json\/wp\/v2\/comments?post=53232"}],"version-history":[{"count":5,"href":"https:\/\/ihedn.fr\/en\/wp-json\/wp\/v2\/posts\/53232\/revisions"}],"predecessor-version":[{"id":53246,"href":"https:\/\/ihedn.fr\/en\/wp-json\/wp\/v2\/posts\/53232\/revisions\/53246"}],"wp:featuredmedia":[{"embeddable":true,"href":"https:\/\/ihedn.fr\/en\/wp-json\/wp\/v2\/media\/53233"}],"wp:attachment":[{"href":"https:\/\/ihedn.fr\/en\/wp-json\/wp\/v2\/media?parent=53232"}],"wp:term":[{"taxonomy":"category","embeddable":true,"href":"https:\/\/ihedn.fr\/en\/wp-json\/wp\/v2\/categories?post=53232"},{"taxonomy":"post_tag","embeddable":true,"href":"https:\/\/ihedn.fr\/en\/wp-json\/wp\/v2\/tags?post=53232"}],"curies":[{"name":"wp","href":"https:\/\/api.w.org\/{rel}","templated":true}]}}