{"id":53735,"date":"2025-04-14T14:55:13","date_gmt":"2025-04-14T13:55:13","guid":{"rendered":"https:\/\/ihedn.fr\/?p=53735"},"modified":"2025-09-03T13:46:35","modified_gmt":"2025-09-03T12:46:35","slug":"guerre-en-montagne-le-champ-de-bataille-le-plus-hostile","status":"publish","type":"post","link":"https:\/\/ihedn.fr\/en\/notre-selection\/guerre-en-montagne-le-champ-de-bataille-le-plus-hostile\/","title":{"rendered":"Mountain warfare: the most hostile battlefield"},"content":{"rendered":"\t\t<div data-elementor-type=\"wp-post\" data-elementor-id=\"53735\" class=\"elementor elementor-53735\" data-elementor-post-type=\"post\">\n\t\t\t\t<div data-particle_enable=\"false\" data-particle-mobile-disabled=\"false\" class=\"elementor-element elementor-element-230dc34 e-flex e-con-boxed e-con e-parent\" data-id=\"230dc34\" data-element_type=\"container\" data-e-type=\"container\">\n\t\t\t\t\t<div class=\"e-con-inner\">\n\t\t\t\t<div class=\"elementor-element elementor-element-9ce855c elementor-widget elementor-widget-text-editor\" data-id=\"9ce855c\" data-element_type=\"widget\" data-e-type=\"widget\" data-widget_type=\"text-editor.default\">\n\t\t\t\t<div class=\"elementor-widget-container\">\n\t\t\t\t\t\t\t\t\t<p style=\"text-align: left;\">Dans le Sud-Est de la France, de nombreuses c\u00e9r\u00e9monies se tiennent en ce moment pour c\u00e9l\u00e9brer diff\u00e9rents combats de la campagne victorieuse des Alpes. Hier comme aujourd\u2019hui, les grands principes de la guerre en montagne s\u2019appliquent, m\u00eame si les derni\u00e8res technologies prennent leur r\u00f4le sur le terrain.<\/p><p style=\"text-align: left;\">D\u00e8s l\u2019Antiquit\u00e9, plusieurs campagnes livr\u00e9es en terrain montagneux impriment l\u2019Histoire de leur marque. La bataille des Thermopyles, en 480 avant notre \u00e8re, d\u00e9livre une premi\u00e8re le\u00e7on\u00a0: l\u2019importance, encore plus cruciale que pour d\u2019autres types de th\u00e9\u00e2tres, de la connaissance du terrain. S\u2019ils finissent par remporter la bataille, les envahisseurs perses du grand roi Xerx\u00e8s I<sup>er\u00a0<\/sup>essuient des pertes importantes face \u00e0 des Grecs dix fois inf\u00e9rieurs en nombre, qui connaissent mieux cet \u00e9troit d\u00e9fil\u00e9 entre la mer et de hautes collines.<\/p><p style=\"text-align: left;\">Cette n\u00e9cessit\u00e9 de connaissance du terrain et la difficult\u00e9 du milieu montagneux \u00e9taient d\u00e9j\u00e0 soulign\u00e9es dans le premier trait\u00e9 strat\u00e9gique connu, le c\u00e9l\u00e8bre \u00ab\u00a0Art de la guerre\u00a0\u00bb du g\u00e9n\u00e9ral chinois Sun Tzu, \u00e9crit au VI<sup>e\u00a0<\/sup>si\u00e8cle avant J.-C..<\/p>\t\t\t\t\t\t\t\t<\/div>\n\t\t\t\t<\/div>\n\t\t\t\t\t<\/div>\n\t\t\t\t<\/div>\n\t\t<div data-particle_enable=\"false\" data-particle-mobile-disabled=\"false\" class=\"elementor-element elementor-element-7bf256b e-con-full e-flex e-con e-parent\" data-id=\"7bf256b\" data-element_type=\"container\" data-e-type=\"container\">\n\t\t\t\t<div class=\"elementor-element elementor-element-618c98c elementor-widget elementor-widget-heading\" data-id=\"618c98c\" data-element_type=\"widget\" data-e-type=\"widget\" data-widget_type=\"heading.default\">\n\t\t\t\t<div class=\"elementor-widget-container\">\n\t\t\t\t\t<h2 class=\"elementor-heading-title elementor-size-default\">HANNIBAL ET BONAPARTE, DEUX FRANCHISSEMENTS MYTHIQUES DES ALPES<\/h2>\t\t\t\t<\/div>\n\t\t\t\t<\/div>\n\t\t\t\t<div class=\"elementor-element elementor-element-cbc595a elementor-widget-divider--view-line elementor-widget elementor-widget-divider\" data-id=\"cbc595a\" data-element_type=\"widget\" data-e-type=\"widget\" data-widget_type=\"divider.default\">\n\t\t\t\t<div class=\"elementor-widget-container\">\n\t\t\t\t\t\t\t<div class=\"elementor-divider\">\n\t\t\t<span class=\"elementor-divider-separator\">\n\t\t\t\t\t\t<\/span>\n\t\t<\/div>\n\t\t\t\t\t\t<\/div>\n\t\t\t\t<\/div>\n\t\t<div data-particle_enable=\"false\" data-particle-mobile-disabled=\"false\" class=\"elementor-element elementor-element-916e219 e-con-full e-flex e-con e-child\" data-id=\"916e219\" data-element_type=\"container\" data-e-type=\"container\">\n\t\t\t\t<div class=\"elementor-element elementor-element-49bebd4 elementor-widget elementor-widget-text-editor\" data-id=\"49bebd4\" data-element_type=\"widget\" data-e-type=\"widget\" data-widget_type=\"text-editor.default\">\n\t\t\t\t<div class=\"elementor-widget-container\">\n\t\t\t\t\t\t\t\t\t<p style=\"text-align: left;\">Deux franchissements mythiques des Alpes montrent l\u2019importance de la pr\u00e9paration logistique. Par le g\u00e9n\u00e9ral carthaginois Hannibal Barca d\u2019abord, pendant l\u2019hiver 218 avant notre \u00e8re. Son adversaire romain Scipion se trouvant plus au sud, pr\u00e8s de l\u2019embouchure du Rh\u00f4ne, Hannibal franchit en une quinzaine de jours la cha\u00eene montagneuse avec environ 100\u00a0000 hommes et des \u00e9l\u00e9phants, d\u00fbment \u00e9quip\u00e9s en v\u00eatements chauds et vivres fournis par des tribus gauloises alli\u00e9es.<\/p><p style=\"text-align: left;\">Apr\u00e8s le roi Charles VIII en 1494, Napol\u00e9on Bonaparte, alors Premier consul, est le deuxi\u00e8me chef d\u2019\u00c9tat fran\u00e7ais \u00e0 franchir les Alpes, en mai 1800, \u00e0 la t\u00eate de 40\u00a0000 hommes. Cette \u00e9pop\u00e9e, objet d\u2019un c\u00e9l\u00e8bre tableau de propagande montrant le futur empereur sur un cheval cabr\u00e9, a \u00e9t\u00e9 minutieusement pr\u00e9par\u00e9e par Bonaparte &#8211; qui chevauchait en fait un mulet, animal plus \u00e0 l\u2019aise \u00e0 2000 m\u00e8tres d\u2019altitude.<\/p><p style=\"text-align: left;\">Napol\u00e9on avait lu, lors de ses \u00e9tudes \u00e0 l\u2019\u00c9cole militaire au milieu des ann\u00e9es 1780, les \u00ab\u00a0Principes de la guerre de montagnes\u00a0\u00bb du lieutenant-g\u00e9n\u00e9ral Pierre-Joseph de Bourcet, publi\u00e9s en 1775. N\u00e9 dans un village alpin, Bourcet a men\u00e9 plusieurs campagnes en montagne et pass\u00e9 des ann\u00e9es \u00e0 dresser la premi\u00e8re cartographie militaire des Alpes. Sa m\u00e9thode d\u00e9bute ainsi\u00a0: par l\u2019analyse du terrain. Dans ce livre dont certaines notions sont toujours enseign\u00e9es aujourd\u2019hui, Bourcet th\u00e9orise positions et ordres de marche, et propose m\u00eame une campagne fictive, anc\u00eatre des <em>wargames<\/em> contemporains.<\/p>\t\t\t\t\t\t\t\t<\/div>\n\t\t\t\t<\/div>\n\t\t\t\t<\/div>\n\t\t\t\t<\/div>\n\t\t<div data-particle_enable=\"false\" data-particle-mobile-disabled=\"false\" class=\"elementor-element elementor-element-aa035fe e-con-full e-flex e-con e-parent\" data-id=\"aa035fe\" data-element_type=\"container\" data-e-type=\"container\">\n\t\t\t\t<div class=\"elementor-element elementor-element-4bfc896 elementor-widget elementor-widget-heading\" data-id=\"4bfc896\" data-element_type=\"widget\" data-e-type=\"widget\" data-widget_type=\"heading.default\">\n\t\t\t\t<div class=\"elementor-widget-container\">\n\t\t\t\t\t<h2 class=\"elementor-heading-title elementor-size-default\">\u00ab PARMI LES PLUS DIFFICILES DES OP\u00c9RATIONS MILITAIRES \u00bb<\/h2>\t\t\t\t<\/div>\n\t\t\t\t<\/div>\n\t\t\t\t<div class=\"elementor-element elementor-element-682eb11 elementor-widget-divider--view-line elementor-widget elementor-widget-divider\" data-id=\"682eb11\" data-element_type=\"widget\" data-e-type=\"widget\" data-widget_type=\"divider.default\">\n\t\t\t\t<div class=\"elementor-widget-container\">\n\t\t\t\t\t\t\t<div class=\"elementor-divider\">\n\t\t\t<span class=\"elementor-divider-separator\">\n\t\t\t\t\t\t<\/span>\n\t\t<\/div>\n\t\t\t\t\t\t<\/div>\n\t\t\t\t<\/div>\n\t\t<div data-particle_enable=\"false\" data-particle-mobile-disabled=\"false\" class=\"elementor-element elementor-element-fe961bb e-con-full e-flex e-con e-child\" data-id=\"fe961bb\" data-element_type=\"container\" data-e-type=\"container\">\n\t\t\t\t<div class=\"elementor-element elementor-element-581058e elementor-widget elementor-widget-text-editor\" data-id=\"581058e\" data-element_type=\"widget\" data-e-type=\"widget\" data-widget_type=\"text-editor.default\">\n\t\t\t\t<div class=\"elementor-widget-container\">\n\t\t\t\t\t\t\t\t\t<p style=\"text-align: left;\">Les grands strat\u00e9gistes suivants, comme Clausewitz ou Jomini, \u00e9criront aussi longuement sur la guerre en montagne. \u00c9tudiant \u00e0 son tour le combat dans les Alpes,\u00a0le g\u00e9n\u00e9ral autrichien du XIX<sup>e<\/sup> si\u00e8cle Franz Kuhn von Kuhnenfeld estime\u00a0que \u00ab\u00a0l\u2019attaque et la d\u00e9fense d\u2019un pays de montagnes doivent \u00eatre class\u00e9es parmi les plus difficiles des op\u00e9rations militaires\u00a0\u00bb.<\/p><p style=\"text-align: left;\">En France, l\u2019ouvrage le plus r\u00e9cent sur la question est \u00ab\u00a0Guerre en montagne\u00a0\u00bb (\u00c9ditions Economica, 2020), des g\u00e9n\u00e9raux Herv\u00e9 de Courr\u00e8ges, Pierre-Joseph Givre et Nicolas Le Nen. Ils y d\u00e9taillent six principes tactiques de la guerre dans ce milieu, qui montrent \u00e0 la fois l\u2019engagement physique et moral n\u00e9cessaire et les risques et avantages de la verticalit\u00e9\u00a0:<\/p><ol style=\"text-align: left;\"><li>La pr\u00e9paration aux conditions de l\u2019engagement\u00a0: aguerrir les corps et former les esprits pour vaincre le milieu<\/li><li>L\u2019ubiquit\u00e9\u00a0: sid\u00e9rer l\u2019ennemi par une menace tous azimuts<\/li><li>L\u2019opportunisme\u00a0: provoquer des opportunit\u00e9s dans un milieu r\u00e9v\u00e9lateur<\/li><li>La domination du champ de bataille\u00a0: qui tient les hauts exploite par les bas\u2026 qui ne tient pas les bas perd les hauts<\/li><li>La compl\u00e9mentarit\u00e9 des feux\u00a0: dresser contre l\u2019ennemi une matrice de feux<\/li><li>Le si\u00e8ge de l\u2019ennemi\u00a0: mener la guerre contre les voies de communication de l\u2019ennemi.<\/li><\/ol>\t\t\t\t\t\t\t\t<\/div>\n\t\t\t\t<\/div>\n\t\t\t\t<div class=\"elementor-element elementor-element-2846052 elementor-widget elementor-widget-text-editor\" data-id=\"2846052\" data-element_type=\"widget\" data-e-type=\"widget\" data-widget_type=\"text-editor.default\">\n\t\t\t\t<div class=\"elementor-widget-container\">\n\t\t\t\t\t\t\t\t\t<p style=\"text-align: left;\">\u00ab\u00a0La montagne est autant l\u2019alli\u00e9e des forts qu\u2019elle est l\u2019ennemie des faibles\u00a0\u00bb, souligne le g\u00e9n\u00e9ral de Courr\u00e8ges, form\u00e9 notamment \u00e0 l\u2019\u00c9cole militaire de haute montagne de Chamonix, ancien chef de corps du 4<sup>e\u00a0<\/sup>r\u00e9giment de chasseurs de Gap (Hautes-Alpes) et ancien commandant de la 27<sup>e<\/sup>\u00a0brigade d\u2019infanterie de montagne.<\/p>\t\t\t\t\t\t\t\t<\/div>\n\t\t\t\t<\/div>\n\t\t\t\t<\/div>\n\t\t\t\t<\/div>\n\t\t<div data-particle_enable=\"false\" data-particle-mobile-disabled=\"false\" class=\"elementor-element elementor-element-1bc2fe0 e-con-full e-flex e-con e-parent\" data-id=\"1bc2fe0\" data-element_type=\"container\" data-e-type=\"container\">\n\t\t\t\t<div class=\"elementor-element elementor-element-3432774 elementor-widget elementor-widget-heading\" data-id=\"3432774\" data-element_type=\"widget\" data-e-type=\"widget\" data-widget_type=\"heading.default\">\n\t\t\t\t<div class=\"elementor-widget-container\">\n\t\t\t\t\t<h2 class=\"elementor-heading-title elementor-size-default\">LA \u00ab TYRANNIE \u00bb \u00c9GALISATRICE DU MILIEU MONTAGNEUX<\/h2>\t\t\t\t<\/div>\n\t\t\t\t<\/div>\n\t\t\t\t<div class=\"elementor-element elementor-element-cb18c3c elementor-widget-divider--view-line elementor-widget elementor-widget-divider\" data-id=\"cb18c3c\" data-element_type=\"widget\" data-e-type=\"widget\" data-widget_type=\"divider.default\">\n\t\t\t\t<div class=\"elementor-widget-container\">\n\t\t\t\t\t\t\t<div class=\"elementor-divider\">\n\t\t\t<span class=\"elementor-divider-separator\">\n\t\t\t\t\t\t<\/span>\n\t\t<\/div>\n\t\t\t\t\t\t<\/div>\n\t\t\t\t<\/div>\n\t\t<div data-particle_enable=\"false\" data-particle-mobile-disabled=\"false\" class=\"elementor-element elementor-element-22fdc3b e-con-full e-flex e-con e-child\" data-id=\"22fdc3b\" data-element_type=\"container\" data-e-type=\"container\">\n\t\t\t\t<div class=\"elementor-element elementor-element-f3c7534 elementor-widget elementor-widget-text-editor\" data-id=\"f3c7534\" data-element_type=\"widget\" data-e-type=\"widget\" data-widget_type=\"text-editor.default\">\n\t\t\t\t<div class=\"elementor-widget-container\">\n\t\t\t\t\t\t\t\t\t<p style=\"text-align: left;\">L\u2019actuel directeur de l\u2019IHEDN ajoute que \u00ab\u00a0quels que soient leur nature, leur niveau technologique et leurs modes d\u2019action, les forces arm\u00e9es engag\u00e9es en terrain montagneux subissent immanquablement la \u00ab\u00a0tyrannie\u00a0\u00bb \u00e9galisatrice d\u2019un milieu aux sp\u00e9cificit\u00e9s immuables\u00a0\u00bb. Mais en appliquant les six principes cit\u00e9s plus haut, la montagne \u00ab\u00a0devient au contraire un alli\u00e9, v\u00e9ritable d\u00e9multiplicateur d\u2019efficacit\u00e9\u00a0\u00bb.<\/p><p style=\"text-align: left;\">Deux combats de la campagne des Alpes livr\u00e9s il y a tout juste 80 ans montrent bien cela\u00a0: ceux du Roc Noir et du Roc de Belleface. Le 27 mars 1945, les soldats du 13<sup>e<\/sup> bataillon de chasseurs alpins (13<sup>e<\/sup> BCA) doivent reprendre \u00e0 l\u2019ennemi germano-italien les fortifications du Roc Noir, culminant \u00e0 2342 m\u00e8tres d\u2019altitude. Ils lancent l\u2019offensive malgr\u00e9 le brouillard, apr\u00e8s une pr\u00e9paration d\u2019artillerie. Autour du roc, une compagnie s\u2019\u00e9lance au corps \u00e0 corps dans les tranch\u00e9es adverses, pendant qu\u2019un d\u00e9tachement fait diversion en gravissant une montagne proche. La victoire est obtenue apr\u00e8s une semaine de combats acharn\u00e9s.<\/p><p style=\"text-align: left;\">Les combats du Roc de Belleface, livr\u00e9s une semaine plus tard dans cette m\u00eame vall\u00e9e de la Tarentaise, sont embl\u00e9matiques pour un autre bataillon de chasseurs alpins, le 7<sup>e<\/sup> BCA. Haute de 2857 m\u00e8tres, cette montagne est indispensable pour bien observer le dispositif ennemi dans le secteur. Une premi\u00e8re section d\u2019\u00e9claireurs skieurs contourne d\u2019abord le roc par le nord avant de gravir sa pente glac\u00e9e \u00e0 45\u00b0. Pendant ce temps, une section de combat lance l\u2019assaut c\u00f4t\u00e9 sud-est. La prise quasi simultan\u00e9e de ces deux monts permet de lib\u00e9rer le col du Petit-Saint-Bernard, voie de communication majeure, et donc une grande partie de la Savoie, au prix de 90 morts fran\u00e7ais<a href=\"#_ftn1\" name=\"_ftnref1\"><sup>[1]<\/sup><\/a>.<\/p>\t\t\t\t\t\t\t\t<\/div>\n\t\t\t\t<\/div>\n\t\t\t\t<\/div>\n\t\t\t\t<\/div>\n\t\t<div data-particle_enable=\"false\" data-particle-mobile-disabled=\"false\" class=\"elementor-element elementor-element-81b84a6 e-con-full e-flex e-con e-parent\" data-id=\"81b84a6\" data-element_type=\"container\" data-e-type=\"container\">\n\t\t\t\t<div class=\"elementor-element elementor-element-41531ba elementor-widget elementor-widget-heading\" data-id=\"41531ba\" data-element_type=\"widget\" data-e-type=\"widget\" data-widget_type=\"heading.default\">\n\t\t\t\t<div class=\"elementor-widget-container\">\n\t\t\t\t\t<h2 class=\"elementor-heading-title elementor-size-default\">QUAND LES TEMP\u00c9RATURES TUENT PLUS DE SOLDATS QUE LES COMBATS<\/h2>\t\t\t\t<\/div>\n\t\t\t\t<\/div>\n\t\t\t\t<div class=\"elementor-element elementor-element-cfcac81 elementor-widget-divider--view-line elementor-widget elementor-widget-divider\" data-id=\"cfcac81\" data-element_type=\"widget\" data-e-type=\"widget\" data-widget_type=\"divider.default\">\n\t\t\t\t<div class=\"elementor-widget-container\">\n\t\t\t\t\t\t\t<div class=\"elementor-divider\">\n\t\t\t<span class=\"elementor-divider-separator\">\n\t\t\t\t\t\t<\/span>\n\t\t<\/div>\n\t\t\t\t\t\t<\/div>\n\t\t\t\t<\/div>\n\t\t<div data-particle_enable=\"false\" data-particle-mobile-disabled=\"false\" class=\"elementor-element elementor-element-b747f27 e-con-full e-flex e-con e-child\" data-id=\"b747f27\" data-element_type=\"container\" data-e-type=\"container\">\n\t\t\t\t<div class=\"elementor-element elementor-element-0a8826e elementor-widget elementor-widget-text-editor\" data-id=\"0a8826e\" data-element_type=\"widget\" data-e-type=\"widget\" data-widget_type=\"text-editor.default\">\n\t\t\t\t<div class=\"elementor-widget-container\">\n\t\t\t\t\t\t\t\t\t<p style=\"text-align: left;\">En montagne, une mauvaise pr\u00e9paration des troupes et une m\u00e9connaissance du terrain peuvent avoir des effets d\u00e9sastreux. Lors de la bataille du r\u00e9servoir de Chosin, livr\u00e9e en novembre-d\u00e9cembre 1950 dans une r\u00e9gion montagneuse pendant la guerre de Cor\u00e9e, les temp\u00e9ratures glaciales ont caus\u00e9 au moins autant de pertes hors combat que les affrontements directs. Pendant 17 jours, quelque 30 000 soldats de l\u2019ONU (am\u00e9ricains, britanniques et sud-cor\u00e9ens) r\u00e9sistent face \u00e0 environ 120 000 adversaires de la Chine communiste qui les encerclent. La plupart des troupes onusiennes r\u00e9ussissent \u00e0 s\u2019enfuir, mais de 40 000 \u00e0 60 000 soldats selon les estimations, aux trois quarts chinois, sont bless\u00e9s ou morts de froid, alors que les combats ont fait de 8000 \u00e0 20 000 morts, et 20 000 bless\u00e9s.<\/p><p style=\"text-align: left;\">Contrairement aux principes de la guerre en plaine, ceux de la guerre en montagne ont peu \u00e9volu\u00e9 depuis le milieu du XVIII<sup>e<\/sup> si\u00e8cle, qui a vu l\u2019apparition d\u2019armes \u00e0 feu performantes. \u00ab\u00a0C\u2019est avant tout parce qu\u2019ils r\u00e9sultent des contraintes du milieu\u00a0\u00bb, explique le g\u00e9n\u00e9ral de Courr\u00e8ges. \u00ab\u00a0Certes, les progr\u00e8s technologiques dans les domaines de l\u2019armement, des communications, du renseignement ou des transports tactiques rendent plus ais\u00e9es les man\u0153uvres en montagne.\u00a0\u00bb<\/p><p style=\"text-align: left;\">On l\u2019a constat\u00e9 en 2020 pendant la seconde guerre du Haut-Karabagh, o\u00f9 les drones de l\u2019arm\u00e9e azerba\u00efdjanaise lui ont permis d\u2019affaiblir fortement la d\u00e9fense antia\u00e9rienne arm\u00e9nienne, malgr\u00e9 les reliefs de la cha\u00eene de Mourovdag. Mais \u00e0 l\u2019heure actuelle, ces progr\u00e8s \u00ab\u00a0n\u2019ont pas pour autant transform\u00e9 fondamentalement les principes de la guerre en montagne\u00a0\u00bb, conclut le g\u00e9n\u00e9ral de Courr\u00e8ges.<\/p>\t\t\t\t\t\t\t\t<\/div>\n\t\t\t\t<\/div>\n\t\t\t\t<div class=\"elementor-element elementor-element-072f9c1 elementor-widget elementor-widget-text-editor\" data-id=\"072f9c1\" data-element_type=\"widget\" data-e-type=\"widget\" data-widget_type=\"text-editor.default\">\n\t\t\t\t<div class=\"elementor-widget-container\">\n\t\t\t\t\t\t\t\t\t<p style=\"text-align: left;\"><a href=\"#_ftnref1\" name=\"_ftn1\">[1]<\/a> Les combats du Roc Noir et ceux du Roc de Belleface sont \u00e9voqu\u00e9s <a href=\"https:\/\/www.memoire-des-alpins.com\/historique-des-troupes-alpines\/1944-1945-2\/bataille-des-alpes\/tarentaise\/\" target=\"_blank\" rel=\"noopener\">par le site M\u00e9moire des Alpins<\/a> et, \u00e0 l\u2019occasion des comm\u00e9morations de leur 80<sup>e<\/sup> anniversaire, dans la revue \u00ab\u00a0Soldats de Montagne\u00a0\u00bb de la F\u00e9d\u00e9ration des soldats de montagne, n\u00b023, hiver 2025.<\/p>\t\t\t\t\t\t\t\t<\/div>\n\t\t\t\t<\/div>\n\t\t\t\t<\/div>\n\t\t\t\t<\/div>\n\t\t<div data-particle_enable=\"false\" data-particle-mobile-disabled=\"false\" class=\"elementor-element elementor-element-f3984f5 e-con-full e-flex e-con e-parent\" data-id=\"f3984f5\" data-element_type=\"container\" data-e-type=\"container\">\n\t\t\t\t<div class=\"elementor-element elementor-element-dc66110 elementor-widget-divider--view-line elementor-widget elementor-widget-divider\" data-id=\"dc66110\" data-element_type=\"widget\" data-e-type=\"widget\" data-widget_type=\"divider.default\">\n\t\t\t\t<div class=\"elementor-widget-container\">\n\t\t\t\t\t\t\t<div class=\"elementor-divider\">\n\t\t\t<span class=\"elementor-divider-separator\">\n\t\t\t\t\t\t<\/span>\n\t\t<\/div>\n\t\t\t\t\t\t<\/div>\n\t\t\t\t<\/div>\n\t\t<div data-particle_enable=\"false\" data-particle-mobile-disabled=\"false\" class=\"elementor-element elementor-element-0cfc1cf e-con-full e-flex e-con e-child\" data-id=\"0cfc1cf\" data-element_type=\"container\" data-e-type=\"container\">\n\t\t\t\t<div class=\"elementor-element elementor-element-fb464e5 elementor-widget elementor-widget-text-editor\" data-id=\"fb464e5\" data-element_type=\"widget\" data-e-type=\"widget\" data-widget_type=\"text-editor.default\">\n\t\t\t\t<div class=\"elementor-widget-container\">\n\t\t\t\t\t\t\t\t\t<p style=\"text-align: left;\"><strong>Pour en savoir plus<\/strong><\/p><p style=\"text-align: left;\">G\u00e9n\u00e9ral Herv\u00e9 de Courr\u00e8ges, g\u00e9n\u00e9ral Pierre-Joseph Givre, g\u00e9n\u00e9ral Nicolas Le Nen\u00a0: \u00ab\u00a0Guerre en montagne\u00a0\u00bb, 3<sup>e<\/sup> \u00e9dition, Economica, 2020<\/p>\t\t\t\t\t\t\t\t<\/div>\n\t\t\t\t<\/div>\n\t\t\t\t<\/div>\n\t\t\t\t<\/div>\n\t\t<div data-particle_enable=\"false\" data-particle-mobile-disabled=\"false\" class=\"elementor-element elementor-element-3dbf040 e-flex e-con-boxed e-con e-parent\" data-id=\"3dbf040\" data-element_type=\"container\" data-e-type=\"container\" data-settings=\"{&quot;position&quot;:&quot;absolute&quot;}\">\n\t\t\t\t\t<div class=\"e-con-inner\">\n\t\t\t\t<div class=\"elementor-element elementor-element-ad73df8 elementor-widget elementor-widget-text-editor\" data-id=\"ad73df8\" data-element_type=\"widget\" data-e-type=\"widget\" data-widget_type=\"text-editor.default\">\n\t\t\t\t<div class=\"elementor-widget-container\">\n\t\t\t\t\t\t\t\t\t<p style=\"text-align: right;\">Cr\u00e9dit\u00a0:\u00a0 \u00a9Jeremy BESSAT\/arm\u00e9e de Terre\/D\u00e9fense<\/p>\t\t\t\t\t\t\t\t<\/div>\n\t\t\t\t<\/div>\n\t\t\t\t\t<\/div>\n\t\t\t\t<\/div>\n\t\t\t\t<\/div>\n\t\t","protected":false},"excerpt":{"rendered":"<p>Rugged, compartmentalised terrain, the dangers of verticality, extreme climatic conditions... Focus on this very specific combat terrain, through emblematic campaigns and the insights of General Herv\u00e9 de Courr\u00e8ges, co-author of a reference work.<\/p>","protected":false},"author":10,"featured_media":53737,"comment_status":"closed","ping_status":"closed","sticky":false,"template":"","format":"standard","meta":{"footnotes":""},"categories":[207,41,171],"tags":[],"class_list":["post-53735","post","type-post","status-publish","format-standard","has-post-thumbnail","hentry","category-defense-militaire","category-lundis-de-lihedn","category-notre-selection"],"yoast_head":"<!-- This site is optimized with the Yoast SEO plugin v27.5 - https:\/\/yoast.com\/product\/yoast-seo-wordpress\/ -->\n<title>Guerre en montagne : le champ de bataille le plus hostile - L&#039;IHEDN : Institut des hautes \u00e9tudes de d\u00e9fense nationale<\/title>\n<meta name=\"description\" content=\"Relief accident\u00e9 et cloisonn\u00e9, dangers de la verticalit\u00e9, conditions climatiques extr\u00eames\u2026 Focus sur ce terrain de combat tr\u00e8s sp\u00e9cifique, \u00e0 travers des campagnes embl\u00e9matiques et les \u00e9clairages du g\u00e9n\u00e9ral Herv\u00e9 de Courr\u00e8ges, co-auteur d\u2019un ouvrage de r\u00e9f\u00e9rence.\" \/>\n<meta name=\"robots\" content=\"index, follow, max-snippet:-1, max-image-preview:large, max-video-preview:-1\" \/>\n<link rel=\"canonical\" href=\"https:\/\/ihedn.fr\/en\/notre-selection\/guerre-en-montagne-le-champ-de-bataille-le-plus-hostile\/\" \/>\n<meta property=\"og:locale\" content=\"en_GB\" \/>\n<meta property=\"og:type\" content=\"article\" \/>\n<meta property=\"og:title\" content=\"Guerre en montagne : le champ de bataille le plus hostile\" \/>\n<meta property=\"og:description\" content=\"Relief accident\u00e9 et cloisonn\u00e9, dangers de la verticalit\u00e9, conditions climatiques extr\u00eames\u2026 Focus sur ce terrain de combat tr\u00e8s sp\u00e9cifique, \u00e0 travers des campagnes embl\u00e9matiques et les \u00e9clairages du g\u00e9n\u00e9ral Herv\u00e9 de Courr\u00e8ges, co-auteur d\u2019un ouvrage de r\u00e9f\u00e9rence.\" \/>\n<meta property=\"og:url\" content=\"https:\/\/ihedn.fr\/en\/notre-selection\/guerre-en-montagne-le-champ-de-bataille-le-plus-hostile\/\" \/>\n<meta property=\"og:site_name\" content=\"L&#039;IHEDN : Institut des hautes \u00e9tudes de d\u00e9fense nationale\" \/>\n<meta property=\"article:publisher\" content=\"https:\/\/www.facebook.com\/ihedn\/\" \/>\n<meta property=\"article:published_time\" content=\"2025-04-14T13:55:13+00:00\" \/>\n<meta property=\"article:modified_time\" content=\"2025-09-03T12:46:35+00:00\" \/>\n<meta property=\"og:image\" content=\"https:\/\/ihedn.fr\/wp-content\/uploads\/2025\/04\/LIH_14_04_2025_Site_internet.jpg\" \/>\n\t<meta property=\"og:image:width\" content=\"1920\" \/>\n\t<meta property=\"og:image:height\" content=\"1080\" \/>\n\t<meta property=\"og:image:type\" content=\"image\/jpeg\" \/>\n<meta name=\"author\" content=\"tanguy.morel@ihedn.fr\" \/>\n<meta name=\"twitter:card\" content=\"summary_large_image\" \/>\n<meta name=\"twitter:title\" content=\"Guerre en montagne : le champ de bataille le plus hostile\" \/>\n<meta name=\"twitter:description\" content=\"Relief accident\u00e9 et cloisonn\u00e9, dangers de la verticalit\u00e9, conditions climatiques extr\u00eames\u2026 Focus sur ce terrain de combat tr\u00e8s sp\u00e9cifique, \u00e0 travers des campagnes embl\u00e9matiques et les \u00e9clairages du g\u00e9n\u00e9ral Herv\u00e9 de Courr\u00e8ges, co-auteur d\u2019un ouvrage de r\u00e9f\u00e9rence.\" \/>\n<meta name=\"twitter:image\" content=\"https:\/\/ihedn.fr\/wp-content\/uploads\/2025\/04\/LIH_14_04_2025_Site_internet.jpg\" \/>\n<meta name=\"twitter:creator\" content=\"@IHEDN\" \/>\n<meta name=\"twitter:site\" content=\"@IHEDN\" \/>\n<meta name=\"twitter:label1\" content=\"Written by\" \/>\n\t<meta name=\"twitter:data1\" content=\"tanguy.morel@ihedn.fr\" \/>\n\t<meta name=\"twitter:label2\" content=\"Estimated reading time\" \/>\n\t<meta name=\"twitter:data2\" content=\"7 minutes\" \/>\n<script type=\"application\/ld+json\" class=\"yoast-schema-graph\">{\"@context\":\"https:\\\/\\\/schema.org\",\"@graph\":[{\"@type\":\"Article\",\"@id\":\"https:\\\/\\\/ihedn.fr\\\/notre-selection\\\/guerre-en-montagne-le-champ-de-bataille-le-plus-hostile\\\/#article\",\"isPartOf\":{\"@id\":\"https:\\\/\\\/ihedn.fr\\\/notre-selection\\\/guerre-en-montagne-le-champ-de-bataille-le-plus-hostile\\\/\"},\"author\":{\"name\":\"tanguy.morel@ihedn.fr\",\"@id\":\"https:\\\/\\\/ihedn.fr\\\/#\\\/schema\\\/person\\\/ed217a37104b27a246b200e65b827cc7\"},\"headline\":\"Guerre en montagne : le champ de bataille le plus hostile\",\"datePublished\":\"2025-04-14T13:55:13+00:00\",\"dateModified\":\"2025-09-03T12:46:35+00:00\",\"mainEntityOfPage\":{\"@id\":\"https:\\\/\\\/ihedn.fr\\\/notre-selection\\\/guerre-en-montagne-le-champ-de-bataille-le-plus-hostile\\\/\"},\"wordCount\":1434,\"publisher\":{\"@id\":\"https:\\\/\\\/ihedn.fr\\\/#organization\"},\"image\":{\"@id\":\"https:\\\/\\\/ihedn.fr\\\/notre-selection\\\/guerre-en-montagne-le-champ-de-bataille-le-plus-hostile\\\/#primaryimage\"},\"thumbnailUrl\":\"https:\\\/\\\/ihedn.fr\\\/wp-content\\\/uploads\\\/2025\\\/04\\\/LIH_14_04_2025_Site_internet.jpg\",\"articleSection\":[\"d\u00e9fense militaire\",\"Lundis de l'IHEDN\",\"Notre s\u00e9lection\"],\"inLanguage\":\"en-GB\"},{\"@type\":\"WebPage\",\"@id\":\"https:\\\/\\\/ihedn.fr\\\/notre-selection\\\/guerre-en-montagne-le-champ-de-bataille-le-plus-hostile\\\/\",\"url\":\"https:\\\/\\\/ihedn.fr\\\/notre-selection\\\/guerre-en-montagne-le-champ-de-bataille-le-plus-hostile\\\/\",\"name\":\"Guerre en montagne : le champ de bataille le plus hostile - L&#039;IHEDN : Institut des hautes \u00e9tudes de d\u00e9fense nationale\",\"isPartOf\":{\"@id\":\"https:\\\/\\\/ihedn.fr\\\/#website\"},\"primaryImageOfPage\":{\"@id\":\"https:\\\/\\\/ihedn.fr\\\/notre-selection\\\/guerre-en-montagne-le-champ-de-bataille-le-plus-hostile\\\/#primaryimage\"},\"image\":{\"@id\":\"https:\\\/\\\/ihedn.fr\\\/notre-selection\\\/guerre-en-montagne-le-champ-de-bataille-le-plus-hostile\\\/#primaryimage\"},\"thumbnailUrl\":\"https:\\\/\\\/ihedn.fr\\\/wp-content\\\/uploads\\\/2025\\\/04\\\/LIH_14_04_2025_Site_internet.jpg\",\"datePublished\":\"2025-04-14T13:55:13+00:00\",\"dateModified\":\"2025-09-03T12:46:35+00:00\",\"description\":\"Relief accident\u00e9 et cloisonn\u00e9, dangers de la verticalit\u00e9, conditions climatiques extr\u00eames\u2026 Focus sur ce terrain de combat tr\u00e8s sp\u00e9cifique, \u00e0 travers des campagnes embl\u00e9matiques et les \u00e9clairages du g\u00e9n\u00e9ral Herv\u00e9 de Courr\u00e8ges, co-auteur d\u2019un ouvrage de r\u00e9f\u00e9rence.\",\"breadcrumb\":{\"@id\":\"https:\\\/\\\/ihedn.fr\\\/notre-selection\\\/guerre-en-montagne-le-champ-de-bataille-le-plus-hostile\\\/#breadcrumb\"},\"inLanguage\":\"en-GB\",\"potentialAction\":[{\"@type\":\"ReadAction\",\"target\":[\"https:\\\/\\\/ihedn.fr\\\/notre-selection\\\/guerre-en-montagne-le-champ-de-bataille-le-plus-hostile\\\/\"]}]},{\"@type\":\"ImageObject\",\"inLanguage\":\"en-GB\",\"@id\":\"https:\\\/\\\/ihedn.fr\\\/notre-selection\\\/guerre-en-montagne-le-champ-de-bataille-le-plus-hostile\\\/#primaryimage\",\"url\":\"https:\\\/\\\/ihedn.fr\\\/wp-content\\\/uploads\\\/2025\\\/04\\\/LIH_14_04_2025_Site_internet.jpg\",\"contentUrl\":\"https:\\\/\\\/ihedn.fr\\\/wp-content\\\/uploads\\\/2025\\\/04\\\/LIH_14_04_2025_Site_internet.jpg\",\"width\":1920,\"height\":1080,\"caption\":\"Chasseurs alpins en montagne | Lundis de l'IHEDN Guerre en montagne : le champ de bataille le plus hostile\"},{\"@type\":\"BreadcrumbList\",\"@id\":\"https:\\\/\\\/ihedn.fr\\\/notre-selection\\\/guerre-en-montagne-le-champ-de-bataille-le-plus-hostile\\\/#breadcrumb\",\"itemListElement\":[{\"@type\":\"ListItem\",\"position\":1,\"name\":\"Accueil\",\"item\":\"https:\\\/\\\/ihedn.fr\\\/\"},{\"@type\":\"ListItem\",\"position\":2,\"name\":\"Guerre en montagne : le champ de bataille le plus hostile\"}]},{\"@type\":\"WebSite\",\"@id\":\"https:\\\/\\\/ihedn.fr\\\/#website\",\"url\":\"https:\\\/\\\/ihedn.fr\\\/\",\"name\":\"IHEDN : Institut des hautes \u00e9tudes de d\u00e9fense nationale |\",\"description\":\"Site officiel de l&#039;IHEDN plac\u00e9 sous la tutelle du Premier ministre.\",\"publisher\":{\"@id\":\"https:\\\/\\\/ihedn.fr\\\/#organization\"},\"potentialAction\":[{\"@type\":\"SearchAction\",\"target\":{\"@type\":\"EntryPoint\",\"urlTemplate\":\"https:\\\/\\\/ihedn.fr\\\/?s={search_term_string}\"},\"query-input\":{\"@type\":\"PropertyValueSpecification\",\"valueRequired\":true,\"valueName\":\"search_term_string\"}}],\"inLanguage\":\"en-GB\"},{\"@type\":\"Organization\",\"@id\":\"https:\\\/\\\/ihedn.fr\\\/#organization\",\"name\":\"IHEDN - Institut des Hautes Etudes de D\u00e9fense Nationale\",\"url\":\"https:\\\/\\\/ihedn.fr\\\/\",\"logo\":{\"@type\":\"ImageObject\",\"inLanguage\":\"en-GB\",\"@id\":\"https:\\\/\\\/ihedn.fr\\\/#\\\/schema\\\/logo\\\/image\\\/\",\"url\":\"https:\\\/\\\/ihedn.fr\\\/wp-content\\\/uploads\\\/2020\\\/11\\\/BLOC_RF_IHEDN_WEB.png\",\"contentUrl\":\"https:\\\/\\\/ihedn.fr\\\/wp-content\\\/uploads\\\/2020\\\/11\\\/BLOC_RF_IHEDN_WEB.png\",\"width\":500,\"height\":237,\"caption\":\"IHEDN - Institut des Hautes Etudes de D\u00e9fense Nationale\"},\"image\":{\"@id\":\"https:\\\/\\\/ihedn.fr\\\/#\\\/schema\\\/logo\\\/image\\\/\"},\"sameAs\":[\"https:\\\/\\\/www.facebook.com\\\/ihedn\\\/\",\"https:\\\/\\\/x.com\\\/IHEDN\",\"https:\\\/\\\/www.instagram.com\\\/ihedn\\\/\",\"https:\\\/\\\/www.linkedin.com\\\/school\\\/ihedn\\\/\",\"https:\\\/\\\/fr.wikipedia.org\\\/wiki\\\/Institut_des_hautes_\u00e9tudes_de_D\u00e9fense_nationale\"]},{\"@type\":\"Person\",\"@id\":\"https:\\\/\\\/ihedn.fr\\\/#\\\/schema\\\/person\\\/ed217a37104b27a246b200e65b827cc7\",\"name\":\"tanguy.morel@ihedn.fr\",\"image\":{\"@type\":\"ImageObject\",\"inLanguage\":\"en-GB\",\"@id\":\"https:\\\/\\\/secure.gravatar.com\\\/avatar\\\/36877cd30919fafddf1f9da45f4154aa468a64328452f2ceaff0968772207348?s=96&d=mm&r=g\",\"url\":\"https:\\\/\\\/secure.gravatar.com\\\/avatar\\\/36877cd30919fafddf1f9da45f4154aa468a64328452f2ceaff0968772207348?s=96&d=mm&r=g\",\"contentUrl\":\"https:\\\/\\\/secure.gravatar.com\\\/avatar\\\/36877cd30919fafddf1f9da45f4154aa468a64328452f2ceaff0968772207348?s=96&d=mm&r=g\",\"caption\":\"tanguy.morel@ihedn.fr\"},\"url\":\"https:\\\/\\\/ihedn.fr\\\/en\\\/author\\\/tanguy-morelihedn-fr\\\/\"}]}<\/script>\n<!-- \/ Yoast SEO plugin. -->","yoast_head_json":{"title":"Mountain warfare: the most hostile battlefield - IHEDN : Institut des hautes \u00e9tudes de d\u00e9fense nationale (Graduate Institute of National Defence)","description":"Rugged, compartmentalised terrain, the dangers of verticality, extreme climatic conditions... Focus on this very specific combat terrain, through emblematic campaigns and the insights of General Herv\u00e9 de Courr\u00e8ges, co-author of a reference work.","robots":{"index":"index","follow":"follow","max-snippet":"max-snippet:-1","max-image-preview":"max-image-preview:large","max-video-preview":"max-video-preview:-1"},"canonical":"https:\/\/ihedn.fr\/en\/notre-selection\/guerre-en-montagne-le-champ-de-bataille-le-plus-hostile\/","og_locale":"en_GB","og_type":"article","og_title":"Guerre en montagne : le champ de bataille le plus hostile","og_description":"Relief accident\u00e9 et cloisonn\u00e9, dangers de la verticalit\u00e9, conditions climatiques extr\u00eames\u2026 Focus sur ce terrain de combat tr\u00e8s sp\u00e9cifique, \u00e0 travers des campagnes embl\u00e9matiques et les \u00e9clairages du g\u00e9n\u00e9ral Herv\u00e9 de Courr\u00e8ges, co-auteur d\u2019un ouvrage de r\u00e9f\u00e9rence.","og_url":"https:\/\/ihedn.fr\/en\/notre-selection\/guerre-en-montagne-le-champ-de-bataille-le-plus-hostile\/","og_site_name":"L&#039;IHEDN : Institut des hautes \u00e9tudes de d\u00e9fense nationale","article_publisher":"https:\/\/www.facebook.com\/ihedn\/","article_published_time":"2025-04-14T13:55:13+00:00","article_modified_time":"2025-09-03T12:46:35+00:00","og_image":[{"width":1920,"height":1080,"url":"https:\/\/ihedn.fr\/wp-content\/uploads\/2025\/04\/LIH_14_04_2025_Site_internet.jpg","type":"image\/jpeg"}],"author":"tanguy.morel@ihedn.fr","twitter_card":"summary_large_image","twitter_title":"Guerre en montagne : le champ de bataille le plus hostile","twitter_description":"Relief accident\u00e9 et cloisonn\u00e9, dangers de la verticalit\u00e9, conditions climatiques extr\u00eames\u2026 Focus sur ce terrain de combat tr\u00e8s sp\u00e9cifique, \u00e0 travers des campagnes embl\u00e9matiques et les \u00e9clairages du g\u00e9n\u00e9ral Herv\u00e9 de Courr\u00e8ges, co-auteur d\u2019un ouvrage de r\u00e9f\u00e9rence.","twitter_image":"https:\/\/ihedn.fr\/wp-content\/uploads\/2025\/04\/LIH_14_04_2025_Site_internet.jpg","twitter_creator":"@IHEDN","twitter_site":"@IHEDN","twitter_misc":{"Written by":"tanguy.morel@ihedn.fr","Estimated reading time":"7 minutes"},"schema":{"@context":"https:\/\/schema.org","@graph":[{"@type":"Article","@id":"https:\/\/ihedn.fr\/notre-selection\/guerre-en-montagne-le-champ-de-bataille-le-plus-hostile\/#article","isPartOf":{"@id":"https:\/\/ihedn.fr\/notre-selection\/guerre-en-montagne-le-champ-de-bataille-le-plus-hostile\/"},"author":{"name":"tanguy.morel@ihedn.fr","@id":"https:\/\/ihedn.fr\/#\/schema\/person\/ed217a37104b27a246b200e65b827cc7"},"headline":"Guerre en montagne : le champ de bataille le plus hostile","datePublished":"2025-04-14T13:55:13+00:00","dateModified":"2025-09-03T12:46:35+00:00","mainEntityOfPage":{"@id":"https:\/\/ihedn.fr\/notre-selection\/guerre-en-montagne-le-champ-de-bataille-le-plus-hostile\/"},"wordCount":1434,"publisher":{"@id":"https:\/\/ihedn.fr\/#organization"},"image":{"@id":"https:\/\/ihedn.fr\/notre-selection\/guerre-en-montagne-le-champ-de-bataille-le-plus-hostile\/#primaryimage"},"thumbnailUrl":"https:\/\/ihedn.fr\/wp-content\/uploads\/2025\/04\/LIH_14_04_2025_Site_internet.jpg","articleSection":["d\u00e9fense militaire","Lundis de l'IHEDN","Notre s\u00e9lection"],"inLanguage":"en-GB"},{"@type":"WebPage","@id":"https:\/\/ihedn.fr\/notre-selection\/guerre-en-montagne-le-champ-de-bataille-le-plus-hostile\/","url":"https:\/\/ihedn.fr\/notre-selection\/guerre-en-montagne-le-champ-de-bataille-le-plus-hostile\/","name":"Mountain warfare: the most hostile battlefield - IHEDN : Institut des hautes \u00e9tudes de d\u00e9fense nationale (Graduate Institute of National Defence)","isPartOf":{"@id":"https:\/\/ihedn.fr\/#website"},"primaryImageOfPage":{"@id":"https:\/\/ihedn.fr\/notre-selection\/guerre-en-montagne-le-champ-de-bataille-le-plus-hostile\/#primaryimage"},"image":{"@id":"https:\/\/ihedn.fr\/notre-selection\/guerre-en-montagne-le-champ-de-bataille-le-plus-hostile\/#primaryimage"},"thumbnailUrl":"https:\/\/ihedn.fr\/wp-content\/uploads\/2025\/04\/LIH_14_04_2025_Site_internet.jpg","datePublished":"2025-04-14T13:55:13+00:00","dateModified":"2025-09-03T12:46:35+00:00","description":"Rugged, compartmentalised terrain, the dangers of verticality, extreme climatic conditions... Focus on this very specific combat terrain, through emblematic campaigns and the insights of General Herv\u00e9 de Courr\u00e8ges, co-author of a reference work.","breadcrumb":{"@id":"https:\/\/ihedn.fr\/notre-selection\/guerre-en-montagne-le-champ-de-bataille-le-plus-hostile\/#breadcrumb"},"inLanguage":"en-GB","potentialAction":[{"@type":"ReadAction","target":["https:\/\/ihedn.fr\/notre-selection\/guerre-en-montagne-le-champ-de-bataille-le-plus-hostile\/"]}]},{"@type":"ImageObject","inLanguage":"en-GB","@id":"https:\/\/ihedn.fr\/notre-selection\/guerre-en-montagne-le-champ-de-bataille-le-plus-hostile\/#primaryimage","url":"https:\/\/ihedn.fr\/wp-content\/uploads\/2025\/04\/LIH_14_04_2025_Site_internet.jpg","contentUrl":"https:\/\/ihedn.fr\/wp-content\/uploads\/2025\/04\/LIH_14_04_2025_Site_internet.jpg","width":1920,"height":1080,"caption":"Chasseurs alpins en montagne | Lundis de l'IHEDN Guerre en montagne : le champ de bataille le plus hostile"},{"@type":"BreadcrumbList","@id":"https:\/\/ihedn.fr\/notre-selection\/guerre-en-montagne-le-champ-de-bataille-le-plus-hostile\/#breadcrumb","itemListElement":[{"@type":"ListItem","position":1,"name":"Accueil","item":"https:\/\/ihedn.fr\/"},{"@type":"ListItem","position":2,"name":"Guerre en montagne : le champ de bataille le plus hostile"}]},{"@type":"WebSite","@id":"https:\/\/ihedn.fr\/#website","url":"https:\/\/ihedn.fr\/","name":"IHEDN: Institut des hautes \u00e9tudes de d\u00e9fense nationale (Institute for Higher National Defence Studies)","description":"Official website of the IHEDN under the supervision of the Prime Minister.","publisher":{"@id":"https:\/\/ihedn.fr\/#organization"},"potentialAction":[{"@type":"SearchAction","target":{"@type":"EntryPoint","urlTemplate":"https:\/\/ihedn.fr\/?s={search_term_string}"},"query-input":{"@type":"PropertyValueSpecification","valueRequired":true,"valueName":"search_term_string"}}],"inLanguage":"en-GB"},{"@type":"Organization","@id":"https:\/\/ihedn.fr\/#organization","name":"IHEDN - Institute for Higher National Defence Studies","url":"https:\/\/ihedn.fr\/","logo":{"@type":"ImageObject","inLanguage":"en-GB","@id":"https:\/\/ihedn.fr\/#\/schema\/logo\/image\/","url":"https:\/\/ihedn.fr\/wp-content\/uploads\/2020\/11\/BLOC_RF_IHEDN_WEB.png","contentUrl":"https:\/\/ihedn.fr\/wp-content\/uploads\/2020\/11\/BLOC_RF_IHEDN_WEB.png","width":500,"height":237,"caption":"IHEDN - Institut des Hautes Etudes de D\u00e9fense Nationale"},"image":{"@id":"https:\/\/ihedn.fr\/#\/schema\/logo\/image\/"},"sameAs":["https:\/\/www.facebook.com\/ihedn\/","https:\/\/x.com\/IHEDN","https:\/\/www.instagram.com\/ihedn\/","https:\/\/www.linkedin.com\/school\/ihedn\/","https:\/\/fr.wikipedia.org\/wiki\/Institut_des_hautes_\u00e9tudes_de_D\u00e9fense_nationale"]},{"@type":"Person","@id":"https:\/\/ihedn.fr\/#\/schema\/person\/ed217a37104b27a246b200e65b827cc7","name":"tanguy.morel@ihedn.fr","image":{"@type":"ImageObject","inLanguage":"en-GB","@id":"https:\/\/secure.gravatar.com\/avatar\/36877cd30919fafddf1f9da45f4154aa468a64328452f2ceaff0968772207348?s=96&d=mm&r=g","url":"https:\/\/secure.gravatar.com\/avatar\/36877cd30919fafddf1f9da45f4154aa468a64328452f2ceaff0968772207348?s=96&d=mm&r=g","contentUrl":"https:\/\/secure.gravatar.com\/avatar\/36877cd30919fafddf1f9da45f4154aa468a64328452f2ceaff0968772207348?s=96&d=mm&r=g","caption":"tanguy.morel@ihedn.fr"},"url":"https:\/\/ihedn.fr\/en\/author\/tanguy-morelihedn-fr\/"}]}},"publishpress_future_action":{"enabled":false,"date":"2026-05-06 17:19:57","action":"change-status","newStatus":"draft","terms":[],"taxonomy":"category","extraData":[]},"publishpress_future_workflow_manual_trigger":{"enabledWorkflows":[]},"_links":{"self":[{"href":"https:\/\/ihedn.fr\/en\/wp-json\/wp\/v2\/posts\/53735","targetHints":{"allow":["GET"]}}],"collection":[{"href":"https:\/\/ihedn.fr\/en\/wp-json\/wp\/v2\/posts"}],"about":[{"href":"https:\/\/ihedn.fr\/en\/wp-json\/wp\/v2\/types\/post"}],"author":[{"embeddable":true,"href":"https:\/\/ihedn.fr\/en\/wp-json\/wp\/v2\/users\/10"}],"replies":[{"embeddable":true,"href":"https:\/\/ihedn.fr\/en\/wp-json\/wp\/v2\/comments?post=53735"}],"version-history":[{"count":15,"href":"https:\/\/ihedn.fr\/en\/wp-json\/wp\/v2\/posts\/53735\/revisions"}],"predecessor-version":[{"id":53848,"href":"https:\/\/ihedn.fr\/en\/wp-json\/wp\/v2\/posts\/53735\/revisions\/53848"}],"wp:featuredmedia":[{"embeddable":true,"href":"https:\/\/ihedn.fr\/en\/wp-json\/wp\/v2\/media\/53737"}],"wp:attachment":[{"href":"https:\/\/ihedn.fr\/en\/wp-json\/wp\/v2\/media?parent=53735"}],"wp:term":[{"taxonomy":"category","embeddable":true,"href":"https:\/\/ihedn.fr\/en\/wp-json\/wp\/v2\/categories?post=53735"},{"taxonomy":"post_tag","embeddable":true,"href":"https:\/\/ihedn.fr\/en\/wp-json\/wp\/v2\/tags?post=53735"}],"curies":[{"name":"wp","href":"https:\/\/api.w.org\/{rel}","templated":true}]}}